{"id":45879,"date":"2024-10-15T11:45:56","date_gmt":"2024-10-15T14:45:56","guid":{"rendered":"https:\/\/blogdoprosperi.com\/?p=45879"},"modified":"2024-10-15T14:03:51","modified_gmt":"2024-10-15T17:03:51","slug":"brasil-x-peru-selecao-joga-um-convite-ao-diva-do-nosso-futebol","status":"publish","type":"post","link":"https:\/\/blogdoprosperi.com\/?p=45879","title":{"rendered":"Brasil x Peru | Sele\u00e7\u00e3o Joga, um Convite ao Div\u00e3 do Nosso Futebol"},"content":{"rendered":"<p><em>Luiz Ant\u00f4nio Pr\u00f3speri \u2013 15 outubro (11h30)<\/em><\/p>\n<p>J\u00e1 disse mais de uma vez e n\u00e3o custa repetir: Sele\u00e7\u00e3o Brasileira entra em campo, ent\u00e3o vamos ao div\u00e3. Nos \u00faltimos dois anos, todos os jogos do escrete tem sido assim. Por um momento, coisa de 90 minutos e pouco mais, somos obrigados a refletir a respeito do futebol brasileiro. Se a Sele\u00e7\u00e3o joga mal, fato corriqueiro desde o fracasso na Copa do Mundo Qatar 2022, as v\u00edsceras do nosso futebol s\u00e3o expostas. Se o time vai bem, fato rar\u00edssimo hoje em dia, reaparecem os temas de sempre como &#8220;\u00e9 preciso ter paci\u00eancia&#8221;, &#8220;vivemos processo de renova\u00e7\u00e3o&#8221;, &#8216;in\u00edcio de um trabalho&#8221;, por a\u00ed vai a s\u00e9rie de patacoadas. Essa noite de ter\u00e7a-feira n\u00e3o ser\u00e1 diferente. Brasil enfrenta o Peru em Bras\u00edlia valendo pontos na classifica\u00e7\u00e3o das Eliminat\u00f3rias da Copa 2026.<\/p>\n<p><strong>Brasil x Peru \u2013 21h45 \u2013 transmiss\u00e3o ao vivo Globo e SporTV<\/strong><\/p>\n<p>De imediato, a conclus\u00e3o \u00f3bvia. Precisamos derrotar a sele\u00e7\u00e3o peruana para devolver a Sele\u00e7\u00e3o Brasileira ao rio de \u00e1guas calmas. A vit\u00f3ria contra o Chile, no finzinho do jogo na quinta-feira passada, foi como um descarrego. Ufa! Vencemos o Chile, a pior sele\u00e7\u00e3o do continente. Teremos um pouco de paz, confidencia Dorival Junior aos seus agasalhos da CBF.<\/p>\n<p>A verdade \u00e9 que a Sele\u00e7\u00e3o criou um ambiente de tens\u00e3o desde o fim da Copa do Mundo de 2022 por obra da CBF e a incapacidade do t\u00e9cnico de plant\u00e3o, no caso Dorival Junior, de organizar minimamente um time de futebol. Seja por algumas escolhas equivocadas nas convoca\u00e7\u00f5es, seja na hora de armar a equipe e, pior, no momento de conserto da casa. Seja tamb\u00e9m pela enorme press\u00e3o \u00e0s suas costas estimuladas por uma CBF em crise de comando.<\/p>\n<p>Dorival n\u00e3o pensa dessa forma. Na sua an\u00e1lise, os cr\u00edticos, a imprensa, m\u00eddia em geral \u00e9 que t\u00eam um olhar turvo a respeito da Sele\u00e7\u00e3o. E n\u00e3o \u00e9 de hoje, \u00e9 de sempre.<\/p>\n<p>&#8220;Me lembro outro dia, lendo uma mat\u00e9ria (<em>publicada no fim dos anos de 1980<\/em>), em que para alguns membros da imprensa, sobre o baixo n\u00edvel da sele\u00e7\u00e3o e de repente ele falou que n\u00e3o estava falando da sele\u00e7\u00e3o atual. <strong>A imagem foi aberta e t\u00ednhamos Zico, S\u00f3crates, Falc\u00e3o, Cerezo e Z\u00e9 S\u00e9rgio&#8230; Eram contesta\u00e7\u00f5es a respeito da ca\u00edda de n\u00edvel da nossa sele\u00e7\u00e3o, que n\u00e3o t\u00ednhamos mais craques.<\/strong> Essa era a abordagem inicial. Passam anos e continuamos nas mesmas teclas&#8221;, explica Dorival.<\/p>\n<p>&#8220;<strong>O que eu quero \u00e9 o crescimento do futebol brasileiro e vamos alcan\u00e7ar. Mas pisamos no produto que vendemos. Essa \u00e9 a realidade. E n\u00e3o \u00e9 s\u00f3 com o futebol, fazemos com todos os produtos que o brasileiro possui.<\/strong><\/p>\n<figure id=\"attachment_45888\" aria-describedby=\"caption-attachment-45888\" style=\"width: 720px\" class=\"wp-caption alignnone\"><img data-recalc-dims=\"1\" loading=\"lazy\" decoding=\"async\" data-attachment-id=\"45888\" data-permalink=\"https:\/\/blogdoprosperi.com\/?attachment_id=45888\" data-orig-file=\"https:\/\/i0.wp.com\/blogdoprosperi.com\/wp-content\/uploads\/2024\/10\/54066930552_779ed6c418_c.jpg?fit=799%2C514&amp;ssl=1\" data-orig-size=\"799,514\" data-comments-opened=\"1\" data-image-meta=\"{&quot;aperture&quot;:&quot;0&quot;,&quot;credit&quot;:&quot;RAFAEL RIBEIRO\/CBFrrrr&quot;,&quot;camera&quot;:&quot;&quot;,&quot;caption&quot;:&quot;&quot;,&quot;created_timestamp&quot;:&quot;0&quot;,&quot;copyright&quot;:&quot;RAFAEL RIBEIRO\/CBF&quot;,&quot;focal_length&quot;:&quot;0&quot;,&quot;iso&quot;:&quot;0&quot;,&quot;shutter_speed&quot;:&quot;0&quot;,&quot;title&quot;:&quot;&quot;,&quot;orientation&quot;:&quot;0&quot;}\" data-image-title=\"Dorival no div\u00e3 da Sele\u00e7\u00e3o\" data-image-description=\"\" data-image-caption=\"&lt;p&gt;Dorival diz que Brasil pisa no produto que vende \u2013 foto: CBF oficial&lt;\/p&gt;\n\" data-large-file=\"https:\/\/i0.wp.com\/blogdoprosperi.com\/wp-content\/uploads\/2024\/10\/54066930552_779ed6c418_c.jpg?fit=799%2C514&amp;ssl=1\" src=\"https:\/\/i0.wp.com\/blogdoprosperi.com\/wp-content\/uploads\/2024\/10\/54066930552_779ed6c418_c.jpg?resize=720%2C463&#038;ssl=1\" class=\"size-large wp-image-45888\" width=\"720\" height=\"463\" alt=\"Dorival desafa na Sele\u00e7\u00e3o\"><figcaption id=\"caption-attachment-45888\" class=\"wp-caption-text\">Dorival diz que Brasil pisa no produto que vende \u2013 foto: CBF oficial<\/figcaption><\/figure>\n<blockquote><p>Tudo o que se destaca, pisamos. Estamos vendo o que est\u00e1 acontecendo no nosso pa\u00eds, \u00e9 s\u00f3 a gente refletir um pouquinho. No futebol n\u00e3o \u00e9 diferente&#8221;.<\/p>\n<\/blockquote>\n<p>Torcedor, voc\u00ea pode se acomodar no seu div\u00e3 a partir das 21h45 dessa noite de ter\u00e7a-feira dia 15\/10. Sof\u00e1 da sala em frente \u00e0 TV tamb\u00e9m serve. Dorival faz o convite:<\/p>\n<p>&#8220;N\u00e3o \u00e9 um desabafo, \u00e9 apenas uma coloca\u00e7\u00e3o daquilo que eu penso. Estamos em uma transi\u00e7\u00e3o, estamos buscando novamente os craques que se fortale\u00e7am e que possam estruturar a nossa sele\u00e7\u00e3o. \u00c9 esse o trabalho no momento&#8221;.<\/p>\n<p>Ah, s\u00f3 para lembrar. Lucas Paquet\u00e1, suspenso, n\u00e3o joga. Gerson, do Flamengo, entra no lugar do jogador acusado por suposto favorecimento a amigos e familiares em apostas esportivas.<\/p>\n","protected":false},"excerpt":{"rendered":"<p>Luiz Ant\u00f4nio Pr\u00f3speri \u2013 15 outubro (11h30) J\u00e1 disse mais de uma vez e n\u00e3o custa repetir: Sele\u00e7\u00e3o [&hellip;]<\/p>\n","protected":false},"author":102107496,"featured_media":45887,"comment_status":"open","ping_status":"open","sticky":false,"template":"","format":"standard","meta":{"_coblocks_attr":"","_coblocks_dimensions":"","_coblocks_responsive_height":"","_coblocks_accordion_ie_support":"","_jetpack_newsletter_access":"","_jetpack_dont_email_post_to_subs":false,"_jetpack_newsletter_tier_id":0,"_jetpack_memberships_contains_paywalled_content":false,"_wpcom_ai_launchpad_first_post":false,"_jetpack_feature_clip_id":0,"_jetpack_memberships_contains_paid_content":false,"footnotes":"","jetpack_publicize_message":"","jetpack_publicize_feature_enabled":true,"jetpack_social_post_already_shared":false,"jetpack_social_options":{"image_generator_settings":{"template":"highway","default_image_id":0,"font":"","enabled":false},"version":2},"jetpack_post_was_ever_published":false},"categories":[53870,3919],"tags":[17856865,789560569,63558320,775271789,789560560,789560573,789560562],"class_list":["post-45879","post","type-post","status-publish","format-standard","has-post-thumbnail","hentry","category-futebol","category-opiniao","tag-brasil-x-peru","tag-cbf","tag-dorival-junior-2","tag-eliminatorias-copa-do-mundo-2026","tag-futebol","tag-luiz-antonio-prosperi","tag-selecao-brasileira"],"yoast_head":"<!-- This site is optimized with the Yoast SEO plugin v28.4 - https:\/\/yoast.com\/product\/yoast-seo-wordpress\/ -->\n<title>Brasil x Peru | Sele\u00e7\u00e3o Joga, um Convite ao Div\u00e3 do Nosso Futebol - PR\u00d3SPERI NEWS<\/title>\n<meta name=\"robots\" content=\"index, follow, max-snippet:-1, max-image-preview:large, max-video-preview:-1\" \/>\n<link rel=\"canonical\" href=\"https:\/\/blogdoprosperi.com\/?p=45879\" \/>\n<meta property=\"og:locale\" content=\"pt_BR\" \/>\n<meta property=\"og:type\" content=\"article\" \/>\n<meta property=\"og:title\" content=\"Brasil x Peru | Sele\u00e7\u00e3o Joga, um Convite ao Div\u00e3 do Nosso Futebol - PR\u00d3SPERI NEWS\" \/>\n<meta property=\"og:description\" content=\"Luiz Ant\u00f4nio Pr\u00f3speri \u2013 15 outubro (11h30) J\u00e1 disse mais de uma vez e n\u00e3o custa repetir: Sele\u00e7\u00e3o [&hellip;]\" \/>\n<meta property=\"og:url\" content=\"https:\/\/blogdoprosperi.com\/?p=45879\" \/>\n<meta property=\"og:site_name\" content=\"PR\u00d3SPERI NEWS\" \/>\n<meta property=\"article:publisher\" content=\"Luiz Pr\u00f3speri\" \/>\n<meta property=\"article:author\" content=\"Luiz Pr\u00f3speri\" \/>\n<meta property=\"article:published_time\" content=\"2024-10-15T14:45:56+00:00\" \/>\n<meta property=\"article:modified_time\" content=\"2024-10-15T17:03:51+00:00\" \/>\n<meta property=\"og:image\" content=\"https:\/\/i0.wp.com\/blogdoprosperi.com\/wp-content\/uploads\/2024\/10\/54068283154_2fdf0339b4_c.jpg?fit=800%2C531&ssl=1\" \/>\n\t<meta property=\"og:image:width\" content=\"800\" \/>\n\t<meta property=\"og:image:height\" content=\"531\" \/>\n\t<meta property=\"og:image:type\" content=\"image\/jpeg\" \/>\n<meta name=\"author\" content=\"Luiz Ant\u00f4nio Pr\u00f3speri\" \/>\n<meta name=\"twitter:card\" content=\"summary_large_image\" \/>\n<meta name=\"twitter:creator\" content=\"@Luizprosperi\" \/>\n<meta name=\"twitter:site\" content=\"@Luizprosperi\" \/>\n<meta name=\"twitter:label1\" content=\"Escrito por\" \/>\n\t<meta name=\"twitter:data1\" content=\"Luiz Ant\u00f4nio Pr\u00f3speri\" \/>\n\t<meta name=\"twitter:label2\" content=\"Est. tempo de leitura\" \/>\n\t<meta name=\"twitter:data2\" content=\"3 minutos\" \/>\n<script type=\"application\/ld+json\" class=\"yoast-schema-graph\">{\"@context\":\"https:\\\/\\\/schema.org\",\"@graph\":[{\"@type\":\"Article\",\"@id\":\"https:\\\/\\\/blogdoprosperi.com\\\/?p=45879#article\",\"isPartOf\":{\"@id\":\"https:\\\/\\\/blogdoprosperi.com\\\/?p=45879\"},\"author\":{\"name\":\"Luiz Ant\u00f4nio Pr\u00f3speri\",\"@id\":\"https:\\\/\\\/blogdoprosperi.com\\\/#\\\/schema\\\/person\\\/38100755ce3601861ee4fab9b5aa78e9\"},\"headline\":\"Brasil x Peru | Sele\u00e7\u00e3o Joga, um Convite ao Div\u00e3 do Nosso Futebol\",\"datePublished\":\"2024-10-15T14:45:56+00:00\",\"dateModified\":\"2024-10-15T17:03:51+00:00\",\"mainEntityOfPage\":{\"@id\":\"https:\\\/\\\/blogdoprosperi.com\\\/?p=45879\"},\"wordCount\":644,\"commentCount\":0,\"publisher\":{\"@id\":\"https:\\\/\\\/blogdoprosperi.com\\\/#\\\/schema\\\/person\\\/38100755ce3601861ee4fab9b5aa78e9\"},\"image\":{\"@id\":\"https:\\\/\\\/blogdoprosperi.com\\\/?p=45879#primaryimage\"},\"thumbnailUrl\":\"https:\\\/\\\/i0.wp.com\\\/blogdoprosperi.com\\\/wp-content\\\/uploads\\\/2024\\\/10\\\/54068283154_2fdf0339b4_c.jpg?fit=800%2C531&ssl=1\",\"keywords\":[\"Brasil x Peru\",\"CBF\",\"Dorival Junior\",\"eliminat\u00f3rias copa do mundo 2026\",\"futebol\",\"Luiz Ant\u00f4nio Pr\u00f3speri\",\"Sele\u00e7\u00e3o Brasileira\"],\"articleSection\":[\"futebol\",\"opini\u00e3o\"],\"inLanguage\":\"pt-BR\",\"potentialAction\":[{\"@type\":\"CommentAction\",\"name\":\"Comment\",\"target\":[\"https:\\\/\\\/blogdoprosperi.com\\\/?p=45879#respond\"]}]},{\"@type\":\"WebPage\",\"@id\":\"https:\\\/\\\/blogdoprosperi.com\\\/?p=45879\",\"url\":\"https:\\\/\\\/blogdoprosperi.com\\\/?p=45879\",\"name\":\"Brasil x Peru | Sele\u00e7\u00e3o Joga, um Convite ao Div\u00e3 do Nosso Futebol - PR\u00d3SPERI NEWS\",\"isPartOf\":{\"@id\":\"https:\\\/\\\/blogdoprosperi.com\\\/#website\"},\"primaryImageOfPage\":{\"@id\":\"https:\\\/\\\/blogdoprosperi.com\\\/?p=45879#primaryimage\"},\"image\":{\"@id\":\"https:\\\/\\\/blogdoprosperi.com\\\/?p=45879#primaryimage\"},\"thumbnailUrl\":\"https:\\\/\\\/i0.wp.com\\\/blogdoprosperi.com\\\/wp-content\\\/uploads\\\/2024\\\/10\\\/54068283154_2fdf0339b4_c.jpg?fit=800%2C531&ssl=1\",\"datePublished\":\"2024-10-15T14:45:56+00:00\",\"dateModified\":\"2024-10-15T17:03:51+00:00\",\"breadcrumb\":{\"@id\":\"https:\\\/\\\/blogdoprosperi.com\\\/?p=45879#breadcrumb\"},\"inLanguage\":\"pt-BR\",\"potentialAction\":[{\"@type\":\"ReadAction\",\"target\":[\"https:\\\/\\\/blogdoprosperi.com\\\/?p=45879\"]}]},{\"@type\":\"ImageObject\",\"inLanguage\":\"pt-BR\",\"@id\":\"https:\\\/\\\/blogdoprosperi.com\\\/?p=45879#primaryimage\",\"url\":\"https:\\\/\\\/i0.wp.com\\\/blogdoprosperi.com\\\/wp-content\\\/uploads\\\/2024\\\/10\\\/54068283154_2fdf0339b4_c.jpg?fit=800%2C531&ssl=1\",\"contentUrl\":\"https:\\\/\\\/i0.wp.com\\\/blogdoprosperi.com\\\/wp-content\\\/uploads\\\/2024\\\/10\\\/54068283154_2fdf0339b4_c.jpg?fit=800%2C531&ssl=1\",\"width\":800,\"height\":531,\"caption\":\"Gerson puxa fila da Sele\u00e7\u00e3o \u2013 foto: CBF oficial\"},{\"@type\":\"BreadcrumbList\",\"@id\":\"https:\\\/\\\/blogdoprosperi.com\\\/?p=45879#breadcrumb\",\"itemListElement\":[{\"@type\":\"ListItem\",\"position\":1,\"name\":\"In\u00edcio\",\"item\":\"https:\\\/\\\/blogdoprosperi.com\\\/\"},{\"@type\":\"ListItem\",\"position\":2,\"name\":\"Brasil x Peru | Sele\u00e7\u00e3o Joga, um Convite ao Div\u00e3 do Nosso Futebol\"}]},{\"@type\":\"WebSite\",\"@id\":\"https:\\\/\\\/blogdoprosperi.com\\\/#website\",\"url\":\"https:\\\/\\\/blogdoprosperi.com\\\/\",\"name\":\"PR\u00d3SPERI NEWS\",\"description\":\"TUDO \u00c9  FUTEBOL\",\"publisher\":{\"@id\":\"https:\\\/\\\/blogdoprosperi.com\\\/#\\\/schema\\\/person\\\/38100755ce3601861ee4fab9b5aa78e9\"},\"alternateName\":\"blogdoprosperi.com\",\"potentialAction\":[{\"@type\":\"SearchAction\",\"target\":{\"@type\":\"EntryPoint\",\"urlTemplate\":\"https:\\\/\\\/blogdoprosperi.com\\\/?s={search_term_string}\"},\"query-input\":{\"@type\":\"PropertyValueSpecification\",\"valueRequired\":true,\"valueName\":\"search_term_string\"}}],\"inLanguage\":\"pt-BR\"},{\"@type\":[\"Person\",\"Organization\"],\"@id\":\"https:\\\/\\\/blogdoprosperi.com\\\/#\\\/schema\\\/person\\\/38100755ce3601861ee4fab9b5aa78e9\",\"name\":\"Luiz Ant\u00f4nio Pr\u00f3speri\",\"pronouns\":\"ele\",\"image\":{\"@type\":\"ImageObject\",\"inLanguage\":\"pt-BR\",\"@id\":\"https:\\\/\\\/i0.wp.com\\\/blogdoprosperi.com\\\/wp-content\\\/uploads\\\/2026\\\/05\\\/cropped-8059e613-6002-42fa-961e-8e275f575d71-2-5.jpg?fit=1360%2C931&ssl=1\",\"url\":\"https:\\\/\\\/i0.wp.com\\\/blogdoprosperi.com\\\/wp-content\\\/uploads\\\/2026\\\/05\\\/cropped-8059e613-6002-42fa-961e-8e275f575d71-2-5.jpg?fit=1360%2C931&ssl=1\",\"contentUrl\":\"https:\\\/\\\/i0.wp.com\\\/blogdoprosperi.com\\\/wp-content\\\/uploads\\\/2026\\\/05\\\/cropped-8059e613-6002-42fa-961e-8e275f575d71-2-5.jpg?fit=1360%2C931&ssl=1\",\"width\":1360,\"height\":931,\"caption\":\"Luiz Ant\u00f4nio Pr\u00f3speri\"},\"logo\":{\"@id\":\"https:\\\/\\\/i0.wp.com\\\/blogdoprosperi.com\\\/wp-content\\\/uploads\\\/2026\\\/05\\\/cropped-8059e613-6002-42fa-961e-8e275f575d71-2-5.jpg?fit=1360%2C931&ssl=1\"},\"description\":\"Jornalista com carreira dedicada ao esporte. Cobriu 9 Copas do Mundo in loco, 1990 na It\u00e1lia, 1994 nos EUA, 1998 na Fran\u00e7a, 2002 na Coreia do Sul e Jap\u00e3o, 2006 na Alemanha, 2010 na \u00c1frica do Sul, 2014 no Brasil, 2018 na R\u00fassia e 2022 no Qatar. Eurocopas, 1992 na Su\u00e9cia e 1996 na Inglaterra. Copa das Confedera\u00e7\u00f5es de 2005 na Alemanha e 2009 na \u00c1frica do Sul. Rep\u00f3rter e Editor, trabalhou no Jornal da Tarde e Estad\u00e3o, de 1984 a fevereiro de 2016. Colunista, blogueiro. E comentarista de futebol na R\u00e1dio Estad\u00e3o, de 2013 a fevereiro de 2016. Jornalista respons\u00e1vel do \\\"Pr\u00f3speri News\\\" (blogdoprosperi.com).\",\"sameAs\":[\"http:\\\/\\\/blogdoprosperi.com\",\"Luiz Pr\u00f3speri\",\"@luiz_prosperi\",\"https:\\\/\\\/x.com\\\/Luizprosperi\",\"@prosperinacopa\",\"luiz.prosperi@icloud.com\"],\"url\":\"https:\\\/\\\/blogdoprosperi.com\\\/?author=102107496\"}]}<\/script>\n<!-- \/ Yoast SEO plugin. -->","yoast_head_json":{"title":"Brasil x Peru | Sele\u00e7\u00e3o Joga, um Convite ao Div\u00e3 do Nosso Futebol - PR\u00d3SPERI NEWS","robots":{"index":"index","follow":"follow","max-snippet":"max-snippet:-1","max-image-preview":"max-image-preview:large","max-video-preview":"max-video-preview:-1"},"canonical":"https:\/\/blogdoprosperi.com\/?p=45879","og_locale":"pt_BR","og_type":"article","og_title":"Brasil x Peru | Sele\u00e7\u00e3o Joga, um Convite ao Div\u00e3 do Nosso Futebol - PR\u00d3SPERI NEWS","og_description":"Luiz Ant\u00f4nio Pr\u00f3speri \u2013 15 outubro (11h30) J\u00e1 disse mais de uma vez e n\u00e3o custa repetir: Sele\u00e7\u00e3o [&hellip;]","og_url":"https:\/\/blogdoprosperi.com\/?p=45879","og_site_name":"PR\u00d3SPERI NEWS","article_publisher":"Luiz Pr\u00f3speri","article_author":"Luiz Pr\u00f3speri","article_published_time":"2024-10-15T14:45:56+00:00","article_modified_time":"2024-10-15T17:03:51+00:00","og_image":[{"width":800,"height":531,"url":"https:\/\/i0.wp.com\/blogdoprosperi.com\/wp-content\/uploads\/2024\/10\/54068283154_2fdf0339b4_c.jpg?fit=800%2C531&ssl=1","type":"image\/jpeg"}],"author":"Luiz Ant\u00f4nio Pr\u00f3speri","twitter_card":"summary_large_image","twitter_creator":"@Luizprosperi","twitter_site":"@Luizprosperi","twitter_misc":{"Escrito por":"Luiz Ant\u00f4nio Pr\u00f3speri","Est. tempo de leitura":"3 minutos"},"schema":{"@context":"https:\/\/schema.org","@graph":[{"@type":"Article","@id":"https:\/\/blogdoprosperi.com\/?p=45879#article","isPartOf":{"@id":"https:\/\/blogdoprosperi.com\/?p=45879"},"author":{"name":"Luiz Ant\u00f4nio Pr\u00f3speri","@id":"https:\/\/blogdoprosperi.com\/#\/schema\/person\/38100755ce3601861ee4fab9b5aa78e9"},"headline":"Brasil x Peru | Sele\u00e7\u00e3o Joga, um Convite ao Div\u00e3 do Nosso Futebol","datePublished":"2024-10-15T14:45:56+00:00","dateModified":"2024-10-15T17:03:51+00:00","mainEntityOfPage":{"@id":"https:\/\/blogdoprosperi.com\/?p=45879"},"wordCount":644,"commentCount":0,"publisher":{"@id":"https:\/\/blogdoprosperi.com\/#\/schema\/person\/38100755ce3601861ee4fab9b5aa78e9"},"image":{"@id":"https:\/\/blogdoprosperi.com\/?p=45879#primaryimage"},"thumbnailUrl":"https:\/\/i0.wp.com\/blogdoprosperi.com\/wp-content\/uploads\/2024\/10\/54068283154_2fdf0339b4_c.jpg?fit=800%2C531&ssl=1","keywords":["Brasil x Peru","CBF","Dorival Junior","eliminat\u00f3rias copa do mundo 2026","futebol","Luiz Ant\u00f4nio Pr\u00f3speri","Sele\u00e7\u00e3o Brasileira"],"articleSection":["futebol","opini\u00e3o"],"inLanguage":"pt-BR","potentialAction":[{"@type":"CommentAction","name":"Comment","target":["https:\/\/blogdoprosperi.com\/?p=45879#respond"]}]},{"@type":"WebPage","@id":"https:\/\/blogdoprosperi.com\/?p=45879","url":"https:\/\/blogdoprosperi.com\/?p=45879","name":"Brasil x Peru | Sele\u00e7\u00e3o Joga, um Convite ao Div\u00e3 do Nosso Futebol - PR\u00d3SPERI NEWS","isPartOf":{"@id":"https:\/\/blogdoprosperi.com\/#website"},"primaryImageOfPage":{"@id":"https:\/\/blogdoprosperi.com\/?p=45879#primaryimage"},"image":{"@id":"https:\/\/blogdoprosperi.com\/?p=45879#primaryimage"},"thumbnailUrl":"https:\/\/i0.wp.com\/blogdoprosperi.com\/wp-content\/uploads\/2024\/10\/54068283154_2fdf0339b4_c.jpg?fit=800%2C531&ssl=1","datePublished":"2024-10-15T14:45:56+00:00","dateModified":"2024-10-15T17:03:51+00:00","breadcrumb":{"@id":"https:\/\/blogdoprosperi.com\/?p=45879#breadcrumb"},"inLanguage":"pt-BR","potentialAction":[{"@type":"ReadAction","target":["https:\/\/blogdoprosperi.com\/?p=45879"]}]},{"@type":"ImageObject","inLanguage":"pt-BR","@id":"https:\/\/blogdoprosperi.com\/?p=45879#primaryimage","url":"https:\/\/i0.wp.com\/blogdoprosperi.com\/wp-content\/uploads\/2024\/10\/54068283154_2fdf0339b4_c.jpg?fit=800%2C531&ssl=1","contentUrl":"https:\/\/i0.wp.com\/blogdoprosperi.com\/wp-content\/uploads\/2024\/10\/54068283154_2fdf0339b4_c.jpg?fit=800%2C531&ssl=1","width":800,"height":531,"caption":"Gerson puxa fila da Sele\u00e7\u00e3o \u2013 foto: CBF oficial"},{"@type":"BreadcrumbList","@id":"https:\/\/blogdoprosperi.com\/?p=45879#breadcrumb","itemListElement":[{"@type":"ListItem","position":1,"name":"In\u00edcio","item":"https:\/\/blogdoprosperi.com\/"},{"@type":"ListItem","position":2,"name":"Brasil x Peru | Sele\u00e7\u00e3o Joga, um Convite ao Div\u00e3 do Nosso Futebol"}]},{"@type":"WebSite","@id":"https:\/\/blogdoprosperi.com\/#website","url":"https:\/\/blogdoprosperi.com\/","name":"PR\u00d3SPERI NEWS","description":"TUDO \u00c9  FUTEBOL","publisher":{"@id":"https:\/\/blogdoprosperi.com\/#\/schema\/person\/38100755ce3601861ee4fab9b5aa78e9"},"alternateName":"blogdoprosperi.com","potentialAction":[{"@type":"SearchAction","target":{"@type":"EntryPoint","urlTemplate":"https:\/\/blogdoprosperi.com\/?s={search_term_string}"},"query-input":{"@type":"PropertyValueSpecification","valueRequired":true,"valueName":"search_term_string"}}],"inLanguage":"pt-BR"},{"@type":["Person","Organization"],"@id":"https:\/\/blogdoprosperi.com\/#\/schema\/person\/38100755ce3601861ee4fab9b5aa78e9","name":"Luiz Ant\u00f4nio Pr\u00f3speri","pronouns":"ele","image":{"@type":"ImageObject","inLanguage":"pt-BR","@id":"https:\/\/i0.wp.com\/blogdoprosperi.com\/wp-content\/uploads\/2026\/05\/cropped-8059e613-6002-42fa-961e-8e275f575d71-2-5.jpg?fit=1360%2C931&ssl=1","url":"https:\/\/i0.wp.com\/blogdoprosperi.com\/wp-content\/uploads\/2026\/05\/cropped-8059e613-6002-42fa-961e-8e275f575d71-2-5.jpg?fit=1360%2C931&ssl=1","contentUrl":"https:\/\/i0.wp.com\/blogdoprosperi.com\/wp-content\/uploads\/2026\/05\/cropped-8059e613-6002-42fa-961e-8e275f575d71-2-5.jpg?fit=1360%2C931&ssl=1","width":1360,"height":931,"caption":"Luiz Ant\u00f4nio Pr\u00f3speri"},"logo":{"@id":"https:\/\/i0.wp.com\/blogdoprosperi.com\/wp-content\/uploads\/2026\/05\/cropped-8059e613-6002-42fa-961e-8e275f575d71-2-5.jpg?fit=1360%2C931&ssl=1"},"description":"Jornalista com carreira dedicada ao esporte. Cobriu 9 Copas do Mundo in loco, 1990 na It\u00e1lia, 1994 nos EUA, 1998 na Fran\u00e7a, 2002 na Coreia do Sul e Jap\u00e3o, 2006 na Alemanha, 2010 na \u00c1frica do Sul, 2014 no Brasil, 2018 na R\u00fassia e 2022 no Qatar. Eurocopas, 1992 na Su\u00e9cia e 1996 na Inglaterra. Copa das Confedera\u00e7\u00f5es de 2005 na Alemanha e 2009 na \u00c1frica do Sul. Rep\u00f3rter e Editor, trabalhou no Jornal da Tarde e Estad\u00e3o, de 1984 a fevereiro de 2016. Colunista, blogueiro. E comentarista de futebol na R\u00e1dio Estad\u00e3o, de 2013 a fevereiro de 2016. Jornalista respons\u00e1vel do \"Pr\u00f3speri News\" (blogdoprosperi.com).","sameAs":["http:\/\/blogdoprosperi.com","Luiz Pr\u00f3speri","@luiz_prosperi","https:\/\/x.com\/Luizprosperi","@prosperinacopa","luiz.prosperi@icloud.com"],"url":"https:\/\/blogdoprosperi.com\/?author=102107496"}]}},"jetpack_publicize_connections":[],"jetpack_likes_enabled":false,"jetpack_sharing_enabled":true,"jetpack_shortlink":"https:\/\/wp.me\/p7jvdk-bVZ","jetpack-related-posts":[{"id":49086,"url":"https:\/\/blogdoprosperi.com\/?p=49086","url_meta":{"origin":45879,"position":0},"title":"Sele\u00e7\u00e3o Brasileira | Vamos ao Div\u00e3 Acompanhar os \u00daltimos Dias de Dorival no Comando do Escrete","author":"Luiz Ant\u00f4nio Pr\u00f3speri","date":"20 de mar\u00e7o de 2025","format":false,"excerpt":"Cabe\u00e7a de Dorival est\u00e1 servida na bandeja do presidente da CBF. Resultados ruins diante da Col\u00f4mbia e Argentina, adeus Dorival. Sele\u00e7\u00e3o Brasileira n\u00e3o pode ser montada com base no que os jogadores jogam em seus clubes. N\u00e3o combina. \u00c9 preciso de identidade pr\u00f3pria Luiz Ant\u00f4nio Pr\u00f3speri \u2013 20 mar\u00e7o (12h31)\u2026","rel":"","context":"Em &quot;futebol&quot;","block_context":{"text":"futebol","link":"https:\/\/blogdoprosperi.com\/?cat=53870"},"img":{"alt_text":"Brasil x Col\u00f4mbia, vamos ao div\u00e3","src":"https:\/\/i0.wp.com\/blogdoprosperi.com\/wp-content\/uploads\/2025\/03\/54398963323_d4964b845b_c.jpg?fit=799%2C559&ssl=1&resize=350%2C200","width":350,"height":200,"srcset":"https:\/\/i0.wp.com\/blogdoprosperi.com\/wp-content\/uploads\/2025\/03\/54398963323_d4964b845b_c.jpg?fit=799%2C559&ssl=1&resize=350%2C200 1x, https:\/\/i0.wp.com\/blogdoprosperi.com\/wp-content\/uploads\/2025\/03\/54398963323_d4964b845b_c.jpg?fit=799%2C559&ssl=1&resize=525%2C300 1.5x, https:\/\/i0.wp.com\/blogdoprosperi.com\/wp-content\/uploads\/2025\/03\/54398963323_d4964b845b_c.jpg?fit=799%2C559&ssl=1&resize=700%2C400 2x"},"classes":[]},{"id":45532,"url":"https:\/\/blogdoprosperi.com\/?p=45532","url_meta":{"origin":45879,"position":1},"title":"Sele\u00e7\u00e3o Brasileira: Hora de Apostar em Jogadores Dom\u00e9sticos e Largar os &#8220;Europeus&#8221;","author":"Luiz Ant\u00f4nio Pr\u00f3speri","date":"26 de setembro de 2024","format":false,"excerpt":"Sele\u00e7\u00e3o Brasileira submete jogadores \"europeus\" ao sacrif\u00edcio nas Eliminat\u00f3rias da Copa 2026. A hora \u00e9 dos \"dom\u00e9sticos\".","rel":"","context":"Em &quot;futebol&quot;","block_context":{"text":"futebol","link":"https:\/\/blogdoprosperi.com\/?cat=53870"},"img":{"alt_text":"Sele\u00e7\u00e3o: Hora de apostar no \"dom\u00e9sticos\"","src":"https:\/\/i0.wp.com\/blogdoprosperi.com\/wp-content\/uploads\/2024\/09\/53254740463_137ad4910b_k-aspect-ratio-512-320-4.webp?fit=1200%2C750&ssl=1&resize=350%2C200","width":350,"height":200,"srcset":"https:\/\/i0.wp.com\/blogdoprosperi.com\/wp-content\/uploads\/2024\/09\/53254740463_137ad4910b_k-aspect-ratio-512-320-4.webp?fit=1200%2C750&ssl=1&resize=350%2C200 1x, https:\/\/i0.wp.com\/blogdoprosperi.com\/wp-content\/uploads\/2024\/09\/53254740463_137ad4910b_k-aspect-ratio-512-320-4.webp?fit=1200%2C750&ssl=1&resize=525%2C300 1.5x, https:\/\/i0.wp.com\/blogdoprosperi.com\/wp-content\/uploads\/2024\/09\/53254740463_137ad4910b_k-aspect-ratio-512-320-4.webp?fit=1200%2C750&ssl=1&resize=700%2C400 2x, https:\/\/i0.wp.com\/blogdoprosperi.com\/wp-content\/uploads\/2024\/09\/53254740463_137ad4910b_k-aspect-ratio-512-320-4.webp?fit=1200%2C750&ssl=1&resize=1050%2C600 3x"},"classes":[]},{"id":38771,"url":"https:\/\/blogdoprosperi.com\/?p=38771","url_meta":{"origin":45879,"position":2},"title":"Brasil vence Peru, maldito 5 de julho","author":"Luiz Ant\u00f4nio Pr\u00f3speri","date":"5 de julho de 2021","format":false,"excerpt":"Brasil vence Peru, vai \u00e0 final da Copa Am\u00e9rica e n\u00e3o entusiasma. Tem sido assim com Tite. Maldito 5 de julho.","rel":"","context":"Em &quot;futebol&quot;","block_context":{"text":"futebol","link":"https:\/\/blogdoprosperi.com\/?cat=53870"},"img":{"alt_text":"Brasil vence Peru","src":"https:\/\/i0.wp.com\/blogdoprosperi.com\/wp-content\/uploads\/2021\/07\/51292011012_5e744c6385_c.jpg?fit=799%2C533&ssl=1&resize=350%2C200","width":350,"height":200,"srcset":"https:\/\/i0.wp.com\/blogdoprosperi.com\/wp-content\/uploads\/2021\/07\/51292011012_5e744c6385_c.jpg?fit=799%2C533&ssl=1&resize=350%2C200 1x, https:\/\/i0.wp.com\/blogdoprosperi.com\/wp-content\/uploads\/2021\/07\/51292011012_5e744c6385_c.jpg?fit=799%2C533&ssl=1&resize=525%2C300 1.5x, https:\/\/i0.wp.com\/blogdoprosperi.com\/wp-content\/uploads\/2021\/07\/51292011012_5e744c6385_c.jpg?fit=799%2C533&ssl=1&resize=700%2C400 2x"},"classes":[]},{"id":50697,"url":"https:\/\/blogdoprosperi.com\/?p=50697","url_meta":{"origin":45879,"position":3},"title":"Ancelotti Estreia | Enfim, Uma Sele\u00e7\u00e3o Brasileira Sem Identidade","author":"Luiz Ant\u00f4nio Pr\u00f3speri","date":"5 de junho de 2025","format":false,"excerpt":"\u2660 Gosto de uma equipe que n\u00e3o tenha uma identidade definida \u2660 A camisa do Brasil pesa muito e creio que \u00e9 um grande orgulho vestir, porque eles (jogadores) s\u00e3o os melhores do mundo, entre eles o maior: Pel\u00e9 Luiz Ant\u00f4nio Pr\u00f3speri \u2013 5 de junho (13h05) \u2013 Carlo Ancelotti\u2026","rel":"","context":"Em &quot;futebol&quot;","block_context":{"text":"futebol","link":"https:\/\/blogdoprosperi.com\/?cat=53870"},"img":{"alt_text":"","src":"https:\/\/i0.wp.com\/blogdoprosperi.com\/wp-content\/uploads\/2025\/06\/54566913252_dd8b673611_c.jpg?fit=799%2C548&ssl=1&resize=350%2C200","width":350,"height":200,"srcset":"https:\/\/i0.wp.com\/blogdoprosperi.com\/wp-content\/uploads\/2025\/06\/54566913252_dd8b673611_c.jpg?fit=799%2C548&ssl=1&resize=350%2C200 1x, https:\/\/i0.wp.com\/blogdoprosperi.com\/wp-content\/uploads\/2025\/06\/54566913252_dd8b673611_c.jpg?fit=799%2C548&ssl=1&resize=525%2C300 1.5x, https:\/\/i0.wp.com\/blogdoprosperi.com\/wp-content\/uploads\/2025\/06\/54566913252_dd8b673611_c.jpg?fit=799%2C548&ssl=1&resize=700%2C400 2x"},"classes":[]},{"id":57410,"url":"https:\/\/blogdoprosperi.com\/?p=57410","url_meta":{"origin":45879,"position":4},"title":"&#8220;O Passado \u00c9 Uma Roupa Que N\u00e3o Nos Serve Mais&#8221;","author":"Luiz Ant\u00f4nio Pr\u00f3speri","date":"4 de abril de 2026","format":false,"excerpt":"Luiz Ant\u00f4nio Pr\u00f3speri \u2013 4 abril 2026 (13h05) \u2013 Belchior cantou que \"o passado \u00e9 uma roupa que n\u00e3o nos serve mais\" na sua can\u00e7\u00e3o 'Velha Roupa Colorida' do \u00e1lbum 'Alucina\u00e7\u00e3o' gravado em 1976. Naquela \u00e9poca, \u00e9ramos tricampe\u00f5es do mundo, ainda inebriados com a conquista no M\u00e9xico em 1970 e\u2026","rel":"","context":"Em &quot;copa 2026&quot;","block_context":{"text":"copa 2026","link":"https:\/\/blogdoprosperi.com\/?cat=36820279"},"img":{"alt_text":"","src":"https:\/\/i0.wp.com\/blogdoprosperi.com\/wp-content\/uploads\/2026\/04\/captura-de-tela-2026-04-04-as-13.03.19.png?fit=1200%2C880&ssl=1&resize=350%2C200","width":350,"height":200,"srcset":"https:\/\/i0.wp.com\/blogdoprosperi.com\/wp-content\/uploads\/2026\/04\/captura-de-tela-2026-04-04-as-13.03.19.png?fit=1200%2C880&ssl=1&resize=350%2C200 1x, https:\/\/i0.wp.com\/blogdoprosperi.com\/wp-content\/uploads\/2026\/04\/captura-de-tela-2026-04-04-as-13.03.19.png?fit=1200%2C880&ssl=1&resize=525%2C300 1.5x, https:\/\/i0.wp.com\/blogdoprosperi.com\/wp-content\/uploads\/2026\/04\/captura-de-tela-2026-04-04-as-13.03.19.png?fit=1200%2C880&ssl=1&resize=700%2C400 2x, https:\/\/i0.wp.com\/blogdoprosperi.com\/wp-content\/uploads\/2026\/04\/captura-de-tela-2026-04-04-as-13.03.19.png?fit=1200%2C880&ssl=1&resize=1050%2C600 3x"},"classes":[]},{"id":50059,"url":"https:\/\/blogdoprosperi.com\/?p=50059","url_meta":{"origin":45879,"position":5},"title":"Ancelotti Assume Sele\u00e7\u00e3o Brasileira | Agora Somos Europeus da Cabe\u00e7a aos P\u00e9s","author":"Luiz Ant\u00f4nio Pr\u00f3speri","date":"12 de maio de 2025","format":false,"excerpt":"\u2666 Quest\u00e3o agora \u00e9 entender como vai se comportar Ancelotti nesse cen\u00e1rio de incertezas da CBF, todo o caldo das imperfei\u00e7\u00f5es do nosso futebol \u2666 Nossa ess\u00eancia no mundo da bola acaba de ser chutada para o outro lado do Atl\u00e2ntico Luiz Ant\u00f4nio Pr\u00f3speri \u2013 12 maio (11h52) Carlo Ancelotti\u2026","rel":"","context":"Em &quot;futebol&quot;","block_context":{"text":"futebol","link":"https:\/\/blogdoprosperi.com\/?cat=53870"},"img":{"alt_text":"","src":"https:\/\/i0.wp.com\/blogdoprosperi.com\/wp-content\/uploads\/2025\/05\/captura-de-tela-2025-05-12-as-12.15.15.png?fit=790%2C682&ssl=1&resize=350%2C200","width":350,"height":200,"srcset":"https:\/\/i0.wp.com\/blogdoprosperi.com\/wp-content\/uploads\/2025\/05\/captura-de-tela-2025-05-12-as-12.15.15.png?fit=790%2C682&ssl=1&resize=350%2C200 1x, https:\/\/i0.wp.com\/blogdoprosperi.com\/wp-content\/uploads\/2025\/05\/captura-de-tela-2025-05-12-as-12.15.15.png?fit=790%2C682&ssl=1&resize=525%2C300 1.5x, https:\/\/i0.wp.com\/blogdoprosperi.com\/wp-content\/uploads\/2025\/05\/captura-de-tela-2025-05-12-as-12.15.15.png?fit=790%2C682&ssl=1&resize=700%2C400 2x"},"classes":[]}],"jetpack_featured_media_url":"https:\/\/i0.wp.com\/blogdoprosperi.com\/wp-content\/uploads\/2024\/10\/54068283154_2fdf0339b4_c.jpg?fit=800%2C531&ssl=1","_links":{"self":[{"href":"https:\/\/blogdoprosperi.com\/index.php?rest_route=\/wp\/v2\/posts\/45879","targetHints":{"allow":["GET"]}}],"collection":[{"href":"https:\/\/blogdoprosperi.com\/index.php?rest_route=\/wp\/v2\/posts"}],"about":[{"href":"https:\/\/blogdoprosperi.com\/index.php?rest_route=\/wp\/v2\/types\/post"}],"author":[{"embeddable":true,"href":"https:\/\/blogdoprosperi.com\/index.php?rest_route=\/wp\/v2\/users\/102107496"}],"replies":[{"embeddable":true,"href":"https:\/\/blogdoprosperi.com\/index.php?rest_route=%2Fwp%2Fv2%2Fcomments&post=45879"}],"version-history":[{"count":15,"href":"https:\/\/blogdoprosperi.com\/index.php?rest_route=\/wp\/v2\/posts\/45879\/revisions"}],"predecessor-version":[{"id":45898,"href":"https:\/\/blogdoprosperi.com\/index.php?rest_route=\/wp\/v2\/posts\/45879\/revisions\/45898"}],"wp:featuredmedia":[{"embeddable":true,"href":"https:\/\/blogdoprosperi.com\/index.php?rest_route=\/wp\/v2\/media\/45887"}],"wp:attachment":[{"href":"https:\/\/blogdoprosperi.com\/index.php?rest_route=%2Fwp%2Fv2%2Fmedia&parent=45879"}],"wp:term":[{"taxonomy":"category","embeddable":true,"href":"https:\/\/blogdoprosperi.com\/index.php?rest_route=%2Fwp%2Fv2%2Fcategories&post=45879"},{"taxonomy":"post_tag","embeddable":true,"href":"https:\/\/blogdoprosperi.com\/index.php?rest_route=%2Fwp%2Fv2%2Ftags&post=45879"}],"curies":[{"name":"wp","href":"https:\/\/api.w.org\/{rel}","templated":true}]}}