{"id":45928,"date":"2024-10-18T20:25:29","date_gmt":"2024-10-18T23:25:29","guid":{"rendered":"https:\/\/blogdoprosperi.com\/?p=45928"},"modified":"2024-10-18T20:25:29","modified_gmt":"2024-10-18T23:25:29","slug":"faz-um-pix-corinthians-gavioes-e-caixa-assinam-protocolo-de-pagamento-da-divida-da-arena","status":"publish","type":"post","link":"https:\/\/blogdoprosperi.com\/?p=45928","title":{"rendered":"Faz Um PiX, Corinthians | Gavi\u00f5es e Caixa Assinam Protocolo de Pagamento da D\u00edvida da Arena"},"content":{"rendered":"<p><em>Luiz Ant\u00f4nio Pr\u00f3speri \u2013 18 outubro (20h25)<\/em><\/p>\n<p>Corintiano est\u00e1 convidado a fazer um PIX para quitar d\u00edvida da arena em Itaquera. A iniciativa \u00e9 da Gavi\u00f5es da Fiel, maior torcida organizada do Coritnhians, em parceria com a Caixa Econ\u00f4mica Federal, credora na constru\u00e7\u00e3o do est\u00e1dio em 2014. Gavi\u00f5es, Caixa e Corinthians assinaram, nessa sexta-feira (18\/10), um protocolo de inten\u00e7\u00f5es referente \u00e0 d\u00edvida de R$ 700 milh\u00f5es. Feito o acordo, a &#8220;vaquinha&#8221; passa a ser legal.<\/p>\n<p>&#8220;Ap\u00f3s a assinatura, o Gavi\u00f5es ir\u00e1 trabalhar para anunciar a plataforma, o site e a chave PIX, permitindo que os pagamentos sejam feitos diretamente na conta da Caixa, sem a possibilidade de movimenta\u00e7\u00e3o da conta pela Gavi\u00f5es ou pelo Corinthians&#8221;, diz comunicado oficial da fac\u00e7\u00e3o organizada.<\/p>\n<p>Aten\u00e7\u00e3o, Gavi\u00f5es adverte: &#8220;<strong>Mais uma vez, Fiel, n\u00e3o caia em golpes. A assinatura n\u00e3o significa que a chave PIX estar\u00e1 ativa, no momento oportuno ser\u00e1 divulgado em nossas redes sociais<\/strong>&#8220;, informa a Gavi\u00f5es.<\/p>\n<p>Torcida organizada projeta arrecadar de R$ 500 a R$ 700 milh\u00f5es em seis meses.<\/p>\n<p>Assinatura do Protocolo de Inten\u00e7\u00f5es reuniu em S\u00e3o Paulo o presidente Caixa Econ\u00f4mica Federal, Carlos Ant\u00f4nio Vieira Fernandes, e Alexandre Padilha, ministro-chefe da Secretaria de Rela\u00e7\u00f5es Institucionais da Presid\u00eancia da Rep\u00fablica do governo Lula. Do lado do Corinthians, o presidente Augusto Melo, o diretor jur\u00eddico Vin\u00edcius Cascone e toda diretoria da Gavi\u00f5es.<\/p>\n<div id=\"chunk-4dh12\">\n<div class=\"mc-column content-text active-extra-styles \">\n<p class=\" content-text__container \">&#8220;O papel da Caixa \u00e9 sempre um banco que tem essa voca\u00e7\u00e3o, que \u00e9 um banco que trabalha no sentido de trazer o que seja o benef\u00edcio para a comunidade, para a sociedade brasileira. A orienta\u00e7\u00e3o do presidente Lula \u00e9 sempre no sentido da gente trazer consequ\u00eancias positivas, seja na \u00e1rea que a Caixa tiver \u2013 Ant\u00f4nio Vieira Fernandes, presidente da Caixa.<\/p>\n<\/div>\n<\/div>\n<div id=\"chunk-d5n4b\">\n<div class=\"mc-column content-text active-extra-styles \">\n<blockquote>\n<p class=\" content-text__container \">Acho que o que o Corinthians est\u00e1 fazendo aqui \u00e9 dar uma demonstra\u00e7\u00e3o com uma possibilidade imensa e uma mudan\u00e7a de chave no processo de gest\u00e3o dos clubes. Um clube que tem uma possibilidade de sair rapidamente de uma situa\u00e7\u00e3o de uma d\u00edvida e transformar aquela d\u00edvida num investimentos \u2013 presidente da Caixa<\/p>\n<\/blockquote>\n<p><strong>PODER DA GAVI\u00d5ES<\/strong><\/p>\n<\/div>\n<\/div>\n<p>Ato refor\u00e7a o <span style=\"color: #0000ff\"><strong><a style=\"color: #0000ff\" href=\"https:\/\/blogdoprosperi.com\/2024\/06\/28\/gavioes-da-fiel-decreta-corinthians-nao-tem-dono-corinthians-e-do-povo\/\">enorme poder que a torcida organizada tem no Corinthians,<\/a> <\/strong><\/span>desde cobran\u00e7a pesada em cima de jogadores e treinadores por bons resultados e desempenho nos jogos, at\u00e9 invadir o gabinete oficial do presidente do clube.<\/p>\n<p>Na avalia\u00e7\u00e3o da pr\u00f3pria torcida, a Gavi\u00f5es n\u00e3o cobra, ela exige.<\/p>\n<p>At\u00e9 por isso a fac\u00e7\u00e3o organizada espera ades\u00e3o maci\u00e7a dos torcedores na hora de fazer o PIX a favor do Corinthians.<\/p>\n<p><em><strong>Nota Oficial \u2013 Gavi\u00f5es da Fiel<\/strong><\/em><\/p>\n<p><em>Nesta sexta-feira (18), a diretoria do Gavi\u00f5es da Fiel, juntamente com a Caixa e a diretoria do Corinthians, assinam o Protocolo de Inten\u00e7\u00f5es referente \u00e0 d\u00edvida contra\u00edda pela Arena Itaquera S.A. junto ao banco.<\/em><\/p>\n<p><em>A Caixa apoia os esfor\u00e7os entre a torcida organizada e o clube na busca de alternativas para que a Fiel Torcida possa contribuir financeiramente para a quita\u00e7\u00e3o da d\u00edvida do est\u00e1dio.<\/em><\/p>\n<p><em>Ap\u00f3s a assinatura, o Gavi\u00f5es ir\u00e1 trabalhar para anunciar a plataforma, o site e a chave PIX, permitindo que os pagamentos sejam feitos diretamente na conta da Caixa, sem a possibilidade de movimenta\u00e7\u00e3o da conta pelo Gavi\u00f5es ou pelo Corinthians.<\/em><\/p>\n<p><em>Mais uma vez, Fiel: n\u00e3o caiam em golpes. A assinatura n\u00e3o significa que a chave PIX estar\u00e1 ativa, no momento oportuno ser\u00e1 divulgado em nossas redes sociais.<\/em><\/p>\n","protected":false},"excerpt":{"rendered":"<p>Luiz Ant\u00f4nio Pr\u00f3speri \u2013 18 outubro (20h25) Corintiano est\u00e1 convidado a fazer um PIX para quitar d\u00edvida da [&hellip;]<\/p>\n","protected":false},"author":102107496,"featured_media":45940,"comment_status":"open","ping_status":"open","sticky":false,"template":"","format":"standard","meta":{"_coblocks_attr":"","_coblocks_dimensions":"","_coblocks_responsive_height":"","_coblocks_accordion_ie_support":"","_jetpack_newsletter_access":"","_jetpack_dont_email_post_to_subs":false,"_jetpack_newsletter_tier_id":0,"_jetpack_memberships_contains_paywalled_content":false,"_wpcom_ai_launchpad_first_post":false,"_jetpack_feature_clip_id":0,"_jetpack_memberships_contains_paid_content":false,"footnotes":"","jetpack_publicize_message":"","jetpack_publicize_feature_enabled":true,"jetpack_social_post_already_shared":false,"jetpack_social_options":{"image_generator_settings":{"template":"highway","default_image_id":0,"font":"","enabled":false},"version":2},"jetpack_post_was_ever_published":false},"categories":[53870],"tags":[10668348,789560560],"class_list":["post-45928","post","type-post","status-publish","format-standard","has-post-thumbnail","hentry","category-futebol","tag-0000ff","tag-futebol"],"yoast_head":"<!-- This site is optimized with the Yoast SEO plugin v28.4 - https:\/\/yoast.com\/product\/yoast-seo-wordpress\/ -->\n<title>Faz Um PiX, Corinthians | Gavi\u00f5es e Caixa Assinam Protocolo de Pagamento da D\u00edvida da Arena - PR\u00d3SPERI NEWS<\/title>\n<meta name=\"robots\" content=\"index, follow, max-snippet:-1, max-image-preview:large, max-video-preview:-1\" \/>\n<link rel=\"canonical\" href=\"https:\/\/blogdoprosperi.com\/?p=45928\" \/>\n<meta property=\"og:locale\" content=\"pt_BR\" \/>\n<meta property=\"og:type\" content=\"article\" \/>\n<meta property=\"og:title\" content=\"Faz Um PiX, Corinthians | Gavi\u00f5es e Caixa Assinam Protocolo de Pagamento da D\u00edvida da Arena - PR\u00d3SPERI NEWS\" \/>\n<meta property=\"og:description\" content=\"Luiz Ant\u00f4nio Pr\u00f3speri \u2013 18 outubro (20h25) Corintiano est\u00e1 convidado a fazer um PIX para quitar d\u00edvida da [&hellip;]\" \/>\n<meta property=\"og:url\" content=\"https:\/\/blogdoprosperi.com\/?p=45928\" \/>\n<meta property=\"og:site_name\" content=\"PR\u00d3SPERI NEWS\" \/>\n<meta property=\"article:publisher\" content=\"Luiz Pr\u00f3speri\" \/>\n<meta property=\"article:author\" content=\"Luiz Pr\u00f3speri\" \/>\n<meta property=\"article:published_time\" content=\"2024-10-18T23:25:29+00:00\" \/>\n<meta property=\"og:image\" content=\"https:\/\/i0.wp.com\/blogdoprosperi.com\/wp-content\/uploads\/2024\/10\/neo-quimica-arena-_01.jpg?fit=1200%2C856&ssl=1\" \/>\n\t<meta property=\"og:image:width\" content=\"1200\" \/>\n\t<meta property=\"og:image:height\" content=\"856\" \/>\n\t<meta property=\"og:image:type\" content=\"image\/jpeg\" \/>\n<meta name=\"author\" content=\"Luiz Ant\u00f4nio Pr\u00f3speri\" \/>\n<meta name=\"twitter:card\" content=\"summary_large_image\" \/>\n<meta name=\"twitter:creator\" content=\"@Luizprosperi\" \/>\n<meta name=\"twitter:site\" content=\"@Luizprosperi\" \/>\n<meta name=\"twitter:label1\" content=\"Escrito por\" \/>\n\t<meta name=\"twitter:data1\" content=\"Luiz Ant\u00f4nio Pr\u00f3speri\" \/>\n\t<meta name=\"twitter:label2\" content=\"Est. tempo de leitura\" \/>\n\t<meta name=\"twitter:data2\" content=\"3 minutos\" \/>\n<script type=\"application\/ld+json\" class=\"yoast-schema-graph\">{\"@context\":\"https:\\\/\\\/schema.org\",\"@graph\":[{\"@type\":\"Article\",\"@id\":\"https:\\\/\\\/blogdoprosperi.com\\\/?p=45928#article\",\"isPartOf\":{\"@id\":\"https:\\\/\\\/blogdoprosperi.com\\\/?p=45928\"},\"author\":{\"name\":\"Luiz Ant\u00f4nio Pr\u00f3speri\",\"@id\":\"https:\\\/\\\/blogdoprosperi.com\\\/#\\\/schema\\\/person\\\/38100755ce3601861ee4fab9b5aa78e9\"},\"headline\":\"Faz Um PiX, Corinthians | Gavi\u00f5es e Caixa Assinam Protocolo de Pagamento da D\u00edvida da Arena\",\"datePublished\":\"2024-10-18T23:25:29+00:00\",\"mainEntityOfPage\":{\"@id\":\"https:\\\/\\\/blogdoprosperi.com\\\/?p=45928\"},\"wordCount\":613,\"commentCount\":0,\"publisher\":{\"@id\":\"https:\\\/\\\/blogdoprosperi.com\\\/#\\\/schema\\\/person\\\/38100755ce3601861ee4fab9b5aa78e9\"},\"image\":{\"@id\":\"https:\\\/\\\/blogdoprosperi.com\\\/?p=45928#primaryimage\"},\"thumbnailUrl\":\"https:\\\/\\\/i0.wp.com\\\/blogdoprosperi.com\\\/wp-content\\\/uploads\\\/2024\\\/10\\\/neo-quimica-arena-_01.jpg?fit=1200%2C856&ssl=1\",\"keywords\":[\"0000ff\",\"futebol\"],\"articleSection\":[\"futebol\"],\"inLanguage\":\"pt-BR\",\"potentialAction\":[{\"@type\":\"CommentAction\",\"name\":\"Comment\",\"target\":[\"https:\\\/\\\/blogdoprosperi.com\\\/?p=45928#respond\"]}]},{\"@type\":\"WebPage\",\"@id\":\"https:\\\/\\\/blogdoprosperi.com\\\/?p=45928\",\"url\":\"https:\\\/\\\/blogdoprosperi.com\\\/?p=45928\",\"name\":\"Faz Um PiX, Corinthians | Gavi\u00f5es e Caixa Assinam Protocolo de Pagamento da D\u00edvida da Arena - PR\u00d3SPERI NEWS\",\"isPartOf\":{\"@id\":\"https:\\\/\\\/blogdoprosperi.com\\\/#website\"},\"primaryImageOfPage\":{\"@id\":\"https:\\\/\\\/blogdoprosperi.com\\\/?p=45928#primaryimage\"},\"image\":{\"@id\":\"https:\\\/\\\/blogdoprosperi.com\\\/?p=45928#primaryimage\"},\"thumbnailUrl\":\"https:\\\/\\\/i0.wp.com\\\/blogdoprosperi.com\\\/wp-content\\\/uploads\\\/2024\\\/10\\\/neo-quimica-arena-_01.jpg?fit=1200%2C856&ssl=1\",\"datePublished\":\"2024-10-18T23:25:29+00:00\",\"breadcrumb\":{\"@id\":\"https:\\\/\\\/blogdoprosperi.com\\\/?p=45928#breadcrumb\"},\"inLanguage\":\"pt-BR\",\"potentialAction\":[{\"@type\":\"ReadAction\",\"target\":[\"https:\\\/\\\/blogdoprosperi.com\\\/?p=45928\"]}]},{\"@type\":\"ImageObject\",\"inLanguage\":\"pt-BR\",\"@id\":\"https:\\\/\\\/blogdoprosperi.com\\\/?p=45928#primaryimage\",\"url\":\"https:\\\/\\\/i0.wp.com\\\/blogdoprosperi.com\\\/wp-content\\\/uploads\\\/2024\\\/10\\\/neo-quimica-arena-_01.jpg?fit=1200%2C856&ssl=1\",\"contentUrl\":\"https:\\\/\\\/i0.wp.com\\\/blogdoprosperi.com\\\/wp-content\\\/uploads\\\/2024\\\/10\\\/neo-quimica-arena-_01.jpg?fit=1200%2C856&ssl=1\",\"width\":1200,\"height\":856,\"caption\":\"Arena do Corinthians - Foto: Jo\u00e3o Paulo \u2013 JP Drone\\\/Neo Qu\u00edmica\"},{\"@type\":\"BreadcrumbList\",\"@id\":\"https:\\\/\\\/blogdoprosperi.com\\\/?p=45928#breadcrumb\",\"itemListElement\":[{\"@type\":\"ListItem\",\"position\":1,\"name\":\"In\u00edcio\",\"item\":\"https:\\\/\\\/blogdoprosperi.com\\\/\"},{\"@type\":\"ListItem\",\"position\":2,\"name\":\"Faz Um PiX, Corinthians | Gavi\u00f5es e Caixa Assinam Protocolo de Pagamento da D\u00edvida da Arena\"}]},{\"@type\":\"WebSite\",\"@id\":\"https:\\\/\\\/blogdoprosperi.com\\\/#website\",\"url\":\"https:\\\/\\\/blogdoprosperi.com\\\/\",\"name\":\"PR\u00d3SPERI NEWS\",\"description\":\"TUDO \u00c9  FUTEBOL\",\"publisher\":{\"@id\":\"https:\\\/\\\/blogdoprosperi.com\\\/#\\\/schema\\\/person\\\/38100755ce3601861ee4fab9b5aa78e9\"},\"alternateName\":\"blogdoprosperi.com\",\"potentialAction\":[{\"@type\":\"SearchAction\",\"target\":{\"@type\":\"EntryPoint\",\"urlTemplate\":\"https:\\\/\\\/blogdoprosperi.com\\\/?s={search_term_string}\"},\"query-input\":{\"@type\":\"PropertyValueSpecification\",\"valueRequired\":true,\"valueName\":\"search_term_string\"}}],\"inLanguage\":\"pt-BR\"},{\"@type\":[\"Person\",\"Organization\"],\"@id\":\"https:\\\/\\\/blogdoprosperi.com\\\/#\\\/schema\\\/person\\\/38100755ce3601861ee4fab9b5aa78e9\",\"name\":\"Luiz Ant\u00f4nio Pr\u00f3speri\",\"pronouns\":\"ele\",\"image\":{\"@type\":\"ImageObject\",\"inLanguage\":\"pt-BR\",\"@id\":\"https:\\\/\\\/i0.wp.com\\\/blogdoprosperi.com\\\/wp-content\\\/uploads\\\/2026\\\/05\\\/cropped-8059e613-6002-42fa-961e-8e275f575d71-2-5.jpg?fit=1360%2C931&ssl=1\",\"url\":\"https:\\\/\\\/i0.wp.com\\\/blogdoprosperi.com\\\/wp-content\\\/uploads\\\/2026\\\/05\\\/cropped-8059e613-6002-42fa-961e-8e275f575d71-2-5.jpg?fit=1360%2C931&ssl=1\",\"contentUrl\":\"https:\\\/\\\/i0.wp.com\\\/blogdoprosperi.com\\\/wp-content\\\/uploads\\\/2026\\\/05\\\/cropped-8059e613-6002-42fa-961e-8e275f575d71-2-5.jpg?fit=1360%2C931&ssl=1\",\"width\":1360,\"height\":931,\"caption\":\"Luiz Ant\u00f4nio Pr\u00f3speri\"},\"logo\":{\"@id\":\"https:\\\/\\\/i0.wp.com\\\/blogdoprosperi.com\\\/wp-content\\\/uploads\\\/2026\\\/05\\\/cropped-8059e613-6002-42fa-961e-8e275f575d71-2-5.jpg?fit=1360%2C931&ssl=1\"},\"description\":\"Jornalista com carreira dedicada ao esporte. Cobriu 9 Copas do Mundo in loco, 1990 na It\u00e1lia, 1994 nos EUA, 1998 na Fran\u00e7a, 2002 na Coreia do Sul e Jap\u00e3o, 2006 na Alemanha, 2010 na \u00c1frica do Sul, 2014 no Brasil, 2018 na R\u00fassia e 2022 no Qatar. Eurocopas, 1992 na Su\u00e9cia e 1996 na Inglaterra. Copa das Confedera\u00e7\u00f5es de 2005 na Alemanha e 2009 na \u00c1frica do Sul. Rep\u00f3rter e Editor, trabalhou no Jornal da Tarde e Estad\u00e3o, de 1984 a fevereiro de 2016. Colunista, blogueiro. E comentarista de futebol na R\u00e1dio Estad\u00e3o, de 2013 a fevereiro de 2016. Jornalista respons\u00e1vel do \\\"Pr\u00f3speri News\\\" (blogdoprosperi.com).\",\"sameAs\":[\"http:\\\/\\\/blogdoprosperi.com\",\"Luiz Pr\u00f3speri\",\"@luiz_prosperi\",\"https:\\\/\\\/x.com\\\/Luizprosperi\",\"@prosperinacopa\",\"luiz.prosperi@icloud.com\"],\"url\":\"https:\\\/\\\/blogdoprosperi.com\\\/?author=102107496\"}]}<\/script>\n<!-- \/ Yoast SEO plugin. -->","yoast_head_json":{"title":"Faz Um PiX, Corinthians | Gavi\u00f5es e Caixa Assinam Protocolo de Pagamento da D\u00edvida da Arena - PR\u00d3SPERI NEWS","robots":{"index":"index","follow":"follow","max-snippet":"max-snippet:-1","max-image-preview":"max-image-preview:large","max-video-preview":"max-video-preview:-1"},"canonical":"https:\/\/blogdoprosperi.com\/?p=45928","og_locale":"pt_BR","og_type":"article","og_title":"Faz Um PiX, Corinthians | Gavi\u00f5es e Caixa Assinam Protocolo de Pagamento da D\u00edvida da Arena - PR\u00d3SPERI NEWS","og_description":"Luiz Ant\u00f4nio Pr\u00f3speri \u2013 18 outubro (20h25) Corintiano est\u00e1 convidado a fazer um PIX para quitar d\u00edvida da [&hellip;]","og_url":"https:\/\/blogdoprosperi.com\/?p=45928","og_site_name":"PR\u00d3SPERI NEWS","article_publisher":"Luiz Pr\u00f3speri","article_author":"Luiz Pr\u00f3speri","article_published_time":"2024-10-18T23:25:29+00:00","og_image":[{"width":1200,"height":856,"url":"https:\/\/i0.wp.com\/blogdoprosperi.com\/wp-content\/uploads\/2024\/10\/neo-quimica-arena-_01.jpg?fit=1200%2C856&ssl=1","type":"image\/jpeg"}],"author":"Luiz Ant\u00f4nio Pr\u00f3speri","twitter_card":"summary_large_image","twitter_creator":"@Luizprosperi","twitter_site":"@Luizprosperi","twitter_misc":{"Escrito por":"Luiz Ant\u00f4nio Pr\u00f3speri","Est. tempo de leitura":"3 minutos"},"schema":{"@context":"https:\/\/schema.org","@graph":[{"@type":"Article","@id":"https:\/\/blogdoprosperi.com\/?p=45928#article","isPartOf":{"@id":"https:\/\/blogdoprosperi.com\/?p=45928"},"author":{"name":"Luiz Ant\u00f4nio Pr\u00f3speri","@id":"https:\/\/blogdoprosperi.com\/#\/schema\/person\/38100755ce3601861ee4fab9b5aa78e9"},"headline":"Faz Um PiX, Corinthians | Gavi\u00f5es e Caixa Assinam Protocolo de Pagamento da D\u00edvida da Arena","datePublished":"2024-10-18T23:25:29+00:00","mainEntityOfPage":{"@id":"https:\/\/blogdoprosperi.com\/?p=45928"},"wordCount":613,"commentCount":0,"publisher":{"@id":"https:\/\/blogdoprosperi.com\/#\/schema\/person\/38100755ce3601861ee4fab9b5aa78e9"},"image":{"@id":"https:\/\/blogdoprosperi.com\/?p=45928#primaryimage"},"thumbnailUrl":"https:\/\/i0.wp.com\/blogdoprosperi.com\/wp-content\/uploads\/2024\/10\/neo-quimica-arena-_01.jpg?fit=1200%2C856&ssl=1","keywords":["0000ff","futebol"],"articleSection":["futebol"],"inLanguage":"pt-BR","potentialAction":[{"@type":"CommentAction","name":"Comment","target":["https:\/\/blogdoprosperi.com\/?p=45928#respond"]}]},{"@type":"WebPage","@id":"https:\/\/blogdoprosperi.com\/?p=45928","url":"https:\/\/blogdoprosperi.com\/?p=45928","name":"Faz Um PiX, Corinthians | Gavi\u00f5es e Caixa Assinam Protocolo de Pagamento da D\u00edvida da Arena - PR\u00d3SPERI NEWS","isPartOf":{"@id":"https:\/\/blogdoprosperi.com\/#website"},"primaryImageOfPage":{"@id":"https:\/\/blogdoprosperi.com\/?p=45928#primaryimage"},"image":{"@id":"https:\/\/blogdoprosperi.com\/?p=45928#primaryimage"},"thumbnailUrl":"https:\/\/i0.wp.com\/blogdoprosperi.com\/wp-content\/uploads\/2024\/10\/neo-quimica-arena-_01.jpg?fit=1200%2C856&ssl=1","datePublished":"2024-10-18T23:25:29+00:00","breadcrumb":{"@id":"https:\/\/blogdoprosperi.com\/?p=45928#breadcrumb"},"inLanguage":"pt-BR","potentialAction":[{"@type":"ReadAction","target":["https:\/\/blogdoprosperi.com\/?p=45928"]}]},{"@type":"ImageObject","inLanguage":"pt-BR","@id":"https:\/\/blogdoprosperi.com\/?p=45928#primaryimage","url":"https:\/\/i0.wp.com\/blogdoprosperi.com\/wp-content\/uploads\/2024\/10\/neo-quimica-arena-_01.jpg?fit=1200%2C856&ssl=1","contentUrl":"https:\/\/i0.wp.com\/blogdoprosperi.com\/wp-content\/uploads\/2024\/10\/neo-quimica-arena-_01.jpg?fit=1200%2C856&ssl=1","width":1200,"height":856,"caption":"Arena do Corinthians - Foto: Jo\u00e3o Paulo \u2013 JP Drone\/Neo Qu\u00edmica"},{"@type":"BreadcrumbList","@id":"https:\/\/blogdoprosperi.com\/?p=45928#breadcrumb","itemListElement":[{"@type":"ListItem","position":1,"name":"In\u00edcio","item":"https:\/\/blogdoprosperi.com\/"},{"@type":"ListItem","position":2,"name":"Faz Um PiX, Corinthians | Gavi\u00f5es e Caixa Assinam Protocolo de Pagamento da D\u00edvida da Arena"}]},{"@type":"WebSite","@id":"https:\/\/blogdoprosperi.com\/#website","url":"https:\/\/blogdoprosperi.com\/","name":"PR\u00d3SPERI NEWS","description":"TUDO \u00c9  FUTEBOL","publisher":{"@id":"https:\/\/blogdoprosperi.com\/#\/schema\/person\/38100755ce3601861ee4fab9b5aa78e9"},"alternateName":"blogdoprosperi.com","potentialAction":[{"@type":"SearchAction","target":{"@type":"EntryPoint","urlTemplate":"https:\/\/blogdoprosperi.com\/?s={search_term_string}"},"query-input":{"@type":"PropertyValueSpecification","valueRequired":true,"valueName":"search_term_string"}}],"inLanguage":"pt-BR"},{"@type":["Person","Organization"],"@id":"https:\/\/blogdoprosperi.com\/#\/schema\/person\/38100755ce3601861ee4fab9b5aa78e9","name":"Luiz Ant\u00f4nio Pr\u00f3speri","pronouns":"ele","image":{"@type":"ImageObject","inLanguage":"pt-BR","@id":"https:\/\/i0.wp.com\/blogdoprosperi.com\/wp-content\/uploads\/2026\/05\/cropped-8059e613-6002-42fa-961e-8e275f575d71-2-5.jpg?fit=1360%2C931&ssl=1","url":"https:\/\/i0.wp.com\/blogdoprosperi.com\/wp-content\/uploads\/2026\/05\/cropped-8059e613-6002-42fa-961e-8e275f575d71-2-5.jpg?fit=1360%2C931&ssl=1","contentUrl":"https:\/\/i0.wp.com\/blogdoprosperi.com\/wp-content\/uploads\/2026\/05\/cropped-8059e613-6002-42fa-961e-8e275f575d71-2-5.jpg?fit=1360%2C931&ssl=1","width":1360,"height":931,"caption":"Luiz Ant\u00f4nio Pr\u00f3speri"},"logo":{"@id":"https:\/\/i0.wp.com\/blogdoprosperi.com\/wp-content\/uploads\/2026\/05\/cropped-8059e613-6002-42fa-961e-8e275f575d71-2-5.jpg?fit=1360%2C931&ssl=1"},"description":"Jornalista com carreira dedicada ao esporte. Cobriu 9 Copas do Mundo in loco, 1990 na It\u00e1lia, 1994 nos EUA, 1998 na Fran\u00e7a, 2002 na Coreia do Sul e Jap\u00e3o, 2006 na Alemanha, 2010 na \u00c1frica do Sul, 2014 no Brasil, 2018 na R\u00fassia e 2022 no Qatar. Eurocopas, 1992 na Su\u00e9cia e 1996 na Inglaterra. Copa das Confedera\u00e7\u00f5es de 2005 na Alemanha e 2009 na \u00c1frica do Sul. Rep\u00f3rter e Editor, trabalhou no Jornal da Tarde e Estad\u00e3o, de 1984 a fevereiro de 2016. Colunista, blogueiro. E comentarista de futebol na R\u00e1dio Estad\u00e3o, de 2013 a fevereiro de 2016. Jornalista respons\u00e1vel do \"Pr\u00f3speri News\" (blogdoprosperi.com).","sameAs":["http:\/\/blogdoprosperi.com","Luiz Pr\u00f3speri","@luiz_prosperi","https:\/\/x.com\/Luizprosperi","@prosperinacopa","luiz.prosperi@icloud.com"],"url":"https:\/\/blogdoprosperi.com\/?author=102107496"}]}},"jetpack_publicize_connections":[],"jetpack_likes_enabled":false,"jetpack_sharing_enabled":true,"jetpack_shortlink":"https:\/\/wp.me\/p7jvdk-bWM","jetpack-related-posts":[{"id":42700,"url":"https:\/\/blogdoprosperi.com\/?p=42700","url_meta":{"origin":45928,"position":0},"title":"Gavi\u00f5es da Fiel Abre Negocia\u00e7\u00f5es com a Caixa para Quitar D\u00edvida do Corinthians","author":"Luiz Ant\u00f4nio Pr\u00f3speri","date":"15 de junho de 2024","format":false,"excerpt":"Gavi\u00f5es da Fiel, maior torcida organizada do Corinthians, abre negocia\u00e7\u00f5es com a Caixa Econ\u00f4mica Federal para quitar a d\u00edvida do clube com a constru\u00e7\u00e3o do est\u00e1dio em Itaquera, a Neo Qu\u00edmica Arena. Primeiro encontro entre dirigentes da Gavi\u00f5es e Caixa se deu nessa sexta-feira (14\/6), informa site oficial da torcida.\u2026","rel":"","context":"Em &quot;futebol&quot;","block_context":{"text":"futebol","link":"https:\/\/blogdoprosperi.com\/?cat=53870"},"img":{"alt_text":"Gavi\u00f5es tem projeto para pagar arena do Corinthians","src":"https:\/\/i0.wp.com\/blogdoprosperi.com\/wp-content\/uploads\/2024\/06\/torcida-gaviocc83es-da-fiel.jpg?fit=711%2C400&ssl=1&resize=350%2C200","width":350,"height":200,"srcset":"https:\/\/i0.wp.com\/blogdoprosperi.com\/wp-content\/uploads\/2024\/06\/torcida-gaviocc83es-da-fiel.jpg?fit=711%2C400&ssl=1&resize=350%2C200 1x, https:\/\/i0.wp.com\/blogdoprosperi.com\/wp-content\/uploads\/2024\/06\/torcida-gaviocc83es-da-fiel.jpg?fit=711%2C400&ssl=1&resize=525%2C300 1.5x, https:\/\/i0.wp.com\/blogdoprosperi.com\/wp-content\/uploads\/2024\/06\/torcida-gaviocc83es-da-fiel.jpg?fit=711%2C400&ssl=1&resize=700%2C400 2x"},"classes":[]},{"id":44886,"url":"https:\/\/blogdoprosperi.com\/?p=44886","url_meta":{"origin":45928,"position":1},"title":"Corinthians 114 Anos: Vit\u00f3ria Emblem\u00e1tica, Crise Pol\u00edtica e Cresce Poder da Gavi\u00f5es","author":"Luiz Ant\u00f4nio Pr\u00f3speri","date":"2 de setembro de 2024","format":false,"excerpt":"Luiz Ant\u00f4nio Pr\u00f3speri \u2013 2 setembro (11h30) Corinthians comemora 114 anos de vida em meio a uma turbul\u00eancia pol\u00edtica e financeira, ultimato de sua maior torcida organizada e vit\u00f3ria emblem\u00e1tica em cima do Flamengo. Um caldeir\u00e3o fumegante. Antes de se impor diante do Flamengo e Tite na Arena Neo Qu\u00edmica,\u2026","rel":"","context":"Em &quot;futebol&quot;","block_context":{"text":"futebol","link":"https:\/\/blogdoprosperi.com\/?cat=53870"},"img":{"alt_text":"Cresce poder da Gavi\u00f5es no Corinthians","src":"https:\/\/i0.wp.com\/blogdoprosperi.com\/wp-content\/uploads\/2024\/09\/captura-de-tela-2024-09-02-as-11.55.12.png?fit=1142%2C1026&ssl=1&resize=350%2C200","width":350,"height":200,"srcset":"https:\/\/i0.wp.com\/blogdoprosperi.com\/wp-content\/uploads\/2024\/09\/captura-de-tela-2024-09-02-as-11.55.12.png?fit=1142%2C1026&ssl=1&resize=350%2C200 1x, https:\/\/i0.wp.com\/blogdoprosperi.com\/wp-content\/uploads\/2024\/09\/captura-de-tela-2024-09-02-as-11.55.12.png?fit=1142%2C1026&ssl=1&resize=525%2C300 1.5x, https:\/\/i0.wp.com\/blogdoprosperi.com\/wp-content\/uploads\/2024\/09\/captura-de-tela-2024-09-02-as-11.55.12.png?fit=1142%2C1026&ssl=1&resize=700%2C400 2x, https:\/\/i0.wp.com\/blogdoprosperi.com\/wp-content\/uploads\/2024\/09\/captura-de-tela-2024-09-02-as-11.55.12.png?fit=1142%2C1026&ssl=1&resize=1050%2C600 3x"},"classes":[]},{"id":46627,"url":"https:\/\/blogdoprosperi.com\/?p=46627","url_meta":{"origin":45928,"position":2},"title":"&#8220;Vaquinha&#8221; de Torcedores do Corinthians Indica Pagamento da  D\u00edvida da Arena em 100 Dias","author":"Luiz Ant\u00f4nio Pr\u00f3speri","date":"29 de novembro de 2024","format":false,"excerpt":"Luiz Ant\u00f4nio Pr\u00f3speri \u2013 29 novembro (12h25) \u2013 Torcida do Corinthians humilha dirigentes do clube com a \"vaquinha\" para quitar a d\u00edvida da Arena em Itaquera. No primeiro dia de doa\u00e7\u00f5es, a Fiel arrecadou R$ 7,2 milh\u00f5es na quinta-feira (28\/11). D\u00edvida do clube com a Caixa Econ\u00f4mica Federal \u00e9 de\u2026","rel":"","context":"Em &quot;futebol&quot;","block_context":{"text":"futebol","link":"https:\/\/blogdoprosperi.com\/?cat=53870"},"img":{"alt_text":"Gavi\u00f5es e Caixa assinam protocolo de inten\u00e7\u00f5es para pagar Arena no Mix","src":"https:\/\/i0.wp.com\/blogdoprosperi.com\/wp-content\/uploads\/2024\/10\/neo-quimica-arena-_01.jpg?fit=1200%2C856&ssl=1&resize=350%2C200","width":350,"height":200,"srcset":"https:\/\/i0.wp.com\/blogdoprosperi.com\/wp-content\/uploads\/2024\/10\/neo-quimica-arena-_01.jpg?fit=1200%2C856&ssl=1&resize=350%2C200 1x, https:\/\/i0.wp.com\/blogdoprosperi.com\/wp-content\/uploads\/2024\/10\/neo-quimica-arena-_01.jpg?fit=1200%2C856&ssl=1&resize=525%2C300 1.5x, https:\/\/i0.wp.com\/blogdoprosperi.com\/wp-content\/uploads\/2024\/10\/neo-quimica-arena-_01.jpg?fit=1200%2C856&ssl=1&resize=700%2C400 2x, https:\/\/i0.wp.com\/blogdoprosperi.com\/wp-content\/uploads\/2024\/10\/neo-quimica-arena-_01.jpg?fit=1200%2C856&ssl=1&resize=1050%2C600 3x"},"classes":[]},{"id":43318,"url":"https:\/\/blogdoprosperi.com\/?p=43318","url_meta":{"origin":45928,"position":3},"title":"Gavi\u00f5es da Fiel assume poder e decreta: Corinthians n\u00e3o tem dono","author":"Luiz Ant\u00f4nio Pr\u00f3speri","date":"28 de junho de 2024","format":false,"excerpt":"\"Corinthians n\u00e3o tem dono\". A senten\u00e7a proferida por um dos l\u00edderes da torcida Gavi\u00f5es da Fiel, olho no olho do assustado Marcelo Mariano, diretor administrativo do clube, explica o caos que vive o Corinthians. O l\u00edder da fac\u00e7\u00e3o organizada ao intimar o diretor estava cercado de seus pares da Gavi\u00f5es.\u2026","rel":"","context":"Em &quot;Campeonato Brasileiro&quot;","block_context":{"text":"Campeonato Brasileiro","link":"https:\/\/blogdoprosperi.com\/?cat=355071"},"img":{"alt_text":"Corinthians \u00e9 do povo","src":"https:\/\/i0.wp.com\/blogdoprosperi.com\/wp-content\/uploads\/2024\/06\/captura-de-tela-2024-06-28-as-13.33.01.png?fit=1054%2C740&ssl=1&resize=350%2C200","width":350,"height":200,"srcset":"https:\/\/i0.wp.com\/blogdoprosperi.com\/wp-content\/uploads\/2024\/06\/captura-de-tela-2024-06-28-as-13.33.01.png?fit=1054%2C740&ssl=1&resize=350%2C200 1x, https:\/\/i0.wp.com\/blogdoprosperi.com\/wp-content\/uploads\/2024\/06\/captura-de-tela-2024-06-28-as-13.33.01.png?fit=1054%2C740&ssl=1&resize=525%2C300 1.5x, https:\/\/i0.wp.com\/blogdoprosperi.com\/wp-content\/uploads\/2024\/06\/captura-de-tela-2024-06-28-as-13.33.01.png?fit=1054%2C740&ssl=1&resize=700%2C400 2x, https:\/\/i0.wp.com\/blogdoprosperi.com\/wp-content\/uploads\/2024\/06\/captura-de-tela-2024-06-28-as-13.33.01.png?fit=1054%2C740&ssl=1&resize=1050%2C600 3x"},"classes":[]},{"id":1452,"url":"https:\/\/blogdoprosperi.com\/?p=1452","url_meta":{"origin":45928,"position":4},"title":"Gavi\u00f5es da Fiel n\u00e3o se intimida","author":"Luiz Ant\u00f4nio Pr\u00f3speri","date":"16 de abril de 2016","format":false,"excerpt":"A Gavi\u00f5es da Fiel, torcida organizada do Corinthians, protestou nesta sexta-feira contra a Secretaria de Seguran\u00e7a P\u00fablica de S\u00e3o Paulo (SSPSP), CBF, o deputado Fernando Capez, TV Globo e Federa\u00e7\u00e3o Paulista (FPF). Cerca de 2 mil pessoas participaram da manifesta\u00e7\u00e3o no in\u00edcio da noite no Vale Anhangaba\u00fa. A torcida promete\u2026","rel":"","context":"Em &quot;futebol&quot;","block_context":{"text":"futebol","link":"https:\/\/blogdoprosperi.com\/?cat=53870"},"img":{"alt_text":"","src":"https:\/\/i0.wp.com\/blogdoprosperi.com\/wp-content\/uploads\/2016\/04\/gavioes-02.jpg?resize=350%2C200&ssl=1","width":350,"height":200,"srcset":"https:\/\/i0.wp.com\/blogdoprosperi.com\/wp-content\/uploads\/2016\/04\/gavioes-02.jpg?resize=350%2C200&ssl=1 1x, https:\/\/i0.wp.com\/blogdoprosperi.com\/wp-content\/uploads\/2016\/04\/gavioes-02.jpg?resize=525%2C300&ssl=1 1.5x"},"classes":[]},{"id":1397,"url":"https:\/\/blogdoprosperi.com\/?p=1397","url_meta":{"origin":45928,"position":5},"title":"Governo paulista declara guerra \u00e0s torcidas organizadas","author":"Luiz Ant\u00f4nio Pr\u00f3speri","date":"15 de abril de 2016","format":false,"excerpt":"\"N\u00f3s precisamos deixar muito claro para as torcidas organizadas que elas t\u00eam uma escolha: ou elas escolhem o lado da lei, da ordem, da seguran\u00e7a p\u00fablica, do Minist\u00e9rio P\u00fablico, da Justi\u00e7a ou dos torcedores bandidos. N\u00e3o vai ficar mais no meio termo. Se escolherem o nosso lado, muito bom, v\u00e3o\u2026","rel":"","context":"Em &quot;futebol&quot;","block_context":{"text":"futebol","link":"https:\/\/blogdoprosperi.com\/?cat=53870"},"img":{"alt_text":"","src":"https:\/\/i0.wp.com\/blogdoprosperi.com\/wp-content\/uploads\/2016\/04\/captura_de_tela_2016-02-14_as_182924_cn.jpg?resize=350%2C200&ssl=1","width":350,"height":200,"srcset":"https:\/\/i0.wp.com\/blogdoprosperi.com\/wp-content\/uploads\/2016\/04\/captura_de_tela_2016-02-14_as_182924_cn.jpg?resize=350%2C200&ssl=1 1x, https:\/\/i0.wp.com\/blogdoprosperi.com\/wp-content\/uploads\/2016\/04\/captura_de_tela_2016-02-14_as_182924_cn.jpg?resize=525%2C300&ssl=1 1.5x"},"classes":[]}],"jetpack_featured_media_url":"https:\/\/i0.wp.com\/blogdoprosperi.com\/wp-content\/uploads\/2024\/10\/neo-quimica-arena-_01.jpg?fit=1200%2C856&ssl=1","_links":{"self":[{"href":"https:\/\/blogdoprosperi.com\/index.php?rest_route=\/wp\/v2\/posts\/45928","targetHints":{"allow":["GET"]}}],"collection":[{"href":"https:\/\/blogdoprosperi.com\/index.php?rest_route=\/wp\/v2\/posts"}],"about":[{"href":"https:\/\/blogdoprosperi.com\/index.php?rest_route=\/wp\/v2\/types\/post"}],"author":[{"embeddable":true,"href":"https:\/\/blogdoprosperi.com\/index.php?rest_route=\/wp\/v2\/users\/102107496"}],"replies":[{"embeddable":true,"href":"https:\/\/blogdoprosperi.com\/index.php?rest_route=%2Fwp%2Fv2%2Fcomments&post=45928"}],"version-history":[{"count":14,"href":"https:\/\/blogdoprosperi.com\/index.php?rest_route=\/wp\/v2\/posts\/45928\/revisions"}],"predecessor-version":[{"id":45943,"href":"https:\/\/blogdoprosperi.com\/index.php?rest_route=\/wp\/v2\/posts\/45928\/revisions\/45943"}],"wp:featuredmedia":[{"embeddable":true,"href":"https:\/\/blogdoprosperi.com\/index.php?rest_route=\/wp\/v2\/media\/45940"}],"wp:attachment":[{"href":"https:\/\/blogdoprosperi.com\/index.php?rest_route=%2Fwp%2Fv2%2Fmedia&parent=45928"}],"wp:term":[{"taxonomy":"category","embeddable":true,"href":"https:\/\/blogdoprosperi.com\/index.php?rest_route=%2Fwp%2Fv2%2Fcategories&post=45928"},{"taxonomy":"post_tag","embeddable":true,"href":"https:\/\/blogdoprosperi.com\/index.php?rest_route=%2Fwp%2Fv2%2Ftags&post=45928"}],"curies":[{"name":"wp","href":"https:\/\/api.w.org\/{rel}","templated":true}]}}