{"id":45986,"date":"2024-10-21T11:35:56","date_gmt":"2024-10-21T14:35:56","guid":{"rendered":"http:\/\/blogdoprosperi.com\/2024\/10\/21\/neymar-volta-hoje-ao-futebol\/"},"modified":"2024-10-21T16:23:22","modified_gmt":"2024-10-21T19:23:22","slug":"neymar-volta-hoje-ao-futebol","status":"publish","type":"post","link":"https:\/\/blogdoprosperi.com\/?p=45986","title":{"rendered":"Neymar Volta ao Futebol | Joga 30 minutos na vit\u00f3ria do Al-Hilal 5 x 4 Al-Ain"},"content":{"rendered":"\n<p class=\"wp-block-paragraph\">Neymar entra aos 31 minutos do segundo tempo substituindo Nasser Dawssari. Por pouco n\u00e3o faz um gol, aos 41. Jogo acaba com a vit\u00f3ria do Al-Hilal por 5 a 4 contra o Al-Ain na Champions da \u00c1sia.<\/p>\n\n\n\n<p class=\"wp-block-paragraph\">Craque estava afastado do futebol h\u00e1 um ano, ap\u00f3s sofrer ruptura dos ligamentos do joelho esquerdo em outubro de 2023.<\/p>\n\n\n\n<figure class=\"wp-block-embed is-type-rich is-provider-twitter wp-block-embed-twitter\"><div class=\"wp-block-embed__wrapper\">\n<div class=\"embed-x\"><blockquote class=\"twitter-tweet\" data-width=\"550\" data-dnt=\"true\"><p lang=\"pt\" dir=\"ltr\">Ney,<br>Se t\u00fa t\u00e1 feliz, imagina a gente !!<br>Vc tem a manha de fazer a gente feliz&#8230; <br>Voc\u00ea fez muita falta ao futebol.<br>\u270b\ud83c\udffd\ud83d\ude1d\ud83e\udd1a\ud83c\udffd<br>.<br>Ney,<br>If you&#39;re happy, imagine how happy we are!!<br>You have the ability to make us happy&#8230;<br>Football missed you a lot, a LOT.<br>\u270b\ud83c\udffd\ud83d\ude1d\ud83e\udd1a\ud83c\udffd<a href=\"https:\/\/x.com\/hashtag\/NeyDay?src=hash&amp;ref_src=twsrc%5Etfw\">#NeyDay<\/a> <a href=\"https:\/\/x.com\/hashtag\/neymar?src=hash&amp;ref_src=twsrc%5Etfw\">#neymar<\/a>\u2026 <a href=\"https:\/\/t.co\/8rL4NSwhe6\">pic.twitter.com\/8rL4NSwhe6<\/a><\/p>&mdash; Neymar Jr Site (@NeymarJrSite) <a href=\"https:\/\/x.com\/NeymarJrSite\/status\/1848443094150094917?ref_src=twsrc%5Etfw\">October 21, 2024<\/a><\/blockquote><script async src=\"https:\/\/platform.x.com\/widgets.js\" charset=\"utf-8\"><\/script><\/div>\n<\/div><\/figure>\n\n\n\n<figure class=\"wp-block-embed is-type-rich is-provider-twitter wp-block-embed-twitter\"><div class=\"wp-block-embed__wrapper\">\n<div class=\"embed-x\"><blockquote class=\"twitter-tweet\" data-width=\"550\" data-dnt=\"true\"><p lang=\"pt\" dir=\"ltr\">Feliz de estar sentindo este sentimento novamente, friozinho na barriga pr\u00e9 jogo \u00e9 sempre muito bom .. que seja um retorno cheio de sa\u00fade! <br>Que Deus nos aben\u00e7oe e nos proteja \ud83d\ude4f\ud83d\udc99 <a href=\"https:\/\/t.co\/xADLA6mVlC\">pic.twitter.com\/xADLA6mVlC<\/a><\/p>&mdash; Neymar Jr (@neymarjr) <a href=\"https:\/\/x.com\/neymarjr\/status\/1848363410343305557?ref_src=twsrc%5Etfw\">October 21, 2024<\/a><\/blockquote><script async src=\"https:\/\/platform.x.com\/widgets.js\" charset=\"utf-8\"><\/script><\/div>\n<\/div><\/figure>\n","protected":false},"excerpt":{"rendered":"<p>Neymar entra aos 31 minutos do segundo tempo substituindo Nasser Dawssari. Por pouco n\u00e3o faz um gol, aos [&hellip;]<\/p>\n","protected":false},"author":102107496,"featured_media":45991,"comment_status":"open","ping_status":"open","sticky":false,"template":"","format":"standard","meta":{"_coblocks_attr":"","_coblocks_dimensions":"","_coblocks_responsive_height":"","_coblocks_accordion_ie_support":"","_jetpack_newsletter_access":"","_jetpack_dont_email_post_to_subs":false,"_jetpack_newsletter_tier_id":0,"_jetpack_memberships_contains_paywalled_content":false,"_wpcom_ai_launchpad_first_post":false,"_jetpack_feature_clip_id":0,"_jetpack_memberships_contains_paid_content":false,"footnotes":"","jetpack_publicize_message":"","jetpack_publicize_feature_enabled":true,"jetpack_social_post_already_shared":false,"jetpack_social_options":{"image_generator_settings":{"template":"highway","default_image_id":0,"font":"","enabled":false},"version":2},"jetpack_post_was_ever_published":false},"categories":[53870,20384],"tags":[10668348,2248003,789560569,63558320,789560560,1055590,789560573,4112146,789560562],"class_list":["post-45986","post","type-post","status-publish","format-standard","has-post-thumbnail","hentry","category-futebol","category-informacao","tag-0000ff","tag-al-hilal","tag-cbf","tag-dorival-junior-2","tag-futebol","tag-jorge-jesus","tag-luiz-antonio-prosperi","tag-neymar","tag-selecao-brasileira"],"yoast_head":"<!-- This site is optimized with the Yoast SEO plugin v28.3 - https:\/\/yoast.com\/product\/yoast-seo-wordpress\/ -->\n<title>Neymar Volta ao Futebol | Joga 30 minutos na vit\u00f3ria do Al-Hilal 5 x 4 Al-Ain - PR\u00d3SPERI NEWS<\/title>\n<meta name=\"robots\" content=\"index, follow, max-snippet:-1, max-image-preview:large, max-video-preview:-1\" \/>\n<link rel=\"canonical\" href=\"https:\/\/blogdoprosperi.com\/?p=45986\" \/>\n<meta property=\"og:locale\" content=\"pt_BR\" \/>\n<meta property=\"og:type\" content=\"article\" \/>\n<meta property=\"og:title\" content=\"Neymar Volta ao Futebol | Joga 30 minutos na vit\u00f3ria do Al-Hilal 5 x 4 Al-Ain - PR\u00d3SPERI NEWS\" \/>\n<meta property=\"og:description\" content=\"Neymar entra aos 31 minutos do segundo tempo substituindo Nasser Dawssari. Por pouco n\u00e3o faz um gol, aos [&hellip;]\" \/>\n<meta property=\"og:url\" content=\"https:\/\/blogdoprosperi.com\/?p=45986\" \/>\n<meta property=\"og:site_name\" content=\"PR\u00d3SPERI NEWS\" \/>\n<meta property=\"article:publisher\" content=\"Luiz Pr\u00f3speri\" \/>\n<meta property=\"article:author\" content=\"Luiz Pr\u00f3speri\" \/>\n<meta property=\"article:published_time\" content=\"2024-10-21T14:35:56+00:00\" \/>\n<meta property=\"article:modified_time\" content=\"2024-10-21T19:23:22+00:00\" \/>\n<meta property=\"og:image\" content=\"https:\/\/i0.wp.com\/blogdoprosperi.com\/wp-content\/uploads\/2024\/10\/gaa0ue9xcaallgj.jpeg?fit=1880%2C2048&ssl=1\" \/>\n\t<meta property=\"og:image:width\" content=\"1880\" \/>\n\t<meta property=\"og:image:height\" content=\"2048\" \/>\n\t<meta property=\"og:image:type\" content=\"image\/jpeg\" \/>\n<meta name=\"author\" content=\"Luiz Ant\u00f4nio Pr\u00f3speri\" \/>\n<meta name=\"twitter:card\" content=\"summary_large_image\" \/>\n<meta name=\"twitter:creator\" content=\"@Luizprosperi\" \/>\n<meta name=\"twitter:site\" content=\"@Luizprosperi\" \/>\n<meta name=\"twitter:label1\" content=\"Escrito por\" \/>\n\t<meta name=\"twitter:data1\" content=\"Luiz Ant\u00f4nio Pr\u00f3speri\" \/>\n<script type=\"application\/ld+json\" class=\"yoast-schema-graph\">{\"@context\":\"https:\\\/\\\/schema.org\",\"@graph\":[{\"@type\":\"Article\",\"@id\":\"https:\\\/\\\/blogdoprosperi.com\\\/?p=45986#article\",\"isPartOf\":{\"@id\":\"https:\\\/\\\/blogdoprosperi.com\\\/?p=45986\"},\"author\":{\"name\":\"Luiz Ant\u00f4nio Pr\u00f3speri\",\"@id\":\"https:\\\/\\\/blogdoprosperi.com\\\/#\\\/schema\\\/person\\\/38100755ce3601861ee4fab9b5aa78e9\"},\"headline\":\"Neymar Volta ao Futebol | Joga 30 minutos na vit\u00f3ria do Al-Hilal 5 x 4 Al-Ain\",\"datePublished\":\"2024-10-21T14:35:56+00:00\",\"dateModified\":\"2024-10-21T19:23:22+00:00\",\"mainEntityOfPage\":{\"@id\":\"https:\\\/\\\/blogdoprosperi.com\\\/?p=45986\"},\"wordCount\":86,\"commentCount\":0,\"publisher\":{\"@id\":\"https:\\\/\\\/blogdoprosperi.com\\\/#\\\/schema\\\/person\\\/38100755ce3601861ee4fab9b5aa78e9\"},\"image\":{\"@id\":\"https:\\\/\\\/blogdoprosperi.com\\\/?p=45986#primaryimage\"},\"thumbnailUrl\":\"https:\\\/\\\/i0.wp.com\\\/blogdoprosperi.com\\\/wp-content\\\/uploads\\\/2024\\\/10\\\/gaa0ue9xcaallgj.jpeg?fit=1880%2C2048&ssl=1\",\"keywords\":[\"0000ff\",\"Al Hilal\",\"CBF\",\"Dorival Junior\",\"futebol\",\"Jorge jesus\",\"Luiz Ant\u00f4nio Pr\u00f3speri\",\"Neymar\",\"Sele\u00e7\u00e3o Brasileira\"],\"articleSection\":[\"futebol\",\"informa\u00e7\u00e3o\"],\"inLanguage\":\"pt-BR\",\"potentialAction\":[{\"@type\":\"CommentAction\",\"name\":\"Comment\",\"target\":[\"https:\\\/\\\/blogdoprosperi.com\\\/?p=45986#respond\"]}]},{\"@type\":\"WebPage\",\"@id\":\"https:\\\/\\\/blogdoprosperi.com\\\/?p=45986\",\"url\":\"https:\\\/\\\/blogdoprosperi.com\\\/?p=45986\",\"name\":\"Neymar Volta ao Futebol | Joga 30 minutos na vit\u00f3ria do Al-Hilal 5 x 4 Al-Ain - PR\u00d3SPERI NEWS\",\"isPartOf\":{\"@id\":\"https:\\\/\\\/blogdoprosperi.com\\\/#website\"},\"primaryImageOfPage\":{\"@id\":\"https:\\\/\\\/blogdoprosperi.com\\\/?p=45986#primaryimage\"},\"image\":{\"@id\":\"https:\\\/\\\/blogdoprosperi.com\\\/?p=45986#primaryimage\"},\"thumbnailUrl\":\"https:\\\/\\\/i0.wp.com\\\/blogdoprosperi.com\\\/wp-content\\\/uploads\\\/2024\\\/10\\\/gaa0ue9xcaallgj.jpeg?fit=1880%2C2048&ssl=1\",\"datePublished\":\"2024-10-21T14:35:56+00:00\",\"dateModified\":\"2024-10-21T19:23:22+00:00\",\"breadcrumb\":{\"@id\":\"https:\\\/\\\/blogdoprosperi.com\\\/?p=45986#breadcrumb\"},\"inLanguage\":\"pt-BR\",\"potentialAction\":[{\"@type\":\"ReadAction\",\"target\":[\"https:\\\/\\\/blogdoprosperi.com\\\/?p=45986\"]}]},{\"@type\":\"ImageObject\",\"inLanguage\":\"pt-BR\",\"@id\":\"https:\\\/\\\/blogdoprosperi.com\\\/?p=45986#primaryimage\",\"url\":\"https:\\\/\\\/i0.wp.com\\\/blogdoprosperi.com\\\/wp-content\\\/uploads\\\/2024\\\/10\\\/gaa0ue9xcaallgj.jpeg?fit=1880%2C2048&ssl=1\",\"contentUrl\":\"https:\\\/\\\/i0.wp.com\\\/blogdoprosperi.com\\\/wp-content\\\/uploads\\\/2024\\\/10\\\/gaa0ue9xcaallgj.jpeg?fit=1880%2C2048&ssl=1\",\"width\":1880,\"height\":2048,\"caption\":\"Neymar volta a jogar depois de um ano \u2013 foto: Twitter\"},{\"@type\":\"BreadcrumbList\",\"@id\":\"https:\\\/\\\/blogdoprosperi.com\\\/?p=45986#breadcrumb\",\"itemListElement\":[{\"@type\":\"ListItem\",\"position\":1,\"name\":\"In\u00edcio\",\"item\":\"https:\\\/\\\/blogdoprosperi.com\\\/\"},{\"@type\":\"ListItem\",\"position\":2,\"name\":\"Neymar Volta ao Futebol | Joga 30 minutos na vit\u00f3ria do Al-Hilal 5 x 4 Al-Ain\"}]},{\"@type\":\"WebSite\",\"@id\":\"https:\\\/\\\/blogdoprosperi.com\\\/#website\",\"url\":\"https:\\\/\\\/blogdoprosperi.com\\\/\",\"name\":\"PR\u00d3SPERI NEWS\",\"description\":\"TUDO \u00c9  FUTEBOL\",\"publisher\":{\"@id\":\"https:\\\/\\\/blogdoprosperi.com\\\/#\\\/schema\\\/person\\\/38100755ce3601861ee4fab9b5aa78e9\"},\"alternateName\":\"blogdoprosperi.com\",\"potentialAction\":[{\"@type\":\"SearchAction\",\"target\":{\"@type\":\"EntryPoint\",\"urlTemplate\":\"https:\\\/\\\/blogdoprosperi.com\\\/?s={search_term_string}\"},\"query-input\":{\"@type\":\"PropertyValueSpecification\",\"valueRequired\":true,\"valueName\":\"search_term_string\"}}],\"inLanguage\":\"pt-BR\"},{\"@type\":[\"Person\",\"Organization\"],\"@id\":\"https:\\\/\\\/blogdoprosperi.com\\\/#\\\/schema\\\/person\\\/38100755ce3601861ee4fab9b5aa78e9\",\"name\":\"Luiz Ant\u00f4nio Pr\u00f3speri\",\"pronouns\":\"ele\",\"image\":{\"@type\":\"ImageObject\",\"inLanguage\":\"pt-BR\",\"@id\":\"https:\\\/\\\/i0.wp.com\\\/blogdoprosperi.com\\\/wp-content\\\/uploads\\\/2026\\\/05\\\/cropped-8059e613-6002-42fa-961e-8e275f575d71-2-5.jpg?fit=1360%2C931&ssl=1\",\"url\":\"https:\\\/\\\/i0.wp.com\\\/blogdoprosperi.com\\\/wp-content\\\/uploads\\\/2026\\\/05\\\/cropped-8059e613-6002-42fa-961e-8e275f575d71-2-5.jpg?fit=1360%2C931&ssl=1\",\"contentUrl\":\"https:\\\/\\\/i0.wp.com\\\/blogdoprosperi.com\\\/wp-content\\\/uploads\\\/2026\\\/05\\\/cropped-8059e613-6002-42fa-961e-8e275f575d71-2-5.jpg?fit=1360%2C931&ssl=1\",\"width\":1360,\"height\":931,\"caption\":\"Luiz Ant\u00f4nio Pr\u00f3speri\"},\"logo\":{\"@id\":\"https:\\\/\\\/i0.wp.com\\\/blogdoprosperi.com\\\/wp-content\\\/uploads\\\/2026\\\/05\\\/cropped-8059e613-6002-42fa-961e-8e275f575d71-2-5.jpg?fit=1360%2C931&ssl=1\"},\"description\":\"Jornalista com carreira dedicada ao esporte. Cobriu 9 Copas do Mundo in loco, 1990 na It\u00e1lia, 1994 nos EUA, 1998 na Fran\u00e7a, 2002 na Coreia do Sul e Jap\u00e3o, 2006 na Alemanha, 2010 na \u00c1frica do Sul, 2014 no Brasil, 2018 na R\u00fassia e 2022 no Qatar. Eurocopas, 1992 na Su\u00e9cia e 1996 na Inglaterra. Copa das Confedera\u00e7\u00f5es de 2005 na Alemanha e 2009 na \u00c1frica do Sul. Rep\u00f3rter e Editor, trabalhou no Jornal da Tarde e Estad\u00e3o, de 1984 a fevereiro de 2016. Colunista, blogueiro. E comentarista de futebol na R\u00e1dio Estad\u00e3o, de 2013 a fevereiro de 2016. Jornalista respons\u00e1vel do \\\"Pr\u00f3speri News\\\" (blogdoprosperi.com).\",\"sameAs\":[\"http:\\\/\\\/blogdoprosperi.com\",\"Luiz Pr\u00f3speri\",\"@luiz_prosperi\",\"https:\\\/\\\/x.com\\\/Luizprosperi\",\"@prosperinacopa\",\"luiz.prosperi@icloud.com\"],\"url\":\"https:\\\/\\\/blogdoprosperi.com\\\/?author=102107496\"}]}<\/script>\n<!-- \/ Yoast SEO plugin. -->","yoast_head_json":{"title":"Neymar Volta ao Futebol | Joga 30 minutos na vit\u00f3ria do Al-Hilal 5 x 4 Al-Ain - PR\u00d3SPERI NEWS","robots":{"index":"index","follow":"follow","max-snippet":"max-snippet:-1","max-image-preview":"max-image-preview:large","max-video-preview":"max-video-preview:-1"},"canonical":"https:\/\/blogdoprosperi.com\/?p=45986","og_locale":"pt_BR","og_type":"article","og_title":"Neymar Volta ao Futebol | Joga 30 minutos na vit\u00f3ria do Al-Hilal 5 x 4 Al-Ain - PR\u00d3SPERI NEWS","og_description":"Neymar entra aos 31 minutos do segundo tempo substituindo Nasser Dawssari. Por pouco n\u00e3o faz um gol, aos [&hellip;]","og_url":"https:\/\/blogdoprosperi.com\/?p=45986","og_site_name":"PR\u00d3SPERI NEWS","article_publisher":"Luiz Pr\u00f3speri","article_author":"Luiz Pr\u00f3speri","article_published_time":"2024-10-21T14:35:56+00:00","article_modified_time":"2024-10-21T19:23:22+00:00","og_image":[{"width":1880,"height":2048,"url":"https:\/\/i0.wp.com\/blogdoprosperi.com\/wp-content\/uploads\/2024\/10\/gaa0ue9xcaallgj.jpeg?fit=1880%2C2048&ssl=1","type":"image\/jpeg"}],"author":"Luiz Ant\u00f4nio Pr\u00f3speri","twitter_card":"summary_large_image","twitter_creator":"@Luizprosperi","twitter_site":"@Luizprosperi","twitter_misc":{"Escrito por":"Luiz Ant\u00f4nio Pr\u00f3speri"},"schema":{"@context":"https:\/\/schema.org","@graph":[{"@type":"Article","@id":"https:\/\/blogdoprosperi.com\/?p=45986#article","isPartOf":{"@id":"https:\/\/blogdoprosperi.com\/?p=45986"},"author":{"name":"Luiz Ant\u00f4nio Pr\u00f3speri","@id":"https:\/\/blogdoprosperi.com\/#\/schema\/person\/38100755ce3601861ee4fab9b5aa78e9"},"headline":"Neymar Volta ao Futebol | Joga 30 minutos na vit\u00f3ria do Al-Hilal 5 x 4 Al-Ain","datePublished":"2024-10-21T14:35:56+00:00","dateModified":"2024-10-21T19:23:22+00:00","mainEntityOfPage":{"@id":"https:\/\/blogdoprosperi.com\/?p=45986"},"wordCount":86,"commentCount":0,"publisher":{"@id":"https:\/\/blogdoprosperi.com\/#\/schema\/person\/38100755ce3601861ee4fab9b5aa78e9"},"image":{"@id":"https:\/\/blogdoprosperi.com\/?p=45986#primaryimage"},"thumbnailUrl":"https:\/\/i0.wp.com\/blogdoprosperi.com\/wp-content\/uploads\/2024\/10\/gaa0ue9xcaallgj.jpeg?fit=1880%2C2048&ssl=1","keywords":["0000ff","Al Hilal","CBF","Dorival Junior","futebol","Jorge jesus","Luiz Ant\u00f4nio Pr\u00f3speri","Neymar","Sele\u00e7\u00e3o Brasileira"],"articleSection":["futebol","informa\u00e7\u00e3o"],"inLanguage":"pt-BR","potentialAction":[{"@type":"CommentAction","name":"Comment","target":["https:\/\/blogdoprosperi.com\/?p=45986#respond"]}]},{"@type":"WebPage","@id":"https:\/\/blogdoprosperi.com\/?p=45986","url":"https:\/\/blogdoprosperi.com\/?p=45986","name":"Neymar Volta ao Futebol | Joga 30 minutos na vit\u00f3ria do Al-Hilal 5 x 4 Al-Ain - PR\u00d3SPERI NEWS","isPartOf":{"@id":"https:\/\/blogdoprosperi.com\/#website"},"primaryImageOfPage":{"@id":"https:\/\/blogdoprosperi.com\/?p=45986#primaryimage"},"image":{"@id":"https:\/\/blogdoprosperi.com\/?p=45986#primaryimage"},"thumbnailUrl":"https:\/\/i0.wp.com\/blogdoprosperi.com\/wp-content\/uploads\/2024\/10\/gaa0ue9xcaallgj.jpeg?fit=1880%2C2048&ssl=1","datePublished":"2024-10-21T14:35:56+00:00","dateModified":"2024-10-21T19:23:22+00:00","breadcrumb":{"@id":"https:\/\/blogdoprosperi.com\/?p=45986#breadcrumb"},"inLanguage":"pt-BR","potentialAction":[{"@type":"ReadAction","target":["https:\/\/blogdoprosperi.com\/?p=45986"]}]},{"@type":"ImageObject","inLanguage":"pt-BR","@id":"https:\/\/blogdoprosperi.com\/?p=45986#primaryimage","url":"https:\/\/i0.wp.com\/blogdoprosperi.com\/wp-content\/uploads\/2024\/10\/gaa0ue9xcaallgj.jpeg?fit=1880%2C2048&ssl=1","contentUrl":"https:\/\/i0.wp.com\/blogdoprosperi.com\/wp-content\/uploads\/2024\/10\/gaa0ue9xcaallgj.jpeg?fit=1880%2C2048&ssl=1","width":1880,"height":2048,"caption":"Neymar volta a jogar depois de um ano \u2013 foto: Twitter"},{"@type":"BreadcrumbList","@id":"https:\/\/blogdoprosperi.com\/?p=45986#breadcrumb","itemListElement":[{"@type":"ListItem","position":1,"name":"In\u00edcio","item":"https:\/\/blogdoprosperi.com\/"},{"@type":"ListItem","position":2,"name":"Neymar Volta ao Futebol | Joga 30 minutos na vit\u00f3ria do Al-Hilal 5 x 4 Al-Ain"}]},{"@type":"WebSite","@id":"https:\/\/blogdoprosperi.com\/#website","url":"https:\/\/blogdoprosperi.com\/","name":"PR\u00d3SPERI NEWS","description":"TUDO \u00c9  FUTEBOL","publisher":{"@id":"https:\/\/blogdoprosperi.com\/#\/schema\/person\/38100755ce3601861ee4fab9b5aa78e9"},"alternateName":"blogdoprosperi.com","potentialAction":[{"@type":"SearchAction","target":{"@type":"EntryPoint","urlTemplate":"https:\/\/blogdoprosperi.com\/?s={search_term_string}"},"query-input":{"@type":"PropertyValueSpecification","valueRequired":true,"valueName":"search_term_string"}}],"inLanguage":"pt-BR"},{"@type":["Person","Organization"],"@id":"https:\/\/blogdoprosperi.com\/#\/schema\/person\/38100755ce3601861ee4fab9b5aa78e9","name":"Luiz Ant\u00f4nio Pr\u00f3speri","pronouns":"ele","image":{"@type":"ImageObject","inLanguage":"pt-BR","@id":"https:\/\/i0.wp.com\/blogdoprosperi.com\/wp-content\/uploads\/2026\/05\/cropped-8059e613-6002-42fa-961e-8e275f575d71-2-5.jpg?fit=1360%2C931&ssl=1","url":"https:\/\/i0.wp.com\/blogdoprosperi.com\/wp-content\/uploads\/2026\/05\/cropped-8059e613-6002-42fa-961e-8e275f575d71-2-5.jpg?fit=1360%2C931&ssl=1","contentUrl":"https:\/\/i0.wp.com\/blogdoprosperi.com\/wp-content\/uploads\/2026\/05\/cropped-8059e613-6002-42fa-961e-8e275f575d71-2-5.jpg?fit=1360%2C931&ssl=1","width":1360,"height":931,"caption":"Luiz Ant\u00f4nio Pr\u00f3speri"},"logo":{"@id":"https:\/\/i0.wp.com\/blogdoprosperi.com\/wp-content\/uploads\/2026\/05\/cropped-8059e613-6002-42fa-961e-8e275f575d71-2-5.jpg?fit=1360%2C931&ssl=1"},"description":"Jornalista com carreira dedicada ao esporte. Cobriu 9 Copas do Mundo in loco, 1990 na It\u00e1lia, 1994 nos EUA, 1998 na Fran\u00e7a, 2002 na Coreia do Sul e Jap\u00e3o, 2006 na Alemanha, 2010 na \u00c1frica do Sul, 2014 no Brasil, 2018 na R\u00fassia e 2022 no Qatar. Eurocopas, 1992 na Su\u00e9cia e 1996 na Inglaterra. Copa das Confedera\u00e7\u00f5es de 2005 na Alemanha e 2009 na \u00c1frica do Sul. Rep\u00f3rter e Editor, trabalhou no Jornal da Tarde e Estad\u00e3o, de 1984 a fevereiro de 2016. Colunista, blogueiro. E comentarista de futebol na R\u00e1dio Estad\u00e3o, de 2013 a fevereiro de 2016. Jornalista respons\u00e1vel do \"Pr\u00f3speri News\" (blogdoprosperi.com).","sameAs":["http:\/\/blogdoprosperi.com","Luiz Pr\u00f3speri","@luiz_prosperi","https:\/\/x.com\/Luizprosperi","@prosperinacopa","luiz.prosperi@icloud.com"],"url":"https:\/\/blogdoprosperi.com\/?author=102107496"}]}},"jetpack_publicize_connections":[],"jetpack_likes_enabled":false,"jetpack_sharing_enabled":true,"jetpack_shortlink":"https:\/\/wp.me\/p7jvdk-bXI","jetpack-related-posts":[{"id":46044,"url":"https:\/\/blogdoprosperi.com\/?p=46044","url_meta":{"origin":45986,"position":0},"title":"Cinco Jogos para Grudar na TV nesse S\u00e1bado e Domingo","author":"Luiz Ant\u00f4nio Pr\u00f3speri","date":"26 de outubro de 2024","format":false,"excerpt":"Al-Hilal vs Al Taawoun \u2013 s\u00e1bado \u2013 15h \u2013 ao vivo na Band Jogo do Campeonato da Ar\u00e1bia Saudita para acompanhar de perto. Neymar deve ganhar mais alguns minutos no Al-Hilal nessa segunda partida de sua volta ao futebol ap\u00f3s um ano sem jogar. Na segunda-feira passada (21\/10), o craque\u2026","rel":"","context":"Em &quot;futebol&quot;","block_context":{"text":"futebol","link":"https:\/\/blogdoprosperi.com\/?cat=53870"},"img":{"alt_text":"Palmeiras tem Estev\u00e3o","src":"https:\/\/i0.wp.com\/blogdoprosperi.com\/wp-content\/uploads\/2024\/07\/53851251803_8093405d2a_h.jpg?fit=1200%2C675&ssl=1&resize=350%2C200","width":350,"height":200,"srcset":"https:\/\/i0.wp.com\/blogdoprosperi.com\/wp-content\/uploads\/2024\/07\/53851251803_8093405d2a_h.jpg?fit=1200%2C675&ssl=1&resize=350%2C200 1x, https:\/\/i0.wp.com\/blogdoprosperi.com\/wp-content\/uploads\/2024\/07\/53851251803_8093405d2a_h.jpg?fit=1200%2C675&ssl=1&resize=525%2C300 1.5x, https:\/\/i0.wp.com\/blogdoprosperi.com\/wp-content\/uploads\/2024\/07\/53851251803_8093405d2a_h.jpg?fit=1200%2C675&ssl=1&resize=700%2C400 2x, https:\/\/i0.wp.com\/blogdoprosperi.com\/wp-content\/uploads\/2024\/07\/53851251803_8093405d2a_h.jpg?fit=1200%2C675&ssl=1&resize=1050%2C600 3x"},"classes":[]},{"id":46242,"url":"https:\/\/blogdoprosperi.com\/?p=46242","url_meta":{"origin":45986,"position":1},"title":"Neymar | Clube Saudita Projeta Sa\u00edda do Craque em Janeiro 2025 e Santos Aguarda Sua Cria","author":"Luiz Ant\u00f4nio Pr\u00f3speri","date":"6 de novembro de 2024","format":false,"excerpt":"Luiz Ant\u00f4nio Pr\u00f3speri \u2013 6 novembro (15h28) \u2013 Neymar n\u00e3o joga mais nessa temporada do futebol saudita. Ali\u00e1s, desde outubro de 2023, n\u00e3o atua de forma regular no Al-Hilal. Fora dos campos ap\u00f3s um ano se recuperando de grave cirurgia no joelho, Neymar esperava voltar bem em novembro 2024 na\u2026","rel":"","context":"Em &quot;futebol&quot;","block_context":{"text":"futebol","link":"https:\/\/blogdoprosperi.com\/?cat=53870"},"img":{"alt_text":"Neymar de sa\u00edda do futebol saudita","src":"https:\/\/i0.wp.com\/blogdoprosperi.com\/wp-content\/uploads\/2024\/11\/captura-de-tela-2024-11-06-as-12.52.24.png?fit=1200%2C816&ssl=1&resize=350%2C200","width":350,"height":200,"srcset":"https:\/\/i0.wp.com\/blogdoprosperi.com\/wp-content\/uploads\/2024\/11\/captura-de-tela-2024-11-06-as-12.52.24.png?fit=1200%2C816&ssl=1&resize=350%2C200 1x, https:\/\/i0.wp.com\/blogdoprosperi.com\/wp-content\/uploads\/2024\/11\/captura-de-tela-2024-11-06-as-12.52.24.png?fit=1200%2C816&ssl=1&resize=525%2C300 1.5x, https:\/\/i0.wp.com\/blogdoprosperi.com\/wp-content\/uploads\/2024\/11\/captura-de-tela-2024-11-06-as-12.52.24.png?fit=1200%2C816&ssl=1&resize=700%2C400 2x, https:\/\/i0.wp.com\/blogdoprosperi.com\/wp-content\/uploads\/2024\/11\/captura-de-tela-2024-11-06-as-12.52.24.png?fit=1200%2C816&ssl=1&resize=1050%2C600 3x"},"classes":[]},{"id":47609,"url":"https:\/\/blogdoprosperi.com\/?p=47609","url_meta":{"origin":45986,"position":2},"title":"Neymar Rescinde Contrato com Al Hilal e Desembarca no Santos Quarta-Feira","author":"Luiz Ant\u00f4nio Pr\u00f3speri","date":"27 de janeiro de 2025","format":false,"excerpt":"Luiz Ant\u00f4nio Pr\u00f3speri \u2013 27 janeiro (13h03) \u2013 Neymar \u00e9 do Santos. Acordo feito, clube santista aguardava rescis\u00e3o com Al Hilal para o an\u00fancio oficial da volta do craque ao seu ber\u00e7o. No in\u00edcio dessa noite segunda-feira (27\/1), clube \u00e1rabe comunica a sa\u00edda de Neymar. Por enquanto, n\u00e3o se tem\u2026","rel":"","context":"Em &quot;futebol&quot;","block_context":{"text":"futebol","link":"https:\/\/blogdoprosperi.com\/?cat=53870"},"img":{"alt_text":"","src":"https:\/\/i0.wp.com\/blogdoprosperi.com\/wp-content\/uploads\/2025\/01\/captura-de-tela-2025-01-27-as-20.17.54.png?fit=1148%2C1074&ssl=1&resize=350%2C200","width":350,"height":200,"srcset":"https:\/\/i0.wp.com\/blogdoprosperi.com\/wp-content\/uploads\/2025\/01\/captura-de-tela-2025-01-27-as-20.17.54.png?fit=1148%2C1074&ssl=1&resize=350%2C200 1x, https:\/\/i0.wp.com\/blogdoprosperi.com\/wp-content\/uploads\/2025\/01\/captura-de-tela-2025-01-27-as-20.17.54.png?fit=1148%2C1074&ssl=1&resize=525%2C300 1.5x, https:\/\/i0.wp.com\/blogdoprosperi.com\/wp-content\/uploads\/2025\/01\/captura-de-tela-2025-01-27-as-20.17.54.png?fit=1148%2C1074&ssl=1&resize=700%2C400 2x, https:\/\/i0.wp.com\/blogdoprosperi.com\/wp-content\/uploads\/2025\/01\/captura-de-tela-2025-01-27-as-20.17.54.png?fit=1148%2C1074&ssl=1&resize=1050%2C600 3x"},"classes":[]},{"id":41821,"url":"https:\/\/blogdoprosperi.com\/?p=41821","url_meta":{"origin":45986,"position":3},"title":"Neymar acabou antes de chegar ao fim de carreira, Dorival n\u00e3o concorda","author":"Luiz Ant\u00f4nio Pr\u00f3speri","date":"28 de fevereiro de 2024","format":false,"excerpt":"Ar\u00e1bia Saudita n\u00e3o ver\u00e1 um Neymar competitivo e sim um ilusionista, uma personagem das Mil e Uma Noites. Sele\u00e7\u00e3o Brasileira \u00e9 a \u00faltima esta\u00e7\u00e3o que Neymar tem para embarcar. Se \u00e9 que ele ainda pensa o futebol como um desafio e n\u00e3o como um conto das ar\u00e1bias.","rel":"","context":"Em &quot;futebol&quot;","block_context":{"text":"futebol","link":"https:\/\/blogdoprosperi.com\/?cat=53870"},"img":{"alt_text":"","src":"https:\/\/i0.wp.com\/blogdoprosperi.com\/wp-content\/uploads\/2023\/08\/neymar_junior_1200x675_19102023080007.jpg?fit=1200%2C675&ssl=1&resize=350%2C200","width":350,"height":200,"srcset":"https:\/\/i0.wp.com\/blogdoprosperi.com\/wp-content\/uploads\/2023\/08\/neymar_junior_1200x675_19102023080007.jpg?fit=1200%2C675&ssl=1&resize=350%2C200 1x, https:\/\/i0.wp.com\/blogdoprosperi.com\/wp-content\/uploads\/2023\/08\/neymar_junior_1200x675_19102023080007.jpg?fit=1200%2C675&ssl=1&resize=525%2C300 1.5x, https:\/\/i0.wp.com\/blogdoprosperi.com\/wp-content\/uploads\/2023\/08\/neymar_junior_1200x675_19102023080007.jpg?fit=1200%2C675&ssl=1&resize=700%2C400 2x, https:\/\/i0.wp.com\/blogdoprosperi.com\/wp-content\/uploads\/2023\/08\/neymar_junior_1200x675_19102023080007.jpg?fit=1200%2C675&ssl=1&resize=1050%2C600 3x"},"classes":[]},{"id":47518,"url":"https:\/\/blogdoprosperi.com\/?p=47518","url_meta":{"origin":45986,"position":4},"title":"Nem Jesus Quer Neymar, Santos Sim","author":"Luiz Ant\u00f4nio Pr\u00f3speri","date":"17 de janeiro de 2025","format":false,"excerpt":"Neymar procura um time para voltar ao futebol. Farra da Ar\u00e1bia Saudita chega ao fim com o decreto de Jesus, o Jorge, t\u00e9cnico do Al-Hilal. Aos 33 anos, craque brasileiro procura outra freguesia. Santos aposta no lado emocional e trabalha com os \u00e1rabes por empr\u00e9stimo de seis meses. \u201cO Neymar\u2026","rel":"","context":"Em &quot;futebol&quot;","block_context":{"text":"futebol","link":"https:\/\/blogdoprosperi.com\/?cat=53870"},"img":{"alt_text":"","src":"https:\/\/i0.wp.com\/blogdoprosperi.com\/wp-content\/uploads\/2023\/08\/fywhikqxsaiayz0.jpg?fit=720%2C720&ssl=1&resize=350%2C200","width":350,"height":200,"srcset":"https:\/\/i0.wp.com\/blogdoprosperi.com\/wp-content\/uploads\/2023\/08\/fywhikqxsaiayz0.jpg?fit=720%2C720&ssl=1&resize=350%2C200 1x, https:\/\/i0.wp.com\/blogdoprosperi.com\/wp-content\/uploads\/2023\/08\/fywhikqxsaiayz0.jpg?fit=720%2C720&ssl=1&resize=525%2C300 1.5x, https:\/\/i0.wp.com\/blogdoprosperi.com\/wp-content\/uploads\/2023\/08\/fywhikqxsaiayz0.jpg?fit=720%2C720&ssl=1&resize=700%2C400 2x"},"classes":[]},{"id":46503,"url":"https:\/\/blogdoprosperi.com\/?p=46503","url_meta":{"origin":45986,"position":5},"title":"#Cr\u00f4nicaSab\u00e1tica #6 | Neymar e Ronaldo, Fen\u00f4menos Em Alfa","author":"Luiz Ant\u00f4nio Pr\u00f3speri","date":"23 de novembro de 2024","format":false,"excerpt":"Luiz Ant\u00f4nio Pr\u00f3speri \u2013 23 novembro (11h45) \u2013 Neymar, 32 anos, ainda jogador de futebol em atividade. Ronaldo, 48 anos, ex-jogador com chuteiras penduradas desde 2011. Dois craques extraordin\u00e1rios. Neymar corre atr\u00e1s de uma Copa do Mundo. Ronaldo tem duas a chamar de suas. Neymar nunca subiu ao p\u00f3dio de\u2026","rel":"","context":"Em &quot;futebol&quot;","block_context":{"text":"futebol","link":"https:\/\/blogdoprosperi.com\/?cat=53870"},"img":{"alt_text":"Neymar e Ronaldo, fen\u00f4menos em alfa","src":"https:\/\/i0.wp.com\/blogdoprosperi.com\/wp-content\/uploads\/2024\/11\/dscn6732.webp?fit=924%2C596&ssl=1&resize=350%2C200","width":350,"height":200,"srcset":"https:\/\/i0.wp.com\/blogdoprosperi.com\/wp-content\/uploads\/2024\/11\/dscn6732.webp?fit=924%2C596&ssl=1&resize=350%2C200 1x, https:\/\/i0.wp.com\/blogdoprosperi.com\/wp-content\/uploads\/2024\/11\/dscn6732.webp?fit=924%2C596&ssl=1&resize=525%2C300 1.5x, https:\/\/i0.wp.com\/blogdoprosperi.com\/wp-content\/uploads\/2024\/11\/dscn6732.webp?fit=924%2C596&ssl=1&resize=700%2C400 2x"},"classes":[]}],"jetpack_featured_media_url":"https:\/\/i0.wp.com\/blogdoprosperi.com\/wp-content\/uploads\/2024\/10\/gaa0ue9xcaallgj.jpeg?fit=1880%2C2048&ssl=1","_links":{"self":[{"href":"https:\/\/blogdoprosperi.com\/index.php?rest_route=\/wp\/v2\/posts\/45986","targetHints":{"allow":["GET"]}}],"collection":[{"href":"https:\/\/blogdoprosperi.com\/index.php?rest_route=\/wp\/v2\/posts"}],"about":[{"href":"https:\/\/blogdoprosperi.com\/index.php?rest_route=\/wp\/v2\/types\/post"}],"author":[{"embeddable":true,"href":"https:\/\/blogdoprosperi.com\/index.php?rest_route=\/wp\/v2\/users\/102107496"}],"replies":[{"embeddable":true,"href":"https:\/\/blogdoprosperi.com\/index.php?rest_route=%2Fwp%2Fv2%2Fcomments&post=45986"}],"version-history":[{"count":9,"href":"https:\/\/blogdoprosperi.com\/index.php?rest_route=\/wp\/v2\/posts\/45986\/revisions"}],"predecessor-version":[{"id":45997,"href":"https:\/\/blogdoprosperi.com\/index.php?rest_route=\/wp\/v2\/posts\/45986\/revisions\/45997"}],"wp:featuredmedia":[{"embeddable":true,"href":"https:\/\/blogdoprosperi.com\/index.php?rest_route=\/wp\/v2\/media\/45991"}],"wp:attachment":[{"href":"https:\/\/blogdoprosperi.com\/index.php?rest_route=%2Fwp%2Fv2%2Fmedia&parent=45986"}],"wp:term":[{"taxonomy":"category","embeddable":true,"href":"https:\/\/blogdoprosperi.com\/index.php?rest_route=%2Fwp%2Fv2%2Fcategories&post=45986"},{"taxonomy":"post_tag","embeddable":true,"href":"https:\/\/blogdoprosperi.com\/index.php?rest_route=%2Fwp%2Fv2%2Ftags&post=45986"}],"curies":[{"name":"wp","href":"https:\/\/api.w.org\/{rel}","templated":true}]}}