{"id":46030,"date":"2024-10-25T12:01:11","date_gmt":"2024-10-25T15:01:11","guid":{"rendered":"https:\/\/blogdoprosperi.com\/?p=46030"},"modified":"2024-10-25T17:12:13","modified_gmt":"2024-10-25T20:12:13","slug":"corinthians-a-beira-do-abismo-memphis-yuri-e-sao-jorge-podem-salvar","status":"publish","type":"post","link":"https:\/\/blogdoprosperi.com\/?p=46030","title":{"rendered":"Corinthians \u00e0 Beira do Abismo | Memphis, Yuri e S\u00e3o Jorge Podem Salvar?"},"content":{"rendered":"<p><em>Luiz Ant\u00f4nio Pr\u00f3speri \u2013 25 outubro (11h35)<\/em><\/p>\n<p>Corinthians est\u00e1 a um passo do abismo. Tem tr\u00eas jogos decisivos na semana que vem. Na escala de gl\u00f3ria ou inferno, time j\u00e1 sente o calor das labaredas ao frescor de nuvens claras. Segunda-feira (28\/10), fora de casa, enfrenta o Cuiab\u00e1 \u2013 advers\u00e1rio direto contra rebaixamento no Brasileir\u00e3o. Dois dias depois, na quarta-feira (30\/10), visita o Racing na Argentina valendo vaga \u00e0 final da Copa Sul Americana. E, na outra segunda-feira (04\/11), recebe o Palmeiras.<\/p>\n<p>Derrotas ou empates nos tr\u00eas pr\u00f3ximos jogos podem encaminhar a queda do Corinthians, primeiro atalho at\u00e9 conhecer, de fato, o fundo do po\u00e7o.<\/p>\n<p>Muito dessa derrocada passa por escolhas equivocadas do t\u00e9cnico Ramon D\u00edaz, t\u00e9cnico capaz de encontrar a f\u00f3rmula certa na arma\u00e7\u00e3o do time e ao mesmo tempo rasgar a bula. Foi assim na elimina\u00e7\u00e3o diante do Flamengo na Copa do Brasil e empate no jogo de ida contra o Racing na Copa Sul-Americana, duas partidas para mais de 40 mil torcedores na Neo Qu\u00edmica Arena.<\/p>\n<p>Ramon D\u00edaz n\u00e3o percebe, por exemplo, que Rodrigo Garro, seu principal jogador, est\u00e1 no limite da sobrecarga de tanto carregar o time nas costas. S\u00e3o 54 jogos na temporada \u2013 a maioria deles como protagonista da equipe. Garro, sem brilho e efici\u00eancia nas \u00faltimas partidas, precisa de tomar f\u00f4lego para continuar como o d\u00ednamo do time.<\/p>\n<p>Treinador argentino tamb\u00e9m n\u00e3o consegue repetir esquemas t\u00e1ticos quando tem boas respostas de seus jogadores. Muito de suas substitui\u00e7\u00f5es pioram o time e exp\u00f5em a fragilidade do Corinthians na hora de assumir as r\u00e9deas da partida. Empate (2 a 2) contra o Racing escancara essa vertente. Mudan\u00e7as que minam a confian\u00e7a dos jogadores e tiram paci\u00eancia da torcida no momento mais cruel da temporada.<\/p>\n<p>D\u00edaz ainda se d\u00e1 ao luxo de barrar tr\u00eas jovens jogadores criados no clube por se negarem a antecipar renova\u00e7\u00e3o de seus contratos. Zagueiro Caetano, meia Matheus Araujo e atacante Giovane est\u00e3o fora do grupo enquanto n\u00e3o se resolvem as quest\u00f5es contratuais. Atitude radical quando \u00e9 preciso uni\u00e3o de todos.<\/p>\n<p>Enquanto isso, presidente Augusto Melo corre em busca de tr\u00e9gua na pol\u00edtica interna do clube. Processo de impeachment pode ser suspenso, ap\u00f3s parecer da Comiss\u00e3o de \u00c9tica do Corinthians. Entendem os comiss\u00e1rios que \u00e9 preciso esperar a conclus\u00e3o do inqu\u00e9rito da Pol\u00edcia Civil no caso de suposta corrup\u00e7\u00e3o no contrato da ex-patrocinadora Vaidebet. Seria uma vit\u00f3ria do presidente entre repetidas trapalhadas a condenar sua gest\u00e3o ao longo de 2024.<\/p>\n<p>At\u00e9 por isso, o torcedor mais do que nunca tem de ser fiel. Corinthians joga como se estivesse de olhos vendados. Um passo em falso e o abismo \u00e9 logo ali.<\/p>\n<p>Preces \u00e0 S\u00e3o Jorge, ben\u00e7\u00e3o \u00e0 Memphis Depay e Yuri Alberto.<\/p>\n","protected":false},"excerpt":{"rendered":"<p>Luiz Ant\u00f4nio Pr\u00f3speri \u2013 25 outubro (11h35) Corinthians est\u00e1 a um passo do abismo. Tem tr\u00eas jogos decisivos [&hellip;]<\/p>\n","protected":false},"author":102107496,"featured_media":46036,"comment_status":"open","ping_status":"open","sticky":false,"template":"","format":"standard","meta":{"_coblocks_attr":"","_coblocks_dimensions":"","_coblocks_responsive_height":"","_coblocks_accordion_ie_support":"","_jetpack_newsletter_access":"","_jetpack_dont_email_post_to_subs":false,"_jetpack_newsletter_tier_id":0,"_jetpack_memberships_contains_paywalled_content":false,"_wpcom_ai_launchpad_first_post":false,"_jetpack_feature_clip_id":0,"_jetpack_memberships_contains_paid_content":false,"footnotes":"","jetpack_publicize_message":"","jetpack_publicize_feature_enabled":true,"jetpack_social_post_already_shared":false,"jetpack_social_options":{"image_generator_settings":{"template":"highway","default_image_id":0,"font":"","enabled":false},"version":2},"jetpack_post_was_ever_published":false},"categories":[53870,3919],"tags":[1617674,775537296,493953062,789560560,789560573,44781124,1789227,1012824,556905218],"class_list":["post-46030","post","type-post","status-publish","format-standard","has-post-thumbnail","hentry","category-futebol","category-opiniao","tag-copa-sul-americana","tag-corinthians-2-x-2-racing","tag-cotrinthians","tag-futebol","tag-luiz-antonio-prosperi","tag-memphis-depay","tag-ramon-diaz","tag-sao-jorge","tag-yuri-alberto"],"yoast_head":"<!-- This site is optimized with the Yoast SEO plugin v28.3 - https:\/\/yoast.com\/product\/yoast-seo-wordpress\/ -->\n<title>Corinthians \u00e0 Beira do Abismo | Memphis, Yuri e S\u00e3o Jorge Podem Salvar? - PR\u00d3SPERI NEWS<\/title>\n<meta name=\"robots\" content=\"index, follow, max-snippet:-1, max-image-preview:large, max-video-preview:-1\" \/>\n<link rel=\"canonical\" href=\"https:\/\/blogdoprosperi.com\/?p=46030\" \/>\n<meta property=\"og:locale\" content=\"pt_BR\" \/>\n<meta property=\"og:type\" content=\"article\" \/>\n<meta property=\"og:title\" content=\"Corinthians \u00e0 Beira do Abismo | Memphis, Yuri e S\u00e3o Jorge Podem Salvar? - PR\u00d3SPERI NEWS\" \/>\n<meta property=\"og:description\" content=\"Luiz Ant\u00f4nio Pr\u00f3speri \u2013 25 outubro (11h35) Corinthians est\u00e1 a um passo do abismo. Tem tr\u00eas jogos decisivos [&hellip;]\" \/>\n<meta property=\"og:url\" content=\"https:\/\/blogdoprosperi.com\/?p=46030\" \/>\n<meta property=\"og:site_name\" content=\"PR\u00d3SPERI NEWS\" \/>\n<meta property=\"article:publisher\" content=\"Luiz Pr\u00f3speri\" \/>\n<meta property=\"article:author\" content=\"Luiz Pr\u00f3speri\" \/>\n<meta property=\"article:published_time\" content=\"2024-10-25T15:01:11+00:00\" \/>\n<meta property=\"article:modified_time\" content=\"2024-10-25T20:12:13+00:00\" \/>\n<meta property=\"og:image\" content=\"https:\/\/i0.wp.com\/blogdoprosperi.com\/wp-content\/uploads\/2024\/10\/captura-de-tela-2024-10-25-as-11.39.25.png?fit=1114%2C700&ssl=1\" \/>\n\t<meta property=\"og:image:width\" content=\"1114\" \/>\n\t<meta property=\"og:image:height\" content=\"700\" \/>\n\t<meta property=\"og:image:type\" content=\"image\/png\" \/>\n<meta name=\"author\" content=\"Luiz Ant\u00f4nio Pr\u00f3speri\" \/>\n<meta name=\"twitter:card\" content=\"summary_large_image\" \/>\n<meta name=\"twitter:creator\" content=\"@Luizprosperi\" \/>\n<meta name=\"twitter:site\" content=\"@Luizprosperi\" \/>\n<meta name=\"twitter:label1\" content=\"Escrito por\" \/>\n\t<meta name=\"twitter:data1\" content=\"Luiz Ant\u00f4nio Pr\u00f3speri\" \/>\n\t<meta name=\"twitter:label2\" content=\"Est. tempo de leitura\" \/>\n\t<meta name=\"twitter:data2\" content=\"2 minutos\" \/>\n<script type=\"application\/ld+json\" class=\"yoast-schema-graph\">{\"@context\":\"https:\\\/\\\/schema.org\",\"@graph\":[{\"@type\":\"Article\",\"@id\":\"https:\\\/\\\/blogdoprosperi.com\\\/?p=46030#article\",\"isPartOf\":{\"@id\":\"https:\\\/\\\/blogdoprosperi.com\\\/?p=46030\"},\"author\":{\"name\":\"Luiz Ant\u00f4nio Pr\u00f3speri\",\"@id\":\"https:\\\/\\\/blogdoprosperi.com\\\/#\\\/schema\\\/person\\\/38100755ce3601861ee4fab9b5aa78e9\"},\"headline\":\"Corinthians \u00e0 Beira do Abismo | Memphis, Yuri e S\u00e3o Jorge Podem Salvar?\",\"datePublished\":\"2024-10-25T15:01:11+00:00\",\"dateModified\":\"2024-10-25T20:12:13+00:00\",\"mainEntityOfPage\":{\"@id\":\"https:\\\/\\\/blogdoprosperi.com\\\/?p=46030\"},\"wordCount\":495,\"commentCount\":0,\"publisher\":{\"@id\":\"https:\\\/\\\/blogdoprosperi.com\\\/#\\\/schema\\\/person\\\/38100755ce3601861ee4fab9b5aa78e9\"},\"image\":{\"@id\":\"https:\\\/\\\/blogdoprosperi.com\\\/?p=46030#primaryimage\"},\"thumbnailUrl\":\"https:\\\/\\\/i0.wp.com\\\/blogdoprosperi.com\\\/wp-content\\\/uploads\\\/2024\\\/10\\\/captura-de-tela-2024-10-25-as-11.39.25.png?fit=1114%2C700&ssl=1\",\"keywords\":[\"Copa Sul-Americana\",\"corinthians 2 x 2 racing\",\"Cotrinthians\",\"futebol\",\"Luiz Ant\u00f4nio Pr\u00f3speri\",\"Memphis depay\",\"Ramon d\u00edaz\",\"s\u00e3o jorge\",\"Yuri alberto\"],\"articleSection\":[\"futebol\",\"opini\u00e3o\"],\"inLanguage\":\"pt-BR\",\"potentialAction\":[{\"@type\":\"CommentAction\",\"name\":\"Comment\",\"target\":[\"https:\\\/\\\/blogdoprosperi.com\\\/?p=46030#respond\"]}]},{\"@type\":\"WebPage\",\"@id\":\"https:\\\/\\\/blogdoprosperi.com\\\/?p=46030\",\"url\":\"https:\\\/\\\/blogdoprosperi.com\\\/?p=46030\",\"name\":\"Corinthians \u00e0 Beira do Abismo | Memphis, Yuri e S\u00e3o Jorge Podem Salvar? - PR\u00d3SPERI NEWS\",\"isPartOf\":{\"@id\":\"https:\\\/\\\/blogdoprosperi.com\\\/#website\"},\"primaryImageOfPage\":{\"@id\":\"https:\\\/\\\/blogdoprosperi.com\\\/?p=46030#primaryimage\"},\"image\":{\"@id\":\"https:\\\/\\\/blogdoprosperi.com\\\/?p=46030#primaryimage\"},\"thumbnailUrl\":\"https:\\\/\\\/i0.wp.com\\\/blogdoprosperi.com\\\/wp-content\\\/uploads\\\/2024\\\/10\\\/captura-de-tela-2024-10-25-as-11.39.25.png?fit=1114%2C700&ssl=1\",\"datePublished\":\"2024-10-25T15:01:11+00:00\",\"dateModified\":\"2024-10-25T20:12:13+00:00\",\"breadcrumb\":{\"@id\":\"https:\\\/\\\/blogdoprosperi.com\\\/?p=46030#breadcrumb\"},\"inLanguage\":\"pt-BR\",\"potentialAction\":[{\"@type\":\"ReadAction\",\"target\":[\"https:\\\/\\\/blogdoprosperi.com\\\/?p=46030\"]}]},{\"@type\":\"ImageObject\",\"inLanguage\":\"pt-BR\",\"@id\":\"https:\\\/\\\/blogdoprosperi.com\\\/?p=46030#primaryimage\",\"url\":\"https:\\\/\\\/i0.wp.com\\\/blogdoprosperi.com\\\/wp-content\\\/uploads\\\/2024\\\/10\\\/captura-de-tela-2024-10-25-as-11.39.25.png?fit=1114%2C700&ssl=1\",\"contentUrl\":\"https:\\\/\\\/i0.wp.com\\\/blogdoprosperi.com\\\/wp-content\\\/uploads\\\/2024\\\/10\\\/captura-de-tela-2024-10-25-as-11.39.25.png?fit=1114%2C700&ssl=1\",\"width\":1114,\"height\":700,\"caption\":\"Yuri e Memphis \u2013 foto: Facebook Corinthians oficial\"},{\"@type\":\"BreadcrumbList\",\"@id\":\"https:\\\/\\\/blogdoprosperi.com\\\/?p=46030#breadcrumb\",\"itemListElement\":[{\"@type\":\"ListItem\",\"position\":1,\"name\":\"In\u00edcio\",\"item\":\"https:\\\/\\\/blogdoprosperi.com\\\/\"},{\"@type\":\"ListItem\",\"position\":2,\"name\":\"Corinthians \u00e0 Beira do Abismo | Memphis, Yuri e S\u00e3o Jorge Podem Salvar?\"}]},{\"@type\":\"WebSite\",\"@id\":\"https:\\\/\\\/blogdoprosperi.com\\\/#website\",\"url\":\"https:\\\/\\\/blogdoprosperi.com\\\/\",\"name\":\"PR\u00d3SPERI NEWS\",\"description\":\"TUDO \u00c9  FUTEBOL\",\"publisher\":{\"@id\":\"https:\\\/\\\/blogdoprosperi.com\\\/#\\\/schema\\\/person\\\/38100755ce3601861ee4fab9b5aa78e9\"},\"alternateName\":\"blogdoprosperi.com\",\"potentialAction\":[{\"@type\":\"SearchAction\",\"target\":{\"@type\":\"EntryPoint\",\"urlTemplate\":\"https:\\\/\\\/blogdoprosperi.com\\\/?s={search_term_string}\"},\"query-input\":{\"@type\":\"PropertyValueSpecification\",\"valueRequired\":true,\"valueName\":\"search_term_string\"}}],\"inLanguage\":\"pt-BR\"},{\"@type\":[\"Person\",\"Organization\"],\"@id\":\"https:\\\/\\\/blogdoprosperi.com\\\/#\\\/schema\\\/person\\\/38100755ce3601861ee4fab9b5aa78e9\",\"name\":\"Luiz Ant\u00f4nio Pr\u00f3speri\",\"pronouns\":\"ele\",\"image\":{\"@type\":\"ImageObject\",\"inLanguage\":\"pt-BR\",\"@id\":\"https:\\\/\\\/i0.wp.com\\\/blogdoprosperi.com\\\/wp-content\\\/uploads\\\/2026\\\/05\\\/cropped-8059e613-6002-42fa-961e-8e275f575d71-2-5.jpg?fit=1360%2C931&ssl=1\",\"url\":\"https:\\\/\\\/i0.wp.com\\\/blogdoprosperi.com\\\/wp-content\\\/uploads\\\/2026\\\/05\\\/cropped-8059e613-6002-42fa-961e-8e275f575d71-2-5.jpg?fit=1360%2C931&ssl=1\",\"contentUrl\":\"https:\\\/\\\/i0.wp.com\\\/blogdoprosperi.com\\\/wp-content\\\/uploads\\\/2026\\\/05\\\/cropped-8059e613-6002-42fa-961e-8e275f575d71-2-5.jpg?fit=1360%2C931&ssl=1\",\"width\":1360,\"height\":931,\"caption\":\"Luiz Ant\u00f4nio Pr\u00f3speri\"},\"logo\":{\"@id\":\"https:\\\/\\\/i0.wp.com\\\/blogdoprosperi.com\\\/wp-content\\\/uploads\\\/2026\\\/05\\\/cropped-8059e613-6002-42fa-961e-8e275f575d71-2-5.jpg?fit=1360%2C931&ssl=1\"},\"description\":\"Jornalista com carreira dedicada ao esporte. Cobriu 9 Copas do Mundo in loco, 1990 na It\u00e1lia, 1994 nos EUA, 1998 na Fran\u00e7a, 2002 na Coreia do Sul e Jap\u00e3o, 2006 na Alemanha, 2010 na \u00c1frica do Sul, 2014 no Brasil, 2018 na R\u00fassia e 2022 no Qatar. Eurocopas, 1992 na Su\u00e9cia e 1996 na Inglaterra. Copa das Confedera\u00e7\u00f5es de 2005 na Alemanha e 2009 na \u00c1frica do Sul. Rep\u00f3rter e Editor, trabalhou no Jornal da Tarde e Estad\u00e3o, de 1984 a fevereiro de 2016. Colunista, blogueiro. E comentarista de futebol na R\u00e1dio Estad\u00e3o, de 2013 a fevereiro de 2016. Jornalista respons\u00e1vel do \\\"Pr\u00f3speri News\\\" (blogdoprosperi.com).\",\"sameAs\":[\"http:\\\/\\\/blogdoprosperi.com\",\"Luiz Pr\u00f3speri\",\"@luiz_prosperi\",\"https:\\\/\\\/x.com\\\/Luizprosperi\",\"@prosperinacopa\",\"luiz.prosperi@icloud.com\"],\"url\":\"https:\\\/\\\/blogdoprosperi.com\\\/?author=102107496\"}]}<\/script>\n<!-- \/ Yoast SEO plugin. -->","yoast_head_json":{"title":"Corinthians \u00e0 Beira do Abismo | Memphis, Yuri e S\u00e3o Jorge Podem Salvar? - PR\u00d3SPERI NEWS","robots":{"index":"index","follow":"follow","max-snippet":"max-snippet:-1","max-image-preview":"max-image-preview:large","max-video-preview":"max-video-preview:-1"},"canonical":"https:\/\/blogdoprosperi.com\/?p=46030","og_locale":"pt_BR","og_type":"article","og_title":"Corinthians \u00e0 Beira do Abismo | Memphis, Yuri e S\u00e3o Jorge Podem Salvar? - PR\u00d3SPERI NEWS","og_description":"Luiz Ant\u00f4nio Pr\u00f3speri \u2013 25 outubro (11h35) Corinthians est\u00e1 a um passo do abismo. Tem tr\u00eas jogos decisivos [&hellip;]","og_url":"https:\/\/blogdoprosperi.com\/?p=46030","og_site_name":"PR\u00d3SPERI NEWS","article_publisher":"Luiz Pr\u00f3speri","article_author":"Luiz Pr\u00f3speri","article_published_time":"2024-10-25T15:01:11+00:00","article_modified_time":"2024-10-25T20:12:13+00:00","og_image":[{"width":1114,"height":700,"url":"https:\/\/i0.wp.com\/blogdoprosperi.com\/wp-content\/uploads\/2024\/10\/captura-de-tela-2024-10-25-as-11.39.25.png?fit=1114%2C700&ssl=1","type":"image\/png"}],"author":"Luiz Ant\u00f4nio Pr\u00f3speri","twitter_card":"summary_large_image","twitter_creator":"@Luizprosperi","twitter_site":"@Luizprosperi","twitter_misc":{"Escrito por":"Luiz Ant\u00f4nio Pr\u00f3speri","Est. tempo de leitura":"2 minutos"},"schema":{"@context":"https:\/\/schema.org","@graph":[{"@type":"Article","@id":"https:\/\/blogdoprosperi.com\/?p=46030#article","isPartOf":{"@id":"https:\/\/blogdoprosperi.com\/?p=46030"},"author":{"name":"Luiz Ant\u00f4nio Pr\u00f3speri","@id":"https:\/\/blogdoprosperi.com\/#\/schema\/person\/38100755ce3601861ee4fab9b5aa78e9"},"headline":"Corinthians \u00e0 Beira do Abismo | Memphis, Yuri e S\u00e3o Jorge Podem Salvar?","datePublished":"2024-10-25T15:01:11+00:00","dateModified":"2024-10-25T20:12:13+00:00","mainEntityOfPage":{"@id":"https:\/\/blogdoprosperi.com\/?p=46030"},"wordCount":495,"commentCount":0,"publisher":{"@id":"https:\/\/blogdoprosperi.com\/#\/schema\/person\/38100755ce3601861ee4fab9b5aa78e9"},"image":{"@id":"https:\/\/blogdoprosperi.com\/?p=46030#primaryimage"},"thumbnailUrl":"https:\/\/i0.wp.com\/blogdoprosperi.com\/wp-content\/uploads\/2024\/10\/captura-de-tela-2024-10-25-as-11.39.25.png?fit=1114%2C700&ssl=1","keywords":["Copa Sul-Americana","corinthians 2 x 2 racing","Cotrinthians","futebol","Luiz Ant\u00f4nio Pr\u00f3speri","Memphis depay","Ramon d\u00edaz","s\u00e3o jorge","Yuri alberto"],"articleSection":["futebol","opini\u00e3o"],"inLanguage":"pt-BR","potentialAction":[{"@type":"CommentAction","name":"Comment","target":["https:\/\/blogdoprosperi.com\/?p=46030#respond"]}]},{"@type":"WebPage","@id":"https:\/\/blogdoprosperi.com\/?p=46030","url":"https:\/\/blogdoprosperi.com\/?p=46030","name":"Corinthians \u00e0 Beira do Abismo | Memphis, Yuri e S\u00e3o Jorge Podem Salvar? - PR\u00d3SPERI NEWS","isPartOf":{"@id":"https:\/\/blogdoprosperi.com\/#website"},"primaryImageOfPage":{"@id":"https:\/\/blogdoprosperi.com\/?p=46030#primaryimage"},"image":{"@id":"https:\/\/blogdoprosperi.com\/?p=46030#primaryimage"},"thumbnailUrl":"https:\/\/i0.wp.com\/blogdoprosperi.com\/wp-content\/uploads\/2024\/10\/captura-de-tela-2024-10-25-as-11.39.25.png?fit=1114%2C700&ssl=1","datePublished":"2024-10-25T15:01:11+00:00","dateModified":"2024-10-25T20:12:13+00:00","breadcrumb":{"@id":"https:\/\/blogdoprosperi.com\/?p=46030#breadcrumb"},"inLanguage":"pt-BR","potentialAction":[{"@type":"ReadAction","target":["https:\/\/blogdoprosperi.com\/?p=46030"]}]},{"@type":"ImageObject","inLanguage":"pt-BR","@id":"https:\/\/blogdoprosperi.com\/?p=46030#primaryimage","url":"https:\/\/i0.wp.com\/blogdoprosperi.com\/wp-content\/uploads\/2024\/10\/captura-de-tela-2024-10-25-as-11.39.25.png?fit=1114%2C700&ssl=1","contentUrl":"https:\/\/i0.wp.com\/blogdoprosperi.com\/wp-content\/uploads\/2024\/10\/captura-de-tela-2024-10-25-as-11.39.25.png?fit=1114%2C700&ssl=1","width":1114,"height":700,"caption":"Yuri e Memphis \u2013 foto: Facebook Corinthians oficial"},{"@type":"BreadcrumbList","@id":"https:\/\/blogdoprosperi.com\/?p=46030#breadcrumb","itemListElement":[{"@type":"ListItem","position":1,"name":"In\u00edcio","item":"https:\/\/blogdoprosperi.com\/"},{"@type":"ListItem","position":2,"name":"Corinthians \u00e0 Beira do Abismo | Memphis, Yuri e S\u00e3o Jorge Podem Salvar?"}]},{"@type":"WebSite","@id":"https:\/\/blogdoprosperi.com\/#website","url":"https:\/\/blogdoprosperi.com\/","name":"PR\u00d3SPERI NEWS","description":"TUDO \u00c9  FUTEBOL","publisher":{"@id":"https:\/\/blogdoprosperi.com\/#\/schema\/person\/38100755ce3601861ee4fab9b5aa78e9"},"alternateName":"blogdoprosperi.com","potentialAction":[{"@type":"SearchAction","target":{"@type":"EntryPoint","urlTemplate":"https:\/\/blogdoprosperi.com\/?s={search_term_string}"},"query-input":{"@type":"PropertyValueSpecification","valueRequired":true,"valueName":"search_term_string"}}],"inLanguage":"pt-BR"},{"@type":["Person","Organization"],"@id":"https:\/\/blogdoprosperi.com\/#\/schema\/person\/38100755ce3601861ee4fab9b5aa78e9","name":"Luiz Ant\u00f4nio Pr\u00f3speri","pronouns":"ele","image":{"@type":"ImageObject","inLanguage":"pt-BR","@id":"https:\/\/i0.wp.com\/blogdoprosperi.com\/wp-content\/uploads\/2026\/05\/cropped-8059e613-6002-42fa-961e-8e275f575d71-2-5.jpg?fit=1360%2C931&ssl=1","url":"https:\/\/i0.wp.com\/blogdoprosperi.com\/wp-content\/uploads\/2026\/05\/cropped-8059e613-6002-42fa-961e-8e275f575d71-2-5.jpg?fit=1360%2C931&ssl=1","contentUrl":"https:\/\/i0.wp.com\/blogdoprosperi.com\/wp-content\/uploads\/2026\/05\/cropped-8059e613-6002-42fa-961e-8e275f575d71-2-5.jpg?fit=1360%2C931&ssl=1","width":1360,"height":931,"caption":"Luiz Ant\u00f4nio Pr\u00f3speri"},"logo":{"@id":"https:\/\/i0.wp.com\/blogdoprosperi.com\/wp-content\/uploads\/2026\/05\/cropped-8059e613-6002-42fa-961e-8e275f575d71-2-5.jpg?fit=1360%2C931&ssl=1"},"description":"Jornalista com carreira dedicada ao esporte. Cobriu 9 Copas do Mundo in loco, 1990 na It\u00e1lia, 1994 nos EUA, 1998 na Fran\u00e7a, 2002 na Coreia do Sul e Jap\u00e3o, 2006 na Alemanha, 2010 na \u00c1frica do Sul, 2014 no Brasil, 2018 na R\u00fassia e 2022 no Qatar. Eurocopas, 1992 na Su\u00e9cia e 1996 na Inglaterra. Copa das Confedera\u00e7\u00f5es de 2005 na Alemanha e 2009 na \u00c1frica do Sul. Rep\u00f3rter e Editor, trabalhou no Jornal da Tarde e Estad\u00e3o, de 1984 a fevereiro de 2016. Colunista, blogueiro. E comentarista de futebol na R\u00e1dio Estad\u00e3o, de 2013 a fevereiro de 2016. Jornalista respons\u00e1vel do \"Pr\u00f3speri News\" (blogdoprosperi.com).","sameAs":["http:\/\/blogdoprosperi.com","Luiz Pr\u00f3speri","@luiz_prosperi","https:\/\/x.com\/Luizprosperi","@prosperinacopa","luiz.prosperi@icloud.com"],"url":"https:\/\/blogdoprosperi.com\/?author=102107496"}]}},"jetpack_publicize_connections":[],"jetpack_likes_enabled":false,"jetpack_sharing_enabled":true,"jetpack_shortlink":"https:\/\/wp.me\/p7jvdk-bYq","jetpack-related-posts":[{"id":50430,"url":"https:\/\/blogdoprosperi.com\/?p=50430","url_meta":{"origin":46030,"position":0},"title":"Corinthians Falido e Fora da Sul-Americana| &#8216;N\u00e3o Temos Varinha de Cond\u00e3o&#8217; \u2013 Antecipa Presidente Interino","author":"Luiz Ant\u00f4nio Pr\u00f3speri","date":"27 de maio de 2025","format":false,"excerpt":"Terra arrasada. Nossa situa\u00e7\u00e3o financeira \u00e9 delicada. Cad\u00ea o dinheiro? Questiona o presidente interino Time \u00e9 eliminado da Copa Sul-Americana na fase de grupos. Mais uma vergonha Luiz Ant\u00f4nio Pr\u00f3speri \u2013 27 maio (19h05) \u2013 Presidente interino do Corinthians, Osmar St\u00e1bile, assume comando do clube. Vai ao caixa na sede\u2026","rel":"","context":"Em &quot;futebol&quot;","block_context":{"text":"futebol","link":"https:\/\/blogdoprosperi.com\/?cat=53870"},"img":{"alt_text":"Corinthians em crise financeira","src":"https:\/\/i0.wp.com\/blogdoprosperi.com\/wp-content\/uploads\/2025\/05\/captura-de-tela-2025-05-27-as-19.21.06.png?fit=1168%2C662&ssl=1&resize=350%2C200","width":350,"height":200,"srcset":"https:\/\/i0.wp.com\/blogdoprosperi.com\/wp-content\/uploads\/2025\/05\/captura-de-tela-2025-05-27-as-19.21.06.png?fit=1168%2C662&ssl=1&resize=350%2C200 1x, https:\/\/i0.wp.com\/blogdoprosperi.com\/wp-content\/uploads\/2025\/05\/captura-de-tela-2025-05-27-as-19.21.06.png?fit=1168%2C662&ssl=1&resize=525%2C300 1.5x, https:\/\/i0.wp.com\/blogdoprosperi.com\/wp-content\/uploads\/2025\/05\/captura-de-tela-2025-05-27-as-19.21.06.png?fit=1168%2C662&ssl=1&resize=700%2C400 2x, https:\/\/i0.wp.com\/blogdoprosperi.com\/wp-content\/uploads\/2025\/05\/captura-de-tela-2025-05-27-as-19.21.06.png?fit=1168%2C662&ssl=1&resize=1050%2C600 3x"},"classes":[]},{"id":46187,"url":"https:\/\/blogdoprosperi.com\/?p=46187","url_meta":{"origin":46030,"position":1},"title":"Corinthians Eliminado nas Copas Depende do Palmeiras para Sobreviver","author":"Luiz Ant\u00f4nio Pr\u00f3speri","date":"1 de novembro de 2024","format":false,"excerpt":"Luiz Ant\u00f4nio Pr\u00f3speri \u2013 1 novembro (14h09) Corinthians paga conta de uma gest\u00e3o mal-conduzida desde o in\u00edcio da temporada. Presidente Augusto Melo, eleito contra um grupo no poder desde 2007, ainda n\u00e3o entendeu a dimens\u00e3o do clube e seu alcance. E pode entrar em 2025 pelas porta dos fundos do\u2026","rel":"","context":"Em &quot;futebol&quot;","block_context":{"text":"futebol","link":"https:\/\/blogdoprosperi.com\/?cat=53870"},"img":{"alt_text":"Corinthians x Palmeiras, cl\u00e1ssico decisivo","src":"https:\/\/i0.wp.com\/blogdoprosperi.com\/wp-content\/uploads\/2024\/11\/gbqwpsdwcaac3s-1.jpeg?fit=1200%2C800&ssl=1&resize=350%2C200","width":350,"height":200,"srcset":"https:\/\/i0.wp.com\/blogdoprosperi.com\/wp-content\/uploads\/2024\/11\/gbqwpsdwcaac3s-1.jpeg?fit=1200%2C800&ssl=1&resize=350%2C200 1x, https:\/\/i0.wp.com\/blogdoprosperi.com\/wp-content\/uploads\/2024\/11\/gbqwpsdwcaac3s-1.jpeg?fit=1200%2C800&ssl=1&resize=525%2C300 1.5x, https:\/\/i0.wp.com\/blogdoprosperi.com\/wp-content\/uploads\/2024\/11\/gbqwpsdwcaac3s-1.jpeg?fit=1200%2C800&ssl=1&resize=700%2C400 2x, https:\/\/i0.wp.com\/blogdoprosperi.com\/wp-content\/uploads\/2024\/11\/gbqwpsdwcaac3s-1.jpeg?fit=1200%2C800&ssl=1&resize=1050%2C600 3x"},"classes":[]},{"id":44729,"url":"https:\/\/blogdoprosperi.com\/?p=44729","url_meta":{"origin":46030,"position":2},"title":"Hugo Souza e Fabio, Tradu\u00e7\u00e3o Perfeita da Hist\u00f3ria de Goleiros de Corinthians e Fluminense","author":"Luiz Ant\u00f4nio Pr\u00f3speri","date":"21 de agosto de 2024","format":false,"excerpt":"Luiz Ant\u00f4nio Pr\u00f3speri \u2013 21 agosto (14h) Hugo Souza, 25 anos, e Fabio, 43 anos, goleiros. Os dois fecham a ter\u00e7a-feira (20\/8) de Copas internacionais consagrados em seus clubes. Hugo cata tr\u00eas p\u00eanaltis na decis\u00e3o contra Bragantino e leva Corinthians \u00e0s quartas de final da Sul-Americana. Fabio defende dois p\u00eanaltis\u2026","rel":"","context":"Em &quot;futebol&quot;","block_context":{"text":"futebol","link":"https:\/\/blogdoprosperi.com\/?cat=53870"},"img":{"alt_text":"Hugo Souza honra tradi\u00e7\u00e3o de goleiros altos do Corinthians","src":"https:\/\/i0.wp.com\/blogdoprosperi.com\/wp-content\/uploads\/2024\/08\/hugo-souza-goleiro-corinthians-x-gremio-copa-do-brasil-860x538-1.webp?fit=860%2C538&ssl=1&resize=350%2C200","width":350,"height":200,"srcset":"https:\/\/i0.wp.com\/blogdoprosperi.com\/wp-content\/uploads\/2024\/08\/hugo-souza-goleiro-corinthians-x-gremio-copa-do-brasil-860x538-1.webp?fit=860%2C538&ssl=1&resize=350%2C200 1x, https:\/\/i0.wp.com\/blogdoprosperi.com\/wp-content\/uploads\/2024\/08\/hugo-souza-goleiro-corinthians-x-gremio-copa-do-brasil-860x538-1.webp?fit=860%2C538&ssl=1&resize=525%2C300 1.5x, https:\/\/i0.wp.com\/blogdoprosperi.com\/wp-content\/uploads\/2024\/08\/hugo-souza-goleiro-corinthians-x-gremio-copa-do-brasil-860x538-1.webp?fit=860%2C538&ssl=1&resize=700%2C400 2x"},"classes":[]},{"id":54496,"url":"https:\/\/blogdoprosperi.com\/?p=54496","url_meta":{"origin":46030,"position":3},"title":"Corinthians e Suas H\u00e9rnias","author":"Luiz Ant\u00f4nio Pr\u00f3speri","date":"13 de agosto de 2025","format":false,"excerpt":"Luiz Ant\u00f4nio Pr\u00f3speri \u2013 13 agosto 2025 (12h06) \u2013 Corinthians vence seu campeonato preferido \u2013 tirar o Palmeiras do caminho \u2013 e n\u00e3o se livra de suas \"h\u00e9rnias\". A mais recente abate Yuri Alberto, operado \u00e0s pressas na madrugada desta quarta-feira (13\/8) para retirada de uma h\u00e9rnia inguinal. Atacante ter\u00e1\u2026","rel":"","context":"Em &quot;futebol&quot;","block_context":{"text":"futebol","link":"https:\/\/blogdoprosperi.com\/?cat=53870"},"img":{"alt_text":"Corinthians e suas h\u00e9rnias","src":"https:\/\/i0.wp.com\/blogdoprosperi.com\/wp-content\/uploads\/2025\/08\/yuri-alberto-e1753923579131.webp?fit=828%2C465&ssl=1&resize=350%2C200","width":350,"height":200,"srcset":"https:\/\/i0.wp.com\/blogdoprosperi.com\/wp-content\/uploads\/2025\/08\/yuri-alberto-e1753923579131.webp?fit=828%2C465&ssl=1&resize=350%2C200 1x, https:\/\/i0.wp.com\/blogdoprosperi.com\/wp-content\/uploads\/2025\/08\/yuri-alberto-e1753923579131.webp?fit=828%2C465&ssl=1&resize=525%2C300 1.5x, https:\/\/i0.wp.com\/blogdoprosperi.com\/wp-content\/uploads\/2025\/08\/yuri-alberto-e1753923579131.webp?fit=828%2C465&ssl=1&resize=700%2C400 2x"},"classes":[]},{"id":49500,"url":"https:\/\/blogdoprosperi.com\/?p=49500","url_meta":{"origin":46030,"position":4},"title":"Corinthians Cai na Vala Comum","author":"Luiz Ant\u00f4nio Pr\u00f3speri","date":"3 de abril de 2025","format":false,"excerpt":"Luiz Ant\u00f4nio Pr\u00f3speri \u2013 3 abril (11h41) \u2013 Corinthians n\u00e3o tem tempo para respirar. Uma semana ap\u00f3s celebrar conquista do Paulist\u00e3o, cai na vala comum dos que n\u00e3o sobrevivem em torneios internacionais \u2013 h\u00e1 menos de um m\u00eas era eliminado em casa na fase pr\u00e9 da Libertadores. A derrota (2\u2026","rel":"","context":"Em &quot;futebol&quot;","block_context":{"text":"futebol","link":"https:\/\/blogdoprosperi.com\/?cat=53870"},"img":{"alt_text":"Hurac\u00e1n derrota Corinthians","src":"https:\/\/i0.wp.com\/blogdoprosperi.com\/wp-content\/uploads\/2025\/04\/gnkchl1wqaaxchi.jpeg?fit=1024%2C683&ssl=1&resize=350%2C200","width":350,"height":200,"srcset":"https:\/\/i0.wp.com\/blogdoprosperi.com\/wp-content\/uploads\/2025\/04\/gnkchl1wqaaxchi.jpeg?fit=1024%2C683&ssl=1&resize=350%2C200 1x, https:\/\/i0.wp.com\/blogdoprosperi.com\/wp-content\/uploads\/2025\/04\/gnkchl1wqaaxchi.jpeg?fit=1024%2C683&ssl=1&resize=525%2C300 1.5x, https:\/\/i0.wp.com\/blogdoprosperi.com\/wp-content\/uploads\/2025\/04\/gnkchl1wqaaxchi.jpeg?fit=1024%2C683&ssl=1&resize=700%2C400 2x"},"classes":[]},{"id":48779,"url":"https:\/\/blogdoprosperi.com\/?p=48779","url_meta":{"origin":46030,"position":5},"title":"Libertadores e Copa do Brasil | Confira Potes dos Sorteios dos Grupos","author":"Luiz Ant\u00f4nio Pr\u00f3speri","date":"14 de mar\u00e7o de 2025","format":false,"excerpt":"Luiz Ant\u00f4nio Pr\u00f3speri \u2013 14 mar\u00e7o (13h50) \u2013 Conmebol faz sorteio da fase de grupos da Libertadores na segunda-feira (17\/3). Brasil ter\u00e1 sete clubes: Palmeiras, Flamengo, Botafogo, S\u00e3o Paulo, Internacional, Fortaleza e Bahia. Corinthians estaria nos potes, mas caiu eliminado nas seletivas contra o Barcelona do Equador. De acordo com\u2026","rel":"","context":"Em &quot;futebol&quot;","block_context":{"text":"futebol","link":"https:\/\/blogdoprosperi.com\/?cat=53870"},"img":{"alt_text":"Libertadores 2026","src":"https:\/\/i0.wp.com\/blogdoprosperi.com\/wp-content\/uploads\/2023\/03\/fsrk8i2waaabn_f.jpeg?fit=678%2C452&ssl=1&resize=350%2C200","width":350,"height":200,"srcset":"https:\/\/i0.wp.com\/blogdoprosperi.com\/wp-content\/uploads\/2023\/03\/fsrk8i2waaabn_f.jpeg?fit=678%2C452&ssl=1&resize=350%2C200 1x, https:\/\/i0.wp.com\/blogdoprosperi.com\/wp-content\/uploads\/2023\/03\/fsrk8i2waaabn_f.jpeg?fit=678%2C452&ssl=1&resize=525%2C300 1.5x"},"classes":[]}],"jetpack_featured_media_url":"https:\/\/i0.wp.com\/blogdoprosperi.com\/wp-content\/uploads\/2024\/10\/captura-de-tela-2024-10-25-as-11.39.25.png?fit=1114%2C700&ssl=1","_links":{"self":[{"href":"https:\/\/blogdoprosperi.com\/index.php?rest_route=\/wp\/v2\/posts\/46030","targetHints":{"allow":["GET"]}}],"collection":[{"href":"https:\/\/blogdoprosperi.com\/index.php?rest_route=\/wp\/v2\/posts"}],"about":[{"href":"https:\/\/blogdoprosperi.com\/index.php?rest_route=\/wp\/v2\/types\/post"}],"author":[{"embeddable":true,"href":"https:\/\/blogdoprosperi.com\/index.php?rest_route=\/wp\/v2\/users\/102107496"}],"replies":[{"embeddable":true,"href":"https:\/\/blogdoprosperi.com\/index.php?rest_route=%2Fwp%2Fv2%2Fcomments&post=46030"}],"version-history":[{"count":13,"href":"https:\/\/blogdoprosperi.com\/index.php?rest_route=\/wp\/v2\/posts\/46030\/revisions"}],"predecessor-version":[{"id":46048,"href":"https:\/\/blogdoprosperi.com\/index.php?rest_route=\/wp\/v2\/posts\/46030\/revisions\/46048"}],"wp:featuredmedia":[{"embeddable":true,"href":"https:\/\/blogdoprosperi.com\/index.php?rest_route=\/wp\/v2\/media\/46036"}],"wp:attachment":[{"href":"https:\/\/blogdoprosperi.com\/index.php?rest_route=%2Fwp%2Fv2%2Fmedia&parent=46030"}],"wp:term":[{"taxonomy":"category","embeddable":true,"href":"https:\/\/blogdoprosperi.com\/index.php?rest_route=%2Fwp%2Fv2%2Fcategories&post=46030"},{"taxonomy":"post_tag","embeddable":true,"href":"https:\/\/blogdoprosperi.com\/index.php?rest_route=%2Fwp%2Fv2%2Ftags&post=46030"}],"curies":[{"name":"wp","href":"https:\/\/api.w.org\/{rel}","templated":true}]}}