{"id":46044,"date":"2024-10-26T11:18:52","date_gmt":"2024-10-26T14:18:52","guid":{"rendered":"http:\/\/blogdoprosperi.com\/?p=46044"},"modified":"2024-10-26T11:18:52","modified_gmt":"2024-10-26T14:18:52","slug":"cinco-jogos-para-grudar-na-tv-nesse-sabado-e-domingo","status":"publish","type":"post","link":"https:\/\/blogdoprosperi.com\/?p=46044","title":{"rendered":"Cinco Jogos para Grudar na TV nesse S\u00e1bado e Domingo"},"content":{"rendered":"\r\n<p class=\"wp-block-paragraph\"><strong>Al-Hilal vs Al Taawoun \u2013 s\u00e1bado \u2013 15h \u2013 <em>ao vivo na Band<\/em><\/strong><\/p>\r\n<p>Jogo do Campeonato da Ar\u00e1bia Saudita para acompanhar de perto. Neymar deve ganhar mais alguns minutos no Al-Hilal nessa segunda partida de sua volta ao futebol ap\u00f3s um ano sem jogar. Na segunda-feira passada (21\/10), o craque atuou por 30 minutos na vit\u00f3ria por 5 a 4 contra o Al-Ain. Al-Hilal lidera o Saudit\u00e3o com 21 pontos \u2013 sete vit\u00f3rias em sete rodadas. <em><strong>Quem curte Neymar, gruda na TV logo mais.<\/strong><\/em><\/p>\r\n<figure id=\"attachment_45991\" aria-describedby=\"caption-attachment-45991\" style=\"width: 576px\" class=\"wp-caption alignnone\"><img data-recalc-dims=\"1\" loading=\"lazy\" decoding=\"async\" data-attachment-id=\"45991\" data-permalink=\"https:\/\/blogdoprosperi.com\/?attachment_id=45991\" data-orig-file=\"https:\/\/i0.wp.com\/blogdoprosperi.com\/wp-content\/uploads\/2024\/10\/gaa0ue9xcaallgj.jpeg?fit=1880%2C2048&amp;ssl=1\" data-orig-size=\"1880,2048\" data-comments-opened=\"1\" data-image-meta=\"{&quot;aperture&quot;:&quot;0&quot;,&quot;credit&quot;:&quot;&quot;,&quot;camera&quot;:&quot;&quot;,&quot;caption&quot;:&quot;&quot;,&quot;created_timestamp&quot;:&quot;0&quot;,&quot;copyright&quot;:&quot;&quot;,&quot;focal_length&quot;:&quot;0&quot;,&quot;iso&quot;:&quot;0&quot;,&quot;shutter_speed&quot;:&quot;0&quot;,&quot;title&quot;:&quot;&quot;,&quot;orientation&quot;:&quot;0&quot;}\" data-image-title=\"A volta de Neymar\" data-image-description=\"\" data-image-caption=\"&lt;p&gt;Neymar volta a jogar depois de um ano \u2013 foto: Twitter&lt;\/p&gt;\n\" data-large-file=\"https:\/\/i0.wp.com\/blogdoprosperi.com\/wp-content\/uploads\/2024\/10\/gaa0ue9xcaallgj.jpeg?fit=940%2C1024&amp;ssl=1\" class=\" wp-image-45991\" src=\"https:\/\/i0.wp.com\/blogdoprosperi.com\/wp-content\/uploads\/2024\/10\/gaa0ue9xcaallgj.jpeg?resize=576%2C627&#038;ssl=1\" alt=\"Neymar Volta hoje ao futebol\" width=\"576\" height=\"627\" \/><figcaption id=\"caption-attachment-45991\" class=\"wp-caption-text\">Neymar volta a jogar depois de um ano \u2013 foto: Twitter<\/figcaption><\/figure>\r\n\r\n\r\n\r\n<p class=\"wp-block-paragraph\"><strong>Real Madrid vs Barcelona \u2013 s\u00e1bado \u2013 16h \u2013 <em>ao vivo na Disney +<\/em><\/strong><\/p>\r\n\r\n\r\n\r\n\r\n\r\n<p class=\"wp-block-paragraph\">Rivalidade das escrituras do futebol. Real x Bar\u00e7a tem muito mais. El Classico, na vers\u00e3o dos espanh\u00f3is, tem ingredientes de sobra a chamar aten\u00e7\u00e3o. \u00c9 o \u00faltimo jogo antes de Vini Jr ser consagrado melhor jogador do mundo na cerim\u00f4nia da FIFA segunda-feira (28\/10). Marca tamb\u00e9m duelo de Vini e Raphinha, donos de hat-tricks (3 gols) na rodada do meio de semana da Champions League. Vini fez tr\u00eas no Dortmund e Raphinha repetiu a dose no Bayern Munique. Real e Bar\u00e7a \u00e9 jogo para Dorival J\u00fanior ver e, quem sabe, tirar conclus\u00f5es de como melhor aproveitar Vini, Rodrygo e Raphinha na Sele\u00e7\u00e3o Brasileira. <em><strong>N\u00e3o deixe de acompanhar.<\/strong><\/em><\/p>\r\n<figure id=\"attachment_41722\" aria-describedby=\"caption-attachment-41722\" style=\"width: 603px\" class=\"wp-caption alignnone\"><img data-recalc-dims=\"1\" loading=\"lazy\" decoding=\"async\" data-attachment-id=\"41722\" data-permalink=\"https:\/\/blogdoprosperi.com\/?attachment_id=41722\" data-orig-file=\"https:\/\/i0.wp.com\/blogdoprosperi.com\/wp-content\/uploads\/2023\/05\/vinicius-jr-rezando.jpg?fit=1200%2C800&amp;ssl=1\" data-orig-size=\"1200,800\" data-comments-opened=\"1\" data-image-meta=\"{&quot;aperture&quot;:&quot;0&quot;,&quot;credit&quot;:&quot;&quot;,&quot;camera&quot;:&quot;&quot;,&quot;caption&quot;:&quot;&quot;,&quot;created_timestamp&quot;:&quot;0&quot;,&quot;copyright&quot;:&quot;&quot;,&quot;focal_length&quot;:&quot;0&quot;,&quot;iso&quot;:&quot;0&quot;,&quot;shutter_speed&quot;:&quot;0&quot;,&quot;title&quot;:&quot;&quot;,&quot;orientation&quot;:&quot;0&quot;}\" data-image-title=\"Vini Jr luta contra racismo\" data-image-description=\"\" data-image-caption=\"&lt;p&gt;Vini Jr no cl\u00e1ssico antes da consagra\u00e7\u00e3o na Fifa \u2013 foto: Instagram @vinijr&lt;\/p&gt;\n\" data-large-file=\"https:\/\/i0.wp.com\/blogdoprosperi.com\/wp-content\/uploads\/2023\/05\/vinicius-jr-rezando.jpg?fit=940%2C627&amp;ssl=1\" class=\" wp-image-41722\" src=\"https:\/\/i0.wp.com\/blogdoprosperi.com\/wp-content\/uploads\/2023\/05\/vinicius-jr-rezando.jpg?resize=603%2C402&#038;ssl=1\" alt=\"Vini Jr, voz do futebol contra racismo\" width=\"603\" height=\"402\" \/><figcaption id=\"caption-attachment-41722\" class=\"wp-caption-text\"><em>Vini Jr no cl\u00e1ssico antes da consagra\u00e7\u00e3o na Fifa \u2013 foto: Instagram @vinijr<\/em><\/figcaption><\/figure>\r\n\r\n\r\n\r\n<p class=\"wp-block-paragraph\"><strong>Palmeiras x Fortaleza \u2013 s\u00e1bado \u2013 16h30 \u2013 <em>ao vivo 16h30 na Globo\u00a0<\/em><\/strong><\/p>\r\n\r\n\r\n\r\n\r\n\r\n<p class=\"wp-block-paragraph\">Palmeiras encara Fortaleza no Allianz Parque como se fosse decis\u00e3o de campeonato. Se vencer, abre sete pontos do concorrente (em terceiro na tabela) e ultrapassa o l\u00edder Botafogo. Card\u00e1pio mais que especial. Abel Ferreira e seus jogadores t\u00eam plena consci\u00eancia de que a vit\u00f3ria sustenta a vantagem de o Palmeiras depender apenas de suas for\u00e7as para ser campe\u00e3o. Fortaleza joga suas \u00faltimas fichas na tentativa de diminuir a dist\u00e2ncia dos ponteiros da tabela e continuar firme na briga por vaga na Libertadores. Deixando de lado os n\u00fameros da classifica\u00e7\u00e3o, \u00e9 mais uma oportunidade de se ver Estev\u00e3o. Estev\u00e3o, a tradu\u00e7\u00e3o perfeita do jeito de o brasileiro jogar bola.<em><strong> Imperd\u00edvel.<\/strong><\/em><\/p>\r\n<figure id=\"attachment_45444\" aria-describedby=\"caption-attachment-45444\" style=\"width: 626px\" class=\"wp-caption alignnone\"><img data-recalc-dims=\"1\" loading=\"lazy\" decoding=\"async\" data-attachment-id=\"45444\" data-permalink=\"https:\/\/blogdoprosperi.com\/?attachment_id=45444\" data-orig-file=\"https:\/\/i0.wp.com\/blogdoprosperi.com\/wp-content\/uploads\/2024\/09\/54014301116_62bb6ed689_c.jpg?fit=685%2C800&amp;ssl=1\" data-orig-size=\"685,800\" data-comments-opened=\"1\" data-image-meta=\"{&quot;aperture&quot;:&quot;0&quot;,&quot;credit&quot;:&quot;CESAR GRECO&quot;,&quot;camera&quot;:&quot;&quot;,&quot;caption&quot;:&quot;&quot;,&quot;created_timestamp&quot;:&quot;0&quot;,&quot;copyright&quot;:&quot;CESAR GRECO&quot;,&quot;focal_length&quot;:&quot;0&quot;,&quot;iso&quot;:&quot;0&quot;,&quot;shutter_speed&quot;:&quot;0&quot;,&quot;title&quot;:&quot;&quot;,&quot;orientation&quot;:&quot;0&quot;}\" data-image-title=\"Richard Rios, atra\u00e7\u00e3o do Palmeiras\" data-image-description=\"\" data-image-caption=\"&lt;p&gt;Richard Rios &amp;#8211; foto: Palmeiras&lt;\/p&gt;\n\" data-large-file=\"https:\/\/i0.wp.com\/blogdoprosperi.com\/wp-content\/uploads\/2024\/09\/54014301116_62bb6ed689_c.jpg?fit=685%2C800&amp;ssl=1\" class=\" wp-image-45444\" src=\"https:\/\/i0.wp.com\/blogdoprosperi.com\/wp-content\/uploads\/2024\/09\/54014301116_62bb6ed689_c.jpg?resize=626%2C731&#038;ssl=1\" alt=\"\" width=\"626\" height=\"731\" \/><figcaption id=\"caption-attachment-45444\" class=\"wp-caption-text\"><em>Richard Rios &#8211; foto: Palmeiras<\/em><\/figcaption><\/figure>\r\n\r\n\r\n\r\n<p class=\"wp-block-paragraph\"><strong>Bragantino x Botafogo \u2013 s\u00e1bado \u2013 19h \u2013 <em>ao vido 19h no Premier<\/em><\/strong><\/p>\r\n<p>Futebol de arrast\u00e3o do Botafogo tem um duro teste diante do Bragantino. Avassalador nas semifinais da Libertadores, quando pulverizou o Pe\u00f1arol por 5 a 0 na quarta-feira (24\/10), Botafogo joga para sustentar a lideran\u00e7a isolada e manter o Palmeiras por pelo menos um ponto atr\u00e1s na \u00a0tabela. \u00c9 bem prov\u00e1vel que o t\u00e9cnico Arthur Jorge escale os principais titulares. Bragantino n\u00e3o perde h\u00e1 quatro jogos em casa \u2013 tr\u00eas empates e uma vit\u00f3ria. \u00c9 jogo para acompanhar Luiz Henrique e Ygor Jesus, decisivos no Bota e importantes na Sele\u00e7\u00e3o Brasileira. <em><strong>Jogo de se prestar muita aten\u00e7\u00e3o.<\/strong><\/em><\/p>\r\n<figure id=\"attachment_46019\" aria-describedby=\"caption-attachment-46019\" style=\"width: 638px\" class=\"wp-caption alignnone\"><img data-recalc-dims=\"1\" loading=\"lazy\" decoding=\"async\" data-attachment-id=\"46019\" data-permalink=\"https:\/\/blogdoprosperi.com\/?attachment_id=46019\" data-orig-file=\"https:\/\/i0.wp.com\/blogdoprosperi.com\/wp-content\/uploads\/2024\/10\/image_c8e7390a-0620-4228-9ff6-762457eab6a3.jpg?fit=799%2C533&amp;ssl=1\" data-orig-size=\"799,533\" data-comments-opened=\"1\" data-image-meta=\"{&quot;aperture&quot;:&quot;0&quot;,&quot;credit&quot;:&quot;Vitor_Silva&quot;,&quot;camera&quot;:&quot;&quot;,&quot;caption&quot;:&quot;&quot;,&quot;created_timestamp&quot;:&quot;0&quot;,&quot;copyright&quot;:&quot;Vitor Silva&quot;,&quot;focal_length&quot;:&quot;0&quot;,&quot;iso&quot;:&quot;0&quot;,&quot;shutter_speed&quot;:&quot;0&quot;,&quot;title&quot;:&quot;&quot;,&quot;orientation&quot;:&quot;0&quot;}\" data-image-title=\"Ygor Jesus, do Botafogo\" data-image-description=\"\" data-image-caption=\"&lt;p&gt;Ygor Jesus, arma do Botafogo \u2013 foto: Botafogo oficial&lt;\/p&gt;\n\" data-large-file=\"https:\/\/i0.wp.com\/blogdoprosperi.com\/wp-content\/uploads\/2024\/10\/image_c8e7390a-0620-4228-9ff6-762457eab6a3.jpg?fit=799%2C533&amp;ssl=1\" class=\" wp-image-46019\" src=\"https:\/\/i0.wp.com\/blogdoprosperi.com\/wp-content\/uploads\/2024\/10\/image_c8e7390a-0620-4228-9ff6-762457eab6a3.jpg?resize=638%2C425&#038;ssl=1\" alt=\"\" width=\"638\" height=\"425\" \/><figcaption id=\"caption-attachment-46019\" class=\"wp-caption-text\"><em>Ygor Jesus, arma do Botafogo \u2013 foto: Botafogo oficial<\/em><\/figcaption><\/figure>\r\n\r\n\r\n\r\n\r\n\r\n\r\n\r\n\r\n\r\n<p class=\"wp-block-paragraph\"><strong>Arsenal x Liverpool \u2013 domingo \u2013 13h30 \u2013 <em>ao vivo na ESPN<\/em><\/strong><\/p>\r\n<p>L\u00edder da Premier League, Liverpool visita Arsenal, terceiro colocado a quatro pontos do advers\u00e1rio. Cabe ao Arsenal fazer valer o mando de casa na corrida pela ta\u00e7a. Derrota seria catastr\u00f3fica diante de um concorrente direto. Selecion\u00e1veis zagueiro Gabriel Magalh\u00e3es e Martinelli devem jogar. Gabriel Jesus, reserva, costuma entrar nos \u00faltimos minutos.<em><strong> Jogo grande para animar o domingo.<\/strong><\/em><\/p>\r\n\r\n\r\n\r\n\r\n\r\n<p class=\"wp-block-paragraph\">&nbsp;<\/p>\r\n","protected":false},"excerpt":{"rendered":"<p>Al-Hilal vs Al Taawoun \u2013 s\u00e1bado \u2013 15h \u2013 ao vivo na Band Jogo do Campeonato da Ar\u00e1bia [&hellip;]<\/p>\n","protected":false},"author":102107496,"featured_media":43913,"comment_status":"open","ping_status":"open","sticky":false,"template":"","format":"standard","meta":{"_coblocks_attr":"","_coblocks_dimensions":"","_coblocks_responsive_height":"","_coblocks_accordion_ie_support":"","_jetpack_newsletter_access":"","_jetpack_dont_email_post_to_subs":false,"_jetpack_newsletter_tier_id":0,"_jetpack_memberships_contains_paywalled_content":false,"_wpcom_ai_launchpad_first_post":false,"_jetpack_feature_clip_id":0,"_jetpack_memberships_contains_paid_content":false,"footnotes":"","jetpack_publicize_message":"","jetpack_publicize_feature_enabled":true,"jetpack_social_post_already_shared":false,"jetpack_social_options":{"image_generator_settings":{"template":"highway","default_image_id":0,"font":"","enabled":false},"version":2},"jetpack_post_was_ever_published":false},"categories":[53870,3919],"tags":[789560560,789560573],"class_list":["post-46044","post","type-post","status-publish","format-standard","has-post-thumbnail","hentry","category-futebol","category-opiniao","tag-futebol","tag-luiz-antonio-prosperi"],"yoast_head":"<!-- This site is optimized with the Yoast SEO plugin v28.3 - https:\/\/yoast.com\/product\/yoast-seo-wordpress\/ -->\n<title>Cinco Jogos para Grudar na TV nesse S\u00e1bado e Domingo - PR\u00d3SPERI NEWS<\/title>\n<meta name=\"robots\" content=\"index, follow, max-snippet:-1, max-image-preview:large, max-video-preview:-1\" \/>\n<link rel=\"canonical\" href=\"https:\/\/blogdoprosperi.com\/?p=46044\" \/>\n<meta property=\"og:locale\" content=\"pt_BR\" \/>\n<meta property=\"og:type\" content=\"article\" \/>\n<meta property=\"og:title\" content=\"Cinco Jogos para Grudar na TV nesse S\u00e1bado e Domingo - PR\u00d3SPERI NEWS\" \/>\n<meta property=\"og:description\" content=\"Al-Hilal vs Al Taawoun \u2013 s\u00e1bado \u2013 15h \u2013 ao vivo na Band Jogo do Campeonato da Ar\u00e1bia [&hellip;]\" \/>\n<meta property=\"og:url\" content=\"https:\/\/blogdoprosperi.com\/?p=46044\" \/>\n<meta property=\"og:site_name\" content=\"PR\u00d3SPERI NEWS\" \/>\n<meta property=\"article:publisher\" content=\"Luiz Pr\u00f3speri\" \/>\n<meta property=\"article:author\" content=\"Luiz Pr\u00f3speri\" \/>\n<meta property=\"article:published_time\" content=\"2024-10-26T14:18:52+00:00\" \/>\n<meta property=\"og:image\" content=\"https:\/\/i0.wp.com\/blogdoprosperi.com\/wp-content\/uploads\/2024\/07\/53851251803_8093405d2a_h.jpg?fit=1500%2C844&ssl=1\" \/>\n\t<meta property=\"og:image:width\" content=\"1500\" \/>\n\t<meta property=\"og:image:height\" content=\"844\" \/>\n\t<meta property=\"og:image:type\" content=\"image\/jpeg\" \/>\n<meta name=\"author\" content=\"Luiz Ant\u00f4nio Pr\u00f3speri\" \/>\n<meta name=\"twitter:card\" content=\"summary_large_image\" \/>\n<meta name=\"twitter:creator\" content=\"@Luizprosperi\" \/>\n<meta name=\"twitter:site\" content=\"@Luizprosperi\" \/>\n<meta name=\"twitter:label1\" content=\"Escrito por\" \/>\n\t<meta name=\"twitter:data1\" content=\"Luiz Ant\u00f4nio Pr\u00f3speri\" \/>\n\t<meta name=\"twitter:label2\" content=\"Est. tempo de leitura\" \/>\n\t<meta name=\"twitter:data2\" content=\"3 minutos\" \/>\n<script type=\"application\/ld+json\" class=\"yoast-schema-graph\">{\"@context\":\"https:\\\/\\\/schema.org\",\"@graph\":[{\"@type\":\"Article\",\"@id\":\"https:\\\/\\\/blogdoprosperi.com\\\/?p=46044#article\",\"isPartOf\":{\"@id\":\"https:\\\/\\\/blogdoprosperi.com\\\/?p=46044\"},\"author\":{\"name\":\"Luiz Ant\u00f4nio Pr\u00f3speri\",\"@id\":\"https:\\\/\\\/blogdoprosperi.com\\\/#\\\/schema\\\/person\\\/38100755ce3601861ee4fab9b5aa78e9\"},\"headline\":\"Cinco Jogos para Grudar na TV nesse S\u00e1bado e Domingo\",\"datePublished\":\"2024-10-26T14:18:52+00:00\",\"mainEntityOfPage\":{\"@id\":\"https:\\\/\\\/blogdoprosperi.com\\\/?p=46044\"},\"wordCount\":602,\"commentCount\":0,\"publisher\":{\"@id\":\"https:\\\/\\\/blogdoprosperi.com\\\/#\\\/schema\\\/person\\\/38100755ce3601861ee4fab9b5aa78e9\"},\"image\":{\"@id\":\"https:\\\/\\\/blogdoprosperi.com\\\/?p=46044#primaryimage\"},\"thumbnailUrl\":\"https:\\\/\\\/i0.wp.com\\\/blogdoprosperi.com\\\/wp-content\\\/uploads\\\/2024\\\/07\\\/53851251803_8093405d2a_h.jpg?fit=1500%2C844&ssl=1\",\"keywords\":[\"futebol\",\"Luiz Ant\u00f4nio Pr\u00f3speri\"],\"articleSection\":[\"futebol\",\"opini\u00e3o\"],\"inLanguage\":\"pt-BR\",\"potentialAction\":[{\"@type\":\"CommentAction\",\"name\":\"Comment\",\"target\":[\"https:\\\/\\\/blogdoprosperi.com\\\/?p=46044#respond\"]}]},{\"@type\":\"WebPage\",\"@id\":\"https:\\\/\\\/blogdoprosperi.com\\\/?p=46044\",\"url\":\"https:\\\/\\\/blogdoprosperi.com\\\/?p=46044\",\"name\":\"Cinco Jogos para Grudar na TV nesse S\u00e1bado e Domingo - PR\u00d3SPERI NEWS\",\"isPartOf\":{\"@id\":\"https:\\\/\\\/blogdoprosperi.com\\\/#website\"},\"primaryImageOfPage\":{\"@id\":\"https:\\\/\\\/blogdoprosperi.com\\\/?p=46044#primaryimage\"},\"image\":{\"@id\":\"https:\\\/\\\/blogdoprosperi.com\\\/?p=46044#primaryimage\"},\"thumbnailUrl\":\"https:\\\/\\\/i0.wp.com\\\/blogdoprosperi.com\\\/wp-content\\\/uploads\\\/2024\\\/07\\\/53851251803_8093405d2a_h.jpg?fit=1500%2C844&ssl=1\",\"datePublished\":\"2024-10-26T14:18:52+00:00\",\"breadcrumb\":{\"@id\":\"https:\\\/\\\/blogdoprosperi.com\\\/?p=46044#breadcrumb\"},\"inLanguage\":\"pt-BR\",\"potentialAction\":[{\"@type\":\"ReadAction\",\"target\":[\"https:\\\/\\\/blogdoprosperi.com\\\/?p=46044\"]}]},{\"@type\":\"ImageObject\",\"inLanguage\":\"pt-BR\",\"@id\":\"https:\\\/\\\/blogdoprosperi.com\\\/?p=46044#primaryimage\",\"url\":\"https:\\\/\\\/i0.wp.com\\\/blogdoprosperi.com\\\/wp-content\\\/uploads\\\/2024\\\/07\\\/53851251803_8093405d2a_h.jpg?fit=1500%2C844&ssl=1\",\"contentUrl\":\"https:\\\/\\\/i0.wp.com\\\/blogdoprosperi.com\\\/wp-content\\\/uploads\\\/2024\\\/07\\\/53851251803_8093405d2a_h.jpg?fit=1500%2C844&ssl=1\",\"width\":1500,\"height\":844,\"caption\":\"Estev\u00e3o, a diferen\u00e7a do Palmeiras no Brasileir\u00e3o 2024 \u2013 foto: Palmeiras oficial\"},{\"@type\":\"BreadcrumbList\",\"@id\":\"https:\\\/\\\/blogdoprosperi.com\\\/?p=46044#breadcrumb\",\"itemListElement\":[{\"@type\":\"ListItem\",\"position\":1,\"name\":\"In\u00edcio\",\"item\":\"https:\\\/\\\/blogdoprosperi.com\\\/\"},{\"@type\":\"ListItem\",\"position\":2,\"name\":\"Cinco Jogos para Grudar na TV nesse S\u00e1bado e Domingo\"}]},{\"@type\":\"WebSite\",\"@id\":\"https:\\\/\\\/blogdoprosperi.com\\\/#website\",\"url\":\"https:\\\/\\\/blogdoprosperi.com\\\/\",\"name\":\"PR\u00d3SPERI NEWS\",\"description\":\"TUDO \u00c9  FUTEBOL\",\"publisher\":{\"@id\":\"https:\\\/\\\/blogdoprosperi.com\\\/#\\\/schema\\\/person\\\/38100755ce3601861ee4fab9b5aa78e9\"},\"alternateName\":\"blogdoprosperi.com\",\"potentialAction\":[{\"@type\":\"SearchAction\",\"target\":{\"@type\":\"EntryPoint\",\"urlTemplate\":\"https:\\\/\\\/blogdoprosperi.com\\\/?s={search_term_string}\"},\"query-input\":{\"@type\":\"PropertyValueSpecification\",\"valueRequired\":true,\"valueName\":\"search_term_string\"}}],\"inLanguage\":\"pt-BR\"},{\"@type\":[\"Person\",\"Organization\"],\"@id\":\"https:\\\/\\\/blogdoprosperi.com\\\/#\\\/schema\\\/person\\\/38100755ce3601861ee4fab9b5aa78e9\",\"name\":\"Luiz Ant\u00f4nio Pr\u00f3speri\",\"pronouns\":\"ele\",\"image\":{\"@type\":\"ImageObject\",\"inLanguage\":\"pt-BR\",\"@id\":\"https:\\\/\\\/i0.wp.com\\\/blogdoprosperi.com\\\/wp-content\\\/uploads\\\/2026\\\/05\\\/cropped-8059e613-6002-42fa-961e-8e275f575d71-2-5.jpg?fit=1360%2C931&ssl=1\",\"url\":\"https:\\\/\\\/i0.wp.com\\\/blogdoprosperi.com\\\/wp-content\\\/uploads\\\/2026\\\/05\\\/cropped-8059e613-6002-42fa-961e-8e275f575d71-2-5.jpg?fit=1360%2C931&ssl=1\",\"contentUrl\":\"https:\\\/\\\/i0.wp.com\\\/blogdoprosperi.com\\\/wp-content\\\/uploads\\\/2026\\\/05\\\/cropped-8059e613-6002-42fa-961e-8e275f575d71-2-5.jpg?fit=1360%2C931&ssl=1\",\"width\":1360,\"height\":931,\"caption\":\"Luiz Ant\u00f4nio Pr\u00f3speri\"},\"logo\":{\"@id\":\"https:\\\/\\\/i0.wp.com\\\/blogdoprosperi.com\\\/wp-content\\\/uploads\\\/2026\\\/05\\\/cropped-8059e613-6002-42fa-961e-8e275f575d71-2-5.jpg?fit=1360%2C931&ssl=1\"},\"description\":\"Jornalista com carreira dedicada ao esporte. Cobriu 9 Copas do Mundo in loco, 1990 na It\u00e1lia, 1994 nos EUA, 1998 na Fran\u00e7a, 2002 na Coreia do Sul e Jap\u00e3o, 2006 na Alemanha, 2010 na \u00c1frica do Sul, 2014 no Brasil, 2018 na R\u00fassia e 2022 no Qatar. Eurocopas, 1992 na Su\u00e9cia e 1996 na Inglaterra. Copa das Confedera\u00e7\u00f5es de 2005 na Alemanha e 2009 na \u00c1frica do Sul. Rep\u00f3rter e Editor, trabalhou no Jornal da Tarde e Estad\u00e3o, de 1984 a fevereiro de 2016. Colunista, blogueiro. E comentarista de futebol na R\u00e1dio Estad\u00e3o, de 2013 a fevereiro de 2016. Jornalista respons\u00e1vel do \\\"Pr\u00f3speri News\\\" (blogdoprosperi.com).\",\"sameAs\":[\"http:\\\/\\\/blogdoprosperi.com\",\"Luiz Pr\u00f3speri\",\"@luiz_prosperi\",\"https:\\\/\\\/x.com\\\/Luizprosperi\",\"@prosperinacopa\",\"luiz.prosperi@icloud.com\"],\"url\":\"https:\\\/\\\/blogdoprosperi.com\\\/?author=102107496\"}]}<\/script>\n<!-- \/ Yoast SEO plugin. -->","yoast_head_json":{"title":"Cinco Jogos para Grudar na TV nesse S\u00e1bado e Domingo - PR\u00d3SPERI NEWS","robots":{"index":"index","follow":"follow","max-snippet":"max-snippet:-1","max-image-preview":"max-image-preview:large","max-video-preview":"max-video-preview:-1"},"canonical":"https:\/\/blogdoprosperi.com\/?p=46044","og_locale":"pt_BR","og_type":"article","og_title":"Cinco Jogos para Grudar na TV nesse S\u00e1bado e Domingo - PR\u00d3SPERI NEWS","og_description":"Al-Hilal vs Al Taawoun \u2013 s\u00e1bado \u2013 15h \u2013 ao vivo na Band Jogo do Campeonato da Ar\u00e1bia [&hellip;]","og_url":"https:\/\/blogdoprosperi.com\/?p=46044","og_site_name":"PR\u00d3SPERI NEWS","article_publisher":"Luiz Pr\u00f3speri","article_author":"Luiz Pr\u00f3speri","article_published_time":"2024-10-26T14:18:52+00:00","og_image":[{"width":1500,"height":844,"url":"https:\/\/i0.wp.com\/blogdoprosperi.com\/wp-content\/uploads\/2024\/07\/53851251803_8093405d2a_h.jpg?fit=1500%2C844&ssl=1","type":"image\/jpeg"}],"author":"Luiz Ant\u00f4nio Pr\u00f3speri","twitter_card":"summary_large_image","twitter_creator":"@Luizprosperi","twitter_site":"@Luizprosperi","twitter_misc":{"Escrito por":"Luiz Ant\u00f4nio Pr\u00f3speri","Est. tempo de leitura":"3 minutos"},"schema":{"@context":"https:\/\/schema.org","@graph":[{"@type":"Article","@id":"https:\/\/blogdoprosperi.com\/?p=46044#article","isPartOf":{"@id":"https:\/\/blogdoprosperi.com\/?p=46044"},"author":{"name":"Luiz Ant\u00f4nio Pr\u00f3speri","@id":"https:\/\/blogdoprosperi.com\/#\/schema\/person\/38100755ce3601861ee4fab9b5aa78e9"},"headline":"Cinco Jogos para Grudar na TV nesse S\u00e1bado e Domingo","datePublished":"2024-10-26T14:18:52+00:00","mainEntityOfPage":{"@id":"https:\/\/blogdoprosperi.com\/?p=46044"},"wordCount":602,"commentCount":0,"publisher":{"@id":"https:\/\/blogdoprosperi.com\/#\/schema\/person\/38100755ce3601861ee4fab9b5aa78e9"},"image":{"@id":"https:\/\/blogdoprosperi.com\/?p=46044#primaryimage"},"thumbnailUrl":"https:\/\/i0.wp.com\/blogdoprosperi.com\/wp-content\/uploads\/2024\/07\/53851251803_8093405d2a_h.jpg?fit=1500%2C844&ssl=1","keywords":["futebol","Luiz Ant\u00f4nio Pr\u00f3speri"],"articleSection":["futebol","opini\u00e3o"],"inLanguage":"pt-BR","potentialAction":[{"@type":"CommentAction","name":"Comment","target":["https:\/\/blogdoprosperi.com\/?p=46044#respond"]}]},{"@type":"WebPage","@id":"https:\/\/blogdoprosperi.com\/?p=46044","url":"https:\/\/blogdoprosperi.com\/?p=46044","name":"Cinco Jogos para Grudar na TV nesse S\u00e1bado e Domingo - PR\u00d3SPERI NEWS","isPartOf":{"@id":"https:\/\/blogdoprosperi.com\/#website"},"primaryImageOfPage":{"@id":"https:\/\/blogdoprosperi.com\/?p=46044#primaryimage"},"image":{"@id":"https:\/\/blogdoprosperi.com\/?p=46044#primaryimage"},"thumbnailUrl":"https:\/\/i0.wp.com\/blogdoprosperi.com\/wp-content\/uploads\/2024\/07\/53851251803_8093405d2a_h.jpg?fit=1500%2C844&ssl=1","datePublished":"2024-10-26T14:18:52+00:00","breadcrumb":{"@id":"https:\/\/blogdoprosperi.com\/?p=46044#breadcrumb"},"inLanguage":"pt-BR","potentialAction":[{"@type":"ReadAction","target":["https:\/\/blogdoprosperi.com\/?p=46044"]}]},{"@type":"ImageObject","inLanguage":"pt-BR","@id":"https:\/\/blogdoprosperi.com\/?p=46044#primaryimage","url":"https:\/\/i0.wp.com\/blogdoprosperi.com\/wp-content\/uploads\/2024\/07\/53851251803_8093405d2a_h.jpg?fit=1500%2C844&ssl=1","contentUrl":"https:\/\/i0.wp.com\/blogdoprosperi.com\/wp-content\/uploads\/2024\/07\/53851251803_8093405d2a_h.jpg?fit=1500%2C844&ssl=1","width":1500,"height":844,"caption":"Estev\u00e3o, a diferen\u00e7a do Palmeiras no Brasileir\u00e3o 2024 \u2013 foto: Palmeiras oficial"},{"@type":"BreadcrumbList","@id":"https:\/\/blogdoprosperi.com\/?p=46044#breadcrumb","itemListElement":[{"@type":"ListItem","position":1,"name":"In\u00edcio","item":"https:\/\/blogdoprosperi.com\/"},{"@type":"ListItem","position":2,"name":"Cinco Jogos para Grudar na TV nesse S\u00e1bado e Domingo"}]},{"@type":"WebSite","@id":"https:\/\/blogdoprosperi.com\/#website","url":"https:\/\/blogdoprosperi.com\/","name":"PR\u00d3SPERI NEWS","description":"TUDO \u00c9  FUTEBOL","publisher":{"@id":"https:\/\/blogdoprosperi.com\/#\/schema\/person\/38100755ce3601861ee4fab9b5aa78e9"},"alternateName":"blogdoprosperi.com","potentialAction":[{"@type":"SearchAction","target":{"@type":"EntryPoint","urlTemplate":"https:\/\/blogdoprosperi.com\/?s={search_term_string}"},"query-input":{"@type":"PropertyValueSpecification","valueRequired":true,"valueName":"search_term_string"}}],"inLanguage":"pt-BR"},{"@type":["Person","Organization"],"@id":"https:\/\/blogdoprosperi.com\/#\/schema\/person\/38100755ce3601861ee4fab9b5aa78e9","name":"Luiz Ant\u00f4nio Pr\u00f3speri","pronouns":"ele","image":{"@type":"ImageObject","inLanguage":"pt-BR","@id":"https:\/\/i0.wp.com\/blogdoprosperi.com\/wp-content\/uploads\/2026\/05\/cropped-8059e613-6002-42fa-961e-8e275f575d71-2-5.jpg?fit=1360%2C931&ssl=1","url":"https:\/\/i0.wp.com\/blogdoprosperi.com\/wp-content\/uploads\/2026\/05\/cropped-8059e613-6002-42fa-961e-8e275f575d71-2-5.jpg?fit=1360%2C931&ssl=1","contentUrl":"https:\/\/i0.wp.com\/blogdoprosperi.com\/wp-content\/uploads\/2026\/05\/cropped-8059e613-6002-42fa-961e-8e275f575d71-2-5.jpg?fit=1360%2C931&ssl=1","width":1360,"height":931,"caption":"Luiz Ant\u00f4nio Pr\u00f3speri"},"logo":{"@id":"https:\/\/i0.wp.com\/blogdoprosperi.com\/wp-content\/uploads\/2026\/05\/cropped-8059e613-6002-42fa-961e-8e275f575d71-2-5.jpg?fit=1360%2C931&ssl=1"},"description":"Jornalista com carreira dedicada ao esporte. Cobriu 9 Copas do Mundo in loco, 1990 na It\u00e1lia, 1994 nos EUA, 1998 na Fran\u00e7a, 2002 na Coreia do Sul e Jap\u00e3o, 2006 na Alemanha, 2010 na \u00c1frica do Sul, 2014 no Brasil, 2018 na R\u00fassia e 2022 no Qatar. Eurocopas, 1992 na Su\u00e9cia e 1996 na Inglaterra. Copa das Confedera\u00e7\u00f5es de 2005 na Alemanha e 2009 na \u00c1frica do Sul. Rep\u00f3rter e Editor, trabalhou no Jornal da Tarde e Estad\u00e3o, de 1984 a fevereiro de 2016. Colunista, blogueiro. E comentarista de futebol na R\u00e1dio Estad\u00e3o, de 2013 a fevereiro de 2016. Jornalista respons\u00e1vel do \"Pr\u00f3speri News\" (blogdoprosperi.com).","sameAs":["http:\/\/blogdoprosperi.com","Luiz Pr\u00f3speri","@luiz_prosperi","https:\/\/x.com\/Luizprosperi","@prosperinacopa","luiz.prosperi@icloud.com"],"url":"https:\/\/blogdoprosperi.com\/?author=102107496"}]}},"jetpack_publicize_connections":[],"jetpack_likes_enabled":false,"jetpack_sharing_enabled":true,"jetpack_shortlink":"https:\/\/wp.me\/p7jvdk-bYE","jetpack-related-posts":[{"id":47609,"url":"https:\/\/blogdoprosperi.com\/?p=47609","url_meta":{"origin":46044,"position":0},"title":"Neymar Rescinde Contrato com Al Hilal e Desembarca no Santos Quarta-Feira","author":"Luiz Ant\u00f4nio Pr\u00f3speri","date":"27 de janeiro de 2025","format":false,"excerpt":"Luiz Ant\u00f4nio Pr\u00f3speri \u2013 27 janeiro (13h03) \u2013 Neymar \u00e9 do Santos. Acordo feito, clube santista aguardava rescis\u00e3o com Al Hilal para o an\u00fancio oficial da volta do craque ao seu ber\u00e7o. No in\u00edcio dessa noite segunda-feira (27\/1), clube \u00e1rabe comunica a sa\u00edda de Neymar. Por enquanto, n\u00e3o se tem\u2026","rel":"","context":"Em &quot;futebol&quot;","block_context":{"text":"futebol","link":"https:\/\/blogdoprosperi.com\/?cat=53870"},"img":{"alt_text":"","src":"https:\/\/i0.wp.com\/blogdoprosperi.com\/wp-content\/uploads\/2025\/01\/captura-de-tela-2025-01-27-as-20.17.54.png?fit=1148%2C1074&ssl=1&resize=350%2C200","width":350,"height":200,"srcset":"https:\/\/i0.wp.com\/blogdoprosperi.com\/wp-content\/uploads\/2025\/01\/captura-de-tela-2025-01-27-as-20.17.54.png?fit=1148%2C1074&ssl=1&resize=350%2C200 1x, https:\/\/i0.wp.com\/blogdoprosperi.com\/wp-content\/uploads\/2025\/01\/captura-de-tela-2025-01-27-as-20.17.54.png?fit=1148%2C1074&ssl=1&resize=525%2C300 1.5x, https:\/\/i0.wp.com\/blogdoprosperi.com\/wp-content\/uploads\/2025\/01\/captura-de-tela-2025-01-27-as-20.17.54.png?fit=1148%2C1074&ssl=1&resize=700%2C400 2x, https:\/\/i0.wp.com\/blogdoprosperi.com\/wp-content\/uploads\/2025\/01\/captura-de-tela-2025-01-27-as-20.17.54.png?fit=1148%2C1074&ssl=1&resize=1050%2C600 3x"},"classes":[]},{"id":45986,"url":"https:\/\/blogdoprosperi.com\/?p=45986","url_meta":{"origin":46044,"position":1},"title":"Neymar Volta ao Futebol | Joga 30 minutos na vit\u00f3ria do Al-Hilal 5 x 4 Al-Ain","author":"Luiz Ant\u00f4nio Pr\u00f3speri","date":"21 de outubro de 2024","format":false,"excerpt":"Neymar entra aos 31 minutos do segundo tempo substituindo Nasser Dawssari. Por pouco n\u00e3o faz um gol, aos 41. Jogo acaba com a vit\u00f3ria do Al-Hilal por 5 a 4 contra o Al-Ain na Champions da \u00c1sia. Craque estava afastado do futebol h\u00e1 um ano, ap\u00f3s sofrer ruptura dos ligamentos\u2026","rel":"","context":"Em &quot;futebol&quot;","block_context":{"text":"futebol","link":"https:\/\/blogdoprosperi.com\/?cat=53870"},"img":{"alt_text":"Neymar Volta hoje ao futebol","src":"https:\/\/i0.wp.com\/blogdoprosperi.com\/wp-content\/uploads\/2024\/10\/gaa0ue9xcaallgj.jpeg?fit=1102%2C1200&ssl=1&resize=350%2C200","width":350,"height":200,"srcset":"https:\/\/i0.wp.com\/blogdoprosperi.com\/wp-content\/uploads\/2024\/10\/gaa0ue9xcaallgj.jpeg?fit=1102%2C1200&ssl=1&resize=350%2C200 1x, https:\/\/i0.wp.com\/blogdoprosperi.com\/wp-content\/uploads\/2024\/10\/gaa0ue9xcaallgj.jpeg?fit=1102%2C1200&ssl=1&resize=525%2C300 1.5x, https:\/\/i0.wp.com\/blogdoprosperi.com\/wp-content\/uploads\/2024\/10\/gaa0ue9xcaallgj.jpeg?fit=1102%2C1200&ssl=1&resize=700%2C400 2x, https:\/\/i0.wp.com\/blogdoprosperi.com\/wp-content\/uploads\/2024\/10\/gaa0ue9xcaallgj.jpeg?fit=1102%2C1200&ssl=1&resize=1050%2C600 3x"},"classes":[]},{"id":46242,"url":"https:\/\/blogdoprosperi.com\/?p=46242","url_meta":{"origin":46044,"position":2},"title":"Neymar | Clube Saudita Projeta Sa\u00edda do Craque em Janeiro 2025 e Santos Aguarda Sua Cria","author":"Luiz Ant\u00f4nio Pr\u00f3speri","date":"6 de novembro de 2024","format":false,"excerpt":"Luiz Ant\u00f4nio Pr\u00f3speri \u2013 6 novembro (15h28) \u2013 Neymar n\u00e3o joga mais nessa temporada do futebol saudita. Ali\u00e1s, desde outubro de 2023, n\u00e3o atua de forma regular no Al-Hilal. Fora dos campos ap\u00f3s um ano se recuperando de grave cirurgia no joelho, Neymar esperava voltar bem em novembro 2024 na\u2026","rel":"","context":"Em &quot;futebol&quot;","block_context":{"text":"futebol","link":"https:\/\/blogdoprosperi.com\/?cat=53870"},"img":{"alt_text":"Neymar de sa\u00edda do futebol saudita","src":"https:\/\/i0.wp.com\/blogdoprosperi.com\/wp-content\/uploads\/2024\/11\/captura-de-tela-2024-11-06-as-12.52.24.png?fit=1200%2C816&ssl=1&resize=350%2C200","width":350,"height":200,"srcset":"https:\/\/i0.wp.com\/blogdoprosperi.com\/wp-content\/uploads\/2024\/11\/captura-de-tela-2024-11-06-as-12.52.24.png?fit=1200%2C816&ssl=1&resize=350%2C200 1x, https:\/\/i0.wp.com\/blogdoprosperi.com\/wp-content\/uploads\/2024\/11\/captura-de-tela-2024-11-06-as-12.52.24.png?fit=1200%2C816&ssl=1&resize=525%2C300 1.5x, https:\/\/i0.wp.com\/blogdoprosperi.com\/wp-content\/uploads\/2024\/11\/captura-de-tela-2024-11-06-as-12.52.24.png?fit=1200%2C816&ssl=1&resize=700%2C400 2x, https:\/\/i0.wp.com\/blogdoprosperi.com\/wp-content\/uploads\/2024\/11\/captura-de-tela-2024-11-06-as-12.52.24.png?fit=1200%2C816&ssl=1&resize=1050%2C600 3x"},"classes":[]},{"id":47364,"url":"https:\/\/blogdoprosperi.com\/?p=47364","url_meta":{"origin":46044,"position":3},"title":"O que fazer com Neymar? Messi Pode Responder","author":"Luiz Ant\u00f4nio Pr\u00f3speri","date":"8 de janeiro de 2025","format":false,"excerpt":"Luiz Ant\u00f4nio Pr\u00f3speri \u2013 8 janeiro (19h25) \u2013 Neymar tem apenas sete partidas disputadas no Al-Hilal da Ar\u00e1bia Saudita, desde agosto de 2023 quando desembarcou no \"deserto\" vendido por 90 milh\u00f5es de euros. Trocava PSG da Fran\u00e7a por um sal\u00e1rio de 100 milh\u00f5es de euros\/ano e a esperan\u00e7a de seguir\u2026","rel":"","context":"Em &quot;futebol&quot;","block_context":{"text":"futebol","link":"https:\/\/blogdoprosperi.com\/?cat=53870"},"img":{"alt_text":"Neymar, Messi e Su\u00e1rez no Inter Miami","src":"https:\/\/i0.wp.com\/blogdoprosperi.com\/wp-content\/uploads\/2025\/01\/msn.jpg?fit=750%2C485&ssl=1&resize=350%2C200","width":350,"height":200,"srcset":"https:\/\/i0.wp.com\/blogdoprosperi.com\/wp-content\/uploads\/2025\/01\/msn.jpg?fit=750%2C485&ssl=1&resize=350%2C200 1x, https:\/\/i0.wp.com\/blogdoprosperi.com\/wp-content\/uploads\/2025\/01\/msn.jpg?fit=750%2C485&ssl=1&resize=525%2C300 1.5x, https:\/\/i0.wp.com\/blogdoprosperi.com\/wp-content\/uploads\/2025\/01\/msn.jpg?fit=750%2C485&ssl=1&resize=700%2C400 2x"},"classes":[]},{"id":41821,"url":"https:\/\/blogdoprosperi.com\/?p=41821","url_meta":{"origin":46044,"position":4},"title":"Neymar acabou antes de chegar ao fim de carreira, Dorival n\u00e3o concorda","author":"Luiz Ant\u00f4nio Pr\u00f3speri","date":"28 de fevereiro de 2024","format":false,"excerpt":"Ar\u00e1bia Saudita n\u00e3o ver\u00e1 um Neymar competitivo e sim um ilusionista, uma personagem das Mil e Uma Noites. Sele\u00e7\u00e3o Brasileira \u00e9 a \u00faltima esta\u00e7\u00e3o que Neymar tem para embarcar. Se \u00e9 que ele ainda pensa o futebol como um desafio e n\u00e3o como um conto das ar\u00e1bias.","rel":"","context":"Em &quot;futebol&quot;","block_context":{"text":"futebol","link":"https:\/\/blogdoprosperi.com\/?cat=53870"},"img":{"alt_text":"","src":"https:\/\/i0.wp.com\/blogdoprosperi.com\/wp-content\/uploads\/2023\/08\/neymar_junior_1200x675_19102023080007.jpg?fit=1200%2C675&ssl=1&resize=350%2C200","width":350,"height":200,"srcset":"https:\/\/i0.wp.com\/blogdoprosperi.com\/wp-content\/uploads\/2023\/08\/neymar_junior_1200x675_19102023080007.jpg?fit=1200%2C675&ssl=1&resize=350%2C200 1x, https:\/\/i0.wp.com\/blogdoprosperi.com\/wp-content\/uploads\/2023\/08\/neymar_junior_1200x675_19102023080007.jpg?fit=1200%2C675&ssl=1&resize=525%2C300 1.5x, https:\/\/i0.wp.com\/blogdoprosperi.com\/wp-content\/uploads\/2023\/08\/neymar_junior_1200x675_19102023080007.jpg?fit=1200%2C675&ssl=1&resize=700%2C400 2x, https:\/\/i0.wp.com\/blogdoprosperi.com\/wp-content\/uploads\/2023\/08\/neymar_junior_1200x675_19102023080007.jpg?fit=1200%2C675&ssl=1&resize=1050%2C600 3x"},"classes":[]},{"id":47518,"url":"https:\/\/blogdoprosperi.com\/?p=47518","url_meta":{"origin":46044,"position":5},"title":"Nem Jesus Quer Neymar, Santos Sim","author":"Luiz Ant\u00f4nio Pr\u00f3speri","date":"17 de janeiro de 2025","format":false,"excerpt":"Neymar procura um time para voltar ao futebol. Farra da Ar\u00e1bia Saudita chega ao fim com o decreto de Jesus, o Jorge, t\u00e9cnico do Al-Hilal. Aos 33 anos, craque brasileiro procura outra freguesia. Santos aposta no lado emocional e trabalha com os \u00e1rabes por empr\u00e9stimo de seis meses. \u201cO Neymar\u2026","rel":"","context":"Em &quot;futebol&quot;","block_context":{"text":"futebol","link":"https:\/\/blogdoprosperi.com\/?cat=53870"},"img":{"alt_text":"","src":"https:\/\/i0.wp.com\/blogdoprosperi.com\/wp-content\/uploads\/2023\/08\/fywhikqxsaiayz0.jpg?fit=720%2C720&ssl=1&resize=350%2C200","width":350,"height":200,"srcset":"https:\/\/i0.wp.com\/blogdoprosperi.com\/wp-content\/uploads\/2023\/08\/fywhikqxsaiayz0.jpg?fit=720%2C720&ssl=1&resize=350%2C200 1x, https:\/\/i0.wp.com\/blogdoprosperi.com\/wp-content\/uploads\/2023\/08\/fywhikqxsaiayz0.jpg?fit=720%2C720&ssl=1&resize=525%2C300 1.5x, https:\/\/i0.wp.com\/blogdoprosperi.com\/wp-content\/uploads\/2023\/08\/fywhikqxsaiayz0.jpg?fit=720%2C720&ssl=1&resize=700%2C400 2x"},"classes":[]}],"jetpack_featured_media_url":"https:\/\/i0.wp.com\/blogdoprosperi.com\/wp-content\/uploads\/2024\/07\/53851251803_8093405d2a_h.jpg?fit=1500%2C844&ssl=1","_links":{"self":[{"href":"https:\/\/blogdoprosperi.com\/index.php?rest_route=\/wp\/v2\/posts\/46044","targetHints":{"allow":["GET"]}}],"collection":[{"href":"https:\/\/blogdoprosperi.com\/index.php?rest_route=\/wp\/v2\/posts"}],"about":[{"href":"https:\/\/blogdoprosperi.com\/index.php?rest_route=\/wp\/v2\/types\/post"}],"author":[{"embeddable":true,"href":"https:\/\/blogdoprosperi.com\/index.php?rest_route=\/wp\/v2\/users\/102107496"}],"replies":[{"embeddable":true,"href":"https:\/\/blogdoprosperi.com\/index.php?rest_route=%2Fwp%2Fv2%2Fcomments&post=46044"}],"version-history":[{"count":9,"href":"https:\/\/blogdoprosperi.com\/index.php?rest_route=\/wp\/v2\/posts\/46044\/revisions"}],"predecessor-version":[{"id":46054,"href":"https:\/\/blogdoprosperi.com\/index.php?rest_route=\/wp\/v2\/posts\/46044\/revisions\/46054"}],"wp:featuredmedia":[{"embeddable":true,"href":"https:\/\/blogdoprosperi.com\/index.php?rest_route=\/wp\/v2\/media\/43913"}],"wp:attachment":[{"href":"https:\/\/blogdoprosperi.com\/index.php?rest_route=%2Fwp%2Fv2%2Fmedia&parent=46044"}],"wp:term":[{"taxonomy":"category","embeddable":true,"href":"https:\/\/blogdoprosperi.com\/index.php?rest_route=%2Fwp%2Fv2%2Fcategories&post=46044"},{"taxonomy":"post_tag","embeddable":true,"href":"https:\/\/blogdoprosperi.com\/index.php?rest_route=%2Fwp%2Fv2%2Ftags&post=46044"}],"curies":[{"name":"wp","href":"https:\/\/api.w.org\/{rel}","templated":true}]}}