{"id":46089,"date":"2024-10-28T12:21:54","date_gmt":"2024-10-28T15:21:54","guid":{"rendered":"https:\/\/blogdoprosperi.com\/?p=46089"},"modified":"2024-10-28T13:37:39","modified_gmt":"2024-10-28T16:37:39","slug":"guerra-de-torcidas-emboscada-morte-sangue-e-impunidade","status":"publish","type":"post","link":"https:\/\/blogdoprosperi.com\/?p=46089","title":{"rendered":"Guerra de Torcidas | Emboscada, Morte, Sangue e Impunidade"},"content":{"rendered":"<p><em>Luiz Ant\u00f4nio Pr\u00f3speri \u2013 28 outubro (12j010)<\/em><\/p>\n<p>Mancha Verde se pronuncia na manh\u00e3 dessa segunda-feira (28\/10) e diz que &#8220;vem sendo apontada injustamente, atrav\u00e9s de alguns meios de imprensa e redes sociais, de envolvimento em uma emboscada ocorrida na Rodovia Fern\u00e3o Dias, pr\u00f3ximo ao t\u00fanel de Mairipor\u00e3, na madrugada deste domingo (27)&#8221;. A maior torcida organizada do Palmeiras, por meio de nota oficial no Instagram, garante que n\u00e3o organizou a emboscada nem atacou torcedores da M\u00e1fia Azul do Cruzeiro. O Minist\u00e9rio P\u00fablico de SP esclarece que abriu investiga\u00e7\u00e3o alegando que &#8220;h\u00e1 firmes evid\u00eancias de que algumas torcidas organizadas atuam como verdadeiras fac\u00e7\u00f5es criminosas)&#8221;. A batalha de notas oficiais da Justi\u00e7a, fac\u00e7\u00f5es de torcidas organizadas, clubes, federa\u00e7\u00f5es e outras entidades ligadas ao futebol n\u00e3o \u00e9 uma novidade.<\/p>\n<p>Em setembro de 2022, as duas torcidas envolvidas no ato terrorista desse domingo se enfrentaram na mesma rodovia Fern\u00e3o Dias, na ocasi\u00e3o perto de Belo Horizonte. Naquela guerra, a Mancha Alvi Verde saiu derrotada.<\/p>\n<p>Na madrugada desse domingo (27\/10), integrantes da Mancha Verde promoveram a chamada &#8220;vingan\u00e7a&#8221; contra a M\u00e1fia Azul. Saldo de um morto carbonizado no \u00f4nibus dos cruzeirenses e 20 feridos. Nenhum torcedor foi preso at\u00e9 manh\u00e3 dessa segunda-feira (28\/10).<\/p>\n<div class=\"jetpack-video-wrapper\"><span class=\"embed-youtube\" style=\"text-align:center; display: block;\"><iframe loading=\"lazy\" class=\"youtube-player\" width=\"560\" height=\"315\" src=\"https:\/\/www.youtube.com\/embed\/IMqfVTbJydg?version=3&#038;rel=1&#038;showsearch=0&#038;showinfo=1&#038;iv_load_policy=1&#038;fs=1&#038;hl=pt-BR&#038;autohide=2&#038;wmode=transparent\" allowfullscreen=\"true\" style=\"border:0;\" sandbox=\"allow-scripts allow-same-origin allow-popups allow-presentation allow-popups-to-escape-sandbox\"><\/iframe><\/span><\/div>\n<p>A barb\u00e1rie encharcada de sangue no asfalto da rodovia n\u00e3o ser\u00e1 a \u00faltima e, provavelmente, n\u00e3o ter\u00e1 uma resposta real das autoridades p\u00fablicas e muito menos do futebol.<\/p>\n<p><strong><a href=\"https:\/\/blogdoprosperi.com\/2022\/09\/28\/faz-parte-da-guerra-bater-e-apanhar-tambem-diz-lider-da-mancha-verde\/\">acesse link do post da guerra entre as torcidas em 2022<\/a><\/strong><\/p>\n<p>Confira a batalha de notas oficiais enquanto as manchas de sangue continuam vivas na estrada que &nbsp;liga S\u00e3o Paulo a Minas Gerais.<\/p>\n<p><strong><em>Nota P\u00fablica \u2013 Minist\u00e9rio P\u00fablico de SP<\/em><\/strong><\/p>\n<div class=\"mpsp-display__header\">\n<div class=\"mpsp-page-heading my-lg-0 mx-lg-auto mx-sm-4\">\n<h4><em>Sobre investiga\u00e7\u00e3o do caso de viol\u00eancia entre torcidas neste domingo<\/em><\/h4>\n<div class=\"mpsp-display__socialmedia\">\n<div class=\"mpsp-display__socialmedia-date\"><em>\u00c9 em nome do princ\u00edpio da transpar\u00eancia que o Minist\u00e9rio P\u00fablico de S\u00e3o Paulo (MPSP) real\u00e7a o seu firme compromisso de oferecer a resposta adequada \u00e0s cenas de selvageria registradas na Rodovia Fern\u00e3o Dias, em Mairipor\u00e3, por volta das 5h30 deste domingo (27\/10).<\/em><\/div>\n<div><\/div>\n<div class=\"mpsp-display__socialmedia-date\"><em> O enfrentamento de grupos formados por pretensos torcedores da Sociedade Esportiva Palmeiras e do Cruzeiro Esporte Clube resultou, infelizmente, em um saldo tr\u00e1gico, deixando diversos feridos e um morto. Tal epis\u00f3dio \u00e9 inaceit\u00e1vel e representa uma grave afronta \u00e0 seguran\u00e7a p\u00fablica e \u00e0 conviv\u00eancia pac\u00edfica em nossa sociedade. <\/em><\/div>\n<div><\/div>\n<div class=\"mpsp-display__socialmedia-date\"><em>Por isso, esta Procuradoria-Geral de Justi\u00e7a determinou que, para al\u00e9m do promotor Fernando Pinho Chiozzotto, de Mairipor\u00e3, que acompanhar\u00e1 as investiga\u00e7\u00f5es da Pol\u00edcia Civil, o Grupo de Atua\u00e7\u00e3o Especial de Combate ao Crime Organizado (GAECO) entre no caso. H\u00e1 firmes evid\u00eancias de que algumas torcidas organizadas atuam como verdadeiras fac\u00e7\u00f5es criminosas, o que justifica a interven\u00e7\u00e3o do GAECO. <\/em><\/div>\n<div><\/div>\n<div class=\"mpsp-display__socialmedia-date\"><em>Vale ainda ressaltar que o Minist\u00e9rio P\u00fablico de Minas Gerais, contatado na pessoa de seu eminente procurador-geral, Jarbas Soares Junior, foi cientificado das provid\u00eancias do MPSP, que se colocou \u00e0 disposi\u00e7\u00e3o das v\u00edtimas e de seus familiares para qualquer medida que seja necess\u00e1ria. Que fique claro: quem age ao arrepio da lei deve responder por seus atos. E a sociedade brasileira pode continuar a contar com o MPSP para que isso aconte\u00e7a.<\/em><\/div>\n<\/div>\n<\/div>\n<\/div>\n<div class=\"mpsp-display__newscontent\">\n<p><em>S\u00e3o Paulo, 27 outubro 2024<\/em><\/p>\n<p><em>Paulo S\u00e9rgio de Oliveira e Costa \u2013 Procurado-Geral de Justi\u00e7a<\/em><\/p>\n<\/div>\n<p>&nbsp;<\/p>\n<p><strong><em>Nota Oficial da Mancha Alvi Verde<\/em><\/strong><\/p>\n<p><span class=\"alignnone\"><img data-recalc-dims=\"1\" loading=\"lazy\" decoding=\"async\" data-attachment-id=\"46091\" data-permalink=\"https:\/\/blogdoprosperi.com\/?attachment_id=46091\" data-orig-file=\"https:\/\/i0.wp.com\/blogdoprosperi.com\/wp-content\/uploads\/2024\/10\/464578998_18471963745063838_6639773523963014619_n.jpg?fit=1280%2C1280&amp;ssl=1\" data-orig-size=\"1280,1280\" data-comments-opened=\"1\" data-image-meta=\"{&quot;aperture&quot;:&quot;0&quot;,&quot;credit&quot;:&quot;&quot;,&quot;camera&quot;:&quot;&quot;,&quot;caption&quot;:&quot;&quot;,&quot;created_timestamp&quot;:&quot;0&quot;,&quot;copyright&quot;:&quot;&quot;,&quot;focal_length&quot;:&quot;0&quot;,&quot;iso&quot;:&quot;0&quot;,&quot;shutter_speed&quot;:&quot;0&quot;,&quot;title&quot;:&quot;&quot;,&quot;orientation&quot;:&quot;0&quot;}\" data-image-title=\"464578998_18471963745063838_6639773523963014619_n\" data-image-description=\"\" data-image-caption=\"\" data-large-file=\"https:\/\/i0.wp.com\/blogdoprosperi.com\/wp-content\/uploads\/2024\/10\/464578998_18471963745063838_6639773523963014619_n.jpg?fit=940%2C940&amp;ssl=1\" src=\"https:\/\/i0.wp.com\/blogdoprosperi.com\/wp-content\/uploads\/2024\/10\/464578998_18471963745063838_6639773523963014619_n.jpg?resize=398%2C398&#038;ssl=1\" class=\"alignnone wp-image-46091\" alt=\"\" width=\"398\" height=\"398\"><\/span><\/p>\n<p><em>A Mancha Alvi Verde vem sendo apontada injustamente, atrav\u00e9s de alguns meios de imprensa e redes sociais, de envolvimento em uma emboscada ocorrida na Rodovia Fern\u00e3o Dias, pr\u00f3ximo ao t\u00fanel de Mairipor\u00e3, na madrugada deste domingo (27). O incidente resultou tragicamente na morte de um torcedor do Cruzeiro e deixou outros feridos. Lamentamos profundamente mais esse triste acontecimento e manifestamos nossa solidariedade e demonstramos nosso consternamento aos familiares da v\u00edtima, repudiando com veem\u00eancia tais atos de viol\u00eancia.<\/em><\/p>\n<p><em>Queremos desde j\u00e1 deixar claro que a Mancha Alvi Verde n\u00e3o organizou, participou ou incentivou qualquer a\u00e7\u00e3o relacionada a esse incidente. Com mais de 45.000 associados, nossa torcida n\u00e3o pode ser responsabilizada por a\u00e7\u00f5es isoladas de cerca de 50 torcedores, que desrespeitam os princ\u00edpios de respeito e paz que promovemos e defendemos.<\/em><\/p>\n<p><em>A Mancha Alvi Verde repudia toda e qualquer forma de viol\u00eancia e reafirma seu comprometimento e compromisso com a seguran\u00e7a e a conviv\u00eancia pac\u00edfica entre torcedores. Estamos \u00e0 disposi\u00e7\u00e3o das autoridades para colaborar plenamente com as investiga\u00e7\u00f5es, auxiliando na identifica\u00e7\u00e3o e puni\u00e7\u00e3o dos respons\u00e1veis por mais esse fat\u00eddico e lament\u00e1vel epis\u00f3dio ocorrido na madrugada desse domingo.<\/em><br \/>\nMancha Alvi Verde<\/p>\n<p><strong>Nota Oficial do Cruzeiro<\/strong><\/p>\n<p>\u201c<em>O Cruzeiro lamenta profundamente mais um epis\u00f3dio de viol\u00eancia entre torcedores, desta vez durante a madrugada, na rodovia Fern\u00e3o Dias, que culminou com a morte de um cruzeirense e v\u00e1rios feridos.<\/em><\/p>\n<p><em>N\u00e3o h\u00e1 mais espa\u00e7o para viol\u00eancia no futebol, um esporte que une paix\u00f5es e multid\u00f5es. Precisamos dar um basta a esses atos criminosos<\/em>\u201d.<\/p>\n<p><strong>Nota Oficial do Palmeiras&nbsp;<\/strong><\/p>\n<p><em>&#8220;A Sociedade Esportiva Palmeiras repudia as cenas de viol\u00eancia protagonizadas na Rodovia Fern\u00e3o Dias, na manh\u00e3 deste domingo. O futebol n\u00e3o pode servir como pano de fundo para brigas e mortes. Que os fatos sejam devidamente apurados pelas autoridades competentes e os criminosos, punidos com rigor&#8221;.<\/em><\/p>\n","protected":false},"excerpt":{"rendered":"<p>Luiz Ant\u00f4nio Pr\u00f3speri \u2013 28 outubro (12j010) Mancha Verde se pronuncia na manh\u00e3 dessa segunda-feira (28\/10) e diz [&hellip;]<\/p>\n","protected":false},"author":102107496,"featured_media":46097,"comment_status":"open","ping_status":"open","sticky":false,"template":"","format":"standard","meta":{"_coblocks_attr":"","_coblocks_dimensions":"","_coblocks_responsive_height":"","_coblocks_accordion_ie_support":"","_jetpack_newsletter_access":"","_jetpack_dont_email_post_to_subs":false,"_jetpack_newsletter_tier_id":0,"_jetpack_memberships_contains_paywalled_content":false,"_wpcom_ai_launchpad_first_post":false,"_jetpack_feature_clip_id":0,"_jetpack_memberships_contains_paid_content":false,"footnotes":"","jetpack_publicize_message":"","jetpack_publicize_feature_enabled":true,"jetpack_social_post_already_shared":false,"jetpack_social_options":{"image_generator_settings":{"template":"highway","default_image_id":0,"font":"","enabled":false},"version":2},"jetpack_post_was_ever_published":false},"categories":[53870,20384],"tags":[11395536,775598387,789560560,10482073,789560573,484336261,2919202,722592,287104],"class_list":["post-46089","post","type-post","status-publish","format-standard","has-post-thumbnail","hentry","category-futebol","category-informacao","tag-cuzeiro","tag-emboscada-mancha-verde","tag-futebol","tag-gaeco","tag-luiz-antonio-prosperi","tag-mancha-alvi-verde-2","tag-mancha-verde","tag-mafia-azul","tag-palmeiras"],"yoast_head":"<!-- This site is optimized with the Yoast SEO plugin v28.3 - https:\/\/yoast.com\/product\/yoast-seo-wordpress\/ -->\n<title>Guerra de Torcidas | Emboscada, Morte, Sangue e Impunidade - PR\u00d3SPERI NEWS<\/title>\n<meta name=\"robots\" content=\"index, follow, max-snippet:-1, max-image-preview:large, max-video-preview:-1\" \/>\n<link rel=\"canonical\" href=\"https:\/\/blogdoprosperi.com\/?p=46089\" \/>\n<meta property=\"og:locale\" content=\"pt_BR\" \/>\n<meta property=\"og:type\" content=\"article\" \/>\n<meta property=\"og:title\" content=\"Guerra de Torcidas | Emboscada, Morte, Sangue e Impunidade - PR\u00d3SPERI NEWS\" \/>\n<meta property=\"og:description\" content=\"Luiz Ant\u00f4nio Pr\u00f3speri \u2013 28 outubro (12j010) Mancha Verde se pronuncia na manh\u00e3 dessa segunda-feira (28\/10) e diz [&hellip;]\" \/>\n<meta property=\"og:url\" content=\"https:\/\/blogdoprosperi.com\/?p=46089\" \/>\n<meta property=\"og:site_name\" content=\"PR\u00d3SPERI NEWS\" \/>\n<meta property=\"article:publisher\" content=\"Luiz Pr\u00f3speri\" \/>\n<meta property=\"article:author\" content=\"Luiz Pr\u00f3speri\" \/>\n<meta property=\"article:published_time\" content=\"2024-10-28T15:21:54+00:00\" \/>\n<meta property=\"article:modified_time\" content=\"2024-10-28T16:37:39+00:00\" \/>\n<meta property=\"og:image\" content=\"https:\/\/i0.wp.com\/blogdoprosperi.com\/wp-content\/uploads\/2024\/10\/sp2-4.webp?fit=1064%2C614&ssl=1\" \/>\n\t<meta property=\"og:image:width\" content=\"1064\" \/>\n\t<meta property=\"og:image:height\" content=\"614\" \/>\n\t<meta property=\"og:image:type\" content=\"image\/webp\" \/>\n<meta name=\"author\" content=\"Luiz Ant\u00f4nio Pr\u00f3speri\" \/>\n<meta name=\"twitter:card\" content=\"summary_large_image\" \/>\n<meta name=\"twitter:creator\" content=\"@Luizprosperi\" \/>\n<meta name=\"twitter:site\" content=\"@Luizprosperi\" \/>\n<meta name=\"twitter:label1\" content=\"Escrito por\" \/>\n\t<meta name=\"twitter:data1\" content=\"Luiz Ant\u00f4nio Pr\u00f3speri\" \/>\n\t<meta name=\"twitter:label2\" content=\"Est. tempo de leitura\" \/>\n\t<meta name=\"twitter:data2\" content=\"5 minutos\" \/>\n<script type=\"application\/ld+json\" class=\"yoast-schema-graph\">{\"@context\":\"https:\\\/\\\/schema.org\",\"@graph\":[{\"@type\":\"Article\",\"@id\":\"https:\\\/\\\/blogdoprosperi.com\\\/?p=46089#article\",\"isPartOf\":{\"@id\":\"https:\\\/\\\/blogdoprosperi.com\\\/?p=46089\"},\"author\":{\"name\":\"Luiz Ant\u00f4nio Pr\u00f3speri\",\"@id\":\"https:\\\/\\\/blogdoprosperi.com\\\/#\\\/schema\\\/person\\\/38100755ce3601861ee4fab9b5aa78e9\"},\"headline\":\"Guerra de Torcidas | Emboscada, Morte, Sangue e Impunidade\",\"datePublished\":\"2024-10-28T15:21:54+00:00\",\"dateModified\":\"2024-10-28T16:37:39+00:00\",\"mainEntityOfPage\":{\"@id\":\"https:\\\/\\\/blogdoprosperi.com\\\/?p=46089\"},\"wordCount\":914,\"commentCount\":0,\"publisher\":{\"@id\":\"https:\\\/\\\/blogdoprosperi.com\\\/#\\\/schema\\\/person\\\/38100755ce3601861ee4fab9b5aa78e9\"},\"image\":{\"@id\":\"https:\\\/\\\/blogdoprosperi.com\\\/?p=46089#primaryimage\"},\"thumbnailUrl\":\"https:\\\/\\\/i0.wp.com\\\/blogdoprosperi.com\\\/wp-content\\\/uploads\\\/2024\\\/10\\\/sp2-4.webp?fit=1064%2C614&ssl=1\",\"keywords\":[\"cuzeiro\",\"emboscada mancha verde\",\"futebol\",\"gaeco\",\"Luiz Ant\u00f4nio Pr\u00f3speri\",\"Mancha Alvi Verde\",\"mancha verde\",\"m\u00e1fia azul\",\"Palmeiras\"],\"articleSection\":[\"futebol\",\"informa\u00e7\u00e3o\"],\"inLanguage\":\"pt-BR\",\"potentialAction\":[{\"@type\":\"CommentAction\",\"name\":\"Comment\",\"target\":[\"https:\\\/\\\/blogdoprosperi.com\\\/?p=46089#respond\"]}]},{\"@type\":\"WebPage\",\"@id\":\"https:\\\/\\\/blogdoprosperi.com\\\/?p=46089\",\"url\":\"https:\\\/\\\/blogdoprosperi.com\\\/?p=46089\",\"name\":\"Guerra de Torcidas | Emboscada, Morte, Sangue e Impunidade - PR\u00d3SPERI NEWS\",\"isPartOf\":{\"@id\":\"https:\\\/\\\/blogdoprosperi.com\\\/#website\"},\"primaryImageOfPage\":{\"@id\":\"https:\\\/\\\/blogdoprosperi.com\\\/?p=46089#primaryimage\"},\"image\":{\"@id\":\"https:\\\/\\\/blogdoprosperi.com\\\/?p=46089#primaryimage\"},\"thumbnailUrl\":\"https:\\\/\\\/i0.wp.com\\\/blogdoprosperi.com\\\/wp-content\\\/uploads\\\/2024\\\/10\\\/sp2-4.webp?fit=1064%2C614&ssl=1\",\"datePublished\":\"2024-10-28T15:21:54+00:00\",\"dateModified\":\"2024-10-28T16:37:39+00:00\",\"breadcrumb\":{\"@id\":\"https:\\\/\\\/blogdoprosperi.com\\\/?p=46089#breadcrumb\"},\"inLanguage\":\"pt-BR\",\"potentialAction\":[{\"@type\":\"ReadAction\",\"target\":[\"https:\\\/\\\/blogdoprosperi.com\\\/?p=46089\"]}]},{\"@type\":\"ImageObject\",\"inLanguage\":\"pt-BR\",\"@id\":\"https:\\\/\\\/blogdoprosperi.com\\\/?p=46089#primaryimage\",\"url\":\"https:\\\/\\\/i0.wp.com\\\/blogdoprosperi.com\\\/wp-content\\\/uploads\\\/2024\\\/10\\\/sp2-4.webp?fit=1064%2C614&ssl=1\",\"contentUrl\":\"https:\\\/\\\/i0.wp.com\\\/blogdoprosperi.com\\\/wp-content\\\/uploads\\\/2024\\\/10\\\/sp2-4.webp?fit=1064%2C614&ssl=1\",\"width\":1064,\"height\":614,\"caption\":\"\u00d4nibus de cruzeirenses incendiado na emboscada da Mancha Verde \u2013 foto: reprodu\u00e7\u00e3o TV\"},{\"@type\":\"BreadcrumbList\",\"@id\":\"https:\\\/\\\/blogdoprosperi.com\\\/?p=46089#breadcrumb\",\"itemListElement\":[{\"@type\":\"ListItem\",\"position\":1,\"name\":\"In\u00edcio\",\"item\":\"https:\\\/\\\/blogdoprosperi.com\\\/\"},{\"@type\":\"ListItem\",\"position\":2,\"name\":\"Guerra de Torcidas | Emboscada, Morte, Sangue e Impunidade\"}]},{\"@type\":\"WebSite\",\"@id\":\"https:\\\/\\\/blogdoprosperi.com\\\/#website\",\"url\":\"https:\\\/\\\/blogdoprosperi.com\\\/\",\"name\":\"PR\u00d3SPERI NEWS\",\"description\":\"TUDO \u00c9  FUTEBOL\",\"publisher\":{\"@id\":\"https:\\\/\\\/blogdoprosperi.com\\\/#\\\/schema\\\/person\\\/38100755ce3601861ee4fab9b5aa78e9\"},\"alternateName\":\"blogdoprosperi.com\",\"potentialAction\":[{\"@type\":\"SearchAction\",\"target\":{\"@type\":\"EntryPoint\",\"urlTemplate\":\"https:\\\/\\\/blogdoprosperi.com\\\/?s={search_term_string}\"},\"query-input\":{\"@type\":\"PropertyValueSpecification\",\"valueRequired\":true,\"valueName\":\"search_term_string\"}}],\"inLanguage\":\"pt-BR\"},{\"@type\":[\"Person\",\"Organization\"],\"@id\":\"https:\\\/\\\/blogdoprosperi.com\\\/#\\\/schema\\\/person\\\/38100755ce3601861ee4fab9b5aa78e9\",\"name\":\"Luiz Ant\u00f4nio Pr\u00f3speri\",\"pronouns\":\"ele\",\"image\":{\"@type\":\"ImageObject\",\"inLanguage\":\"pt-BR\",\"@id\":\"https:\\\/\\\/i0.wp.com\\\/blogdoprosperi.com\\\/wp-content\\\/uploads\\\/2026\\\/05\\\/cropped-8059e613-6002-42fa-961e-8e275f575d71-2-5.jpg?fit=1360%2C931&ssl=1\",\"url\":\"https:\\\/\\\/i0.wp.com\\\/blogdoprosperi.com\\\/wp-content\\\/uploads\\\/2026\\\/05\\\/cropped-8059e613-6002-42fa-961e-8e275f575d71-2-5.jpg?fit=1360%2C931&ssl=1\",\"contentUrl\":\"https:\\\/\\\/i0.wp.com\\\/blogdoprosperi.com\\\/wp-content\\\/uploads\\\/2026\\\/05\\\/cropped-8059e613-6002-42fa-961e-8e275f575d71-2-5.jpg?fit=1360%2C931&ssl=1\",\"width\":1360,\"height\":931,\"caption\":\"Luiz Ant\u00f4nio Pr\u00f3speri\"},\"logo\":{\"@id\":\"https:\\\/\\\/i0.wp.com\\\/blogdoprosperi.com\\\/wp-content\\\/uploads\\\/2026\\\/05\\\/cropped-8059e613-6002-42fa-961e-8e275f575d71-2-5.jpg?fit=1360%2C931&ssl=1\"},\"description\":\"Jornalista com carreira dedicada ao esporte. Cobriu 9 Copas do Mundo in loco, 1990 na It\u00e1lia, 1994 nos EUA, 1998 na Fran\u00e7a, 2002 na Coreia do Sul e Jap\u00e3o, 2006 na Alemanha, 2010 na \u00c1frica do Sul, 2014 no Brasil, 2018 na R\u00fassia e 2022 no Qatar. Eurocopas, 1992 na Su\u00e9cia e 1996 na Inglaterra. Copa das Confedera\u00e7\u00f5es de 2005 na Alemanha e 2009 na \u00c1frica do Sul. Rep\u00f3rter e Editor, trabalhou no Jornal da Tarde e Estad\u00e3o, de 1984 a fevereiro de 2016. Colunista, blogueiro. E comentarista de futebol na R\u00e1dio Estad\u00e3o, de 2013 a fevereiro de 2016. Jornalista respons\u00e1vel do \\\"Pr\u00f3speri News\\\" (blogdoprosperi.com).\",\"sameAs\":[\"http:\\\/\\\/blogdoprosperi.com\",\"Luiz Pr\u00f3speri\",\"@luiz_prosperi\",\"https:\\\/\\\/x.com\\\/Luizprosperi\",\"@prosperinacopa\",\"luiz.prosperi@icloud.com\"],\"url\":\"https:\\\/\\\/blogdoprosperi.com\\\/?author=102107496\"}]}<\/script>\n<!-- \/ Yoast SEO plugin. -->","yoast_head_json":{"title":"Guerra de Torcidas | Emboscada, Morte, Sangue e Impunidade - PR\u00d3SPERI NEWS","robots":{"index":"index","follow":"follow","max-snippet":"max-snippet:-1","max-image-preview":"max-image-preview:large","max-video-preview":"max-video-preview:-1"},"canonical":"https:\/\/blogdoprosperi.com\/?p=46089","og_locale":"pt_BR","og_type":"article","og_title":"Guerra de Torcidas | Emboscada, Morte, Sangue e Impunidade - PR\u00d3SPERI NEWS","og_description":"Luiz Ant\u00f4nio Pr\u00f3speri \u2013 28 outubro (12j010) Mancha Verde se pronuncia na manh\u00e3 dessa segunda-feira (28\/10) e diz [&hellip;]","og_url":"https:\/\/blogdoprosperi.com\/?p=46089","og_site_name":"PR\u00d3SPERI NEWS","article_publisher":"Luiz Pr\u00f3speri","article_author":"Luiz Pr\u00f3speri","article_published_time":"2024-10-28T15:21:54+00:00","article_modified_time":"2024-10-28T16:37:39+00:00","og_image":[{"width":1064,"height":614,"url":"https:\/\/i0.wp.com\/blogdoprosperi.com\/wp-content\/uploads\/2024\/10\/sp2-4.webp?fit=1064%2C614&ssl=1","type":"image\/webp"}],"author":"Luiz Ant\u00f4nio Pr\u00f3speri","twitter_card":"summary_large_image","twitter_creator":"@Luizprosperi","twitter_site":"@Luizprosperi","twitter_misc":{"Escrito por":"Luiz Ant\u00f4nio Pr\u00f3speri","Est. tempo de leitura":"5 minutos"},"schema":{"@context":"https:\/\/schema.org","@graph":[{"@type":"Article","@id":"https:\/\/blogdoprosperi.com\/?p=46089#article","isPartOf":{"@id":"https:\/\/blogdoprosperi.com\/?p=46089"},"author":{"name":"Luiz Ant\u00f4nio Pr\u00f3speri","@id":"https:\/\/blogdoprosperi.com\/#\/schema\/person\/38100755ce3601861ee4fab9b5aa78e9"},"headline":"Guerra de Torcidas | Emboscada, Morte, Sangue e Impunidade","datePublished":"2024-10-28T15:21:54+00:00","dateModified":"2024-10-28T16:37:39+00:00","mainEntityOfPage":{"@id":"https:\/\/blogdoprosperi.com\/?p=46089"},"wordCount":914,"commentCount":0,"publisher":{"@id":"https:\/\/blogdoprosperi.com\/#\/schema\/person\/38100755ce3601861ee4fab9b5aa78e9"},"image":{"@id":"https:\/\/blogdoprosperi.com\/?p=46089#primaryimage"},"thumbnailUrl":"https:\/\/i0.wp.com\/blogdoprosperi.com\/wp-content\/uploads\/2024\/10\/sp2-4.webp?fit=1064%2C614&ssl=1","keywords":["cuzeiro","emboscada mancha verde","futebol","gaeco","Luiz Ant\u00f4nio Pr\u00f3speri","Mancha Alvi Verde","mancha verde","m\u00e1fia azul","Palmeiras"],"articleSection":["futebol","informa\u00e7\u00e3o"],"inLanguage":"pt-BR","potentialAction":[{"@type":"CommentAction","name":"Comment","target":["https:\/\/blogdoprosperi.com\/?p=46089#respond"]}]},{"@type":"WebPage","@id":"https:\/\/blogdoprosperi.com\/?p=46089","url":"https:\/\/blogdoprosperi.com\/?p=46089","name":"Guerra de Torcidas | Emboscada, Morte, Sangue e Impunidade - PR\u00d3SPERI NEWS","isPartOf":{"@id":"https:\/\/blogdoprosperi.com\/#website"},"primaryImageOfPage":{"@id":"https:\/\/blogdoprosperi.com\/?p=46089#primaryimage"},"image":{"@id":"https:\/\/blogdoprosperi.com\/?p=46089#primaryimage"},"thumbnailUrl":"https:\/\/i0.wp.com\/blogdoprosperi.com\/wp-content\/uploads\/2024\/10\/sp2-4.webp?fit=1064%2C614&ssl=1","datePublished":"2024-10-28T15:21:54+00:00","dateModified":"2024-10-28T16:37:39+00:00","breadcrumb":{"@id":"https:\/\/blogdoprosperi.com\/?p=46089#breadcrumb"},"inLanguage":"pt-BR","potentialAction":[{"@type":"ReadAction","target":["https:\/\/blogdoprosperi.com\/?p=46089"]}]},{"@type":"ImageObject","inLanguage":"pt-BR","@id":"https:\/\/blogdoprosperi.com\/?p=46089#primaryimage","url":"https:\/\/i0.wp.com\/blogdoprosperi.com\/wp-content\/uploads\/2024\/10\/sp2-4.webp?fit=1064%2C614&ssl=1","contentUrl":"https:\/\/i0.wp.com\/blogdoprosperi.com\/wp-content\/uploads\/2024\/10\/sp2-4.webp?fit=1064%2C614&ssl=1","width":1064,"height":614,"caption":"\u00d4nibus de cruzeirenses incendiado na emboscada da Mancha Verde \u2013 foto: reprodu\u00e7\u00e3o TV"},{"@type":"BreadcrumbList","@id":"https:\/\/blogdoprosperi.com\/?p=46089#breadcrumb","itemListElement":[{"@type":"ListItem","position":1,"name":"In\u00edcio","item":"https:\/\/blogdoprosperi.com\/"},{"@type":"ListItem","position":2,"name":"Guerra de Torcidas | Emboscada, Morte, Sangue e Impunidade"}]},{"@type":"WebSite","@id":"https:\/\/blogdoprosperi.com\/#website","url":"https:\/\/blogdoprosperi.com\/","name":"PR\u00d3SPERI NEWS","description":"TUDO \u00c9  FUTEBOL","publisher":{"@id":"https:\/\/blogdoprosperi.com\/#\/schema\/person\/38100755ce3601861ee4fab9b5aa78e9"},"alternateName":"blogdoprosperi.com","potentialAction":[{"@type":"SearchAction","target":{"@type":"EntryPoint","urlTemplate":"https:\/\/blogdoprosperi.com\/?s={search_term_string}"},"query-input":{"@type":"PropertyValueSpecification","valueRequired":true,"valueName":"search_term_string"}}],"inLanguage":"pt-BR"},{"@type":["Person","Organization"],"@id":"https:\/\/blogdoprosperi.com\/#\/schema\/person\/38100755ce3601861ee4fab9b5aa78e9","name":"Luiz Ant\u00f4nio Pr\u00f3speri","pronouns":"ele","image":{"@type":"ImageObject","inLanguage":"pt-BR","@id":"https:\/\/i0.wp.com\/blogdoprosperi.com\/wp-content\/uploads\/2026\/05\/cropped-8059e613-6002-42fa-961e-8e275f575d71-2-5.jpg?fit=1360%2C931&ssl=1","url":"https:\/\/i0.wp.com\/blogdoprosperi.com\/wp-content\/uploads\/2026\/05\/cropped-8059e613-6002-42fa-961e-8e275f575d71-2-5.jpg?fit=1360%2C931&ssl=1","contentUrl":"https:\/\/i0.wp.com\/blogdoprosperi.com\/wp-content\/uploads\/2026\/05\/cropped-8059e613-6002-42fa-961e-8e275f575d71-2-5.jpg?fit=1360%2C931&ssl=1","width":1360,"height":931,"caption":"Luiz Ant\u00f4nio Pr\u00f3speri"},"logo":{"@id":"https:\/\/i0.wp.com\/blogdoprosperi.com\/wp-content\/uploads\/2026\/05\/cropped-8059e613-6002-42fa-961e-8e275f575d71-2-5.jpg?fit=1360%2C931&ssl=1"},"description":"Jornalista com carreira dedicada ao esporte. Cobriu 9 Copas do Mundo in loco, 1990 na It\u00e1lia, 1994 nos EUA, 1998 na Fran\u00e7a, 2002 na Coreia do Sul e Jap\u00e3o, 2006 na Alemanha, 2010 na \u00c1frica do Sul, 2014 no Brasil, 2018 na R\u00fassia e 2022 no Qatar. Eurocopas, 1992 na Su\u00e9cia e 1996 na Inglaterra. Copa das Confedera\u00e7\u00f5es de 2005 na Alemanha e 2009 na \u00c1frica do Sul. Rep\u00f3rter e Editor, trabalhou no Jornal da Tarde e Estad\u00e3o, de 1984 a fevereiro de 2016. Colunista, blogueiro. E comentarista de futebol na R\u00e1dio Estad\u00e3o, de 2013 a fevereiro de 2016. Jornalista respons\u00e1vel do \"Pr\u00f3speri News\" (blogdoprosperi.com).","sameAs":["http:\/\/blogdoprosperi.com","Luiz Pr\u00f3speri","@luiz_prosperi","https:\/\/x.com\/Luizprosperi","@prosperinacopa","luiz.prosperi@icloud.com"],"url":"https:\/\/blogdoprosperi.com\/?author=102107496"}]}},"jetpack_publicize_connections":[],"jetpack_likes_enabled":false,"jetpack_sharing_enabled":true,"jetpack_shortlink":"https:\/\/wp.me\/p7jvdk-bZn","jetpack-related-posts":[{"id":39730,"url":"https:\/\/blogdoprosperi.com\/?p=39730","url_meta":{"origin":46089,"position":0},"title":"&#8220;Faz parte da Guerra, bater e apanhar tamb\u00e9m&#8221;, diz l\u00edder da Mancha Verde","author":"Luiz Ant\u00f4nio Pr\u00f3speri","date":"28 de outubro de 2024","format":false,"excerpt":"Guerra das torcidas n\u00e3o tem hora nem dia para acabar. \u00c9 permanente no futebol brasileiro. O confronto entre M\u00e1fia Azul (Cruzeiro) e Mancha Verde (Palmeiras) na Fern\u00e3o Dias \u00e9 tratado como mais uma batalha pelas fac\u00e7\u00f5es.","rel":"","context":"Em &quot;Campeonato Brasileiro&quot;","block_context":{"text":"Campeonato Brasileiro","link":"https:\/\/blogdoprosperi.com\/?cat=355071"},"img":{"alt_text":"","src":"https:\/\/i0.wp.com\/blogdoprosperi.com\/wp-content\/uploads\/2022\/09\/166438484563347f4da660b_1664384845_3x2_lg.jpg?fit=1024%2C682&ssl=1&resize=350%2C200","width":350,"height":200,"srcset":"https:\/\/i0.wp.com\/blogdoprosperi.com\/wp-content\/uploads\/2022\/09\/166438484563347f4da660b_1664384845_3x2_lg.jpg?fit=1024%2C682&ssl=1&resize=350%2C200 1x, https:\/\/i0.wp.com\/blogdoprosperi.com\/wp-content\/uploads\/2022\/09\/166438484563347f4da660b_1664384845_3x2_lg.jpg?fit=1024%2C682&ssl=1&resize=525%2C300 1.5x, https:\/\/i0.wp.com\/blogdoprosperi.com\/wp-content\/uploads\/2022\/09\/166438484563347f4da660b_1664384845_3x2_lg.jpg?fit=1024%2C682&ssl=1&resize=700%2C400 2x"},"classes":[]},{"id":46198,"url":"https:\/\/blogdoprosperi.com\/?p=46198","url_meta":{"origin":46089,"position":1},"title":"#Cr\u00f4nicaSab\u00e1tica #4 | Entre os V\u00e2ndalos","author":"Luiz Ant\u00f4nio Pr\u00f3speri","date":"2 de novembro de 2024","format":false,"excerpt":"Luiz Ant\u00f4nio Pr\u00f3speri \u2013 2 novembro (00h45)\u00a0 Bill Buford \u00e9 um jornalista americano. Da \u00faltima vez que li algo a seu respeito dava conta de que vivia em Lyon, Fran\u00e7a. Tecia reportagens contando sabores e artimanhas da cozinha francesa e um livro publicado em 2021 depois de cinco anos atuando\u2026","rel":"","context":"Em &quot;opini\u00e3o&quot;","block_context":{"text":"opini\u00e3o","link":"https:\/\/blogdoprosperi.com\/?cat=3919"},"img":{"alt_text":"","src":"https:\/\/i0.wp.com\/blogdoprosperi.com\/wp-content\/uploads\/2024\/11\/angry-soccer-hooligans-stadium_646752-2471.jpg?fit=1200%2C828&ssl=1&resize=350%2C200","width":350,"height":200,"srcset":"https:\/\/i0.wp.com\/blogdoprosperi.com\/wp-content\/uploads\/2024\/11\/angry-soccer-hooligans-stadium_646752-2471.jpg?fit=1200%2C828&ssl=1&resize=350%2C200 1x, https:\/\/i0.wp.com\/blogdoprosperi.com\/wp-content\/uploads\/2024\/11\/angry-soccer-hooligans-stadium_646752-2471.jpg?fit=1200%2C828&ssl=1&resize=525%2C300 1.5x, https:\/\/i0.wp.com\/blogdoprosperi.com\/wp-content\/uploads\/2024\/11\/angry-soccer-hooligans-stadium_646752-2471.jpg?fit=1200%2C828&ssl=1&resize=700%2C400 2x, https:\/\/i0.wp.com\/blogdoprosperi.com\/wp-content\/uploads\/2024\/11\/angry-soccer-hooligans-stadium_646752-2471.jpg?fit=1200%2C828&ssl=1&resize=1050%2C600 3x"},"classes":[]},{"id":46777,"url":"https:\/\/blogdoprosperi.com\/?p=46777","url_meta":{"origin":46089,"position":2},"title":"Brasileir\u00e3o 2024 | Ta\u00e7a, Dramas, Rebaixamento e Despedidas na \u00daltima Rodada","author":"Luiz Ant\u00f4nio Pr\u00f3speri","date":"7 de dezembro de 2024","format":false,"excerpt":"Luiz Ant\u00f4nio Pr\u00f3speri \u2013 7 dezembro (11h05) \u2013 Brasileir\u00e3o 2024 chega \u00e0 \u00faltima rodada (38.\u00aa) com disputa de t\u00edtulo, pavor do rebaixamento, dramas, despedidas, derrota do futebol para a viol\u00eancia, sucessos e fracassos da SAF e graves problemas de gest\u00e3o da CBF. Muitas hist\u00f3rias ser\u00e3o contadas nesse domingo (08\/12) a\u2026","rel":"","context":"Em &quot;futebol&quot;","block_context":{"text":"futebol","link":"https:\/\/blogdoprosperi.com\/?cat=53870"},"img":{"alt_text":"","src":"https:\/\/i0.wp.com\/blogdoprosperi.com\/wp-content\/uploads\/2024\/12\/trofeu-brasileirao-trivela-scaled-1.jpg?fit=1200%2C675&ssl=1&resize=350%2C200","width":350,"height":200,"srcset":"https:\/\/i0.wp.com\/blogdoprosperi.com\/wp-content\/uploads\/2024\/12\/trofeu-brasileirao-trivela-scaled-1.jpg?fit=1200%2C675&ssl=1&resize=350%2C200 1x, https:\/\/i0.wp.com\/blogdoprosperi.com\/wp-content\/uploads\/2024\/12\/trofeu-brasileirao-trivela-scaled-1.jpg?fit=1200%2C675&ssl=1&resize=525%2C300 1.5x, https:\/\/i0.wp.com\/blogdoprosperi.com\/wp-content\/uploads\/2024\/12\/trofeu-brasileirao-trivela-scaled-1.jpg?fit=1200%2C675&ssl=1&resize=700%2C400 2x, https:\/\/i0.wp.com\/blogdoprosperi.com\/wp-content\/uploads\/2024\/12\/trofeu-brasileirao-trivela-scaled-1.jpg?fit=1200%2C675&ssl=1&resize=1050%2C600 3x"},"classes":[]},{"id":366,"url":"https:\/\/blogdoprosperi.com\/?p=366","url_meta":{"origin":46089,"position":3},"title":"Torcida \u00fanica nos cl\u00e1ssicos \u00e9 derrota do futebol","author":"Luiz Ant\u00f4nio Pr\u00f3speri","date":"5 de abril de 2016","format":false,"excerpt":"\u00a0 A Secretaria de Seguran\u00e7a P\u00fablica do Estado de S\u00e3o Paulo, sem consultar ningu\u00e9m do futebol, determinou com uma canetada a presen\u00e7a de torcida \u00fanica em cl\u00e1ssicos paulistas em todos os campeonatos at\u00e9 31 de dezembro. A ordem partiu do governo do estado ap\u00f3s a s\u00e9rie de confrontos de fac\u00e7\u00f5es\u2026","rel":"","context":"Em &quot;futebol&quot;","block_context":{"text":"futebol","link":"https:\/\/blogdoprosperi.com\/?cat=53870"},"img":{"alt_text":"","src":"https:\/\/i0.wp.com\/blogdoprosperi.com\/wp-content\/uploads\/2016\/04\/v-php.jpeg?resize=350%2C200&ssl=1","width":350,"height":200,"srcset":"https:\/\/i0.wp.com\/blogdoprosperi.com\/wp-content\/uploads\/2016\/04\/v-php.jpeg?resize=350%2C200&ssl=1 1x, https:\/\/i0.wp.com\/blogdoprosperi.com\/wp-content\/uploads\/2016\/04\/v-php.jpeg?resize=525%2C300&ssl=1 1.5x, https:\/\/i0.wp.com\/blogdoprosperi.com\/wp-content\/uploads\/2016\/04\/v-php.jpeg?resize=700%2C400&ssl=1 2x"},"classes":[]},{"id":54377,"url":"https:\/\/blogdoprosperi.com\/?p=54377","url_meta":{"origin":46089,"position":4},"title":"#Cr\u00f4nicaSab\u00e1tica #28| Torcida \u00c9 Para Torcer, N\u00e3o Pedir Sangue","author":"Luiz Ant\u00f4nio Pr\u00f3speri","date":"9 de agosto de 2025","format":false,"excerpt":"Luiz Ant\u00f4nio Pr\u00f3speri \u2013 9 agosto 2025 (11h59) \u2013 Filipe Melo pulsa no sangue de uma das torcidas mais b\u00e9licas do pa\u00eds. Ao se vestir de torcedor, com a camisa sagrada do Palmeiras e gritar ao som de alto volume no Allianz Parque pedindo \"cabe\u00e7a quente e faca nos detentes\u2026","rel":"","context":"Em &quot;cr\u00f4nica&quot;","block_context":{"text":"cr\u00f4nica","link":"https:\/\/blogdoprosperi.com\/?cat=23339"},"img":{"alt_text":"Protesto da Mancha Verde contra jogadores do Palmeiras","src":"https:\/\/i0.wp.com\/blogdoprosperi.com\/wp-content\/uploads\/2025\/08\/captura-de-tela-2025-08-09-as-11.54.43.png?fit=1200%2C660&ssl=1&resize=350%2C200","width":350,"height":200,"srcset":"https:\/\/i0.wp.com\/blogdoprosperi.com\/wp-content\/uploads\/2025\/08\/captura-de-tela-2025-08-09-as-11.54.43.png?fit=1200%2C660&ssl=1&resize=350%2C200 1x, https:\/\/i0.wp.com\/blogdoprosperi.com\/wp-content\/uploads\/2025\/08\/captura-de-tela-2025-08-09-as-11.54.43.png?fit=1200%2C660&ssl=1&resize=525%2C300 1.5x, https:\/\/i0.wp.com\/blogdoprosperi.com\/wp-content\/uploads\/2025\/08\/captura-de-tela-2025-08-09-as-11.54.43.png?fit=1200%2C660&ssl=1&resize=700%2C400 2x, https:\/\/i0.wp.com\/blogdoprosperi.com\/wp-content\/uploads\/2025\/08\/captura-de-tela-2025-08-09-as-11.54.43.png?fit=1200%2C660&ssl=1&resize=1050%2C600 3x"},"classes":[]},{"id":46158,"url":"https:\/\/blogdoprosperi.com\/?p=46158","url_meta":{"origin":46089,"position":5},"title":"Libertadores 2024 | Botafogo e Atl\u00e9tico-MG na Final Enquanto Torcedores Rivais de Brasileiros Imitam Macacos","author":"Luiz Ant\u00f4nio Pr\u00f3speri","date":"31 de outubro de 2024","format":false,"excerpt":"Luiz Ant\u00f4nio Pr\u00f3speri \u2013 31 outubro (9h45) Botafogo e Atl\u00e9tico-MG se credenciam \u00e0 final da Libertadores 2024. Fato consumado ap\u00f3s as vit\u00f3rias em casa por 5 a 0 e 3 a 0 contra Pe\u00f1arol e River Plate e resultados protocolares nos jogos de volta. Tudo normal. Poder financeiro dos clubes\u2026","rel":"","context":"Em &quot;futebol&quot;","block_context":{"text":"futebol","link":"https:\/\/blogdoprosperi.com\/?cat=53870"},"img":{"alt_text":"Botafogo x Atl\u00e9tico-MG, hegemonia do Brasil na Libertadores","src":"https:\/\/i0.wp.com\/blogdoprosperi.com\/wp-content\/uploads\/2024\/10\/gbl9py7wiaagn01.jpeg?fit=1200%2C799&ssl=1&resize=350%2C200","width":350,"height":200,"srcset":"https:\/\/i0.wp.com\/blogdoprosperi.com\/wp-content\/uploads\/2024\/10\/gbl9py7wiaagn01.jpeg?fit=1200%2C799&ssl=1&resize=350%2C200 1x, https:\/\/i0.wp.com\/blogdoprosperi.com\/wp-content\/uploads\/2024\/10\/gbl9py7wiaagn01.jpeg?fit=1200%2C799&ssl=1&resize=525%2C300 1.5x, https:\/\/i0.wp.com\/blogdoprosperi.com\/wp-content\/uploads\/2024\/10\/gbl9py7wiaagn01.jpeg?fit=1200%2C799&ssl=1&resize=700%2C400 2x, https:\/\/i0.wp.com\/blogdoprosperi.com\/wp-content\/uploads\/2024\/10\/gbl9py7wiaagn01.jpeg?fit=1200%2C799&ssl=1&resize=1050%2C600 3x"},"classes":[]}],"jetpack_featured_media_url":"https:\/\/i0.wp.com\/blogdoprosperi.com\/wp-content\/uploads\/2024\/10\/sp2-4.webp?fit=1064%2C614&ssl=1","_links":{"self":[{"href":"https:\/\/blogdoprosperi.com\/index.php?rest_route=\/wp\/v2\/posts\/46089","targetHints":{"allow":["GET"]}}],"collection":[{"href":"https:\/\/blogdoprosperi.com\/index.php?rest_route=\/wp\/v2\/posts"}],"about":[{"href":"https:\/\/blogdoprosperi.com\/index.php?rest_route=\/wp\/v2\/types\/post"}],"author":[{"embeddable":true,"href":"https:\/\/blogdoprosperi.com\/index.php?rest_route=\/wp\/v2\/users\/102107496"}],"replies":[{"embeddable":true,"href":"https:\/\/blogdoprosperi.com\/index.php?rest_route=%2Fwp%2Fv2%2Fcomments&post=46089"}],"version-history":[{"count":10,"href":"https:\/\/blogdoprosperi.com\/index.php?rest_route=\/wp\/v2\/posts\/46089\/revisions"}],"predecessor-version":[{"id":46107,"href":"https:\/\/blogdoprosperi.com\/index.php?rest_route=\/wp\/v2\/posts\/46089\/revisions\/46107"}],"wp:featuredmedia":[{"embeddable":true,"href":"https:\/\/blogdoprosperi.com\/index.php?rest_route=\/wp\/v2\/media\/46097"}],"wp:attachment":[{"href":"https:\/\/blogdoprosperi.com\/index.php?rest_route=%2Fwp%2Fv2%2Fmedia&parent=46089"}],"wp:term":[{"taxonomy":"category","embeddable":true,"href":"https:\/\/blogdoprosperi.com\/index.php?rest_route=%2Fwp%2Fv2%2Fcategories&post=46089"},{"taxonomy":"post_tag","embeddable":true,"href":"https:\/\/blogdoprosperi.com\/index.php?rest_route=%2Fwp%2Fv2%2Ftags&post=46089"}],"curies":[{"name":"wp","href":"https:\/\/api.w.org\/{rel}","templated":true}]}}