{"id":46129,"date":"2024-10-29T12:35:28","date_gmt":"2024-10-29T15:35:28","guid":{"rendered":"https:\/\/blogdoprosperi.com\/?p=46129"},"modified":"2024-10-29T14:41:23","modified_gmt":"2024-10-29T17:41:23","slug":"libertadores-semifinais-botafogo-e-atletico-ameacas-e-tensao-na-argentina-e-uruguai","status":"publish","type":"post","link":"https:\/\/blogdoprosperi.com\/?p=46129","title":{"rendered":"Libertadores Semifinais | Botafogo e Atl\u00e9tico, Amea\u00e7as e Tens\u00e3o na Argentina e Uruguai"},"content":{"rendered":"<p><em>Luiz Ant\u00f4nio Pr\u00f3speri \u2013 29 outubro (12h2o)<\/em><\/p>\n<p>Libertadores volta a seu passado recente quando mais importante era transformar a vida dos advers\u00e1rios em inferno antes, durante e depois dos jogos. River Plate promete 80 mil vozes e press\u00e3o acima do normal no Monumental de Nu\u00f1ez contra o Atl\u00e9tico-MG, hoje (29\/10), em Buenos Aires. Pe\u00f1arol tem apoio do governo do Uruguai para vetar torcida do Botafogo no est\u00e1dio Campe\u00f3n del Siglo por quest\u00e3o de seguran\u00e7a, amanh\u00e3 (30\/10), em Montevid\u00e9u. Tens\u00e3o total.<\/p>\n<pre><strong><em>Libertadores na TV:<\/em><\/strong>\u2029\u2029River Plate x Atl\u00e9tico-MG \u2013 ter\u00e7a-feira (29\/10), 21h30, ESPN\u2029\u2029Pe\u00f1arol x Botafogo \u2013 quarta-feira (30\/10), 21h30, Globo\u2029<\/pre>\n<blockquote><p>Diante dos incidentes violentos ocorridos no Rio de Janeiro na partida de ida da Copa Libertadores entre Pe\u00f1arol e Botafogo, decidimos proibir a entrada dos torcedores do Botafogo no Est\u00e1dio Campe\u00f3n del Siglo na partida de volta em Montevid\u00e9u. Essa medida responde \u00e0s raz\u00f5es de seguran\u00e7a e busca evitar novos dist\u00farbios entre as torcidas de ambas as equipes.&#8221; \u2013Nicolas Martinelli, Ministro do Interior do Uruguai.<\/p>\n<\/blockquote>\n<p>Conmebol reage e exige do Pe\u00f1arol e do governo do Uruguai a presen\u00e7a de torcedores do Botafogo no jogo dessa quarta-feira. Clube carioca recebeu 1.600 ingressos e todos j\u00e1 foram vendidos. Relatos de botafoguenses que viajaram a Montevid\u00e9u d\u00e3o conta de muitas amea\u00e7as por parte dos uruguaios, torcedores ou n\u00e3o do Pe\u00f1arol.<\/p>\n<p>Pe\u00f1arol diz que n\u00e3o tem nada com isso. Todo o clima hostil agora vem da batalha entre seus torcedores nas praias do Rio no jogo de ida quando 22 torcedores foram detidos e mais de 200 enviados de volta ao seu pa\u00eds antes do jogo. Clube adianta ainda que \u00e9 o governo do Uruguai quem pediu o veto aos botafoguenses no est\u00e1dio.<\/p>\n<p>Por meio de um comunicado oficial, Conmebol exige do Pe\u00f1arol e do Ministro do Interior que liberem acesso dos torcedores do Botafogo. Caso contr\u00e1rio, vai decretar jogo de port\u00f5es fechados sem a presen\u00e7a das duas torcidas.<\/p>\n<p>Atl\u00e9tico-MG que se cuide tamb\u00e9m. Torcida do River vai incendiar o Monumental de Nu\u00f1ez para avan\u00e7ar \u00e0 final a qualquer custo. Detalhe: a decis\u00e3o da Libertadores ser\u00e1 no est\u00e1dio do River.<\/p>\n<p>Nos jogos de ida, Atl\u00e9tico-MG venceu River Plate por 3 a 0 e o Botafogo surrou o Pe\u00f1arol por 5 a 0. Placares dilatados acirram ainda mais o clima de tens\u00e3o nos jogos de volta.<\/p>\n<p>Reverter esses resultados apenas no futebol parece muito dif\u00edcil. Se na bola a parada \u00e9 dura, ent\u00e3o que se armem para uma batalha contra uma nova final entre clubes brasileiros que se avizinha.<\/p>\n<p>\u00c9 a Libertadores de suas velhas escrituras, sempre envolvida em amea\u00e7as, tens\u00e3o, press\u00e3o e hostilidade. A conferir.<\/p>\n","protected":false},"excerpt":{"rendered":"<p>Luiz Ant\u00f4nio Pr\u00f3speri \u2013 29 outubro (12h2o) Libertadores volta a seu passado recente quando mais importante era transformar [&hellip;]<\/p>\n","protected":false},"author":102107496,"featured_media":46149,"comment_status":"open","ping_status":"open","sticky":false,"template":"","format":"standard","meta":{"_coblocks_attr":"","_coblocks_dimensions":"","_coblocks_responsive_height":"","_coblocks_accordion_ie_support":"","_jetpack_newsletter_access":"","_jetpack_dont_email_post_to_subs":false,"_jetpack_newsletter_tier_id":0,"_jetpack_memberships_contains_paywalled_content":false,"_wpcom_ai_launchpad_first_post":false,"_jetpack_feature_clip_id":0,"_jetpack_memberships_contains_paid_content":false,"footnotes":"","jetpack_publicize_message":"","jetpack_publicize_feature_enabled":true,"jetpack_social_post_already_shared":false,"jetpack_social_options":{"image_generator_settings":{"template":"highway","default_image_id":0,"font":"","enabled":false},"version":2},"jetpack_post_was_ever_published":false},"categories":[53870,3919],"tags":[366291,342801,10207401,535722,789560560,513544921,789560573,6820015,1313926,250753],"class_list":["post-46129","post","type-post","status-publish","format-standard","has-post-thumbnail","hentry","category-futebol","category-opiniao","tag-atletico-mg","tag-botafogo","tag-campeon-del-siglo","tag-conmebol","tag-futebol","tag-libertadores-semifinais","tag-luiz-antonio-prosperi","tag-monumental-de-nunez","tag-penarol","tag-river-plate"],"yoast_head":"<!-- This site is optimized with the Yoast SEO plugin v28.4 - https:\/\/yoast.com\/product\/yoast-seo-wordpress\/ -->\n<title>Libertadores Semifinais | Botafogo e Atl\u00e9tico, Amea\u00e7as e Tens\u00e3o na Argentina e Uruguai - PR\u00d3SPERI NEWS<\/title>\n<meta name=\"robots\" content=\"index, follow, max-snippet:-1, max-image-preview:large, max-video-preview:-1\" \/>\n<link rel=\"canonical\" href=\"https:\/\/blogdoprosperi.com\/?p=46129\" \/>\n<meta property=\"og:locale\" content=\"pt_BR\" \/>\n<meta property=\"og:type\" content=\"article\" \/>\n<meta property=\"og:title\" content=\"Libertadores Semifinais | Botafogo e Atl\u00e9tico, Amea\u00e7as e Tens\u00e3o na Argentina e Uruguai - PR\u00d3SPERI NEWS\" \/>\n<meta property=\"og:description\" content=\"Luiz Ant\u00f4nio Pr\u00f3speri \u2013 29 outubro (12h2o) Libertadores volta a seu passado recente quando mais importante era transformar [&hellip;]\" \/>\n<meta property=\"og:url\" content=\"https:\/\/blogdoprosperi.com\/?p=46129\" \/>\n<meta property=\"og:site_name\" content=\"PR\u00d3SPERI NEWS\" \/>\n<meta property=\"article:publisher\" content=\"Luiz Pr\u00f3speri\" \/>\n<meta property=\"article:author\" content=\"Luiz Pr\u00f3speri\" \/>\n<meta property=\"article:published_time\" content=\"2024-10-29T15:35:28+00:00\" \/>\n<meta property=\"article:modified_time\" content=\"2024-10-29T17:41:23+00:00\" \/>\n<meta property=\"og:image\" content=\"https:\/\/i0.wp.com\/blogdoprosperi.com\/wp-content\/uploads\/2024\/10\/gbauyeawaaa5zfe-aspect-ratio-512-320.webp?fit=1920%2C1200&ssl=1\" \/>\n\t<meta property=\"og:image:width\" content=\"1920\" \/>\n\t<meta property=\"og:image:height\" content=\"1200\" \/>\n\t<meta property=\"og:image:type\" content=\"image\/webp\" \/>\n<meta name=\"author\" content=\"Luiz Ant\u00f4nio Pr\u00f3speri\" \/>\n<meta name=\"twitter:card\" content=\"summary_large_image\" \/>\n<meta name=\"twitter:creator\" content=\"@Luizprosperi\" \/>\n<meta name=\"twitter:site\" content=\"@Luizprosperi\" \/>\n<meta name=\"twitter:label1\" content=\"Escrito por\" \/>\n\t<meta name=\"twitter:data1\" content=\"Luiz Ant\u00f4nio Pr\u00f3speri\" \/>\n\t<meta name=\"twitter:label2\" content=\"Est. tempo de leitura\" \/>\n\t<meta name=\"twitter:data2\" content=\"2 minutos\" \/>\n<script type=\"application\/ld+json\" class=\"yoast-schema-graph\">{\"@context\":\"https:\\\/\\\/schema.org\",\"@graph\":[{\"@type\":\"Article\",\"@id\":\"https:\\\/\\\/blogdoprosperi.com\\\/?p=46129#article\",\"isPartOf\":{\"@id\":\"https:\\\/\\\/blogdoprosperi.com\\\/?p=46129\"},\"author\":{\"name\":\"Luiz Ant\u00f4nio Pr\u00f3speri\",\"@id\":\"https:\\\/\\\/blogdoprosperi.com\\\/#\\\/schema\\\/person\\\/38100755ce3601861ee4fab9b5aa78e9\"},\"headline\":\"Libertadores Semifinais | Botafogo e Atl\u00e9tico, Amea\u00e7as e Tens\u00e3o na Argentina e Uruguai\",\"datePublished\":\"2024-10-29T15:35:28+00:00\",\"dateModified\":\"2024-10-29T17:41:23+00:00\",\"mainEntityOfPage\":{\"@id\":\"https:\\\/\\\/blogdoprosperi.com\\\/?p=46129\"},\"wordCount\":460,\"commentCount\":0,\"publisher\":{\"@id\":\"https:\\\/\\\/blogdoprosperi.com\\\/#\\\/schema\\\/person\\\/38100755ce3601861ee4fab9b5aa78e9\"},\"image\":{\"@id\":\"https:\\\/\\\/blogdoprosperi.com\\\/?p=46129#primaryimage\"},\"thumbnailUrl\":\"https:\\\/\\\/i0.wp.com\\\/blogdoprosperi.com\\\/wp-content\\\/uploads\\\/2024\\\/10\\\/gbauyeawaaa5zfe-aspect-ratio-512-320.webp?fit=1920%2C1200&ssl=1\",\"keywords\":[\"Atl\u00e9tico-MG\",\"Botafogo\",\"campe\u00f3n del siglo\",\"Conmebol\",\"futebol\",\"libertadores semifinais\",\"Luiz Ant\u00f4nio Pr\u00f3speri\",\"monumental de nu\u00f1ez\",\"Pe\u00f1arol\",\"river plate\"],\"articleSection\":[\"futebol\",\"opini\u00e3o\"],\"inLanguage\":\"pt-BR\",\"potentialAction\":[{\"@type\":\"CommentAction\",\"name\":\"Comment\",\"target\":[\"https:\\\/\\\/blogdoprosperi.com\\\/?p=46129#respond\"]}]},{\"@type\":\"WebPage\",\"@id\":\"https:\\\/\\\/blogdoprosperi.com\\\/?p=46129\",\"url\":\"https:\\\/\\\/blogdoprosperi.com\\\/?p=46129\",\"name\":\"Libertadores Semifinais | Botafogo e Atl\u00e9tico, Amea\u00e7as e Tens\u00e3o na Argentina e Uruguai - PR\u00d3SPERI NEWS\",\"isPartOf\":{\"@id\":\"https:\\\/\\\/blogdoprosperi.com\\\/#website\"},\"primaryImageOfPage\":{\"@id\":\"https:\\\/\\\/blogdoprosperi.com\\\/?p=46129#primaryimage\"},\"image\":{\"@id\":\"https:\\\/\\\/blogdoprosperi.com\\\/?p=46129#primaryimage\"},\"thumbnailUrl\":\"https:\\\/\\\/i0.wp.com\\\/blogdoprosperi.com\\\/wp-content\\\/uploads\\\/2024\\\/10\\\/gbauyeawaaa5zfe-aspect-ratio-512-320.webp?fit=1920%2C1200&ssl=1\",\"datePublished\":\"2024-10-29T15:35:28+00:00\",\"dateModified\":\"2024-10-29T17:41:23+00:00\",\"breadcrumb\":{\"@id\":\"https:\\\/\\\/blogdoprosperi.com\\\/?p=46129#breadcrumb\"},\"inLanguage\":\"pt-BR\",\"potentialAction\":[{\"@type\":\"ReadAction\",\"target\":[\"https:\\\/\\\/blogdoprosperi.com\\\/?p=46129\"]}]},{\"@type\":\"ImageObject\",\"inLanguage\":\"pt-BR\",\"@id\":\"https:\\\/\\\/blogdoprosperi.com\\\/?p=46129#primaryimage\",\"url\":\"https:\\\/\\\/i0.wp.com\\\/blogdoprosperi.com\\\/wp-content\\\/uploads\\\/2024\\\/10\\\/gbauyeawaaa5zfe-aspect-ratio-512-320.webp?fit=1920%2C1200&ssl=1\",\"contentUrl\":\"https:\\\/\\\/i0.wp.com\\\/blogdoprosperi.com\\\/wp-content\\\/uploads\\\/2024\\\/10\\\/gbauyeawaaa5zfe-aspect-ratio-512-320.webp?fit=1920%2C1200&ssl=1\",\"width\":1920,\"height\":1200,\"caption\":\"Torcida do River contra Atl\u00e9tico-MG \u2013 foto: reprodu\u00e7\u00e3o TV\"},{\"@type\":\"BreadcrumbList\",\"@id\":\"https:\\\/\\\/blogdoprosperi.com\\\/?p=46129#breadcrumb\",\"itemListElement\":[{\"@type\":\"ListItem\",\"position\":1,\"name\":\"In\u00edcio\",\"item\":\"https:\\\/\\\/blogdoprosperi.com\\\/\"},{\"@type\":\"ListItem\",\"position\":2,\"name\":\"Libertadores Semifinais | Botafogo e Atl\u00e9tico, Amea\u00e7as e Tens\u00e3o na Argentina e Uruguai\"}]},{\"@type\":\"WebSite\",\"@id\":\"https:\\\/\\\/blogdoprosperi.com\\\/#website\",\"url\":\"https:\\\/\\\/blogdoprosperi.com\\\/\",\"name\":\"PR\u00d3SPERI NEWS\",\"description\":\"TUDO \u00c9  FUTEBOL\",\"publisher\":{\"@id\":\"https:\\\/\\\/blogdoprosperi.com\\\/#\\\/schema\\\/person\\\/38100755ce3601861ee4fab9b5aa78e9\"},\"alternateName\":\"blogdoprosperi.com\",\"potentialAction\":[{\"@type\":\"SearchAction\",\"target\":{\"@type\":\"EntryPoint\",\"urlTemplate\":\"https:\\\/\\\/blogdoprosperi.com\\\/?s={search_term_string}\"},\"query-input\":{\"@type\":\"PropertyValueSpecification\",\"valueRequired\":true,\"valueName\":\"search_term_string\"}}],\"inLanguage\":\"pt-BR\"},{\"@type\":[\"Person\",\"Organization\"],\"@id\":\"https:\\\/\\\/blogdoprosperi.com\\\/#\\\/schema\\\/person\\\/38100755ce3601861ee4fab9b5aa78e9\",\"name\":\"Luiz Ant\u00f4nio Pr\u00f3speri\",\"pronouns\":\"ele\",\"image\":{\"@type\":\"ImageObject\",\"inLanguage\":\"pt-BR\",\"@id\":\"https:\\\/\\\/i0.wp.com\\\/blogdoprosperi.com\\\/wp-content\\\/uploads\\\/2026\\\/05\\\/cropped-8059e613-6002-42fa-961e-8e275f575d71-2-5.jpg?fit=1360%2C931&ssl=1\",\"url\":\"https:\\\/\\\/i0.wp.com\\\/blogdoprosperi.com\\\/wp-content\\\/uploads\\\/2026\\\/05\\\/cropped-8059e613-6002-42fa-961e-8e275f575d71-2-5.jpg?fit=1360%2C931&ssl=1\",\"contentUrl\":\"https:\\\/\\\/i0.wp.com\\\/blogdoprosperi.com\\\/wp-content\\\/uploads\\\/2026\\\/05\\\/cropped-8059e613-6002-42fa-961e-8e275f575d71-2-5.jpg?fit=1360%2C931&ssl=1\",\"width\":1360,\"height\":931,\"caption\":\"Luiz Ant\u00f4nio Pr\u00f3speri\"},\"logo\":{\"@id\":\"https:\\\/\\\/i0.wp.com\\\/blogdoprosperi.com\\\/wp-content\\\/uploads\\\/2026\\\/05\\\/cropped-8059e613-6002-42fa-961e-8e275f575d71-2-5.jpg?fit=1360%2C931&ssl=1\"},\"description\":\"Jornalista com carreira dedicada ao esporte. Cobriu 9 Copas do Mundo in loco, 1990 na It\u00e1lia, 1994 nos EUA, 1998 na Fran\u00e7a, 2002 na Coreia do Sul e Jap\u00e3o, 2006 na Alemanha, 2010 na \u00c1frica do Sul, 2014 no Brasil, 2018 na R\u00fassia e 2022 no Qatar. Eurocopas, 1992 na Su\u00e9cia e 1996 na Inglaterra. Copa das Confedera\u00e7\u00f5es de 2005 na Alemanha e 2009 na \u00c1frica do Sul. Rep\u00f3rter e Editor, trabalhou no Jornal da Tarde e Estad\u00e3o, de 1984 a fevereiro de 2016. Colunista, blogueiro. E comentarista de futebol na R\u00e1dio Estad\u00e3o, de 2013 a fevereiro de 2016. Jornalista respons\u00e1vel do \\\"Pr\u00f3speri News\\\" (blogdoprosperi.com).\",\"sameAs\":[\"http:\\\/\\\/blogdoprosperi.com\",\"Luiz Pr\u00f3speri\",\"@luiz_prosperi\",\"https:\\\/\\\/x.com\\\/Luizprosperi\",\"@prosperinacopa\",\"luiz.prosperi@icloud.com\"],\"url\":\"https:\\\/\\\/blogdoprosperi.com\\\/?author=102107496\"}]}<\/script>\n<!-- \/ Yoast SEO plugin. -->","yoast_head_json":{"title":"Libertadores Semifinais | Botafogo e Atl\u00e9tico, Amea\u00e7as e Tens\u00e3o na Argentina e Uruguai - PR\u00d3SPERI NEWS","robots":{"index":"index","follow":"follow","max-snippet":"max-snippet:-1","max-image-preview":"max-image-preview:large","max-video-preview":"max-video-preview:-1"},"canonical":"https:\/\/blogdoprosperi.com\/?p=46129","og_locale":"pt_BR","og_type":"article","og_title":"Libertadores Semifinais | Botafogo e Atl\u00e9tico, Amea\u00e7as e Tens\u00e3o na Argentina e Uruguai - PR\u00d3SPERI NEWS","og_description":"Luiz Ant\u00f4nio Pr\u00f3speri \u2013 29 outubro (12h2o) Libertadores volta a seu passado recente quando mais importante era transformar [&hellip;]","og_url":"https:\/\/blogdoprosperi.com\/?p=46129","og_site_name":"PR\u00d3SPERI NEWS","article_publisher":"Luiz Pr\u00f3speri","article_author":"Luiz Pr\u00f3speri","article_published_time":"2024-10-29T15:35:28+00:00","article_modified_time":"2024-10-29T17:41:23+00:00","og_image":[{"width":1920,"height":1200,"url":"https:\/\/i0.wp.com\/blogdoprosperi.com\/wp-content\/uploads\/2024\/10\/gbauyeawaaa5zfe-aspect-ratio-512-320.webp?fit=1920%2C1200&ssl=1","type":"image\/webp"}],"author":"Luiz Ant\u00f4nio Pr\u00f3speri","twitter_card":"summary_large_image","twitter_creator":"@Luizprosperi","twitter_site":"@Luizprosperi","twitter_misc":{"Escrito por":"Luiz Ant\u00f4nio Pr\u00f3speri","Est. tempo de leitura":"2 minutos"},"schema":{"@context":"https:\/\/schema.org","@graph":[{"@type":"Article","@id":"https:\/\/blogdoprosperi.com\/?p=46129#article","isPartOf":{"@id":"https:\/\/blogdoprosperi.com\/?p=46129"},"author":{"name":"Luiz Ant\u00f4nio Pr\u00f3speri","@id":"https:\/\/blogdoprosperi.com\/#\/schema\/person\/38100755ce3601861ee4fab9b5aa78e9"},"headline":"Libertadores Semifinais | Botafogo e Atl\u00e9tico, Amea\u00e7as e Tens\u00e3o na Argentina e Uruguai","datePublished":"2024-10-29T15:35:28+00:00","dateModified":"2024-10-29T17:41:23+00:00","mainEntityOfPage":{"@id":"https:\/\/blogdoprosperi.com\/?p=46129"},"wordCount":460,"commentCount":0,"publisher":{"@id":"https:\/\/blogdoprosperi.com\/#\/schema\/person\/38100755ce3601861ee4fab9b5aa78e9"},"image":{"@id":"https:\/\/blogdoprosperi.com\/?p=46129#primaryimage"},"thumbnailUrl":"https:\/\/i0.wp.com\/blogdoprosperi.com\/wp-content\/uploads\/2024\/10\/gbauyeawaaa5zfe-aspect-ratio-512-320.webp?fit=1920%2C1200&ssl=1","keywords":["Atl\u00e9tico-MG","Botafogo","campe\u00f3n del siglo","Conmebol","futebol","libertadores semifinais","Luiz Ant\u00f4nio Pr\u00f3speri","monumental de nu\u00f1ez","Pe\u00f1arol","river plate"],"articleSection":["futebol","opini\u00e3o"],"inLanguage":"pt-BR","potentialAction":[{"@type":"CommentAction","name":"Comment","target":["https:\/\/blogdoprosperi.com\/?p=46129#respond"]}]},{"@type":"WebPage","@id":"https:\/\/blogdoprosperi.com\/?p=46129","url":"https:\/\/blogdoprosperi.com\/?p=46129","name":"Libertadores Semifinais | Botafogo e Atl\u00e9tico, Amea\u00e7as e Tens\u00e3o na Argentina e Uruguai - PR\u00d3SPERI NEWS","isPartOf":{"@id":"https:\/\/blogdoprosperi.com\/#website"},"primaryImageOfPage":{"@id":"https:\/\/blogdoprosperi.com\/?p=46129#primaryimage"},"image":{"@id":"https:\/\/blogdoprosperi.com\/?p=46129#primaryimage"},"thumbnailUrl":"https:\/\/i0.wp.com\/blogdoprosperi.com\/wp-content\/uploads\/2024\/10\/gbauyeawaaa5zfe-aspect-ratio-512-320.webp?fit=1920%2C1200&ssl=1","datePublished":"2024-10-29T15:35:28+00:00","dateModified":"2024-10-29T17:41:23+00:00","breadcrumb":{"@id":"https:\/\/blogdoprosperi.com\/?p=46129#breadcrumb"},"inLanguage":"pt-BR","potentialAction":[{"@type":"ReadAction","target":["https:\/\/blogdoprosperi.com\/?p=46129"]}]},{"@type":"ImageObject","inLanguage":"pt-BR","@id":"https:\/\/blogdoprosperi.com\/?p=46129#primaryimage","url":"https:\/\/i0.wp.com\/blogdoprosperi.com\/wp-content\/uploads\/2024\/10\/gbauyeawaaa5zfe-aspect-ratio-512-320.webp?fit=1920%2C1200&ssl=1","contentUrl":"https:\/\/i0.wp.com\/blogdoprosperi.com\/wp-content\/uploads\/2024\/10\/gbauyeawaaa5zfe-aspect-ratio-512-320.webp?fit=1920%2C1200&ssl=1","width":1920,"height":1200,"caption":"Torcida do River contra Atl\u00e9tico-MG \u2013 foto: reprodu\u00e7\u00e3o TV"},{"@type":"BreadcrumbList","@id":"https:\/\/blogdoprosperi.com\/?p=46129#breadcrumb","itemListElement":[{"@type":"ListItem","position":1,"name":"In\u00edcio","item":"https:\/\/blogdoprosperi.com\/"},{"@type":"ListItem","position":2,"name":"Libertadores Semifinais | Botafogo e Atl\u00e9tico, Amea\u00e7as e Tens\u00e3o na Argentina e Uruguai"}]},{"@type":"WebSite","@id":"https:\/\/blogdoprosperi.com\/#website","url":"https:\/\/blogdoprosperi.com\/","name":"PR\u00d3SPERI NEWS","description":"TUDO \u00c9  FUTEBOL","publisher":{"@id":"https:\/\/blogdoprosperi.com\/#\/schema\/person\/38100755ce3601861ee4fab9b5aa78e9"},"alternateName":"blogdoprosperi.com","potentialAction":[{"@type":"SearchAction","target":{"@type":"EntryPoint","urlTemplate":"https:\/\/blogdoprosperi.com\/?s={search_term_string}"},"query-input":{"@type":"PropertyValueSpecification","valueRequired":true,"valueName":"search_term_string"}}],"inLanguage":"pt-BR"},{"@type":["Person","Organization"],"@id":"https:\/\/blogdoprosperi.com\/#\/schema\/person\/38100755ce3601861ee4fab9b5aa78e9","name":"Luiz Ant\u00f4nio Pr\u00f3speri","pronouns":"ele","image":{"@type":"ImageObject","inLanguage":"pt-BR","@id":"https:\/\/i0.wp.com\/blogdoprosperi.com\/wp-content\/uploads\/2026\/05\/cropped-8059e613-6002-42fa-961e-8e275f575d71-2-5.jpg?fit=1360%2C931&ssl=1","url":"https:\/\/i0.wp.com\/blogdoprosperi.com\/wp-content\/uploads\/2026\/05\/cropped-8059e613-6002-42fa-961e-8e275f575d71-2-5.jpg?fit=1360%2C931&ssl=1","contentUrl":"https:\/\/i0.wp.com\/blogdoprosperi.com\/wp-content\/uploads\/2026\/05\/cropped-8059e613-6002-42fa-961e-8e275f575d71-2-5.jpg?fit=1360%2C931&ssl=1","width":1360,"height":931,"caption":"Luiz Ant\u00f4nio Pr\u00f3speri"},"logo":{"@id":"https:\/\/i0.wp.com\/blogdoprosperi.com\/wp-content\/uploads\/2026\/05\/cropped-8059e613-6002-42fa-961e-8e275f575d71-2-5.jpg?fit=1360%2C931&ssl=1"},"description":"Jornalista com carreira dedicada ao esporte. Cobriu 9 Copas do Mundo in loco, 1990 na It\u00e1lia, 1994 nos EUA, 1998 na Fran\u00e7a, 2002 na Coreia do Sul e Jap\u00e3o, 2006 na Alemanha, 2010 na \u00c1frica do Sul, 2014 no Brasil, 2018 na R\u00fassia e 2022 no Qatar. Eurocopas, 1992 na Su\u00e9cia e 1996 na Inglaterra. Copa das Confedera\u00e7\u00f5es de 2005 na Alemanha e 2009 na \u00c1frica do Sul. Rep\u00f3rter e Editor, trabalhou no Jornal da Tarde e Estad\u00e3o, de 1984 a fevereiro de 2016. Colunista, blogueiro. E comentarista de futebol na R\u00e1dio Estad\u00e3o, de 2013 a fevereiro de 2016. Jornalista respons\u00e1vel do \"Pr\u00f3speri News\" (blogdoprosperi.com).","sameAs":["http:\/\/blogdoprosperi.com","Luiz Pr\u00f3speri","@luiz_prosperi","https:\/\/x.com\/Luizprosperi","@prosperinacopa","luiz.prosperi@icloud.com"],"url":"https:\/\/blogdoprosperi.com\/?author=102107496"}]}},"jetpack_publicize_connections":[],"jetpack_likes_enabled":false,"jetpack_sharing_enabled":true,"jetpack_shortlink":"https:\/\/wp.me\/p7jvdk-c01","jetpack-related-posts":[{"id":45547,"url":"https:\/\/blogdoprosperi.com\/?p=45547","url_meta":{"origin":46129,"position":0},"title":"Libertadores | Semifinais: Pe\u00f1arol Elimina Flamengo, Manda Tite ao Pared\u00e3o e Encara o Botafogo","author":"Luiz Ant\u00f4nio Pr\u00f3speri","date":"26 de setembro de 2024","format":false,"excerpt":"Luiz Ant\u00f4nio Pr\u00f3speri - 26 setembro (21h30) Libertadores conhece os semifinalistas. Atl\u00e9tico-MG enfrenta River Plate, da Argentina, e Botafogo encara Pe\u00f1arol. Time uruguaio elimina Flamengo no empate sem gols. Fora da Libertadores, Tite vai passar dias apertados no clube carioca, tamanha insatisfa\u00e7\u00e3o da torcida. A final ser\u00e1 em Buenos Aires,\u2026","rel":"","context":"Em &quot;futebol&quot;","block_context":{"text":"futebol","link":"https:\/\/blogdoprosperi.com\/?cat=53870"},"img":{"alt_text":"Pe\u00f1arol vence Flamengo e complica Tite","src":"https:\/\/i0.wp.com\/blogdoprosperi.com\/wp-content\/uploads\/2024\/09\/tite-flamengo-libertadores-1.webp?fit=640%2C400&ssl=1&resize=350%2C200","width":350,"height":200,"srcset":"https:\/\/i0.wp.com\/blogdoprosperi.com\/wp-content\/uploads\/2024\/09\/tite-flamengo-libertadores-1.webp?fit=640%2C400&ssl=1&resize=350%2C200 1x, https:\/\/i0.wp.com\/blogdoprosperi.com\/wp-content\/uploads\/2024\/09\/tite-flamengo-libertadores-1.webp?fit=640%2C400&ssl=1&resize=525%2C300 1.5x"},"classes":[]},{"id":50621,"url":"https:\/\/blogdoprosperi.com\/?p=50621","url_meta":{"origin":46129,"position":1},"title":"Libertadores 2025 | Confira Datas, Locais e Transmiss\u00e3o da TV nas Oitavas","author":"Luiz Ant\u00f4nio Pr\u00f3speri","date":"3 de junho de 2025","format":false,"excerpt":"Libertadores 2025 retoma os jogos apenas em agosto nos confrontos das oitavas de final. Jogos de ida ser\u00e3o disputados entre 12 a 14 de agosto. Jogos de volta, de 19 a 21 do mesmo m\u00eas. Confira as datas, locais e quem vai transmitir: Jogos de Ida 12\/8 - 19h -\u2026","rel":"","context":"Em &quot;futebol&quot;","block_context":{"text":"futebol","link":"https:\/\/blogdoprosperi.com\/?cat=53870"},"img":{"alt_text":"","src":"https:\/\/i0.wp.com\/blogdoprosperi.com\/wp-content\/uploads\/2016\/09\/libertadores-trofeu-480-getty-images.jpg?fit=620%2C465&ssl=1&resize=350%2C200","width":350,"height":200,"srcset":"https:\/\/i0.wp.com\/blogdoprosperi.com\/wp-content\/uploads\/2016\/09\/libertadores-trofeu-480-getty-images.jpg?fit=620%2C465&ssl=1&resize=350%2C200 1x, https:\/\/i0.wp.com\/blogdoprosperi.com\/wp-content\/uploads\/2016\/09\/libertadores-trofeu-480-getty-images.jpg?fit=620%2C465&ssl=1&resize=525%2C300 1.5x"},"classes":[]},{"id":44770,"url":"https:\/\/blogdoprosperi.com\/?p=44770","url_meta":{"origin":46129,"position":2},"title":"Libertadores 2024: Futebol Carioca Mostra For\u00e7a com Flamengo, Botafogo e Fluminense Classificados","author":"Luiz Ant\u00f4nio Pr\u00f3speri","date":"23 de agosto de 2024","format":false,"excerpt":"Luiz Ant\u00f4nio Pr\u00f3speri \u2013 23 agosto (00h42) Libertadores 2024 conhece os oito classificados \u00e0s quartas de final. Dos cinco brasileiros que avan\u00e7am, futebol carioca ter\u00e1 tr\u00eas representantes (Flamengo, Botafogo e Fluminense). Primeira vez na hist\u00f3ria da Libertadores que uma cidade, no caso Rio de Janeiro, tem tr\u00eas clubes na fase\u2026","rel":"","context":"Em &quot;futebol&quot;","block_context":{"text":"futebol","link":"https:\/\/blogdoprosperi.com\/?cat=53870"},"img":{"alt_text":"Botafogo lidera janela de transfer\u00eancia Brasileir\u00e3o","src":"https:\/\/i0.wp.com\/blogdoprosperi.com\/wp-content\/uploads\/2024\/08\/53939474383_d4131fa0d5_k.jpg?fit=1200%2C800&ssl=1&resize=350%2C200","width":350,"height":200,"srcset":"https:\/\/i0.wp.com\/blogdoprosperi.com\/wp-content\/uploads\/2024\/08\/53939474383_d4131fa0d5_k.jpg?fit=1200%2C800&ssl=1&resize=350%2C200 1x, https:\/\/i0.wp.com\/blogdoprosperi.com\/wp-content\/uploads\/2024\/08\/53939474383_d4131fa0d5_k.jpg?fit=1200%2C800&ssl=1&resize=525%2C300 1.5x, https:\/\/i0.wp.com\/blogdoprosperi.com\/wp-content\/uploads\/2024\/08\/53939474383_d4131fa0d5_k.jpg?fit=1200%2C800&ssl=1&resize=700%2C400 2x, https:\/\/i0.wp.com\/blogdoprosperi.com\/wp-content\/uploads\/2024\/08\/53939474383_d4131fa0d5_k.jpg?fit=1200%2C800&ssl=1&resize=1050%2C600 3x"},"classes":[]},{"id":45998,"url":"https:\/\/blogdoprosperi.com\/?p=45998","url_meta":{"origin":46129,"position":3},"title":"Libertadores | Atl\u00e9tico-MG Pulveriza River Plate e Faz Valer a For\u00e7a da Grana","author":"Luiz Ant\u00f4nio Pr\u00f3speri","date":"23 de outubro de 2024","format":false,"excerpt":"Luiz Ant\u00f4nio Pr\u00f3speri \u2013 23 outubro (00h41) Atl\u00e9tico-MG vence o River Plate por 3 a 0 no jogo de ida das semifinais da Libertadores. Abre boa vantagem contra a poderosa equipe argentina e est\u00e1 a um degrau da final. Fa\u00e7anha extraordin\u00e1ria de um time quase perfeito na fase de grupos\u2026","rel":"","context":"Em &quot;futebol&quot;","block_context":{"text":"futebol","link":"https:\/\/blogdoprosperi.com\/?cat=53870"},"img":{"alt_text":"Atl\u00e9tico-MG 3 x 0 River Plate \u2013 Libertadores","src":"https:\/\/i0.wp.com\/blogdoprosperi.com\/wp-content\/uploads\/2024\/10\/54087224789_64d8ac2a4a_c.jpg?fit=799%2C533&ssl=1&resize=350%2C200","width":350,"height":200,"srcset":"https:\/\/i0.wp.com\/blogdoprosperi.com\/wp-content\/uploads\/2024\/10\/54087224789_64d8ac2a4a_c.jpg?fit=799%2C533&ssl=1&resize=350%2C200 1x, https:\/\/i0.wp.com\/blogdoprosperi.com\/wp-content\/uploads\/2024\/10\/54087224789_64d8ac2a4a_c.jpg?fit=799%2C533&ssl=1&resize=525%2C300 1.5x, https:\/\/i0.wp.com\/blogdoprosperi.com\/wp-content\/uploads\/2024\/10\/54087224789_64d8ac2a4a_c.jpg?fit=799%2C533&ssl=1&resize=700%2C400 2x"},"classes":[]},{"id":45964,"url":"https:\/\/blogdoprosperi.com\/?p=45964","url_meta":{"origin":46129,"position":4},"title":"Mundial de Clubes, Libertadores e Brasileir\u00e3o | A Hora da Conspira\u00e7\u00e3o","author":"Luiz Ant\u00f4nio Pr\u00f3speri","date":"21 de outubro de 2024","format":false,"excerpt":"Luiz Ant\u00f4nio Pr\u00f3speri \u2013 21 outubro (10h55) Aten\u00e7\u00e3o torcedores de Botafogo e Atl\u00e9tico-MG: est\u00e1 no ar a fase de conspira\u00e7\u00e3o na Libertadores e, por tabela, no Mundial de Clubes Fifa 2025. A \u00faltima vaga sul-americana \u00e9 do campe\u00e3o da Libertadores, desde que n\u00e3o seja o River Plate. Se o clube\u2026","rel":"","context":"Em &quot;futebol&quot;","block_context":{"text":"futebol","link":"https:\/\/blogdoprosperi.com\/?cat=53870"},"img":{"alt_text":"Libertadores na hora da Conspira\u00e7\u00e3o","src":"https:\/\/i0.wp.com\/blogdoprosperi.com\/wp-content\/uploads\/2024\/10\/54078177127_713286b899_k.jpg?fit=1200%2C800&ssl=1&resize=350%2C200","width":350,"height":200,"srcset":"https:\/\/i0.wp.com\/blogdoprosperi.com\/wp-content\/uploads\/2024\/10\/54078177127_713286b899_k.jpg?fit=1200%2C800&ssl=1&resize=350%2C200 1x, https:\/\/i0.wp.com\/blogdoprosperi.com\/wp-content\/uploads\/2024\/10\/54078177127_713286b899_k.jpg?fit=1200%2C800&ssl=1&resize=525%2C300 1.5x, https:\/\/i0.wp.com\/blogdoprosperi.com\/wp-content\/uploads\/2024\/10\/54078177127_713286b899_k.jpg?fit=1200%2C800&ssl=1&resize=700%2C400 2x, https:\/\/i0.wp.com\/blogdoprosperi.com\/wp-content\/uploads\/2024\/10\/54078177127_713286b899_k.jpg?fit=1200%2C800&ssl=1&resize=1050%2C600 3x"},"classes":[]},{"id":49439,"url":"https:\/\/blogdoprosperi.com\/?p=49439","url_meta":{"origin":46129,"position":5},"title":"Libertadores 2025 | Campe\u00e3o Leva R$ 136 milh\u00f5es de Premia\u00e7\u00e3o \u2013 Confira Transmiss\u00e3o da Primeira Rodada na TV","author":"Luiz Ant\u00f4nio Pr\u00f3speri","date":"1 de abril de 2025","format":false,"excerpt":"Luiz Ant\u00f4nio Pr\u00f3speri \u2013 1 abril (19h15) \u2013 Libertadores 2025 come\u00e7a nesta ter\u00e7a-feira (01\/4) prometendo pagar ao campe\u00e3o US$ 24 milh\u00f5es (R$ 136 milh\u00f5es). Trata-se de uma luta de clubes de nove pa\u00edses sul-americanos contra hegemonia dos times do Brasil. A ta\u00e7a est\u00e1 em posse de clubes brasileiros de 2019\u2026","rel":"","context":"Em &quot;futebol&quot;","block_context":{"text":"futebol","link":"https:\/\/blogdoprosperi.com\/?cat=53870"},"img":{"alt_text":"Libertadores 2026","src":"https:\/\/i0.wp.com\/blogdoprosperi.com\/wp-content\/uploads\/2023\/03\/fsrk8i2waaabn_f.jpeg?fit=678%2C452&ssl=1&resize=350%2C200","width":350,"height":200,"srcset":"https:\/\/i0.wp.com\/blogdoprosperi.com\/wp-content\/uploads\/2023\/03\/fsrk8i2waaabn_f.jpeg?fit=678%2C452&ssl=1&resize=350%2C200 1x, https:\/\/i0.wp.com\/blogdoprosperi.com\/wp-content\/uploads\/2023\/03\/fsrk8i2waaabn_f.jpeg?fit=678%2C452&ssl=1&resize=525%2C300 1.5x"},"classes":[]}],"jetpack_featured_media_url":"https:\/\/i0.wp.com\/blogdoprosperi.com\/wp-content\/uploads\/2024\/10\/gbauyeawaaa5zfe-aspect-ratio-512-320.webp?fit=1920%2C1200&ssl=1","_links":{"self":[{"href":"https:\/\/blogdoprosperi.com\/index.php?rest_route=\/wp\/v2\/posts\/46129","targetHints":{"allow":["GET"]}}],"collection":[{"href":"https:\/\/blogdoprosperi.com\/index.php?rest_route=\/wp\/v2\/posts"}],"about":[{"href":"https:\/\/blogdoprosperi.com\/index.php?rest_route=\/wp\/v2\/types\/post"}],"author":[{"embeddable":true,"href":"https:\/\/blogdoprosperi.com\/index.php?rest_route=\/wp\/v2\/users\/102107496"}],"replies":[{"embeddable":true,"href":"https:\/\/blogdoprosperi.com\/index.php?rest_route=%2Fwp%2Fv2%2Fcomments&post=46129"}],"version-history":[{"count":8,"href":"https:\/\/blogdoprosperi.com\/index.php?rest_route=\/wp\/v2\/posts\/46129\/revisions"}],"predecessor-version":[{"id":46155,"href":"https:\/\/blogdoprosperi.com\/index.php?rest_route=\/wp\/v2\/posts\/46129\/revisions\/46155"}],"wp:featuredmedia":[{"embeddable":true,"href":"https:\/\/blogdoprosperi.com\/index.php?rest_route=\/wp\/v2\/media\/46149"}],"wp:attachment":[{"href":"https:\/\/blogdoprosperi.com\/index.php?rest_route=%2Fwp%2Fv2%2Fmedia&parent=46129"}],"wp:term":[{"taxonomy":"category","embeddable":true,"href":"https:\/\/blogdoprosperi.com\/index.php?rest_route=%2Fwp%2Fv2%2Fcategories&post=46129"},{"taxonomy":"post_tag","embeddable":true,"href":"https:\/\/blogdoprosperi.com\/index.php?rest_route=%2Fwp%2Fv2%2Ftags&post=46129"}],"curies":[{"name":"wp","href":"https:\/\/api.w.org\/{rel}","templated":true}]}}