{"id":46267,"date":"2024-11-12T10:26:53","date_gmt":"2024-11-12T13:26:53","guid":{"rendered":"https:\/\/blogdoprosperi.com\/?p=46267"},"modified":"2024-11-12T10:57:51","modified_gmt":"2024-11-12T13:57:51","slug":"santos-e-serie-a-futuro-tem-neymar-novo-estadio-e-saf","status":"publish","type":"post","link":"https:\/\/blogdoprosperi.com\/?p=46267","title":{"rendered":"Santos \u00c9 S\u00e9rie A | Futuro tem Neymar, Novo Est\u00e1dio e SAF"},"content":{"rendered":"<p><em>Luiz Ant\u00f4nio Pr\u00f3speri \u2013 12 novembro (10h15) \u2013<\/em><\/p>\n<p>Otero faz um gol extraordin\u00e1rio em cobran\u00e7a de falta e decreta vit\u00f3ria do Santos por 2 a 0 contra o Coritiba. Gol de S\u00e9rie A. Gol a devolver o Alvinegro ao seleto grupo de clubes da Primeira Divis\u00e3o do futebol brasileiro. Enfim, cumpria o protocolo na arrastada S\u00e9rie B at\u00e9 readquirir seu lugar que deveria ser eterno em sua hist\u00f3ria. O que fazer daqui para frente?<\/p>\n<p>Certeza mesmo \u00e9 resgatar a Camisa 10, at\u00e9 ent\u00e3o guardada em um arm\u00e1rio da Vila Belmiro at\u00e9 que se consumasse a longa travessia da Segunda Divis\u00e3o.<\/p>\n<p>Camisa 10 estar\u00e1 dispon\u00edvel a partir de janeiro de 2025.<\/p>\n<figure id=\"attachment_46279\" aria-describedby=\"caption-attachment-46279\" style=\"width: 558px\" class=\"wp-caption alignnone\"><img data-recalc-dims=\"1\" loading=\"lazy\" decoding=\"async\" data-attachment-id=\"46279\" data-permalink=\"https:\/\/blogdoprosperi.com\/?attachment_id=46279\" data-orig-file=\"https:\/\/i0.wp.com\/blogdoprosperi.com\/wp-content\/uploads\/2024\/11\/gckkyijxqaaadvr.jpeg?fit=1200%2C1200&amp;ssl=1\" data-orig-size=\"1200,1200\" data-comments-opened=\"1\" data-image-meta=\"{&quot;aperture&quot;:&quot;0&quot;,&quot;credit&quot;:&quot;&quot;,&quot;camera&quot;:&quot;&quot;,&quot;caption&quot;:&quot;&quot;,&quot;created_timestamp&quot;:&quot;0&quot;,&quot;copyright&quot;:&quot;&quot;,&quot;focal_length&quot;:&quot;0&quot;,&quot;iso&quot;:&quot;0&quot;,&quot;shutter_speed&quot;:&quot;0&quot;,&quot;title&quot;:&quot;&quot;,&quot;orientation&quot;:&quot;0&quot;}\" data-image-title=\"Camisa 10 do Santos\" data-image-description=\"\" data-image-caption=\"&lt;p&gt;Camisa 10 \u2013 reprodu\u00e7\u00e3o Santos FC&lt;\/p&gt;\n\" data-large-file=\"https:\/\/i0.wp.com\/blogdoprosperi.com\/wp-content\/uploads\/2024\/11\/gckkyijxqaaadvr.jpeg?fit=940%2C940&amp;ssl=1\" src=\"https:\/\/i0.wp.com\/blogdoprosperi.com\/wp-content\/uploads\/2024\/11\/gckkyijxqaaadvr.jpeg?resize=558%2C558&#038;ssl=1\" class=\"wp-image-46279\" alt=\"\" width=\"558\" height=\"558\"><figcaption id=\"caption-attachment-46279\" class=\"wp-caption-text\"><em>Camisa 10 \u2013 reprodu\u00e7\u00e3o Santos FC<\/em><\/figcaption><\/figure>\n<p>Neymar, indica a imprensa da Ar\u00e1bia Saudita, tamb\u00e9m ocupar\u00e1 as prateleiras do mercado do futebol em janeiro de 2025 ap\u00f3s uma poss\u00edvel rescis\u00e3o amig\u00e1vel do contrato com o Al-Hilal.<\/p>\n<p>Camisa 10 sem dono. Neymar livre. Santistas esfregam as m\u00e3os.<\/p>\n<p>De onde viria o dinheiro para bancar essa ilus\u00e3o?<\/p>\n<p>Neymar recebe 100 milh\u00f5es de euros (R$ 612 milh\u00f5es) por ano do Al-Hilal. Evidente que o Santos e, talvez, nenhum clube do mundo teria essa grana para sustentar o craque.<\/p>\n<p>Marcelo Teixeira, presidente do Santos, diz que<strong> tem um projeto concreto para trazer Neymar<\/strong> de volta \u00e0 Vila Belmiro, desde que o jogador fique livre no mercado.<\/p>\n<blockquote><p>N\u00e3o podemos fazer tamb\u00e9m conjunturas de hip\u00f3tese. \u2018Se\u2019 ele &nbsp;(<em>Neymar<\/em>) rescindir, \u2018se\u2019 ele ficar livre (<em>no mercado<\/em>)&#8230; <strong>N\u00f3s temos uma liga\u00e7\u00e3o com a fam\u00edlia (<em>do Neymar<\/em>). Monitoramos, temos um projeto concreto j\u00e1 conversado<\/strong> algumas vezes e vamos continuar acompanhando\u201d \u2013 presidente Marcelo Teixeira<\/p>\n<\/blockquote>\n<p>O caminho seria transformar o Santos em SAF (Sociedade An\u00f4nima do Futebol) e fazer de Neymar o novo dono do clube.<\/p>\n<p>Teixeira diz que uma mudan\u00e7a nos estatutos do clube est\u00e1 em curso abrindo o caminho para fazer do Santos uma SAF. Quem decide? &#8220;Os s\u00f3cios do clube, o quadro associativo&#8221;, responde o presidente, em recente entrevista ao <em>Estad\u00e3o.<\/em><\/p>\n<p>Enquanto o presidente reorganiza a casa, torcedores vivem a expectativa de boas not\u00edcias na temporada 2025.<\/p>\n<p>A maior torcida organizada do Santos avisa:<\/p>\n<blockquote><p>\u201cN\u00e3o podemos, <strong>nem iremos permitir a volta de pessoas que n\u00e3o respeitam a institui\u00e7\u00e3o.<\/strong> Queremos uma reconstru\u00e7\u00e3o verdadeira. Isso passa pela escolha correta do elenco e dirigentes para 2025, passando pelo n\u00e3o retorno de nomes como Soteldo e Lucas Lima, uma vergonha que j\u00e1 fomos obrigados a passar em nome de uma tentativa desesperada de salva\u00e7\u00e3o, que se mostrou indigna\u201d \u2013 comunicado da Torcida Jovem.<\/p>\n<\/blockquote>\n<p>A lista dos indesej\u00e1veis pela torcida ainda tem o t\u00e9cnico Fabio Carille e os diretores executivos do futebol Alexandre Gallo e Paulo Bracks.<\/p>\n<p>Santos tem menos de um m\u00eas para definir um novo t\u00e9cnico (Carille n\u00e3o vai continuar) e se debru\u00e7ar no or\u00e7amento com as receitas projetadas do Paulist\u00e3o, Brasileir\u00e3o e Copa do Brasil 2025.<\/p>\n<p>Prioridade: refor\u00e7ar o time com jogadores de S\u00e9rie A.<\/p>\n<p>Presidente Marcelo Teixeira promete ainda <strong>demolir a Vila Belmiro<\/strong>, um dos \u00faltimos santu\u00e1rios do futebol brasileiro, e dar lugar a uma nova arena a ser constru\u00edda pela WTorre, mesma empreiteira que ergueu o Allianz Parque do Palmeiras.<\/p>\n<p>Sem est\u00e1dio pr\u00f3prio nesse per\u00edodo de constru\u00e7\u00e3o da arena, Santos vai mandar seus jogos no gramado sint\u00e9tico do restaurado Pacaembu.<\/p>\n<p>\u00c9 o come\u00e7o de uma nova era. Tudo tamb\u00e9m pode ficar nas promessas. O que n\u00e3o pode mais acontecer \u00e9 o clube mergulhar de novo ao fundo do mar da S\u00e9rie B sem tubo de oxig\u00eanio para emergir. A conferir.<\/p>\n<p><a href=\"https:\/\/x.com\/Brasileirao\/status\/1856153793886334980\" rel=\"nofollow\">https:\/\/x.com\/Brasileirao\/status\/1856153793886334980<\/a><\/p>\n<div class=\"jetpack-video-wrapper\"><span class=\"embed-youtube\" style=\"text-align:center; display: block;\"><iframe loading=\"lazy\" class=\"youtube-player\" width=\"560\" height=\"315\" src=\"https:\/\/www.youtube.com\/embed\/ceoL5VTSuAs?version=3&#038;rel=1&#038;showsearch=0&#038;showinfo=1&#038;iv_load_policy=1&#038;fs=1&#038;hl=pt-BR&#038;autohide=2&#038;wmode=transparent\" allowfullscreen=\"true\" style=\"border:0;\" sandbox=\"allow-scripts allow-same-origin allow-popups allow-presentation allow-popups-to-escape-sandbox\"><\/iframe><\/span><\/div>\n","protected":false},"excerpt":{"rendered":"<p>Luiz Ant\u00f4nio Pr\u00f3speri \u2013 12 novembro (10h15) \u2013 Otero faz um gol extraordin\u00e1rio em cobran\u00e7a de falta e [&hellip;]<\/p>\n","protected":false},"author":102107496,"featured_media":46280,"comment_status":"open","ping_status":"open","sticky":false,"template":"","format":"standard","meta":{"_coblocks_attr":"","_coblocks_dimensions":"","_coblocks_responsive_height":"","_coblocks_accordion_ie_support":"","_jetpack_newsletter_access":"","_jetpack_dont_email_post_to_subs":false,"_jetpack_newsletter_tier_id":0,"_jetpack_memberships_contains_paywalled_content":false,"_wpcom_ai_launchpad_first_post":false,"_jetpack_feature_clip_id":0,"_jetpack_memberships_contains_paid_content":false,"footnotes":"","jetpack_publicize_message":"","jetpack_publicize_feature_enabled":true,"jetpack_social_post_already_shared":false,"jetpack_social_options":{"image_generator_settings":{"template":"highway","default_image_id":0,"font":"","enabled":false},"version":2},"jetpack_post_was_ever_published":false},"categories":[53870,3919],"tags":[6785153,2763124,775963068,44145107,789560560,789560573,2677362,4112146,1958433,789560564,2588859,2561606],"class_list":["post-46267","post","type-post","status-publish","format-standard","has-post-thumbnail","hentry","category-futebol","category-opiniao","tag-brasileirao-serie-a","tag-camisa-10","tag-coritiba-0-x-2-santos","tag-fabio-carille","tag-futebol","tag-luiz-antonio-prosperi","tag-marcelo-teixeira","tag-neymar","tag-otero","tag-pele","tag-santos-fc","tag-vila-belmiro"],"yoast_head":"<!-- This site is optimized with the Yoast SEO plugin v28.4 - https:\/\/yoast.com\/product\/yoast-seo-wordpress\/ -->\n<title>Santos \u00c9 S\u00e9rie A | Futuro tem Neymar, Novo Est\u00e1dio e SAF - PR\u00d3SPERI NEWS<\/title>\n<meta name=\"robots\" content=\"index, follow, max-snippet:-1, max-image-preview:large, max-video-preview:-1\" \/>\n<link rel=\"canonical\" href=\"https:\/\/blogdoprosperi.com\/?p=46267\" \/>\n<meta property=\"og:locale\" content=\"pt_BR\" \/>\n<meta property=\"og:type\" content=\"article\" \/>\n<meta property=\"og:title\" content=\"Santos \u00c9 S\u00e9rie A | Futuro tem Neymar, Novo Est\u00e1dio e SAF - PR\u00d3SPERI NEWS\" \/>\n<meta property=\"og:description\" content=\"Luiz Ant\u00f4nio Pr\u00f3speri \u2013 12 novembro (10h15) \u2013 Otero faz um gol extraordin\u00e1rio em cobran\u00e7a de falta e [&hellip;]\" \/>\n<meta property=\"og:url\" content=\"https:\/\/blogdoprosperi.com\/?p=46267\" \/>\n<meta property=\"og:site_name\" content=\"PR\u00d3SPERI NEWS\" \/>\n<meta property=\"article:publisher\" content=\"Luiz Pr\u00f3speri\" \/>\n<meta property=\"article:author\" content=\"Luiz Pr\u00f3speri\" \/>\n<meta property=\"article:published_time\" content=\"2024-11-12T13:26:53+00:00\" \/>\n<meta property=\"article:modified_time\" content=\"2024-11-12T13:57:51+00:00\" \/>\n<meta property=\"og:image\" content=\"https:\/\/i0.wp.com\/blogdoprosperi.com\/wp-content\/uploads\/2024\/11\/gckcsztwaaa9o5s.jpeg?fit=852%2C682&ssl=1\" \/>\n\t<meta property=\"og:image:width\" content=\"852\" \/>\n\t<meta property=\"og:image:height\" content=\"682\" \/>\n\t<meta property=\"og:image:type\" content=\"image\/jpeg\" \/>\n<meta name=\"author\" content=\"Luiz Ant\u00f4nio Pr\u00f3speri\" \/>\n<meta name=\"twitter:card\" content=\"summary_large_image\" \/>\n<meta name=\"twitter:creator\" content=\"@Luizprosperi\" \/>\n<meta name=\"twitter:site\" content=\"@Luizprosperi\" \/>\n<meta name=\"twitter:label1\" content=\"Escrito por\" \/>\n\t<meta name=\"twitter:data1\" content=\"Luiz Ant\u00f4nio Pr\u00f3speri\" \/>\n\t<meta name=\"twitter:label2\" content=\"Est. tempo de leitura\" \/>\n\t<meta name=\"twitter:data2\" content=\"3 minutos\" \/>\n<script type=\"application\/ld+json\" class=\"yoast-schema-graph\">{\"@context\":\"https:\\\/\\\/schema.org\",\"@graph\":[{\"@type\":\"Article\",\"@id\":\"https:\\\/\\\/blogdoprosperi.com\\\/?p=46267#article\",\"isPartOf\":{\"@id\":\"https:\\\/\\\/blogdoprosperi.com\\\/?p=46267\"},\"author\":{\"name\":\"Luiz Ant\u00f4nio Pr\u00f3speri\",\"@id\":\"https:\\\/\\\/blogdoprosperi.com\\\/#\\\/schema\\\/person\\\/38100755ce3601861ee4fab9b5aa78e9\"},\"headline\":\"Santos \u00c9 S\u00e9rie A | Futuro tem Neymar, Novo Est\u00e1dio e SAF\",\"datePublished\":\"2024-11-12T13:26:53+00:00\",\"dateModified\":\"2024-11-12T13:57:51+00:00\",\"mainEntityOfPage\":{\"@id\":\"https:\\\/\\\/blogdoprosperi.com\\\/?p=46267\"},\"wordCount\":656,\"commentCount\":0,\"publisher\":{\"@id\":\"https:\\\/\\\/blogdoprosperi.com\\\/#\\\/schema\\\/person\\\/38100755ce3601861ee4fab9b5aa78e9\"},\"image\":{\"@id\":\"https:\\\/\\\/blogdoprosperi.com\\\/?p=46267#primaryimage\"},\"thumbnailUrl\":\"https:\\\/\\\/i0.wp.com\\\/blogdoprosperi.com\\\/wp-content\\\/uploads\\\/2024\\\/11\\\/gckcsztwaaa9o5s.jpeg?fit=852%2C682&ssl=1\",\"keywords\":[\"brasileir\u00e3o s\u00e9rie a\",\"Camisa 10\",\"Coritiba 0 x 2 Santos\",\"Fabio Carille\",\"futebol\",\"Luiz Ant\u00f4nio Pr\u00f3speri\",\"marcelo teixeira\",\"Neymar\",\"otero\",\"Pel\u00e9\",\"Santos FC\",\"Vila Belmiro\"],\"articleSection\":[\"futebol\",\"opini\u00e3o\"],\"inLanguage\":\"pt-BR\",\"potentialAction\":[{\"@type\":\"CommentAction\",\"name\":\"Comment\",\"target\":[\"https:\\\/\\\/blogdoprosperi.com\\\/?p=46267#respond\"]}]},{\"@type\":\"WebPage\",\"@id\":\"https:\\\/\\\/blogdoprosperi.com\\\/?p=46267\",\"url\":\"https:\\\/\\\/blogdoprosperi.com\\\/?p=46267\",\"name\":\"Santos \u00c9 S\u00e9rie A | Futuro tem Neymar, Novo Est\u00e1dio e SAF - PR\u00d3SPERI NEWS\",\"isPartOf\":{\"@id\":\"https:\\\/\\\/blogdoprosperi.com\\\/#website\"},\"primaryImageOfPage\":{\"@id\":\"https:\\\/\\\/blogdoprosperi.com\\\/?p=46267#primaryimage\"},\"image\":{\"@id\":\"https:\\\/\\\/blogdoprosperi.com\\\/?p=46267#primaryimage\"},\"thumbnailUrl\":\"https:\\\/\\\/i0.wp.com\\\/blogdoprosperi.com\\\/wp-content\\\/uploads\\\/2024\\\/11\\\/gckcsztwaaa9o5s.jpeg?fit=852%2C682&ssl=1\",\"datePublished\":\"2024-11-12T13:26:53+00:00\",\"dateModified\":\"2024-11-12T13:57:51+00:00\",\"breadcrumb\":{\"@id\":\"https:\\\/\\\/blogdoprosperi.com\\\/?p=46267#breadcrumb\"},\"inLanguage\":\"pt-BR\",\"potentialAction\":[{\"@type\":\"ReadAction\",\"target\":[\"https:\\\/\\\/blogdoprosperi.com\\\/?p=46267\"]}]},{\"@type\":\"ImageObject\",\"inLanguage\":\"pt-BR\",\"@id\":\"https:\\\/\\\/blogdoprosperi.com\\\/?p=46267#primaryimage\",\"url\":\"https:\\\/\\\/i0.wp.com\\\/blogdoprosperi.com\\\/wp-content\\\/uploads\\\/2024\\\/11\\\/gckcsztwaaa9o5s.jpeg?fit=852%2C682&ssl=1\",\"contentUrl\":\"https:\\\/\\\/i0.wp.com\\\/blogdoprosperi.com\\\/wp-content\\\/uploads\\\/2024\\\/11\\\/gckcsztwaaa9o5s.jpeg?fit=852%2C682&ssl=1\",\"width\":852,\"height\":682,\"caption\":\"Pel\u00e9 \u2013 imagem do Santos na celebra\u00e7\u00e3o da volta \u00e0 S\u00e9rie A \u2013 reprodu\u00e7\u00e3o Santos FC\"},{\"@type\":\"BreadcrumbList\",\"@id\":\"https:\\\/\\\/blogdoprosperi.com\\\/?p=46267#breadcrumb\",\"itemListElement\":[{\"@type\":\"ListItem\",\"position\":1,\"name\":\"In\u00edcio\",\"item\":\"https:\\\/\\\/blogdoprosperi.com\\\/\"},{\"@type\":\"ListItem\",\"position\":2,\"name\":\"Santos \u00c9 S\u00e9rie A | Futuro tem Neymar, Novo Est\u00e1dio e SAF\"}]},{\"@type\":\"WebSite\",\"@id\":\"https:\\\/\\\/blogdoprosperi.com\\\/#website\",\"url\":\"https:\\\/\\\/blogdoprosperi.com\\\/\",\"name\":\"PR\u00d3SPERI NEWS\",\"description\":\"TUDO \u00c9  FUTEBOL\",\"publisher\":{\"@id\":\"https:\\\/\\\/blogdoprosperi.com\\\/#\\\/schema\\\/person\\\/38100755ce3601861ee4fab9b5aa78e9\"},\"alternateName\":\"blogdoprosperi.com\",\"potentialAction\":[{\"@type\":\"SearchAction\",\"target\":{\"@type\":\"EntryPoint\",\"urlTemplate\":\"https:\\\/\\\/blogdoprosperi.com\\\/?s={search_term_string}\"},\"query-input\":{\"@type\":\"PropertyValueSpecification\",\"valueRequired\":true,\"valueName\":\"search_term_string\"}}],\"inLanguage\":\"pt-BR\"},{\"@type\":[\"Person\",\"Organization\"],\"@id\":\"https:\\\/\\\/blogdoprosperi.com\\\/#\\\/schema\\\/person\\\/38100755ce3601861ee4fab9b5aa78e9\",\"name\":\"Luiz Ant\u00f4nio Pr\u00f3speri\",\"pronouns\":\"ele\",\"image\":{\"@type\":\"ImageObject\",\"inLanguage\":\"pt-BR\",\"@id\":\"https:\\\/\\\/i0.wp.com\\\/blogdoprosperi.com\\\/wp-content\\\/uploads\\\/2026\\\/05\\\/cropped-8059e613-6002-42fa-961e-8e275f575d71-2-5.jpg?fit=1360%2C931&ssl=1\",\"url\":\"https:\\\/\\\/i0.wp.com\\\/blogdoprosperi.com\\\/wp-content\\\/uploads\\\/2026\\\/05\\\/cropped-8059e613-6002-42fa-961e-8e275f575d71-2-5.jpg?fit=1360%2C931&ssl=1\",\"contentUrl\":\"https:\\\/\\\/i0.wp.com\\\/blogdoprosperi.com\\\/wp-content\\\/uploads\\\/2026\\\/05\\\/cropped-8059e613-6002-42fa-961e-8e275f575d71-2-5.jpg?fit=1360%2C931&ssl=1\",\"width\":1360,\"height\":931,\"caption\":\"Luiz Ant\u00f4nio Pr\u00f3speri\"},\"logo\":{\"@id\":\"https:\\\/\\\/i0.wp.com\\\/blogdoprosperi.com\\\/wp-content\\\/uploads\\\/2026\\\/05\\\/cropped-8059e613-6002-42fa-961e-8e275f575d71-2-5.jpg?fit=1360%2C931&ssl=1\"},\"description\":\"Jornalista com carreira dedicada ao esporte. Cobriu 9 Copas do Mundo in loco, 1990 na It\u00e1lia, 1994 nos EUA, 1998 na Fran\u00e7a, 2002 na Coreia do Sul e Jap\u00e3o, 2006 na Alemanha, 2010 na \u00c1frica do Sul, 2014 no Brasil, 2018 na R\u00fassia e 2022 no Qatar. Eurocopas, 1992 na Su\u00e9cia e 1996 na Inglaterra. Copa das Confedera\u00e7\u00f5es de 2005 na Alemanha e 2009 na \u00c1frica do Sul. Rep\u00f3rter e Editor, trabalhou no Jornal da Tarde e Estad\u00e3o, de 1984 a fevereiro de 2016. Colunista, blogueiro. E comentarista de futebol na R\u00e1dio Estad\u00e3o, de 2013 a fevereiro de 2016. Jornalista respons\u00e1vel do \\\"Pr\u00f3speri News\\\" (blogdoprosperi.com).\",\"sameAs\":[\"http:\\\/\\\/blogdoprosperi.com\",\"Luiz Pr\u00f3speri\",\"@luiz_prosperi\",\"https:\\\/\\\/x.com\\\/Luizprosperi\",\"@prosperinacopa\",\"luiz.prosperi@icloud.com\"],\"url\":\"https:\\\/\\\/blogdoprosperi.com\\\/?author=102107496\"}]}<\/script>\n<!-- \/ Yoast SEO plugin. -->","yoast_head_json":{"title":"Santos \u00c9 S\u00e9rie A | Futuro tem Neymar, Novo Est\u00e1dio e SAF - PR\u00d3SPERI NEWS","robots":{"index":"index","follow":"follow","max-snippet":"max-snippet:-1","max-image-preview":"max-image-preview:large","max-video-preview":"max-video-preview:-1"},"canonical":"https:\/\/blogdoprosperi.com\/?p=46267","og_locale":"pt_BR","og_type":"article","og_title":"Santos \u00c9 S\u00e9rie A | Futuro tem Neymar, Novo Est\u00e1dio e SAF - PR\u00d3SPERI NEWS","og_description":"Luiz Ant\u00f4nio Pr\u00f3speri \u2013 12 novembro (10h15) \u2013 Otero faz um gol extraordin\u00e1rio em cobran\u00e7a de falta e [&hellip;]","og_url":"https:\/\/blogdoprosperi.com\/?p=46267","og_site_name":"PR\u00d3SPERI NEWS","article_publisher":"Luiz Pr\u00f3speri","article_author":"Luiz Pr\u00f3speri","article_published_time":"2024-11-12T13:26:53+00:00","article_modified_time":"2024-11-12T13:57:51+00:00","og_image":[{"width":852,"height":682,"url":"https:\/\/i0.wp.com\/blogdoprosperi.com\/wp-content\/uploads\/2024\/11\/gckcsztwaaa9o5s.jpeg?fit=852%2C682&ssl=1","type":"image\/jpeg"}],"author":"Luiz Ant\u00f4nio Pr\u00f3speri","twitter_card":"summary_large_image","twitter_creator":"@Luizprosperi","twitter_site":"@Luizprosperi","twitter_misc":{"Escrito por":"Luiz Ant\u00f4nio Pr\u00f3speri","Est. tempo de leitura":"3 minutos"},"schema":{"@context":"https:\/\/schema.org","@graph":[{"@type":"Article","@id":"https:\/\/blogdoprosperi.com\/?p=46267#article","isPartOf":{"@id":"https:\/\/blogdoprosperi.com\/?p=46267"},"author":{"name":"Luiz Ant\u00f4nio Pr\u00f3speri","@id":"https:\/\/blogdoprosperi.com\/#\/schema\/person\/38100755ce3601861ee4fab9b5aa78e9"},"headline":"Santos \u00c9 S\u00e9rie A | Futuro tem Neymar, Novo Est\u00e1dio e SAF","datePublished":"2024-11-12T13:26:53+00:00","dateModified":"2024-11-12T13:57:51+00:00","mainEntityOfPage":{"@id":"https:\/\/blogdoprosperi.com\/?p=46267"},"wordCount":656,"commentCount":0,"publisher":{"@id":"https:\/\/blogdoprosperi.com\/#\/schema\/person\/38100755ce3601861ee4fab9b5aa78e9"},"image":{"@id":"https:\/\/blogdoprosperi.com\/?p=46267#primaryimage"},"thumbnailUrl":"https:\/\/i0.wp.com\/blogdoprosperi.com\/wp-content\/uploads\/2024\/11\/gckcsztwaaa9o5s.jpeg?fit=852%2C682&ssl=1","keywords":["brasileir\u00e3o s\u00e9rie a","Camisa 10","Coritiba 0 x 2 Santos","Fabio Carille","futebol","Luiz Ant\u00f4nio Pr\u00f3speri","marcelo teixeira","Neymar","otero","Pel\u00e9","Santos FC","Vila Belmiro"],"articleSection":["futebol","opini\u00e3o"],"inLanguage":"pt-BR","potentialAction":[{"@type":"CommentAction","name":"Comment","target":["https:\/\/blogdoprosperi.com\/?p=46267#respond"]}]},{"@type":"WebPage","@id":"https:\/\/blogdoprosperi.com\/?p=46267","url":"https:\/\/blogdoprosperi.com\/?p=46267","name":"Santos \u00c9 S\u00e9rie A | Futuro tem Neymar, Novo Est\u00e1dio e SAF - PR\u00d3SPERI NEWS","isPartOf":{"@id":"https:\/\/blogdoprosperi.com\/#website"},"primaryImageOfPage":{"@id":"https:\/\/blogdoprosperi.com\/?p=46267#primaryimage"},"image":{"@id":"https:\/\/blogdoprosperi.com\/?p=46267#primaryimage"},"thumbnailUrl":"https:\/\/i0.wp.com\/blogdoprosperi.com\/wp-content\/uploads\/2024\/11\/gckcsztwaaa9o5s.jpeg?fit=852%2C682&ssl=1","datePublished":"2024-11-12T13:26:53+00:00","dateModified":"2024-11-12T13:57:51+00:00","breadcrumb":{"@id":"https:\/\/blogdoprosperi.com\/?p=46267#breadcrumb"},"inLanguage":"pt-BR","potentialAction":[{"@type":"ReadAction","target":["https:\/\/blogdoprosperi.com\/?p=46267"]}]},{"@type":"ImageObject","inLanguage":"pt-BR","@id":"https:\/\/blogdoprosperi.com\/?p=46267#primaryimage","url":"https:\/\/i0.wp.com\/blogdoprosperi.com\/wp-content\/uploads\/2024\/11\/gckcsztwaaa9o5s.jpeg?fit=852%2C682&ssl=1","contentUrl":"https:\/\/i0.wp.com\/blogdoprosperi.com\/wp-content\/uploads\/2024\/11\/gckcsztwaaa9o5s.jpeg?fit=852%2C682&ssl=1","width":852,"height":682,"caption":"Pel\u00e9 \u2013 imagem do Santos na celebra\u00e7\u00e3o da volta \u00e0 S\u00e9rie A \u2013 reprodu\u00e7\u00e3o Santos FC"},{"@type":"BreadcrumbList","@id":"https:\/\/blogdoprosperi.com\/?p=46267#breadcrumb","itemListElement":[{"@type":"ListItem","position":1,"name":"In\u00edcio","item":"https:\/\/blogdoprosperi.com\/"},{"@type":"ListItem","position":2,"name":"Santos \u00c9 S\u00e9rie A | Futuro tem Neymar, Novo Est\u00e1dio e SAF"}]},{"@type":"WebSite","@id":"https:\/\/blogdoprosperi.com\/#website","url":"https:\/\/blogdoprosperi.com\/","name":"PR\u00d3SPERI NEWS","description":"TUDO \u00c9  FUTEBOL","publisher":{"@id":"https:\/\/blogdoprosperi.com\/#\/schema\/person\/38100755ce3601861ee4fab9b5aa78e9"},"alternateName":"blogdoprosperi.com","potentialAction":[{"@type":"SearchAction","target":{"@type":"EntryPoint","urlTemplate":"https:\/\/blogdoprosperi.com\/?s={search_term_string}"},"query-input":{"@type":"PropertyValueSpecification","valueRequired":true,"valueName":"search_term_string"}}],"inLanguage":"pt-BR"},{"@type":["Person","Organization"],"@id":"https:\/\/blogdoprosperi.com\/#\/schema\/person\/38100755ce3601861ee4fab9b5aa78e9","name":"Luiz Ant\u00f4nio Pr\u00f3speri","pronouns":"ele","image":{"@type":"ImageObject","inLanguage":"pt-BR","@id":"https:\/\/i0.wp.com\/blogdoprosperi.com\/wp-content\/uploads\/2026\/05\/cropped-8059e613-6002-42fa-961e-8e275f575d71-2-5.jpg?fit=1360%2C931&ssl=1","url":"https:\/\/i0.wp.com\/blogdoprosperi.com\/wp-content\/uploads\/2026\/05\/cropped-8059e613-6002-42fa-961e-8e275f575d71-2-5.jpg?fit=1360%2C931&ssl=1","contentUrl":"https:\/\/i0.wp.com\/blogdoprosperi.com\/wp-content\/uploads\/2026\/05\/cropped-8059e613-6002-42fa-961e-8e275f575d71-2-5.jpg?fit=1360%2C931&ssl=1","width":1360,"height":931,"caption":"Luiz Ant\u00f4nio Pr\u00f3speri"},"logo":{"@id":"https:\/\/i0.wp.com\/blogdoprosperi.com\/wp-content\/uploads\/2026\/05\/cropped-8059e613-6002-42fa-961e-8e275f575d71-2-5.jpg?fit=1360%2C931&ssl=1"},"description":"Jornalista com carreira dedicada ao esporte. Cobriu 9 Copas do Mundo in loco, 1990 na It\u00e1lia, 1994 nos EUA, 1998 na Fran\u00e7a, 2002 na Coreia do Sul e Jap\u00e3o, 2006 na Alemanha, 2010 na \u00c1frica do Sul, 2014 no Brasil, 2018 na R\u00fassia e 2022 no Qatar. Eurocopas, 1992 na Su\u00e9cia e 1996 na Inglaterra. Copa das Confedera\u00e7\u00f5es de 2005 na Alemanha e 2009 na \u00c1frica do Sul. Rep\u00f3rter e Editor, trabalhou no Jornal da Tarde e Estad\u00e3o, de 1984 a fevereiro de 2016. Colunista, blogueiro. E comentarista de futebol na R\u00e1dio Estad\u00e3o, de 2013 a fevereiro de 2016. Jornalista respons\u00e1vel do \"Pr\u00f3speri News\" (blogdoprosperi.com).","sameAs":["http:\/\/blogdoprosperi.com","Luiz Pr\u00f3speri","@luiz_prosperi","https:\/\/x.com\/Luizprosperi","@prosperinacopa","luiz.prosperi@icloud.com"],"url":"https:\/\/blogdoprosperi.com\/?author=102107496"}]}},"jetpack_publicize_connections":[],"jetpack_likes_enabled":false,"jetpack_sharing_enabled":true,"jetpack_shortlink":"https:\/\/wp.me\/p7jvdk-c2f","jetpack-related-posts":[{"id":53494,"url":"https:\/\/blogdoprosperi.com\/?p=53494","url_meta":{"origin":46267,"position":0},"title":"Neymar, Simples Assim: Santos 1 a 0 Flamengo","author":"Luiz Ant\u00f4nio Pr\u00f3speri","date":"16 de julho de 2025","format":false,"excerpt":"Luiz Ant\u00f4nio Pr\u00f3speri \u2013 16 julho (22h35) \u2013 Neymar restabelece a hierarquia no futebol brasileiro. Aos 38 minutos do segundo tempo, em lance a seu estilo, vence goleiro Rossi e faz o gol da vit\u00f3ria do Santos por 1 a 0 contra o Flamengo. Na Vila Belmiro, um dos templos\u2026","rel":"","context":"Em &quot;brasileir\u00e3o 2025&quot;","block_context":{"text":"brasileir\u00e3o 2025","link":"https:\/\/blogdoprosperi.com\/?cat=775970846"},"img":{"alt_text":"Neymar garante vit\u00f3ria do Santos contra Flamengo","src":"https:\/\/i0.wp.com\/blogdoprosperi.com\/wp-content\/uploads\/2025\/07\/neymar-1.jpg?fit=1200%2C800&ssl=1&resize=350%2C200","width":350,"height":200,"srcset":"https:\/\/i0.wp.com\/blogdoprosperi.com\/wp-content\/uploads\/2025\/07\/neymar-1.jpg?fit=1200%2C800&ssl=1&resize=350%2C200 1x, https:\/\/i0.wp.com\/blogdoprosperi.com\/wp-content\/uploads\/2025\/07\/neymar-1.jpg?fit=1200%2C800&ssl=1&resize=525%2C300 1.5x, https:\/\/i0.wp.com\/blogdoprosperi.com\/wp-content\/uploads\/2025\/07\/neymar-1.jpg?fit=1200%2C800&ssl=1&resize=700%2C400 2x, https:\/\/i0.wp.com\/blogdoprosperi.com\/wp-content\/uploads\/2025\/07\/neymar-1.jpg?fit=1200%2C800&ssl=1&resize=1050%2C600 3x"},"classes":[]},{"id":46394,"url":"https:\/\/blogdoprosperi.com\/?p=46394","url_meta":{"origin":46267,"position":1},"title":"Santos campe\u00e3o com vaias e Campinas chora por Guarani e Ponte Preta","author":"Luiz Ant\u00f4nio Pr\u00f3speri","date":"17 de novembro de 2024","format":false,"excerpt":"Luiz Ant\u00f4nio Pr\u00f3speri \u2013 17 novembro (19h25) \u2013 Santos perde do CRB na festa da ta\u00e7a de campe\u00e3o da S\u00e9rie B do Brasileiro. Derrota santista afunda Ponte Preta \u00e0 S\u00e9rie C, conhecida Terceira Divis\u00e3o, agora de m\u00e3os dadas ao j\u00e1 rebaixado Guarani. \u00c9 a decad\u00eancia do futebol de Campinas, antes\u2026","rel":"","context":"Em &quot;futebol&quot;","block_context":{"text":"futebol","link":"https:\/\/blogdoprosperi.com\/?cat=53870"},"img":{"alt_text":"Santos campe\u00e3o da S\u00e9rie B, camisa 10 voltou","src":"https:\/\/i0.wp.com\/blogdoprosperi.com\/wp-content\/uploads\/2024\/11\/54146882298_67ab0348f2_c.jpg?fit=640%2C800&ssl=1&resize=350%2C200","width":350,"height":200,"srcset":"https:\/\/i0.wp.com\/blogdoprosperi.com\/wp-content\/uploads\/2024\/11\/54146882298_67ab0348f2_c.jpg?fit=640%2C800&ssl=1&resize=350%2C200 1x, https:\/\/i0.wp.com\/blogdoprosperi.com\/wp-content\/uploads\/2024\/11\/54146882298_67ab0348f2_c.jpg?fit=640%2C800&ssl=1&resize=525%2C300 1.5x"},"classes":[]},{"id":47844,"url":"https:\/\/blogdoprosperi.com\/?p=47844","url_meta":{"origin":46267,"position":2},"title":"#NeyDay | Neymar tem Encontro Marcado com Futebol nesta Quarta-feira na Vila","author":"Luiz Ant\u00f4nio Pr\u00f3speri","date":"5 de fevereiro de 2025","format":false,"excerpt":"Luiz Ant\u00f4nio Pr\u00f3speri \u2013 5 fevereiro (09h45) \u2013 NeyDay, Dia de Neymar. Nesta quarta-feira (05\/2) incomum, o jogador veste a emblem\u00e1tica camisa 10 branca e, a partir das 21h35, entra no campo da Vila Belmiro para refazer sua vida no futebol e celebrar o anivers\u00e1rio de seus 33 anos de\u2026","rel":"","context":"Em &quot;futebol&quot;","block_context":{"text":"futebol","link":"https:\/\/blogdoprosperi.com\/?cat=53870"},"img":{"alt_text":"Neymar Day","src":"https:\/\/i0.wp.com\/blogdoprosperi.com\/wp-content\/uploads\/2025\/02\/captura-de-tela-2025-02-05-as-09.50.42.png?fit=1200%2C685&ssl=1&resize=350%2C200","width":350,"height":200,"srcset":"https:\/\/i0.wp.com\/blogdoprosperi.com\/wp-content\/uploads\/2025\/02\/captura-de-tela-2025-02-05-as-09.50.42.png?fit=1200%2C685&ssl=1&resize=350%2C200 1x, https:\/\/i0.wp.com\/blogdoprosperi.com\/wp-content\/uploads\/2025\/02\/captura-de-tela-2025-02-05-as-09.50.42.png?fit=1200%2C685&ssl=1&resize=525%2C300 1.5x, https:\/\/i0.wp.com\/blogdoprosperi.com\/wp-content\/uploads\/2025\/02\/captura-de-tela-2025-02-05-as-09.50.42.png?fit=1200%2C685&ssl=1&resize=700%2C400 2x, https:\/\/i0.wp.com\/blogdoprosperi.com\/wp-content\/uploads\/2025\/02\/captura-de-tela-2025-02-05-as-09.50.42.png?fit=1200%2C685&ssl=1&resize=1050%2C600 3x"},"classes":[]},{"id":50533,"url":"https:\/\/blogdoprosperi.com\/?p=50533","url_meta":{"origin":46267,"position":3},"title":"Neymar Deixa Santos na M\u00e3o","author":"Luiz Ant\u00f4nio Pr\u00f3speri","date":"1 de junho de 2025","format":false,"excerpt":"Luiz Ant\u00f4nio Pr\u00f3speri \u2013 1 junho (18h35) \u2013 Neymar tem tanta sede por um gol que n\u00e3o pensa duas vezes e manda a bola \u00e0 rede com a m\u00e3o direita. Gol de m\u00e3o n\u00e3o vale, a n\u00e3o ser que voc\u00ea seja Diego Maradona. \u00c1rbitro percebe a maracutaia do craque, n\u00e3o\u2026","rel":"","context":"Em &quot;futebol&quot;","block_context":{"text":"futebol","link":"https:\/\/blogdoprosperi.com\/?cat=53870"},"img":{"alt_text":"Neymar deixa Santos na m\u00e3o","src":"https:\/\/i0.wp.com\/blogdoprosperi.com\/wp-content\/uploads\/2025\/06\/captura-de-tela-2025-06-01-as-18.38.58.png?fit=1060%2C788&ssl=1&resize=350%2C200","width":350,"height":200,"srcset":"https:\/\/i0.wp.com\/blogdoprosperi.com\/wp-content\/uploads\/2025\/06\/captura-de-tela-2025-06-01-as-18.38.58.png?fit=1060%2C788&ssl=1&resize=350%2C200 1x, https:\/\/i0.wp.com\/blogdoprosperi.com\/wp-content\/uploads\/2025\/06\/captura-de-tela-2025-06-01-as-18.38.58.png?fit=1060%2C788&ssl=1&resize=525%2C300 1.5x, https:\/\/i0.wp.com\/blogdoprosperi.com\/wp-content\/uploads\/2025\/06\/captura-de-tela-2025-06-01-as-18.38.58.png?fit=1060%2C788&ssl=1&resize=700%2C400 2x, https:\/\/i0.wp.com\/blogdoprosperi.com\/wp-content\/uploads\/2025\/06\/captura-de-tela-2025-06-01-as-18.38.58.png?fit=1060%2C788&ssl=1&resize=1050%2C600 3x"},"classes":[]},{"id":47724,"url":"https:\/\/blogdoprosperi.com\/?p=47724","url_meta":{"origin":46267,"position":4},"title":"Neymar Est\u00e1 Entre N\u00f3s | O Que Esperar do Craque ?","author":"Luiz Ant\u00f4nio Pr\u00f3speri","date":"31 de janeiro de 2025","format":false,"excerpt":"Luiz Ant\u00f4nio Pr\u00f3speri \u2013 31 janeiro (12h10) \u2013 Neymar est\u00e1 entre n\u00f3s desde a manh\u00e3 desta sexta-feira (31\/1) ao desembarcar do voo de pouco menos de 20h, entre Riad e S\u00e3o Paulo a bordo de um jato fretado \u2013 voo mais acompanhado do mundo com m\u00e9dia de 33 mil pessoas\u2026","rel":"","context":"Em &quot;futebol&quot;","block_context":{"text":"futebol","link":"https:\/\/blogdoprosperi.com\/?cat=53870"},"img":{"alt_text":"","src":"https:\/\/i0.wp.com\/blogdoprosperi.com\/wp-content\/uploads\/2025\/01\/captura-de-tela-2025-01-31-as-12.05.39.png?fit=1142%2C772&ssl=1&resize=350%2C200","width":350,"height":200,"srcset":"https:\/\/i0.wp.com\/blogdoprosperi.com\/wp-content\/uploads\/2025\/01\/captura-de-tela-2025-01-31-as-12.05.39.png?fit=1142%2C772&ssl=1&resize=350%2C200 1x, https:\/\/i0.wp.com\/blogdoprosperi.com\/wp-content\/uploads\/2025\/01\/captura-de-tela-2025-01-31-as-12.05.39.png?fit=1142%2C772&ssl=1&resize=525%2C300 1.5x, https:\/\/i0.wp.com\/blogdoprosperi.com\/wp-content\/uploads\/2025\/01\/captura-de-tela-2025-01-31-as-12.05.39.png?fit=1142%2C772&ssl=1&resize=700%2C400 2x, https:\/\/i0.wp.com\/blogdoprosperi.com\/wp-content\/uploads\/2025\/01\/captura-de-tela-2025-01-31-as-12.05.39.png?fit=1142%2C772&ssl=1&resize=1050%2C600 3x"},"classes":[]},{"id":47698,"url":"https:\/\/blogdoprosperi.com\/?p=47698","url_meta":{"origin":46267,"position":5},"title":"Neymar Anuncia Volta ao Santos | &#8220;S\u00f3 Jogando Futebol \u00c9 Que Sou Feliz&#8221;","author":"Luiz Ant\u00f4nio Pr\u00f3speri","date":"30 de janeiro de 2025","format":false,"excerpt":"Neymar anuncia sua volta ao Santos em v\u00eddeo produzido em Riad, Ar\u00e1bia Saudita. Jogador retorna ao Brasil a tempo de se apresentar na Vila Belmiro com a camisa 10 do Santos ainda nesta sexta-feria (31\/1). https:\/\/www.instagram.com\/reel\/DFddszsy_9k\/?utm_source=ig_web_copy_link&igsh=MzRlODBiNWFlZA==","rel":"","context":"Em &quot;futebol&quot;","block_context":{"text":"futebol","link":"https:\/\/blogdoprosperi.com\/?cat=53870"},"img":{"alt_text":"","src":"https:\/\/i0.wp.com\/blogdoprosperi.com\/wp-content\/uploads\/2019\/04\/neymar-agride-torcedor.jpg?fit=1200%2C676&ssl=1&resize=350%2C200","width":350,"height":200,"srcset":"https:\/\/i0.wp.com\/blogdoprosperi.com\/wp-content\/uploads\/2019\/04\/neymar-agride-torcedor.jpg?fit=1200%2C676&ssl=1&resize=350%2C200 1x, https:\/\/i0.wp.com\/blogdoprosperi.com\/wp-content\/uploads\/2019\/04\/neymar-agride-torcedor.jpg?fit=1200%2C676&ssl=1&resize=525%2C300 1.5x, https:\/\/i0.wp.com\/blogdoprosperi.com\/wp-content\/uploads\/2019\/04\/neymar-agride-torcedor.jpg?fit=1200%2C676&ssl=1&resize=700%2C400 2x, https:\/\/i0.wp.com\/blogdoprosperi.com\/wp-content\/uploads\/2019\/04\/neymar-agride-torcedor.jpg?fit=1200%2C676&ssl=1&resize=1050%2C600 3x"},"classes":[]}],"jetpack_featured_media_url":"https:\/\/i0.wp.com\/blogdoprosperi.com\/wp-content\/uploads\/2024\/11\/gckcsztwaaa9o5s.jpeg?fit=852%2C682&ssl=1","_links":{"self":[{"href":"https:\/\/blogdoprosperi.com\/index.php?rest_route=\/wp\/v2\/posts\/46267","targetHints":{"allow":["GET"]}}],"collection":[{"href":"https:\/\/blogdoprosperi.com\/index.php?rest_route=\/wp\/v2\/posts"}],"about":[{"href":"https:\/\/blogdoprosperi.com\/index.php?rest_route=\/wp\/v2\/types\/post"}],"author":[{"embeddable":true,"href":"https:\/\/blogdoprosperi.com\/index.php?rest_route=\/wp\/v2\/users\/102107496"}],"replies":[{"embeddable":true,"href":"https:\/\/blogdoprosperi.com\/index.php?rest_route=%2Fwp%2Fv2%2Fcomments&post=46267"}],"version-history":[{"count":18,"href":"https:\/\/blogdoprosperi.com\/index.php?rest_route=\/wp\/v2\/posts\/46267\/revisions"}],"predecessor-version":[{"id":46290,"href":"https:\/\/blogdoprosperi.com\/index.php?rest_route=\/wp\/v2\/posts\/46267\/revisions\/46290"}],"wp:featuredmedia":[{"embeddable":true,"href":"https:\/\/blogdoprosperi.com\/index.php?rest_route=\/wp\/v2\/media\/46280"}],"wp:attachment":[{"href":"https:\/\/blogdoprosperi.com\/index.php?rest_route=%2Fwp%2Fv2%2Fmedia&parent=46267"}],"wp:term":[{"taxonomy":"category","embeddable":true,"href":"https:\/\/blogdoprosperi.com\/index.php?rest_route=%2Fwp%2Fv2%2Fcategories&post=46267"},{"taxonomy":"post_tag","embeddable":true,"href":"https:\/\/blogdoprosperi.com\/index.php?rest_route=%2Fwp%2Fv2%2Ftags&post=46267"}],"curies":[{"name":"wp","href":"https:\/\/api.w.org\/{rel}","templated":true}]}}