{"id":46394,"date":"2024-11-17T19:33:13","date_gmt":"2024-11-17T22:33:13","guid":{"rendered":"https:\/\/blogdoprosperi.com\/?p=46394"},"modified":"2024-11-18T13:46:34","modified_gmt":"2024-11-18T16:46:34","slug":"santos-campeao-e-campinas-chora-por-guarani-e-ponte-preta","status":"publish","type":"post","link":"https:\/\/blogdoprosperi.com\/?p=46394","title":{"rendered":"Santos campe\u00e3o com vaias e Campinas chora por Guarani e Ponte Preta"},"content":{"rendered":"<p><em>Luiz Ant\u00f4nio Pr\u00f3speri \u2013 17 novembro (19h25) \u2013<\/em><\/p>\n<p>Santos perde do CRB na festa da ta\u00e7a de campe\u00e3o da S\u00e9rie B do Brasileiro. Derrota santista afunda Ponte Preta \u00e0 S\u00e9rie C, conhecida Terceira Divis\u00e3o, agora de m\u00e3os dadas ao j\u00e1 rebaixado Guarani. \u00c9 a decad\u00eancia do futebol de Campinas, antes pot\u00eancia e fonte valiosa de jogadores com a patente de craque. Ponte e Guarani mergulhados no abismo. Santos no alto da montanha, apesar de ser vaiado por sua torcida na cerim\u00f4nia de entrega da ta\u00e7a na Vila Belmiro, nesse domingo (17\/11). S\u00f3 Neymar salva?<\/p>\n<p>N\u00e3o \u00e9 dif\u00edcil entender as vaias. Duro \u00e9 aceitar, dizem jogadores, t\u00e9cnico Fabio Carille e at\u00e9 o presidente Marcelo Teixeira. Ao fim de 38 rodadas da S\u00e9rie B, Santos cumpre com sua obriga\u00e7\u00e3o. Volta \u00e0 S\u00e9rie A, conquista o t\u00edtulo indesejado e projeta 2025 como um renascimento.<\/p>\n<p>Renascer com a hist\u00f3ria do clube passa por Neymar. Seria assim um messias dos novos tempos na Baixada Santista.<\/p>\n<p>N\u00e3o por acaso, Marcelo Teixeira tem <span><strong><a style=\"color: #0000ff\" href=\"https:\/\/blogdoprosperi.com\/2024\/11\/14\/https-blogdoprosperi-com-2024-11-14-neymar-gabigol-santos-tem-um-sonho\/\">reuni\u00e3o agendada com Neymar Pai<\/a><\/strong><\/span><span><strong> <\/strong><\/span>nessa semana. Resgate de Neymar, como esse blog<strong><em> Pr\u00f3speri News<\/em><\/strong> adiantou, obriga o clube a virar SAF (Sociedade An\u00f4nima de Futebol) e a fam\u00edlia Neymar com as r\u00e9deas nas m\u00e3os. \u00c9 o caminho.<\/p>\n<p>Com ou sem Neymar, Santos precisa de refazer o time montado para S\u00e9rie B. Muito do futuro passa tamb\u00e9m pela perman\u00eancia ou n\u00e3o do t\u00e9cnico Fabio Carille, excomungado sem muita raz\u00e3o pela maioria da torcida.<\/p>\n<p>A onda agora \u00e9 do presidente Marcelo Teixeira.<\/p>\n<p>Enquanto a cidade de Santos sonha com novos dias, Campinas chora. Guarani e Ponte Preta, se arrastando nas \u00faltimas d\u00e9cadas com gest\u00f5es incompetentes e pol\u00edticas, chegam ao fundo do po\u00e7o. E as not\u00edcias que chegam de l\u00e1 n\u00e3o animam nem o mais fan\u00e1tico dos torcedores desses dois clubes hist\u00f3ricos do futebol brasileiro.<\/p>\n<p>Triste. Simples assim.<\/p>\n<figure id=\"attachment_46400\" aria-describedby=\"caption-attachment-46400\" style=\"width: 518px\" class=\"wp-caption alignnone\"><img data-recalc-dims=\"1\" loading=\"lazy\" decoding=\"async\" data-attachment-id=\"46400\" data-permalink=\"https:\/\/blogdoprosperi.com\/?attachment_id=46400\" data-orig-file=\"https:\/\/i0.wp.com\/blogdoprosperi.com\/wp-content\/uploads\/2024\/11\/9939ddea0eb3fbf3a145a8a055ef6372.jpg?fit=756%2C693&amp;ssl=1\" data-orig-size=\"756,693\" data-comments-opened=\"1\" data-image-meta=\"{&quot;aperture&quot;:&quot;0&quot;,&quot;credit&quot;:&quot;&quot;,&quot;camera&quot;:&quot;&quot;,&quot;caption&quot;:&quot;&quot;,&quot;created_timestamp&quot;:&quot;0&quot;,&quot;copyright&quot;:&quot;&quot;,&quot;focal_length&quot;:&quot;0&quot;,&quot;iso&quot;:&quot;0&quot;,&quot;shutter_speed&quot;:&quot;0&quot;,&quot;title&quot;:&quot;&quot;,&quot;orientation&quot;:&quot;0&quot;}\" data-image-title=\"Guarani e Ponte Preta\" data-image-description=\"\" data-image-caption=\"&lt;p&gt;Em p\u00e9: Carlos, Oscar, Mauro, Polozzi, Z\u00e9 Carlos e Odirlei. Agachados: L\u00facio, Renato, Careca, Zenon e Tuta. &amp;#8211; foto: riproduco revista Placar&lt;\/p&gt;\n\" data-large-file=\"https:\/\/i0.wp.com\/blogdoprosperi.com\/wp-content\/uploads\/2024\/11\/9939ddea0eb3fbf3a145a8a055ef6372.jpg?fit=756%2C693&amp;ssl=1\" src=\"https:\/\/i0.wp.com\/blogdoprosperi.com\/wp-content\/uploads\/2024\/11\/9939ddea0eb3fbf3a145a8a055ef6372.jpg?resize=518%2C475&#038;ssl=1\" class=\"wp-image-46400\" alt=\"Campinas chora Guarani e Ponte Preta\" width=\"518\" height=\"475\"><figcaption id=\"caption-attachment-46400\" class=\"wp-caption-text\"><em>Em p\u00e9: Carlos, Oscar, Mauro, Polozzi, Z\u00e9 Carlos e Odirlei. Agachados: L\u00facio, Renato, Careca, Zenon e Tuta. &#8211; foto: reprodu\u00e7\u00e3o revista Placar<\/em><\/figcaption><\/figure>\n","protected":false},"excerpt":{"rendered":"<p>Luiz Ant\u00f4nio Pr\u00f3speri \u2013 17 novembro (19h25) \u2013 Santos perde do CRB na festa da ta\u00e7a de campe\u00e3o [&hellip;]<\/p>\n","protected":false},"author":102107496,"featured_media":46401,"comment_status":"open","ping_status":"open","sticky":false,"template":"","format":"standard","meta":{"_coblocks_attr":"","_coblocks_dimensions":"","_coblocks_responsive_height":"","_coblocks_accordion_ie_support":"","_jetpack_newsletter_access":"","_jetpack_dont_email_post_to_subs":false,"_jetpack_newsletter_tier_id":0,"_jetpack_memberships_contains_paywalled_content":false,"_wpcom_ai_launchpad_first_post":false,"_jetpack_feature_clip_id":0,"_jetpack_memberships_contains_paid_content":false,"footnotes":"","jetpack_publicize_message":"","jetpack_publicize_feature_enabled":true,"jetpack_social_post_already_shared":false,"jetpack_social_options":{"image_generator_settings":{"template":"highway","default_image_id":0,"font":"","enabled":false},"version":2},"jetpack_post_was_ever_published":false},"categories":[53870,3919],"tags":[10668348,44145107,789560560,1017457,789560573,2677362,4112146,2089597,9520689,2588859,76287,76288],"class_list":["post-46394","post","type-post","status-publish","format-standard","has-post-thumbnail","hentry","category-futebol","category-opiniao","tag-0000ff","tag-fabio-carille","tag-futebol","tag-guarani","tag-luiz-antonio-prosperi","tag-marcelo-teixeira","tag-neymar","tag-ponte-preta","tag-santos-campeao","tag-santos-fc","tag-serie-b","tag-serie-c"],"yoast_head":"<!-- This site is optimized with the Yoast SEO plugin v28.3 - https:\/\/yoast.com\/product\/yoast-seo-wordpress\/ -->\n<title>Santos campe\u00e3o com vaias e Campinas chora por Guarani e Ponte Preta - PR\u00d3SPERI NEWS<\/title>\n<meta name=\"robots\" content=\"index, follow, max-snippet:-1, max-image-preview:large, max-video-preview:-1\" \/>\n<link rel=\"canonical\" href=\"https:\/\/blogdoprosperi.com\/?p=46394\" \/>\n<meta property=\"og:locale\" content=\"pt_BR\" \/>\n<meta property=\"og:type\" content=\"article\" \/>\n<meta property=\"og:title\" content=\"Santos campe\u00e3o com vaias e Campinas chora por Guarani e Ponte Preta - PR\u00d3SPERI NEWS\" \/>\n<meta property=\"og:description\" content=\"Luiz Ant\u00f4nio Pr\u00f3speri \u2013 17 novembro (19h25) \u2013 Santos perde do CRB na festa da ta\u00e7a de campe\u00e3o [&hellip;]\" \/>\n<meta property=\"og:url\" content=\"https:\/\/blogdoprosperi.com\/?p=46394\" \/>\n<meta property=\"og:site_name\" content=\"PR\u00d3SPERI NEWS\" \/>\n<meta property=\"article:publisher\" content=\"Luiz Pr\u00f3speri\" \/>\n<meta property=\"article:author\" content=\"Luiz Pr\u00f3speri\" \/>\n<meta property=\"article:published_time\" content=\"2024-11-17T22:33:13+00:00\" \/>\n<meta property=\"article:modified_time\" content=\"2024-11-18T16:46:34+00:00\" \/>\n<meta property=\"og:image\" content=\"https:\/\/i0.wp.com\/blogdoprosperi.com\/wp-content\/uploads\/2024\/11\/54146882298_67ab0348f2_c.jpg?fit=640%2C800&ssl=1\" \/>\n\t<meta property=\"og:image:width\" content=\"640\" \/>\n\t<meta property=\"og:image:height\" content=\"800\" \/>\n\t<meta property=\"og:image:type\" content=\"image\/jpeg\" \/>\n<meta name=\"author\" content=\"Luiz Ant\u00f4nio Pr\u00f3speri\" \/>\n<meta name=\"twitter:card\" content=\"summary_large_image\" \/>\n<meta name=\"twitter:creator\" content=\"@Luizprosperi\" \/>\n<meta name=\"twitter:site\" content=\"@Luizprosperi\" \/>\n<meta name=\"twitter:label1\" content=\"Escrito por\" \/>\n\t<meta name=\"twitter:data1\" content=\"Luiz Ant\u00f4nio Pr\u00f3speri\" \/>\n\t<meta name=\"twitter:label2\" content=\"Est. tempo de leitura\" \/>\n\t<meta name=\"twitter:data2\" content=\"2 minutos\" \/>\n<script type=\"application\/ld+json\" class=\"yoast-schema-graph\">{\"@context\":\"https:\\\/\\\/schema.org\",\"@graph\":[{\"@type\":\"Article\",\"@id\":\"https:\\\/\\\/blogdoprosperi.com\\\/?p=46394#article\",\"isPartOf\":{\"@id\":\"https:\\\/\\\/blogdoprosperi.com\\\/?p=46394\"},\"author\":{\"name\":\"Luiz Ant\u00f4nio Pr\u00f3speri\",\"@id\":\"https:\\\/\\\/blogdoprosperi.com\\\/#\\\/schema\\\/person\\\/38100755ce3601861ee4fab9b5aa78e9\"},\"headline\":\"Santos campe\u00e3o com vaias e Campinas chora por Guarani e Ponte Preta\",\"datePublished\":\"2024-11-17T22:33:13+00:00\",\"dateModified\":\"2024-11-18T16:46:34+00:00\",\"mainEntityOfPage\":{\"@id\":\"https:\\\/\\\/blogdoprosperi.com\\\/?p=46394\"},\"wordCount\":382,\"commentCount\":1,\"publisher\":{\"@id\":\"https:\\\/\\\/blogdoprosperi.com\\\/#\\\/schema\\\/person\\\/38100755ce3601861ee4fab9b5aa78e9\"},\"image\":{\"@id\":\"https:\\\/\\\/blogdoprosperi.com\\\/?p=46394#primaryimage\"},\"thumbnailUrl\":\"https:\\\/\\\/i0.wp.com\\\/blogdoprosperi.com\\\/wp-content\\\/uploads\\\/2024\\\/11\\\/54146882298_67ab0348f2_c.jpg?fit=640%2C800&ssl=1\",\"keywords\":[\"0000ff\",\"Fabio Carille\",\"futebol\",\"guarani\",\"Luiz Ant\u00f4nio Pr\u00f3speri\",\"marcelo teixeira\",\"Neymar\",\"Ponte Preta\",\"santos campe\u00e3o\",\"Santos FC\",\"s\u00e9rie b\",\"s\u00e9rie c\"],\"articleSection\":[\"futebol\",\"opini\u00e3o\"],\"inLanguage\":\"pt-BR\",\"potentialAction\":[{\"@type\":\"CommentAction\",\"name\":\"Comment\",\"target\":[\"https:\\\/\\\/blogdoprosperi.com\\\/?p=46394#respond\"]}]},{\"@type\":\"WebPage\",\"@id\":\"https:\\\/\\\/blogdoprosperi.com\\\/?p=46394\",\"url\":\"https:\\\/\\\/blogdoprosperi.com\\\/?p=46394\",\"name\":\"Santos campe\u00e3o com vaias e Campinas chora por Guarani e Ponte Preta - PR\u00d3SPERI NEWS\",\"isPartOf\":{\"@id\":\"https:\\\/\\\/blogdoprosperi.com\\\/#website\"},\"primaryImageOfPage\":{\"@id\":\"https:\\\/\\\/blogdoprosperi.com\\\/?p=46394#primaryimage\"},\"image\":{\"@id\":\"https:\\\/\\\/blogdoprosperi.com\\\/?p=46394#primaryimage\"},\"thumbnailUrl\":\"https:\\\/\\\/i0.wp.com\\\/blogdoprosperi.com\\\/wp-content\\\/uploads\\\/2024\\\/11\\\/54146882298_67ab0348f2_c.jpg?fit=640%2C800&ssl=1\",\"datePublished\":\"2024-11-17T22:33:13+00:00\",\"dateModified\":\"2024-11-18T16:46:34+00:00\",\"breadcrumb\":{\"@id\":\"https:\\\/\\\/blogdoprosperi.com\\\/?p=46394#breadcrumb\"},\"inLanguage\":\"pt-BR\",\"potentialAction\":[{\"@type\":\"ReadAction\",\"target\":[\"https:\\\/\\\/blogdoprosperi.com\\\/?p=46394\"]}]},{\"@type\":\"ImageObject\",\"inLanguage\":\"pt-BR\",\"@id\":\"https:\\\/\\\/blogdoprosperi.com\\\/?p=46394#primaryimage\",\"url\":\"https:\\\/\\\/i0.wp.com\\\/blogdoprosperi.com\\\/wp-content\\\/uploads\\\/2024\\\/11\\\/54146882298_67ab0348f2_c.jpg?fit=640%2C800&ssl=1\",\"contentUrl\":\"https:\\\/\\\/i0.wp.com\\\/blogdoprosperi.com\\\/wp-content\\\/uploads\\\/2024\\\/11\\\/54146882298_67ab0348f2_c.jpg?fit=640%2C800&ssl=1\",\"width\":640,\"height\":800,\"caption\":\"Pituca na homenagem a Pel\u00e9, camisa 10 voltou \u2013 foto: Santos FC oficial\"},{\"@type\":\"BreadcrumbList\",\"@id\":\"https:\\\/\\\/blogdoprosperi.com\\\/?p=46394#breadcrumb\",\"itemListElement\":[{\"@type\":\"ListItem\",\"position\":1,\"name\":\"In\u00edcio\",\"item\":\"https:\\\/\\\/blogdoprosperi.com\\\/\"},{\"@type\":\"ListItem\",\"position\":2,\"name\":\"Santos campe\u00e3o com vaias e Campinas chora por Guarani e Ponte Preta\"}]},{\"@type\":\"WebSite\",\"@id\":\"https:\\\/\\\/blogdoprosperi.com\\\/#website\",\"url\":\"https:\\\/\\\/blogdoprosperi.com\\\/\",\"name\":\"PR\u00d3SPERI NEWS\",\"description\":\"TUDO \u00c9  FUTEBOL\",\"publisher\":{\"@id\":\"https:\\\/\\\/blogdoprosperi.com\\\/#\\\/schema\\\/person\\\/38100755ce3601861ee4fab9b5aa78e9\"},\"alternateName\":\"blogdoprosperi.com\",\"potentialAction\":[{\"@type\":\"SearchAction\",\"target\":{\"@type\":\"EntryPoint\",\"urlTemplate\":\"https:\\\/\\\/blogdoprosperi.com\\\/?s={search_term_string}\"},\"query-input\":{\"@type\":\"PropertyValueSpecification\",\"valueRequired\":true,\"valueName\":\"search_term_string\"}}],\"inLanguage\":\"pt-BR\"},{\"@type\":[\"Person\",\"Organization\"],\"@id\":\"https:\\\/\\\/blogdoprosperi.com\\\/#\\\/schema\\\/person\\\/38100755ce3601861ee4fab9b5aa78e9\",\"name\":\"Luiz Ant\u00f4nio Pr\u00f3speri\",\"pronouns\":\"ele\",\"image\":{\"@type\":\"ImageObject\",\"inLanguage\":\"pt-BR\",\"@id\":\"https:\\\/\\\/i0.wp.com\\\/blogdoprosperi.com\\\/wp-content\\\/uploads\\\/2026\\\/05\\\/cropped-8059e613-6002-42fa-961e-8e275f575d71-2-5.jpg?fit=1360%2C931&ssl=1\",\"url\":\"https:\\\/\\\/i0.wp.com\\\/blogdoprosperi.com\\\/wp-content\\\/uploads\\\/2026\\\/05\\\/cropped-8059e613-6002-42fa-961e-8e275f575d71-2-5.jpg?fit=1360%2C931&ssl=1\",\"contentUrl\":\"https:\\\/\\\/i0.wp.com\\\/blogdoprosperi.com\\\/wp-content\\\/uploads\\\/2026\\\/05\\\/cropped-8059e613-6002-42fa-961e-8e275f575d71-2-5.jpg?fit=1360%2C931&ssl=1\",\"width\":1360,\"height\":931,\"caption\":\"Luiz Ant\u00f4nio Pr\u00f3speri\"},\"logo\":{\"@id\":\"https:\\\/\\\/i0.wp.com\\\/blogdoprosperi.com\\\/wp-content\\\/uploads\\\/2026\\\/05\\\/cropped-8059e613-6002-42fa-961e-8e275f575d71-2-5.jpg?fit=1360%2C931&ssl=1\"},\"description\":\"Jornalista com carreira dedicada ao esporte. Cobriu 9 Copas do Mundo in loco, 1990 na It\u00e1lia, 1994 nos EUA, 1998 na Fran\u00e7a, 2002 na Coreia do Sul e Jap\u00e3o, 2006 na Alemanha, 2010 na \u00c1frica do Sul, 2014 no Brasil, 2018 na R\u00fassia e 2022 no Qatar. Eurocopas, 1992 na Su\u00e9cia e 1996 na Inglaterra. Copa das Confedera\u00e7\u00f5es de 2005 na Alemanha e 2009 na \u00c1frica do Sul. Rep\u00f3rter e Editor, trabalhou no Jornal da Tarde e Estad\u00e3o, de 1984 a fevereiro de 2016. Colunista, blogueiro. E comentarista de futebol na R\u00e1dio Estad\u00e3o, de 2013 a fevereiro de 2016. Jornalista respons\u00e1vel do \\\"Pr\u00f3speri News\\\" (blogdoprosperi.com).\",\"sameAs\":[\"http:\\\/\\\/blogdoprosperi.com\",\"Luiz Pr\u00f3speri\",\"@luiz_prosperi\",\"https:\\\/\\\/x.com\\\/Luizprosperi\",\"@prosperinacopa\",\"luiz.prosperi@icloud.com\"],\"url\":\"https:\\\/\\\/blogdoprosperi.com\\\/?author=102107496\"}]}<\/script>\n<!-- \/ Yoast SEO plugin. -->","yoast_head_json":{"title":"Santos campe\u00e3o com vaias e Campinas chora por Guarani e Ponte Preta - PR\u00d3SPERI NEWS","robots":{"index":"index","follow":"follow","max-snippet":"max-snippet:-1","max-image-preview":"max-image-preview:large","max-video-preview":"max-video-preview:-1"},"canonical":"https:\/\/blogdoprosperi.com\/?p=46394","og_locale":"pt_BR","og_type":"article","og_title":"Santos campe\u00e3o com vaias e Campinas chora por Guarani e Ponte Preta - PR\u00d3SPERI NEWS","og_description":"Luiz Ant\u00f4nio Pr\u00f3speri \u2013 17 novembro (19h25) \u2013 Santos perde do CRB na festa da ta\u00e7a de campe\u00e3o [&hellip;]","og_url":"https:\/\/blogdoprosperi.com\/?p=46394","og_site_name":"PR\u00d3SPERI NEWS","article_publisher":"Luiz Pr\u00f3speri","article_author":"Luiz Pr\u00f3speri","article_published_time":"2024-11-17T22:33:13+00:00","article_modified_time":"2024-11-18T16:46:34+00:00","og_image":[{"width":640,"height":800,"url":"https:\/\/i0.wp.com\/blogdoprosperi.com\/wp-content\/uploads\/2024\/11\/54146882298_67ab0348f2_c.jpg?fit=640%2C800&ssl=1","type":"image\/jpeg"}],"author":"Luiz Ant\u00f4nio Pr\u00f3speri","twitter_card":"summary_large_image","twitter_creator":"@Luizprosperi","twitter_site":"@Luizprosperi","twitter_misc":{"Escrito por":"Luiz Ant\u00f4nio Pr\u00f3speri","Est. tempo de leitura":"2 minutos"},"schema":{"@context":"https:\/\/schema.org","@graph":[{"@type":"Article","@id":"https:\/\/blogdoprosperi.com\/?p=46394#article","isPartOf":{"@id":"https:\/\/blogdoprosperi.com\/?p=46394"},"author":{"name":"Luiz Ant\u00f4nio Pr\u00f3speri","@id":"https:\/\/blogdoprosperi.com\/#\/schema\/person\/38100755ce3601861ee4fab9b5aa78e9"},"headline":"Santos campe\u00e3o com vaias e Campinas chora por Guarani e Ponte Preta","datePublished":"2024-11-17T22:33:13+00:00","dateModified":"2024-11-18T16:46:34+00:00","mainEntityOfPage":{"@id":"https:\/\/blogdoprosperi.com\/?p=46394"},"wordCount":382,"commentCount":1,"publisher":{"@id":"https:\/\/blogdoprosperi.com\/#\/schema\/person\/38100755ce3601861ee4fab9b5aa78e9"},"image":{"@id":"https:\/\/blogdoprosperi.com\/?p=46394#primaryimage"},"thumbnailUrl":"https:\/\/i0.wp.com\/blogdoprosperi.com\/wp-content\/uploads\/2024\/11\/54146882298_67ab0348f2_c.jpg?fit=640%2C800&ssl=1","keywords":["0000ff","Fabio Carille","futebol","guarani","Luiz Ant\u00f4nio Pr\u00f3speri","marcelo teixeira","Neymar","Ponte Preta","santos campe\u00e3o","Santos FC","s\u00e9rie b","s\u00e9rie c"],"articleSection":["futebol","opini\u00e3o"],"inLanguage":"pt-BR","potentialAction":[{"@type":"CommentAction","name":"Comment","target":["https:\/\/blogdoprosperi.com\/?p=46394#respond"]}]},{"@type":"WebPage","@id":"https:\/\/blogdoprosperi.com\/?p=46394","url":"https:\/\/blogdoprosperi.com\/?p=46394","name":"Santos campe\u00e3o com vaias e Campinas chora por Guarani e Ponte Preta - PR\u00d3SPERI NEWS","isPartOf":{"@id":"https:\/\/blogdoprosperi.com\/#website"},"primaryImageOfPage":{"@id":"https:\/\/blogdoprosperi.com\/?p=46394#primaryimage"},"image":{"@id":"https:\/\/blogdoprosperi.com\/?p=46394#primaryimage"},"thumbnailUrl":"https:\/\/i0.wp.com\/blogdoprosperi.com\/wp-content\/uploads\/2024\/11\/54146882298_67ab0348f2_c.jpg?fit=640%2C800&ssl=1","datePublished":"2024-11-17T22:33:13+00:00","dateModified":"2024-11-18T16:46:34+00:00","breadcrumb":{"@id":"https:\/\/blogdoprosperi.com\/?p=46394#breadcrumb"},"inLanguage":"pt-BR","potentialAction":[{"@type":"ReadAction","target":["https:\/\/blogdoprosperi.com\/?p=46394"]}]},{"@type":"ImageObject","inLanguage":"pt-BR","@id":"https:\/\/blogdoprosperi.com\/?p=46394#primaryimage","url":"https:\/\/i0.wp.com\/blogdoprosperi.com\/wp-content\/uploads\/2024\/11\/54146882298_67ab0348f2_c.jpg?fit=640%2C800&ssl=1","contentUrl":"https:\/\/i0.wp.com\/blogdoprosperi.com\/wp-content\/uploads\/2024\/11\/54146882298_67ab0348f2_c.jpg?fit=640%2C800&ssl=1","width":640,"height":800,"caption":"Pituca na homenagem a Pel\u00e9, camisa 10 voltou \u2013 foto: Santos FC oficial"},{"@type":"BreadcrumbList","@id":"https:\/\/blogdoprosperi.com\/?p=46394#breadcrumb","itemListElement":[{"@type":"ListItem","position":1,"name":"In\u00edcio","item":"https:\/\/blogdoprosperi.com\/"},{"@type":"ListItem","position":2,"name":"Santos campe\u00e3o com vaias e Campinas chora por Guarani e Ponte Preta"}]},{"@type":"WebSite","@id":"https:\/\/blogdoprosperi.com\/#website","url":"https:\/\/blogdoprosperi.com\/","name":"PR\u00d3SPERI NEWS","description":"TUDO \u00c9  FUTEBOL","publisher":{"@id":"https:\/\/blogdoprosperi.com\/#\/schema\/person\/38100755ce3601861ee4fab9b5aa78e9"},"alternateName":"blogdoprosperi.com","potentialAction":[{"@type":"SearchAction","target":{"@type":"EntryPoint","urlTemplate":"https:\/\/blogdoprosperi.com\/?s={search_term_string}"},"query-input":{"@type":"PropertyValueSpecification","valueRequired":true,"valueName":"search_term_string"}}],"inLanguage":"pt-BR"},{"@type":["Person","Organization"],"@id":"https:\/\/blogdoprosperi.com\/#\/schema\/person\/38100755ce3601861ee4fab9b5aa78e9","name":"Luiz Ant\u00f4nio Pr\u00f3speri","pronouns":"ele","image":{"@type":"ImageObject","inLanguage":"pt-BR","@id":"https:\/\/i0.wp.com\/blogdoprosperi.com\/wp-content\/uploads\/2026\/05\/cropped-8059e613-6002-42fa-961e-8e275f575d71-2-5.jpg?fit=1360%2C931&ssl=1","url":"https:\/\/i0.wp.com\/blogdoprosperi.com\/wp-content\/uploads\/2026\/05\/cropped-8059e613-6002-42fa-961e-8e275f575d71-2-5.jpg?fit=1360%2C931&ssl=1","contentUrl":"https:\/\/i0.wp.com\/blogdoprosperi.com\/wp-content\/uploads\/2026\/05\/cropped-8059e613-6002-42fa-961e-8e275f575d71-2-5.jpg?fit=1360%2C931&ssl=1","width":1360,"height":931,"caption":"Luiz Ant\u00f4nio Pr\u00f3speri"},"logo":{"@id":"https:\/\/i0.wp.com\/blogdoprosperi.com\/wp-content\/uploads\/2026\/05\/cropped-8059e613-6002-42fa-961e-8e275f575d71-2-5.jpg?fit=1360%2C931&ssl=1"},"description":"Jornalista com carreira dedicada ao esporte. Cobriu 9 Copas do Mundo in loco, 1990 na It\u00e1lia, 1994 nos EUA, 1998 na Fran\u00e7a, 2002 na Coreia do Sul e Jap\u00e3o, 2006 na Alemanha, 2010 na \u00c1frica do Sul, 2014 no Brasil, 2018 na R\u00fassia e 2022 no Qatar. Eurocopas, 1992 na Su\u00e9cia e 1996 na Inglaterra. Copa das Confedera\u00e7\u00f5es de 2005 na Alemanha e 2009 na \u00c1frica do Sul. Rep\u00f3rter e Editor, trabalhou no Jornal da Tarde e Estad\u00e3o, de 1984 a fevereiro de 2016. Colunista, blogueiro. E comentarista de futebol na R\u00e1dio Estad\u00e3o, de 2013 a fevereiro de 2016. Jornalista respons\u00e1vel do \"Pr\u00f3speri News\" (blogdoprosperi.com).","sameAs":["http:\/\/blogdoprosperi.com","Luiz Pr\u00f3speri","@luiz_prosperi","https:\/\/x.com\/Luizprosperi","@prosperinacopa","luiz.prosperi@icloud.com"],"url":"https:\/\/blogdoprosperi.com\/?author=102107496"}]}},"jetpack_publicize_connections":[],"jetpack_likes_enabled":false,"jetpack_sharing_enabled":true,"jetpack_shortlink":"https:\/\/wp.me\/p7jvdk-c4i","jetpack-related-posts":[{"id":30883,"url":"https:\/\/blogdoprosperi.com\/?p=30883","url_meta":{"origin":46394,"position":0},"title":"CBF altera jogo do Santos 24h antes de enfrentar a Ponte Preta e n\u00e3o calcula preju\u00edzos aos dois clubes","author":"Luiz Ant\u00f4nio Pr\u00f3speri","date":"4 de novembro de 2016","format":false,"excerpt":"\u00a0 CBF altera o jogo Ponte Preta x Santos deste s\u00e1bado \u00e0s 21h para domingo \u00e0s 11h no Est\u00e1dio Moises Lucarelli. Mudan\u00e7a de \u00faltima hora atende a um pedido da Pol\u00edcia Militar de Campinas, que n\u00e3o garantiu a seguran\u00e7a do evento. Tudo isso por causa da final da S\u00e9rie C\u2026","rel":"","context":"Em &quot;Campeonato Brasileiro&quot;","block_context":{"text":"Campeonato Brasileiro","link":"https:\/\/blogdoprosperi.com\/?cat=355071"},"img":{"alt_text":"","src":"https:\/\/i0.wp.com\/blogdoprosperi.com\/wp-content\/uploads\/2016\/11\/distc3a2ncia-brinco-moises.jpg?resize=350%2C200&ssl=1","width":350,"height":200,"srcset":"https:\/\/i0.wp.com\/blogdoprosperi.com\/wp-content\/uploads\/2016\/11\/distc3a2ncia-brinco-moises.jpg?resize=350%2C200&ssl=1 1x, https:\/\/i0.wp.com\/blogdoprosperi.com\/wp-content\/uploads\/2016\/11\/distc3a2ncia-brinco-moises.jpg?resize=525%2C300&ssl=1 1.5x, https:\/\/i0.wp.com\/blogdoprosperi.com\/wp-content\/uploads\/2016\/11\/distc3a2ncia-brinco-moises.jpg?resize=700%2C400&ssl=1 2x"},"classes":[]},{"id":31069,"url":"https:\/\/blogdoprosperi.com\/?p=31069","url_meta":{"origin":46394,"position":1},"title":"Santos se reinventa com Dorival J\u00fanior, vira em cima da Ponte e se candidata ao t\u00edtulo do Brasileir\u00e3o","author":"Luiz Ant\u00f4nio Pr\u00f3speri","date":"6 de novembro de 2016","format":false,"excerpt":"Santos pede passagem e manda um duro recado ao l\u00edder Palmeiras. N\u00e3o \u00e9 para menos. Em situa\u00e7\u00e3o desfavor\u00e1vel, quando se viu prejudicado pela CBF ao mudar o jogo com a Ponte Preta, de s\u00e1bado \u00e0 noite para domingo \u00e0s 11h, encarou o time de Campinas e venceu de virada por\u2026","rel":"","context":"Em &quot;futebol&quot;","block_context":{"text":"futebol","link":"https:\/\/blogdoprosperi.com\/?cat=53870"},"img":{"alt_text":"","src":"https:\/\/i0.wp.com\/blogdoprosperi.com\/wp-content\/uploads\/2016\/11\/30515241620_a55780980f_b.jpg?resize=350%2C200&ssl=1","width":350,"height":200,"srcset":"https:\/\/i0.wp.com\/blogdoprosperi.com\/wp-content\/uploads\/2016\/11\/30515241620_a55780980f_b.jpg?resize=350%2C200&ssl=1 1x, https:\/\/i0.wp.com\/blogdoprosperi.com\/wp-content\/uploads\/2016\/11\/30515241620_a55780980f_b.jpg?resize=525%2C300&ssl=1 1.5x, https:\/\/i0.wp.com\/blogdoprosperi.com\/wp-content\/uploads\/2016\/11\/30515241620_a55780980f_b.jpg?resize=700%2C400&ssl=1 2x"},"classes":[]},{"id":46267,"url":"https:\/\/blogdoprosperi.com\/?p=46267","url_meta":{"origin":46394,"position":2},"title":"Santos \u00c9 S\u00e9rie A | Futuro tem Neymar, Novo Est\u00e1dio e SAF","author":"Luiz Ant\u00f4nio Pr\u00f3speri","date":"12 de novembro de 2024","format":false,"excerpt":"Luiz Ant\u00f4nio Pr\u00f3speri \u2013 12 novembro (10h15) \u2013 Otero faz um gol extraordin\u00e1rio em cobran\u00e7a de falta e decreta vit\u00f3ria do Santos por 2 a 0 contra o Coritiba. Gol de S\u00e9rie A. Gol a devolver o Alvinegro ao seleto grupo de clubes da Primeira Divis\u00e3o do futebol brasileiro. Enfim,\u2026","rel":"","context":"Em &quot;futebol&quot;","block_context":{"text":"futebol","link":"https:\/\/blogdoprosperi.com\/?cat=53870"},"img":{"alt_text":"Santos volta \u00e0 S\u00e9rie A","src":"https:\/\/i0.wp.com\/blogdoprosperi.com\/wp-content\/uploads\/2024\/11\/gckcsztwaaa9o5s.jpeg?fit=852%2C682&ssl=1&resize=350%2C200","width":350,"height":200,"srcset":"https:\/\/i0.wp.com\/blogdoprosperi.com\/wp-content\/uploads\/2024\/11\/gckcsztwaaa9o5s.jpeg?fit=852%2C682&ssl=1&resize=350%2C200 1x, https:\/\/i0.wp.com\/blogdoprosperi.com\/wp-content\/uploads\/2024\/11\/gckcsztwaaa9o5s.jpeg?fit=852%2C682&ssl=1&resize=525%2C300 1.5x, https:\/\/i0.wp.com\/blogdoprosperi.com\/wp-content\/uploads\/2024\/11\/gckcsztwaaa9o5s.jpeg?fit=852%2C682&ssl=1&resize=700%2C400 2x"},"classes":[]},{"id":35361,"url":"https:\/\/blogdoprosperi.com\/?p=35361","url_meta":{"origin":46394,"position":3},"title":"Corinthians e Santos, horror e melancolia","author":"Luiz Ant\u00f4nio Pr\u00f3speri","date":"1 de abril de 2017","format":false,"excerpt":"Dif\u00edcil acreditar que o Corinthians deu apenas um chute ao gol do Botafogo de Ribeir\u00e3o Preto. Triste ainda pensar no futebol apagado do derrotado Santos diante da Ponte Preta. Dois grandes com futebol de pequenos na abertura das quartas de final do Paulist\u00e3o neste s\u00e1bado, dia da mentira. No jogo\u2026","rel":"","context":"Em &quot;futebol&quot;","block_context":{"text":"futebol","link":"https:\/\/blogdoprosperi.com\/?cat=53870"},"img":{"alt_text":"","src":"https:\/\/i0.wp.com\/blogdoprosperi.com\/wp-content\/uploads\/2017\/04\/botafogoecorinthians-1024x689.jpg?resize=350%2C200&ssl=1","width":350,"height":200,"srcset":"https:\/\/i0.wp.com\/blogdoprosperi.com\/wp-content\/uploads\/2017\/04\/botafogoecorinthians-1024x689.jpg?resize=350%2C200&ssl=1 1x, https:\/\/i0.wp.com\/blogdoprosperi.com\/wp-content\/uploads\/2017\/04\/botafogoecorinthians-1024x689.jpg?resize=525%2C300&ssl=1 1.5x, https:\/\/i0.wp.com\/blogdoprosperi.com\/wp-content\/uploads\/2017\/04\/botafogoecorinthians-1024x689.jpg?resize=700%2C400&ssl=1 2x"},"classes":[]},{"id":45691,"url":"https:\/\/blogdoprosperi.com\/?p=45691","url_meta":{"origin":46394,"position":4},"title":"Santos FC | A dura vida do torcedor santista","author":"Luiz Ant\u00f4nio Pr\u00f3speri","date":"8 de outubro de 2024","format":false,"excerpt":"Luiz Ant\u00f4nio Pr\u00f3speri \u2013 8 de outubro (11h40) Santos sofre derrota de 3 a 1 do Goi\u00e1s e ao fim do jogo o t\u00e9cnico Fabio Carille diz que vai para casa feliz. Evidente, n\u00e3o por conta do resultado, e, sim, com a certeza de que o time vai voltar \u00e0\u2026","rel":"","context":"Em &quot;futebol&quot;","block_context":{"text":"futebol","link":"https:\/\/blogdoprosperi.com\/?cat=53870"},"img":{"alt_text":"Vida dura do torcedor do Santos","src":"https:\/\/i0.wp.com\/blogdoprosperi.com\/wp-content\/uploads\/2024\/10\/whatsapp-image-2024-10-07-at-21.30.56-scaled-1.jpg?fit=1200%2C960&ssl=1&resize=350%2C200","width":350,"height":200,"srcset":"https:\/\/i0.wp.com\/blogdoprosperi.com\/wp-content\/uploads\/2024\/10\/whatsapp-image-2024-10-07-at-21.30.56-scaled-1.jpg?fit=1200%2C960&ssl=1&resize=350%2C200 1x, https:\/\/i0.wp.com\/blogdoprosperi.com\/wp-content\/uploads\/2024\/10\/whatsapp-image-2024-10-07-at-21.30.56-scaled-1.jpg?fit=1200%2C960&ssl=1&resize=525%2C300 1.5x, https:\/\/i0.wp.com\/blogdoprosperi.com\/wp-content\/uploads\/2024\/10\/whatsapp-image-2024-10-07-at-21.30.56-scaled-1.jpg?fit=1200%2C960&ssl=1&resize=700%2C400 2x, https:\/\/i0.wp.com\/blogdoprosperi.com\/wp-content\/uploads\/2024\/10\/whatsapp-image-2024-10-07-at-21.30.56-scaled-1.jpg?fit=1200%2C960&ssl=1&resize=1050%2C600 3x"},"classes":[]},{"id":7467,"url":"https:\/\/blogdoprosperi.com\/?p=7467","url_meta":{"origin":46394,"position":5},"title":"Corinthians se reconcilia com a vit\u00f3ria no Brasileir\u00e3o e Tite se irrita com vaias a Andr\u00e9","author":"Luiz Ant\u00f4nio Pr\u00f3speri","date":"26 de maio de 2016","format":false,"excerpt":"\u00a0 As mudan\u00e7as de Tite funcionaram na expressiva vit\u00f3ria por 3 a 0 contra a Ponte Preta nesta quinta-feira no Itaquer\u00e3o - o primeiro triunfo do Corinthians em tr\u00eas rodadas do Brasileir\u00e3o. O jogo seria de reconcilia\u00e7\u00e3o plena com a torcida, n\u00e3o fosse a insist\u00eancia das vaias a Andr\u00e9, que\u2026","rel":"","context":"Em &quot;futebol&quot;","block_context":{"text":"futebol","link":"https:\/\/blogdoprosperi.com\/?cat=53870"},"img":{"alt_text":"","src":"https:\/\/i0.wp.com\/blogdoprosperi.com\/wp-content\/uploads\/2016\/05\/622_0c94fa93-8208-32bb-8bc1-70b543733cf0.jpg?resize=350%2C200&ssl=1","width":350,"height":200,"srcset":"https:\/\/i0.wp.com\/blogdoprosperi.com\/wp-content\/uploads\/2016\/05\/622_0c94fa93-8208-32bb-8bc1-70b543733cf0.jpg?resize=350%2C200&ssl=1 1x, https:\/\/i0.wp.com\/blogdoprosperi.com\/wp-content\/uploads\/2016\/05\/622_0c94fa93-8208-32bb-8bc1-70b543733cf0.jpg?resize=525%2C300&ssl=1 1.5x"},"classes":[]}],"jetpack_featured_media_url":"https:\/\/i0.wp.com\/blogdoprosperi.com\/wp-content\/uploads\/2024\/11\/54146882298_67ab0348f2_c.jpg?fit=640%2C800&ssl=1","_links":{"self":[{"href":"https:\/\/blogdoprosperi.com\/index.php?rest_route=\/wp\/v2\/posts\/46394","targetHints":{"allow":["GET"]}}],"collection":[{"href":"https:\/\/blogdoprosperi.com\/index.php?rest_route=\/wp\/v2\/posts"}],"about":[{"href":"https:\/\/blogdoprosperi.com\/index.php?rest_route=\/wp\/v2\/types\/post"}],"author":[{"embeddable":true,"href":"https:\/\/blogdoprosperi.com\/index.php?rest_route=\/wp\/v2\/users\/102107496"}],"replies":[{"embeddable":true,"href":"https:\/\/blogdoprosperi.com\/index.php?rest_route=%2Fwp%2Fv2%2Fcomments&post=46394"}],"version-history":[{"count":10,"href":"https:\/\/blogdoprosperi.com\/index.php?rest_route=\/wp\/v2\/posts\/46394\/revisions"}],"predecessor-version":[{"id":46407,"href":"https:\/\/blogdoprosperi.com\/index.php?rest_route=\/wp\/v2\/posts\/46394\/revisions\/46407"}],"wp:featuredmedia":[{"embeddable":true,"href":"https:\/\/blogdoprosperi.com\/index.php?rest_route=\/wp\/v2\/media\/46401"}],"wp:attachment":[{"href":"https:\/\/blogdoprosperi.com\/index.php?rest_route=%2Fwp%2Fv2%2Fmedia&parent=46394"}],"wp:term":[{"taxonomy":"category","embeddable":true,"href":"https:\/\/blogdoprosperi.com\/index.php?rest_route=%2Fwp%2Fv2%2Fcategories&post=46394"},{"taxonomy":"post_tag","embeddable":true,"href":"https:\/\/blogdoprosperi.com\/index.php?rest_route=%2Fwp%2Fv2%2Ftags&post=46394"}],"curies":[{"name":"wp","href":"https:\/\/api.w.org\/{rel}","templated":true}]}}