{"id":46440,"date":"2024-11-19T23:54:44","date_gmt":"2024-11-20T02:54:44","guid":{"rendered":"https:\/\/blogdoprosperi.com\/?p=46440"},"modified":"2024-11-20T12:57:29","modified_gmt":"2024-11-20T15:57:29","slug":"brasil-1-x-1-uruguai-dorival-ja-pode-pegar-o-bone-e-a-cbf-assumir-a-culpa","status":"publish","type":"post","link":"https:\/\/blogdoprosperi.com\/?p=46440","title":{"rendered":"Brasil 1 x 1 Uruguai | Dorival J\u00e1 Pode Pegar o Bon\u00e9 e a CBF Assumir a Culpa"},"content":{"rendered":"<p><em>Luiz Ant\u00f4nio Pr\u00f3speri \u2013 19 novembro (23h50) \u2013<\/em><\/p>\n<p>Voc\u00ea ficou acordado at\u00e9 o fim do jogo do Brasil contra o Uruguai nessa v\u00e9spera de feriado? Se sim, gostou do que viu? Penso que n\u00e3o. Sele\u00e7\u00e3o Brasileira n\u00e3o agrada a mais ningu\u00e9m. CBF tem culpa nesse processo negativo. Aposta em Dorival J\u00fanior resume os equ\u00edvocos dos equ\u00edvocos. Dorival \u00e9 t\u00e9cnico razo\u00e1vel de clubes. Sele\u00e7\u00e3o se exige algo mais. Brasil empatou o jogo, 1 a 1 em Salvador.<\/p>\n<p>Para se ter ideia do t\u00e9dio, arena Fonte Nova n\u00e3o lotou \u2013 ingressos caros inibiram presen\u00e7a popular. Grupo Olodum, contratado para animar a torcida, deixa est\u00e1dio na metade do segundo tempo. Ningu\u00e9m vai al\u00e9m de um bocejo a empurrar a Sele\u00e7\u00e3o.<\/p>\n<p>Fechamos a temporada na <strong>quinta coloca\u00e7\u00e3o das Eliminat\u00f3rias da Copa do Mundo 2026,<\/strong> atr\u00e1s de Argentina, Col\u00f4mbia, Uruguai e Equador.<\/p>\n<p>Do primeiro tempo arrastado, apostas em individualidades e pouca produ\u00e7\u00e3o coletiva, a Sele\u00e7\u00e3o se transforma no segundo tempo quando <strong>se socorre a cinco pontas no ataque<\/strong>. Isso mesmo, cinco pontas. Confere a\u00ed: Vini Jr, Martinelli, Raphinha, Luiz Henrique e Estev\u00e3o. Nenhum meia de cria\u00e7\u00e3o. Desarruma\u00e7\u00e3o. Desespero.<\/p>\n<p>\u00c9 aquela hist\u00f3ria. Se n\u00e3o temos jogo coletivo, que se aposte no talento de atacantes mesmo que todos eles estejam acostumados a jogar pelas beiradas de campo. Vergonhoso.<\/p>\n<p>Altera\u00e7\u00f5es de um treinador sem vis\u00e3o do que \u00e9 uma Sele\u00e7\u00e3o Brasileira.<\/p>\n<p>E olha que o advers\u00e1rio, mesmo de muita tradi\u00e7\u00e3o no futebol mundial, se arrastava no segundo tempo sem for\u00e7a f\u00edsica para neutralizar o Brasil. Um horror a Sele\u00e7\u00e3o nesse cen\u00e1rio.<\/p>\n<p>Passamos mais de 25 minutos com <strong>Gabriel Martinelli, ponta reserva do Arsenal, trabalhando como um meia na arma\u00e7\u00e3o do Brasil.<\/strong> Ris\u00edvel.<\/p>\n<p>Apenas a cinco minutos do fim do jogo, Dorival resolveu mexer no meio-campo. Tarde demais.<\/p>\n<p>Sele\u00e7\u00e3o Brasileira fecha temporada de cabe\u00e7a baixa. Jogos med\u00edocres. Desperd\u00edcio de jovens talentos. T\u00e9cnico sem lastro para comandar o escrete. Uma pobreza futebol\u00edstica de dar pena.<\/p>\n<p>A conta vai para o presidente da CBF, Ednaldo Rodrigues. Vaias da torcida na Fonte Nova, em Salvador, Bahia, terra de Ednaldo, resumem o fracasso retumbante da gest\u00e3o do presidente da CBF e do t\u00e9cnico Dorival J\u00fanior.<\/p>\n<p>Ednaldo n\u00e3o tem estofo para trocar o comando da Sele\u00e7\u00e3o. Age como um ditador na CBF entendendo que s\u00f3 ele e mais ningu\u00e9m tem a sabedoria para entregar o escrete a quem de direito.<\/p>\n<p>Navegar \u00e9 preciso. Ednaldo n\u00e3o \u00e9 preciso. Dorival n\u00e3o emplaca 2025 no leme da Sele\u00e7\u00e3o Brasileira. &nbsp;T\u00e3o claro como a luz do sol. A conferir.<\/p>\n","protected":false},"excerpt":{"rendered":"<p>Luiz Ant\u00f4nio Pr\u00f3speri \u2013 19 novembro (23h50) \u2013 Voc\u00ea ficou acordado at\u00e9 o fim do jogo do Brasil [&hellip;]<\/p>\n","protected":false},"author":102107496,"featured_media":46448,"comment_status":"open","ping_status":"open","sticky":false,"template":"","format":"standard","meta":{"_coblocks_attr":"","_coblocks_dimensions":"","_coblocks_responsive_height":"","_coblocks_accordion_ie_support":"","_jetpack_newsletter_access":"","_jetpack_dont_email_post_to_subs":false,"_jetpack_newsletter_tier_id":0,"_jetpack_memberships_contains_paywalled_content":false,"_wpcom_ai_launchpad_first_post":false,"_jetpack_feature_clip_id":0,"_jetpack_memberships_contains_paid_content":false,"footnotes":"","jetpack_publicize_message":"","jetpack_publicize_feature_enabled":true,"jetpack_social_post_already_shared":false,"jetpack_social_options":{"image_generator_settings":{"template":"highway","default_image_id":0,"font":"","enabled":false},"version":2},"jetpack_post_was_ever_published":false},"categories":[53870,3919,174694],"tags":[776150671,789560569,776150670,773883589,789560560,316353,789560573,789560562,646227778],"class_list":["post-46440","post","type-post","status-publish","format-standard","has-post-thumbnail","hentry","category-futebol","category-opiniao","category-selecao-brasileira","tag-brasil-1-x-1-uruguai","tag-cbf","tag-dorival-juniuor","tag-eliminatorias-copa-2026","tag-futebol","tag-gerson","tag-luiz-antonio-prosperi","tag-selecao-brasileira","tag-vini-jr"],"yoast_head":"<!-- This site is optimized with the Yoast SEO plugin v28.4 - https:\/\/yoast.com\/product\/yoast-seo-wordpress\/ -->\n<title>Brasil 1 x 1 Uruguai | Dorival J\u00e1 Pode Pegar o Bon\u00e9 e a CBF Assumir a Culpa - PR\u00d3SPERI NEWS<\/title>\n<meta name=\"robots\" content=\"index, follow, max-snippet:-1, max-image-preview:large, max-video-preview:-1\" \/>\n<link rel=\"canonical\" href=\"https:\/\/blogdoprosperi.com\/?p=46440\" \/>\n<meta property=\"og:locale\" content=\"pt_BR\" \/>\n<meta property=\"og:type\" content=\"article\" \/>\n<meta property=\"og:title\" content=\"Brasil 1 x 1 Uruguai | Dorival J\u00e1 Pode Pegar o Bon\u00e9 e a CBF Assumir a Culpa - PR\u00d3SPERI NEWS\" \/>\n<meta property=\"og:description\" content=\"Luiz Ant\u00f4nio Pr\u00f3speri \u2013 19 novembro (23h50) \u2013 Voc\u00ea ficou acordado at\u00e9 o fim do jogo do Brasil [&hellip;]\" \/>\n<meta property=\"og:url\" content=\"https:\/\/blogdoprosperi.com\/?p=46440\" \/>\n<meta property=\"og:site_name\" content=\"PR\u00d3SPERI NEWS\" \/>\n<meta property=\"article:publisher\" content=\"Luiz Pr\u00f3speri\" \/>\n<meta property=\"article:author\" content=\"Luiz Pr\u00f3speri\" \/>\n<meta property=\"article:published_time\" content=\"2024-11-20T02:54:44+00:00\" \/>\n<meta property=\"article:modified_time\" content=\"2024-11-20T15:57:29+00:00\" \/>\n<meta property=\"og:image\" content=\"https:\/\/i0.wp.com\/blogdoprosperi.com\/wp-content\/uploads\/2024\/11\/54152431679_b12f641edf_c.jpg?fit=800%2C516&ssl=1\" \/>\n\t<meta property=\"og:image:width\" content=\"800\" \/>\n\t<meta property=\"og:image:height\" content=\"516\" \/>\n\t<meta property=\"og:image:type\" content=\"image\/jpeg\" \/>\n<meta name=\"author\" content=\"Luiz Ant\u00f4nio Pr\u00f3speri\" \/>\n<meta name=\"twitter:card\" content=\"summary_large_image\" \/>\n<meta name=\"twitter:creator\" content=\"@Luizprosperi\" \/>\n<meta name=\"twitter:site\" content=\"@Luizprosperi\" \/>\n<meta name=\"twitter:label1\" content=\"Escrito por\" \/>\n\t<meta name=\"twitter:data1\" content=\"Luiz Ant\u00f4nio Pr\u00f3speri\" \/>\n\t<meta name=\"twitter:label2\" content=\"Est. tempo de leitura\" \/>\n\t<meta name=\"twitter:data2\" content=\"2 minutos\" \/>\n<script type=\"application\/ld+json\" class=\"yoast-schema-graph\">{\"@context\":\"https:\\\/\\\/schema.org\",\"@graph\":[{\"@type\":\"Article\",\"@id\":\"https:\\\/\\\/blogdoprosperi.com\\\/?p=46440#article\",\"isPartOf\":{\"@id\":\"https:\\\/\\\/blogdoprosperi.com\\\/?p=46440\"},\"author\":{\"name\":\"Luiz Ant\u00f4nio Pr\u00f3speri\",\"@id\":\"https:\\\/\\\/blogdoprosperi.com\\\/#\\\/schema\\\/person\\\/38100755ce3601861ee4fab9b5aa78e9\"},\"headline\":\"Brasil 1 x 1 Uruguai | Dorival J\u00e1 Pode Pegar o Bon\u00e9 e a CBF Assumir a Culpa\",\"datePublished\":\"2024-11-20T02:54:44+00:00\",\"dateModified\":\"2024-11-20T15:57:29+00:00\",\"mainEntityOfPage\":{\"@id\":\"https:\\\/\\\/blogdoprosperi.com\\\/?p=46440\"},\"wordCount\":471,\"commentCount\":0,\"publisher\":{\"@id\":\"https:\\\/\\\/blogdoprosperi.com\\\/#\\\/schema\\\/person\\\/38100755ce3601861ee4fab9b5aa78e9\"},\"image\":{\"@id\":\"https:\\\/\\\/blogdoprosperi.com\\\/?p=46440#primaryimage\"},\"thumbnailUrl\":\"https:\\\/\\\/i0.wp.com\\\/blogdoprosperi.com\\\/wp-content\\\/uploads\\\/2024\\\/11\\\/54152431679_b12f641edf_c.jpg?fit=800%2C516&ssl=1\",\"keywords\":[\"brasil 1 x 1 uruguai\",\"CBF\",\"Dorival juniuor\",\"eliminat\u00f3rias copa 2026\",\"futebol\",\"Gerson\",\"Luiz Ant\u00f4nio Pr\u00f3speri\",\"Sele\u00e7\u00e3o Brasileira\",\"Vini Jr\"],\"articleSection\":[\"futebol\",\"opini\u00e3o\",\"Sele\u00e7\u00e3o Brasileira\"],\"inLanguage\":\"pt-BR\",\"potentialAction\":[{\"@type\":\"CommentAction\",\"name\":\"Comment\",\"target\":[\"https:\\\/\\\/blogdoprosperi.com\\\/?p=46440#respond\"]}]},{\"@type\":\"WebPage\",\"@id\":\"https:\\\/\\\/blogdoprosperi.com\\\/?p=46440\",\"url\":\"https:\\\/\\\/blogdoprosperi.com\\\/?p=46440\",\"name\":\"Brasil 1 x 1 Uruguai | Dorival J\u00e1 Pode Pegar o Bon\u00e9 e a CBF Assumir a Culpa - PR\u00d3SPERI NEWS\",\"isPartOf\":{\"@id\":\"https:\\\/\\\/blogdoprosperi.com\\\/#website\"},\"primaryImageOfPage\":{\"@id\":\"https:\\\/\\\/blogdoprosperi.com\\\/?p=46440#primaryimage\"},\"image\":{\"@id\":\"https:\\\/\\\/blogdoprosperi.com\\\/?p=46440#primaryimage\"},\"thumbnailUrl\":\"https:\\\/\\\/i0.wp.com\\\/blogdoprosperi.com\\\/wp-content\\\/uploads\\\/2024\\\/11\\\/54152431679_b12f641edf_c.jpg?fit=800%2C516&ssl=1\",\"datePublished\":\"2024-11-20T02:54:44+00:00\",\"dateModified\":\"2024-11-20T15:57:29+00:00\",\"breadcrumb\":{\"@id\":\"https:\\\/\\\/blogdoprosperi.com\\\/?p=46440#breadcrumb\"},\"inLanguage\":\"pt-BR\",\"potentialAction\":[{\"@type\":\"ReadAction\",\"target\":[\"https:\\\/\\\/blogdoprosperi.com\\\/?p=46440\"]}]},{\"@type\":\"ImageObject\",\"inLanguage\":\"pt-BR\",\"@id\":\"https:\\\/\\\/blogdoprosperi.com\\\/?p=46440#primaryimage\",\"url\":\"https:\\\/\\\/i0.wp.com\\\/blogdoprosperi.com\\\/wp-content\\\/uploads\\\/2024\\\/11\\\/54152431679_b12f641edf_c.jpg?fit=800%2C516&ssl=1\",\"contentUrl\":\"https:\\\/\\\/i0.wp.com\\\/blogdoprosperi.com\\\/wp-content\\\/uploads\\\/2024\\\/11\\\/54152431679_b12f641edf_c.jpg?fit=800%2C516&ssl=1\",\"width\":800,\"height\":516,\"caption\":\"Torcida baiana na homenagem ao dia da Consci\u00eancia Negra \u2013 foto: CBF oficial\"},{\"@type\":\"BreadcrumbList\",\"@id\":\"https:\\\/\\\/blogdoprosperi.com\\\/?p=46440#breadcrumb\",\"itemListElement\":[{\"@type\":\"ListItem\",\"position\":1,\"name\":\"In\u00edcio\",\"item\":\"https:\\\/\\\/blogdoprosperi.com\\\/\"},{\"@type\":\"ListItem\",\"position\":2,\"name\":\"Brasil 1 x 1 Uruguai | Dorival J\u00e1 Pode Pegar o Bon\u00e9 e a CBF Assumir a Culpa\"}]},{\"@type\":\"WebSite\",\"@id\":\"https:\\\/\\\/blogdoprosperi.com\\\/#website\",\"url\":\"https:\\\/\\\/blogdoprosperi.com\\\/\",\"name\":\"PR\u00d3SPERI NEWS\",\"description\":\"TUDO \u00c9  FUTEBOL\",\"publisher\":{\"@id\":\"https:\\\/\\\/blogdoprosperi.com\\\/#\\\/schema\\\/person\\\/38100755ce3601861ee4fab9b5aa78e9\"},\"alternateName\":\"blogdoprosperi.com\",\"potentialAction\":[{\"@type\":\"SearchAction\",\"target\":{\"@type\":\"EntryPoint\",\"urlTemplate\":\"https:\\\/\\\/blogdoprosperi.com\\\/?s={search_term_string}\"},\"query-input\":{\"@type\":\"PropertyValueSpecification\",\"valueRequired\":true,\"valueName\":\"search_term_string\"}}],\"inLanguage\":\"pt-BR\"},{\"@type\":[\"Person\",\"Organization\"],\"@id\":\"https:\\\/\\\/blogdoprosperi.com\\\/#\\\/schema\\\/person\\\/38100755ce3601861ee4fab9b5aa78e9\",\"name\":\"Luiz Ant\u00f4nio Pr\u00f3speri\",\"pronouns\":\"ele\",\"image\":{\"@type\":\"ImageObject\",\"inLanguage\":\"pt-BR\",\"@id\":\"https:\\\/\\\/i0.wp.com\\\/blogdoprosperi.com\\\/wp-content\\\/uploads\\\/2026\\\/05\\\/cropped-8059e613-6002-42fa-961e-8e275f575d71-2-5.jpg?fit=1360%2C931&ssl=1\",\"url\":\"https:\\\/\\\/i0.wp.com\\\/blogdoprosperi.com\\\/wp-content\\\/uploads\\\/2026\\\/05\\\/cropped-8059e613-6002-42fa-961e-8e275f575d71-2-5.jpg?fit=1360%2C931&ssl=1\",\"contentUrl\":\"https:\\\/\\\/i0.wp.com\\\/blogdoprosperi.com\\\/wp-content\\\/uploads\\\/2026\\\/05\\\/cropped-8059e613-6002-42fa-961e-8e275f575d71-2-5.jpg?fit=1360%2C931&ssl=1\",\"width\":1360,\"height\":931,\"caption\":\"Luiz Ant\u00f4nio Pr\u00f3speri\"},\"logo\":{\"@id\":\"https:\\\/\\\/i0.wp.com\\\/blogdoprosperi.com\\\/wp-content\\\/uploads\\\/2026\\\/05\\\/cropped-8059e613-6002-42fa-961e-8e275f575d71-2-5.jpg?fit=1360%2C931&ssl=1\"},\"description\":\"Jornalista com carreira dedicada ao esporte. Cobriu 9 Copas do Mundo in loco, 1990 na It\u00e1lia, 1994 nos EUA, 1998 na Fran\u00e7a, 2002 na Coreia do Sul e Jap\u00e3o, 2006 na Alemanha, 2010 na \u00c1frica do Sul, 2014 no Brasil, 2018 na R\u00fassia e 2022 no Qatar. Eurocopas, 1992 na Su\u00e9cia e 1996 na Inglaterra. Copa das Confedera\u00e7\u00f5es de 2005 na Alemanha e 2009 na \u00c1frica do Sul. Rep\u00f3rter e Editor, trabalhou no Jornal da Tarde e Estad\u00e3o, de 1984 a fevereiro de 2016. Colunista, blogueiro. E comentarista de futebol na R\u00e1dio Estad\u00e3o, de 2013 a fevereiro de 2016. Jornalista respons\u00e1vel do \\\"Pr\u00f3speri News\\\" (blogdoprosperi.com).\",\"sameAs\":[\"http:\\\/\\\/blogdoprosperi.com\",\"Luiz Pr\u00f3speri\",\"@luiz_prosperi\",\"https:\\\/\\\/x.com\\\/Luizprosperi\",\"@prosperinacopa\",\"luiz.prosperi@icloud.com\"],\"url\":\"https:\\\/\\\/blogdoprosperi.com\\\/?author=102107496\"}]}<\/script>\n<!-- \/ Yoast SEO plugin. -->","yoast_head_json":{"title":"Brasil 1 x 1 Uruguai | Dorival J\u00e1 Pode Pegar o Bon\u00e9 e a CBF Assumir a Culpa - PR\u00d3SPERI NEWS","robots":{"index":"index","follow":"follow","max-snippet":"max-snippet:-1","max-image-preview":"max-image-preview:large","max-video-preview":"max-video-preview:-1"},"canonical":"https:\/\/blogdoprosperi.com\/?p=46440","og_locale":"pt_BR","og_type":"article","og_title":"Brasil 1 x 1 Uruguai | Dorival J\u00e1 Pode Pegar o Bon\u00e9 e a CBF Assumir a Culpa - PR\u00d3SPERI NEWS","og_description":"Luiz Ant\u00f4nio Pr\u00f3speri \u2013 19 novembro (23h50) \u2013 Voc\u00ea ficou acordado at\u00e9 o fim do jogo do Brasil [&hellip;]","og_url":"https:\/\/blogdoprosperi.com\/?p=46440","og_site_name":"PR\u00d3SPERI NEWS","article_publisher":"Luiz Pr\u00f3speri","article_author":"Luiz Pr\u00f3speri","article_published_time":"2024-11-20T02:54:44+00:00","article_modified_time":"2024-11-20T15:57:29+00:00","og_image":[{"width":800,"height":516,"url":"https:\/\/i0.wp.com\/blogdoprosperi.com\/wp-content\/uploads\/2024\/11\/54152431679_b12f641edf_c.jpg?fit=800%2C516&ssl=1","type":"image\/jpeg"}],"author":"Luiz Ant\u00f4nio Pr\u00f3speri","twitter_card":"summary_large_image","twitter_creator":"@Luizprosperi","twitter_site":"@Luizprosperi","twitter_misc":{"Escrito por":"Luiz Ant\u00f4nio Pr\u00f3speri","Est. tempo de leitura":"2 minutos"},"schema":{"@context":"https:\/\/schema.org","@graph":[{"@type":"Article","@id":"https:\/\/blogdoprosperi.com\/?p=46440#article","isPartOf":{"@id":"https:\/\/blogdoprosperi.com\/?p=46440"},"author":{"name":"Luiz Ant\u00f4nio Pr\u00f3speri","@id":"https:\/\/blogdoprosperi.com\/#\/schema\/person\/38100755ce3601861ee4fab9b5aa78e9"},"headline":"Brasil 1 x 1 Uruguai | Dorival J\u00e1 Pode Pegar o Bon\u00e9 e a CBF Assumir a Culpa","datePublished":"2024-11-20T02:54:44+00:00","dateModified":"2024-11-20T15:57:29+00:00","mainEntityOfPage":{"@id":"https:\/\/blogdoprosperi.com\/?p=46440"},"wordCount":471,"commentCount":0,"publisher":{"@id":"https:\/\/blogdoprosperi.com\/#\/schema\/person\/38100755ce3601861ee4fab9b5aa78e9"},"image":{"@id":"https:\/\/blogdoprosperi.com\/?p=46440#primaryimage"},"thumbnailUrl":"https:\/\/i0.wp.com\/blogdoprosperi.com\/wp-content\/uploads\/2024\/11\/54152431679_b12f641edf_c.jpg?fit=800%2C516&ssl=1","keywords":["brasil 1 x 1 uruguai","CBF","Dorival juniuor","eliminat\u00f3rias copa 2026","futebol","Gerson","Luiz Ant\u00f4nio Pr\u00f3speri","Sele\u00e7\u00e3o Brasileira","Vini Jr"],"articleSection":["futebol","opini\u00e3o","Sele\u00e7\u00e3o Brasileira"],"inLanguage":"pt-BR","potentialAction":[{"@type":"CommentAction","name":"Comment","target":["https:\/\/blogdoprosperi.com\/?p=46440#respond"]}]},{"@type":"WebPage","@id":"https:\/\/blogdoprosperi.com\/?p=46440","url":"https:\/\/blogdoprosperi.com\/?p=46440","name":"Brasil 1 x 1 Uruguai | Dorival J\u00e1 Pode Pegar o Bon\u00e9 e a CBF Assumir a Culpa - PR\u00d3SPERI NEWS","isPartOf":{"@id":"https:\/\/blogdoprosperi.com\/#website"},"primaryImageOfPage":{"@id":"https:\/\/blogdoprosperi.com\/?p=46440#primaryimage"},"image":{"@id":"https:\/\/blogdoprosperi.com\/?p=46440#primaryimage"},"thumbnailUrl":"https:\/\/i0.wp.com\/blogdoprosperi.com\/wp-content\/uploads\/2024\/11\/54152431679_b12f641edf_c.jpg?fit=800%2C516&ssl=1","datePublished":"2024-11-20T02:54:44+00:00","dateModified":"2024-11-20T15:57:29+00:00","breadcrumb":{"@id":"https:\/\/blogdoprosperi.com\/?p=46440#breadcrumb"},"inLanguage":"pt-BR","potentialAction":[{"@type":"ReadAction","target":["https:\/\/blogdoprosperi.com\/?p=46440"]}]},{"@type":"ImageObject","inLanguage":"pt-BR","@id":"https:\/\/blogdoprosperi.com\/?p=46440#primaryimage","url":"https:\/\/i0.wp.com\/blogdoprosperi.com\/wp-content\/uploads\/2024\/11\/54152431679_b12f641edf_c.jpg?fit=800%2C516&ssl=1","contentUrl":"https:\/\/i0.wp.com\/blogdoprosperi.com\/wp-content\/uploads\/2024\/11\/54152431679_b12f641edf_c.jpg?fit=800%2C516&ssl=1","width":800,"height":516,"caption":"Torcida baiana na homenagem ao dia da Consci\u00eancia Negra \u2013 foto: CBF oficial"},{"@type":"BreadcrumbList","@id":"https:\/\/blogdoprosperi.com\/?p=46440#breadcrumb","itemListElement":[{"@type":"ListItem","position":1,"name":"In\u00edcio","item":"https:\/\/blogdoprosperi.com\/"},{"@type":"ListItem","position":2,"name":"Brasil 1 x 1 Uruguai | Dorival J\u00e1 Pode Pegar o Bon\u00e9 e a CBF Assumir a Culpa"}]},{"@type":"WebSite","@id":"https:\/\/blogdoprosperi.com\/#website","url":"https:\/\/blogdoprosperi.com\/","name":"PR\u00d3SPERI NEWS","description":"TUDO \u00c9  FUTEBOL","publisher":{"@id":"https:\/\/blogdoprosperi.com\/#\/schema\/person\/38100755ce3601861ee4fab9b5aa78e9"},"alternateName":"blogdoprosperi.com","potentialAction":[{"@type":"SearchAction","target":{"@type":"EntryPoint","urlTemplate":"https:\/\/blogdoprosperi.com\/?s={search_term_string}"},"query-input":{"@type":"PropertyValueSpecification","valueRequired":true,"valueName":"search_term_string"}}],"inLanguage":"pt-BR"},{"@type":["Person","Organization"],"@id":"https:\/\/blogdoprosperi.com\/#\/schema\/person\/38100755ce3601861ee4fab9b5aa78e9","name":"Luiz Ant\u00f4nio Pr\u00f3speri","pronouns":"ele","image":{"@type":"ImageObject","inLanguage":"pt-BR","@id":"https:\/\/i0.wp.com\/blogdoprosperi.com\/wp-content\/uploads\/2026\/05\/cropped-8059e613-6002-42fa-961e-8e275f575d71-2-5.jpg?fit=1360%2C931&ssl=1","url":"https:\/\/i0.wp.com\/blogdoprosperi.com\/wp-content\/uploads\/2026\/05\/cropped-8059e613-6002-42fa-961e-8e275f575d71-2-5.jpg?fit=1360%2C931&ssl=1","contentUrl":"https:\/\/i0.wp.com\/blogdoprosperi.com\/wp-content\/uploads\/2026\/05\/cropped-8059e613-6002-42fa-961e-8e275f575d71-2-5.jpg?fit=1360%2C931&ssl=1","width":1360,"height":931,"caption":"Luiz Ant\u00f4nio Pr\u00f3speri"},"logo":{"@id":"https:\/\/i0.wp.com\/blogdoprosperi.com\/wp-content\/uploads\/2026\/05\/cropped-8059e613-6002-42fa-961e-8e275f575d71-2-5.jpg?fit=1360%2C931&ssl=1"},"description":"Jornalista com carreira dedicada ao esporte. Cobriu 9 Copas do Mundo in loco, 1990 na It\u00e1lia, 1994 nos EUA, 1998 na Fran\u00e7a, 2002 na Coreia do Sul e Jap\u00e3o, 2006 na Alemanha, 2010 na \u00c1frica do Sul, 2014 no Brasil, 2018 na R\u00fassia e 2022 no Qatar. Eurocopas, 1992 na Su\u00e9cia e 1996 na Inglaterra. Copa das Confedera\u00e7\u00f5es de 2005 na Alemanha e 2009 na \u00c1frica do Sul. Rep\u00f3rter e Editor, trabalhou no Jornal da Tarde e Estad\u00e3o, de 1984 a fevereiro de 2016. Colunista, blogueiro. E comentarista de futebol na R\u00e1dio Estad\u00e3o, de 2013 a fevereiro de 2016. Jornalista respons\u00e1vel do \"Pr\u00f3speri News\" (blogdoprosperi.com).","sameAs":["http:\/\/blogdoprosperi.com","Luiz Pr\u00f3speri","@luiz_prosperi","https:\/\/x.com\/Luizprosperi","@prosperinacopa","luiz.prosperi@icloud.com"],"url":"https:\/\/blogdoprosperi.com\/?author=102107496"}]}},"jetpack_publicize_connections":[],"jetpack_likes_enabled":false,"jetpack_sharing_enabled":true,"jetpack_shortlink":"https:\/\/wp.me\/p7jvdk-c52","jetpack-related-posts":[{"id":46425,"url":"https:\/\/blogdoprosperi.com\/?p=46425","url_meta":{"origin":46440,"position":0},"title":"Sele\u00e7\u00e3o Brasileira | \u00daltima Cartada de Dorival e Ronaldo Fen\u00f4meno Vem A\u00ed","author":"Luiz Ant\u00f4nio Pr\u00f3speri","date":"19 de novembro de 2024","format":false,"excerpt":"Luiz Ant\u00f4nio Pr\u00f3speri \u2013 19 novembro (13h45) \u2013 Sele\u00e7\u00e3o Brasileira enfrenta Uruguai, \u00e0s 21h45, hoje (19\/11), em Salvador. Trata-se da \u00faltima rodada das Eliminat\u00f3rias da Copa 2026 na temporada. Est\u00e1 em jogo tamb\u00e9m o futuro de Dorival J\u00fanior no comando do escrete, trabalho mal avaliado por analistas e torcedores. O\u2026","rel":"","context":"Em &quot;futebol&quot;","block_context":{"text":"futebol","link":"https:\/\/blogdoprosperi.com\/?cat=53870"},"img":{"alt_text":"Futuro de Dorival J\u00fanior no jogo Brasil x Uruguai","src":"https:\/\/i0.wp.com\/blogdoprosperi.com\/wp-content\/uploads\/2024\/11\/54146546787_180e3c16b9_c.jpg?fit=800%2C532&ssl=1&resize=350%2C200","width":350,"height":200,"srcset":"https:\/\/i0.wp.com\/blogdoprosperi.com\/wp-content\/uploads\/2024\/11\/54146546787_180e3c16b9_c.jpg?fit=800%2C532&ssl=1&resize=350%2C200 1x, https:\/\/i0.wp.com\/blogdoprosperi.com\/wp-content\/uploads\/2024\/11\/54146546787_180e3c16b9_c.jpg?fit=800%2C532&ssl=1&resize=525%2C300 1.5x, https:\/\/i0.wp.com\/blogdoprosperi.com\/wp-content\/uploads\/2024\/11\/54146546787_180e3c16b9_c.jpg?fit=800%2C532&ssl=1&resize=700%2C400 2x"},"classes":[]},{"id":49086,"url":"https:\/\/blogdoprosperi.com\/?p=49086","url_meta":{"origin":46440,"position":1},"title":"Sele\u00e7\u00e3o Brasileira | Vamos ao Div\u00e3 Acompanhar os \u00daltimos Dias de Dorival no Comando do Escrete","author":"Luiz Ant\u00f4nio Pr\u00f3speri","date":"20 de mar\u00e7o de 2025","format":false,"excerpt":"Cabe\u00e7a de Dorival est\u00e1 servida na bandeja do presidente da CBF. Resultados ruins diante da Col\u00f4mbia e Argentina, adeus Dorival. Sele\u00e7\u00e3o Brasileira n\u00e3o pode ser montada com base no que os jogadores jogam em seus clubes. N\u00e3o combina. \u00c9 preciso de identidade pr\u00f3pria Luiz Ant\u00f4nio Pr\u00f3speri \u2013 20 mar\u00e7o (12h31)\u2026","rel":"","context":"Em &quot;futebol&quot;","block_context":{"text":"futebol","link":"https:\/\/blogdoprosperi.com\/?cat=53870"},"img":{"alt_text":"Brasil x Col\u00f4mbia, vamos ao div\u00e3","src":"https:\/\/i0.wp.com\/blogdoprosperi.com\/wp-content\/uploads\/2025\/03\/54398963323_d4964b845b_c.jpg?fit=799%2C559&ssl=1&resize=350%2C200","width":350,"height":200,"srcset":"https:\/\/i0.wp.com\/blogdoprosperi.com\/wp-content\/uploads\/2025\/03\/54398963323_d4964b845b_c.jpg?fit=799%2C559&ssl=1&resize=350%2C200 1x, https:\/\/i0.wp.com\/blogdoprosperi.com\/wp-content\/uploads\/2025\/03\/54398963323_d4964b845b_c.jpg?fit=799%2C559&ssl=1&resize=525%2C300 1.5x, https:\/\/i0.wp.com\/blogdoprosperi.com\/wp-content\/uploads\/2025\/03\/54398963323_d4964b845b_c.jpg?fit=799%2C559&ssl=1&resize=700%2C400 2x"},"classes":[]},{"id":43725,"url":"https:\/\/blogdoprosperi.com\/?p=43725","url_meta":{"origin":46440,"position":2},"title":"Sele\u00e7\u00e3o Brasileira eliminada na Copa Am\u00e9rica 2024: muito obrigado Dorival J\u00fanior","author":"Luiz Ant\u00f4nio Pr\u00f3speri","date":"7 de julho de 2024","format":false,"excerpt":"Por Luiz Ant\u00f4nio Pr\u00f3speri - (07\/7) - 00h30 Sele\u00e7\u00e3o Brasileira est\u00e1 fora da Copa Am\u00e9rica 2024. Cai eliminada nos p\u00eanaltis para o Uruguai. \u00c9 a realidade do futebol do Brasil. Desbotado como o amarelo da nova camisa grife Nike. Opaco como a gola verde clara. Sem personalidade como a maioria\u2026","rel":"","context":"Em &quot;futebol&quot;","block_context":{"text":"futebol","link":"https:\/\/blogdoprosperi.com\/?cat=53870"},"img":{"alt_text":"Brasil fora da Copa Am\u00e9rica 2024","src":"https:\/\/i0.wp.com\/blogdoprosperi.com\/wp-content\/uploads\/2024\/07\/gr2kqrdxkaas3fo.jpeg?fit=1200%2C675&ssl=1&resize=350%2C200","width":350,"height":200,"srcset":"https:\/\/i0.wp.com\/blogdoprosperi.com\/wp-content\/uploads\/2024\/07\/gr2kqrdxkaas3fo.jpeg?fit=1200%2C675&ssl=1&resize=350%2C200 1x, https:\/\/i0.wp.com\/blogdoprosperi.com\/wp-content\/uploads\/2024\/07\/gr2kqrdxkaas3fo.jpeg?fit=1200%2C675&ssl=1&resize=525%2C300 1.5x, https:\/\/i0.wp.com\/blogdoprosperi.com\/wp-content\/uploads\/2024\/07\/gr2kqrdxkaas3fo.jpeg?fit=1200%2C675&ssl=1&resize=700%2C400 2x, https:\/\/i0.wp.com\/blogdoprosperi.com\/wp-content\/uploads\/2024\/07\/gr2kqrdxkaas3fo.jpeg?fit=1200%2C675&ssl=1&resize=1050%2C600 3x"},"classes":[]},{"id":43474,"url":"https:\/\/blogdoprosperi.com\/?p=43474","url_meta":{"origin":46440,"position":3},"title":"Brasil 1 vs 1 Col\u00f4mbia: Dorival paga por seus erros, perde Vini e pega Uruguai no mata-mata","author":"Luiz Ant\u00f4nio Pr\u00f3speri","date":"3 de julho de 2024","format":false,"excerpt":"Por Luiz Ant\u00f4nio Pr\u00f3speri \u2013 3 de julho \u2013 00h32 Sele\u00e7\u00e3o Brasileira burocr\u00e1tica como seu treinador Dorival J\u00fanior n\u00e3o vai al\u00e9m do empate por 1 a 1 com a Col\u00f4mbia. Resultado deixa Brasil no segundo lugar do grupo obrigando ao confronto contra Uruguai nas quartas de final da Copa Am\u00e9rica\u2026","rel":"","context":"Em &quot;CBF&quot;","block_context":{"text":"CBF","link":"https:\/\/blogdoprosperi.com\/?cat=570700"},"img":{"alt_text":"Vini Jr sem a\u00e7\u00e3o contra Col\u00f4mbia","src":"https:\/\/i0.wp.com\/blogdoprosperi.com\/wp-content\/uploads\/2024\/07\/53832193695_b7ff9ba941_c.jpg?fit=799%2C528&ssl=1&resize=350%2C200","width":350,"height":200,"srcset":"https:\/\/i0.wp.com\/blogdoprosperi.com\/wp-content\/uploads\/2024\/07\/53832193695_b7ff9ba941_c.jpg?fit=799%2C528&ssl=1&resize=350%2C200 1x, https:\/\/i0.wp.com\/blogdoprosperi.com\/wp-content\/uploads\/2024\/07\/53832193695_b7ff9ba941_c.jpg?fit=799%2C528&ssl=1&resize=525%2C300 1.5x, https:\/\/i0.wp.com\/blogdoprosperi.com\/wp-content\/uploads\/2024\/07\/53832193695_b7ff9ba941_c.jpg?fit=799%2C528&ssl=1&resize=700%2C400 2x"},"classes":[]},{"id":45140,"url":"https:\/\/blogdoprosperi.com\/?p=45140","url_meta":{"origin":46440,"position":4},"title":"Sele\u00e7\u00e3o Brasileira Perde do Paraguai: Culpa do Presidente da CBF. Camisas Amarelas ao Vento","author":"Luiz Ant\u00f4nio Pr\u00f3speri","date":"11 de setembro de 2024","format":false,"excerpt":"Luiz Antonio Pr\u00f3speri \u2013 11 setembro (atualizado 10h30) CBF est\u00e1 sem sa\u00edda diante de mais um fracasso rotundo da Sele\u00e7\u00e3o Brasileira - derrota constrangedora para o Paraguai nas Eliminat\u00f3rias da Copa 2026. Presidente Ednaldo Rodrigues, centralizador como ele s\u00f3, n\u00e3o tem um colegiado a ouvir ou ajud\u00e1-lo a tomar decis\u00f5es\u2026","rel":"","context":"Em &quot;futebol&quot;","block_context":{"text":"futebol","link":"https:\/\/blogdoprosperi.com\/?cat=53870"},"img":{"alt_text":"Sele\u00e7\u00e3o Brasileira \u00e0 espera de um time","src":"https:\/\/i0.wp.com\/blogdoprosperi.com\/wp-content\/uploads\/2024\/09\/53987038463_1c33dba7d8_k.jpg?fit=1200%2C800&ssl=1&resize=350%2C200","width":350,"height":200,"srcset":"https:\/\/i0.wp.com\/blogdoprosperi.com\/wp-content\/uploads\/2024\/09\/53987038463_1c33dba7d8_k.jpg?fit=1200%2C800&ssl=1&resize=350%2C200 1x, https:\/\/i0.wp.com\/blogdoprosperi.com\/wp-content\/uploads\/2024\/09\/53987038463_1c33dba7d8_k.jpg?fit=1200%2C800&ssl=1&resize=525%2C300 1.5x, https:\/\/i0.wp.com\/blogdoprosperi.com\/wp-content\/uploads\/2024\/09\/53987038463_1c33dba7d8_k.jpg?fit=1200%2C800&ssl=1&resize=700%2C400 2x, https:\/\/i0.wp.com\/blogdoprosperi.com\/wp-content\/uploads\/2024\/09\/53987038463_1c33dba7d8_k.jpg?fit=1200%2C800&ssl=1&resize=1050%2C600 3x"},"classes":[]},{"id":44903,"url":"https:\/\/blogdoprosperi.com\/?p=44903","url_meta":{"origin":46440,"position":5},"title":"Sele\u00e7\u00e3o Brasileira: Pressionado, Dorival Poderia escalar Estev\u00e3o, Endrick e Vini Jr","author":"Luiz Ant\u00f4nio Pr\u00f3speri","date":"3 de setembro de 2024","format":false,"excerpt":"Luiz Antonio Pr\u00f3speri \u2013 3 setembro (20h50) Dorival J\u00fanior entra na semana decisiva nesse come\u00e7o de seu trabalho na Sele\u00e7\u00e3o Brasileira. N\u00e3o h\u00e1 mais tempo para experi\u00eancias. Cobran\u00e7a na CBF \u00e9 por resultados. Dorival sabe: \u00e9 uma obriga\u00e7\u00e3o vencer Equador (sexta-feira, dia 6) e Paraguai (ter\u00e7a-feira, dia 10), dois jogos\u2026","rel":"","context":"Em &quot;futebol&quot;","block_context":{"text":"futebol","link":"https:\/\/blogdoprosperi.com\/?cat=53870"},"img":{"alt_text":"Estev\u00e3o, Endrick e Vini Jr no ataque da Sele\u00e7\u00e3o","src":"https:\/\/i0.wp.com\/blogdoprosperi.com\/wp-content\/uploads\/2024\/09\/53968898203_0640da1fad_k.jpg?fit=1200%2C809&ssl=1&resize=350%2C200","width":350,"height":200,"srcset":"https:\/\/i0.wp.com\/blogdoprosperi.com\/wp-content\/uploads\/2024\/09\/53968898203_0640da1fad_k.jpg?fit=1200%2C809&ssl=1&resize=350%2C200 1x, https:\/\/i0.wp.com\/blogdoprosperi.com\/wp-content\/uploads\/2024\/09\/53968898203_0640da1fad_k.jpg?fit=1200%2C809&ssl=1&resize=525%2C300 1.5x, https:\/\/i0.wp.com\/blogdoprosperi.com\/wp-content\/uploads\/2024\/09\/53968898203_0640da1fad_k.jpg?fit=1200%2C809&ssl=1&resize=700%2C400 2x, https:\/\/i0.wp.com\/blogdoprosperi.com\/wp-content\/uploads\/2024\/09\/53968898203_0640da1fad_k.jpg?fit=1200%2C809&ssl=1&resize=1050%2C600 3x"},"classes":[]}],"jetpack_featured_media_url":"https:\/\/i0.wp.com\/blogdoprosperi.com\/wp-content\/uploads\/2024\/11\/54152431679_b12f641edf_c.jpg?fit=800%2C516&ssl=1","_links":{"self":[{"href":"https:\/\/blogdoprosperi.com\/index.php?rest_route=\/wp\/v2\/posts\/46440","targetHints":{"allow":["GET"]}}],"collection":[{"href":"https:\/\/blogdoprosperi.com\/index.php?rest_route=\/wp\/v2\/posts"}],"about":[{"href":"https:\/\/blogdoprosperi.com\/index.php?rest_route=\/wp\/v2\/types\/post"}],"author":[{"embeddable":true,"href":"https:\/\/blogdoprosperi.com\/index.php?rest_route=\/wp\/v2\/users\/102107496"}],"replies":[{"embeddable":true,"href":"https:\/\/blogdoprosperi.com\/index.php?rest_route=%2Fwp%2Fv2%2Fcomments&post=46440"}],"version-history":[{"count":8,"href":"https:\/\/blogdoprosperi.com\/index.php?rest_route=\/wp\/v2\/posts\/46440\/revisions"}],"predecessor-version":[{"id":46450,"href":"https:\/\/blogdoprosperi.com\/index.php?rest_route=\/wp\/v2\/posts\/46440\/revisions\/46450"}],"wp:featuredmedia":[{"embeddable":true,"href":"https:\/\/blogdoprosperi.com\/index.php?rest_route=\/wp\/v2\/media\/46448"}],"wp:attachment":[{"href":"https:\/\/blogdoprosperi.com\/index.php?rest_route=%2Fwp%2Fv2%2Fmedia&parent=46440"}],"wp:term":[{"taxonomy":"category","embeddable":true,"href":"https:\/\/blogdoprosperi.com\/index.php?rest_route=%2Fwp%2Fv2%2Fcategories&post=46440"},{"taxonomy":"post_tag","embeddable":true,"href":"https:\/\/blogdoprosperi.com\/index.php?rest_route=%2Fwp%2Fv2%2Ftags&post=46440"}],"curies":[{"name":"wp","href":"https:\/\/api.w.org\/{rel}","templated":true}]}}