{"id":46468,"date":"2024-11-21T14:56:16","date_gmt":"2024-11-21T17:56:16","guid":{"rendered":"https:\/\/blogdoprosperi.com\/?p=46468"},"modified":"2024-11-21T14:57:01","modified_gmt":"2024-11-21T17:57:01","slug":"palmeiras-e-botafogo-diferencas-na-final-do-brasileirao","status":"publish","type":"post","link":"https:\/\/blogdoprosperi.com\/?p=46468","title":{"rendered":"Palmeiras e Botafogo | Diferen\u00e7as a Favor de Abel Ferreira na Final do Brasileir\u00e3o"},"content":{"rendered":"<p><em>Luiz Ant\u00f4nio Pr\u00f3speri \u2013 21 novembro (14h45) \u2013<\/em><\/p>\n<p>Gustavo Gomez joga 90 minutos na altitude de pouco mais de 4 mil metros no empate (2 a 2) Bol\u00edvia e Paraguai, ter\u00e7a-feira (19\/11). Pega voo fretado no avi\u00e3o de Leila Pereira. Vai de La Paz (Bol\u00edvia), com escala em Barranquilla (Col\u00f4mbia), at\u00e9 Salvador. \u00c0s 18h da quarta-feira (20\/11), o zagueiro paraguaio estava sentado no banco de reservas do Palmeiras pronto para entrar no jogo contra o Bahia, se necess\u00e1rio fosse.<\/p>\n<p>Igor Jesus joga 58 minutos no empate (1 a 1) Brasil e Uruguai, ter\u00e7a-feira (19\/11). Pega um voo curto de Salvador at\u00e9 Belo Horizonte. \u00c0s 21h30 da quarta-feira (20\/11), estava sentado no banco de reservas do Botafogo para entrar no jogo contra o Atl\u00e9tico-MG, se necess\u00e1rio fosse.<\/p>\n<p>Murillo se machuca as 25 minutos do segundo tempo. Gustavo Gomez entra e joga 30 minutos na vit\u00f3ria de virada do Palmeiras por 2 a 1 contra o Bahia.<\/p>\n<p>Igor Jesus entra aos 40 minutos do segundo tempo no lugar de Tiquinho Soares. Joga 13 minutos no empate (0 a 0) Atl\u00e9tico-MG e Botafogo.<\/p>\n<figure id=\"attachment_46484\" aria-describedby=\"caption-attachment-46484\" style=\"width: 576px\" class=\"wp-caption alignnone\"><img data-recalc-dims=\"1\" loading=\"lazy\" decoding=\"async\" data-attachment-id=\"46484\" data-permalink=\"https:\/\/blogdoprosperi.com\/?attachment_id=46484\" data-orig-file=\"https:\/\/i0.wp.com\/blogdoprosperi.com\/wp-content\/uploads\/2024\/11\/54154588465_bdc0f36697_c.jpg?fit=800%2C800&amp;ssl=1\" data-orig-size=\"800,800\" data-comments-opened=\"1\" data-image-meta=\"{&quot;aperture&quot;:&quot;0&quot;,&quot;credit&quot;:&quot;CESAR GRECO&quot;,&quot;camera&quot;:&quot;&quot;,&quot;caption&quot;:&quot;&quot;,&quot;created_timestamp&quot;:&quot;0&quot;,&quot;copyright&quot;:&quot;CESAR GRECO&quot;,&quot;focal_length&quot;:&quot;0&quot;,&quot;iso&quot;:&quot;0&quot;,&quot;shutter_speed&quot;:&quot;0&quot;,&quot;title&quot;:&quot;&quot;,&quot;orientation&quot;:&quot;0&quot;}\" data-image-title=\"Gustavo Gomez, forca do capit\u00e3o\" data-image-description=\"\" data-image-caption=\"&lt;p&gt;Gustavo Gomez&lt;\/p&gt;\n\" data-large-file=\"https:\/\/i0.wp.com\/blogdoprosperi.com\/wp-content\/uploads\/2024\/11\/54154588465_bdc0f36697_c.jpg?fit=800%2C800&amp;ssl=1\" class=\" wp-image-46484\" src=\"https:\/\/i0.wp.com\/blogdoprosperi.com\/wp-content\/uploads\/2024\/11\/54154588465_bdc0f36697_c.jpg?resize=576%2C576&#038;ssl=1\" alt=\"\" width=\"576\" height=\"576\" \/><figcaption id=\"caption-attachment-46484\" class=\"wp-caption-text\"><em>Gustavo Gomez em a\u00e7\u00e3o contra Bahia \u2013 foto: Palmeiras oficial<\/em><\/figcaption><\/figure>\n<p>Aproveitamentos de Gustavo Gomez e Igor Jesus explicam um pouco as diferen\u00e7as entre Palmeiras e Botafogo a quatro rodadas do fim do Brasileir\u00e3o 2024.<\/p>\n<p>Palmeiras precisava vencer o Bahia. Por isso usou seu capit\u00e3o Gustavo Gomez por necessidade. E o zagueiro paraguaio se imp\u00f4s nos momentos cr\u00edticos. Palmeiras vence de virada.<\/p>\n<p>Botafogo precisava vencer o Atl\u00e9tico-MG para sustentar diferen\u00e7a de quatro pontos a mais que o Palmeiras. Igor Jesus, titular da Sele\u00e7\u00e3o Brasileira, na teoria estava menos desgastado comparando a Gustavo Gomez. Mas s\u00f3 entrou a 13 minutos do fim da partida. E pouco ajudou o Botafogo.<\/p>\n<p>Bom lembrar que o Atl\u00e9tico-MG estava com dez jogadores em campo desde a expuls\u00e3o de Rubens ainda no primeiro tempo.<\/p>\n<p>Segurar Igor Jesus para usar apenas nos \u00faltimos minutos do jogo contra um advers\u00e1rio em desvantagem num\u00e9rica foi um enorme equ\u00edvoco.<\/p>\n<figure id=\"attachment_46477\" aria-describedby=\"caption-attachment-46477\" style=\"width: 576px\" class=\"wp-caption alignnone\"><img data-recalc-dims=\"1\" loading=\"lazy\" decoding=\"async\" data-attachment-id=\"46477\" data-permalink=\"https:\/\/blogdoprosperi.com\/?attachment_id=46477\" data-orig-file=\"https:\/\/i0.wp.com\/blogdoprosperi.com\/wp-content\/uploads\/2024\/11\/54154859955_cc4c8424c9_c.jpg?fit=799%2C533&amp;ssl=1\" data-orig-size=\"799,533\" data-comments-opened=\"1\" data-image-meta=\"{&quot;aperture&quot;:&quot;0&quot;,&quot;credit&quot;:&quot;Vitor_Silva&quot;,&quot;camera&quot;:&quot;&quot;,&quot;caption&quot;:&quot;&quot;,&quot;created_timestamp&quot;:&quot;0&quot;,&quot;copyright&quot;:&quot;Vitor Silva&quot;,&quot;focal_length&quot;:&quot;0&quot;,&quot;iso&quot;:&quot;0&quot;,&quot;shutter_speed&quot;:&quot;0&quot;,&quot;title&quot;:&quot;&quot;,&quot;orientation&quot;:&quot;0&quot;}\" data-image-title=\"Igor Jesus preservado\" data-image-description=\"\" data-image-caption=\"&lt;p&gt;Igor Jesus em a\u00e7\u00e3o contra Atl\u00e9tico-MG \u2013 foto; Botafogo oficial&lt;\/p&gt;\n\" data-large-file=\"https:\/\/i0.wp.com\/blogdoprosperi.com\/wp-content\/uploads\/2024\/11\/54154859955_cc4c8424c9_c.jpg?fit=799%2C533&amp;ssl=1\" class=\" wp-image-46477\" src=\"https:\/\/i0.wp.com\/blogdoprosperi.com\/wp-content\/uploads\/2024\/11\/54154859955_cc4c8424c9_c.jpg?resize=576%2C384&#038;ssl=1\" alt=\"\" width=\"576\" height=\"384\" \/><figcaption id=\"caption-attachment-46477\" class=\"wp-caption-text\"><em>Igor Jesus em a\u00e7\u00e3o contra Atl\u00e9tico-MG \u2013 foto; Botafogo oficial<\/em><\/figcaption><\/figure>\n<p>Resultado, a diferen\u00e7a a favor do Botafogo contra o Palmeiras caiu de quatro para dois pontos a quatro rodadas do fim do campeonato.<\/p>\n<p>No s\u00e1bado (23\/11), Palmeiras visita o virtual rebaixado Atl\u00e9tico-GO. Menino Estev\u00e3o volta ao time.<\/p>\n<p>Botafogo recebe o Vit\u00f3ria, um dos melhores do segundo tempo e na luta contra o rebaixamento. Time carioca n\u00e3o ter\u00e1 zagueiro Barboza e atacante Luiz Henrique, expulsos por indisciplina no jogo contra o Galo.<\/p>\n<p>Ter\u00e7a-feira (26\/11), a quatro dias da final da Libertadores entre Botafogo e Atl\u00e9tico-MG em Buenos Aires, Palmeiras recebe o Bota no Allianz Parque.<\/p>\n<p>Palmeiras depende apenas de si para ser campe\u00e3o. Basta vencer os quatro jogos que restam. O mesmo pode se dizer do Botafogo. A vantagem do time de Abel Ferreira \u00e9 que vai enfrentar em casa o rival.<\/p>\n<p>Por isso, detalhes podem definir o Brasileir\u00e3o. Palmeiras usou Gustavo Gomez por necessidade. Botafogo preservou Igor Jesus at\u00e9 o limite. Deu no que deu.<\/p>\n","protected":false},"excerpt":{"rendered":"<p>Luiz Ant\u00f4nio Pr\u00f3speri \u2013 21 novembro (14h45) \u2013 Gustavo Gomez joga 90 minutos na altitude de pouco mais [&hellip;]<\/p>\n","protected":false},"author":102107496,"featured_media":46478,"comment_status":"open","ping_status":"open","sticky":false,"template":"","format":"standard","meta":{"_coblocks_attr":"","_coblocks_dimensions":"","_coblocks_responsive_height":"","_coblocks_accordion_ie_support":"","_jetpack_newsletter_access":"","_jetpack_dont_email_post_to_subs":false,"_jetpack_newsletter_tier_id":0,"_jetpack_memberships_contains_paywalled_content":false,"_wpcom_ai_launchpad_first_post":false,"_jetpack_feature_clip_id":0,"_jetpack_memberships_contains_paid_content":false,"footnotes":"","jetpack_publicize_message":"","jetpack_publicize_feature_enabled":true,"jetpack_social_post_already_shared":false,"jetpack_social_options":{"image_generator_settings":{"template":"highway","default_image_id":0,"font":"","enabled":false},"version":2},"jetpack_post_was_ever_published":false},"categories":[53870,3919],"tags":[342801,770132430,789560560,6384534,211445131,789560573,287104,14207997],"class_list":["post-46468","post","type-post","status-publish","format-standard","has-post-thumbnail","hentry","category-futebol","category-opiniao","tag-botafogo","tag-brasileirao-2024","tag-futebol","tag-gustavo-gomez","tag-igor-jesus","tag-luiz-antonio-prosperi","tag-palmeiras","tag-palmeiras-x-botafogo"],"yoast_head":"<!-- This site is optimized with the Yoast SEO plugin v28.3 - https:\/\/yoast.com\/product\/yoast-seo-wordpress\/ -->\n<title>Palmeiras e Botafogo | Diferen\u00e7as a Favor de Abel Ferreira na Final do Brasileir\u00e3o - PR\u00d3SPERI NEWS<\/title>\n<meta name=\"robots\" content=\"index, follow, max-snippet:-1, max-image-preview:large, max-video-preview:-1\" \/>\n<link rel=\"canonical\" href=\"https:\/\/blogdoprosperi.com\/?p=46468\" \/>\n<meta property=\"og:locale\" content=\"pt_BR\" \/>\n<meta property=\"og:type\" content=\"article\" \/>\n<meta property=\"og:title\" content=\"Palmeiras e Botafogo | Diferen\u00e7as a Favor de Abel Ferreira na Final do Brasileir\u00e3o - PR\u00d3SPERI NEWS\" \/>\n<meta property=\"og:description\" content=\"Luiz Ant\u00f4nio Pr\u00f3speri \u2013 21 novembro (14h45) \u2013 Gustavo Gomez joga 90 minutos na altitude de pouco mais [&hellip;]\" \/>\n<meta property=\"og:url\" content=\"https:\/\/blogdoprosperi.com\/?p=46468\" \/>\n<meta property=\"og:site_name\" content=\"PR\u00d3SPERI NEWS\" \/>\n<meta property=\"article:publisher\" content=\"Luiz Pr\u00f3speri\" \/>\n<meta property=\"article:author\" content=\"Luiz Pr\u00f3speri\" \/>\n<meta property=\"article:published_time\" content=\"2024-11-21T17:56:16+00:00\" \/>\n<meta property=\"article:modified_time\" content=\"2024-11-21T17:57:01+00:00\" \/>\n<meta property=\"og:image\" content=\"https:\/\/i0.wp.com\/blogdoprosperi.com\/wp-content\/uploads\/2024\/11\/54154419423_6aef428a98_c.jpg?fit=800%2C800&ssl=1\" \/>\n\t<meta property=\"og:image:width\" content=\"800\" \/>\n\t<meta property=\"og:image:height\" content=\"800\" \/>\n\t<meta property=\"og:image:type\" content=\"image\/jpeg\" \/>\n<meta name=\"author\" content=\"Luiz Ant\u00f4nio Pr\u00f3speri\" \/>\n<meta name=\"twitter:card\" content=\"summary_large_image\" \/>\n<meta name=\"twitter:creator\" content=\"@Luizprosperi\" \/>\n<meta name=\"twitter:site\" content=\"@Luizprosperi\" \/>\n<meta name=\"twitter:label1\" content=\"Escrito por\" \/>\n\t<meta name=\"twitter:data1\" content=\"Luiz Ant\u00f4nio Pr\u00f3speri\" \/>\n\t<meta name=\"twitter:label2\" content=\"Est. tempo de leitura\" \/>\n\t<meta name=\"twitter:data2\" content=\"3 minutos\" \/>\n<script type=\"application\/ld+json\" class=\"yoast-schema-graph\">{\"@context\":\"https:\\\/\\\/schema.org\",\"@graph\":[{\"@type\":\"Article\",\"@id\":\"https:\\\/\\\/blogdoprosperi.com\\\/?p=46468#article\",\"isPartOf\":{\"@id\":\"https:\\\/\\\/blogdoprosperi.com\\\/?p=46468\"},\"author\":{\"name\":\"Luiz Ant\u00f4nio Pr\u00f3speri\",\"@id\":\"https:\\\/\\\/blogdoprosperi.com\\\/#\\\/schema\\\/person\\\/38100755ce3601861ee4fab9b5aa78e9\"},\"headline\":\"Palmeiras e Botafogo | Diferen\u00e7as a Favor de Abel Ferreira na Final do Brasileir\u00e3o\",\"datePublished\":\"2024-11-21T17:56:16+00:00\",\"dateModified\":\"2024-11-21T17:57:01+00:00\",\"mainEntityOfPage\":{\"@id\":\"https:\\\/\\\/blogdoprosperi.com\\\/?p=46468\"},\"wordCount\":532,\"commentCount\":1,\"publisher\":{\"@id\":\"https:\\\/\\\/blogdoprosperi.com\\\/#\\\/schema\\\/person\\\/38100755ce3601861ee4fab9b5aa78e9\"},\"image\":{\"@id\":\"https:\\\/\\\/blogdoprosperi.com\\\/?p=46468#primaryimage\"},\"thumbnailUrl\":\"https:\\\/\\\/i0.wp.com\\\/blogdoprosperi.com\\\/wp-content\\\/uploads\\\/2024\\\/11\\\/54154419423_6aef428a98_c.jpg?fit=800%2C800&ssl=1\",\"keywords\":[\"Botafogo\",\"brasileir\u00e3o 2024\",\"futebol\",\"gustavo gomez\",\"Igor jesus\",\"Luiz Ant\u00f4nio Pr\u00f3speri\",\"Palmeiras\",\"palmeiras x botafogo\"],\"articleSection\":[\"futebol\",\"opini\u00e3o\"],\"inLanguage\":\"pt-BR\",\"potentialAction\":[{\"@type\":\"CommentAction\",\"name\":\"Comment\",\"target\":[\"https:\\\/\\\/blogdoprosperi.com\\\/?p=46468#respond\"]}]},{\"@type\":\"WebPage\",\"@id\":\"https:\\\/\\\/blogdoprosperi.com\\\/?p=46468\",\"url\":\"https:\\\/\\\/blogdoprosperi.com\\\/?p=46468\",\"name\":\"Palmeiras e Botafogo | Diferen\u00e7as a Favor de Abel Ferreira na Final do Brasileir\u00e3o - PR\u00d3SPERI NEWS\",\"isPartOf\":{\"@id\":\"https:\\\/\\\/blogdoprosperi.com\\\/#website\"},\"primaryImageOfPage\":{\"@id\":\"https:\\\/\\\/blogdoprosperi.com\\\/?p=46468#primaryimage\"},\"image\":{\"@id\":\"https:\\\/\\\/blogdoprosperi.com\\\/?p=46468#primaryimage\"},\"thumbnailUrl\":\"https:\\\/\\\/i0.wp.com\\\/blogdoprosperi.com\\\/wp-content\\\/uploads\\\/2024\\\/11\\\/54154419423_6aef428a98_c.jpg?fit=800%2C800&ssl=1\",\"datePublished\":\"2024-11-21T17:56:16+00:00\",\"dateModified\":\"2024-11-21T17:57:01+00:00\",\"breadcrumb\":{\"@id\":\"https:\\\/\\\/blogdoprosperi.com\\\/?p=46468#breadcrumb\"},\"inLanguage\":\"pt-BR\",\"potentialAction\":[{\"@type\":\"ReadAction\",\"target\":[\"https:\\\/\\\/blogdoprosperi.com\\\/?p=46468\"]}]},{\"@type\":\"ImageObject\",\"inLanguage\":\"pt-BR\",\"@id\":\"https:\\\/\\\/blogdoprosperi.com\\\/?p=46468#primaryimage\",\"url\":\"https:\\\/\\\/i0.wp.com\\\/blogdoprosperi.com\\\/wp-content\\\/uploads\\\/2024\\\/11\\\/54154419423_6aef428a98_c.jpg?fit=800%2C800&ssl=1\",\"contentUrl\":\"https:\\\/\\\/i0.wp.com\\\/blogdoprosperi.com\\\/wp-content\\\/uploads\\\/2024\\\/11\\\/54154419423_6aef428a98_c.jpg?fit=800%2C800&ssl=1\",\"width\":800,\"height\":800,\"caption\":\"Gomes abra\u00e7a Flaco \u2013 foto: Palmeiras oficial\"},{\"@type\":\"BreadcrumbList\",\"@id\":\"https:\\\/\\\/blogdoprosperi.com\\\/?p=46468#breadcrumb\",\"itemListElement\":[{\"@type\":\"ListItem\",\"position\":1,\"name\":\"In\u00edcio\",\"item\":\"https:\\\/\\\/blogdoprosperi.com\\\/\"},{\"@type\":\"ListItem\",\"position\":2,\"name\":\"Palmeiras e Botafogo | Diferen\u00e7as a Favor de Abel Ferreira na Final do Brasileir\u00e3o\"}]},{\"@type\":\"WebSite\",\"@id\":\"https:\\\/\\\/blogdoprosperi.com\\\/#website\",\"url\":\"https:\\\/\\\/blogdoprosperi.com\\\/\",\"name\":\"PR\u00d3SPERI NEWS\",\"description\":\"TUDO \u00c9  FUTEBOL\",\"publisher\":{\"@id\":\"https:\\\/\\\/blogdoprosperi.com\\\/#\\\/schema\\\/person\\\/38100755ce3601861ee4fab9b5aa78e9\"},\"alternateName\":\"blogdoprosperi.com\",\"potentialAction\":[{\"@type\":\"SearchAction\",\"target\":{\"@type\":\"EntryPoint\",\"urlTemplate\":\"https:\\\/\\\/blogdoprosperi.com\\\/?s={search_term_string}\"},\"query-input\":{\"@type\":\"PropertyValueSpecification\",\"valueRequired\":true,\"valueName\":\"search_term_string\"}}],\"inLanguage\":\"pt-BR\"},{\"@type\":[\"Person\",\"Organization\"],\"@id\":\"https:\\\/\\\/blogdoprosperi.com\\\/#\\\/schema\\\/person\\\/38100755ce3601861ee4fab9b5aa78e9\",\"name\":\"Luiz Ant\u00f4nio Pr\u00f3speri\",\"pronouns\":\"ele\",\"image\":{\"@type\":\"ImageObject\",\"inLanguage\":\"pt-BR\",\"@id\":\"https:\\\/\\\/i0.wp.com\\\/blogdoprosperi.com\\\/wp-content\\\/uploads\\\/2026\\\/05\\\/cropped-8059e613-6002-42fa-961e-8e275f575d71-2-5.jpg?fit=1360%2C931&ssl=1\",\"url\":\"https:\\\/\\\/i0.wp.com\\\/blogdoprosperi.com\\\/wp-content\\\/uploads\\\/2026\\\/05\\\/cropped-8059e613-6002-42fa-961e-8e275f575d71-2-5.jpg?fit=1360%2C931&ssl=1\",\"contentUrl\":\"https:\\\/\\\/i0.wp.com\\\/blogdoprosperi.com\\\/wp-content\\\/uploads\\\/2026\\\/05\\\/cropped-8059e613-6002-42fa-961e-8e275f575d71-2-5.jpg?fit=1360%2C931&ssl=1\",\"width\":1360,\"height\":931,\"caption\":\"Luiz Ant\u00f4nio Pr\u00f3speri\"},\"logo\":{\"@id\":\"https:\\\/\\\/i0.wp.com\\\/blogdoprosperi.com\\\/wp-content\\\/uploads\\\/2026\\\/05\\\/cropped-8059e613-6002-42fa-961e-8e275f575d71-2-5.jpg?fit=1360%2C931&ssl=1\"},\"description\":\"Jornalista com carreira dedicada ao esporte. Cobriu 9 Copas do Mundo in loco, 1990 na It\u00e1lia, 1994 nos EUA, 1998 na Fran\u00e7a, 2002 na Coreia do Sul e Jap\u00e3o, 2006 na Alemanha, 2010 na \u00c1frica do Sul, 2014 no Brasil, 2018 na R\u00fassia e 2022 no Qatar. Eurocopas, 1992 na Su\u00e9cia e 1996 na Inglaterra. Copa das Confedera\u00e7\u00f5es de 2005 na Alemanha e 2009 na \u00c1frica do Sul. Rep\u00f3rter e Editor, trabalhou no Jornal da Tarde e Estad\u00e3o, de 1984 a fevereiro de 2016. Colunista, blogueiro. E comentarista de futebol na R\u00e1dio Estad\u00e3o, de 2013 a fevereiro de 2016. Jornalista respons\u00e1vel do \\\"Pr\u00f3speri News\\\" (blogdoprosperi.com).\",\"sameAs\":[\"http:\\\/\\\/blogdoprosperi.com\",\"Luiz Pr\u00f3speri\",\"@luiz_prosperi\",\"https:\\\/\\\/x.com\\\/Luizprosperi\",\"@prosperinacopa\",\"luiz.prosperi@icloud.com\"],\"url\":\"https:\\\/\\\/blogdoprosperi.com\\\/?author=102107496\"}]}<\/script>\n<!-- \/ Yoast SEO plugin. -->","yoast_head_json":{"title":"Palmeiras e Botafogo | Diferen\u00e7as a Favor de Abel Ferreira na Final do Brasileir\u00e3o - PR\u00d3SPERI NEWS","robots":{"index":"index","follow":"follow","max-snippet":"max-snippet:-1","max-image-preview":"max-image-preview:large","max-video-preview":"max-video-preview:-1"},"canonical":"https:\/\/blogdoprosperi.com\/?p=46468","og_locale":"pt_BR","og_type":"article","og_title":"Palmeiras e Botafogo | Diferen\u00e7as a Favor de Abel Ferreira na Final do Brasileir\u00e3o - PR\u00d3SPERI NEWS","og_description":"Luiz Ant\u00f4nio Pr\u00f3speri \u2013 21 novembro (14h45) \u2013 Gustavo Gomez joga 90 minutos na altitude de pouco mais [&hellip;]","og_url":"https:\/\/blogdoprosperi.com\/?p=46468","og_site_name":"PR\u00d3SPERI NEWS","article_publisher":"Luiz Pr\u00f3speri","article_author":"Luiz Pr\u00f3speri","article_published_time":"2024-11-21T17:56:16+00:00","article_modified_time":"2024-11-21T17:57:01+00:00","og_image":[{"width":800,"height":800,"url":"https:\/\/i0.wp.com\/blogdoprosperi.com\/wp-content\/uploads\/2024\/11\/54154419423_6aef428a98_c.jpg?fit=800%2C800&ssl=1","type":"image\/jpeg"}],"author":"Luiz Ant\u00f4nio Pr\u00f3speri","twitter_card":"summary_large_image","twitter_creator":"@Luizprosperi","twitter_site":"@Luizprosperi","twitter_misc":{"Escrito por":"Luiz Ant\u00f4nio Pr\u00f3speri","Est. tempo de leitura":"3 minutos"},"schema":{"@context":"https:\/\/schema.org","@graph":[{"@type":"Article","@id":"https:\/\/blogdoprosperi.com\/?p=46468#article","isPartOf":{"@id":"https:\/\/blogdoprosperi.com\/?p=46468"},"author":{"name":"Luiz Ant\u00f4nio Pr\u00f3speri","@id":"https:\/\/blogdoprosperi.com\/#\/schema\/person\/38100755ce3601861ee4fab9b5aa78e9"},"headline":"Palmeiras e Botafogo | Diferen\u00e7as a Favor de Abel Ferreira na Final do Brasileir\u00e3o","datePublished":"2024-11-21T17:56:16+00:00","dateModified":"2024-11-21T17:57:01+00:00","mainEntityOfPage":{"@id":"https:\/\/blogdoprosperi.com\/?p=46468"},"wordCount":532,"commentCount":1,"publisher":{"@id":"https:\/\/blogdoprosperi.com\/#\/schema\/person\/38100755ce3601861ee4fab9b5aa78e9"},"image":{"@id":"https:\/\/blogdoprosperi.com\/?p=46468#primaryimage"},"thumbnailUrl":"https:\/\/i0.wp.com\/blogdoprosperi.com\/wp-content\/uploads\/2024\/11\/54154419423_6aef428a98_c.jpg?fit=800%2C800&ssl=1","keywords":["Botafogo","brasileir\u00e3o 2024","futebol","gustavo gomez","Igor jesus","Luiz Ant\u00f4nio Pr\u00f3speri","Palmeiras","palmeiras x botafogo"],"articleSection":["futebol","opini\u00e3o"],"inLanguage":"pt-BR","potentialAction":[{"@type":"CommentAction","name":"Comment","target":["https:\/\/blogdoprosperi.com\/?p=46468#respond"]}]},{"@type":"WebPage","@id":"https:\/\/blogdoprosperi.com\/?p=46468","url":"https:\/\/blogdoprosperi.com\/?p=46468","name":"Palmeiras e Botafogo | Diferen\u00e7as a Favor de Abel Ferreira na Final do Brasileir\u00e3o - PR\u00d3SPERI NEWS","isPartOf":{"@id":"https:\/\/blogdoprosperi.com\/#website"},"primaryImageOfPage":{"@id":"https:\/\/blogdoprosperi.com\/?p=46468#primaryimage"},"image":{"@id":"https:\/\/blogdoprosperi.com\/?p=46468#primaryimage"},"thumbnailUrl":"https:\/\/i0.wp.com\/blogdoprosperi.com\/wp-content\/uploads\/2024\/11\/54154419423_6aef428a98_c.jpg?fit=800%2C800&ssl=1","datePublished":"2024-11-21T17:56:16+00:00","dateModified":"2024-11-21T17:57:01+00:00","breadcrumb":{"@id":"https:\/\/blogdoprosperi.com\/?p=46468#breadcrumb"},"inLanguage":"pt-BR","potentialAction":[{"@type":"ReadAction","target":["https:\/\/blogdoprosperi.com\/?p=46468"]}]},{"@type":"ImageObject","inLanguage":"pt-BR","@id":"https:\/\/blogdoprosperi.com\/?p=46468#primaryimage","url":"https:\/\/i0.wp.com\/blogdoprosperi.com\/wp-content\/uploads\/2024\/11\/54154419423_6aef428a98_c.jpg?fit=800%2C800&ssl=1","contentUrl":"https:\/\/i0.wp.com\/blogdoprosperi.com\/wp-content\/uploads\/2024\/11\/54154419423_6aef428a98_c.jpg?fit=800%2C800&ssl=1","width":800,"height":800,"caption":"Gomes abra\u00e7a Flaco \u2013 foto: Palmeiras oficial"},{"@type":"BreadcrumbList","@id":"https:\/\/blogdoprosperi.com\/?p=46468#breadcrumb","itemListElement":[{"@type":"ListItem","position":1,"name":"In\u00edcio","item":"https:\/\/blogdoprosperi.com\/"},{"@type":"ListItem","position":2,"name":"Palmeiras e Botafogo | Diferen\u00e7as a Favor de Abel Ferreira na Final do Brasileir\u00e3o"}]},{"@type":"WebSite","@id":"https:\/\/blogdoprosperi.com\/#website","url":"https:\/\/blogdoprosperi.com\/","name":"PR\u00d3SPERI NEWS","description":"TUDO \u00c9  FUTEBOL","publisher":{"@id":"https:\/\/blogdoprosperi.com\/#\/schema\/person\/38100755ce3601861ee4fab9b5aa78e9"},"alternateName":"blogdoprosperi.com","potentialAction":[{"@type":"SearchAction","target":{"@type":"EntryPoint","urlTemplate":"https:\/\/blogdoprosperi.com\/?s={search_term_string}"},"query-input":{"@type":"PropertyValueSpecification","valueRequired":true,"valueName":"search_term_string"}}],"inLanguage":"pt-BR"},{"@type":["Person","Organization"],"@id":"https:\/\/blogdoprosperi.com\/#\/schema\/person\/38100755ce3601861ee4fab9b5aa78e9","name":"Luiz Ant\u00f4nio Pr\u00f3speri","pronouns":"ele","image":{"@type":"ImageObject","inLanguage":"pt-BR","@id":"https:\/\/i0.wp.com\/blogdoprosperi.com\/wp-content\/uploads\/2026\/05\/cropped-8059e613-6002-42fa-961e-8e275f575d71-2-5.jpg?fit=1360%2C931&ssl=1","url":"https:\/\/i0.wp.com\/blogdoprosperi.com\/wp-content\/uploads\/2026\/05\/cropped-8059e613-6002-42fa-961e-8e275f575d71-2-5.jpg?fit=1360%2C931&ssl=1","contentUrl":"https:\/\/i0.wp.com\/blogdoprosperi.com\/wp-content\/uploads\/2026\/05\/cropped-8059e613-6002-42fa-961e-8e275f575d71-2-5.jpg?fit=1360%2C931&ssl=1","width":1360,"height":931,"caption":"Luiz Ant\u00f4nio Pr\u00f3speri"},"logo":{"@id":"https:\/\/i0.wp.com\/blogdoprosperi.com\/wp-content\/uploads\/2026\/05\/cropped-8059e613-6002-42fa-961e-8e275f575d71-2-5.jpg?fit=1360%2C931&ssl=1"},"description":"Jornalista com carreira dedicada ao esporte. Cobriu 9 Copas do Mundo in loco, 1990 na It\u00e1lia, 1994 nos EUA, 1998 na Fran\u00e7a, 2002 na Coreia do Sul e Jap\u00e3o, 2006 na Alemanha, 2010 na \u00c1frica do Sul, 2014 no Brasil, 2018 na R\u00fassia e 2022 no Qatar. Eurocopas, 1992 na Su\u00e9cia e 1996 na Inglaterra. Copa das Confedera\u00e7\u00f5es de 2005 na Alemanha e 2009 na \u00c1frica do Sul. Rep\u00f3rter e Editor, trabalhou no Jornal da Tarde e Estad\u00e3o, de 1984 a fevereiro de 2016. Colunista, blogueiro. E comentarista de futebol na R\u00e1dio Estad\u00e3o, de 2013 a fevereiro de 2016. Jornalista respons\u00e1vel do \"Pr\u00f3speri News\" (blogdoprosperi.com).","sameAs":["http:\/\/blogdoprosperi.com","Luiz Pr\u00f3speri","@luiz_prosperi","https:\/\/x.com\/Luizprosperi","@prosperinacopa","luiz.prosperi@icloud.com"],"url":"https:\/\/blogdoprosperi.com\/?author=102107496"}]}},"jetpack_publicize_connections":[],"jetpack_likes_enabled":false,"jetpack_sharing_enabled":true,"jetpack_shortlink":"https:\/\/wp.me\/p7jvdk-c5u","jetpack-related-posts":[{"id":45813,"url":"https:\/\/blogdoprosperi.com\/?p=45813","url_meta":{"origin":46468,"position":0},"title":"Brasil Precisa de Mais Brasil nas Eliminat\u00f3rias Sul-Americanas da Copa 2026","author":"Luiz Ant\u00f4nio Pr\u00f3speri","date":"11 de outubro de 2024","format":false,"excerpt":"Luiz Ant\u00f4nio Pr\u00f3speri \u2013 11 outubro (12h00) Botafogo empresta tr\u00eas jogadores \u00e0 Sele\u00e7\u00e3o Brasileira de Dorival Junior. Dois deles \u2013 Ygor Jesus e Luiz Henrique \u2013 convertem os gols da vit\u00f3ria (2 a 1) contra o Chile na quinta-feira (10\/10). O gol dos chilenos foi de Vargas, atacante reserva do\u2026","rel":"","context":"Em &quot;futebol&quot;","block_context":{"text":"futebol","link":"https:\/\/blogdoprosperi.com\/?cat=53870"},"img":{"alt_text":"Brasil precisa de mais Brasil nas Eliminat\u00f3rias","src":"https:\/\/i0.wp.com\/blogdoprosperi.com\/wp-content\/uploads\/2024\/10\/54058732893_a40e895ecc_k.jpg?fit=1200%2C819&ssl=1&resize=350%2C200","width":350,"height":200,"srcset":"https:\/\/i0.wp.com\/blogdoprosperi.com\/wp-content\/uploads\/2024\/10\/54058732893_a40e895ecc_k.jpg?fit=1200%2C819&ssl=1&resize=350%2C200 1x, https:\/\/i0.wp.com\/blogdoprosperi.com\/wp-content\/uploads\/2024\/10\/54058732893_a40e895ecc_k.jpg?fit=1200%2C819&ssl=1&resize=525%2C300 1.5x, https:\/\/i0.wp.com\/blogdoprosperi.com\/wp-content\/uploads\/2024\/10\/54058732893_a40e895ecc_k.jpg?fit=1200%2C819&ssl=1&resize=700%2C400 2x, https:\/\/i0.wp.com\/blogdoprosperi.com\/wp-content\/uploads\/2024\/10\/54058732893_a40e895ecc_k.jpg?fit=1200%2C819&ssl=1&resize=1050%2C600 3x"},"classes":[]},{"id":46525,"url":"https:\/\/blogdoprosperi.com\/?p=46525","url_meta":{"origin":46468,"position":1},"title":"Palmeiras e Botafogo \u2013 Decis\u00e3o | Time de Abel Larga na Pole, Artur Acusa Golpe","author":"Luiz Ant\u00f4nio Pr\u00f3speri","date":"25 de novembro de 2024","format":false,"excerpt":"Luiz Ant\u00f4nio Pr\u00f3speri \u2013 25 novembro \u2013 atualizado 26 novembro (12h40) \u2013 Palmeiras e Botafogo decidem Brasileir\u00e3o 2024 ter\u00e7a-feira (26\/11) na casa alviverde. Iguais no n\u00famero de pontos (70 a 70), time paulista tem vantagem no crit\u00e9rio de desempate com uma vit\u00f3ria a mais (21 a 20). Matem\u00e1ticos e analistas\u2026","rel":"","context":"Em &quot;futebol&quot;","block_context":{"text":"futebol","link":"https:\/\/blogdoprosperi.com\/?cat=53870"},"img":{"alt_text":"Time de Abel Ferreira larga na frente contra Botafogo","src":"https:\/\/i0.wp.com\/blogdoprosperi.com\/wp-content\/uploads\/2024\/11\/54160663650_ea2b7b6b97_h.jpg?fit=1200%2C675&ssl=1&resize=350%2C200","width":350,"height":200,"srcset":"https:\/\/i0.wp.com\/blogdoprosperi.com\/wp-content\/uploads\/2024\/11\/54160663650_ea2b7b6b97_h.jpg?fit=1200%2C675&ssl=1&resize=350%2C200 1x, https:\/\/i0.wp.com\/blogdoprosperi.com\/wp-content\/uploads\/2024\/11\/54160663650_ea2b7b6b97_h.jpg?fit=1200%2C675&ssl=1&resize=525%2C300 1.5x, https:\/\/i0.wp.com\/blogdoprosperi.com\/wp-content\/uploads\/2024\/11\/54160663650_ea2b7b6b97_h.jpg?fit=1200%2C675&ssl=1&resize=700%2C400 2x, https:\/\/i0.wp.com\/blogdoprosperi.com\/wp-content\/uploads\/2024\/11\/54160663650_ea2b7b6b97_h.jpg?fit=1200%2C675&ssl=1&resize=1050%2C600 3x"},"classes":[]},{"id":46592,"url":"https:\/\/blogdoprosperi.com\/?p=46592","url_meta":{"origin":46468,"position":2},"title":"Botafogo Vence Palmeiras e Escancara Diferen\u00e7a de Jogadores Decisivos","author":"Luiz Ant\u00f4nio Pr\u00f3speri","date":"27 de novembro de 2024","format":false,"excerpt":"Luiz Ant\u00f4nio Pr\u00f3speri \u2013 27 novembro (12h50) \u2013 Botafogo vence (3 a 1) Palmeiras, abre tr\u00eas pontos do rival na corrida do t\u00edtulo e fica perto de levantar a ta\u00e7a do Brasileir\u00e3o 2024. Desde 1995, o time da famosa Estrela Solit\u00e1ria n\u00e3o \u00e9 campe\u00e3o brasileiro. O que falta fazer? Um\u2026","rel":"","context":"Em &quot;opini\u00e3o&quot;","block_context":{"text":"opini\u00e3o","link":"https:\/\/blogdoprosperi.com\/?cat=3919"},"img":{"alt_text":"Botafogo vence Palmeiras e escancara diferen\u00e7as","src":"https:\/\/i0.wp.com\/blogdoprosperi.com\/wp-content\/uploads\/2024\/11\/54167605640_df18f004f3_h.jpg?fit=1200%2C675&ssl=1&resize=350%2C200","width":350,"height":200,"srcset":"https:\/\/i0.wp.com\/blogdoprosperi.com\/wp-content\/uploads\/2024\/11\/54167605640_df18f004f3_h.jpg?fit=1200%2C675&ssl=1&resize=350%2C200 1x, https:\/\/i0.wp.com\/blogdoprosperi.com\/wp-content\/uploads\/2024\/11\/54167605640_df18f004f3_h.jpg?fit=1200%2C675&ssl=1&resize=525%2C300 1.5x, https:\/\/i0.wp.com\/blogdoprosperi.com\/wp-content\/uploads\/2024\/11\/54167605640_df18f004f3_h.jpg?fit=1200%2C675&ssl=1&resize=700%2C400 2x, https:\/\/i0.wp.com\/blogdoprosperi.com\/wp-content\/uploads\/2024\/11\/54167605640_df18f004f3_h.jpg?fit=1200%2C675&ssl=1&resize=1050%2C600 3x"},"classes":[]},{"id":45452,"url":"https:\/\/blogdoprosperi.com\/?p=45452","url_meta":{"origin":46468,"position":3},"title":"Brasileir\u00e3o | An\u00e1lise: 5 Temas da 27.\u00aa Rodada com Palmeiras \u00e0 Ca\u00e7a do Botafogo e a Volta de Fernando Diniz","author":"Luiz Ant\u00f4nio Pr\u00f3speri","date":"23 de setembro de 2024","format":false,"excerpt":"Luiz Ant\u00f4nio Pr\u00f3speri \u2013 23 setembro (13h05) Palmeiras vence Vasco e n\u00e3o desgruda do Botafogo. Cruzeiro troca t\u00e9cnico Fernando Seabra por Fernando Diniz, de volta ao futebol ap\u00f3s demiss\u00e3o no Fluminense e Sele\u00e7\u00e3o Brasileira. Flamengo, por decreto, e S\u00e3o Paulo, por fraqueza, desistem do Brasileir\u00e3o. Confira 5 pontos de discuss\u00e3o\u2026","rel":"","context":"Em &quot;futebol&quot;","block_context":{"text":"futebol","link":"https:\/\/blogdoprosperi.com\/?cat=53870"},"img":{"alt_text":"Brasileir\u00e3o: Palmeiras ca\u00e7a Botafogo","src":"https:\/\/i0.wp.com\/blogdoprosperi.com\/wp-content\/uploads\/2024\/09\/54014048711_628f7cda8c_c.jpg?fit=710%2C800&ssl=1&resize=350%2C200","width":350,"height":200,"srcset":"https:\/\/i0.wp.com\/blogdoprosperi.com\/wp-content\/uploads\/2024\/09\/54014048711_628f7cda8c_c.jpg?fit=710%2C800&ssl=1&resize=350%2C200 1x, https:\/\/i0.wp.com\/blogdoprosperi.com\/wp-content\/uploads\/2024\/09\/54014048711_628f7cda8c_c.jpg?fit=710%2C800&ssl=1&resize=525%2C300 1.5x, https:\/\/i0.wp.com\/blogdoprosperi.com\/wp-content\/uploads\/2024\/09\/54014048711_628f7cda8c_c.jpg?fit=710%2C800&ssl=1&resize=700%2C400 2x"},"classes":[]},{"id":44333,"url":"https:\/\/blogdoprosperi.com\/?p=44333","url_meta":{"origin":46468,"position":4},"title":"Copa do Brasil \u2013 Flamengo x Palmeiras: a dura caminhada de Abel Ferreira at\u00e9 o topo da montanha","author":"Luiz Ant\u00f4nio Pr\u00f3speri","date":"18 de julho de 2024","format":false,"excerpt":"Sorteio da Copa do Brasil tem confronto Palmeiras x Flamengo nas oitavas de final. Um deles, apontados como os mais poderosos clubes brasileiros, vai ficar no meio do caminho. E perder a oportunidade de embolsar cerca de 94 milh\u00f5es na soma da premia\u00e7\u00e3o total da CB. Palmeiras decide a vaga\u2026","rel":"","context":"Em &quot;futebol&quot;","block_context":{"text":"futebol","link":"https:\/\/blogdoprosperi.com\/?cat=53870"},"img":{"alt_text":"","src":"https:\/\/i0.wp.com\/blogdoprosperi.com\/wp-content\/uploads\/2024\/07\/zyqmery5.jpeg?fit=600%2C375&ssl=1&resize=350%2C200","width":350,"height":200,"srcset":"https:\/\/i0.wp.com\/blogdoprosperi.com\/wp-content\/uploads\/2024\/07\/zyqmery5.jpeg?fit=600%2C375&ssl=1&resize=350%2C200 1x, https:\/\/i0.wp.com\/blogdoprosperi.com\/wp-content\/uploads\/2024\/07\/zyqmery5.jpeg?fit=600%2C375&ssl=1&resize=525%2C300 1.5x"},"classes":[]},{"id":46700,"url":"https:\/\/blogdoprosperi.com\/?p=46700","url_meta":{"origin":46468,"position":5},"title":"John Textor | I Love Flamengo","author":"Luiz Ant\u00f4nio Pr\u00f3speri","date":"2 de dezembro de 2024","format":false,"excerpt":"Luiz Ant\u00f4nio Pr\u00f3speri \u2013 2 dezembro (10h35) \u2013 Praia de Botafogo abarrotada de torcedores, domingo (01\/12), \u00e0 noite. Tr\u00eas trios el\u00e9tricos embalando a massa. Do alto de um deles, o americano John Textor se esbalda na comemora\u00e7\u00e3o da conquista da Libertadores da Am\u00e9rica. Ao ser entrevistado por uma rep\u00f3rter do\u2026","rel":"","context":"Em &quot;futebol&quot;","block_context":{"text":"futebol","link":"https:\/\/blogdoprosperi.com\/?cat=53870"},"img":{"alt_text":"Textor repete gesto de Tulio Maravilha em 1995","src":"https:\/\/i0.wp.com\/blogdoprosperi.com\/wp-content\/uploads\/2024\/12\/john-textor-replica-tulio-maravilha-em-chegada-epica-do-botafogo-ao-rio2c-apos-titulo-da-libertadores.jpg.webp?fit=984%2C656&ssl=1&resize=350%2C200","width":350,"height":200,"srcset":"https:\/\/i0.wp.com\/blogdoprosperi.com\/wp-content\/uploads\/2024\/12\/john-textor-replica-tulio-maravilha-em-chegada-epica-do-botafogo-ao-rio2c-apos-titulo-da-libertadores.jpg.webp?fit=984%2C656&ssl=1&resize=350%2C200 1x, https:\/\/i0.wp.com\/blogdoprosperi.com\/wp-content\/uploads\/2024\/12\/john-textor-replica-tulio-maravilha-em-chegada-epica-do-botafogo-ao-rio2c-apos-titulo-da-libertadores.jpg.webp?fit=984%2C656&ssl=1&resize=525%2C300 1.5x, https:\/\/i0.wp.com\/blogdoprosperi.com\/wp-content\/uploads\/2024\/12\/john-textor-replica-tulio-maravilha-em-chegada-epica-do-botafogo-ao-rio2c-apos-titulo-da-libertadores.jpg.webp?fit=984%2C656&ssl=1&resize=700%2C400 2x"},"classes":[]}],"jetpack_featured_media_url":"https:\/\/i0.wp.com\/blogdoprosperi.com\/wp-content\/uploads\/2024\/11\/54154419423_6aef428a98_c.jpg?fit=800%2C800&ssl=1","_links":{"self":[{"href":"https:\/\/blogdoprosperi.com\/index.php?rest_route=\/wp\/v2\/posts\/46468","targetHints":{"allow":["GET"]}}],"collection":[{"href":"https:\/\/blogdoprosperi.com\/index.php?rest_route=\/wp\/v2\/posts"}],"about":[{"href":"https:\/\/blogdoprosperi.com\/index.php?rest_route=\/wp\/v2\/types\/post"}],"author":[{"embeddable":true,"href":"https:\/\/blogdoprosperi.com\/index.php?rest_route=\/wp\/v2\/users\/102107496"}],"replies":[{"embeddable":true,"href":"https:\/\/blogdoprosperi.com\/index.php?rest_route=%2Fwp%2Fv2%2Fcomments&post=46468"}],"version-history":[{"count":14,"href":"https:\/\/blogdoprosperi.com\/index.php?rest_route=\/wp\/v2\/posts\/46468\/revisions"}],"predecessor-version":[{"id":46495,"href":"https:\/\/blogdoprosperi.com\/index.php?rest_route=\/wp\/v2\/posts\/46468\/revisions\/46495"}],"wp:featuredmedia":[{"embeddable":true,"href":"https:\/\/blogdoprosperi.com\/index.php?rest_route=\/wp\/v2\/media\/46478"}],"wp:attachment":[{"href":"https:\/\/blogdoprosperi.com\/index.php?rest_route=%2Fwp%2Fv2%2Fmedia&parent=46468"}],"wp:term":[{"taxonomy":"category","embeddable":true,"href":"https:\/\/blogdoprosperi.com\/index.php?rest_route=%2Fwp%2Fv2%2Fcategories&post=46468"},{"taxonomy":"post_tag","embeddable":true,"href":"https:\/\/blogdoprosperi.com\/index.php?rest_route=%2Fwp%2Fv2%2Ftags&post=46468"}],"curies":[{"name":"wp","href":"https:\/\/api.w.org\/{rel}","templated":true}]}}