{"id":46627,"date":"2024-11-29T12:31:09","date_gmt":"2024-11-29T15:31:09","guid":{"rendered":"https:\/\/blogdoprosperi.com\/?p=46627"},"modified":"2024-11-29T12:33:14","modified_gmt":"2024-11-29T15:33:14","slug":"vaquinha-de-torcedores-do-corinthians-projeta-quitar-divida-da-arena-em-100-dias","status":"publish","type":"post","link":"https:\/\/blogdoprosperi.com\/?p=46627","title":{"rendered":"&#8220;Vaquinha&#8221; de Torcedores do Corinthians Indica Pagamento da  D\u00edvida da Arena em 100 Dias"},"content":{"rendered":"<p><em>Luiz Ant\u00f4nio Pr\u00f3speri \u2013 29 novembro (12h25) \u2013<\/em><\/p>\n<p>Torcida do Corinthians humilha dirigentes do clube com a &#8220;vaquinha&#8221; para quitar a d\u00edvida da Arena em Itaquera. No primeiro dia de doa\u00e7\u00f5es, a Fiel arrecadou R$ 7,2 milh\u00f5es na quinta-feira (28\/11). D\u00edvida do clube com a Caixa Econ\u00f4mica Federal \u00e9 de R$ 710 milh\u00f5es. A campanha tem validade de seis meses \u2013 180 dias. Nessa toada \u2013 m\u00e9dia di\u00e1ria de R$ 7 milh\u00f5es arrecadados \u2013, a proje\u00e7\u00e3o indica que em cem dias a d\u00edvida ser\u00e1 paga. Se a euforia de in\u00edcio da &#8220;vaquinha&#8221; diminuir nas pr\u00f3ximas semanas, o montante di\u00e1rio de doa\u00e7\u00f5es tende a cair. Mas n\u00e3o \u00e9 essa a proje\u00e7\u00e3o dos idealizadores da campanha.<\/p>\n<p>Sucesso da arrecada\u00e7\u00e3o, esperam os respons\u00e1veis pelo programa de doa\u00e7\u00f5es, vem da for\u00e7a da torcida. Pesquisa DataFolha, divulgada sexta-feira (29\/11), mostra que o Corinthians tem a segunda maior torcida (14%) do Brasil, atr\u00e1s apenas do Flamengo, o primeiro com 19%.<\/p>\n<p>Na regi\u00e3o Sudeste, a de mais impacto econ\u00f4mico do pa\u00eds, Corinthians lidera com 20%. Flamengo aparece em segundo, com 15%.<\/p>\n<p>Na regi\u00e3o Sul, Corinthians \u00e9 terceiro ao lado do Flamengo com 9% da prefer\u00eancia dos torcedores, atr\u00e1s apenas de Gr\u00eamio (23%) e Internacional (18%).<\/p>\n<p>Diante desse levantamento DataFolha n\u00e3o \u00e9 errado projetar o sucesso da &#8220;vaquinha&#8221; da Fiel para quitar a d\u00edvida do est\u00e1dio inagurado em 2014.<\/p>\n<p>A campanha de doa\u00e7\u00f5es \u00e9 feita por meio de um site oficial (<a href=\"https:\/\/www.doearenacorinthians.com.br\">https:\/\/www.doearenacorinthians.com.br<\/a>), Doador faz o cadastro, em seguida \u00e9 gerado um c\u00f3digo QR para pagamento via PIX.<\/p>\n<p>Primeira atualiza\u00e7\u00e3o oficial de arrecada\u00e7\u00e3o, \u00e0s 10h09 dessa sexta-feira (29\/11), j\u00e1 apontava R$ 11.114.979,00. E \u00e0s 12h, alcan\u00e7ava R$ 11.263.008,00.<\/p>\n<figure id=\"attachment_46636\" aria-describedby=\"caption-attachment-46636\" style=\"width: 639px\" class=\"wp-caption alignnone\"><img data-recalc-dims=\"1\" loading=\"lazy\" decoding=\"async\" data-attachment-id=\"46636\" data-permalink=\"https:\/\/blogdoprosperi.com\/?attachment_id=46636\" data-orig-file=\"https:\/\/i0.wp.com\/blogdoprosperi.com\/wp-content\/uploads\/2024\/11\/captura-de-tela-2024-11-29-as-12.18.02.png?fit=2344%2C1200&amp;ssl=1\" data-orig-size=\"2344,1200\" data-comments-opened=\"1\" data-image-meta=\"{&quot;aperture&quot;:&quot;0&quot;,&quot;credit&quot;:&quot;&quot;,&quot;camera&quot;:&quot;&quot;,&quot;caption&quot;:&quot;&quot;,&quot;created_timestamp&quot;:&quot;0&quot;,&quot;copyright&quot;:&quot;&quot;,&quot;focal_length&quot;:&quot;0&quot;,&quot;iso&quot;:&quot;0&quot;,&quot;shutter_speed&quot;:&quot;0&quot;,&quot;title&quot;:&quot;&quot;,&quot;orientation&quot;:&quot;0&quot;}\" data-image-title=\"\" data-image-description=\"\" data-image-caption=\"&lt;p&gt;reprodu\u00e7\u00e3o \u2013 site oficial&lt;\/p&gt;\n\" data-large-file=\"https:\/\/i0.wp.com\/blogdoprosperi.com\/wp-content\/uploads\/2024\/11\/captura-de-tela-2024-11-29-as-12.18.02.png?fit=940%2C481&amp;ssl=1\" class=\" wp-image-46636\" src=\"https:\/\/i0.wp.com\/blogdoprosperi.com\/wp-content\/uploads\/2024\/11\/captura-de-tela-2024-11-29-as-12.18.02.png?resize=639%2C327&#038;ssl=1\" alt=\"\" width=\"639\" height=\"327\" \/><figcaption id=\"caption-attachment-46636\" class=\"wp-caption-text\"><em>reprodu\u00e7\u00e3o \u2013 site oficial<\/em><\/figcaption><\/figure>\n<p>Campanha tamb\u00e9m sofre com poss\u00edveis fraudes. Pouco mais 30 sites falsos foram identificados e derrubados por uma empresa contratada pela campanha para garantir a seguran\u00e7a da &#8220;vaquinha&#8221;, segundo reportagem do site globo esporte (ge) publicada nessa sexta-feira (29\/11).<\/p>\n<p><strong>IMPEACHMENT DO PRESIDENTE<\/strong><\/p>\n<p>Enquanto torcedores abra\u00e7am a campanha para quitar a d\u00edvida da arena, dirigentes do Corinthians continuam envolvidos em problemas policiais. Impeachment do presidente Augusto Melo, previsto \u00a0para quinta-feira (28\/11), foi adiado para segunda-feira (2\/12).<\/p>\n<p>Processo contra Augusto Melo tem como tema central o contrato de patroc\u00ednio assinado com a empresa Vai de Bet (apostas esportivas).<\/p>\n<p><em>leia reportagem do globo esporte:<\/em><\/p>\n<p><a href=\"https:\/\/ge.globo.com\/futebol\/times\/corinthians\/noticia\/2024\/11\/29\/o-intermediario-que-pode-levar-augusto-melo-ao-impeachment-no-corinthians.ghtml\">https:\/\/ge.globo.com\/futebol\/times\/corinthians\/noticia\/2024\/11\/29\/o-intermediario-que-pode-levar-augusto-melo-ao-impeachment-no-corinthians.ghtml\u00a0<\/a><\/p>\n<p>Presidente Augusto Melo divulgou nessa sexta-feira que a <strong>d\u00edvida do Corinthians hoje \u00e9 de R$ 2,4 bilh\u00f5es \u2013 R$ 100 milh\u00f5es a mais<\/strong> do que havia sido informado pelo clube em setembro.<\/p>\n","protected":false},"excerpt":{"rendered":"<p>Luiz Ant\u00f4nio Pr\u00f3speri \u2013 29 novembro (12h25) \u2013 Torcida do Corinthians humilha dirigentes do clube com a &#8220;vaquinha&#8221; [&hellip;]<\/p>\n","protected":false},"author":102107496,"featured_media":45940,"comment_status":"open","ping_status":"open","sticky":false,"template":"","format":"standard","meta":{"_coblocks_attr":"","_coblocks_dimensions":"","_coblocks_responsive_height":"","_coblocks_accordion_ie_support":"","_jetpack_newsletter_access":"","_jetpack_dont_email_post_to_subs":false,"_jetpack_newsletter_tier_id":0,"_jetpack_memberships_contains_paywalled_content":false,"_wpcom_ai_launchpad_first_post":false,"_jetpack_feature_clip_id":0,"_jetpack_memberships_contains_paid_content":false,"footnotes":"","jetpack_publicize_message":"","jetpack_publicize_feature_enabled":true,"jetpack_social_post_already_shared":false,"jetpack_social_options":{"image_generator_settings":{"template":"highway","default_image_id":0,"font":"","enabled":false},"version":2},"jetpack_post_was_ever_published":false},"categories":[53870,20384],"tags":[1524922,177066,776370024,789560560,2609006,789560573,8634823,776370023],"class_list":["post-46627","post","type-post","status-publish","format-standard","has-post-thumbnail","hentry","category-futebol","category-informacao","tag-caixa-economica-federal","tag-corinthians","tag-divida-arena-itaquera","tag-futebol","tag-gavioes-da-fiel","tag-luiz-antonio-prosperi","tag-torcida-corinthians","tag-vaquinha-corinthians"],"yoast_head":"<!-- This site is optimized with the Yoast SEO plugin v28.3 - https:\/\/yoast.com\/product\/yoast-seo-wordpress\/ -->\n<title>&quot;Vaquinha&quot; de Torcedores do Corinthians Indica Pagamento da D\u00edvida da Arena em 100 Dias - PR\u00d3SPERI NEWS<\/title>\n<meta name=\"robots\" content=\"index, follow, max-snippet:-1, max-image-preview:large, max-video-preview:-1\" \/>\n<link rel=\"canonical\" href=\"https:\/\/blogdoprosperi.com\/?p=46627\" \/>\n<meta property=\"og:locale\" content=\"pt_BR\" \/>\n<meta property=\"og:type\" content=\"article\" \/>\n<meta property=\"og:title\" content=\"&quot;Vaquinha&quot; de Torcedores do Corinthians Indica Pagamento da D\u00edvida da Arena em 100 Dias - PR\u00d3SPERI NEWS\" \/>\n<meta property=\"og:description\" content=\"Luiz Ant\u00f4nio Pr\u00f3speri \u2013 29 novembro (12h25) \u2013 Torcida do Corinthians humilha dirigentes do clube com a &#8220;vaquinha&#8221; [&hellip;]\" \/>\n<meta property=\"og:url\" content=\"https:\/\/blogdoprosperi.com\/?p=46627\" \/>\n<meta property=\"og:site_name\" content=\"PR\u00d3SPERI NEWS\" \/>\n<meta property=\"article:publisher\" content=\"Luiz Pr\u00f3speri\" \/>\n<meta property=\"article:author\" content=\"Luiz Pr\u00f3speri\" \/>\n<meta property=\"article:published_time\" content=\"2024-11-29T15:31:09+00:00\" \/>\n<meta property=\"article:modified_time\" content=\"2024-11-29T15:33:14+00:00\" \/>\n<meta property=\"og:image\" content=\"https:\/\/i0.wp.com\/blogdoprosperi.com\/wp-content\/uploads\/2024\/10\/neo-quimica-arena-_01.jpg?fit=1200%2C856&ssl=1\" \/>\n\t<meta property=\"og:image:width\" content=\"1200\" \/>\n\t<meta property=\"og:image:height\" content=\"856\" \/>\n\t<meta property=\"og:image:type\" content=\"image\/jpeg\" \/>\n<meta name=\"author\" content=\"Luiz Ant\u00f4nio Pr\u00f3speri\" \/>\n<meta name=\"twitter:card\" content=\"summary_large_image\" \/>\n<meta name=\"twitter:creator\" content=\"@Luizprosperi\" \/>\n<meta name=\"twitter:site\" content=\"@Luizprosperi\" \/>\n<meta name=\"twitter:label1\" content=\"Escrito por\" \/>\n\t<meta name=\"twitter:data1\" content=\"Luiz Ant\u00f4nio Pr\u00f3speri\" \/>\n\t<meta name=\"twitter:label2\" content=\"Est. tempo de leitura\" \/>\n\t<meta name=\"twitter:data2\" content=\"2 minutos\" \/>\n<script type=\"application\/ld+json\" class=\"yoast-schema-graph\">{\"@context\":\"https:\\\/\\\/schema.org\",\"@graph\":[{\"@type\":\"Article\",\"@id\":\"https:\\\/\\\/blogdoprosperi.com\\\/?p=46627#article\",\"isPartOf\":{\"@id\":\"https:\\\/\\\/blogdoprosperi.com\\\/?p=46627\"},\"author\":{\"name\":\"Luiz Ant\u00f4nio Pr\u00f3speri\",\"@id\":\"https:\\\/\\\/blogdoprosperi.com\\\/#\\\/schema\\\/person\\\/38100755ce3601861ee4fab9b5aa78e9\"},\"headline\":\"&#8220;Vaquinha&#8221; de Torcedores do Corinthians Indica Pagamento da D\u00edvida da Arena em 100 Dias\",\"datePublished\":\"2024-11-29T15:31:09+00:00\",\"dateModified\":\"2024-11-29T15:33:14+00:00\",\"mainEntityOfPage\":{\"@id\":\"https:\\\/\\\/blogdoprosperi.com\\\/?p=46627\"},\"wordCount\":451,\"commentCount\":0,\"publisher\":{\"@id\":\"https:\\\/\\\/blogdoprosperi.com\\\/#\\\/schema\\\/person\\\/38100755ce3601861ee4fab9b5aa78e9\"},\"image\":{\"@id\":\"https:\\\/\\\/blogdoprosperi.com\\\/?p=46627#primaryimage\"},\"thumbnailUrl\":\"https:\\\/\\\/i0.wp.com\\\/blogdoprosperi.com\\\/wp-content\\\/uploads\\\/2024\\\/10\\\/neo-quimica-arena-_01.jpg?fit=1200%2C856&ssl=1\",\"keywords\":[\"caixa econ\u00f4mica federal\",\"Corinthians\",\"d\u00edvida arena itaquera\",\"futebol\",\"Gavi\u00f5es da Fiel\",\"Luiz Ant\u00f4nio Pr\u00f3speri\",\"torcida corinthians\",\"vaquinha corinthians\"],\"articleSection\":[\"futebol\",\"informa\u00e7\u00e3o\"],\"inLanguage\":\"pt-BR\",\"potentialAction\":[{\"@type\":\"CommentAction\",\"name\":\"Comment\",\"target\":[\"https:\\\/\\\/blogdoprosperi.com\\\/?p=46627#respond\"]}]},{\"@type\":\"WebPage\",\"@id\":\"https:\\\/\\\/blogdoprosperi.com\\\/?p=46627\",\"url\":\"https:\\\/\\\/blogdoprosperi.com\\\/?p=46627\",\"name\":\"\\\"Vaquinha\\\" de Torcedores do Corinthians Indica Pagamento da D\u00edvida da Arena em 100 Dias - PR\u00d3SPERI NEWS\",\"isPartOf\":{\"@id\":\"https:\\\/\\\/blogdoprosperi.com\\\/#website\"},\"primaryImageOfPage\":{\"@id\":\"https:\\\/\\\/blogdoprosperi.com\\\/?p=46627#primaryimage\"},\"image\":{\"@id\":\"https:\\\/\\\/blogdoprosperi.com\\\/?p=46627#primaryimage\"},\"thumbnailUrl\":\"https:\\\/\\\/i0.wp.com\\\/blogdoprosperi.com\\\/wp-content\\\/uploads\\\/2024\\\/10\\\/neo-quimica-arena-_01.jpg?fit=1200%2C856&ssl=1\",\"datePublished\":\"2024-11-29T15:31:09+00:00\",\"dateModified\":\"2024-11-29T15:33:14+00:00\",\"breadcrumb\":{\"@id\":\"https:\\\/\\\/blogdoprosperi.com\\\/?p=46627#breadcrumb\"},\"inLanguage\":\"pt-BR\",\"potentialAction\":[{\"@type\":\"ReadAction\",\"target\":[\"https:\\\/\\\/blogdoprosperi.com\\\/?p=46627\"]}]},{\"@type\":\"ImageObject\",\"inLanguage\":\"pt-BR\",\"@id\":\"https:\\\/\\\/blogdoprosperi.com\\\/?p=46627#primaryimage\",\"url\":\"https:\\\/\\\/i0.wp.com\\\/blogdoprosperi.com\\\/wp-content\\\/uploads\\\/2024\\\/10\\\/neo-quimica-arena-_01.jpg?fit=1200%2C856&ssl=1\",\"contentUrl\":\"https:\\\/\\\/i0.wp.com\\\/blogdoprosperi.com\\\/wp-content\\\/uploads\\\/2024\\\/10\\\/neo-quimica-arena-_01.jpg?fit=1200%2C856&ssl=1\",\"width\":1200,\"height\":856,\"caption\":\"Arena do Corinthians - Foto: Jo\u00e3o Paulo \u2013 JP Drone\\\/Neo Qu\u00edmica\"},{\"@type\":\"BreadcrumbList\",\"@id\":\"https:\\\/\\\/blogdoprosperi.com\\\/?p=46627#breadcrumb\",\"itemListElement\":[{\"@type\":\"ListItem\",\"position\":1,\"name\":\"In\u00edcio\",\"item\":\"https:\\\/\\\/blogdoprosperi.com\\\/\"},{\"@type\":\"ListItem\",\"position\":2,\"name\":\"&#8220;Vaquinha&#8221; de Torcedores do Corinthians Indica Pagamento da D\u00edvida da Arena em 100 Dias\"}]},{\"@type\":\"WebSite\",\"@id\":\"https:\\\/\\\/blogdoprosperi.com\\\/#website\",\"url\":\"https:\\\/\\\/blogdoprosperi.com\\\/\",\"name\":\"PR\u00d3SPERI NEWS\",\"description\":\"TUDO \u00c9  FUTEBOL\",\"publisher\":{\"@id\":\"https:\\\/\\\/blogdoprosperi.com\\\/#\\\/schema\\\/person\\\/38100755ce3601861ee4fab9b5aa78e9\"},\"alternateName\":\"blogdoprosperi.com\",\"potentialAction\":[{\"@type\":\"SearchAction\",\"target\":{\"@type\":\"EntryPoint\",\"urlTemplate\":\"https:\\\/\\\/blogdoprosperi.com\\\/?s={search_term_string}\"},\"query-input\":{\"@type\":\"PropertyValueSpecification\",\"valueRequired\":true,\"valueName\":\"search_term_string\"}}],\"inLanguage\":\"pt-BR\"},{\"@type\":[\"Person\",\"Organization\"],\"@id\":\"https:\\\/\\\/blogdoprosperi.com\\\/#\\\/schema\\\/person\\\/38100755ce3601861ee4fab9b5aa78e9\",\"name\":\"Luiz Ant\u00f4nio Pr\u00f3speri\",\"pronouns\":\"ele\",\"image\":{\"@type\":\"ImageObject\",\"inLanguage\":\"pt-BR\",\"@id\":\"https:\\\/\\\/i0.wp.com\\\/blogdoprosperi.com\\\/wp-content\\\/uploads\\\/2026\\\/05\\\/cropped-8059e613-6002-42fa-961e-8e275f575d71-2-5.jpg?fit=1360%2C931&ssl=1\",\"url\":\"https:\\\/\\\/i0.wp.com\\\/blogdoprosperi.com\\\/wp-content\\\/uploads\\\/2026\\\/05\\\/cropped-8059e613-6002-42fa-961e-8e275f575d71-2-5.jpg?fit=1360%2C931&ssl=1\",\"contentUrl\":\"https:\\\/\\\/i0.wp.com\\\/blogdoprosperi.com\\\/wp-content\\\/uploads\\\/2026\\\/05\\\/cropped-8059e613-6002-42fa-961e-8e275f575d71-2-5.jpg?fit=1360%2C931&ssl=1\",\"width\":1360,\"height\":931,\"caption\":\"Luiz Ant\u00f4nio Pr\u00f3speri\"},\"logo\":{\"@id\":\"https:\\\/\\\/i0.wp.com\\\/blogdoprosperi.com\\\/wp-content\\\/uploads\\\/2026\\\/05\\\/cropped-8059e613-6002-42fa-961e-8e275f575d71-2-5.jpg?fit=1360%2C931&ssl=1\"},\"description\":\"Jornalista com carreira dedicada ao esporte. Cobriu 9 Copas do Mundo in loco, 1990 na It\u00e1lia, 1994 nos EUA, 1998 na Fran\u00e7a, 2002 na Coreia do Sul e Jap\u00e3o, 2006 na Alemanha, 2010 na \u00c1frica do Sul, 2014 no Brasil, 2018 na R\u00fassia e 2022 no Qatar. Eurocopas, 1992 na Su\u00e9cia e 1996 na Inglaterra. Copa das Confedera\u00e7\u00f5es de 2005 na Alemanha e 2009 na \u00c1frica do Sul. Rep\u00f3rter e Editor, trabalhou no Jornal da Tarde e Estad\u00e3o, de 1984 a fevereiro de 2016. Colunista, blogueiro. E comentarista de futebol na R\u00e1dio Estad\u00e3o, de 2013 a fevereiro de 2016. Jornalista respons\u00e1vel do \\\"Pr\u00f3speri News\\\" (blogdoprosperi.com).\",\"sameAs\":[\"http:\\\/\\\/blogdoprosperi.com\",\"Luiz Pr\u00f3speri\",\"@luiz_prosperi\",\"https:\\\/\\\/x.com\\\/Luizprosperi\",\"@prosperinacopa\",\"luiz.prosperi@icloud.com\"],\"url\":\"https:\\\/\\\/blogdoprosperi.com\\\/?author=102107496\"}]}<\/script>\n<!-- \/ Yoast SEO plugin. -->","yoast_head_json":{"title":"\"Vaquinha\" de Torcedores do Corinthians Indica Pagamento da D\u00edvida da Arena em 100 Dias - PR\u00d3SPERI NEWS","robots":{"index":"index","follow":"follow","max-snippet":"max-snippet:-1","max-image-preview":"max-image-preview:large","max-video-preview":"max-video-preview:-1"},"canonical":"https:\/\/blogdoprosperi.com\/?p=46627","og_locale":"pt_BR","og_type":"article","og_title":"\"Vaquinha\" de Torcedores do Corinthians Indica Pagamento da D\u00edvida da Arena em 100 Dias - PR\u00d3SPERI NEWS","og_description":"Luiz Ant\u00f4nio Pr\u00f3speri \u2013 29 novembro (12h25) \u2013 Torcida do Corinthians humilha dirigentes do clube com a &#8220;vaquinha&#8221; [&hellip;]","og_url":"https:\/\/blogdoprosperi.com\/?p=46627","og_site_name":"PR\u00d3SPERI NEWS","article_publisher":"Luiz Pr\u00f3speri","article_author":"Luiz Pr\u00f3speri","article_published_time":"2024-11-29T15:31:09+00:00","article_modified_time":"2024-11-29T15:33:14+00:00","og_image":[{"width":1200,"height":856,"url":"https:\/\/i0.wp.com\/blogdoprosperi.com\/wp-content\/uploads\/2024\/10\/neo-quimica-arena-_01.jpg?fit=1200%2C856&ssl=1","type":"image\/jpeg"}],"author":"Luiz Ant\u00f4nio Pr\u00f3speri","twitter_card":"summary_large_image","twitter_creator":"@Luizprosperi","twitter_site":"@Luizprosperi","twitter_misc":{"Escrito por":"Luiz Ant\u00f4nio Pr\u00f3speri","Est. tempo de leitura":"2 minutos"},"schema":{"@context":"https:\/\/schema.org","@graph":[{"@type":"Article","@id":"https:\/\/blogdoprosperi.com\/?p=46627#article","isPartOf":{"@id":"https:\/\/blogdoprosperi.com\/?p=46627"},"author":{"name":"Luiz Ant\u00f4nio Pr\u00f3speri","@id":"https:\/\/blogdoprosperi.com\/#\/schema\/person\/38100755ce3601861ee4fab9b5aa78e9"},"headline":"&#8220;Vaquinha&#8221; de Torcedores do Corinthians Indica Pagamento da D\u00edvida da Arena em 100 Dias","datePublished":"2024-11-29T15:31:09+00:00","dateModified":"2024-11-29T15:33:14+00:00","mainEntityOfPage":{"@id":"https:\/\/blogdoprosperi.com\/?p=46627"},"wordCount":451,"commentCount":0,"publisher":{"@id":"https:\/\/blogdoprosperi.com\/#\/schema\/person\/38100755ce3601861ee4fab9b5aa78e9"},"image":{"@id":"https:\/\/blogdoprosperi.com\/?p=46627#primaryimage"},"thumbnailUrl":"https:\/\/i0.wp.com\/blogdoprosperi.com\/wp-content\/uploads\/2024\/10\/neo-quimica-arena-_01.jpg?fit=1200%2C856&ssl=1","keywords":["caixa econ\u00f4mica federal","Corinthians","d\u00edvida arena itaquera","futebol","Gavi\u00f5es da Fiel","Luiz Ant\u00f4nio Pr\u00f3speri","torcida corinthians","vaquinha corinthians"],"articleSection":["futebol","informa\u00e7\u00e3o"],"inLanguage":"pt-BR","potentialAction":[{"@type":"CommentAction","name":"Comment","target":["https:\/\/blogdoprosperi.com\/?p=46627#respond"]}]},{"@type":"WebPage","@id":"https:\/\/blogdoprosperi.com\/?p=46627","url":"https:\/\/blogdoprosperi.com\/?p=46627","name":"\"Vaquinha\" de Torcedores do Corinthians Indica Pagamento da D\u00edvida da Arena em 100 Dias - PR\u00d3SPERI NEWS","isPartOf":{"@id":"https:\/\/blogdoprosperi.com\/#website"},"primaryImageOfPage":{"@id":"https:\/\/blogdoprosperi.com\/?p=46627#primaryimage"},"image":{"@id":"https:\/\/blogdoprosperi.com\/?p=46627#primaryimage"},"thumbnailUrl":"https:\/\/i0.wp.com\/blogdoprosperi.com\/wp-content\/uploads\/2024\/10\/neo-quimica-arena-_01.jpg?fit=1200%2C856&ssl=1","datePublished":"2024-11-29T15:31:09+00:00","dateModified":"2024-11-29T15:33:14+00:00","breadcrumb":{"@id":"https:\/\/blogdoprosperi.com\/?p=46627#breadcrumb"},"inLanguage":"pt-BR","potentialAction":[{"@type":"ReadAction","target":["https:\/\/blogdoprosperi.com\/?p=46627"]}]},{"@type":"ImageObject","inLanguage":"pt-BR","@id":"https:\/\/blogdoprosperi.com\/?p=46627#primaryimage","url":"https:\/\/i0.wp.com\/blogdoprosperi.com\/wp-content\/uploads\/2024\/10\/neo-quimica-arena-_01.jpg?fit=1200%2C856&ssl=1","contentUrl":"https:\/\/i0.wp.com\/blogdoprosperi.com\/wp-content\/uploads\/2024\/10\/neo-quimica-arena-_01.jpg?fit=1200%2C856&ssl=1","width":1200,"height":856,"caption":"Arena do Corinthians - Foto: Jo\u00e3o Paulo \u2013 JP Drone\/Neo Qu\u00edmica"},{"@type":"BreadcrumbList","@id":"https:\/\/blogdoprosperi.com\/?p=46627#breadcrumb","itemListElement":[{"@type":"ListItem","position":1,"name":"In\u00edcio","item":"https:\/\/blogdoprosperi.com\/"},{"@type":"ListItem","position":2,"name":"&#8220;Vaquinha&#8221; de Torcedores do Corinthians Indica Pagamento da D\u00edvida da Arena em 100 Dias"}]},{"@type":"WebSite","@id":"https:\/\/blogdoprosperi.com\/#website","url":"https:\/\/blogdoprosperi.com\/","name":"PR\u00d3SPERI NEWS","description":"TUDO \u00c9  FUTEBOL","publisher":{"@id":"https:\/\/blogdoprosperi.com\/#\/schema\/person\/38100755ce3601861ee4fab9b5aa78e9"},"alternateName":"blogdoprosperi.com","potentialAction":[{"@type":"SearchAction","target":{"@type":"EntryPoint","urlTemplate":"https:\/\/blogdoprosperi.com\/?s={search_term_string}"},"query-input":{"@type":"PropertyValueSpecification","valueRequired":true,"valueName":"search_term_string"}}],"inLanguage":"pt-BR"},{"@type":["Person","Organization"],"@id":"https:\/\/blogdoprosperi.com\/#\/schema\/person\/38100755ce3601861ee4fab9b5aa78e9","name":"Luiz Ant\u00f4nio Pr\u00f3speri","pronouns":"ele","image":{"@type":"ImageObject","inLanguage":"pt-BR","@id":"https:\/\/i0.wp.com\/blogdoprosperi.com\/wp-content\/uploads\/2026\/05\/cropped-8059e613-6002-42fa-961e-8e275f575d71-2-5.jpg?fit=1360%2C931&ssl=1","url":"https:\/\/i0.wp.com\/blogdoprosperi.com\/wp-content\/uploads\/2026\/05\/cropped-8059e613-6002-42fa-961e-8e275f575d71-2-5.jpg?fit=1360%2C931&ssl=1","contentUrl":"https:\/\/i0.wp.com\/blogdoprosperi.com\/wp-content\/uploads\/2026\/05\/cropped-8059e613-6002-42fa-961e-8e275f575d71-2-5.jpg?fit=1360%2C931&ssl=1","width":1360,"height":931,"caption":"Luiz Ant\u00f4nio Pr\u00f3speri"},"logo":{"@id":"https:\/\/i0.wp.com\/blogdoprosperi.com\/wp-content\/uploads\/2026\/05\/cropped-8059e613-6002-42fa-961e-8e275f575d71-2-5.jpg?fit=1360%2C931&ssl=1"},"description":"Jornalista com carreira dedicada ao esporte. Cobriu 9 Copas do Mundo in loco, 1990 na It\u00e1lia, 1994 nos EUA, 1998 na Fran\u00e7a, 2002 na Coreia do Sul e Jap\u00e3o, 2006 na Alemanha, 2010 na \u00c1frica do Sul, 2014 no Brasil, 2018 na R\u00fassia e 2022 no Qatar. Eurocopas, 1992 na Su\u00e9cia e 1996 na Inglaterra. Copa das Confedera\u00e7\u00f5es de 2005 na Alemanha e 2009 na \u00c1frica do Sul. Rep\u00f3rter e Editor, trabalhou no Jornal da Tarde e Estad\u00e3o, de 1984 a fevereiro de 2016. Colunista, blogueiro. E comentarista de futebol na R\u00e1dio Estad\u00e3o, de 2013 a fevereiro de 2016. Jornalista respons\u00e1vel do \"Pr\u00f3speri News\" (blogdoprosperi.com).","sameAs":["http:\/\/blogdoprosperi.com","Luiz Pr\u00f3speri","@luiz_prosperi","https:\/\/x.com\/Luizprosperi","@prosperinacopa","luiz.prosperi@icloud.com"],"url":"https:\/\/blogdoprosperi.com\/?author=102107496"}]}},"jetpack_publicize_connections":[],"jetpack_likes_enabled":false,"jetpack_sharing_enabled":true,"jetpack_shortlink":"https:\/\/wp.me\/p7jvdk-c83","jetpack-related-posts":[{"id":45928,"url":"https:\/\/blogdoprosperi.com\/?p=45928","url_meta":{"origin":46627,"position":0},"title":"Faz Um PiX, Corinthians | Gavi\u00f5es e Caixa Assinam Protocolo de Pagamento da D\u00edvida da Arena","author":"Luiz Ant\u00f4nio Pr\u00f3speri","date":"18 de outubro de 2024","format":false,"excerpt":"Luiz Ant\u00f4nio Pr\u00f3speri \u2013 18 outubro (20h25) Corintiano est\u00e1 convidado a fazer um PIX para quitar d\u00edvida da arena em Itaquera. A iniciativa \u00e9 da Gavi\u00f5es da Fiel, maior torcida organizada do Coritnhians, em parceria com a Caixa Econ\u00f4mica Federal, credora na constru\u00e7\u00e3o do est\u00e1dio em 2014. Gavi\u00f5es, Caixa e\u2026","rel":"","context":"Em &quot;futebol&quot;","block_context":{"text":"futebol","link":"https:\/\/blogdoprosperi.com\/?cat=53870"},"img":{"alt_text":"Gavi\u00f5es e Caixa assinam protocolo de inten\u00e7\u00f5es para pagar Arena no Mix","src":"https:\/\/i0.wp.com\/blogdoprosperi.com\/wp-content\/uploads\/2024\/10\/neo-quimica-arena-_01.jpg?fit=1200%2C856&ssl=1&resize=350%2C200","width":350,"height":200,"srcset":"https:\/\/i0.wp.com\/blogdoprosperi.com\/wp-content\/uploads\/2024\/10\/neo-quimica-arena-_01.jpg?fit=1200%2C856&ssl=1&resize=350%2C200 1x, https:\/\/i0.wp.com\/blogdoprosperi.com\/wp-content\/uploads\/2024\/10\/neo-quimica-arena-_01.jpg?fit=1200%2C856&ssl=1&resize=525%2C300 1.5x, https:\/\/i0.wp.com\/blogdoprosperi.com\/wp-content\/uploads\/2024\/10\/neo-quimica-arena-_01.jpg?fit=1200%2C856&ssl=1&resize=700%2C400 2x, https:\/\/i0.wp.com\/blogdoprosperi.com\/wp-content\/uploads\/2024\/10\/neo-quimica-arena-_01.jpg?fit=1200%2C856&ssl=1&resize=1050%2C600 3x"},"classes":[]},{"id":42700,"url":"https:\/\/blogdoprosperi.com\/?p=42700","url_meta":{"origin":46627,"position":1},"title":"Gavi\u00f5es da Fiel Abre Negocia\u00e7\u00f5es com a Caixa para Quitar D\u00edvida do Corinthians","author":"Luiz Ant\u00f4nio Pr\u00f3speri","date":"15 de junho de 2024","format":false,"excerpt":"Gavi\u00f5es da Fiel, maior torcida organizada do Corinthians, abre negocia\u00e7\u00f5es com a Caixa Econ\u00f4mica Federal para quitar a d\u00edvida do clube com a constru\u00e7\u00e3o do est\u00e1dio em Itaquera, a Neo Qu\u00edmica Arena. Primeiro encontro entre dirigentes da Gavi\u00f5es e Caixa se deu nessa sexta-feira (14\/6), informa site oficial da torcida.\u2026","rel":"","context":"Em &quot;futebol&quot;","block_context":{"text":"futebol","link":"https:\/\/blogdoprosperi.com\/?cat=53870"},"img":{"alt_text":"Gavi\u00f5es tem projeto para pagar arena do Corinthians","src":"https:\/\/i0.wp.com\/blogdoprosperi.com\/wp-content\/uploads\/2024\/06\/torcida-gaviocc83es-da-fiel.jpg?fit=711%2C400&ssl=1&resize=350%2C200","width":350,"height":200,"srcset":"https:\/\/i0.wp.com\/blogdoprosperi.com\/wp-content\/uploads\/2024\/06\/torcida-gaviocc83es-da-fiel.jpg?fit=711%2C400&ssl=1&resize=350%2C200 1x, https:\/\/i0.wp.com\/blogdoprosperi.com\/wp-content\/uploads\/2024\/06\/torcida-gaviocc83es-da-fiel.jpg?fit=711%2C400&ssl=1&resize=525%2C300 1.5x, https:\/\/i0.wp.com\/blogdoprosperi.com\/wp-content\/uploads\/2024\/06\/torcida-gaviocc83es-da-fiel.jpg?fit=711%2C400&ssl=1&resize=700%2C400 2x"},"classes":[]},{"id":44886,"url":"https:\/\/blogdoprosperi.com\/?p=44886","url_meta":{"origin":46627,"position":2},"title":"Corinthians 114 Anos: Vit\u00f3ria Emblem\u00e1tica, Crise Pol\u00edtica e Cresce Poder da Gavi\u00f5es","author":"Luiz Ant\u00f4nio Pr\u00f3speri","date":"2 de setembro de 2024","format":false,"excerpt":"Luiz Ant\u00f4nio Pr\u00f3speri \u2013 2 setembro (11h30) Corinthians comemora 114 anos de vida em meio a uma turbul\u00eancia pol\u00edtica e financeira, ultimato de sua maior torcida organizada e vit\u00f3ria emblem\u00e1tica em cima do Flamengo. Um caldeir\u00e3o fumegante. Antes de se impor diante do Flamengo e Tite na Arena Neo Qu\u00edmica,\u2026","rel":"","context":"Em &quot;futebol&quot;","block_context":{"text":"futebol","link":"https:\/\/blogdoprosperi.com\/?cat=53870"},"img":{"alt_text":"Cresce poder da Gavi\u00f5es no Corinthians","src":"https:\/\/i0.wp.com\/blogdoprosperi.com\/wp-content\/uploads\/2024\/09\/captura-de-tela-2024-09-02-as-11.55.12.png?fit=1142%2C1026&ssl=1&resize=350%2C200","width":350,"height":200,"srcset":"https:\/\/i0.wp.com\/blogdoprosperi.com\/wp-content\/uploads\/2024\/09\/captura-de-tela-2024-09-02-as-11.55.12.png?fit=1142%2C1026&ssl=1&resize=350%2C200 1x, https:\/\/i0.wp.com\/blogdoprosperi.com\/wp-content\/uploads\/2024\/09\/captura-de-tela-2024-09-02-as-11.55.12.png?fit=1142%2C1026&ssl=1&resize=525%2C300 1.5x, https:\/\/i0.wp.com\/blogdoprosperi.com\/wp-content\/uploads\/2024\/09\/captura-de-tela-2024-09-02-as-11.55.12.png?fit=1142%2C1026&ssl=1&resize=700%2C400 2x, https:\/\/i0.wp.com\/blogdoprosperi.com\/wp-content\/uploads\/2024\/09\/captura-de-tela-2024-09-02-as-11.55.12.png?fit=1142%2C1026&ssl=1&resize=1050%2C600 3x"},"classes":[]},{"id":62105,"url":"https:\/\/blogdoprosperi.com\/?p=62105","url_meta":{"origin":46627,"position":3},"title":"Corinthians em p\u00e2nico espera retomar conversa com Memphis Depay","author":"Luiz Ant\u00f4nio Pr\u00f3speri","date":"14 de agosto de 2026","format":false,"excerpt":"Luiz Ant\u00f4nio Pr\u00f3speri \u2013 14 agosto 2026 (18h59) Corinthians ensaia uma retomada de negocia\u00e7\u00f5es com Memphis Depay. N\u00e3o se trata de uma reviravolta no caso. \u00c9 apenas mais uma manobra do presidente Osmar Stabile e seus pares de diretoria para diminuir a fervura no caldeir\u00e3o. \u00a0Medo da torcida. A explica\u00e7\u00e3o\u2026","rel":"","context":"Em &quot;futebol&quot;","block_context":{"text":"futebol","link":"https:\/\/blogdoprosperi.com\/?cat=53870"},"img":{"alt_text":"","src":"https:\/\/i0.wp.com\/blogdoprosperi.com\/wp-content\/uploads\/2024\/09\/459361509_1099386834884013_2219958867464411228_n-1.jpg?fit=1200%2C1013&ssl=1&resize=350%2C200","width":350,"height":200,"srcset":"https:\/\/i0.wp.com\/blogdoprosperi.com\/wp-content\/uploads\/2024\/09\/459361509_1099386834884013_2219958867464411228_n-1.jpg?fit=1200%2C1013&ssl=1&resize=350%2C200 1x, https:\/\/i0.wp.com\/blogdoprosperi.com\/wp-content\/uploads\/2024\/09\/459361509_1099386834884013_2219958867464411228_n-1.jpg?fit=1200%2C1013&ssl=1&resize=525%2C300 1.5x, https:\/\/i0.wp.com\/blogdoprosperi.com\/wp-content\/uploads\/2024\/09\/459361509_1099386834884013_2219958867464411228_n-1.jpg?fit=1200%2C1013&ssl=1&resize=700%2C400 2x, https:\/\/i0.wp.com\/blogdoprosperi.com\/wp-content\/uploads\/2024\/09\/459361509_1099386834884013_2219958867464411228_n-1.jpg?fit=1200%2C1013&ssl=1&resize=1050%2C600 3x"},"classes":[]},{"id":61211,"url":"https:\/\/blogdoprosperi.com\/?p=61211","url_meta":{"origin":46627,"position":4},"title":"Memphis e Neymar, dois astros no limite","author":"Luiz Ant\u00f4nio Pr\u00f3speri","date":"25 de julho de 2026","format":false,"excerpt":"Luiz Ant\u00f4nio Pr\u00f3speri \u2013 25 julho 2026 (00h17) Corinthians tem at\u00e9 dia 31 de julho para renovar contrato de Memphis Depay. O holand\u00eas diz que est\u00e1 no limite. Insiste em fechar novo acordo por tr\u00eas anos, enquanto o clube paulista bate o p\u00e9, s\u00f3 renova por dois anos. A encrenca\u2026","rel":"","context":"Em &quot;brasileir\u00e3o 2026&quot;","block_context":{"text":"brasileir\u00e3o 2026","link":"https:\/\/blogdoprosperi.com\/?cat=786956679"},"img":{"alt_text":"Memphis e Neymar, \u00eddolos em chama","src":"https:\/\/i0.wp.com\/blogdoprosperi.com\/wp-content\/uploads\/2025\/07\/neymar-depay.jpg?fit=1200%2C893&ssl=1&resize=350%2C200","width":350,"height":200,"srcset":"https:\/\/i0.wp.com\/blogdoprosperi.com\/wp-content\/uploads\/2025\/07\/neymar-depay.jpg?fit=1200%2C893&ssl=1&resize=350%2C200 1x, https:\/\/i0.wp.com\/blogdoprosperi.com\/wp-content\/uploads\/2025\/07\/neymar-depay.jpg?fit=1200%2C893&ssl=1&resize=525%2C300 1.5x, https:\/\/i0.wp.com\/blogdoprosperi.com\/wp-content\/uploads\/2025\/07\/neymar-depay.jpg?fit=1200%2C893&ssl=1&resize=700%2C400 2x, https:\/\/i0.wp.com\/blogdoprosperi.com\/wp-content\/uploads\/2025\/07\/neymar-depay.jpg?fit=1200%2C893&ssl=1&resize=1050%2C600 3x"},"classes":[]},{"id":43318,"url":"https:\/\/blogdoprosperi.com\/?p=43318","url_meta":{"origin":46627,"position":5},"title":"Gavi\u00f5es da Fiel assume poder e decreta: Corinthians n\u00e3o tem dono","author":"Luiz Ant\u00f4nio Pr\u00f3speri","date":"28 de junho de 2024","format":false,"excerpt":"\"Corinthians n\u00e3o tem dono\". A senten\u00e7a proferida por um dos l\u00edderes da torcida Gavi\u00f5es da Fiel, olho no olho do assustado Marcelo Mariano, diretor administrativo do clube, explica o caos que vive o Corinthians. O l\u00edder da fac\u00e7\u00e3o organizada ao intimar o diretor estava cercado de seus pares da Gavi\u00f5es.\u2026","rel":"","context":"Em &quot;Campeonato Brasileiro&quot;","block_context":{"text":"Campeonato Brasileiro","link":"https:\/\/blogdoprosperi.com\/?cat=355071"},"img":{"alt_text":"Corinthians \u00e9 do povo","src":"https:\/\/i0.wp.com\/blogdoprosperi.com\/wp-content\/uploads\/2024\/06\/captura-de-tela-2024-06-28-as-13.33.01.png?fit=1054%2C740&ssl=1&resize=350%2C200","width":350,"height":200,"srcset":"https:\/\/i0.wp.com\/blogdoprosperi.com\/wp-content\/uploads\/2024\/06\/captura-de-tela-2024-06-28-as-13.33.01.png?fit=1054%2C740&ssl=1&resize=350%2C200 1x, https:\/\/i0.wp.com\/blogdoprosperi.com\/wp-content\/uploads\/2024\/06\/captura-de-tela-2024-06-28-as-13.33.01.png?fit=1054%2C740&ssl=1&resize=525%2C300 1.5x, https:\/\/i0.wp.com\/blogdoprosperi.com\/wp-content\/uploads\/2024\/06\/captura-de-tela-2024-06-28-as-13.33.01.png?fit=1054%2C740&ssl=1&resize=700%2C400 2x, https:\/\/i0.wp.com\/blogdoprosperi.com\/wp-content\/uploads\/2024\/06\/captura-de-tela-2024-06-28-as-13.33.01.png?fit=1054%2C740&ssl=1&resize=1050%2C600 3x"},"classes":[]}],"jetpack_featured_media_url":"https:\/\/i0.wp.com\/blogdoprosperi.com\/wp-content\/uploads\/2024\/10\/neo-quimica-arena-_01.jpg?fit=1200%2C856&ssl=1","_links":{"self":[{"href":"https:\/\/blogdoprosperi.com\/index.php?rest_route=\/wp\/v2\/posts\/46627","targetHints":{"allow":["GET"]}}],"collection":[{"href":"https:\/\/blogdoprosperi.com\/index.php?rest_route=\/wp\/v2\/posts"}],"about":[{"href":"https:\/\/blogdoprosperi.com\/index.php?rest_route=\/wp\/v2\/types\/post"}],"author":[{"embeddable":true,"href":"https:\/\/blogdoprosperi.com\/index.php?rest_route=\/wp\/v2\/users\/102107496"}],"replies":[{"embeddable":true,"href":"https:\/\/blogdoprosperi.com\/index.php?rest_route=%2Fwp%2Fv2%2Fcomments&post=46627"}],"version-history":[{"count":15,"href":"https:\/\/blogdoprosperi.com\/index.php?rest_route=\/wp\/v2\/posts\/46627\/revisions"}],"predecessor-version":[{"id":46643,"href":"https:\/\/blogdoprosperi.com\/index.php?rest_route=\/wp\/v2\/posts\/46627\/revisions\/46643"}],"wp:featuredmedia":[{"embeddable":true,"href":"https:\/\/blogdoprosperi.com\/index.php?rest_route=\/wp\/v2\/media\/45940"}],"wp:attachment":[{"href":"https:\/\/blogdoprosperi.com\/index.php?rest_route=%2Fwp%2Fv2%2Fmedia&parent=46627"}],"wp:term":[{"taxonomy":"category","embeddable":true,"href":"https:\/\/blogdoprosperi.com\/index.php?rest_route=%2Fwp%2Fv2%2Fcategories&post=46627"},{"taxonomy":"post_tag","embeddable":true,"href":"https:\/\/blogdoprosperi.com\/index.php?rest_route=%2Fwp%2Fv2%2Ftags&post=46627"}],"curies":[{"name":"wp","href":"https:\/\/api.w.org\/{rel}","templated":true}]}}