{"id":46654,"date":"2024-11-30T11:16:43","date_gmt":"2024-11-30T14:16:43","guid":{"rendered":"https:\/\/blogdoprosperi.com\/?p=46654"},"modified":"2025-02-22T12:09:11","modified_gmt":"2025-02-22T15:09:11","slug":"cronicasabatica-guardiola-e-abel-ferreira-de-maos-dadas","status":"publish","type":"post","link":"https:\/\/blogdoprosperi.com\/?p=46654","title":{"rendered":"#Cr\u00f4nicaSab\u00e1tica #7 | Guardiola e Abel Ferreira, de m\u00e3os dadas"},"content":{"rendered":"<p><em>Luiz Ant\u00f4nio Pr\u00f3speri \u2013 30 novembro (11h05) \u2013<\/em><\/p>\n<p>Pep Guardiola aparece na sala de entrevistas coletivas ap\u00f3s o empate (3 a 3) do Manchester City com Feyenoord, na Champions League, quarta-feira (27\/11). Tem verg\u00f5es vermelhos no lustro da careca e corte sangrando no nariz. Uma clara automutila\u00e7\u00e3o, da qual ele fez piada e depois se desculpou. Tamanha aspereza com as pr\u00f3prias unhas reflete a press\u00e3o emocional a que o melhor t\u00e9cnico do mundo se submete diante de um dos piores momentos do City na temporada.<\/p>\n<p>Agora acompanhe o relato de Jonathan Liew, do jornal <em>The Guardian<\/em>, de Londres:<\/p>\n<p class=\"dcr-180skgt\">&#8220;O City \u00e9 um clube que gira quase inteiramente em torno da vis\u00e3o de Guardiola: a estrat\u00e9gia para atra\u00ed-lo em primeiro lugar, uma infraestrutura constru\u00edda de acordo com suas especifica\u00e7\u00f5es exatas. Um estilo de futebol que \u00e9 mais autenticamente \u201cGuardiola\u201d do que nunca foi autenticamente \u201cCity\u201d. Os jogadores que ele quer, e nenhum dos jogadores que ele n\u00e3o quer. Um pequeno esquadr\u00e3o, porque \u00e9 disso que ele gosta. Existem, \u00e9 claro, estrat\u00e9gias piores do que ela de apostar o clube no treinador mais brilhante e talentoso de sua gera\u00e7\u00e3o. A conquista de trof\u00e9us do City \u00e9 prova disso.<\/p>\n<p class=\"dcr-180skgt\">Mas isso significa que, com o tempo, o coletivo come\u00e7a a assumir o car\u00e1ter do indiv\u00edduo. Conforme Guardiola envelheceu e mudou, o City tamb\u00e9m: mais pragm\u00e1tico, mais teimoso, mais bomb\u00e1stico e obsessivo,\u00a0preocupado acima de tudo em defender um legado em vez de construir um novo&#8230;<\/p>\n<p class=\"dcr-180skgt\">&#8230; De uma forma ou de outra, um acerto de contas est\u00e1 chegando. Pode vir no ver\u00e3o, pode vir dos advogados em janeiro (<em>processo da Premier League contra o City por fraude financeira<\/em>), pode at\u00e9 vir em Anfield no domingo (<em>jogo contra o Liverpool<\/em>), onde outra capitula\u00e7\u00e3o ou constrangimento certamente aceleraria a sensa\u00e7\u00e3o de caos e desintegra\u00e7\u00e3o.<\/p>\n<p class=\"dcr-180skgt\">Guardiola acaba de assinar (<em>renova\u00e7\u00e3o de contrato<\/em>) novamente por mais dois anos, mas de uma forma estranha o rel\u00f3gio j\u00e1 est\u00e1 correndo. Os erros do passado trouxeram o City ao seu presente indistinto. O que mais eles j\u00e1 podem estar fazendo?&#8221;, conclui o jornalista do <em>The Guardian<\/em>.<\/p>\n<p>Agora, meu caro leitor desse <em>Pr\u00f3speri News<\/em>, troque no texto acima o nome de Guardiola por Abel Ferreira, sem levar em conta o curr\u00edculo de cada um e tempo de servi\u00e7o, e o do City por Palmeiras. Vamos l\u00e1:<\/p>\n<p>O <strong>Palmeiras<\/strong> \u00e9 um clube que gira quase inteiramente em torno da vis\u00e3o de <strong>Abel Ferreira<\/strong>: a estrat\u00e9gia para atra\u00ed-lo em primeiro lugar, uma infraestrutura constru\u00edda de acordo com suas especifica\u00e7\u00f5es exatas. Um estilo de futebol que \u00e9 mais autenticamente <strong>\u201cAbel\u201d<\/strong> do que nunca foi autenticamente <strong>\u201cPalmeiras\u201d<\/strong>. Os jogadores que ele quer, e nenhum dos jogadores que ele n\u00e3o quer. Um pequeno esquadr\u00e3o (<em>grupo enxuto<\/em>), porque \u00e9 disso que ele gosta. Existem, \u00e9 claro, estrat\u00e9gias piores do que esta de apostar o clube no treinador mais brilhante e talentoso de sua gera\u00e7\u00e3o. A conquista de trof\u00e9us do <strong>Palmeiras<\/strong> \u00e9 prova disso.<\/p>\n<p class=\"dcr-180skgt\">Mas isso significa que, com o tempo, o coletivo come\u00e7a a assumir o car\u00e1ter do indiv\u00edduo. Conforme <strong>Abel<\/strong> &#8220;envelheceu&#8221; e mudou, o <strong>Palmeiras<\/strong> tamb\u00e9m: mais pragm\u00e1tico, mais teimoso, mais bomb\u00e1stico e obsessivo, preocupado acima de tudo em defender um legado em vez de construir um novo&#8230;<\/p>\n<p class=\"dcr-180skgt\">&#8230; De uma forma ou de outra, um acerto de contas est\u00e1 chegando. Pode vir no ver\u00e3o (<em>pr\u00f3xima temporada<\/em>), pode vir da nova gest\u00e3o de Leila Pereira em janeiro (<em>reeleita para mais tr\u00eas anos de mandato<\/em>), pode at\u00e9 vir no Mineir\u00e3o na pr\u00f3xima quarta-feira, (<em>jogo contra o Cruzeiro<\/em>), onde outra capitula\u00e7\u00e3o ou constrangimento certamente aceleraria a sensa\u00e7\u00e3o de caos e desintegra\u00e7\u00e3o.<\/p>\n<p class=\"dcr-180skgt\"><strong>Abel<\/strong> acaba de receber proposta (<em>renova\u00e7\u00e3o de contrato<\/em>), novamente, por mais dois anos, mas de uma forma estranha o rel\u00f3gio j\u00e1 est\u00e1 correndo. Os erros do passado trouxeram o <strong>Palmeiras<\/strong> ao seu presente indistinto. O que mais eles j\u00e1 podem estar fazendo?&#8221;<\/p>\n<p>Concorda com a compara\u00e7\u00e3o do momento Guardiola e Abel, do City e Palmeiras? Se sim, anota a\u00ed uma pequena diferen\u00e7a:<\/p>\n<p>Abel Ferreira ainda n\u00e3o se arranhou, nem rasgou o nariz com as pr\u00f3prias unhas, se bem que esteve muito perto disso quando Flaco L\u00f3pez arriscou uma rid\u00edcula cavadinha na tentativa de iludir John, goleiro do Botafogo, quando o jogo estava 1 a 0 a favor do time carioca.<\/p>\n","protected":false},"excerpt":{"rendered":"<p>Luiz Ant\u00f4nio Pr\u00f3speri \u2013 30 novembro (11h05) \u2013 Pep Guardiola aparece na sala de entrevistas coletivas ap\u00f3s o [&hellip;]<\/p>\n","protected":false},"author":102107496,"featured_media":46664,"comment_status":"open","ping_status":"open","sticky":false,"template":"","format":"standard","meta":{"_coblocks_attr":"","_coblocks_dimensions":"","_coblocks_responsive_height":"","_coblocks_accordion_ie_support":"","_jetpack_newsletter_access":"","_jetpack_dont_email_post_to_subs":false,"_jetpack_newsletter_tier_id":0,"_jetpack_memberships_contains_paywalled_content":false,"_wpcom_ai_launchpad_first_post":false,"_jetpack_feature_clip_id":0,"_jetpack_memberships_contains_paid_content":false,"footnotes":"","jetpack_publicize_message":"","jetpack_publicize_feature_enabled":true,"jetpack_social_post_already_shared":false,"jetpack_social_options":{"image_generator_settings":{"template":"highway","default_image_id":0,"font":"","enabled":false},"version":2},"jetpack_post_was_ever_published":false},"categories":[53870,3919],"tags":[775184891,4200771,789560560,789560573,409523,287104,1164251],"class_list":["post-46654","post","type-post","status-publish","format-standard","has-post-thumbnail","hentry","category-futebol","category-opiniao","tag-cronicasabatica","tag-abel-ferreira","tag-futebol","tag-luiz-antonio-prosperi","tag-manchester-city","tag-palmeiras","tag-pep-guardiola"],"yoast_head":"<!-- This site is optimized with the Yoast SEO plugin v28.3 - https:\/\/yoast.com\/product\/yoast-seo-wordpress\/ -->\n<title>#Cr\u00f4nicaSab\u00e1tica #7 | Guardiola e Abel Ferreira, de m\u00e3os dadas - PR\u00d3SPERI NEWS<\/title>\n<meta name=\"robots\" content=\"index, follow, max-snippet:-1, max-image-preview:large, max-video-preview:-1\" \/>\n<link rel=\"canonical\" href=\"https:\/\/blogdoprosperi.com\/?p=46654\" \/>\n<meta property=\"og:locale\" content=\"pt_BR\" \/>\n<meta property=\"og:type\" content=\"article\" \/>\n<meta property=\"og:title\" content=\"#Cr\u00f4nicaSab\u00e1tica #7 | Guardiola e Abel Ferreira, de m\u00e3os dadas - PR\u00d3SPERI NEWS\" \/>\n<meta property=\"og:description\" content=\"Luiz Ant\u00f4nio Pr\u00f3speri \u2013 30 novembro (11h05) \u2013 Pep Guardiola aparece na sala de entrevistas coletivas ap\u00f3s o [&hellip;]\" \/>\n<meta property=\"og:url\" content=\"https:\/\/blogdoprosperi.com\/?p=46654\" \/>\n<meta property=\"og:site_name\" content=\"PR\u00d3SPERI NEWS\" \/>\n<meta property=\"article:publisher\" content=\"Luiz Pr\u00f3speri\" \/>\n<meta property=\"article:author\" content=\"Luiz Pr\u00f3speri\" \/>\n<meta property=\"article:published_time\" content=\"2024-11-30T14:16:43+00:00\" \/>\n<meta property=\"article:modified_time\" content=\"2025-02-22T15:09:11+00:00\" \/>\n<meta property=\"og:image\" content=\"https:\/\/i0.wp.com\/blogdoprosperi.com\/wp-content\/uploads\/2024\/11\/guardiola-e-abel-ferreira-729x410-1.jpg?fit=729%2C410&ssl=1\" \/>\n\t<meta property=\"og:image:width\" content=\"729\" \/>\n\t<meta property=\"og:image:height\" content=\"410\" \/>\n\t<meta property=\"og:image:type\" content=\"image\/jpeg\" \/>\n<meta name=\"author\" content=\"Luiz Ant\u00f4nio Pr\u00f3speri\" \/>\n<meta name=\"twitter:card\" content=\"summary_large_image\" \/>\n<meta name=\"twitter:creator\" content=\"@Luizprosperi\" \/>\n<meta name=\"twitter:site\" content=\"@Luizprosperi\" \/>\n<meta name=\"twitter:label1\" content=\"Escrito por\" \/>\n\t<meta name=\"twitter:data1\" content=\"Luiz Ant\u00f4nio Pr\u00f3speri\" \/>\n\t<meta name=\"twitter:label2\" content=\"Est. tempo de leitura\" \/>\n\t<meta name=\"twitter:data2\" content=\"4 minutos\" \/>\n<script type=\"application\/ld+json\" class=\"yoast-schema-graph\">{\"@context\":\"https:\\\/\\\/schema.org\",\"@graph\":[{\"@type\":\"Article\",\"@id\":\"https:\\\/\\\/blogdoprosperi.com\\\/?p=46654#article\",\"isPartOf\":{\"@id\":\"https:\\\/\\\/blogdoprosperi.com\\\/?p=46654\"},\"author\":{\"name\":\"Luiz Ant\u00f4nio Pr\u00f3speri\",\"@id\":\"https:\\\/\\\/blogdoprosperi.com\\\/#\\\/schema\\\/person\\\/38100755ce3601861ee4fab9b5aa78e9\"},\"headline\":\"#Cr\u00f4nicaSab\u00e1tica #7 | Guardiola e Abel Ferreira, de m\u00e3os dadas\",\"datePublished\":\"2024-11-30T14:16:43+00:00\",\"dateModified\":\"2025-02-22T15:09:11+00:00\",\"mainEntityOfPage\":{\"@id\":\"https:\\\/\\\/blogdoprosperi.com\\\/?p=46654\"},\"wordCount\":760,\"commentCount\":0,\"publisher\":{\"@id\":\"https:\\\/\\\/blogdoprosperi.com\\\/#\\\/schema\\\/person\\\/38100755ce3601861ee4fab9b5aa78e9\"},\"image\":{\"@id\":\"https:\\\/\\\/blogdoprosperi.com\\\/?p=46654#primaryimage\"},\"thumbnailUrl\":\"https:\\\/\\\/i0.wp.com\\\/blogdoprosperi.com\\\/wp-content\\\/uploads\\\/2024\\\/11\\\/guardiola-e-abel-ferreira-729x410-1.jpg?fit=729%2C410&ssl=1\",\"keywords\":[\"#cr\u00f4nicasab\u00e1tica\",\"abel ferreira\",\"futebol\",\"Luiz Ant\u00f4nio Pr\u00f3speri\",\"Manchester City\",\"Palmeiras\",\"Pep Guardiola\"],\"articleSection\":[\"futebol\",\"opini\u00e3o\"],\"inLanguage\":\"pt-BR\",\"potentialAction\":[{\"@type\":\"CommentAction\",\"name\":\"Comment\",\"target\":[\"https:\\\/\\\/blogdoprosperi.com\\\/?p=46654#respond\"]}]},{\"@type\":\"WebPage\",\"@id\":\"https:\\\/\\\/blogdoprosperi.com\\\/?p=46654\",\"url\":\"https:\\\/\\\/blogdoprosperi.com\\\/?p=46654\",\"name\":\"#Cr\u00f4nicaSab\u00e1tica #7 | Guardiola e Abel Ferreira, de m\u00e3os dadas - PR\u00d3SPERI NEWS\",\"isPartOf\":{\"@id\":\"https:\\\/\\\/blogdoprosperi.com\\\/#website\"},\"primaryImageOfPage\":{\"@id\":\"https:\\\/\\\/blogdoprosperi.com\\\/?p=46654#primaryimage\"},\"image\":{\"@id\":\"https:\\\/\\\/blogdoprosperi.com\\\/?p=46654#primaryimage\"},\"thumbnailUrl\":\"https:\\\/\\\/i0.wp.com\\\/blogdoprosperi.com\\\/wp-content\\\/uploads\\\/2024\\\/11\\\/guardiola-e-abel-ferreira-729x410-1.jpg?fit=729%2C410&ssl=1\",\"datePublished\":\"2024-11-30T14:16:43+00:00\",\"dateModified\":\"2025-02-22T15:09:11+00:00\",\"breadcrumb\":{\"@id\":\"https:\\\/\\\/blogdoprosperi.com\\\/?p=46654#breadcrumb\"},\"inLanguage\":\"pt-BR\",\"potentialAction\":[{\"@type\":\"ReadAction\",\"target\":[\"https:\\\/\\\/blogdoprosperi.com\\\/?p=46654\"]}]},{\"@type\":\"ImageObject\",\"inLanguage\":\"pt-BR\",\"@id\":\"https:\\\/\\\/blogdoprosperi.com\\\/?p=46654#primaryimage\",\"url\":\"https:\\\/\\\/i0.wp.com\\\/blogdoprosperi.com\\\/wp-content\\\/uploads\\\/2024\\\/11\\\/guardiola-e-abel-ferreira-729x410-1.jpg?fit=729%2C410&ssl=1\",\"contentUrl\":\"https:\\\/\\\/i0.wp.com\\\/blogdoprosperi.com\\\/wp-content\\\/uploads\\\/2024\\\/11\\\/guardiola-e-abel-ferreira-729x410-1.jpg?fit=729%2C410&ssl=1\",\"width\":729,\"height\":410,\"caption\":\"Abel e Guardiola - reprodu\u00e7\u00e3o torcedores.com - fotos: Cesar Greco\\\/Ag. Palmeiras e M. City oficial\"},{\"@type\":\"BreadcrumbList\",\"@id\":\"https:\\\/\\\/blogdoprosperi.com\\\/?p=46654#breadcrumb\",\"itemListElement\":[{\"@type\":\"ListItem\",\"position\":1,\"name\":\"In\u00edcio\",\"item\":\"https:\\\/\\\/blogdoprosperi.com\\\/\"},{\"@type\":\"ListItem\",\"position\":2,\"name\":\"#Cr\u00f4nicaSab\u00e1tica #7 | Guardiola e Abel Ferreira, de m\u00e3os dadas\"}]},{\"@type\":\"WebSite\",\"@id\":\"https:\\\/\\\/blogdoprosperi.com\\\/#website\",\"url\":\"https:\\\/\\\/blogdoprosperi.com\\\/\",\"name\":\"PR\u00d3SPERI NEWS\",\"description\":\"TUDO \u00c9  FUTEBOL\",\"publisher\":{\"@id\":\"https:\\\/\\\/blogdoprosperi.com\\\/#\\\/schema\\\/person\\\/38100755ce3601861ee4fab9b5aa78e9\"},\"alternateName\":\"blogdoprosperi.com\",\"potentialAction\":[{\"@type\":\"SearchAction\",\"target\":{\"@type\":\"EntryPoint\",\"urlTemplate\":\"https:\\\/\\\/blogdoprosperi.com\\\/?s={search_term_string}\"},\"query-input\":{\"@type\":\"PropertyValueSpecification\",\"valueRequired\":true,\"valueName\":\"search_term_string\"}}],\"inLanguage\":\"pt-BR\"},{\"@type\":[\"Person\",\"Organization\"],\"@id\":\"https:\\\/\\\/blogdoprosperi.com\\\/#\\\/schema\\\/person\\\/38100755ce3601861ee4fab9b5aa78e9\",\"name\":\"Luiz Ant\u00f4nio Pr\u00f3speri\",\"pronouns\":\"ele\",\"image\":{\"@type\":\"ImageObject\",\"inLanguage\":\"pt-BR\",\"@id\":\"https:\\\/\\\/i0.wp.com\\\/blogdoprosperi.com\\\/wp-content\\\/uploads\\\/2026\\\/05\\\/cropped-8059e613-6002-42fa-961e-8e275f575d71-2-5.jpg?fit=1360%2C931&ssl=1\",\"url\":\"https:\\\/\\\/i0.wp.com\\\/blogdoprosperi.com\\\/wp-content\\\/uploads\\\/2026\\\/05\\\/cropped-8059e613-6002-42fa-961e-8e275f575d71-2-5.jpg?fit=1360%2C931&ssl=1\",\"contentUrl\":\"https:\\\/\\\/i0.wp.com\\\/blogdoprosperi.com\\\/wp-content\\\/uploads\\\/2026\\\/05\\\/cropped-8059e613-6002-42fa-961e-8e275f575d71-2-5.jpg?fit=1360%2C931&ssl=1\",\"width\":1360,\"height\":931,\"caption\":\"Luiz Ant\u00f4nio Pr\u00f3speri\"},\"logo\":{\"@id\":\"https:\\\/\\\/i0.wp.com\\\/blogdoprosperi.com\\\/wp-content\\\/uploads\\\/2026\\\/05\\\/cropped-8059e613-6002-42fa-961e-8e275f575d71-2-5.jpg?fit=1360%2C931&ssl=1\"},\"description\":\"Jornalista com carreira dedicada ao esporte. Cobriu 9 Copas do Mundo in loco, 1990 na It\u00e1lia, 1994 nos EUA, 1998 na Fran\u00e7a, 2002 na Coreia do Sul e Jap\u00e3o, 2006 na Alemanha, 2010 na \u00c1frica do Sul, 2014 no Brasil, 2018 na R\u00fassia e 2022 no Qatar. Eurocopas, 1992 na Su\u00e9cia e 1996 na Inglaterra. Copa das Confedera\u00e7\u00f5es de 2005 na Alemanha e 2009 na \u00c1frica do Sul. Rep\u00f3rter e Editor, trabalhou no Jornal da Tarde e Estad\u00e3o, de 1984 a fevereiro de 2016. Colunista, blogueiro. E comentarista de futebol na R\u00e1dio Estad\u00e3o, de 2013 a fevereiro de 2016. Jornalista respons\u00e1vel do \\\"Pr\u00f3speri News\\\" (blogdoprosperi.com).\",\"sameAs\":[\"http:\\\/\\\/blogdoprosperi.com\",\"Luiz Pr\u00f3speri\",\"@luiz_prosperi\",\"https:\\\/\\\/x.com\\\/Luizprosperi\",\"@prosperinacopa\",\"luiz.prosperi@icloud.com\"],\"url\":\"https:\\\/\\\/blogdoprosperi.com\\\/?author=102107496\"}]}<\/script>\n<!-- \/ Yoast SEO plugin. -->","yoast_head_json":{"title":"#Cr\u00f4nicaSab\u00e1tica #7 | Guardiola e Abel Ferreira, de m\u00e3os dadas - PR\u00d3SPERI NEWS","robots":{"index":"index","follow":"follow","max-snippet":"max-snippet:-1","max-image-preview":"max-image-preview:large","max-video-preview":"max-video-preview:-1"},"canonical":"https:\/\/blogdoprosperi.com\/?p=46654","og_locale":"pt_BR","og_type":"article","og_title":"#Cr\u00f4nicaSab\u00e1tica #7 | Guardiola e Abel Ferreira, de m\u00e3os dadas - PR\u00d3SPERI NEWS","og_description":"Luiz Ant\u00f4nio Pr\u00f3speri \u2013 30 novembro (11h05) \u2013 Pep Guardiola aparece na sala de entrevistas coletivas ap\u00f3s o [&hellip;]","og_url":"https:\/\/blogdoprosperi.com\/?p=46654","og_site_name":"PR\u00d3SPERI NEWS","article_publisher":"Luiz Pr\u00f3speri","article_author":"Luiz Pr\u00f3speri","article_published_time":"2024-11-30T14:16:43+00:00","article_modified_time":"2025-02-22T15:09:11+00:00","og_image":[{"width":729,"height":410,"url":"https:\/\/i0.wp.com\/blogdoprosperi.com\/wp-content\/uploads\/2024\/11\/guardiola-e-abel-ferreira-729x410-1.jpg?fit=729%2C410&ssl=1","type":"image\/jpeg"}],"author":"Luiz Ant\u00f4nio Pr\u00f3speri","twitter_card":"summary_large_image","twitter_creator":"@Luizprosperi","twitter_site":"@Luizprosperi","twitter_misc":{"Escrito por":"Luiz Ant\u00f4nio Pr\u00f3speri","Est. tempo de leitura":"4 minutos"},"schema":{"@context":"https:\/\/schema.org","@graph":[{"@type":"Article","@id":"https:\/\/blogdoprosperi.com\/?p=46654#article","isPartOf":{"@id":"https:\/\/blogdoprosperi.com\/?p=46654"},"author":{"name":"Luiz Ant\u00f4nio Pr\u00f3speri","@id":"https:\/\/blogdoprosperi.com\/#\/schema\/person\/38100755ce3601861ee4fab9b5aa78e9"},"headline":"#Cr\u00f4nicaSab\u00e1tica #7 | Guardiola e Abel Ferreira, de m\u00e3os dadas","datePublished":"2024-11-30T14:16:43+00:00","dateModified":"2025-02-22T15:09:11+00:00","mainEntityOfPage":{"@id":"https:\/\/blogdoprosperi.com\/?p=46654"},"wordCount":760,"commentCount":0,"publisher":{"@id":"https:\/\/blogdoprosperi.com\/#\/schema\/person\/38100755ce3601861ee4fab9b5aa78e9"},"image":{"@id":"https:\/\/blogdoprosperi.com\/?p=46654#primaryimage"},"thumbnailUrl":"https:\/\/i0.wp.com\/blogdoprosperi.com\/wp-content\/uploads\/2024\/11\/guardiola-e-abel-ferreira-729x410-1.jpg?fit=729%2C410&ssl=1","keywords":["#cr\u00f4nicasab\u00e1tica","abel ferreira","futebol","Luiz Ant\u00f4nio Pr\u00f3speri","Manchester City","Palmeiras","Pep Guardiola"],"articleSection":["futebol","opini\u00e3o"],"inLanguage":"pt-BR","potentialAction":[{"@type":"CommentAction","name":"Comment","target":["https:\/\/blogdoprosperi.com\/?p=46654#respond"]}]},{"@type":"WebPage","@id":"https:\/\/blogdoprosperi.com\/?p=46654","url":"https:\/\/blogdoprosperi.com\/?p=46654","name":"#Cr\u00f4nicaSab\u00e1tica #7 | Guardiola e Abel Ferreira, de m\u00e3os dadas - PR\u00d3SPERI NEWS","isPartOf":{"@id":"https:\/\/blogdoprosperi.com\/#website"},"primaryImageOfPage":{"@id":"https:\/\/blogdoprosperi.com\/?p=46654#primaryimage"},"image":{"@id":"https:\/\/blogdoprosperi.com\/?p=46654#primaryimage"},"thumbnailUrl":"https:\/\/i0.wp.com\/blogdoprosperi.com\/wp-content\/uploads\/2024\/11\/guardiola-e-abel-ferreira-729x410-1.jpg?fit=729%2C410&ssl=1","datePublished":"2024-11-30T14:16:43+00:00","dateModified":"2025-02-22T15:09:11+00:00","breadcrumb":{"@id":"https:\/\/blogdoprosperi.com\/?p=46654#breadcrumb"},"inLanguage":"pt-BR","potentialAction":[{"@type":"ReadAction","target":["https:\/\/blogdoprosperi.com\/?p=46654"]}]},{"@type":"ImageObject","inLanguage":"pt-BR","@id":"https:\/\/blogdoprosperi.com\/?p=46654#primaryimage","url":"https:\/\/i0.wp.com\/blogdoprosperi.com\/wp-content\/uploads\/2024\/11\/guardiola-e-abel-ferreira-729x410-1.jpg?fit=729%2C410&ssl=1","contentUrl":"https:\/\/i0.wp.com\/blogdoprosperi.com\/wp-content\/uploads\/2024\/11\/guardiola-e-abel-ferreira-729x410-1.jpg?fit=729%2C410&ssl=1","width":729,"height":410,"caption":"Abel e Guardiola - reprodu\u00e7\u00e3o torcedores.com - fotos: Cesar Greco\/Ag. Palmeiras e M. City oficial"},{"@type":"BreadcrumbList","@id":"https:\/\/blogdoprosperi.com\/?p=46654#breadcrumb","itemListElement":[{"@type":"ListItem","position":1,"name":"In\u00edcio","item":"https:\/\/blogdoprosperi.com\/"},{"@type":"ListItem","position":2,"name":"#Cr\u00f4nicaSab\u00e1tica #7 | Guardiola e Abel Ferreira, de m\u00e3os dadas"}]},{"@type":"WebSite","@id":"https:\/\/blogdoprosperi.com\/#website","url":"https:\/\/blogdoprosperi.com\/","name":"PR\u00d3SPERI NEWS","description":"TUDO \u00c9  FUTEBOL","publisher":{"@id":"https:\/\/blogdoprosperi.com\/#\/schema\/person\/38100755ce3601861ee4fab9b5aa78e9"},"alternateName":"blogdoprosperi.com","potentialAction":[{"@type":"SearchAction","target":{"@type":"EntryPoint","urlTemplate":"https:\/\/blogdoprosperi.com\/?s={search_term_string}"},"query-input":{"@type":"PropertyValueSpecification","valueRequired":true,"valueName":"search_term_string"}}],"inLanguage":"pt-BR"},{"@type":["Person","Organization"],"@id":"https:\/\/blogdoprosperi.com\/#\/schema\/person\/38100755ce3601861ee4fab9b5aa78e9","name":"Luiz Ant\u00f4nio Pr\u00f3speri","pronouns":"ele","image":{"@type":"ImageObject","inLanguage":"pt-BR","@id":"https:\/\/i0.wp.com\/blogdoprosperi.com\/wp-content\/uploads\/2026\/05\/cropped-8059e613-6002-42fa-961e-8e275f575d71-2-5.jpg?fit=1360%2C931&ssl=1","url":"https:\/\/i0.wp.com\/blogdoprosperi.com\/wp-content\/uploads\/2026\/05\/cropped-8059e613-6002-42fa-961e-8e275f575d71-2-5.jpg?fit=1360%2C931&ssl=1","contentUrl":"https:\/\/i0.wp.com\/blogdoprosperi.com\/wp-content\/uploads\/2026\/05\/cropped-8059e613-6002-42fa-961e-8e275f575d71-2-5.jpg?fit=1360%2C931&ssl=1","width":1360,"height":931,"caption":"Luiz Ant\u00f4nio Pr\u00f3speri"},"logo":{"@id":"https:\/\/i0.wp.com\/blogdoprosperi.com\/wp-content\/uploads\/2026\/05\/cropped-8059e613-6002-42fa-961e-8e275f575d71-2-5.jpg?fit=1360%2C931&ssl=1"},"description":"Jornalista com carreira dedicada ao esporte. Cobriu 9 Copas do Mundo in loco, 1990 na It\u00e1lia, 1994 nos EUA, 1998 na Fran\u00e7a, 2002 na Coreia do Sul e Jap\u00e3o, 2006 na Alemanha, 2010 na \u00c1frica do Sul, 2014 no Brasil, 2018 na R\u00fassia e 2022 no Qatar. Eurocopas, 1992 na Su\u00e9cia e 1996 na Inglaterra. Copa das Confedera\u00e7\u00f5es de 2005 na Alemanha e 2009 na \u00c1frica do Sul. Rep\u00f3rter e Editor, trabalhou no Jornal da Tarde e Estad\u00e3o, de 1984 a fevereiro de 2016. Colunista, blogueiro. E comentarista de futebol na R\u00e1dio Estad\u00e3o, de 2013 a fevereiro de 2016. Jornalista respons\u00e1vel do \"Pr\u00f3speri News\" (blogdoprosperi.com).","sameAs":["http:\/\/blogdoprosperi.com","Luiz Pr\u00f3speri","@luiz_prosperi","https:\/\/x.com\/Luizprosperi","@prosperinacopa","luiz.prosperi@icloud.com"],"url":"https:\/\/blogdoprosperi.com\/?author=102107496"}]}},"jetpack_publicize_connections":[],"jetpack_likes_enabled":false,"jetpack_sharing_enabled":true,"jetpack_shortlink":"https:\/\/wp.me\/p7jvdk-c8u","jetpack-related-posts":[{"id":54254,"url":"https:\/\/blogdoprosperi.com\/?p=54254","url_meta":{"origin":46654,"position":0},"title":"Abel Ferreira | A \u00daltima Dan\u00e7a na Quarta-Feira","author":"Luiz Ant\u00f4nio Pr\u00f3speri","date":"4 de agosto de 2025","format":false,"excerpt":"Luiz Ant\u00f4nio Pr\u00f3speri \u2013 4 agosto 2025 (15h16) \u2013 Corinthians anuncia: \"\u00c9 quarta-feira\". Pouco se importa com o empate (1 a 1) contra o Fortaleza em Itaquera. Leia-se quarta-feira, dia 6 de agosto, contra o Palmeiras no Allianz Parque valendo vaga \u00e0s quartas final da Copa do Brasil. Mais que\u2026","rel":"","context":"Em &quot;Copa do Brasil&quot;","block_context":{"text":"Copa do Brasil","link":"https:\/\/blogdoprosperi.com\/?cat=821950"},"img":{"alt_text":"Abel Ferreira | A \u00faltima dan\u00e7a na quarta-feira","src":"https:\/\/i0.wp.com\/blogdoprosperi.com\/wp-content\/uploads\/2025\/08\/54698507575_30703c5829_c.jpg?fit=800%2C450&ssl=1&resize=350%2C200","width":350,"height":200,"srcset":"https:\/\/i0.wp.com\/blogdoprosperi.com\/wp-content\/uploads\/2025\/08\/54698507575_30703c5829_c.jpg?fit=800%2C450&ssl=1&resize=350%2C200 1x, https:\/\/i0.wp.com\/blogdoprosperi.com\/wp-content\/uploads\/2025\/08\/54698507575_30703c5829_c.jpg?fit=800%2C450&ssl=1&resize=525%2C300 1.5x, https:\/\/i0.wp.com\/blogdoprosperi.com\/wp-content\/uploads\/2025\/08\/54698507575_30703c5829_c.jpg?fit=800%2C450&ssl=1&resize=700%2C400 2x"},"classes":[]},{"id":35981,"url":"https:\/\/blogdoprosperi.com\/?p=35981","url_meta":{"origin":46654,"position":1},"title":"Eis o futebol","author":"Luiz Ant\u00f4nio Pr\u00f3speri","date":"30 de maio de 2017","format":false,"excerpt":"Nos paralelep\u00edpedos de uma rua no Jardim Peri, um dos cantos da grande cidade, o menino, ent\u00e3o com 16 anos, pinta a cal\u00e7ada na Copa do Mundo de 2014. Tr\u00eas anos depois, esse garoto Gabriel Jesus \u00e9 o camisa 9 da Sele\u00e7\u00e3o Brasileira e respeitado em todo o mundo. Jesus\u2026","rel":"","context":"Em &quot;futebol&quot;","block_context":{"text":"futebol","link":"https:\/\/blogdoprosperi.com\/?cat=53870"},"img":{"alt_text":"","src":"https:\/\/i0.wp.com\/blogdoprosperi.com\/wp-content\/uploads\/2017\/05\/dbcjy_cxkaajzhv1.jpg?fit=675%2C1200&ssl=1&resize=350%2C200","width":350,"height":200,"srcset":"https:\/\/i0.wp.com\/blogdoprosperi.com\/wp-content\/uploads\/2017\/05\/dbcjy_cxkaajzhv1.jpg?fit=675%2C1200&ssl=1&resize=350%2C200 1x, https:\/\/i0.wp.com\/blogdoprosperi.com\/wp-content\/uploads\/2017\/05\/dbcjy_cxkaajzhv1.jpg?fit=675%2C1200&ssl=1&resize=525%2C300 1.5x"},"classes":[]},{"id":6790,"url":"https:\/\/blogdoprosperi.com\/?p=6790","url_meta":{"origin":46654,"position":2},"title":"At\u00e9 mais, Pep","author":"Luiz Ant\u00f4nio Pr\u00f3speri","date":"21 de maio de 2016","format":false,"excerpt":"A temporada do futebol alem\u00e3o se encerrou neste s\u00e1bado com a consagra\u00e7\u00e3o do Bayern de Munique e a despedida de Pep Guardiola. O time conquistou a Copa Alemanha na decis\u00e3o nos p\u00eanaltis contra o Borussia e o treinador espanhol disse adeus ap\u00f3s um reinado de tr\u00eas anos de muitos t\u00edtulos\u2026","rel":"","context":"Em &quot;futebol&quot;","block_context":{"text":"futebol","link":"https:\/\/blogdoprosperi.com\/?cat=53870"},"img":{"alt_text":"","src":"https:\/\/i0.wp.com\/blogdoprosperi.com\/wp-content\/uploads\/2016\/05\/csm_104046-juebl_bayern_c5395ea3cf.jpg?resize=350%2C200&ssl=1","width":350,"height":200,"srcset":"https:\/\/i0.wp.com\/blogdoprosperi.com\/wp-content\/uploads\/2016\/05\/csm_104046-juebl_bayern_c5395ea3cf.jpg?resize=350%2C200&ssl=1 1x, https:\/\/i0.wp.com\/blogdoprosperi.com\/wp-content\/uploads\/2016\/05\/csm_104046-juebl_bayern_c5395ea3cf.jpg?resize=525%2C300&ssl=1 1.5x, https:\/\/i0.wp.com\/blogdoprosperi.com\/wp-content\/uploads\/2016\/05\/csm_104046-juebl_bayern_c5395ea3cf.jpg?resize=700%2C400&ssl=1 2x, https:\/\/i0.wp.com\/blogdoprosperi.com\/wp-content\/uploads\/2016\/05\/csm_104046-juebl_bayern_c5395ea3cf.jpg?resize=1050%2C600&ssl=1 3x"},"classes":[]},{"id":17228,"url":"https:\/\/blogdoprosperi.com\/?p=17228","url_meta":{"origin":46654,"position":3},"title":"Entenda como Gabriel Jesus escolheu Manchester City para jogar na Europa","author":"Luiz Ant\u00f4nio Pr\u00f3speri","date":"22 de julho de 2016","format":false,"excerpt":"Gabriel Jesus era disputado por Barcelona, Real Madrid, Juventus, Inter de Mil\u00e3o, Manchester United e Manchester City. Todos esses gigantes do futebol europeu tinham planos e projetos ao craque do Palmeiras. O garoto decidiu que o City, comandado por Pep Guardiola, era a melhor op\u00e7\u00e3o. E o neg\u00f3cio deve ser\u2026","rel":"","context":"Em &quot;futebol&quot;","block_context":{"text":"futebol","link":"https:\/\/blogdoprosperi.com\/?cat=53870"},"img":{"alt_text":"","src":"https:\/\/i0.wp.com\/blogdoprosperi.com\/wp-content\/uploads\/2016\/07\/452293057.jpg?resize=350%2C200&ssl=1","width":350,"height":200,"srcset":"https:\/\/i0.wp.com\/blogdoprosperi.com\/wp-content\/uploads\/2016\/07\/452293057.jpg?resize=350%2C200&ssl=1 1x, https:\/\/i0.wp.com\/blogdoprosperi.com\/wp-content\/uploads\/2016\/07\/452293057.jpg?resize=525%2C300&ssl=1 1.5x"},"classes":[]},{"id":48173,"url":"https:\/\/blogdoprosperi.com\/?p=48173","url_meta":{"origin":46654,"position":4},"title":"Guardiola Admite Fim de Ciclo no City | Al\u00f4, CBF!","author":"Luiz Ant\u00f4nio Pr\u00f3speri","date":"20 de fevereiro de 2025","format":false,"excerpt":"Pep Guardiola aceita o colapso do Manchester \u00a0City ap\u00f3s a queda prematura na Champions League. Evid\u00eancias claras na derrota (3 a 1) para o Real Madrid, quarta-feira (19\/2), jogo de humanos (Real) contra zumbis (City). Ao encerramento da partida, Guardiola \u00e9 questionado a respeito do futuro no clube. Vai ficar?\u00a0\u2026","rel":"","context":"Em &quot;futebol&quot;","block_context":{"text":"futebol","link":"https:\/\/blogdoprosperi.com\/?cat=53870"},"img":{"alt_text":"Queda do Manchester City","src":"https:\/\/i0.wp.com\/blogdoprosperi.com\/wp-content\/uploads\/2024\/12\/pep-guardiola.webp?fit=1200%2C676&ssl=1&resize=350%2C200","width":350,"height":200,"srcset":"https:\/\/i0.wp.com\/blogdoprosperi.com\/wp-content\/uploads\/2024\/12\/pep-guardiola.webp?fit=1200%2C676&ssl=1&resize=350%2C200 1x, https:\/\/i0.wp.com\/blogdoprosperi.com\/wp-content\/uploads\/2024\/12\/pep-guardiola.webp?fit=1200%2C676&ssl=1&resize=525%2C300 1.5x, https:\/\/i0.wp.com\/blogdoprosperi.com\/wp-content\/uploads\/2024\/12\/pep-guardiola.webp?fit=1200%2C676&ssl=1&resize=700%2C400 2x, https:\/\/i0.wp.com\/blogdoprosperi.com\/wp-content\/uploads\/2024\/12\/pep-guardiola.webp?fit=1200%2C676&ssl=1&resize=1050%2C600 3x"},"classes":[]},{"id":49564,"url":"https:\/\/blogdoprosperi.com\/?p=49564","url_meta":{"origin":46654,"position":5},"title":"Despedida | &#8220;Um dos maiores&#8221;: De Bruyne \u00e9 Aclamado por Guardiola Ap\u00f3s Confirmar Sa\u00edda do City","author":"Luiz Ant\u00f4nio Pr\u00f3speri","date":"4 de abril de 2025","format":false,"excerpt":"Jogador Belga deixar\u00e1 o Manchester City no ver\u00e3o ap\u00f3s 10 anos de clube e de muitas conquistas. Guardiola tem certeza de que De Bruyne ganhar\u00e1 est\u00e1tua do Etihad Stadium. The Guardian \u2013 4 abril (15h25) \u2013 Pep Guardiola elogiou Kevin De Bruyne como \u201cum dos maiores\u201d jogadores da hist\u00f3ria da\u2026","rel":"","context":"Em &quot;futebol&quot;","block_context":{"text":"futebol","link":"https:\/\/blogdoprosperi.com\/?cat=53870"},"img":{"alt_text":"Guardiola: \"De Bruyne, um dos grandes\"","src":"https:\/\/i0.wp.com\/blogdoprosperi.com\/wp-content\/uploads\/2016\/09\/kevin-de-bruyne.jpg?fit=738%2C415&ssl=1&resize=350%2C200","width":350,"height":200,"srcset":"https:\/\/i0.wp.com\/blogdoprosperi.com\/wp-content\/uploads\/2016\/09\/kevin-de-bruyne.jpg?fit=738%2C415&ssl=1&resize=350%2C200 1x, https:\/\/i0.wp.com\/blogdoprosperi.com\/wp-content\/uploads\/2016\/09\/kevin-de-bruyne.jpg?fit=738%2C415&ssl=1&resize=525%2C300 1.5x, https:\/\/i0.wp.com\/blogdoprosperi.com\/wp-content\/uploads\/2016\/09\/kevin-de-bruyne.jpg?fit=738%2C415&ssl=1&resize=700%2C400 2x"},"classes":[]}],"jetpack_featured_media_url":"https:\/\/i0.wp.com\/blogdoprosperi.com\/wp-content\/uploads\/2024\/11\/guardiola-e-abel-ferreira-729x410-1.jpg?fit=729%2C410&ssl=1","_links":{"self":[{"href":"https:\/\/blogdoprosperi.com\/index.php?rest_route=\/wp\/v2\/posts\/46654","targetHints":{"allow":["GET"]}}],"collection":[{"href":"https:\/\/blogdoprosperi.com\/index.php?rest_route=\/wp\/v2\/posts"}],"about":[{"href":"https:\/\/blogdoprosperi.com\/index.php?rest_route=\/wp\/v2\/types\/post"}],"author":[{"embeddable":true,"href":"https:\/\/blogdoprosperi.com\/index.php?rest_route=\/wp\/v2\/users\/102107496"}],"replies":[{"embeddable":true,"href":"https:\/\/blogdoprosperi.com\/index.php?rest_route=%2Fwp%2Fv2%2Fcomments&post=46654"}],"version-history":[{"count":9,"href":"https:\/\/blogdoprosperi.com\/index.php?rest_route=\/wp\/v2\/posts\/46654\/revisions"}],"predecessor-version":[{"id":48310,"href":"https:\/\/blogdoprosperi.com\/index.php?rest_route=\/wp\/v2\/posts\/46654\/revisions\/48310"}],"wp:featuredmedia":[{"embeddable":true,"href":"https:\/\/blogdoprosperi.com\/index.php?rest_route=\/wp\/v2\/media\/46664"}],"wp:attachment":[{"href":"https:\/\/blogdoprosperi.com\/index.php?rest_route=%2Fwp%2Fv2%2Fmedia&parent=46654"}],"wp:term":[{"taxonomy":"category","embeddable":true,"href":"https:\/\/blogdoprosperi.com\/index.php?rest_route=%2Fwp%2Fv2%2Fcategories&post=46654"},{"taxonomy":"post_tag","embeddable":true,"href":"https:\/\/blogdoprosperi.com\/index.php?rest_route=%2Fwp%2Fv2%2Ftags&post=46654"}],"curies":[{"name":"wp","href":"https:\/\/api.w.org\/{rel}","templated":true}]}}