{"id":46873,"date":"2025-01-27T20:04:00","date_gmt":"2025-01-27T23:04:00","guid":{"rendered":"https:\/\/blogdoprosperi.com\/?p=46873"},"modified":"2025-01-27T22:25:47","modified_gmt":"2025-01-28T01:25:47","slug":"mercadofutebol-corrida-por-tecnicos-propostas-por-dudu-e-gabigol-facundo-no-palmeiras","status":"publish","type":"post","link":"https:\/\/blogdoprosperi.com\/?p=46873","title":{"rendered":"Mercado Futebol | Santos Contrata Z\u00e9 Rafael e Ver\u00f3n, Cruzeiro Rifa Diniz e Fecha com Renato Ga\u00facho"},"content":{"rendered":"<p><em>Luiz Ant\u00f4nio Pr\u00f3speri \u2013 27 janeiro (20h25) \u2013<\/em><\/p>\n<p><em>Confira aqui principais negocia\u00e7\u00f5es no mercado do futebol brasileiro temporada 2025. P\u00e1gina ser\u00e1 atualizada com novas transfer\u00eancias de jogadores e treinadores. E mais: an\u00e1lise de cada transa\u00e7\u00e3o.<\/em><\/p>\n<hr>\n<p><strong><em>Segunda-feira \u2013 27 janeiro \u2013 20h15<\/em><\/strong><\/p>\n<p><strong>SANTOS FILIAL DO PALMEIRAS?<\/strong><\/p>\n<p>Santos anuncia contrata\u00e7\u00e3o do volante Z\u00e9 Rafael do Palmeiras por R$ 15 milh\u00f5es. Fecha empr\u00e9stimo do atacante Gabriel Ver\u00f3n, ex-Palmeiras, vinculado ao Porto. Ver\u00f3n vem por. um contrato v\u00e1lido at\u00e9 dezembro de 2025. Pr\u00f3ximo da fila \u00e9 Rony. Clube santista tem proposta na mesa da presidente Leila Pereira. E <span><strong><a style=\"color: #0000ff\" href=\"https:\/\/blogdoprosperi.com\/2025\/01\/27\/mensagem-do-santos-neymar-vem-ai-na-quarta-feira\/\">Neymar \u00e9 esperado nessa quarta-feira (29\/1) na Vila Belmiro.<\/a><\/strong><\/span><\/p>\n<p><em><strong>opini\u00e3o<\/strong> \u2013 Se acertar com os tr\u00eas jogadores, Santos pode repaginar o time com refor\u00e7os de origem no Palmeiras. Do meio para frente teria: Jo\u00e3o Schimidt, Pituca e Z\u00e9 Rafael; Gabriel Ver\u00f3n, Rony e Neymar. Se arrumar a cozinha, sistema defensivo, volta a ser um time a meter medo na concorr\u00eancia.<\/em><\/p>\n<hr>\n<figure id=\"attachment_47651\" aria-describedby=\"caption-attachment-47651\" style=\"width: 544px\" class=\"wp-caption alignnone\"><img data-recalc-dims=\"1\" loading=\"lazy\" decoding=\"async\" data-attachment-id=\"47651\" data-permalink=\"https:\/\/blogdoprosperi.com\/?attachment_id=47651\" data-orig-file=\"https:\/\/i0.wp.com\/blogdoprosperi.com\/wp-content\/uploads\/2025\/01\/diniz_cruzeiro-e1737987368118_2025-01-27_15-27-54_png_2025-01-27_15-27-54.webp?fit=420%2C240&amp;ssl=1\" data-orig-size=\"420,240\" data-comments-opened=\"1\" data-image-meta=\"{&quot;aperture&quot;:&quot;0&quot;,&quot;credit&quot;:&quot;&quot;,&quot;camera&quot;:&quot;&quot;,&quot;caption&quot;:&quot;&quot;,&quot;created_timestamp&quot;:&quot;0&quot;,&quot;copyright&quot;:&quot;&quot;,&quot;focal_length&quot;:&quot;0&quot;,&quot;iso&quot;:&quot;0&quot;,&quot;shutter_speed&quot;:&quot;0&quot;,&quot;title&quot;:&quot;&quot;,&quot;orientation&quot;:&quot;0&quot;}\" data-image-title=\"\" data-image-description=\"\" data-image-caption=\"&lt;p&gt;Fernando Diniz \u2013 foto: Cruzeiro oficial&lt;\/p&gt;\n\" data-large-file=\"https:\/\/i0.wp.com\/blogdoprosperi.com\/wp-content\/uploads\/2025\/01\/diniz_cruzeiro-e1737987368118_2025-01-27_15-27-54_png_2025-01-27_15-27-54.webp?fit=420%2C240&amp;ssl=1\" src=\"https:\/\/i0.wp.com\/blogdoprosperi.com\/wp-content\/uploads\/2025\/01\/diniz_cruzeiro-e1737987368118_2025-01-27_15-27-54_png_2025-01-27_15-27-54.webp?resize=544%2C311&#038;ssl=1\" class=\"wp-image-47651\" alt=\"\" width=\"544\" height=\"311\"><figcaption id=\"caption-attachment-47651\" class=\"wp-caption-text\"><em>Fernando Diniz \u2013 foto: Cruzeiro oficial<\/em><\/figcaption><\/figure>\n<p><strong>CRUZEIRO: SAI FERNANDO DINIZ, ENTRA RENATO GA\u00daCHO<\/strong><\/p>\n<p>Fernando Diniz \u00e9 demitido no Cruzeiro ap\u00f3s a derrota no s\u00e1bado para o Betim, na terceira rodada do Campeonato Mineiro. Queda de Diniz estava anunciada desde o fim do Brasileir\u00e3o 2024 quando o time pouco jogou bola. No in\u00edcio da atual temporada, rendimento tem sido bem abaixo da expectativa. Diniz sai de cena e, se quiser voar mais alto, precisa repensar um pouco de suas ideias. Futebol brasileiro n\u00e3o respeita Fernando Diniz. Renato Ga\u00facho, despachado do Gr\u00eamio no fim do ano passado, vai assumir o Cruzeiro.<\/p>\n<p><em><strong>opini\u00e3o<\/strong> \u2013 A vol\u00fapia do Cruzeiro no mercado \u2013 contratando jogadores em baixa em seus clubes, como Dudu e Gabigol e mais uma baciada de bons atletas \u2013 sugeria um time voando nas m\u00e3os de Fernando Diniz. Conversa fiada. Diniz j\u00e1 n\u00e3o agradava aos dirigentes do Cruzeiro desde o fim da temporada passada. Renato Ga\u00facho assume as r\u00e9deas de um grupo de jogadores que ele conhece bem. Seu estilo boleiro pode casar com esse time. Pode ir bem no in\u00edcio. A longo prazo, temos d\u00favidas.<\/em><\/p>\n<hr>\n<p><strong><em>Ter\u00e7a-feira \u2013 14 janeiro \u2013 17h05<\/em><\/strong><\/p>\n<p><strong>PALMEIRAS VENDE ZAGUEIRO VITOR REIS POR R$ 218 milh\u00f5es<\/strong><\/p>\n<p>Vitor Reis, zagueiro de 19 anos, foi vendido ao Manchester City, time do Pep Guardiola, por 35 milh\u00f5es de euros \u2013 R$ 218 milh\u00f5es, na cota\u00e7\u00e3o atual. \u00c9 a maior venda da hist\u00f3ria de um zagueiro brasileiro ao futebol internacional. Negocia\u00e7\u00e3o \u00e9 mais uma da <strong>Gera\u00e7\u00e3o do Bilh\u00e3o<\/strong> base do Palmeiras, as Crias da Academia, contemplando as vendas de Endrick, Estev\u00e3o, Luis Guilherme \u2013 total de R$ 1,2 bilh\u00e3o.<\/p>\n<p><em><strong>opini\u00e3o \u2013<\/strong> Palmeiras n\u00e3o tinha como recusar a proposta do City por Vitor Reis. \u00c9 muita grana por um defensor. A sa\u00edda do zagueiro obriga ainda mais o clube a investir em refor\u00e7os, jogadores prontos a vestir a camisa e jogar. Receita gerada pela venda de Vitor Reis paga com sobra os R$ 180 milh\u00f5es que o Palmeiras investiu nas contrata\u00e7\u00f5es de Paulinho e Facundo Torres. \u00c9 hora de gastar, Leila Pereira.<\/em><\/p>\n<figure id=\"attachment_47468\" aria-describedby=\"caption-attachment-47468\" style=\"width: 545px\" class=\"wp-caption alignnone\"><img data-recalc-dims=\"1\" loading=\"lazy\" decoding=\"async\" data-attachment-id=\"47468\" data-permalink=\"https:\/\/blogdoprosperi.com\/?attachment_id=47468\" data-orig-file=\"https:\/\/i0.wp.com\/blogdoprosperi.com\/wp-content\/uploads\/2024\/12\/ghq-znmxgaaynr7-1.jpeg?fit=1179%2C1783&amp;ssl=1\" data-orig-size=\"1179,1783\" data-comments-opened=\"1\" data-image-meta=\"{&quot;aperture&quot;:&quot;0&quot;,&quot;credit&quot;:&quot;&quot;,&quot;camera&quot;:&quot;&quot;,&quot;caption&quot;:&quot;&quot;,&quot;created_timestamp&quot;:&quot;0&quot;,&quot;copyright&quot;:&quot;&quot;,&quot;focal_length&quot;:&quot;0&quot;,&quot;iso&quot;:&quot;0&quot;,&quot;shutter_speed&quot;:&quot;0&quot;,&quot;title&quot;:&quot;&quot;,&quot;orientation&quot;:&quot;0&quot;}\" data-image-title=\"CRIAS DA ACADEMIA DO PALMEIRAS\" data-image-description=\"\" data-image-caption=\"&lt;p&gt;Gera\u00e7\u00e3o do Bilh\u00e3o no Palmeiras \u2013 reprodu\u00e7\u00e3o Twitter&lt;\/p&gt;\n\" data-large-file=\"https:\/\/i0.wp.com\/blogdoprosperi.com\/wp-content\/uploads\/2024\/12\/ghq-znmxgaaynr7-1.jpeg?fit=677%2C1024&amp;ssl=1\" src=\"https:\/\/i0.wp.com\/blogdoprosperi.com\/wp-content\/uploads\/2024\/12\/ghq-znmxgaaynr7-1.jpeg?resize=545%2C824&#038;ssl=1\" class=\"wp-image-47468\" alt=\"Palmeiras vende zagueiro ao Manchester City\" width=\"545\" height=\"824\"><figcaption id=\"caption-attachment-47468\" class=\"wp-caption-text\"><em>Gera\u00e7\u00e3o do Bilh\u00e3o no Palmeiras \u2013 reprodu\u00e7\u00e3o Twitter<\/em><\/figcaption><\/figure>\n<hr>\n<p><strong>BAHIA ANUNCIA WILLAN JOS\u00c9<\/strong><\/p>\n<p>Carente de um artilheiro na temporada passada quando criava muitas oportunidades de gol e atacantes n\u00e3o conferiam, Bahia contrata o experiente centroavante Willian Jos\u00e9, de 33 anos, que estava no futebol espanhol. Atacante estava fora do Brasil h\u00e1 dez anos. Bahia, vendido ao Grupo City no modelo, resgata Willian Jos\u00e9 sem custo. Jogador rescindiu contrato com Spartak Moscou.<\/p>\n<p><em><strong>opini\u00e3o<\/strong> \u2013 Quarto artilheiro brasileiro no futebol espanhol, com 84 gols, Willian Jos\u00e9 se junta a Erick (ex-Athletico), Rodrigo Nestor (ex-S\u00e3o Paulo), Michel Ara\u00fajo (ex-S\u00e3o Paulo) e Erick Pulga (ex-Cear\u00e1), refor\u00e7os do Bahia no mercado de 2025. Tem tudo para dar certo.<\/em><\/p>\n<figure id=\"attachment_47476\" aria-describedby=\"caption-attachment-47476\" style=\"width: 571px\" class=\"wp-caption alignnone\"><img data-recalc-dims=\"1\" loading=\"lazy\" decoding=\"async\" data-attachment-id=\"47476\" data-permalink=\"https:\/\/blogdoprosperi.com\/?attachment_id=47476\" data-orig-file=\"https:\/\/i0.wp.com\/blogdoprosperi.com\/wp-content\/uploads\/2024\/12\/ghriwarxaaaanyb.jpeg?fit=1087%2C735&amp;ssl=1\" data-orig-size=\"1087,735\" data-comments-opened=\"1\" data-image-meta=\"{&quot;aperture&quot;:&quot;0&quot;,&quot;credit&quot;:&quot;&quot;,&quot;camera&quot;:&quot;&quot;,&quot;caption&quot;:&quot;&quot;,&quot;created_timestamp&quot;:&quot;0&quot;,&quot;copyright&quot;:&quot;&quot;,&quot;focal_length&quot;:&quot;0&quot;,&quot;iso&quot;:&quot;0&quot;,&quot;shutter_speed&quot;:&quot;0&quot;,&quot;title&quot;:&quot;&quot;,&quot;orientation&quot;:&quot;0&quot;}\" data-image-title=\"William Jos\u00e9 do Bahia\" data-image-description=\"\" data-image-caption=\"&lt;p&gt;Willian Jos\u00e9 no Bahia \u2013 foto: reprodu\u00e7\u00e3o Twitter Bahia&lt;\/p&gt;\n\" data-large-file=\"https:\/\/i0.wp.com\/blogdoprosperi.com\/wp-content\/uploads\/2024\/12\/ghriwarxaaaanyb.jpeg?fit=940%2C636&amp;ssl=1\" src=\"https:\/\/i0.wp.com\/blogdoprosperi.com\/wp-content\/uploads\/2024\/12\/ghriwarxaaaanyb.jpeg?resize=571%2C386&#038;ssl=1\" class=\"wp-image-47476\" alt=\"\" width=\"571\" height=\"386\"><figcaption id=\"caption-attachment-47476\" class=\"wp-caption-text\">Willian Jos\u00e9 no Bahia \u2013 foto: reprodu\u00e7\u00e3o Twitter BahiA<\/figcaption><\/figure>\n<hr>\n<p><strong><em>Quarta-feira (01\/janeiro\/2025) \u2013 14h34<\/em><\/strong><\/p>\n<p><strong>GABIGOL \u00c9 DO CRUZEIRO<\/strong><\/p>\n<p>Cruzeiro tem novo camisa 9<strong><em>. <\/em><\/strong>Gabigol assina contrato at\u00e9 2028 e ser\u00e1 apresentado s\u00e1bado no Mineir\u00e3o<strong><em>. <\/em><\/strong>Deve ser o parceiro de Dudu no time mineiro.<\/p>\n<p>&#8220;Nos \u00faltimos 10 anos, talvez o Dudu e o C\u00e1ssio, foram&#8230; do lado de o Arrascaeta, do Bruno Henrique, de mim, eu acho que foram jogadores desequilibrantes no Brasil, ent\u00e3o poder estar do lado deles, eu acho que vai ser especial, e principalmente do Dudu, Dudu \u00e9 um cara que com certeza eu vou realizar um sonho de jogar ao lado dele.<\/p>\n<p>&#8220;Conversei muito pouco com jogadores, \u00e9 claro que o Dudu \u00e9 um sonho que eu vou realizar, eu sempre joguei contra, eu sei o quanto \u00e9 dif\u00edcil, \u00e9 um jogador especial, \u00e9 um craque&#8221;<\/p>\n<figure id=\"attachment_47334\" aria-describedby=\"caption-attachment-47334\" style=\"width: 615px\" class=\"wp-caption alignnone\"><img data-recalc-dims=\"1\" loading=\"lazy\" decoding=\"async\" data-attachment-id=\"47334\" data-permalink=\"https:\/\/blogdoprosperi.com\/?attachment_id=47334\" data-orig-file=\"https:\/\/i0.wp.com\/blogdoprosperi.com\/wp-content\/uploads\/2025\/01\/captura-de-tela-2025-01-06-as-11.56.04.png?fit=984%2C658&amp;ssl=1\" data-orig-size=\"984,658\" data-comments-opened=\"1\" data-image-meta=\"{&quot;aperture&quot;:&quot;0&quot;,&quot;credit&quot;:&quot;&quot;,&quot;camera&quot;:&quot;&quot;,&quot;caption&quot;:&quot;&quot;,&quot;created_timestamp&quot;:&quot;0&quot;,&quot;copyright&quot;:&quot;&quot;,&quot;focal_length&quot;:&quot;0&quot;,&quot;iso&quot;:&quot;0&quot;,&quot;shutter_speed&quot;:&quot;0&quot;,&quot;title&quot;:&quot;&quot;,&quot;orientation&quot;:&quot;0&quot;}\" data-image-title=\"Constela\u00e7\u00e3o do Cruzeiro\" data-image-description=\"\" data-image-caption=\"&lt;p&gt;Gabigol, Dudu e Cia, refor\u00e7os do Cruzeiro \u2013 imagem Cruzeiro Oficial&lt;\/p&gt;\n\" data-large-file=\"https:\/\/i0.wp.com\/blogdoprosperi.com\/wp-content\/uploads\/2025\/01\/captura-de-tela-2025-01-06-as-11.56.04.png?fit=940%2C629&amp;ssl=1\" src=\"https:\/\/i0.wp.com\/blogdoprosperi.com\/wp-content\/uploads\/2025\/01\/captura-de-tela-2025-01-06-as-11.56.04.png?resize=615%2C412&#038;ssl=1\" class=\"wp-image-47334\" alt=\"Constela\u00e7\u00e3o do Cruzeiro\" width=\"615\" height=\"412\"><figcaption id=\"caption-attachment-47334\" class=\"wp-caption-text\"><em>Gabigol, Dudu e Cia, refor\u00e7os do Cruzeiro \u2013 imagem Cruzeiro Oficial<\/em><\/figcaption><\/figure>\n<p><strong>BOTAFOGO PERDE LUIZ HENRIQUE E T\u00c9CNICO<\/strong><\/p>\n<p>Luiz Henrique deixa Botafogo e vai para o Lyon, clube da holding de futebol de John Textor. Atacante eleito Melhor da Am\u00e9rica espera retomar prest\u00edgio no futebol europeu ap\u00f3s passagem frustrada no Betis, da Espanha, e reconquista de espa\u00e7o no futebol brasileiro. Em pouco menos de um m\u00eas, Botafogo perde dois jogadores importantes \u2013 Luiz Henrique e Almada \u2013 e o t\u00e9cnico Artur Jorge.<\/p>\n<figure id=\"attachment_46688\" aria-describedby=\"caption-attachment-46688\" style=\"width: 720px\" class=\"wp-caption alignnone\"><img data-recalc-dims=\"1\" loading=\"lazy\" decoding=\"async\" data-attachment-id=\"46688\" data-permalink=\"https:\/\/blogdoprosperi.com\/?attachment_id=46688\" data-orig-file=\"https:\/\/i0.wp.com\/blogdoprosperi.com\/wp-content\/uploads\/2024\/11\/54174964379_221e74a421_c.jpg?fit=799%2C533&amp;ssl=1\" data-orig-size=\"799,533\" data-comments-opened=\"1\" data-image-meta=\"{&quot;aperture&quot;:&quot;0&quot;,&quot;credit&quot;:&quot;Vitor_Silva&quot;,&quot;camera&quot;:&quot;&quot;,&quot;caption&quot;:&quot;&quot;,&quot;created_timestamp&quot;:&quot;0&quot;,&quot;copyright&quot;:&quot;Vitor Silva&quot;,&quot;focal_length&quot;:&quot;0&quot;,&quot;iso&quot;:&quot;0&quot;,&quot;shutter_speed&quot;:&quot;0&quot;,&quot;title&quot;:&quot;&quot;,&quot;orientation&quot;:&quot;0&quot;}\" data-image-title=\"Luiz Henrique do Botafogo, um dos mais caros\" data-image-description=\"\" data-image-caption=\"&lt;p&gt;Luiz Henrique \u2013 foto: Botafogo oficial&lt;\/p&gt;\n\" data-large-file=\"https:\/\/i0.wp.com\/blogdoprosperi.com\/wp-content\/uploads\/2024\/11\/54174964379_221e74a421_c.jpg?fit=799%2C533&amp;ssl=1\" src=\"https:\/\/i0.wp.com\/blogdoprosperi.com\/wp-content\/uploads\/2024\/11\/54174964379_221e74a421_c.jpg?resize=720%2C480&#038;ssl=1\" class=\"size-large wp-image-46688\" width=\"720\" height=\"480\" alt=\"\"><figcaption id=\"caption-attachment-46688\" class=\"wp-caption-text\"><em>Luiz Henrique \u2013 foto: Botafogo oficial<\/em><\/figcaption><\/figure>\n<p>Estava escrito desde a queda precoce do Botafogo no Mundial de Clubes (Copa Intercontinental) em meados de dezembro: Artur Jorge deixaria o clube depois das conquistas da Libertadores e Brasileir\u00e3o. Dito e feito. Artur troca futebol brasileiro pelo Al Rayyan do Qatar. Botafogo procura sem pressa um novo treinador.<\/p>\n<p><em><strong>opini\u00e3o<\/strong> \u2013 Artur Jorge repete Luiz Castro. Os dois treinadores portugueses abandonaram o Botafogo antes mesmo de cumprir um ano de contrato. Os dois foram seduzidos pela grana do mundo \u00e1rabe. N\u00e3o vai ser f\u00e1cil ao Botafogo encontrar um sucessor com o mesmo perfil de Artur. Enorme preju\u00edzo ao clube que dominou a temporada 2024. E n\u00e3o ter\u00e1 Luiz Henrique e Almada. Textor vai ter de gastar mais um monte de dinheiro para manter o Botafogo no topo da montanha em 2025.<\/em><\/p>\n<hr>\n<p><strong><em>Ter\u00e7a-feira (31\/12\/2024) \u2013 11h31<\/em><\/strong><\/p>\n<figure><\/figure>\n<p><strong>PALMEIRAS ANUNCIA PAULINHO<\/strong><\/p>\n<p>Palmeiras, enfim, anuncia contrata\u00e7\u00e3o de Paulinho. Negocia\u00e7\u00e3o com Atl\u00e9tico-MG se arrastava h\u00e1 duas semanas. Atacante assina contrato at\u00e9 o fim de 2029. Paulinho tem 24 anos e custou R$ 117 milh\u00f5es + Gabriel Menino e o jovem Patrick do time Sub-20.<\/p>\n<p>&#8220;Como todos sabem, eu tive uma les\u00e3o em 2024 que me atrapalhou em mais da metade do ano. Tive de jogar no sacrif\u00edcio e isso fez com que eu tivesse de fazer a cirurgia. Mas estou totalmente focado na recupera\u00e7\u00e3o, estou avan\u00e7ando muito bem, a cada dia melhor. Acredito que nos primeiros meses de 2025 eu estarei em busca da melhor performance para voltar para o campo, progredindo para estar 100% e poder dar as alegrias que o Palmeiras merece&#8221; \u2013 Paulinho.<\/p>\n<figure id=\"attachment_47262\" aria-describedby=\"caption-attachment-47262\" style=\"width: 720px\" class=\"wp-caption alignnone\"><img data-recalc-dims=\"1\" loading=\"lazy\" decoding=\"async\" data-attachment-id=\"47262\" data-permalink=\"https:\/\/blogdoprosperi.com\/?attachment_id=47262\" data-orig-file=\"https:\/\/i0.wp.com\/blogdoprosperi.com\/wp-content\/uploads\/2024\/12\/gg_10331-2-2000x1200-1.jpg?fit=2000%2C1200&amp;ssl=1\" data-orig-size=\"2000,1200\" data-comments-opened=\"1\" data-image-meta=\"{&quot;aperture&quot;:&quot;2.8&quot;,&quot;credit&quot;:&quot;&quot;,&quot;camera&quot;:&quot;Canon EOS R5&quot;,&quot;caption&quot;:&quot;&quot;,&quot;created_timestamp&quot;:&quot;1735046987&quot;,&quot;copyright&quot;:&quot;&quot;,&quot;focal_length&quot;:&quot;46&quot;,&quot;iso&quot;:&quot;800&quot;,&quot;shutter_speed&quot;:&quot;0.00625&quot;,&quot;title&quot;:&quot;&quot;,&quot;orientation&quot;:&quot;0&quot;}\" data-image-title=\"Paulinho \u00e9 do Palmeiras\" data-image-description=\"\" data-image-caption=\"&lt;p&gt;Paulinho \u2013 foto: Palmeiras oficial&lt;\/p&gt;\n\" data-large-file=\"https:\/\/i0.wp.com\/blogdoprosperi.com\/wp-content\/uploads\/2024\/12\/gg_10331-2-2000x1200-1.jpg?fit=940%2C564&amp;ssl=1\" src=\"https:\/\/i0.wp.com\/blogdoprosperi.com\/wp-content\/uploads\/2024\/12\/gg_10331-2-2000x1200-1.jpg?resize=720%2C432&#038;ssl=1\" class=\"size-large wp-image-47262\" width=\"720\" height=\"432\" alt=\"\"><figcaption id=\"caption-attachment-47262\" class=\"wp-caption-text\">Paulinho \u2013 foto: Palmeiras oficial<\/figcaption><\/figure>\n<p><em><strong>opini\u00e3o<\/strong> \u2013 A mais importante contrata\u00e7\u00e3o do Palmeiras at\u00e9 aqui nesse mercado de transfer\u00eancia. Vem para fortalecer um setor do time que apresentou muitas car\u00eancias em 2024. Tacada certeira e um desejo do t\u00e9cnico Abel Ferreira desde 2023.<\/em><\/p>\n<div class=\"jetpack-video-wrapper\"><span class=\"embed-youtube\" style=\"text-align:center; display: block;\"><iframe loading=\"lazy\" class=\"youtube-player\" width=\"560\" height=\"315\" src=\"https:\/\/www.youtube.com\/embed\/qvA_CVIknDc?version=3&#038;rel=1&#038;showsearch=0&#038;showinfo=1&#038;iv_load_policy=1&#038;fs=1&#038;hl=pt-BR&#038;autohide=2&#038;wmode=transparent\" allowfullscreen=\"true\" style=\"border:0;\" sandbox=\"allow-scripts allow-same-origin allow-popups allow-presentation allow-popups-to-escape-sandbox\"><\/iframe><\/span><\/div>\n<p><strong>GABRIEL MENINO SE DESPEDE DO PALMEIRAS<\/strong><\/p>\n<p><iframe loading=\"lazy\" title=\"GABRIEL MENINO FAZ V\u00cdDEO DE DESPEDIDA\" width=\"563\" height=\"1000\" src=\"https:\/\/www.youtube.com\/embed\/KsgSwm__fD8?feature=oembed\" frameborder=\"0\" allow=\"accelerometer; autoplay; clipboard-write; encrypted-media; gyroscope; picture-in-picture; web-share\" referrerpolicy=\"strict-origin-when-cross-origin\" allowfullscreen><\/iframe><\/p>\n<hr>\n<p><strong><em>Segunda-feira (30\/12) \u2013 15h10<\/em><\/strong><\/p>\n<p><strong>NOVO CHEFE DO FLAMENGO DITA AS REGRAS<\/strong><\/p>\n<p>Portugu\u00eas Jos\u00e9 Boto, 57 anos, assume comando do futebol do Flamengo. Tem poder total para administrar o grupo de jogadores e comiss\u00e3o t\u00e9cnica. E fala grosso:<\/p>\n<p>&#8220;Se o Filipe Luis falhar, o culpado serei eu. <strong>Toda a gente do clube vai ter que trabalhar como n\u00f3s queremos. Quem n\u00e3o trabalhar como queremos sai.<\/strong> Depois, se as coisas forem mal, o respons\u00e1vel sou eu. Tive carta branca do Bap (<em>presidente do Flamengo<\/em>) para que, se achasse que deveria mudar o treinador, mudava. Analisei, vi muita coisa que gostei (<em>de Filipe Luis<\/em>), vi muita entrevista. Depois, o contato di\u00e1rio tem confirmado tudo. \u00c9 algo de que posso me orgulhar. Nos jogadores n\u00f3s falhamos, n\u00e3o h\u00e1 ningu\u00e9m que acerte sempre. Nos treinadores, normalmente n\u00e3o erro. O Filipe vai ser um treinador top mundial. Lancei treinadores como Lu\u00eds Castro, como De Zerbi, e o Filipe est\u00e1 na linha deles.&#8221;<\/p>\n<p><em><strong>opini\u00e3o<\/strong> \u2013 Flamengo precisava de um profissional reconhecido no mercado para cuidar do futebol no clube. Modelo, com diretor do quadro associativo (caso de Marcos Braz), j\u00e1 estava desgastado e vazando \u00e1gua. Acerta o Fla com Boto. Vamos ver se o novo diretor vai se adaptar ao futebol brasileiro ou mudar o curso do rio.<\/em><\/p>\n<p><em><a href=\"https:\/\/www.youtube.com\/live\/2knV40T0Bw4?si=IcPAt77g0R05DAfz\">https:\/\/www.youtube.com\/live\/2knV40T0Bw4?si=IcPAt77g0R05DAfz<\/a><\/em><\/p>\n<figure id=\"attachment_47222\" aria-describedby=\"caption-attachment-47222\" style=\"width: 595px\" class=\"wp-caption alignnone\"><img data-recalc-dims=\"1\" loading=\"lazy\" decoding=\"async\" data-attachment-id=\"47222\" data-permalink=\"https:\/\/blogdoprosperi.com\/?attachment_id=47222\" data-orig-file=\"https:\/\/i0.wp.com\/blogdoprosperi.com\/wp-content\/uploads\/2024\/12\/29-12-2024-20-32-45-gf-8cshxaaajlue.jpg?fit=1920%2C1080&amp;ssl=1\" data-orig-size=\"1920,1080\" data-comments-opened=\"1\" data-image-meta=\"{&quot;aperture&quot;:&quot;0&quot;,&quot;credit&quot;:&quot;&quot;,&quot;camera&quot;:&quot;&quot;,&quot;caption&quot;:&quot;&quot;,&quot;created_timestamp&quot;:&quot;0&quot;,&quot;copyright&quot;:&quot;&quot;,&quot;focal_length&quot;:&quot;0&quot;,&quot;iso&quot;:&quot;0&quot;,&quot;shutter_speed&quot;:&quot;0&quot;,&quot;title&quot;:&quot;&quot;,&quot;orientation&quot;:&quot;0&quot;}\" data-image-title=\"Jos\u00e9 Boto, novo diretor do Flamengo\" data-image-description=\"\" data-image-caption=\"&lt;p&gt;Jos\u00e9 Boto assume futebol do Flamengo \u2013 foto: Flamengo oficial&lt;\/p&gt;\n\" data-large-file=\"https:\/\/i0.wp.com\/blogdoprosperi.com\/wp-content\/uploads\/2024\/12\/29-12-2024-20-32-45-gf-8cshxaaajlue.jpg?fit=940%2C529&amp;ssl=1\" src=\"https:\/\/i0.wp.com\/blogdoprosperi.com\/wp-content\/uploads\/2024\/12\/29-12-2024-20-32-45-gf-8cshxaaajlue.jpg?resize=595%2C335&#038;ssl=1\" class=\"wp-image-47222\" alt=\"\" width=\"595\" height=\"335\"><figcaption id=\"caption-attachment-47222\" class=\"wp-caption-text\"><em>Jos\u00e9 Boto assume futebol do Flamengo \u2013 foto: Flamengo oficial<\/em><\/figcaption><\/figure>\n<p><strong>CUCA ASSUME ATL\u00c9TICO-MG<\/strong><\/p>\n<p>Cuca volta ao Atl\u00e9tico-MG. Contrato v\u00e1lido at\u00e9 dezembro de 2026. \u00c9 a quarta passagem do treinador no clube mineiro e o maior vencedor tamb\u00e9m com as conquistas da Libertadores (2013), Brasileir\u00e3o (2021) e Copa do Brasil (2021). Atl\u00e9tico passa por problemas de gest\u00e3o com a SAF em poder do empres\u00e1rio Rubens Menin. Venda de Paulinho ao Palmeiras (R$ 116 milh\u00f5es + Gabriel Menino e o jovem Patrick), avalia Menin, \u00e9 &#8220;para oxigenar o elenco e aplicar o dinheiro em refor\u00e7os&#8221;. D\u00edvida do clube alcan\u00e7a a casa de R$ 1,4 bilh\u00e3o.<\/p>\n<p><em><strong>opini\u00e3o<\/strong> \u2013 Cuca n\u00e3o era a primeira op\u00e7\u00e3o do Galo. Vem por ser mais barato que um eventual treinador estrangeiro e por ter ainda boa aceita\u00e7\u00e3o entre os torcedores. Cuca tem hist\u00f3rico recente de abandonar o barco, sem explica\u00e7\u00f5es. N\u00e3o \u00e9 garantia de uma navega\u00e7\u00e3o segura at\u00e9 o fim do contrato. E ter\u00e1 um time mais fraco comparando ao da temporada 2024.<\/em><\/p>\n<figure id=\"attachment_47217\" aria-describedby=\"caption-attachment-47217\" style=\"width: 608px\" class=\"wp-caption alignnone\"><img data-recalc-dims=\"1\" loading=\"lazy\" decoding=\"async\" data-attachment-id=\"47217\" data-permalink=\"https:\/\/blogdoprosperi.com\/?attachment_id=47217\" data-orig-file=\"https:\/\/i0.wp.com\/blogdoprosperi.com\/wp-content\/uploads\/2024\/12\/captura-de-tela-2024-12-30-as-14.54.11.png?fit=1008%2C858&amp;ssl=1\" data-orig-size=\"1008,858\" data-comments-opened=\"1\" data-image-meta=\"{&quot;aperture&quot;:&quot;0&quot;,&quot;credit&quot;:&quot;&quot;,&quot;camera&quot;:&quot;&quot;,&quot;caption&quot;:&quot;&quot;,&quot;created_timestamp&quot;:&quot;0&quot;,&quot;copyright&quot;:&quot;&quot;,&quot;focal_length&quot;:&quot;0&quot;,&quot;iso&quot;:&quot;0&quot;,&quot;shutter_speed&quot;:&quot;0&quot;,&quot;title&quot;:&quot;&quot;,&quot;orientation&quot;:&quot;0&quot;}\" data-image-title=\"Cuca no Galo\" data-image-description=\"\" data-image-caption=\"&lt;p&gt;Cuca volta ao Atl\u00e9tico-MG \u2013 foto: Atl\u00e9tico oficial&lt;\/p&gt;\n\" data-large-file=\"https:\/\/i0.wp.com\/blogdoprosperi.com\/wp-content\/uploads\/2024\/12\/captura-de-tela-2024-12-30-as-14.54.11.png?fit=940%2C800&amp;ssl=1\" src=\"https:\/\/i0.wp.com\/blogdoprosperi.com\/wp-content\/uploads\/2024\/12\/captura-de-tela-2024-12-30-as-14.54.11.png?resize=608%2C517&#038;ssl=1\" class=\"wp-image-47217\" alt=\"\" width=\"608\" height=\"517\"><figcaption id=\"caption-attachment-47217\" class=\"wp-caption-text\"><em>Cuca volta ao Atl\u00e9tico-MG \u2013 foto: Atl\u00e9tico oficial<\/em><\/figcaption><\/figure>\n<hr>\n<p><strong><em>Ter\u00e7a-feira (24\/12) \u2013 12h12<\/em><\/strong><\/p>\n<p><strong>DUDU NO CRUZEIRO<\/strong><\/p>\n<p>Dudu assina contrato de tr\u00eas anos com o Cruzeiro, como antecipado aqui no <em><a style=\"color: #0000ff\" href=\"https:\/\/blogdoprosperi.com\/2024\/12\/12\/palmeiras-abandona-dudu-e-idolo-fecha-com-cruzeiro\/\">Pr\u00f3speri News,<\/a>&nbsp;<\/em>ap\u00f3s rescis\u00e3o amig\u00e1vel com o Palmeiras. Jogador dispensou homenagens que receberia do Alviverde e da torcida organizada Mancha Verde. Revelado no clube mineiro, Dudu volta como protagonista em um clube que promete ainda investir pesado em refor\u00e7os para temporada 2025. Gabigol deve ser o pr\u00f3ximo.<\/p>\n<p><strong><a style=\"color: #0000ff\" href=\"https:\/\/x.com\/Cruzeiro\/status\/1871341754240410040\">https:\/\/x.com\/Cruzeiro\/status\/1871341754240410040<\/a><\/strong><\/p>\n<figure id=\"attachment_47137\" aria-describedby=\"caption-attachment-47137\" style=\"width: 597px\" class=\"wp-caption alignnone\"><img data-recalc-dims=\"1\" loading=\"lazy\" decoding=\"async\" data-attachment-id=\"47137\" data-permalink=\"https:\/\/blogdoprosperi.com\/?attachment_id=47137\" data-orig-file=\"https:\/\/i0.wp.com\/blogdoprosperi.com\/wp-content\/uploads\/2024\/12\/captura-de-tela-2024-12-24-as-11.01.47.png?fit=1118%2C864&amp;ssl=1\" data-orig-size=\"1118,864\" data-comments-opened=\"1\" data-image-meta=\"{&quot;aperture&quot;:&quot;0&quot;,&quot;credit&quot;:&quot;&quot;,&quot;camera&quot;:&quot;&quot;,&quot;caption&quot;:&quot;&quot;,&quot;created_timestamp&quot;:&quot;0&quot;,&quot;copyright&quot;:&quot;&quot;,&quot;focal_length&quot;:&quot;0&quot;,&quot;iso&quot;:&quot;0&quot;,&quot;shutter_speed&quot;:&quot;0&quot;,&quot;title&quot;:&quot;&quot;,&quot;orientation&quot;:&quot;0&quot;}\" data-image-title=\"Dudu \u00e9 do Cruzeiro\" data-image-description=\"\" data-image-caption=\"&lt;p&gt;Dudu \u2013 imagem: Cruzeiro oficial&lt;\/p&gt;\n\" data-large-file=\"https:\/\/i0.wp.com\/blogdoprosperi.com\/wp-content\/uploads\/2024\/12\/captura-de-tela-2024-12-24-as-11.01.47.png?fit=940%2C726&amp;ssl=1\" src=\"https:\/\/i0.wp.com\/blogdoprosperi.com\/wp-content\/uploads\/2024\/12\/captura-de-tela-2024-12-24-as-11.01.47.png?resize=597%2C462&#038;ssl=1\" class=\"wp-image-47137\" alt=\"Dudu assina contrato de tr\u00eas anos com o Cruzeiro\" width=\"597\" height=\"462\"><figcaption id=\"caption-attachment-47137\" class=\"wp-caption-text\"><em>Dudu \u2013 imagem: Cruzeiro oficial<\/em><\/figcaption><\/figure>\n<p><strong><em>Segunda-feira (23\/12) \u2013 15h45<\/em><\/strong><\/p>\n<p><strong>CAIXINHA \u00c9 DO SANTOS<\/strong><\/p>\n<p>Santos tem novo treinador ap\u00f3s mais de um m\u00eas de busca por um professor. T\u00e9cnico portugu\u00eas Pedro Caixinha assume o time santista na primeira semana de janeiro 2025. Disputado no mercado desde a sa\u00edda do Bragantino, na reta final do Brasileir\u00e3o 2024, Caixinha esteve muito perto de fechar com o Gr\u00eamio. \u00c9 a segunda boa not\u00edcia aos torcedores santistas. A primeira foi a contrata\u00e7\u00e3o do diretor Pedro Martins, ex-CEO do Botafogo e um dos mentores do time carioca campe\u00e3o da Libertadores e do Brasileir\u00e3o.<\/p>\n<p><em><strong>opini\u00e3o \u2013<\/strong> Caixinha tem bom curr\u00edculo em clubes intermedi\u00e1rios estrangeiros e fez trabalho elogi\u00e1vel no Bragantino nas duas \u00faltimas temporadas. Resta saber se ter\u00e1 jogadores mais qualificados, comparando aos que foram campe\u00f5es no Santos na S\u00e9rie B em 2024.<\/em><\/p>\n<figure id=\"attachment_47119\" aria-describedby=\"caption-attachment-47119\" style=\"width: 720px\" class=\"wp-caption alignnone\"><img data-recalc-dims=\"1\" loading=\"lazy\" decoding=\"async\" data-attachment-id=\"47119\" data-permalink=\"https:\/\/blogdoprosperi.com\/?attachment_id=47119\" data-orig-file=\"https:\/\/i0.wp.com\/blogdoprosperi.com\/wp-content\/uploads\/2024\/12\/527313839-pedrocaixinha-610x400-1.webp?fit=774%2C508&amp;ssl=1\" data-orig-size=\"774,508\" data-comments-opened=\"1\" data-image-meta=\"{&quot;aperture&quot;:&quot;0&quot;,&quot;credit&quot;:&quot;&quot;,&quot;camera&quot;:&quot;&quot;,&quot;caption&quot;:&quot;&quot;,&quot;created_timestamp&quot;:&quot;0&quot;,&quot;copyright&quot;:&quot;&quot;,&quot;focal_length&quot;:&quot;0&quot;,&quot;iso&quot;:&quot;0&quot;,&quot;shutter_speed&quot;:&quot;0&quot;,&quot;title&quot;:&quot;&quot;,&quot;orientation&quot;:&quot;0&quot;}\" data-image-title=\"Pedro Caixinha no Santos\" data-image-description=\"\" data-image-caption=\"&lt;p&gt;Pedro Caixinha \u2013 foto: Ari Ferreira\/Red Bull Bragantino&lt;\/p&gt;\n\" data-large-file=\"https:\/\/i0.wp.com\/blogdoprosperi.com\/wp-content\/uploads\/2024\/12\/527313839-pedrocaixinha-610x400-1.webp?fit=774%2C508&amp;ssl=1\" src=\"https:\/\/i0.wp.com\/blogdoprosperi.com\/wp-content\/uploads\/2024\/12\/527313839-pedrocaixinha-610x400-1.webp?resize=720%2C473&#038;ssl=1\" class=\"size-large wp-image-47119\" width=\"720\" height=\"473\" alt=\"Caixinha no Santos\"><figcaption id=\"caption-attachment-47119\" class=\"wp-caption-text\"><em>Pedro Caixinha \u2013 foto: Ari Ferreira\/Red Bull Bragantino<\/em><\/figcaption><\/figure>\n<p><strong>ESTRANGEIROS PAULISTAS<\/strong><\/p>\n<p>Chegada de Pedro Caixinha no Santos fecha o grupo de treinadores estrangeiros nos quatro grandes clubes paulistas. Em 2025, teremos dois portugueses \u2013 Abel Ferreira (Palmeiras) e Pedro Caixinha (Santos) \u2013 e dois argentinos \u2013 Luis Zubeld\u00eda (S\u00e3o Paulo) e Ramon Diaz (Corinthians).<\/p>\n<p><strong>OSCAR VOLTA AO MORUMBI<\/strong><\/p>\n<p>Depois de oito anos atuando no futebol da China (de 2017 a 2024), o meia Oscar volta ao S\u00e3o Paulo, clube que deixou h\u00e1 14 anos quando trocou a camisa tricolor pela vermelha do Internacional de Porto Alegre. Contrato de Oscar deve ser por tr\u00eas temporadas. O meia formado no Morumbi vem no momento de sa\u00edda de pelo menos 15 jogadores \u2013 a maioria sem sucesso no S\u00e3o Paulo. Rodrigo Nestor, Michel Ara\u00fajo e Wellington Rato, com bom desempenho no time, tamb\u00e9m est\u00e3o na lista dos que deixar\u00e3o o S\u00e3o Paulo.<\/p>\n<figure id=\"attachment_47122\" aria-describedby=\"caption-attachment-47122\" style=\"width: 720px\" class=\"wp-caption alignnone\"><img data-recalc-dims=\"1\" loading=\"lazy\" decoding=\"async\" data-attachment-id=\"47122\" data-permalink=\"https:\/\/blogdoprosperi.com\/?attachment_id=47122\" data-orig-file=\"https:\/\/i0.wp.com\/blogdoprosperi.com\/wp-content\/uploads\/2024\/12\/captura-de-tela-2024-12-23-as-16.49.18.png?fit=1144%2C698&amp;ssl=1\" data-orig-size=\"1144,698\" data-comments-opened=\"1\" data-image-meta=\"{&quot;aperture&quot;:&quot;0&quot;,&quot;credit&quot;:&quot;&quot;,&quot;camera&quot;:&quot;&quot;,&quot;caption&quot;:&quot;&quot;,&quot;created_timestamp&quot;:&quot;0&quot;,&quot;copyright&quot;:&quot;&quot;,&quot;focal_length&quot;:&quot;0&quot;,&quot;iso&quot;:&quot;0&quot;,&quot;shutter_speed&quot;:&quot;0&quot;,&quot;title&quot;:&quot;&quot;,&quot;orientation&quot;:&quot;0&quot;}\" data-image-title=\"Oscar no S\u00e3o Paulo\" data-image-description=\"\" data-image-caption=\"&lt;p&gt;Oscar &amp;#8211; foto: Shanghai Port Football Club Oficial&lt;\/p&gt;\n\" data-large-file=\"https:\/\/i0.wp.com\/blogdoprosperi.com\/wp-content\/uploads\/2024\/12\/captura-de-tela-2024-12-23-as-16.49.18.png?fit=940%2C574&amp;ssl=1\" src=\"https:\/\/i0.wp.com\/blogdoprosperi.com\/wp-content\/uploads\/2024\/12\/captura-de-tela-2024-12-23-as-16.49.18.png?resize=720%2C439&#038;ssl=1\" class=\"size-large wp-image-47122\" width=\"720\" height=\"439\" alt=\"Oscar volta ao S\u00e3o Paulo\"><figcaption id=\"caption-attachment-47122\" class=\"wp-caption-text\"><em>Oscar &#8211; foto: Shanghai Port Football Club Oficial<\/em><\/figcaption><\/figure>\n<p><em><strong>opini\u00e3o \u2013<\/strong> Oito anos no fraco futebol chin\u00eas, de pouca competitividade, podem atrapalhar Oscar nesse in\u00edcio de trabalho no S\u00e3o Paulo. E obriga ainda Zubeld\u00eda \u00e0 nova rearruma\u00e7\u00e3o do time, na teoria com tr\u00eas camisas 10 \u2013 Oscar, Luciano e Lucas Moura. Em recente entrevista, o treinador disse que James Rodriguez n\u00e3o se encaixou no time muito por excesso de meias de camisa 10. S\u00e3o Paulo passa a ter dois remanescentes do 7 a 1 da Alemanha em 2014 \u2013 o pr\u00f3prio Oscar, autor do gol de <\/em><i>honra do Brasil, e o volante Luis Gustavo.<\/i><\/p>\n<hr>\n<p><strong><em>Sexta-feira (20\/12)<\/em><\/strong><\/p>\n<p><strong>PALMEIRAS LIDERA MERCADO<\/strong><\/p>\n<figure id=\"attachment_47086\" aria-describedby=\"caption-attachment-47086\" style=\"width: 720px\" class=\"wp-caption alignnone\"><img data-recalc-dims=\"1\" loading=\"lazy\" decoding=\"async\" data-attachment-id=\"47086\" data-permalink=\"https:\/\/blogdoprosperi.com\/?attachment_id=47086\" data-orig-file=\"https:\/\/i0.wp.com\/blogdoprosperi.com\/wp-content\/uploads\/2024\/12\/andreas-pereira-10062024.jpg?fit=760%2C428&amp;ssl=1\" data-orig-size=\"760,428\" data-comments-opened=\"1\" data-image-meta=\"{&quot;aperture&quot;:&quot;0&quot;,&quot;credit&quot;:&quot;&quot;,&quot;camera&quot;:&quot;&quot;,&quot;caption&quot;:&quot;&quot;,&quot;created_timestamp&quot;:&quot;0&quot;,&quot;copyright&quot;:&quot;&quot;,&quot;focal_length&quot;:&quot;0&quot;,&quot;iso&quot;:&quot;0&quot;,&quot;shutter_speed&quot;:&quot;0&quot;,&quot;title&quot;:&quot;&quot;,&quot;orientation&quot;:&quot;0&quot;}\" data-image-title=\"Andreas Pereira no Palmeiras\" data-image-description=\"\" data-image-caption=\"&lt;p&gt;Andreas Pereira perto do Palmeiras \u2013 foto: CBF oficial&lt;\/p&gt;\n\" data-large-file=\"https:\/\/i0.wp.com\/blogdoprosperi.com\/wp-content\/uploads\/2024\/12\/andreas-pereira-10062024.jpg?fit=760%2C428&amp;ssl=1\" src=\"https:\/\/i0.wp.com\/blogdoprosperi.com\/wp-content\/uploads\/2024\/12\/andreas-pereira-10062024.jpg?resize=720%2C405&#038;ssl=1\" class=\"size-large wp-image-47086\" width=\"720\" height=\"405\" alt=\"\"><figcaption id=\"caption-attachment-47086\" class=\"wp-caption-text\"><em>Andreas Pereira perto do Palmeiras \u2013 foto: CBF oficial<\/em><\/figcaption><\/figure>\n<p>Paulinho contratado Atl\u00e9tico-MG por R$ 117 milh\u00f5es e mais Gabriel Menino e garoto Patrick da base. Facundo Torres comprado por R$ 72 milh\u00f5es<strong><em>. <\/em><\/strong>E negocia\u00e7\u00e3o avan\u00e7ada por Andreas Pereira, ex-Flamengo e hoje titular do Fulham da Premier League, ao custo inicial de 20 milh\u00f5es de euros. Tr\u00eas movimentos que colocam o Palmeiras como protagonista no mercado da bola em dezembro.<\/p>\n<p><em><strong>opini\u00e3o &#8211; <\/strong>Era hora de o Palmeiras repensar sua filosofia de contrata\u00e7\u00f5es<strong>. <\/strong>Modelo de investir em jovens abaixo dos 20 anos apenas promissores n\u00e3o vinha dando certo<strong>. <\/strong>Agora gasta com jovens de 24 anos em m\u00e9dia<strong>, <\/strong>mas gabaritados. \u00c9 um caminho.<\/em><\/p>\n<p><strong>CARILLE NO VASCO<\/strong><\/p>\n<p>Atletico-MG havia fechado com o portugu\u00eas Luiz Castro, ex-Botafogo e Al-Nassr<strong><em>.<\/em><\/strong> Portugu\u00eas teria poderes total no futebol do Galo, mas na hora de assinar contrato o acordo n\u00e3o vingou.Vasco anuncia F\u00e1bio Carille, rejeitado no Santos. Gr\u00eamio deve se acertar com o portugu\u00eas Pedro Caixinha, ex-Bragantino. Dos 20 clubes da S\u00e9rie A 2025, restariam Santos e a Mirassol sem treinadores.<\/p>\n<p><em><strong>opini\u00e3o &#8211; <\/strong>Castro reconstruiu o Botafogo com dinheiro da SAF de Textor e podeRIA repetir mesmo trabalho no Atl\u00e9tico<strong>. <\/strong>Caso de Carille \u00e9 curioso. Antes dele, Vasco procurou Renato Ga\u00facho<strong>. <\/strong>Dois t\u00e9cnicos com perfis totalmente distintos<strong>. <\/strong>Vai entender<strong>.<\/strong><\/em><\/p>\n<figure id=\"attachment_47088\" aria-describedby=\"caption-attachment-47088\" style=\"width: 677px\" class=\"wp-caption alignnone\"><img data-recalc-dims=\"1\" loading=\"lazy\" decoding=\"async\" data-attachment-id=\"47088\" data-permalink=\"https:\/\/blogdoprosperi.com\/?attachment_id=47088\" data-orig-file=\"https:\/\/i0.wp.com\/blogdoprosperi.com\/wp-content\/uploads\/2024\/12\/luis2-9574714.webp?fit=677%2C369&amp;ssl=1\" data-orig-size=\"677,369\" data-comments-opened=\"1\" data-image-meta=\"{&quot;aperture&quot;:&quot;0&quot;,&quot;credit&quot;:&quot;&quot;,&quot;camera&quot;:&quot;&quot;,&quot;caption&quot;:&quot;&quot;,&quot;created_timestamp&quot;:&quot;0&quot;,&quot;copyright&quot;:&quot;&quot;,&quot;focal_length&quot;:&quot;0&quot;,&quot;iso&quot;:&quot;0&quot;,&quot;shutter_speed&quot;:&quot;0&quot;,&quot;title&quot;:&quot;&quot;,&quot;orientation&quot;:&quot;0&quot;}\" data-image-title=\"Luis Castro no Galo\" data-image-description=\"\" data-image-caption=\"&lt;p&gt;Luis Castro \u2013 foto: divlugac\u00e3p&lt;\/p&gt;\n\" data-large-file=\"https:\/\/i0.wp.com\/blogdoprosperi.com\/wp-content\/uploads\/2024\/12\/luis2-9574714.webp?fit=677%2C369&amp;ssl=1\" src=\"https:\/\/i0.wp.com\/blogdoprosperi.com\/wp-content\/uploads\/2024\/12\/luis2-9574714.webp?resize=677%2C369&#038;ssl=1\" class=\"size-full wp-image-47088\" alt=\"\" width=\"677\" height=\"369\"><figcaption id=\"caption-attachment-47088\" class=\"wp-caption-text\"><em>Luis Castro \u2013 foto: divulgac\u00e3o<\/em><\/figcaption><\/figure>\n<p><strong><em>Segunda-feira (16\/12)<\/em><\/strong><\/p>\n<p><strong>ABEL FICA, ARTUR SAI<\/strong><\/p>\n<p>Abel Ferreira tem contrato com o Palmeiras at\u00e9 dezembro de 2025 e n\u00e3o pretende deixar o clube pelo menos at\u00e9 o Mundial de Clubes Fifa, em julho, do ano que vem. Interesse do Sporting, um dos grandes de Portugal, \u00e9 real. <strong>O problema \u00e9 que Abel Ferreira n\u00e3o tem a menor inten\u00e7\u00e3o de sair do Palmeiras nesse momento<\/strong>. Seu projeto \u00e9 reformular o time, disputar o Mundial e emplacar a conquista da Libertadores. Imprensa esportiva portuguesa (<em>A Bola, Record e O Jogo<\/em>) informa que n\u00e3o h\u00e1 negocia\u00e7\u00e3o em curso entre Sporting e Abel Ferreira.<\/p>\n<p><em><strong>opini\u00e3o \u2013<\/strong> Projeto do Palmeiras para 2025 \u00e9 grandioso. Leia Pereira, empossada domingo na presid\u00eancia, deixou claro que o lema de seu novo mandato \u00e9 &#8220;reconquistar o que \u00e9 nosso&#8221;. Dinheiro e refor\u00e7os, dentro da filosofia de sua gest\u00e3o, est\u00e3o na mesa. Abel \u00e9 o alicerce da &#8220;reconquista&#8221;.<\/em><\/p>\n<figure id=\"attachment_46596\" aria-describedby=\"caption-attachment-46596\" style=\"width: 720px\" class=\"wp-caption alignnone\"><img data-recalc-dims=\"1\" loading=\"lazy\" decoding=\"async\" data-attachment-id=\"46596\" data-permalink=\"https:\/\/blogdoprosperi.com\/?attachment_id=46596\" data-orig-file=\"https:\/\/i0.wp.com\/blogdoprosperi.com\/wp-content\/uploads\/2024\/11\/54167426878_c86219000a_c.jpg?fit=800%2C450&amp;ssl=1\" data-orig-size=\"800,450\" data-comments-opened=\"1\" data-image-meta=\"{&quot;aperture&quot;:&quot;0&quot;,&quot;credit&quot;:&quot;CESAR GRECO&quot;,&quot;camera&quot;:&quot;&quot;,&quot;caption&quot;:&quot;&quot;,&quot;created_timestamp&quot;:&quot;0&quot;,&quot;copyright&quot;:&quot;CESAR GRECO&quot;,&quot;focal_length&quot;:&quot;0&quot;,&quot;iso&quot;:&quot;0&quot;,&quot;shutter_speed&quot;:&quot;0&quot;,&quot;title&quot;:&quot;&quot;,&quot;orientation&quot;:&quot;0&quot;}\" data-image-title=\"Abel Ferreira tem fen\u00f4meno t\u00edtulo\" data-image-description=\"\" data-image-caption=\"&lt;p&gt;Abel Ferreira \u2013 foto: Palmeiras oficial&lt;\/p&gt;\n\" data-large-file=\"https:\/\/i0.wp.com\/blogdoprosperi.com\/wp-content\/uploads\/2024\/11\/54167426878_c86219000a_c.jpg?fit=800%2C450&amp;ssl=1\" src=\"https:\/\/i0.wp.com\/blogdoprosperi.com\/wp-content\/uploads\/2024\/11\/54167426878_c86219000a_c.jpg?resize=720%2C405&#038;ssl=1\" class=\"size-large wp-image-46596\" width=\"720\" height=\"405\" alt=\"Abel: Campeonato n\u00e3o acabou\"><figcaption id=\"caption-attachment-46596\" class=\"wp-caption-text\"><em>Abel Ferreira \u2013 foto: Palmeiras oficial<\/em><\/figcaption><\/figure>\n<p><strong>ARTUR DEIXA BOTAFOGO<\/strong><\/p>\n<p>&#8220;Nesta altura, est\u00e1 tudo em aberto. Tenho contrato com o Botafogo. H\u00e1, de fato, algumas possibilidades e propostas em cima da mesa. Tanto o Cajuda, que \u00e9 o meu agente, como o Botafogo, est\u00e3o a par de tudo isso. Tudo se vai resolver para o bem de todos&#8221;, disse t\u00e9cnico Artur Jorge, domingo. A proposta \u00e9 do Al Rayyan, do Qatar. Treinador teria sal\u00e1rios tr\u00eas vezes a mais do que recebe do Botafogo. E, de quebra, gostaria de levar o meia Savarino no pacote.<\/p>\n<p><em><strong>opini\u00e3o \u2013<\/strong> N\u00e3o ser\u00e1 nada f\u00e1cil John Textor segurar Artur Jorge. Textor n\u00e3o rasga dinheiro e n\u00e3o vai cobrir a proposta do Al Rayyan. E mais: comando do clube carioca n\u00e3o gostou nada de ver Savarino sendo assediado por Artur para jogar no Qatar. Cristal se quebra.&nbsp;<\/em><\/p>\n<hr>\n<p><strong><em>Quinta-feira (12\/12):<\/em><\/strong><\/p>\n<p><strong>DUDU NO CRUZEIRO<\/strong><\/p>\n<p>\u00cddolo da torcida, jogador mais importante do clube na remontada a partir de 2015, dono de 12 t\u00edtulos em dez anos, nada disso fez o Palmeiras segurar Dudu at\u00e9 o fim do contrato a se encerrar em dezembro de 2025. Clube e jogador acertam rescis\u00e3o amig\u00e1vel nessa quinta-feira e Dudu fecha com o Cruzeiro por quatro anos.<\/p>\n<p><em><strong>opini\u00e3o \u2013<\/strong> Dudu fez bem ao deixar o Palmeiras. N\u00e3o havia a menor boa vontade da presidente Leila Pereira e Abel Ferreira pela perman\u00eancia do jogador em 2025. Aos 32 anos, o atacante tem tudo para dar certo no Cruzeiro.<\/em><\/p>\n<figure id=\"attachment_39566\" aria-describedby=\"caption-attachment-39566\" style=\"width: 720px\" class=\"wp-caption alignnone\"><img data-recalc-dims=\"1\" loading=\"lazy\" decoding=\"async\" data-attachment-id=\"39566\" data-permalink=\"https:\/\/blogdoprosperi.com\/?attachment_id=39566\" data-orig-file=\"https:\/\/i0.wp.com\/blogdoprosperi.com\/wp-content\/uploads\/2022\/09\/52375799250_9dd5371026_c.jpg?fit=799%2C533&amp;ssl=1\" data-orig-size=\"799,533\" data-comments-opened=\"1\" data-image-meta=\"{&quot;aperture&quot;:&quot;0&quot;,&quot;credit&quot;:&quot;&quot;,&quot;camera&quot;:&quot;&quot;,&quot;caption&quot;:&quot;&quot;,&quot;created_timestamp&quot;:&quot;0&quot;,&quot;copyright&quot;:&quot;&quot;,&quot;focal_length&quot;:&quot;0&quot;,&quot;iso&quot;:&quot;0&quot;,&quot;shutter_speed&quot;:&quot;0&quot;,&quot;title&quot;:&quot;&quot;,&quot;orientation&quot;:&quot;0&quot;}\" data-image-title=\"Torcida do Cruzeiro comemora acesso \u00e0 S\u00e9rie A\" data-image-description=\"\" data-image-caption=\"&lt;p&gt;foto: site Cruzeiro oficial&lt;\/p&gt;\n\" data-large-file=\"https:\/\/i0.wp.com\/blogdoprosperi.com\/wp-content\/uploads\/2022\/09\/52375799250_9dd5371026_c.jpg?fit=799%2C533&amp;ssl=1\" src=\"https:\/\/i0.wp.com\/blogdoprosperi.com\/wp-content\/uploads\/2022\/09\/52375799250_9dd5371026_c.jpg?resize=720%2C480&#038;ssl=1\" class=\"size-large wp-image-39566\" width=\"720\" height=\"480\" alt=\"\"><figcaption id=\"caption-attachment-39566\" class=\"wp-caption-text\"><em>foto: site Cruzeiro oficial<\/em><\/figcaption><\/figure>\n<p><strong>BOTAFOGO SE DESMANCHA<\/strong><\/p>\n<p>Fiasco no Mundial de Clubes ao ser derrotado (3 a 0) pelo Pachuca, Botafogo perde um punhado de jogadores \u2013 Luiz Henrique, Tiago Almada, Adrielson, Mar\u00e7al, Eduardo, Romero, Tch\u00ea Tch\u00ea, Danilo Barbosa \u2013 e ainda pode ficar sem o t\u00e9cnico Artur Jorge, procurado por clubes europeus e mundo \u00e1rabe.<\/p>\n<p><em><strong>opini\u00e3o \u2013<\/strong> Torcida do Botafogo vai ter de se acostumar com esse vai e vem de jogadores e treinadores. Modelo SAF funciona como um neg\u00f3cio lucrativo. Antes de um jogador virar \u00eddolo dos torcedores \u00e9 preciso saber sua cota\u00e7\u00e3o no mercado. John Textor nada mais \u00e9 do que um empres\u00e1rio interessado em ter lucros.<\/em><\/p>\n<p><strong>FELIP\u00c3O E CARILLE NO GR\u00caMIO ?<\/strong><\/p>\n<p>Gr\u00eamio passa por reformula\u00e7\u00e3o e procura Felip\u00e3o para assumir a coordena\u00e7\u00e3o do futebol, cargo que ele exerceu em algum momento no Athletico-PR. Felip\u00e3o, informa imprensa ga\u00facha, pode trazer Fabio Carille, demitido no Santos h\u00e1 20 dias, para ocupar o lugar de Renato Ga\u00facho.<\/p>\n<p><em><strong>opini\u00e3o \u2013<\/strong> Dupla Felip\u00e3o e Carille pode funcionar no Gr\u00eamio. O experiente treinador tem DNA gremista e v\u00e1rias passagens pelo clube. Carille n\u00e3o \u00e9 sangu\u00edneo, como se exige de treinadores que aceitam comandar o time. Problema a\u00ed \u00e9 o &#8220;comich\u00e3o&#8221; que Felip\u00e3o tem em ficar na beira do campo dirigindo o time e n\u00e3o em uma sala de escrit\u00f3rio.&nbsp;<\/em><\/p>\n<p><span class=\"alignnone\"><img data-recalc-dims=\"1\" loading=\"lazy\" decoding=\"async\" data-attachment-id=\"37511\" data-permalink=\"https:\/\/blogdoprosperi.com\/?attachment_id=37511\" data-orig-file=\"https:\/\/i0.wp.com\/blogdoprosperi.com\/wp-content\/uploads\/2018\/07\/felipao.jpg?fit=1280%2C720&amp;ssl=1\" data-orig-size=\"1280,720\" data-comments-opened=\"1\" data-image-meta=\"{&quot;aperture&quot;:&quot;0&quot;,&quot;credit&quot;:&quot;&quot;,&quot;camera&quot;:&quot;&quot;,&quot;caption&quot;:&quot;&quot;,&quot;created_timestamp&quot;:&quot;0&quot;,&quot;copyright&quot;:&quot;&quot;,&quot;focal_length&quot;:&quot;0&quot;,&quot;iso&quot;:&quot;0&quot;,&quot;shutter_speed&quot;:&quot;0&quot;,&quot;title&quot;:&quot;&quot;,&quot;orientation&quot;:&quot;0&quot;}\" data-image-title=\"Felip\u00e3o no Palmeiras\" data-image-description=\"\" data-image-caption=\"\" data-large-file=\"https:\/\/i0.wp.com\/blogdoprosperi.com\/wp-content\/uploads\/2018\/07\/felipao.jpg?fit=940%2C529&amp;ssl=1\" src=\"https:\/\/i0.wp.com\/blogdoprosperi.com\/wp-content\/uploads\/2018\/07\/felipao.jpg?resize=590%2C332&#038;ssl=1\" class=\"alignnone wp-image-37511\" alt=\"\" width=\"590\" height=\"332\"><\/span><\/p>\n<hr>\n<p><strong><em>Ter\u00e7a-Feira (10\/12):<\/em><\/strong><\/p>\n<p><strong>DAN\u00c7A DAS CADEIRAS<\/strong><\/p>\n<p>Primeiro movimento nesse fim de ano \u00e9 a ciranda de treinadores.<strong> Renato Ga\u00facho deixa o Gr\u00eamio<\/strong> e clube ga\u00facho se junta Atl\u00e9tico-MG, Vasco e Santos em busca de um novo t\u00e9cnico. Cruzeiro ensaia demitir, desiste e garante perman\u00eancia de Fernando Diniz. H\u00e1 muitas op\u00e7\u00f5es de &#8220;professores&#8221; livres no mercado.<\/p>\n<p><em>Confira quem est\u00e1 livre ap\u00f3s \u00faltima passagem nos clubes: <\/em><\/p>\n<p>Fabio Carille (ex-Santos), Gabriel Milito (ex-Atl\u00e9tico-MG), Renato Ga\u00facho (ex-Gr\u00eamio), Fernando Paiva (ex-Vasco), <strong>Tite (ex-Flamengo)<\/strong>, Luis Castro (ex-Al Nassr), Cuca (ex-Athletico-PR), Jair Ventura (ex-Juventude), Claudio Tencati (ex-Crici\u00fama)<\/p>\n<p><em>Continuam em 2025 \u2013 S\u00e9rie A do Brasileir\u00e3o:<\/em><\/p>\n<blockquote><p>Bahia (Rogerio Ceni)<\/p>\n<p>Botafogo (Artur Jorge \u2013 portugu\u00eas)<\/p>\n<p>Bragantino (Fernando Seabra)<\/p>\n<p>Cear\u00e1 (Leo Pond\u00e9)<\/p>\n<p>Corinthians (Ramon D\u00edaz \u2013 argentino)<\/p>\n<p>Cruzeiro (Fernando Diniz)<\/p>\n<p>Flamengo (Filipe Luiz)<\/p>\n<p>Fluminense (Mano Menezes)<\/p>\n<p>Fortaleza (Juan Pablo Vojvoda \u2013 argentino)<\/p>\n<p>Juventude (Fabio Matias)<\/p>\n<p>Internacional (Roger Machado)<\/p>\n<p>Palmeiras (Abel Ferreira \u2013 portugu\u00eas)<\/p>\n<p>S\u00e3o Paulo (Luiz Zubeld\u00eda \u2013 argentino)<\/p>\n<p>Sport Recife (Pepa \u2013 portugu\u00eas)<\/p>\n<p>Vit\u00f3ria (Thiago Carpini)<\/p>\n<\/blockquote>\n<p>&nbsp;<\/p>\n<p><strong>\u00cdDOLOS NA PRATELEIRA<\/strong><\/p>\n<p><strong>Dudu<\/strong> deixa o Palmeiras e tem duas propostas na mesa: Cruzeiro e Santos. Clube Mineiro sai na frente com um contrato de no m\u00ednimo quatro anos.<\/p>\n<p><strong><em>opini\u00e3o \u2013<\/em><\/strong>&nbsp;<em>Cruzeiro \u00e9 a melhor op\u00e7\u00e3o ao projetar temporada em busca de t\u00edtulos importantes. Santos, por sua hist\u00f3ria, seria mais l\u00fadico a Dudu, 33 anos, perto de encaminhar fim de carreira.<\/em><\/p>\n<figure id=\"attachment_44576\" aria-describedby=\"caption-attachment-44576\" style=\"width: 454px\" class=\"wp-caption alignnone\"><img data-recalc-dims=\"1\" loading=\"lazy\" decoding=\"async\" data-attachment-id=\"44576\" data-permalink=\"https:\/\/blogdoprosperi.com\/?attachment_id=44576\" data-orig-file=\"https:\/\/i0.wp.com\/blogdoprosperi.com\/wp-content\/uploads\/2024\/08\/gubwonlwyaatcea-454x474-1.jpg?fit=454%2C474&amp;ssl=1\" data-orig-size=\"454,474\" data-comments-opened=\"1\" data-image-meta=\"{&quot;aperture&quot;:&quot;0&quot;,&quot;credit&quot;:&quot;&quot;,&quot;camera&quot;:&quot;&quot;,&quot;caption&quot;:&quot;&quot;,&quot;created_timestamp&quot;:&quot;0&quot;,&quot;copyright&quot;:&quot;&quot;,&quot;focal_length&quot;:&quot;0&quot;,&quot;iso&quot;:&quot;0&quot;,&quot;shutter_speed&quot;:&quot;0&quot;,&quot;title&quot;:&quot;&quot;,&quot;orientation&quot;:&quot;0&quot;}\" data-image-title=\"GABIGOL SONDADO NO PALMEIRAS\" data-image-description=\"\" data-image-caption=\"&lt;p&gt;Gabigol \u2013 foto: reprodu\u00e7\u00e3o TV&lt;\/p&gt;\n\" data-large-file=\"https:\/\/i0.wp.com\/blogdoprosperi.com\/wp-content\/uploads\/2024\/08\/gubwonlwyaatcea-454x474-1.jpg?fit=454%2C474&amp;ssl=1\" src=\"https:\/\/i0.wp.com\/blogdoprosperi.com\/wp-content\/uploads\/2024\/08\/gubwonlwyaatcea-454x474-1.jpg?resize=454%2C474&#038;ssl=1\" class=\"size-full wp-image-44576\" alt=\"GABIGOL ACENA TORCIDA COM CAMISA DO PALMEIRAS\" width=\"454\" height=\"474\"><figcaption id=\"caption-attachment-44576\" class=\"wp-caption-text\">Gabigol \u2013 foto: reprodu\u00e7\u00e3o TV<\/figcaption><\/figure>\n<p><strong>Gabigol<\/strong> se despede do Flamengo, ap\u00f3s seis anos no clube, e tem pelo menos tr\u00eas propostas a estudar. <strong>Cruzeiro, Santos e Bahia<\/strong> querem o atacante. <strong>Palmeiras<\/strong> fez sondagens. Cruzeiro aposta no tempo de contrato. Santos joga suas fichas no bom relacionamento familiar com o centroavante. E o Bahia tem o apelo e a grana do Grupo City, dono do Manchester City.<\/p>\n<p><strong><em>opini\u00e3o<\/em> \u2013<\/strong> <em>Egoc\u00eantrico ao afirmar que se tornou imortal no Flamengo, Gabigol poderia abra\u00e7ar o Bahia, clube em que ele tem tudo para ser \u00eddolo de verdade. O atacante disse em recente entrevista que gostaria de jogar em um time do Nordeste. Perfeito.<\/em><\/p>\n<p>&nbsp;<\/p>\n<p><strong>NOVOS GRINGOS<\/strong><\/p>\n<figure id=\"attachment_46900\" aria-describedby=\"caption-attachment-46900\" style=\"width: 720px\" class=\"wp-caption alignnone\"><img data-recalc-dims=\"1\" loading=\"lazy\" decoding=\"async\" data-attachment-id=\"46900\" data-permalink=\"https:\/\/blogdoprosperi.com\/?attachment_id=46900\" data-orig-file=\"https:\/\/i0.wp.com\/blogdoprosperi.com\/wp-content\/uploads\/2024\/12\/img_5605.webp?fit=1170%2C791&amp;ssl=1\" data-orig-size=\"1170,791\" data-comments-opened=\"1\" data-image-meta=\"{&quot;aperture&quot;:&quot;0&quot;,&quot;credit&quot;:&quot;&quot;,&quot;camera&quot;:&quot;&quot;,&quot;caption&quot;:&quot;&quot;,&quot;created_timestamp&quot;:&quot;0&quot;,&quot;copyright&quot;:&quot;&quot;,&quot;focal_length&quot;:&quot;0&quot;,&quot;iso&quot;:&quot;0&quot;,&quot;shutter_speed&quot;:&quot;0&quot;,&quot;title&quot;:&quot;&quot;,&quot;orientation&quot;:&quot;0&quot;}\" data-image-title=\"Facundo Torres do Orlando City\" data-image-description=\"\" data-image-caption=\"&lt;p&gt;Facundo Torres \u2013 foto: Orlando City oficial&lt;\/p&gt;\n\" data-large-file=\"https:\/\/i0.wp.com\/blogdoprosperi.com\/wp-content\/uploads\/2024\/12\/img_5605.webp?fit=940%2C636&amp;ssl=1\" src=\"https:\/\/i0.wp.com\/blogdoprosperi.com\/wp-content\/uploads\/2024\/12\/img_5605.webp?resize=720%2C487&#038;ssl=1\" class=\"size-large wp-image-46900\" width=\"720\" height=\"487\" alt=\"Facundo Torres no Palmeiras\"><figcaption id=\"caption-attachment-46900\" class=\"wp-caption-text\"><em>Facundo Torres \u2013 foto: Orlando City oficial<\/em><\/figcaption><\/figure>\n<p><strong>Facundo Torres,<\/strong> atacante uruguaio de 24 anos, do Orlando City (EUA), com um p\u00e9 no <strong>Palmeiras.<\/strong> Clube paulista est\u00e1 disposto a pagar cerca de 9,6 milh\u00f5es de d\u00f3lares (R$ 50 milh\u00f5es) por Torres, nome constante nas convoca\u00e7\u00f5es da sele\u00e7\u00e3o do Uruguai. Deve ser o substituto de Dudu. Na atual temporada nos EUA: 37 jogos, 16 gols e 3 assist\u00eancias.<\/p>\n<p><em><strong>opini\u00e3o \u2013<\/strong> Facundo Torres \u00e9 um dos <a style=\"color: #0000ff\" href=\"https:\/\/blogdoprosperi.com\/2024\/12\/09\/os-caes-magros-de-abel-ferreira-no-palmeiras\/\"><strong>c\u00e3es magros<\/strong><\/a> a que Abel Ferreira se referira a respeito de novos refor\u00e7os do Palmeiras. Tem t\u00e9cnica, \u00e9 novo, procura desafios e gosta do gol.<\/em><\/p>\n<p><strong>(aguarde novas atualiza\u00e7\u00f5es do #mercadofutebol)<\/strong><\/p>\n","protected":false},"excerpt":{"rendered":"<p>Luiz Ant\u00f4nio Pr\u00f3speri \u2013 27 janeiro (20h25) \u2013 Confira aqui principais negocia\u00e7\u00f5es no mercado do futebol brasileiro temporada [&hellip;]<\/p>\n","protected":false},"author":102107496,"featured_media":46555,"comment_status":"open","ping_status":"open","sticky":false,"template":"","format":"standard","meta":{"_coblocks_attr":"","_coblocks_dimensions":"","_coblocks_responsive_height":"","_coblocks_accordion_ie_support":"","_jetpack_newsletter_access":"","_jetpack_dont_email_post_to_subs":false,"_jetpack_newsletter_tier_id":0,"_jetpack_memberships_contains_paywalled_content":false,"_wpcom_ai_launchpad_first_post":false,"_jetpack_feature_clip_id":0,"_jetpack_memberships_contains_paid_content":false,"footnotes":"","jetpack_publicize_message":"","jetpack_publicize_feature_enabled":true,"jetpack_social_post_already_shared":false,"jetpack_social_options":{"image_generator_settings":{"template":"highway","default_image_id":0,"font":"","enabled":false},"version":2},"jetpack_post_was_ever_published":false},"categories":[53870,20384,85628],"tags":[10668348,4833084,252853823,342801,521771,777103059,1249177,25619335,14166513,449299,789560560,52406516,205210,503178,36080081,789560573,409523,645561469,5160,287104,157004834,65261064,2588859,5226238,972018,79943966,49551930],"class_list":["post-46873","post","type-post","status-publish","format-standard","has-post-thumbnail","hentry","category-futebol","category-informacao","category-mercado","tag-0000ff","tag-artur-jorge","tag-bahia-ec","tag-botafogo","tag-cruzeiro","tag-cuca-atletico-mg","tag-dudu","tag-facundo-torres","tag-fernando-diniz","tag-flamengo","tag-futebol","tag-gabigol","tag-gremio","tag-jos","tag-jose-boto","tag-luiz-antonio-prosperi","tag-manchester-city","tag-mercadofutebol","tag-oscar","tag-palmeiras","tag-paulinho-palmeiras","tag-pedro-caixinha","tag-santos-fc","tag-santosfc","tag-sao-paulo-fc","tag-vitor-reis","tag-william-jose"],"yoast_head":"<!-- This site is optimized with the Yoast SEO plugin v28.3 - https:\/\/yoast.com\/product\/yoast-seo-wordpress\/ -->\n<title>Mercado Futebol | Santos Contrata Z\u00e9 Rafael e Ver\u00f3n, Cruzeiro Rifa Diniz e Fecha com Renato Ga\u00facho - PR\u00d3SPERI NEWS<\/title>\n<meta name=\"robots\" content=\"index, follow, max-snippet:-1, max-image-preview:large, max-video-preview:-1\" \/>\n<link rel=\"canonical\" href=\"https:\/\/blogdoprosperi.com\/?p=46873\" \/>\n<meta property=\"og:locale\" content=\"pt_BR\" \/>\n<meta property=\"og:type\" content=\"article\" \/>\n<meta property=\"og:title\" content=\"Mercado Futebol | Santos Contrata Z\u00e9 Rafael e Ver\u00f3n, Cruzeiro Rifa Diniz e Fecha com Renato Ga\u00facho - PR\u00d3SPERI NEWS\" \/>\n<meta property=\"og:description\" content=\"Luiz Ant\u00f4nio Pr\u00f3speri \u2013 27 janeiro (20h25) \u2013 Confira aqui principais negocia\u00e7\u00f5es no mercado do futebol brasileiro temporada [&hellip;]\" \/>\n<meta property=\"og:url\" content=\"https:\/\/blogdoprosperi.com\/?p=46873\" \/>\n<meta property=\"og:site_name\" content=\"PR\u00d3SPERI NEWS\" \/>\n<meta property=\"article:publisher\" content=\"Luiz Pr\u00f3speri\" \/>\n<meta property=\"article:author\" content=\"Luiz Pr\u00f3speri\" \/>\n<meta property=\"article:published_time\" content=\"2025-01-27T23:04:00+00:00\" \/>\n<meta property=\"article:modified_time\" content=\"2025-01-28T01:25:47+00:00\" \/>\n<meta property=\"og:image\" content=\"https:\/\/i0.wp.com\/blogdoprosperi.com\/wp-content\/uploads\/2024\/11\/54160663755_bfe3e8aaca_c.jpg?fit=800%2C450&ssl=1\" \/>\n\t<meta property=\"og:image:width\" content=\"800\" \/>\n\t<meta property=\"og:image:height\" content=\"450\" \/>\n\t<meta property=\"og:image:type\" content=\"image\/jpeg\" \/>\n<meta name=\"author\" content=\"Luiz Ant\u00f4nio Pr\u00f3speri\" \/>\n<meta name=\"twitter:card\" content=\"summary_large_image\" \/>\n<meta name=\"twitter:creator\" content=\"@Luizprosperi\" \/>\n<meta name=\"twitter:site\" content=\"@Luizprosperi\" \/>\n<meta name=\"twitter:label1\" content=\"Escrito por\" \/>\n\t<meta name=\"twitter:data1\" content=\"Luiz Ant\u00f4nio Pr\u00f3speri\" \/>\n\t<meta name=\"twitter:label2\" content=\"Est. tempo de leitura\" \/>\n\t<meta name=\"twitter:data2\" content=\"18 minutos\" \/>\n<script type=\"application\/ld+json\" class=\"yoast-schema-graph\">{\"@context\":\"https:\\\/\\\/schema.org\",\"@graph\":[{\"@type\":\"Article\",\"@id\":\"https:\\\/\\\/blogdoprosperi.com\\\/?p=46873#article\",\"isPartOf\":{\"@id\":\"https:\\\/\\\/blogdoprosperi.com\\\/?p=46873\"},\"author\":{\"name\":\"Luiz Ant\u00f4nio Pr\u00f3speri\",\"@id\":\"https:\\\/\\\/blogdoprosperi.com\\\/#\\\/schema\\\/person\\\/38100755ce3601861ee4fab9b5aa78e9\"},\"headline\":\"Mercado Futebol | Santos Contrata Z\u00e9 Rafael e Ver\u00f3n, Cruzeiro Rifa Diniz e Fecha com Renato Ga\u00facho\",\"datePublished\":\"2025-01-27T23:04:00+00:00\",\"dateModified\":\"2025-01-28T01:25:47+00:00\",\"mainEntityOfPage\":{\"@id\":\"https:\\\/\\\/blogdoprosperi.com\\\/?p=46873\"},\"wordCount\":3612,\"commentCount\":0,\"publisher\":{\"@id\":\"https:\\\/\\\/blogdoprosperi.com\\\/#\\\/schema\\\/person\\\/38100755ce3601861ee4fab9b5aa78e9\"},\"image\":{\"@id\":\"https:\\\/\\\/blogdoprosperi.com\\\/?p=46873#primaryimage\"},\"thumbnailUrl\":\"https:\\\/\\\/i0.wp.com\\\/blogdoprosperi.com\\\/wp-content\\\/uploads\\\/2024\\\/11\\\/54160663755_bfe3e8aaca_c.jpg?fit=800%2C450&ssl=1\",\"keywords\":[\"0000ff\",\"artur jorge\",\"bahia ec\",\"Botafogo\",\"Cruzeiro\",\"cuca atl\u00e9tico-mg\",\"Dudu\",\"facundo torres\",\"Fernando Diniz\",\"Flamengo\",\"futebol\",\"Gabigol\",\"Gr\u00eamio\",\"jos\",\"jose boto\",\"Luiz Ant\u00f4nio Pr\u00f3speri\",\"Manchester City\",\"mercadofutebol\",\"Oscar\",\"Palmeiras\",\"paulinho palmeiras\",\"Pedro caixinha\",\"Santos FC\",\"SantosFC\",\"S\u00e3o Paulo FC\",\"vitor reis\",\"William jos\u00e9\"],\"articleSection\":[\"futebol\",\"informa\u00e7\u00e3o\",\"mercado\"],\"inLanguage\":\"pt-BR\",\"potentialAction\":[{\"@type\":\"CommentAction\",\"name\":\"Comment\",\"target\":[\"https:\\\/\\\/blogdoprosperi.com\\\/?p=46873#respond\"]}]},{\"@type\":\"WebPage\",\"@id\":\"https:\\\/\\\/blogdoprosperi.com\\\/?p=46873\",\"url\":\"https:\\\/\\\/blogdoprosperi.com\\\/?p=46873\",\"name\":\"Mercado Futebol | Santos Contrata Z\u00e9 Rafael e Ver\u00f3n, Cruzeiro Rifa Diniz e Fecha com Renato Ga\u00facho - PR\u00d3SPERI NEWS\",\"isPartOf\":{\"@id\":\"https:\\\/\\\/blogdoprosperi.com\\\/#website\"},\"primaryImageOfPage\":{\"@id\":\"https:\\\/\\\/blogdoprosperi.com\\\/?p=46873#primaryimage\"},\"image\":{\"@id\":\"https:\\\/\\\/blogdoprosperi.com\\\/?p=46873#primaryimage\"},\"thumbnailUrl\":\"https:\\\/\\\/i0.wp.com\\\/blogdoprosperi.com\\\/wp-content\\\/uploads\\\/2024\\\/11\\\/54160663755_bfe3e8aaca_c.jpg?fit=800%2C450&ssl=1\",\"datePublished\":\"2025-01-27T23:04:00+00:00\",\"dateModified\":\"2025-01-28T01:25:47+00:00\",\"breadcrumb\":{\"@id\":\"https:\\\/\\\/blogdoprosperi.com\\\/?p=46873#breadcrumb\"},\"inLanguage\":\"pt-BR\",\"potentialAction\":[{\"@type\":\"ReadAction\",\"target\":[\"https:\\\/\\\/blogdoprosperi.com\\\/?p=46873\"]}]},{\"@type\":\"ImageObject\",\"inLanguage\":\"pt-BR\",\"@id\":\"https:\\\/\\\/blogdoprosperi.com\\\/?p=46873#primaryimage\",\"url\":\"https:\\\/\\\/i0.wp.com\\\/blogdoprosperi.com\\\/wp-content\\\/uploads\\\/2024\\\/11\\\/54160663755_bfe3e8aaca_c.jpg?fit=800%2C450&ssl=1\",\"contentUrl\":\"https:\\\/\\\/i0.wp.com\\\/blogdoprosperi.com\\\/wp-content\\\/uploads\\\/2024\\\/11\\\/54160663755_bfe3e8aaca_c.jpg?fit=800%2C450&ssl=1\",\"width\":800,\"height\":450,\"caption\":\"Z\u00e9 Rafael troca Palmeiras por Santos \u2013 foto: Palmeiras oficial\"},{\"@type\":\"BreadcrumbList\",\"@id\":\"https:\\\/\\\/blogdoprosperi.com\\\/?p=46873#breadcrumb\",\"itemListElement\":[{\"@type\":\"ListItem\",\"position\":1,\"name\":\"In\u00edcio\",\"item\":\"https:\\\/\\\/blogdoprosperi.com\\\/\"},{\"@type\":\"ListItem\",\"position\":2,\"name\":\"Mercado Futebol | Santos Contrata Z\u00e9 Rafael e Ver\u00f3n, Cruzeiro Rifa Diniz e Fecha com Renato Ga\u00facho\"}]},{\"@type\":\"WebSite\",\"@id\":\"https:\\\/\\\/blogdoprosperi.com\\\/#website\",\"url\":\"https:\\\/\\\/blogdoprosperi.com\\\/\",\"name\":\"PR\u00d3SPERI NEWS\",\"description\":\"TUDO \u00c9  FUTEBOL\",\"publisher\":{\"@id\":\"https:\\\/\\\/blogdoprosperi.com\\\/#\\\/schema\\\/person\\\/38100755ce3601861ee4fab9b5aa78e9\"},\"alternateName\":\"blogdoprosperi.com\",\"potentialAction\":[{\"@type\":\"SearchAction\",\"target\":{\"@type\":\"EntryPoint\",\"urlTemplate\":\"https:\\\/\\\/blogdoprosperi.com\\\/?s={search_term_string}\"},\"query-input\":{\"@type\":\"PropertyValueSpecification\",\"valueRequired\":true,\"valueName\":\"search_term_string\"}}],\"inLanguage\":\"pt-BR\"},{\"@type\":[\"Person\",\"Organization\"],\"@id\":\"https:\\\/\\\/blogdoprosperi.com\\\/#\\\/schema\\\/person\\\/38100755ce3601861ee4fab9b5aa78e9\",\"name\":\"Luiz Ant\u00f4nio Pr\u00f3speri\",\"pronouns\":\"ele\",\"image\":{\"@type\":\"ImageObject\",\"inLanguage\":\"pt-BR\",\"@id\":\"https:\\\/\\\/i0.wp.com\\\/blogdoprosperi.com\\\/wp-content\\\/uploads\\\/2026\\\/05\\\/cropped-8059e613-6002-42fa-961e-8e275f575d71-2-5.jpg?fit=1360%2C931&ssl=1\",\"url\":\"https:\\\/\\\/i0.wp.com\\\/blogdoprosperi.com\\\/wp-content\\\/uploads\\\/2026\\\/05\\\/cropped-8059e613-6002-42fa-961e-8e275f575d71-2-5.jpg?fit=1360%2C931&ssl=1\",\"contentUrl\":\"https:\\\/\\\/i0.wp.com\\\/blogdoprosperi.com\\\/wp-content\\\/uploads\\\/2026\\\/05\\\/cropped-8059e613-6002-42fa-961e-8e275f575d71-2-5.jpg?fit=1360%2C931&ssl=1\",\"width\":1360,\"height\":931,\"caption\":\"Luiz Ant\u00f4nio Pr\u00f3speri\"},\"logo\":{\"@id\":\"https:\\\/\\\/i0.wp.com\\\/blogdoprosperi.com\\\/wp-content\\\/uploads\\\/2026\\\/05\\\/cropped-8059e613-6002-42fa-961e-8e275f575d71-2-5.jpg?fit=1360%2C931&ssl=1\"},\"description\":\"Jornalista com carreira dedicada ao esporte. Cobriu 9 Copas do Mundo in loco, 1990 na It\u00e1lia, 1994 nos EUA, 1998 na Fran\u00e7a, 2002 na Coreia do Sul e Jap\u00e3o, 2006 na Alemanha, 2010 na \u00c1frica do Sul, 2014 no Brasil, 2018 na R\u00fassia e 2022 no Qatar. Eurocopas, 1992 na Su\u00e9cia e 1996 na Inglaterra. Copa das Confedera\u00e7\u00f5es de 2005 na Alemanha e 2009 na \u00c1frica do Sul. Rep\u00f3rter e Editor, trabalhou no Jornal da Tarde e Estad\u00e3o, de 1984 a fevereiro de 2016. Colunista, blogueiro. E comentarista de futebol na R\u00e1dio Estad\u00e3o, de 2013 a fevereiro de 2016. Jornalista respons\u00e1vel do \\\"Pr\u00f3speri News\\\" (blogdoprosperi.com).\",\"sameAs\":[\"http:\\\/\\\/blogdoprosperi.com\",\"Luiz Pr\u00f3speri\",\"@luiz_prosperi\",\"https:\\\/\\\/x.com\\\/Luizprosperi\",\"@prosperinacopa\",\"luiz.prosperi@icloud.com\"],\"url\":\"https:\\\/\\\/blogdoprosperi.com\\\/?author=102107496\"}]}<\/script>\n<!-- \/ Yoast SEO plugin. -->","yoast_head_json":{"title":"Mercado Futebol | Santos Contrata Z\u00e9 Rafael e Ver\u00f3n, Cruzeiro Rifa Diniz e Fecha com Renato Ga\u00facho - PR\u00d3SPERI NEWS","robots":{"index":"index","follow":"follow","max-snippet":"max-snippet:-1","max-image-preview":"max-image-preview:large","max-video-preview":"max-video-preview:-1"},"canonical":"https:\/\/blogdoprosperi.com\/?p=46873","og_locale":"pt_BR","og_type":"article","og_title":"Mercado Futebol | Santos Contrata Z\u00e9 Rafael e Ver\u00f3n, Cruzeiro Rifa Diniz e Fecha com Renato Ga\u00facho - PR\u00d3SPERI NEWS","og_description":"Luiz Ant\u00f4nio Pr\u00f3speri \u2013 27 janeiro (20h25) \u2013 Confira aqui principais negocia\u00e7\u00f5es no mercado do futebol brasileiro temporada [&hellip;]","og_url":"https:\/\/blogdoprosperi.com\/?p=46873","og_site_name":"PR\u00d3SPERI NEWS","article_publisher":"Luiz Pr\u00f3speri","article_author":"Luiz Pr\u00f3speri","article_published_time":"2025-01-27T23:04:00+00:00","article_modified_time":"2025-01-28T01:25:47+00:00","og_image":[{"width":800,"height":450,"url":"https:\/\/i0.wp.com\/blogdoprosperi.com\/wp-content\/uploads\/2024\/11\/54160663755_bfe3e8aaca_c.jpg?fit=800%2C450&ssl=1","type":"image\/jpeg"}],"author":"Luiz Ant\u00f4nio Pr\u00f3speri","twitter_card":"summary_large_image","twitter_creator":"@Luizprosperi","twitter_site":"@Luizprosperi","twitter_misc":{"Escrito por":"Luiz Ant\u00f4nio Pr\u00f3speri","Est. tempo de leitura":"18 minutos"},"schema":{"@context":"https:\/\/schema.org","@graph":[{"@type":"Article","@id":"https:\/\/blogdoprosperi.com\/?p=46873#article","isPartOf":{"@id":"https:\/\/blogdoprosperi.com\/?p=46873"},"author":{"name":"Luiz Ant\u00f4nio Pr\u00f3speri","@id":"https:\/\/blogdoprosperi.com\/#\/schema\/person\/38100755ce3601861ee4fab9b5aa78e9"},"headline":"Mercado Futebol | Santos Contrata Z\u00e9 Rafael e Ver\u00f3n, Cruzeiro Rifa Diniz e Fecha com Renato Ga\u00facho","datePublished":"2025-01-27T23:04:00+00:00","dateModified":"2025-01-28T01:25:47+00:00","mainEntityOfPage":{"@id":"https:\/\/blogdoprosperi.com\/?p=46873"},"wordCount":3612,"commentCount":0,"publisher":{"@id":"https:\/\/blogdoprosperi.com\/#\/schema\/person\/38100755ce3601861ee4fab9b5aa78e9"},"image":{"@id":"https:\/\/blogdoprosperi.com\/?p=46873#primaryimage"},"thumbnailUrl":"https:\/\/i0.wp.com\/blogdoprosperi.com\/wp-content\/uploads\/2024\/11\/54160663755_bfe3e8aaca_c.jpg?fit=800%2C450&ssl=1","keywords":["0000ff","artur jorge","bahia ec","Botafogo","Cruzeiro","cuca atl\u00e9tico-mg","Dudu","facundo torres","Fernando Diniz","Flamengo","futebol","Gabigol","Gr\u00eamio","jos","jose boto","Luiz Ant\u00f4nio Pr\u00f3speri","Manchester City","mercadofutebol","Oscar","Palmeiras","paulinho palmeiras","Pedro caixinha","Santos FC","SantosFC","S\u00e3o Paulo FC","vitor reis","William jos\u00e9"],"articleSection":["futebol","informa\u00e7\u00e3o","mercado"],"inLanguage":"pt-BR","potentialAction":[{"@type":"CommentAction","name":"Comment","target":["https:\/\/blogdoprosperi.com\/?p=46873#respond"]}]},{"@type":"WebPage","@id":"https:\/\/blogdoprosperi.com\/?p=46873","url":"https:\/\/blogdoprosperi.com\/?p=46873","name":"Mercado Futebol | Santos Contrata Z\u00e9 Rafael e Ver\u00f3n, Cruzeiro Rifa Diniz e Fecha com Renato Ga\u00facho - PR\u00d3SPERI NEWS","isPartOf":{"@id":"https:\/\/blogdoprosperi.com\/#website"},"primaryImageOfPage":{"@id":"https:\/\/blogdoprosperi.com\/?p=46873#primaryimage"},"image":{"@id":"https:\/\/blogdoprosperi.com\/?p=46873#primaryimage"},"thumbnailUrl":"https:\/\/i0.wp.com\/blogdoprosperi.com\/wp-content\/uploads\/2024\/11\/54160663755_bfe3e8aaca_c.jpg?fit=800%2C450&ssl=1","datePublished":"2025-01-27T23:04:00+00:00","dateModified":"2025-01-28T01:25:47+00:00","breadcrumb":{"@id":"https:\/\/blogdoprosperi.com\/?p=46873#breadcrumb"},"inLanguage":"pt-BR","potentialAction":[{"@type":"ReadAction","target":["https:\/\/blogdoprosperi.com\/?p=46873"]}]},{"@type":"ImageObject","inLanguage":"pt-BR","@id":"https:\/\/blogdoprosperi.com\/?p=46873#primaryimage","url":"https:\/\/i0.wp.com\/blogdoprosperi.com\/wp-content\/uploads\/2024\/11\/54160663755_bfe3e8aaca_c.jpg?fit=800%2C450&ssl=1","contentUrl":"https:\/\/i0.wp.com\/blogdoprosperi.com\/wp-content\/uploads\/2024\/11\/54160663755_bfe3e8aaca_c.jpg?fit=800%2C450&ssl=1","width":800,"height":450,"caption":"Z\u00e9 Rafael troca Palmeiras por Santos \u2013 foto: Palmeiras oficial"},{"@type":"BreadcrumbList","@id":"https:\/\/blogdoprosperi.com\/?p=46873#breadcrumb","itemListElement":[{"@type":"ListItem","position":1,"name":"In\u00edcio","item":"https:\/\/blogdoprosperi.com\/"},{"@type":"ListItem","position":2,"name":"Mercado Futebol | Santos Contrata Z\u00e9 Rafael e Ver\u00f3n, Cruzeiro Rifa Diniz e Fecha com Renato Ga\u00facho"}]},{"@type":"WebSite","@id":"https:\/\/blogdoprosperi.com\/#website","url":"https:\/\/blogdoprosperi.com\/","name":"PR\u00d3SPERI NEWS","description":"TUDO \u00c9  FUTEBOL","publisher":{"@id":"https:\/\/blogdoprosperi.com\/#\/schema\/person\/38100755ce3601861ee4fab9b5aa78e9"},"alternateName":"blogdoprosperi.com","potentialAction":[{"@type":"SearchAction","target":{"@type":"EntryPoint","urlTemplate":"https:\/\/blogdoprosperi.com\/?s={search_term_string}"},"query-input":{"@type":"PropertyValueSpecification","valueRequired":true,"valueName":"search_term_string"}}],"inLanguage":"pt-BR"},{"@type":["Person","Organization"],"@id":"https:\/\/blogdoprosperi.com\/#\/schema\/person\/38100755ce3601861ee4fab9b5aa78e9","name":"Luiz Ant\u00f4nio Pr\u00f3speri","pronouns":"ele","image":{"@type":"ImageObject","inLanguage":"pt-BR","@id":"https:\/\/i0.wp.com\/blogdoprosperi.com\/wp-content\/uploads\/2026\/05\/cropped-8059e613-6002-42fa-961e-8e275f575d71-2-5.jpg?fit=1360%2C931&ssl=1","url":"https:\/\/i0.wp.com\/blogdoprosperi.com\/wp-content\/uploads\/2026\/05\/cropped-8059e613-6002-42fa-961e-8e275f575d71-2-5.jpg?fit=1360%2C931&ssl=1","contentUrl":"https:\/\/i0.wp.com\/blogdoprosperi.com\/wp-content\/uploads\/2026\/05\/cropped-8059e613-6002-42fa-961e-8e275f575d71-2-5.jpg?fit=1360%2C931&ssl=1","width":1360,"height":931,"caption":"Luiz Ant\u00f4nio Pr\u00f3speri"},"logo":{"@id":"https:\/\/i0.wp.com\/blogdoprosperi.com\/wp-content\/uploads\/2026\/05\/cropped-8059e613-6002-42fa-961e-8e275f575d71-2-5.jpg?fit=1360%2C931&ssl=1"},"description":"Jornalista com carreira dedicada ao esporte. Cobriu 9 Copas do Mundo in loco, 1990 na It\u00e1lia, 1994 nos EUA, 1998 na Fran\u00e7a, 2002 na Coreia do Sul e Jap\u00e3o, 2006 na Alemanha, 2010 na \u00c1frica do Sul, 2014 no Brasil, 2018 na R\u00fassia e 2022 no Qatar. Eurocopas, 1992 na Su\u00e9cia e 1996 na Inglaterra. Copa das Confedera\u00e7\u00f5es de 2005 na Alemanha e 2009 na \u00c1frica do Sul. Rep\u00f3rter e Editor, trabalhou no Jornal da Tarde e Estad\u00e3o, de 1984 a fevereiro de 2016. Colunista, blogueiro. E comentarista de futebol na R\u00e1dio Estad\u00e3o, de 2013 a fevereiro de 2016. Jornalista respons\u00e1vel do \"Pr\u00f3speri News\" (blogdoprosperi.com).","sameAs":["http:\/\/blogdoprosperi.com","Luiz Pr\u00f3speri","@luiz_prosperi","https:\/\/x.com\/Luizprosperi","@prosperinacopa","luiz.prosperi@icloud.com"],"url":"https:\/\/blogdoprosperi.com\/?author=102107496"}]}},"jetpack_publicize_connections":[],"jetpack_likes_enabled":false,"jetpack_sharing_enabled":true,"jetpack_shortlink":"https:\/\/wp.me\/p7jvdk-cc1","jetpack-related-posts":[{"id":45608,"url":"https:\/\/blogdoprosperi.com\/?p=45608","url_meta":{"origin":46873,"position":0},"title":"Palmeiras \u00c9 Tricampe\u00e3o Brasileiro Sub-20 | Crias da Academia Vencem Cruzeiro e Mandam Recado a Abel Ferreira","author":"Luiz Ant\u00f4nio Pr\u00f3speri","date":"30 de setembro de 2024","format":false,"excerpt":"Palmeiras \u00e9 tricampe\u00e3o do Brasileir\u00e3o Sub-20 2024. Conquista a ta\u00e7a ao vencer o Cruzeiro na final por 3 a 0, nessa segunda-feira (30\/9). En 2018, derrotou o Vit\u00f3ria-BA e, em 2022, bateu o Corinthians, gol de Endrick. Palmeiras vem de tr\u00eas finais consecutivas (2022, 2023 e 2024) do Campeonato Brasileiro\u2026","rel":"","context":"Em &quot;futebol&quot;","block_context":{"text":"futebol","link":"https:\/\/blogdoprosperi.com\/?cat=53870"},"img":{"alt_text":"Crias da Academia","src":"https:\/\/i0.wp.com\/blogdoprosperi.com\/wp-content\/uploads\/2024\/09\/captura-de-tela-2024-09-30-as-21.29.11.png?fit=1200%2C443&ssl=1&resize=350%2C200","width":350,"height":200,"srcset":"https:\/\/i0.wp.com\/blogdoprosperi.com\/wp-content\/uploads\/2024\/09\/captura-de-tela-2024-09-30-as-21.29.11.png?fit=1200%2C443&ssl=1&resize=350%2C200 1x, https:\/\/i0.wp.com\/blogdoprosperi.com\/wp-content\/uploads\/2024\/09\/captura-de-tela-2024-09-30-as-21.29.11.png?fit=1200%2C443&ssl=1&resize=525%2C300 1.5x, https:\/\/i0.wp.com\/blogdoprosperi.com\/wp-content\/uploads\/2024\/09\/captura-de-tela-2024-09-30-as-21.29.11.png?fit=1200%2C443&ssl=1&resize=700%2C400 2x, https:\/\/i0.wp.com\/blogdoprosperi.com\/wp-content\/uploads\/2024\/09\/captura-de-tela-2024-09-30-as-21.29.11.png?fit=1200%2C443&ssl=1&resize=1050%2C600 3x"},"classes":[]},{"id":46855,"url":"https:\/\/blogdoprosperi.com\/?p=46855","url_meta":{"origin":46873,"position":1},"title":"Os C\u00e3es Magros de Abel Ferreira no Palmeiras","author":"Luiz Ant\u00f4nio Pr\u00f3speri","date":"9 de dezembro de 2024","format":false,"excerpt":"Luiz Ant\u00f4nio Pr\u00f3speri \u2013 9 dezembro (10h45) \u2013 \"Gosto de jogadores c\u00e3es magros, ele (Tel\u00ea Santana) gostava de c\u00e3es magros\". A dica \u00e9 de Abel Ferreira e diz muito a respeito dos refor\u00e7os do Palmeiras para 2025. Torcedor n\u00e3o deve esperar por nomes midi\u00e1ticos. A rota a seguir \u00e9 a\u2026","rel":"","context":"Em &quot;futebol&quot;","block_context":{"text":"futebol","link":"https:\/\/blogdoprosperi.com\/?cat=53870"},"img":{"alt_text":"Abel Ferreira pede c\u00e3es magros no Palmeiras","src":"https:\/\/i0.wp.com\/blogdoprosperi.com\/wp-content\/uploads\/2024\/06\/53790453970_e1b87e1498_c.jpg?fit=800%2C450&ssl=1&resize=350%2C200","width":350,"height":200,"srcset":"https:\/\/i0.wp.com\/blogdoprosperi.com\/wp-content\/uploads\/2024\/06\/53790453970_e1b87e1498_c.jpg?fit=800%2C450&ssl=1&resize=350%2C200 1x, https:\/\/i0.wp.com\/blogdoprosperi.com\/wp-content\/uploads\/2024\/06\/53790453970_e1b87e1498_c.jpg?fit=800%2C450&ssl=1&resize=525%2C300 1.5x, https:\/\/i0.wp.com\/blogdoprosperi.com\/wp-content\/uploads\/2024\/06\/53790453970_e1b87e1498_c.jpg?fit=800%2C450&ssl=1&resize=700%2C400 2x"},"classes":[]},{"id":38143,"url":"https:\/\/blogdoprosperi.com\/?p=38143","url_meta":{"origin":46873,"position":2},"title":"Campe\u00f5es do Palmeiras","author":"Luiz Ant\u00f4nio Pr\u00f3speri","date":"30 de janeiro de 2021","format":false,"excerpt":"GALERIA DOS CAMPE\u00d5ES DA GL\u00d3RIA ETERNA PALMEIRAS GUSTAVO GOMES BRENO LOPES WEVERTON DANILO GABRIEL VERON FELIPE MELO RONY MATIAS VI\u00d1A WILLIAN BIGODE LUIZ ADRIANO GABRIEL MENINO ABEL FERREIRA","rel":"","context":"Em &quot;futebol&quot;","block_context":{"text":"futebol","link":"https:\/\/blogdoprosperi.com\/?cat=53870"},"img":{"alt_text":"","src":"https:\/\/i0.wp.com\/blogdoprosperi.com\/wp-content\/uploads\/2021\/01\/etawqzqxyaiaiwg.jpeg?fit=1200%2C670&ssl=1&resize=350%2C200","width":350,"height":200,"srcset":"https:\/\/i0.wp.com\/blogdoprosperi.com\/wp-content\/uploads\/2021\/01\/etawqzqxyaiaiwg.jpeg?fit=1200%2C670&ssl=1&resize=350%2C200 1x, https:\/\/i0.wp.com\/blogdoprosperi.com\/wp-content\/uploads\/2021\/01\/etawqzqxyaiaiwg.jpeg?fit=1200%2C670&ssl=1&resize=525%2C300 1.5x, https:\/\/i0.wp.com\/blogdoprosperi.com\/wp-content\/uploads\/2021\/01\/etawqzqxyaiaiwg.jpeg?fit=1200%2C670&ssl=1&resize=700%2C400 2x, https:\/\/i0.wp.com\/blogdoprosperi.com\/wp-content\/uploads\/2021\/01\/etawqzqxyaiaiwg.jpeg?fit=1200%2C670&ssl=1&resize=1050%2C600 3x"},"classes":[]},{"id":53664,"url":"https:\/\/blogdoprosperi.com\/?p=53664","url_meta":{"origin":46873,"position":3},"title":"Richard Rios Troca Palmeiras por Benfica e Aumenta Revoada de Jogadores Negociados no Brasileir\u00e3o 2025","author":"Luiz Ant\u00f4nio Pr\u00f3speri","date":"20 de julho de 2025","format":false,"excerpt":"Luiz Ant\u00f4nio Pr\u00f3speri \u2013 20 julho 2025 \u2013 (14h29) \u2013 Richard Rios \u00e9 jogador do Benfica contratado a 30 milh\u00f5es de euros (R$ 194,1 milh\u00f5es) do Palmeiras. O volante colombiano deixa o futebol brasileiro na revoada de jogadores importantes negociados nesta janela de transfer\u00eancias (julho a agosto) ap\u00f3s o Mundial\u2026","rel":"","context":"Em &quot;brasileir\u00e3o 2025&quot;","block_context":{"text":"brasileir\u00e3o 2025","link":"https:\/\/blogdoprosperi.com\/?cat=775970846"},"img":{"alt_text":"Richard Rios do Palmeiras para o Benfica","src":"https:\/\/i0.wp.com\/blogdoprosperi.com\/wp-content\/uploads\/2025\/07\/captura-de-tela-2025-07-20-as-14.51.15.png?fit=1018%2C696&ssl=1&resize=350%2C200","width":350,"height":200,"srcset":"https:\/\/i0.wp.com\/blogdoprosperi.com\/wp-content\/uploads\/2025\/07\/captura-de-tela-2025-07-20-as-14.51.15.png?fit=1018%2C696&ssl=1&resize=350%2C200 1x, https:\/\/i0.wp.com\/blogdoprosperi.com\/wp-content\/uploads\/2025\/07\/captura-de-tela-2025-07-20-as-14.51.15.png?fit=1018%2C696&ssl=1&resize=525%2C300 1.5x, https:\/\/i0.wp.com\/blogdoprosperi.com\/wp-content\/uploads\/2025\/07\/captura-de-tela-2025-07-20-as-14.51.15.png?fit=1018%2C696&ssl=1&resize=700%2C400 2x"},"classes":[]},{"id":47046,"url":"https:\/\/blogdoprosperi.com\/?p=47046","url_meta":{"origin":46873,"position":4},"title":"Palmeiras Perto de Contratar Paulinho do Atl\u00e9tico-MG","author":"Luiz Ant\u00f4nio Pr\u00f3speri","date":"19 de dezembro de 2024","format":false,"excerpt":"Luiz Ant\u00f4nio Pr\u00f3speri \u2013 19 dezembro (13h45) \u2013 Palmeiras est\u00e1 muito perto de contratar Paulinho, 24 anos, atacante do Atl\u00e9tico-MG. Valores da negocia\u00e7\u00e3o alcan\u00e7am a casa dos R$ 117 milh\u00f5es + dois jogadores. Dinheiro, parece, n\u00e3o \u00e9 problema nesse momento no Alviverde. Previs\u00e3o de receitas do clube \u00e9 de pouco\u2026","rel":"","context":"Em &quot;futebol&quot;","block_context":{"text":"futebol","link":"https:\/\/blogdoprosperi.com\/?cat=53870"},"img":{"alt_text":"Paulinho do Galo para o Porco","src":"https:\/\/i0.wp.com\/blogdoprosperi.com\/wp-content\/uploads\/2024\/12\/sports-paulinho-1713418594.webp?fit=1200%2C801&ssl=1&resize=350%2C200","width":350,"height":200,"srcset":"https:\/\/i0.wp.com\/blogdoprosperi.com\/wp-content\/uploads\/2024\/12\/sports-paulinho-1713418594.webp?fit=1200%2C801&ssl=1&resize=350%2C200 1x, https:\/\/i0.wp.com\/blogdoprosperi.com\/wp-content\/uploads\/2024\/12\/sports-paulinho-1713418594.webp?fit=1200%2C801&ssl=1&resize=525%2C300 1.5x, https:\/\/i0.wp.com\/blogdoprosperi.com\/wp-content\/uploads\/2024\/12\/sports-paulinho-1713418594.webp?fit=1200%2C801&ssl=1&resize=700%2C400 2x, https:\/\/i0.wp.com\/blogdoprosperi.com\/wp-content\/uploads\/2024\/12\/sports-paulinho-1713418594.webp?fit=1200%2C801&ssl=1&resize=1050%2C600 3x"},"classes":[]},{"id":41279,"url":"https:\/\/blogdoprosperi.com\/?p=41279","url_meta":{"origin":46873,"position":5},"title":"Palmeiras \u00e9 bi da Copinha e f\u00e1brica de fazer dinheiro","author":"Luiz Ant\u00f4nio Pr\u00f3speri","date":"25 de janeiro de 2023","format":false,"excerpt":"Palmeiras se transforma em uma m\u00e1quina de t\u00edtulos nas categorias de base e uma verdadeira casa da moeda a despejar dinheiro no clube com a venda dos garotos","rel":"","context":"Em &quot;futebol&quot;","block_context":{"text":"futebol","link":"https:\/\/blogdoprosperi.com\/?cat=53870"},"img":{"alt_text":"Patrick Silva, autor do gol do t\u00edtulo da Copinha","src":"https:\/\/i0.wp.com\/blogdoprosperi.com\/wp-content\/uploads\/2023\/01\/52649689010_91563f0506_c.jpg?fit=800%2C800&ssl=1&resize=350%2C200","width":350,"height":200,"srcset":"https:\/\/i0.wp.com\/blogdoprosperi.com\/wp-content\/uploads\/2023\/01\/52649689010_91563f0506_c.jpg?fit=800%2C800&ssl=1&resize=350%2C200 1x, https:\/\/i0.wp.com\/blogdoprosperi.com\/wp-content\/uploads\/2023\/01\/52649689010_91563f0506_c.jpg?fit=800%2C800&ssl=1&resize=525%2C300 1.5x, https:\/\/i0.wp.com\/blogdoprosperi.com\/wp-content\/uploads\/2023\/01\/52649689010_91563f0506_c.jpg?fit=800%2C800&ssl=1&resize=700%2C400 2x"},"classes":[]}],"jetpack_featured_media_url":"https:\/\/i0.wp.com\/blogdoprosperi.com\/wp-content\/uploads\/2024\/11\/54160663755_bfe3e8aaca_c.jpg?fit=800%2C450&ssl=1","_links":{"self":[{"href":"https:\/\/blogdoprosperi.com\/index.php?rest_route=\/wp\/v2\/posts\/46873","targetHints":{"allow":["GET"]}}],"collection":[{"href":"https:\/\/blogdoprosperi.com\/index.php?rest_route=\/wp\/v2\/posts"}],"about":[{"href":"https:\/\/blogdoprosperi.com\/index.php?rest_route=\/wp\/v2\/types\/post"}],"author":[{"embeddable":true,"href":"https:\/\/blogdoprosperi.com\/index.php?rest_route=\/wp\/v2\/users\/102107496"}],"replies":[{"embeddable":true,"href":"https:\/\/blogdoprosperi.com\/index.php?rest_route=%2Fwp%2Fv2%2Fcomments&post=46873"}],"version-history":[{"count":25,"href":"https:\/\/blogdoprosperi.com\/index.php?rest_route=\/wp\/v2\/posts\/46873\/revisions"}],"predecessor-version":[{"id":47655,"href":"https:\/\/blogdoprosperi.com\/index.php?rest_route=\/wp\/v2\/posts\/46873\/revisions\/47655"}],"wp:featuredmedia":[{"embeddable":true,"href":"https:\/\/blogdoprosperi.com\/index.php?rest_route=\/wp\/v2\/media\/46555"}],"wp:attachment":[{"href":"https:\/\/blogdoprosperi.com\/index.php?rest_route=%2Fwp%2Fv2%2Fmedia&parent=46873"}],"wp:term":[{"taxonomy":"category","embeddable":true,"href":"https:\/\/blogdoprosperi.com\/index.php?rest_route=%2Fwp%2Fv2%2Fcategories&post=46873"},{"taxonomy":"post_tag","embeddable":true,"href":"https:\/\/blogdoprosperi.com\/index.php?rest_route=%2Fwp%2Fv2%2Ftags&post=46873"}],"curies":[{"name":"wp","href":"https:\/\/api.w.org\/{rel}","templated":true}]}}