{"id":46936,"date":"2024-12-12T11:30:22","date_gmt":"2024-12-12T14:30:22","guid":{"rendered":"https:\/\/blogdoprosperi.com\/?p=46936"},"modified":"2024-12-12T11:30:22","modified_gmt":"2024-12-12T14:30:22","slug":"copa-do-mundo-2034-arabia-saudita-tudo-o-que-voce-precisa-saber","status":"publish","type":"post","link":"https:\/\/blogdoprosperi.com\/?p=46936","title":{"rendered":"Copa do Mundo 2034 Ar\u00e1bia Saudita | Tudo o que Voc\u00ea Precisa Saber"},"content":{"rendered":"<p><em>New York Times \u2013 The Athletic \u2013 12 dezembro \u2013<\/em><\/p>\n<p>Ar\u00e1bia Saudita foi oficialmente confirmada como pa\u00eds-sede d a Copa do Mundo masculina de 2034. Ap\u00f3s uma reuni\u00e3o extraordin\u00e1ria do Congresso da Fifa na quarta-feira, a entidade m\u00e1xima do futebol mundial tamb\u00e9m confirmou que a Copa do Mundo de 2030 ser\u00e1 realizada em seis pa\u00edses \u2014 Marrocos, Espanha, Portugal, Argentina, Uruguai e Paraguai \u2014 em tr\u00eas continentes.<\/p>\n<p>Ambas as propostas n\u00e3o tiveram oposi\u00e7\u00e3o, com cada proposta finalizada em outubro de 2023. Elas foram confirmadas ap\u00f3s uma vota\u00e7\u00e3o das associa\u00e7\u00f5es-membro da\u00a0FIFA\u00a0, que se reuniram em uma reuni\u00e3o online com Gianni Infantino, presidente da organiza\u00e7\u00e3o, hospedada em sua sede em Zurique, Su\u00ed\u00e7a.<\/p>\n<p><b>Como funcionar\u00e1 a Copa do Mundo de 2030?<\/b><\/p>\n<p>Pela primeira vez na hist\u00f3ria da Copa do Mundo, o torneio de 2030 ser\u00e1 realizado em v\u00e1rios continentes.<\/p>\n<p>A primeira partida ser\u00e1 disputada em Montevid\u00e9u, Uruguai, para celebrar a cidade que sediou a primeira Copa do Mundo em 1930. O segundo e o terceiro jogos ser\u00e3o realizados na Argentina e no Paraguai, respectivamente.<\/p>\n<p>O Uruguai sediou e venceu a Copa do Mundo inaugural em 1930 e\u00a0a Argentina\u00a0foi a finalista derrotada, enquanto a sede da Confedera\u00e7\u00e3o Sul-Americana de Futebol (CONMEBOL) fica no Paraguai. A CONMEBOL era a \u00fanica confedera\u00e7\u00e3o existente na \u00e9poca do torneio de 1930. As partidas restantes ser\u00e3o realizadas na Espanha, Portugal e Marrocos.<\/p>\n<p>As partidas da Copa do Mundo nunca foram realizadas em Portugal, Paraguai ou Marrocos \u2014 que se tornar\u00e1 a primeira na\u00e7\u00e3o do norte da \u00c1frica a sediar partidas do torneio.\u00a0A Espanha\u00a0sediar\u00e1 suas primeiras partidas do torneio desde 1982.<\/p>\n<p>Montevid\u00e9u, Assun\u00e7\u00e3o e Buenos Aires \u2013 respectivas capitais do Uruguai, Paraguai e Argentina \u2013 dar\u00e3o in\u00edcio ao torneio. Seis cidades marroquinas (Agadir, Casablanca, Fes, Marraquexe, Rabat, T\u00e2nger), duas de Portugal (Lisboa, Porto) e nove de Espanha (Corunha, Barcelona, Bilbau, Las Palmas, Madrid, M\u00e1laga, S\u00e3o Sebasti\u00e3o, Sevilha, Sarago\u00e7a ) tamb\u00e9m sediar\u00e1 partidas.<\/p>\n<hr \/>\n<p><a href=\"https:\/\/www.nytimes.com\/athletic\/4930889\/2023\/10\/04\/world-cup-2030-hosts-saudi-arabia-analysis\/\"><b>V\u00c1 MAIS FUNDO<\/b><b><\/b><\/a><\/p>\n<p><a href=\"https:\/\/www.nytimes.com\/athletic\/4930889\/2023\/10\/04\/world-cup-2030-hosts-saudi-arabia-analysis\/\">Por que a Copa do Mundo de 2030 ser\u00e1 dividida entre seis pa\u00edses &#8211; e todos os caminhos levar\u00e3o \u00e0 Ar\u00e1bia Saudita 2034<\/a><\/p>\n<p><b>Para mais informa\u00e7\u00f5es sobre as Copas do Mundo de 2030 e 2034\u2026<\/b><\/p>\n<ul>\n<li><b><i><\/i><\/b><a href=\"https:\/\/www.nytimes.com\/athletic\/5986423\/2024\/12\/11\/saudi-arabia-world-cup-dates-tickets-fifa-soccer\/\"><b><i>Copa do Mundo da Ar\u00e1bia Saudita 2034: datas, est\u00e1dios, ingressos \u2013 e haver\u00e1 bebidas alco\u00f3licas servidas aos f\u00e3s?<\/i><\/b><\/a><\/li>\n<li><b><i><\/i><\/b><a href=\"https:\/\/www.nytimes.com\/athletic\/5958060\/2024\/12\/11\/world-cup-final-2030-stadium-where\/\"><b><i>A Copa do Mundo de 2030 ser\u00e1 disputada em seis pa\u00edses \u2013 mas onde ser\u00e1 realizada a final?<\/i><\/b><\/a><\/li>\n<li><b><i><\/i><\/b><a href=\"https:\/\/www.nytimes.com\/athletic\/5983670\/2024\/12\/11\/saudi-arabia-world-cup-2034-controversial\/\"><b><i>Copa do Mundo da Ar\u00e1bia Saudita 2034 explicada: Por que a concess\u00e3o da competi\u00e7\u00e3o pela FIFA \u00e9 controversa<\/i><\/b><\/a><\/li>\n<\/ul>\n<hr \/>\n<p><b>Por que a candidatura da Ar\u00e1bia Saudita para 2034 n\u00e3o teve oposi\u00e7\u00e3o?<\/b><\/p>\n<p>Em outubro de 2023, a FIFA anunciou que a Ar\u00e1bia Saudita era a\u00a0\u00fanica candidata para sediar o torneio de 2034,\u00a0depois que\u00a0a Austr\u00e1lia\u00a0decidiu n\u00e3o se candidatar.<\/p>\n<p>A Federa\u00e7\u00e3o Saudita de Futebol (SAFF) tornou p\u00fablico seu interesse em sediar a competi\u00e7\u00e3o de 2034 no in\u00edcio daquele m\u00eas, dizendo que pretendia realizar um &#8220;torneio de classe mundial&#8221; na 25\u00aa edi\u00e7\u00e3o e que sua candidatura se inspiraria na &#8220;paix\u00e3o profundamente enraizada do pa\u00eds pelo futebol&#8221;.<\/p>\n<p>A Copa do Mundo de 2034 tinha garantia de acontecer em um pa\u00eds da confedera\u00e7\u00e3o asi\u00e1tica, da qual Ar\u00e1bia Saudita e Austr\u00e1lia s\u00e3o membros, ou da Confedera\u00e7\u00e3o de Futebol da Oceania, devido aos locais das edi\u00e7\u00f5es de 2026 e 2030.<\/p>\n<p><span class=\"alignnone\"><img data-recalc-dims=\"1\" loading=\"lazy\" decoding=\"async\" data-attachment-id=\"46949\" data-permalink=\"https:\/\/blogdoprosperi.com\/?attachment_id=46949\" data-orig-file=\"https:\/\/i0.wp.com\/blogdoprosperi.com\/wp-content\/uploads\/2024\/12\/captura-de-tela-2024-12-12-as-11.23.45.png?fit=1026%2C818&amp;ssl=1\" data-orig-size=\"1026,818\" data-comments-opened=\"1\" data-image-meta=\"{&quot;aperture&quot;:&quot;0&quot;,&quot;credit&quot;:&quot;&quot;,&quot;camera&quot;:&quot;&quot;,&quot;caption&quot;:&quot;&quot;,&quot;created_timestamp&quot;:&quot;0&quot;,&quot;copyright&quot;:&quot;&quot;,&quot;focal_length&quot;:&quot;0&quot;,&quot;iso&quot;:&quot;0&quot;,&quot;shutter_speed&quot;:&quot;0&quot;,&quot;title&quot;:&quot;&quot;,&quot;orientation&quot;:&quot;0&quot;}\" data-image-title=\"Captura de Tela 2024-12-12 \u00e0s 11.23.45\" data-image-description=\"\" data-image-caption=\"\" data-large-file=\"https:\/\/i0.wp.com\/blogdoprosperi.com\/wp-content\/uploads\/2024\/12\/captura-de-tela-2024-12-12-as-11.23.45.png?fit=940%2C749&amp;ssl=1\" class=\"alignnone size-large wp-image-46949\" src=\"https:\/\/i0.wp.com\/blogdoprosperi.com\/wp-content\/uploads\/2024\/12\/captura-de-tela-2024-12-12-as-11.23.45.png?resize=720%2C574&#038;ssl=1\" alt=\"\" width=\"720\" height=\"574\" \/><\/span><\/p>\n<hr \/>\n<p><a href=\"https:\/\/www.nytimes.com\/athletic\/5873571\/2024\/10\/27\/clifford-chance-saudi-report-fifa-human-rights\/\"><b>V\u00c1 MAIS FUNDO<\/b><b><\/b><\/a><\/p>\n<p><a href=\"https:\/\/www.nytimes.com\/athletic\/5873571\/2024\/10\/27\/clifford-chance-saudi-report-fifa-human-rights\/\">Relat\u00f3rio sobre os candidatos \u00e0 Copa do Mundo de 2034, Ar\u00e1bia Saudita, \u00e9 &#8220;falha&#8221;, dizem 11 grupos de direitos humanos<\/a><\/p>\n<hr \/>\n<p>A Copa do Mundo de 2026 ser\u00e1 sediada pelos Estados Unidos, Canad\u00e1 e M\u00e9xico, enquanto a vers\u00e3o de 2030 ser\u00e1 sediada em tr\u00eas continentes (\u00c1frica, Europa e Am\u00e9rica do Sul) e seis na\u00e7\u00f5es.<\/p>\n<p>Devido ao princ\u00edpio de rod\u00edzio de confedera\u00e7\u00f5es da FIFA, isso descartou esses quatro continentes e, na aus\u00eancia de uma candidatura da Oceania, sinalizou um retorno \u00e0 \u00c1sia, onde\u00a0<a href=\"https:\/\/www.nytimes.com\/athletic\/football\/team\/qatar\/\">o Qatar<\/a>\u00a0sediou a Copa do Mundo de 2022.<\/p>\n<p>A Austr\u00e1lia havia \u201cexplorado a oportunidade\u201d de concorrer ao torneio, mas confirmou antes do prazo final de outubro para declara\u00e7\u00f5es que n\u00e3o o faria.<\/p>\n<p><b>Ar\u00e1bia Saudita fortalece posi\u00e7\u00e3o no futebol apesar das preocupa\u00e7\u00f5es<\/b><\/p>\n<p>A Ar\u00e1bia Saudita investiu significativamente no futebol nos \u00faltimos anos, mais notavelmente em 2022, quando seu\u00a0<a href=\"https:\/\/www.nytimes.com\/athletic\/4581869\/2023\/06\/05\/saudi-arabia-pif-pro-league\/\">Fundo de Investimento P\u00fablico (PIF) assumiu o controle de quatro times nacionais<\/a>\u00a0\u2014 Al Ahli, Al Hilal, Al Ittihad e Al Nassr \u2014 na Saudi Pro League (SPL). Uma s\u00e9rie de jogadores de alto n\u00edvel se mudou da Europa para a na\u00e7\u00e3o do Oriente M\u00e9dio, incluindo\u00a0<a href=\"https:\/\/www.nytimes.com\/athletic\/football\/player\/cristiano-ronaldo-jh1IjFA8SnHLGtwM\/\">Cristiano Ronaldo<\/a>\u00a0, Neymar e Karim Benzema.<\/p>\n<p>No m\u00eas passado,\u00a0<a href=\"https:\/\/www.nytimes.com\/athletic\/5957860\/2024\/11\/30\/fifa-2034-human-rights-world-cup\/\">o relat\u00f3rio de avalia\u00e7\u00e3o da FIFA<\/a>\u00a0para a candidatura da Ar\u00e1bia Saudita declarou que a avalia\u00e7\u00e3o de risco para os direitos humanos era \u201cm\u00e9dia\u201d e julgou que havia \u201cbom potencial\u201d para a competi\u00e7\u00e3o atuar como um \u201ccatalisador\u201d para reformas dentro da na\u00e7\u00e3o. A organiza\u00e7\u00e3o de direitos humanos Anistia Internacional, no entanto, descreveu as observa\u00e7\u00f5es da FIFA como \u201cuma espantosa lavagem cerebral\u201d do hist\u00f3rico de direitos humanos da Ar\u00e1bia Saudita.<\/p>\n<p>O relat\u00f3rio de candidatura da FIFA tamb\u00e9m declarou que a proposta da Ar\u00e1bia Saudita \u2014 uma na\u00e7\u00e3o que possui cerca de 17 por cento das reservas mundiais de petr\u00f3leo, de acordo com a Organiza\u00e7\u00e3o dos Pa\u00edses Exportadores de Petr\u00f3leo \u2014 demonstrou um &#8220;bom compromisso com a sustentabilidade&#8221;, ao mesmo tempo em que reconheceu que a candidatura apresenta um &#8220;risco elevado&#8221; em termos de cronograma devido ao clima do pa\u00eds.<\/p>\n<p>Preocupa\u00e7\u00f5es semelhantes foram expressas sobre a Copa do Mundo de 2022, que foi realizada no estado vizinho do Catar. Apesar de inicialmente declarar que a Copa do Mundo poderia ser realizada no ver\u00e3o, como \u00e9 tradicional, o torneio do Catar foi adiado para novembro e dezembro de 2022 devido a temores do impacto do calor sobre os f\u00e3s e jogadores. Se a Copa do Mundo da Ar\u00e1bia Saudita tamb\u00e9m for transferida devido a essas preocupa\u00e7\u00f5es, provavelmente ter\u00e1 que ser antecipada para janeiro e fevereiro de 2034, devido ao Ramad\u00e3 \u2014 o m\u00eas sagrado mu\u00e7ulmano de jejum e ora\u00e7\u00e3o \u2014 cair em novembro e dezembro de 2033 e 2034.<\/p>\n<p><b>Cr\u00edticas \u00e0 FIFA<\/b><\/p>\n<p>Uma pesquisa realizada pela Carbon Market Watch antes da Copa do Mundo de 2022 chamou a meta da FIFA de &#8220;enganosa&#8221; e reclama\u00e7\u00f5es de publicidade foram registradas\u00a0<a href=\"https:\/\/www.nytimes.com\/athletic\/3755024\/2022\/11\/02\/world-cup-carbon-neutral\/\">em cinco pa\u00edses<\/a>\u00a0contra a marca da FIFA no torneio.<\/p>\n<p>Em junho de 2023,\u00a0<a href=\"https:\/\/www.nytimes.com\/athletic\/4588887\/2023\/06\/07\/fifa-qatar-world-cup-carbon-neutral\/\">foi descoberto que a FIFA violou a Lei Federal Su\u00ed\u00e7a sobre Concorr\u00eancia Desleal<\/a>\u00a0ao anunciar a Copa do Mundo do Catar de 2022 como \u201cneutra em carbono\u201d.<\/p>\n<p>Foi descoberto que a FIFA n\u00e3o conseguiu verificar conclusivamente a neutralidade de carbono da Copa do Mundo de 2022 por meio de seus m\u00e9todos de c\u00e1lculo e criou uma impress\u00e3o enganosa de que a neutralidade de carbono j\u00e1 havia sido alcan\u00e7ada antes do torneio. As emiss\u00f5es de C02 e a compensa\u00e7\u00e3o da Copa do Mundo de 2022 s\u00f3 puderam ser julgadas conclusivamente ap\u00f3s o torneio.<\/p>\n<p>A decis\u00e3o da FIFA de sediar a Copa do Mundo de 2030 em tr\u00eas continentes foi criticada devido \u00e0 maior pegada de carbono de viagens de longa dist\u00e2ncia, o que anularia os planos de neutralidade de carbono do \u00f3rg\u00e3o regulador. A Football for Future, uma organiza\u00e7\u00e3o sem fins lucrativos que visa criar uma cultura ambientalmente sustent\u00e1vel no esporte,\u00a0disse no ano passado que a proposta do torneio era um exemplo\u00a0da &#8220;incapacidade do futebol de levar a s\u00e9rio a amea\u00e7a das mudan\u00e7as clim\u00e1ticas&#8221;.<\/p>\n<p>Entre os cr\u00edticos do formato do torneio de 2030 est\u00e1\u00a0o ex-presidente da FIFA, Sepp Blatter\u00a0, que chamou a abordagem multicontinental de &#8220;absurda&#8221; e disse que isso significaria que a Copa do Mundo perderia sua identidade.<\/p>\n<p><span class=\"alignnone\"><img data-recalc-dims=\"1\" loading=\"lazy\" decoding=\"async\" data-attachment-id=\"46948\" data-permalink=\"https:\/\/blogdoprosperi.com\/?attachment_id=46948\" data-orig-file=\"https:\/\/i0.wp.com\/blogdoprosperi.com\/wp-content\/uploads\/2024\/12\/captura-de-tela-2024-12-12-as-11.25.13.png?fit=1064%2C652&amp;ssl=1\" data-orig-size=\"1064,652\" data-comments-opened=\"1\" data-image-meta=\"{&quot;aperture&quot;:&quot;0&quot;,&quot;credit&quot;:&quot;&quot;,&quot;camera&quot;:&quot;&quot;,&quot;caption&quot;:&quot;&quot;,&quot;created_timestamp&quot;:&quot;0&quot;,&quot;copyright&quot;:&quot;&quot;,&quot;focal_length&quot;:&quot;0&quot;,&quot;iso&quot;:&quot;0&quot;,&quot;shutter_speed&quot;:&quot;0&quot;,&quot;title&quot;:&quot;&quot;,&quot;orientation&quot;:&quot;0&quot;}\" data-image-title=\"Captura de Tela 2024-12-12 \u00e0s 11.25.13\" data-image-description=\"\" data-image-caption=\"\" data-large-file=\"https:\/\/i0.wp.com\/blogdoprosperi.com\/wp-content\/uploads\/2024\/12\/captura-de-tela-2024-12-12-as-11.25.13.png?fit=940%2C576&amp;ssl=1\" class=\"alignnone size-large wp-image-46948\" src=\"https:\/\/i0.wp.com\/blogdoprosperi.com\/wp-content\/uploads\/2024\/12\/captura-de-tela-2024-12-12-as-11.25.13.png?resize=720%2C441&#038;ssl=1\" alt=\"\" width=\"720\" height=\"441\" \/><\/span><\/p>\n<hr \/>\n<p><a href=\"https:\/\/www.nytimes.com\/athletic\/5957860\/2024\/11\/30\/fifa-2034-human-rights-world-cup\/\"><b>V\u00c1 MAIS FUNDO<\/b><b><\/b><\/a><\/p>\n<p><a href=\"https:\/\/www.nytimes.com\/athletic\/5957860\/2024\/11\/30\/fifa-2034-human-rights-world-cup\/\">Relat\u00f3rio da FIFA: candidatura saudita para a Copa do Mundo de 2034 tem risco &#8216;m\u00e9dio&#8217; de direitos humanos<\/a><\/p>\n<hr \/>\n<p>Em outubro,\u00a011 importantes organiza\u00e7\u00f5es de direitos humanos criticaram o importante escrit\u00f3rio de advocacia global Clifford Chance\u00a0, cuja opera\u00e7\u00e3o saudita produziu um documento de 39 p\u00e1ginas publicado pela FIFA, que as organiza\u00e7\u00f5es alegaram representar uma avalia\u00e7\u00e3o &#8220;falha&#8221; da Ar\u00e1bia Saudita.<\/p>\n<p>As 11 organiza\u00e7\u00f5es \u2014 incluindo a Anistia Internacional, a Human Rights Watch, uma organiza\u00e7\u00e3o da di\u00e1spora da Ar\u00e1bia Saudita e grupos de direitos humanos especializados na regi\u00e3o do Golfo \u2014 levantaram grandes preocupa\u00e7\u00f5es sobre a credibilidade de um relat\u00f3rio intitulado \u201cAvalia\u00e7\u00e3o de Contexto Independente Preparada para a Federa\u00e7\u00e3o Saudita de Futebol em rela\u00e7\u00e3o \u00e0 Copa do Mundo FIFA 2034\u201d, que constituiu uma parte fundamental da candidatura da Ar\u00e1bia Saudita para sediar o torneio.<\/p>\n<p><a href=\"https:\/\/www.nytimes.com\/athletic\/5983701\/2024\/12\/10\/world-cup-fifa-hosts-criticism-norway\/\">No in\u00edcio desta semana<\/a>\u00a0, a Federa\u00e7\u00e3o Norueguesa de Futebol (NFF) criticou os processos de licita\u00e7\u00e3o para as Copas do Mundo de 2030 e 2034, que ela disse serem &#8220;falhos e inconsistentes com os princ\u00edpios das reformas da FIFA&#8221;. Em uma carta formal \u00e0 FIFA, a NFF exigiu &#8220;maior transpar\u00eancia, justi\u00e7a e ades\u00e3o mais rigorosa \u00e0s reformas de 2016 da FIFA&#8221;, que se relacionam \u00e0 &#8220;boa governan\u00e7a e aloca\u00e7\u00f5es transparentes para a Copa do Mundo&#8221;.<\/p>\n<hr \/>\n<p><a href=\"https:\/\/www.nytimes.com\/athletic\/5873571\/2024\/10\/27\/clifford-chance-saudi-report-fifa-human-rights\/\"><b>V\u00c1 MAIS FUNDO<\/b><b><\/b><\/a><\/p>\n<p><a href=\"https:\/\/www.nytimes.com\/athletic\/5873571\/2024\/10\/27\/clifford-chance-saudi-report-fifa-human-rights\/\">Relat\u00f3rio sobre os candidatos \u00e0 Copa do Mundo de 2034, Ar\u00e1bia Saudita, \u00e9 &#8220;falha&#8221;, dizem 11 grupos de direitos humanos<\/a><\/p>\n<hr \/>\n<p><b>Uma continua\u00e7\u00e3o do investimento saudita no desporto<\/b><\/p>\n<p>A PIF da Ar\u00e1bia Saudita tamb\u00e9m investiu significativamente em outros esportes nos \u00faltimos anos.<\/p>\n<p>A PIF \u00e9 dona da s\u00e9rie de golfe LIV e est\u00e1 esperan\u00e7osa sobre sua\u00a0proposta de fus\u00e3o com o PGA Tour\u00a0.<\/p>\n<p>A PIF j\u00e1 comprometeu at\u00e9 US$ 100 milh\u00f5es em patroc\u00ednios de t\u00eanis para o ranking masculino e diversos torneios, concordando em fevereiro com uma parceria de cinco anos que inclui direitos de nomea\u00e7\u00e3o para o ranking da ATP.<\/p>\n<p>A capital da Ar\u00e1bia Saudita, Riad, sediar\u00e1 as Finais da WTA para as oito melhores jogadoras de simples e as oito melhores equipes de duplas nos torneios de 2024, 2025 e 2026, em uma\u00a0batalha cont\u00ednua pelo controle do t\u00eanis\u00a0.<\/p>\n<p>A Ar\u00e1bia Saudita tamb\u00e9m est\u00e1 se tornando o lar do boxe de elite, com Anthony Joshua, Deontay Wilder, Katie Taylor, Amanda Serrano, Tyson Fury e Oleksandr Usyk entre os nomes que lutaram em Riad nos \u00faltimos anos.<\/p>\n<p>A mudan\u00e7a da Ar\u00e1bia Saudita para o boxe foi liderada por Turki Al-Sheikh, presidente da General Entertainment Authority, que se tornou uma das figuras mais influentes do esporte. Al-Sheikh \u00e9 o dono do clube de futebol espanhol Almeria desde 2019.<\/p>\n","protected":false},"excerpt":{"rendered":"<p>New York Times \u2013 The Athletic \u2013 12 dezembro \u2013 Ar\u00e1bia Saudita foi oficialmente confirmada como pa\u00eds-sede d [&hellip;]<\/p>\n","protected":false},"author":102107496,"featured_media":46947,"comment_status":"open","ping_status":"open","sticky":false,"template":"","format":"standard","meta":{"_coblocks_attr":"","_coblocks_dimensions":"","_coblocks_responsive_height":"","_coblocks_accordion_ie_support":"","_jetpack_newsletter_access":"","_jetpack_dont_email_post_to_subs":false,"_jetpack_newsletter_tier_id":0,"_jetpack_memberships_contains_paywalled_content":false,"_wpcom_ai_launchpad_first_post":false,"_jetpack_feature_clip_id":0,"_jetpack_memberships_contains_paid_content":false,"footnotes":"","jetpack_publicize_message":"","jetpack_publicize_feature_enabled":true,"jetpack_social_post_already_shared":false,"jetpack_social_options":{"image_generator_settings":{"template":"highway","default_image_id":0,"font":"","enabled":false},"version":2},"jetpack_post_was_ever_published":false},"categories":[53870],"tags":[241252,18939,78703360,776707690,68373,789560563,789560560,789560573,318201,1100842,987618],"class_list":["post-46936","post","type-post","status-publish","format-standard","has-post-thumbnail","hentry","category-futebol","tag-arabia-saudita","tag-argentina","tag-copa-do-mundo-2030","tag-copa-do-mundo-2034","tag-espanha","tag-fifa","tag-futebol","tag-luiz-antonio-prosperi","tag-marrocos","tag-paraguai","tag-uruguai"],"yoast_head":"<!-- This site is optimized with the Yoast SEO plugin v28.3 - https:\/\/yoast.com\/product\/yoast-seo-wordpress\/ -->\n<title>Copa do Mundo 2034 Ar\u00e1bia Saudita | Tudo o que Voc\u00ea Precisa Saber - PR\u00d3SPERI NEWS<\/title>\n<meta name=\"robots\" content=\"index, follow, max-snippet:-1, max-image-preview:large, max-video-preview:-1\" \/>\n<link rel=\"canonical\" href=\"https:\/\/blogdoprosperi.com\/?p=46936\" \/>\n<meta property=\"og:locale\" content=\"pt_BR\" \/>\n<meta property=\"og:type\" content=\"article\" \/>\n<meta property=\"og:title\" content=\"Copa do Mundo 2034 Ar\u00e1bia Saudita | Tudo o que Voc\u00ea Precisa Saber - PR\u00d3SPERI NEWS\" \/>\n<meta property=\"og:description\" content=\"New York Times \u2013 The Athletic \u2013 12 dezembro \u2013 Ar\u00e1bia Saudita foi oficialmente confirmada como pa\u00eds-sede d [&hellip;]\" \/>\n<meta property=\"og:url\" content=\"https:\/\/blogdoprosperi.com\/?p=46936\" \/>\n<meta property=\"og:site_name\" content=\"PR\u00d3SPERI NEWS\" \/>\n<meta property=\"article:publisher\" content=\"Luiz Pr\u00f3speri\" \/>\n<meta property=\"article:author\" content=\"Luiz Pr\u00f3speri\" \/>\n<meta property=\"article:published_time\" content=\"2024-12-12T14:30:22+00:00\" \/>\n<meta property=\"og:image\" content=\"https:\/\/i0.wp.com\/blogdoprosperi.com\/wp-content\/uploads\/2024\/12\/captura-de-tela-2024-12-12-as-11.25.56.png?fit=1070%2C1060&ssl=1\" \/>\n\t<meta property=\"og:image:width\" content=\"1070\" \/>\n\t<meta property=\"og:image:height\" content=\"1060\" \/>\n\t<meta property=\"og:image:type\" content=\"image\/png\" \/>\n<meta name=\"author\" content=\"Luiz Ant\u00f4nio Pr\u00f3speri\" \/>\n<meta name=\"twitter:card\" content=\"summary_large_image\" \/>\n<meta name=\"twitter:creator\" content=\"@Luizprosperi\" \/>\n<meta name=\"twitter:site\" content=\"@Luizprosperi\" \/>\n<meta name=\"twitter:label1\" content=\"Escrito por\" \/>\n\t<meta name=\"twitter:data1\" content=\"Luiz Ant\u00f4nio Pr\u00f3speri\" \/>\n\t<meta name=\"twitter:label2\" content=\"Est. tempo de leitura\" \/>\n\t<meta name=\"twitter:data2\" content=\"9 minutos\" \/>\n<script type=\"application\/ld+json\" class=\"yoast-schema-graph\">{\"@context\":\"https:\\\/\\\/schema.org\",\"@graph\":[{\"@type\":\"Article\",\"@id\":\"https:\\\/\\\/blogdoprosperi.com\\\/?p=46936#article\",\"isPartOf\":{\"@id\":\"https:\\\/\\\/blogdoprosperi.com\\\/?p=46936\"},\"author\":{\"name\":\"Luiz Ant\u00f4nio Pr\u00f3speri\",\"@id\":\"https:\\\/\\\/blogdoprosperi.com\\\/#\\\/schema\\\/person\\\/38100755ce3601861ee4fab9b5aa78e9\"},\"headline\":\"Copa do Mundo 2034 Ar\u00e1bia Saudita | Tudo o que Voc\u00ea Precisa Saber\",\"datePublished\":\"2024-12-12T14:30:22+00:00\",\"mainEntityOfPage\":{\"@id\":\"https:\\\/\\\/blogdoprosperi.com\\\/?p=46936\"},\"wordCount\":1775,\"commentCount\":1,\"publisher\":{\"@id\":\"https:\\\/\\\/blogdoprosperi.com\\\/#\\\/schema\\\/person\\\/38100755ce3601861ee4fab9b5aa78e9\"},\"image\":{\"@id\":\"https:\\\/\\\/blogdoprosperi.com\\\/?p=46936#primaryimage\"},\"thumbnailUrl\":\"https:\\\/\\\/i0.wp.com\\\/blogdoprosperi.com\\\/wp-content\\\/uploads\\\/2024\\\/12\\\/captura-de-tela-2024-12-12-as-11.25.56.png?fit=1070%2C1060&ssl=1\",\"keywords\":[\"ar\u00e1bia saudita\",\"Argentina\",\"copa do mundo 2030\",\"copa do mundo 2034\",\"Espanha\",\"Fifa\",\"futebol\",\"Luiz Ant\u00f4nio Pr\u00f3speri\",\"Marrocos\",\"paraguai\",\"Uruguai\"],\"articleSection\":[\"futebol\"],\"inLanguage\":\"pt-BR\",\"potentialAction\":[{\"@type\":\"CommentAction\",\"name\":\"Comment\",\"target\":[\"https:\\\/\\\/blogdoprosperi.com\\\/?p=46936#respond\"]}]},{\"@type\":\"WebPage\",\"@id\":\"https:\\\/\\\/blogdoprosperi.com\\\/?p=46936\",\"url\":\"https:\\\/\\\/blogdoprosperi.com\\\/?p=46936\",\"name\":\"Copa do Mundo 2034 Ar\u00e1bia Saudita | Tudo o que Voc\u00ea Precisa Saber - PR\u00d3SPERI NEWS\",\"isPartOf\":{\"@id\":\"https:\\\/\\\/blogdoprosperi.com\\\/#website\"},\"primaryImageOfPage\":{\"@id\":\"https:\\\/\\\/blogdoprosperi.com\\\/?p=46936#primaryimage\"},\"image\":{\"@id\":\"https:\\\/\\\/blogdoprosperi.com\\\/?p=46936#primaryimage\"},\"thumbnailUrl\":\"https:\\\/\\\/i0.wp.com\\\/blogdoprosperi.com\\\/wp-content\\\/uploads\\\/2024\\\/12\\\/captura-de-tela-2024-12-12-as-11.25.56.png?fit=1070%2C1060&ssl=1\",\"datePublished\":\"2024-12-12T14:30:22+00:00\",\"breadcrumb\":{\"@id\":\"https:\\\/\\\/blogdoprosperi.com\\\/?p=46936#breadcrumb\"},\"inLanguage\":\"pt-BR\",\"potentialAction\":[{\"@type\":\"ReadAction\",\"target\":[\"https:\\\/\\\/blogdoprosperi.com\\\/?p=46936\"]}]},{\"@type\":\"ImageObject\",\"inLanguage\":\"pt-BR\",\"@id\":\"https:\\\/\\\/blogdoprosperi.com\\\/?p=46936#primaryimage\",\"url\":\"https:\\\/\\\/i0.wp.com\\\/blogdoprosperi.com\\\/wp-content\\\/uploads\\\/2024\\\/12\\\/captura-de-tela-2024-12-12-as-11.25.56.png?fit=1070%2C1060&ssl=1\",\"contentUrl\":\"https:\\\/\\\/i0.wp.com\\\/blogdoprosperi.com\\\/wp-content\\\/uploads\\\/2024\\\/12\\\/captura-de-tela-2024-12-12-as-11.25.56.png?fit=1070%2C1060&ssl=1\",\"width\":1070,\"height\":1060,\"caption\":\"imagem \u2013 Fifa oficial\"},{\"@type\":\"BreadcrumbList\",\"@id\":\"https:\\\/\\\/blogdoprosperi.com\\\/?p=46936#breadcrumb\",\"itemListElement\":[{\"@type\":\"ListItem\",\"position\":1,\"name\":\"In\u00edcio\",\"item\":\"https:\\\/\\\/blogdoprosperi.com\\\/\"},{\"@type\":\"ListItem\",\"position\":2,\"name\":\"Copa do Mundo 2034 Ar\u00e1bia Saudita | Tudo o que Voc\u00ea Precisa Saber\"}]},{\"@type\":\"WebSite\",\"@id\":\"https:\\\/\\\/blogdoprosperi.com\\\/#website\",\"url\":\"https:\\\/\\\/blogdoprosperi.com\\\/\",\"name\":\"PR\u00d3SPERI NEWS\",\"description\":\"TUDO \u00c9  FUTEBOL\",\"publisher\":{\"@id\":\"https:\\\/\\\/blogdoprosperi.com\\\/#\\\/schema\\\/person\\\/38100755ce3601861ee4fab9b5aa78e9\"},\"alternateName\":\"blogdoprosperi.com\",\"potentialAction\":[{\"@type\":\"SearchAction\",\"target\":{\"@type\":\"EntryPoint\",\"urlTemplate\":\"https:\\\/\\\/blogdoprosperi.com\\\/?s={search_term_string}\"},\"query-input\":{\"@type\":\"PropertyValueSpecification\",\"valueRequired\":true,\"valueName\":\"search_term_string\"}}],\"inLanguage\":\"pt-BR\"},{\"@type\":[\"Person\",\"Organization\"],\"@id\":\"https:\\\/\\\/blogdoprosperi.com\\\/#\\\/schema\\\/person\\\/38100755ce3601861ee4fab9b5aa78e9\",\"name\":\"Luiz Ant\u00f4nio Pr\u00f3speri\",\"pronouns\":\"ele\",\"image\":{\"@type\":\"ImageObject\",\"inLanguage\":\"pt-BR\",\"@id\":\"https:\\\/\\\/i0.wp.com\\\/blogdoprosperi.com\\\/wp-content\\\/uploads\\\/2026\\\/05\\\/cropped-8059e613-6002-42fa-961e-8e275f575d71-2-5.jpg?fit=1360%2C931&ssl=1\",\"url\":\"https:\\\/\\\/i0.wp.com\\\/blogdoprosperi.com\\\/wp-content\\\/uploads\\\/2026\\\/05\\\/cropped-8059e613-6002-42fa-961e-8e275f575d71-2-5.jpg?fit=1360%2C931&ssl=1\",\"contentUrl\":\"https:\\\/\\\/i0.wp.com\\\/blogdoprosperi.com\\\/wp-content\\\/uploads\\\/2026\\\/05\\\/cropped-8059e613-6002-42fa-961e-8e275f575d71-2-5.jpg?fit=1360%2C931&ssl=1\",\"width\":1360,\"height\":931,\"caption\":\"Luiz Ant\u00f4nio Pr\u00f3speri\"},\"logo\":{\"@id\":\"https:\\\/\\\/i0.wp.com\\\/blogdoprosperi.com\\\/wp-content\\\/uploads\\\/2026\\\/05\\\/cropped-8059e613-6002-42fa-961e-8e275f575d71-2-5.jpg?fit=1360%2C931&ssl=1\"},\"description\":\"Jornalista com carreira dedicada ao esporte. Cobriu 9 Copas do Mundo in loco, 1990 na It\u00e1lia, 1994 nos EUA, 1998 na Fran\u00e7a, 2002 na Coreia do Sul e Jap\u00e3o, 2006 na Alemanha, 2010 na \u00c1frica do Sul, 2014 no Brasil, 2018 na R\u00fassia e 2022 no Qatar. Eurocopas, 1992 na Su\u00e9cia e 1996 na Inglaterra. Copa das Confedera\u00e7\u00f5es de 2005 na Alemanha e 2009 na \u00c1frica do Sul. Rep\u00f3rter e Editor, trabalhou no Jornal da Tarde e Estad\u00e3o, de 1984 a fevereiro de 2016. Colunista, blogueiro. E comentarista de futebol na R\u00e1dio Estad\u00e3o, de 2013 a fevereiro de 2016. Jornalista respons\u00e1vel do \\\"Pr\u00f3speri News\\\" (blogdoprosperi.com).\",\"sameAs\":[\"http:\\\/\\\/blogdoprosperi.com\",\"Luiz Pr\u00f3speri\",\"@luiz_prosperi\",\"https:\\\/\\\/x.com\\\/Luizprosperi\",\"@prosperinacopa\",\"luiz.prosperi@icloud.com\"],\"url\":\"https:\\\/\\\/blogdoprosperi.com\\\/?author=102107496\"}]}<\/script>\n<!-- \/ Yoast SEO plugin. -->","yoast_head_json":{"title":"Copa do Mundo 2034 Ar\u00e1bia Saudita | Tudo o que Voc\u00ea Precisa Saber - PR\u00d3SPERI NEWS","robots":{"index":"index","follow":"follow","max-snippet":"max-snippet:-1","max-image-preview":"max-image-preview:large","max-video-preview":"max-video-preview:-1"},"canonical":"https:\/\/blogdoprosperi.com\/?p=46936","og_locale":"pt_BR","og_type":"article","og_title":"Copa do Mundo 2034 Ar\u00e1bia Saudita | Tudo o que Voc\u00ea Precisa Saber - PR\u00d3SPERI NEWS","og_description":"New York Times \u2013 The Athletic \u2013 12 dezembro \u2013 Ar\u00e1bia Saudita foi oficialmente confirmada como pa\u00eds-sede d [&hellip;]","og_url":"https:\/\/blogdoprosperi.com\/?p=46936","og_site_name":"PR\u00d3SPERI NEWS","article_publisher":"Luiz Pr\u00f3speri","article_author":"Luiz Pr\u00f3speri","article_published_time":"2024-12-12T14:30:22+00:00","og_image":[{"width":1070,"height":1060,"url":"https:\/\/i0.wp.com\/blogdoprosperi.com\/wp-content\/uploads\/2024\/12\/captura-de-tela-2024-12-12-as-11.25.56.png?fit=1070%2C1060&ssl=1","type":"image\/png"}],"author":"Luiz Ant\u00f4nio Pr\u00f3speri","twitter_card":"summary_large_image","twitter_creator":"@Luizprosperi","twitter_site":"@Luizprosperi","twitter_misc":{"Escrito por":"Luiz Ant\u00f4nio Pr\u00f3speri","Est. tempo de leitura":"9 minutos"},"schema":{"@context":"https:\/\/schema.org","@graph":[{"@type":"Article","@id":"https:\/\/blogdoprosperi.com\/?p=46936#article","isPartOf":{"@id":"https:\/\/blogdoprosperi.com\/?p=46936"},"author":{"name":"Luiz Ant\u00f4nio Pr\u00f3speri","@id":"https:\/\/blogdoprosperi.com\/#\/schema\/person\/38100755ce3601861ee4fab9b5aa78e9"},"headline":"Copa do Mundo 2034 Ar\u00e1bia Saudita | Tudo o que Voc\u00ea Precisa Saber","datePublished":"2024-12-12T14:30:22+00:00","mainEntityOfPage":{"@id":"https:\/\/blogdoprosperi.com\/?p=46936"},"wordCount":1775,"commentCount":1,"publisher":{"@id":"https:\/\/blogdoprosperi.com\/#\/schema\/person\/38100755ce3601861ee4fab9b5aa78e9"},"image":{"@id":"https:\/\/blogdoprosperi.com\/?p=46936#primaryimage"},"thumbnailUrl":"https:\/\/i0.wp.com\/blogdoprosperi.com\/wp-content\/uploads\/2024\/12\/captura-de-tela-2024-12-12-as-11.25.56.png?fit=1070%2C1060&ssl=1","keywords":["ar\u00e1bia saudita","Argentina","copa do mundo 2030","copa do mundo 2034","Espanha","Fifa","futebol","Luiz Ant\u00f4nio Pr\u00f3speri","Marrocos","paraguai","Uruguai"],"articleSection":["futebol"],"inLanguage":"pt-BR","potentialAction":[{"@type":"CommentAction","name":"Comment","target":["https:\/\/blogdoprosperi.com\/?p=46936#respond"]}]},{"@type":"WebPage","@id":"https:\/\/blogdoprosperi.com\/?p=46936","url":"https:\/\/blogdoprosperi.com\/?p=46936","name":"Copa do Mundo 2034 Ar\u00e1bia Saudita | Tudo o que Voc\u00ea Precisa Saber - PR\u00d3SPERI NEWS","isPartOf":{"@id":"https:\/\/blogdoprosperi.com\/#website"},"primaryImageOfPage":{"@id":"https:\/\/blogdoprosperi.com\/?p=46936#primaryimage"},"image":{"@id":"https:\/\/blogdoprosperi.com\/?p=46936#primaryimage"},"thumbnailUrl":"https:\/\/i0.wp.com\/blogdoprosperi.com\/wp-content\/uploads\/2024\/12\/captura-de-tela-2024-12-12-as-11.25.56.png?fit=1070%2C1060&ssl=1","datePublished":"2024-12-12T14:30:22+00:00","breadcrumb":{"@id":"https:\/\/blogdoprosperi.com\/?p=46936#breadcrumb"},"inLanguage":"pt-BR","potentialAction":[{"@type":"ReadAction","target":["https:\/\/blogdoprosperi.com\/?p=46936"]}]},{"@type":"ImageObject","inLanguage":"pt-BR","@id":"https:\/\/blogdoprosperi.com\/?p=46936#primaryimage","url":"https:\/\/i0.wp.com\/blogdoprosperi.com\/wp-content\/uploads\/2024\/12\/captura-de-tela-2024-12-12-as-11.25.56.png?fit=1070%2C1060&ssl=1","contentUrl":"https:\/\/i0.wp.com\/blogdoprosperi.com\/wp-content\/uploads\/2024\/12\/captura-de-tela-2024-12-12-as-11.25.56.png?fit=1070%2C1060&ssl=1","width":1070,"height":1060,"caption":"imagem \u2013 Fifa oficial"},{"@type":"BreadcrumbList","@id":"https:\/\/blogdoprosperi.com\/?p=46936#breadcrumb","itemListElement":[{"@type":"ListItem","position":1,"name":"In\u00edcio","item":"https:\/\/blogdoprosperi.com\/"},{"@type":"ListItem","position":2,"name":"Copa do Mundo 2034 Ar\u00e1bia Saudita | Tudo o que Voc\u00ea Precisa Saber"}]},{"@type":"WebSite","@id":"https:\/\/blogdoprosperi.com\/#website","url":"https:\/\/blogdoprosperi.com\/","name":"PR\u00d3SPERI NEWS","description":"TUDO \u00c9  FUTEBOL","publisher":{"@id":"https:\/\/blogdoprosperi.com\/#\/schema\/person\/38100755ce3601861ee4fab9b5aa78e9"},"alternateName":"blogdoprosperi.com","potentialAction":[{"@type":"SearchAction","target":{"@type":"EntryPoint","urlTemplate":"https:\/\/blogdoprosperi.com\/?s={search_term_string}"},"query-input":{"@type":"PropertyValueSpecification","valueRequired":true,"valueName":"search_term_string"}}],"inLanguage":"pt-BR"},{"@type":["Person","Organization"],"@id":"https:\/\/blogdoprosperi.com\/#\/schema\/person\/38100755ce3601861ee4fab9b5aa78e9","name":"Luiz Ant\u00f4nio Pr\u00f3speri","pronouns":"ele","image":{"@type":"ImageObject","inLanguage":"pt-BR","@id":"https:\/\/i0.wp.com\/blogdoprosperi.com\/wp-content\/uploads\/2026\/05\/cropped-8059e613-6002-42fa-961e-8e275f575d71-2-5.jpg?fit=1360%2C931&ssl=1","url":"https:\/\/i0.wp.com\/blogdoprosperi.com\/wp-content\/uploads\/2026\/05\/cropped-8059e613-6002-42fa-961e-8e275f575d71-2-5.jpg?fit=1360%2C931&ssl=1","contentUrl":"https:\/\/i0.wp.com\/blogdoprosperi.com\/wp-content\/uploads\/2026\/05\/cropped-8059e613-6002-42fa-961e-8e275f575d71-2-5.jpg?fit=1360%2C931&ssl=1","width":1360,"height":931,"caption":"Luiz Ant\u00f4nio Pr\u00f3speri"},"logo":{"@id":"https:\/\/i0.wp.com\/blogdoprosperi.com\/wp-content\/uploads\/2026\/05\/cropped-8059e613-6002-42fa-961e-8e275f575d71-2-5.jpg?fit=1360%2C931&ssl=1"},"description":"Jornalista com carreira dedicada ao esporte. Cobriu 9 Copas do Mundo in loco, 1990 na It\u00e1lia, 1994 nos EUA, 1998 na Fran\u00e7a, 2002 na Coreia do Sul e Jap\u00e3o, 2006 na Alemanha, 2010 na \u00c1frica do Sul, 2014 no Brasil, 2018 na R\u00fassia e 2022 no Qatar. Eurocopas, 1992 na Su\u00e9cia e 1996 na Inglaterra. Copa das Confedera\u00e7\u00f5es de 2005 na Alemanha e 2009 na \u00c1frica do Sul. Rep\u00f3rter e Editor, trabalhou no Jornal da Tarde e Estad\u00e3o, de 1984 a fevereiro de 2016. Colunista, blogueiro. E comentarista de futebol na R\u00e1dio Estad\u00e3o, de 2013 a fevereiro de 2016. Jornalista respons\u00e1vel do \"Pr\u00f3speri News\" (blogdoprosperi.com).","sameAs":["http:\/\/blogdoprosperi.com","Luiz Pr\u00f3speri","@luiz_prosperi","https:\/\/x.com\/Luizprosperi","@prosperinacopa","luiz.prosperi@icloud.com"],"url":"https:\/\/blogdoprosperi.com\/?author=102107496"}]}},"jetpack_publicize_connections":[],"jetpack_likes_enabled":false,"jetpack_sharing_enabled":true,"jetpack_shortlink":"https:\/\/wp.me\/p7jvdk-cd2","jetpack-related-posts":[{"id":47565,"url":"https:\/\/blogdoprosperi.com\/?p=47565","url_meta":{"origin":46936,"position":0},"title":"Posse de Trump | Fifa Se Rende ao Presidente dos Estados Unidos","author":"Luiz Ant\u00f4nio Pr\u00f3speri","date":"21 de janeiro de 2025","format":false,"excerpt":"Luiz Ant\u00f4nio Pr\u00f3speri \u2013 21 janeiro (9h35) \u2013 Futebol e pol\u00edtica se completam. Ainda mais quando se tem no comando da Fifa dirigentes preocupados com a grana e pouco ligados \u00e0s quest\u00f5es internas de pa\u00edses escolhidos sede de grandes eventos. Veja o caso dos Estados Unidos, anfitri\u00f5es do Mundial de\u2026","rel":"","context":"Em &quot;Fifa&quot;","block_context":{"text":"Fifa","link":"https:\/\/blogdoprosperi.com\/?cat=187969"},"img":{"alt_text":"Fifa vai onde est\u00e1 o dinheiro","src":"https:\/\/i0.wp.com\/blogdoprosperi.com\/wp-content\/uploads\/2025\/01\/captura-de-tela-2025-01-21-as-08.38.37.jpg?fit=1200%2C608&ssl=1&resize=350%2C200","width":350,"height":200,"srcset":"https:\/\/i0.wp.com\/blogdoprosperi.com\/wp-content\/uploads\/2025\/01\/captura-de-tela-2025-01-21-as-08.38.37.jpg?fit=1200%2C608&ssl=1&resize=350%2C200 1x, https:\/\/i0.wp.com\/blogdoprosperi.com\/wp-content\/uploads\/2025\/01\/captura-de-tela-2025-01-21-as-08.38.37.jpg?fit=1200%2C608&ssl=1&resize=525%2C300 1.5x, https:\/\/i0.wp.com\/blogdoprosperi.com\/wp-content\/uploads\/2025\/01\/captura-de-tela-2025-01-21-as-08.38.37.jpg?fit=1200%2C608&ssl=1&resize=700%2C400 2x, https:\/\/i0.wp.com\/blogdoprosperi.com\/wp-content\/uploads\/2025\/01\/captura-de-tela-2025-01-21-as-08.38.37.jpg?fit=1200%2C608&ssl=1&resize=1050%2C600 3x"},"classes":[]},{"id":46932,"url":"https:\/\/blogdoprosperi.com\/?p=46932","url_meta":{"origin":46936,"position":1},"title":"Copa do Mundo da Ar\u00e1bia Saudita  | Como ser\u00e1 o torneio de 2034","author":"Luiz Ant\u00f4nio Pr\u00f3speri","date":"12 de dezembro de 2024","format":false,"excerpt":"Nick Ames \u2013 The Guardian \u2013 12 dezembro (11h30) \u2013 O relat\u00f3rio de avalia\u00e7\u00e3o de propostas da Fifa n\u00e3o deixou d\u00favidas: a Ar\u00e1bia Saudita montou o pacote mais convincente e com maior pontua\u00e7\u00e3o de todos os tempos. Surpreendentemente, o fato de 11 dos 15 est\u00e1dios ainda n\u00e3o terem sido constru\u00eddos\u00a0forneceu\u2026","rel":"","context":"Em &quot;futebol&quot;","block_context":{"text":"futebol","link":"https:\/\/blogdoprosperi.com\/?cat=53870"},"img":{"alt_text":"","src":"https:\/\/i0.wp.com\/blogdoprosperi.com\/wp-content\/uploads\/2024\/12\/captura-de-tela-2024-12-12-as-11.42.23.png?fit=1200%2C678&ssl=1&resize=350%2C200","width":350,"height":200,"srcset":"https:\/\/i0.wp.com\/blogdoprosperi.com\/wp-content\/uploads\/2024\/12\/captura-de-tela-2024-12-12-as-11.42.23.png?fit=1200%2C678&ssl=1&resize=350%2C200 1x, https:\/\/i0.wp.com\/blogdoprosperi.com\/wp-content\/uploads\/2024\/12\/captura-de-tela-2024-12-12-as-11.42.23.png?fit=1200%2C678&ssl=1&resize=525%2C300 1.5x, https:\/\/i0.wp.com\/blogdoprosperi.com\/wp-content\/uploads\/2024\/12\/captura-de-tela-2024-12-12-as-11.42.23.png?fit=1200%2C678&ssl=1&resize=700%2C400 2x, https:\/\/i0.wp.com\/blogdoprosperi.com\/wp-content\/uploads\/2024\/12\/captura-de-tela-2024-12-12-as-11.42.23.png?fit=1200%2C678&ssl=1&resize=1050%2C600 3x"},"classes":[]},{"id":55840,"url":"https:\/\/blogdoprosperi.com\/?p=55840","url_meta":{"origin":46936,"position":2},"title":"Sorteio Copa do Mundo 2026 | Tudo Que Voc\u00ea Precisa Saber e Como Acompanhar Defini\u00e7\u00e3o dos Grupos e Tabela","author":"Luiz Ant\u00f4nio Pr\u00f3speri","date":"4 de dezembro de 2025","format":false,"excerpt":"Guia completo do sorteio dos 12 grupos da Copa do Mundo 2026 nesta sexta-feira (05\/12) com transmiss\u00e3o ao vido dos canais: Globo, SBT, Sportv, Caz\u00e9TV (YouTube), GE TV (YouTube), NSports e Fifa+ (YouTube), detentoras dos direitos de exibi\u00e7\u00e3o credenciados pela FIFA. Data e hor\u00e1rio O sorteio final ser\u00e1 realizado nesta\u2026","rel":"","context":"Em &quot;futebol&quot;","block_context":{"text":"futebol","link":"https:\/\/blogdoprosperi.com\/?cat=53870"},"img":{"alt_text":"","src":"https:\/\/i0.wp.com\/blogdoprosperi.com\/wp-content\/uploads\/2025\/12\/captura-de-tela-2025-12-04-as-11.15.03.png?fit=1200%2C814&ssl=1&resize=350%2C200","width":350,"height":200,"srcset":"https:\/\/i0.wp.com\/blogdoprosperi.com\/wp-content\/uploads\/2025\/12\/captura-de-tela-2025-12-04-as-11.15.03.png?fit=1200%2C814&ssl=1&resize=350%2C200 1x, https:\/\/i0.wp.com\/blogdoprosperi.com\/wp-content\/uploads\/2025\/12\/captura-de-tela-2025-12-04-as-11.15.03.png?fit=1200%2C814&ssl=1&resize=525%2C300 1.5x, https:\/\/i0.wp.com\/blogdoprosperi.com\/wp-content\/uploads\/2025\/12\/captura-de-tela-2025-12-04-as-11.15.03.png?fit=1200%2C814&ssl=1&resize=700%2C400 2x, https:\/\/i0.wp.com\/blogdoprosperi.com\/wp-content\/uploads\/2025\/12\/captura-de-tela-2025-12-04-as-11.15.03.png?fit=1200%2C814&ssl=1&resize=1050%2C600 3x"},"classes":[]},{"id":61908,"url":"https:\/\/blogdoprosperi.com\/?p=61908","url_meta":{"origin":46936,"position":3},"title":"Jogo de Cartas Fifa (2): Confedera\u00e7\u00f5es de futebol da Europa, Am\u00e9ricas e \u00c1sia pressionam pela ren\u00fancia de Infantino","author":"Luiz Ant\u00f4nio Pr\u00f3speri","date":"10 de agosto de 2026","format":false,"excerpt":"Luiz Ant\u00f4nio Pr\u00f3speri \u2013 10 agosto (11h35) \u2013 Uefa (Europa), Concacaf (Am\u00e9rica Central, Norte e Caribe) e AFC (\u00c1sia) divulgam carta aberta assinada em conjunto pressionando Gianni Infantino a renunciar \u00e0 presid\u00eancia da Fifa nesta segunda-feira (10\/8). O documento atesta a \"quebra de confian\u00e7a por meio de engano\" provocada pela\u2026","rel":"","context":"Em &quot;Fifa&quot;","block_context":{"text":"Fifa","link":"https:\/\/blogdoprosperi.com\/?cat=187969"},"img":{"alt_text":"","src":"https:\/\/i0.wp.com\/blogdoprosperi.com\/wp-content\/uploads\/2026\/08\/Captura-de-Tela-2026-08-10-as-11.19.04.png?fit=1200%2C543&ssl=1&resize=350%2C200","width":350,"height":200,"srcset":"https:\/\/i0.wp.com\/blogdoprosperi.com\/wp-content\/uploads\/2026\/08\/Captura-de-Tela-2026-08-10-as-11.19.04.png?fit=1200%2C543&ssl=1&resize=350%2C200 1x, https:\/\/i0.wp.com\/blogdoprosperi.com\/wp-content\/uploads\/2026\/08\/Captura-de-Tela-2026-08-10-as-11.19.04.png?fit=1200%2C543&ssl=1&resize=525%2C300 1.5x, https:\/\/i0.wp.com\/blogdoprosperi.com\/wp-content\/uploads\/2026\/08\/Captura-de-Tela-2026-08-10-as-11.19.04.png?fit=1200%2C543&ssl=1&resize=700%2C400 2x, https:\/\/i0.wp.com\/blogdoprosperi.com\/wp-content\/uploads\/2026\/08\/Captura-de-Tela-2026-08-10-as-11.19.04.png?fit=1200%2C543&ssl=1&resize=1050%2C600 3x"},"classes":[]},{"id":60744,"url":"https:\/\/blogdoprosperi.com\/?p=60744","url_meta":{"origin":46936,"position":4},"title":"Como a FIFA construiu uma Copa do Mundo de 10 bilh\u00f5es de d\u00f3lares: &#8216;Um megaevento global sem paralelo&#8217;","author":"Luiz Ant\u00f4nio Pr\u00f3speri","date":"18 de julho de 2026","format":false,"excerpt":"Philip Buckingham, New York Times \/ The Athletic \u2013 18 julho 2026 A FIFA adotou um tom triunfante em seus relat\u00f3rios financeiros de 2022... e com raz\u00e3o. Quase US$ 5,8 bilh\u00f5es (equivalente a R$ 31,9 bilh\u00f5es na cota\u00e7\u00e3o atual) foram arrecadados em um ano que terminou com a Copa do\u2026","rel":"","context":"Em &quot;copa 2026&quot;","block_context":{"text":"copa 2026","link":"https:\/\/blogdoprosperi.com\/?cat=36820279"},"img":{"alt_text":"","src":"https:\/\/i0.wp.com\/blogdoprosperi.com\/wp-content\/uploads\/2026\/07\/57575.webp?fit=1200%2C655&ssl=1&resize=350%2C200","width":350,"height":200,"srcset":"https:\/\/i0.wp.com\/blogdoprosperi.com\/wp-content\/uploads\/2026\/07\/57575.webp?fit=1200%2C655&ssl=1&resize=350%2C200 1x, https:\/\/i0.wp.com\/blogdoprosperi.com\/wp-content\/uploads\/2026\/07\/57575.webp?fit=1200%2C655&ssl=1&resize=525%2C300 1.5x, https:\/\/i0.wp.com\/blogdoprosperi.com\/wp-content\/uploads\/2026\/07\/57575.webp?fit=1200%2C655&ssl=1&resize=700%2C400 2x, https:\/\/i0.wp.com\/blogdoprosperi.com\/wp-content\/uploads\/2026\/07\/57575.webp?fit=1200%2C655&ssl=1&resize=1050%2C600 3x"},"classes":[]},{"id":61551,"url":"https:\/\/blogdoprosperi.com\/?p=61551","url_meta":{"origin":46936,"position":5},"title":"Copa do Mundo \u00e0 venda (epis\u00f3dio 3): Como os Kushner e Trump est\u00e3o no centro de uma teia complexa","author":"Luiz Ant\u00f4nio Pr\u00f3speri","date":"31 de julho de 2026","format":false,"excerpt":"Como Trump e parte de sua fam\u00edlia entraram no jogo de Infantino na Fifa no plano de privatizar a Copa do Mundo. Acompanhe o #epis\u00f3dio 3: Rob Draper, The Guardian (Londres), 31 julho 2026 N\u00e3o s\u00e3o apenas os torcedores de futebol e\u00a0os executivos da UEFA\u00a0que querem expulsar Gianni Infantino por\u2026","rel":"","context":"Em &quot;futebol&quot;","block_context":{"text":"futebol","link":"https:\/\/blogdoprosperi.com\/?cat=53870"},"img":{"alt_text":"","src":"https:\/\/i0.wp.com\/blogdoprosperi.com\/wp-content\/uploads\/2026\/07\/458823409996.jpg?fit=1024%2C683&ssl=1&resize=350%2C200","width":350,"height":200,"srcset":"https:\/\/i0.wp.com\/blogdoprosperi.com\/wp-content\/uploads\/2026\/07\/458823409996.jpg?fit=1024%2C683&ssl=1&resize=350%2C200 1x, https:\/\/i0.wp.com\/blogdoprosperi.com\/wp-content\/uploads\/2026\/07\/458823409996.jpg?fit=1024%2C683&ssl=1&resize=525%2C300 1.5x, https:\/\/i0.wp.com\/blogdoprosperi.com\/wp-content\/uploads\/2026\/07\/458823409996.jpg?fit=1024%2C683&ssl=1&resize=700%2C400 2x"},"classes":[]}],"jetpack_featured_media_url":"https:\/\/i0.wp.com\/blogdoprosperi.com\/wp-content\/uploads\/2024\/12\/captura-de-tela-2024-12-12-as-11.25.56.png?fit=1070%2C1060&ssl=1","_links":{"self":[{"href":"https:\/\/blogdoprosperi.com\/index.php?rest_route=\/wp\/v2\/posts\/46936","targetHints":{"allow":["GET"]}}],"collection":[{"href":"https:\/\/blogdoprosperi.com\/index.php?rest_route=\/wp\/v2\/posts"}],"about":[{"href":"https:\/\/blogdoprosperi.com\/index.php?rest_route=\/wp\/v2\/types\/post"}],"author":[{"embeddable":true,"href":"https:\/\/blogdoprosperi.com\/index.php?rest_route=\/wp\/v2\/users\/102107496"}],"replies":[{"embeddable":true,"href":"https:\/\/blogdoprosperi.com\/index.php?rest_route=%2Fwp%2Fv2%2Fcomments&post=46936"}],"version-history":[{"count":11,"href":"https:\/\/blogdoprosperi.com\/index.php?rest_route=\/wp\/v2\/posts\/46936\/revisions"}],"predecessor-version":[{"id":46951,"href":"https:\/\/blogdoprosperi.com\/index.php?rest_route=\/wp\/v2\/posts\/46936\/revisions\/46951"}],"wp:featuredmedia":[{"embeddable":true,"href":"https:\/\/blogdoprosperi.com\/index.php?rest_route=\/wp\/v2\/media\/46947"}],"wp:attachment":[{"href":"https:\/\/blogdoprosperi.com\/index.php?rest_route=%2Fwp%2Fv2%2Fmedia&parent=46936"}],"wp:term":[{"taxonomy":"category","embeddable":true,"href":"https:\/\/blogdoprosperi.com\/index.php?rest_route=%2Fwp%2Fv2%2Fcategories&post=46936"},{"taxonomy":"post_tag","embeddable":true,"href":"https:\/\/blogdoprosperi.com\/index.php?rest_route=%2Fwp%2Fv2%2Ftags&post=46936"}],"curies":[{"name":"wp","href":"https:\/\/api.w.org\/{rel}","templated":true}]}}