{"id":46962,"date":"2024-12-12T17:09:43","date_gmt":"2024-12-12T20:09:43","guid":{"rendered":"https:\/\/blogdoprosperi.com\/?p=46962"},"modified":"2024-12-13T15:26:52","modified_gmt":"2024-12-13T18:26:52","slug":"palmeiras-abandona-dudu-e-idolo-fecha-com-cruzeiro","status":"publish","type":"post","link":"https:\/\/blogdoprosperi.com\/?p=46962","title":{"rendered":"Palmeiras Abandona Dudu e \u00cddolo Fecha com Cruzeiro"},"content":{"rendered":"<p><em>Luiz Ant\u00f4nio Pr\u00f3speri \u2013 12 dezembro (17h05) \u2013<\/em><\/p>\n<p>Dudu fecha com o Cruzeiro ao se sentir abandonado pelo Palmeiras. Troca dez anos e 12 ta\u00e7as a servi\u00e7o do Alviverde por um contrato de quatro anos no clube mineiro. \u00cddolo eterno de uma torcida que o chama de Guerreiro, encerra seu ciclo sem uma despedida digna. Uma nota oficial lac\u00f4nica agradecendo a Dudu resume o gesto do Palmeiras a um de seus mais importantes jogadores de toda sua hist\u00f3ria. Abaixo da nota, uma foto montada reconhecendo os feitos do camisa 7.<\/p>\n<p><em>A Sociedade Esportiva Palmeiras e o atacante Dudu chegaram nesta quinta-feira (12) a um acordo para antecipar o fim do contrato firmado pelo jogador com o Maior Campe\u00e3o do Brasil. Atleta com mais partidas pelo Alviverde neste s\u00e9culo, dono de diferentes recordes no Allianz Parque e um dos mais vitoriosos jogadores da hist\u00f3ria palmeirense, Dudu ser\u00e1 eternamente lembrado como um dos s\u00edmbolos da era vencedora que temos vivenciado ao longo dos \u00faltimos anos. Obrigado, Dudu, pela brilhante trajet\u00f3ria constru\u00edda com a nossa camisa! Voc\u00ea sempre far\u00e1 parte da Fam\u00edlia Palmeiras!<\/em><\/p>\n<figure id=\"attachment_46967\" aria-describedby=\"caption-attachment-46967\" style=\"width: 575px\" class=\"wp-caption alignnone\"><img data-recalc-dims=\"1\" loading=\"lazy\" decoding=\"async\" data-attachment-id=\"46967\" data-permalink=\"https:\/\/blogdoprosperi.com\/?attachment_id=46967\" data-orig-file=\"https:\/\/i0.wp.com\/blogdoprosperi.com\/wp-content\/uploads\/2024\/12\/genq1kwwsaek6gk.jpeg?fit=960%2C1200&amp;ssl=1\" data-orig-size=\"960,1200\" data-comments-opened=\"1\" data-image-meta=\"{&quot;aperture&quot;:&quot;0&quot;,&quot;credit&quot;:&quot;&quot;,&quot;camera&quot;:&quot;&quot;,&quot;caption&quot;:&quot;&quot;,&quot;created_timestamp&quot;:&quot;0&quot;,&quot;copyright&quot;:&quot;&quot;,&quot;focal_length&quot;:&quot;0&quot;,&quot;iso&quot;:&quot;0&quot;,&quot;shutter_speed&quot;:&quot;0&quot;,&quot;title&quot;:&quot;&quot;,&quot;orientation&quot;:&quot;0&quot;}\" data-image-title=\"\" data-image-description=\"\" data-image-caption=\"&lt;p&gt;Dudu \u2013 imagem oficial Palmeiras&lt;\/p&gt;\n\" data-large-file=\"https:\/\/i0.wp.com\/blogdoprosperi.com\/wp-content\/uploads\/2024\/12\/genq1kwwsaek6gk.jpeg?fit=819%2C1024&amp;ssl=1\" src=\"https:\/\/i0.wp.com\/blogdoprosperi.com\/wp-content\/uploads\/2024\/12\/genq1kwwsaek6gk.jpeg?resize=575%2C719&#038;ssl=1\" class=\"wp-image-46967\" alt=\"\" width=\"575\" height=\"719\"><figcaption id=\"caption-attachment-46967\" class=\"wp-caption-text\"><em>Dudu \u2013 imagem oficial Palmeiras<\/em><\/figcaption><\/figure>\n<p>A sa\u00edda de Dudu, ap\u00f3s rescis\u00e3o do contrato com validade at\u00e9 dezembro de 2025, estava anunciada desde a frustrada tentativa de transfer\u00eancia ao Cruzeiro em agosto.<\/p>\n<p>Leila Pereira, reeleita presidente por um mandato at\u00e9 2027, foi taxativa na \u00e9poca: <span><strong><a style=\"color: #0000ff\" href=\"https:\/\/blogdoprosperi.com\/2024\/12\/07\/cronicasabatica-dudu-o-guerreiro-tira-a-camisa-7-do-palmeiras\/\">&#8220;Ciclo de Dudu no Palmeiras se encerrou aqui&#8221;.<\/a><\/strong><\/span> A presidenta esperava receber uma boa grana do Cruzeiro na \u00e9poca e aliviar a folha de pagamentos do time sem o sal\u00e1rio de Dudu, o maior do grupo de jogadores.<\/p>\n<p>Quando Dudu se acerta com o Cruzeiro e depois reverte o acordo, ele j\u00e1 se sentia abandonado pelo comando Palmeiras. Por isso autorizara seu staff a procurar um clube. Jogador sabia que um ano afastado do futebol, por causa da grave les\u00e3o no joelho, n\u00e3o seria bem digerido por Leila e o t\u00e9cnico Abel Ferreira.<\/p>\n<p>Ao dar uma reviravolta na negocia\u00e7\u00e3o decidindo pela perman\u00eancia no Palmeiras, esperava reconquistar seu espa\u00e7o&nbsp;jogando o futebol de excel\u00eancia que o consagrou no clube.. Tamb\u00e9m n\u00e3o deu certo.<\/p>\n<p>Caminho a seguir seria mesmo uma rescis\u00e3o amig\u00e1vel do contrato no fim da temporada de 2024 e procurar outra freguesia. E foi isso que Dudu fez nesse dia 12 dezembro.<\/p>\n<p>Perde o Palmeiras. Perde Abel Ferreira. Perde a torcida, agora sem algu\u00e9m para chamar de \u00eddolo.<\/p>\n<p>Como ser grande, imortal, \u00e9 para poucos, a repercuss\u00e3o de sua sa\u00edda do Palmeiras continua forte nas redes sociais. Confira:<\/p>\n<p><span class=\"alignnone\"><img data-recalc-dims=\"1\" loading=\"lazy\" decoding=\"async\" data-attachment-id=\"46972\" data-permalink=\"https:\/\/blogdoprosperi.com\/?attachment_id=46972\" data-orig-file=\"https:\/\/i0.wp.com\/blogdoprosperi.com\/wp-content\/uploads\/2024\/12\/genk6e1xiair1xe-1.jpeg?fit=544%2C680&amp;ssl=1\" data-orig-size=\"544,680\" data-comments-opened=\"1\" data-image-meta=\"{&quot;aperture&quot;:&quot;0&quot;,&quot;credit&quot;:&quot;&quot;,&quot;camera&quot;:&quot;&quot;,&quot;caption&quot;:&quot;&quot;,&quot;created_timestamp&quot;:&quot;0&quot;,&quot;copyright&quot;:&quot;&quot;,&quot;focal_length&quot;:&quot;0&quot;,&quot;iso&quot;:&quot;0&quot;,&quot;shutter_speed&quot;:&quot;0&quot;,&quot;title&quot;:&quot;&quot;,&quot;orientation&quot;:&quot;0&quot;}\" data-image-title=\"Genk6e1XIAIr1xE-1\" data-image-description=\"\" data-image-caption=\"\" data-large-file=\"https:\/\/i0.wp.com\/blogdoprosperi.com\/wp-content\/uploads\/2024\/12\/genk6e1xiair1xe-1.jpeg?fit=544%2C680&amp;ssl=1\" src=\"https:\/\/i0.wp.com\/blogdoprosperi.com\/wp-content\/uploads\/2024\/12\/genk6e1xiair1xe-1.jpeg?resize=544%2C680&#038;ssl=1\" class=\"alignnone size-full wp-image-46972\" alt=\"\" width=\"544\" height=\"680\"><\/span><\/p>\n<p>&nbsp;<\/p>\n<figure id=\"attachment_46970\" aria-describedby=\"caption-attachment-46970\" style=\"width: 559px\" class=\"wp-caption alignnone\"><img data-recalc-dims=\"1\" loading=\"lazy\" decoding=\"async\" data-attachment-id=\"46970\" data-permalink=\"https:\/\/blogdoprosperi.com\/?attachment_id=46970\" data-orig-file=\"https:\/\/i0.wp.com\/blogdoprosperi.com\/wp-content\/uploads\/2024\/12\/captura-de-tela-2024-12-12-as-16.26.21.png?fit=1050%2C436&amp;ssl=1\" data-orig-size=\"1050,436\" data-comments-opened=\"1\" data-image-meta=\"{&quot;aperture&quot;:&quot;0&quot;,&quot;credit&quot;:&quot;&quot;,&quot;camera&quot;:&quot;&quot;,&quot;caption&quot;:&quot;&quot;,&quot;created_timestamp&quot;:&quot;0&quot;,&quot;copyright&quot;:&quot;&quot;,&quot;focal_length&quot;:&quot;0&quot;,&quot;iso&quot;:&quot;0&quot;,&quot;shutter_speed&quot;:&quot;0&quot;,&quot;title&quot;:&quot;&quot;,&quot;orientation&quot;:&quot;0&quot;}\" data-image-title=\"Captura de Tela 2024-12-12 \u00e0s 16.26.21\" data-image-description=\"\" data-image-caption=\"\" data-large-file=\"https:\/\/i0.wp.com\/blogdoprosperi.com\/wp-content\/uploads\/2024\/12\/captura-de-tela-2024-12-12-as-16.26.21.png?fit=940%2C390&amp;ssl=1\" src=\"https:\/\/i0.wp.com\/blogdoprosperi.com\/wp-content\/uploads\/2024\/12\/captura-de-tela-2024-12-12-as-16.26.21.png?resize=559%2C232&#038;ssl=1\" class=\"wp-image-46970\" alt=\"\" width=\"559\" height=\"232\"><figcaption id=\"caption-attachment-46970\" class=\"wp-caption-text\"><em>Ademir da Guia no X<\/em><\/figcaption><\/figure>\n<figure id=\"attachment_46971\" aria-describedby=\"caption-attachment-46971\" style=\"width: 560px\" class=\"wp-caption alignnone\"><img data-recalc-dims=\"1\" loading=\"lazy\" decoding=\"async\" data-attachment-id=\"46971\" data-permalink=\"https:\/\/blogdoprosperi.com\/?attachment_id=46971\" data-orig-file=\"https:\/\/i0.wp.com\/blogdoprosperi.com\/wp-content\/uploads\/2024\/12\/captura-de-tela-2024-12-12-as-16.30.56.png?fit=904%2C1302&amp;ssl=1\" data-orig-size=\"904,1302\" data-comments-opened=\"1\" data-image-meta=\"{&quot;aperture&quot;:&quot;0&quot;,&quot;credit&quot;:&quot;&quot;,&quot;camera&quot;:&quot;&quot;,&quot;caption&quot;:&quot;&quot;,&quot;created_timestamp&quot;:&quot;0&quot;,&quot;copyright&quot;:&quot;&quot;,&quot;focal_length&quot;:&quot;0&quot;,&quot;iso&quot;:&quot;0&quot;,&quot;shutter_speed&quot;:&quot;0&quot;,&quot;title&quot;:&quot;&quot;,&quot;orientation&quot;:&quot;0&quot;}\" data-image-title=\"\" data-image-description=\"\" data-image-caption=\"&lt;p&gt;Paulo Nobre, ex-presidente do Palmeiras \u2013 foto: X&lt;\/p&gt;\n\" data-large-file=\"https:\/\/i0.wp.com\/blogdoprosperi.com\/wp-content\/uploads\/2024\/12\/captura-de-tela-2024-12-12-as-16.30.56.png?fit=711%2C1024&amp;ssl=1\" src=\"https:\/\/i0.wp.com\/blogdoprosperi.com\/wp-content\/uploads\/2024\/12\/captura-de-tela-2024-12-12-as-16.30.56.png?resize=560%2C806&#038;ssl=1\" class=\"wp-image-46971\" alt=\"\" width=\"560\" height=\"806\"><figcaption id=\"caption-attachment-46971\" class=\"wp-caption-text\"><em>Paulo Nobre, ex-presidente do Palmeiras \u2013 foto: X<\/em><\/figcaption><\/figure>\n<p>&nbsp;<img data-recalc-dims=\"1\" loading=\"lazy\" decoding=\"async\" data-attachment-id=\"46985\" data-permalink=\"https:\/\/blogdoprosperi.com\/?attachment_id=46985\" data-orig-file=\"https:\/\/i0.wp.com\/blogdoprosperi.com\/wp-content\/uploads\/2024\/12\/image-1.jpg?fit=615%2C769&amp;ssl=1\" data-orig-size=\"615,769\" data-comments-opened=\"1\" data-image-meta=\"{&quot;aperture&quot;:&quot;0&quot;,&quot;credit&quot;:&quot;&quot;,&quot;camera&quot;:&quot;&quot;,&quot;caption&quot;:&quot;&quot;,&quot;created_timestamp&quot;:&quot;0&quot;,&quot;copyright&quot;:&quot;&quot;,&quot;focal_length&quot;:&quot;0&quot;,&quot;iso&quot;:&quot;0&quot;,&quot;shutter_speed&quot;:&quot;0&quot;,&quot;title&quot;:&quot;&quot;,&quot;orientation&quot;:&quot;1&quot;}\" data-image-title=\"image\" data-image-description=\"\" data-image-caption=\"\" data-large-file=\"https:\/\/i0.wp.com\/blogdoprosperi.com\/wp-content\/uploads\/2024\/12\/image-1.jpg?fit=615%2C769&amp;ssl=1\" src=\"https:\/\/i0.wp.com\/blogdoprosperi.com\/wp-content\/uploads\/2024\/12\/image-1.jpg?resize=615%2C769&#038;ssl=1\" class=\"size-full wp-image-46985\" width=\"615\" height=\"769\"><\/p>\n<blockquote class=\"instagram-media\" data-instgrm-captioned data-instgrm-permalink=\"https:\/\/www.instagram.com\/reel\/DDfNpJiuHMS\/?utm_source=ig_embed&amp;utm_campaign=loading\" data-instgrm-version=\"14\" style=\" background:#FFF; border:0; border-radius:3px; box-shadow:0 0 1px 0 rgba(0,0,0,0.5),0 1px 10px 0 rgba(0,0,0,0.15); margin: 1px; max-width:658px; min-width:326px; padding:0; width:99.375%; width:-webkit-calc(100% - 2px); width:calc(100% - 2px);\">\n<div style=\"padding:16px;\"> <a href=\"https:\/\/www.instagram.com\/reel\/DDfNpJiuHMS\/?utm_source=ig_embed&amp;utm_campaign=loading\" style=\" background:#FFFFFF; line-height:0; padding:0 0; text-align:center; text-decoration:none; width:100%;\" target=\"_blank\"> <\/p>\n<div style=\" display: flex; flex-direction: row; align-items: center;\">\n<div style=\"background-color: #F4F4F4; border-radius: 50%; flex-grow: 0; height: 40px; margin-right: 14px; width: 40px;\"><\/div>\n<div style=\"display: flex; flex-direction: column; flex-grow: 1; justify-content: center;\">\n<div style=\" background-color: #F4F4F4; border-radius: 4px; flex-grow: 0; height: 14px; margin-bottom: 6px; width: 100px;\"><\/div>\n<div style=\" background-color: #F4F4F4; border-radius: 4px; flex-grow: 0; height: 14px; width: 60px;\"><\/div>\n<\/div>\n<\/div>\n<div style=\"padding: 19% 0;\"><\/div>\n<div style=\"display:block; height:50px; margin:0 auto 12px; width:50px;\"><svg width=\"50px\" height=\"50px\" viewBox=\"0 0 60 60\" version=\"1.1\" xmlns=\"https:\/\/www.w3.org\/2000\/svg\" xmlns:xlink=\"https:\/\/www.w3.org\/1999\/xlink\"><g stroke=\"none\" stroke-width=\"1\" fill=\"none\" fill-rule=\"evenodd\"><g transform=\"translate(-511.000000, -20.000000)\" fill=\"#000000\"><g><path d=\"M556.869,30.41 C554.814,30.41 553.148,32.076 553.148,34.131 C553.148,36.186 554.814,37.852 556.869,37.852 C558.924,37.852 560.59,36.186 560.59,34.131 C560.59,32.076 558.924,30.41 556.869,30.41 M541,60.657 C535.114,60.657 530.342,55.887 530.342,50 C530.342,44.114 535.114,39.342 541,39.342 C546.887,39.342 551.658,44.114 551.658,50 C551.658,55.887 546.887,60.657 541,60.657 M541,33.886 C532.1,33.886 524.886,41.1 524.886,50 C524.886,58.899 532.1,66.113 541,66.113 C549.9,66.113 557.115,58.899 557.115,50 C557.115,41.1 549.9,33.886 541,33.886 M565.378,62.101 C565.244,65.022 564.756,66.606 564.346,67.663 C563.803,69.06 563.154,70.057 562.106,71.106 C561.058,72.155 560.06,72.803 558.662,73.347 C557.607,73.757 556.021,74.244 553.102,74.378 C549.944,74.521 548.997,74.552 541,74.552 C533.003,74.552 532.056,74.521 528.898,74.378 C525.979,74.244 524.393,73.757 523.338,73.347 C521.94,72.803 520.942,72.155 519.894,71.106 C518.846,70.057 518.197,69.06 517.654,67.663 C517.244,66.606 516.755,65.022 516.623,62.101 C516.479,58.943 516.448,57.996 516.448,50 C516.448,42.003 516.479,41.056 516.623,37.899 C516.755,34.978 517.244,33.391 517.654,32.338 C518.197,30.938 518.846,29.942 519.894,28.894 C520.942,27.846 521.94,27.196 523.338,26.654 C524.393,26.244 525.979,25.756 528.898,25.623 C532.057,25.479 533.004,25.448 541,25.448 C548.997,25.448 549.943,25.479 553.102,25.623 C556.021,25.756 557.607,26.244 558.662,26.654 C560.06,27.196 561.058,27.846 562.106,28.894 C563.154,29.942 563.803,30.938 564.346,32.338 C564.756,33.391 565.244,34.978 565.378,37.899 C565.522,41.056 565.552,42.003 565.552,50 C565.552,57.996 565.522,58.943 565.378,62.101 M570.82,37.631 C570.674,34.438 570.167,32.258 569.425,30.349 C568.659,28.377 567.633,26.702 565.965,25.035 C564.297,23.368 562.623,22.342 560.652,21.575 C558.743,20.834 556.562,20.326 553.369,20.18 C550.169,20.033 549.148,20 541,20 C532.853,20 531.831,20.033 528.631,20.18 C525.438,20.326 523.257,20.834 521.349,21.575 C519.376,22.342 517.703,23.368 516.035,25.035 C514.368,26.702 513.342,28.377 512.574,30.349 C511.834,32.258 511.326,34.438 511.181,37.631 C511.035,40.831 511,41.851 511,50 C511,58.147 511.035,59.17 511.181,62.369 C511.326,65.562 511.834,67.743 512.574,69.651 C513.342,71.625 514.368,73.296 516.035,74.965 C517.703,76.634 519.376,77.658 521.349,78.425 C523.257,79.167 525.438,79.673 528.631,79.82 C531.831,79.965 532.853,80.001 541,80.001 C549.148,80.001 550.169,79.965 553.369,79.82 C556.562,79.673 558.743,79.167 560.652,78.425 C562.623,77.658 564.297,76.634 565.965,74.965 C567.633,73.296 568.659,71.625 569.425,69.651 C570.167,67.743 570.674,65.562 570.82,62.369 C570.966,59.17 571,58.147 571,50 C571,41.851 570.966,40.831 570.82,37.631\"><\/path><\/g><\/g><\/g><\/svg><\/div>\n<div style=\"padding-top: 8px;\">\n<div style=\" color:#3897f0; font-family:Arial,sans-serif; font-size:14px; font-style:normal; font-weight:550; line-height:18px;\">View this post on Instagram<\/div>\n<\/div>\n<div style=\"padding: 12.5% 0;\"><\/div>\n<div style=\"display: flex; flex-direction: row; margin-bottom: 14px; align-items: center;\">\n<div>\n<div style=\"background-color: #F4F4F4; border-radius: 50%; height: 12.5px; width: 12.5px; transform: translateX(0px) translateY(7px);\"><\/div>\n<div style=\"background-color: #F4F4F4; height: 12.5px; transform: rotate(-45deg) translateX(3px) translateY(1px); width: 12.5px; flex-grow: 0; margin-right: 14px; margin-left: 2px;\"><\/div>\n<div style=\"background-color: #F4F4F4; border-radius: 50%; height: 12.5px; width: 12.5px; transform: translateX(9px) translateY(-18px);\"><\/div>\n<\/div>\n<div style=\"margin-left: 8px;\">\n<div style=\" background-color: #F4F4F4; border-radius: 50%; flex-grow: 0; height: 20px; width: 20px;\"><\/div>\n<div style=\" width: 0; height: 0; border-top: 2px solid transparent; border-left: 6px solid #f4f4f4; border-bottom: 2px solid transparent; transform: translateX(16px) translateY(-4px) rotate(30deg)\"><\/div>\n<\/div>\n<div style=\"margin-left: auto;\">\n<div style=\" width: 0px; border-top: 8px solid #F4F4F4; border-right: 8px solid transparent; transform: translateY(16px);\"><\/div>\n<div style=\" background-color: #F4F4F4; flex-grow: 0; height: 12px; width: 16px; transform: translateY(-4px);\"><\/div>\n<div style=\" width: 0; height: 0; border-top: 8px solid #F4F4F4; border-left: 8px solid transparent; transform: translateY(-4px) translateX(8px);\"><\/div>\n<\/div>\n<\/div>\n<div style=\"display: flex; flex-direction: column; flex-grow: 1; justify-content: center; margin-bottom: 24px;\">\n<div style=\" background-color: #F4F4F4; border-radius: 4px; flex-grow: 0; height: 14px; margin-bottom: 6px; width: 224px;\"><\/div>\n<div style=\" background-color: #F4F4F4; border-radius: 4px; flex-grow: 0; height: 14px; width: 144px;\"><\/div>\n<\/div>\n<p><\/a><\/div>\n<\/blockquote>\n<p><script async src=\"\/\/platform.instagram.com\/en_US\/embeds.js\"><\/script><\/p>\n<p><a href=\"https:\/\/x.com\/LibertadoresBR\/status\/1867268201567994004\" rel=\"nofollow\">https:\/\/x.com\/LibertadoresBR\/status\/1867268201567994004<\/a><\/p>\n","protected":false},"excerpt":{"rendered":"<p>Luiz Ant\u00f4nio Pr\u00f3speri \u2013 12 dezembro (17h05) \u2013 Dudu fecha com o Cruzeiro ao se sentir abandonado pelo [&hellip;]<\/p>\n","protected":false},"author":102107496,"featured_media":46978,"comment_status":"open","ping_status":"open","sticky":false,"template":"","format":"standard","meta":{"_coblocks_attr":"","_coblocks_dimensions":"","_coblocks_responsive_height":"","_coblocks_accordion_ie_support":"","_jetpack_newsletter_access":"","_jetpack_dont_email_post_to_subs":false,"_jetpack_newsletter_tier_id":0,"_jetpack_memberships_contains_paywalled_content":false,"_wpcom_ai_launchpad_first_post":false,"_jetpack_feature_clip_id":0,"_jetpack_memberships_contains_paid_content":false,"footnotes":"","jetpack_publicize_message":"","jetpack_publicize_feature_enabled":true,"jetpack_social_post_already_shared":false,"jetpack_social_options":{"image_generator_settings":{"template":"highway","default_image_id":0,"font":"","enabled":false},"version":2},"jetpack_post_was_ever_published":false},"categories":[53870,3919],"tags":[10668348,4200771,5922528,521771,1249177,789560560,57784134,789560573,287104,1058685],"class_list":["post-46962","post","type-post","status-publish","format-standard","has-post-thumbnail","hentry","category-futebol","category-opiniao","tag-0000ff","tag-abel-ferreira","tag-ademir-da-guia","tag-cruzeiro","tag-dudu","tag-futebol","tag-leila-pereira","tag-luiz-antonio-prosperi","tag-palmeiras","tag-ze-roberto"],"yoast_head":"<!-- This site is optimized with the Yoast SEO plugin v28.3 - https:\/\/yoast.com\/product\/yoast-seo-wordpress\/ -->\n<title>Palmeiras Abandona Dudu e \u00cddolo Fecha com Cruzeiro - PR\u00d3SPERI NEWS<\/title>\n<meta name=\"robots\" content=\"index, follow, max-snippet:-1, max-image-preview:large, max-video-preview:-1\" \/>\n<link rel=\"canonical\" href=\"https:\/\/blogdoprosperi.com\/?p=46962\" \/>\n<meta property=\"og:locale\" content=\"pt_BR\" \/>\n<meta property=\"og:type\" content=\"article\" \/>\n<meta property=\"og:title\" content=\"Palmeiras Abandona Dudu e \u00cddolo Fecha com Cruzeiro - PR\u00d3SPERI NEWS\" \/>\n<meta property=\"og:description\" content=\"Luiz Ant\u00f4nio Pr\u00f3speri \u2013 12 dezembro (17h05) \u2013 Dudu fecha com o Cruzeiro ao se sentir abandonado pelo [&hellip;]\" \/>\n<meta property=\"og:url\" content=\"https:\/\/blogdoprosperi.com\/?p=46962\" \/>\n<meta property=\"og:site_name\" content=\"PR\u00d3SPERI NEWS\" \/>\n<meta property=\"article:publisher\" content=\"Luiz Pr\u00f3speri\" \/>\n<meta property=\"article:author\" content=\"Luiz Pr\u00f3speri\" \/>\n<meta property=\"article:published_time\" content=\"2024-12-12T20:09:43+00:00\" \/>\n<meta property=\"article:modified_time\" content=\"2024-12-13T18:26:52+00:00\" \/>\n<meta property=\"og:image\" content=\"https:\/\/i0.wp.com\/blogdoprosperi.com\/wp-content\/uploads\/2024\/12\/captura-de-tela-2024-12-12-as-16.48.45.png?fit=956%2C744&ssl=1\" \/>\n\t<meta property=\"og:image:width\" content=\"956\" \/>\n\t<meta property=\"og:image:height\" content=\"744\" \/>\n\t<meta property=\"og:image:type\" content=\"image\/png\" \/>\n<meta name=\"author\" content=\"Luiz Ant\u00f4nio Pr\u00f3speri\" \/>\n<meta name=\"twitter:card\" content=\"summary_large_image\" \/>\n<meta name=\"twitter:creator\" content=\"@Luizprosperi\" \/>\n<meta name=\"twitter:site\" content=\"@Luizprosperi\" \/>\n<meta name=\"twitter:label1\" content=\"Escrito por\" \/>\n\t<meta name=\"twitter:data1\" content=\"Luiz Ant\u00f4nio Pr\u00f3speri\" \/>\n\t<meta name=\"twitter:label2\" content=\"Est. tempo de leitura\" \/>\n\t<meta name=\"twitter:data2\" content=\"2 minutos\" \/>\n<script type=\"application\/ld+json\" class=\"yoast-schema-graph\">{\"@context\":\"https:\\\/\\\/schema.org\",\"@graph\":[{\"@type\":\"Article\",\"@id\":\"https:\\\/\\\/blogdoprosperi.com\\\/?p=46962#article\",\"isPartOf\":{\"@id\":\"https:\\\/\\\/blogdoprosperi.com\\\/?p=46962\"},\"author\":{\"name\":\"Luiz Ant\u00f4nio Pr\u00f3speri\",\"@id\":\"https:\\\/\\\/blogdoprosperi.com\\\/#\\\/schema\\\/person\\\/38100755ce3601861ee4fab9b5aa78e9\"},\"headline\":\"Palmeiras Abandona Dudu e \u00cddolo Fecha com Cruzeiro\",\"datePublished\":\"2024-12-12T20:09:43+00:00\",\"dateModified\":\"2024-12-13T18:26:52+00:00\",\"mainEntityOfPage\":{\"@id\":\"https:\\\/\\\/blogdoprosperi.com\\\/?p=46962\"},\"wordCount\":503,\"commentCount\":2,\"publisher\":{\"@id\":\"https:\\\/\\\/blogdoprosperi.com\\\/#\\\/schema\\\/person\\\/38100755ce3601861ee4fab9b5aa78e9\"},\"image\":{\"@id\":\"https:\\\/\\\/blogdoprosperi.com\\\/?p=46962#primaryimage\"},\"thumbnailUrl\":\"https:\\\/\\\/i0.wp.com\\\/blogdoprosperi.com\\\/wp-content\\\/uploads\\\/2024\\\/12\\\/captura-de-tela-2024-12-12-as-16.48.45.png?fit=956%2C744&ssl=1\",\"keywords\":[\"0000ff\",\"abel ferreira\",\"Ademir da Guia\",\"Cruzeiro\",\"Dudu\",\"futebol\",\"Leila Pereira\",\"Luiz Ant\u00f4nio Pr\u00f3speri\",\"Palmeiras\",\"Z\u00e9 Roberto\"],\"articleSection\":[\"futebol\",\"opini\u00e3o\"],\"inLanguage\":\"pt-BR\",\"potentialAction\":[{\"@type\":\"CommentAction\",\"name\":\"Comment\",\"target\":[\"https:\\\/\\\/blogdoprosperi.com\\\/?p=46962#respond\"]}]},{\"@type\":\"WebPage\",\"@id\":\"https:\\\/\\\/blogdoprosperi.com\\\/?p=46962\",\"url\":\"https:\\\/\\\/blogdoprosperi.com\\\/?p=46962\",\"name\":\"Palmeiras Abandona Dudu e \u00cddolo Fecha com Cruzeiro - PR\u00d3SPERI NEWS\",\"isPartOf\":{\"@id\":\"https:\\\/\\\/blogdoprosperi.com\\\/#website\"},\"primaryImageOfPage\":{\"@id\":\"https:\\\/\\\/blogdoprosperi.com\\\/?p=46962#primaryimage\"},\"image\":{\"@id\":\"https:\\\/\\\/blogdoprosperi.com\\\/?p=46962#primaryimage\"},\"thumbnailUrl\":\"https:\\\/\\\/i0.wp.com\\\/blogdoprosperi.com\\\/wp-content\\\/uploads\\\/2024\\\/12\\\/captura-de-tela-2024-12-12-as-16.48.45.png?fit=956%2C744&ssl=1\",\"datePublished\":\"2024-12-12T20:09:43+00:00\",\"dateModified\":\"2024-12-13T18:26:52+00:00\",\"breadcrumb\":{\"@id\":\"https:\\\/\\\/blogdoprosperi.com\\\/?p=46962#breadcrumb\"},\"inLanguage\":\"pt-BR\",\"potentialAction\":[{\"@type\":\"ReadAction\",\"target\":[\"https:\\\/\\\/blogdoprosperi.com\\\/?p=46962\"]}]},{\"@type\":\"ImageObject\",\"inLanguage\":\"pt-BR\",\"@id\":\"https:\\\/\\\/blogdoprosperi.com\\\/?p=46962#primaryimage\",\"url\":\"https:\\\/\\\/i0.wp.com\\\/blogdoprosperi.com\\\/wp-content\\\/uploads\\\/2024\\\/12\\\/captura-de-tela-2024-12-12-as-16.48.45.png?fit=956%2C744&ssl=1\",\"contentUrl\":\"https:\\\/\\\/i0.wp.com\\\/blogdoprosperi.com\\\/wp-content\\\/uploads\\\/2024\\\/12\\\/captura-de-tela-2024-12-12-as-16.48.45.png?fit=956%2C744&ssl=1\",\"width\":956,\"height\":744,\"caption\":\"Dudu e sua cole\u00e7\u00e3o de ta\u00e7as conquistas no Palmeiras \u2013 foto: Dudu Instagram oficial\"},{\"@type\":\"BreadcrumbList\",\"@id\":\"https:\\\/\\\/blogdoprosperi.com\\\/?p=46962#breadcrumb\",\"itemListElement\":[{\"@type\":\"ListItem\",\"position\":1,\"name\":\"In\u00edcio\",\"item\":\"https:\\\/\\\/blogdoprosperi.com\\\/\"},{\"@type\":\"ListItem\",\"position\":2,\"name\":\"Palmeiras Abandona Dudu e \u00cddolo Fecha com Cruzeiro\"}]},{\"@type\":\"WebSite\",\"@id\":\"https:\\\/\\\/blogdoprosperi.com\\\/#website\",\"url\":\"https:\\\/\\\/blogdoprosperi.com\\\/\",\"name\":\"PR\u00d3SPERI NEWS\",\"description\":\"TUDO \u00c9  FUTEBOL\",\"publisher\":{\"@id\":\"https:\\\/\\\/blogdoprosperi.com\\\/#\\\/schema\\\/person\\\/38100755ce3601861ee4fab9b5aa78e9\"},\"alternateName\":\"blogdoprosperi.com\",\"potentialAction\":[{\"@type\":\"SearchAction\",\"target\":{\"@type\":\"EntryPoint\",\"urlTemplate\":\"https:\\\/\\\/blogdoprosperi.com\\\/?s={search_term_string}\"},\"query-input\":{\"@type\":\"PropertyValueSpecification\",\"valueRequired\":true,\"valueName\":\"search_term_string\"}}],\"inLanguage\":\"pt-BR\"},{\"@type\":[\"Person\",\"Organization\"],\"@id\":\"https:\\\/\\\/blogdoprosperi.com\\\/#\\\/schema\\\/person\\\/38100755ce3601861ee4fab9b5aa78e9\",\"name\":\"Luiz Ant\u00f4nio Pr\u00f3speri\",\"pronouns\":\"ele\",\"image\":{\"@type\":\"ImageObject\",\"inLanguage\":\"pt-BR\",\"@id\":\"https:\\\/\\\/i0.wp.com\\\/blogdoprosperi.com\\\/wp-content\\\/uploads\\\/2026\\\/05\\\/cropped-8059e613-6002-42fa-961e-8e275f575d71-2-5.jpg?fit=1360%2C931&ssl=1\",\"url\":\"https:\\\/\\\/i0.wp.com\\\/blogdoprosperi.com\\\/wp-content\\\/uploads\\\/2026\\\/05\\\/cropped-8059e613-6002-42fa-961e-8e275f575d71-2-5.jpg?fit=1360%2C931&ssl=1\",\"contentUrl\":\"https:\\\/\\\/i0.wp.com\\\/blogdoprosperi.com\\\/wp-content\\\/uploads\\\/2026\\\/05\\\/cropped-8059e613-6002-42fa-961e-8e275f575d71-2-5.jpg?fit=1360%2C931&ssl=1\",\"width\":1360,\"height\":931,\"caption\":\"Luiz Ant\u00f4nio Pr\u00f3speri\"},\"logo\":{\"@id\":\"https:\\\/\\\/i0.wp.com\\\/blogdoprosperi.com\\\/wp-content\\\/uploads\\\/2026\\\/05\\\/cropped-8059e613-6002-42fa-961e-8e275f575d71-2-5.jpg?fit=1360%2C931&ssl=1\"},\"description\":\"Jornalista com carreira dedicada ao esporte. Cobriu 9 Copas do Mundo in loco, 1990 na It\u00e1lia, 1994 nos EUA, 1998 na Fran\u00e7a, 2002 na Coreia do Sul e Jap\u00e3o, 2006 na Alemanha, 2010 na \u00c1frica do Sul, 2014 no Brasil, 2018 na R\u00fassia e 2022 no Qatar. Eurocopas, 1992 na Su\u00e9cia e 1996 na Inglaterra. Copa das Confedera\u00e7\u00f5es de 2005 na Alemanha e 2009 na \u00c1frica do Sul. Rep\u00f3rter e Editor, trabalhou no Jornal da Tarde e Estad\u00e3o, de 1984 a fevereiro de 2016. Colunista, blogueiro. E comentarista de futebol na R\u00e1dio Estad\u00e3o, de 2013 a fevereiro de 2016. Jornalista respons\u00e1vel do \\\"Pr\u00f3speri News\\\" (blogdoprosperi.com).\",\"sameAs\":[\"http:\\\/\\\/blogdoprosperi.com\",\"Luiz Pr\u00f3speri\",\"@luiz_prosperi\",\"https:\\\/\\\/x.com\\\/Luizprosperi\",\"@prosperinacopa\",\"luiz.prosperi@icloud.com\"],\"url\":\"https:\\\/\\\/blogdoprosperi.com\\\/?author=102107496\"}]}<\/script>\n<!-- \/ Yoast SEO plugin. -->","yoast_head_json":{"title":"Palmeiras Abandona Dudu e \u00cddolo Fecha com Cruzeiro - PR\u00d3SPERI NEWS","robots":{"index":"index","follow":"follow","max-snippet":"max-snippet:-1","max-image-preview":"max-image-preview:large","max-video-preview":"max-video-preview:-1"},"canonical":"https:\/\/blogdoprosperi.com\/?p=46962","og_locale":"pt_BR","og_type":"article","og_title":"Palmeiras Abandona Dudu e \u00cddolo Fecha com Cruzeiro - PR\u00d3SPERI NEWS","og_description":"Luiz Ant\u00f4nio Pr\u00f3speri \u2013 12 dezembro (17h05) \u2013 Dudu fecha com o Cruzeiro ao se sentir abandonado pelo [&hellip;]","og_url":"https:\/\/blogdoprosperi.com\/?p=46962","og_site_name":"PR\u00d3SPERI NEWS","article_publisher":"Luiz Pr\u00f3speri","article_author":"Luiz Pr\u00f3speri","article_published_time":"2024-12-12T20:09:43+00:00","article_modified_time":"2024-12-13T18:26:52+00:00","og_image":[{"width":956,"height":744,"url":"https:\/\/i0.wp.com\/blogdoprosperi.com\/wp-content\/uploads\/2024\/12\/captura-de-tela-2024-12-12-as-16.48.45.png?fit=956%2C744&ssl=1","type":"image\/png"}],"author":"Luiz Ant\u00f4nio Pr\u00f3speri","twitter_card":"summary_large_image","twitter_creator":"@Luizprosperi","twitter_site":"@Luizprosperi","twitter_misc":{"Escrito por":"Luiz Ant\u00f4nio Pr\u00f3speri","Est. tempo de leitura":"2 minutos"},"schema":{"@context":"https:\/\/schema.org","@graph":[{"@type":"Article","@id":"https:\/\/blogdoprosperi.com\/?p=46962#article","isPartOf":{"@id":"https:\/\/blogdoprosperi.com\/?p=46962"},"author":{"name":"Luiz Ant\u00f4nio Pr\u00f3speri","@id":"https:\/\/blogdoprosperi.com\/#\/schema\/person\/38100755ce3601861ee4fab9b5aa78e9"},"headline":"Palmeiras Abandona Dudu e \u00cddolo Fecha com Cruzeiro","datePublished":"2024-12-12T20:09:43+00:00","dateModified":"2024-12-13T18:26:52+00:00","mainEntityOfPage":{"@id":"https:\/\/blogdoprosperi.com\/?p=46962"},"wordCount":503,"commentCount":2,"publisher":{"@id":"https:\/\/blogdoprosperi.com\/#\/schema\/person\/38100755ce3601861ee4fab9b5aa78e9"},"image":{"@id":"https:\/\/blogdoprosperi.com\/?p=46962#primaryimage"},"thumbnailUrl":"https:\/\/i0.wp.com\/blogdoprosperi.com\/wp-content\/uploads\/2024\/12\/captura-de-tela-2024-12-12-as-16.48.45.png?fit=956%2C744&ssl=1","keywords":["0000ff","abel ferreira","Ademir da Guia","Cruzeiro","Dudu","futebol","Leila Pereira","Luiz Ant\u00f4nio Pr\u00f3speri","Palmeiras","Z\u00e9 Roberto"],"articleSection":["futebol","opini\u00e3o"],"inLanguage":"pt-BR","potentialAction":[{"@type":"CommentAction","name":"Comment","target":["https:\/\/blogdoprosperi.com\/?p=46962#respond"]}]},{"@type":"WebPage","@id":"https:\/\/blogdoprosperi.com\/?p=46962","url":"https:\/\/blogdoprosperi.com\/?p=46962","name":"Palmeiras Abandona Dudu e \u00cddolo Fecha com Cruzeiro - PR\u00d3SPERI NEWS","isPartOf":{"@id":"https:\/\/blogdoprosperi.com\/#website"},"primaryImageOfPage":{"@id":"https:\/\/blogdoprosperi.com\/?p=46962#primaryimage"},"image":{"@id":"https:\/\/blogdoprosperi.com\/?p=46962#primaryimage"},"thumbnailUrl":"https:\/\/i0.wp.com\/blogdoprosperi.com\/wp-content\/uploads\/2024\/12\/captura-de-tela-2024-12-12-as-16.48.45.png?fit=956%2C744&ssl=1","datePublished":"2024-12-12T20:09:43+00:00","dateModified":"2024-12-13T18:26:52+00:00","breadcrumb":{"@id":"https:\/\/blogdoprosperi.com\/?p=46962#breadcrumb"},"inLanguage":"pt-BR","potentialAction":[{"@type":"ReadAction","target":["https:\/\/blogdoprosperi.com\/?p=46962"]}]},{"@type":"ImageObject","inLanguage":"pt-BR","@id":"https:\/\/blogdoprosperi.com\/?p=46962#primaryimage","url":"https:\/\/i0.wp.com\/blogdoprosperi.com\/wp-content\/uploads\/2024\/12\/captura-de-tela-2024-12-12-as-16.48.45.png?fit=956%2C744&ssl=1","contentUrl":"https:\/\/i0.wp.com\/blogdoprosperi.com\/wp-content\/uploads\/2024\/12\/captura-de-tela-2024-12-12-as-16.48.45.png?fit=956%2C744&ssl=1","width":956,"height":744,"caption":"Dudu e sua cole\u00e7\u00e3o de ta\u00e7as conquistas no Palmeiras \u2013 foto: Dudu Instagram oficial"},{"@type":"BreadcrumbList","@id":"https:\/\/blogdoprosperi.com\/?p=46962#breadcrumb","itemListElement":[{"@type":"ListItem","position":1,"name":"In\u00edcio","item":"https:\/\/blogdoprosperi.com\/"},{"@type":"ListItem","position":2,"name":"Palmeiras Abandona Dudu e \u00cddolo Fecha com Cruzeiro"}]},{"@type":"WebSite","@id":"https:\/\/blogdoprosperi.com\/#website","url":"https:\/\/blogdoprosperi.com\/","name":"PR\u00d3SPERI NEWS","description":"TUDO \u00c9  FUTEBOL","publisher":{"@id":"https:\/\/blogdoprosperi.com\/#\/schema\/person\/38100755ce3601861ee4fab9b5aa78e9"},"alternateName":"blogdoprosperi.com","potentialAction":[{"@type":"SearchAction","target":{"@type":"EntryPoint","urlTemplate":"https:\/\/blogdoprosperi.com\/?s={search_term_string}"},"query-input":{"@type":"PropertyValueSpecification","valueRequired":true,"valueName":"search_term_string"}}],"inLanguage":"pt-BR"},{"@type":["Person","Organization"],"@id":"https:\/\/blogdoprosperi.com\/#\/schema\/person\/38100755ce3601861ee4fab9b5aa78e9","name":"Luiz Ant\u00f4nio Pr\u00f3speri","pronouns":"ele","image":{"@type":"ImageObject","inLanguage":"pt-BR","@id":"https:\/\/i0.wp.com\/blogdoprosperi.com\/wp-content\/uploads\/2026\/05\/cropped-8059e613-6002-42fa-961e-8e275f575d71-2-5.jpg?fit=1360%2C931&ssl=1","url":"https:\/\/i0.wp.com\/blogdoprosperi.com\/wp-content\/uploads\/2026\/05\/cropped-8059e613-6002-42fa-961e-8e275f575d71-2-5.jpg?fit=1360%2C931&ssl=1","contentUrl":"https:\/\/i0.wp.com\/blogdoprosperi.com\/wp-content\/uploads\/2026\/05\/cropped-8059e613-6002-42fa-961e-8e275f575d71-2-5.jpg?fit=1360%2C931&ssl=1","width":1360,"height":931,"caption":"Luiz Ant\u00f4nio Pr\u00f3speri"},"logo":{"@id":"https:\/\/i0.wp.com\/blogdoprosperi.com\/wp-content\/uploads\/2026\/05\/cropped-8059e613-6002-42fa-961e-8e275f575d71-2-5.jpg?fit=1360%2C931&ssl=1"},"description":"Jornalista com carreira dedicada ao esporte. Cobriu 9 Copas do Mundo in loco, 1990 na It\u00e1lia, 1994 nos EUA, 1998 na Fran\u00e7a, 2002 na Coreia do Sul e Jap\u00e3o, 2006 na Alemanha, 2010 na \u00c1frica do Sul, 2014 no Brasil, 2018 na R\u00fassia e 2022 no Qatar. Eurocopas, 1992 na Su\u00e9cia e 1996 na Inglaterra. Copa das Confedera\u00e7\u00f5es de 2005 na Alemanha e 2009 na \u00c1frica do Sul. Rep\u00f3rter e Editor, trabalhou no Jornal da Tarde e Estad\u00e3o, de 1984 a fevereiro de 2016. Colunista, blogueiro. E comentarista de futebol na R\u00e1dio Estad\u00e3o, de 2013 a fevereiro de 2016. Jornalista respons\u00e1vel do \"Pr\u00f3speri News\" (blogdoprosperi.com).","sameAs":["http:\/\/blogdoprosperi.com","Luiz Pr\u00f3speri","@luiz_prosperi","https:\/\/x.com\/Luizprosperi","@prosperinacopa","luiz.prosperi@icloud.com"],"url":"https:\/\/blogdoprosperi.com\/?author=102107496"}]}},"jetpack_publicize_connections":[],"jetpack_likes_enabled":false,"jetpack_sharing_enabled":true,"jetpack_shortlink":"https:\/\/wp.me\/p7jvdk-cds","jetpack-related-posts":[{"id":42781,"url":"https:\/\/blogdoprosperi.com\/?p=42781","url_meta":{"origin":46962,"position":0},"title":"Torcida do Palmeiras: \u00fanica derrotada na eventual sa\u00edda de Dudu. Veja quem ganha e quem perde","author":"Luiz Ant\u00f4nio Pr\u00f3speri","date":"16 de junho de 2024","format":false,"excerpt":"Futebol \u00e9 neg\u00f3cio. Paix\u00e3o alimenta essa engrenagem, infelizmente ao olhar do torcedor. O caso Dudu \u00e9 um exemplo cristalino dessa verdade. Palmeiras ganha com a sa\u00edda do jogador. Cruzeiro se beneficia com a transfer\u00eancia. Dudu, aos 32 anos, garante mais cinco anos de contrato e engorda sua conta banc\u00e1ria. O\u2026","rel":"","context":"Em &quot;futebol&quot;","block_context":{"text":"futebol","link":"https:\/\/blogdoprosperi.com\/?cat=53870"},"img":{"alt_text":"","src":"https:\/\/i0.wp.com\/blogdoprosperi.com\/wp-content\/uploads\/2022\/12\/52474273725_835056a182_c.jpg?fit=800%2C450&ssl=1&resize=350%2C200","width":350,"height":200,"srcset":"https:\/\/i0.wp.com\/blogdoprosperi.com\/wp-content\/uploads\/2022\/12\/52474273725_835056a182_c.jpg?fit=800%2C450&ssl=1&resize=350%2C200 1x, https:\/\/i0.wp.com\/blogdoprosperi.com\/wp-content\/uploads\/2022\/12\/52474273725_835056a182_c.jpg?fit=800%2C450&ssl=1&resize=525%2C300 1.5x, https:\/\/i0.wp.com\/blogdoprosperi.com\/wp-content\/uploads\/2022\/12\/52474273725_835056a182_c.jpg?fit=800%2C450&ssl=1&resize=700%2C400 2x"},"classes":[]},{"id":47464,"url":"https:\/\/blogdoprosperi.com\/?p=47464","url_meta":{"origin":46962,"position":1},"title":"Leila Pereira x Dudu | Presidenta do Palmeiras Vai Processar \u00cddolo da Torcida","author":"Luiz Ant\u00f4nio Pr\u00f3speri","date":"14 de janeiro de 2025","format":false,"excerpt":"Luiz Ant\u00f4nio Pr\u00f3speri \u2013 14 janeiro (17h58) \u2013 Leila Pereira, presidenta do Palmeiras, vai processar Dudu por difama\u00e7\u00e3o. A dirigente se sente ofendida pelo jogador que usou express\u00e3o VTNC (Vai Tomar No C...) em post nas redes sociais contra Leila. Era uma resposta do \u00eddolo da torcida palmeirense \u00e0 declara\u00e7\u00e3o\u2026","rel":"","context":"Em &quot;futebol&quot;","block_context":{"text":"futebol","link":"https:\/\/blogdoprosperi.com\/?cat=53870"},"img":{"alt_text":"Leila x Dudu, guerra de vaidades","src":"https:\/\/i0.wp.com\/blogdoprosperi.com\/wp-content\/uploads\/2025\/01\/52145526597_5c7018bd3f_h-aspect-ratio-512-320-1.webp?fit=1200%2C750&ssl=1&resize=350%2C200","width":350,"height":200,"srcset":"https:\/\/i0.wp.com\/blogdoprosperi.com\/wp-content\/uploads\/2025\/01\/52145526597_5c7018bd3f_h-aspect-ratio-512-320-1.webp?fit=1200%2C750&ssl=1&resize=350%2C200 1x, https:\/\/i0.wp.com\/blogdoprosperi.com\/wp-content\/uploads\/2025\/01\/52145526597_5c7018bd3f_h-aspect-ratio-512-320-1.webp?fit=1200%2C750&ssl=1&resize=525%2C300 1.5x, https:\/\/i0.wp.com\/blogdoprosperi.com\/wp-content\/uploads\/2025\/01\/52145526597_5c7018bd3f_h-aspect-ratio-512-320-1.webp?fit=1200%2C750&ssl=1&resize=700%2C400 2x, https:\/\/i0.wp.com\/blogdoprosperi.com\/wp-content\/uploads\/2025\/01\/52145526597_5c7018bd3f_h-aspect-ratio-512-320-1.webp?fit=1200%2C750&ssl=1&resize=1050%2C600 3x"},"classes":[]},{"id":42743,"url":"https:\/\/blogdoprosperi.com\/?p=42743","url_meta":{"origin":46962,"position":2},"title":"Dudu encaminha sa\u00edda do Palmeiras rumo ao Cruzeiro, mas pode rever decis\u00e3o","author":"Luiz Ant\u00f4nio Pr\u00f3speri","date":"15 de junho de 2024","format":false,"excerpt":"Dudu n\u00e3o deve jogar mais no Palmeiras. Atacante tem acordo de um contrato de cinco anos com o Cruzeiro, clube que o revelou em 2009. A negocia\u00e7\u00e3o foi encaminhada nessa semana, mas at\u00e9 o in\u00edcio da noite desse s\u00e1bado (15\/6) n\u00e3o estava confirmada.Cruzeiro diz que sim. Palmeiras, n\u00e3o. Dudu pode\u2026","rel":"","context":"Em &quot;futebol&quot;","block_context":{"text":"futebol","link":"https:\/\/blogdoprosperi.com\/?cat=53870"},"img":{"alt_text":"Dudu \u00e9 do Cruzeiro","src":"https:\/\/i0.wp.com\/blogdoprosperi.com\/wp-content\/uploads\/2024\/06\/gqdnimqwyaaebdj.jpeg?fit=1200%2C1200&ssl=1&resize=350%2C200","width":350,"height":200,"srcset":"https:\/\/i0.wp.com\/blogdoprosperi.com\/wp-content\/uploads\/2024\/06\/gqdnimqwyaaebdj.jpeg?fit=1200%2C1200&ssl=1&resize=350%2C200 1x, https:\/\/i0.wp.com\/blogdoprosperi.com\/wp-content\/uploads\/2024\/06\/gqdnimqwyaaebdj.jpeg?fit=1200%2C1200&ssl=1&resize=525%2C300 1.5x, https:\/\/i0.wp.com\/blogdoprosperi.com\/wp-content\/uploads\/2024\/06\/gqdnimqwyaaebdj.jpeg?fit=1200%2C1200&ssl=1&resize=700%2C400 2x, https:\/\/i0.wp.com\/blogdoprosperi.com\/wp-content\/uploads\/2024\/06\/gqdnimqwyaaebdj.jpeg?fit=1200%2C1200&ssl=1&resize=1050%2C600 3x"},"classes":[]},{"id":42865,"url":"https:\/\/blogdoprosperi.com\/?p=42865","url_meta":{"origin":46962,"position":3},"title":"Leila Pereira: &#8220;Chegou ao fim o ciclo de Dudu no Palmeiras&#8221;","author":"Luiz Ant\u00f4nio Pr\u00f3speri","date":"17 de junho de 2024","format":false,"excerpt":"Dudu est\u00e1 fora do Palmeiras, garante a presidente Leila Pereira. Um dia depois de o jogador garantir que ficaria no clube, com aval do t\u00e9cnico Abel Ferreira, a mandat\u00e1ria disse que n\u00e3o tem volta: \"Chegou ao fim o ciclo de Dudu no Palmeiras\", disse Leila em entrevista \u00e0s 11h15 dessa\u2026","rel":"","context":"Em &quot;futebol&quot;","block_context":{"text":"futebol","link":"https:\/\/blogdoprosperi.com\/?cat=53870"},"img":{"alt_text":"Esque\u00e7am Neymar, avisa presidenta do Palmeiras","src":"https:\/\/i0.wp.com\/blogdoprosperi.com\/wp-content\/uploads\/2023\/01\/52499028142_4b0d1c3e97_h.webp?fit=1200%2C675&ssl=1&resize=350%2C200","width":350,"height":200,"srcset":"https:\/\/i0.wp.com\/blogdoprosperi.com\/wp-content\/uploads\/2023\/01\/52499028142_4b0d1c3e97_h.webp?fit=1200%2C675&ssl=1&resize=350%2C200 1x, https:\/\/i0.wp.com\/blogdoprosperi.com\/wp-content\/uploads\/2023\/01\/52499028142_4b0d1c3e97_h.webp?fit=1200%2C675&ssl=1&resize=525%2C300 1.5x, https:\/\/i0.wp.com\/blogdoprosperi.com\/wp-content\/uploads\/2023\/01\/52499028142_4b0d1c3e97_h.webp?fit=1200%2C675&ssl=1&resize=700%2C400 2x, https:\/\/i0.wp.com\/blogdoprosperi.com\/wp-content\/uploads\/2023\/01\/52499028142_4b0d1c3e97_h.webp?fit=1200%2C675&ssl=1&resize=1050%2C600 3x"},"classes":[]},{"id":42841,"url":"https:\/\/blogdoprosperi.com\/?p=42841","url_meta":{"origin":46962,"position":4},"title":"Dudu recebe aval de Abel Ferreira e decide ficar no Palmeiras","author":"Luiz Ant\u00f4nio Pr\u00f3speri","date":"16 de junho de 2024","format":false,"excerpt":"Dudu decide ficar no Palmeiras depois de conversar com Abel Ferreira nesse domingo (16\/6). Treinador disse que conta com o atacante nesse processo de reformula\u00e7\u00e3o do grupo, e mais: \u00e9 titular do time. Era tudo o que Dudu gostaria de ouvir para tomar a decis\u00e3o de n\u00e3o sair do Palmeiras.\u2026","rel":"","context":"Em &quot;futebol&quot;","block_context":{"text":"futebol","link":"https:\/\/blogdoprosperi.com\/?cat=53870"},"img":{"alt_text":"Dudu deixa Palmeiras","src":"https:\/\/i0.wp.com\/blogdoprosperi.com\/wp-content\/uploads\/2024\/06\/5d47ecc1372d74729185b8a054e958a5-1.jpg?fit=563%2C648&ssl=1&resize=350%2C200","width":350,"height":200,"srcset":"https:\/\/i0.wp.com\/blogdoprosperi.com\/wp-content\/uploads\/2024\/06\/5d47ecc1372d74729185b8a054e958a5-1.jpg?fit=563%2C648&ssl=1&resize=350%2C200 1x, https:\/\/i0.wp.com\/blogdoprosperi.com\/wp-content\/uploads\/2024\/06\/5d47ecc1372d74729185b8a054e958a5-1.jpg?fit=563%2C648&ssl=1&resize=525%2C300 1.5x"},"classes":[]},{"id":42883,"url":"https:\/\/blogdoprosperi.com\/?p=42883","url_meta":{"origin":46962,"position":5},"title":"Dudu anuncia de forma oficial que n\u00e3o deixa o Palmeiras","author":"Luiz Ant\u00f4nio Pr\u00f3speri","date":"17 de junho de 2024","format":false,"excerpt":"Dudu acaba com as especula\u00e7\u00f5es e, em comunicado oficial no seu Instagram, anuncia sua perman\u00eancia no Palmeiras pelo menos at\u00e9 o fim do contrato, em dezembro de 2025, como noticiou esse blog Pr\u00f3speri News. Leila Pereira estava certa de que o neg\u00f3cio com o Cruzeiro estava fechado e at\u00e9 anunciou\u2026","rel":"","context":"Em &quot;futebol&quot;","block_context":{"text":"futebol","link":"https:\/\/blogdoprosperi.com\/?cat=53870"},"img":{"alt_text":"Dudu fica no Palmeiras","src":"https:\/\/i0.wp.com\/blogdoprosperi.com\/wp-content\/uploads\/2024\/06\/52473976363_a5e6a03d6d_o.webp?fit=1200%2C675&ssl=1&resize=350%2C200","width":350,"height":200,"srcset":"https:\/\/i0.wp.com\/blogdoprosperi.com\/wp-content\/uploads\/2024\/06\/52473976363_a5e6a03d6d_o.webp?fit=1200%2C675&ssl=1&resize=350%2C200 1x, https:\/\/i0.wp.com\/blogdoprosperi.com\/wp-content\/uploads\/2024\/06\/52473976363_a5e6a03d6d_o.webp?fit=1200%2C675&ssl=1&resize=525%2C300 1.5x, https:\/\/i0.wp.com\/blogdoprosperi.com\/wp-content\/uploads\/2024\/06\/52473976363_a5e6a03d6d_o.webp?fit=1200%2C675&ssl=1&resize=700%2C400 2x, https:\/\/i0.wp.com\/blogdoprosperi.com\/wp-content\/uploads\/2024\/06\/52473976363_a5e6a03d6d_o.webp?fit=1200%2C675&ssl=1&resize=1050%2C600 3x"},"classes":[]}],"jetpack_featured_media_url":"https:\/\/i0.wp.com\/blogdoprosperi.com\/wp-content\/uploads\/2024\/12\/captura-de-tela-2024-12-12-as-16.48.45.png?fit=956%2C744&ssl=1","_links":{"self":[{"href":"https:\/\/blogdoprosperi.com\/index.php?rest_route=\/wp\/v2\/posts\/46962","targetHints":{"allow":["GET"]}}],"collection":[{"href":"https:\/\/blogdoprosperi.com\/index.php?rest_route=\/wp\/v2\/posts"}],"about":[{"href":"https:\/\/blogdoprosperi.com\/index.php?rest_route=\/wp\/v2\/types\/post"}],"author":[{"embeddable":true,"href":"https:\/\/blogdoprosperi.com\/index.php?rest_route=\/wp\/v2\/users\/102107496"}],"replies":[{"embeddable":true,"href":"https:\/\/blogdoprosperi.com\/index.php?rest_route=%2Fwp%2Fv2%2Fcomments&post=46962"}],"version-history":[{"count":12,"href":"https:\/\/blogdoprosperi.com\/index.php?rest_route=\/wp\/v2\/posts\/46962\/revisions"}],"predecessor-version":[{"id":46986,"href":"https:\/\/blogdoprosperi.com\/index.php?rest_route=\/wp\/v2\/posts\/46962\/revisions\/46986"}],"wp:featuredmedia":[{"embeddable":true,"href":"https:\/\/blogdoprosperi.com\/index.php?rest_route=\/wp\/v2\/media\/46978"}],"wp:attachment":[{"href":"https:\/\/blogdoprosperi.com\/index.php?rest_route=%2Fwp%2Fv2%2Fmedia&parent=46962"}],"wp:term":[{"taxonomy":"category","embeddable":true,"href":"https:\/\/blogdoprosperi.com\/index.php?rest_route=%2Fwp%2Fv2%2Fcategories&post=46962"},{"taxonomy":"post_tag","embeddable":true,"href":"https:\/\/blogdoprosperi.com\/index.php?rest_route=%2Fwp%2Fv2%2Ftags&post=46962"}],"curies":[{"name":"wp","href":"https:\/\/api.w.org\/{rel}","templated":true}]}}