{"id":46987,"date":"2024-12-14T11:25:00","date_gmt":"2024-12-14T14:25:00","guid":{"rendered":"https:\/\/blogdoprosperi.com\/?p=46987"},"modified":"2025-02-22T12:10:40","modified_gmt":"2025-02-22T15:10:40","slug":"cronicasabatica-idolos-desaparecem-do-futebol-brasileiro","status":"publish","type":"post","link":"https:\/\/blogdoprosperi.com\/?p=46987","title":{"rendered":"#Cr\u00f4nicasSab\u00e1tica #9 | \u00cddolos Desaparecem do Futebol Brasileiro"},"content":{"rendered":"<p><em>Luiz Ant\u00f4nio Pr\u00f3speri \u2013 14 dezembro (11h10) \u2013<\/em><\/p>\n<p>Dudu deixa Palmeiras e coloca fim em dez anos de reinado, idolatria pura. Arrasta uma multid\u00e3o de f\u00e3s incondicionais a protestar, lamentar e a chorar por sua sa\u00edda do Alviverde. Companheiros de time se pronunciam emocionados em agradecimento ao atacante e seus feitos no Palmeiras.<\/p>\n<p>Gabigol atrai milhares e milhares de torcedores ao Maracan\u00e3 h\u00e1 uma semana. Maioria dos 60 mil no est\u00e1dio estava l\u00e1 para se despedir de um \u00eddolo constru\u00eddo em apenas seis anos no clube. &#8220;Agora sou imortal no Flamengo&#8221;, disse o artilheiro ao fim de sua passagem no Rubro-Negro.<\/p>\n<p>Por ironia ou acaso, <strong><a style=\"color: #0000ff\" href=\"https:\/\/blogdoprosperi.com\/2024\/12\/12\/palmeiras-abandona-dudu-e-idolo-fecha-com-cruzeiro\/\">Dudu e Gabigol<\/a><\/strong> devem jogar juntos no Cruzeiro em 2025. Se juntam a C\u00e1ssio, goleiro \u00edcone do Corinthians por pouco mais de 12 anos.<\/p>\n<p>Dudu, Gabigol e C\u00e1ssio, os tr\u00eas \u00faltimos \u00eddolos em atividade no futebol brasileiro. Quem mais?<\/p>\n<p>Dif\u00edcil encontrar hoje em dia um jogador para se chamar de seu na maioria dos clubes nacionais. A constru\u00e7\u00e3o da idolatria n\u00e3o se faz de um jogo para outro. \u00c9 preciso ter identidade com as cores \u00a0do time, pulsar no ritmo de sua torcida e retribuir no campo a paix\u00e3o das arquibancadas. \u00c9 preciso tempo. E dedica\u00e7\u00e3o.<\/p>\n<p>Como arrumar tempo de clube se o futebol hoje \u00e9 neg\u00f3cio, neg\u00f3cio e neg\u00f3cio? Raro, muito raro, encontrar craques acima da m\u00e9dia que atuem por pelo menos tr\u00eas a quatro temporadas seguidas em um mesmo clube. Camisas ao vento.<\/p>\n<p>Vasculhem os pavilh\u00f5es, conversem com os torcedores e pesquisem. Desafio a citar aqui pelo menos um \u00eddolo em atividade no seu time.<\/p>\n<p>Internacional e Gr\u00eamio. Por quem os ga\u00fachos morrem de amor?<\/p>\n<p>Palmeiras? S\u00e3o Paulo, talvez Carelli? Corinthians, apaixonados sem convic\u00e7\u00e3o por uma temporada boa de Yuri Alberto. Santos? Ningu\u00e9m.<\/p>\n<p>Flamengo? Fluminense, talvez Thiago Silva que sai do clube h\u00e1 quase duas d\u00e9cadas e volta para encerrar a carreira. Convenhamos, \u00e9 for\u00e7ar muito a paix\u00e3o. Vasco? Ningu\u00e9m.<\/p>\n<p>E o campe\u00e3o Botafogo? Fulminante em 2024 e fulgaz na constru\u00e7\u00e3o de um \u00edcone. Luiz Henrique? Nem bem chegou e j\u00e1 vai embora.<\/p>\n<p>Atl\u00e9tico-MG? Talvez Hulk por bons servi\u00e7os prestados em quatro temporadas seguidas. Cruzeiro? Ningu\u00e9m. Da\u00ed a busca por Dudu, Gabigol e C\u00e1ssio.<\/p>\n<p>Bahia? Ningu\u00e9m. Sport Recife? Idem. Fortaleza? Nada.<\/p>\n<p>Os \u00eddolos desapareceram do futebol brasileiro. Nem mesmo as promessas se tornam realidade. Meninos candidatos a arrastar multid\u00f5es saem cada vez mais cedo de casa. Endrick e Estev\u00e3o no Palmeiras confirmam a teoria.<\/p>\n<p>Saudosismo ou n\u00e3o, os \u00faltimos idolatrados remontam d\u00e9cadas e d\u00e9cadas passadas. Zico, anos 80 no Flamengo, Rogerio Ceni, anos 90 no S\u00e3o Paulo, Reinaldo, anos 70 no Atl\u00e9tico-MG, Roberto Dinamite, anos 80 no Vasco, S\u00f3crates, anos 80 no Corinthians, Marcos, anos 90 no Palmeiras. Tudo isso para ficar em alguns expoentes do estrelato.<\/p>\n<p>Poderia citar mais nomes nessa breve lista dos que arrebanhavam cora\u00e7\u00f5es nos est\u00e1dios e encantavam milhares de torcedores mundo afora. A maioria vem de um passado n\u00e3o muito recente.<\/p>\n<p>Dif\u00edcil \u00e9 encontrar um novo Dudu. Idolatria n\u00e3o se compra por milh\u00f5es de euros. Nem se forja por desejo de um dirigente ou de um empres\u00e1rio. \u00c9 preciso conquistar a alma e jogar bola, muita bola. Qual cidad\u00e3o comum vestir\u00e1 a camisa 7 do Palmeiras sem o nome Dudu nas costas?<\/p>\n","protected":false},"excerpt":{"rendered":"<p>Luiz Ant\u00f4nio Pr\u00f3speri \u2013 14 dezembro (11h10) \u2013 Dudu deixa Palmeiras e coloca fim em dez anos de [&hellip;]<\/p>\n","protected":false},"author":102107496,"featured_media":46991,"comment_status":"open","ping_status":"open","sticky":false,"template":"","format":"standard","meta":{"_coblocks_attr":"","_coblocks_dimensions":"","_coblocks_responsive_height":"","_coblocks_accordion_ie_support":"","_jetpack_newsletter_access":"","_jetpack_dont_email_post_to_subs":false,"_jetpack_newsletter_tier_id":0,"_jetpack_memberships_contains_paywalled_content":false,"_wpcom_ai_launchpad_first_post":false,"_jetpack_feature_clip_id":0,"_jetpack_memberships_contains_paid_content":false,"footnotes":"","jetpack_publicize_message":"","jetpack_publicize_feature_enabled":true,"jetpack_social_post_already_shared":false,"jetpack_social_options":{"image_generator_settings":{"template":"highway","default_image_id":0,"font":"","enabled":false},"version":2},"jetpack_post_was_ever_published":false},"categories":[3919],"tags":[10668348,39232603,521771,1249177,25607665,3151783,449299,776758554,52406516,789560573,287104,5194749,2093513,597764],"class_list":["post-46987","post","type-post","status-publish","format-standard","has-post-thumbnail","hentry","category-opiniao","tag-0000ff","tag-cassio-2","tag-cruzeiro","tag-dudu","tag-endrick","tag-estevao","tag-flamengo","tag-futebol-idolos","tag-gabigol","tag-luiz-antonio-prosperi","tag-palmeiras","tag-roberto-dinamite","tag-sao-marcos","tag-zico"],"yoast_head":"<!-- This site is optimized with the Yoast SEO plugin v28.3 - https:\/\/yoast.com\/product\/yoast-seo-wordpress\/ -->\n<title>#Cr\u00f4nicasSab\u00e1tica #9 | \u00cddolos Desaparecem do Futebol Brasileiro - PR\u00d3SPERI NEWS<\/title>\n<meta name=\"robots\" content=\"index, follow, max-snippet:-1, max-image-preview:large, max-video-preview:-1\" \/>\n<link rel=\"canonical\" href=\"https:\/\/blogdoprosperi.com\/?p=46987\" \/>\n<meta property=\"og:locale\" content=\"pt_BR\" \/>\n<meta property=\"og:type\" content=\"article\" \/>\n<meta property=\"og:title\" content=\"#Cr\u00f4nicasSab\u00e1tica #9 | \u00cddolos Desaparecem do Futebol Brasileiro - PR\u00d3SPERI NEWS\" \/>\n<meta property=\"og:description\" content=\"Luiz Ant\u00f4nio Pr\u00f3speri \u2013 14 dezembro (11h10) \u2013 Dudu deixa Palmeiras e coloca fim em dez anos de [&hellip;]\" \/>\n<meta property=\"og:url\" content=\"https:\/\/blogdoprosperi.com\/?p=46987\" \/>\n<meta property=\"og:site_name\" content=\"PR\u00d3SPERI NEWS\" \/>\n<meta property=\"article:publisher\" content=\"Luiz Pr\u00f3speri\" \/>\n<meta property=\"article:author\" content=\"Luiz Pr\u00f3speri\" \/>\n<meta property=\"article:published_time\" content=\"2024-12-14T14:25:00+00:00\" \/>\n<meta property=\"article:modified_time\" content=\"2025-02-22T15:10:40+00:00\" \/>\n<meta property=\"og:image\" content=\"https:\/\/i0.wp.com\/blogdoprosperi.com\/wp-content\/uploads\/2024\/12\/1_sem_titulo_1_copiar-33355817.jpg?fit=1200%2C750&ssl=1\" \/>\n\t<meta property=\"og:image:width\" content=\"1200\" \/>\n\t<meta property=\"og:image:height\" content=\"750\" \/>\n\t<meta property=\"og:image:type\" content=\"image\/jpeg\" \/>\n<meta name=\"author\" content=\"Luiz Ant\u00f4nio Pr\u00f3speri\" \/>\n<meta name=\"twitter:card\" content=\"summary_large_image\" \/>\n<meta name=\"twitter:creator\" content=\"@Luizprosperi\" \/>\n<meta name=\"twitter:site\" content=\"@Luizprosperi\" \/>\n<meta name=\"twitter:label1\" content=\"Escrito por\" \/>\n\t<meta name=\"twitter:data1\" content=\"Luiz Ant\u00f4nio Pr\u00f3speri\" \/>\n\t<meta name=\"twitter:label2\" content=\"Est. tempo de leitura\" \/>\n\t<meta name=\"twitter:data2\" content=\"3 minutos\" \/>\n<script type=\"application\/ld+json\" class=\"yoast-schema-graph\">{\"@context\":\"https:\\\/\\\/schema.org\",\"@graph\":[{\"@type\":\"Article\",\"@id\":\"https:\\\/\\\/blogdoprosperi.com\\\/?p=46987#article\",\"isPartOf\":{\"@id\":\"https:\\\/\\\/blogdoprosperi.com\\\/?p=46987\"},\"author\":{\"name\":\"Luiz Ant\u00f4nio Pr\u00f3speri\",\"@id\":\"https:\\\/\\\/blogdoprosperi.com\\\/#\\\/schema\\\/person\\\/38100755ce3601861ee4fab9b5aa78e9\"},\"headline\":\"#Cr\u00f4nicasSab\u00e1tica #9 | \u00cddolos Desaparecem do Futebol Brasileiro\",\"datePublished\":\"2024-12-14T14:25:00+00:00\",\"dateModified\":\"2025-02-22T15:10:40+00:00\",\"mainEntityOfPage\":{\"@id\":\"https:\\\/\\\/blogdoprosperi.com\\\/?p=46987\"},\"wordCount\":575,\"commentCount\":0,\"publisher\":{\"@id\":\"https:\\\/\\\/blogdoprosperi.com\\\/#\\\/schema\\\/person\\\/38100755ce3601861ee4fab9b5aa78e9\"},\"image\":{\"@id\":\"https:\\\/\\\/blogdoprosperi.com\\\/?p=46987#primaryimage\"},\"thumbnailUrl\":\"https:\\\/\\\/i0.wp.com\\\/blogdoprosperi.com\\\/wp-content\\\/uploads\\\/2024\\\/12\\\/1_sem_titulo_1_copiar-33355817.jpg?fit=1200%2C750&ssl=1\",\"keywords\":[\"0000ff\",\"C\u00e1ssio\",\"Cruzeiro\",\"Dudu\",\"endrick\",\"Estev\u00e3o\",\"Flamengo\",\"futebol \u00eddolos\",\"Gabigol\",\"Luiz Ant\u00f4nio Pr\u00f3speri\",\"Palmeiras\",\"Roberto Dinamite\",\"S\u00e3o Marcos\",\"Zico\"],\"articleSection\":[\"opini\u00e3o\"],\"inLanguage\":\"pt-BR\",\"potentialAction\":[{\"@type\":\"CommentAction\",\"name\":\"Comment\",\"target\":[\"https:\\\/\\\/blogdoprosperi.com\\\/?p=46987#respond\"]}]},{\"@type\":\"WebPage\",\"@id\":\"https:\\\/\\\/blogdoprosperi.com\\\/?p=46987\",\"url\":\"https:\\\/\\\/blogdoprosperi.com\\\/?p=46987\",\"name\":\"#Cr\u00f4nicasSab\u00e1tica #9 | \u00cddolos Desaparecem do Futebol Brasileiro - PR\u00d3SPERI NEWS\",\"isPartOf\":{\"@id\":\"https:\\\/\\\/blogdoprosperi.com\\\/#website\"},\"primaryImageOfPage\":{\"@id\":\"https:\\\/\\\/blogdoprosperi.com\\\/?p=46987#primaryimage\"},\"image\":{\"@id\":\"https:\\\/\\\/blogdoprosperi.com\\\/?p=46987#primaryimage\"},\"thumbnailUrl\":\"https:\\\/\\\/i0.wp.com\\\/blogdoprosperi.com\\\/wp-content\\\/uploads\\\/2024\\\/12\\\/1_sem_titulo_1_copiar-33355817.jpg?fit=1200%2C750&ssl=1\",\"datePublished\":\"2024-12-14T14:25:00+00:00\",\"dateModified\":\"2025-02-22T15:10:40+00:00\",\"breadcrumb\":{\"@id\":\"https:\\\/\\\/blogdoprosperi.com\\\/?p=46987#breadcrumb\"},\"inLanguage\":\"pt-BR\",\"potentialAction\":[{\"@type\":\"ReadAction\",\"target\":[\"https:\\\/\\\/blogdoprosperi.com\\\/?p=46987\"]}]},{\"@type\":\"ImageObject\",\"inLanguage\":\"pt-BR\",\"@id\":\"https:\\\/\\\/blogdoprosperi.com\\\/?p=46987#primaryimage\",\"url\":\"https:\\\/\\\/i0.wp.com\\\/blogdoprosperi.com\\\/wp-content\\\/uploads\\\/2024\\\/12\\\/1_sem_titulo_1_copiar-33355817.jpg?fit=1200%2C750&ssl=1\",\"contentUrl\":\"https:\\\/\\\/i0.wp.com\\\/blogdoprosperi.com\\\/wp-content\\\/uploads\\\/2024\\\/12\\\/1_sem_titulo_1_copiar-33355817.jpg?fit=1200%2C750&ssl=1\",\"width\":1200,\"height\":750,\"caption\":\"foto: montagem Canal YouTube Central do Fla\"},{\"@type\":\"BreadcrumbList\",\"@id\":\"https:\\\/\\\/blogdoprosperi.com\\\/?p=46987#breadcrumb\",\"itemListElement\":[{\"@type\":\"ListItem\",\"position\":1,\"name\":\"In\u00edcio\",\"item\":\"https:\\\/\\\/blogdoprosperi.com\\\/\"},{\"@type\":\"ListItem\",\"position\":2,\"name\":\"#Cr\u00f4nicasSab\u00e1tica #9 | \u00cddolos Desaparecem do Futebol Brasileiro\"}]},{\"@type\":\"WebSite\",\"@id\":\"https:\\\/\\\/blogdoprosperi.com\\\/#website\",\"url\":\"https:\\\/\\\/blogdoprosperi.com\\\/\",\"name\":\"PR\u00d3SPERI NEWS\",\"description\":\"TUDO \u00c9  FUTEBOL\",\"publisher\":{\"@id\":\"https:\\\/\\\/blogdoprosperi.com\\\/#\\\/schema\\\/person\\\/38100755ce3601861ee4fab9b5aa78e9\"},\"alternateName\":\"blogdoprosperi.com\",\"potentialAction\":[{\"@type\":\"SearchAction\",\"target\":{\"@type\":\"EntryPoint\",\"urlTemplate\":\"https:\\\/\\\/blogdoprosperi.com\\\/?s={search_term_string}\"},\"query-input\":{\"@type\":\"PropertyValueSpecification\",\"valueRequired\":true,\"valueName\":\"search_term_string\"}}],\"inLanguage\":\"pt-BR\"},{\"@type\":[\"Person\",\"Organization\"],\"@id\":\"https:\\\/\\\/blogdoprosperi.com\\\/#\\\/schema\\\/person\\\/38100755ce3601861ee4fab9b5aa78e9\",\"name\":\"Luiz Ant\u00f4nio Pr\u00f3speri\",\"pronouns\":\"ele\",\"image\":{\"@type\":\"ImageObject\",\"inLanguage\":\"pt-BR\",\"@id\":\"https:\\\/\\\/i0.wp.com\\\/blogdoprosperi.com\\\/wp-content\\\/uploads\\\/2026\\\/05\\\/cropped-8059e613-6002-42fa-961e-8e275f575d71-2-5.jpg?fit=1360%2C931&ssl=1\",\"url\":\"https:\\\/\\\/i0.wp.com\\\/blogdoprosperi.com\\\/wp-content\\\/uploads\\\/2026\\\/05\\\/cropped-8059e613-6002-42fa-961e-8e275f575d71-2-5.jpg?fit=1360%2C931&ssl=1\",\"contentUrl\":\"https:\\\/\\\/i0.wp.com\\\/blogdoprosperi.com\\\/wp-content\\\/uploads\\\/2026\\\/05\\\/cropped-8059e613-6002-42fa-961e-8e275f575d71-2-5.jpg?fit=1360%2C931&ssl=1\",\"width\":1360,\"height\":931,\"caption\":\"Luiz Ant\u00f4nio Pr\u00f3speri\"},\"logo\":{\"@id\":\"https:\\\/\\\/i0.wp.com\\\/blogdoprosperi.com\\\/wp-content\\\/uploads\\\/2026\\\/05\\\/cropped-8059e613-6002-42fa-961e-8e275f575d71-2-5.jpg?fit=1360%2C931&ssl=1\"},\"description\":\"Jornalista com carreira dedicada ao esporte. Cobriu 9 Copas do Mundo in loco, 1990 na It\u00e1lia, 1994 nos EUA, 1998 na Fran\u00e7a, 2002 na Coreia do Sul e Jap\u00e3o, 2006 na Alemanha, 2010 na \u00c1frica do Sul, 2014 no Brasil, 2018 na R\u00fassia e 2022 no Qatar. Eurocopas, 1992 na Su\u00e9cia e 1996 na Inglaterra. Copa das Confedera\u00e7\u00f5es de 2005 na Alemanha e 2009 na \u00c1frica do Sul. Rep\u00f3rter e Editor, trabalhou no Jornal da Tarde e Estad\u00e3o, de 1984 a fevereiro de 2016. Colunista, blogueiro. E comentarista de futebol na R\u00e1dio Estad\u00e3o, de 2013 a fevereiro de 2016. Jornalista respons\u00e1vel do \\\"Pr\u00f3speri News\\\" (blogdoprosperi.com).\",\"sameAs\":[\"http:\\\/\\\/blogdoprosperi.com\",\"Luiz Pr\u00f3speri\",\"@luiz_prosperi\",\"https:\\\/\\\/x.com\\\/Luizprosperi\",\"@prosperinacopa\",\"luiz.prosperi@icloud.com\"],\"url\":\"https:\\\/\\\/blogdoprosperi.com\\\/?author=102107496\"}]}<\/script>\n<!-- \/ Yoast SEO plugin. -->","yoast_head_json":{"title":"#Cr\u00f4nicasSab\u00e1tica #9 | \u00cddolos Desaparecem do Futebol Brasileiro - PR\u00d3SPERI NEWS","robots":{"index":"index","follow":"follow","max-snippet":"max-snippet:-1","max-image-preview":"max-image-preview:large","max-video-preview":"max-video-preview:-1"},"canonical":"https:\/\/blogdoprosperi.com\/?p=46987","og_locale":"pt_BR","og_type":"article","og_title":"#Cr\u00f4nicasSab\u00e1tica #9 | \u00cddolos Desaparecem do Futebol Brasileiro - PR\u00d3SPERI NEWS","og_description":"Luiz Ant\u00f4nio Pr\u00f3speri \u2013 14 dezembro (11h10) \u2013 Dudu deixa Palmeiras e coloca fim em dez anos de [&hellip;]","og_url":"https:\/\/blogdoprosperi.com\/?p=46987","og_site_name":"PR\u00d3SPERI NEWS","article_publisher":"Luiz Pr\u00f3speri","article_author":"Luiz Pr\u00f3speri","article_published_time":"2024-12-14T14:25:00+00:00","article_modified_time":"2025-02-22T15:10:40+00:00","og_image":[{"width":1200,"height":750,"url":"https:\/\/i0.wp.com\/blogdoprosperi.com\/wp-content\/uploads\/2024\/12\/1_sem_titulo_1_copiar-33355817.jpg?fit=1200%2C750&ssl=1","type":"image\/jpeg"}],"author":"Luiz Ant\u00f4nio Pr\u00f3speri","twitter_card":"summary_large_image","twitter_creator":"@Luizprosperi","twitter_site":"@Luizprosperi","twitter_misc":{"Escrito por":"Luiz Ant\u00f4nio Pr\u00f3speri","Est. tempo de leitura":"3 minutos"},"schema":{"@context":"https:\/\/schema.org","@graph":[{"@type":"Article","@id":"https:\/\/blogdoprosperi.com\/?p=46987#article","isPartOf":{"@id":"https:\/\/blogdoprosperi.com\/?p=46987"},"author":{"name":"Luiz Ant\u00f4nio Pr\u00f3speri","@id":"https:\/\/blogdoprosperi.com\/#\/schema\/person\/38100755ce3601861ee4fab9b5aa78e9"},"headline":"#Cr\u00f4nicasSab\u00e1tica #9 | \u00cddolos Desaparecem do Futebol Brasileiro","datePublished":"2024-12-14T14:25:00+00:00","dateModified":"2025-02-22T15:10:40+00:00","mainEntityOfPage":{"@id":"https:\/\/blogdoprosperi.com\/?p=46987"},"wordCount":575,"commentCount":0,"publisher":{"@id":"https:\/\/blogdoprosperi.com\/#\/schema\/person\/38100755ce3601861ee4fab9b5aa78e9"},"image":{"@id":"https:\/\/blogdoprosperi.com\/?p=46987#primaryimage"},"thumbnailUrl":"https:\/\/i0.wp.com\/blogdoprosperi.com\/wp-content\/uploads\/2024\/12\/1_sem_titulo_1_copiar-33355817.jpg?fit=1200%2C750&ssl=1","keywords":["0000ff","C\u00e1ssio","Cruzeiro","Dudu","endrick","Estev\u00e3o","Flamengo","futebol \u00eddolos","Gabigol","Luiz Ant\u00f4nio Pr\u00f3speri","Palmeiras","Roberto Dinamite","S\u00e3o Marcos","Zico"],"articleSection":["opini\u00e3o"],"inLanguage":"pt-BR","potentialAction":[{"@type":"CommentAction","name":"Comment","target":["https:\/\/blogdoprosperi.com\/?p=46987#respond"]}]},{"@type":"WebPage","@id":"https:\/\/blogdoprosperi.com\/?p=46987","url":"https:\/\/blogdoprosperi.com\/?p=46987","name":"#Cr\u00f4nicasSab\u00e1tica #9 | \u00cddolos Desaparecem do Futebol Brasileiro - PR\u00d3SPERI NEWS","isPartOf":{"@id":"https:\/\/blogdoprosperi.com\/#website"},"primaryImageOfPage":{"@id":"https:\/\/blogdoprosperi.com\/?p=46987#primaryimage"},"image":{"@id":"https:\/\/blogdoprosperi.com\/?p=46987#primaryimage"},"thumbnailUrl":"https:\/\/i0.wp.com\/blogdoprosperi.com\/wp-content\/uploads\/2024\/12\/1_sem_titulo_1_copiar-33355817.jpg?fit=1200%2C750&ssl=1","datePublished":"2024-12-14T14:25:00+00:00","dateModified":"2025-02-22T15:10:40+00:00","breadcrumb":{"@id":"https:\/\/blogdoprosperi.com\/?p=46987#breadcrumb"},"inLanguage":"pt-BR","potentialAction":[{"@type":"ReadAction","target":["https:\/\/blogdoprosperi.com\/?p=46987"]}]},{"@type":"ImageObject","inLanguage":"pt-BR","@id":"https:\/\/blogdoprosperi.com\/?p=46987#primaryimage","url":"https:\/\/i0.wp.com\/blogdoprosperi.com\/wp-content\/uploads\/2024\/12\/1_sem_titulo_1_copiar-33355817.jpg?fit=1200%2C750&ssl=1","contentUrl":"https:\/\/i0.wp.com\/blogdoprosperi.com\/wp-content\/uploads\/2024\/12\/1_sem_titulo_1_copiar-33355817.jpg?fit=1200%2C750&ssl=1","width":1200,"height":750,"caption":"foto: montagem Canal YouTube Central do Fla"},{"@type":"BreadcrumbList","@id":"https:\/\/blogdoprosperi.com\/?p=46987#breadcrumb","itemListElement":[{"@type":"ListItem","position":1,"name":"In\u00edcio","item":"https:\/\/blogdoprosperi.com\/"},{"@type":"ListItem","position":2,"name":"#Cr\u00f4nicasSab\u00e1tica #9 | \u00cddolos Desaparecem do Futebol Brasileiro"}]},{"@type":"WebSite","@id":"https:\/\/blogdoprosperi.com\/#website","url":"https:\/\/blogdoprosperi.com\/","name":"PR\u00d3SPERI NEWS","description":"TUDO \u00c9  FUTEBOL","publisher":{"@id":"https:\/\/blogdoprosperi.com\/#\/schema\/person\/38100755ce3601861ee4fab9b5aa78e9"},"alternateName":"blogdoprosperi.com","potentialAction":[{"@type":"SearchAction","target":{"@type":"EntryPoint","urlTemplate":"https:\/\/blogdoprosperi.com\/?s={search_term_string}"},"query-input":{"@type":"PropertyValueSpecification","valueRequired":true,"valueName":"search_term_string"}}],"inLanguage":"pt-BR"},{"@type":["Person","Organization"],"@id":"https:\/\/blogdoprosperi.com\/#\/schema\/person\/38100755ce3601861ee4fab9b5aa78e9","name":"Luiz Ant\u00f4nio Pr\u00f3speri","pronouns":"ele","image":{"@type":"ImageObject","inLanguage":"pt-BR","@id":"https:\/\/i0.wp.com\/blogdoprosperi.com\/wp-content\/uploads\/2026\/05\/cropped-8059e613-6002-42fa-961e-8e275f575d71-2-5.jpg?fit=1360%2C931&ssl=1","url":"https:\/\/i0.wp.com\/blogdoprosperi.com\/wp-content\/uploads\/2026\/05\/cropped-8059e613-6002-42fa-961e-8e275f575d71-2-5.jpg?fit=1360%2C931&ssl=1","contentUrl":"https:\/\/i0.wp.com\/blogdoprosperi.com\/wp-content\/uploads\/2026\/05\/cropped-8059e613-6002-42fa-961e-8e275f575d71-2-5.jpg?fit=1360%2C931&ssl=1","width":1360,"height":931,"caption":"Luiz Ant\u00f4nio Pr\u00f3speri"},"logo":{"@id":"https:\/\/i0.wp.com\/blogdoprosperi.com\/wp-content\/uploads\/2026\/05\/cropped-8059e613-6002-42fa-961e-8e275f575d71-2-5.jpg?fit=1360%2C931&ssl=1"},"description":"Jornalista com carreira dedicada ao esporte. Cobriu 9 Copas do Mundo in loco, 1990 na It\u00e1lia, 1994 nos EUA, 1998 na Fran\u00e7a, 2002 na Coreia do Sul e Jap\u00e3o, 2006 na Alemanha, 2010 na \u00c1frica do Sul, 2014 no Brasil, 2018 na R\u00fassia e 2022 no Qatar. Eurocopas, 1992 na Su\u00e9cia e 1996 na Inglaterra. Copa das Confedera\u00e7\u00f5es de 2005 na Alemanha e 2009 na \u00c1frica do Sul. Rep\u00f3rter e Editor, trabalhou no Jornal da Tarde e Estad\u00e3o, de 1984 a fevereiro de 2016. Colunista, blogueiro. E comentarista de futebol na R\u00e1dio Estad\u00e3o, de 2013 a fevereiro de 2016. Jornalista respons\u00e1vel do \"Pr\u00f3speri News\" (blogdoprosperi.com).","sameAs":["http:\/\/blogdoprosperi.com","Luiz Pr\u00f3speri","@luiz_prosperi","https:\/\/x.com\/Luizprosperi","@prosperinacopa","luiz.prosperi@icloud.com"],"url":"https:\/\/blogdoprosperi.com\/?author=102107496"}]}},"jetpack_publicize_connections":[],"jetpack_likes_enabled":false,"jetpack_sharing_enabled":true,"jetpack_shortlink":"https:\/\/wp.me\/p7jvdk-cdR","jetpack-related-posts":[{"id":44408,"url":"https:\/\/blogdoprosperi.com\/?p=44408","url_meta":{"origin":46987,"position":0},"title":"James Rodriguez, Gabigol e Dudu, indesejados queridos","author":"Luiz Ant\u00f4nio Pr\u00f3speri","date":"22 de julho de 2024","format":false,"excerpt":"Luiz Ant\u00f4nio Pr\u00f3speri \u2013 22 julho (18h20) James Rodriguez n\u00e3o joga mais no S\u00e3o Paulo. Clube e jogador tratam da rescis\u00e3o do contrato, v\u00e1lido at\u00e9 2025. Gabigol tem prazo estipulado para deixar o Flamengo, dezembro de 2024. E Dudu espera jogar no Palmeiras pelo menos at\u00e9 o fim de 2025.\u2026","rel":"","context":"Em &quot;futebol&quot;","block_context":{"text":"futebol","link":"https:\/\/blogdoprosperi.com\/?cat=53870"},"img":{"alt_text":"","src":"https:\/\/i0.wp.com\/blogdoprosperi.com\/wp-content\/uploads\/2024\/07\/jamez-rodriguez_sao-paulo_bid_es-brasil.jpg?fit=1068%2C668&ssl=1&resize=350%2C200","width":350,"height":200,"srcset":"https:\/\/i0.wp.com\/blogdoprosperi.com\/wp-content\/uploads\/2024\/07\/jamez-rodriguez_sao-paulo_bid_es-brasil.jpg?fit=1068%2C668&ssl=1&resize=350%2C200 1x, https:\/\/i0.wp.com\/blogdoprosperi.com\/wp-content\/uploads\/2024\/07\/jamez-rodriguez_sao-paulo_bid_es-brasil.jpg?fit=1068%2C668&ssl=1&resize=525%2C300 1.5x, https:\/\/i0.wp.com\/blogdoprosperi.com\/wp-content\/uploads\/2024\/07\/jamez-rodriguez_sao-paulo_bid_es-brasil.jpg?fit=1068%2C668&ssl=1&resize=700%2C400 2x, https:\/\/i0.wp.com\/blogdoprosperi.com\/wp-content\/uploads\/2024\/07\/jamez-rodriguez_sao-paulo_bid_es-brasil.jpg?fit=1068%2C668&ssl=1&resize=1050%2C600 3x"},"classes":[]},{"id":46777,"url":"https:\/\/blogdoprosperi.com\/?p=46777","url_meta":{"origin":46987,"position":1},"title":"Brasileir\u00e3o 2024 | Ta\u00e7a, Dramas, Rebaixamento e Despedidas na \u00daltima Rodada","author":"Luiz Ant\u00f4nio Pr\u00f3speri","date":"7 de dezembro de 2024","format":false,"excerpt":"Luiz Ant\u00f4nio Pr\u00f3speri \u2013 7 dezembro (11h05) \u2013 Brasileir\u00e3o 2024 chega \u00e0 \u00faltima rodada (38.\u00aa) com disputa de t\u00edtulo, pavor do rebaixamento, dramas, despedidas, derrota do futebol para a viol\u00eancia, sucessos e fracassos da SAF e graves problemas de gest\u00e3o da CBF. Muitas hist\u00f3rias ser\u00e3o contadas nesse domingo (08\/12) a\u2026","rel":"","context":"Em &quot;futebol&quot;","block_context":{"text":"futebol","link":"https:\/\/blogdoprosperi.com\/?cat=53870"},"img":{"alt_text":"","src":"https:\/\/i0.wp.com\/blogdoprosperi.com\/wp-content\/uploads\/2024\/12\/trofeu-brasileirao-trivela-scaled-1.jpg?fit=1200%2C675&ssl=1&resize=350%2C200","width":350,"height":200,"srcset":"https:\/\/i0.wp.com\/blogdoprosperi.com\/wp-content\/uploads\/2024\/12\/trofeu-brasileirao-trivela-scaled-1.jpg?fit=1200%2C675&ssl=1&resize=350%2C200 1x, https:\/\/i0.wp.com\/blogdoprosperi.com\/wp-content\/uploads\/2024\/12\/trofeu-brasileirao-trivela-scaled-1.jpg?fit=1200%2C675&ssl=1&resize=525%2C300 1.5x, https:\/\/i0.wp.com\/blogdoprosperi.com\/wp-content\/uploads\/2024\/12\/trofeu-brasileirao-trivela-scaled-1.jpg?fit=1200%2C675&ssl=1&resize=700%2C400 2x, https:\/\/i0.wp.com\/blogdoprosperi.com\/wp-content\/uploads\/2024\/12\/trofeu-brasileirao-trivela-scaled-1.jpg?fit=1200%2C675&ssl=1&resize=1050%2C600 3x"},"classes":[]},{"id":46873,"url":"https:\/\/blogdoprosperi.com\/?p=46873","url_meta":{"origin":46987,"position":2},"title":"Mercado Futebol | Santos Contrata Z\u00e9 Rafael e Ver\u00f3n, Cruzeiro Rifa Diniz e Fecha com Renato Ga\u00facho","author":"Luiz Ant\u00f4nio Pr\u00f3speri","date":"27 de janeiro de 2025","format":false,"excerpt":"Luiz Ant\u00f4nio Pr\u00f3speri \u2013 27 janeiro (20h25) \u2013 Confira aqui principais negocia\u00e7\u00f5es no mercado do futebol brasileiro temporada 2025. P\u00e1gina ser\u00e1 atualizada com novas transfer\u00eancias de jogadores e treinadores. E mais: an\u00e1lise de cada transa\u00e7\u00e3o. Segunda-feira \u2013 27 janeiro \u2013 20h15 SANTOS FILIAL DO PALMEIRAS? Santos anuncia contrata\u00e7\u00e3o do volante\u2026","rel":"","context":"Em &quot;futebol&quot;","block_context":{"text":"futebol","link":"https:\/\/blogdoprosperi.com\/?cat=53870"},"img":{"alt_text":"","src":"https:\/\/i0.wp.com\/blogdoprosperi.com\/wp-content\/uploads\/2024\/11\/54160663755_bfe3e8aaca_c.jpg?fit=800%2C450&ssl=1&resize=350%2C200","width":350,"height":200,"srcset":"https:\/\/i0.wp.com\/blogdoprosperi.com\/wp-content\/uploads\/2024\/11\/54160663755_bfe3e8aaca_c.jpg?fit=800%2C450&ssl=1&resize=350%2C200 1x, https:\/\/i0.wp.com\/blogdoprosperi.com\/wp-content\/uploads\/2024\/11\/54160663755_bfe3e8aaca_c.jpg?fit=800%2C450&ssl=1&resize=525%2C300 1.5x, https:\/\/i0.wp.com\/blogdoprosperi.com\/wp-content\/uploads\/2024\/11\/54160663755_bfe3e8aaca_c.jpg?fit=800%2C450&ssl=1&resize=700%2C400 2x"},"classes":[]},{"id":47330,"url":"https:\/\/blogdoprosperi.com\/?p=47330","url_meta":{"origin":46987,"position":3},"title":"A Crise do Botafogo e a Euforia do Cruzeiro, Encantadores de Serpentes","author":"Luiz Ant\u00f4nio Pr\u00f3speri","date":"6 de janeiro de 2025","format":false,"excerpt":"Luiz Ant\u00f4nio Pr\u00f3speri \u2013 6 janeiro (12h01) \u2013 Botafogo est\u00e1 em apuros. Cruzeiro, s\u00f3 euforia. Dois exemplos de como as SAF (Sociedades An\u00f4nimas de Futebol) atuam no Brasil. Dinheiro n\u00e3o \u00e9 problema. A quest\u00e3o \u00e9 a gest\u00e3o. Botafogo, mesmo com a piscina transbordando de d\u00f3lares, n\u00e3o segura um mesmo treinador\u2026","rel":"","context":"Em &quot;futebol&quot;","block_context":{"text":"futebol","link":"https:\/\/blogdoprosperi.com\/?cat=53870"},"img":{"alt_text":"Constela\u00e7\u00e3o do Cruzeiro","src":"https:\/\/i0.wp.com\/blogdoprosperi.com\/wp-content\/uploads\/2025\/01\/captura-de-tela-2025-01-06-as-11.56.04.png?fit=984%2C658&ssl=1&resize=350%2C200","width":350,"height":200,"srcset":"https:\/\/i0.wp.com\/blogdoprosperi.com\/wp-content\/uploads\/2025\/01\/captura-de-tela-2025-01-06-as-11.56.04.png?fit=984%2C658&ssl=1&resize=350%2C200 1x, https:\/\/i0.wp.com\/blogdoprosperi.com\/wp-content\/uploads\/2025\/01\/captura-de-tela-2025-01-06-as-11.56.04.png?fit=984%2C658&ssl=1&resize=525%2C300 1.5x, https:\/\/i0.wp.com\/blogdoprosperi.com\/wp-content\/uploads\/2025\/01\/captura-de-tela-2025-01-06-as-11.56.04.png?fit=984%2C658&ssl=1&resize=700%2C400 2x"},"classes":[]},{"id":45161,"url":"https:\/\/blogdoprosperi.com\/?p=45161","url_meta":{"origin":46987,"position":4},"title":"Palmeiras 2025: Abel Ferreira J\u00e1 Tem Substituto de Estev\u00e3o","author":"Luiz Ant\u00f4nio Pr\u00f3speri","date":"13 de setembro de 2024","format":false,"excerpt":"Palmeiras tem substituto de Estev\u00e3o dentro do grupo de jogadores comandados por Abel Ferreira. \u00c9 s\u00f3 ter boa vontade.","rel":"","context":"Em &quot;futebol&quot;","block_context":{"text":"futebol","link":"https:\/\/blogdoprosperi.com\/?cat=53870"},"img":{"alt_text":"Dudu deixa Palmeiras","src":"https:\/\/i0.wp.com\/blogdoprosperi.com\/wp-content\/uploads\/2024\/06\/5d47ecc1372d74729185b8a054e958a5-1.jpg?fit=563%2C648&ssl=1&resize=350%2C200","width":350,"height":200,"srcset":"https:\/\/i0.wp.com\/blogdoprosperi.com\/wp-content\/uploads\/2024\/06\/5d47ecc1372d74729185b8a054e958a5-1.jpg?fit=563%2C648&ssl=1&resize=350%2C200 1x, https:\/\/i0.wp.com\/blogdoprosperi.com\/wp-content\/uploads\/2024\/06\/5d47ecc1372d74729185b8a054e958a5-1.jpg?fit=563%2C648&ssl=1&resize=525%2C300 1.5x"},"classes":[]},{"id":44333,"url":"https:\/\/blogdoprosperi.com\/?p=44333","url_meta":{"origin":46987,"position":5},"title":"Copa do Brasil \u2013 Flamengo x Palmeiras: a dura caminhada de Abel Ferreira at\u00e9 o topo da montanha","author":"Luiz Ant\u00f4nio Pr\u00f3speri","date":"18 de julho de 2024","format":false,"excerpt":"Sorteio da Copa do Brasil tem confronto Palmeiras x Flamengo nas oitavas de final. Um deles, apontados como os mais poderosos clubes brasileiros, vai ficar no meio do caminho. E perder a oportunidade de embolsar cerca de 94 milh\u00f5es na soma da premia\u00e7\u00e3o total da CB. Palmeiras decide a vaga\u2026","rel":"","context":"Em &quot;futebol&quot;","block_context":{"text":"futebol","link":"https:\/\/blogdoprosperi.com\/?cat=53870"},"img":{"alt_text":"","src":"https:\/\/i0.wp.com\/blogdoprosperi.com\/wp-content\/uploads\/2024\/07\/zyqmery5.jpeg?fit=600%2C375&ssl=1&resize=350%2C200","width":350,"height":200,"srcset":"https:\/\/i0.wp.com\/blogdoprosperi.com\/wp-content\/uploads\/2024\/07\/zyqmery5.jpeg?fit=600%2C375&ssl=1&resize=350%2C200 1x, https:\/\/i0.wp.com\/blogdoprosperi.com\/wp-content\/uploads\/2024\/07\/zyqmery5.jpeg?fit=600%2C375&ssl=1&resize=525%2C300 1.5x"},"classes":[]}],"jetpack_featured_media_url":"https:\/\/i0.wp.com\/blogdoprosperi.com\/wp-content\/uploads\/2024\/12\/1_sem_titulo_1_copiar-33355817.jpg?fit=1200%2C750&ssl=1","_links":{"self":[{"href":"https:\/\/blogdoprosperi.com\/index.php?rest_route=\/wp\/v2\/posts\/46987","targetHints":{"allow":["GET"]}}],"collection":[{"href":"https:\/\/blogdoprosperi.com\/index.php?rest_route=\/wp\/v2\/posts"}],"about":[{"href":"https:\/\/blogdoprosperi.com\/index.php?rest_route=\/wp\/v2\/types\/post"}],"author":[{"embeddable":true,"href":"https:\/\/blogdoprosperi.com\/index.php?rest_route=\/wp\/v2\/users\/102107496"}],"replies":[{"embeddable":true,"href":"https:\/\/blogdoprosperi.com\/index.php?rest_route=%2Fwp%2Fv2%2Fcomments&post=46987"}],"version-history":[{"count":8,"href":"https:\/\/blogdoprosperi.com\/index.php?rest_route=\/wp\/v2\/posts\/46987\/revisions"}],"predecessor-version":[{"id":48314,"href":"https:\/\/blogdoprosperi.com\/index.php?rest_route=\/wp\/v2\/posts\/46987\/revisions\/48314"}],"wp:featuredmedia":[{"embeddable":true,"href":"https:\/\/blogdoprosperi.com\/index.php?rest_route=\/wp\/v2\/media\/46991"}],"wp:attachment":[{"href":"https:\/\/blogdoprosperi.com\/index.php?rest_route=%2Fwp%2Fv2%2Fmedia&parent=46987"}],"wp:term":[{"taxonomy":"category","embeddable":true,"href":"https:\/\/blogdoprosperi.com\/index.php?rest_route=%2Fwp%2Fv2%2Fcategories&post=46987"},{"taxonomy":"post_tag","embeddable":true,"href":"https:\/\/blogdoprosperi.com\/index.php?rest_route=%2Fwp%2Fv2%2Ftags&post=46987"}],"curies":[{"name":"wp","href":"https:\/\/api.w.org\/{rel}","templated":true}]}}