{"id":47000,"date":"2024-12-16T12:36:08","date_gmt":"2024-12-16T15:36:08","guid":{"rendered":"https:\/\/blogdoprosperi.com\/?p=47000"},"modified":"2024-12-16T12:36:08","modified_gmt":"2024-12-16T15:36:08","slug":"neymar-santos-pode-esperar-sua-hora-vai-chegar","status":"publish","type":"post","link":"https:\/\/blogdoprosperi.com\/?p=47000","title":{"rendered":"Neymar | Santos Pode Esperar, Sua Hora Vai Chegar"},"content":{"rendered":"<p><em>Luiz Ant\u00f4nio Pr\u00f3speri \u2013 16 dezembro (11h59) \u2013<\/em><\/p>\n<p>Neymar pretende jogar no Al-Hilal da Ar\u00e1bia Saudita pelo menos at\u00e9 o Mundial de Clubes Fifa, em julho de 2025, nos Estados Unidos. Contrato com o cube \u00e1rabe se encerra em agosto 2025. Livre no mercado no segundo semestre da pr\u00f3xima temporada, teria o Santos como o mais prov\u00e1vel destino. At\u00e9 por isso, o Santos pode esperar. Sabe que sua hora vai chegar.<\/p>\n<p>Plano imediato de Neymar \u00e9 voltar \u00e0 Sele\u00e7\u00e3o Brasileira em mar\u00e7o e chegar em \u00f3timas condi\u00e7\u00f5es f\u00edsicas ao Mundial de Clubes jogando no Al Hilal.<\/p>\n<blockquote><p>&#8220;Em primeiro lugar, quero ter uma boa temporada com o <strong>Al Hilal<\/strong>. Estou voltando de uma grave les\u00e3o. Ainda preciso de um tempo para alcan\u00e7ar meu n\u00edvel e mostrar que estou aqui. Minha prioridade \u00e9 me recuperar bem, desenvolver fisicamente e apenas jogar de novo.<strong> Quero disputar o Mundial de 2025 com o Al Hilal, porque sei que \u00e9 um torneio importante para o clube<\/strong>. Claro que a Copa do Mundo \u00e9 uma meta para todos os atletas. Eu j\u00e1 joguei tr\u00eas e sem d\u00favida quero disputar a quarta&#8221; \u2013 <strong>Neymar<\/strong>, em entrevista para a <em>RMC Sport<\/em>, da Fran\u00e7a..<\/p><\/blockquote>\n<p>&#8220;Eu vou voltar (<em>a jogar na Sele\u00e7\u00e3o Brasileira<\/em>). Estou me preparando para isso e muito empolgado. <strong>Eu poderia ter sido chamado agora em novembro, mas, depois de conversarmos, o t\u00e9cnico (<em>Dorival J\u00fanior<\/em>) decidiu n\u00e3o me convocar<\/strong>. Na pr\u00f3xima (<em>convoca\u00e7\u00e3o, em mar\u00e7o<\/em>) , eu certamente estarei com meus companheiros. N\u00e3o h\u00e1 nada melhor que representar seu pa\u00eds. Esperamos que o time melhore, est\u00e1 evoluindo. N\u00e3o podemos esquecer que \u00e9 uma sele\u00e7\u00e3o jovem, que tem potencial, por isso temos que evoluir rapidamente para virar um grande time&#8221;.<\/p>\n<p>Cartas na mesa, Neymar tem de encarar a pr\u00f3xima temporada como se fosse a \u00faltima de sua carreira. N\u00e3o h\u00e1 mais tempo a perder. Se n\u00e3o se esfor\u00e7ar em 2025, pode dizer adeus \u00e0 \u00a0Copa do Mundo 2026.<\/p>\n","protected":false},"excerpt":{"rendered":"<p>Luiz Ant\u00f4nio Pr\u00f3speri \u2013 16 dezembro (11h59) \u2013 Neymar pretende jogar no Al-Hilal da Ar\u00e1bia Saudita pelo menos [&hellip;]<\/p>\n","protected":false},"author":102107496,"featured_media":47009,"comment_status":"open","ping_status":"open","sticky":false,"template":"","format":"standard","meta":{"_coblocks_attr":"","_coblocks_dimensions":"","_coblocks_responsive_height":"","_coblocks_accordion_ie_support":"","_jetpack_newsletter_access":"","_jetpack_dont_email_post_to_subs":false,"_jetpack_newsletter_tier_id":0,"_jetpack_memberships_contains_paywalled_content":false,"_wpcom_ai_launchpad_first_post":false,"_jetpack_feature_clip_id":0,"_jetpack_memberships_contains_paid_content":false,"footnotes":"","jetpack_publicize_message":"","jetpack_publicize_feature_enabled":true,"jetpack_social_post_already_shared":false,"jetpack_social_options":{"image_generator_settings":{"template":"highway","default_image_id":0,"font":"","enabled":false},"version":2},"jetpack_post_was_ever_published":false},"categories":[53870,20384],"tags":[2248003,789560577,789560560,789560573,789560583,4112146,2588859,789560562],"class_list":["post-47000","post","type-post","status-publish","format-standard","has-post-thumbnail","hentry","category-futebol","category-informacao","tag-al-hilal","tag-copa-do-mundo-2026","tag-futebol","tag-luiz-antonio-prosperi","tag-mundial-de-clubes-2025","tag-neymar","tag-santos-fc","tag-selecao-brasileira"],"yoast_head":"<!-- This site is optimized with the Yoast SEO plugin v28.3 - https:\/\/yoast.com\/product\/yoast-seo-wordpress\/ -->\n<title>Neymar | Santos Pode Esperar, Sua Hora Vai Chegar - PR\u00d3SPERI NEWS<\/title>\n<meta name=\"robots\" content=\"index, follow, max-snippet:-1, max-image-preview:large, max-video-preview:-1\" \/>\n<link rel=\"canonical\" href=\"https:\/\/blogdoprosperi.com\/?p=47000\" \/>\n<meta property=\"og:locale\" content=\"pt_BR\" \/>\n<meta property=\"og:type\" content=\"article\" \/>\n<meta property=\"og:title\" content=\"Neymar | Santos Pode Esperar, Sua Hora Vai Chegar - PR\u00d3SPERI NEWS\" \/>\n<meta property=\"og:description\" content=\"Luiz Ant\u00f4nio Pr\u00f3speri \u2013 16 dezembro (11h59) \u2013 Neymar pretende jogar no Al-Hilal da Ar\u00e1bia Saudita pelo menos [&hellip;]\" \/>\n<meta property=\"og:url\" content=\"https:\/\/blogdoprosperi.com\/?p=47000\" \/>\n<meta property=\"og:site_name\" content=\"PR\u00d3SPERI NEWS\" \/>\n<meta property=\"article:publisher\" content=\"Luiz Pr\u00f3speri\" \/>\n<meta property=\"article:author\" content=\"Luiz Pr\u00f3speri\" \/>\n<meta property=\"article:published_time\" content=\"2024-12-16T15:36:08+00:00\" \/>\n<meta property=\"og:image\" content=\"https:\/\/i0.wp.com\/blogdoprosperi.com\/wp-content\/uploads\/2024\/12\/850_dbf990f63f.jpg?fit=850%2C567&ssl=1\" \/>\n\t<meta property=\"og:image:width\" content=\"850\" \/>\n\t<meta property=\"og:image:height\" content=\"567\" \/>\n\t<meta property=\"og:image:type\" content=\"image\/jpeg\" \/>\n<meta name=\"author\" content=\"Luiz Ant\u00f4nio Pr\u00f3speri\" \/>\n<meta name=\"twitter:card\" content=\"summary_large_image\" \/>\n<meta name=\"twitter:creator\" content=\"@Luizprosperi\" \/>\n<meta name=\"twitter:site\" content=\"@Luizprosperi\" \/>\n<meta name=\"twitter:label1\" content=\"Escrito por\" \/>\n\t<meta name=\"twitter:data1\" content=\"Luiz Ant\u00f4nio Pr\u00f3speri\" \/>\n\t<meta name=\"twitter:label2\" content=\"Est. tempo de leitura\" \/>\n\t<meta name=\"twitter:data2\" content=\"2 minutos\" \/>\n<script type=\"application\/ld+json\" class=\"yoast-schema-graph\">{\"@context\":\"https:\\\/\\\/schema.org\",\"@graph\":[{\"@type\":\"Article\",\"@id\":\"https:\\\/\\\/blogdoprosperi.com\\\/?p=47000#article\",\"isPartOf\":{\"@id\":\"https:\\\/\\\/blogdoprosperi.com\\\/?p=47000\"},\"author\":{\"name\":\"Luiz Ant\u00f4nio Pr\u00f3speri\",\"@id\":\"https:\\\/\\\/blogdoprosperi.com\\\/#\\\/schema\\\/person\\\/38100755ce3601861ee4fab9b5aa78e9\"},\"headline\":\"Neymar | Santos Pode Esperar, Sua Hora Vai Chegar\",\"datePublished\":\"2024-12-16T15:36:08+00:00\",\"mainEntityOfPage\":{\"@id\":\"https:\\\/\\\/blogdoprosperi.com\\\/?p=47000\"},\"wordCount\":339,\"commentCount\":1,\"publisher\":{\"@id\":\"https:\\\/\\\/blogdoprosperi.com\\\/#\\\/schema\\\/person\\\/38100755ce3601861ee4fab9b5aa78e9\"},\"image\":{\"@id\":\"https:\\\/\\\/blogdoprosperi.com\\\/?p=47000#primaryimage\"},\"thumbnailUrl\":\"https:\\\/\\\/i0.wp.com\\\/blogdoprosperi.com\\\/wp-content\\\/uploads\\\/2024\\\/12\\\/850_dbf990f63f.jpg?fit=850%2C567&ssl=1\",\"keywords\":[\"Al Hilal\",\"copa do mundo 2026\",\"futebol\",\"Luiz Ant\u00f4nio Pr\u00f3speri\",\"mundial de clubes 2025\",\"Neymar\",\"Santos FC\",\"Sele\u00e7\u00e3o Brasileira\"],\"articleSection\":[\"futebol\",\"informa\u00e7\u00e3o\"],\"inLanguage\":\"pt-BR\",\"potentialAction\":[{\"@type\":\"CommentAction\",\"name\":\"Comment\",\"target\":[\"https:\\\/\\\/blogdoprosperi.com\\\/?p=47000#respond\"]}]},{\"@type\":\"WebPage\",\"@id\":\"https:\\\/\\\/blogdoprosperi.com\\\/?p=47000\",\"url\":\"https:\\\/\\\/blogdoprosperi.com\\\/?p=47000\",\"name\":\"Neymar | Santos Pode Esperar, Sua Hora Vai Chegar - PR\u00d3SPERI NEWS\",\"isPartOf\":{\"@id\":\"https:\\\/\\\/blogdoprosperi.com\\\/#website\"},\"primaryImageOfPage\":{\"@id\":\"https:\\\/\\\/blogdoprosperi.com\\\/?p=47000#primaryimage\"},\"image\":{\"@id\":\"https:\\\/\\\/blogdoprosperi.com\\\/?p=47000#primaryimage\"},\"thumbnailUrl\":\"https:\\\/\\\/i0.wp.com\\\/blogdoprosperi.com\\\/wp-content\\\/uploads\\\/2024\\\/12\\\/850_dbf990f63f.jpg?fit=850%2C567&ssl=1\",\"datePublished\":\"2024-12-16T15:36:08+00:00\",\"breadcrumb\":{\"@id\":\"https:\\\/\\\/blogdoprosperi.com\\\/?p=47000#breadcrumb\"},\"inLanguage\":\"pt-BR\",\"potentialAction\":[{\"@type\":\"ReadAction\",\"target\":[\"https:\\\/\\\/blogdoprosperi.com\\\/?p=47000\"]}]},{\"@type\":\"ImageObject\",\"inLanguage\":\"pt-BR\",\"@id\":\"https:\\\/\\\/blogdoprosperi.com\\\/?p=47000#primaryimage\",\"url\":\"https:\\\/\\\/i0.wp.com\\\/blogdoprosperi.com\\\/wp-content\\\/uploads\\\/2024\\\/12\\\/850_dbf990f63f.jpg?fit=850%2C567&ssl=1\",\"contentUrl\":\"https:\\\/\\\/i0.wp.com\\\/blogdoprosperi.com\\\/wp-content\\\/uploads\\\/2024\\\/12\\\/850_dbf990f63f.jpg?fit=850%2C567&ssl=1\",\"width\":850,\"height\":567,\"caption\":\"Neymar e companheiros de Al Hilal \u2013 foto: Al Hilal oficial\"},{\"@type\":\"BreadcrumbList\",\"@id\":\"https:\\\/\\\/blogdoprosperi.com\\\/?p=47000#breadcrumb\",\"itemListElement\":[{\"@type\":\"ListItem\",\"position\":1,\"name\":\"In\u00edcio\",\"item\":\"https:\\\/\\\/blogdoprosperi.com\\\/\"},{\"@type\":\"ListItem\",\"position\":2,\"name\":\"Neymar | Santos Pode Esperar, Sua Hora Vai Chegar\"}]},{\"@type\":\"WebSite\",\"@id\":\"https:\\\/\\\/blogdoprosperi.com\\\/#website\",\"url\":\"https:\\\/\\\/blogdoprosperi.com\\\/\",\"name\":\"PR\u00d3SPERI NEWS\",\"description\":\"TUDO \u00c9  FUTEBOL\",\"publisher\":{\"@id\":\"https:\\\/\\\/blogdoprosperi.com\\\/#\\\/schema\\\/person\\\/38100755ce3601861ee4fab9b5aa78e9\"},\"alternateName\":\"blogdoprosperi.com\",\"potentialAction\":[{\"@type\":\"SearchAction\",\"target\":{\"@type\":\"EntryPoint\",\"urlTemplate\":\"https:\\\/\\\/blogdoprosperi.com\\\/?s={search_term_string}\"},\"query-input\":{\"@type\":\"PropertyValueSpecification\",\"valueRequired\":true,\"valueName\":\"search_term_string\"}}],\"inLanguage\":\"pt-BR\"},{\"@type\":[\"Person\",\"Organization\"],\"@id\":\"https:\\\/\\\/blogdoprosperi.com\\\/#\\\/schema\\\/person\\\/38100755ce3601861ee4fab9b5aa78e9\",\"name\":\"Luiz Ant\u00f4nio Pr\u00f3speri\",\"pronouns\":\"ele\",\"image\":{\"@type\":\"ImageObject\",\"inLanguage\":\"pt-BR\",\"@id\":\"https:\\\/\\\/i0.wp.com\\\/blogdoprosperi.com\\\/wp-content\\\/uploads\\\/2026\\\/05\\\/cropped-8059e613-6002-42fa-961e-8e275f575d71-2-5.jpg?fit=1360%2C931&ssl=1\",\"url\":\"https:\\\/\\\/i0.wp.com\\\/blogdoprosperi.com\\\/wp-content\\\/uploads\\\/2026\\\/05\\\/cropped-8059e613-6002-42fa-961e-8e275f575d71-2-5.jpg?fit=1360%2C931&ssl=1\",\"contentUrl\":\"https:\\\/\\\/i0.wp.com\\\/blogdoprosperi.com\\\/wp-content\\\/uploads\\\/2026\\\/05\\\/cropped-8059e613-6002-42fa-961e-8e275f575d71-2-5.jpg?fit=1360%2C931&ssl=1\",\"width\":1360,\"height\":931,\"caption\":\"Luiz Ant\u00f4nio Pr\u00f3speri\"},\"logo\":{\"@id\":\"https:\\\/\\\/i0.wp.com\\\/blogdoprosperi.com\\\/wp-content\\\/uploads\\\/2026\\\/05\\\/cropped-8059e613-6002-42fa-961e-8e275f575d71-2-5.jpg?fit=1360%2C931&ssl=1\"},\"description\":\"Jornalista com carreira dedicada ao esporte. Cobriu 9 Copas do Mundo in loco, 1990 na It\u00e1lia, 1994 nos EUA, 1998 na Fran\u00e7a, 2002 na Coreia do Sul e Jap\u00e3o, 2006 na Alemanha, 2010 na \u00c1frica do Sul, 2014 no Brasil, 2018 na R\u00fassia e 2022 no Qatar. Eurocopas, 1992 na Su\u00e9cia e 1996 na Inglaterra. Copa das Confedera\u00e7\u00f5es de 2005 na Alemanha e 2009 na \u00c1frica do Sul. Rep\u00f3rter e Editor, trabalhou no Jornal da Tarde e Estad\u00e3o, de 1984 a fevereiro de 2016. Colunista, blogueiro. E comentarista de futebol na R\u00e1dio Estad\u00e3o, de 2013 a fevereiro de 2016. Jornalista respons\u00e1vel do \\\"Pr\u00f3speri News\\\" (blogdoprosperi.com).\",\"sameAs\":[\"http:\\\/\\\/blogdoprosperi.com\",\"Luiz Pr\u00f3speri\",\"@luiz_prosperi\",\"https:\\\/\\\/x.com\\\/Luizprosperi\",\"@prosperinacopa\",\"luiz.prosperi@icloud.com\"],\"url\":\"https:\\\/\\\/blogdoprosperi.com\\\/?author=102107496\"}]}<\/script>\n<!-- \/ Yoast SEO plugin. -->","yoast_head_json":{"title":"Neymar | Santos Pode Esperar, Sua Hora Vai Chegar - PR\u00d3SPERI NEWS","robots":{"index":"index","follow":"follow","max-snippet":"max-snippet:-1","max-image-preview":"max-image-preview:large","max-video-preview":"max-video-preview:-1"},"canonical":"https:\/\/blogdoprosperi.com\/?p=47000","og_locale":"pt_BR","og_type":"article","og_title":"Neymar | Santos Pode Esperar, Sua Hora Vai Chegar - PR\u00d3SPERI NEWS","og_description":"Luiz Ant\u00f4nio Pr\u00f3speri \u2013 16 dezembro (11h59) \u2013 Neymar pretende jogar no Al-Hilal da Ar\u00e1bia Saudita pelo menos [&hellip;]","og_url":"https:\/\/blogdoprosperi.com\/?p=47000","og_site_name":"PR\u00d3SPERI NEWS","article_publisher":"Luiz Pr\u00f3speri","article_author":"Luiz Pr\u00f3speri","article_published_time":"2024-12-16T15:36:08+00:00","og_image":[{"width":850,"height":567,"url":"https:\/\/i0.wp.com\/blogdoprosperi.com\/wp-content\/uploads\/2024\/12\/850_dbf990f63f.jpg?fit=850%2C567&ssl=1","type":"image\/jpeg"}],"author":"Luiz Ant\u00f4nio Pr\u00f3speri","twitter_card":"summary_large_image","twitter_creator":"@Luizprosperi","twitter_site":"@Luizprosperi","twitter_misc":{"Escrito por":"Luiz Ant\u00f4nio Pr\u00f3speri","Est. tempo de leitura":"2 minutos"},"schema":{"@context":"https:\/\/schema.org","@graph":[{"@type":"Article","@id":"https:\/\/blogdoprosperi.com\/?p=47000#article","isPartOf":{"@id":"https:\/\/blogdoprosperi.com\/?p=47000"},"author":{"name":"Luiz Ant\u00f4nio Pr\u00f3speri","@id":"https:\/\/blogdoprosperi.com\/#\/schema\/person\/38100755ce3601861ee4fab9b5aa78e9"},"headline":"Neymar | Santos Pode Esperar, Sua Hora Vai Chegar","datePublished":"2024-12-16T15:36:08+00:00","mainEntityOfPage":{"@id":"https:\/\/blogdoprosperi.com\/?p=47000"},"wordCount":339,"commentCount":1,"publisher":{"@id":"https:\/\/blogdoprosperi.com\/#\/schema\/person\/38100755ce3601861ee4fab9b5aa78e9"},"image":{"@id":"https:\/\/blogdoprosperi.com\/?p=47000#primaryimage"},"thumbnailUrl":"https:\/\/i0.wp.com\/blogdoprosperi.com\/wp-content\/uploads\/2024\/12\/850_dbf990f63f.jpg?fit=850%2C567&ssl=1","keywords":["Al Hilal","copa do mundo 2026","futebol","Luiz Ant\u00f4nio Pr\u00f3speri","mundial de clubes 2025","Neymar","Santos FC","Sele\u00e7\u00e3o Brasileira"],"articleSection":["futebol","informa\u00e7\u00e3o"],"inLanguage":"pt-BR","potentialAction":[{"@type":"CommentAction","name":"Comment","target":["https:\/\/blogdoprosperi.com\/?p=47000#respond"]}]},{"@type":"WebPage","@id":"https:\/\/blogdoprosperi.com\/?p=47000","url":"https:\/\/blogdoprosperi.com\/?p=47000","name":"Neymar | Santos Pode Esperar, Sua Hora Vai Chegar - PR\u00d3SPERI NEWS","isPartOf":{"@id":"https:\/\/blogdoprosperi.com\/#website"},"primaryImageOfPage":{"@id":"https:\/\/blogdoprosperi.com\/?p=47000#primaryimage"},"image":{"@id":"https:\/\/blogdoprosperi.com\/?p=47000#primaryimage"},"thumbnailUrl":"https:\/\/i0.wp.com\/blogdoprosperi.com\/wp-content\/uploads\/2024\/12\/850_dbf990f63f.jpg?fit=850%2C567&ssl=1","datePublished":"2024-12-16T15:36:08+00:00","breadcrumb":{"@id":"https:\/\/blogdoprosperi.com\/?p=47000#breadcrumb"},"inLanguage":"pt-BR","potentialAction":[{"@type":"ReadAction","target":["https:\/\/blogdoprosperi.com\/?p=47000"]}]},{"@type":"ImageObject","inLanguage":"pt-BR","@id":"https:\/\/blogdoprosperi.com\/?p=47000#primaryimage","url":"https:\/\/i0.wp.com\/blogdoprosperi.com\/wp-content\/uploads\/2024\/12\/850_dbf990f63f.jpg?fit=850%2C567&ssl=1","contentUrl":"https:\/\/i0.wp.com\/blogdoprosperi.com\/wp-content\/uploads\/2024\/12\/850_dbf990f63f.jpg?fit=850%2C567&ssl=1","width":850,"height":567,"caption":"Neymar e companheiros de Al Hilal \u2013 foto: Al Hilal oficial"},{"@type":"BreadcrumbList","@id":"https:\/\/blogdoprosperi.com\/?p=47000#breadcrumb","itemListElement":[{"@type":"ListItem","position":1,"name":"In\u00edcio","item":"https:\/\/blogdoprosperi.com\/"},{"@type":"ListItem","position":2,"name":"Neymar | Santos Pode Esperar, Sua Hora Vai Chegar"}]},{"@type":"WebSite","@id":"https:\/\/blogdoprosperi.com\/#website","url":"https:\/\/blogdoprosperi.com\/","name":"PR\u00d3SPERI NEWS","description":"TUDO \u00c9  FUTEBOL","publisher":{"@id":"https:\/\/blogdoprosperi.com\/#\/schema\/person\/38100755ce3601861ee4fab9b5aa78e9"},"alternateName":"blogdoprosperi.com","potentialAction":[{"@type":"SearchAction","target":{"@type":"EntryPoint","urlTemplate":"https:\/\/blogdoprosperi.com\/?s={search_term_string}"},"query-input":{"@type":"PropertyValueSpecification","valueRequired":true,"valueName":"search_term_string"}}],"inLanguage":"pt-BR"},{"@type":["Person","Organization"],"@id":"https:\/\/blogdoprosperi.com\/#\/schema\/person\/38100755ce3601861ee4fab9b5aa78e9","name":"Luiz Ant\u00f4nio Pr\u00f3speri","pronouns":"ele","image":{"@type":"ImageObject","inLanguage":"pt-BR","@id":"https:\/\/i0.wp.com\/blogdoprosperi.com\/wp-content\/uploads\/2026\/05\/cropped-8059e613-6002-42fa-961e-8e275f575d71-2-5.jpg?fit=1360%2C931&ssl=1","url":"https:\/\/i0.wp.com\/blogdoprosperi.com\/wp-content\/uploads\/2026\/05\/cropped-8059e613-6002-42fa-961e-8e275f575d71-2-5.jpg?fit=1360%2C931&ssl=1","contentUrl":"https:\/\/i0.wp.com\/blogdoprosperi.com\/wp-content\/uploads\/2026\/05\/cropped-8059e613-6002-42fa-961e-8e275f575d71-2-5.jpg?fit=1360%2C931&ssl=1","width":1360,"height":931,"caption":"Luiz Ant\u00f4nio Pr\u00f3speri"},"logo":{"@id":"https:\/\/i0.wp.com\/blogdoprosperi.com\/wp-content\/uploads\/2026\/05\/cropped-8059e613-6002-42fa-961e-8e275f575d71-2-5.jpg?fit=1360%2C931&ssl=1"},"description":"Jornalista com carreira dedicada ao esporte. Cobriu 9 Copas do Mundo in loco, 1990 na It\u00e1lia, 1994 nos EUA, 1998 na Fran\u00e7a, 2002 na Coreia do Sul e Jap\u00e3o, 2006 na Alemanha, 2010 na \u00c1frica do Sul, 2014 no Brasil, 2018 na R\u00fassia e 2022 no Qatar. Eurocopas, 1992 na Su\u00e9cia e 1996 na Inglaterra. Copa das Confedera\u00e7\u00f5es de 2005 na Alemanha e 2009 na \u00c1frica do Sul. Rep\u00f3rter e Editor, trabalhou no Jornal da Tarde e Estad\u00e3o, de 1984 a fevereiro de 2016. Colunista, blogueiro. E comentarista de futebol na R\u00e1dio Estad\u00e3o, de 2013 a fevereiro de 2016. Jornalista respons\u00e1vel do \"Pr\u00f3speri News\" (blogdoprosperi.com).","sameAs":["http:\/\/blogdoprosperi.com","Luiz Pr\u00f3speri","@luiz_prosperi","https:\/\/x.com\/Luizprosperi","@prosperinacopa","luiz.prosperi@icloud.com"],"url":"https:\/\/blogdoprosperi.com\/?author=102107496"}]}},"jetpack_publicize_connections":[],"jetpack_likes_enabled":false,"jetpack_sharing_enabled":true,"jetpack_shortlink":"https:\/\/wp.me\/p7jvdk-ce4","jetpack-related-posts":[{"id":46503,"url":"https:\/\/blogdoprosperi.com\/?p=46503","url_meta":{"origin":47000,"position":0},"title":"#Cr\u00f4nicaSab\u00e1tica #6 | Neymar e Ronaldo, Fen\u00f4menos Em Alfa","author":"Luiz Ant\u00f4nio Pr\u00f3speri","date":"23 de novembro de 2024","format":false,"excerpt":"Luiz Ant\u00f4nio Pr\u00f3speri \u2013 23 novembro (11h45) \u2013 Neymar, 32 anos, ainda jogador de futebol em atividade. Ronaldo, 48 anos, ex-jogador com chuteiras penduradas desde 2011. Dois craques extraordin\u00e1rios. Neymar corre atr\u00e1s de uma Copa do Mundo. Ronaldo tem duas a chamar de suas. Neymar nunca subiu ao p\u00f3dio de\u2026","rel":"","context":"Em &quot;futebol&quot;","block_context":{"text":"futebol","link":"https:\/\/blogdoprosperi.com\/?cat=53870"},"img":{"alt_text":"Neymar e Ronaldo, fen\u00f4menos em alfa","src":"https:\/\/i0.wp.com\/blogdoprosperi.com\/wp-content\/uploads\/2024\/11\/dscn6732.webp?fit=924%2C596&ssl=1&resize=350%2C200","width":350,"height":200,"srcset":"https:\/\/i0.wp.com\/blogdoprosperi.com\/wp-content\/uploads\/2024\/11\/dscn6732.webp?fit=924%2C596&ssl=1&resize=350%2C200 1x, https:\/\/i0.wp.com\/blogdoprosperi.com\/wp-content\/uploads\/2024\/11\/dscn6732.webp?fit=924%2C596&ssl=1&resize=525%2C300 1.5x, https:\/\/i0.wp.com\/blogdoprosperi.com\/wp-content\/uploads\/2024\/11\/dscn6732.webp?fit=924%2C596&ssl=1&resize=700%2C400 2x"},"classes":[]},{"id":41821,"url":"https:\/\/blogdoprosperi.com\/?p=41821","url_meta":{"origin":47000,"position":1},"title":"Neymar acabou antes de chegar ao fim de carreira, Dorival n\u00e3o concorda","author":"Luiz Ant\u00f4nio Pr\u00f3speri","date":"28 de fevereiro de 2024","format":false,"excerpt":"Ar\u00e1bia Saudita n\u00e3o ver\u00e1 um Neymar competitivo e sim um ilusionista, uma personagem das Mil e Uma Noites. Sele\u00e7\u00e3o Brasileira \u00e9 a \u00faltima esta\u00e7\u00e3o que Neymar tem para embarcar. Se \u00e9 que ele ainda pensa o futebol como um desafio e n\u00e3o como um conto das ar\u00e1bias.","rel":"","context":"Em &quot;futebol&quot;","block_context":{"text":"futebol","link":"https:\/\/blogdoprosperi.com\/?cat=53870"},"img":{"alt_text":"","src":"https:\/\/i0.wp.com\/blogdoprosperi.com\/wp-content\/uploads\/2023\/08\/neymar_junior_1200x675_19102023080007.jpg?fit=1200%2C675&ssl=1&resize=350%2C200","width":350,"height":200,"srcset":"https:\/\/i0.wp.com\/blogdoprosperi.com\/wp-content\/uploads\/2023\/08\/neymar_junior_1200x675_19102023080007.jpg?fit=1200%2C675&ssl=1&resize=350%2C200 1x, https:\/\/i0.wp.com\/blogdoprosperi.com\/wp-content\/uploads\/2023\/08\/neymar_junior_1200x675_19102023080007.jpg?fit=1200%2C675&ssl=1&resize=525%2C300 1.5x, https:\/\/i0.wp.com\/blogdoprosperi.com\/wp-content\/uploads\/2023\/08\/neymar_junior_1200x675_19102023080007.jpg?fit=1200%2C675&ssl=1&resize=700%2C400 2x, https:\/\/i0.wp.com\/blogdoprosperi.com\/wp-content\/uploads\/2023\/08\/neymar_junior_1200x675_19102023080007.jpg?fit=1200%2C675&ssl=1&resize=1050%2C600 3x"},"classes":[]},{"id":47609,"url":"https:\/\/blogdoprosperi.com\/?p=47609","url_meta":{"origin":47000,"position":2},"title":"Neymar Rescinde Contrato com Al Hilal e Desembarca no Santos Quarta-Feira","author":"Luiz Ant\u00f4nio Pr\u00f3speri","date":"27 de janeiro de 2025","format":false,"excerpt":"Luiz Ant\u00f4nio Pr\u00f3speri \u2013 27 janeiro (13h03) \u2013 Neymar \u00e9 do Santos. Acordo feito, clube santista aguardava rescis\u00e3o com Al Hilal para o an\u00fancio oficial da volta do craque ao seu ber\u00e7o. No in\u00edcio dessa noite segunda-feira (27\/1), clube \u00e1rabe comunica a sa\u00edda de Neymar. Por enquanto, n\u00e3o se tem\u2026","rel":"","context":"Em &quot;futebol&quot;","block_context":{"text":"futebol","link":"https:\/\/blogdoprosperi.com\/?cat=53870"},"img":{"alt_text":"","src":"https:\/\/i0.wp.com\/blogdoprosperi.com\/wp-content\/uploads\/2025\/01\/captura-de-tela-2025-01-27-as-20.17.54.png?fit=1148%2C1074&ssl=1&resize=350%2C200","width":350,"height":200,"srcset":"https:\/\/i0.wp.com\/blogdoprosperi.com\/wp-content\/uploads\/2025\/01\/captura-de-tela-2025-01-27-as-20.17.54.png?fit=1148%2C1074&ssl=1&resize=350%2C200 1x, https:\/\/i0.wp.com\/blogdoprosperi.com\/wp-content\/uploads\/2025\/01\/captura-de-tela-2025-01-27-as-20.17.54.png?fit=1148%2C1074&ssl=1&resize=525%2C300 1.5x, https:\/\/i0.wp.com\/blogdoprosperi.com\/wp-content\/uploads\/2025\/01\/captura-de-tela-2025-01-27-as-20.17.54.png?fit=1148%2C1074&ssl=1&resize=700%2C400 2x, https:\/\/i0.wp.com\/blogdoprosperi.com\/wp-content\/uploads\/2025\/01\/captura-de-tela-2025-01-27-as-20.17.54.png?fit=1148%2C1074&ssl=1&resize=1050%2C600 3x"},"classes":[]},{"id":47364,"url":"https:\/\/blogdoprosperi.com\/?p=47364","url_meta":{"origin":47000,"position":3},"title":"O que fazer com Neymar? Messi Pode Responder","author":"Luiz Ant\u00f4nio Pr\u00f3speri","date":"8 de janeiro de 2025","format":false,"excerpt":"Luiz Ant\u00f4nio Pr\u00f3speri \u2013 8 janeiro (19h25) \u2013 Neymar tem apenas sete partidas disputadas no Al-Hilal da Ar\u00e1bia Saudita, desde agosto de 2023 quando desembarcou no \"deserto\" vendido por 90 milh\u00f5es de euros. Trocava PSG da Fran\u00e7a por um sal\u00e1rio de 100 milh\u00f5es de euros\/ano e a esperan\u00e7a de seguir\u2026","rel":"","context":"Em &quot;futebol&quot;","block_context":{"text":"futebol","link":"https:\/\/blogdoprosperi.com\/?cat=53870"},"img":{"alt_text":"Neymar, Messi e Su\u00e1rez no Inter Miami","src":"https:\/\/i0.wp.com\/blogdoprosperi.com\/wp-content\/uploads\/2025\/01\/msn.jpg?fit=750%2C485&ssl=1&resize=350%2C200","width":350,"height":200,"srcset":"https:\/\/i0.wp.com\/blogdoprosperi.com\/wp-content\/uploads\/2025\/01\/msn.jpg?fit=750%2C485&ssl=1&resize=350%2C200 1x, https:\/\/i0.wp.com\/blogdoprosperi.com\/wp-content\/uploads\/2025\/01\/msn.jpg?fit=750%2C485&ssl=1&resize=525%2C300 1.5x, https:\/\/i0.wp.com\/blogdoprosperi.com\/wp-content\/uploads\/2025\/01\/msn.jpg?fit=750%2C485&ssl=1&resize=700%2C400 2x"},"classes":[]},{"id":49330,"url":"https:\/\/blogdoprosperi.com\/?p=49330","url_meta":{"origin":47000,"position":4},"title":"Dorival J\u00fanior Demitido | Sem Atropelos, CBF Corre Atr\u00e1s de Novo Treinador","author":"Luiz Ant\u00f4nio Pr\u00f3speri","date":"28 de mar\u00e7o de 2025","format":false,"excerpt":"Luiz Ant\u00f4nio Pr\u00f3speri \u2013 28 mar\u00e7o (19h05) \u2013 Sele\u00e7\u00e3o Brasileira est\u00e1 sem treinador desde \u00e0s 18h desta sexta-feira (28\/3) quando a CBF anuncia de forma oficial a demiss\u00e3o de Dorival J\u00fanior. Presidente Ednaldo Rodrigues adianta que s\u00f3 agora, com o cargo vago, vai em busca de um novo t\u00e9cnico. Analistas\u2026","rel":"","context":"Em &quot;informa\u00e7\u00e3o&quot;","block_context":{"text":"informa\u00e7\u00e3o","link":"https:\/\/blogdoprosperi.com\/?cat=20384"},"img":{"alt_text":"Jesus e Filipe, juntos na Sele\u00e7\u00e3o ?","src":"https:\/\/i0.wp.com\/blogdoprosperi.com\/wp-content\/uploads\/2025\/03\/captura-de-tela-2025-03-28-as-18.57.54.png?fit=1200%2C642&ssl=1&resize=350%2C200","width":350,"height":200,"srcset":"https:\/\/i0.wp.com\/blogdoprosperi.com\/wp-content\/uploads\/2025\/03\/captura-de-tela-2025-03-28-as-18.57.54.png?fit=1200%2C642&ssl=1&resize=350%2C200 1x, https:\/\/i0.wp.com\/blogdoprosperi.com\/wp-content\/uploads\/2025\/03\/captura-de-tela-2025-03-28-as-18.57.54.png?fit=1200%2C642&ssl=1&resize=525%2C300 1.5x, https:\/\/i0.wp.com\/blogdoprosperi.com\/wp-content\/uploads\/2025\/03\/captura-de-tela-2025-03-28-as-18.57.54.png?fit=1200%2C642&ssl=1&resize=700%2C400 2x, https:\/\/i0.wp.com\/blogdoprosperi.com\/wp-content\/uploads\/2025\/03\/captura-de-tela-2025-03-28-as-18.57.54.png?fit=1200%2C642&ssl=1&resize=1050%2C600 3x"},"classes":[]},{"id":47724,"url":"https:\/\/blogdoprosperi.com\/?p=47724","url_meta":{"origin":47000,"position":5},"title":"Neymar Est\u00e1 Entre N\u00f3s | O Que Esperar do Craque ?","author":"Luiz Ant\u00f4nio Pr\u00f3speri","date":"31 de janeiro de 2025","format":false,"excerpt":"Luiz Ant\u00f4nio Pr\u00f3speri \u2013 31 janeiro (12h10) \u2013 Neymar est\u00e1 entre n\u00f3s desde a manh\u00e3 desta sexta-feira (31\/1) ao desembarcar do voo de pouco menos de 20h, entre Riad e S\u00e3o Paulo a bordo de um jato fretado \u2013 voo mais acompanhado do mundo com m\u00e9dia de 33 mil pessoas\u2026","rel":"","context":"Em &quot;futebol&quot;","block_context":{"text":"futebol","link":"https:\/\/blogdoprosperi.com\/?cat=53870"},"img":{"alt_text":"","src":"https:\/\/i0.wp.com\/blogdoprosperi.com\/wp-content\/uploads\/2025\/01\/captura-de-tela-2025-01-31-as-12.05.39.png?fit=1142%2C772&ssl=1&resize=350%2C200","width":350,"height":200,"srcset":"https:\/\/i0.wp.com\/blogdoprosperi.com\/wp-content\/uploads\/2025\/01\/captura-de-tela-2025-01-31-as-12.05.39.png?fit=1142%2C772&ssl=1&resize=350%2C200 1x, https:\/\/i0.wp.com\/blogdoprosperi.com\/wp-content\/uploads\/2025\/01\/captura-de-tela-2025-01-31-as-12.05.39.png?fit=1142%2C772&ssl=1&resize=525%2C300 1.5x, https:\/\/i0.wp.com\/blogdoprosperi.com\/wp-content\/uploads\/2025\/01\/captura-de-tela-2025-01-31-as-12.05.39.png?fit=1142%2C772&ssl=1&resize=700%2C400 2x, https:\/\/i0.wp.com\/blogdoprosperi.com\/wp-content\/uploads\/2025\/01\/captura-de-tela-2025-01-31-as-12.05.39.png?fit=1142%2C772&ssl=1&resize=1050%2C600 3x"},"classes":[]}],"jetpack_featured_media_url":"https:\/\/i0.wp.com\/blogdoprosperi.com\/wp-content\/uploads\/2024\/12\/850_dbf990f63f.jpg?fit=850%2C567&ssl=1","_links":{"self":[{"href":"https:\/\/blogdoprosperi.com\/index.php?rest_route=\/wp\/v2\/posts\/47000","targetHints":{"allow":["GET"]}}],"collection":[{"href":"https:\/\/blogdoprosperi.com\/index.php?rest_route=\/wp\/v2\/posts"}],"about":[{"href":"https:\/\/blogdoprosperi.com\/index.php?rest_route=\/wp\/v2\/types\/post"}],"author":[{"embeddable":true,"href":"https:\/\/blogdoprosperi.com\/index.php?rest_route=\/wp\/v2\/users\/102107496"}],"replies":[{"embeddable":true,"href":"https:\/\/blogdoprosperi.com\/index.php?rest_route=%2Fwp%2Fv2%2Fcomments&post=47000"}],"version-history":[{"count":11,"href":"https:\/\/blogdoprosperi.com\/index.php?rest_route=\/wp\/v2\/posts\/47000\/revisions"}],"predecessor-version":[{"id":47014,"href":"https:\/\/blogdoprosperi.com\/index.php?rest_route=\/wp\/v2\/posts\/47000\/revisions\/47014"}],"wp:featuredmedia":[{"embeddable":true,"href":"https:\/\/blogdoprosperi.com\/index.php?rest_route=\/wp\/v2\/media\/47009"}],"wp:attachment":[{"href":"https:\/\/blogdoprosperi.com\/index.php?rest_route=%2Fwp%2Fv2%2Fmedia&parent=47000"}],"wp:term":[{"taxonomy":"category","embeddable":true,"href":"https:\/\/blogdoprosperi.com\/index.php?rest_route=%2Fwp%2Fv2%2Fcategories&post=47000"},{"taxonomy":"post_tag","embeddable":true,"href":"https:\/\/blogdoprosperi.com\/index.php?rest_route=%2Fwp%2Fv2%2Ftags&post=47000"}],"curies":[{"name":"wp","href":"https:\/\/api.w.org\/{rel}","templated":true}]}}