{"id":47301,"date":"2025-01-05T18:55:18","date_gmt":"2025-01-05T21:55:18","guid":{"rendered":"https:\/\/blogdoprosperi.com\/?p=47301"},"modified":"2025-01-05T19:28:44","modified_gmt":"2025-01-05T22:28:44","slug":"rodrigo-garro-retorna-ao-corinthians-apos-indiciamento-por-homicidio-culposo-na-argentina","status":"publish","type":"post","link":"https:\/\/blogdoprosperi.com\/?p=47301","title":{"rendered":"Rodrigo Garro Retorna ao Corinthians Ap\u00f3s Indiciamento por Homic\u00eddio Culposo na Argentina"},"content":{"rendered":"<p><em>Luiz Ant\u00f4nio Pr\u00f3speri \u2013 5 janeiro (18h45) \u2013<\/em><\/p>\n<p>Rodrigo Garro pode deixar a Argentina e viajar ao Brasil ap\u00f3s ser indiciado por homic\u00eddio culposo no acidente que provocou a morte do motociclista Nicol\u00e1s Chiaraviglio, na madrugada de s\u00e1bado (04\/1), em La Pampa, interior da Argentina. Corinthians apoia Garro e o aguarda para iniciar a pr\u00e9-temporada, ter\u00e7a-feira (07\/1), em S\u00e3o Paulo. Clube paulista tamb\u00e9m presta solidariedade \u00e0 fam\u00edlia da v\u00edtima do acidente.<\/p>\n<p>Garro prestou depoimento em audi\u00eancia, nesse domingo (05\/1), na Argentina, e<strong> foi indiciado por homic\u00eddio culposo (quando n\u00e3o h\u00e1 inten\u00e7\u00e3o de matar de matar)<\/strong>. Teste do baf\u00f4metro apontou que o jogador tinha 0,54 gramas de \u00e1lcool por litro no sangue. Garro teve sua habilita\u00e7\u00e3o para dirigir retida. O jogador ter\u00e1 de se apresentar \u00e0 Justi\u00e7a de La Pampa quando requisitado.<\/p>\n<p><strong>ADVOGADO GARANTE VOLTA DE GARRO AO CORINTHIANS<\/strong><\/p>\n<p>\u201cRodrigo est\u00e1 profundamente abalado pela situa\u00e7\u00e3o. Nunca teve inten\u00e7\u00e3o de gerar qualquer tipo de dano. Era dia do seu anivers\u00e1rio. <strong>Ele n\u00e3o bebe \u00e1lcool habitualmente, \u00e9 um atleta profissional. Como era seu anivers\u00e1rio, por volta de meia noite ele brindou em uma ou duas ocasi\u00f5es<\/strong>. Ele n\u00e3o conseguiu ver a moto\u201d \u2013 David Div\u00e1n, advogado de Rodrigo Garro, em entrevista \u00e0 imprensa argentina.<\/p>\n<p>\u201cEntendemos que (<em>a moto<\/em>) vinha sem luzes. Ele n\u00e3o recorda bem dessa quest\u00e3o. Rodrigo costuma circular por aquelas ruas, conhece o lugar, est\u00e1 acostumado a dirigir carros grandes\u201d.<\/p>\n<blockquote><p>Ele mesmo come\u00e7ou a pedir por ajuda. Quando se deu conta do forte golpe na caminhonete e sem conseguir avistar nenhum outro ve\u00edculo que transitava \u00e0 frente, ele freia o carro alguns metros depois e vai correndo at\u00e9 a v\u00edtima, come\u00e7a a gritar por ajuda. Obviamente n\u00e3o sabia o que fazer. Ele j\u00e1 n\u00e3o recorda com clareza o que aconteceu depois. Mas desde o primeiro momento ele esteve \u00e0 disposi\u00e7\u00e3o, n\u00e3o tentou fugir do local. Toda a fam\u00edlia mora na cidade\u201d.<\/p><\/blockquote>\n<p><strong>\u201cGarro volta ao Brasil para continuar carreira.<\/strong> Rodrigo tinha comprado a passagem anteriormente e, devido aos seus compromissos profissionais, retornar\u00e1 ao Brasil para dar continuidade \u00e0 carreira esportiva\u201d \u2013 garante o advogado do jogador.<\/p>\n<p><strong>POSI\u00c7\u00c3O DO CORINTHIANS<\/strong><\/p>\n<p>Melhor jogador do Corinthians na temporada 2024, Rodrigo Garro ter\u00e1 toda assist\u00eancia, garantem dirigentes do clube, assim que reiniciar os treinamentos.<\/p>\n<div class=\"contentItem__content contentItem__content--media-card contentItem__content--fullWidth contentItem__content--inline\">\n<div>\n<p>\u201cO que esperamos \u00e9 dar todo o apoio. Ele precisa desse apoio. \u00c9 um atleta exemplar, \u00e9 um profissional exemplar, infelizmente ocorreu uma fatalidade. Ele est\u00e1 muito bem representado na Argentina pelo advogado dele, e <strong>o Corinthians est\u00e1 totalmente \u00e0 disposi\u00e7\u00e3o para ajud\u00e1-lo no que for necess\u00e1rio quando ele voltar,<\/strong> dar toda a assist\u00eancia necess\u00e1ria para que ele possa desenvolver o trabalho dele com tranquilidade e profissionalismo\u201d, disse Armando, indicando o desejo do atleta em retornar ao Brasil para se reapresentar ao clube \u2013 <strong>Armando Mendon\u00e7a, vice-presidente do Corinthians<\/strong>, em entrevista \u00e0 <em>ESPN.<\/em><\/p>\n<blockquote><p>Junto com o departamento jur\u00eddico, departamento de futebol atrav\u00e9s do Soldado (<em>Fabinho, diretor do Corinthians<\/em>), conversou com o atleta, deixou o atleta \u00e0 vontade para verificar o que \u00e9 melhor para ele nesse momento. <strong>O atleta prefere voltar ao Brasil para se reapresentar junto com a equipe, seus companheiros,<\/strong> voltar a treinar, porque para ele vai ser melhor\u201d<em>.<\/em><\/p><\/blockquote>\n<p>&#8220;O atleta ter\u00e1 todo o respaldo do departamento de futebol e dos profissionais que l\u00e1 trabalham para que ele se sinta bem, preparado e apto para retomar as atividades com profissionalismo e tranquilidade, e a quest\u00e3o jur\u00eddica vai ser tratada pelo advogado dele&#8221;.<\/p>\n<\/div>\n<\/div>\n","protected":false},"excerpt":{"rendered":"<p>Luiz Ant\u00f4nio Pr\u00f3speri \u2013 5 janeiro (18h45) \u2013 Rodrigo Garro pode deixar a Argentina e viajar ao Brasil [&hellip;]<\/p>\n","protected":false},"author":102107496,"featured_media":47320,"comment_status":"open","ping_status":"open","sticky":false,"template":"","format":"standard","meta":{"_coblocks_attr":"","_coblocks_dimensions":"","_coblocks_responsive_height":"","_coblocks_accordion_ie_support":"","wpai_generated_summary":"","_jetpack_newsletter_access":"","_jetpack_dont_email_post_to_subs":false,"_jetpack_newsletter_tier_id":0,"_jetpack_memberships_contains_paywalled_content":false,"_wpcom_ai_launchpad_first_post":false,"_jetpack_feature_clip_id":0,"_jetpack_memberships_contains_paid_content":false,"footnotes":"","jetpack_publicize_message":"","jetpack_publicize_feature_enabled":true,"jetpack_social_post_already_shared":false,"jetpack_social_options":{"image_generator_settings":{"template":"highway","default_image_id":0,"font":"","enabled":false},"version":2},"jetpack_post_was_ever_published":false},"categories":[53870,20384],"tags":[7105051,18939,177066,789560560,9628365,789560573,479298903],"class_list":["post-47301","post","type-post","status-publish","format-standard","has-post-thumbnail","hentry","category-futebol","category-informacao","tag-acidente-fatal","tag-argentina","tag-corinthians","tag-futebol","tag-homicidio-culposo","tag-luiz-antonio-prosperi","tag-rodrigo-garro"],"yoast_head":"<!-- This site is optimized with the Yoast SEO plugin v28.4 - https:\/\/yoast.com\/product\/yoast-seo-wordpress\/ -->\n<title>Rodrigo Garro Retorna ao Corinthians Ap\u00f3s Indiciamento por Homic\u00eddio Culposo na Argentina - PR\u00d3SPERI NEWS<\/title>\n<meta name=\"robots\" content=\"index, follow, max-snippet:-1, max-image-preview:large, max-video-preview:-1\" \/>\n<link rel=\"canonical\" href=\"https:\/\/blogdoprosperi.com\/?p=47301\" \/>\n<meta property=\"og:locale\" content=\"pt_BR\" \/>\n<meta property=\"og:type\" content=\"article\" \/>\n<meta property=\"og:title\" content=\"Rodrigo Garro Retorna ao Corinthians Ap\u00f3s Indiciamento por Homic\u00eddio Culposo na Argentina - PR\u00d3SPERI NEWS\" \/>\n<meta property=\"og:description\" content=\"Luiz Ant\u00f4nio Pr\u00f3speri \u2013 5 janeiro (18h45) \u2013 Rodrigo Garro pode deixar a Argentina e viajar ao Brasil [&hellip;]\" \/>\n<meta property=\"og:url\" content=\"https:\/\/blogdoprosperi.com\/?p=47301\" \/>\n<meta property=\"og:site_name\" content=\"PR\u00d3SPERI NEWS\" \/>\n<meta property=\"article:publisher\" content=\"Luiz Pr\u00f3speri\" \/>\n<meta property=\"article:author\" content=\"Luiz Pr\u00f3speri\" \/>\n<meta property=\"article:published_time\" content=\"2025-01-05T21:55:18+00:00\" \/>\n<meta property=\"article:modified_time\" content=\"2025-01-05T22:28:44+00:00\" \/>\n<meta property=\"og:image\" content=\"https:\/\/i0.wp.com\/blogdoprosperi.com\/wp-content\/uploads\/2025\/01\/rodrigo-garro-1-731x450-1.jpg?fit=731%2C450&ssl=1\" \/>\n\t<meta property=\"og:image:width\" content=\"731\" \/>\n\t<meta property=\"og:image:height\" content=\"450\" \/>\n\t<meta property=\"og:image:type\" content=\"image\/jpeg\" \/>\n<meta name=\"author\" content=\"Luiz Ant\u00f4nio Pr\u00f3speri\" \/>\n<meta name=\"twitter:card\" content=\"summary_large_image\" \/>\n<meta name=\"twitter:creator\" content=\"@Luizprosperi\" \/>\n<meta name=\"twitter:site\" content=\"@Luizprosperi\" \/>\n<meta name=\"twitter:label1\" content=\"Escrito por\" \/>\n\t<meta name=\"twitter:data1\" content=\"Luiz Ant\u00f4nio Pr\u00f3speri\" \/>\n\t<meta name=\"twitter:label2\" content=\"Est. tempo de leitura\" \/>\n\t<meta name=\"twitter:data2\" content=\"3 minutos\" \/>\n<script type=\"application\/ld+json\" class=\"yoast-schema-graph\">{\"@context\":\"https:\\\/\\\/schema.org\",\"@graph\":[{\"@type\":\"Article\",\"@id\":\"https:\\\/\\\/blogdoprosperi.com\\\/?p=47301#article\",\"isPartOf\":{\"@id\":\"https:\\\/\\\/blogdoprosperi.com\\\/?p=47301\"},\"author\":{\"name\":\"Luiz Ant\u00f4nio Pr\u00f3speri\",\"@id\":\"https:\\\/\\\/blogdoprosperi.com\\\/#\\\/schema\\\/person\\\/38100755ce3601861ee4fab9b5aa78e9\"},\"headline\":\"Rodrigo Garro Retorna ao Corinthians Ap\u00f3s Indiciamento por Homic\u00eddio Culposo na Argentina\",\"datePublished\":\"2025-01-05T21:55:18+00:00\",\"dateModified\":\"2025-01-05T22:28:44+00:00\",\"mainEntityOfPage\":{\"@id\":\"https:\\\/\\\/blogdoprosperi.com\\\/?p=47301\"},\"wordCount\":601,\"commentCount\":0,\"publisher\":{\"@id\":\"https:\\\/\\\/blogdoprosperi.com\\\/#\\\/schema\\\/person\\\/38100755ce3601861ee4fab9b5aa78e9\"},\"image\":{\"@id\":\"https:\\\/\\\/blogdoprosperi.com\\\/?p=47301#primaryimage\"},\"thumbnailUrl\":\"https:\\\/\\\/i0.wp.com\\\/blogdoprosperi.com\\\/wp-content\\\/uploads\\\/2025\\\/01\\\/rodrigo-garro-1-731x450-1.jpg?fit=731%2C450&ssl=1\",\"keywords\":[\"acidente fatal\",\"Argentina\",\"Corinthians\",\"futebol\",\"homicidio culposo\",\"Luiz Ant\u00f4nio Pr\u00f3speri\",\"rodrigo garro\"],\"articleSection\":[\"futebol\",\"informa\u00e7\u00e3o\"],\"inLanguage\":\"pt-BR\",\"potentialAction\":[{\"@type\":\"CommentAction\",\"name\":\"Comment\",\"target\":[\"https:\\\/\\\/blogdoprosperi.com\\\/?p=47301#respond\"]}]},{\"@type\":\"WebPage\",\"@id\":\"https:\\\/\\\/blogdoprosperi.com\\\/?p=47301\",\"url\":\"https:\\\/\\\/blogdoprosperi.com\\\/?p=47301\",\"name\":\"Rodrigo Garro Retorna ao Corinthians Ap\u00f3s Indiciamento por Homic\u00eddio Culposo na Argentina - PR\u00d3SPERI NEWS\",\"isPartOf\":{\"@id\":\"https:\\\/\\\/blogdoprosperi.com\\\/#website\"},\"primaryImageOfPage\":{\"@id\":\"https:\\\/\\\/blogdoprosperi.com\\\/?p=47301#primaryimage\"},\"image\":{\"@id\":\"https:\\\/\\\/blogdoprosperi.com\\\/?p=47301#primaryimage\"},\"thumbnailUrl\":\"https:\\\/\\\/i0.wp.com\\\/blogdoprosperi.com\\\/wp-content\\\/uploads\\\/2025\\\/01\\\/rodrigo-garro-1-731x450-1.jpg?fit=731%2C450&ssl=1\",\"datePublished\":\"2025-01-05T21:55:18+00:00\",\"dateModified\":\"2025-01-05T22:28:44+00:00\",\"breadcrumb\":{\"@id\":\"https:\\\/\\\/blogdoprosperi.com\\\/?p=47301#breadcrumb\"},\"inLanguage\":\"pt-BR\",\"potentialAction\":[{\"@type\":\"ReadAction\",\"target\":[\"https:\\\/\\\/blogdoprosperi.com\\\/?p=47301\"]}]},{\"@type\":\"ImageObject\",\"inLanguage\":\"pt-BR\",\"@id\":\"https:\\\/\\\/blogdoprosperi.com\\\/?p=47301#primaryimage\",\"url\":\"https:\\\/\\\/i0.wp.com\\\/blogdoprosperi.com\\\/wp-content\\\/uploads\\\/2025\\\/01\\\/rodrigo-garro-1-731x450-1.jpg?fit=731%2C450&ssl=1\",\"contentUrl\":\"https:\\\/\\\/i0.wp.com\\\/blogdoprosperi.com\\\/wp-content\\\/uploads\\\/2025\\\/01\\\/rodrigo-garro-1-731x450-1.jpg?fit=731%2C450&ssl=1\",\"width\":731,\"height\":450,\"caption\":\"Garro se reapresenta ao Corinthians \u2013 foto: Ag\u00eancia Corinthians\"},{\"@type\":\"BreadcrumbList\",\"@id\":\"https:\\\/\\\/blogdoprosperi.com\\\/?p=47301#breadcrumb\",\"itemListElement\":[{\"@type\":\"ListItem\",\"position\":1,\"name\":\"In\u00edcio\",\"item\":\"https:\\\/\\\/blogdoprosperi.com\\\/\"},{\"@type\":\"ListItem\",\"position\":2,\"name\":\"Rodrigo Garro Retorna ao Corinthians Ap\u00f3s Indiciamento por Homic\u00eddio Culposo na Argentina\"}]},{\"@type\":\"WebSite\",\"@id\":\"https:\\\/\\\/blogdoprosperi.com\\\/#website\",\"url\":\"https:\\\/\\\/blogdoprosperi.com\\\/\",\"name\":\"PR\u00d3SPERI NEWS\",\"description\":\"TUDO \u00c9  FUTEBOL\",\"publisher\":{\"@id\":\"https:\\\/\\\/blogdoprosperi.com\\\/#\\\/schema\\\/person\\\/38100755ce3601861ee4fab9b5aa78e9\"},\"alternateName\":\"blogdoprosperi.com\",\"potentialAction\":[{\"@type\":\"SearchAction\",\"target\":{\"@type\":\"EntryPoint\",\"urlTemplate\":\"https:\\\/\\\/blogdoprosperi.com\\\/?s={search_term_string}\"},\"query-input\":{\"@type\":\"PropertyValueSpecification\",\"valueRequired\":true,\"valueName\":\"search_term_string\"}}],\"inLanguage\":\"pt-BR\"},{\"@type\":[\"Person\",\"Organization\"],\"@id\":\"https:\\\/\\\/blogdoprosperi.com\\\/#\\\/schema\\\/person\\\/38100755ce3601861ee4fab9b5aa78e9\",\"name\":\"Luiz Ant\u00f4nio Pr\u00f3speri\",\"pronouns\":\"ele\",\"image\":{\"@type\":\"ImageObject\",\"inLanguage\":\"pt-BR\",\"@id\":\"https:\\\/\\\/i0.wp.com\\\/blogdoprosperi.com\\\/wp-content\\\/uploads\\\/2026\\\/05\\\/cropped-8059e613-6002-42fa-961e-8e275f575d71-2-5.jpg?fit=1360%2C931&ssl=1\",\"url\":\"https:\\\/\\\/i0.wp.com\\\/blogdoprosperi.com\\\/wp-content\\\/uploads\\\/2026\\\/05\\\/cropped-8059e613-6002-42fa-961e-8e275f575d71-2-5.jpg?fit=1360%2C931&ssl=1\",\"contentUrl\":\"https:\\\/\\\/i0.wp.com\\\/blogdoprosperi.com\\\/wp-content\\\/uploads\\\/2026\\\/05\\\/cropped-8059e613-6002-42fa-961e-8e275f575d71-2-5.jpg?fit=1360%2C931&ssl=1\",\"width\":1360,\"height\":931,\"caption\":\"Luiz Ant\u00f4nio Pr\u00f3speri\"},\"logo\":{\"@id\":\"https:\\\/\\\/i0.wp.com\\\/blogdoprosperi.com\\\/wp-content\\\/uploads\\\/2026\\\/05\\\/cropped-8059e613-6002-42fa-961e-8e275f575d71-2-5.jpg?fit=1360%2C931&ssl=1\"},\"description\":\"Jornalista com carreira dedicada ao esporte. Cobriu 9 Copas do Mundo in loco, 1990 na It\u00e1lia, 1994 nos EUA, 1998 na Fran\u00e7a, 2002 na Coreia do Sul e Jap\u00e3o, 2006 na Alemanha, 2010 na \u00c1frica do Sul, 2014 no Brasil, 2018 na R\u00fassia e 2022 no Qatar. Eurocopas, 1992 na Su\u00e9cia e 1996 na Inglaterra. Copa das Confedera\u00e7\u00f5es de 2005 na Alemanha e 2009 na \u00c1frica do Sul. Rep\u00f3rter e Editor, trabalhou no Jornal da Tarde e Estad\u00e3o, de 1984 a fevereiro de 2016. Colunista, blogueiro. E comentarista de futebol na R\u00e1dio Estad\u00e3o, de 2013 a fevereiro de 2016. Jornalista respons\u00e1vel do \\\"Pr\u00f3speri News\\\" (blogdoprosperi.com).\",\"sameAs\":[\"http:\\\/\\\/blogdoprosperi.com\",\"Luiz Pr\u00f3speri\",\"@luiz_prosperi\",\"https:\\\/\\\/x.com\\\/Luizprosperi\",\"@prosperinacopa\",\"luiz.prosperi@icloud.com\"],\"url\":\"https:\\\/\\\/blogdoprosperi.com\\\/?author=102107496\"}]}<\/script>\n<!-- \/ Yoast SEO plugin. -->","yoast_head_json":{"title":"Rodrigo Garro Retorna ao Corinthians Ap\u00f3s Indiciamento por Homic\u00eddio Culposo na Argentina - PR\u00d3SPERI NEWS","robots":{"index":"index","follow":"follow","max-snippet":"max-snippet:-1","max-image-preview":"max-image-preview:large","max-video-preview":"max-video-preview:-1"},"canonical":"https:\/\/blogdoprosperi.com\/?p=47301","og_locale":"pt_BR","og_type":"article","og_title":"Rodrigo Garro Retorna ao Corinthians Ap\u00f3s Indiciamento por Homic\u00eddio Culposo na Argentina - PR\u00d3SPERI NEWS","og_description":"Luiz Ant\u00f4nio Pr\u00f3speri \u2013 5 janeiro (18h45) \u2013 Rodrigo Garro pode deixar a Argentina e viajar ao Brasil [&hellip;]","og_url":"https:\/\/blogdoprosperi.com\/?p=47301","og_site_name":"PR\u00d3SPERI NEWS","article_publisher":"Luiz Pr\u00f3speri","article_author":"Luiz Pr\u00f3speri","article_published_time":"2025-01-05T21:55:18+00:00","article_modified_time":"2025-01-05T22:28:44+00:00","og_image":[{"width":731,"height":450,"url":"https:\/\/i0.wp.com\/blogdoprosperi.com\/wp-content\/uploads\/2025\/01\/rodrigo-garro-1-731x450-1.jpg?fit=731%2C450&ssl=1","type":"image\/jpeg"}],"author":"Luiz Ant\u00f4nio Pr\u00f3speri","twitter_card":"summary_large_image","twitter_creator":"@Luizprosperi","twitter_site":"@Luizprosperi","twitter_misc":{"Escrito por":"Luiz Ant\u00f4nio Pr\u00f3speri","Est. tempo de leitura":"3 minutos"},"schema":{"@context":"https:\/\/schema.org","@graph":[{"@type":"Article","@id":"https:\/\/blogdoprosperi.com\/?p=47301#article","isPartOf":{"@id":"https:\/\/blogdoprosperi.com\/?p=47301"},"author":{"name":"Luiz Ant\u00f4nio Pr\u00f3speri","@id":"https:\/\/blogdoprosperi.com\/#\/schema\/person\/38100755ce3601861ee4fab9b5aa78e9"},"headline":"Rodrigo Garro Retorna ao Corinthians Ap\u00f3s Indiciamento por Homic\u00eddio Culposo na Argentina","datePublished":"2025-01-05T21:55:18+00:00","dateModified":"2025-01-05T22:28:44+00:00","mainEntityOfPage":{"@id":"https:\/\/blogdoprosperi.com\/?p=47301"},"wordCount":601,"commentCount":0,"publisher":{"@id":"https:\/\/blogdoprosperi.com\/#\/schema\/person\/38100755ce3601861ee4fab9b5aa78e9"},"image":{"@id":"https:\/\/blogdoprosperi.com\/?p=47301#primaryimage"},"thumbnailUrl":"https:\/\/i0.wp.com\/blogdoprosperi.com\/wp-content\/uploads\/2025\/01\/rodrigo-garro-1-731x450-1.jpg?fit=731%2C450&ssl=1","keywords":["acidente fatal","Argentina","Corinthians","futebol","homicidio culposo","Luiz Ant\u00f4nio Pr\u00f3speri","rodrigo garro"],"articleSection":["futebol","informa\u00e7\u00e3o"],"inLanguage":"pt-BR","potentialAction":[{"@type":"CommentAction","name":"Comment","target":["https:\/\/blogdoprosperi.com\/?p=47301#respond"]}]},{"@type":"WebPage","@id":"https:\/\/blogdoprosperi.com\/?p=47301","url":"https:\/\/blogdoprosperi.com\/?p=47301","name":"Rodrigo Garro Retorna ao Corinthians Ap\u00f3s Indiciamento por Homic\u00eddio Culposo na Argentina - PR\u00d3SPERI NEWS","isPartOf":{"@id":"https:\/\/blogdoprosperi.com\/#website"},"primaryImageOfPage":{"@id":"https:\/\/blogdoprosperi.com\/?p=47301#primaryimage"},"image":{"@id":"https:\/\/blogdoprosperi.com\/?p=47301#primaryimage"},"thumbnailUrl":"https:\/\/i0.wp.com\/blogdoprosperi.com\/wp-content\/uploads\/2025\/01\/rodrigo-garro-1-731x450-1.jpg?fit=731%2C450&ssl=1","datePublished":"2025-01-05T21:55:18+00:00","dateModified":"2025-01-05T22:28:44+00:00","breadcrumb":{"@id":"https:\/\/blogdoprosperi.com\/?p=47301#breadcrumb"},"inLanguage":"pt-BR","potentialAction":[{"@type":"ReadAction","target":["https:\/\/blogdoprosperi.com\/?p=47301"]}]},{"@type":"ImageObject","inLanguage":"pt-BR","@id":"https:\/\/blogdoprosperi.com\/?p=47301#primaryimage","url":"https:\/\/i0.wp.com\/blogdoprosperi.com\/wp-content\/uploads\/2025\/01\/rodrigo-garro-1-731x450-1.jpg?fit=731%2C450&ssl=1","contentUrl":"https:\/\/i0.wp.com\/blogdoprosperi.com\/wp-content\/uploads\/2025\/01\/rodrigo-garro-1-731x450-1.jpg?fit=731%2C450&ssl=1","width":731,"height":450,"caption":"Garro se reapresenta ao Corinthians \u2013 foto: Ag\u00eancia Corinthians"},{"@type":"BreadcrumbList","@id":"https:\/\/blogdoprosperi.com\/?p=47301#breadcrumb","itemListElement":[{"@type":"ListItem","position":1,"name":"In\u00edcio","item":"https:\/\/blogdoprosperi.com\/"},{"@type":"ListItem","position":2,"name":"Rodrigo Garro Retorna ao Corinthians Ap\u00f3s Indiciamento por Homic\u00eddio Culposo na Argentina"}]},{"@type":"WebSite","@id":"https:\/\/blogdoprosperi.com\/#website","url":"https:\/\/blogdoprosperi.com\/","name":"PR\u00d3SPERI NEWS","description":"TUDO \u00c9  FUTEBOL","publisher":{"@id":"https:\/\/blogdoprosperi.com\/#\/schema\/person\/38100755ce3601861ee4fab9b5aa78e9"},"alternateName":"blogdoprosperi.com","potentialAction":[{"@type":"SearchAction","target":{"@type":"EntryPoint","urlTemplate":"https:\/\/blogdoprosperi.com\/?s={search_term_string}"},"query-input":{"@type":"PropertyValueSpecification","valueRequired":true,"valueName":"search_term_string"}}],"inLanguage":"pt-BR"},{"@type":["Person","Organization"],"@id":"https:\/\/blogdoprosperi.com\/#\/schema\/person\/38100755ce3601861ee4fab9b5aa78e9","name":"Luiz Ant\u00f4nio Pr\u00f3speri","pronouns":"ele","image":{"@type":"ImageObject","inLanguage":"pt-BR","@id":"https:\/\/i0.wp.com\/blogdoprosperi.com\/wp-content\/uploads\/2026\/05\/cropped-8059e613-6002-42fa-961e-8e275f575d71-2-5.jpg?fit=1360%2C931&ssl=1","url":"https:\/\/i0.wp.com\/blogdoprosperi.com\/wp-content\/uploads\/2026\/05\/cropped-8059e613-6002-42fa-961e-8e275f575d71-2-5.jpg?fit=1360%2C931&ssl=1","contentUrl":"https:\/\/i0.wp.com\/blogdoprosperi.com\/wp-content\/uploads\/2026\/05\/cropped-8059e613-6002-42fa-961e-8e275f575d71-2-5.jpg?fit=1360%2C931&ssl=1","width":1360,"height":931,"caption":"Luiz Ant\u00f4nio Pr\u00f3speri"},"logo":{"@id":"https:\/\/i0.wp.com\/blogdoprosperi.com\/wp-content\/uploads\/2026\/05\/cropped-8059e613-6002-42fa-961e-8e275f575d71-2-5.jpg?fit=1360%2C931&ssl=1"},"description":"Jornalista com carreira dedicada ao esporte. Cobriu 9 Copas do Mundo in loco, 1990 na It\u00e1lia, 1994 nos EUA, 1998 na Fran\u00e7a, 2002 na Coreia do Sul e Jap\u00e3o, 2006 na Alemanha, 2010 na \u00c1frica do Sul, 2014 no Brasil, 2018 na R\u00fassia e 2022 no Qatar. Eurocopas, 1992 na Su\u00e9cia e 1996 na Inglaterra. Copa das Confedera\u00e7\u00f5es de 2005 na Alemanha e 2009 na \u00c1frica do Sul. Rep\u00f3rter e Editor, trabalhou no Jornal da Tarde e Estad\u00e3o, de 1984 a fevereiro de 2016. Colunista, blogueiro. E comentarista de futebol na R\u00e1dio Estad\u00e3o, de 2013 a fevereiro de 2016. Jornalista respons\u00e1vel do \"Pr\u00f3speri News\" (blogdoprosperi.com).","sameAs":["http:\/\/blogdoprosperi.com","Luiz Pr\u00f3speri","@luiz_prosperi","https:\/\/x.com\/Luizprosperi","@prosperinacopa","luiz.prosperi@icloud.com"],"url":"https:\/\/blogdoprosperi.com\/?author=102107496"}]}},"jetpack_publicize_connections":[],"jetpack_likes_enabled":false,"jetpack_sharing_enabled":true,"jetpack_shortlink":"https:\/\/wp.me\/p7jvdk-ciV","jetpack-related-posts":[{"id":46030,"url":"https:\/\/blogdoprosperi.com\/?p=46030","url_meta":{"origin":47301,"position":0},"title":"Corinthians \u00e0 Beira do Abismo | Memphis, Yuri e S\u00e3o Jorge Podem Salvar?","author":"Luiz Ant\u00f4nio Pr\u00f3speri","date":"25 de outubro de 2024","format":false,"excerpt":"Luiz Ant\u00f4nio Pr\u00f3speri \u2013 25 outubro (11h35) Corinthians est\u00e1 a um passo do abismo. Tem tr\u00eas jogos decisivos na semana que vem. Na escala de gl\u00f3ria ou inferno, time j\u00e1 sente o calor das labaredas ao frescor de nuvens claras. Segunda-feira (28\/10), fora de casa, enfrenta o Cuiab\u00e1 \u2013 advers\u00e1rio\u2026","rel":"","context":"Em &quot;futebol&quot;","block_context":{"text":"futebol","link":"https:\/\/blogdoprosperi.com\/?cat=53870"},"img":{"alt_text":"Corinthians \u00e0 beira do Abismo","src":"https:\/\/i0.wp.com\/blogdoprosperi.com\/wp-content\/uploads\/2024\/10\/captura-de-tela-2024-10-25-as-11.39.25.png?fit=1114%2C700&ssl=1&resize=350%2C200","width":350,"height":200,"srcset":"https:\/\/i0.wp.com\/blogdoprosperi.com\/wp-content\/uploads\/2024\/10\/captura-de-tela-2024-10-25-as-11.39.25.png?fit=1114%2C700&ssl=1&resize=350%2C200 1x, https:\/\/i0.wp.com\/blogdoprosperi.com\/wp-content\/uploads\/2024\/10\/captura-de-tela-2024-10-25-as-11.39.25.png?fit=1114%2C700&ssl=1&resize=525%2C300 1.5x, https:\/\/i0.wp.com\/blogdoprosperi.com\/wp-content\/uploads\/2024\/10\/captura-de-tela-2024-10-25-as-11.39.25.png?fit=1114%2C700&ssl=1&resize=700%2C400 2x, https:\/\/i0.wp.com\/blogdoprosperi.com\/wp-content\/uploads\/2024\/10\/captura-de-tela-2024-10-25-as-11.39.25.png?fit=1114%2C700&ssl=1&resize=1050%2C600 3x"},"classes":[]},{"id":44306,"url":"https:\/\/blogdoprosperi.com\/?p=44306","url_meta":{"origin":47301,"position":1},"title":"Enzo Fernandez, Textor e Cac\u00e1: Pedidos de Desculpas e o Mundo \u00e0 Parte do Futebol","author":"Luiz Ant\u00f4nio Pr\u00f3speri","date":"18 de julho de 2024","format":false,"excerpt":"Luiz Ant\u00f4nio Pr\u00f3speri \u2013 18 julho 2024 (12h30) Futebol faz de tudo para se dissociar de um mundo normal. Como se fosse de outro planeta onde a lei civilizat\u00f3ria se resume a pedidos de desculpas por trangress\u00f5es ou falta de car\u00e1ter. Acompanhe tr\u00eas casos que aconteceram ao longo dessa semana\u2026","rel":"","context":"Em &quot;futebol&quot;","block_context":{"text":"futebol","link":"https:\/\/blogdoprosperi.com\/?cat=53870"},"img":{"alt_text":"","src":"https:\/\/i0.wp.com\/blogdoprosperi.com\/wp-content\/uploads\/2024\/07\/dqt7yvdf3vqxwcf7xqsc.webp?fit=1200%2C675&ssl=1&resize=350%2C200","width":350,"height":200,"srcset":"https:\/\/i0.wp.com\/blogdoprosperi.com\/wp-content\/uploads\/2024\/07\/dqt7yvdf3vqxwcf7xqsc.webp?fit=1200%2C675&ssl=1&resize=350%2C200 1x, https:\/\/i0.wp.com\/blogdoprosperi.com\/wp-content\/uploads\/2024\/07\/dqt7yvdf3vqxwcf7xqsc.webp?fit=1200%2C675&ssl=1&resize=525%2C300 1.5x, https:\/\/i0.wp.com\/blogdoprosperi.com\/wp-content\/uploads\/2024\/07\/dqt7yvdf3vqxwcf7xqsc.webp?fit=1200%2C675&ssl=1&resize=700%2C400 2x, https:\/\/i0.wp.com\/blogdoprosperi.com\/wp-content\/uploads\/2024\/07\/dqt7yvdf3vqxwcf7xqsc.webp?fit=1200%2C675&ssl=1&resize=1050%2C600 3x"},"classes":[]},{"id":48936,"url":"https:\/\/blogdoprosperi.com\/?p=48936","url_meta":{"origin":47301,"position":2},"title":"Paulist\u00e3o | Corinthians Responde com Patente de sua Hist\u00f3ria, Palmeiras Precisa Acelerar as Obras","author":"Luiz Ant\u00f4nio Pr\u00f3speri","date":"17 de mar\u00e7o de 2025","format":false,"excerpt":"A ta\u00e7a na m\u00e3o do Corinthians. Em casa, com mais de 45 mil torcedores \u00e1vidos por um t\u00edtulo que n\u00e3o vem desde 2019, a hora \u00e9 de gritar campe\u00e3o Do lado do Palmeiras, a derrota mostra problemas pontuais de um time em reconstru\u00e7\u00e3o Luiz Ant\u00f4nio Pr\u00f3speri \u2013 17 mar\u00e7o (14h15)\u2026","rel":"","context":"Em &quot;futebol&quot;","block_context":{"text":"futebol","link":"https:\/\/blogdoprosperi.com\/?cat=53870"},"img":{"alt_text":"Yuri Alberto e Memphis, Arco e Flecha do Corinthians","src":"https:\/\/i0.wp.com\/blogdoprosperi.com\/wp-content\/uploads\/2025\/03\/484088853_1228045492018146_9134755333483632067_n-1.jpg?fit=1080%2C1181&ssl=1&resize=350%2C200","width":350,"height":200,"srcset":"https:\/\/i0.wp.com\/blogdoprosperi.com\/wp-content\/uploads\/2025\/03\/484088853_1228045492018146_9134755333483632067_n-1.jpg?fit=1080%2C1181&ssl=1&resize=350%2C200 1x, https:\/\/i0.wp.com\/blogdoprosperi.com\/wp-content\/uploads\/2025\/03\/484088853_1228045492018146_9134755333483632067_n-1.jpg?fit=1080%2C1181&ssl=1&resize=525%2C300 1.5x, https:\/\/i0.wp.com\/blogdoprosperi.com\/wp-content\/uploads\/2025\/03\/484088853_1228045492018146_9134755333483632067_n-1.jpg?fit=1080%2C1181&ssl=1&resize=700%2C400 2x, https:\/\/i0.wp.com\/blogdoprosperi.com\/wp-content\/uploads\/2025\/03\/484088853_1228045492018146_9134755333483632067_n-1.jpg?fit=1080%2C1181&ssl=1&resize=1050%2C600 3x"},"classes":[]},{"id":43410,"url":"https:\/\/blogdoprosperi.com\/?p=43410","url_meta":{"origin":47301,"position":3},"title":"Palmeiras vence Corinthians e reafirma a for\u00e7a dos meninos da base","author":"Luiz Ant\u00f4nio Pr\u00f3speri","date":"1 de julho de 2024","format":false,"excerpt":"Por Luiz Ant\u00f4nio Pr\u00f3speri \u2013 1 de julho \u2013 23h45 Palmeiras vence Corinthians por 2 a 0 sem muito esfor\u00e7o e requinte. Enquadra tradicional rival com oito jogadores formados nos canteiros da base, entre os 15 atletas que jogaram o cl\u00e1ssico. Um assombro. N\u00e3o se trata de algo comum no\u2026","rel":"","context":"Em &quot;futebol 2024&quot;","block_context":{"text":"futebol 2024","link":"https:\/\/blogdoprosperi.com\/?cat=768932782"},"img":{"alt_text":"","src":"https:\/\/i0.wp.com\/blogdoprosperi.com\/wp-content\/uploads\/2024\/07\/53828407612_cb30651b20_o.jpg?fit=1200%2C675&ssl=1&resize=350%2C200","width":350,"height":200,"srcset":"https:\/\/i0.wp.com\/blogdoprosperi.com\/wp-content\/uploads\/2024\/07\/53828407612_cb30651b20_o.jpg?fit=1200%2C675&ssl=1&resize=350%2C200 1x, https:\/\/i0.wp.com\/blogdoprosperi.com\/wp-content\/uploads\/2024\/07\/53828407612_cb30651b20_o.jpg?fit=1200%2C675&ssl=1&resize=525%2C300 1.5x, https:\/\/i0.wp.com\/blogdoprosperi.com\/wp-content\/uploads\/2024\/07\/53828407612_cb30651b20_o.jpg?fit=1200%2C675&ssl=1&resize=700%2C400 2x, https:\/\/i0.wp.com\/blogdoprosperi.com\/wp-content\/uploads\/2024\/07\/53828407612_cb30651b20_o.jpg?fit=1200%2C675&ssl=1&resize=1050%2C600 3x"},"classes":[]},{"id":47972,"url":"https:\/\/blogdoprosperi.com\/?p=47972","url_meta":{"origin":47301,"position":4},"title":"Futebol Brasileiro Tem Pressa, Nem Neymar Escapa","author":"Luiz Ant\u00f4nio Pr\u00f3speri","date":"10 de fevereiro de 2025","format":false,"excerpt":"Luiz Ant\u00f4nio Pr\u00f3speri \u2013 10 fevereiro (16h25) \u2013 Neymar precisa apertar o passo. N\u00e3o joga nada no empate (0 a 0) do Santos contra Novorizontino, domingo (09\/2). Contam o n\u00famero de bolas perdidas pelo craque: 28. Neymar n\u00e3o v\u00ea a cor da bola. N\u00e3o faz a diferen\u00e7a que o Santos\u2026","rel":"","context":"Em &quot;futebol&quot;","block_context":{"text":"futebol","link":"https:\/\/blogdoprosperi.com\/?cat=53870"},"img":{"alt_text":"","src":"https:\/\/i0.wp.com\/blogdoprosperi.com\/wp-content\/uploads\/2025\/02\/captura-de-tela-2025-02-10-as-15.59.51.png?fit=1200%2C705&ssl=1&resize=350%2C200","width":350,"height":200,"srcset":"https:\/\/i0.wp.com\/blogdoprosperi.com\/wp-content\/uploads\/2025\/02\/captura-de-tela-2025-02-10-as-15.59.51.png?fit=1200%2C705&ssl=1&resize=350%2C200 1x, https:\/\/i0.wp.com\/blogdoprosperi.com\/wp-content\/uploads\/2025\/02\/captura-de-tela-2025-02-10-as-15.59.51.png?fit=1200%2C705&ssl=1&resize=525%2C300 1.5x, https:\/\/i0.wp.com\/blogdoprosperi.com\/wp-content\/uploads\/2025\/02\/captura-de-tela-2025-02-10-as-15.59.51.png?fit=1200%2C705&ssl=1&resize=700%2C400 2x, https:\/\/i0.wp.com\/blogdoprosperi.com\/wp-content\/uploads\/2025\/02\/captura-de-tela-2025-02-10-as-15.59.51.png?fit=1200%2C705&ssl=1&resize=1050%2C600 3x"},"classes":[]},{"id":54288,"url":"https:\/\/blogdoprosperi.com\/?p=54288","url_meta":{"origin":47301,"position":5},"title":"Voc\u00ea Sabe O Que \u00c9 um Palmeiras x Corinthians?","author":"Luiz Ant\u00f4nio Pr\u00f3speri","date":"6 de agosto de 2025","format":false,"excerpt":"Luiz Ant\u00f4nio Pr\u00f3speri \u2013 6 agosto 2025 (13h05) \u2013 Palmeiras e Corinthians \u00e9 mais que um jogo de futebol. A frase do personagem de Lima Duarte, no filme \"Boleiros\" de Ugo Giorgetti de 1998, explica bem o que significa o cl\u00e1ssico paulista. \"Minha Senhora, a senhora sabe o que \u00e9\u2026","rel":"","context":"Em &quot;Copa do Brasil&quot;","block_context":{"text":"Copa do Brasil","link":"https:\/\/blogdoprosperi.com\/?cat=821950"},"img":{"alt_text":"Voc\u00ea sabe o que \u00e9 um Palmeiras x Corinthians","src":"https:\/\/i0.wp.com\/blogdoprosperi.com\/wp-content\/uploads\/2025\/08\/palmeiras-x-corinthians-1920x1080-1.jpg?fit=1200%2C675&ssl=1&resize=350%2C200","width":350,"height":200,"srcset":"https:\/\/i0.wp.com\/blogdoprosperi.com\/wp-content\/uploads\/2025\/08\/palmeiras-x-corinthians-1920x1080-1.jpg?fit=1200%2C675&ssl=1&resize=350%2C200 1x, https:\/\/i0.wp.com\/blogdoprosperi.com\/wp-content\/uploads\/2025\/08\/palmeiras-x-corinthians-1920x1080-1.jpg?fit=1200%2C675&ssl=1&resize=525%2C300 1.5x, https:\/\/i0.wp.com\/blogdoprosperi.com\/wp-content\/uploads\/2025\/08\/palmeiras-x-corinthians-1920x1080-1.jpg?fit=1200%2C675&ssl=1&resize=700%2C400 2x, https:\/\/i0.wp.com\/blogdoprosperi.com\/wp-content\/uploads\/2025\/08\/palmeiras-x-corinthians-1920x1080-1.jpg?fit=1200%2C675&ssl=1&resize=1050%2C600 3x"},"classes":[]}],"jetpack_featured_media_url":"https:\/\/i0.wp.com\/blogdoprosperi.com\/wp-content\/uploads\/2025\/01\/rodrigo-garro-1-731x450-1.jpg?fit=731%2C450&ssl=1","_links":{"self":[{"href":"https:\/\/blogdoprosperi.com\/index.php?rest_route=\/wp\/v2\/posts\/47301","targetHints":{"allow":["GET"]}}],"collection":[{"href":"https:\/\/blogdoprosperi.com\/index.php?rest_route=\/wp\/v2\/posts"}],"about":[{"href":"https:\/\/blogdoprosperi.com\/index.php?rest_route=\/wp\/v2\/types\/post"}],"author":[{"embeddable":true,"href":"https:\/\/blogdoprosperi.com\/index.php?rest_route=\/wp\/v2\/users\/102107496"}],"replies":[{"embeddable":true,"href":"https:\/\/blogdoprosperi.com\/index.php?rest_route=%2Fwp%2Fv2%2Fcomments&post=47301"}],"version-history":[{"count":25,"href":"https:\/\/blogdoprosperi.com\/index.php?rest_route=\/wp\/v2\/posts\/47301\/revisions"}],"predecessor-version":[{"id":47328,"href":"https:\/\/blogdoprosperi.com\/index.php?rest_route=\/wp\/v2\/posts\/47301\/revisions\/47328"}],"wp:featuredmedia":[{"embeddable":true,"href":"https:\/\/blogdoprosperi.com\/index.php?rest_route=\/wp\/v2\/media\/47320"}],"wp:attachment":[{"href":"https:\/\/blogdoprosperi.com\/index.php?rest_route=%2Fwp%2Fv2%2Fmedia&parent=47301"}],"wp:term":[{"taxonomy":"category","embeddable":true,"href":"https:\/\/blogdoprosperi.com\/index.php?rest_route=%2Fwp%2Fv2%2Fcategories&post=47301"},{"taxonomy":"post_tag","embeddable":true,"href":"https:\/\/blogdoprosperi.com\/index.php?rest_route=%2Fwp%2Fv2%2Ftags&post=47301"}],"curies":[{"name":"wp","href":"https:\/\/api.w.org\/{rel}","templated":true}]}}