{"id":47330,"date":"2025-01-06T12:24:41","date_gmt":"2025-01-06T15:24:41","guid":{"rendered":"https:\/\/blogdoprosperi.com\/?p=47330"},"modified":"2025-01-08T16:47:52","modified_gmt":"2025-01-08T19:47:52","slug":"a-crise-do-botafogo-e-a-euforia-do-cruzeiro-encantadores-de-serpentes","status":"publish","type":"post","link":"https:\/\/blogdoprosperi.com\/?p=47330","title":{"rendered":"A Crise do Botafogo e a Euforia do Cruzeiro, Encantadores de Serpentes"},"content":{"rendered":"<p><em>Luiz Ant\u00f4nio Pr\u00f3speri \u2013 6 janeiro (12h01) \u2013<\/em><\/p>\n<p>Botafogo est\u00e1 em apuros. Cruzeiro, s\u00f3 euforia. Dois exemplos de como as SAF (Sociedades An\u00f4nimas de Futebol) atuam no Brasil. Dinheiro n\u00e3o \u00e9 problema. A quest\u00e3o \u00e9 a gest\u00e3o. Botafogo, mesmo com a piscina transbordando de d\u00f3lares, n\u00e3o segura um mesmo treinador por duas temporadas consecutivas. E o Cruzeiro esbanja investimento no mesmo modelo adotado pelo clube carioca h\u00e1 dois anos. Vai funcionar?<\/p>\n<p>Veja o caso do Botafogo. De uma tacada leva duas ta\u00e7as de peso \u2013 Libertadores e Brasileir\u00e3o \u2013 e a magia se acaba da noite para o dia. Artur Jorge, o t\u00e9cnico, j\u00e1 foi. Almada e Luiz Henrique puxam a fila de sa\u00edda de uma dezena de jogadores campe\u00f5es ano passado.<\/p>\n<p>Artur n\u00e3o completa uma temporada no comando. Almada e Luiz Henrique, menos ainda \u2013 apenas seis meses. Antes, no in\u00edcio da &#8220;SAF John Textor&#8221;, t\u00e9cnico Luis Castro abandona o barco na metade da temporada 2023 e a nau \u00e0 deriva afunda.<\/p>\n<p>Com Artur seria diferente. Nada feito. Mesma grana do petr\u00f3leo que seduz Castro tamb\u00e9m convence Artur a seguir rumo ao mundo das Ar\u00e1bias.<\/p>\n<p>Eis a\u00ed o Botafogo sem t\u00e9cnico e sem dois de seus mais importantes jogadores da campanha vitoriosa de 2024.<\/p>\n<p>Treinador Andr\u00e9 Jardine, sucesso absoluto no futebol mexicano e medalha de ouro dirigindo a Sele\u00e7\u00e3o Brasileira na Olimp\u00edada do Jap\u00e3o 2021, disse n\u00e3o ao dono do Botafogo.<\/p>\n<p>Textor, o propriet\u00e1rio, diz que n\u00e3o tem a pressa dos jornalistas para refazer o time carioca. Dinheiro, digamos, n\u00e3o \u00e9 problema. A conferir.<\/p>\n<p><strong>A VEZ DO CRUZEIRO<\/strong><\/p>\n<p>Grana tamb\u00e9m n\u00e3o incomoda o novo Cruzeiro da SAF do empres\u00e1rio mineiro Pedrinho Louren\u00e7o. Contrata de baciada. Gabigol, Dudu, Fagner, Eduardo (ex-Botafogo), Bolasie, Christian (ex-Athletico-PR) e promete zaga de R$ 100 milh\u00f5es com Fabricio Bruno (Flamengo) e Valent\u00edn G\u00f3mez (Velez Sarsfield).<\/p>\n<p>Todos \u00e0 disposi\u00e7\u00e3o de Fernando Diniz, um t\u00e9cnico fora do padr\u00e3o e com ideias de um revolucion\u00e1rio do futebol brasileiro. Vai funcionar? A conferir.<\/p>\n<p>E n\u00e3o ser\u00e1 por falta de carisma. Cassio, goleiro e maior \u00eddolo do Corinthians na \u00faltima d\u00e9cada. Dudu, atacante e s\u00edmbolo do novo Palmeiras nos \u00faltimos dez anos. Gabigol, artilheiro e patente do Flamengo campe\u00e3o de tudo de 2019 a 2024. Os tr\u00eas novos cavaleiros das cinco estrelas do time azul.<\/p>\n<p>Por isso, a conversa atual de Botafogo e Cruzeiro n\u00e3o \u00e9 o dinheiro. \u00c9 gest\u00e3o. N\u00e3o se encantam serpentes do futebol apenas soprando a flauta.<\/p>\n","protected":false},"excerpt":{"rendered":"<p>Luiz Ant\u00f4nio Pr\u00f3speri \u2013 6 janeiro (12h01) \u2013 Botafogo est\u00e1 em apuros. Cruzeiro, s\u00f3 euforia. Dois exemplos de [&hellip;]<\/p>\n","protected":false},"author":102107496,"featured_media":47334,"comment_status":"open","ping_status":"open","sticky":false,"template":"","format":"standard","meta":{"_coblocks_attr":"","_coblocks_dimensions":"","_coblocks_responsive_height":"","_coblocks_accordion_ie_support":"","_jetpack_newsletter_access":"","_jetpack_dont_email_post_to_subs":false,"_jetpack_newsletter_tier_id":0,"_jetpack_memberships_contains_paywalled_content":false,"_wpcom_ai_launchpad_first_post":false,"_jetpack_feature_clip_id":0,"_jetpack_memberships_contains_paid_content":false,"footnotes":"","jetpack_publicize_message":"","jetpack_publicize_feature_enabled":true,"jetpack_social_post_already_shared":false,"jetpack_social_options":{"image_generator_settings":{"template":"highway","default_image_id":0,"font":"","enabled":false},"version":2},"jetpack_post_was_ever_published":false},"categories":[53870,3919],"tags":[158189204,4833084,342801,521771,1249177,1297202,789560560,52406516,33140672,789560573,9050403,777249332],"class_list":["post-47330","post","type-post","status-publish","format-standard","has-post-thumbnail","hentry","category-futebol","category-opiniao","tag-andre-jardine","tag-artur-jorge","tag-botafogo","tag-cruzeiro","tag-dudu","tag-fagner","tag-futebol","tag-gabigol","tag-john-textor","tag-luiz-antonio-prosperi","tag-luiz-henrique","tag-pedrinho-cruzeiro"],"yoast_head":"<!-- This site is optimized with the Yoast SEO plugin v28.3 - https:\/\/yoast.com\/product\/yoast-seo-wordpress\/ -->\n<title>A Crise do Botafogo e a Euforia do Cruzeiro, Encantadores de Serpentes - PR\u00d3SPERI NEWS<\/title>\n<meta name=\"robots\" content=\"index, follow, max-snippet:-1, max-image-preview:large, max-video-preview:-1\" \/>\n<link rel=\"canonical\" href=\"https:\/\/blogdoprosperi.com\/?p=47330\" \/>\n<meta property=\"og:locale\" content=\"pt_BR\" \/>\n<meta property=\"og:type\" content=\"article\" \/>\n<meta property=\"og:title\" content=\"A Crise do Botafogo e a Euforia do Cruzeiro, Encantadores de Serpentes - PR\u00d3SPERI NEWS\" \/>\n<meta property=\"og:description\" content=\"Luiz Ant\u00f4nio Pr\u00f3speri \u2013 6 janeiro (12h01) \u2013 Botafogo est\u00e1 em apuros. Cruzeiro, s\u00f3 euforia. Dois exemplos de [&hellip;]\" \/>\n<meta property=\"og:url\" content=\"https:\/\/blogdoprosperi.com\/?p=47330\" \/>\n<meta property=\"og:site_name\" content=\"PR\u00d3SPERI NEWS\" \/>\n<meta property=\"article:publisher\" content=\"Luiz Pr\u00f3speri\" \/>\n<meta property=\"article:author\" content=\"Luiz Pr\u00f3speri\" \/>\n<meta property=\"article:published_time\" content=\"2025-01-06T15:24:41+00:00\" \/>\n<meta property=\"article:modified_time\" content=\"2025-01-08T19:47:52+00:00\" \/>\n<meta property=\"og:image\" content=\"https:\/\/i0.wp.com\/blogdoprosperi.com\/wp-content\/uploads\/2025\/01\/captura-de-tela-2025-01-06-as-11.56.04.png?fit=984%2C658&ssl=1\" \/>\n\t<meta property=\"og:image:width\" content=\"984\" \/>\n\t<meta property=\"og:image:height\" content=\"658\" \/>\n\t<meta property=\"og:image:type\" content=\"image\/png\" \/>\n<meta name=\"author\" content=\"Luiz Ant\u00f4nio Pr\u00f3speri\" \/>\n<meta name=\"twitter:card\" content=\"summary_large_image\" \/>\n<meta name=\"twitter:creator\" content=\"@Luizprosperi\" \/>\n<meta name=\"twitter:site\" content=\"@Luizprosperi\" \/>\n<meta name=\"twitter:label1\" content=\"Escrito por\" \/>\n\t<meta name=\"twitter:data1\" content=\"Luiz Ant\u00f4nio Pr\u00f3speri\" \/>\n\t<meta name=\"twitter:label2\" content=\"Est. tempo de leitura\" \/>\n\t<meta name=\"twitter:data2\" content=\"2 minutos\" \/>\n<script type=\"application\/ld+json\" class=\"yoast-schema-graph\">{\"@context\":\"https:\\\/\\\/schema.org\",\"@graph\":[{\"@type\":\"Article\",\"@id\":\"https:\\\/\\\/blogdoprosperi.com\\\/?p=47330#article\",\"isPartOf\":{\"@id\":\"https:\\\/\\\/blogdoprosperi.com\\\/?p=47330\"},\"author\":{\"name\":\"Luiz Ant\u00f4nio Pr\u00f3speri\",\"@id\":\"https:\\\/\\\/blogdoprosperi.com\\\/#\\\/schema\\\/person\\\/38100755ce3601861ee4fab9b5aa78e9\"},\"headline\":\"A Crise do Botafogo e a Euforia do Cruzeiro, Encantadores de Serpentes\",\"datePublished\":\"2025-01-06T15:24:41+00:00\",\"dateModified\":\"2025-01-08T19:47:52+00:00\",\"mainEntityOfPage\":{\"@id\":\"https:\\\/\\\/blogdoprosperi.com\\\/?p=47330\"},\"wordCount\":439,\"commentCount\":0,\"publisher\":{\"@id\":\"https:\\\/\\\/blogdoprosperi.com\\\/#\\\/schema\\\/person\\\/38100755ce3601861ee4fab9b5aa78e9\"},\"image\":{\"@id\":\"https:\\\/\\\/blogdoprosperi.com\\\/?p=47330#primaryimage\"},\"thumbnailUrl\":\"https:\\\/\\\/i0.wp.com\\\/blogdoprosperi.com\\\/wp-content\\\/uploads\\\/2025\\\/01\\\/captura-de-tela-2025-01-06-as-11.56.04.png?fit=984%2C658&ssl=1\",\"keywords\":[\"Andr\u00e9 Jardine\",\"artur jorge\",\"Botafogo\",\"Cruzeiro\",\"Dudu\",\"fagner\",\"futebol\",\"Gabigol\",\"john textor\",\"Luiz Ant\u00f4nio Pr\u00f3speri\",\"Luiz Henrique\",\"Pedrinho Cruzeiro\"],\"articleSection\":[\"futebol\",\"opini\u00e3o\"],\"inLanguage\":\"pt-BR\",\"potentialAction\":[{\"@type\":\"CommentAction\",\"name\":\"Comment\",\"target\":[\"https:\\\/\\\/blogdoprosperi.com\\\/?p=47330#respond\"]}]},{\"@type\":\"WebPage\",\"@id\":\"https:\\\/\\\/blogdoprosperi.com\\\/?p=47330\",\"url\":\"https:\\\/\\\/blogdoprosperi.com\\\/?p=47330\",\"name\":\"A Crise do Botafogo e a Euforia do Cruzeiro, Encantadores de Serpentes - PR\u00d3SPERI NEWS\",\"isPartOf\":{\"@id\":\"https:\\\/\\\/blogdoprosperi.com\\\/#website\"},\"primaryImageOfPage\":{\"@id\":\"https:\\\/\\\/blogdoprosperi.com\\\/?p=47330#primaryimage\"},\"image\":{\"@id\":\"https:\\\/\\\/blogdoprosperi.com\\\/?p=47330#primaryimage\"},\"thumbnailUrl\":\"https:\\\/\\\/i0.wp.com\\\/blogdoprosperi.com\\\/wp-content\\\/uploads\\\/2025\\\/01\\\/captura-de-tela-2025-01-06-as-11.56.04.png?fit=984%2C658&ssl=1\",\"datePublished\":\"2025-01-06T15:24:41+00:00\",\"dateModified\":\"2025-01-08T19:47:52+00:00\",\"breadcrumb\":{\"@id\":\"https:\\\/\\\/blogdoprosperi.com\\\/?p=47330#breadcrumb\"},\"inLanguage\":\"pt-BR\",\"potentialAction\":[{\"@type\":\"ReadAction\",\"target\":[\"https:\\\/\\\/blogdoprosperi.com\\\/?p=47330\"]}]},{\"@type\":\"ImageObject\",\"inLanguage\":\"pt-BR\",\"@id\":\"https:\\\/\\\/blogdoprosperi.com\\\/?p=47330#primaryimage\",\"url\":\"https:\\\/\\\/i0.wp.com\\\/blogdoprosperi.com\\\/wp-content\\\/uploads\\\/2025\\\/01\\\/captura-de-tela-2025-01-06-as-11.56.04.png?fit=984%2C658&ssl=1\",\"contentUrl\":\"https:\\\/\\\/i0.wp.com\\\/blogdoprosperi.com\\\/wp-content\\\/uploads\\\/2025\\\/01\\\/captura-de-tela-2025-01-06-as-11.56.04.png?fit=984%2C658&ssl=1\",\"width\":984,\"height\":658,\"caption\":\"Gabigol, Dudu e Cia, refor\u00e7os do Cruzeiro \u2013 imagem Cruzeiro Oficial\"},{\"@type\":\"BreadcrumbList\",\"@id\":\"https:\\\/\\\/blogdoprosperi.com\\\/?p=47330#breadcrumb\",\"itemListElement\":[{\"@type\":\"ListItem\",\"position\":1,\"name\":\"In\u00edcio\",\"item\":\"https:\\\/\\\/blogdoprosperi.com\\\/\"},{\"@type\":\"ListItem\",\"position\":2,\"name\":\"A Crise do Botafogo e a Euforia do Cruzeiro, Encantadores de Serpentes\"}]},{\"@type\":\"WebSite\",\"@id\":\"https:\\\/\\\/blogdoprosperi.com\\\/#website\",\"url\":\"https:\\\/\\\/blogdoprosperi.com\\\/\",\"name\":\"PR\u00d3SPERI NEWS\",\"description\":\"TUDO \u00c9  FUTEBOL\",\"publisher\":{\"@id\":\"https:\\\/\\\/blogdoprosperi.com\\\/#\\\/schema\\\/person\\\/38100755ce3601861ee4fab9b5aa78e9\"},\"alternateName\":\"blogdoprosperi.com\",\"potentialAction\":[{\"@type\":\"SearchAction\",\"target\":{\"@type\":\"EntryPoint\",\"urlTemplate\":\"https:\\\/\\\/blogdoprosperi.com\\\/?s={search_term_string}\"},\"query-input\":{\"@type\":\"PropertyValueSpecification\",\"valueRequired\":true,\"valueName\":\"search_term_string\"}}],\"inLanguage\":\"pt-BR\"},{\"@type\":[\"Person\",\"Organization\"],\"@id\":\"https:\\\/\\\/blogdoprosperi.com\\\/#\\\/schema\\\/person\\\/38100755ce3601861ee4fab9b5aa78e9\",\"name\":\"Luiz Ant\u00f4nio Pr\u00f3speri\",\"pronouns\":\"ele\",\"image\":{\"@type\":\"ImageObject\",\"inLanguage\":\"pt-BR\",\"@id\":\"https:\\\/\\\/i0.wp.com\\\/blogdoprosperi.com\\\/wp-content\\\/uploads\\\/2026\\\/05\\\/cropped-8059e613-6002-42fa-961e-8e275f575d71-2-5.jpg?fit=1360%2C931&ssl=1\",\"url\":\"https:\\\/\\\/i0.wp.com\\\/blogdoprosperi.com\\\/wp-content\\\/uploads\\\/2026\\\/05\\\/cropped-8059e613-6002-42fa-961e-8e275f575d71-2-5.jpg?fit=1360%2C931&ssl=1\",\"contentUrl\":\"https:\\\/\\\/i0.wp.com\\\/blogdoprosperi.com\\\/wp-content\\\/uploads\\\/2026\\\/05\\\/cropped-8059e613-6002-42fa-961e-8e275f575d71-2-5.jpg?fit=1360%2C931&ssl=1\",\"width\":1360,\"height\":931,\"caption\":\"Luiz Ant\u00f4nio Pr\u00f3speri\"},\"logo\":{\"@id\":\"https:\\\/\\\/i0.wp.com\\\/blogdoprosperi.com\\\/wp-content\\\/uploads\\\/2026\\\/05\\\/cropped-8059e613-6002-42fa-961e-8e275f575d71-2-5.jpg?fit=1360%2C931&ssl=1\"},\"description\":\"Jornalista com carreira dedicada ao esporte. Cobriu 9 Copas do Mundo in loco, 1990 na It\u00e1lia, 1994 nos EUA, 1998 na Fran\u00e7a, 2002 na Coreia do Sul e Jap\u00e3o, 2006 na Alemanha, 2010 na \u00c1frica do Sul, 2014 no Brasil, 2018 na R\u00fassia e 2022 no Qatar. Eurocopas, 1992 na Su\u00e9cia e 1996 na Inglaterra. Copa das Confedera\u00e7\u00f5es de 2005 na Alemanha e 2009 na \u00c1frica do Sul. Rep\u00f3rter e Editor, trabalhou no Jornal da Tarde e Estad\u00e3o, de 1984 a fevereiro de 2016. Colunista, blogueiro. E comentarista de futebol na R\u00e1dio Estad\u00e3o, de 2013 a fevereiro de 2016. Jornalista respons\u00e1vel do \\\"Pr\u00f3speri News\\\" (blogdoprosperi.com).\",\"sameAs\":[\"http:\\\/\\\/blogdoprosperi.com\",\"Luiz Pr\u00f3speri\",\"@luiz_prosperi\",\"https:\\\/\\\/x.com\\\/Luizprosperi\",\"@prosperinacopa\",\"luiz.prosperi@icloud.com\"],\"url\":\"https:\\\/\\\/blogdoprosperi.com\\\/?author=102107496\"}]}<\/script>\n<!-- \/ Yoast SEO plugin. -->","yoast_head_json":{"title":"A Crise do Botafogo e a Euforia do Cruzeiro, Encantadores de Serpentes - PR\u00d3SPERI NEWS","robots":{"index":"index","follow":"follow","max-snippet":"max-snippet:-1","max-image-preview":"max-image-preview:large","max-video-preview":"max-video-preview:-1"},"canonical":"https:\/\/blogdoprosperi.com\/?p=47330","og_locale":"pt_BR","og_type":"article","og_title":"A Crise do Botafogo e a Euforia do Cruzeiro, Encantadores de Serpentes - PR\u00d3SPERI NEWS","og_description":"Luiz Ant\u00f4nio Pr\u00f3speri \u2013 6 janeiro (12h01) \u2013 Botafogo est\u00e1 em apuros. Cruzeiro, s\u00f3 euforia. Dois exemplos de [&hellip;]","og_url":"https:\/\/blogdoprosperi.com\/?p=47330","og_site_name":"PR\u00d3SPERI NEWS","article_publisher":"Luiz Pr\u00f3speri","article_author":"Luiz Pr\u00f3speri","article_published_time":"2025-01-06T15:24:41+00:00","article_modified_time":"2025-01-08T19:47:52+00:00","og_image":[{"width":984,"height":658,"url":"https:\/\/i0.wp.com\/blogdoprosperi.com\/wp-content\/uploads\/2025\/01\/captura-de-tela-2025-01-06-as-11.56.04.png?fit=984%2C658&ssl=1","type":"image\/png"}],"author":"Luiz Ant\u00f4nio Pr\u00f3speri","twitter_card":"summary_large_image","twitter_creator":"@Luizprosperi","twitter_site":"@Luizprosperi","twitter_misc":{"Escrito por":"Luiz Ant\u00f4nio Pr\u00f3speri","Est. tempo de leitura":"2 minutos"},"schema":{"@context":"https:\/\/schema.org","@graph":[{"@type":"Article","@id":"https:\/\/blogdoprosperi.com\/?p=47330#article","isPartOf":{"@id":"https:\/\/blogdoprosperi.com\/?p=47330"},"author":{"name":"Luiz Ant\u00f4nio Pr\u00f3speri","@id":"https:\/\/blogdoprosperi.com\/#\/schema\/person\/38100755ce3601861ee4fab9b5aa78e9"},"headline":"A Crise do Botafogo e a Euforia do Cruzeiro, Encantadores de Serpentes","datePublished":"2025-01-06T15:24:41+00:00","dateModified":"2025-01-08T19:47:52+00:00","mainEntityOfPage":{"@id":"https:\/\/blogdoprosperi.com\/?p=47330"},"wordCount":439,"commentCount":0,"publisher":{"@id":"https:\/\/blogdoprosperi.com\/#\/schema\/person\/38100755ce3601861ee4fab9b5aa78e9"},"image":{"@id":"https:\/\/blogdoprosperi.com\/?p=47330#primaryimage"},"thumbnailUrl":"https:\/\/i0.wp.com\/blogdoprosperi.com\/wp-content\/uploads\/2025\/01\/captura-de-tela-2025-01-06-as-11.56.04.png?fit=984%2C658&ssl=1","keywords":["Andr\u00e9 Jardine","artur jorge","Botafogo","Cruzeiro","Dudu","fagner","futebol","Gabigol","john textor","Luiz Ant\u00f4nio Pr\u00f3speri","Luiz Henrique","Pedrinho Cruzeiro"],"articleSection":["futebol","opini\u00e3o"],"inLanguage":"pt-BR","potentialAction":[{"@type":"CommentAction","name":"Comment","target":["https:\/\/blogdoprosperi.com\/?p=47330#respond"]}]},{"@type":"WebPage","@id":"https:\/\/blogdoprosperi.com\/?p=47330","url":"https:\/\/blogdoprosperi.com\/?p=47330","name":"A Crise do Botafogo e a Euforia do Cruzeiro, Encantadores de Serpentes - PR\u00d3SPERI NEWS","isPartOf":{"@id":"https:\/\/blogdoprosperi.com\/#website"},"primaryImageOfPage":{"@id":"https:\/\/blogdoprosperi.com\/?p=47330#primaryimage"},"image":{"@id":"https:\/\/blogdoprosperi.com\/?p=47330#primaryimage"},"thumbnailUrl":"https:\/\/i0.wp.com\/blogdoprosperi.com\/wp-content\/uploads\/2025\/01\/captura-de-tela-2025-01-06-as-11.56.04.png?fit=984%2C658&ssl=1","datePublished":"2025-01-06T15:24:41+00:00","dateModified":"2025-01-08T19:47:52+00:00","breadcrumb":{"@id":"https:\/\/blogdoprosperi.com\/?p=47330#breadcrumb"},"inLanguage":"pt-BR","potentialAction":[{"@type":"ReadAction","target":["https:\/\/blogdoprosperi.com\/?p=47330"]}]},{"@type":"ImageObject","inLanguage":"pt-BR","@id":"https:\/\/blogdoprosperi.com\/?p=47330#primaryimage","url":"https:\/\/i0.wp.com\/blogdoprosperi.com\/wp-content\/uploads\/2025\/01\/captura-de-tela-2025-01-06-as-11.56.04.png?fit=984%2C658&ssl=1","contentUrl":"https:\/\/i0.wp.com\/blogdoprosperi.com\/wp-content\/uploads\/2025\/01\/captura-de-tela-2025-01-06-as-11.56.04.png?fit=984%2C658&ssl=1","width":984,"height":658,"caption":"Gabigol, Dudu e Cia, refor\u00e7os do Cruzeiro \u2013 imagem Cruzeiro Oficial"},{"@type":"BreadcrumbList","@id":"https:\/\/blogdoprosperi.com\/?p=47330#breadcrumb","itemListElement":[{"@type":"ListItem","position":1,"name":"In\u00edcio","item":"https:\/\/blogdoprosperi.com\/"},{"@type":"ListItem","position":2,"name":"A Crise do Botafogo e a Euforia do Cruzeiro, Encantadores de Serpentes"}]},{"@type":"WebSite","@id":"https:\/\/blogdoprosperi.com\/#website","url":"https:\/\/blogdoprosperi.com\/","name":"PR\u00d3SPERI NEWS","description":"TUDO \u00c9  FUTEBOL","publisher":{"@id":"https:\/\/blogdoprosperi.com\/#\/schema\/person\/38100755ce3601861ee4fab9b5aa78e9"},"alternateName":"blogdoprosperi.com","potentialAction":[{"@type":"SearchAction","target":{"@type":"EntryPoint","urlTemplate":"https:\/\/blogdoprosperi.com\/?s={search_term_string}"},"query-input":{"@type":"PropertyValueSpecification","valueRequired":true,"valueName":"search_term_string"}}],"inLanguage":"pt-BR"},{"@type":["Person","Organization"],"@id":"https:\/\/blogdoprosperi.com\/#\/schema\/person\/38100755ce3601861ee4fab9b5aa78e9","name":"Luiz Ant\u00f4nio Pr\u00f3speri","pronouns":"ele","image":{"@type":"ImageObject","inLanguage":"pt-BR","@id":"https:\/\/i0.wp.com\/blogdoprosperi.com\/wp-content\/uploads\/2026\/05\/cropped-8059e613-6002-42fa-961e-8e275f575d71-2-5.jpg?fit=1360%2C931&ssl=1","url":"https:\/\/i0.wp.com\/blogdoprosperi.com\/wp-content\/uploads\/2026\/05\/cropped-8059e613-6002-42fa-961e-8e275f575d71-2-5.jpg?fit=1360%2C931&ssl=1","contentUrl":"https:\/\/i0.wp.com\/blogdoprosperi.com\/wp-content\/uploads\/2026\/05\/cropped-8059e613-6002-42fa-961e-8e275f575d71-2-5.jpg?fit=1360%2C931&ssl=1","width":1360,"height":931,"caption":"Luiz Ant\u00f4nio Pr\u00f3speri"},"logo":{"@id":"https:\/\/i0.wp.com\/blogdoprosperi.com\/wp-content\/uploads\/2026\/05\/cropped-8059e613-6002-42fa-961e-8e275f575d71-2-5.jpg?fit=1360%2C931&ssl=1"},"description":"Jornalista com carreira dedicada ao esporte. Cobriu 9 Copas do Mundo in loco, 1990 na It\u00e1lia, 1994 nos EUA, 1998 na Fran\u00e7a, 2002 na Coreia do Sul e Jap\u00e3o, 2006 na Alemanha, 2010 na \u00c1frica do Sul, 2014 no Brasil, 2018 na R\u00fassia e 2022 no Qatar. Eurocopas, 1992 na Su\u00e9cia e 1996 na Inglaterra. Copa das Confedera\u00e7\u00f5es de 2005 na Alemanha e 2009 na \u00c1frica do Sul. Rep\u00f3rter e Editor, trabalhou no Jornal da Tarde e Estad\u00e3o, de 1984 a fevereiro de 2016. Colunista, blogueiro. E comentarista de futebol na R\u00e1dio Estad\u00e3o, de 2013 a fevereiro de 2016. Jornalista respons\u00e1vel do \"Pr\u00f3speri News\" (blogdoprosperi.com).","sameAs":["http:\/\/blogdoprosperi.com","Luiz Pr\u00f3speri","@luiz_prosperi","https:\/\/x.com\/Luizprosperi","@prosperinacopa","luiz.prosperi@icloud.com"],"url":"https:\/\/blogdoprosperi.com\/?author=102107496"}]}},"jetpack_publicize_connections":[],"jetpack_likes_enabled":false,"jetpack_sharing_enabled":true,"jetpack_shortlink":"https:\/\/wp.me\/p7jvdk-cjo","jetpack-related-posts":[{"id":46525,"url":"https:\/\/blogdoprosperi.com\/?p=46525","url_meta":{"origin":47330,"position":0},"title":"Palmeiras e Botafogo \u2013 Decis\u00e3o | Time de Abel Larga na Pole, Artur Acusa Golpe","author":"Luiz Ant\u00f4nio Pr\u00f3speri","date":"25 de novembro de 2024","format":false,"excerpt":"Luiz Ant\u00f4nio Pr\u00f3speri \u2013 25 novembro \u2013 atualizado 26 novembro (12h40) \u2013 Palmeiras e Botafogo decidem Brasileir\u00e3o 2024 ter\u00e7a-feira (26\/11) na casa alviverde. Iguais no n\u00famero de pontos (70 a 70), time paulista tem vantagem no crit\u00e9rio de desempate com uma vit\u00f3ria a mais (21 a 20). Matem\u00e1ticos e analistas\u2026","rel":"","context":"Em &quot;futebol&quot;","block_context":{"text":"futebol","link":"https:\/\/blogdoprosperi.com\/?cat=53870"},"img":{"alt_text":"Time de Abel Ferreira larga na frente contra Botafogo","src":"https:\/\/i0.wp.com\/blogdoprosperi.com\/wp-content\/uploads\/2024\/11\/54160663650_ea2b7b6b97_h.jpg?fit=1200%2C675&ssl=1&resize=350%2C200","width":350,"height":200,"srcset":"https:\/\/i0.wp.com\/blogdoprosperi.com\/wp-content\/uploads\/2024\/11\/54160663650_ea2b7b6b97_h.jpg?fit=1200%2C675&ssl=1&resize=350%2C200 1x, https:\/\/i0.wp.com\/blogdoprosperi.com\/wp-content\/uploads\/2024\/11\/54160663650_ea2b7b6b97_h.jpg?fit=1200%2C675&ssl=1&resize=525%2C300 1.5x, https:\/\/i0.wp.com\/blogdoprosperi.com\/wp-content\/uploads\/2024\/11\/54160663650_ea2b7b6b97_h.jpg?fit=1200%2C675&ssl=1&resize=700%2C400 2x, https:\/\/i0.wp.com\/blogdoprosperi.com\/wp-content\/uploads\/2024\/11\/54160663650_ea2b7b6b97_h.jpg?fit=1200%2C675&ssl=1&resize=1050%2C600 3x"},"classes":[]},{"id":56931,"url":"https:\/\/blogdoprosperi.com\/?p=56931","url_meta":{"origin":47330,"position":1},"title":"De Roger Machado a Pedrinho Louren\u00e7o, a Ingratid\u00e3o do Futebol","author":"Luiz Ant\u00f4nio Pr\u00f3speri","date":"23 de mar\u00e7o de 2026","format":false,"excerpt":"Luiz Ant\u00f4nio Pr\u00f3speri \u2013 23 mar\u00e7o 2026 \u2013 (17h30) \u2013 Brasileir\u00e3o 2026 entra em recesso na chamada Data-Fifa (de 23 a 31 de mar\u00e7o). Tempo que os clubes ter\u00e3o para reorganizar a casa ou, aos mais bem credenciados, lustrar os m\u00f3veis. At\u00e9 aqui foram disputadas oito rodadas. Palmeiras lidera com\u2026","rel":"","context":"Em &quot;futebol&quot;","block_context":{"text":"futebol","link":"https:\/\/blogdoprosperi.com\/?cat=53870"},"img":{"alt_text":"Roger Machado e o problema de comunica\u00e7\u00e3o","src":"https:\/\/i0.wp.com\/blogdoprosperi.com\/wp-content\/uploads\/2026\/03\/55161167689_cbf3b4d5a1_c.jpg?fit=800%2C571&ssl=1&resize=350%2C200","width":350,"height":200,"srcset":"https:\/\/i0.wp.com\/blogdoprosperi.com\/wp-content\/uploads\/2026\/03\/55161167689_cbf3b4d5a1_c.jpg?fit=800%2C571&ssl=1&resize=350%2C200 1x, https:\/\/i0.wp.com\/blogdoprosperi.com\/wp-content\/uploads\/2026\/03\/55161167689_cbf3b4d5a1_c.jpg?fit=800%2C571&ssl=1&resize=525%2C300 1.5x, https:\/\/i0.wp.com\/blogdoprosperi.com\/wp-content\/uploads\/2026\/03\/55161167689_cbf3b4d5a1_c.jpg?fit=800%2C571&ssl=1&resize=700%2C400 2x"},"classes":[]},{"id":46873,"url":"https:\/\/blogdoprosperi.com\/?p=46873","url_meta":{"origin":47330,"position":2},"title":"Mercado Futebol | Santos Contrata Z\u00e9 Rafael e Ver\u00f3n, Cruzeiro Rifa Diniz e Fecha com Renato Ga\u00facho","author":"Luiz Ant\u00f4nio Pr\u00f3speri","date":"27 de janeiro de 2025","format":false,"excerpt":"Luiz Ant\u00f4nio Pr\u00f3speri \u2013 27 janeiro (20h25) \u2013 Confira aqui principais negocia\u00e7\u00f5es no mercado do futebol brasileiro temporada 2025. P\u00e1gina ser\u00e1 atualizada com novas transfer\u00eancias de jogadores e treinadores. E mais: an\u00e1lise de cada transa\u00e7\u00e3o. Segunda-feira \u2013 27 janeiro \u2013 20h15 SANTOS FILIAL DO PALMEIRAS? Santos anuncia contrata\u00e7\u00e3o do volante\u2026","rel":"","context":"Em &quot;futebol&quot;","block_context":{"text":"futebol","link":"https:\/\/blogdoprosperi.com\/?cat=53870"},"img":{"alt_text":"","src":"https:\/\/i0.wp.com\/blogdoprosperi.com\/wp-content\/uploads\/2024\/11\/54160663755_bfe3e8aaca_c.jpg?fit=800%2C450&ssl=1&resize=350%2C200","width":350,"height":200,"srcset":"https:\/\/i0.wp.com\/blogdoprosperi.com\/wp-content\/uploads\/2024\/11\/54160663755_bfe3e8aaca_c.jpg?fit=800%2C450&ssl=1&resize=350%2C200 1x, https:\/\/i0.wp.com\/blogdoprosperi.com\/wp-content\/uploads\/2024\/11\/54160663755_bfe3e8aaca_c.jpg?fit=800%2C450&ssl=1&resize=525%2C300 1.5x, https:\/\/i0.wp.com\/blogdoprosperi.com\/wp-content\/uploads\/2024\/11\/54160663755_bfe3e8aaca_c.jpg?fit=800%2C450&ssl=1&resize=700%2C400 2x"},"classes":[]},{"id":46834,"url":"https:\/\/blogdoprosperi.com\/?p=46834","url_meta":{"origin":47330,"position":3},"title":"\u00c9 Tempo de Botafogo","author":"Luiz Ant\u00f4nio Pr\u00f3speri","date":"8 de dezembro de 2024","format":false,"excerpt":"Luiz Ant\u00f4nio Pr\u00f3speri \u2013 8 dezembro (19h30) \u2013 Botafogo \u00e9 o melhor time do futebol brasileiro 2024. Leva, com sobra, o Brasileir\u00e3o 2024 depois de uma semana lustrando a ta\u00e7a in\u00e9dita em sua hist\u00f3ria de campe\u00e3o da Libertadores da Am\u00e9rica. Futebol feito com muito dinheiro de um norte-americano fan\u00e1tico por\u2026","rel":"","context":"Em &quot;futebol&quot;","block_context":{"text":"futebol","link":"https:\/\/blogdoprosperi.com\/?cat=53870"},"img":{"alt_text":"","src":"https:\/\/i0.wp.com\/blogdoprosperi.com\/wp-content\/uploads\/2024\/12\/f7486da3e750497fa4e3b306890b1c43-1.png?fit=1200%2C593&ssl=1&resize=350%2C200","width":350,"height":200,"srcset":"https:\/\/i0.wp.com\/blogdoprosperi.com\/wp-content\/uploads\/2024\/12\/f7486da3e750497fa4e3b306890b1c43-1.png?fit=1200%2C593&ssl=1&resize=350%2C200 1x, https:\/\/i0.wp.com\/blogdoprosperi.com\/wp-content\/uploads\/2024\/12\/f7486da3e750497fa4e3b306890b1c43-1.png?fit=1200%2C593&ssl=1&resize=525%2C300 1.5x, https:\/\/i0.wp.com\/blogdoprosperi.com\/wp-content\/uploads\/2024\/12\/f7486da3e750497fa4e3b306890b1c43-1.png?fit=1200%2C593&ssl=1&resize=700%2C400 2x, https:\/\/i0.wp.com\/blogdoprosperi.com\/wp-content\/uploads\/2024\/12\/f7486da3e750497fa4e3b306890b1c43-1.png?fit=1200%2C593&ssl=1&resize=1050%2C600 3x"},"classes":[]},{"id":48779,"url":"https:\/\/blogdoprosperi.com\/?p=48779","url_meta":{"origin":47330,"position":4},"title":"Libertadores e Copa do Brasil | Confira Potes dos Sorteios dos Grupos","author":"Luiz Ant\u00f4nio Pr\u00f3speri","date":"14 de mar\u00e7o de 2025","format":false,"excerpt":"Luiz Ant\u00f4nio Pr\u00f3speri \u2013 14 mar\u00e7o (13h50) \u2013 Conmebol faz sorteio da fase de grupos da Libertadores na segunda-feira (17\/3). Brasil ter\u00e1 sete clubes: Palmeiras, Flamengo, Botafogo, S\u00e3o Paulo, Internacional, Fortaleza e Bahia. Corinthians estaria nos potes, mas caiu eliminado nas seletivas contra o Barcelona do Equador. De acordo com\u2026","rel":"","context":"Em &quot;futebol&quot;","block_context":{"text":"futebol","link":"https:\/\/blogdoprosperi.com\/?cat=53870"},"img":{"alt_text":"Libertadores 2026","src":"https:\/\/i0.wp.com\/blogdoprosperi.com\/wp-content\/uploads\/2023\/03\/fsrk8i2waaabn_f.jpeg?fit=678%2C452&ssl=1&resize=350%2C200","width":350,"height":200,"srcset":"https:\/\/i0.wp.com\/blogdoprosperi.com\/wp-content\/uploads\/2023\/03\/fsrk8i2waaabn_f.jpeg?fit=678%2C452&ssl=1&resize=350%2C200 1x, https:\/\/i0.wp.com\/blogdoprosperi.com\/wp-content\/uploads\/2023\/03\/fsrk8i2waaabn_f.jpeg?fit=678%2C452&ssl=1&resize=525%2C300 1.5x"},"classes":[]},{"id":45574,"url":"https:\/\/blogdoprosperi.com\/?p=45574","url_meta":{"origin":47330,"position":5},"title":"Dorival Repete Lista de Convocados dos \u00daltimos Fracassos da Sele\u00e7\u00e3o Brasileira","author":"Luiz Ant\u00f4nio Pr\u00f3speri","date":"27 de setembro de 2024","format":false,"excerpt":"Jogadores que atuam em clubes brasileiros continuam fora da Sele\u00e7\u00e3o Brasileira sob comando do t\u00e9cnico Dorival J\u00fanior. Na convoca\u00e7\u00e3o dos 23 para os jogos contra Chile e Peru, em outubro, apenas quatro jogam no Brasil. CBF vai submeter os nossos \u201ceuropeus\u201d a um sacrif\u00edcio desnecess\u00e1rio que pode comprometer desempenho da\u2026","rel":"","context":"Em &quot;futebol&quot;","block_context":{"text":"futebol","link":"https:\/\/blogdoprosperi.com\/?cat=53870"},"img":{"alt_text":"","src":"https:\/\/i0.wp.com\/blogdoprosperi.com\/wp-content\/uploads\/2024\/09\/img_6572-1.jpg?fit=1200%2C800&ssl=1&resize=350%2C200","width":350,"height":200,"srcset":"https:\/\/i0.wp.com\/blogdoprosperi.com\/wp-content\/uploads\/2024\/09\/img_6572-1.jpg?fit=1200%2C800&ssl=1&resize=350%2C200 1x, https:\/\/i0.wp.com\/blogdoprosperi.com\/wp-content\/uploads\/2024\/09\/img_6572-1.jpg?fit=1200%2C800&ssl=1&resize=525%2C300 1.5x, https:\/\/i0.wp.com\/blogdoprosperi.com\/wp-content\/uploads\/2024\/09\/img_6572-1.jpg?fit=1200%2C800&ssl=1&resize=700%2C400 2x, https:\/\/i0.wp.com\/blogdoprosperi.com\/wp-content\/uploads\/2024\/09\/img_6572-1.jpg?fit=1200%2C800&ssl=1&resize=1050%2C600 3x"},"classes":[]}],"jetpack_featured_media_url":"https:\/\/i0.wp.com\/blogdoprosperi.com\/wp-content\/uploads\/2025\/01\/captura-de-tela-2025-01-06-as-11.56.04.png?fit=984%2C658&ssl=1","_links":{"self":[{"href":"https:\/\/blogdoprosperi.com\/index.php?rest_route=\/wp\/v2\/posts\/47330","targetHints":{"allow":["GET"]}}],"collection":[{"href":"https:\/\/blogdoprosperi.com\/index.php?rest_route=\/wp\/v2\/posts"}],"about":[{"href":"https:\/\/blogdoprosperi.com\/index.php?rest_route=\/wp\/v2\/types\/post"}],"author":[{"embeddable":true,"href":"https:\/\/blogdoprosperi.com\/index.php?rest_route=\/wp\/v2\/users\/102107496"}],"replies":[{"embeddable":true,"href":"https:\/\/blogdoprosperi.com\/index.php?rest_route=%2Fwp%2Fv2%2Fcomments&post=47330"}],"version-history":[{"count":9,"href":"https:\/\/blogdoprosperi.com\/index.php?rest_route=\/wp\/v2\/posts\/47330\/revisions"}],"predecessor-version":[{"id":47366,"href":"https:\/\/blogdoprosperi.com\/index.php?rest_route=\/wp\/v2\/posts\/47330\/revisions\/47366"}],"wp:featuredmedia":[{"embeddable":true,"href":"https:\/\/blogdoprosperi.com\/index.php?rest_route=\/wp\/v2\/media\/47334"}],"wp:attachment":[{"href":"https:\/\/blogdoprosperi.com\/index.php?rest_route=%2Fwp%2Fv2%2Fmedia&parent=47330"}],"wp:term":[{"taxonomy":"category","embeddable":true,"href":"https:\/\/blogdoprosperi.com\/index.php?rest_route=%2Fwp%2Fv2%2Fcategories&post=47330"},{"taxonomy":"post_tag","embeddable":true,"href":"https:\/\/blogdoprosperi.com\/index.php?rest_route=%2Fwp%2Fv2%2Ftags&post=47330"}],"curies":[{"name":"wp","href":"https:\/\/api.w.org\/{rel}","templated":true}]}}