{"id":47341,"date":"2025-01-07T14:15:23","date_gmt":"2025-01-07T17:15:23","guid":{"rendered":"https:\/\/blogdoprosperi.com\/?p=47341"},"modified":"2025-01-07T19:12:45","modified_gmt":"2025-01-07T22:12:45","slug":"rivalidade-paulistas-x-cariocas-palmeiras-vem-sozinho-contra-o-rio","status":"publish","type":"post","link":"https:\/\/blogdoprosperi.com\/?p=47341","title":{"rendered":"Paulistas x Cariocas | Palmeiras Vem Sozinho Contra o Rio"},"content":{"rendered":"<p><em>Luiz Ant\u00f4nio Pr\u00f3speri \u2013 7 janeiro (13h35) \u2013<\/em><\/p>\n<p>Futebol paulista perde terreno na rivalidade contra os cariocas. A batalha da bola anda desigual. Do lado de S\u00e3o Paulo, apenas o Palmeiras faz frente aos oponentes do Rio. E n\u00e3o ser\u00e1 muito diferente na temporada de 2025. Cabe um alerta: ningu\u00e9m se interessa mais por esse confronto entre Rio x S\u00e3o Paulo. Talvez os saudosistas ou os adeptos dos modismos como aqueles que montam bares na Vila Madalena, na capital paulista, copiando modelos de tradicionais botequins do Rio de Janeiro.<\/p>\n<p>No futebol, de 2019 at\u00e9 aqui, os cariocas arrebataram as tr\u00eas \u00faltimas edi\u00e7\u00f5es da Libertadores, o ta\u00e7a mais cobi\u00e7ada do continente. Flamengo, campe\u00e3o em 2022; Fluminense, 2023; e Botafogo, 2024.<\/p>\n<p>No Brasileir\u00e3o, Fla leva em 2019 e 2020. Botafogo fatura em 2024.<\/p>\n<p>Enquanto isso, paulistas se agarram ao Palmeiras com os t\u00edtulos de 2016, 2018, 2022 e 2023.<\/p>\n<p>Corinthians? A \u00faltima vez em que levantou a ta\u00e7a se deu em 2017. S\u00e3o Paulo, em 2008. E o Santos, em 2004.<\/p>\n<p>Copa do Brasil, futebol paulista carimba em 2020 com a conquista do Palmeiras e S\u00e3o Paulo, em 2023.<\/p>\n<p>Na \u00faltima temporada, nenhum paulista mostra a cara. Palmeiras ainda briga contra o Botafogo at\u00e9 o fim no Brasileir\u00e3o, mas n\u00e3o ganha. Corinthians tem reta final fulminante depois de muitas rodadas brigando contra rebaixamento. S\u00e3o Paulo se aloja na zona de classifica\u00e7\u00e3o \u00e0 Libertadores e dorme por ali. E o Santos cumpre com obriga\u00e7\u00e3o subindo da S\u00e9rie B para S\u00e9rie A.<\/p>\n<p><strong>UM CONTRA TR\u00caS NO MUNDIAL DE CLUBES<\/strong><\/p>\n<p>Chegamos a 2025 e o cen\u00e1rio n\u00e3o sugere mudan\u00e7as. Cariocas despontam com bons times no Flamengo, Botafogo e, um pouco abaixo, o Fluminense. Mais fraco continua sendo o Vasco.<\/p>\n<p>Paulistas jogam suas fichas no Palmeiras que, por enquanto, domina o mercado com grandes investimentos em jogadores de Sele\u00e7\u00e3o. Clube saneado e caixa forte.<\/p>\n<p>Corinthians aposta no time que deu certo no fim de 2024. Atolado em d\u00edvida de R$ 1,2 bilh\u00e3o, n\u00e3o se movimenta na janela de transfer\u00eancias. Pode vazar \u00e1gua na primeira metade da temporada.<\/p>\n<p>S\u00e3o Paulo, tamb\u00e9m com d\u00edvida na casa de R$ 1 bilh\u00e3o, se mexe pouco. Vem com Oscar, retornando ao Brasil ap\u00f3s quase uma d\u00e9cada no futebol chin\u00eas.<\/p>\n<p>Santos, a passos de um paquiderme, inicia processo de reconstru\u00e7\u00e3o trocando fardamento da S\u00e9rie B por um mais vistoso da S\u00e9rie A. T\u00e9cnico portugu\u00eas Pedro Caixinha \u00e9 a \u00fanica boa novidade. Perde Jair, jovem zagueiro de n\u00edvel internacional, recebe quase R$ 90 milh\u00f5es e o quase veterano atacante Tiquinho na negocia\u00e7\u00e3o com o Botafogo. \u00c9 pouco.<\/p>\n<p>Por tudo isso, parece mesmo que o Palmeiras est\u00e1 sozinho nessa batalha l\u00fadica entre paulistas e cariocas.<\/p>\n<p>Veja o Mundial de Clubes 2025 nos Estados Unidos, Brasil ter\u00e1 quatro representantes. Advinha? Palmeiras e os tr\u00eas do Rio: Botafogo, Flamengo e Fluminense.<\/p>\n<p>Por fim, a rivalidade entre S\u00e3o Paulo e Rio n\u00e3o desperta assim tanta paix\u00e3o no futebol. Nas d\u00e9cadas de 1950, 60, 70, 80 e in\u00edcio dos anos 1990, era quase a raz\u00e3o de viver entre clubes paulistas e cariocas. Futebol brasileiro se alimentava desse confronto e aplaudia de p\u00e9.<\/p>\n","protected":false},"excerpt":{"rendered":"<p>Luiz Ant\u00f4nio Pr\u00f3speri \u2013 7 janeiro (13h35) \u2013 Futebol paulista perde terreno na rivalidade contra os cariocas. A [&hellip;]<\/p>\n","protected":false},"author":102107496,"featured_media":47354,"comment_status":"open","ping_status":"open","sticky":false,"template":"","format":"standard","meta":{"_coblocks_attr":"","_coblocks_dimensions":"","_coblocks_responsive_height":"","_coblocks_accordion_ie_support":"","_jetpack_newsletter_access":"","_jetpack_dont_email_post_to_subs":false,"_jetpack_newsletter_tier_id":0,"_jetpack_memberships_contains_paywalled_content":false,"_wpcom_ai_launchpad_first_post":false,"_jetpack_feature_clip_id":0,"_jetpack_memberships_contains_paid_content":false,"footnotes":"","jetpack_publicize_message":"","jetpack_publicize_feature_enabled":true,"jetpack_social_post_already_shared":false,"jetpack_social_options":{"image_generator_settings":{"template":"highway","default_image_id":0,"font":"","enabled":false},"version":2},"jetpack_post_was_ever_published":false},"categories":[53870,3919],"tags":[342801,789560584,177066,449299,520796,789560560,597757,117496,789560573,287104,1881813,789560564,72665,342075],"class_list":["post-47341","post","type-post","status-publish","format-standard","has-post-thumbnail","hentry","category-futebol","category-opiniao","tag-botafogo","tag-brasileirao-2025","tag-corinthians","tag-flamengo","tag-fluminense","tag-futebol","tag-garrincha","tag-libertadores","tag-luiz-antonio-prosperi","tag-palmeiras","tag-paulistas-x-cariocas","tag-pele","tag-santos","tag-vasco"],"yoast_head":"<!-- This site is optimized with the Yoast SEO plugin v28.3 - https:\/\/yoast.com\/product\/yoast-seo-wordpress\/ -->\n<title>Paulistas x Cariocas | Palmeiras Vem Sozinho Contra o Rio - PR\u00d3SPERI NEWS<\/title>\n<meta name=\"robots\" content=\"index, follow, max-snippet:-1, max-image-preview:large, max-video-preview:-1\" \/>\n<link rel=\"canonical\" href=\"https:\/\/blogdoprosperi.com\/?p=47341\" \/>\n<meta property=\"og:locale\" content=\"pt_BR\" \/>\n<meta property=\"og:type\" content=\"article\" \/>\n<meta property=\"og:title\" content=\"Paulistas x Cariocas | Palmeiras Vem Sozinho Contra o Rio - PR\u00d3SPERI NEWS\" \/>\n<meta property=\"og:description\" content=\"Luiz Ant\u00f4nio Pr\u00f3speri \u2013 7 janeiro (13h35) \u2013 Futebol paulista perde terreno na rivalidade contra os cariocas. A [&hellip;]\" \/>\n<meta property=\"og:url\" content=\"https:\/\/blogdoprosperi.com\/?p=47341\" \/>\n<meta property=\"og:site_name\" content=\"PR\u00d3SPERI NEWS\" \/>\n<meta property=\"article:publisher\" content=\"Luiz Pr\u00f3speri\" \/>\n<meta property=\"article:author\" content=\"Luiz Pr\u00f3speri\" \/>\n<meta property=\"article:published_time\" content=\"2025-01-07T17:15:23+00:00\" \/>\n<meta property=\"article:modified_time\" content=\"2025-01-07T22:12:45+00:00\" \/>\n<meta property=\"og:image\" content=\"https:\/\/i0.wp.com\/blogdoprosperi.com\/wp-content\/uploads\/2025\/01\/captura-de-tela-2025-01-07-as-14.12.26.png?fit=1092%2C828&ssl=1\" \/>\n\t<meta property=\"og:image:width\" content=\"1092\" \/>\n\t<meta property=\"og:image:height\" content=\"828\" \/>\n\t<meta property=\"og:image:type\" content=\"image\/png\" \/>\n<meta name=\"author\" content=\"Luiz Ant\u00f4nio Pr\u00f3speri\" \/>\n<meta name=\"twitter:card\" content=\"summary_large_image\" \/>\n<meta name=\"twitter:creator\" content=\"@Luizprosperi\" \/>\n<meta name=\"twitter:site\" content=\"@Luizprosperi\" \/>\n<meta name=\"twitter:label1\" content=\"Escrito por\" \/>\n\t<meta name=\"twitter:data1\" content=\"Luiz Ant\u00f4nio Pr\u00f3speri\" \/>\n\t<meta name=\"twitter:label2\" content=\"Est. tempo de leitura\" \/>\n\t<meta name=\"twitter:data2\" content=\"3 minutos\" \/>\n<script type=\"application\/ld+json\" class=\"yoast-schema-graph\">{\"@context\":\"https:\\\/\\\/schema.org\",\"@graph\":[{\"@type\":\"Article\",\"@id\":\"https:\\\/\\\/blogdoprosperi.com\\\/?p=47341#article\",\"isPartOf\":{\"@id\":\"https:\\\/\\\/blogdoprosperi.com\\\/?p=47341\"},\"author\":{\"name\":\"Luiz Ant\u00f4nio Pr\u00f3speri\",\"@id\":\"https:\\\/\\\/blogdoprosperi.com\\\/#\\\/schema\\\/person\\\/38100755ce3601861ee4fab9b5aa78e9\"},\"headline\":\"Paulistas x Cariocas | Palmeiras Vem Sozinho Contra o Rio\",\"datePublished\":\"2025-01-07T17:15:23+00:00\",\"dateModified\":\"2025-01-07T22:12:45+00:00\",\"mainEntityOfPage\":{\"@id\":\"https:\\\/\\\/blogdoprosperi.com\\\/?p=47341\"},\"wordCount\":544,\"commentCount\":0,\"publisher\":{\"@id\":\"https:\\\/\\\/blogdoprosperi.com\\\/#\\\/schema\\\/person\\\/38100755ce3601861ee4fab9b5aa78e9\"},\"image\":{\"@id\":\"https:\\\/\\\/blogdoprosperi.com\\\/?p=47341#primaryimage\"},\"thumbnailUrl\":\"https:\\\/\\\/i0.wp.com\\\/blogdoprosperi.com\\\/wp-content\\\/uploads\\\/2025\\\/01\\\/captura-de-tela-2025-01-07-as-14.12.26.png?fit=1092%2C828&ssl=1\",\"keywords\":[\"Botafogo\",\"brasileir\u00e3o 2025\",\"Corinthians\",\"Flamengo\",\"Fluminense\",\"futebol\",\"Garrincha\",\"Libertadores\",\"Luiz Ant\u00f4nio Pr\u00f3speri\",\"Palmeiras\",\"paulistas x cariocas\",\"Pel\u00e9\",\"santos\",\"Vasco\"],\"articleSection\":[\"futebol\",\"opini\u00e3o\"],\"inLanguage\":\"pt-BR\",\"potentialAction\":[{\"@type\":\"CommentAction\",\"name\":\"Comment\",\"target\":[\"https:\\\/\\\/blogdoprosperi.com\\\/?p=47341#respond\"]}]},{\"@type\":\"WebPage\",\"@id\":\"https:\\\/\\\/blogdoprosperi.com\\\/?p=47341\",\"url\":\"https:\\\/\\\/blogdoprosperi.com\\\/?p=47341\",\"name\":\"Paulistas x Cariocas | Palmeiras Vem Sozinho Contra o Rio - PR\u00d3SPERI NEWS\",\"isPartOf\":{\"@id\":\"https:\\\/\\\/blogdoprosperi.com\\\/#website\"},\"primaryImageOfPage\":{\"@id\":\"https:\\\/\\\/blogdoprosperi.com\\\/?p=47341#primaryimage\"},\"image\":{\"@id\":\"https:\\\/\\\/blogdoprosperi.com\\\/?p=47341#primaryimage\"},\"thumbnailUrl\":\"https:\\\/\\\/i0.wp.com\\\/blogdoprosperi.com\\\/wp-content\\\/uploads\\\/2025\\\/01\\\/captura-de-tela-2025-01-07-as-14.12.26.png?fit=1092%2C828&ssl=1\",\"datePublished\":\"2025-01-07T17:15:23+00:00\",\"dateModified\":\"2025-01-07T22:12:45+00:00\",\"breadcrumb\":{\"@id\":\"https:\\\/\\\/blogdoprosperi.com\\\/?p=47341#breadcrumb\"},\"inLanguage\":\"pt-BR\",\"potentialAction\":[{\"@type\":\"ReadAction\",\"target\":[\"https:\\\/\\\/blogdoprosperi.com\\\/?p=47341\"]}]},{\"@type\":\"ImageObject\",\"inLanguage\":\"pt-BR\",\"@id\":\"https:\\\/\\\/blogdoprosperi.com\\\/?p=47341#primaryimage\",\"url\":\"https:\\\/\\\/i0.wp.com\\\/blogdoprosperi.com\\\/wp-content\\\/uploads\\\/2025\\\/01\\\/captura-de-tela-2025-01-07-as-14.12.26.png?fit=1092%2C828&ssl=1\",\"contentUrl\":\"https:\\\/\\\/i0.wp.com\\\/blogdoprosperi.com\\\/wp-content\\\/uploads\\\/2025\\\/01\\\/captura-de-tela-2025-01-07-as-14.12.26.png?fit=1092%2C828&ssl=1\",\"width\":1092,\"height\":828,\"caption\":\"Garrincha da Sele\u00e7\u00e3o Carioca contra Pel\u00e9 da Sele\u00e7\u00e3o Paulista \u2013 foto: reprodu\u00e7\u00e3o Reddit\\\/futebol\"},{\"@type\":\"BreadcrumbList\",\"@id\":\"https:\\\/\\\/blogdoprosperi.com\\\/?p=47341#breadcrumb\",\"itemListElement\":[{\"@type\":\"ListItem\",\"position\":1,\"name\":\"In\u00edcio\",\"item\":\"https:\\\/\\\/blogdoprosperi.com\\\/\"},{\"@type\":\"ListItem\",\"position\":2,\"name\":\"Paulistas x Cariocas | Palmeiras Vem Sozinho Contra o Rio\"}]},{\"@type\":\"WebSite\",\"@id\":\"https:\\\/\\\/blogdoprosperi.com\\\/#website\",\"url\":\"https:\\\/\\\/blogdoprosperi.com\\\/\",\"name\":\"PR\u00d3SPERI NEWS\",\"description\":\"TUDO \u00c9  FUTEBOL\",\"publisher\":{\"@id\":\"https:\\\/\\\/blogdoprosperi.com\\\/#\\\/schema\\\/person\\\/38100755ce3601861ee4fab9b5aa78e9\"},\"alternateName\":\"blogdoprosperi.com\",\"potentialAction\":[{\"@type\":\"SearchAction\",\"target\":{\"@type\":\"EntryPoint\",\"urlTemplate\":\"https:\\\/\\\/blogdoprosperi.com\\\/?s={search_term_string}\"},\"query-input\":{\"@type\":\"PropertyValueSpecification\",\"valueRequired\":true,\"valueName\":\"search_term_string\"}}],\"inLanguage\":\"pt-BR\"},{\"@type\":[\"Person\",\"Organization\"],\"@id\":\"https:\\\/\\\/blogdoprosperi.com\\\/#\\\/schema\\\/person\\\/38100755ce3601861ee4fab9b5aa78e9\",\"name\":\"Luiz Ant\u00f4nio Pr\u00f3speri\",\"pronouns\":\"ele\",\"image\":{\"@type\":\"ImageObject\",\"inLanguage\":\"pt-BR\",\"@id\":\"https:\\\/\\\/i0.wp.com\\\/blogdoprosperi.com\\\/wp-content\\\/uploads\\\/2026\\\/05\\\/cropped-8059e613-6002-42fa-961e-8e275f575d71-2-5.jpg?fit=1360%2C931&ssl=1\",\"url\":\"https:\\\/\\\/i0.wp.com\\\/blogdoprosperi.com\\\/wp-content\\\/uploads\\\/2026\\\/05\\\/cropped-8059e613-6002-42fa-961e-8e275f575d71-2-5.jpg?fit=1360%2C931&ssl=1\",\"contentUrl\":\"https:\\\/\\\/i0.wp.com\\\/blogdoprosperi.com\\\/wp-content\\\/uploads\\\/2026\\\/05\\\/cropped-8059e613-6002-42fa-961e-8e275f575d71-2-5.jpg?fit=1360%2C931&ssl=1\",\"width\":1360,\"height\":931,\"caption\":\"Luiz Ant\u00f4nio Pr\u00f3speri\"},\"logo\":{\"@id\":\"https:\\\/\\\/i0.wp.com\\\/blogdoprosperi.com\\\/wp-content\\\/uploads\\\/2026\\\/05\\\/cropped-8059e613-6002-42fa-961e-8e275f575d71-2-5.jpg?fit=1360%2C931&ssl=1\"},\"description\":\"Jornalista com carreira dedicada ao esporte. Cobriu 9 Copas do Mundo in loco, 1990 na It\u00e1lia, 1994 nos EUA, 1998 na Fran\u00e7a, 2002 na Coreia do Sul e Jap\u00e3o, 2006 na Alemanha, 2010 na \u00c1frica do Sul, 2014 no Brasil, 2018 na R\u00fassia e 2022 no Qatar. Eurocopas, 1992 na Su\u00e9cia e 1996 na Inglaterra. Copa das Confedera\u00e7\u00f5es de 2005 na Alemanha e 2009 na \u00c1frica do Sul. Rep\u00f3rter e Editor, trabalhou no Jornal da Tarde e Estad\u00e3o, de 1984 a fevereiro de 2016. Colunista, blogueiro. E comentarista de futebol na R\u00e1dio Estad\u00e3o, de 2013 a fevereiro de 2016. Jornalista respons\u00e1vel do \\\"Pr\u00f3speri News\\\" (blogdoprosperi.com).\",\"sameAs\":[\"http:\\\/\\\/blogdoprosperi.com\",\"Luiz Pr\u00f3speri\",\"@luiz_prosperi\",\"https:\\\/\\\/x.com\\\/Luizprosperi\",\"@prosperinacopa\",\"luiz.prosperi@icloud.com\"],\"url\":\"https:\\\/\\\/blogdoprosperi.com\\\/?author=102107496\"}]}<\/script>\n<!-- \/ Yoast SEO plugin. -->","yoast_head_json":{"title":"Paulistas x Cariocas | Palmeiras Vem Sozinho Contra o Rio - PR\u00d3SPERI NEWS","robots":{"index":"index","follow":"follow","max-snippet":"max-snippet:-1","max-image-preview":"max-image-preview:large","max-video-preview":"max-video-preview:-1"},"canonical":"https:\/\/blogdoprosperi.com\/?p=47341","og_locale":"pt_BR","og_type":"article","og_title":"Paulistas x Cariocas | Palmeiras Vem Sozinho Contra o Rio - PR\u00d3SPERI NEWS","og_description":"Luiz Ant\u00f4nio Pr\u00f3speri \u2013 7 janeiro (13h35) \u2013 Futebol paulista perde terreno na rivalidade contra os cariocas. A [&hellip;]","og_url":"https:\/\/blogdoprosperi.com\/?p=47341","og_site_name":"PR\u00d3SPERI NEWS","article_publisher":"Luiz Pr\u00f3speri","article_author":"Luiz Pr\u00f3speri","article_published_time":"2025-01-07T17:15:23+00:00","article_modified_time":"2025-01-07T22:12:45+00:00","og_image":[{"width":1092,"height":828,"url":"https:\/\/i0.wp.com\/blogdoprosperi.com\/wp-content\/uploads\/2025\/01\/captura-de-tela-2025-01-07-as-14.12.26.png?fit=1092%2C828&ssl=1","type":"image\/png"}],"author":"Luiz Ant\u00f4nio Pr\u00f3speri","twitter_card":"summary_large_image","twitter_creator":"@Luizprosperi","twitter_site":"@Luizprosperi","twitter_misc":{"Escrito por":"Luiz Ant\u00f4nio Pr\u00f3speri","Est. tempo de leitura":"3 minutos"},"schema":{"@context":"https:\/\/schema.org","@graph":[{"@type":"Article","@id":"https:\/\/blogdoprosperi.com\/?p=47341#article","isPartOf":{"@id":"https:\/\/blogdoprosperi.com\/?p=47341"},"author":{"name":"Luiz Ant\u00f4nio Pr\u00f3speri","@id":"https:\/\/blogdoprosperi.com\/#\/schema\/person\/38100755ce3601861ee4fab9b5aa78e9"},"headline":"Paulistas x Cariocas | Palmeiras Vem Sozinho Contra o Rio","datePublished":"2025-01-07T17:15:23+00:00","dateModified":"2025-01-07T22:12:45+00:00","mainEntityOfPage":{"@id":"https:\/\/blogdoprosperi.com\/?p=47341"},"wordCount":544,"commentCount":0,"publisher":{"@id":"https:\/\/blogdoprosperi.com\/#\/schema\/person\/38100755ce3601861ee4fab9b5aa78e9"},"image":{"@id":"https:\/\/blogdoprosperi.com\/?p=47341#primaryimage"},"thumbnailUrl":"https:\/\/i0.wp.com\/blogdoprosperi.com\/wp-content\/uploads\/2025\/01\/captura-de-tela-2025-01-07-as-14.12.26.png?fit=1092%2C828&ssl=1","keywords":["Botafogo","brasileir\u00e3o 2025","Corinthians","Flamengo","Fluminense","futebol","Garrincha","Libertadores","Luiz Ant\u00f4nio Pr\u00f3speri","Palmeiras","paulistas x cariocas","Pel\u00e9","santos","Vasco"],"articleSection":["futebol","opini\u00e3o"],"inLanguage":"pt-BR","potentialAction":[{"@type":"CommentAction","name":"Comment","target":["https:\/\/blogdoprosperi.com\/?p=47341#respond"]}]},{"@type":"WebPage","@id":"https:\/\/blogdoprosperi.com\/?p=47341","url":"https:\/\/blogdoprosperi.com\/?p=47341","name":"Paulistas x Cariocas | Palmeiras Vem Sozinho Contra o Rio - PR\u00d3SPERI NEWS","isPartOf":{"@id":"https:\/\/blogdoprosperi.com\/#website"},"primaryImageOfPage":{"@id":"https:\/\/blogdoprosperi.com\/?p=47341#primaryimage"},"image":{"@id":"https:\/\/blogdoprosperi.com\/?p=47341#primaryimage"},"thumbnailUrl":"https:\/\/i0.wp.com\/blogdoprosperi.com\/wp-content\/uploads\/2025\/01\/captura-de-tela-2025-01-07-as-14.12.26.png?fit=1092%2C828&ssl=1","datePublished":"2025-01-07T17:15:23+00:00","dateModified":"2025-01-07T22:12:45+00:00","breadcrumb":{"@id":"https:\/\/blogdoprosperi.com\/?p=47341#breadcrumb"},"inLanguage":"pt-BR","potentialAction":[{"@type":"ReadAction","target":["https:\/\/blogdoprosperi.com\/?p=47341"]}]},{"@type":"ImageObject","inLanguage":"pt-BR","@id":"https:\/\/blogdoprosperi.com\/?p=47341#primaryimage","url":"https:\/\/i0.wp.com\/blogdoprosperi.com\/wp-content\/uploads\/2025\/01\/captura-de-tela-2025-01-07-as-14.12.26.png?fit=1092%2C828&ssl=1","contentUrl":"https:\/\/i0.wp.com\/blogdoprosperi.com\/wp-content\/uploads\/2025\/01\/captura-de-tela-2025-01-07-as-14.12.26.png?fit=1092%2C828&ssl=1","width":1092,"height":828,"caption":"Garrincha da Sele\u00e7\u00e3o Carioca contra Pel\u00e9 da Sele\u00e7\u00e3o Paulista \u2013 foto: reprodu\u00e7\u00e3o Reddit\/futebol"},{"@type":"BreadcrumbList","@id":"https:\/\/blogdoprosperi.com\/?p=47341#breadcrumb","itemListElement":[{"@type":"ListItem","position":1,"name":"In\u00edcio","item":"https:\/\/blogdoprosperi.com\/"},{"@type":"ListItem","position":2,"name":"Paulistas x Cariocas | Palmeiras Vem Sozinho Contra o Rio"}]},{"@type":"WebSite","@id":"https:\/\/blogdoprosperi.com\/#website","url":"https:\/\/blogdoprosperi.com\/","name":"PR\u00d3SPERI NEWS","description":"TUDO \u00c9  FUTEBOL","publisher":{"@id":"https:\/\/blogdoprosperi.com\/#\/schema\/person\/38100755ce3601861ee4fab9b5aa78e9"},"alternateName":"blogdoprosperi.com","potentialAction":[{"@type":"SearchAction","target":{"@type":"EntryPoint","urlTemplate":"https:\/\/blogdoprosperi.com\/?s={search_term_string}"},"query-input":{"@type":"PropertyValueSpecification","valueRequired":true,"valueName":"search_term_string"}}],"inLanguage":"pt-BR"},{"@type":["Person","Organization"],"@id":"https:\/\/blogdoprosperi.com\/#\/schema\/person\/38100755ce3601861ee4fab9b5aa78e9","name":"Luiz Ant\u00f4nio Pr\u00f3speri","pronouns":"ele","image":{"@type":"ImageObject","inLanguage":"pt-BR","@id":"https:\/\/i0.wp.com\/blogdoprosperi.com\/wp-content\/uploads\/2026\/05\/cropped-8059e613-6002-42fa-961e-8e275f575d71-2-5.jpg?fit=1360%2C931&ssl=1","url":"https:\/\/i0.wp.com\/blogdoprosperi.com\/wp-content\/uploads\/2026\/05\/cropped-8059e613-6002-42fa-961e-8e275f575d71-2-5.jpg?fit=1360%2C931&ssl=1","contentUrl":"https:\/\/i0.wp.com\/blogdoprosperi.com\/wp-content\/uploads\/2026\/05\/cropped-8059e613-6002-42fa-961e-8e275f575d71-2-5.jpg?fit=1360%2C931&ssl=1","width":1360,"height":931,"caption":"Luiz Ant\u00f4nio Pr\u00f3speri"},"logo":{"@id":"https:\/\/i0.wp.com\/blogdoprosperi.com\/wp-content\/uploads\/2026\/05\/cropped-8059e613-6002-42fa-961e-8e275f575d71-2-5.jpg?fit=1360%2C931&ssl=1"},"description":"Jornalista com carreira dedicada ao esporte. Cobriu 9 Copas do Mundo in loco, 1990 na It\u00e1lia, 1994 nos EUA, 1998 na Fran\u00e7a, 2002 na Coreia do Sul e Jap\u00e3o, 2006 na Alemanha, 2010 na \u00c1frica do Sul, 2014 no Brasil, 2018 na R\u00fassia e 2022 no Qatar. Eurocopas, 1992 na Su\u00e9cia e 1996 na Inglaterra. Copa das Confedera\u00e7\u00f5es de 2005 na Alemanha e 2009 na \u00c1frica do Sul. Rep\u00f3rter e Editor, trabalhou no Jornal da Tarde e Estad\u00e3o, de 1984 a fevereiro de 2016. Colunista, blogueiro. E comentarista de futebol na R\u00e1dio Estad\u00e3o, de 2013 a fevereiro de 2016. Jornalista respons\u00e1vel do \"Pr\u00f3speri News\" (blogdoprosperi.com).","sameAs":["http:\/\/blogdoprosperi.com","Luiz Pr\u00f3speri","@luiz_prosperi","https:\/\/x.com\/Luizprosperi","@prosperinacopa","luiz.prosperi@icloud.com"],"url":"https:\/\/blogdoprosperi.com\/?author=102107496"}]}},"jetpack_publicize_connections":[],"jetpack_likes_enabled":false,"jetpack_sharing_enabled":true,"jetpack_shortlink":"https:\/\/wp.me\/p7jvdk-cjz","jetpack-related-posts":[{"id":46700,"url":"https:\/\/blogdoprosperi.com\/?p=46700","url_meta":{"origin":47341,"position":0},"title":"John Textor | I Love Flamengo","author":"Luiz Ant\u00f4nio Pr\u00f3speri","date":"2 de dezembro de 2024","format":false,"excerpt":"Luiz Ant\u00f4nio Pr\u00f3speri \u2013 2 dezembro (10h35) \u2013 Praia de Botafogo abarrotada de torcedores, domingo (01\/12), \u00e0 noite. Tr\u00eas trios el\u00e9tricos embalando a massa. Do alto de um deles, o americano John Textor se esbalda na comemora\u00e7\u00e3o da conquista da Libertadores da Am\u00e9rica. Ao ser entrevistado por uma rep\u00f3rter do\u2026","rel":"","context":"Em &quot;futebol&quot;","block_context":{"text":"futebol","link":"https:\/\/blogdoprosperi.com\/?cat=53870"},"img":{"alt_text":"Textor repete gesto de Tulio Maravilha em 1995","src":"https:\/\/i0.wp.com\/blogdoprosperi.com\/wp-content\/uploads\/2024\/12\/john-textor-replica-tulio-maravilha-em-chegada-epica-do-botafogo-ao-rio2c-apos-titulo-da-libertadores.jpg.webp?fit=984%2C656&ssl=1&resize=350%2C200","width":350,"height":200,"srcset":"https:\/\/i0.wp.com\/blogdoprosperi.com\/wp-content\/uploads\/2024\/12\/john-textor-replica-tulio-maravilha-em-chegada-epica-do-botafogo-ao-rio2c-apos-titulo-da-libertadores.jpg.webp?fit=984%2C656&ssl=1&resize=350%2C200 1x, https:\/\/i0.wp.com\/blogdoprosperi.com\/wp-content\/uploads\/2024\/12\/john-textor-replica-tulio-maravilha-em-chegada-epica-do-botafogo-ao-rio2c-apos-titulo-da-libertadores.jpg.webp?fit=984%2C656&ssl=1&resize=525%2C300 1.5x, https:\/\/i0.wp.com\/blogdoprosperi.com\/wp-content\/uploads\/2024\/12\/john-textor-replica-tulio-maravilha-em-chegada-epica-do-botafogo-ao-rio2c-apos-titulo-da-libertadores.jpg.webp?fit=984%2C656&ssl=1&resize=700%2C400 2x"},"classes":[]},{"id":44770,"url":"https:\/\/blogdoprosperi.com\/?p=44770","url_meta":{"origin":47341,"position":1},"title":"Libertadores 2024: Futebol Carioca Mostra For\u00e7a com Flamengo, Botafogo e Fluminense Classificados","author":"Luiz Ant\u00f4nio Pr\u00f3speri","date":"23 de agosto de 2024","format":false,"excerpt":"Luiz Ant\u00f4nio Pr\u00f3speri \u2013 23 agosto (00h42) Libertadores 2024 conhece os oito classificados \u00e0s quartas de final. Dos cinco brasileiros que avan\u00e7am, futebol carioca ter\u00e1 tr\u00eas representantes (Flamengo, Botafogo e Fluminense). Primeira vez na hist\u00f3ria da Libertadores que uma cidade, no caso Rio de Janeiro, tem tr\u00eas clubes na fase\u2026","rel":"","context":"Em &quot;futebol&quot;","block_context":{"text":"futebol","link":"https:\/\/blogdoprosperi.com\/?cat=53870"},"img":{"alt_text":"Botafogo lidera janela de transfer\u00eancia Brasileir\u00e3o","src":"https:\/\/i0.wp.com\/blogdoprosperi.com\/wp-content\/uploads\/2024\/08\/53939474383_d4131fa0d5_k.jpg?fit=1200%2C800&ssl=1&resize=350%2C200","width":350,"height":200,"srcset":"https:\/\/i0.wp.com\/blogdoprosperi.com\/wp-content\/uploads\/2024\/08\/53939474383_d4131fa0d5_k.jpg?fit=1200%2C800&ssl=1&resize=350%2C200 1x, https:\/\/i0.wp.com\/blogdoprosperi.com\/wp-content\/uploads\/2024\/08\/53939474383_d4131fa0d5_k.jpg?fit=1200%2C800&ssl=1&resize=525%2C300 1.5x, https:\/\/i0.wp.com\/blogdoprosperi.com\/wp-content\/uploads\/2024\/08\/53939474383_d4131fa0d5_k.jpg?fit=1200%2C800&ssl=1&resize=700%2C400 2x, https:\/\/i0.wp.com\/blogdoprosperi.com\/wp-content\/uploads\/2024\/08\/53939474383_d4131fa0d5_k.jpg?fit=1200%2C800&ssl=1&resize=1050%2C600 3x"},"classes":[]},{"id":46834,"url":"https:\/\/blogdoprosperi.com\/?p=46834","url_meta":{"origin":47341,"position":2},"title":"\u00c9 Tempo de Botafogo","author":"Luiz Ant\u00f4nio Pr\u00f3speri","date":"8 de dezembro de 2024","format":false,"excerpt":"Luiz Ant\u00f4nio Pr\u00f3speri \u2013 8 dezembro (19h30) \u2013 Botafogo \u00e9 o melhor time do futebol brasileiro 2024. Leva, com sobra, o Brasileir\u00e3o 2024 depois de uma semana lustrando a ta\u00e7a in\u00e9dita em sua hist\u00f3ria de campe\u00e3o da Libertadores da Am\u00e9rica. Futebol feito com muito dinheiro de um norte-americano fan\u00e1tico por\u2026","rel":"","context":"Em &quot;futebol&quot;","block_context":{"text":"futebol","link":"https:\/\/blogdoprosperi.com\/?cat=53870"},"img":{"alt_text":"","src":"https:\/\/i0.wp.com\/blogdoprosperi.com\/wp-content\/uploads\/2024\/12\/f7486da3e750497fa4e3b306890b1c43-1.png?fit=1200%2C593&ssl=1&resize=350%2C200","width":350,"height":200,"srcset":"https:\/\/i0.wp.com\/blogdoprosperi.com\/wp-content\/uploads\/2024\/12\/f7486da3e750497fa4e3b306890b1c43-1.png?fit=1200%2C593&ssl=1&resize=350%2C200 1x, https:\/\/i0.wp.com\/blogdoprosperi.com\/wp-content\/uploads\/2024\/12\/f7486da3e750497fa4e3b306890b1c43-1.png?fit=1200%2C593&ssl=1&resize=525%2C300 1.5x, https:\/\/i0.wp.com\/blogdoprosperi.com\/wp-content\/uploads\/2024\/12\/f7486da3e750497fa4e3b306890b1c43-1.png?fit=1200%2C593&ssl=1&resize=700%2C400 2x, https:\/\/i0.wp.com\/blogdoprosperi.com\/wp-content\/uploads\/2024\/12\/f7486da3e750497fa4e3b306890b1c43-1.png?fit=1200%2C593&ssl=1&resize=1050%2C600 3x"},"classes":[]},{"id":2450,"url":"https:\/\/blogdoprosperi.com\/?p=2450","url_meta":{"origin":47341,"position":3},"title":"Estaduais mais atrapalham do que ajudam o futebol","author":"Luiz Ant\u00f4nio Pr\u00f3speri","date":"26 de abril de 2016","format":false,"excerpt":"Clubes brasileiros se matam nos campeonatos regionais em busca da grana da televis\u00e3o Marca registrada do futebol brasileiro, os Estaduais ocupam pelo menos tr\u00eas meses do calend\u00e1rio nacional sem levar a lugar nenhum.Valem mais pelo dinheiro das cotas de transmiss\u00e3o dos jogos do que o aspecto t\u00e9cnico na forma\u00e7\u00e3o dos\u2026","rel":"","context":"Em &quot;futebol&quot;","block_context":{"text":"futebol","link":"https:\/\/blogdoprosperi.com\/?cat=53870"},"img":{"alt_text":"","src":"https:\/\/i0.wp.com\/blogdoprosperi.com\/wp-content\/uploads\/2016\/04\/19182044-1.jpg?resize=350%2C200&ssl=1","width":350,"height":200,"srcset":"https:\/\/i0.wp.com\/blogdoprosperi.com\/wp-content\/uploads\/2016\/04\/19182044-1.jpg?resize=350%2C200&ssl=1 1x, https:\/\/i0.wp.com\/blogdoprosperi.com\/wp-content\/uploads\/2016\/04\/19182044-1.jpg?resize=525%2C300&ssl=1 1.5x"},"classes":[]},{"id":366,"url":"https:\/\/blogdoprosperi.com\/?p=366","url_meta":{"origin":47341,"position":4},"title":"Torcida \u00fanica nos cl\u00e1ssicos \u00e9 derrota do futebol","author":"Luiz Ant\u00f4nio Pr\u00f3speri","date":"5 de abril de 2016","format":false,"excerpt":"\u00a0 A Secretaria de Seguran\u00e7a P\u00fablica do Estado de S\u00e3o Paulo, sem consultar ningu\u00e9m do futebol, determinou com uma canetada a presen\u00e7a de torcida \u00fanica em cl\u00e1ssicos paulistas em todos os campeonatos at\u00e9 31 de dezembro. A ordem partiu do governo do estado ap\u00f3s a s\u00e9rie de confrontos de fac\u00e7\u00f5es\u2026","rel":"","context":"Em &quot;futebol&quot;","block_context":{"text":"futebol","link":"https:\/\/blogdoprosperi.com\/?cat=53870"},"img":{"alt_text":"","src":"https:\/\/i0.wp.com\/blogdoprosperi.com\/wp-content\/uploads\/2016\/04\/v-php.jpeg?resize=350%2C200&ssl=1","width":350,"height":200,"srcset":"https:\/\/i0.wp.com\/blogdoprosperi.com\/wp-content\/uploads\/2016\/04\/v-php.jpeg?resize=350%2C200&ssl=1 1x, https:\/\/i0.wp.com\/blogdoprosperi.com\/wp-content\/uploads\/2016\/04\/v-php.jpeg?resize=525%2C300&ssl=1 1.5x, https:\/\/i0.wp.com\/blogdoprosperi.com\/wp-content\/uploads\/2016\/04\/v-php.jpeg?resize=700%2C400&ssl=1 2x"},"classes":[]},{"id":46525,"url":"https:\/\/blogdoprosperi.com\/?p=46525","url_meta":{"origin":47341,"position":5},"title":"Palmeiras e Botafogo \u2013 Decis\u00e3o | Time de Abel Larga na Pole, Artur Acusa Golpe","author":"Luiz Ant\u00f4nio Pr\u00f3speri","date":"25 de novembro de 2024","format":false,"excerpt":"Luiz Ant\u00f4nio Pr\u00f3speri \u2013 25 novembro \u2013 atualizado 26 novembro (12h40) \u2013 Palmeiras e Botafogo decidem Brasileir\u00e3o 2024 ter\u00e7a-feira (26\/11) na casa alviverde. Iguais no n\u00famero de pontos (70 a 70), time paulista tem vantagem no crit\u00e9rio de desempate com uma vit\u00f3ria a mais (21 a 20). Matem\u00e1ticos e analistas\u2026","rel":"","context":"Em &quot;futebol&quot;","block_context":{"text":"futebol","link":"https:\/\/blogdoprosperi.com\/?cat=53870"},"img":{"alt_text":"Time de Abel Ferreira larga na frente contra Botafogo","src":"https:\/\/i0.wp.com\/blogdoprosperi.com\/wp-content\/uploads\/2024\/11\/54160663650_ea2b7b6b97_h.jpg?fit=1200%2C675&ssl=1&resize=350%2C200","width":350,"height":200,"srcset":"https:\/\/i0.wp.com\/blogdoprosperi.com\/wp-content\/uploads\/2024\/11\/54160663650_ea2b7b6b97_h.jpg?fit=1200%2C675&ssl=1&resize=350%2C200 1x, https:\/\/i0.wp.com\/blogdoprosperi.com\/wp-content\/uploads\/2024\/11\/54160663650_ea2b7b6b97_h.jpg?fit=1200%2C675&ssl=1&resize=525%2C300 1.5x, https:\/\/i0.wp.com\/blogdoprosperi.com\/wp-content\/uploads\/2024\/11\/54160663650_ea2b7b6b97_h.jpg?fit=1200%2C675&ssl=1&resize=700%2C400 2x, https:\/\/i0.wp.com\/blogdoprosperi.com\/wp-content\/uploads\/2024\/11\/54160663650_ea2b7b6b97_h.jpg?fit=1200%2C675&ssl=1&resize=1050%2C600 3x"},"classes":[]}],"jetpack_featured_media_url":"https:\/\/i0.wp.com\/blogdoprosperi.com\/wp-content\/uploads\/2025\/01\/captura-de-tela-2025-01-07-as-14.12.26.png?fit=1092%2C828&ssl=1","_links":{"self":[{"href":"https:\/\/blogdoprosperi.com\/index.php?rest_route=\/wp\/v2\/posts\/47341","targetHints":{"allow":["GET"]}}],"collection":[{"href":"https:\/\/blogdoprosperi.com\/index.php?rest_route=\/wp\/v2\/posts"}],"about":[{"href":"https:\/\/blogdoprosperi.com\/index.php?rest_route=\/wp\/v2\/types\/post"}],"author":[{"embeddable":true,"href":"https:\/\/blogdoprosperi.com\/index.php?rest_route=\/wp\/v2\/users\/102107496"}],"replies":[{"embeddable":true,"href":"https:\/\/blogdoprosperi.com\/index.php?rest_route=%2Fwp%2Fv2%2Fcomments&post=47341"}],"version-history":[{"count":15,"href":"https:\/\/blogdoprosperi.com\/index.php?rest_route=\/wp\/v2\/posts\/47341\/revisions"}],"predecessor-version":[{"id":47359,"href":"https:\/\/blogdoprosperi.com\/index.php?rest_route=\/wp\/v2\/posts\/47341\/revisions\/47359"}],"wp:featuredmedia":[{"embeddable":true,"href":"https:\/\/blogdoprosperi.com\/index.php?rest_route=\/wp\/v2\/media\/47354"}],"wp:attachment":[{"href":"https:\/\/blogdoprosperi.com\/index.php?rest_route=%2Fwp%2Fv2%2Fmedia&parent=47341"}],"wp:term":[{"taxonomy":"category","embeddable":true,"href":"https:\/\/blogdoprosperi.com\/index.php?rest_route=%2Fwp%2Fv2%2Fcategories&post=47341"},{"taxonomy":"post_tag","embeddable":true,"href":"https:\/\/blogdoprosperi.com\/index.php?rest_route=%2Fwp%2Fv2%2Ftags&post=47341"}],"curies":[{"name":"wp","href":"https:\/\/api.w.org\/{rel}","templated":true}]}}