{"id":47423,"date":"2025-01-13T15:24:12","date_gmt":"2025-01-13T18:24:12","guid":{"rendered":"https:\/\/blogdoprosperi.com\/?p=47423"},"modified":"2025-01-13T19:01:49","modified_gmt":"2025-01-13T22:01:49","slug":"leila-pereira-era-hora-de-mudar-palmeiras-vem-mais-agressivo-no-mercado","status":"publish","type":"post","link":"https:\/\/blogdoprosperi.com\/?p=47423","title":{"rendered":"Leila Pereira | &#8220;Palmeiras Vem Mais Agressivo no Mercado. Dudu sai pela Porta dos Fundos\u201d"},"content":{"rendered":"<p><em>Luiz Ant\u00f4nio Pr\u00f3speri \u2013 13 janeiro (15h10) \u2013<\/em><\/p>\n<p>Palmeiras anuncia novo patrocinador master encerrando parceria de dez anos com a Crefisa, empresa da presidente Leila Pereira. Sportingbet, casa de apostas esportivas, assume a camisa do clube no contrato inicial de R$ 100 milh\u00f5es\/ano por tr\u00eas temporadas + R$ 70 milh\u00f5es de b\u00f4nus (metas alcan\u00e7adas). Proje\u00e7\u00e3o do clube \u00e9 de um patroc\u00ednio total no valor de R$ 200 milh\u00f5es \u2013 j\u00e1 soma R$ 111 milh\u00f5es (R$ 100 milh\u00f5es da Sportingbet + R$ 11 milh\u00f5es da Sill na manga das camisas). Grana a engordar o caixa para bancar a ambi\u00e7\u00e3o de Leila Pereira revelada segunda-feira (13\/1): &#8220;O Palmeiras mais agressivo, quer mais. Vem mais gente (refor\u00e7os) a\u00ed&#8221;, disse a presidente. E bate em Dudu: &#8220;Sai do Palmeiras pela porta dos fundos&#8221;. Jogador rebate xingando a presidente: &#8220;Me esquece. VTNC&#8221;.<\/p>\n<p><em>Acompanhe principais recortes da entrevista coletiva de Leila Pereira:<\/em><\/p>\n<p><strong>PALMEIRAS AGRESSIVO NO MERCADO<\/strong><\/p>\n<p>&#8220;\u00c9 um Palmeiras mais agressivo. \u00c0s vezes o sucesso te deixa um pouco com a vista meio nebulosa. O sucesso esconde algumas provid\u00eancias que deveriam ser tomadas anteriormente. Percebi isso nesse ano que passou. N\u00e3o fiquei feliz com o desempenho do Palmeiras\u201d.<\/p>\n<p>\u201cSa\u00edmos rapidamente da Copa do Brasil e da Libertadores. Fomos tricampe\u00f5es paulistas, vice do Brasileiro, mas quer\u00edamos mais. Entendi que era o momento de mudar nossa mentalidade. Eu observo, ou\u00e7o pessoas com credibilidade e mudo, sim. Em 2025 seremos mais agressivos. Estamos em busca de atletas prontos, que possam ajudar nosso elenco e treinador imediatamente\u201d.<\/p>\n<hr>\n<p><strong><em>Contrata\u00e7\u00f5es 2025 at\u00e9 aqui:<\/em><\/strong><\/p>\n<p><strong><em>Paulinho (atacante, Atl\u00e9tico-MG) \u2013 R$ 114 milh\u00f5es + Gabriel Menino e Patrick (volante da base)<br \/>\nFacundo Torres (atacante, Orlando City) \u2013 R$ 70 milh\u00f5es<\/em><\/strong><\/p>\n<figure id=\"attachment_47262\" align=\"alignnone\"><img data-recalc-dims=\"1\" loading=\"lazy\" decoding=\"async\" data-attachment-id=\"47262\" data-permalink=\"https:\/\/blogdoprosperi.com\/?attachment_id=47262\" data-orig-file=\"https:\/\/i0.wp.com\/blogdoprosperi.com\/wp-content\/uploads\/2024\/12\/gg_10331-2-2000x1200-1.jpg?fit=2000%2C1200&amp;ssl=1\" data-orig-size=\"2000,1200\" data-comments-opened=\"1\" data-image-meta=\"{&quot;aperture&quot;:&quot;2.8&quot;,&quot;credit&quot;:&quot;&quot;,&quot;camera&quot;:&quot;Canon EOS R5&quot;,&quot;caption&quot;:&quot;&quot;,&quot;created_timestamp&quot;:&quot;1735046987&quot;,&quot;copyright&quot;:&quot;&quot;,&quot;focal_length&quot;:&quot;46&quot;,&quot;iso&quot;:&quot;800&quot;,&quot;shutter_speed&quot;:&quot;0.00625&quot;,&quot;title&quot;:&quot;&quot;,&quot;orientation&quot;:&quot;0&quot;}\" data-image-title=\"Paulinho \u00e9 do Palmeiras\" data-image-description=\"\" data-image-caption=\"&lt;p&gt;Paulinho \u2013 foto: Palmeiras oficial&lt;\/p&gt;\n\" data-large-file=\"https:\/\/i0.wp.com\/blogdoprosperi.com\/wp-content\/uploads\/2024\/12\/gg_10331-2-2000x1200-1.jpg?fit=940%2C564&amp;ssl=1\" src=\"https:\/\/i0.wp.com\/blogdoprosperi.com\/wp-content\/uploads\/2024\/12\/gg_10331-2-2000x1200-1.jpg?resize=596%2C357&#038;ssl=1\" class=\"wp-image-47262\" alt=\"\" width=\"596\" height=\"357\"><\/figure>\n<hr>\n<p><strong>JOHN ARIAS DO FLUMINENSE INTERESSA<\/strong><\/p>\n<p>\u201cArias \u00e9 um grande jogador, mas o Fluminense n\u00e3o quer negociar. N\u00e3o tem interesse em negociar o jogador aqui para o Brasil\u201d.<\/p>\n<p><strong>ANDREAS PEREIRA NEGOCIANDO<\/strong><\/p>\n<p>\u201cInfelizmente o timing n\u00e3o \u00e9 o mesmo do Palmeiras. Eu sempre tenho pressa, voc\u00eas n\u00e3o imaginam meu dia a dia. \u00c0s vezes as coisas n\u00e3o v\u00e3o na velocidade que eu espero. \u00c9 a diferen\u00e7a do mercado corporativo para o futebol. N\u00f3s temos interesse nesse atleta, gostaria que evolu\u00edsse, mas n\u00e3o depende s\u00f3 do Palmeiras. Estamos na luta. Palmeiras quer muito o Andreas&#8221;.<\/p>\n<p>\u201cEstamos fazendo nosso melhor. N\u00e3o falo em valores. O que for poss\u00edvel, at\u00e9 um limite, n\u00f3s chegaremos (<em>por Andreas<\/em>). \u00c9 um desejo muito grande nosso. Eu gostaria que isso fosse resolvido o mais brevemente poss\u00edvel.\u201d<\/p>\n<hr>\n<p><strong>RONY, FIM DE CICLO<\/strong><\/p>\n<p>&#8220;Acho que sim (<em>fim de ciclo)<\/em>. Como tudo na vida. O <strong><a href=\"https:\/\/blogdoprosperi.com\/2025\/01\/11\/cronicasabatica-rony-do-palmeiras-e-os-rusticos\/\">Rony<\/a><\/strong> j\u00e1 nos proporcionou alegrias imensas, mas acho que seria at\u00e9 bom pra ele novos ares. Mas se ele entende que n\u00e3o, ele \u00e9 muito querido e continuar\u00e1 at\u00e9 o fim do contrato.<\/p>\n<p>&#8220;Houve sim uma negocia\u00e7\u00e3o com o clube carioca, por parte do Palmeiras estaria tudo certo, mas precisa-se que o atleta se acerte com o clube, estamos nessa situa\u00e7\u00e3o. Porque alguns atletas nos entendemos que colaboraram demais conosco, mas como tudo na vida tem um ciclo. Eu trato in\u00edcios meios e fins de ciclo com muita tranquilidade, que eu acho que o atleta tamb\u00e9m deveria encarar dessa forma.<\/p>\n<p><span><strong><a style=\"color: #0000ff\" href=\"https:\/\/x.com\/twitpalmeiras\/status\/1878858997719240952\">https:\/\/x.com\/twitpalmeiras\/status\/1878858997719240952<\/a><\/strong><\/span><\/p>\n<hr>\n<p><strong>DUDU SAI PELA PORTA DOS FUNDOS<\/strong><\/p>\n<blockquote><p>&#8220;No meio do ano passado, depois de ter sofrido aquela grave les\u00e3o, em que ficou 9 meses parado, o Dudu procurou o Cruzeiro. Eu autorizei, ele foi vendido no meio do ano, e voc\u00eas viram tudo que aconteceu. Foi vendido por um valor relevante para o Palmeiras, houve envolvimento de torcida. Acabou indo no final do ano, gerando um preju\u00edzo de milh\u00f5es para o Palmeiras. No meio do ano falei que o ciclo dele estava terminado, e eu estava certa. Esperou-se at\u00e9 o final do ano para ele sair sem que o Palmeiras ganhasse nada. \u00c9 completamente diferente do Rony, que n\u00e3o foi se oferecer para clube nenhum. Se ele n\u00e3o quiser ir, n\u00e3o tem problema, vai continuar nos ajudando. O Rony sairia pela porta da frente, o Dudu saiu pela porta dos fundos.&#8221;<\/p>\n<\/blockquote>\n<p>RESPOSTA do DUDU:<\/p>\n<p>&#8220;@leilapereira Me esquece. VTNC&#8221;<\/p>\n<p><img data-recalc-dims=\"1\" loading=\"lazy\" decoding=\"async\" data-attachment-id=\"47451\" data-permalink=\"https:\/\/blogdoprosperi.com\/?attachment_id=47451\" data-orig-file=\"https:\/\/i0.wp.com\/blogdoprosperi.com\/wp-content\/uploads\/2025\/01\/image-2.jpg?fit=685%2C1600&amp;ssl=1\" data-orig-size=\"685,1600\" data-comments-opened=\"1\" data-image-meta=\"{&quot;aperture&quot;:&quot;0&quot;,&quot;credit&quot;:&quot;&quot;,&quot;camera&quot;:&quot;&quot;,&quot;caption&quot;:&quot;&quot;,&quot;created_timestamp&quot;:&quot;0&quot;,&quot;copyright&quot;:&quot;&quot;,&quot;focal_length&quot;:&quot;0&quot;,&quot;iso&quot;:&quot;0&quot;,&quot;shutter_speed&quot;:&quot;0&quot;,&quot;title&quot;:&quot;&quot;,&quot;orientation&quot;:&quot;1&quot;}\" data-image-title=\"image\" data-image-description=\"\" data-image-caption=\"\" data-large-file=\"https:\/\/i0.wp.com\/blogdoprosperi.com\/wp-content\/uploads\/2025\/01\/image-2.jpg?fit=438%2C1024&amp;ssl=1\" src=\"https:\/\/i0.wp.com\/blogdoprosperi.com\/wp-content\/uploads\/2025\/01\/image-2.jpg?resize=685%2C1600&#038;ssl=1\" class=\"size-full wp-image-47451\" width=\"685\" height=\"1600\"><\/p>\n<hr>\n<p><strong>VITOR REIS NO CITY<\/strong><\/p>\n<p><span><strong><a style=\"color: #0000ff\" href=\"https:\/\/x.com\/twitpalmeiras\/status\/1878856525550338313\">https:\/\/x.com\/twitpalmeiras\/status\/1878856525550338313<\/a><\/strong><\/span><\/p>\n<hr>\n<p><strong>JORGINHO N\u00c3O VEM<\/strong><\/p>\n<p>&#8220;Jorginho n\u00e3o foi oferecido ao Palmeiras. N\u00e3o recebemos nada. N\u00e3o fomos consultados&#8221;.<\/p>\n<p><strong>DIRIGENTES NA DISNEY<\/strong><\/p>\n<p>&#8220;Esse neg\u00f3cio de fazer pr\u00e9-temporada fora do Brasil n\u00e3o tem ganho financeiro nem esportivo para o clube. S\u00f3 serve para os dirigentes passearem na Disney. Eu n\u00e3o vou. Por isso nem me convidam. Dirigente quer passear na Disney, por isso levam os times para l\u00e1 na pr\u00e9-temporada. Coitado dos atletas. Eles viajam ano inteiro nesse calend\u00e1rio insano do futebol brasileiro e quando chega a pr\u00e9-temporada t\u00eam de viajar de novo.&#8221;<\/p>\n<hr>\n<p><strong>V\u00cdDEO | APRESENTA\u00c7\u00c3O DO NOVO PATROCINADOR<\/strong><\/p>\n<div class=\"jetpack-video-wrapper\"><span class=\"embed-youtube\" style=\"text-align:center; display: block;\"><iframe loading=\"lazy\" class=\"youtube-player\" width=\"560\" height=\"315\" src=\"https:\/\/www.youtube.com\/embed\/YvHPsLAWc7k?version=3&#038;rel=1&#038;showsearch=0&#038;showinfo=1&#038;iv_load_policy=1&#038;fs=1&#038;hl=pt-BR&#038;autohide=2&#038;wmode=transparent\" allowfullscreen=\"true\" style=\"border:0;\" sandbox=\"allow-scripts allow-same-origin allow-popups allow-presentation allow-popups-to-escape-sandbox\"><\/iframe><\/span><\/div>\n<p><span><strong>(leia mais palmeiras na p\u00e1gina <\/strong><\/span><span><strong><a style=\"color: #0000ff\" href=\"https:\/\/blogdoprosperi.com\/blog\/canalverdejante\/\">canalverdejante)<\/a><\/strong><\/span><\/p>\n","protected":false},"excerpt":{"rendered":"<p>Luiz Ant\u00f4nio Pr\u00f3speri \u2013 13 janeiro (15h10) \u2013 Palmeiras anuncia novo patrocinador master encerrando parceria de dez anos [&hellip;]<\/p>\n","protected":false},"author":102107496,"featured_media":47436,"comment_status":"open","ping_status":"open","sticky":false,"template":"","format":"standard","meta":{"_coblocks_attr":"","_coblocks_dimensions":"","_coblocks_responsive_height":"","_coblocks_accordion_ie_support":"","_jetpack_newsletter_access":"","_jetpack_dont_email_post_to_subs":false,"_jetpack_newsletter_tier_id":0,"_jetpack_memberships_contains_paywalled_content":false,"_wpcom_ai_launchpad_first_post":false,"_jetpack_feature_clip_id":0,"_jetpack_memberships_contains_paid_content":false,"footnotes":"","jetpack_publicize_message":"","jetpack_publicize_feature_enabled":true,"jetpack_social_post_already_shared":false,"jetpack_social_options":{"image_generator_settings":{"template":"highway","default_image_id":0,"font":"","enabled":false},"version":2},"jetpack_post_was_ever_published":false},"categories":[53870,20384],"tags":[68123088,19506041,1249177,789560560,1506562,57784134,789560573,777433122,468818,79943966],"class_list":["post-47423","post","type-post","status-publish","format-standard","has-post-thumbnail","hentry","category-futebol","category-informacao","tag-andreas-pereira","tag-crefisa","tag-dudu","tag-futebol","tag-john-arias","tag-leila-pereira","tag-luiz-antonio-prosperi","tag-palmeiras-sportingbet","tag-rony","tag-vitor-reis"],"yoast_head":"<!-- This site is optimized with the Yoast SEO plugin v28.3 - https:\/\/yoast.com\/product\/yoast-seo-wordpress\/ -->\n<title>Leila Pereira | &quot;Palmeiras Vem Mais Agressivo no Mercado. Dudu sai pela Porta dos Fundos\u201d - PR\u00d3SPERI NEWS<\/title>\n<meta name=\"robots\" content=\"index, follow, max-snippet:-1, max-image-preview:large, max-video-preview:-1\" \/>\n<link rel=\"canonical\" href=\"https:\/\/blogdoprosperi.com\/?p=47423\" \/>\n<meta property=\"og:locale\" content=\"pt_BR\" \/>\n<meta property=\"og:type\" content=\"article\" \/>\n<meta property=\"og:title\" content=\"Leila Pereira | &quot;Palmeiras Vem Mais Agressivo no Mercado. Dudu sai pela Porta dos Fundos\u201d - PR\u00d3SPERI NEWS\" \/>\n<meta property=\"og:description\" content=\"Luiz Ant\u00f4nio Pr\u00f3speri \u2013 13 janeiro (15h10) \u2013 Palmeiras anuncia novo patrocinador master encerrando parceria de dez anos [&hellip;]\" \/>\n<meta property=\"og:url\" content=\"https:\/\/blogdoprosperi.com\/?p=47423\" \/>\n<meta property=\"og:site_name\" content=\"PR\u00d3SPERI NEWS\" \/>\n<meta property=\"article:publisher\" content=\"Luiz Pr\u00f3speri\" \/>\n<meta property=\"article:author\" content=\"Luiz Pr\u00f3speri\" \/>\n<meta property=\"article:published_time\" content=\"2025-01-13T18:24:12+00:00\" \/>\n<meta property=\"article:modified_time\" content=\"2025-01-13T22:01:49+00:00\" \/>\n<meta property=\"og:image\" content=\"https:\/\/i0.wp.com\/blogdoprosperi.com\/wp-content\/uploads\/2025\/01\/leila-pereira.jpg?fit=1030%2C613&ssl=1\" \/>\n\t<meta property=\"og:image:width\" content=\"1030\" \/>\n\t<meta property=\"og:image:height\" content=\"613\" \/>\n\t<meta property=\"og:image:type\" content=\"image\/jpeg\" \/>\n<meta name=\"author\" content=\"Luiz Ant\u00f4nio Pr\u00f3speri\" \/>\n<meta name=\"twitter:card\" content=\"summary_large_image\" \/>\n<meta name=\"twitter:creator\" content=\"@Luizprosperi\" \/>\n<meta name=\"twitter:site\" content=\"@Luizprosperi\" \/>\n<meta name=\"twitter:label1\" content=\"Escrito por\" \/>\n\t<meta name=\"twitter:data1\" content=\"Luiz Ant\u00f4nio Pr\u00f3speri\" \/>\n\t<meta name=\"twitter:label2\" content=\"Est. tempo de leitura\" \/>\n\t<meta name=\"twitter:data2\" content=\"4 minutos\" \/>\n<script type=\"application\/ld+json\" class=\"yoast-schema-graph\">{\"@context\":\"https:\\\/\\\/schema.org\",\"@graph\":[{\"@type\":\"Article\",\"@id\":\"https:\\\/\\\/blogdoprosperi.com\\\/?p=47423#article\",\"isPartOf\":{\"@id\":\"https:\\\/\\\/blogdoprosperi.com\\\/?p=47423\"},\"author\":{\"name\":\"Luiz Ant\u00f4nio Pr\u00f3speri\",\"@id\":\"https:\\\/\\\/blogdoprosperi.com\\\/#\\\/schema\\\/person\\\/38100755ce3601861ee4fab9b5aa78e9\"},\"headline\":\"Leila Pereira | &#8220;Palmeiras Vem Mais Agressivo no Mercado. Dudu sai pela Porta dos Fundos\u201d\",\"datePublished\":\"2025-01-13T18:24:12+00:00\",\"dateModified\":\"2025-01-13T22:01:49+00:00\",\"mainEntityOfPage\":{\"@id\":\"https:\\\/\\\/blogdoprosperi.com\\\/?p=47423\"},\"wordCount\":848,\"commentCount\":2,\"publisher\":{\"@id\":\"https:\\\/\\\/blogdoprosperi.com\\\/#\\\/schema\\\/person\\\/38100755ce3601861ee4fab9b5aa78e9\"},\"image\":{\"@id\":\"https:\\\/\\\/blogdoprosperi.com\\\/?p=47423#primaryimage\"},\"thumbnailUrl\":\"https:\\\/\\\/i0.wp.com\\\/blogdoprosperi.com\\\/wp-content\\\/uploads\\\/2025\\\/01\\\/leila-pereira.jpg?fit=1030%2C613&ssl=1\",\"keywords\":[\"andreas pereira\",\"Crefisa\",\"Dudu\",\"futebol\",\"john arias\",\"Leila Pereira\",\"Luiz Ant\u00f4nio Pr\u00f3speri\",\"palmeiras sportingbet\",\"rony\",\"vitor reis\"],\"articleSection\":[\"futebol\",\"informa\u00e7\u00e3o\"],\"inLanguage\":\"pt-BR\",\"potentialAction\":[{\"@type\":\"CommentAction\",\"name\":\"Comment\",\"target\":[\"https:\\\/\\\/blogdoprosperi.com\\\/?p=47423#respond\"]}]},{\"@type\":\"WebPage\",\"@id\":\"https:\\\/\\\/blogdoprosperi.com\\\/?p=47423\",\"url\":\"https:\\\/\\\/blogdoprosperi.com\\\/?p=47423\",\"name\":\"Leila Pereira | \\\"Palmeiras Vem Mais Agressivo no Mercado. Dudu sai pela Porta dos Fundos\u201d - PR\u00d3SPERI NEWS\",\"isPartOf\":{\"@id\":\"https:\\\/\\\/blogdoprosperi.com\\\/#website\"},\"primaryImageOfPage\":{\"@id\":\"https:\\\/\\\/blogdoprosperi.com\\\/?p=47423#primaryimage\"},\"image\":{\"@id\":\"https:\\\/\\\/blogdoprosperi.com\\\/?p=47423#primaryimage\"},\"thumbnailUrl\":\"https:\\\/\\\/i0.wp.com\\\/blogdoprosperi.com\\\/wp-content\\\/uploads\\\/2025\\\/01\\\/leila-pereira.jpg?fit=1030%2C613&ssl=1\",\"datePublished\":\"2025-01-13T18:24:12+00:00\",\"dateModified\":\"2025-01-13T22:01:49+00:00\",\"breadcrumb\":{\"@id\":\"https:\\\/\\\/blogdoprosperi.com\\\/?p=47423#breadcrumb\"},\"inLanguage\":\"pt-BR\",\"potentialAction\":[{\"@type\":\"ReadAction\",\"target\":[\"https:\\\/\\\/blogdoprosperi.com\\\/?p=47423\"]}]},{\"@type\":\"ImageObject\",\"inLanguage\":\"pt-BR\",\"@id\":\"https:\\\/\\\/blogdoprosperi.com\\\/?p=47423#primaryimage\",\"url\":\"https:\\\/\\\/i0.wp.com\\\/blogdoprosperi.com\\\/wp-content\\\/uploads\\\/2025\\\/01\\\/leila-pereira.jpg?fit=1030%2C613&ssl=1\",\"contentUrl\":\"https:\\\/\\\/i0.wp.com\\\/blogdoprosperi.com\\\/wp-content\\\/uploads\\\/2025\\\/01\\\/leila-pereira.jpg?fit=1030%2C613&ssl=1\",\"width\":1030,\"height\":613,\"caption\":\"Leila Pereira anuncia novo patrocinador e promete grandes refor\u00e7os \u2013 foto: Instagram\"},{\"@type\":\"BreadcrumbList\",\"@id\":\"https:\\\/\\\/blogdoprosperi.com\\\/?p=47423#breadcrumb\",\"itemListElement\":[{\"@type\":\"ListItem\",\"position\":1,\"name\":\"In\u00edcio\",\"item\":\"https:\\\/\\\/blogdoprosperi.com\\\/\"},{\"@type\":\"ListItem\",\"position\":2,\"name\":\"Leila Pereira | &#8220;Palmeiras Vem Mais Agressivo no Mercado. Dudu sai pela Porta dos Fundos\u201d\"}]},{\"@type\":\"WebSite\",\"@id\":\"https:\\\/\\\/blogdoprosperi.com\\\/#website\",\"url\":\"https:\\\/\\\/blogdoprosperi.com\\\/\",\"name\":\"PR\u00d3SPERI NEWS\",\"description\":\"TUDO \u00c9  FUTEBOL\",\"publisher\":{\"@id\":\"https:\\\/\\\/blogdoprosperi.com\\\/#\\\/schema\\\/person\\\/38100755ce3601861ee4fab9b5aa78e9\"},\"alternateName\":\"blogdoprosperi.com\",\"potentialAction\":[{\"@type\":\"SearchAction\",\"target\":{\"@type\":\"EntryPoint\",\"urlTemplate\":\"https:\\\/\\\/blogdoprosperi.com\\\/?s={search_term_string}\"},\"query-input\":{\"@type\":\"PropertyValueSpecification\",\"valueRequired\":true,\"valueName\":\"search_term_string\"}}],\"inLanguage\":\"pt-BR\"},{\"@type\":[\"Person\",\"Organization\"],\"@id\":\"https:\\\/\\\/blogdoprosperi.com\\\/#\\\/schema\\\/person\\\/38100755ce3601861ee4fab9b5aa78e9\",\"name\":\"Luiz Ant\u00f4nio Pr\u00f3speri\",\"pronouns\":\"ele\",\"image\":{\"@type\":\"ImageObject\",\"inLanguage\":\"pt-BR\",\"@id\":\"https:\\\/\\\/i0.wp.com\\\/blogdoprosperi.com\\\/wp-content\\\/uploads\\\/2026\\\/05\\\/cropped-8059e613-6002-42fa-961e-8e275f575d71-2-5.jpg?fit=1360%2C931&ssl=1\",\"url\":\"https:\\\/\\\/i0.wp.com\\\/blogdoprosperi.com\\\/wp-content\\\/uploads\\\/2026\\\/05\\\/cropped-8059e613-6002-42fa-961e-8e275f575d71-2-5.jpg?fit=1360%2C931&ssl=1\",\"contentUrl\":\"https:\\\/\\\/i0.wp.com\\\/blogdoprosperi.com\\\/wp-content\\\/uploads\\\/2026\\\/05\\\/cropped-8059e613-6002-42fa-961e-8e275f575d71-2-5.jpg?fit=1360%2C931&ssl=1\",\"width\":1360,\"height\":931,\"caption\":\"Luiz Ant\u00f4nio Pr\u00f3speri\"},\"logo\":{\"@id\":\"https:\\\/\\\/i0.wp.com\\\/blogdoprosperi.com\\\/wp-content\\\/uploads\\\/2026\\\/05\\\/cropped-8059e613-6002-42fa-961e-8e275f575d71-2-5.jpg?fit=1360%2C931&ssl=1\"},\"description\":\"Jornalista com carreira dedicada ao esporte. Cobriu 9 Copas do Mundo in loco, 1990 na It\u00e1lia, 1994 nos EUA, 1998 na Fran\u00e7a, 2002 na Coreia do Sul e Jap\u00e3o, 2006 na Alemanha, 2010 na \u00c1frica do Sul, 2014 no Brasil, 2018 na R\u00fassia e 2022 no Qatar. Eurocopas, 1992 na Su\u00e9cia e 1996 na Inglaterra. Copa das Confedera\u00e7\u00f5es de 2005 na Alemanha e 2009 na \u00c1frica do Sul. Rep\u00f3rter e Editor, trabalhou no Jornal da Tarde e Estad\u00e3o, de 1984 a fevereiro de 2016. Colunista, blogueiro. E comentarista de futebol na R\u00e1dio Estad\u00e3o, de 2013 a fevereiro de 2016. Jornalista respons\u00e1vel do \\\"Pr\u00f3speri News\\\" (blogdoprosperi.com).\",\"sameAs\":[\"http:\\\/\\\/blogdoprosperi.com\",\"Luiz Pr\u00f3speri\",\"@luiz_prosperi\",\"https:\\\/\\\/x.com\\\/Luizprosperi\",\"@prosperinacopa\",\"luiz.prosperi@icloud.com\"],\"url\":\"https:\\\/\\\/blogdoprosperi.com\\\/?author=102107496\"}]}<\/script>\n<!-- \/ Yoast SEO plugin. -->","yoast_head_json":{"title":"Leila Pereira | \"Palmeiras Vem Mais Agressivo no Mercado. Dudu sai pela Porta dos Fundos\u201d - PR\u00d3SPERI NEWS","robots":{"index":"index","follow":"follow","max-snippet":"max-snippet:-1","max-image-preview":"max-image-preview:large","max-video-preview":"max-video-preview:-1"},"canonical":"https:\/\/blogdoprosperi.com\/?p=47423","og_locale":"pt_BR","og_type":"article","og_title":"Leila Pereira | \"Palmeiras Vem Mais Agressivo no Mercado. Dudu sai pela Porta dos Fundos\u201d - PR\u00d3SPERI NEWS","og_description":"Luiz Ant\u00f4nio Pr\u00f3speri \u2013 13 janeiro (15h10) \u2013 Palmeiras anuncia novo patrocinador master encerrando parceria de dez anos [&hellip;]","og_url":"https:\/\/blogdoprosperi.com\/?p=47423","og_site_name":"PR\u00d3SPERI NEWS","article_publisher":"Luiz Pr\u00f3speri","article_author":"Luiz Pr\u00f3speri","article_published_time":"2025-01-13T18:24:12+00:00","article_modified_time":"2025-01-13T22:01:49+00:00","og_image":[{"width":1030,"height":613,"url":"https:\/\/i0.wp.com\/blogdoprosperi.com\/wp-content\/uploads\/2025\/01\/leila-pereira.jpg?fit=1030%2C613&ssl=1","type":"image\/jpeg"}],"author":"Luiz Ant\u00f4nio Pr\u00f3speri","twitter_card":"summary_large_image","twitter_creator":"@Luizprosperi","twitter_site":"@Luizprosperi","twitter_misc":{"Escrito por":"Luiz Ant\u00f4nio Pr\u00f3speri","Est. tempo de leitura":"4 minutos"},"schema":{"@context":"https:\/\/schema.org","@graph":[{"@type":"Article","@id":"https:\/\/blogdoprosperi.com\/?p=47423#article","isPartOf":{"@id":"https:\/\/blogdoprosperi.com\/?p=47423"},"author":{"name":"Luiz Ant\u00f4nio Pr\u00f3speri","@id":"https:\/\/blogdoprosperi.com\/#\/schema\/person\/38100755ce3601861ee4fab9b5aa78e9"},"headline":"Leila Pereira | &#8220;Palmeiras Vem Mais Agressivo no Mercado. Dudu sai pela Porta dos Fundos\u201d","datePublished":"2025-01-13T18:24:12+00:00","dateModified":"2025-01-13T22:01:49+00:00","mainEntityOfPage":{"@id":"https:\/\/blogdoprosperi.com\/?p=47423"},"wordCount":848,"commentCount":2,"publisher":{"@id":"https:\/\/blogdoprosperi.com\/#\/schema\/person\/38100755ce3601861ee4fab9b5aa78e9"},"image":{"@id":"https:\/\/blogdoprosperi.com\/?p=47423#primaryimage"},"thumbnailUrl":"https:\/\/i0.wp.com\/blogdoprosperi.com\/wp-content\/uploads\/2025\/01\/leila-pereira.jpg?fit=1030%2C613&ssl=1","keywords":["andreas pereira","Crefisa","Dudu","futebol","john arias","Leila Pereira","Luiz Ant\u00f4nio Pr\u00f3speri","palmeiras sportingbet","rony","vitor reis"],"articleSection":["futebol","informa\u00e7\u00e3o"],"inLanguage":"pt-BR","potentialAction":[{"@type":"CommentAction","name":"Comment","target":["https:\/\/blogdoprosperi.com\/?p=47423#respond"]}]},{"@type":"WebPage","@id":"https:\/\/blogdoprosperi.com\/?p=47423","url":"https:\/\/blogdoprosperi.com\/?p=47423","name":"Leila Pereira | \"Palmeiras Vem Mais Agressivo no Mercado. Dudu sai pela Porta dos Fundos\u201d - PR\u00d3SPERI NEWS","isPartOf":{"@id":"https:\/\/blogdoprosperi.com\/#website"},"primaryImageOfPage":{"@id":"https:\/\/blogdoprosperi.com\/?p=47423#primaryimage"},"image":{"@id":"https:\/\/blogdoprosperi.com\/?p=47423#primaryimage"},"thumbnailUrl":"https:\/\/i0.wp.com\/blogdoprosperi.com\/wp-content\/uploads\/2025\/01\/leila-pereira.jpg?fit=1030%2C613&ssl=1","datePublished":"2025-01-13T18:24:12+00:00","dateModified":"2025-01-13T22:01:49+00:00","breadcrumb":{"@id":"https:\/\/blogdoprosperi.com\/?p=47423#breadcrumb"},"inLanguage":"pt-BR","potentialAction":[{"@type":"ReadAction","target":["https:\/\/blogdoprosperi.com\/?p=47423"]}]},{"@type":"ImageObject","inLanguage":"pt-BR","@id":"https:\/\/blogdoprosperi.com\/?p=47423#primaryimage","url":"https:\/\/i0.wp.com\/blogdoprosperi.com\/wp-content\/uploads\/2025\/01\/leila-pereira.jpg?fit=1030%2C613&ssl=1","contentUrl":"https:\/\/i0.wp.com\/blogdoprosperi.com\/wp-content\/uploads\/2025\/01\/leila-pereira.jpg?fit=1030%2C613&ssl=1","width":1030,"height":613,"caption":"Leila Pereira anuncia novo patrocinador e promete grandes refor\u00e7os \u2013 foto: Instagram"},{"@type":"BreadcrumbList","@id":"https:\/\/blogdoprosperi.com\/?p=47423#breadcrumb","itemListElement":[{"@type":"ListItem","position":1,"name":"In\u00edcio","item":"https:\/\/blogdoprosperi.com\/"},{"@type":"ListItem","position":2,"name":"Leila Pereira | &#8220;Palmeiras Vem Mais Agressivo no Mercado. Dudu sai pela Porta dos Fundos\u201d"}]},{"@type":"WebSite","@id":"https:\/\/blogdoprosperi.com\/#website","url":"https:\/\/blogdoprosperi.com\/","name":"PR\u00d3SPERI NEWS","description":"TUDO \u00c9  FUTEBOL","publisher":{"@id":"https:\/\/blogdoprosperi.com\/#\/schema\/person\/38100755ce3601861ee4fab9b5aa78e9"},"alternateName":"blogdoprosperi.com","potentialAction":[{"@type":"SearchAction","target":{"@type":"EntryPoint","urlTemplate":"https:\/\/blogdoprosperi.com\/?s={search_term_string}"},"query-input":{"@type":"PropertyValueSpecification","valueRequired":true,"valueName":"search_term_string"}}],"inLanguage":"pt-BR"},{"@type":["Person","Organization"],"@id":"https:\/\/blogdoprosperi.com\/#\/schema\/person\/38100755ce3601861ee4fab9b5aa78e9","name":"Luiz Ant\u00f4nio Pr\u00f3speri","pronouns":"ele","image":{"@type":"ImageObject","inLanguage":"pt-BR","@id":"https:\/\/i0.wp.com\/blogdoprosperi.com\/wp-content\/uploads\/2026\/05\/cropped-8059e613-6002-42fa-961e-8e275f575d71-2-5.jpg?fit=1360%2C931&ssl=1","url":"https:\/\/i0.wp.com\/blogdoprosperi.com\/wp-content\/uploads\/2026\/05\/cropped-8059e613-6002-42fa-961e-8e275f575d71-2-5.jpg?fit=1360%2C931&ssl=1","contentUrl":"https:\/\/i0.wp.com\/blogdoprosperi.com\/wp-content\/uploads\/2026\/05\/cropped-8059e613-6002-42fa-961e-8e275f575d71-2-5.jpg?fit=1360%2C931&ssl=1","width":1360,"height":931,"caption":"Luiz Ant\u00f4nio Pr\u00f3speri"},"logo":{"@id":"https:\/\/i0.wp.com\/blogdoprosperi.com\/wp-content\/uploads\/2026\/05\/cropped-8059e613-6002-42fa-961e-8e275f575d71-2-5.jpg?fit=1360%2C931&ssl=1"},"description":"Jornalista com carreira dedicada ao esporte. Cobriu 9 Copas do Mundo in loco, 1990 na It\u00e1lia, 1994 nos EUA, 1998 na Fran\u00e7a, 2002 na Coreia do Sul e Jap\u00e3o, 2006 na Alemanha, 2010 na \u00c1frica do Sul, 2014 no Brasil, 2018 na R\u00fassia e 2022 no Qatar. Eurocopas, 1992 na Su\u00e9cia e 1996 na Inglaterra. Copa das Confedera\u00e7\u00f5es de 2005 na Alemanha e 2009 na \u00c1frica do Sul. Rep\u00f3rter e Editor, trabalhou no Jornal da Tarde e Estad\u00e3o, de 1984 a fevereiro de 2016. Colunista, blogueiro. E comentarista de futebol na R\u00e1dio Estad\u00e3o, de 2013 a fevereiro de 2016. Jornalista respons\u00e1vel do \"Pr\u00f3speri News\" (blogdoprosperi.com).","sameAs":["http:\/\/blogdoprosperi.com","Luiz Pr\u00f3speri","@luiz_prosperi","https:\/\/x.com\/Luizprosperi","@prosperinacopa","luiz.prosperi@icloud.com"],"url":"https:\/\/blogdoprosperi.com\/?author=102107496"}]}},"jetpack_publicize_connections":[],"jetpack_likes_enabled":false,"jetpack_sharing_enabled":true,"jetpack_shortlink":"https:\/\/wp.me\/p7jvdk-ckT","jetpack-related-posts":[{"id":45501,"url":"https:\/\/blogdoprosperi.com\/?p=45501","url_meta":{"origin":47423,"position":0},"title":"Leila Pereira anuncia (II): Crefisa Sai do Palmeiras e Dudu Fora","author":"Luiz Ant\u00f4nio Pr\u00f3speri","date":"24 de setembro de 2024","format":false,"excerpt":"Crefisa vai sair da camisa do Palmeiras em 2025. Leila Pereira, presidente do Palmeiras e dona da Crefisa, anuncia o fim do ciclo entre clube e a patrocinadora, juntos desde 2019. Sem a empresa financeira, marketing do Palmeiras est\u00e1 no mercado em busca de um novo parceiro de R$ 150\u2026","rel":"","context":"Em &quot;futebol&quot;","block_context":{"text":"futebol","link":"https:\/\/blogdoprosperi.com\/?cat=53870"},"img":{"alt_text":"Crefisa, fim de ciclo no Palmeiras","src":"https:\/\/i0.wp.com\/blogdoprosperi.com\/wp-content\/uploads\/2024\/09\/leila-pereira.webp?fit=750%2C510&ssl=1&resize=350%2C200","width":350,"height":200,"srcset":"https:\/\/i0.wp.com\/blogdoprosperi.com\/wp-content\/uploads\/2024\/09\/leila-pereira.webp?fit=750%2C510&ssl=1&resize=350%2C200 1x, https:\/\/i0.wp.com\/blogdoprosperi.com\/wp-content\/uploads\/2024\/09\/leila-pereira.webp?fit=750%2C510&ssl=1&resize=525%2C300 1.5x, https:\/\/i0.wp.com\/blogdoprosperi.com\/wp-content\/uploads\/2024\/09\/leila-pereira.webp?fit=750%2C510&ssl=1&resize=700%2C400 2x"},"classes":[]},{"id":47046,"url":"https:\/\/blogdoprosperi.com\/?p=47046","url_meta":{"origin":47423,"position":1},"title":"Palmeiras Perto de Contratar Paulinho do Atl\u00e9tico-MG","author":"Luiz Ant\u00f4nio Pr\u00f3speri","date":"19 de dezembro de 2024","format":false,"excerpt":"Luiz Ant\u00f4nio Pr\u00f3speri \u2013 19 dezembro (13h45) \u2013 Palmeiras est\u00e1 muito perto de contratar Paulinho, 24 anos, atacante do Atl\u00e9tico-MG. Valores da negocia\u00e7\u00e3o alcan\u00e7am a casa dos R$ 117 milh\u00f5es + dois jogadores. Dinheiro, parece, n\u00e3o \u00e9 problema nesse momento no Alviverde. Previs\u00e3o de receitas do clube \u00e9 de pouco\u2026","rel":"","context":"Em &quot;futebol&quot;","block_context":{"text":"futebol","link":"https:\/\/blogdoprosperi.com\/?cat=53870"},"img":{"alt_text":"Paulinho do Galo para o Porco","src":"https:\/\/i0.wp.com\/blogdoprosperi.com\/wp-content\/uploads\/2024\/12\/sports-paulinho-1713418594.webp?fit=1200%2C801&ssl=1&resize=350%2C200","width":350,"height":200,"srcset":"https:\/\/i0.wp.com\/blogdoprosperi.com\/wp-content\/uploads\/2024\/12\/sports-paulinho-1713418594.webp?fit=1200%2C801&ssl=1&resize=350%2C200 1x, https:\/\/i0.wp.com\/blogdoprosperi.com\/wp-content\/uploads\/2024\/12\/sports-paulinho-1713418594.webp?fit=1200%2C801&ssl=1&resize=525%2C300 1.5x, https:\/\/i0.wp.com\/blogdoprosperi.com\/wp-content\/uploads\/2024\/12\/sports-paulinho-1713418594.webp?fit=1200%2C801&ssl=1&resize=700%2C400 2x, https:\/\/i0.wp.com\/blogdoprosperi.com\/wp-content\/uploads\/2024\/12\/sports-paulinho-1713418594.webp?fit=1200%2C801&ssl=1&resize=1050%2C600 3x"},"classes":[]},{"id":41176,"url":"https:\/\/blogdoprosperi.com\/?p=41176","url_meta":{"origin":47423,"position":2},"title":"Dinheiro sobrando, o nome da crise no Palmeiras","author":"Luiz Ant\u00f4nio Pr\u00f3speri","date":"16 de janeiro de 2023","format":false,"excerpt":"A crise do Palmeiras nesse momento \u00e9 o avesso das crises de seus principais concorrentes, sempre de pires nas m\u00e3os em busca de dinheiro. Presidente Leila Pereira promete contratar.","rel":"","context":"Em &quot;catar 2022&quot;","block_context":{"text":"catar 2022","link":"https:\/\/blogdoprosperi.com\/?cat=47094043"},"img":{"alt_text":"Esque\u00e7am Neymar, avisa presidenta do Palmeiras","src":"https:\/\/i0.wp.com\/blogdoprosperi.com\/wp-content\/uploads\/2023\/01\/52499028142_4b0d1c3e97_h.webp?fit=1200%2C675&ssl=1&resize=350%2C200","width":350,"height":200,"srcset":"https:\/\/i0.wp.com\/blogdoprosperi.com\/wp-content\/uploads\/2023\/01\/52499028142_4b0d1c3e97_h.webp?fit=1200%2C675&ssl=1&resize=350%2C200 1x, https:\/\/i0.wp.com\/blogdoprosperi.com\/wp-content\/uploads\/2023\/01\/52499028142_4b0d1c3e97_h.webp?fit=1200%2C675&ssl=1&resize=525%2C300 1.5x, https:\/\/i0.wp.com\/blogdoprosperi.com\/wp-content\/uploads\/2023\/01\/52499028142_4b0d1c3e97_h.webp?fit=1200%2C675&ssl=1&resize=700%2C400 2x, https:\/\/i0.wp.com\/blogdoprosperi.com\/wp-content\/uploads\/2023\/01\/52499028142_4b0d1c3e97_h.webp?fit=1200%2C675&ssl=1&resize=1050%2C600 3x"},"classes":[]},{"id":34915,"url":"https:\/\/blogdoprosperi.com\/?p=34915","url_meta":{"origin":47423,"position":3},"title":"Dona da Crefisa chega para n\u00e3o sair mais do Palmeiras","author":"Luiz Ant\u00f4nio Pr\u00f3speri","date":"3 de fevereiro de 2017","format":false,"excerpt":"Leila Pereira tem planos ambiciosos no Palmeiras. N\u00e3o passa por sua cabe\u00e7a apenas conquistar uma cadeira no Conselho Deliberativo do clube e mais tarde se eleger presidente. De acordo com seu discurso de apresenta\u00e7\u00e3o aos conselheiros, em um jantar h\u00e1 pouco mais de um m\u00eas (veja v\u00eddeo abaixo), fica claro\u2026","rel":"","context":"Em &quot;futebol&quot;","block_context":{"text":"futebol","link":"https:\/\/blogdoprosperi.com\/?cat=53870"},"img":{"alt_text":"","src":"https:\/\/i0.wp.com\/blogdoprosperi.com\/wp-content\/uploads\/2017\/02\/lancamento_leila_pereira_1.jpeg?resize=350%2C200&ssl=1","width":350,"height":200,"srcset":"https:\/\/i0.wp.com\/blogdoprosperi.com\/wp-content\/uploads\/2017\/02\/lancamento_leila_pereira_1.jpeg?resize=350%2C200&ssl=1 1x, https:\/\/i0.wp.com\/blogdoprosperi.com\/wp-content\/uploads\/2017\/02\/lancamento_leila_pereira_1.jpeg?resize=525%2C300&ssl=1 1.5x, https:\/\/i0.wp.com\/blogdoprosperi.com\/wp-content\/uploads\/2017\/02\/lancamento_leila_pereira_1.jpeg?resize=700%2C400&ssl=1 2x"},"classes":[]},{"id":38294,"url":"https:\/\/blogdoprosperi.com\/?p=38294","url_meta":{"origin":47423,"position":4},"title":"Dona da Crefisa vai assumir comando do Palmeiras em dezembro 2021","author":"Luiz Ant\u00f4nio Pr\u00f3speri","date":"10 de mar\u00e7o de 2021","format":false,"excerpt":"Desde domingo (07\/3), ap\u00f3s Felipe Melo erguer a ta\u00e7a da Copa do Brasil 2021, Leila repete aos ve\u00edculos de imprensa sua disposi\u00e7\u00e3o em ser a nova presidenta do Palmeiras","rel":"","context":"Em &quot;futebol&quot;","block_context":{"text":"futebol","link":"https:\/\/blogdoprosperi.com\/?cat=53870"},"img":{"alt_text":"","src":"https:\/\/i0.wp.com\/blogdoprosperi.com\/wp-content\/uploads\/2021\/03\/dxm1s5jwoaaj1kc.jpg?fit=1024%2C576&ssl=1&resize=350%2C200","width":350,"height":200,"srcset":"https:\/\/i0.wp.com\/blogdoprosperi.com\/wp-content\/uploads\/2021\/03\/dxm1s5jwoaaj1kc.jpg?fit=1024%2C576&ssl=1&resize=350%2C200 1x, https:\/\/i0.wp.com\/blogdoprosperi.com\/wp-content\/uploads\/2021\/03\/dxm1s5jwoaaj1kc.jpg?fit=1024%2C576&ssl=1&resize=525%2C300 1.5x, https:\/\/i0.wp.com\/blogdoprosperi.com\/wp-content\/uploads\/2021\/03\/dxm1s5jwoaaj1kc.jpg?fit=1024%2C576&ssl=1&resize=700%2C400 2x"},"classes":[]},{"id":48392,"url":"https:\/\/blogdoprosperi.com\/?p=48392","url_meta":{"origin":47423,"position":5},"title":"Vitor Roque \u00e9 do Palmeiras | Contrata\u00e7\u00e3o Mais Cara do Futebol Brasileiro","author":"Luiz Ant\u00f4nio Pr\u00f3speri","date":"26 de fevereiro de 2025","format":false,"excerpt":"Palmeiras paga R$ 154,5 milh\u00f5es por VR e supera a transfer\u00eancia do argentino Almada ao Botafogo por R$ 137,4 milh\u00f5es, em julho de 2024 Vitor Roque pode ser inscrito ainda no Paulist\u00e3o 2025, caso o Palmeiras avance \u00e0s semifinais eliminando o S\u00e3o Bernardo, s\u00e1bado, no ABC paulista. Luiz Antonio Pr\u00f3speri\u2026","rel":"","context":"Em &quot;futebol&quot;","block_context":{"text":"futebol","link":"https:\/\/blogdoprosperi.com\/?cat=53870"},"img":{"alt_text":"Vitor Roque \u00e9 do Palmeiras","src":"https:\/\/i0.wp.com\/blogdoprosperi.com\/wp-content\/uploads\/2025\/02\/captura-de-tela-2025-02-28-as-16.13.48.png?fit=1200%2C656&ssl=1&resize=350%2C200","width":350,"height":200,"srcset":"https:\/\/i0.wp.com\/blogdoprosperi.com\/wp-content\/uploads\/2025\/02\/captura-de-tela-2025-02-28-as-16.13.48.png?fit=1200%2C656&ssl=1&resize=350%2C200 1x, https:\/\/i0.wp.com\/blogdoprosperi.com\/wp-content\/uploads\/2025\/02\/captura-de-tela-2025-02-28-as-16.13.48.png?fit=1200%2C656&ssl=1&resize=525%2C300 1.5x, https:\/\/i0.wp.com\/blogdoprosperi.com\/wp-content\/uploads\/2025\/02\/captura-de-tela-2025-02-28-as-16.13.48.png?fit=1200%2C656&ssl=1&resize=700%2C400 2x, https:\/\/i0.wp.com\/blogdoprosperi.com\/wp-content\/uploads\/2025\/02\/captura-de-tela-2025-02-28-as-16.13.48.png?fit=1200%2C656&ssl=1&resize=1050%2C600 3x"},"classes":[]}],"jetpack_featured_media_url":"https:\/\/i0.wp.com\/blogdoprosperi.com\/wp-content\/uploads\/2025\/01\/leila-pereira.jpg?fit=1030%2C613&ssl=1","_links":{"self":[{"href":"https:\/\/blogdoprosperi.com\/index.php?rest_route=\/wp\/v2\/posts\/47423","targetHints":{"allow":["GET"]}}],"collection":[{"href":"https:\/\/blogdoprosperi.com\/index.php?rest_route=\/wp\/v2\/posts"}],"about":[{"href":"https:\/\/blogdoprosperi.com\/index.php?rest_route=\/wp\/v2\/types\/post"}],"author":[{"embeddable":true,"href":"https:\/\/blogdoprosperi.com\/index.php?rest_route=\/wp\/v2\/users\/102107496"}],"replies":[{"embeddable":true,"href":"https:\/\/blogdoprosperi.com\/index.php?rest_route=%2Fwp%2Fv2%2Fcomments&post=47423"}],"version-history":[{"count":25,"href":"https:\/\/blogdoprosperi.com\/index.php?rest_route=\/wp\/v2\/posts\/47423\/revisions"}],"predecessor-version":[{"id":47462,"href":"https:\/\/blogdoprosperi.com\/index.php?rest_route=\/wp\/v2\/posts\/47423\/revisions\/47462"}],"wp:featuredmedia":[{"embeddable":true,"href":"https:\/\/blogdoprosperi.com\/index.php?rest_route=\/wp\/v2\/media\/47436"}],"wp:attachment":[{"href":"https:\/\/blogdoprosperi.com\/index.php?rest_route=%2Fwp%2Fv2%2Fmedia&parent=47423"}],"wp:term":[{"taxonomy":"category","embeddable":true,"href":"https:\/\/blogdoprosperi.com\/index.php?rest_route=%2Fwp%2Fv2%2Fcategories&post=47423"},{"taxonomy":"post_tag","embeddable":true,"href":"https:\/\/blogdoprosperi.com\/index.php?rest_route=%2Fwp%2Fv2%2Ftags&post=47423"}],"curies":[{"name":"wp","href":"https:\/\/api.w.org\/{rel}","templated":true}]}}