{"id":47510,"date":"2025-01-18T11:47:22","date_gmt":"2025-01-18T14:47:22","guid":{"rendered":"https:\/\/blogdoprosperi.com\/?p=47510"},"modified":"2025-01-18T11:56:15","modified_gmt":"2025-01-18T14:56:15","slug":"futebol-now-mais-procuradas-do-dia-18-janeiro","status":"publish","type":"post","link":"https:\/\/blogdoprosperi.com\/?p=47510","title":{"rendered":"FUTEBOL NOW \u2013 Mais Procuradas do Dia  \u2013 18 Janeiro"},"content":{"rendered":"<p><em><strong>Confira destaques \u2013 18\/1 \u2013 (11h47)\u00a0<\/strong><\/em><\/p>\n<ol>\n<li><span style=\"color: #0000ff\"><strong><a style=\"color: #0000ff\" href=\"https:\/\/blogdoprosperi.com\/2025\/01\/18\/falta-humanidade-basica-nas-disputas-entre-todos-nas-redes-sociais-que-assolam-o-futebol\/\">Jogadores de Futebol Sofrem Ataques nas Redes Sociais<\/a><\/strong><\/span><\/li>\n<li><span style=\"color: #0000ff\"><strong><a style=\"color: #0000ff\" href=\"https:\/\/blogdoprosperi.com\/2025\/01\/17\/nem-jesus-quer-neymar-santos-sim\/\">Nem Jesus Quer Neymar, Santos Sim<\/a><\/strong><\/span><\/li>\n<li><span style=\"color: #0000ff\"><strong><a style=\"color: #0000ff\" href=\"https:\/\/blogdoprosperi.com\/2025\/01\/08\/o-que-fazer-com-neymar-messi-pode-responder\/\">O que Fazer com Neymar? Messi Pode Responder<\/a><\/strong><\/span><\/li>\n<li><span style=\"color: #0000ff\"><strong><a style=\"color: #0000ff\" href=\"https:\/\/blogdoprosperi.com\/2025\/01\/14\/leila-pereira-x-dudu-presidenta-do-palmeiras-vai-processar-idolo-da-torcida\/\">Leila Pereira x Dudu | Presidenta do Palmeiras Processa \u00cddolo da Torcida<\/a><\/strong><\/span><\/li>\n<li><strong><a href=\"https:\/\/blogdoprosperi.com\/\"><span style=\"color: #0000ff\">Primeira P\u00e1gina \u2013 PR\u00d3SPERI NEWS<\/span><\/a><\/strong><\/li>\n<\/ol>\n<p>&nbsp;<\/p>\n","protected":false},"excerpt":{"rendered":"<p>Confira destaques \u2013 18\/1 \u2013 (11h47)\u00a0 Jogadores de Futebol Sofrem Ataques nas Redes Sociais Nem Jesus Quer Neymar, [&hellip;]<\/p>\n","protected":false},"author":102107496,"featured_media":47515,"comment_status":"open","ping_status":"open","sticky":false,"template":"","format":"standard","meta":{"_coblocks_attr":"","_coblocks_dimensions":"","_coblocks_responsive_height":"","_coblocks_accordion_ie_support":"","_jetpack_newsletter_access":"","_jetpack_dont_email_post_to_subs":false,"_jetpack_newsletter_tier_id":0,"_jetpack_memberships_contains_paywalled_content":false,"_wpcom_ai_launchpad_first_post":false,"_jetpack_feature_clip_id":0,"_jetpack_memberships_contains_paid_content":false,"footnotes":"","jetpack_publicize_message":"","jetpack_publicize_feature_enabled":true,"jetpack_social_post_already_shared":false,"jetpack_social_options":{"image_generator_settings":{"template":"highway","default_image_id":0,"font":"","enabled":false},"version":2},"jetpack_post_was_ever_published":false},"categories":[53870],"tags":[1249177,789560560,1055590,493169196,57784134,81750,4112146,287104],"class_list":["post-47510","post","type-post","status-publish","format-standard","has-post-thumbnail","hentry","category-futebol","tag-dudu","tag-futebol","tag-jorge-jesus","tag-kai-havertz","tag-leila-pereira","tag-messi","tag-neymar","tag-palmeiras"],"yoast_head":"<!-- This site is optimized with the Yoast SEO plugin v28.3 - https:\/\/yoast.com\/product\/yoast-seo-wordpress\/ -->\n<title>FUTEBOL NOW \u2013 Mais Procuradas do Dia \u2013 18 Janeiro - PR\u00d3SPERI NEWS<\/title>\n<meta name=\"robots\" content=\"index, follow, max-snippet:-1, max-image-preview:large, max-video-preview:-1\" \/>\n<link rel=\"canonical\" href=\"https:\/\/blogdoprosperi.com\/?p=47510\" \/>\n<meta property=\"og:locale\" content=\"pt_BR\" \/>\n<meta property=\"og:type\" content=\"article\" \/>\n<meta property=\"og:title\" content=\"FUTEBOL NOW \u2013 Mais Procuradas do Dia \u2013 18 Janeiro - PR\u00d3SPERI NEWS\" \/>\n<meta property=\"og:description\" content=\"Confira destaques \u2013 18\/1 \u2013 (11h47)\u00a0 Jogadores de Futebol Sofrem Ataques nas Redes Sociais Nem Jesus Quer Neymar, [&hellip;]\" \/>\n<meta property=\"og:url\" content=\"https:\/\/blogdoprosperi.com\/?p=47510\" \/>\n<meta property=\"og:site_name\" content=\"PR\u00d3SPERI NEWS\" \/>\n<meta property=\"article:publisher\" content=\"Luiz Pr\u00f3speri\" \/>\n<meta property=\"article:author\" content=\"Luiz Pr\u00f3speri\" \/>\n<meta property=\"article:published_time\" content=\"2025-01-18T14:47:22+00:00\" \/>\n<meta property=\"article:modified_time\" content=\"2025-01-18T14:56:15+00:00\" \/>\n<meta property=\"og:image\" content=\"https:\/\/i0.wp.com\/blogdoprosperi.com\/wp-content\/uploads\/2025\/01\/img_2567.jpg?fit=940%2C448&ssl=1\" \/>\n\t<meta property=\"og:image:width\" content=\"940\" \/>\n\t<meta property=\"og:image:height\" content=\"448\" \/>\n\t<meta property=\"og:image:type\" content=\"image\/jpeg\" \/>\n<meta name=\"author\" content=\"Luiz Ant\u00f4nio Pr\u00f3speri\" \/>\n<meta name=\"twitter:card\" content=\"summary_large_image\" \/>\n<meta name=\"twitter:creator\" content=\"@Luizprosperi\" \/>\n<meta name=\"twitter:site\" content=\"@Luizprosperi\" \/>\n<meta name=\"twitter:label1\" content=\"Escrito por\" \/>\n\t<meta name=\"twitter:data1\" content=\"Luiz Ant\u00f4nio Pr\u00f3speri\" \/>\n<script type=\"application\/ld+json\" class=\"yoast-schema-graph\">{\"@context\":\"https:\\\/\\\/schema.org\",\"@graph\":[{\"@type\":\"Article\",\"@id\":\"https:\\\/\\\/blogdoprosperi.com\\\/?p=47510#article\",\"isPartOf\":{\"@id\":\"https:\\\/\\\/blogdoprosperi.com\\\/?p=47510\"},\"author\":{\"name\":\"Luiz Ant\u00f4nio Pr\u00f3speri\",\"@id\":\"https:\\\/\\\/blogdoprosperi.com\\\/#\\\/schema\\\/person\\\/38100755ce3601861ee4fab9b5aa78e9\"},\"headline\":\"FUTEBOL NOW \u2013 Mais Procuradas do Dia \u2013 18 Janeiro\",\"datePublished\":\"2025-01-18T14:47:22+00:00\",\"dateModified\":\"2025-01-18T14:56:15+00:00\",\"mainEntityOfPage\":{\"@id\":\"https:\\\/\\\/blogdoprosperi.com\\\/?p=47510\"},\"wordCount\":50,\"commentCount\":0,\"publisher\":{\"@id\":\"https:\\\/\\\/blogdoprosperi.com\\\/#\\\/schema\\\/person\\\/38100755ce3601861ee4fab9b5aa78e9\"},\"image\":{\"@id\":\"https:\\\/\\\/blogdoprosperi.com\\\/?p=47510#primaryimage\"},\"thumbnailUrl\":\"https:\\\/\\\/i0.wp.com\\\/blogdoprosperi.com\\\/wp-content\\\/uploads\\\/2025\\\/01\\\/img_2567.jpg?fit=3973%2C1893&ssl=1\",\"keywords\":[\"Dudu\",\"futebol\",\"Jorge jesus\",\"kai havertz\",\"Leila Pereira\",\"Messi\",\"Neymar\",\"Palmeiras\"],\"articleSection\":[\"futebol\"],\"inLanguage\":\"pt-BR\",\"potentialAction\":[{\"@type\":\"CommentAction\",\"name\":\"Comment\",\"target\":[\"https:\\\/\\\/blogdoprosperi.com\\\/?p=47510#respond\"]}]},{\"@type\":\"WebPage\",\"@id\":\"https:\\\/\\\/blogdoprosperi.com\\\/?p=47510\",\"url\":\"https:\\\/\\\/blogdoprosperi.com\\\/?p=47510\",\"name\":\"FUTEBOL NOW \u2013 Mais Procuradas do Dia \u2013 18 Janeiro - PR\u00d3SPERI NEWS\",\"isPartOf\":{\"@id\":\"https:\\\/\\\/blogdoprosperi.com\\\/#website\"},\"primaryImageOfPage\":{\"@id\":\"https:\\\/\\\/blogdoprosperi.com\\\/?p=47510#primaryimage\"},\"image\":{\"@id\":\"https:\\\/\\\/blogdoprosperi.com\\\/?p=47510#primaryimage\"},\"thumbnailUrl\":\"https:\\\/\\\/i0.wp.com\\\/blogdoprosperi.com\\\/wp-content\\\/uploads\\\/2025\\\/01\\\/img_2567.jpg?fit=3973%2C1893&ssl=1\",\"datePublished\":\"2025-01-18T14:47:22+00:00\",\"dateModified\":\"2025-01-18T14:56:15+00:00\",\"breadcrumb\":{\"@id\":\"https:\\\/\\\/blogdoprosperi.com\\\/?p=47510#breadcrumb\"},\"inLanguage\":\"pt-BR\",\"potentialAction\":[{\"@type\":\"ReadAction\",\"target\":[\"https:\\\/\\\/blogdoprosperi.com\\\/?p=47510\"]}]},{\"@type\":\"ImageObject\",\"inLanguage\":\"pt-BR\",\"@id\":\"https:\\\/\\\/blogdoprosperi.com\\\/?p=47510#primaryimage\",\"url\":\"https:\\\/\\\/i0.wp.com\\\/blogdoprosperi.com\\\/wp-content\\\/uploads\\\/2025\\\/01\\\/img_2567.jpg?fit=3973%2C1893&ssl=1\",\"contentUrl\":\"https:\\\/\\\/i0.wp.com\\\/blogdoprosperi.com\\\/wp-content\\\/uploads\\\/2025\\\/01\\\/img_2567.jpg?fit=3973%2C1893&ssl=1\",\"width\":3973,\"height\":1893},{\"@type\":\"BreadcrumbList\",\"@id\":\"https:\\\/\\\/blogdoprosperi.com\\\/?p=47510#breadcrumb\",\"itemListElement\":[{\"@type\":\"ListItem\",\"position\":1,\"name\":\"In\u00edcio\",\"item\":\"https:\\\/\\\/blogdoprosperi.com\\\/\"},{\"@type\":\"ListItem\",\"position\":2,\"name\":\"FUTEBOL NOW \u2013 Mais Procuradas do Dia \u2013 18 Janeiro\"}]},{\"@type\":\"WebSite\",\"@id\":\"https:\\\/\\\/blogdoprosperi.com\\\/#website\",\"url\":\"https:\\\/\\\/blogdoprosperi.com\\\/\",\"name\":\"PR\u00d3SPERI NEWS\",\"description\":\"TUDO \u00c9  FUTEBOL\",\"publisher\":{\"@id\":\"https:\\\/\\\/blogdoprosperi.com\\\/#\\\/schema\\\/person\\\/38100755ce3601861ee4fab9b5aa78e9\"},\"alternateName\":\"blogdoprosperi.com\",\"potentialAction\":[{\"@type\":\"SearchAction\",\"target\":{\"@type\":\"EntryPoint\",\"urlTemplate\":\"https:\\\/\\\/blogdoprosperi.com\\\/?s={search_term_string}\"},\"query-input\":{\"@type\":\"PropertyValueSpecification\",\"valueRequired\":true,\"valueName\":\"search_term_string\"}}],\"inLanguage\":\"pt-BR\"},{\"@type\":[\"Person\",\"Organization\"],\"@id\":\"https:\\\/\\\/blogdoprosperi.com\\\/#\\\/schema\\\/person\\\/38100755ce3601861ee4fab9b5aa78e9\",\"name\":\"Luiz Ant\u00f4nio Pr\u00f3speri\",\"pronouns\":\"ele\",\"image\":{\"@type\":\"ImageObject\",\"inLanguage\":\"pt-BR\",\"@id\":\"https:\\\/\\\/i0.wp.com\\\/blogdoprosperi.com\\\/wp-content\\\/uploads\\\/2026\\\/05\\\/cropped-8059e613-6002-42fa-961e-8e275f575d71-2-5.jpg?fit=1360%2C931&ssl=1\",\"url\":\"https:\\\/\\\/i0.wp.com\\\/blogdoprosperi.com\\\/wp-content\\\/uploads\\\/2026\\\/05\\\/cropped-8059e613-6002-42fa-961e-8e275f575d71-2-5.jpg?fit=1360%2C931&ssl=1\",\"contentUrl\":\"https:\\\/\\\/i0.wp.com\\\/blogdoprosperi.com\\\/wp-content\\\/uploads\\\/2026\\\/05\\\/cropped-8059e613-6002-42fa-961e-8e275f575d71-2-5.jpg?fit=1360%2C931&ssl=1\",\"width\":1360,\"height\":931,\"caption\":\"Luiz Ant\u00f4nio Pr\u00f3speri\"},\"logo\":{\"@id\":\"https:\\\/\\\/i0.wp.com\\\/blogdoprosperi.com\\\/wp-content\\\/uploads\\\/2026\\\/05\\\/cropped-8059e613-6002-42fa-961e-8e275f575d71-2-5.jpg?fit=1360%2C931&ssl=1\"},\"description\":\"Jornalista com carreira dedicada ao esporte. Cobriu 9 Copas do Mundo in loco, 1990 na It\u00e1lia, 1994 nos EUA, 1998 na Fran\u00e7a, 2002 na Coreia do Sul e Jap\u00e3o, 2006 na Alemanha, 2010 na \u00c1frica do Sul, 2014 no Brasil, 2018 na R\u00fassia e 2022 no Qatar. Eurocopas, 1992 na Su\u00e9cia e 1996 na Inglaterra. Copa das Confedera\u00e7\u00f5es de 2005 na Alemanha e 2009 na \u00c1frica do Sul. Rep\u00f3rter e Editor, trabalhou no Jornal da Tarde e Estad\u00e3o, de 1984 a fevereiro de 2016. Colunista, blogueiro. E comentarista de futebol na R\u00e1dio Estad\u00e3o, de 2013 a fevereiro de 2016. Jornalista respons\u00e1vel do \\\"Pr\u00f3speri News\\\" (blogdoprosperi.com).\",\"sameAs\":[\"http:\\\/\\\/blogdoprosperi.com\",\"Luiz Pr\u00f3speri\",\"@luiz_prosperi\",\"https:\\\/\\\/x.com\\\/Luizprosperi\",\"@prosperinacopa\",\"luiz.prosperi@icloud.com\"],\"url\":\"https:\\\/\\\/blogdoprosperi.com\\\/?author=102107496\"}]}<\/script>\n<!-- \/ Yoast SEO plugin. -->","yoast_head_json":{"title":"FUTEBOL NOW \u2013 Mais Procuradas do Dia \u2013 18 Janeiro - PR\u00d3SPERI NEWS","robots":{"index":"index","follow":"follow","max-snippet":"max-snippet:-1","max-image-preview":"max-image-preview:large","max-video-preview":"max-video-preview:-1"},"canonical":"https:\/\/blogdoprosperi.com\/?p=47510","og_locale":"pt_BR","og_type":"article","og_title":"FUTEBOL NOW \u2013 Mais Procuradas do Dia \u2013 18 Janeiro - PR\u00d3SPERI NEWS","og_description":"Confira destaques \u2013 18\/1 \u2013 (11h47)\u00a0 Jogadores de Futebol Sofrem Ataques nas Redes Sociais Nem Jesus Quer Neymar, [&hellip;]","og_url":"https:\/\/blogdoprosperi.com\/?p=47510","og_site_name":"PR\u00d3SPERI NEWS","article_publisher":"Luiz Pr\u00f3speri","article_author":"Luiz Pr\u00f3speri","article_published_time":"2025-01-18T14:47:22+00:00","article_modified_time":"2025-01-18T14:56:15+00:00","og_image":[{"url":"https:\/\/i0.wp.com\/blogdoprosperi.com\/wp-content\/uploads\/2025\/01\/img_2567.jpg?fit=940%2C448&ssl=1","width":940,"height":448,"type":"image\/jpeg"}],"author":"Luiz Ant\u00f4nio Pr\u00f3speri","twitter_card":"summary_large_image","twitter_creator":"@Luizprosperi","twitter_site":"@Luizprosperi","twitter_misc":{"Escrito por":"Luiz Ant\u00f4nio Pr\u00f3speri"},"schema":{"@context":"https:\/\/schema.org","@graph":[{"@type":"Article","@id":"https:\/\/blogdoprosperi.com\/?p=47510#article","isPartOf":{"@id":"https:\/\/blogdoprosperi.com\/?p=47510"},"author":{"name":"Luiz Ant\u00f4nio Pr\u00f3speri","@id":"https:\/\/blogdoprosperi.com\/#\/schema\/person\/38100755ce3601861ee4fab9b5aa78e9"},"headline":"FUTEBOL NOW \u2013 Mais Procuradas do Dia \u2013 18 Janeiro","datePublished":"2025-01-18T14:47:22+00:00","dateModified":"2025-01-18T14:56:15+00:00","mainEntityOfPage":{"@id":"https:\/\/blogdoprosperi.com\/?p=47510"},"wordCount":50,"commentCount":0,"publisher":{"@id":"https:\/\/blogdoprosperi.com\/#\/schema\/person\/38100755ce3601861ee4fab9b5aa78e9"},"image":{"@id":"https:\/\/blogdoprosperi.com\/?p=47510#primaryimage"},"thumbnailUrl":"https:\/\/i0.wp.com\/blogdoprosperi.com\/wp-content\/uploads\/2025\/01\/img_2567.jpg?fit=3973%2C1893&ssl=1","keywords":["Dudu","futebol","Jorge jesus","kai havertz","Leila Pereira","Messi","Neymar","Palmeiras"],"articleSection":["futebol"],"inLanguage":"pt-BR","potentialAction":[{"@type":"CommentAction","name":"Comment","target":["https:\/\/blogdoprosperi.com\/?p=47510#respond"]}]},{"@type":"WebPage","@id":"https:\/\/blogdoprosperi.com\/?p=47510","url":"https:\/\/blogdoprosperi.com\/?p=47510","name":"FUTEBOL NOW \u2013 Mais Procuradas do Dia \u2013 18 Janeiro - PR\u00d3SPERI NEWS","isPartOf":{"@id":"https:\/\/blogdoprosperi.com\/#website"},"primaryImageOfPage":{"@id":"https:\/\/blogdoprosperi.com\/?p=47510#primaryimage"},"image":{"@id":"https:\/\/blogdoprosperi.com\/?p=47510#primaryimage"},"thumbnailUrl":"https:\/\/i0.wp.com\/blogdoprosperi.com\/wp-content\/uploads\/2025\/01\/img_2567.jpg?fit=3973%2C1893&ssl=1","datePublished":"2025-01-18T14:47:22+00:00","dateModified":"2025-01-18T14:56:15+00:00","breadcrumb":{"@id":"https:\/\/blogdoprosperi.com\/?p=47510#breadcrumb"},"inLanguage":"pt-BR","potentialAction":[{"@type":"ReadAction","target":["https:\/\/blogdoprosperi.com\/?p=47510"]}]},{"@type":"ImageObject","inLanguage":"pt-BR","@id":"https:\/\/blogdoprosperi.com\/?p=47510#primaryimage","url":"https:\/\/i0.wp.com\/blogdoprosperi.com\/wp-content\/uploads\/2025\/01\/img_2567.jpg?fit=3973%2C1893&ssl=1","contentUrl":"https:\/\/i0.wp.com\/blogdoprosperi.com\/wp-content\/uploads\/2025\/01\/img_2567.jpg?fit=3973%2C1893&ssl=1","width":3973,"height":1893},{"@type":"BreadcrumbList","@id":"https:\/\/blogdoprosperi.com\/?p=47510#breadcrumb","itemListElement":[{"@type":"ListItem","position":1,"name":"In\u00edcio","item":"https:\/\/blogdoprosperi.com\/"},{"@type":"ListItem","position":2,"name":"FUTEBOL NOW \u2013 Mais Procuradas do Dia \u2013 18 Janeiro"}]},{"@type":"WebSite","@id":"https:\/\/blogdoprosperi.com\/#website","url":"https:\/\/blogdoprosperi.com\/","name":"PR\u00d3SPERI NEWS","description":"TUDO \u00c9  FUTEBOL","publisher":{"@id":"https:\/\/blogdoprosperi.com\/#\/schema\/person\/38100755ce3601861ee4fab9b5aa78e9"},"alternateName":"blogdoprosperi.com","potentialAction":[{"@type":"SearchAction","target":{"@type":"EntryPoint","urlTemplate":"https:\/\/blogdoprosperi.com\/?s={search_term_string}"},"query-input":{"@type":"PropertyValueSpecification","valueRequired":true,"valueName":"search_term_string"}}],"inLanguage":"pt-BR"},{"@type":["Person","Organization"],"@id":"https:\/\/blogdoprosperi.com\/#\/schema\/person\/38100755ce3601861ee4fab9b5aa78e9","name":"Luiz Ant\u00f4nio Pr\u00f3speri","pronouns":"ele","image":{"@type":"ImageObject","inLanguage":"pt-BR","@id":"https:\/\/i0.wp.com\/blogdoprosperi.com\/wp-content\/uploads\/2026\/05\/cropped-8059e613-6002-42fa-961e-8e275f575d71-2-5.jpg?fit=1360%2C931&ssl=1","url":"https:\/\/i0.wp.com\/blogdoprosperi.com\/wp-content\/uploads\/2026\/05\/cropped-8059e613-6002-42fa-961e-8e275f575d71-2-5.jpg?fit=1360%2C931&ssl=1","contentUrl":"https:\/\/i0.wp.com\/blogdoprosperi.com\/wp-content\/uploads\/2026\/05\/cropped-8059e613-6002-42fa-961e-8e275f575d71-2-5.jpg?fit=1360%2C931&ssl=1","width":1360,"height":931,"caption":"Luiz Ant\u00f4nio Pr\u00f3speri"},"logo":{"@id":"https:\/\/i0.wp.com\/blogdoprosperi.com\/wp-content\/uploads\/2026\/05\/cropped-8059e613-6002-42fa-961e-8e275f575d71-2-5.jpg?fit=1360%2C931&ssl=1"},"description":"Jornalista com carreira dedicada ao esporte. Cobriu 9 Copas do Mundo in loco, 1990 na It\u00e1lia, 1994 nos EUA, 1998 na Fran\u00e7a, 2002 na Coreia do Sul e Jap\u00e3o, 2006 na Alemanha, 2010 na \u00c1frica do Sul, 2014 no Brasil, 2018 na R\u00fassia e 2022 no Qatar. Eurocopas, 1992 na Su\u00e9cia e 1996 na Inglaterra. Copa das Confedera\u00e7\u00f5es de 2005 na Alemanha e 2009 na \u00c1frica do Sul. Rep\u00f3rter e Editor, trabalhou no Jornal da Tarde e Estad\u00e3o, de 1984 a fevereiro de 2016. Colunista, blogueiro. E comentarista de futebol na R\u00e1dio Estad\u00e3o, de 2013 a fevereiro de 2016. Jornalista respons\u00e1vel do \"Pr\u00f3speri News\" (blogdoprosperi.com).","sameAs":["http:\/\/blogdoprosperi.com","Luiz Pr\u00f3speri","@luiz_prosperi","https:\/\/x.com\/Luizprosperi","@prosperinacopa","luiz.prosperi@icloud.com"],"url":"https:\/\/blogdoprosperi.com\/?author=102107496"}]}},"jetpack_publicize_connections":[],"jetpack_likes_enabled":false,"jetpack_sharing_enabled":true,"jetpack_shortlink":"https:\/\/wp.me\/p7jvdk-cmi","jetpack-related-posts":[{"id":42865,"url":"https:\/\/blogdoprosperi.com\/?p=42865","url_meta":{"origin":47510,"position":0},"title":"Leila Pereira: &#8220;Chegou ao fim o ciclo de Dudu no Palmeiras&#8221;","author":"Luiz Ant\u00f4nio Pr\u00f3speri","date":"17 de junho de 2024","format":false,"excerpt":"Dudu est\u00e1 fora do Palmeiras, garante a presidente Leila Pereira. Um dia depois de o jogador garantir que ficaria no clube, com aval do t\u00e9cnico Abel Ferreira, a mandat\u00e1ria disse que n\u00e3o tem volta: \"Chegou ao fim o ciclo de Dudu no Palmeiras\", disse Leila em entrevista \u00e0s 11h15 dessa\u2026","rel":"","context":"Em &quot;futebol&quot;","block_context":{"text":"futebol","link":"https:\/\/blogdoprosperi.com\/?cat=53870"},"img":{"alt_text":"Esque\u00e7am Neymar, avisa presidenta do Palmeiras","src":"https:\/\/i0.wp.com\/blogdoprosperi.com\/wp-content\/uploads\/2023\/01\/52499028142_4b0d1c3e97_h.webp?fit=1200%2C675&ssl=1&resize=350%2C200","width":350,"height":200,"srcset":"https:\/\/i0.wp.com\/blogdoprosperi.com\/wp-content\/uploads\/2023\/01\/52499028142_4b0d1c3e97_h.webp?fit=1200%2C675&ssl=1&resize=350%2C200 1x, https:\/\/i0.wp.com\/blogdoprosperi.com\/wp-content\/uploads\/2023\/01\/52499028142_4b0d1c3e97_h.webp?fit=1200%2C675&ssl=1&resize=525%2C300 1.5x, https:\/\/i0.wp.com\/blogdoprosperi.com\/wp-content\/uploads\/2023\/01\/52499028142_4b0d1c3e97_h.webp?fit=1200%2C675&ssl=1&resize=700%2C400 2x, https:\/\/i0.wp.com\/blogdoprosperi.com\/wp-content\/uploads\/2023\/01\/52499028142_4b0d1c3e97_h.webp?fit=1200%2C675&ssl=1&resize=1050%2C600 3x"},"classes":[]},{"id":48050,"url":"https:\/\/blogdoprosperi.com\/?p=48050","url_meta":{"origin":47510,"position":1},"title":"Agora Futebol | Destaques do Dia 13 fevereiro","author":"Luiz Ant\u00f4nio Pr\u00f3speri","date":"13 de fevereiro de 2025","format":false,"excerpt":"Acompanhe as Mais Procuradas da Quinta-Feira (13\/2); Atl\u00e9tico Se Olha no Espelho e a Imagem \u00e9 do Palmeiras Vini Jr | N\u00e3o Caia nas Provoca\u00e7\u00f5es dos Comuns Futebol Brasileiro Tem Pressa, Nem Neymar Escapa Leila Pereira | Palmeiras Vem Mais Agressivo no Mercado CanalVerdejante","rel":"","context":"Em &quot;futebol&quot;","block_context":{"text":"futebol","link":"https:\/\/blogdoprosperi.com\/?cat=53870"},"img":{"alt_text":"","src":"https:\/\/i0.wp.com\/blogdoprosperi.com\/wp-content\/uploads\/2025\/01\/img_2567.jpg?fit=1200%2C572&ssl=1&resize=350%2C200","width":350,"height":200,"srcset":"https:\/\/i0.wp.com\/blogdoprosperi.com\/wp-content\/uploads\/2025\/01\/img_2567.jpg?fit=1200%2C572&ssl=1&resize=350%2C200 1x, https:\/\/i0.wp.com\/blogdoprosperi.com\/wp-content\/uploads\/2025\/01\/img_2567.jpg?fit=1200%2C572&ssl=1&resize=525%2C300 1.5x, https:\/\/i0.wp.com\/blogdoprosperi.com\/wp-content\/uploads\/2025\/01\/img_2567.jpg?fit=1200%2C572&ssl=1&resize=700%2C400 2x, https:\/\/i0.wp.com\/blogdoprosperi.com\/wp-content\/uploads\/2025\/01\/img_2567.jpg?fit=1200%2C572&ssl=1&resize=1050%2C600 3x"},"classes":[]},{"id":47464,"url":"https:\/\/blogdoprosperi.com\/?p=47464","url_meta":{"origin":47510,"position":2},"title":"Leila Pereira x Dudu | Presidenta do Palmeiras Vai Processar \u00cddolo da Torcida","author":"Luiz Ant\u00f4nio Pr\u00f3speri","date":"14 de janeiro de 2025","format":false,"excerpt":"Luiz Ant\u00f4nio Pr\u00f3speri \u2013 14 janeiro (17h58) \u2013 Leila Pereira, presidenta do Palmeiras, vai processar Dudu por difama\u00e7\u00e3o. A dirigente se sente ofendida pelo jogador que usou express\u00e3o VTNC (Vai Tomar No C...) em post nas redes sociais contra Leila. Era uma resposta do \u00eddolo da torcida palmeirense \u00e0 declara\u00e7\u00e3o\u2026","rel":"","context":"Em &quot;futebol&quot;","block_context":{"text":"futebol","link":"https:\/\/blogdoprosperi.com\/?cat=53870"},"img":{"alt_text":"Leila x Dudu, guerra de vaidades","src":"https:\/\/i0.wp.com\/blogdoprosperi.com\/wp-content\/uploads\/2025\/01\/52145526597_5c7018bd3f_h-aspect-ratio-512-320-1.webp?fit=1200%2C750&ssl=1&resize=350%2C200","width":350,"height":200,"srcset":"https:\/\/i0.wp.com\/blogdoprosperi.com\/wp-content\/uploads\/2025\/01\/52145526597_5c7018bd3f_h-aspect-ratio-512-320-1.webp?fit=1200%2C750&ssl=1&resize=350%2C200 1x, https:\/\/i0.wp.com\/blogdoprosperi.com\/wp-content\/uploads\/2025\/01\/52145526597_5c7018bd3f_h-aspect-ratio-512-320-1.webp?fit=1200%2C750&ssl=1&resize=525%2C300 1.5x, https:\/\/i0.wp.com\/blogdoprosperi.com\/wp-content\/uploads\/2025\/01\/52145526597_5c7018bd3f_h-aspect-ratio-512-320-1.webp?fit=1200%2C750&ssl=1&resize=700%2C400 2x, https:\/\/i0.wp.com\/blogdoprosperi.com\/wp-content\/uploads\/2025\/01\/52145526597_5c7018bd3f_h-aspect-ratio-512-320-1.webp?fit=1200%2C750&ssl=1&resize=1050%2C600 3x"},"classes":[]},{"id":45481,"url":"https:\/\/blogdoprosperi.com\/?p=45481","url_meta":{"origin":47510,"position":3},"title":"Leila Pereira anuncia (I): Palmeiras Descarta Neymar e Supercraques no Mundial de Clubes 2025","author":"Luiz Ant\u00f4nio Pr\u00f3speri","date":"23 de setembro de 2024","format":false,"excerpt":"Luiz Ant\u00f4nio Pr\u00f3speri \u2013 23 setembro (23h55) Leila Pereira avisa aos torcedores do Palmeiras que n\u00e3o tem a m\u00ednima inten\u00e7\u00e3o de contratar supercraques para o Mundial de Clubes de 2025. Nem Neymar nem outro nome forte no mercado especulados nas m\u00eddias sociais. No lan\u00e7amento de sua candidatura \u00e0 reelei\u00e7\u00e3o no\u2026","rel":"","context":"Em &quot;futebol&quot;","block_context":{"text":"futebol","link":"https:\/\/blogdoprosperi.com\/?cat=53870"},"img":{"alt_text":"Neymar no Palmeiras?","src":"https:\/\/i0.wp.com\/blogdoprosperi.com\/wp-content\/uploads\/2024\/09\/20180525185228582294a.webp?fit=750%2C500&ssl=1&resize=350%2C200","width":350,"height":200,"srcset":"https:\/\/i0.wp.com\/blogdoprosperi.com\/wp-content\/uploads\/2024\/09\/20180525185228582294a.webp?fit=750%2C500&ssl=1&resize=350%2C200 1x, https:\/\/i0.wp.com\/blogdoprosperi.com\/wp-content\/uploads\/2024\/09\/20180525185228582294a.webp?fit=750%2C500&ssl=1&resize=525%2C300 1.5x, https:\/\/i0.wp.com\/blogdoprosperi.com\/wp-content\/uploads\/2024\/09\/20180525185228582294a.webp?fit=750%2C500&ssl=1&resize=700%2C400 2x"},"classes":[]},{"id":44408,"url":"https:\/\/blogdoprosperi.com\/?p=44408","url_meta":{"origin":47510,"position":4},"title":"James Rodriguez, Gabigol e Dudu, indesejados queridos","author":"Luiz Ant\u00f4nio Pr\u00f3speri","date":"22 de julho de 2024","format":false,"excerpt":"Luiz Ant\u00f4nio Pr\u00f3speri \u2013 22 julho (18h20) James Rodriguez n\u00e3o joga mais no S\u00e3o Paulo. Clube e jogador tratam da rescis\u00e3o do contrato, v\u00e1lido at\u00e9 2025. Gabigol tem prazo estipulado para deixar o Flamengo, dezembro de 2024. E Dudu espera jogar no Palmeiras pelo menos at\u00e9 o fim de 2025.\u2026","rel":"","context":"Em &quot;futebol&quot;","block_context":{"text":"futebol","link":"https:\/\/blogdoprosperi.com\/?cat=53870"},"img":{"alt_text":"","src":"https:\/\/i0.wp.com\/blogdoprosperi.com\/wp-content\/uploads\/2024\/07\/jamez-rodriguez_sao-paulo_bid_es-brasil.jpg?fit=1068%2C668&ssl=1&resize=350%2C200","width":350,"height":200,"srcset":"https:\/\/i0.wp.com\/blogdoprosperi.com\/wp-content\/uploads\/2024\/07\/jamez-rodriguez_sao-paulo_bid_es-brasil.jpg?fit=1068%2C668&ssl=1&resize=350%2C200 1x, https:\/\/i0.wp.com\/blogdoprosperi.com\/wp-content\/uploads\/2024\/07\/jamez-rodriguez_sao-paulo_bid_es-brasil.jpg?fit=1068%2C668&ssl=1&resize=525%2C300 1.5x, https:\/\/i0.wp.com\/blogdoprosperi.com\/wp-content\/uploads\/2024\/07\/jamez-rodriguez_sao-paulo_bid_es-brasil.jpg?fit=1068%2C668&ssl=1&resize=700%2C400 2x, https:\/\/i0.wp.com\/blogdoprosperi.com\/wp-content\/uploads\/2024\/07\/jamez-rodriguez_sao-paulo_bid_es-brasil.jpg?fit=1068%2C668&ssl=1&resize=1050%2C600 3x"},"classes":[]},{"id":45501,"url":"https:\/\/blogdoprosperi.com\/?p=45501","url_meta":{"origin":47510,"position":5},"title":"Leila Pereira anuncia (II): Crefisa Sai do Palmeiras e Dudu Fora","author":"Luiz Ant\u00f4nio Pr\u00f3speri","date":"24 de setembro de 2024","format":false,"excerpt":"Crefisa vai sair da camisa do Palmeiras em 2025. Leila Pereira, presidente do Palmeiras e dona da Crefisa, anuncia o fim do ciclo entre clube e a patrocinadora, juntos desde 2019. Sem a empresa financeira, marketing do Palmeiras est\u00e1 no mercado em busca de um novo parceiro de R$ 150\u2026","rel":"","context":"Em &quot;futebol&quot;","block_context":{"text":"futebol","link":"https:\/\/blogdoprosperi.com\/?cat=53870"},"img":{"alt_text":"Crefisa, fim de ciclo no Palmeiras","src":"https:\/\/i0.wp.com\/blogdoprosperi.com\/wp-content\/uploads\/2024\/09\/leila-pereira.webp?fit=750%2C510&ssl=1&resize=350%2C200","width":350,"height":200,"srcset":"https:\/\/i0.wp.com\/blogdoprosperi.com\/wp-content\/uploads\/2024\/09\/leila-pereira.webp?fit=750%2C510&ssl=1&resize=350%2C200 1x, https:\/\/i0.wp.com\/blogdoprosperi.com\/wp-content\/uploads\/2024\/09\/leila-pereira.webp?fit=750%2C510&ssl=1&resize=525%2C300 1.5x, https:\/\/i0.wp.com\/blogdoprosperi.com\/wp-content\/uploads\/2024\/09\/leila-pereira.webp?fit=750%2C510&ssl=1&resize=700%2C400 2x"},"classes":[]}],"jetpack_featured_media_url":"https:\/\/i0.wp.com\/blogdoprosperi.com\/wp-content\/uploads\/2025\/01\/img_2567.jpg?fit=3973%2C1893&ssl=1","_links":{"self":[{"href":"https:\/\/blogdoprosperi.com\/index.php?rest_route=\/wp\/v2\/posts\/47510","targetHints":{"allow":["GET"]}}],"collection":[{"href":"https:\/\/blogdoprosperi.com\/index.php?rest_route=\/wp\/v2\/posts"}],"about":[{"href":"https:\/\/blogdoprosperi.com\/index.php?rest_route=\/wp\/v2\/types\/post"}],"author":[{"embeddable":true,"href":"https:\/\/blogdoprosperi.com\/index.php?rest_route=\/wp\/v2\/users\/102107496"}],"replies":[{"embeddable":true,"href":"https:\/\/blogdoprosperi.com\/index.php?rest_route=%2Fwp%2Fv2%2Fcomments&post=47510"}],"version-history":[{"count":20,"href":"https:\/\/blogdoprosperi.com\/index.php?rest_route=\/wp\/v2\/posts\/47510\/revisions"}],"predecessor-version":[{"id":47559,"href":"https:\/\/blogdoprosperi.com\/index.php?rest_route=\/wp\/v2\/posts\/47510\/revisions\/47559"}],"wp:featuredmedia":[{"embeddable":true,"href":"https:\/\/blogdoprosperi.com\/index.php?rest_route=\/wp\/v2\/media\/47515"}],"wp:attachment":[{"href":"https:\/\/blogdoprosperi.com\/index.php?rest_route=%2Fwp%2Fv2%2Fmedia&parent=47510"}],"wp:term":[{"taxonomy":"category","embeddable":true,"href":"https:\/\/blogdoprosperi.com\/index.php?rest_route=%2Fwp%2Fv2%2Fcategories&post=47510"},{"taxonomy":"post_tag","embeddable":true,"href":"https:\/\/blogdoprosperi.com\/index.php?rest_route=%2Fwp%2Fv2%2Ftags&post=47510"}],"curies":[{"name":"wp","href":"https:\/\/api.w.org\/{rel}","templated":true}]}}