{"id":47518,"date":"2025-01-17T18:06:53","date_gmt":"2025-01-17T21:06:53","guid":{"rendered":"http:\/\/blogdoprosperi.com\/?p=47518"},"modified":"2025-01-17T18:09:59","modified_gmt":"2025-01-17T21:09:59","slug":"nem-jesus-quer-neymar-santos-sim","status":"publish","type":"post","link":"https:\/\/blogdoprosperi.com\/?p=47518","title":{"rendered":"Nem Jesus Quer Neymar, Santos Sim"},"content":{"rendered":"\n<p class=\"wp-block-paragraph\">Neymar procura um time para voltar ao futebol. Farra da Ar\u00e1bia Saudita chega ao fim com o decreto de Jesus, o Jorge, t\u00e9cnico do Al-Hilal. Aos 33 anos, craque brasileiro procura outra freguesia. Santos aposta no lado emocional e trabalha com os \u00e1rabes por empr\u00e9stimo de seis meses.<\/p>\n\n\n\n<p class=\"wp-block-paragraph\">\u201cO Neymar eu tive o azar, n\u00e3o tive sorte, de n\u00e3o poder ter trabalhado com um dos melhores jogadores do mundo. O Neymar esteve comigo um m\u00eas, se lesionou e h\u00e1 15 meses que est\u00e1 tentando se recuperar de uma les\u00e3o grave que teve no joelho. Ele \u00e9 um rapaz espetacular. N\u00e3o tem nada de vedete dentro da equipe, \u00e9 um rapaz de grupo, \u00e9 um rapaz ador\u00e1vel de trabalhar &#8211; Jorge Jesus, em entrevista coletiva quinta-feira (16\/1).<\/p>\n\n\n\n<p class=\"wp-block-paragraph\">Governo da Ar\u00e1bia Saudita, dono do fundo de investimento PIF gestor dos principais clubes do pa\u00eds, negocia sa\u00edda de Neymar. Maiores interessados no craque brasileiros est\u00e3o na MSL, liga de futebol dos EUA, e o Santos.<\/p>\n\n\n\n<p class=\"wp-block-paragraph\">Neymar gostaria de se transferir ao Inter de Miami e se juntar a Messi e Suarez, um revival do trio MSN do Barcelona 2015. Parece dif\u00edcil por quest\u00f5es financeiras . Chicago Fire tamb\u00e9m aparece como candidato.<\/p>\n\n\n\n<p class=\"wp-block-paragraph\"><strong>ROM\u00c1RIO PROVOCA<\/strong><\/p>\n\n\n\n<p class=\"wp-block-paragraph\">No Brasil, Santos e Flamengo seriam o caminho natural por desejo de Neymar. Mas, na entrevista a Rom\u00e1rio no YouTube, o craque desandou.<\/p>\n\n\n\n<p class=\"wp-block-paragraph\">Rom\u00e1rio: &#8220;Tu gosta de assistir Brasileir\u00e3o?&#8221;<\/p>\n\n\n\n<p class=\"wp-block-paragraph\">Neymar: &#8220;N\u00e3o&#8221;<\/p>\n\n\n\n<p class=\"wp-block-paragraph\">Rom\u00e1rio: &#8220;\u00c9 foda, n\u00e9&#8221;<\/p>\n\n\n\n<p class=\"wp-block-paragraph\">Neymar: &#8220;P\u00f4, me chamaram para ver jogo, mandei tomar no cu&#8221;<\/p>\n\n\n\n<p class=\"wp-block-paragraph\">Rom\u00e1rio: &#8220;At\u00e9 porque \u00e9 isso mesmo, tomar no cu, os caras jogam porra nenhuma, futebol feio da porra\u201d<\/p>\n\n\n\n<p class=\"wp-block-paragraph\">Neymar: &#8220;\u00c9 porque eu me estresso vendo jogo\u201d.<\/p>\n\n\n\n<p class=\"wp-block-paragraph\"><strong>SANTOS QUER RESGATAR O CRAQUE<\/strong><\/p>\n\n\n\n<p class=\"wp-block-paragraph\">Santos nem a\u00ed com essa declara\u00e7\u00e3o de Neymar a Rom\u00e1rio. Quer a volta do filho pr\u00f3digo \u00e0 Vila Belmiro. <\/p>\n\n\n\n<p class=\"wp-block-paragraph\">Apela ao lado sentimental do jogador que revelou h\u00e1 mais de dez anos.<\/p>\n\n\n\n<p class=\"wp-block-paragraph\">E trabalha junto ao Al-Hilal por um empr\u00e9stimo de seis meses, informa o site globo esporte (ge).<\/p>\n\n\n\n<p class=\"wp-block-paragraph\">Estrat\u00e9gia \u00e9 convencer Neymar Pai com um v\u00eddeo narrado por Pel\u00e9, com base na Intelig\u00eancia Artificial, para trazer Neymar Filho de volta ao Santos.<\/p>\n\n\n\n<p class=\"wp-block-paragraph\">Vale tudo. S\u00f3 falta Neymar convencer a todos que ainda n\u00e3o acabou para o futebol. <\/p>\n\n\n\n<p class=\"wp-block-paragraph\"><\/p>\n","protected":false},"excerpt":{"rendered":"<p>Neymar procura um time para voltar ao futebol. Farra da Ar\u00e1bia Saudita chega ao fim com o decreto [&hellip;]<\/p>\n","protected":false},"author":102107496,"featured_media":41831,"comment_status":"open","ping_status":"open","sticky":false,"template":"","format":"standard","meta":{"_coblocks_attr":"","_coblocks_dimensions":"","_coblocks_responsive_height":"","_coblocks_accordion_ie_support":"","_jetpack_newsletter_access":"","_jetpack_dont_email_post_to_subs":false,"_jetpack_newsletter_tier_id":0,"_jetpack_memberships_contains_paywalled_content":false,"_wpcom_ai_launchpad_first_post":false,"_jetpack_feature_clip_id":0,"_jetpack_memberships_contains_paid_content":false,"footnotes":"","jetpack_publicize_message":"","jetpack_publicize_feature_enabled":true,"jetpack_social_post_already_shared":false,"jetpack_social_options":{"image_generator_settings":{"template":"highway","default_image_id":0,"font":"","enabled":false},"version":2},"jetpack_post_was_ever_published":false},"categories":[53870],"tags":[789560560],"class_list":["post-47518","post","type-post","status-publish","format-standard","has-post-thumbnail","hentry","category-futebol","tag-futebol"],"yoast_head":"<!-- This site is optimized with the Yoast SEO plugin v28.3 - https:\/\/yoast.com\/product\/yoast-seo-wordpress\/ -->\n<title>Nem Jesus Quer Neymar, Santos Sim - PR\u00d3SPERI NEWS<\/title>\n<meta name=\"robots\" content=\"index, follow, max-snippet:-1, max-image-preview:large, max-video-preview:-1\" \/>\n<link rel=\"canonical\" href=\"https:\/\/blogdoprosperi.com\/?p=47518\" \/>\n<meta property=\"og:locale\" content=\"pt_BR\" \/>\n<meta property=\"og:type\" content=\"article\" \/>\n<meta property=\"og:title\" content=\"Nem Jesus Quer Neymar, Santos Sim - PR\u00d3SPERI NEWS\" \/>\n<meta property=\"og:description\" content=\"Neymar procura um time para voltar ao futebol. Farra da Ar\u00e1bia Saudita chega ao fim com o decreto [&hellip;]\" \/>\n<meta property=\"og:url\" content=\"https:\/\/blogdoprosperi.com\/?p=47518\" \/>\n<meta property=\"og:site_name\" content=\"PR\u00d3SPERI NEWS\" \/>\n<meta property=\"article:publisher\" content=\"Luiz Pr\u00f3speri\" \/>\n<meta property=\"article:author\" content=\"Luiz Pr\u00f3speri\" \/>\n<meta property=\"article:published_time\" content=\"2025-01-17T21:06:53+00:00\" \/>\n<meta property=\"article:modified_time\" content=\"2025-01-17T21:09:59+00:00\" \/>\n<meta property=\"og:image\" content=\"https:\/\/i0.wp.com\/blogdoprosperi.com\/wp-content\/uploads\/2023\/08\/fywhikqxsaiayz0.jpg?fit=720%2C720&ssl=1\" \/>\n\t<meta property=\"og:image:width\" content=\"720\" \/>\n\t<meta property=\"og:image:height\" content=\"720\" \/>\n\t<meta property=\"og:image:type\" content=\"image\/jpeg\" \/>\n<meta name=\"author\" content=\"Luiz Ant\u00f4nio Pr\u00f3speri\" \/>\n<meta name=\"twitter:card\" content=\"summary_large_image\" \/>\n<meta name=\"twitter:creator\" content=\"@Luizprosperi\" \/>\n<meta name=\"twitter:site\" content=\"@Luizprosperi\" \/>\n<meta name=\"twitter:label1\" content=\"Escrito por\" \/>\n\t<meta name=\"twitter:data1\" content=\"Luiz Ant\u00f4nio Pr\u00f3speri\" \/>\n\t<meta name=\"twitter:label2\" content=\"Est. tempo de leitura\" \/>\n\t<meta name=\"twitter:data2\" content=\"2 minutos\" \/>\n<script type=\"application\/ld+json\" class=\"yoast-schema-graph\">{\"@context\":\"https:\\\/\\\/schema.org\",\"@graph\":[{\"@type\":\"Article\",\"@id\":\"https:\\\/\\\/blogdoprosperi.com\\\/?p=47518#article\",\"isPartOf\":{\"@id\":\"https:\\\/\\\/blogdoprosperi.com\\\/?p=47518\"},\"author\":{\"name\":\"Luiz Ant\u00f4nio Pr\u00f3speri\",\"@id\":\"https:\\\/\\\/blogdoprosperi.com\\\/#\\\/schema\\\/person\\\/38100755ce3601861ee4fab9b5aa78e9\"},\"headline\":\"Nem Jesus Quer Neymar, Santos Sim\",\"datePublished\":\"2025-01-17T21:06:53+00:00\",\"dateModified\":\"2025-01-17T21:09:59+00:00\",\"mainEntityOfPage\":{\"@id\":\"https:\\\/\\\/blogdoprosperi.com\\\/?p=47518\"},\"wordCount\":389,\"commentCount\":1,\"publisher\":{\"@id\":\"https:\\\/\\\/blogdoprosperi.com\\\/#\\\/schema\\\/person\\\/38100755ce3601861ee4fab9b5aa78e9\"},\"image\":{\"@id\":\"https:\\\/\\\/blogdoprosperi.com\\\/?p=47518#primaryimage\"},\"thumbnailUrl\":\"https:\\\/\\\/i0.wp.com\\\/blogdoprosperi.com\\\/wp-content\\\/uploads\\\/2023\\\/08\\\/fywhikqxsaiayz0.jpg?fit=720%2C720&ssl=1\",\"keywords\":[\"futebol\"],\"articleSection\":[\"futebol\"],\"inLanguage\":\"pt-BR\",\"potentialAction\":[{\"@type\":\"CommentAction\",\"name\":\"Comment\",\"target\":[\"https:\\\/\\\/blogdoprosperi.com\\\/?p=47518#respond\"]}]},{\"@type\":\"WebPage\",\"@id\":\"https:\\\/\\\/blogdoprosperi.com\\\/?p=47518\",\"url\":\"https:\\\/\\\/blogdoprosperi.com\\\/?p=47518\",\"name\":\"Nem Jesus Quer Neymar, Santos Sim - PR\u00d3SPERI NEWS\",\"isPartOf\":{\"@id\":\"https:\\\/\\\/blogdoprosperi.com\\\/#website\"},\"primaryImageOfPage\":{\"@id\":\"https:\\\/\\\/blogdoprosperi.com\\\/?p=47518#primaryimage\"},\"image\":{\"@id\":\"https:\\\/\\\/blogdoprosperi.com\\\/?p=47518#primaryimage\"},\"thumbnailUrl\":\"https:\\\/\\\/i0.wp.com\\\/blogdoprosperi.com\\\/wp-content\\\/uploads\\\/2023\\\/08\\\/fywhikqxsaiayz0.jpg?fit=720%2C720&ssl=1\",\"datePublished\":\"2025-01-17T21:06:53+00:00\",\"dateModified\":\"2025-01-17T21:09:59+00:00\",\"breadcrumb\":{\"@id\":\"https:\\\/\\\/blogdoprosperi.com\\\/?p=47518#breadcrumb\"},\"inLanguage\":\"pt-BR\",\"potentialAction\":[{\"@type\":\"ReadAction\",\"target\":[\"https:\\\/\\\/blogdoprosperi.com\\\/?p=47518\"]}]},{\"@type\":\"ImageObject\",\"inLanguage\":\"pt-BR\",\"@id\":\"https:\\\/\\\/blogdoprosperi.com\\\/?p=47518#primaryimage\",\"url\":\"https:\\\/\\\/i0.wp.com\\\/blogdoprosperi.com\\\/wp-content\\\/uploads\\\/2023\\\/08\\\/fywhikqxsaiayz0.jpg?fit=720%2C720&ssl=1\",\"contentUrl\":\"https:\\\/\\\/i0.wp.com\\\/blogdoprosperi.com\\\/wp-content\\\/uploads\\\/2023\\\/08\\\/fywhikqxsaiayz0.jpg?fit=720%2C720&ssl=1\",\"width\":720,\"height\":720,\"caption\":\"Neymar joga sete jogos no Al Hilal \u2013 foto: Twitter\"},{\"@type\":\"BreadcrumbList\",\"@id\":\"https:\\\/\\\/blogdoprosperi.com\\\/?p=47518#breadcrumb\",\"itemListElement\":[{\"@type\":\"ListItem\",\"position\":1,\"name\":\"In\u00edcio\",\"item\":\"https:\\\/\\\/blogdoprosperi.com\\\/\"},{\"@type\":\"ListItem\",\"position\":2,\"name\":\"Nem Jesus Quer Neymar, Santos Sim\"}]},{\"@type\":\"WebSite\",\"@id\":\"https:\\\/\\\/blogdoprosperi.com\\\/#website\",\"url\":\"https:\\\/\\\/blogdoprosperi.com\\\/\",\"name\":\"PR\u00d3SPERI NEWS\",\"description\":\"TUDO \u00c9  FUTEBOL\",\"publisher\":{\"@id\":\"https:\\\/\\\/blogdoprosperi.com\\\/#\\\/schema\\\/person\\\/38100755ce3601861ee4fab9b5aa78e9\"},\"alternateName\":\"blogdoprosperi.com\",\"potentialAction\":[{\"@type\":\"SearchAction\",\"target\":{\"@type\":\"EntryPoint\",\"urlTemplate\":\"https:\\\/\\\/blogdoprosperi.com\\\/?s={search_term_string}\"},\"query-input\":{\"@type\":\"PropertyValueSpecification\",\"valueRequired\":true,\"valueName\":\"search_term_string\"}}],\"inLanguage\":\"pt-BR\"},{\"@type\":[\"Person\",\"Organization\"],\"@id\":\"https:\\\/\\\/blogdoprosperi.com\\\/#\\\/schema\\\/person\\\/38100755ce3601861ee4fab9b5aa78e9\",\"name\":\"Luiz Ant\u00f4nio Pr\u00f3speri\",\"pronouns\":\"ele\",\"image\":{\"@type\":\"ImageObject\",\"inLanguage\":\"pt-BR\",\"@id\":\"https:\\\/\\\/i0.wp.com\\\/blogdoprosperi.com\\\/wp-content\\\/uploads\\\/2026\\\/05\\\/cropped-8059e613-6002-42fa-961e-8e275f575d71-2-5.jpg?fit=1360%2C931&ssl=1\",\"url\":\"https:\\\/\\\/i0.wp.com\\\/blogdoprosperi.com\\\/wp-content\\\/uploads\\\/2026\\\/05\\\/cropped-8059e613-6002-42fa-961e-8e275f575d71-2-5.jpg?fit=1360%2C931&ssl=1\",\"contentUrl\":\"https:\\\/\\\/i0.wp.com\\\/blogdoprosperi.com\\\/wp-content\\\/uploads\\\/2026\\\/05\\\/cropped-8059e613-6002-42fa-961e-8e275f575d71-2-5.jpg?fit=1360%2C931&ssl=1\",\"width\":1360,\"height\":931,\"caption\":\"Luiz Ant\u00f4nio Pr\u00f3speri\"},\"logo\":{\"@id\":\"https:\\\/\\\/i0.wp.com\\\/blogdoprosperi.com\\\/wp-content\\\/uploads\\\/2026\\\/05\\\/cropped-8059e613-6002-42fa-961e-8e275f575d71-2-5.jpg?fit=1360%2C931&ssl=1\"},\"description\":\"Jornalista com carreira dedicada ao esporte. Cobriu 9 Copas do Mundo in loco, 1990 na It\u00e1lia, 1994 nos EUA, 1998 na Fran\u00e7a, 2002 na Coreia do Sul e Jap\u00e3o, 2006 na Alemanha, 2010 na \u00c1frica do Sul, 2014 no Brasil, 2018 na R\u00fassia e 2022 no Qatar. Eurocopas, 1992 na Su\u00e9cia e 1996 na Inglaterra. Copa das Confedera\u00e7\u00f5es de 2005 na Alemanha e 2009 na \u00c1frica do Sul. Rep\u00f3rter e Editor, trabalhou no Jornal da Tarde e Estad\u00e3o, de 1984 a fevereiro de 2016. Colunista, blogueiro. E comentarista de futebol na R\u00e1dio Estad\u00e3o, de 2013 a fevereiro de 2016. Jornalista respons\u00e1vel do \\\"Pr\u00f3speri News\\\" (blogdoprosperi.com).\",\"sameAs\":[\"http:\\\/\\\/blogdoprosperi.com\",\"Luiz Pr\u00f3speri\",\"@luiz_prosperi\",\"https:\\\/\\\/x.com\\\/Luizprosperi\",\"@prosperinacopa\",\"luiz.prosperi@icloud.com\"],\"url\":\"https:\\\/\\\/blogdoprosperi.com\\\/?author=102107496\"}]}<\/script>\n<!-- \/ Yoast SEO plugin. -->","yoast_head_json":{"title":"Nem Jesus Quer Neymar, Santos Sim - PR\u00d3SPERI NEWS","robots":{"index":"index","follow":"follow","max-snippet":"max-snippet:-1","max-image-preview":"max-image-preview:large","max-video-preview":"max-video-preview:-1"},"canonical":"https:\/\/blogdoprosperi.com\/?p=47518","og_locale":"pt_BR","og_type":"article","og_title":"Nem Jesus Quer Neymar, Santos Sim - PR\u00d3SPERI NEWS","og_description":"Neymar procura um time para voltar ao futebol. Farra da Ar\u00e1bia Saudita chega ao fim com o decreto [&hellip;]","og_url":"https:\/\/blogdoprosperi.com\/?p=47518","og_site_name":"PR\u00d3SPERI NEWS","article_publisher":"Luiz Pr\u00f3speri","article_author":"Luiz Pr\u00f3speri","article_published_time":"2025-01-17T21:06:53+00:00","article_modified_time":"2025-01-17T21:09:59+00:00","og_image":[{"width":720,"height":720,"url":"https:\/\/i0.wp.com\/blogdoprosperi.com\/wp-content\/uploads\/2023\/08\/fywhikqxsaiayz0.jpg?fit=720%2C720&ssl=1","type":"image\/jpeg"}],"author":"Luiz Ant\u00f4nio Pr\u00f3speri","twitter_card":"summary_large_image","twitter_creator":"@Luizprosperi","twitter_site":"@Luizprosperi","twitter_misc":{"Escrito por":"Luiz Ant\u00f4nio Pr\u00f3speri","Est. tempo de leitura":"2 minutos"},"schema":{"@context":"https:\/\/schema.org","@graph":[{"@type":"Article","@id":"https:\/\/blogdoprosperi.com\/?p=47518#article","isPartOf":{"@id":"https:\/\/blogdoprosperi.com\/?p=47518"},"author":{"name":"Luiz Ant\u00f4nio Pr\u00f3speri","@id":"https:\/\/blogdoprosperi.com\/#\/schema\/person\/38100755ce3601861ee4fab9b5aa78e9"},"headline":"Nem Jesus Quer Neymar, Santos Sim","datePublished":"2025-01-17T21:06:53+00:00","dateModified":"2025-01-17T21:09:59+00:00","mainEntityOfPage":{"@id":"https:\/\/blogdoprosperi.com\/?p=47518"},"wordCount":389,"commentCount":1,"publisher":{"@id":"https:\/\/blogdoprosperi.com\/#\/schema\/person\/38100755ce3601861ee4fab9b5aa78e9"},"image":{"@id":"https:\/\/blogdoprosperi.com\/?p=47518#primaryimage"},"thumbnailUrl":"https:\/\/i0.wp.com\/blogdoprosperi.com\/wp-content\/uploads\/2023\/08\/fywhikqxsaiayz0.jpg?fit=720%2C720&ssl=1","keywords":["futebol"],"articleSection":["futebol"],"inLanguage":"pt-BR","potentialAction":[{"@type":"CommentAction","name":"Comment","target":["https:\/\/blogdoprosperi.com\/?p=47518#respond"]}]},{"@type":"WebPage","@id":"https:\/\/blogdoprosperi.com\/?p=47518","url":"https:\/\/blogdoprosperi.com\/?p=47518","name":"Nem Jesus Quer Neymar, Santos Sim - PR\u00d3SPERI NEWS","isPartOf":{"@id":"https:\/\/blogdoprosperi.com\/#website"},"primaryImageOfPage":{"@id":"https:\/\/blogdoprosperi.com\/?p=47518#primaryimage"},"image":{"@id":"https:\/\/blogdoprosperi.com\/?p=47518#primaryimage"},"thumbnailUrl":"https:\/\/i0.wp.com\/blogdoprosperi.com\/wp-content\/uploads\/2023\/08\/fywhikqxsaiayz0.jpg?fit=720%2C720&ssl=1","datePublished":"2025-01-17T21:06:53+00:00","dateModified":"2025-01-17T21:09:59+00:00","breadcrumb":{"@id":"https:\/\/blogdoprosperi.com\/?p=47518#breadcrumb"},"inLanguage":"pt-BR","potentialAction":[{"@type":"ReadAction","target":["https:\/\/blogdoprosperi.com\/?p=47518"]}]},{"@type":"ImageObject","inLanguage":"pt-BR","@id":"https:\/\/blogdoprosperi.com\/?p=47518#primaryimage","url":"https:\/\/i0.wp.com\/blogdoprosperi.com\/wp-content\/uploads\/2023\/08\/fywhikqxsaiayz0.jpg?fit=720%2C720&ssl=1","contentUrl":"https:\/\/i0.wp.com\/blogdoprosperi.com\/wp-content\/uploads\/2023\/08\/fywhikqxsaiayz0.jpg?fit=720%2C720&ssl=1","width":720,"height":720,"caption":"Neymar joga sete jogos no Al Hilal \u2013 foto: Twitter"},{"@type":"BreadcrumbList","@id":"https:\/\/blogdoprosperi.com\/?p=47518#breadcrumb","itemListElement":[{"@type":"ListItem","position":1,"name":"In\u00edcio","item":"https:\/\/blogdoprosperi.com\/"},{"@type":"ListItem","position":2,"name":"Nem Jesus Quer Neymar, Santos Sim"}]},{"@type":"WebSite","@id":"https:\/\/blogdoprosperi.com\/#website","url":"https:\/\/blogdoprosperi.com\/","name":"PR\u00d3SPERI NEWS","description":"TUDO \u00c9  FUTEBOL","publisher":{"@id":"https:\/\/blogdoprosperi.com\/#\/schema\/person\/38100755ce3601861ee4fab9b5aa78e9"},"alternateName":"blogdoprosperi.com","potentialAction":[{"@type":"SearchAction","target":{"@type":"EntryPoint","urlTemplate":"https:\/\/blogdoprosperi.com\/?s={search_term_string}"},"query-input":{"@type":"PropertyValueSpecification","valueRequired":true,"valueName":"search_term_string"}}],"inLanguage":"pt-BR"},{"@type":["Person","Organization"],"@id":"https:\/\/blogdoprosperi.com\/#\/schema\/person\/38100755ce3601861ee4fab9b5aa78e9","name":"Luiz Ant\u00f4nio Pr\u00f3speri","pronouns":"ele","image":{"@type":"ImageObject","inLanguage":"pt-BR","@id":"https:\/\/i0.wp.com\/blogdoprosperi.com\/wp-content\/uploads\/2026\/05\/cropped-8059e613-6002-42fa-961e-8e275f575d71-2-5.jpg?fit=1360%2C931&ssl=1","url":"https:\/\/i0.wp.com\/blogdoprosperi.com\/wp-content\/uploads\/2026\/05\/cropped-8059e613-6002-42fa-961e-8e275f575d71-2-5.jpg?fit=1360%2C931&ssl=1","contentUrl":"https:\/\/i0.wp.com\/blogdoprosperi.com\/wp-content\/uploads\/2026\/05\/cropped-8059e613-6002-42fa-961e-8e275f575d71-2-5.jpg?fit=1360%2C931&ssl=1","width":1360,"height":931,"caption":"Luiz Ant\u00f4nio Pr\u00f3speri"},"logo":{"@id":"https:\/\/i0.wp.com\/blogdoprosperi.com\/wp-content\/uploads\/2026\/05\/cropped-8059e613-6002-42fa-961e-8e275f575d71-2-5.jpg?fit=1360%2C931&ssl=1"},"description":"Jornalista com carreira dedicada ao esporte. Cobriu 9 Copas do Mundo in loco, 1990 na It\u00e1lia, 1994 nos EUA, 1998 na Fran\u00e7a, 2002 na Coreia do Sul e Jap\u00e3o, 2006 na Alemanha, 2010 na \u00c1frica do Sul, 2014 no Brasil, 2018 na R\u00fassia e 2022 no Qatar. Eurocopas, 1992 na Su\u00e9cia e 1996 na Inglaterra. Copa das Confedera\u00e7\u00f5es de 2005 na Alemanha e 2009 na \u00c1frica do Sul. Rep\u00f3rter e Editor, trabalhou no Jornal da Tarde e Estad\u00e3o, de 1984 a fevereiro de 2016. Colunista, blogueiro. E comentarista de futebol na R\u00e1dio Estad\u00e3o, de 2013 a fevereiro de 2016. Jornalista respons\u00e1vel do \"Pr\u00f3speri News\" (blogdoprosperi.com).","sameAs":["http:\/\/blogdoprosperi.com","Luiz Pr\u00f3speri","@luiz_prosperi","https:\/\/x.com\/Luizprosperi","@prosperinacopa","luiz.prosperi@icloud.com"],"url":"https:\/\/blogdoprosperi.com\/?author=102107496"}]}},"jetpack_publicize_connections":[],"jetpack_likes_enabled":false,"jetpack_sharing_enabled":true,"jetpack_shortlink":"https:\/\/wp.me\/p7jvdk-cmq","jetpack-related-posts":[{"id":47609,"url":"https:\/\/blogdoprosperi.com\/?p=47609","url_meta":{"origin":47518,"position":0},"title":"Neymar Rescinde Contrato com Al Hilal e Desembarca no Santos Quarta-Feira","author":"Luiz Ant\u00f4nio Pr\u00f3speri","date":"27 de janeiro de 2025","format":false,"excerpt":"Luiz Ant\u00f4nio Pr\u00f3speri \u2013 27 janeiro (13h03) \u2013 Neymar \u00e9 do Santos. Acordo feito, clube santista aguardava rescis\u00e3o com Al Hilal para o an\u00fancio oficial da volta do craque ao seu ber\u00e7o. No in\u00edcio dessa noite segunda-feira (27\/1), clube \u00e1rabe comunica a sa\u00edda de Neymar. Por enquanto, n\u00e3o se tem\u2026","rel":"","context":"Em &quot;futebol&quot;","block_context":{"text":"futebol","link":"https:\/\/blogdoprosperi.com\/?cat=53870"},"img":{"alt_text":"","src":"https:\/\/i0.wp.com\/blogdoprosperi.com\/wp-content\/uploads\/2025\/01\/captura-de-tela-2025-01-27-as-20.17.54.png?fit=1148%2C1074&ssl=1&resize=350%2C200","width":350,"height":200,"srcset":"https:\/\/i0.wp.com\/blogdoprosperi.com\/wp-content\/uploads\/2025\/01\/captura-de-tela-2025-01-27-as-20.17.54.png?fit=1148%2C1074&ssl=1&resize=350%2C200 1x, https:\/\/i0.wp.com\/blogdoprosperi.com\/wp-content\/uploads\/2025\/01\/captura-de-tela-2025-01-27-as-20.17.54.png?fit=1148%2C1074&ssl=1&resize=525%2C300 1.5x, https:\/\/i0.wp.com\/blogdoprosperi.com\/wp-content\/uploads\/2025\/01\/captura-de-tela-2025-01-27-as-20.17.54.png?fit=1148%2C1074&ssl=1&resize=700%2C400 2x, https:\/\/i0.wp.com\/blogdoprosperi.com\/wp-content\/uploads\/2025\/01\/captura-de-tela-2025-01-27-as-20.17.54.png?fit=1148%2C1074&ssl=1&resize=1050%2C600 3x"},"classes":[]},{"id":41821,"url":"https:\/\/blogdoprosperi.com\/?p=41821","url_meta":{"origin":47518,"position":1},"title":"Neymar acabou antes de chegar ao fim de carreira, Dorival n\u00e3o concorda","author":"Luiz Ant\u00f4nio Pr\u00f3speri","date":"28 de fevereiro de 2024","format":false,"excerpt":"Ar\u00e1bia Saudita n\u00e3o ver\u00e1 um Neymar competitivo e sim um ilusionista, uma personagem das Mil e Uma Noites. Sele\u00e7\u00e3o Brasileira \u00e9 a \u00faltima esta\u00e7\u00e3o que Neymar tem para embarcar. Se \u00e9 que ele ainda pensa o futebol como um desafio e n\u00e3o como um conto das ar\u00e1bias.","rel":"","context":"Em &quot;futebol&quot;","block_context":{"text":"futebol","link":"https:\/\/blogdoprosperi.com\/?cat=53870"},"img":{"alt_text":"","src":"https:\/\/i0.wp.com\/blogdoprosperi.com\/wp-content\/uploads\/2023\/08\/neymar_junior_1200x675_19102023080007.jpg?fit=1200%2C675&ssl=1&resize=350%2C200","width":350,"height":200,"srcset":"https:\/\/i0.wp.com\/blogdoprosperi.com\/wp-content\/uploads\/2023\/08\/neymar_junior_1200x675_19102023080007.jpg?fit=1200%2C675&ssl=1&resize=350%2C200 1x, https:\/\/i0.wp.com\/blogdoprosperi.com\/wp-content\/uploads\/2023\/08\/neymar_junior_1200x675_19102023080007.jpg?fit=1200%2C675&ssl=1&resize=525%2C300 1.5x, https:\/\/i0.wp.com\/blogdoprosperi.com\/wp-content\/uploads\/2023\/08\/neymar_junior_1200x675_19102023080007.jpg?fit=1200%2C675&ssl=1&resize=700%2C400 2x, https:\/\/i0.wp.com\/blogdoprosperi.com\/wp-content\/uploads\/2023\/08\/neymar_junior_1200x675_19102023080007.jpg?fit=1200%2C675&ssl=1&resize=1050%2C600 3x"},"classes":[]},{"id":47364,"url":"https:\/\/blogdoprosperi.com\/?p=47364","url_meta":{"origin":47518,"position":2},"title":"O que fazer com Neymar? Messi Pode Responder","author":"Luiz Ant\u00f4nio Pr\u00f3speri","date":"8 de janeiro de 2025","format":false,"excerpt":"Luiz Ant\u00f4nio Pr\u00f3speri \u2013 8 janeiro (19h25) \u2013 Neymar tem apenas sete partidas disputadas no Al-Hilal da Ar\u00e1bia Saudita, desde agosto de 2023 quando desembarcou no \"deserto\" vendido por 90 milh\u00f5es de euros. Trocava PSG da Fran\u00e7a por um sal\u00e1rio de 100 milh\u00f5es de euros\/ano e a esperan\u00e7a de seguir\u2026","rel":"","context":"Em &quot;futebol&quot;","block_context":{"text":"futebol","link":"https:\/\/blogdoprosperi.com\/?cat=53870"},"img":{"alt_text":"Neymar, Messi e Su\u00e1rez no Inter Miami","src":"https:\/\/i0.wp.com\/blogdoprosperi.com\/wp-content\/uploads\/2025\/01\/msn.jpg?fit=750%2C485&ssl=1&resize=350%2C200","width":350,"height":200,"srcset":"https:\/\/i0.wp.com\/blogdoprosperi.com\/wp-content\/uploads\/2025\/01\/msn.jpg?fit=750%2C485&ssl=1&resize=350%2C200 1x, https:\/\/i0.wp.com\/blogdoprosperi.com\/wp-content\/uploads\/2025\/01\/msn.jpg?fit=750%2C485&ssl=1&resize=525%2C300 1.5x, https:\/\/i0.wp.com\/blogdoprosperi.com\/wp-content\/uploads\/2025\/01\/msn.jpg?fit=750%2C485&ssl=1&resize=700%2C400 2x"},"classes":[]},{"id":49330,"url":"https:\/\/blogdoprosperi.com\/?p=49330","url_meta":{"origin":47518,"position":3},"title":"Dorival J\u00fanior Demitido | Sem Atropelos, CBF Corre Atr\u00e1s de Novo Treinador","author":"Luiz Ant\u00f4nio Pr\u00f3speri","date":"28 de mar\u00e7o de 2025","format":false,"excerpt":"Luiz Ant\u00f4nio Pr\u00f3speri \u2013 28 mar\u00e7o (19h05) \u2013 Sele\u00e7\u00e3o Brasileira est\u00e1 sem treinador desde \u00e0s 18h desta sexta-feira (28\/3) quando a CBF anuncia de forma oficial a demiss\u00e3o de Dorival J\u00fanior. Presidente Ednaldo Rodrigues adianta que s\u00f3 agora, com o cargo vago, vai em busca de um novo t\u00e9cnico. Analistas\u2026","rel":"","context":"Em &quot;informa\u00e7\u00e3o&quot;","block_context":{"text":"informa\u00e7\u00e3o","link":"https:\/\/blogdoprosperi.com\/?cat=20384"},"img":{"alt_text":"Jesus e Filipe, juntos na Sele\u00e7\u00e3o ?","src":"https:\/\/i0.wp.com\/blogdoprosperi.com\/wp-content\/uploads\/2025\/03\/captura-de-tela-2025-03-28-as-18.57.54.png?fit=1200%2C642&ssl=1&resize=350%2C200","width":350,"height":200,"srcset":"https:\/\/i0.wp.com\/blogdoprosperi.com\/wp-content\/uploads\/2025\/03\/captura-de-tela-2025-03-28-as-18.57.54.png?fit=1200%2C642&ssl=1&resize=350%2C200 1x, https:\/\/i0.wp.com\/blogdoprosperi.com\/wp-content\/uploads\/2025\/03\/captura-de-tela-2025-03-28-as-18.57.54.png?fit=1200%2C642&ssl=1&resize=525%2C300 1.5x, https:\/\/i0.wp.com\/blogdoprosperi.com\/wp-content\/uploads\/2025\/03\/captura-de-tela-2025-03-28-as-18.57.54.png?fit=1200%2C642&ssl=1&resize=700%2C400 2x, https:\/\/i0.wp.com\/blogdoprosperi.com\/wp-content\/uploads\/2025\/03\/captura-de-tela-2025-03-28-as-18.57.54.png?fit=1200%2C642&ssl=1&resize=1050%2C600 3x"},"classes":[]},{"id":43351,"url":"https:\/\/blogdoprosperi.com\/?p=43351","url_meta":{"origin":47518,"position":4},"title":"Flamengo dispensa Gabigol e prepara bomba a detonar em 2025","author":"Luiz Ant\u00f4nio Pr\u00f3speri","date":"30 de junho de 2024","format":false,"excerpt":"Gabigol est\u00e1 fora do Flamengo e procura um time para jogar no segundo semestre. Palmeiras \u00e9 o mais forte candidato a levar o atacante. Por que o Flamengo n\u00e3o quer mais Gabigol? Respostas n\u00e3o faltam. Vem bomba a\u00ed at\u00e9 o fim do ano quando clube carioca ter\u00e1 novo presidente nas\u2026","rel":"","context":"Em &quot;futebol&quot;","block_context":{"text":"futebol","link":"https:\/\/blogdoprosperi.com\/?cat=53870"},"img":{"alt_text":"Sai Gabigol, chega Neymar no Flamengo","src":"https:\/\/i0.wp.com\/blogdoprosperi.com\/wp-content\/uploads\/2024\/06\/727790049-51224103234067b524ca4c.webp?fit=774%2C516&ssl=1&resize=350%2C200","width":350,"height":200,"srcset":"https:\/\/i0.wp.com\/blogdoprosperi.com\/wp-content\/uploads\/2024\/06\/727790049-51224103234067b524ca4c.webp?fit=774%2C516&ssl=1&resize=350%2C200 1x, https:\/\/i0.wp.com\/blogdoprosperi.com\/wp-content\/uploads\/2024\/06\/727790049-51224103234067b524ca4c.webp?fit=774%2C516&ssl=1&resize=525%2C300 1.5x, https:\/\/i0.wp.com\/blogdoprosperi.com\/wp-content\/uploads\/2024\/06\/727790049-51224103234067b524ca4c.webp?fit=774%2C516&ssl=1&resize=700%2C400 2x"},"classes":[]},{"id":46242,"url":"https:\/\/blogdoprosperi.com\/?p=46242","url_meta":{"origin":47518,"position":5},"title":"Neymar | Clube Saudita Projeta Sa\u00edda do Craque em Janeiro 2025 e Santos Aguarda Sua Cria","author":"Luiz Ant\u00f4nio Pr\u00f3speri","date":"6 de novembro de 2024","format":false,"excerpt":"Luiz Ant\u00f4nio Pr\u00f3speri \u2013 6 novembro (15h28) \u2013 Neymar n\u00e3o joga mais nessa temporada do futebol saudita. Ali\u00e1s, desde outubro de 2023, n\u00e3o atua de forma regular no Al-Hilal. Fora dos campos ap\u00f3s um ano se recuperando de grave cirurgia no joelho, Neymar esperava voltar bem em novembro 2024 na\u2026","rel":"","context":"Em &quot;futebol&quot;","block_context":{"text":"futebol","link":"https:\/\/blogdoprosperi.com\/?cat=53870"},"img":{"alt_text":"Neymar de sa\u00edda do futebol saudita","src":"https:\/\/i0.wp.com\/blogdoprosperi.com\/wp-content\/uploads\/2024\/11\/captura-de-tela-2024-11-06-as-12.52.24.png?fit=1200%2C816&ssl=1&resize=350%2C200","width":350,"height":200,"srcset":"https:\/\/i0.wp.com\/blogdoprosperi.com\/wp-content\/uploads\/2024\/11\/captura-de-tela-2024-11-06-as-12.52.24.png?fit=1200%2C816&ssl=1&resize=350%2C200 1x, https:\/\/i0.wp.com\/blogdoprosperi.com\/wp-content\/uploads\/2024\/11\/captura-de-tela-2024-11-06-as-12.52.24.png?fit=1200%2C816&ssl=1&resize=525%2C300 1.5x, https:\/\/i0.wp.com\/blogdoprosperi.com\/wp-content\/uploads\/2024\/11\/captura-de-tela-2024-11-06-as-12.52.24.png?fit=1200%2C816&ssl=1&resize=700%2C400 2x, https:\/\/i0.wp.com\/blogdoprosperi.com\/wp-content\/uploads\/2024\/11\/captura-de-tela-2024-11-06-as-12.52.24.png?fit=1200%2C816&ssl=1&resize=1050%2C600 3x"},"classes":[]}],"jetpack_featured_media_url":"https:\/\/i0.wp.com\/blogdoprosperi.com\/wp-content\/uploads\/2023\/08\/fywhikqxsaiayz0.jpg?fit=720%2C720&ssl=1","_links":{"self":[{"href":"https:\/\/blogdoprosperi.com\/index.php?rest_route=\/wp\/v2\/posts\/47518","targetHints":{"allow":["GET"]}}],"collection":[{"href":"https:\/\/blogdoprosperi.com\/index.php?rest_route=\/wp\/v2\/posts"}],"about":[{"href":"https:\/\/blogdoprosperi.com\/index.php?rest_route=\/wp\/v2\/types\/post"}],"author":[{"embeddable":true,"href":"https:\/\/blogdoprosperi.com\/index.php?rest_route=\/wp\/v2\/users\/102107496"}],"replies":[{"embeddable":true,"href":"https:\/\/blogdoprosperi.com\/index.php?rest_route=%2Fwp%2Fv2%2Fcomments&post=47518"}],"version-history":[{"count":5,"href":"https:\/\/blogdoprosperi.com\/index.php?rest_route=\/wp\/v2\/posts\/47518\/revisions"}],"predecessor-version":[{"id":47529,"href":"https:\/\/blogdoprosperi.com\/index.php?rest_route=\/wp\/v2\/posts\/47518\/revisions\/47529"}],"wp:featuredmedia":[{"embeddable":true,"href":"https:\/\/blogdoprosperi.com\/index.php?rest_route=\/wp\/v2\/media\/41831"}],"wp:attachment":[{"href":"https:\/\/blogdoprosperi.com\/index.php?rest_route=%2Fwp%2Fv2%2Fmedia&parent=47518"}],"wp:term":[{"taxonomy":"category","embeddable":true,"href":"https:\/\/blogdoprosperi.com\/index.php?rest_route=%2Fwp%2Fv2%2Fcategories&post=47518"},{"taxonomy":"post_tag","embeddable":true,"href":"https:\/\/blogdoprosperi.com\/index.php?rest_route=%2Fwp%2Fv2%2Ftags&post=47518"}],"curies":[{"name":"wp","href":"https:\/\/api.w.org\/{rel}","templated":true}]}}