{"id":47565,"date":"2025-01-21T09:48:54","date_gmt":"2025-01-21T12:48:54","guid":{"rendered":"https:\/\/blogdoprosperi.com\/?p=47565"},"modified":"2025-01-21T11:38:21","modified_gmt":"2025-01-21T14:38:21","slug":"posse-de-trump-fifa-se-rende-ao-presidente-dos-estados-unidos","status":"publish","type":"post","link":"https:\/\/blogdoprosperi.com\/?p=47565","title":{"rendered":"Posse de Trump | Fifa Se Rende ao Presidente dos Estados Unidos"},"content":{"rendered":"<p><em>Luiz Ant\u00f4nio Pr\u00f3speri \u2013 21 janeiro (9h35) \u2013<\/em><\/p>\n<p>Futebol e pol\u00edtica se completam. Ainda mais quando se tem no comando da Fifa dirigentes preocupados com a grana e pouco ligados \u00e0s quest\u00f5es internas de pa\u00edses escolhidos sede de grandes eventos. Veja o caso dos Estados Unidos, anfitri\u00f5es do Mundial de Clubes 2025 e Copa do Mundo 2026, torneios em territ\u00f3rio americano, agora sob tutela de Donald Trump.<\/p>\n<p>No seu discurso na cerim\u00f4nia de posse, segunda-feira (20\/1), Trump refor\u00e7a sua pol\u00edtica contra imigrantes e diz que vai promover uma devassa nos que vivem ilegais e, em muitos casos, nos legais nos EUA.<\/p>\n<p>Copa de 2026 ter\u00e1 tamb\u00e9m Canad\u00e1 e M\u00e9xico como pa\u00edses-sede ao lado dos Estados Unidos. Pela primeira vez na hist\u00f3ria de quase cem anos da Copa teremos 48 sele\u00e7\u00f5es, ou seja, 48 na\u00e7\u00f5es de todos os continentes do mundo.<\/p>\n<p>Trump quer anexar o Canad\u00e1 e declara guerra aos imigrantes mexicanos.<\/p>\n<p>Como se sabe desde que a Copa do Mundo foi inventada, a circula\u00e7\u00e3o de torcedores do mundo todo toma conta das cidades do evento. Trump vai facilitar o visto de entrada desses turistas-torcedores nos EUA?<\/p>\n<p>Gianni Infantino, presidente da Fifa, garante que sim. N\u00e3o por acaso, se re\u00fane com Trump dois dias antes da posse e, surpresa nenhuma, assiste como um dos convidados de honra \u00e0 cerim\u00f4nia no Capit\u00f3lio.<\/p>\n<p>Infantino vai \u00e0s redes sociais e tasca elogios a Trump. Confira:<\/p>\n<p>&#8220;Tive a honra de assistir \u00e0 cerim\u00f4nia de posse do 47.\u00ba Presidente dos Estados Unidos, Donald J. Trump, em Washington DC.<\/p>\n<p>&#8220;Donald Trump e eu compartilhamos uma grande amizade, e o seu apoio consistente \u00e0 FIFA, bem como ao nosso belo jogo, \u00e9 a certeza suficiente de que as duas competi\u00e7\u00f5es da FIFA (<em>Mundial de Clubes e Copa do Mundo<\/em>) a serem disputadas nos Estados Unidos durante os pr\u00f3ximos dois ver\u00f5es (<em>2025 e 2026<\/em>) ser\u00e3o celebra\u00e7\u00f5es especiais.<\/p>\n<blockquote><p>&#8220;Estou ansioso para que os EUA, sob a lideran\u00e7a do Presidente Trump, d\u00eaem as boas-vindas e unam o mundo \u2013 tal como o futebol une o mundo.&#8221;<\/p>\n<\/blockquote>\n<p>Infantino j\u00e1 adulou Vladmir Putin na Copa do Mundo 2018, o emir do Qatar Tamim bin Hamad na Copa 2022 e j\u00e1 se acertou com o pr\u00edncipe herdeiro e primeiro-ministro da Ar\u00e1bia Saudita, Mohammed bin Salman Al Saud a <span><strong><a style=\"color: #0000ff\" href=\"https:\/\/blogdoprosperi.com\/2024\/12\/12\/copa-do-mundo-2034-arabia-saudita-tudo-o-que-voce-precisa-saber\/\">realiza\u00e7\u00e3o da Copa de 2034<\/a><\/strong><\/span>. Todos governos autocr\u00e1ticos.<\/p>\n<p>Presidente da Fifa ainda fez um agrado \u00e0 Am\u00e9rica do Sul. Concede ao Uruguai, sede da primeira Copa em 1930, Argentina e Paraguai, pa\u00eds do presidente da Conmebol, um jogo cada um da Copa do Mundo de 2030. Um presentinho ao continente que abrigou a primeira Copa e vai celebrar cem anos do evento. Maioria dos jogos em 2030 ser\u00e1 na Espanha, Portugal e Marrocos.<\/p>\n<p>Com uma tacada, Infantino ado\u00e7a a boca da Am\u00e9rica do Sul, Europa e \u00c1frica.<\/p>\n<p>A Fifa nunca brinca quando seus interesses, diria grana, est\u00e3o em jogo. Abra\u00e7a todos tipos de governos, de ditaduras \u00e0 autocracias, e at\u00e9 democracias.<\/p>\n","protected":false},"excerpt":{"rendered":"<p>Luiz Ant\u00f4nio Pr\u00f3speri \u2013 21 janeiro (9h35) \u2013 Futebol e pol\u00edtica se completam. Ainda mais quando se tem [&hellip;]<\/p>\n","protected":false},"author":102107496,"featured_media":47571,"comment_status":"open","ping_status":"open","sticky":false,"template":"","format":"standard","meta":{"_coblocks_attr":"","_coblocks_dimensions":"","_coblocks_responsive_height":"","_coblocks_accordion_ie_support":"","_jetpack_newsletter_access":"","_jetpack_dont_email_post_to_subs":false,"_jetpack_newsletter_tier_id":0,"_jetpack_memberships_contains_paywalled_content":false,"_wpcom_ai_launchpad_first_post":false,"_jetpack_feature_clip_id":0,"_jetpack_memberships_contains_paid_content":false,"footnotes":"","jetpack_publicize_message":"","jetpack_publicize_feature_enabled":true,"jetpack_social_post_already_shared":false,"jetpack_social_options":{"image_generator_settings":{"template":"highway","default_image_id":0,"font":"","enabled":false},"version":2},"jetpack_post_was_ever_published":false},"categories":[187969,53870,3919],"tags":[789560577,78703360,189091,789560563,789560560,5809963,881794,789560573,789560583,555435232],"class_list":["post-47565","post","type-post","status-publish","format-standard","has-post-thumbnail","hentry","category-fifa","category-futebol","category-opiniao","tag-copa-do-mundo-2026","tag-copa-do-mundo-2030","tag-donald-trump","tag-fifa","tag-futebol","tag-imigrantes-ilegais","tag-infantino","tag-luiz-antonio-prosperi","tag-mundial-de-clubes-2025","tag-posse-de-trump"],"yoast_head":"<!-- This site is optimized with the Yoast SEO plugin v28.3 - https:\/\/yoast.com\/product\/yoast-seo-wordpress\/ -->\n<title>Posse de Trump | Fifa Se Rende ao Presidente dos Estados Unidos - PR\u00d3SPERI NEWS<\/title>\n<meta name=\"robots\" content=\"index, follow, max-snippet:-1, max-image-preview:large, max-video-preview:-1\" \/>\n<link rel=\"canonical\" href=\"https:\/\/blogdoprosperi.com\/?p=47565\" \/>\n<meta property=\"og:locale\" content=\"pt_BR\" \/>\n<meta property=\"og:type\" content=\"article\" \/>\n<meta property=\"og:title\" content=\"Posse de Trump | Fifa Se Rende ao Presidente dos Estados Unidos - PR\u00d3SPERI NEWS\" \/>\n<meta property=\"og:description\" content=\"Luiz Ant\u00f4nio Pr\u00f3speri \u2013 21 janeiro (9h35) \u2013 Futebol e pol\u00edtica se completam. Ainda mais quando se tem [&hellip;]\" \/>\n<meta property=\"og:url\" content=\"https:\/\/blogdoprosperi.com\/?p=47565\" \/>\n<meta property=\"og:site_name\" content=\"PR\u00d3SPERI NEWS\" \/>\n<meta property=\"article:publisher\" content=\"Luiz Pr\u00f3speri\" \/>\n<meta property=\"article:author\" content=\"Luiz Pr\u00f3speri\" \/>\n<meta property=\"article:published_time\" content=\"2025-01-21T12:48:54+00:00\" \/>\n<meta property=\"article:modified_time\" content=\"2025-01-21T14:38:21+00:00\" \/>\n<meta property=\"og:image\" content=\"https:\/\/i0.wp.com\/blogdoprosperi.com\/wp-content\/uploads\/2025\/01\/captura-de-tela-2025-01-21-as-08.38.37.jpg?fit=1414%2C716&ssl=1\" \/>\n\t<meta property=\"og:image:width\" content=\"1414\" \/>\n\t<meta property=\"og:image:height\" content=\"716\" \/>\n\t<meta property=\"og:image:type\" content=\"image\/jpeg\" \/>\n<meta name=\"author\" content=\"Luiz Ant\u00f4nio Pr\u00f3speri\" \/>\n<meta name=\"twitter:card\" content=\"summary_large_image\" \/>\n<meta name=\"twitter:creator\" content=\"@Luizprosperi\" \/>\n<meta name=\"twitter:site\" content=\"@Luizprosperi\" \/>\n<meta name=\"twitter:label1\" content=\"Escrito por\" \/>\n\t<meta name=\"twitter:data1\" content=\"Luiz Ant\u00f4nio Pr\u00f3speri\" \/>\n\t<meta name=\"twitter:label2\" content=\"Est. tempo de leitura\" \/>\n\t<meta name=\"twitter:data2\" content=\"2 minutos\" \/>\n<script type=\"application\/ld+json\" class=\"yoast-schema-graph\">{\"@context\":\"https:\\\/\\\/schema.org\",\"@graph\":[{\"@type\":\"Article\",\"@id\":\"https:\\\/\\\/blogdoprosperi.com\\\/?p=47565#article\",\"isPartOf\":{\"@id\":\"https:\\\/\\\/blogdoprosperi.com\\\/?p=47565\"},\"author\":{\"name\":\"Luiz Ant\u00f4nio Pr\u00f3speri\",\"@id\":\"https:\\\/\\\/blogdoprosperi.com\\\/#\\\/schema\\\/person\\\/38100755ce3601861ee4fab9b5aa78e9\"},\"headline\":\"Posse de Trump | Fifa Se Rende ao Presidente dos Estados Unidos\",\"datePublished\":\"2025-01-21T12:48:54+00:00\",\"dateModified\":\"2025-01-21T14:38:21+00:00\",\"mainEntityOfPage\":{\"@id\":\"https:\\\/\\\/blogdoprosperi.com\\\/?p=47565\"},\"wordCount\":510,\"commentCount\":2,\"publisher\":{\"@id\":\"https:\\\/\\\/blogdoprosperi.com\\\/#\\\/schema\\\/person\\\/38100755ce3601861ee4fab9b5aa78e9\"},\"image\":{\"@id\":\"https:\\\/\\\/blogdoprosperi.com\\\/?p=47565#primaryimage\"},\"thumbnailUrl\":\"https:\\\/\\\/i0.wp.com\\\/blogdoprosperi.com\\\/wp-content\\\/uploads\\\/2025\\\/01\\\/captura-de-tela-2025-01-21-as-08.38.37.jpg?fit=1414%2C716&ssl=1\",\"keywords\":[\"copa do mundo 2026\",\"copa do mundo 2030\",\"donald trump\",\"Fifa\",\"futebol\",\"imigrantes ilegais\",\"Infantino\",\"Luiz Ant\u00f4nio Pr\u00f3speri\",\"mundial de clubes 2025\",\"posse de trump\"],\"articleSection\":[\"Fifa\",\"futebol\",\"opini\u00e3o\"],\"inLanguage\":\"pt-BR\",\"potentialAction\":[{\"@type\":\"CommentAction\",\"name\":\"Comment\",\"target\":[\"https:\\\/\\\/blogdoprosperi.com\\\/?p=47565#respond\"]}]},{\"@type\":\"WebPage\",\"@id\":\"https:\\\/\\\/blogdoprosperi.com\\\/?p=47565\",\"url\":\"https:\\\/\\\/blogdoprosperi.com\\\/?p=47565\",\"name\":\"Posse de Trump | Fifa Se Rende ao Presidente dos Estados Unidos - PR\u00d3SPERI NEWS\",\"isPartOf\":{\"@id\":\"https:\\\/\\\/blogdoprosperi.com\\\/#website\"},\"primaryImageOfPage\":{\"@id\":\"https:\\\/\\\/blogdoprosperi.com\\\/?p=47565#primaryimage\"},\"image\":{\"@id\":\"https:\\\/\\\/blogdoprosperi.com\\\/?p=47565#primaryimage\"},\"thumbnailUrl\":\"https:\\\/\\\/i0.wp.com\\\/blogdoprosperi.com\\\/wp-content\\\/uploads\\\/2025\\\/01\\\/captura-de-tela-2025-01-21-as-08.38.37.jpg?fit=1414%2C716&ssl=1\",\"datePublished\":\"2025-01-21T12:48:54+00:00\",\"dateModified\":\"2025-01-21T14:38:21+00:00\",\"breadcrumb\":{\"@id\":\"https:\\\/\\\/blogdoprosperi.com\\\/?p=47565#breadcrumb\"},\"inLanguage\":\"pt-BR\",\"potentialAction\":[{\"@type\":\"ReadAction\",\"target\":[\"https:\\\/\\\/blogdoprosperi.com\\\/?p=47565\"]}]},{\"@type\":\"ImageObject\",\"inLanguage\":\"pt-BR\",\"@id\":\"https:\\\/\\\/blogdoprosperi.com\\\/?p=47565#primaryimage\",\"url\":\"https:\\\/\\\/i0.wp.com\\\/blogdoprosperi.com\\\/wp-content\\\/uploads\\\/2025\\\/01\\\/captura-de-tela-2025-01-21-as-08.38.37.jpg?fit=1414%2C716&ssl=1\",\"contentUrl\":\"https:\\\/\\\/i0.wp.com\\\/blogdoprosperi.com\\\/wp-content\\\/uploads\\\/2025\\\/01\\\/captura-de-tela-2025-01-21-as-08.38.37.jpg?fit=1414%2C716&ssl=1\",\"width\":1414,\"height\":716,\"caption\":\"Infantino (calvo), presidente da Fifa, no alto da foto \u00e0 direita \u2013 foto; Instagram\"},{\"@type\":\"BreadcrumbList\",\"@id\":\"https:\\\/\\\/blogdoprosperi.com\\\/?p=47565#breadcrumb\",\"itemListElement\":[{\"@type\":\"ListItem\",\"position\":1,\"name\":\"In\u00edcio\",\"item\":\"https:\\\/\\\/blogdoprosperi.com\\\/\"},{\"@type\":\"ListItem\",\"position\":2,\"name\":\"Posse de Trump | Fifa Se Rende ao Presidente dos Estados Unidos\"}]},{\"@type\":\"WebSite\",\"@id\":\"https:\\\/\\\/blogdoprosperi.com\\\/#website\",\"url\":\"https:\\\/\\\/blogdoprosperi.com\\\/\",\"name\":\"PR\u00d3SPERI NEWS\",\"description\":\"TUDO \u00c9  FUTEBOL\",\"publisher\":{\"@id\":\"https:\\\/\\\/blogdoprosperi.com\\\/#\\\/schema\\\/person\\\/38100755ce3601861ee4fab9b5aa78e9\"},\"alternateName\":\"blogdoprosperi.com\",\"potentialAction\":[{\"@type\":\"SearchAction\",\"target\":{\"@type\":\"EntryPoint\",\"urlTemplate\":\"https:\\\/\\\/blogdoprosperi.com\\\/?s={search_term_string}\"},\"query-input\":{\"@type\":\"PropertyValueSpecification\",\"valueRequired\":true,\"valueName\":\"search_term_string\"}}],\"inLanguage\":\"pt-BR\"},{\"@type\":[\"Person\",\"Organization\"],\"@id\":\"https:\\\/\\\/blogdoprosperi.com\\\/#\\\/schema\\\/person\\\/38100755ce3601861ee4fab9b5aa78e9\",\"name\":\"Luiz Ant\u00f4nio Pr\u00f3speri\",\"pronouns\":\"ele\",\"image\":{\"@type\":\"ImageObject\",\"inLanguage\":\"pt-BR\",\"@id\":\"https:\\\/\\\/i0.wp.com\\\/blogdoprosperi.com\\\/wp-content\\\/uploads\\\/2026\\\/05\\\/cropped-8059e613-6002-42fa-961e-8e275f575d71-2-5.jpg?fit=1360%2C931&ssl=1\",\"url\":\"https:\\\/\\\/i0.wp.com\\\/blogdoprosperi.com\\\/wp-content\\\/uploads\\\/2026\\\/05\\\/cropped-8059e613-6002-42fa-961e-8e275f575d71-2-5.jpg?fit=1360%2C931&ssl=1\",\"contentUrl\":\"https:\\\/\\\/i0.wp.com\\\/blogdoprosperi.com\\\/wp-content\\\/uploads\\\/2026\\\/05\\\/cropped-8059e613-6002-42fa-961e-8e275f575d71-2-5.jpg?fit=1360%2C931&ssl=1\",\"width\":1360,\"height\":931,\"caption\":\"Luiz Ant\u00f4nio Pr\u00f3speri\"},\"logo\":{\"@id\":\"https:\\\/\\\/i0.wp.com\\\/blogdoprosperi.com\\\/wp-content\\\/uploads\\\/2026\\\/05\\\/cropped-8059e613-6002-42fa-961e-8e275f575d71-2-5.jpg?fit=1360%2C931&ssl=1\"},\"description\":\"Jornalista com carreira dedicada ao esporte. Cobriu 9 Copas do Mundo in loco, 1990 na It\u00e1lia, 1994 nos EUA, 1998 na Fran\u00e7a, 2002 na Coreia do Sul e Jap\u00e3o, 2006 na Alemanha, 2010 na \u00c1frica do Sul, 2014 no Brasil, 2018 na R\u00fassia e 2022 no Qatar. Eurocopas, 1992 na Su\u00e9cia e 1996 na Inglaterra. Copa das Confedera\u00e7\u00f5es de 2005 na Alemanha e 2009 na \u00c1frica do Sul. Rep\u00f3rter e Editor, trabalhou no Jornal da Tarde e Estad\u00e3o, de 1984 a fevereiro de 2016. Colunista, blogueiro. E comentarista de futebol na R\u00e1dio Estad\u00e3o, de 2013 a fevereiro de 2016. Jornalista respons\u00e1vel do \\\"Pr\u00f3speri News\\\" (blogdoprosperi.com).\",\"sameAs\":[\"http:\\\/\\\/blogdoprosperi.com\",\"Luiz Pr\u00f3speri\",\"@luiz_prosperi\",\"https:\\\/\\\/x.com\\\/Luizprosperi\",\"@prosperinacopa\",\"luiz.prosperi@icloud.com\"],\"url\":\"https:\\\/\\\/blogdoprosperi.com\\\/?author=102107496\"}]}<\/script>\n<!-- \/ Yoast SEO plugin. -->","yoast_head_json":{"title":"Posse de Trump | Fifa Se Rende ao Presidente dos Estados Unidos - PR\u00d3SPERI NEWS","robots":{"index":"index","follow":"follow","max-snippet":"max-snippet:-1","max-image-preview":"max-image-preview:large","max-video-preview":"max-video-preview:-1"},"canonical":"https:\/\/blogdoprosperi.com\/?p=47565","og_locale":"pt_BR","og_type":"article","og_title":"Posse de Trump | Fifa Se Rende ao Presidente dos Estados Unidos - PR\u00d3SPERI NEWS","og_description":"Luiz Ant\u00f4nio Pr\u00f3speri \u2013 21 janeiro (9h35) \u2013 Futebol e pol\u00edtica se completam. Ainda mais quando se tem [&hellip;]","og_url":"https:\/\/blogdoprosperi.com\/?p=47565","og_site_name":"PR\u00d3SPERI NEWS","article_publisher":"Luiz Pr\u00f3speri","article_author":"Luiz Pr\u00f3speri","article_published_time":"2025-01-21T12:48:54+00:00","article_modified_time":"2025-01-21T14:38:21+00:00","og_image":[{"width":1414,"height":716,"url":"https:\/\/i0.wp.com\/blogdoprosperi.com\/wp-content\/uploads\/2025\/01\/captura-de-tela-2025-01-21-as-08.38.37.jpg?fit=1414%2C716&ssl=1","type":"image\/jpeg"}],"author":"Luiz Ant\u00f4nio Pr\u00f3speri","twitter_card":"summary_large_image","twitter_creator":"@Luizprosperi","twitter_site":"@Luizprosperi","twitter_misc":{"Escrito por":"Luiz Ant\u00f4nio Pr\u00f3speri","Est. tempo de leitura":"2 minutos"},"schema":{"@context":"https:\/\/schema.org","@graph":[{"@type":"Article","@id":"https:\/\/blogdoprosperi.com\/?p=47565#article","isPartOf":{"@id":"https:\/\/blogdoprosperi.com\/?p=47565"},"author":{"name":"Luiz Ant\u00f4nio Pr\u00f3speri","@id":"https:\/\/blogdoprosperi.com\/#\/schema\/person\/38100755ce3601861ee4fab9b5aa78e9"},"headline":"Posse de Trump | Fifa Se Rende ao Presidente dos Estados Unidos","datePublished":"2025-01-21T12:48:54+00:00","dateModified":"2025-01-21T14:38:21+00:00","mainEntityOfPage":{"@id":"https:\/\/blogdoprosperi.com\/?p=47565"},"wordCount":510,"commentCount":2,"publisher":{"@id":"https:\/\/blogdoprosperi.com\/#\/schema\/person\/38100755ce3601861ee4fab9b5aa78e9"},"image":{"@id":"https:\/\/blogdoprosperi.com\/?p=47565#primaryimage"},"thumbnailUrl":"https:\/\/i0.wp.com\/blogdoprosperi.com\/wp-content\/uploads\/2025\/01\/captura-de-tela-2025-01-21-as-08.38.37.jpg?fit=1414%2C716&ssl=1","keywords":["copa do mundo 2026","copa do mundo 2030","donald trump","Fifa","futebol","imigrantes ilegais","Infantino","Luiz Ant\u00f4nio Pr\u00f3speri","mundial de clubes 2025","posse de trump"],"articleSection":["Fifa","futebol","opini\u00e3o"],"inLanguage":"pt-BR","potentialAction":[{"@type":"CommentAction","name":"Comment","target":["https:\/\/blogdoprosperi.com\/?p=47565#respond"]}]},{"@type":"WebPage","@id":"https:\/\/blogdoprosperi.com\/?p=47565","url":"https:\/\/blogdoprosperi.com\/?p=47565","name":"Posse de Trump | Fifa Se Rende ao Presidente dos Estados Unidos - PR\u00d3SPERI NEWS","isPartOf":{"@id":"https:\/\/blogdoprosperi.com\/#website"},"primaryImageOfPage":{"@id":"https:\/\/blogdoprosperi.com\/?p=47565#primaryimage"},"image":{"@id":"https:\/\/blogdoprosperi.com\/?p=47565#primaryimage"},"thumbnailUrl":"https:\/\/i0.wp.com\/blogdoprosperi.com\/wp-content\/uploads\/2025\/01\/captura-de-tela-2025-01-21-as-08.38.37.jpg?fit=1414%2C716&ssl=1","datePublished":"2025-01-21T12:48:54+00:00","dateModified":"2025-01-21T14:38:21+00:00","breadcrumb":{"@id":"https:\/\/blogdoprosperi.com\/?p=47565#breadcrumb"},"inLanguage":"pt-BR","potentialAction":[{"@type":"ReadAction","target":["https:\/\/blogdoprosperi.com\/?p=47565"]}]},{"@type":"ImageObject","inLanguage":"pt-BR","@id":"https:\/\/blogdoprosperi.com\/?p=47565#primaryimage","url":"https:\/\/i0.wp.com\/blogdoprosperi.com\/wp-content\/uploads\/2025\/01\/captura-de-tela-2025-01-21-as-08.38.37.jpg?fit=1414%2C716&ssl=1","contentUrl":"https:\/\/i0.wp.com\/blogdoprosperi.com\/wp-content\/uploads\/2025\/01\/captura-de-tela-2025-01-21-as-08.38.37.jpg?fit=1414%2C716&ssl=1","width":1414,"height":716,"caption":"Infantino (calvo), presidente da Fifa, no alto da foto \u00e0 direita \u2013 foto; Instagram"},{"@type":"BreadcrumbList","@id":"https:\/\/blogdoprosperi.com\/?p=47565#breadcrumb","itemListElement":[{"@type":"ListItem","position":1,"name":"In\u00edcio","item":"https:\/\/blogdoprosperi.com\/"},{"@type":"ListItem","position":2,"name":"Posse de Trump | Fifa Se Rende ao Presidente dos Estados Unidos"}]},{"@type":"WebSite","@id":"https:\/\/blogdoprosperi.com\/#website","url":"https:\/\/blogdoprosperi.com\/","name":"PR\u00d3SPERI NEWS","description":"TUDO \u00c9  FUTEBOL","publisher":{"@id":"https:\/\/blogdoprosperi.com\/#\/schema\/person\/38100755ce3601861ee4fab9b5aa78e9"},"alternateName":"blogdoprosperi.com","potentialAction":[{"@type":"SearchAction","target":{"@type":"EntryPoint","urlTemplate":"https:\/\/blogdoprosperi.com\/?s={search_term_string}"},"query-input":{"@type":"PropertyValueSpecification","valueRequired":true,"valueName":"search_term_string"}}],"inLanguage":"pt-BR"},{"@type":["Person","Organization"],"@id":"https:\/\/blogdoprosperi.com\/#\/schema\/person\/38100755ce3601861ee4fab9b5aa78e9","name":"Luiz Ant\u00f4nio Pr\u00f3speri","pronouns":"ele","image":{"@type":"ImageObject","inLanguage":"pt-BR","@id":"https:\/\/i0.wp.com\/blogdoprosperi.com\/wp-content\/uploads\/2026\/05\/cropped-8059e613-6002-42fa-961e-8e275f575d71-2-5.jpg?fit=1360%2C931&ssl=1","url":"https:\/\/i0.wp.com\/blogdoprosperi.com\/wp-content\/uploads\/2026\/05\/cropped-8059e613-6002-42fa-961e-8e275f575d71-2-5.jpg?fit=1360%2C931&ssl=1","contentUrl":"https:\/\/i0.wp.com\/blogdoprosperi.com\/wp-content\/uploads\/2026\/05\/cropped-8059e613-6002-42fa-961e-8e275f575d71-2-5.jpg?fit=1360%2C931&ssl=1","width":1360,"height":931,"caption":"Luiz Ant\u00f4nio Pr\u00f3speri"},"logo":{"@id":"https:\/\/i0.wp.com\/blogdoprosperi.com\/wp-content\/uploads\/2026\/05\/cropped-8059e613-6002-42fa-961e-8e275f575d71-2-5.jpg?fit=1360%2C931&ssl=1"},"description":"Jornalista com carreira dedicada ao esporte. Cobriu 9 Copas do Mundo in loco, 1990 na It\u00e1lia, 1994 nos EUA, 1998 na Fran\u00e7a, 2002 na Coreia do Sul e Jap\u00e3o, 2006 na Alemanha, 2010 na \u00c1frica do Sul, 2014 no Brasil, 2018 na R\u00fassia e 2022 no Qatar. Eurocopas, 1992 na Su\u00e9cia e 1996 na Inglaterra. Copa das Confedera\u00e7\u00f5es de 2005 na Alemanha e 2009 na \u00c1frica do Sul. Rep\u00f3rter e Editor, trabalhou no Jornal da Tarde e Estad\u00e3o, de 1984 a fevereiro de 2016. Colunista, blogueiro. E comentarista de futebol na R\u00e1dio Estad\u00e3o, de 2013 a fevereiro de 2016. Jornalista respons\u00e1vel do \"Pr\u00f3speri News\" (blogdoprosperi.com).","sameAs":["http:\/\/blogdoprosperi.com","Luiz Pr\u00f3speri","@luiz_prosperi","https:\/\/x.com\/Luizprosperi","@prosperinacopa","luiz.prosperi@icloud.com"],"url":"https:\/\/blogdoprosperi.com\/?author=102107496"}]}},"jetpack_publicize_connections":[],"jetpack_likes_enabled":false,"jetpack_sharing_enabled":true,"jetpack_shortlink":"https:\/\/wp.me\/p7jvdk-cnb","jetpack-related-posts":[{"id":47632,"url":"https:\/\/blogdoprosperi.com\/?p=47632","url_meta":{"origin":47565,"position":0},"title":"Faltam 500 Dias Para Copa do Mundo 2026 nos EUA | Trump Vai Facilitar Visto de Entrada dos Torcedores?","author":"Luiz Ant\u00f4nio Pr\u00f3speri","date":"27 de janeiro de 2025","format":false,"excerpt":"Luiz Ant\u00f4nio Pr\u00f3speri \u2013 27 janeiro (18h40) \u2013 Faltam 500 dias para a Copa do Mundo 2026. Estados Unidos, M\u00e9xico e Canad\u00e1 receber\u00e3o 104 jogos \u00a0do torneio \u2013 a maioria ser\u00e1 disputada em territ\u00f3rio dos EUA. Fifa convida os torcedores a embarcarem aos tr\u00eas pa\u00edses no per\u00edodo da Copa para\u2026","rel":"","context":"Em &quot;futebol&quot;","block_context":{"text":"futebol","link":"https:\/\/blogdoprosperi.com\/?cat=53870"},"img":{"alt_text":"Copa do Mundo 2026: Faltam 500 dias","src":"https:\/\/i0.wp.com\/blogdoprosperi.com\/wp-content\/uploads\/2025\/01\/unnamed.jpg?fit=560%2C315&ssl=1&resize=350%2C200","width":350,"height":200,"srcset":"https:\/\/i0.wp.com\/blogdoprosperi.com\/wp-content\/uploads\/2025\/01\/unnamed.jpg?fit=560%2C315&ssl=1&resize=350%2C200 1x, https:\/\/i0.wp.com\/blogdoprosperi.com\/wp-content\/uploads\/2025\/01\/unnamed.jpg?fit=560%2C315&ssl=1&resize=525%2C300 1.5x"},"classes":[]},{"id":51109,"url":"https:\/\/blogdoprosperi.com\/?p=51109","url_meta":{"origin":47565,"position":1},"title":"Ataques e Medo Lan\u00e7am Grande Sombra sobre Abertura do Mundial de Clubes","author":"Luiz Ant\u00f4nio Pr\u00f3speri","date":"14 de junho de 2025","format":false,"excerpt":"Fifa n\u00e3o pode evitar o cen\u00e1rio pol\u00edtico sombrio da abertura do Mundial de Clubes, enquanto as autoridades de Trump exibem seus m\u00fasculos","rel":"","context":"Em &quot;futebol&quot;","block_context":{"text":"futebol","link":"https:\/\/blogdoprosperi.com\/?cat=53870"},"img":{"alt_text":"Trump amea\u00e7a tirar cidades da Copa 2026","src":"https:\/\/i0.wp.com\/blogdoprosperi.com\/wp-content\/uploads\/2025\/06\/thumbs.web_.sapo-1.webp?fit=810%2C451&ssl=1&resize=350%2C200","width":350,"height":200,"srcset":"https:\/\/i0.wp.com\/blogdoprosperi.com\/wp-content\/uploads\/2025\/06\/thumbs.web_.sapo-1.webp?fit=810%2C451&ssl=1&resize=350%2C200 1x, https:\/\/i0.wp.com\/blogdoprosperi.com\/wp-content\/uploads\/2025\/06\/thumbs.web_.sapo-1.webp?fit=810%2C451&ssl=1&resize=525%2C300 1.5x, https:\/\/i0.wp.com\/blogdoprosperi.com\/wp-content\/uploads\/2025\/06\/thumbs.web_.sapo-1.webp?fit=810%2C451&ssl=1&resize=700%2C400 2x"},"classes":[]},{"id":50973,"url":"https:\/\/blogdoprosperi.com\/?p=50973","url_meta":{"origin":47565,"position":2},"title":"Documento Fifa: An\u00e1lise do Impacto Financeiro nos EUA com Copa de 2026 e Mundial de Clubes 2025","author":"Luiz Ant\u00f4nio Pr\u00f3speri","date":"11 de junho de 2025","format":false,"excerpt":"Confira Documento Oficial Fifa: An\u00e1lises revelam a escala do impacto socioecon\u00f4mico dos dois principais torneios da FIFA nos Estados Unidos e no mundo A Copa do Mundo de Clubes 2025 e a Copa do Mundo 2026 contribuir\u00e3o com \u20ac 62 bilh\u00f5es (R$ 394,3 bilh\u00f5es) para o produto interno bruto global\u2026","rel":"","context":"Em &quot;futebol&quot;","block_context":{"text":"futebol","link":"https:\/\/blogdoprosperi.com\/?cat=53870"},"img":{"alt_text":"","src":"https:\/\/i0.wp.com\/blogdoprosperi.com\/wp-content\/uploads\/2025\/06\/captura-de-tela-2025-06-11-as-15.27.09.png?fit=1200%2C470&ssl=1&resize=350%2C200","width":350,"height":200,"srcset":"https:\/\/i0.wp.com\/blogdoprosperi.com\/wp-content\/uploads\/2025\/06\/captura-de-tela-2025-06-11-as-15.27.09.png?fit=1200%2C470&ssl=1&resize=350%2C200 1x, https:\/\/i0.wp.com\/blogdoprosperi.com\/wp-content\/uploads\/2025\/06\/captura-de-tela-2025-06-11-as-15.27.09.png?fit=1200%2C470&ssl=1&resize=525%2C300 1.5x, https:\/\/i0.wp.com\/blogdoprosperi.com\/wp-content\/uploads\/2025\/06\/captura-de-tela-2025-06-11-as-15.27.09.png?fit=1200%2C470&ssl=1&resize=700%2C400 2x, https:\/\/i0.wp.com\/blogdoprosperi.com\/wp-content\/uploads\/2025\/06\/captura-de-tela-2025-06-11-as-15.27.09.png?fit=1200%2C470&ssl=1&resize=1050%2C600 3x"},"classes":[]},{"id":47744,"url":"https:\/\/blogdoprosperi.com\/?p=47744","url_meta":{"origin":47565,"position":3},"title":"Trump Compra Briga com Canad\u00e1 e M\u00e9xico, Parceiros dos EUA na Copa do Mundo 2026","author":"Luiz Ant\u00f4nio Pr\u00f3speri","date":"2 de fevereiro de 2025","format":false,"excerpt":"Luiz Ant\u00f4nio Pr\u00f3speri \u2013 2 fevereiro (12h55) \u2013 Copa do Mundo 2026 corre risco de perder dois pa\u00edses-sede a pouco menos de 500 dias do jogo de abertura. A sa\u00edda de M\u00e9xico e Canad\u00e1 da organiza\u00e7\u00e3o da Copa ainda n\u00e3o est\u00e1 no radar da Fifa. Mas a guerra das tarifas\u2026","rel":"","context":"Em &quot;futebol&quot;","block_context":{"text":"futebol","link":"https:\/\/blogdoprosperi.com\/?cat=53870"},"img":{"alt_text":"","src":"https:\/\/i0.wp.com\/blogdoprosperi.com\/wp-content\/uploads\/2025\/02\/fifa-world-cup-26-official-brand-unveiled-in-los-angeles.webp?fit=1040%2C585&ssl=1&resize=350%2C200","width":350,"height":200,"srcset":"https:\/\/i0.wp.com\/blogdoprosperi.com\/wp-content\/uploads\/2025\/02\/fifa-world-cup-26-official-brand-unveiled-in-los-angeles.webp?fit=1040%2C585&ssl=1&resize=350%2C200 1x, https:\/\/i0.wp.com\/blogdoprosperi.com\/wp-content\/uploads\/2025\/02\/fifa-world-cup-26-official-brand-unveiled-in-los-angeles.webp?fit=1040%2C585&ssl=1&resize=525%2C300 1.5x, https:\/\/i0.wp.com\/blogdoprosperi.com\/wp-content\/uploads\/2025\/02\/fifa-world-cup-26-official-brand-unveiled-in-los-angeles.webp?fit=1040%2C585&ssl=1&resize=700%2C400 2x"},"classes":[]},{"id":55904,"url":"https:\/\/blogdoprosperi.com\/?p=55904","url_meta":{"origin":47565,"position":4},"title":"An\u00e1lise dos Advers\u00e1rios do Brasil na Copa 2026 | Marrocos, Haiti e Esc\u00f3cia","author":"Luiz Ant\u00f4nio Pr\u00f3speri","date":"5 de dezembro de 2025","format":false,"excerpt":"Luiz Ant\u00f4nio Pr\u00f3speri \u2013 5 dezembro 2025 (16h05) \u2013 Brasil cai no Grupo C e ter\u00e1 pela frente Marrocos, Haiti e Esc\u00f3cia. As sedes do Grupo do C ficam na Costa Leste dos Estados Unidos com jogos em Boston, Atlanta, Filad\u00e9lfia, Nova York e Miami. Tabela com locais e hor\u00e1rios\u2026","rel":"","context":"Em &quot;copa do mundo 2026&quot;","block_context":{"text":"copa do mundo 2026","link":"https:\/\/blogdoprosperi.com\/?cat=115102077"},"img":{"alt_text":"","src":"https:\/\/i0.wp.com\/blogdoprosperi.com\/wp-content\/uploads\/2025\/12\/g7bwkeqxoaal9ed.jpeg?fit=720%2C900&ssl=1&resize=350%2C200","width":350,"height":200,"srcset":"https:\/\/i0.wp.com\/blogdoprosperi.com\/wp-content\/uploads\/2025\/12\/g7bwkeqxoaal9ed.jpeg?fit=720%2C900&ssl=1&resize=350%2C200 1x, https:\/\/i0.wp.com\/blogdoprosperi.com\/wp-content\/uploads\/2025\/12\/g7bwkeqxoaal9ed.jpeg?fit=720%2C900&ssl=1&resize=525%2C300 1.5x, https:\/\/i0.wp.com\/blogdoprosperi.com\/wp-content\/uploads\/2025\/12\/g7bwkeqxoaal9ed.jpeg?fit=720%2C900&ssl=1&resize=700%2C400 2x"},"classes":[]},{"id":51131,"url":"https:\/\/blogdoprosperi.com\/?p=51131","url_meta":{"origin":47565,"position":5},"title":"An\u00e1lise | Brasil Leva ao Mundial de Clubes Seus Quatro Cavaleiros do Apocalipse: a Chance de Palmeiras, Flamengo, Botafogo e Fluminense","author":"Luiz Ant\u00f4nio Pr\u00f3speri","date":"14 de junho de 2025","format":false,"excerpt":"Quando a bolar rolar teremos a clara no\u00e7\u00e3o da dist\u00e2ncia que separa grandes clubes europeus dos nossos quatro cavaleiros do apocalipse Palmeiras, Flamengo, Botafogo e Fluminense","rel":"","context":"Em &quot;futebol&quot;","block_context":{"text":"futebol","link":"https:\/\/blogdoprosperi.com\/?cat=53870"},"img":{"alt_text":"","src":"https:\/\/i0.wp.com\/blogdoprosperi.com\/wp-content\/uploads\/2025\/06\/adversarios_dos_brasileiros_d9b63d7578-1.jpg?fit=1200%2C825&ssl=1&resize=350%2C200","width":350,"height":200,"srcset":"https:\/\/i0.wp.com\/blogdoprosperi.com\/wp-content\/uploads\/2025\/06\/adversarios_dos_brasileiros_d9b63d7578-1.jpg?fit=1200%2C825&ssl=1&resize=350%2C200 1x, https:\/\/i0.wp.com\/blogdoprosperi.com\/wp-content\/uploads\/2025\/06\/adversarios_dos_brasileiros_d9b63d7578-1.jpg?fit=1200%2C825&ssl=1&resize=525%2C300 1.5x, https:\/\/i0.wp.com\/blogdoprosperi.com\/wp-content\/uploads\/2025\/06\/adversarios_dos_brasileiros_d9b63d7578-1.jpg?fit=1200%2C825&ssl=1&resize=700%2C400 2x, https:\/\/i0.wp.com\/blogdoprosperi.com\/wp-content\/uploads\/2025\/06\/adversarios_dos_brasileiros_d9b63d7578-1.jpg?fit=1200%2C825&ssl=1&resize=1050%2C600 3x"},"classes":[]}],"jetpack_featured_media_url":"https:\/\/i0.wp.com\/blogdoprosperi.com\/wp-content\/uploads\/2025\/01\/captura-de-tela-2025-01-21-as-08.38.37.jpg?fit=1414%2C716&ssl=1","_links":{"self":[{"href":"https:\/\/blogdoprosperi.com\/index.php?rest_route=\/wp\/v2\/posts\/47565","targetHints":{"allow":["GET"]}}],"collection":[{"href":"https:\/\/blogdoprosperi.com\/index.php?rest_route=\/wp\/v2\/posts"}],"about":[{"href":"https:\/\/blogdoprosperi.com\/index.php?rest_route=\/wp\/v2\/types\/post"}],"author":[{"embeddable":true,"href":"https:\/\/blogdoprosperi.com\/index.php?rest_route=\/wp\/v2\/users\/102107496"}],"replies":[{"embeddable":true,"href":"https:\/\/blogdoprosperi.com\/index.php?rest_route=%2Fwp%2Fv2%2Fcomments&post=47565"}],"version-history":[{"count":10,"href":"https:\/\/blogdoprosperi.com\/index.php?rest_route=\/wp\/v2\/posts\/47565\/revisions"}],"predecessor-version":[{"id":47576,"href":"https:\/\/blogdoprosperi.com\/index.php?rest_route=\/wp\/v2\/posts\/47565\/revisions\/47576"}],"wp:featuredmedia":[{"embeddable":true,"href":"https:\/\/blogdoprosperi.com\/index.php?rest_route=\/wp\/v2\/media\/47571"}],"wp:attachment":[{"href":"https:\/\/blogdoprosperi.com\/index.php?rest_route=%2Fwp%2Fv2%2Fmedia&parent=47565"}],"wp:term":[{"taxonomy":"category","embeddable":true,"href":"https:\/\/blogdoprosperi.com\/index.php?rest_route=%2Fwp%2Fv2%2Fcategories&post=47565"},{"taxonomy":"post_tag","embeddable":true,"href":"https:\/\/blogdoprosperi.com\/index.php?rest_route=%2Fwp%2Fv2%2Ftags&post=47565"}],"curies":[{"name":"wp","href":"https:\/\/api.w.org\/{rel}","templated":true}]}}