{"id":47609,"date":"2025-01-27T20:41:27","date_gmt":"2025-01-27T23:41:27","guid":{"rendered":"https:\/\/blogdoprosperi.com\/?p=47609"},"modified":"2025-01-27T20:41:20","modified_gmt":"2025-01-27T23:41:20","slug":"mensagem-do-santos-neymar-vem-ai-na-quarta-feira","status":"publish","type":"post","link":"https:\/\/blogdoprosperi.com\/?p=47609","title":{"rendered":"Neymar Rescinde Contrato com Al Hilal e Desembarca no Santos Quarta-Feira"},"content":{"rendered":"<p><em>Luiz Ant\u00f4nio Pr\u00f3speri \u2013 27 janeiro (13h03) \u2013<\/em><\/p>\n<p>Neymar \u00e9 do Santos. Acordo feito, clube santista aguardava rescis\u00e3o com Al Hilal para o an\u00fancio oficial da volta do craque ao seu ber\u00e7o. <strong>No in\u00edcio dessa noite segunda-feira (27\/1), clube \u00e1rabe comunica a sa\u00edda de Neymar<\/strong>. Por enquanto, n\u00e3o se tem valores da negocia\u00e7\u00e3o nem tempo de contrato. A not\u00edcia \u00e9 a decis\u00e3o de Neymar retomar sua carreira no futebol brasileiro ap\u00f3s 12 anos atuando na Europa e Ar\u00e1bia Saudita. Se essa retomada vai dar certo, \u00e9 outra hist\u00f3ria.<\/p>\n<p>Na rescis\u00e3o do contrato, Neymar deve abrir m\u00e3o de receber cerca de R$ 400 milh\u00f5es a que teria direito do Al Hilal at\u00e9 junho de 2025. Santos prepara apresenta\u00e7\u00e3o do craque na Vila Belmiro e depois no Pacaembu.<\/p>\n<p>Fato \u00e9 que Neymar, enfim, desiste de uma vez por todas de ser um dos maiores do mundo no futebol competitivo europeu. Sua transfer\u00eancia ao mundo \u00e1rabe na temporada passada j\u00e1 indicava o novo rumo da carreira do craque. A volta ao Brasil, com a camisa do Santos, escancara \u00a0essa realidade. Aos 32 anos <em>(completa 33 dia 5 de fevereiro),\u00a0<\/em>teria tempo de sobra para encantar em qualquer uma das grandes pot\u00eancias da Europa.<\/p>\n<figure id=\"attachment_47626\" aria-describedby=\"caption-attachment-47626\" style=\"width: 720px\" class=\"wp-caption alignnone\"><img data-recalc-dims=\"1\" loading=\"lazy\" decoding=\"async\" data-attachment-id=\"47626\" data-permalink=\"https:\/\/blogdoprosperi.com\/?attachment_id=47626\" data-orig-file=\"https:\/\/i0.wp.com\/blogdoprosperi.com\/wp-content\/uploads\/2025\/01\/captura-de-tela-2025-01-27-as-13.13.53.png?fit=1644%2C830&amp;ssl=1\" data-orig-size=\"1644,830\" data-comments-opened=\"1\" data-image-meta=\"{&quot;aperture&quot;:&quot;0&quot;,&quot;credit&quot;:&quot;&quot;,&quot;camera&quot;:&quot;&quot;,&quot;caption&quot;:&quot;&quot;,&quot;created_timestamp&quot;:&quot;0&quot;,&quot;copyright&quot;:&quot;&quot;,&quot;focal_length&quot;:&quot;0&quot;,&quot;iso&quot;:&quot;0&quot;,&quot;shutter_speed&quot;:&quot;0&quot;,&quot;title&quot;:&quot;&quot;,&quot;orientation&quot;:&quot;0&quot;}\" data-image-title=\"Neymar vem a\u00ed\" data-image-description=\"\" data-image-caption=\"&lt;p&gt;Neymar fecha com Santos \u2013 foto: Raul Baretta\/Santos oficial&lt;\/p&gt;\n\" data-large-file=\"https:\/\/i0.wp.com\/blogdoprosperi.com\/wp-content\/uploads\/2025\/01\/captura-de-tela-2025-01-27-as-13.13.53.png?fit=940%2C475&amp;ssl=1\" class=\"size-large wp-image-47626\" src=\"https:\/\/i0.wp.com\/blogdoprosperi.com\/wp-content\/uploads\/2025\/01\/captura-de-tela-2025-01-27-as-13.13.53.png?resize=720%2C364&#038;ssl=1\" alt=\"Neymar volta ao Santos\" width=\"720\" height=\"364\" \/><figcaption id=\"caption-attachment-47626\" class=\"wp-caption-text\">Neymar fecha com Santos \u2013 foto: Raul Baretta\/Santos oficial<\/figcaption><\/figure>\n<p><strong>Afinal de contas, o que Neymar vem fazer aqui?<\/strong><\/p>\n<p><strong>Primeiro<\/strong>, correr atr\u00e1s do tempo perdido, se refazer como atleta de jogador de futebol em benef\u00edcio de seu enorme talento com a bola nos p\u00e9s. Sem medo de ser feliz em um cen\u00e1rio em que \u00e9 adorado por milhares de f\u00e3s.<\/p>\n<p><strong>Segundo<\/strong>, reconquistar o espa\u00e7o pulverizado por sequ\u00eancia de les\u00f5es e intrigas desnecess\u00e1rias na \u00faltima temporada no PSG (2022\/2023) e m\u00edseros sete jogos circenses no Al Hilal (2023\/2024).<\/p>\n<p><strong>Terceiro,<\/strong> reassumir o posto de presidente dos vesti\u00e1rios da Sele\u00e7\u00e3o Brasileira rumo \u00e0 Copa do Mundo 2026 nos Estados Unidos.<\/p>\n<p><strong>Quarto<\/strong>, recolocar o Santos no cen\u00e1rio nacional e at\u00e9 internacional como um time de respeito. A depender da negocia\u00e7\u00e3o, n\u00e3o ser\u00e1 surpresa se comprar o clube no modelo SAF e assumir os destinos do Santos que o revelou ao mundo.<\/p>\n<p><strong>Quinto,<\/strong> talvez o mais importante do ponto de vista pessoal de Neymar, resgatar o prazer de jogar futebol. Voltar a ser Neymar dos tempos em que n\u00e3o era celebridade. Quando dribles e gols eram mais valiosos. Nos dias em que a montanha de dinheiro era apenas uma pequena sali\u00eancia do terreno e n\u00e3o a cordilheira dos dias de hoje. A conferir.<\/p>\n<hr \/>\n<p><strong><em>Confira a informa\u00e7\u00e3o do <a style=\"color: #0000ff\" href=\"https:\/\/www.diariodopeixe.com.br\/\">Di\u00e1rio do Peixe<\/a>, site independente com tudo o que voc\u00ea quer saber do Santos e o primeiro a bancar a volta de Neymar:\u00a0<\/em><\/strong><\/p>\n<p class=\"p1\"><span class=\"s2\"><em>O\u00a0<\/em><\/span><span class=\"s2\"><em><strong>Santos<\/strong><\/em><\/span><span class=\"s2\"><em>\u00a0avan\u00e7a nos preparativos para anunciar oficialmente a volta de Neymar. O atacante tem previs\u00e3o de deixar a Ar\u00e1bia e <\/em><\/span><span class=\"s2\"><em><strong>vir para o Brasil quarta-feira (29\/1),<\/strong><\/em><\/span><span class=\"s2\"><em> ap\u00f3s negocia\u00e7\u00f5es finais entre seu pai e representantes do Al Hilal, da Ar\u00e1bia Saudita.<\/em><\/span><\/p>\n<p class=\"p1\"><span class=\"s2\"><em>A expectativa \u00e9 que a <\/em><\/span><span class=\"s2\"><em><strong>apresenta\u00e7\u00e3o ocorra at\u00e9 o dia do cl\u00e1ssico SanS\u00e3o,<\/strong><\/em><\/span><span class=\"s2\"><em> no pr\u00f3ximo s\u00e1bado (1\u00ba), na Vila Belmiro. A <\/em><\/span><span class=\"s2\"><em><strong>reestreia est\u00e1 planejada para o dia 5 de fevereiro,<\/strong><\/em><\/span><span class=\"s2\"><em> data em que Neymar completa 33 anos, contra o Botafogo-SP, pelo\u00a0<\/em><\/span><span class=\"s2\"><em><strong>Campeonato Paulista.<\/strong><\/em><\/span><\/p>\n<p class=\"p1\"><span class=\"s2\"><em>O atleta e seu staff j\u00e1 se planejam para o retorno \u00e0 Baixada Santista, incluindo o aluguel de uma casa na cidade de Santos para ficar pr\u00f3ximo ao CT Rei Pel\u00e9, evitando deslocamentos para o Guaruj\u00e1, onde est\u00e1 uma de suas casas.\u00a0<\/em><\/span><\/p>\n<div class=\"post-content\">\n<p class=\"p1\"><span class=\"s2\"><em><strong>Neymar retornou aos gramados em outubro de 2024, ap\u00f3s uma les\u00e3o no ligamento cruzado anterior sofrida em 2023,<\/strong><\/em><\/span><span class=\"s2\"><em> mas teve uma nova les\u00e3o muscular em novembro. Neste ano, participou de um jogo-treino pelo Al Hilal e est\u00e1 clinicamente liberado, embora ainda precise de ritmo de jogo. Nos \u00faltimos dias, se destacou em treinos da equipe \u00e1rabe.<\/em><\/span><\/p>\n<p class=\"p1\"><span class=\"s2\"><em>As negocia\u00e7\u00f5es foram impulsionadas por declara\u00e7\u00f5es do t\u00e9cnico Jorge Jesus, do Al Hilal, que afirmou n\u00e3o inscrever Neymar no Campeonato Saudita e indicou que a decis\u00e3o sobre seu futuro ficaria a cargo do jogador. Al\u00e9m da proposta do Santos, <\/em><\/span><span class=\"s2\"><em><strong>Neymar recebeu oferta do Chicago Fire, dos Estados Unidos, mas escolheu retornar ao clube onde foi revelado.<\/strong><\/em><\/span><\/p>\n<p class=\"p1\"><span class=\"s2\"><em>Um pedido da diretoria santista a uma torcida organizada gerou o coro \u201cVolta pra casa, Neymar\u201d durante a \u00faltima partida do Santos. Al\u00e9m disso, o clube enviou ao jogador um v\u00eddeo com a voz de <\/em><\/span><span class=\"s2\"><em><strong>Pel\u00e9 gerada por intelig\u00eancia artificial, em que o Rei dizia: \u201cO meu trono est\u00e1 vago e s\u00f3 voc\u00ea pode ocup\u00e1-lo, Pr\u00edncipe\u201d.<\/strong><\/em><\/span><\/p>\n<p class=\"p1\"><span class=\"s2\"><em>O acordo com Neymar inicialmente previa um empr\u00e9stimo de seis meses, mas a possibilidade de rescis\u00e3o contratual com o Al Hilal tornou-se vi\u00e1vel. <\/em><\/span><span class=\"s2\"><em><strong>A expectativa \u00e9 que o clube \u00e1rabe fa\u00e7a o primeiro an\u00fancio, confirmando o fim do v\u00ednculo<\/strong><\/em><\/span><span class=\"s2\"><em>. No Santos, o contrato deve ser de seis meses, com op\u00e7\u00e3o de renova\u00e7\u00e3o por mais um ano.<\/em><\/span><\/p>\n<p><em>(publicado 26 janeiro \u2013 10h00)<\/em><\/p>\n<\/div>\n","protected":false},"excerpt":{"rendered":"<p>Luiz Ant\u00f4nio Pr\u00f3speri \u2013 27 janeiro (13h03) \u2013 Neymar \u00e9 do Santos. Acordo feito, clube santista aguardava rescis\u00e3o [&hellip;]<\/p>\n","protected":false},"author":102107496,"featured_media":47648,"comment_status":"open","ping_status":"open","sticky":false,"template":"","format":"standard","meta":{"_coblocks_attr":"","_coblocks_dimensions":"","_coblocks_responsive_height":"","_coblocks_accordion_ie_support":"","_jetpack_newsletter_access":"","_jetpack_dont_email_post_to_subs":false,"_jetpack_newsletter_tier_id":0,"_jetpack_memberships_contains_paywalled_content":false,"_wpcom_ai_launchpad_first_post":false,"_jetpack_feature_clip_id":0,"_jetpack_memberships_contains_paid_content":false,"footnotes":"","jetpack_publicize_message":"","jetpack_publicize_feature_enabled":true,"jetpack_social_post_already_shared":false,"jetpack_social_options":{"image_generator_settings":{"template":"highway","default_image_id":0,"font":"","enabled":false},"version":2},"jetpack_post_was_ever_published":false},"categories":[53870,3919],"tags":[2248003,789560577,789560560,789560573,4112146,789560564,2588859,789560562,2561606],"class_list":["post-47609","post","type-post","status-publish","format-standard","has-post-thumbnail","hentry","category-futebol","category-opiniao","tag-al-hilal","tag-copa-do-mundo-2026","tag-futebol","tag-luiz-antonio-prosperi","tag-neymar","tag-pele","tag-santos-fc","tag-selecao-brasileira","tag-vila-belmiro"],"yoast_head":"<!-- This site is optimized with the Yoast SEO plugin v28.3 - https:\/\/yoast.com\/product\/yoast-seo-wordpress\/ -->\n<title>Neymar Rescinde Contrato com Al Hilal e Desembarca no Santos Quarta-Feira - PR\u00d3SPERI NEWS<\/title>\n<meta name=\"robots\" content=\"index, follow, max-snippet:-1, max-image-preview:large, max-video-preview:-1\" \/>\n<link rel=\"canonical\" href=\"https:\/\/blogdoprosperi.com\/?p=47609\" \/>\n<meta property=\"og:locale\" content=\"pt_BR\" \/>\n<meta property=\"og:type\" content=\"article\" \/>\n<meta property=\"og:title\" content=\"Neymar Rescinde Contrato com Al Hilal e Desembarca no Santos Quarta-Feira - PR\u00d3SPERI NEWS\" \/>\n<meta property=\"og:description\" content=\"Luiz Ant\u00f4nio Pr\u00f3speri \u2013 27 janeiro (13h03) \u2013 Neymar \u00e9 do Santos. Acordo feito, clube santista aguardava rescis\u00e3o [&hellip;]\" \/>\n<meta property=\"og:url\" content=\"https:\/\/blogdoprosperi.com\/?p=47609\" \/>\n<meta property=\"og:site_name\" content=\"PR\u00d3SPERI NEWS\" \/>\n<meta property=\"article:publisher\" content=\"Luiz Pr\u00f3speri\" \/>\n<meta property=\"article:author\" content=\"Luiz Pr\u00f3speri\" \/>\n<meta property=\"article:published_time\" content=\"2025-01-27T23:41:27+00:00\" \/>\n<meta property=\"og:image\" content=\"https:\/\/i0.wp.com\/blogdoprosperi.com\/wp-content\/uploads\/2025\/01\/captura-de-tela-2025-01-27-as-20.17.54.png?fit=1148%2C1074&ssl=1\" \/>\n\t<meta property=\"og:image:width\" content=\"1148\" \/>\n\t<meta property=\"og:image:height\" content=\"1074\" \/>\n\t<meta property=\"og:image:type\" content=\"image\/png\" \/>\n<meta name=\"author\" content=\"Luiz Ant\u00f4nio Pr\u00f3speri\" \/>\n<meta name=\"twitter:card\" content=\"summary_large_image\" \/>\n<meta name=\"twitter:creator\" content=\"@Luizprosperi\" \/>\n<meta name=\"twitter:site\" content=\"@Luizprosperi\" \/>\n<meta name=\"twitter:label1\" content=\"Escrito por\" \/>\n\t<meta name=\"twitter:data1\" content=\"Luiz Ant\u00f4nio Pr\u00f3speri\" \/>\n\t<meta name=\"twitter:label2\" content=\"Est. tempo de leitura\" \/>\n\t<meta name=\"twitter:data2\" content=\"4 minutos\" \/>\n<script type=\"application\/ld+json\" class=\"yoast-schema-graph\">{\"@context\":\"https:\\\/\\\/schema.org\",\"@graph\":[{\"@type\":\"Article\",\"@id\":\"https:\\\/\\\/blogdoprosperi.com\\\/?p=47609#article\",\"isPartOf\":{\"@id\":\"https:\\\/\\\/blogdoprosperi.com\\\/?p=47609\"},\"author\":{\"name\":\"Luiz Ant\u00f4nio Pr\u00f3speri\",\"@id\":\"https:\\\/\\\/blogdoprosperi.com\\\/#\\\/schema\\\/person\\\/38100755ce3601861ee4fab9b5aa78e9\"},\"headline\":\"Neymar Rescinde Contrato com Al Hilal e Desembarca no Santos Quarta-Feira\",\"datePublished\":\"2025-01-27T23:41:27+00:00\",\"mainEntityOfPage\":{\"@id\":\"https:\\\/\\\/blogdoprosperi.com\\\/?p=47609\"},\"wordCount\":851,\"commentCount\":2,\"publisher\":{\"@id\":\"https:\\\/\\\/blogdoprosperi.com\\\/#\\\/schema\\\/person\\\/38100755ce3601861ee4fab9b5aa78e9\"},\"image\":{\"@id\":\"https:\\\/\\\/blogdoprosperi.com\\\/?p=47609#primaryimage\"},\"thumbnailUrl\":\"https:\\\/\\\/i0.wp.com\\\/blogdoprosperi.com\\\/wp-content\\\/uploads\\\/2025\\\/01\\\/captura-de-tela-2025-01-27-as-20.17.54.png?fit=1148%2C1074&ssl=1\",\"keywords\":[\"Al Hilal\",\"copa do mundo 2026\",\"futebol\",\"Luiz Ant\u00f4nio Pr\u00f3speri\",\"Neymar\",\"Pel\u00e9\",\"Santos FC\",\"Sele\u00e7\u00e3o Brasileira\",\"Vila Belmiro\"],\"articleSection\":[\"futebol\",\"opini\u00e3o\"],\"inLanguage\":\"pt-BR\",\"potentialAction\":[{\"@type\":\"CommentAction\",\"name\":\"Comment\",\"target\":[\"https:\\\/\\\/blogdoprosperi.com\\\/?p=47609#respond\"]}]},{\"@type\":\"WebPage\",\"@id\":\"https:\\\/\\\/blogdoprosperi.com\\\/?p=47609\",\"url\":\"https:\\\/\\\/blogdoprosperi.com\\\/?p=47609\",\"name\":\"Neymar Rescinde Contrato com Al Hilal e Desembarca no Santos Quarta-Feira - PR\u00d3SPERI NEWS\",\"isPartOf\":{\"@id\":\"https:\\\/\\\/blogdoprosperi.com\\\/#website\"},\"primaryImageOfPage\":{\"@id\":\"https:\\\/\\\/blogdoprosperi.com\\\/?p=47609#primaryimage\"},\"image\":{\"@id\":\"https:\\\/\\\/blogdoprosperi.com\\\/?p=47609#primaryimage\"},\"thumbnailUrl\":\"https:\\\/\\\/i0.wp.com\\\/blogdoprosperi.com\\\/wp-content\\\/uploads\\\/2025\\\/01\\\/captura-de-tela-2025-01-27-as-20.17.54.png?fit=1148%2C1074&ssl=1\",\"datePublished\":\"2025-01-27T23:41:27+00:00\",\"breadcrumb\":{\"@id\":\"https:\\\/\\\/blogdoprosperi.com\\\/?p=47609#breadcrumb\"},\"inLanguage\":\"pt-BR\",\"potentialAction\":[{\"@type\":\"ReadAction\",\"target\":[\"https:\\\/\\\/blogdoprosperi.com\\\/?p=47609\"]}]},{\"@type\":\"ImageObject\",\"inLanguage\":\"pt-BR\",\"@id\":\"https:\\\/\\\/blogdoprosperi.com\\\/?p=47609#primaryimage\",\"url\":\"https:\\\/\\\/i0.wp.com\\\/blogdoprosperi.com\\\/wp-content\\\/uploads\\\/2025\\\/01\\\/captura-de-tela-2025-01-27-as-20.17.54.png?fit=1148%2C1074&ssl=1\",\"contentUrl\":\"https:\\\/\\\/i0.wp.com\\\/blogdoprosperi.com\\\/wp-content\\\/uploads\\\/2025\\\/01\\\/captura-de-tela-2025-01-27-as-20.17.54.png?fit=1148%2C1074&ssl=1\",\"width\":1148,\"height\":1074,\"caption\":\"Al Hilal rescinde com Neymar \u2013 foto: Al Hilal oficial Twitter (X)\"},{\"@type\":\"BreadcrumbList\",\"@id\":\"https:\\\/\\\/blogdoprosperi.com\\\/?p=47609#breadcrumb\",\"itemListElement\":[{\"@type\":\"ListItem\",\"position\":1,\"name\":\"In\u00edcio\",\"item\":\"https:\\\/\\\/blogdoprosperi.com\\\/\"},{\"@type\":\"ListItem\",\"position\":2,\"name\":\"Neymar Rescinde Contrato com Al Hilal e Desembarca no Santos Quarta-Feira\"}]},{\"@type\":\"WebSite\",\"@id\":\"https:\\\/\\\/blogdoprosperi.com\\\/#website\",\"url\":\"https:\\\/\\\/blogdoprosperi.com\\\/\",\"name\":\"PR\u00d3SPERI NEWS\",\"description\":\"TUDO \u00c9  FUTEBOL\",\"publisher\":{\"@id\":\"https:\\\/\\\/blogdoprosperi.com\\\/#\\\/schema\\\/person\\\/38100755ce3601861ee4fab9b5aa78e9\"},\"alternateName\":\"blogdoprosperi.com\",\"potentialAction\":[{\"@type\":\"SearchAction\",\"target\":{\"@type\":\"EntryPoint\",\"urlTemplate\":\"https:\\\/\\\/blogdoprosperi.com\\\/?s={search_term_string}\"},\"query-input\":{\"@type\":\"PropertyValueSpecification\",\"valueRequired\":true,\"valueName\":\"search_term_string\"}}],\"inLanguage\":\"pt-BR\"},{\"@type\":[\"Person\",\"Organization\"],\"@id\":\"https:\\\/\\\/blogdoprosperi.com\\\/#\\\/schema\\\/person\\\/38100755ce3601861ee4fab9b5aa78e9\",\"name\":\"Luiz Ant\u00f4nio Pr\u00f3speri\",\"pronouns\":\"ele\",\"image\":{\"@type\":\"ImageObject\",\"inLanguage\":\"pt-BR\",\"@id\":\"https:\\\/\\\/i0.wp.com\\\/blogdoprosperi.com\\\/wp-content\\\/uploads\\\/2026\\\/05\\\/cropped-8059e613-6002-42fa-961e-8e275f575d71-2-5.jpg?fit=1360%2C931&ssl=1\",\"url\":\"https:\\\/\\\/i0.wp.com\\\/blogdoprosperi.com\\\/wp-content\\\/uploads\\\/2026\\\/05\\\/cropped-8059e613-6002-42fa-961e-8e275f575d71-2-5.jpg?fit=1360%2C931&ssl=1\",\"contentUrl\":\"https:\\\/\\\/i0.wp.com\\\/blogdoprosperi.com\\\/wp-content\\\/uploads\\\/2026\\\/05\\\/cropped-8059e613-6002-42fa-961e-8e275f575d71-2-5.jpg?fit=1360%2C931&ssl=1\",\"width\":1360,\"height\":931,\"caption\":\"Luiz Ant\u00f4nio Pr\u00f3speri\"},\"logo\":{\"@id\":\"https:\\\/\\\/i0.wp.com\\\/blogdoprosperi.com\\\/wp-content\\\/uploads\\\/2026\\\/05\\\/cropped-8059e613-6002-42fa-961e-8e275f575d71-2-5.jpg?fit=1360%2C931&ssl=1\"},\"description\":\"Jornalista com carreira dedicada ao esporte. Cobriu 9 Copas do Mundo in loco, 1990 na It\u00e1lia, 1994 nos EUA, 1998 na Fran\u00e7a, 2002 na Coreia do Sul e Jap\u00e3o, 2006 na Alemanha, 2010 na \u00c1frica do Sul, 2014 no Brasil, 2018 na R\u00fassia e 2022 no Qatar. Eurocopas, 1992 na Su\u00e9cia e 1996 na Inglaterra. Copa das Confedera\u00e7\u00f5es de 2005 na Alemanha e 2009 na \u00c1frica do Sul. Rep\u00f3rter e Editor, trabalhou no Jornal da Tarde e Estad\u00e3o, de 1984 a fevereiro de 2016. Colunista, blogueiro. E comentarista de futebol na R\u00e1dio Estad\u00e3o, de 2013 a fevereiro de 2016. Jornalista respons\u00e1vel do \\\"Pr\u00f3speri News\\\" (blogdoprosperi.com).\",\"sameAs\":[\"http:\\\/\\\/blogdoprosperi.com\",\"Luiz Pr\u00f3speri\",\"@luiz_prosperi\",\"https:\\\/\\\/x.com\\\/Luizprosperi\",\"@prosperinacopa\",\"luiz.prosperi@icloud.com\"],\"url\":\"https:\\\/\\\/blogdoprosperi.com\\\/?author=102107496\"}]}<\/script>\n<!-- \/ Yoast SEO plugin. -->","yoast_head_json":{"title":"Neymar Rescinde Contrato com Al Hilal e Desembarca no Santos Quarta-Feira - PR\u00d3SPERI NEWS","robots":{"index":"index","follow":"follow","max-snippet":"max-snippet:-1","max-image-preview":"max-image-preview:large","max-video-preview":"max-video-preview:-1"},"canonical":"https:\/\/blogdoprosperi.com\/?p=47609","og_locale":"pt_BR","og_type":"article","og_title":"Neymar Rescinde Contrato com Al Hilal e Desembarca no Santos Quarta-Feira - PR\u00d3SPERI NEWS","og_description":"Luiz Ant\u00f4nio Pr\u00f3speri \u2013 27 janeiro (13h03) \u2013 Neymar \u00e9 do Santos. Acordo feito, clube santista aguardava rescis\u00e3o [&hellip;]","og_url":"https:\/\/blogdoprosperi.com\/?p=47609","og_site_name":"PR\u00d3SPERI NEWS","article_publisher":"Luiz Pr\u00f3speri","article_author":"Luiz Pr\u00f3speri","article_published_time":"2025-01-27T23:41:27+00:00","og_image":[{"width":1148,"height":1074,"url":"https:\/\/i0.wp.com\/blogdoprosperi.com\/wp-content\/uploads\/2025\/01\/captura-de-tela-2025-01-27-as-20.17.54.png?fit=1148%2C1074&ssl=1","type":"image\/png"}],"author":"Luiz Ant\u00f4nio Pr\u00f3speri","twitter_card":"summary_large_image","twitter_creator":"@Luizprosperi","twitter_site":"@Luizprosperi","twitter_misc":{"Escrito por":"Luiz Ant\u00f4nio Pr\u00f3speri","Est. tempo de leitura":"4 minutos"},"schema":{"@context":"https:\/\/schema.org","@graph":[{"@type":"Article","@id":"https:\/\/blogdoprosperi.com\/?p=47609#article","isPartOf":{"@id":"https:\/\/blogdoprosperi.com\/?p=47609"},"author":{"name":"Luiz Ant\u00f4nio Pr\u00f3speri","@id":"https:\/\/blogdoprosperi.com\/#\/schema\/person\/38100755ce3601861ee4fab9b5aa78e9"},"headline":"Neymar Rescinde Contrato com Al Hilal e Desembarca no Santos Quarta-Feira","datePublished":"2025-01-27T23:41:27+00:00","mainEntityOfPage":{"@id":"https:\/\/blogdoprosperi.com\/?p=47609"},"wordCount":851,"commentCount":2,"publisher":{"@id":"https:\/\/blogdoprosperi.com\/#\/schema\/person\/38100755ce3601861ee4fab9b5aa78e9"},"image":{"@id":"https:\/\/blogdoprosperi.com\/?p=47609#primaryimage"},"thumbnailUrl":"https:\/\/i0.wp.com\/blogdoprosperi.com\/wp-content\/uploads\/2025\/01\/captura-de-tela-2025-01-27-as-20.17.54.png?fit=1148%2C1074&ssl=1","keywords":["Al Hilal","copa do mundo 2026","futebol","Luiz Ant\u00f4nio Pr\u00f3speri","Neymar","Pel\u00e9","Santos FC","Sele\u00e7\u00e3o Brasileira","Vila Belmiro"],"articleSection":["futebol","opini\u00e3o"],"inLanguage":"pt-BR","potentialAction":[{"@type":"CommentAction","name":"Comment","target":["https:\/\/blogdoprosperi.com\/?p=47609#respond"]}]},{"@type":"WebPage","@id":"https:\/\/blogdoprosperi.com\/?p=47609","url":"https:\/\/blogdoprosperi.com\/?p=47609","name":"Neymar Rescinde Contrato com Al Hilal e Desembarca no Santos Quarta-Feira - PR\u00d3SPERI NEWS","isPartOf":{"@id":"https:\/\/blogdoprosperi.com\/#website"},"primaryImageOfPage":{"@id":"https:\/\/blogdoprosperi.com\/?p=47609#primaryimage"},"image":{"@id":"https:\/\/blogdoprosperi.com\/?p=47609#primaryimage"},"thumbnailUrl":"https:\/\/i0.wp.com\/blogdoprosperi.com\/wp-content\/uploads\/2025\/01\/captura-de-tela-2025-01-27-as-20.17.54.png?fit=1148%2C1074&ssl=1","datePublished":"2025-01-27T23:41:27+00:00","breadcrumb":{"@id":"https:\/\/blogdoprosperi.com\/?p=47609#breadcrumb"},"inLanguage":"pt-BR","potentialAction":[{"@type":"ReadAction","target":["https:\/\/blogdoprosperi.com\/?p=47609"]}]},{"@type":"ImageObject","inLanguage":"pt-BR","@id":"https:\/\/blogdoprosperi.com\/?p=47609#primaryimage","url":"https:\/\/i0.wp.com\/blogdoprosperi.com\/wp-content\/uploads\/2025\/01\/captura-de-tela-2025-01-27-as-20.17.54.png?fit=1148%2C1074&ssl=1","contentUrl":"https:\/\/i0.wp.com\/blogdoprosperi.com\/wp-content\/uploads\/2025\/01\/captura-de-tela-2025-01-27-as-20.17.54.png?fit=1148%2C1074&ssl=1","width":1148,"height":1074,"caption":"Al Hilal rescinde com Neymar \u2013 foto: Al Hilal oficial Twitter (X)"},{"@type":"BreadcrumbList","@id":"https:\/\/blogdoprosperi.com\/?p=47609#breadcrumb","itemListElement":[{"@type":"ListItem","position":1,"name":"In\u00edcio","item":"https:\/\/blogdoprosperi.com\/"},{"@type":"ListItem","position":2,"name":"Neymar Rescinde Contrato com Al Hilal e Desembarca no Santos Quarta-Feira"}]},{"@type":"WebSite","@id":"https:\/\/blogdoprosperi.com\/#website","url":"https:\/\/blogdoprosperi.com\/","name":"PR\u00d3SPERI NEWS","description":"TUDO \u00c9  FUTEBOL","publisher":{"@id":"https:\/\/blogdoprosperi.com\/#\/schema\/person\/38100755ce3601861ee4fab9b5aa78e9"},"alternateName":"blogdoprosperi.com","potentialAction":[{"@type":"SearchAction","target":{"@type":"EntryPoint","urlTemplate":"https:\/\/blogdoprosperi.com\/?s={search_term_string}"},"query-input":{"@type":"PropertyValueSpecification","valueRequired":true,"valueName":"search_term_string"}}],"inLanguage":"pt-BR"},{"@type":["Person","Organization"],"@id":"https:\/\/blogdoprosperi.com\/#\/schema\/person\/38100755ce3601861ee4fab9b5aa78e9","name":"Luiz Ant\u00f4nio Pr\u00f3speri","pronouns":"ele","image":{"@type":"ImageObject","inLanguage":"pt-BR","@id":"https:\/\/i0.wp.com\/blogdoprosperi.com\/wp-content\/uploads\/2026\/05\/cropped-8059e613-6002-42fa-961e-8e275f575d71-2-5.jpg?fit=1360%2C931&ssl=1","url":"https:\/\/i0.wp.com\/blogdoprosperi.com\/wp-content\/uploads\/2026\/05\/cropped-8059e613-6002-42fa-961e-8e275f575d71-2-5.jpg?fit=1360%2C931&ssl=1","contentUrl":"https:\/\/i0.wp.com\/blogdoprosperi.com\/wp-content\/uploads\/2026\/05\/cropped-8059e613-6002-42fa-961e-8e275f575d71-2-5.jpg?fit=1360%2C931&ssl=1","width":1360,"height":931,"caption":"Luiz Ant\u00f4nio Pr\u00f3speri"},"logo":{"@id":"https:\/\/i0.wp.com\/blogdoprosperi.com\/wp-content\/uploads\/2026\/05\/cropped-8059e613-6002-42fa-961e-8e275f575d71-2-5.jpg?fit=1360%2C931&ssl=1"},"description":"Jornalista com carreira dedicada ao esporte. Cobriu 9 Copas do Mundo in loco, 1990 na It\u00e1lia, 1994 nos EUA, 1998 na Fran\u00e7a, 2002 na Coreia do Sul e Jap\u00e3o, 2006 na Alemanha, 2010 na \u00c1frica do Sul, 2014 no Brasil, 2018 na R\u00fassia e 2022 no Qatar. Eurocopas, 1992 na Su\u00e9cia e 1996 na Inglaterra. Copa das Confedera\u00e7\u00f5es de 2005 na Alemanha e 2009 na \u00c1frica do Sul. Rep\u00f3rter e Editor, trabalhou no Jornal da Tarde e Estad\u00e3o, de 1984 a fevereiro de 2016. Colunista, blogueiro. E comentarista de futebol na R\u00e1dio Estad\u00e3o, de 2013 a fevereiro de 2016. Jornalista respons\u00e1vel do \"Pr\u00f3speri News\" (blogdoprosperi.com).","sameAs":["http:\/\/blogdoprosperi.com","Luiz Pr\u00f3speri","@luiz_prosperi","https:\/\/x.com\/Luizprosperi","@prosperinacopa","luiz.prosperi@icloud.com"],"url":"https:\/\/blogdoprosperi.com\/?author=102107496"}]}},"jetpack_publicize_connections":[],"jetpack_likes_enabled":false,"jetpack_sharing_enabled":true,"jetpack_shortlink":"https:\/\/wp.me\/p7jvdk-cnT","jetpack-related-posts":[{"id":46242,"url":"https:\/\/blogdoprosperi.com\/?p=46242","url_meta":{"origin":47609,"position":0},"title":"Neymar | Clube Saudita Projeta Sa\u00edda do Craque em Janeiro 2025 e Santos Aguarda Sua Cria","author":"Luiz Ant\u00f4nio Pr\u00f3speri","date":"6 de novembro de 2024","format":false,"excerpt":"Luiz Ant\u00f4nio Pr\u00f3speri \u2013 6 novembro (15h28) \u2013 Neymar n\u00e3o joga mais nessa temporada do futebol saudita. Ali\u00e1s, desde outubro de 2023, n\u00e3o atua de forma regular no Al-Hilal. Fora dos campos ap\u00f3s um ano se recuperando de grave cirurgia no joelho, Neymar esperava voltar bem em novembro 2024 na\u2026","rel":"","context":"Em &quot;futebol&quot;","block_context":{"text":"futebol","link":"https:\/\/blogdoprosperi.com\/?cat=53870"},"img":{"alt_text":"Neymar de sa\u00edda do futebol saudita","src":"https:\/\/i0.wp.com\/blogdoprosperi.com\/wp-content\/uploads\/2024\/11\/captura-de-tela-2024-11-06-as-12.52.24.png?fit=1200%2C816&ssl=1&resize=350%2C200","width":350,"height":200,"srcset":"https:\/\/i0.wp.com\/blogdoprosperi.com\/wp-content\/uploads\/2024\/11\/captura-de-tela-2024-11-06-as-12.52.24.png?fit=1200%2C816&ssl=1&resize=350%2C200 1x, https:\/\/i0.wp.com\/blogdoprosperi.com\/wp-content\/uploads\/2024\/11\/captura-de-tela-2024-11-06-as-12.52.24.png?fit=1200%2C816&ssl=1&resize=525%2C300 1.5x, https:\/\/i0.wp.com\/blogdoprosperi.com\/wp-content\/uploads\/2024\/11\/captura-de-tela-2024-11-06-as-12.52.24.png?fit=1200%2C816&ssl=1&resize=700%2C400 2x, https:\/\/i0.wp.com\/blogdoprosperi.com\/wp-content\/uploads\/2024\/11\/captura-de-tela-2024-11-06-as-12.52.24.png?fit=1200%2C816&ssl=1&resize=1050%2C600 3x"},"classes":[]},{"id":46332,"url":"https:\/\/blogdoprosperi.com\/?p=46332","url_meta":{"origin":47609,"position":1},"title":"Neymar &amp; Gabigol | Santos Tem Um Sonho","author":"Luiz Ant\u00f4nio Pr\u00f3speri","date":"14 de novembro de 2024","format":false,"excerpt":"Luiz Ant\u00f4nio Pr\u00f3speri \u2013 14 novembro (11h41) \u2013 Neymar e Gabigol juntos no Santos em 2025. Se depender apenas de um desejo do presidente Marcelo Teixeira, a dupla desembarca em janeiro na Vila Belmiro. Neymar camisa 11 e Gabigol camisa 10. Famoso sonho de ver\u00e3o, t\u00e3o comum no futebol brasileiro\u2026","rel":"","context":"Em &quot;futebol&quot;","block_context":{"text":"futebol","link":"https:\/\/blogdoprosperi.com\/?cat=53870"},"img":{"alt_text":"","src":"https:\/\/i0.wp.com\/blogdoprosperi.com\/wp-content\/uploads\/2024\/11\/captura-de-tela-2024-11-14-as-11.34.43.png?fit=1104%2C546&ssl=1&resize=350%2C200","width":350,"height":200,"srcset":"https:\/\/i0.wp.com\/blogdoprosperi.com\/wp-content\/uploads\/2024\/11\/captura-de-tela-2024-11-14-as-11.34.43.png?fit=1104%2C546&ssl=1&resize=350%2C200 1x, https:\/\/i0.wp.com\/blogdoprosperi.com\/wp-content\/uploads\/2024\/11\/captura-de-tela-2024-11-14-as-11.34.43.png?fit=1104%2C546&ssl=1&resize=525%2C300 1.5x, https:\/\/i0.wp.com\/blogdoprosperi.com\/wp-content\/uploads\/2024\/11\/captura-de-tela-2024-11-14-as-11.34.43.png?fit=1104%2C546&ssl=1&resize=700%2C400 2x, https:\/\/i0.wp.com\/blogdoprosperi.com\/wp-content\/uploads\/2024\/11\/captura-de-tela-2024-11-14-as-11.34.43.png?fit=1104%2C546&ssl=1&resize=1050%2C600 3x"},"classes":[]},{"id":46267,"url":"https:\/\/blogdoprosperi.com\/?p=46267","url_meta":{"origin":47609,"position":2},"title":"Santos \u00c9 S\u00e9rie A | Futuro tem Neymar, Novo Est\u00e1dio e SAF","author":"Luiz Ant\u00f4nio Pr\u00f3speri","date":"12 de novembro de 2024","format":false,"excerpt":"Luiz Ant\u00f4nio Pr\u00f3speri \u2013 12 novembro (10h15) \u2013 Otero faz um gol extraordin\u00e1rio em cobran\u00e7a de falta e decreta vit\u00f3ria do Santos por 2 a 0 contra o Coritiba. Gol de S\u00e9rie A. Gol a devolver o Alvinegro ao seleto grupo de clubes da Primeira Divis\u00e3o do futebol brasileiro. Enfim,\u2026","rel":"","context":"Em &quot;futebol&quot;","block_context":{"text":"futebol","link":"https:\/\/blogdoprosperi.com\/?cat=53870"},"img":{"alt_text":"Santos volta \u00e0 S\u00e9rie A","src":"https:\/\/i0.wp.com\/blogdoprosperi.com\/wp-content\/uploads\/2024\/11\/gckcsztwaaa9o5s.jpeg?fit=852%2C682&ssl=1&resize=350%2C200","width":350,"height":200,"srcset":"https:\/\/i0.wp.com\/blogdoprosperi.com\/wp-content\/uploads\/2024\/11\/gckcsztwaaa9o5s.jpeg?fit=852%2C682&ssl=1&resize=350%2C200 1x, https:\/\/i0.wp.com\/blogdoprosperi.com\/wp-content\/uploads\/2024\/11\/gckcsztwaaa9o5s.jpeg?fit=852%2C682&ssl=1&resize=525%2C300 1.5x, https:\/\/i0.wp.com\/blogdoprosperi.com\/wp-content\/uploads\/2024\/11\/gckcsztwaaa9o5s.jpeg?fit=852%2C682&ssl=1&resize=700%2C400 2x"},"classes":[]},{"id":47364,"url":"https:\/\/blogdoprosperi.com\/?p=47364","url_meta":{"origin":47609,"position":3},"title":"O que fazer com Neymar? Messi Pode Responder","author":"Luiz Ant\u00f4nio Pr\u00f3speri","date":"8 de janeiro de 2025","format":false,"excerpt":"Luiz Ant\u00f4nio Pr\u00f3speri \u2013 8 janeiro (19h25) \u2013 Neymar tem apenas sete partidas disputadas no Al-Hilal da Ar\u00e1bia Saudita, desde agosto de 2023 quando desembarcou no \"deserto\" vendido por 90 milh\u00f5es de euros. Trocava PSG da Fran\u00e7a por um sal\u00e1rio de 100 milh\u00f5es de euros\/ano e a esperan\u00e7a de seguir\u2026","rel":"","context":"Em &quot;futebol&quot;","block_context":{"text":"futebol","link":"https:\/\/blogdoprosperi.com\/?cat=53870"},"img":{"alt_text":"Neymar, Messi e Su\u00e1rez no Inter Miami","src":"https:\/\/i0.wp.com\/blogdoprosperi.com\/wp-content\/uploads\/2025\/01\/msn.jpg?fit=750%2C485&ssl=1&resize=350%2C200","width":350,"height":200,"srcset":"https:\/\/i0.wp.com\/blogdoprosperi.com\/wp-content\/uploads\/2025\/01\/msn.jpg?fit=750%2C485&ssl=1&resize=350%2C200 1x, https:\/\/i0.wp.com\/blogdoprosperi.com\/wp-content\/uploads\/2025\/01\/msn.jpg?fit=750%2C485&ssl=1&resize=525%2C300 1.5x, https:\/\/i0.wp.com\/blogdoprosperi.com\/wp-content\/uploads\/2025\/01\/msn.jpg?fit=750%2C485&ssl=1&resize=700%2C400 2x"},"classes":[]},{"id":46503,"url":"https:\/\/blogdoprosperi.com\/?p=46503","url_meta":{"origin":47609,"position":4},"title":"#Cr\u00f4nicaSab\u00e1tica #6 | Neymar e Ronaldo, Fen\u00f4menos Em Alfa","author":"Luiz Ant\u00f4nio Pr\u00f3speri","date":"23 de novembro de 2024","format":false,"excerpt":"Luiz Ant\u00f4nio Pr\u00f3speri \u2013 23 novembro (11h45) \u2013 Neymar, 32 anos, ainda jogador de futebol em atividade. Ronaldo, 48 anos, ex-jogador com chuteiras penduradas desde 2011. Dois craques extraordin\u00e1rios. Neymar corre atr\u00e1s de uma Copa do Mundo. Ronaldo tem duas a chamar de suas. Neymar nunca subiu ao p\u00f3dio de\u2026","rel":"","context":"Em &quot;futebol&quot;","block_context":{"text":"futebol","link":"https:\/\/blogdoprosperi.com\/?cat=53870"},"img":{"alt_text":"Neymar e Ronaldo, fen\u00f4menos em alfa","src":"https:\/\/i0.wp.com\/blogdoprosperi.com\/wp-content\/uploads\/2024\/11\/dscn6732.webp?fit=924%2C596&ssl=1&resize=350%2C200","width":350,"height":200,"srcset":"https:\/\/i0.wp.com\/blogdoprosperi.com\/wp-content\/uploads\/2024\/11\/dscn6732.webp?fit=924%2C596&ssl=1&resize=350%2C200 1x, https:\/\/i0.wp.com\/blogdoprosperi.com\/wp-content\/uploads\/2024\/11\/dscn6732.webp?fit=924%2C596&ssl=1&resize=525%2C300 1.5x, https:\/\/i0.wp.com\/blogdoprosperi.com\/wp-content\/uploads\/2024\/11\/dscn6732.webp?fit=924%2C596&ssl=1&resize=700%2C400 2x"},"classes":[]},{"id":47518,"url":"https:\/\/blogdoprosperi.com\/?p=47518","url_meta":{"origin":47609,"position":5},"title":"Nem Jesus Quer Neymar, Santos Sim","author":"Luiz Ant\u00f4nio Pr\u00f3speri","date":"17 de janeiro de 2025","format":false,"excerpt":"Neymar procura um time para voltar ao futebol. Farra da Ar\u00e1bia Saudita chega ao fim com o decreto de Jesus, o Jorge, t\u00e9cnico do Al-Hilal. Aos 33 anos, craque brasileiro procura outra freguesia. Santos aposta no lado emocional e trabalha com os \u00e1rabes por empr\u00e9stimo de seis meses. \u201cO Neymar\u2026","rel":"","context":"Em &quot;futebol&quot;","block_context":{"text":"futebol","link":"https:\/\/blogdoprosperi.com\/?cat=53870"},"img":{"alt_text":"","src":"https:\/\/i0.wp.com\/blogdoprosperi.com\/wp-content\/uploads\/2023\/08\/fywhikqxsaiayz0.jpg?fit=720%2C720&ssl=1&resize=350%2C200","width":350,"height":200,"srcset":"https:\/\/i0.wp.com\/blogdoprosperi.com\/wp-content\/uploads\/2023\/08\/fywhikqxsaiayz0.jpg?fit=720%2C720&ssl=1&resize=350%2C200 1x, https:\/\/i0.wp.com\/blogdoprosperi.com\/wp-content\/uploads\/2023\/08\/fywhikqxsaiayz0.jpg?fit=720%2C720&ssl=1&resize=525%2C300 1.5x, https:\/\/i0.wp.com\/blogdoprosperi.com\/wp-content\/uploads\/2023\/08\/fywhikqxsaiayz0.jpg?fit=720%2C720&ssl=1&resize=700%2C400 2x"},"classes":[]}],"jetpack_featured_media_url":"https:\/\/i0.wp.com\/blogdoprosperi.com\/wp-content\/uploads\/2025\/01\/captura-de-tela-2025-01-27-as-20.17.54.png?fit=1148%2C1074&ssl=1","_links":{"self":[{"href":"https:\/\/blogdoprosperi.com\/index.php?rest_route=\/wp\/v2\/posts\/47609","targetHints":{"allow":["GET"]}}],"collection":[{"href":"https:\/\/blogdoprosperi.com\/index.php?rest_route=\/wp\/v2\/posts"}],"about":[{"href":"https:\/\/blogdoprosperi.com\/index.php?rest_route=\/wp\/v2\/types\/post"}],"author":[{"embeddable":true,"href":"https:\/\/blogdoprosperi.com\/index.php?rest_route=\/wp\/v2\/users\/102107496"}],"replies":[{"embeddable":true,"href":"https:\/\/blogdoprosperi.com\/index.php?rest_route=%2Fwp%2Fv2%2Fcomments&post=47609"}],"version-history":[{"count":24,"href":"https:\/\/blogdoprosperi.com\/index.php?rest_route=\/wp\/v2\/posts\/47609\/revisions"}],"predecessor-version":[{"id":47654,"href":"https:\/\/blogdoprosperi.com\/index.php?rest_route=\/wp\/v2\/posts\/47609\/revisions\/47654"}],"wp:featuredmedia":[{"embeddable":true,"href":"https:\/\/blogdoprosperi.com\/index.php?rest_route=\/wp\/v2\/media\/47648"}],"wp:attachment":[{"href":"https:\/\/blogdoprosperi.com\/index.php?rest_route=%2Fwp%2Fv2%2Fmedia&parent=47609"}],"wp:term":[{"taxonomy":"category","embeddable":true,"href":"https:\/\/blogdoprosperi.com\/index.php?rest_route=%2Fwp%2Fv2%2Fcategories&post=47609"},{"taxonomy":"post_tag","embeddable":true,"href":"https:\/\/blogdoprosperi.com\/index.php?rest_route=%2Fwp%2Fv2%2Ftags&post=47609"}],"curies":[{"name":"wp","href":"https:\/\/api.w.org\/{rel}","templated":true}]}}