{"id":47632,"date":"2025-01-27T18:46:54","date_gmt":"2025-01-27T21:46:54","guid":{"rendered":"https:\/\/blogdoprosperi.com\/?p=47632"},"modified":"2025-01-27T18:46:54","modified_gmt":"2025-01-27T21:46:54","slug":"faltam-500-dias-para-copa-do-mundo-2026-nos-eua-trump-vai-facilitar-visto-de-entrada-dos-torcedores","status":"publish","type":"post","link":"https:\/\/blogdoprosperi.com\/?p=47632","title":{"rendered":"Faltam 500 Dias Para Copa do Mundo 2026 nos EUA | Trump Vai Facilitar Visto de Entrada dos Torcedores?"},"content":{"rendered":"<p><em>Luiz Ant\u00f4nio Pr\u00f3speri \u2013 27 janeiro (18h40) \u2013<\/em><\/p>\n<p>Faltam 500 dias para a Copa do Mundo 2026. Estados Unidos, M\u00e9xico e Canad\u00e1 receber\u00e3o 104 jogos \u00a0do torneio \u2013 a maioria ser\u00e1 disputada em territ\u00f3rio dos EUA. Fifa convida os torcedores a embarcarem aos tr\u00eas pa\u00edses no per\u00edodo da Copa para desfrutar do futebol, turismo e infra-estrutura das cidades-sede. A Fifa <strong>estima que 5 milh\u00f5es de torcedores acompanhar\u00e3o os jogos nos est\u00e1dios<\/strong>. Cabe a pergunta: Donald Trump vai facilitar a vida dos turistas em visita aos EUA durante a Copa? E mais: como e a quem ser\u00e3o concedidos os vistos de entrada no pa\u00eds de Trump, em franca pol\u00edtica de escorra\u00e7ar os imigrantes em terras americanas?<\/p>\n<p>Fifa, por enquanto, n\u00e3o tem respostas. Presidente Gianni Infantino negocia diretamente com Trump, a quem se diz amigo e frequentador de sua resid\u00eancia.<\/p>\n<p>N\u00e3o parece ser uma miss\u00e3o f\u00e1cil. \u00c9 bem prov\u00e1vel que a Copa 2026 ser\u00e1 acompanhada in loco mais por americanos do que torcedores de outros pa\u00edses.<\/p>\n<hr \/>\n<p><em>Confira comunicado oficial da Fifa:<\/em><\/p>\n<ul>\n<li><em>Nesta segunda-feira, 27 de janeiro, come\u00e7a a contagem regressiva de 500 dias at\u00e9 o in\u00edcio da Copa do Mundo FIFA 26\u2122, no Est\u00e1dio Azteca, na Cidade do M\u00e9xico, em 11 de junho de 2026.<\/em><\/li>\n<li><em>Canad\u00e1, M\u00e9xico e Estados Unidos organizar\u00e3o <strong>em conjunto um torneio cujo formato foi ampliado para 48 sele\u00e7\u00f5es e ser\u00e1 a primeira edi\u00e7\u00e3o da Copa do Mundo<\/strong> da FIFA a ser realizada em tr\u00eas pa\u00edses<\/em><\/li>\n<li><em>Dezesseis cidades-sede se preparam para receber os mais de cinco milh\u00f5es de torcedores que vir\u00e3o de todo o mundo<\/em><\/li>\n<\/ul>\n<p>Come\u00e7a a contagem regressiva para a Copa do Mundo. Hoje, segunda-feira, 27 de janeiro, faltam exatamente 500 dias para o in\u00edcio de uma hist\u00f3rica Copa do Mundo FIFA 2026\u2122 em<i>\u00a0<\/i><em>no Est\u00e1dio Azteca, na Cidade do M\u00e9xico, na ter\u00e7a-feira, 11 de junho de 2026.<\/em><\/p>\n<p><strong>Mais de cinco milh\u00f5es de torcedores dever\u00e3o visitar Canad\u00e1, M\u00e9xico e Estados Unidos para assistir aos 104 jogos<\/strong> desta edi\u00e7\u00e3o, cujo formato foi ampliado para 48 sele\u00e7\u00f5es, e outros seis bilh\u00f5es de pessoas dever\u00e3o acompanhar de suas casas ao redor do mundo.<\/p>\n<p>Este espet\u00e1culo \u00fanico de 39 dias est\u00e1 cada vez mais pr\u00f3ximo. <span style=\"color: #0000ff\"><strong><a style=\"color: #0000ff\" href=\"https:\/\/blogdoprosperi.com\/2025\/01\/21\/posse-de-trump-fifa-se-rende-ao-presidente-dos-estados-unidos\/\">A FIFA intensificar\u00e1 os preparativos em 2025, sempre em conjunto com os pa\u00edses coorganizadores e cidades-sede,<\/a><\/strong><\/span> parceiros e patrocinadores oficiais, m\u00eddia e outros grupos de interesse; per\u00edodo durante o qual ser\u00e3o alcan\u00e7ados marcos importantes.<\/p>\n<p>As eliminat\u00f3rias para a Copa do Mundo come\u00e7ar\u00e3o a ser definidas em todas as confedera\u00e7\u00f5es: \u00c1frica (CAF), \u00c1sia (AFC), Europa (UEFA), Am\u00e9rica do Norte, Am\u00e9rica Central e Caribe (CONCACAF), Oceania (OFC) e Am\u00e9rica do Sul ( CONMEBOL). Dentro de alguns meses conheceremos as primeiras na\u00e7\u00f5es que se juntar\u00e3o ao Canad\u00e1, M\u00e9xico e Estados Unidos como parte das 48 equipes participantes.<\/p>\n<p>Fora do campo, acontecer\u00e3o eventos emocionantes como a inaugura\u00e7\u00e3o dos cartazes oficiais do local, o in\u00edcio da venda de ingressos e servi\u00e7os, pacotes de hospitalidade, o sorteio final e outros an\u00fancios e atividades que ir\u00e3o cativar os f\u00e3s do jogo.<\/p>\n<p>Embora<strong> muitos dos preparativos feitos pela FIFA e pelas 16 cidades-sede s\u00f3 ser\u00e3o totalmente vis\u00edveis quando os torcedores chegarem \u00e0 Am\u00e9rica do Norte em junho e julho de 2026<\/strong>, j\u00e1 existem exemplos tang\u00edveis dessa colabora\u00e7\u00e3o cont\u00ednua, como o projeto de filmagem realizado nos diferentes locais.<\/p>\n<p>A FIFA contratou grandes especialistas na \u00e1rea de filmagens a\u00e9reas para captar os lugares emblem\u00e1ticos e aspectos do cotidiano de cada sede, entre abril e agosto de 2024. Foram gravados mais de 60 dias de conte\u00fado, materializados em uma s\u00e9rie de\u00a0<a href=\"https:\/\/extranets.fifa.com\/Public\/MailClickTrackingHandler.ashx?id=2302499_es&amp;name=gSxs2RqpkYhOJORPaTc%2bqPJqQz9%2fEXIks5zHey5IvYJ9O%2b9v1FUAlAtsRWd4NAXATxxFrpwkstcirk7muZiss6CayUtZox06&amp;target=f%2baONvpNyUeXFHX2av0uvhirFmQWpCkrua8GcY%2bQrx8%3d\" target=\"_blank\" rel=\"noopener\"><strong><u><\/u><span style=\"color: #0000ff\">imagens \u00fanicas que destacam a diversidade das 16 cidades<\/span><\/strong><u><\/u><\/a>\u00a0para p\u00fablicos em todo o mundo. O conte\u00fado foi fornecido \u00e0 m\u00eddia oficial parceira da FIFA e ser\u00e1 inclu\u00eddo em transmiss\u00f5es e promo\u00e7\u00f5es relacionadas \u00e0 competi\u00e7\u00e3o antes e durante o torneio.<\/p>\n<p>Os bilh\u00f5es de torcedores que acompanhar\u00e3o a competi\u00e7\u00e3o entre 11 de junho e 19 de julho de 2026 n\u00e3o s\u00f3 poder\u00e3o desfrutar do melhor futebol do mundo, <strong>mas tamb\u00e9m poder\u00e3o conhecer os torcedores, as culturas, os lugares emblem\u00e1ticos e as riquezas naturais e estruturas arquitet\u00f4nicas de<\/strong> Atlanta, Boston, Cidade do M\u00e9xico, Dallas, Filad\u00e9lfia, Guadalajara, Houston, Kansas City, Ba\u00eda de S\u00e3o Francisco, Los Angeles, Miami, Monterrey, Nova York, Nova Jersey, Seattle, Toronto e Vancouver.<\/p>\n<p>Continue contando conosco os meses, semanas, dias, horas, minutos e segundos at\u00e9 a Copa do Mundo FIFA 26\u2122, que ser\u00e1 sem d\u00favida a maior exibi\u00e7\u00e3o do belo jogo da hist\u00f3ria. Os f\u00e3s podem se inscrever para adquirir ingressos em\u00a0<a href=\"https:\/\/extranets.fifa.com\/Public\/MailClickTrackingHandler.ashx?id=2302499_es&amp;name=mOCBhvApfTQO6IuuqctkIn1A3%2bG1%2fpeN&amp;target=f%2baONvpNyUd6Q4r8MEyh6R%2fcHIGfFUKV6A8HO4Yh%2bCg%3d\" target=\"_blank\" rel=\"noopener\"><strong><u><\/u>FIFA.com\/ingressos<\/strong><u><\/u><\/a>\u00a0e consulte mais informa\u00e7\u00f5es sobre o torneio em\u00a0<strong><a href=\"https:\/\/extranets.fifa.com\/Public\/MailClickTrackingHandler.ashx?id=2302499_es&amp;name=mOCBhvApfTR9QN%2fhtf6XjQ%3d%3d&amp;target=cr1zN0sMxkcL2GZvblRAv99B%2bXGDljzW\" target=\"_blank\" rel=\"noopener\"><u><\/u><span style=\"color: #0000ff\">FIFA.com.<\/span><\/a><\/strong><\/p>\n","protected":false},"excerpt":{"rendered":"<p>Luiz Ant\u00f4nio Pr\u00f3speri \u2013 27 janeiro (18h40) \u2013 Faltam 500 dias para a Copa do Mundo 2026. Estados [&hellip;]<\/p>\n","protected":false},"author":102107496,"featured_media":47637,"comment_status":"open","ping_status":"open","sticky":false,"template":"","format":"standard","meta":{"_coblocks_attr":"","_coblocks_dimensions":"","_coblocks_responsive_height":"","_coblocks_accordion_ie_support":"","_jetpack_newsletter_access":"","_jetpack_dont_email_post_to_subs":false,"_jetpack_newsletter_tier_id":0,"_jetpack_memberships_contains_paywalled_content":false,"_wpcom_ai_launchpad_first_post":false,"_jetpack_feature_clip_id":0,"_jetpack_memberships_contains_paid_content":false,"footnotes":"","jetpack_publicize_message":"","jetpack_publicize_feature_enabled":true,"jetpack_social_post_already_shared":false,"jetpack_social_options":{"image_generator_settings":{"template":"highway","default_image_id":0,"font":"","enabled":false},"version":2},"jetpack_post_was_ever_published":false},"categories":[53870,20384],"tags":[777776565,789560577,189091,777776564,789560563,789560560,777776658,789560573],"class_list":["post-47632","post","type-post","status-publish","format-standard","has-post-thumbnail","hentry","category-futebol","category-informacao","tag-500-dias-da-copa","tag-copa-do-mundo-2026","tag-donald-trump","tag-estados-unidos-imigrantes","tag-fifa","tag-futebol","tag-ingresso-copa-2026","tag-luiz-antonio-prosperi"],"yoast_head":"<!-- This site is optimized with the Yoast SEO plugin v28.3 - https:\/\/yoast.com\/product\/yoast-seo-wordpress\/ -->\n<title>Faltam 500 Dias Para Copa do Mundo 2026 nos EUA | Trump Vai Facilitar Visto de Entrada dos Torcedores? - PR\u00d3SPERI NEWS<\/title>\n<meta name=\"robots\" content=\"index, follow, max-snippet:-1, max-image-preview:large, max-video-preview:-1\" \/>\n<link rel=\"canonical\" href=\"https:\/\/blogdoprosperi.com\/?p=47632\" \/>\n<meta property=\"og:locale\" content=\"pt_BR\" \/>\n<meta property=\"og:type\" content=\"article\" \/>\n<meta property=\"og:title\" content=\"Faltam 500 Dias Para Copa do Mundo 2026 nos EUA | Trump Vai Facilitar Visto de Entrada dos Torcedores? - PR\u00d3SPERI NEWS\" \/>\n<meta property=\"og:description\" content=\"Luiz Ant\u00f4nio Pr\u00f3speri \u2013 27 janeiro (18h40) \u2013 Faltam 500 dias para a Copa do Mundo 2026. Estados [&hellip;]\" \/>\n<meta property=\"og:url\" content=\"https:\/\/blogdoprosperi.com\/?p=47632\" \/>\n<meta property=\"og:site_name\" content=\"PR\u00d3SPERI NEWS\" \/>\n<meta property=\"article:publisher\" content=\"Luiz Pr\u00f3speri\" \/>\n<meta property=\"article:author\" content=\"Luiz Pr\u00f3speri\" \/>\n<meta property=\"article:published_time\" content=\"2025-01-27T21:46:54+00:00\" \/>\n<meta property=\"og:image\" content=\"https:\/\/i0.wp.com\/blogdoprosperi.com\/wp-content\/uploads\/2025\/01\/unnamed.jpg?fit=560%2C315&ssl=1\" \/>\n\t<meta property=\"og:image:width\" content=\"560\" \/>\n\t<meta property=\"og:image:height\" content=\"315\" \/>\n\t<meta property=\"og:image:type\" content=\"image\/jpeg\" \/>\n<meta name=\"author\" content=\"Luiz Ant\u00f4nio Pr\u00f3speri\" \/>\n<meta name=\"twitter:card\" content=\"summary_large_image\" \/>\n<meta name=\"twitter:creator\" content=\"@Luizprosperi\" \/>\n<meta name=\"twitter:site\" content=\"@Luizprosperi\" \/>\n<meta name=\"twitter:label1\" content=\"Escrito por\" \/>\n\t<meta name=\"twitter:data1\" content=\"Luiz Ant\u00f4nio Pr\u00f3speri\" \/>\n\t<meta name=\"twitter:label2\" content=\"Est. tempo de leitura\" \/>\n\t<meta name=\"twitter:data2\" content=\"4 minutos\" \/>\n<script type=\"application\/ld+json\" class=\"yoast-schema-graph\">{\"@context\":\"https:\\\/\\\/schema.org\",\"@graph\":[{\"@type\":\"Article\",\"@id\":\"https:\\\/\\\/blogdoprosperi.com\\\/?p=47632#article\",\"isPartOf\":{\"@id\":\"https:\\\/\\\/blogdoprosperi.com\\\/?p=47632\"},\"author\":{\"name\":\"Luiz Ant\u00f4nio Pr\u00f3speri\",\"@id\":\"https:\\\/\\\/blogdoprosperi.com\\\/#\\\/schema\\\/person\\\/38100755ce3601861ee4fab9b5aa78e9\"},\"headline\":\"Faltam 500 Dias Para Copa do Mundo 2026 nos EUA | Trump Vai Facilitar Visto de Entrada dos Torcedores?\",\"datePublished\":\"2025-01-27T21:46:54+00:00\",\"mainEntityOfPage\":{\"@id\":\"https:\\\/\\\/blogdoprosperi.com\\\/?p=47632\"},\"wordCount\":821,\"commentCount\":0,\"publisher\":{\"@id\":\"https:\\\/\\\/blogdoprosperi.com\\\/#\\\/schema\\\/person\\\/38100755ce3601861ee4fab9b5aa78e9\"},\"image\":{\"@id\":\"https:\\\/\\\/blogdoprosperi.com\\\/?p=47632#primaryimage\"},\"thumbnailUrl\":\"https:\\\/\\\/i0.wp.com\\\/blogdoprosperi.com\\\/wp-content\\\/uploads\\\/2025\\\/01\\\/unnamed.jpg?fit=560%2C315&ssl=1\",\"keywords\":[\"500 dias da Copa\",\"copa do mundo 2026\",\"donald trump\",\"Estados Unidos imigrantes\",\"Fifa\",\"futebol\",\"ingresso copa 2026\",\"Luiz Ant\u00f4nio Pr\u00f3speri\"],\"articleSection\":[\"futebol\",\"informa\u00e7\u00e3o\"],\"inLanguage\":\"pt-BR\",\"potentialAction\":[{\"@type\":\"CommentAction\",\"name\":\"Comment\",\"target\":[\"https:\\\/\\\/blogdoprosperi.com\\\/?p=47632#respond\"]}]},{\"@type\":\"WebPage\",\"@id\":\"https:\\\/\\\/blogdoprosperi.com\\\/?p=47632\",\"url\":\"https:\\\/\\\/blogdoprosperi.com\\\/?p=47632\",\"name\":\"Faltam 500 Dias Para Copa do Mundo 2026 nos EUA | Trump Vai Facilitar Visto de Entrada dos Torcedores? - PR\u00d3SPERI NEWS\",\"isPartOf\":{\"@id\":\"https:\\\/\\\/blogdoprosperi.com\\\/#website\"},\"primaryImageOfPage\":{\"@id\":\"https:\\\/\\\/blogdoprosperi.com\\\/?p=47632#primaryimage\"},\"image\":{\"@id\":\"https:\\\/\\\/blogdoprosperi.com\\\/?p=47632#primaryimage\"},\"thumbnailUrl\":\"https:\\\/\\\/i0.wp.com\\\/blogdoprosperi.com\\\/wp-content\\\/uploads\\\/2025\\\/01\\\/unnamed.jpg?fit=560%2C315&ssl=1\",\"datePublished\":\"2025-01-27T21:46:54+00:00\",\"breadcrumb\":{\"@id\":\"https:\\\/\\\/blogdoprosperi.com\\\/?p=47632#breadcrumb\"},\"inLanguage\":\"pt-BR\",\"potentialAction\":[{\"@type\":\"ReadAction\",\"target\":[\"https:\\\/\\\/blogdoprosperi.com\\\/?p=47632\"]}]},{\"@type\":\"ImageObject\",\"inLanguage\":\"pt-BR\",\"@id\":\"https:\\\/\\\/blogdoprosperi.com\\\/?p=47632#primaryimage\",\"url\":\"https:\\\/\\\/i0.wp.com\\\/blogdoprosperi.com\\\/wp-content\\\/uploads\\\/2025\\\/01\\\/unnamed.jpg?fit=560%2C315&ssl=1\",\"contentUrl\":\"https:\\\/\\\/i0.wp.com\\\/blogdoprosperi.com\\\/wp-content\\\/uploads\\\/2025\\\/01\\\/unnamed.jpg?fit=560%2C315&ssl=1\",\"width\":560,\"height\":315,\"caption\":\"Trump vai facilitar vistos de torcedores na Copa? \u2013 foto: Fifa oficial\"},{\"@type\":\"BreadcrumbList\",\"@id\":\"https:\\\/\\\/blogdoprosperi.com\\\/?p=47632#breadcrumb\",\"itemListElement\":[{\"@type\":\"ListItem\",\"position\":1,\"name\":\"In\u00edcio\",\"item\":\"https:\\\/\\\/blogdoprosperi.com\\\/\"},{\"@type\":\"ListItem\",\"position\":2,\"name\":\"Faltam 500 Dias Para Copa do Mundo 2026 nos EUA | Trump Vai Facilitar Visto de Entrada dos Torcedores?\"}]},{\"@type\":\"WebSite\",\"@id\":\"https:\\\/\\\/blogdoprosperi.com\\\/#website\",\"url\":\"https:\\\/\\\/blogdoprosperi.com\\\/\",\"name\":\"PR\u00d3SPERI NEWS\",\"description\":\"TUDO \u00c9  FUTEBOL\",\"publisher\":{\"@id\":\"https:\\\/\\\/blogdoprosperi.com\\\/#\\\/schema\\\/person\\\/38100755ce3601861ee4fab9b5aa78e9\"},\"alternateName\":\"blogdoprosperi.com\",\"potentialAction\":[{\"@type\":\"SearchAction\",\"target\":{\"@type\":\"EntryPoint\",\"urlTemplate\":\"https:\\\/\\\/blogdoprosperi.com\\\/?s={search_term_string}\"},\"query-input\":{\"@type\":\"PropertyValueSpecification\",\"valueRequired\":true,\"valueName\":\"search_term_string\"}}],\"inLanguage\":\"pt-BR\"},{\"@type\":[\"Person\",\"Organization\"],\"@id\":\"https:\\\/\\\/blogdoprosperi.com\\\/#\\\/schema\\\/person\\\/38100755ce3601861ee4fab9b5aa78e9\",\"name\":\"Luiz Ant\u00f4nio Pr\u00f3speri\",\"pronouns\":\"ele\",\"image\":{\"@type\":\"ImageObject\",\"inLanguage\":\"pt-BR\",\"@id\":\"https:\\\/\\\/i0.wp.com\\\/blogdoprosperi.com\\\/wp-content\\\/uploads\\\/2026\\\/05\\\/cropped-8059e613-6002-42fa-961e-8e275f575d71-2-5.jpg?fit=1360%2C931&ssl=1\",\"url\":\"https:\\\/\\\/i0.wp.com\\\/blogdoprosperi.com\\\/wp-content\\\/uploads\\\/2026\\\/05\\\/cropped-8059e613-6002-42fa-961e-8e275f575d71-2-5.jpg?fit=1360%2C931&ssl=1\",\"contentUrl\":\"https:\\\/\\\/i0.wp.com\\\/blogdoprosperi.com\\\/wp-content\\\/uploads\\\/2026\\\/05\\\/cropped-8059e613-6002-42fa-961e-8e275f575d71-2-5.jpg?fit=1360%2C931&ssl=1\",\"width\":1360,\"height\":931,\"caption\":\"Luiz Ant\u00f4nio Pr\u00f3speri\"},\"logo\":{\"@id\":\"https:\\\/\\\/i0.wp.com\\\/blogdoprosperi.com\\\/wp-content\\\/uploads\\\/2026\\\/05\\\/cropped-8059e613-6002-42fa-961e-8e275f575d71-2-5.jpg?fit=1360%2C931&ssl=1\"},\"description\":\"Jornalista com carreira dedicada ao esporte. Cobriu 9 Copas do Mundo in loco, 1990 na It\u00e1lia, 1994 nos EUA, 1998 na Fran\u00e7a, 2002 na Coreia do Sul e Jap\u00e3o, 2006 na Alemanha, 2010 na \u00c1frica do Sul, 2014 no Brasil, 2018 na R\u00fassia e 2022 no Qatar. Eurocopas, 1992 na Su\u00e9cia e 1996 na Inglaterra. Copa das Confedera\u00e7\u00f5es de 2005 na Alemanha e 2009 na \u00c1frica do Sul. Rep\u00f3rter e Editor, trabalhou no Jornal da Tarde e Estad\u00e3o, de 1984 a fevereiro de 2016. Colunista, blogueiro. E comentarista de futebol na R\u00e1dio Estad\u00e3o, de 2013 a fevereiro de 2016. Jornalista respons\u00e1vel do \\\"Pr\u00f3speri News\\\" (blogdoprosperi.com).\",\"sameAs\":[\"http:\\\/\\\/blogdoprosperi.com\",\"Luiz Pr\u00f3speri\",\"@luiz_prosperi\",\"https:\\\/\\\/x.com\\\/Luizprosperi\",\"@prosperinacopa\",\"luiz.prosperi@icloud.com\"],\"url\":\"https:\\\/\\\/blogdoprosperi.com\\\/?author=102107496\"}]}<\/script>\n<!-- \/ Yoast SEO plugin. -->","yoast_head_json":{"title":"Faltam 500 Dias Para Copa do Mundo 2026 nos EUA | Trump Vai Facilitar Visto de Entrada dos Torcedores? - PR\u00d3SPERI NEWS","robots":{"index":"index","follow":"follow","max-snippet":"max-snippet:-1","max-image-preview":"max-image-preview:large","max-video-preview":"max-video-preview:-1"},"canonical":"https:\/\/blogdoprosperi.com\/?p=47632","og_locale":"pt_BR","og_type":"article","og_title":"Faltam 500 Dias Para Copa do Mundo 2026 nos EUA | Trump Vai Facilitar Visto de Entrada dos Torcedores? - PR\u00d3SPERI NEWS","og_description":"Luiz Ant\u00f4nio Pr\u00f3speri \u2013 27 janeiro (18h40) \u2013 Faltam 500 dias para a Copa do Mundo 2026. Estados [&hellip;]","og_url":"https:\/\/blogdoprosperi.com\/?p=47632","og_site_name":"PR\u00d3SPERI NEWS","article_publisher":"Luiz Pr\u00f3speri","article_author":"Luiz Pr\u00f3speri","article_published_time":"2025-01-27T21:46:54+00:00","og_image":[{"width":560,"height":315,"url":"https:\/\/i0.wp.com\/blogdoprosperi.com\/wp-content\/uploads\/2025\/01\/unnamed.jpg?fit=560%2C315&ssl=1","type":"image\/jpeg"}],"author":"Luiz Ant\u00f4nio Pr\u00f3speri","twitter_card":"summary_large_image","twitter_creator":"@Luizprosperi","twitter_site":"@Luizprosperi","twitter_misc":{"Escrito por":"Luiz Ant\u00f4nio Pr\u00f3speri","Est. tempo de leitura":"4 minutos"},"schema":{"@context":"https:\/\/schema.org","@graph":[{"@type":"Article","@id":"https:\/\/blogdoprosperi.com\/?p=47632#article","isPartOf":{"@id":"https:\/\/blogdoprosperi.com\/?p=47632"},"author":{"name":"Luiz Ant\u00f4nio Pr\u00f3speri","@id":"https:\/\/blogdoprosperi.com\/#\/schema\/person\/38100755ce3601861ee4fab9b5aa78e9"},"headline":"Faltam 500 Dias Para Copa do Mundo 2026 nos EUA | Trump Vai Facilitar Visto de Entrada dos Torcedores?","datePublished":"2025-01-27T21:46:54+00:00","mainEntityOfPage":{"@id":"https:\/\/blogdoprosperi.com\/?p=47632"},"wordCount":821,"commentCount":0,"publisher":{"@id":"https:\/\/blogdoprosperi.com\/#\/schema\/person\/38100755ce3601861ee4fab9b5aa78e9"},"image":{"@id":"https:\/\/blogdoprosperi.com\/?p=47632#primaryimage"},"thumbnailUrl":"https:\/\/i0.wp.com\/blogdoprosperi.com\/wp-content\/uploads\/2025\/01\/unnamed.jpg?fit=560%2C315&ssl=1","keywords":["500 dias da Copa","copa do mundo 2026","donald trump","Estados Unidos imigrantes","Fifa","futebol","ingresso copa 2026","Luiz Ant\u00f4nio Pr\u00f3speri"],"articleSection":["futebol","informa\u00e7\u00e3o"],"inLanguage":"pt-BR","potentialAction":[{"@type":"CommentAction","name":"Comment","target":["https:\/\/blogdoprosperi.com\/?p=47632#respond"]}]},{"@type":"WebPage","@id":"https:\/\/blogdoprosperi.com\/?p=47632","url":"https:\/\/blogdoprosperi.com\/?p=47632","name":"Faltam 500 Dias Para Copa do Mundo 2026 nos EUA | Trump Vai Facilitar Visto de Entrada dos Torcedores? - PR\u00d3SPERI NEWS","isPartOf":{"@id":"https:\/\/blogdoprosperi.com\/#website"},"primaryImageOfPage":{"@id":"https:\/\/blogdoprosperi.com\/?p=47632#primaryimage"},"image":{"@id":"https:\/\/blogdoprosperi.com\/?p=47632#primaryimage"},"thumbnailUrl":"https:\/\/i0.wp.com\/blogdoprosperi.com\/wp-content\/uploads\/2025\/01\/unnamed.jpg?fit=560%2C315&ssl=1","datePublished":"2025-01-27T21:46:54+00:00","breadcrumb":{"@id":"https:\/\/blogdoprosperi.com\/?p=47632#breadcrumb"},"inLanguage":"pt-BR","potentialAction":[{"@type":"ReadAction","target":["https:\/\/blogdoprosperi.com\/?p=47632"]}]},{"@type":"ImageObject","inLanguage":"pt-BR","@id":"https:\/\/blogdoprosperi.com\/?p=47632#primaryimage","url":"https:\/\/i0.wp.com\/blogdoprosperi.com\/wp-content\/uploads\/2025\/01\/unnamed.jpg?fit=560%2C315&ssl=1","contentUrl":"https:\/\/i0.wp.com\/blogdoprosperi.com\/wp-content\/uploads\/2025\/01\/unnamed.jpg?fit=560%2C315&ssl=1","width":560,"height":315,"caption":"Trump vai facilitar vistos de torcedores na Copa? \u2013 foto: Fifa oficial"},{"@type":"BreadcrumbList","@id":"https:\/\/blogdoprosperi.com\/?p=47632#breadcrumb","itemListElement":[{"@type":"ListItem","position":1,"name":"In\u00edcio","item":"https:\/\/blogdoprosperi.com\/"},{"@type":"ListItem","position":2,"name":"Faltam 500 Dias Para Copa do Mundo 2026 nos EUA | Trump Vai Facilitar Visto de Entrada dos Torcedores?"}]},{"@type":"WebSite","@id":"https:\/\/blogdoprosperi.com\/#website","url":"https:\/\/blogdoprosperi.com\/","name":"PR\u00d3SPERI NEWS","description":"TUDO \u00c9  FUTEBOL","publisher":{"@id":"https:\/\/blogdoprosperi.com\/#\/schema\/person\/38100755ce3601861ee4fab9b5aa78e9"},"alternateName":"blogdoprosperi.com","potentialAction":[{"@type":"SearchAction","target":{"@type":"EntryPoint","urlTemplate":"https:\/\/blogdoprosperi.com\/?s={search_term_string}"},"query-input":{"@type":"PropertyValueSpecification","valueRequired":true,"valueName":"search_term_string"}}],"inLanguage":"pt-BR"},{"@type":["Person","Organization"],"@id":"https:\/\/blogdoprosperi.com\/#\/schema\/person\/38100755ce3601861ee4fab9b5aa78e9","name":"Luiz Ant\u00f4nio Pr\u00f3speri","pronouns":"ele","image":{"@type":"ImageObject","inLanguage":"pt-BR","@id":"https:\/\/i0.wp.com\/blogdoprosperi.com\/wp-content\/uploads\/2026\/05\/cropped-8059e613-6002-42fa-961e-8e275f575d71-2-5.jpg?fit=1360%2C931&ssl=1","url":"https:\/\/i0.wp.com\/blogdoprosperi.com\/wp-content\/uploads\/2026\/05\/cropped-8059e613-6002-42fa-961e-8e275f575d71-2-5.jpg?fit=1360%2C931&ssl=1","contentUrl":"https:\/\/i0.wp.com\/blogdoprosperi.com\/wp-content\/uploads\/2026\/05\/cropped-8059e613-6002-42fa-961e-8e275f575d71-2-5.jpg?fit=1360%2C931&ssl=1","width":1360,"height":931,"caption":"Luiz Ant\u00f4nio Pr\u00f3speri"},"logo":{"@id":"https:\/\/i0.wp.com\/blogdoprosperi.com\/wp-content\/uploads\/2026\/05\/cropped-8059e613-6002-42fa-961e-8e275f575d71-2-5.jpg?fit=1360%2C931&ssl=1"},"description":"Jornalista com carreira dedicada ao esporte. Cobriu 9 Copas do Mundo in loco, 1990 na It\u00e1lia, 1994 nos EUA, 1998 na Fran\u00e7a, 2002 na Coreia do Sul e Jap\u00e3o, 2006 na Alemanha, 2010 na \u00c1frica do Sul, 2014 no Brasil, 2018 na R\u00fassia e 2022 no Qatar. Eurocopas, 1992 na Su\u00e9cia e 1996 na Inglaterra. Copa das Confedera\u00e7\u00f5es de 2005 na Alemanha e 2009 na \u00c1frica do Sul. Rep\u00f3rter e Editor, trabalhou no Jornal da Tarde e Estad\u00e3o, de 1984 a fevereiro de 2016. Colunista, blogueiro. E comentarista de futebol na R\u00e1dio Estad\u00e3o, de 2013 a fevereiro de 2016. Jornalista respons\u00e1vel do \"Pr\u00f3speri News\" (blogdoprosperi.com).","sameAs":["http:\/\/blogdoprosperi.com","Luiz Pr\u00f3speri","@luiz_prosperi","https:\/\/x.com\/Luizprosperi","@prosperinacopa","luiz.prosperi@icloud.com"],"url":"https:\/\/blogdoprosperi.com\/?author=102107496"}]}},"jetpack_publicize_connections":[],"jetpack_likes_enabled":false,"jetpack_sharing_enabled":true,"jetpack_shortlink":"https:\/\/wp.me\/p7jvdk-cog","jetpack-related-posts":[{"id":47565,"url":"https:\/\/blogdoprosperi.com\/?p=47565","url_meta":{"origin":47632,"position":0},"title":"Posse de Trump | Fifa Se Rende ao Presidente dos Estados Unidos","author":"Luiz Ant\u00f4nio Pr\u00f3speri","date":"21 de janeiro de 2025","format":false,"excerpt":"Luiz Ant\u00f4nio Pr\u00f3speri \u2013 21 janeiro (9h35) \u2013 Futebol e pol\u00edtica se completam. Ainda mais quando se tem no comando da Fifa dirigentes preocupados com a grana e pouco ligados \u00e0s quest\u00f5es internas de pa\u00edses escolhidos sede de grandes eventos. Veja o caso dos Estados Unidos, anfitri\u00f5es do Mundial de\u2026","rel":"","context":"Em &quot;Fifa&quot;","block_context":{"text":"Fifa","link":"https:\/\/blogdoprosperi.com\/?cat=187969"},"img":{"alt_text":"Fifa vai onde est\u00e1 o dinheiro","src":"https:\/\/i0.wp.com\/blogdoprosperi.com\/wp-content\/uploads\/2025\/01\/captura-de-tela-2025-01-21-as-08.38.37.jpg?fit=1200%2C608&ssl=1&resize=350%2C200","width":350,"height":200,"srcset":"https:\/\/i0.wp.com\/blogdoprosperi.com\/wp-content\/uploads\/2025\/01\/captura-de-tela-2025-01-21-as-08.38.37.jpg?fit=1200%2C608&ssl=1&resize=350%2C200 1x, https:\/\/i0.wp.com\/blogdoprosperi.com\/wp-content\/uploads\/2025\/01\/captura-de-tela-2025-01-21-as-08.38.37.jpg?fit=1200%2C608&ssl=1&resize=525%2C300 1.5x, https:\/\/i0.wp.com\/blogdoprosperi.com\/wp-content\/uploads\/2025\/01\/captura-de-tela-2025-01-21-as-08.38.37.jpg?fit=1200%2C608&ssl=1&resize=700%2C400 2x, https:\/\/i0.wp.com\/blogdoprosperi.com\/wp-content\/uploads\/2025\/01\/captura-de-tela-2025-01-21-as-08.38.37.jpg?fit=1200%2C608&ssl=1&resize=1050%2C600 3x"},"classes":[]},{"id":56510,"url":"https:\/\/blogdoprosperi.com\/?p=56510","url_meta":{"origin":47632,"position":1},"title":"Copa 2026 \u2013 Cem Dias | Sem Rodrygo, Ancelotti Pensa em Neymar","author":"Luiz Ant\u00f4nio Pr\u00f3speri","date":"3 de mar\u00e7o de 2026","format":false,"excerpt":"Luiz Ant\u00f4nio Pr\u00f3speri \u2013 3 mar\u00e7o 2026 (17h49) \u2013 Estamos a cem dias da abertura da Copa do Mundo 2026. A Fifa celebra com um p\u00f4ster alusivo \u00e0 data. Enquanto isso, a guerra no Oriente M\u00e9dio imposta por Estados Unidos e Israel enche de incertezas sele\u00e7\u00f5es daquela regi\u00e3o classificadas a\u2026","rel":"","context":"Em &quot;copa 2026&quot;","block_context":{"text":"copa 2026","link":"https:\/\/blogdoprosperi.com\/?cat=36820279"},"img":{"alt_text":"Sai Rodrygo, entra Neymar","src":"https:\/\/i0.wp.com\/blogdoprosperi.com\/wp-content\/uploads\/2026\/03\/captura-de-tela-2026-03-03-as-18.48.44.png?fit=1200%2C678&ssl=1&resize=350%2C200","width":350,"height":200,"srcset":"https:\/\/i0.wp.com\/blogdoprosperi.com\/wp-content\/uploads\/2026\/03\/captura-de-tela-2026-03-03-as-18.48.44.png?fit=1200%2C678&ssl=1&resize=350%2C200 1x, https:\/\/i0.wp.com\/blogdoprosperi.com\/wp-content\/uploads\/2026\/03\/captura-de-tela-2026-03-03-as-18.48.44.png?fit=1200%2C678&ssl=1&resize=525%2C300 1.5x, https:\/\/i0.wp.com\/blogdoprosperi.com\/wp-content\/uploads\/2026\/03\/captura-de-tela-2026-03-03-as-18.48.44.png?fit=1200%2C678&ssl=1&resize=700%2C400 2x, https:\/\/i0.wp.com\/blogdoprosperi.com\/wp-content\/uploads\/2026\/03\/captura-de-tela-2026-03-03-as-18.48.44.png?fit=1200%2C678&ssl=1&resize=1050%2C600 3x"},"classes":[]},{"id":47744,"url":"https:\/\/blogdoprosperi.com\/?p=47744","url_meta":{"origin":47632,"position":2},"title":"Trump Compra Briga com Canad\u00e1 e M\u00e9xico, Parceiros dos EUA na Copa do Mundo 2026","author":"Luiz Ant\u00f4nio Pr\u00f3speri","date":"2 de fevereiro de 2025","format":false,"excerpt":"Luiz Ant\u00f4nio Pr\u00f3speri \u2013 2 fevereiro (12h55) \u2013 Copa do Mundo 2026 corre risco de perder dois pa\u00edses-sede a pouco menos de 500 dias do jogo de abertura. A sa\u00edda de M\u00e9xico e Canad\u00e1 da organiza\u00e7\u00e3o da Copa ainda n\u00e3o est\u00e1 no radar da Fifa. Mas a guerra das tarifas\u2026","rel":"","context":"Em &quot;futebol&quot;","block_context":{"text":"futebol","link":"https:\/\/blogdoprosperi.com\/?cat=53870"},"img":{"alt_text":"","src":"https:\/\/i0.wp.com\/blogdoprosperi.com\/wp-content\/uploads\/2025\/02\/fifa-world-cup-26-official-brand-unveiled-in-los-angeles.webp?fit=1040%2C585&ssl=1&resize=350%2C200","width":350,"height":200,"srcset":"https:\/\/i0.wp.com\/blogdoprosperi.com\/wp-content\/uploads\/2025\/02\/fifa-world-cup-26-official-brand-unveiled-in-los-angeles.webp?fit=1040%2C585&ssl=1&resize=350%2C200 1x, https:\/\/i0.wp.com\/blogdoprosperi.com\/wp-content\/uploads\/2025\/02\/fifa-world-cup-26-official-brand-unveiled-in-los-angeles.webp?fit=1040%2C585&ssl=1&resize=525%2C300 1.5x, https:\/\/i0.wp.com\/blogdoprosperi.com\/wp-content\/uploads\/2025\/02\/fifa-world-cup-26-official-brand-unveiled-in-los-angeles.webp?fit=1040%2C585&ssl=1&resize=700%2C400 2x"},"classes":[]},{"id":51581,"url":"https:\/\/blogdoprosperi.com\/?p=51581","url_meta":{"origin":47632,"position":3},"title":"Cr\u00f4nicaSab\u00e1tica #24 | Quando as Caravanas do Futebol Tomam Conta dos EUA em Busca de Uma Nova Ordem Mundial","author":"Luiz Ant\u00f4nio Pr\u00f3speri","date":"21 de junho de 2025","format":false,"excerpt":"Luiz Ant\u00f4nio Pr\u00f3speri \u2013 21 junho (10h05) \u2013 Mundial de Clubes inventado pela Fifa no modelo da Copa do Mundo avan\u00e7a rumo \u00e0 terceira rodada da fase de grupos. Aventura de 32 times representantes de todos os continentes do planeta toma conta das cidades-sede abrasadas no ver\u00e3o dos EUA. Babel\u2026","rel":"","context":"Em &quot;futebol&quot;","block_context":{"text":"futebol","link":"https:\/\/blogdoprosperi.com\/?cat=53870"},"img":{"alt_text":"","src":"https:\/\/i0.wp.com\/blogdoprosperi.com\/wp-content\/uploads\/2025\/06\/cr-flamengo-v-esperance-de-tunis-group-d-fifa-club-world-cup-2025-1-1.webp?fit=1200%2C799&ssl=1&resize=350%2C200","width":350,"height":200,"srcset":"https:\/\/i0.wp.com\/blogdoprosperi.com\/wp-content\/uploads\/2025\/06\/cr-flamengo-v-esperance-de-tunis-group-d-fifa-club-world-cup-2025-1-1.webp?fit=1200%2C799&ssl=1&resize=350%2C200 1x, https:\/\/i0.wp.com\/blogdoprosperi.com\/wp-content\/uploads\/2025\/06\/cr-flamengo-v-esperance-de-tunis-group-d-fifa-club-world-cup-2025-1-1.webp?fit=1200%2C799&ssl=1&resize=525%2C300 1.5x, https:\/\/i0.wp.com\/blogdoprosperi.com\/wp-content\/uploads\/2025\/06\/cr-flamengo-v-esperance-de-tunis-group-d-fifa-club-world-cup-2025-1-1.webp?fit=1200%2C799&ssl=1&resize=700%2C400 2x, https:\/\/i0.wp.com\/blogdoprosperi.com\/wp-content\/uploads\/2025\/06\/cr-flamengo-v-esperance-de-tunis-group-d-fifa-club-world-cup-2025-1-1.webp?fit=1200%2C799&ssl=1&resize=1050%2C600 3x"},"classes":[]},{"id":56602,"url":"https:\/\/blogdoprosperi.com\/?p=56602","url_meta":{"origin":47632,"position":4},"title":"A \u00daltima do Trump : \u201cA sele\u00e7\u00e3o do Ir\u00e3 \u00e9 bem-vinda \u00e0\u00a0Copa do Mundo, mas eu n\u00e3o acredito que seja apropriado, para a pr\u00f3pria seguran\u00e7a deles\u201d","author":"Luiz Ant\u00f4nio Pr\u00f3speri","date":"12 de mar\u00e7o de 2026","format":false,"excerpt":"Donald Trump afirmou na quinta-feira (12\/3) que o Ir\u00e3 n\u00e3o deveria participar da pr\u00f3xima Copa do Mundo na Am\u00e9rica do Norte, poucos dias depois de ter dito ao presidente da Fifa que o pa\u00eds seria bem-vindo, apesar da guerra no Oriente M\u00e9dio. A Fifa n\u00e3o havia se pronunciado at\u00e9 \u00e0s\u2026","rel":"","context":"Em &quot;copa 2026&quot;","block_context":{"text":"copa 2026","link":"https:\/\/blogdoprosperi.com\/?cat=36820279"},"img":{"alt_text":"Trumbo e Textor","src":"https:\/\/i0.wp.com\/blogdoprosperi.com\/wp-content\/uploads\/2024\/11\/gbtp4mixwa4fvi9.jpeg?fit=984%2C635&ssl=1&resize=350%2C200","width":350,"height":200,"srcset":"https:\/\/i0.wp.com\/blogdoprosperi.com\/wp-content\/uploads\/2024\/11\/gbtp4mixwa4fvi9.jpeg?fit=984%2C635&ssl=1&resize=350%2C200 1x, https:\/\/i0.wp.com\/blogdoprosperi.com\/wp-content\/uploads\/2024\/11\/gbtp4mixwa4fvi9.jpeg?fit=984%2C635&ssl=1&resize=525%2C300 1.5x, https:\/\/i0.wp.com\/blogdoprosperi.com\/wp-content\/uploads\/2024\/11\/gbtp4mixwa4fvi9.jpeg?fit=984%2C635&ssl=1&resize=700%2C400 2x"},"classes":[]},{"id":60898,"url":"https:\/\/blogdoprosperi.com\/?p=60898","url_meta":{"origin":47632,"position":5},"title":"A Copa Que Eu Vi (parte 1): depoimento","author":"Luiz Ant\u00f4nio Pr\u00f3speri","date":"20 de julho de 2026","format":false,"excerpt":"Luiz Ant\u00f4nio Pr\u00f3speri \u2013 20 julho 2026 (15h30) Rodri ergue a ta\u00e7a de campe\u00e3o da Copa do Mundo de 2026 por volta das 19h (hor\u00e1rio de Brasilia), domingo (19\/7), no est\u00e1dio MetLife, nas cercanias de New Jersey e New York. Jogadores da Espanha pulam de alegria emoldurando o gesto do\u2026","rel":"","context":"Em &quot;copa 2026&quot;","block_context":{"text":"copa 2026","link":"https:\/\/blogdoprosperi.com\/?cat=36820279"},"img":{"alt_text":"","src":"https:\/\/i0.wp.com\/blogdoprosperi.com\/wp-content\/uploads\/2026\/07\/Captura-de-Tela-2026-07-20-as-15.44.40.png?fit=924%2C836&ssl=1&resize=350%2C200","width":350,"height":200,"srcset":"https:\/\/i0.wp.com\/blogdoprosperi.com\/wp-content\/uploads\/2026\/07\/Captura-de-Tela-2026-07-20-as-15.44.40.png?fit=924%2C836&ssl=1&resize=350%2C200 1x, https:\/\/i0.wp.com\/blogdoprosperi.com\/wp-content\/uploads\/2026\/07\/Captura-de-Tela-2026-07-20-as-15.44.40.png?fit=924%2C836&ssl=1&resize=525%2C300 1.5x, https:\/\/i0.wp.com\/blogdoprosperi.com\/wp-content\/uploads\/2026\/07\/Captura-de-Tela-2026-07-20-as-15.44.40.png?fit=924%2C836&ssl=1&resize=700%2C400 2x"},"classes":[]}],"jetpack_featured_media_url":"https:\/\/i0.wp.com\/blogdoprosperi.com\/wp-content\/uploads\/2025\/01\/unnamed.jpg?fit=560%2C315&ssl=1","_links":{"self":[{"href":"https:\/\/blogdoprosperi.com\/index.php?rest_route=\/wp\/v2\/posts\/47632","targetHints":{"allow":["GET"]}}],"collection":[{"href":"https:\/\/blogdoprosperi.com\/index.php?rest_route=\/wp\/v2\/posts"}],"about":[{"href":"https:\/\/blogdoprosperi.com\/index.php?rest_route=\/wp\/v2\/types\/post"}],"author":[{"embeddable":true,"href":"https:\/\/blogdoprosperi.com\/index.php?rest_route=\/wp\/v2\/users\/102107496"}],"replies":[{"embeddable":true,"href":"https:\/\/blogdoprosperi.com\/index.php?rest_route=%2Fwp%2Fv2%2Fcomments&post=47632"}],"version-history":[{"count":8,"href":"https:\/\/blogdoprosperi.com\/index.php?rest_route=\/wp\/v2\/posts\/47632\/revisions"}],"predecessor-version":[{"id":47641,"href":"https:\/\/blogdoprosperi.com\/index.php?rest_route=\/wp\/v2\/posts\/47632\/revisions\/47641"}],"wp:featuredmedia":[{"embeddable":true,"href":"https:\/\/blogdoprosperi.com\/index.php?rest_route=\/wp\/v2\/media\/47637"}],"wp:attachment":[{"href":"https:\/\/blogdoprosperi.com\/index.php?rest_route=%2Fwp%2Fv2%2Fmedia&parent=47632"}],"wp:term":[{"taxonomy":"category","embeddable":true,"href":"https:\/\/blogdoprosperi.com\/index.php?rest_route=%2Fwp%2Fv2%2Fcategories&post=47632"},{"taxonomy":"post_tag","embeddable":true,"href":"https:\/\/blogdoprosperi.com\/index.php?rest_route=%2Fwp%2Fv2%2Ftags&post=47632"}],"curies":[{"name":"wp","href":"https:\/\/api.w.org\/{rel}","templated":true}]}}