{"id":47744,"date":"2025-02-02T12:57:21","date_gmt":"2025-02-02T15:57:21","guid":{"rendered":"http:\/\/blogdoprosperi.com\/?p=47744"},"modified":"2025-02-02T12:57:21","modified_gmt":"2025-02-02T15:57:21","slug":"trump-compra-briga-com-canada-e-mexico-parceiros-dos-eua-na-copa-do-mundo-2026","status":"publish","type":"post","link":"https:\/\/blogdoprosperi.com\/?p=47744","title":{"rendered":"Trump Compra Briga com Canad\u00e1 e M\u00e9xico, Parceiros dos EUA na Copa do Mundo 2026"},"content":{"rendered":"<p><em>Luiz Ant\u00f4nio Pr\u00f3speri \u2013 2 fevereiro (12h55) \u2013<\/em><\/p>\n<p>Copa do Mundo 2026 corre risco de perder dois pa\u00edses-sede a pouco menos de 500 dias do jogo de abertura. A sa\u00edda de M\u00e9xico e Canad\u00e1 da organiza\u00e7\u00e3o da Copa ainda n\u00e3o est\u00e1 no radar da Fifa. Mas a guerra das tarifas declarada por Donald Trump contra M\u00e9xico e Canad\u00e1, a partir de s\u00e1bado (01\/2), pode ter efeito devastador na realiza\u00e7\u00e3o do torneio de futebol programado para junho e julho de 2026 nos Estados Unidos, M\u00e9xico e Canad\u00e1. A Fifa est\u00e1 calada.<\/p>\n<p>Antes mesmo de a guerra das tarifas alcan\u00e7ar a Copa do Mundo, governos do Canad\u00e1 e M\u00e9xico j\u00e1 adiantaram retalia\u00e7\u00f5es contra a decis\u00e3o de Trump. \u00c9 s\u00f3 o come\u00e7o.<\/p>\n<p>Gianni Infantino, presidente da Fifa, esteve na cerim\u00f4nia de posse de Donald Trump no Capit\u00f3lio. Um dia antes da posse, se reuniu com o <span style=\"color: #0000ff\"><strong><a style=\"color: #0000ff\" href=\"https:\/\/blogdoprosperi.com\/2025\/01\/21\/posse-de-trump-fifa-se-rende-ao-presidente-dos-estados-unidos\/\">presidente dos EUA, a quem se diz ser seu amigo.<\/a><\/strong><\/span><\/p>\n<p>Evidente que Infantino quer estar sempre ao lado de Trump. Dois dos grandes torneios da Fifa, em 2025 e 2026, ser\u00e3o disputados em territ\u00f3rio americano: Mundial de Clubes e Copa do Mundo.<\/p>\n<p>No caso da Copa 2026, a Fifa elegeu tr\u00eas pa\u00edses-sede: EUA, Canad\u00e1 e M\u00e9xico. A tabela de distribui\u00e7\u00e3o de jogos j\u00e1 est\u00e1 pronta. <strong>Dos 104 jogos do torneio, 13 ser\u00e3o no Canad\u00e1 e 13 no M\u00e9xico.<\/strong><\/p>\n<blockquote><p>&#8220;A maior edi\u00e7\u00e3o da hist\u00f3ria das Copas ter\u00e1 104 jogos, envolvendo 48 sele\u00e7\u00f5es nacionais espalhadas por 16 cidades-sede em tr\u00eas pa\u00edses \u2013 Canad\u00e1, M\u00e9xico e Estados Unidos. O <strong>Est\u00e1dio Azteca, da Cidade do M\u00e9xico, vai sediar o jogo de abertura na quinta-feira, 11 de junho<\/strong> de 2026, com o M\u00e9xico entrando em campo. O Est\u00e1dio de Nova York e Nova Jersey ter\u00e1 a honra de receber a final da Copa do Mundo no domingo, 19 de julho de 2026&#8243; \u2013 diz comunicado da Fifa.<\/p><\/blockquote>\n<figure id=\"attachment_47792\" aria-describedby=\"caption-attachment-47792\" style=\"width: 720px\" class=\"wp-caption alignnone\"><img data-recalc-dims=\"1\" loading=\"lazy\" decoding=\"async\" data-attachment-id=\"47792\" data-permalink=\"https:\/\/blogdoprosperi.com\/?attachment_id=47792\" data-orig-file=\"https:\/\/i0.wp.com\/blogdoprosperi.com\/wp-content\/uploads\/2025\/02\/fwc26-map-with-matches.webp?fit=1366%2C768&amp;ssl=1\" data-orig-size=\"1366,768\" data-comments-opened=\"1\" data-image-meta=\"{&quot;aperture&quot;:&quot;0&quot;,&quot;credit&quot;:&quot;&quot;,&quot;camera&quot;:&quot;&quot;,&quot;caption&quot;:&quot;&quot;,&quot;created_timestamp&quot;:&quot;0&quot;,&quot;copyright&quot;:&quot;&quot;,&quot;focal_length&quot;:&quot;0&quot;,&quot;iso&quot;:&quot;0&quot;,&quot;shutter_speed&quot;:&quot;0&quot;,&quot;title&quot;:&quot;&quot;,&quot;orientation&quot;:&quot;0&quot;}\" data-image-title=\"Copa 2026 nos EUA, Canad\u00e1 e M\u00e9xico\" data-image-description=\"\" data-image-caption=\"&lt;p&gt;Cidades-sede da Copa 2026 \u2013 reprodu\u00e7\u00e3o Fifa&lt;\/p&gt;\n\" data-large-file=\"https:\/\/i0.wp.com\/blogdoprosperi.com\/wp-content\/uploads\/2025\/02\/fwc26-map-with-matches.webp?fit=940%2C528&amp;ssl=1\" class=\"size-large wp-image-47792\" src=\"https:\/\/i0.wp.com\/blogdoprosperi.com\/wp-content\/uploads\/2025\/02\/fwc26-map-with-matches.webp?resize=720%2C405&#038;ssl=1\" alt=\"\" width=\"720\" height=\"405\" \/><figcaption id=\"caption-attachment-47792\" class=\"wp-caption-text\"><em>Cidades-sede da Copa 2026 e n\u00famero de jogos em cada uma delas \u2013 reprodu\u00e7\u00e3o Fifa<\/em><\/figcaption><\/figure>\n<p>Trump amea\u00e7a estender a guerra das tarifas \u00e0 Uni\u00e3o Europeia. Se de fato o presidente americano impor tarifa\u00e7o aos europeus, a situa\u00e7\u00e3o da Copa de 2026 pode se complicar ainda mais.<\/p>\n<p>A sede da Fifa \u00e9 na Su\u00ed\u00e7a. Todo dinheiro da Fifa tem bancos europeus como caixa-forte.<\/p>\n<p>\u00c9 cedo para se avaliar o impacto no futebol dessa guerra comercial deflagrada por Trump ao Canad\u00e1, M\u00e9xico e at\u00e9 Uni\u00e3o Europeia. A expectativa \u00e9 por uma manifesta\u00e7\u00e3o da Fifa diante das retalia\u00e7\u00f5es de M\u00e9xico e Canad\u00e1 contra Trump.<\/p>\n<p>A roda da grana que envolve uma Copa do Mundo come\u00e7a a girar a partir da distribui\u00e7\u00e3o dos pa\u00edses-sede. No caso da Copa de 2026, a escolha se deu h\u00e1 mais de seis anos. Muitos contratos publicit\u00e1rios, infra-estrutura, servi\u00e7os e afins j\u00e1 foram assinados entre Fifa e empresas dos EUA, Canad\u00e1 e M\u00e9xico.<\/p>\n<p><em><strong>V\u00eddeo celebrando contagem regressiva a 500 dias da Copa 2026:<\/strong><\/em><\/p>\n<div class=\"jetpack-video-wrapper\"><span class=\"embed-youtube\" style=\"text-align:center; display: block;\"><iframe loading=\"lazy\" class=\"youtube-player\" width=\"560\" height=\"315\" src=\"https:\/\/www.youtube.com\/embed\/eSCVwkfM_4U?version=3&#038;rel=1&#038;showsearch=0&#038;showinfo=1&#038;iv_load_policy=1&#038;fs=1&#038;hl=pt-BR&#038;autohide=2&#038;wmode=transparent\" allowfullscreen=\"true\" style=\"border:0;\" sandbox=\"allow-scripts allow-same-origin allow-popups allow-presentation allow-popups-to-escape-sandbox\"><\/iframe><\/span><\/div>\n<hr \/>\n<p><em>Acompanhe mat\u00e9ria do jornal <strong>Financial Times<\/strong> e reproduzida pela <strong>Folha<\/strong>:<\/em><\/p>\n<p><strong>EUA implementar\u00e3o tarifas sobre M\u00e9xico, Canad\u00e1 e China a partir deste s\u00e1bado (1 fevereiro)<\/strong><\/p>\n<p>Donald Trump disse nesta sexta-feira (31) que vai impor tarifas \u00e0 Uni\u00e3o Europeia, adicionando o bloco a uma lista de alvos que inclui China, Canad\u00e1 e M\u00e9xico, levando os Estados Unido \u00e0 beira de novas guerras comerciais com seus maiores parceiros comerciais.<\/p>\n<p>O presidente dos EUA reconheceu que as novas tarifas poderiam causar alguma &#8220;disrup\u00e7\u00e3o&#8221; no mercado, mas afirmou que ajudariam o pa\u00eds a fechar seus d\u00e9ficits comerciais.<\/p>\n<p>&#8220;As tarifas v\u00e3o nos tornar muito ricos e muito fortes&#8221;, disse Trump a rep\u00f3rteres no Sal\u00e3o Oval na Casa Branca.<\/p>\n<p>Horas antes de seu plano de tarifas de 25% sobre Canad\u00e1 e M\u00e9xico e 10% sobre a China entrar em vigor neste s\u00e1bado (1\u00ba), Trump tamb\u00e9m ampliou sua amea\u00e7a para incluir a UE, que ele disse ter tratado os EUA &#8220;muito mal&#8221;.<\/p>\n<p>&#8220;Vou impor tarifas \u00e0 Uni\u00e3o Europeia? Absolutamente&#8221;, disse Trump. &#8220;Eles n\u00e3o aceitam nossos carros, n\u00e3o aceitam nossos produtos agr\u00edcolas, essencialmente, n\u00e3o aceitam quase nada&#8221;, afirmou. &#8220;E temos um d\u00e9ficit tremendo com a Uni\u00e3o Europeia. Ent\u00e3o faremos algo muito substancial.&#8221;<\/p>\n<figure id=\"attachment_46237\" aria-describedby=\"caption-attachment-46237\" style=\"width: 720px\" class=\"wp-caption alignnone\"><img data-recalc-dims=\"1\" loading=\"lazy\" decoding=\"async\" data-attachment-id=\"46237\" data-permalink=\"https:\/\/blogdoprosperi.com\/?attachment_id=46237\" data-orig-file=\"https:\/\/i0.wp.com\/blogdoprosperi.com\/wp-content\/uploads\/2024\/11\/gbtp4mixwa4fvi9.jpeg?fit=984%2C635&amp;ssl=1\" data-orig-size=\"984,635\" data-comments-opened=\"1\" data-image-meta=\"{&quot;aperture&quot;:&quot;0&quot;,&quot;credit&quot;:&quot;&quot;,&quot;camera&quot;:&quot;&quot;,&quot;caption&quot;:&quot;&quot;,&quot;created_timestamp&quot;:&quot;0&quot;,&quot;copyright&quot;:&quot;&quot;,&quot;focal_length&quot;:&quot;0&quot;,&quot;iso&quot;:&quot;0&quot;,&quot;shutter_speed&quot;:&quot;0&quot;,&quot;title&quot;:&quot;&quot;,&quot;orientation&quot;:&quot;0&quot;}\" data-image-title=\"Trump presidente dos EUA\" data-image-description=\"\" data-image-caption=\"&lt;p&gt;Donald Trump \u2013 foto: reprodu\u00e7\u00e3o X (Twitter)&lt;\/p&gt;\n\" data-large-file=\"https:\/\/i0.wp.com\/blogdoprosperi.com\/wp-content\/uploads\/2024\/11\/gbtp4mixwa4fvi9.jpeg?fit=940%2C607&amp;ssl=1\" class=\"size-large wp-image-46237\" src=\"https:\/\/i0.wp.com\/blogdoprosperi.com\/wp-content\/uploads\/2024\/11\/gbtp4mixwa4fvi9.jpeg?resize=720%2C465&#038;ssl=1\" alt=\"Trumbo e Textar\" width=\"720\" height=\"465\" \/><figcaption id=\"caption-attachment-46237\" class=\"wp-caption-text\"><em>Donald Trump \u2013 foto: reprodu\u00e7\u00e3o X (Twitter)<\/em><\/figcaption><\/figure>\n<p>Os coment\u00e1rios do presidente, feitos menos de duas semanas ap\u00f3s seu retorno \u00e0 Casa Branca, marcaram uma escalada acentuada em sua ret\u00f3rica sobre com\u00e9rcio e significam que a maior economia do mundo est\u00e1 \u00e0 beira de impor tarifas a seus parceiros comerciais mais significativos.<\/p>\n<p>&#8220;O presidente implementar\u00e1 amanh\u00e3 (s\u00e1bado, 1.\u00ba) tarifas de 25% sobre o M\u00e9xico, 25% sobre o Canad\u00e1 e 10% sobre a China por causa do fentanil ilegal que eles permitiram distribuir em nosso pa\u00eds, que matou dezenas de milh\u00f5es de americanos&#8221;, disse a porta-voz da Casa Branca, Karoline Leavitt, nesta sexta.<\/p>\n<p>As importa\u00e7\u00f5es de bens da UE, Canad\u00e1, M\u00e9xico e China foram de US$ 1,9 trilh\u00f5es em 2023, cerca de 60% do total, de acordo com o banco de dados Trade Data Monitor.<\/p>\n<p>Trump disse que tamb\u00e9m vai colocar tarifas em chips e &#8220;coisas associadas a chips&#8221; no futuro, e que aplicaria tarifas a petr\u00f3leo, g\u00e1s, a\u00e7o, cobre, alum\u00ednio e produtos farmac\u00eauticos.<\/p>\n<p>Tarifas sobre a\u00e7o e alum\u00ednio poderiam ser aplicadas j\u00e1 &#8220;neste m\u00eas, no pr\u00f3ximo m\u00eas&#8221;, disse ele, enquanto tarifas sobre petr\u00f3leo e g\u00e1s aconteceriam por volta de 18 de fevereiro.<\/p>\n<p>O d\u00f3lar americano se fortaleceu com os coment\u00e1rios de Trump, deixando um \u00edndice da moeda contra seis pares em alta de cerca de 0,6%. O West Texas Intermediate, refer\u00eancia de petr\u00f3leo dos EUA, subiu mais de 1% para US$ 73,81 por barril.<\/p>\n<p>Trump disse que &#8220;provavelmente&#8221; reduziria as tarifas sobre o petr\u00f3leo canadense para 10%, embora outras importa\u00e7\u00f5es do pa\u00eds fossem taxadas em 25%. O Canad\u00e1 \u00e9 de longe o maior fornecedor estrangeiro de petr\u00f3leo dos EUA, respondendo por cerca de 60% de suas importa\u00e7\u00f5es de petr\u00f3leo bruto.<\/p>\n<p>O presidente disse que n\u00e3o havia &#8220;nada&#8221; que Canad\u00e1 e M\u00e9xico pudessem fazer da noite para o dia para impedi-lo de aplicar tarifas contra suas importa\u00e7\u00f5es.<\/p>\n<p>&#8220;N\u00e3o \u00e9 uma ferramenta de negocia\u00e7\u00e3o&#8221;, disse Trump. &#8220;\u00c9 puramente econ\u00f4mico. Temos grandes d\u00e9ficits com, como voc\u00ea sabe, todos os tr\u00eas.&#8221;<\/p>\n<p>Economistas dizem que tarifas abrangentes seriam inflacion\u00e1rias e poderiam impedir o Federal Reserve de reduzir os juros. Alguns funcion\u00e1rios do banco central j\u00e1 haviam come\u00e7ado a incluir as pol\u00edticas de Trump em suas previs\u00f5es em dezembro, antes de ele assumir o cargo.<\/p>\n<p>Atingir os maiores parceiros comerciais dos EUA com tarifas acentuadas aumenta significativamente os riscos de desencadear guerras comerciais completas apenas dias ap\u00f3s o in\u00edcio do segundo mandato de Trump como presidente.<\/p>\n<p>Tanto o Canad\u00e1 quanto o M\u00e9xico prepararam pacotes de tarifas retaliat\u00f3rias e est\u00e3o prontos para implement\u00e1-los. A UE tamb\u00e9m disse que se defenderia com tarifas retaliat\u00f3rias, como fez no primeiro mandato de Trump.<\/p>\n<p>&#8220;Estamos prontos com uma resposta \u2014uma resposta intencional, vigorosa, mas razo\u00e1vel e imediata&#8221;, disse o primeiro-ministro canadense Justin Trudeau nesta sexta. Ele alertou os canadenses de que a na\u00e7\u00e3o &#8220;poderia enfrentar tempos dif\u00edceis nos pr\u00f3ximos dias e semanas&#8221;.<\/p>\n<p>A ex-ministra das Finan\u00e7as do Canad\u00e1, Chrystia Freeland, que est\u00e1 concorrendo para substituir Trudeau, instou Ottawa a retaliar contra quaisquer tarifas dos EUA adicionando enormes taxas sobre ve\u00edculos Tesla para punir Elon Musk, um dos principais aliados de Trump.<\/p>\n<p>Trump indicou que n\u00e3o foi movido pelos avisos dos economistas de que novas tarifas prejudicariam a economia dos EUA ou arriscariam um salto na infla\u00e7\u00e3o \u00e0 medida que os importadores repassassem o aumento do custo de seus produtos aos consumidores.<\/p>\n<p>&#8220;Tarifas n\u00e3o causam infla\u00e7\u00e3o, causam sucesso&#8221;, disse ele.<\/p>\n<p>Mas os democratas alertaram que grande parte do fardo seria repassada aos consumidores americanos. &#8220;Donald Trump est\u00e1 mirando suas novas tarifas no M\u00e9xico, Canad\u00e1 e China, mas elas provavelmente atingir\u00e3o os americanos em seus bolsos&#8221;, disse Chuck Schumer, l\u00edder da minoria no Senado americano.<\/p>\n<p>&#8220;Se essas tarifas entrarem em vigor, elas aumentar\u00e3o os pre\u00e7os de tudo, desde alimentos, carros at\u00e9 g\u00e1s, tornando ainda mais dif\u00edcil para as fam\u00edlias de classe m\u00e9dia simplesmente sobreviver.&#8221;<\/p>\n<p>Trump amea\u00e7ou pela primeira vez atingir Canad\u00e1, M\u00e9xico e China com tarifas acentuadas em novembro, acusando-os de permitir migra\u00e7\u00e3o ilegal e n\u00e3o fazer o suficiente para interromper o com\u00e9rcio do opioide fentanil.<\/p>\n<p>Lobistas empresariais em Washington, preocupados com os efeitos nas cadeias de suprimentos dos EUA e nos custos dos produtos, esperavam que o presidente adotasse uma abordagem mais moderada e n\u00e3o aplicasse imediatamente uma taxa de 25%.<\/p>\n<p>Outras op\u00e7\u00f5es inclu\u00edam adiar as tarifas para dar mais tempo aos governos canadense e mexicano para negociar com a equipe de Trump sobre seguran\u00e7a nas fronteiras, ou introduzir as tarifas gradualmente e aument\u00e1-las ao longo do tempo.<\/p>\n","protected":false},"excerpt":{"rendered":"<p>Luiz Ant\u00f4nio Pr\u00f3speri \u2013 2 fevereiro (12h55) \u2013 Copa do Mundo 2026 corre risco de perder dois pa\u00edses-sede [&hellip;]<\/p>\n","protected":false},"author":102107496,"featured_media":47794,"comment_status":"open","ping_status":"open","sticky":false,"template":"","format":"standard","meta":{"_coblocks_attr":"","_coblocks_dimensions":"","_coblocks_responsive_height":"","_coblocks_accordion_ie_support":"","_jetpack_newsletter_access":"","_jetpack_dont_email_post_to_subs":false,"_jetpack_newsletter_tier_id":0,"_jetpack_memberships_contains_paywalled_content":false,"_wpcom_ai_launchpad_first_post":false,"_jetpack_feature_clip_id":0,"_jetpack_memberships_contains_paid_content":false,"footnotes":"","jetpack_publicize_message":"","jetpack_publicize_feature_enabled":true,"jetpack_social_post_already_shared":false,"jetpack_social_options":{"image_generator_settings":{"template":"highway","default_image_id":0,"font":"","enabled":false},"version":2},"jetpack_post_was_ever_published":false},"categories":[53870,20384],"tags":[2443,789560577,68395,789560563,789560560,777897155,881794,789560573,783,467532,221603],"class_list":["post-47744","post","type-post","status-publish","format-standard","has-post-thumbnail","hentry","category-futebol","category-informacao","tag-canada","tag-copa-do-mundo-2026","tag-estados-unidos","tag-fifa","tag-futebol","tag-guerra-das-tarifas","tag-infantino","tag-luiz-antonio-prosperi","tag-mexico","tag-trump","tag-uniao-europeia"],"yoast_head":"<!-- This site is optimized with the Yoast SEO plugin v28.4 - https:\/\/yoast.com\/product\/yoast-seo-wordpress\/ -->\n<title>Trump Compra Briga com Canad\u00e1 e M\u00e9xico, Parceiros dos EUA na Copa do Mundo 2026 - PR\u00d3SPERI NEWS<\/title>\n<meta name=\"robots\" content=\"index, follow, max-snippet:-1, max-image-preview:large, max-video-preview:-1\" \/>\n<link rel=\"canonical\" href=\"https:\/\/blogdoprosperi.com\/?p=47744\" \/>\n<meta property=\"og:locale\" content=\"pt_BR\" \/>\n<meta property=\"og:type\" content=\"article\" \/>\n<meta property=\"og:title\" content=\"Trump Compra Briga com Canad\u00e1 e M\u00e9xico, Parceiros dos EUA na Copa do Mundo 2026 - PR\u00d3SPERI NEWS\" \/>\n<meta property=\"og:description\" content=\"Luiz Ant\u00f4nio Pr\u00f3speri \u2013 2 fevereiro (12h55) \u2013 Copa do Mundo 2026 corre risco de perder dois pa\u00edses-sede [&hellip;]\" \/>\n<meta property=\"og:url\" content=\"https:\/\/blogdoprosperi.com\/?p=47744\" \/>\n<meta property=\"og:site_name\" content=\"PR\u00d3SPERI NEWS\" \/>\n<meta property=\"article:publisher\" content=\"Luiz Pr\u00f3speri\" \/>\n<meta property=\"article:author\" content=\"Luiz Pr\u00f3speri\" \/>\n<meta property=\"article:published_time\" content=\"2025-02-02T15:57:21+00:00\" \/>\n<meta property=\"og:image\" content=\"https:\/\/i0.wp.com\/blogdoprosperi.com\/wp-content\/uploads\/2025\/02\/fifa-world-cup-26-official-brand-unveiled-in-los-angeles.webp?fit=1040%2C585&ssl=1\" \/>\n\t<meta property=\"og:image:width\" content=\"1040\" \/>\n\t<meta property=\"og:image:height\" content=\"585\" \/>\n\t<meta property=\"og:image:type\" content=\"image\/webp\" \/>\n<meta name=\"author\" content=\"Luiz Ant\u00f4nio Pr\u00f3speri\" \/>\n<meta name=\"twitter:card\" content=\"summary_large_image\" \/>\n<meta name=\"twitter:creator\" content=\"@Luizprosperi\" \/>\n<meta name=\"twitter:site\" content=\"@Luizprosperi\" \/>\n<meta name=\"twitter:label1\" content=\"Escrito por\" \/>\n\t<meta name=\"twitter:data1\" content=\"Luiz Ant\u00f4nio Pr\u00f3speri\" \/>\n\t<meta name=\"twitter:label2\" content=\"Est. tempo de leitura\" \/>\n\t<meta name=\"twitter:data2\" content=\"8 minutos\" \/>\n<script type=\"application\/ld+json\" class=\"yoast-schema-graph\">{\"@context\":\"https:\\\/\\\/schema.org\",\"@graph\":[{\"@type\":\"Article\",\"@id\":\"https:\\\/\\\/blogdoprosperi.com\\\/?p=47744#article\",\"isPartOf\":{\"@id\":\"https:\\\/\\\/blogdoprosperi.com\\\/?p=47744\"},\"author\":{\"name\":\"Luiz Ant\u00f4nio Pr\u00f3speri\",\"@id\":\"https:\\\/\\\/blogdoprosperi.com\\\/#\\\/schema\\\/person\\\/38100755ce3601861ee4fab9b5aa78e9\"},\"headline\":\"Trump Compra Briga com Canad\u00e1 e M\u00e9xico, Parceiros dos EUA na Copa do Mundo 2026\",\"datePublished\":\"2025-02-02T15:57:21+00:00\",\"mainEntityOfPage\":{\"@id\":\"https:\\\/\\\/blogdoprosperi.com\\\/?p=47744\"},\"wordCount\":1542,\"commentCount\":2,\"publisher\":{\"@id\":\"https:\\\/\\\/blogdoprosperi.com\\\/#\\\/schema\\\/person\\\/38100755ce3601861ee4fab9b5aa78e9\"},\"image\":{\"@id\":\"https:\\\/\\\/blogdoprosperi.com\\\/?p=47744#primaryimage\"},\"thumbnailUrl\":\"https:\\\/\\\/i0.wp.com\\\/blogdoprosperi.com\\\/wp-content\\\/uploads\\\/2025\\\/02\\\/fifa-world-cup-26-official-brand-unveiled-in-los-angeles.webp?fit=1040%2C585&ssl=1\",\"keywords\":[\"canad\u00e1\",\"copa do mundo 2026\",\"Estados Unidos\",\"Fifa\",\"futebol\",\"guerra das tarifas\",\"Infantino\",\"Luiz Ant\u00f4nio Pr\u00f3speri\",\"M\u00e9xico\",\"trump\",\"Uni\u00e3o Europ\u00e9ia\"],\"articleSection\":[\"futebol\",\"informa\u00e7\u00e3o\"],\"inLanguage\":\"pt-BR\",\"potentialAction\":[{\"@type\":\"CommentAction\",\"name\":\"Comment\",\"target\":[\"https:\\\/\\\/blogdoprosperi.com\\\/?p=47744#respond\"]}]},{\"@type\":\"WebPage\",\"@id\":\"https:\\\/\\\/blogdoprosperi.com\\\/?p=47744\",\"url\":\"https:\\\/\\\/blogdoprosperi.com\\\/?p=47744\",\"name\":\"Trump Compra Briga com Canad\u00e1 e M\u00e9xico, Parceiros dos EUA na Copa do Mundo 2026 - PR\u00d3SPERI NEWS\",\"isPartOf\":{\"@id\":\"https:\\\/\\\/blogdoprosperi.com\\\/#website\"},\"primaryImageOfPage\":{\"@id\":\"https:\\\/\\\/blogdoprosperi.com\\\/?p=47744#primaryimage\"},\"image\":{\"@id\":\"https:\\\/\\\/blogdoprosperi.com\\\/?p=47744#primaryimage\"},\"thumbnailUrl\":\"https:\\\/\\\/i0.wp.com\\\/blogdoprosperi.com\\\/wp-content\\\/uploads\\\/2025\\\/02\\\/fifa-world-cup-26-official-brand-unveiled-in-los-angeles.webp?fit=1040%2C585&ssl=1\",\"datePublished\":\"2025-02-02T15:57:21+00:00\",\"breadcrumb\":{\"@id\":\"https:\\\/\\\/blogdoprosperi.com\\\/?p=47744#breadcrumb\"},\"inLanguage\":\"pt-BR\",\"potentialAction\":[{\"@type\":\"ReadAction\",\"target\":[\"https:\\\/\\\/blogdoprosperi.com\\\/?p=47744\"]}]},{\"@type\":\"ImageObject\",\"inLanguage\":\"pt-BR\",\"@id\":\"https:\\\/\\\/blogdoprosperi.com\\\/?p=47744#primaryimage\",\"url\":\"https:\\\/\\\/i0.wp.com\\\/blogdoprosperi.com\\\/wp-content\\\/uploads\\\/2025\\\/02\\\/fifa-world-cup-26-official-brand-unveiled-in-los-angeles.webp?fit=1040%2C585&ssl=1\",\"contentUrl\":\"https:\\\/\\\/i0.wp.com\\\/blogdoprosperi.com\\\/wp-content\\\/uploads\\\/2025\\\/02\\\/fifa-world-cup-26-official-brand-unveiled-in-los-angeles.webp?fit=1040%2C585&ssl=1\",\"width\":1040,\"height\":585,\"caption\":\"Logo oficial da Copa 2026 \u2013 reprodu\u00e7\u00e3o Fifa\"},{\"@type\":\"BreadcrumbList\",\"@id\":\"https:\\\/\\\/blogdoprosperi.com\\\/?p=47744#breadcrumb\",\"itemListElement\":[{\"@type\":\"ListItem\",\"position\":1,\"name\":\"In\u00edcio\",\"item\":\"https:\\\/\\\/blogdoprosperi.com\\\/\"},{\"@type\":\"ListItem\",\"position\":2,\"name\":\"Trump Compra Briga com Canad\u00e1 e M\u00e9xico, Parceiros dos EUA na Copa do Mundo 2026\"}]},{\"@type\":\"WebSite\",\"@id\":\"https:\\\/\\\/blogdoprosperi.com\\\/#website\",\"url\":\"https:\\\/\\\/blogdoprosperi.com\\\/\",\"name\":\"PR\u00d3SPERI NEWS\",\"description\":\"TUDO \u00c9  FUTEBOL\",\"publisher\":{\"@id\":\"https:\\\/\\\/blogdoprosperi.com\\\/#\\\/schema\\\/person\\\/38100755ce3601861ee4fab9b5aa78e9\"},\"alternateName\":\"blogdoprosperi.com\",\"potentialAction\":[{\"@type\":\"SearchAction\",\"target\":{\"@type\":\"EntryPoint\",\"urlTemplate\":\"https:\\\/\\\/blogdoprosperi.com\\\/?s={search_term_string}\"},\"query-input\":{\"@type\":\"PropertyValueSpecification\",\"valueRequired\":true,\"valueName\":\"search_term_string\"}}],\"inLanguage\":\"pt-BR\"},{\"@type\":[\"Person\",\"Organization\"],\"@id\":\"https:\\\/\\\/blogdoprosperi.com\\\/#\\\/schema\\\/person\\\/38100755ce3601861ee4fab9b5aa78e9\",\"name\":\"Luiz Ant\u00f4nio Pr\u00f3speri\",\"pronouns\":\"ele\",\"image\":{\"@type\":\"ImageObject\",\"inLanguage\":\"pt-BR\",\"@id\":\"https:\\\/\\\/i0.wp.com\\\/blogdoprosperi.com\\\/wp-content\\\/uploads\\\/2026\\\/05\\\/cropped-8059e613-6002-42fa-961e-8e275f575d71-2-5.jpg?fit=1360%2C931&ssl=1\",\"url\":\"https:\\\/\\\/i0.wp.com\\\/blogdoprosperi.com\\\/wp-content\\\/uploads\\\/2026\\\/05\\\/cropped-8059e613-6002-42fa-961e-8e275f575d71-2-5.jpg?fit=1360%2C931&ssl=1\",\"contentUrl\":\"https:\\\/\\\/i0.wp.com\\\/blogdoprosperi.com\\\/wp-content\\\/uploads\\\/2026\\\/05\\\/cropped-8059e613-6002-42fa-961e-8e275f575d71-2-5.jpg?fit=1360%2C931&ssl=1\",\"width\":1360,\"height\":931,\"caption\":\"Luiz Ant\u00f4nio Pr\u00f3speri\"},\"logo\":{\"@id\":\"https:\\\/\\\/i0.wp.com\\\/blogdoprosperi.com\\\/wp-content\\\/uploads\\\/2026\\\/05\\\/cropped-8059e613-6002-42fa-961e-8e275f575d71-2-5.jpg?fit=1360%2C931&ssl=1\"},\"description\":\"Jornalista com carreira dedicada ao esporte. Cobriu 9 Copas do Mundo in loco, 1990 na It\u00e1lia, 1994 nos EUA, 1998 na Fran\u00e7a, 2002 na Coreia do Sul e Jap\u00e3o, 2006 na Alemanha, 2010 na \u00c1frica do Sul, 2014 no Brasil, 2018 na R\u00fassia e 2022 no Qatar. Eurocopas, 1992 na Su\u00e9cia e 1996 na Inglaterra. Copa das Confedera\u00e7\u00f5es de 2005 na Alemanha e 2009 na \u00c1frica do Sul. Rep\u00f3rter e Editor, trabalhou no Jornal da Tarde e Estad\u00e3o, de 1984 a fevereiro de 2016. Colunista, blogueiro. E comentarista de futebol na R\u00e1dio Estad\u00e3o, de 2013 a fevereiro de 2016. Jornalista respons\u00e1vel do \\\"Pr\u00f3speri News\\\" (blogdoprosperi.com).\",\"sameAs\":[\"http:\\\/\\\/blogdoprosperi.com\",\"Luiz Pr\u00f3speri\",\"@luiz_prosperi\",\"https:\\\/\\\/x.com\\\/Luizprosperi\",\"@prosperinacopa\",\"luiz.prosperi@icloud.com\"],\"url\":\"https:\\\/\\\/blogdoprosperi.com\\\/?author=102107496\"}]}<\/script>\n<!-- \/ Yoast SEO plugin. -->","yoast_head_json":{"title":"Trump Compra Briga com Canad\u00e1 e M\u00e9xico, Parceiros dos EUA na Copa do Mundo 2026 - PR\u00d3SPERI NEWS","robots":{"index":"index","follow":"follow","max-snippet":"max-snippet:-1","max-image-preview":"max-image-preview:large","max-video-preview":"max-video-preview:-1"},"canonical":"https:\/\/blogdoprosperi.com\/?p=47744","og_locale":"pt_BR","og_type":"article","og_title":"Trump Compra Briga com Canad\u00e1 e M\u00e9xico, Parceiros dos EUA na Copa do Mundo 2026 - PR\u00d3SPERI NEWS","og_description":"Luiz Ant\u00f4nio Pr\u00f3speri \u2013 2 fevereiro (12h55) \u2013 Copa do Mundo 2026 corre risco de perder dois pa\u00edses-sede [&hellip;]","og_url":"https:\/\/blogdoprosperi.com\/?p=47744","og_site_name":"PR\u00d3SPERI NEWS","article_publisher":"Luiz Pr\u00f3speri","article_author":"Luiz Pr\u00f3speri","article_published_time":"2025-02-02T15:57:21+00:00","og_image":[{"width":1040,"height":585,"url":"https:\/\/i0.wp.com\/blogdoprosperi.com\/wp-content\/uploads\/2025\/02\/fifa-world-cup-26-official-brand-unveiled-in-los-angeles.webp?fit=1040%2C585&ssl=1","type":"image\/webp"}],"author":"Luiz Ant\u00f4nio Pr\u00f3speri","twitter_card":"summary_large_image","twitter_creator":"@Luizprosperi","twitter_site":"@Luizprosperi","twitter_misc":{"Escrito por":"Luiz Ant\u00f4nio Pr\u00f3speri","Est. tempo de leitura":"8 minutos"},"schema":{"@context":"https:\/\/schema.org","@graph":[{"@type":"Article","@id":"https:\/\/blogdoprosperi.com\/?p=47744#article","isPartOf":{"@id":"https:\/\/blogdoprosperi.com\/?p=47744"},"author":{"name":"Luiz Ant\u00f4nio Pr\u00f3speri","@id":"https:\/\/blogdoprosperi.com\/#\/schema\/person\/38100755ce3601861ee4fab9b5aa78e9"},"headline":"Trump Compra Briga com Canad\u00e1 e M\u00e9xico, Parceiros dos EUA na Copa do Mundo 2026","datePublished":"2025-02-02T15:57:21+00:00","mainEntityOfPage":{"@id":"https:\/\/blogdoprosperi.com\/?p=47744"},"wordCount":1542,"commentCount":2,"publisher":{"@id":"https:\/\/blogdoprosperi.com\/#\/schema\/person\/38100755ce3601861ee4fab9b5aa78e9"},"image":{"@id":"https:\/\/blogdoprosperi.com\/?p=47744#primaryimage"},"thumbnailUrl":"https:\/\/i0.wp.com\/blogdoprosperi.com\/wp-content\/uploads\/2025\/02\/fifa-world-cup-26-official-brand-unveiled-in-los-angeles.webp?fit=1040%2C585&ssl=1","keywords":["canad\u00e1","copa do mundo 2026","Estados Unidos","Fifa","futebol","guerra das tarifas","Infantino","Luiz Ant\u00f4nio Pr\u00f3speri","M\u00e9xico","trump","Uni\u00e3o Europ\u00e9ia"],"articleSection":["futebol","informa\u00e7\u00e3o"],"inLanguage":"pt-BR","potentialAction":[{"@type":"CommentAction","name":"Comment","target":["https:\/\/blogdoprosperi.com\/?p=47744#respond"]}]},{"@type":"WebPage","@id":"https:\/\/blogdoprosperi.com\/?p=47744","url":"https:\/\/blogdoprosperi.com\/?p=47744","name":"Trump Compra Briga com Canad\u00e1 e M\u00e9xico, Parceiros dos EUA na Copa do Mundo 2026 - PR\u00d3SPERI NEWS","isPartOf":{"@id":"https:\/\/blogdoprosperi.com\/#website"},"primaryImageOfPage":{"@id":"https:\/\/blogdoprosperi.com\/?p=47744#primaryimage"},"image":{"@id":"https:\/\/blogdoprosperi.com\/?p=47744#primaryimage"},"thumbnailUrl":"https:\/\/i0.wp.com\/blogdoprosperi.com\/wp-content\/uploads\/2025\/02\/fifa-world-cup-26-official-brand-unveiled-in-los-angeles.webp?fit=1040%2C585&ssl=1","datePublished":"2025-02-02T15:57:21+00:00","breadcrumb":{"@id":"https:\/\/blogdoprosperi.com\/?p=47744#breadcrumb"},"inLanguage":"pt-BR","potentialAction":[{"@type":"ReadAction","target":["https:\/\/blogdoprosperi.com\/?p=47744"]}]},{"@type":"ImageObject","inLanguage":"pt-BR","@id":"https:\/\/blogdoprosperi.com\/?p=47744#primaryimage","url":"https:\/\/i0.wp.com\/blogdoprosperi.com\/wp-content\/uploads\/2025\/02\/fifa-world-cup-26-official-brand-unveiled-in-los-angeles.webp?fit=1040%2C585&ssl=1","contentUrl":"https:\/\/i0.wp.com\/blogdoprosperi.com\/wp-content\/uploads\/2025\/02\/fifa-world-cup-26-official-brand-unveiled-in-los-angeles.webp?fit=1040%2C585&ssl=1","width":1040,"height":585,"caption":"Logo oficial da Copa 2026 \u2013 reprodu\u00e7\u00e3o Fifa"},{"@type":"BreadcrumbList","@id":"https:\/\/blogdoprosperi.com\/?p=47744#breadcrumb","itemListElement":[{"@type":"ListItem","position":1,"name":"In\u00edcio","item":"https:\/\/blogdoprosperi.com\/"},{"@type":"ListItem","position":2,"name":"Trump Compra Briga com Canad\u00e1 e M\u00e9xico, Parceiros dos EUA na Copa do Mundo 2026"}]},{"@type":"WebSite","@id":"https:\/\/blogdoprosperi.com\/#website","url":"https:\/\/blogdoprosperi.com\/","name":"PR\u00d3SPERI NEWS","description":"TUDO \u00c9  FUTEBOL","publisher":{"@id":"https:\/\/blogdoprosperi.com\/#\/schema\/person\/38100755ce3601861ee4fab9b5aa78e9"},"alternateName":"blogdoprosperi.com","potentialAction":[{"@type":"SearchAction","target":{"@type":"EntryPoint","urlTemplate":"https:\/\/blogdoprosperi.com\/?s={search_term_string}"},"query-input":{"@type":"PropertyValueSpecification","valueRequired":true,"valueName":"search_term_string"}}],"inLanguage":"pt-BR"},{"@type":["Person","Organization"],"@id":"https:\/\/blogdoprosperi.com\/#\/schema\/person\/38100755ce3601861ee4fab9b5aa78e9","name":"Luiz Ant\u00f4nio Pr\u00f3speri","pronouns":"ele","image":{"@type":"ImageObject","inLanguage":"pt-BR","@id":"https:\/\/i0.wp.com\/blogdoprosperi.com\/wp-content\/uploads\/2026\/05\/cropped-8059e613-6002-42fa-961e-8e275f575d71-2-5.jpg?fit=1360%2C931&ssl=1","url":"https:\/\/i0.wp.com\/blogdoprosperi.com\/wp-content\/uploads\/2026\/05\/cropped-8059e613-6002-42fa-961e-8e275f575d71-2-5.jpg?fit=1360%2C931&ssl=1","contentUrl":"https:\/\/i0.wp.com\/blogdoprosperi.com\/wp-content\/uploads\/2026\/05\/cropped-8059e613-6002-42fa-961e-8e275f575d71-2-5.jpg?fit=1360%2C931&ssl=1","width":1360,"height":931,"caption":"Luiz Ant\u00f4nio Pr\u00f3speri"},"logo":{"@id":"https:\/\/i0.wp.com\/blogdoprosperi.com\/wp-content\/uploads\/2026\/05\/cropped-8059e613-6002-42fa-961e-8e275f575d71-2-5.jpg?fit=1360%2C931&ssl=1"},"description":"Jornalista com carreira dedicada ao esporte. Cobriu 9 Copas do Mundo in loco, 1990 na It\u00e1lia, 1994 nos EUA, 1998 na Fran\u00e7a, 2002 na Coreia do Sul e Jap\u00e3o, 2006 na Alemanha, 2010 na \u00c1frica do Sul, 2014 no Brasil, 2018 na R\u00fassia e 2022 no Qatar. Eurocopas, 1992 na Su\u00e9cia e 1996 na Inglaterra. Copa das Confedera\u00e7\u00f5es de 2005 na Alemanha e 2009 na \u00c1frica do Sul. Rep\u00f3rter e Editor, trabalhou no Jornal da Tarde e Estad\u00e3o, de 1984 a fevereiro de 2016. Colunista, blogueiro. E comentarista de futebol na R\u00e1dio Estad\u00e3o, de 2013 a fevereiro de 2016. Jornalista respons\u00e1vel do \"Pr\u00f3speri News\" (blogdoprosperi.com).","sameAs":["http:\/\/blogdoprosperi.com","Luiz Pr\u00f3speri","@luiz_prosperi","https:\/\/x.com\/Luizprosperi","@prosperinacopa","luiz.prosperi@icloud.com"],"url":"https:\/\/blogdoprosperi.com\/?author=102107496"}]}},"jetpack_publicize_connections":[],"jetpack_likes_enabled":false,"jetpack_sharing_enabled":true,"jetpack_shortlink":"https:\/\/wp.me\/p7jvdk-cq4","jetpack-related-posts":[{"id":47565,"url":"https:\/\/blogdoprosperi.com\/?p=47565","url_meta":{"origin":47744,"position":0},"title":"Posse de Trump | Fifa Se Rende ao Presidente dos Estados Unidos","author":"Luiz Ant\u00f4nio Pr\u00f3speri","date":"21 de janeiro de 2025","format":false,"excerpt":"Luiz Ant\u00f4nio Pr\u00f3speri \u2013 21 janeiro (9h35) \u2013 Futebol e pol\u00edtica se completam. Ainda mais quando se tem no comando da Fifa dirigentes preocupados com a grana e pouco ligados \u00e0s quest\u00f5es internas de pa\u00edses escolhidos sede de grandes eventos. Veja o caso dos Estados Unidos, anfitri\u00f5es do Mundial de\u2026","rel":"","context":"Em &quot;Fifa&quot;","block_context":{"text":"Fifa","link":"https:\/\/blogdoprosperi.com\/?cat=187969"},"img":{"alt_text":"Fifa vai onde est\u00e1 o dinheiro","src":"https:\/\/i0.wp.com\/blogdoprosperi.com\/wp-content\/uploads\/2025\/01\/captura-de-tela-2025-01-21-as-08.38.37.jpg?fit=1200%2C608&ssl=1&resize=350%2C200","width":350,"height":200,"srcset":"https:\/\/i0.wp.com\/blogdoprosperi.com\/wp-content\/uploads\/2025\/01\/captura-de-tela-2025-01-21-as-08.38.37.jpg?fit=1200%2C608&ssl=1&resize=350%2C200 1x, https:\/\/i0.wp.com\/blogdoprosperi.com\/wp-content\/uploads\/2025\/01\/captura-de-tela-2025-01-21-as-08.38.37.jpg?fit=1200%2C608&ssl=1&resize=525%2C300 1.5x, https:\/\/i0.wp.com\/blogdoprosperi.com\/wp-content\/uploads\/2025\/01\/captura-de-tela-2025-01-21-as-08.38.37.jpg?fit=1200%2C608&ssl=1&resize=700%2C400 2x, https:\/\/i0.wp.com\/blogdoprosperi.com\/wp-content\/uploads\/2025\/01\/captura-de-tela-2025-01-21-as-08.38.37.jpg?fit=1200%2C608&ssl=1&resize=1050%2C600 3x"},"classes":[]},{"id":47632,"url":"https:\/\/blogdoprosperi.com\/?p=47632","url_meta":{"origin":47744,"position":1},"title":"Faltam 500 Dias Para Copa do Mundo 2026 nos EUA | Trump Vai Facilitar Visto de Entrada dos Torcedores?","author":"Luiz Ant\u00f4nio Pr\u00f3speri","date":"27 de janeiro de 2025","format":false,"excerpt":"Luiz Ant\u00f4nio Pr\u00f3speri \u2013 27 janeiro (18h40) \u2013 Faltam 500 dias para a Copa do Mundo 2026. Estados Unidos, M\u00e9xico e Canad\u00e1 receber\u00e3o 104 jogos \u00a0do torneio \u2013 a maioria ser\u00e1 disputada em territ\u00f3rio dos EUA. Fifa convida os torcedores a embarcarem aos tr\u00eas pa\u00edses no per\u00edodo da Copa para\u2026","rel":"","context":"Em &quot;futebol&quot;","block_context":{"text":"futebol","link":"https:\/\/blogdoprosperi.com\/?cat=53870"},"img":{"alt_text":"Copa do Mundo 2026: Faltam 500 dias","src":"https:\/\/i0.wp.com\/blogdoprosperi.com\/wp-content\/uploads\/2025\/01\/unnamed.jpg?fit=560%2C315&ssl=1&resize=350%2C200","width":350,"height":200,"srcset":"https:\/\/i0.wp.com\/blogdoprosperi.com\/wp-content\/uploads\/2025\/01\/unnamed.jpg?fit=560%2C315&ssl=1&resize=350%2C200 1x, https:\/\/i0.wp.com\/blogdoprosperi.com\/wp-content\/uploads\/2025\/01\/unnamed.jpg?fit=560%2C315&ssl=1&resize=525%2C300 1.5x"},"classes":[]},{"id":56510,"url":"https:\/\/blogdoprosperi.com\/?p=56510","url_meta":{"origin":47744,"position":2},"title":"Copa 2026 \u2013 Cem Dias | Sem Rodrygo, Ancelotti Pensa em Neymar","author":"Luiz Ant\u00f4nio Pr\u00f3speri","date":"3 de mar\u00e7o de 2026","format":false,"excerpt":"Luiz Ant\u00f4nio Pr\u00f3speri \u2013 3 mar\u00e7o 2026 (17h49) \u2013 Estamos a cem dias da abertura da Copa do Mundo 2026. A Fifa celebra com um p\u00f4ster alusivo \u00e0 data. Enquanto isso, a guerra no Oriente M\u00e9dio imposta por Estados Unidos e Israel enche de incertezas sele\u00e7\u00f5es daquela regi\u00e3o classificadas a\u2026","rel":"","context":"Em &quot;copa 2026&quot;","block_context":{"text":"copa 2026","link":"https:\/\/blogdoprosperi.com\/?cat=36820279"},"img":{"alt_text":"Sai Rodrygo, entra Neymar","src":"https:\/\/i0.wp.com\/blogdoprosperi.com\/wp-content\/uploads\/2026\/03\/captura-de-tela-2026-03-03-as-18.48.44.png?fit=1200%2C678&ssl=1&resize=350%2C200","width":350,"height":200,"srcset":"https:\/\/i0.wp.com\/blogdoprosperi.com\/wp-content\/uploads\/2026\/03\/captura-de-tela-2026-03-03-as-18.48.44.png?fit=1200%2C678&ssl=1&resize=350%2C200 1x, https:\/\/i0.wp.com\/blogdoprosperi.com\/wp-content\/uploads\/2026\/03\/captura-de-tela-2026-03-03-as-18.48.44.png?fit=1200%2C678&ssl=1&resize=525%2C300 1.5x, https:\/\/i0.wp.com\/blogdoprosperi.com\/wp-content\/uploads\/2026\/03\/captura-de-tela-2026-03-03-as-18.48.44.png?fit=1200%2C678&ssl=1&resize=700%2C400 2x, https:\/\/i0.wp.com\/blogdoprosperi.com\/wp-content\/uploads\/2026\/03\/captura-de-tela-2026-03-03-as-18.48.44.png?fit=1200%2C678&ssl=1&resize=1050%2C600 3x"},"classes":[]},{"id":50980,"url":"https:\/\/blogdoprosperi.com\/?p=50980","url_meta":{"origin":47744,"position":3},"title":"Copa do Mundo 2026 Abre Contagem Regressiva a Um Ano do Jogo de Abertura","author":"Luiz Ant\u00f4nio Pr\u00f3speri","date":"11 de junho de 2025","format":false,"excerpt":"A 26.\u00aa Copa do Mundo 2026 abre contagem regressiva a um ano do jogo de abertura. Confira documento oficial da Fifa a respeito do maior evento do futebol do planeta; A Copa do Mundo 2026 come\u00e7ar\u00e1 exatamente daqui a 365 dias, em 11 de junho de 2026, na Cidade do\u2026","rel":"","context":"Em &quot;Fifa&quot;","block_context":{"text":"Fifa","link":"https:\/\/blogdoprosperi.com\/?cat=187969"},"img":{"alt_text":"","src":"https:\/\/i0.wp.com\/blogdoprosperi.com\/wp-content\/uploads\/2025\/06\/unnamed.jpg?fit=560%2C315&ssl=1&resize=350%2C200","width":350,"height":200,"srcset":"https:\/\/i0.wp.com\/blogdoprosperi.com\/wp-content\/uploads\/2025\/06\/unnamed.jpg?fit=560%2C315&ssl=1&resize=350%2C200 1x, https:\/\/i0.wp.com\/blogdoprosperi.com\/wp-content\/uploads\/2025\/06\/unnamed.jpg?fit=560%2C315&ssl=1&resize=525%2C300 1.5x"},"classes":[]},{"id":56602,"url":"https:\/\/blogdoprosperi.com\/?p=56602","url_meta":{"origin":47744,"position":4},"title":"A \u00daltima do Trump : \u201cA sele\u00e7\u00e3o do Ir\u00e3 \u00e9 bem-vinda \u00e0\u00a0Copa do Mundo, mas eu n\u00e3o acredito que seja apropriado, para a pr\u00f3pria seguran\u00e7a deles\u201d","author":"Luiz Ant\u00f4nio Pr\u00f3speri","date":"12 de mar\u00e7o de 2026","format":false,"excerpt":"Donald Trump afirmou na quinta-feira (12\/3) que o Ir\u00e3 n\u00e3o deveria participar da pr\u00f3xima Copa do Mundo na Am\u00e9rica do Norte, poucos dias depois de ter dito ao presidente da Fifa que o pa\u00eds seria bem-vindo, apesar da guerra no Oriente M\u00e9dio. A Fifa n\u00e3o havia se pronunciado at\u00e9 \u00e0s\u2026","rel":"","context":"Em &quot;copa 2026&quot;","block_context":{"text":"copa 2026","link":"https:\/\/blogdoprosperi.com\/?cat=36820279"},"img":{"alt_text":"Trumbo e Textor","src":"https:\/\/i0.wp.com\/blogdoprosperi.com\/wp-content\/uploads\/2024\/11\/gbtp4mixwa4fvi9.jpeg?fit=984%2C635&ssl=1&resize=350%2C200","width":350,"height":200,"srcset":"https:\/\/i0.wp.com\/blogdoprosperi.com\/wp-content\/uploads\/2024\/11\/gbtp4mixwa4fvi9.jpeg?fit=984%2C635&ssl=1&resize=350%2C200 1x, https:\/\/i0.wp.com\/blogdoprosperi.com\/wp-content\/uploads\/2024\/11\/gbtp4mixwa4fvi9.jpeg?fit=984%2C635&ssl=1&resize=525%2C300 1.5x, https:\/\/i0.wp.com\/blogdoprosperi.com\/wp-content\/uploads\/2024\/11\/gbtp4mixwa4fvi9.jpeg?fit=984%2C635&ssl=1&resize=700%2C400 2x"},"classes":[]},{"id":56828,"url":"https:\/\/blogdoprosperi.com\/?p=56828","url_meta":{"origin":47744,"position":5},"title":"M\u00fasica Oficial da Copa do Mundo 2026 | Acompanhe","author":"Luiz Ant\u00f4nio Pr\u00f3speri","date":"20 de mar\u00e7o de 2026","format":false,"excerpt":"O \u00e1lbum oficial celebra o futebol mundial O \u00e1lbum oficial da Copa do Mundo da FIFA 2026\u2122 une m\u00fasica e futebol para celebrar a cultura global que envolve o maior evento esportivo do mundo. Criado para a Copa do Mundo da FIFA\u2122 mais inclusiva da hist\u00f3ria, sediada no Canad\u00e1, M\u00e9xico\u2026","rel":"","context":"Em &quot;copa 2026&quot;","block_context":{"text":"copa 2026","link":"https:\/\/blogdoprosperi.com\/?cat=36820279"},"img":{"alt_text":"","src":"https:\/\/i0.wp.com\/blogdoprosperi.com\/wp-content\/uploads\/2026\/03\/captura-de-tela-2026-03-20-as-16.38.29.png?fit=1200%2C876&ssl=1&resize=350%2C200","width":350,"height":200,"srcset":"https:\/\/i0.wp.com\/blogdoprosperi.com\/wp-content\/uploads\/2026\/03\/captura-de-tela-2026-03-20-as-16.38.29.png?fit=1200%2C876&ssl=1&resize=350%2C200 1x, https:\/\/i0.wp.com\/blogdoprosperi.com\/wp-content\/uploads\/2026\/03\/captura-de-tela-2026-03-20-as-16.38.29.png?fit=1200%2C876&ssl=1&resize=525%2C300 1.5x, https:\/\/i0.wp.com\/blogdoprosperi.com\/wp-content\/uploads\/2026\/03\/captura-de-tela-2026-03-20-as-16.38.29.png?fit=1200%2C876&ssl=1&resize=700%2C400 2x, https:\/\/i0.wp.com\/blogdoprosperi.com\/wp-content\/uploads\/2026\/03\/captura-de-tela-2026-03-20-as-16.38.29.png?fit=1200%2C876&ssl=1&resize=1050%2C600 3x"},"classes":[]}],"jetpack_featured_media_url":"https:\/\/i0.wp.com\/blogdoprosperi.com\/wp-content\/uploads\/2025\/02\/fifa-world-cup-26-official-brand-unveiled-in-los-angeles.webp?fit=1040%2C585&ssl=1","_links":{"self":[{"href":"https:\/\/blogdoprosperi.com\/index.php?rest_route=\/wp\/v2\/posts\/47744","targetHints":{"allow":["GET"]}}],"collection":[{"href":"https:\/\/blogdoprosperi.com\/index.php?rest_route=\/wp\/v2\/posts"}],"about":[{"href":"https:\/\/blogdoprosperi.com\/index.php?rest_route=\/wp\/v2\/types\/post"}],"author":[{"embeddable":true,"href":"https:\/\/blogdoprosperi.com\/index.php?rest_route=\/wp\/v2\/users\/102107496"}],"replies":[{"embeddable":true,"href":"https:\/\/blogdoprosperi.com\/index.php?rest_route=%2Fwp%2Fv2%2Fcomments&post=47744"}],"version-history":[{"count":18,"href":"https:\/\/blogdoprosperi.com\/index.php?rest_route=\/wp\/v2\/posts\/47744\/revisions"}],"predecessor-version":[{"id":47799,"href":"https:\/\/blogdoprosperi.com\/index.php?rest_route=\/wp\/v2\/posts\/47744\/revisions\/47799"}],"wp:featuredmedia":[{"embeddable":true,"href":"https:\/\/blogdoprosperi.com\/index.php?rest_route=\/wp\/v2\/media\/47794"}],"wp:attachment":[{"href":"https:\/\/blogdoprosperi.com\/index.php?rest_route=%2Fwp%2Fv2%2Fmedia&parent=47744"}],"wp:term":[{"taxonomy":"category","embeddable":true,"href":"https:\/\/blogdoprosperi.com\/index.php?rest_route=%2Fwp%2Fv2%2Fcategories&post=47744"},{"taxonomy":"post_tag","embeddable":true,"href":"https:\/\/blogdoprosperi.com\/index.php?rest_route=%2Fwp%2Fv2%2Ftags&post=47744"}],"curies":[{"name":"wp","href":"https:\/\/api.w.org\/{rel}","templated":true}]}}