{"id":47972,"date":"2025-02-10T16:29:53","date_gmt":"2025-02-10T19:29:53","guid":{"rendered":"https:\/\/blogdoprosperi.com\/?p=47972"},"modified":"2025-02-11T13:21:58","modified_gmt":"2025-02-11T16:21:58","slug":"futebol-brasileiro-tem-pressa-nem-neymar-escapa","status":"publish","type":"post","link":"https:\/\/blogdoprosperi.com\/?p=47972","title":{"rendered":"Futebol Brasileiro Tem Pressa, Nem Neymar Escapa"},"content":{"rendered":"<p><em>Luiz Ant\u00f4nio Pr\u00f3speri \u2013 10 fevereiro (16h25) \u2013<\/em><\/p>\n<p>Neymar precisa apertar o passo. N\u00e3o joga nada no empate (0 a 0) do Santos contra Novorizontino, domingo (09\/2). Contam o n\u00famero de bolas perdidas pelo craque: 28. Neymar n\u00e3o v\u00ea a cor da bola. N\u00e3o faz a diferen\u00e7a que o Santos e a torcida imaginavam. Tudo isso em menos de uma semana da volta do jogador ao futebol brasileiro. Quando a pressa \u00e9 inimiga da perfei\u00e7\u00e3o.<\/p>\n<figure id=\"attachment_47888\" aria-describedby=\"caption-attachment-47888\" style=\"width: 537px\" class=\"wp-caption alignnone\"><img data-recalc-dims=\"1\" loading=\"lazy\" decoding=\"async\" data-attachment-id=\"47888\" data-permalink=\"https:\/\/blogdoprosperi.com\/?attachment_id=47888\" data-orig-file=\"https:\/\/i0.wp.com\/blogdoprosperi.com\/wp-content\/uploads\/2025\/02\/neymar-santos-02052025_0.jpg?fit=760%2C428&amp;ssl=1\" data-orig-size=\"760,428\" data-comments-opened=\"1\" data-image-meta=\"{&quot;aperture&quot;:&quot;0&quot;,&quot;credit&quot;:&quot;&quot;,&quot;camera&quot;:&quot;&quot;,&quot;caption&quot;:&quot;&quot;,&quot;created_timestamp&quot;:&quot;0&quot;,&quot;copyright&quot;:&quot;&quot;,&quot;focal_length&quot;:&quot;0&quot;,&quot;iso&quot;:&quot;0&quot;,&quot;shutter_speed&quot;:&quot;0&quot;,&quot;title&quot;:&quot;&quot;,&quot;orientation&quot;:&quot;0&quot;}\" data-image-title=\"Neymar pede paci\u00eancia aos torcedores do Santos\" data-image-description=\"\" data-image-caption=\"&lt;p&gt;Neymar volta a jogar no Santos \u2013 foto: reprodu\u00e7\u00e3o SN TV&lt;\/p&gt;\n\" data-large-file=\"https:\/\/i0.wp.com\/blogdoprosperi.com\/wp-content\/uploads\/2025\/02\/neymar-santos-02052025_0.jpg?fit=760%2C428&amp;ssl=1\" src=\"https:\/\/i0.wp.com\/blogdoprosperi.com\/wp-content\/uploads\/2025\/02\/neymar-santos-02052025_0.jpg?resize=537%2C302&#038;ssl=1\" class=\"wp-image-47888\" alt=\"Neymar volta fora de forma e pode paci\u00eancia\" width=\"537\" height=\"302\"><figcaption id=\"caption-attachment-47888\" class=\"wp-caption-text\"><em>Neymar volta a jogar no Santos \u2013 foto: reprodu\u00e7\u00e3o SN TV<\/em><\/figcaption><\/figure>\n<p>Mudamos para Minas. Dudu e Gabigol n\u00e3o entregam no Cruzeiro o que se espera de dois grandes jogadores. Gabigol \u00e9 expulso no primeiro tempo no cl\u00e1ssico contra o Atl\u00e9tico-MG. Hulk faz dois gols da vit\u00f3ria atleticana. Hulk maior que Gabigol. Mateus Pereira, destaque do time estrelado em 2024, sai vaiado no segundo tempo pela torcida \u00fanica no Mineir\u00e3o com pouco mais de 60 mil cruzeirenses. Parte azul de Belo Horizonte tem pressa nesse in\u00edcio de Campeonato Mineiro.<\/p>\n<figure id=\"attachment_47984\" aria-describedby=\"caption-attachment-47984\" style=\"width: 446px\" class=\"wp-caption alignnone\"><img data-recalc-dims=\"1\" loading=\"lazy\" decoding=\"async\" data-attachment-id=\"47984\" data-permalink=\"https:\/\/blogdoprosperi.com\/?attachment_id=47984\" data-orig-file=\"https:\/\/i0.wp.com\/blogdoprosperi.com\/wp-content\/uploads\/2025\/02\/54317623351_b253295b3c_c.jpg?fit=640%2C800&amp;ssl=1\" data-orig-size=\"640,800\" data-comments-opened=\"1\" data-image-meta=\"{&quot;aperture&quot;:&quot;0&quot;,&quot;credit&quot;:&quot;Gustavo Aleixo&quot;,&quot;camera&quot;:&quot;&quot;,&quot;caption&quot;:&quot;&quot;,&quot;created_timestamp&quot;:&quot;0&quot;,&quot;copyright&quot;:&quot;&quot;,&quot;focal_length&quot;:&quot;0&quot;,&quot;iso&quot;:&quot;0&quot;,&quot;shutter_speed&quot;:&quot;0&quot;,&quot;title&quot;:&quot;&quot;,&quot;orientation&quot;:&quot;0&quot;}\" data-image-title=\"Mateus Pereira vaiado no Mineir\u00e3o\" data-image-description=\"\" data-image-caption=\"&lt;p&gt;Mateus Pereira \u2013 foto: Cruzeiro oficial&lt;\/p&gt;\n\" data-large-file=\"https:\/\/i0.wp.com\/blogdoprosperi.com\/wp-content\/uploads\/2025\/02\/54317623351_b253295b3c_c.jpg?fit=640%2C800&amp;ssl=1\" src=\"https:\/\/i0.wp.com\/blogdoprosperi.com\/wp-content\/uploads\/2025\/02\/54317623351_b253295b3c_c.jpg?resize=446%2C557&#038;ssl=1\" class=\"wp-image-47984\" alt=\"\" width=\"446\" height=\"557\"><figcaption id=\"caption-attachment-47984\" class=\"wp-caption-text\"><em>Mateus Pereira \u2013 foto: Cruzeiro oficial<\/em><\/figcaption><\/figure>\n<p>Palmeiras empata (1 a 1) em Bras\u00edlia com \u00c1gua Santa, um dos piores times do campeonato, na oitava rodada do Paulist\u00e3o 2025. Acabou o ano Verde. Fora Abel. Fora Leila. Fora Anderson Barros (quem?). Cad\u00ea as contrata\u00e7\u00f5es? Urgente, pedem torcedores enfastiados com as conquistas mais recentes do clube. Palmeirense tem pressa.<\/p>\n<figure id=\"attachment_47983\" aria-describedby=\"caption-attachment-47983\" style=\"width: 533px\" class=\"wp-caption alignnone\"><img data-recalc-dims=\"1\" loading=\"lazy\" decoding=\"async\" data-attachment-id=\"47983\" data-permalink=\"https:\/\/blogdoprosperi.com\/?attachment_id=47983\" data-orig-file=\"https:\/\/i0.wp.com\/blogdoprosperi.com\/wp-content\/uploads\/2025\/02\/54317891418_31c5c0248d_c.jpg?fit=800%2C450&amp;ssl=1\" data-orig-size=\"800,450\" data-comments-opened=\"1\" data-image-meta=\"{&quot;aperture&quot;:&quot;0&quot;,&quot;credit&quot;:&quot;CESAR GRECO&quot;,&quot;camera&quot;:&quot;&quot;,&quot;caption&quot;:&quot;&quot;,&quot;created_timestamp&quot;:&quot;0&quot;,&quot;copyright&quot;:&quot;CESAR GRECO&quot;,&quot;focal_length&quot;:&quot;0&quot;,&quot;iso&quot;:&quot;0&quot;,&quot;shutter_speed&quot;:&quot;0&quot;,&quot;title&quot;:&quot;&quot;,&quot;orientation&quot;:&quot;0&quot;}\" data-image-title=\"Flaco faz gol no empate contra \u00c1gua Santa\" data-image-description=\"\" data-image-caption=\"&lt;p&gt;Flaco L\u00f3pez \u2013 fotos: Palmeiras oficial&lt;\/p&gt;\n\" data-large-file=\"https:\/\/i0.wp.com\/blogdoprosperi.com\/wp-content\/uploads\/2025\/02\/54317891418_31c5c0248d_c.jpg?fit=800%2C450&amp;ssl=1\" src=\"https:\/\/i0.wp.com\/blogdoprosperi.com\/wp-content\/uploads\/2025\/02\/54317891418_31c5c0248d_c.jpg?resize=533%2C300&#038;ssl=1\" class=\"wp-image-47983\" alt=\"\" width=\"533\" height=\"300\"><figcaption id=\"caption-attachment-47983\" class=\"wp-caption-text\"><em>Flaco L\u00f3pez \u2013 foto: Palmeiras oficial<\/em><\/figcaption><\/figure>\n<p>S\u00e3o Paulo sai derrotado de Bragan\u00e7a Paulista. T\u00e9cnico Zubeld\u00eda escala time misto e deixa o garoto Ryan Francisco no banco. Onde j\u00e1 se viu tamanho disparate? Ryan, pepita de ouro da base tricolor, tem de jogar. O que se passa Zubeld\u00eda? Temos pressa.<\/p>\n<p>Botafogo, sem t\u00e9cnico desde o fim da temporada passada, contrata jogadores a granel. Dispensa de baciada entulhos de 2024. N\u00e3o est\u00e1 nem a\u00ed para o Campeonato Carioca e corre risco de n\u00e3o ficar entre os quatro semifinalistas. Patr\u00e3o John Textor precisa, antes de tudo, salvar o Lyon, o seu brinquedinho de futebol na Fran\u00e7a.<\/p>\n<figure id=\"attachment_47985\" aria-describedby=\"caption-attachment-47985\" style=\"width: 705px\" class=\"wp-caption alignnone\"><img data-recalc-dims=\"1\" loading=\"lazy\" decoding=\"async\" data-attachment-id=\"47985\" data-permalink=\"https:\/\/blogdoprosperi.com\/?attachment_id=47985\" data-orig-file=\"https:\/\/i0.wp.com\/blogdoprosperi.com\/wp-content\/uploads\/2025\/02\/1385-1600x466-1.jpg?fit=1600%2C466&amp;ssl=1\" data-orig-size=\"1600,466\" data-comments-opened=\"1\" data-image-meta=\"{&quot;aperture&quot;:&quot;3.2&quot;,&quot;credit&quot;:&quot;RUBENS CHIRI\/Perspectiva&quot;,&quot;camera&quot;:&quot;Canon EOS R7&quot;,&quot;caption&quot;:&quot;&quot;,&quot;created_timestamp&quot;:&quot;1739039891&quot;,&quot;copyright&quot;:&quot;Rubens Chiri\/Perspectiva&quot;,&quot;focal_length&quot;:&quot;300&quot;,&quot;iso&quot;:&quot;1250&quot;,&quot;shutter_speed&quot;:&quot;0.00125&quot;,&quot;title&quot;:&quot;&quot;,&quot;orientation&quot;:&quot;1&quot;}\" data-image-title=\"Zubeld\u00eda, cad\u00ea o Ryan\" data-image-description=\"\" data-image-caption=\"&lt;p&gt;Zubeld\u00eda advertido pela \u00e1rbitra \u2013 foto: S\u00e3o Paulo oficial&lt;\/p&gt;\n\" data-large-file=\"https:\/\/i0.wp.com\/blogdoprosperi.com\/wp-content\/uploads\/2025\/02\/1385-1600x466-1.jpg?fit=940%2C274&amp;ssl=1\" src=\"https:\/\/i0.wp.com\/blogdoprosperi.com\/wp-content\/uploads\/2025\/02\/1385-1600x466-1.jpg?resize=705%2C205&#038;ssl=1\" class=\"wp-image-47985\" alt=\"\" width=\"705\" height=\"205\"><figcaption id=\"caption-attachment-47985\" class=\"wp-caption-text\"><em>Zubeld\u00eda advertido pela \u00e1rbitra \u2013 foto: S\u00e3o Paulo oficial<\/em><\/figcaption><\/figure>\n<p>Enquanto isso, sem brilho, Corinthians se esbalda no Paulist\u00e3o e acha gra\u00e7a na troca da numera\u00e7\u00e3o das camisas de Garro e Memphis Depay. Argentino, de cara virada, vai vestir a oito e o holand\u00eas bonach\u00e3o herda a camisa 10. Com pressa. Que gra\u00e7a!<\/p>\n<p>Entre os dirigentes dos clubes, a discuss\u00e3o agora \u00e9 a uni\u00e3o das duas ligas (LFU e Libra) depois de mais de um ano brigando o tempo todo por grana. Contratos assinados e garantia de que receber\u00e3o R$ 2,8 bilh\u00f5es da venda de direitos de transmiss\u00e3o na temporada 2025, querem fazer a festa no mesmo sal\u00e3o. Tudo em nome do bem ao futebol nacional. Temos pressa nessa uni\u00e3o.<\/p>\n<p>Nas ruas, a carnificina continua impune. Rios de sangue em plena luz do dia nas batalhas a ferro, paus, pedras e bombas. Recife, Fortaleza, Belo Horizonte e S\u00e3o Paulo registram brigas sangrentas de torcidas nas \u00faltimas semanas. Nesse caso, n\u00e3o h\u00e1 pressa para se acabar com a selvageria. Cumplicidade das ditas autoridades \u00e9 not\u00f3ria com o estado de horror.<\/p>\n<p>Enquanto isso, CBF n\u00e3o \u00e9 cobrada por impor o mais desgastante calend\u00e1rio do futebol mundial a nossos jogadores e t\u00e9cnicos. Jogos come\u00e7aram na segunda semana de janeiro e devem se estender at\u00e9 22 de dezembro em 2025.<\/p>\n<p>N\u00e3o h\u00e1 tempo a perder, futebol brasileiro tem pressa. Seria rid\u00edculo se n\u00e3o fosse tr\u00e1gico.<\/p>\n<figure id=\"attachment_45630\" aria-describedby=\"caption-attachment-45630\" style=\"width: 578px\" class=\"wp-caption alignnone\"><img data-recalc-dims=\"1\" loading=\"lazy\" decoding=\"async\" data-attachment-id=\"45630\" data-permalink=\"https:\/\/blogdoprosperi.com\/?attachment_id=45630\" data-orig-file=\"https:\/\/i0.wp.com\/blogdoprosperi.com\/wp-content\/uploads\/2024\/10\/ednaldo-rodrigues-680x375-1.jpg?fit=680%2C375&amp;ssl=1\" data-orig-size=\"680,375\" data-comments-opened=\"1\" data-image-meta=\"{&quot;aperture&quot;:&quot;0&quot;,&quot;credit&quot;:&quot;&quot;,&quot;camera&quot;:&quot;&quot;,&quot;caption&quot;:&quot;&quot;,&quot;created_timestamp&quot;:&quot;0&quot;,&quot;copyright&quot;:&quot;&quot;,&quot;focal_length&quot;:&quot;0&quot;,&quot;iso&quot;:&quot;0&quot;,&quot;shutter_speed&quot;:&quot;0&quot;,&quot;title&quot;:&quot;&quot;,&quot;orientation&quot;:&quot;0&quot;}\" data-image-title=\"Ednaldo Rodrigues presidente da CBF\" data-image-description=\"\" data-image-caption=\"&lt;p&gt;Ednaldo Rodrigues na CBF \u2013 foto: reprodu\u00e7\u00e3o Instagram&lt;\/p&gt;\n\" data-large-file=\"https:\/\/i0.wp.com\/blogdoprosperi.com\/wp-content\/uploads\/2024\/10\/ednaldo-rodrigues-680x375-1.jpg?fit=680%2C375&amp;ssl=1\" src=\"https:\/\/i0.wp.com\/blogdoprosperi.com\/wp-content\/uploads\/2024\/10\/ednaldo-rodrigues-680x375-1.jpg?resize=578%2C319&#038;ssl=1\" class=\"wp-image-45630\" alt=\"Ednaldo tem aliados no Judici\u00e1rio e continua na CBF\" width=\"578\" height=\"319\"><figcaption id=\"caption-attachment-45630\" class=\"wp-caption-text\"><em>Ednaldo Rodrigues presidente da CBF \u2013 foto: reprodu\u00e7\u00e3o Instagram<\/em><\/figcaption><\/figure>\n","protected":false},"excerpt":{"rendered":"<p>Luiz Ant\u00f4nio Pr\u00f3speri \u2013 10 fevereiro (16h25) \u2013 Neymar precisa apertar o passo. N\u00e3o joga nada no empate [&hellip;]<\/p>\n","protected":false},"author":102107496,"featured_media":47981,"comment_status":"open","ping_status":"open","sticky":false,"template":"","format":"standard","meta":{"_coblocks_attr":"","_coblocks_dimensions":"","_coblocks_responsive_height":"","_coblocks_accordion_ie_support":"","_jetpack_newsletter_access":"","_jetpack_dont_email_post_to_subs":false,"_jetpack_newsletter_tier_id":0,"_jetpack_memberships_contains_paywalled_content":false,"_wpcom_ai_launchpad_first_post":false,"_jetpack_feature_clip_id":0,"_jetpack_memberships_contains_paid_content":false,"footnotes":"","jetpack_publicize_message":"","jetpack_publicize_feature_enabled":true,"jetpack_social_post_already_shared":false,"jetpack_social_options":{"image_generator_settings":{"template":"highway","default_image_id":0,"font":"","enabled":false},"version":2},"jetpack_post_was_ever_published":false},"categories":[53870,3919],"tags":[4200771,789560569,177066,789560560,488929,789560573,44781124,4112146,287104,777179972,60469686,2588859,9124083],"class_list":["post-47972","post","type-post","status-publish","format-standard","has-post-thumbnail","hentry","category-futebol","category-opiniao","tag-abel-ferreira","tag-cbf","tag-corinthians","tag-futebol","tag-garro","tag-luiz-antonio-prosperi","tag-memphis-depay","tag-neymar","tag-palmeiras","tag-paulistao-2025","tag-ryan-francisco","tag-santos-fc","tag-zubeldia"],"yoast_head":"<!-- This site is optimized with the Yoast SEO plugin v28.3 - https:\/\/yoast.com\/product\/yoast-seo-wordpress\/ -->\n<title>Futebol Brasileiro Tem Pressa, Nem Neymar Escapa - PR\u00d3SPERI NEWS<\/title>\n<meta name=\"robots\" content=\"index, follow, max-snippet:-1, max-image-preview:large, max-video-preview:-1\" \/>\n<link rel=\"canonical\" href=\"https:\/\/blogdoprosperi.com\/?p=47972\" \/>\n<meta property=\"og:locale\" content=\"pt_BR\" \/>\n<meta property=\"og:type\" content=\"article\" \/>\n<meta property=\"og:title\" content=\"Futebol Brasileiro Tem Pressa, Nem Neymar Escapa - PR\u00d3SPERI NEWS\" \/>\n<meta property=\"og:description\" content=\"Luiz Ant\u00f4nio Pr\u00f3speri \u2013 10 fevereiro (16h25) \u2013 Neymar precisa apertar o passo. N\u00e3o joga nada no empate [&hellip;]\" \/>\n<meta property=\"og:url\" content=\"https:\/\/blogdoprosperi.com\/?p=47972\" \/>\n<meta property=\"og:site_name\" content=\"PR\u00d3SPERI NEWS\" \/>\n<meta property=\"article:publisher\" content=\"Luiz Pr\u00f3speri\" \/>\n<meta property=\"article:author\" content=\"Luiz Pr\u00f3speri\" \/>\n<meta property=\"article:published_time\" content=\"2025-02-10T19:29:53+00:00\" \/>\n<meta property=\"article:modified_time\" content=\"2025-02-11T16:21:58+00:00\" \/>\n<meta property=\"og:image\" content=\"https:\/\/i0.wp.com\/blogdoprosperi.com\/wp-content\/uploads\/2025\/02\/captura-de-tela-2025-02-10-as-15.59.51.png?fit=1454%2C854&ssl=1\" \/>\n\t<meta property=\"og:image:width\" content=\"1454\" \/>\n\t<meta property=\"og:image:height\" content=\"854\" \/>\n\t<meta property=\"og:image:type\" content=\"image\/png\" \/>\n<meta name=\"author\" content=\"Luiz Ant\u00f4nio Pr\u00f3speri\" \/>\n<meta name=\"twitter:card\" content=\"summary_large_image\" \/>\n<meta name=\"twitter:creator\" content=\"@Luizprosperi\" \/>\n<meta name=\"twitter:site\" content=\"@Luizprosperi\" \/>\n<meta name=\"twitter:label1\" content=\"Escrito por\" \/>\n\t<meta name=\"twitter:data1\" content=\"Luiz Ant\u00f4nio Pr\u00f3speri\" \/>\n\t<meta name=\"twitter:label2\" content=\"Est. tempo de leitura\" \/>\n\t<meta name=\"twitter:data2\" content=\"3 minutos\" \/>\n<script type=\"application\/ld+json\" class=\"yoast-schema-graph\">{\"@context\":\"https:\\\/\\\/schema.org\",\"@graph\":[{\"@type\":\"Article\",\"@id\":\"https:\\\/\\\/blogdoprosperi.com\\\/?p=47972#article\",\"isPartOf\":{\"@id\":\"https:\\\/\\\/blogdoprosperi.com\\\/?p=47972\"},\"author\":{\"name\":\"Luiz Ant\u00f4nio Pr\u00f3speri\",\"@id\":\"https:\\\/\\\/blogdoprosperi.com\\\/#\\\/schema\\\/person\\\/38100755ce3601861ee4fab9b5aa78e9\"},\"headline\":\"Futebol Brasileiro Tem Pressa, Nem Neymar Escapa\",\"datePublished\":\"2025-02-10T19:29:53+00:00\",\"dateModified\":\"2025-02-11T16:21:58+00:00\",\"mainEntityOfPage\":{\"@id\":\"https:\\\/\\\/blogdoprosperi.com\\\/?p=47972\"},\"wordCount\":661,\"commentCount\":1,\"publisher\":{\"@id\":\"https:\\\/\\\/blogdoprosperi.com\\\/#\\\/schema\\\/person\\\/38100755ce3601861ee4fab9b5aa78e9\"},\"image\":{\"@id\":\"https:\\\/\\\/blogdoprosperi.com\\\/?p=47972#primaryimage\"},\"thumbnailUrl\":\"https:\\\/\\\/i0.wp.com\\\/blogdoprosperi.com\\\/wp-content\\\/uploads\\\/2025\\\/02\\\/captura-de-tela-2025-02-10-as-15.59.51.png?fit=1454%2C854&ssl=1\",\"keywords\":[\"abel ferreira\",\"CBF\",\"Corinthians\",\"futebol\",\"garro\",\"Luiz Ant\u00f4nio Pr\u00f3speri\",\"Memphis depay\",\"Neymar\",\"Palmeiras\",\"paulist\u00e3o 2025\",\"ryan francisco\",\"Santos FC\",\"zubeldia\"],\"articleSection\":[\"futebol\",\"opini\u00e3o\"],\"inLanguage\":\"pt-BR\",\"potentialAction\":[{\"@type\":\"CommentAction\",\"name\":\"Comment\",\"target\":[\"https:\\\/\\\/blogdoprosperi.com\\\/?p=47972#respond\"]}]},{\"@type\":\"WebPage\",\"@id\":\"https:\\\/\\\/blogdoprosperi.com\\\/?p=47972\",\"url\":\"https:\\\/\\\/blogdoprosperi.com\\\/?p=47972\",\"name\":\"Futebol Brasileiro Tem Pressa, Nem Neymar Escapa - PR\u00d3SPERI NEWS\",\"isPartOf\":{\"@id\":\"https:\\\/\\\/blogdoprosperi.com\\\/#website\"},\"primaryImageOfPage\":{\"@id\":\"https:\\\/\\\/blogdoprosperi.com\\\/?p=47972#primaryimage\"},\"image\":{\"@id\":\"https:\\\/\\\/blogdoprosperi.com\\\/?p=47972#primaryimage\"},\"thumbnailUrl\":\"https:\\\/\\\/i0.wp.com\\\/blogdoprosperi.com\\\/wp-content\\\/uploads\\\/2025\\\/02\\\/captura-de-tela-2025-02-10-as-15.59.51.png?fit=1454%2C854&ssl=1\",\"datePublished\":\"2025-02-10T19:29:53+00:00\",\"dateModified\":\"2025-02-11T16:21:58+00:00\",\"breadcrumb\":{\"@id\":\"https:\\\/\\\/blogdoprosperi.com\\\/?p=47972#breadcrumb\"},\"inLanguage\":\"pt-BR\",\"potentialAction\":[{\"@type\":\"ReadAction\",\"target\":[\"https:\\\/\\\/blogdoprosperi.com\\\/?p=47972\"]}]},{\"@type\":\"ImageObject\",\"inLanguage\":\"pt-BR\",\"@id\":\"https:\\\/\\\/blogdoprosperi.com\\\/?p=47972#primaryimage\",\"url\":\"https:\\\/\\\/i0.wp.com\\\/blogdoprosperi.com\\\/wp-content\\\/uploads\\\/2025\\\/02\\\/captura-de-tela-2025-02-10-as-15.59.51.png?fit=1454%2C854&ssl=1\",\"contentUrl\":\"https:\\\/\\\/i0.wp.com\\\/blogdoprosperi.com\\\/wp-content\\\/uploads\\\/2025\\\/02\\\/captura-de-tela-2025-02-10-as-15.59.51.png?fit=1454%2C854&ssl=1\",\"width\":1454,\"height\":854,\"caption\":\"Memphis est\u00e1 fora do Corinthians - foto: Corinthians oficial\"},{\"@type\":\"BreadcrumbList\",\"@id\":\"https:\\\/\\\/blogdoprosperi.com\\\/?p=47972#breadcrumb\",\"itemListElement\":[{\"@type\":\"ListItem\",\"position\":1,\"name\":\"In\u00edcio\",\"item\":\"https:\\\/\\\/blogdoprosperi.com\\\/\"},{\"@type\":\"ListItem\",\"position\":2,\"name\":\"Futebol Brasileiro Tem Pressa, Nem Neymar Escapa\"}]},{\"@type\":\"WebSite\",\"@id\":\"https:\\\/\\\/blogdoprosperi.com\\\/#website\",\"url\":\"https:\\\/\\\/blogdoprosperi.com\\\/\",\"name\":\"PR\u00d3SPERI NEWS\",\"description\":\"TUDO \u00c9  FUTEBOL\",\"publisher\":{\"@id\":\"https:\\\/\\\/blogdoprosperi.com\\\/#\\\/schema\\\/person\\\/38100755ce3601861ee4fab9b5aa78e9\"},\"alternateName\":\"blogdoprosperi.com\",\"potentialAction\":[{\"@type\":\"SearchAction\",\"target\":{\"@type\":\"EntryPoint\",\"urlTemplate\":\"https:\\\/\\\/blogdoprosperi.com\\\/?s={search_term_string}\"},\"query-input\":{\"@type\":\"PropertyValueSpecification\",\"valueRequired\":true,\"valueName\":\"search_term_string\"}}],\"inLanguage\":\"pt-BR\"},{\"@type\":[\"Person\",\"Organization\"],\"@id\":\"https:\\\/\\\/blogdoprosperi.com\\\/#\\\/schema\\\/person\\\/38100755ce3601861ee4fab9b5aa78e9\",\"name\":\"Luiz Ant\u00f4nio Pr\u00f3speri\",\"pronouns\":\"ele\",\"image\":{\"@type\":\"ImageObject\",\"inLanguage\":\"pt-BR\",\"@id\":\"https:\\\/\\\/i0.wp.com\\\/blogdoprosperi.com\\\/wp-content\\\/uploads\\\/2026\\\/05\\\/cropped-8059e613-6002-42fa-961e-8e275f575d71-2-5.jpg?fit=1360%2C931&ssl=1\",\"url\":\"https:\\\/\\\/i0.wp.com\\\/blogdoprosperi.com\\\/wp-content\\\/uploads\\\/2026\\\/05\\\/cropped-8059e613-6002-42fa-961e-8e275f575d71-2-5.jpg?fit=1360%2C931&ssl=1\",\"contentUrl\":\"https:\\\/\\\/i0.wp.com\\\/blogdoprosperi.com\\\/wp-content\\\/uploads\\\/2026\\\/05\\\/cropped-8059e613-6002-42fa-961e-8e275f575d71-2-5.jpg?fit=1360%2C931&ssl=1\",\"width\":1360,\"height\":931,\"caption\":\"Luiz Ant\u00f4nio Pr\u00f3speri\"},\"logo\":{\"@id\":\"https:\\\/\\\/i0.wp.com\\\/blogdoprosperi.com\\\/wp-content\\\/uploads\\\/2026\\\/05\\\/cropped-8059e613-6002-42fa-961e-8e275f575d71-2-5.jpg?fit=1360%2C931&ssl=1\"},\"description\":\"Jornalista com carreira dedicada ao esporte. Cobriu 9 Copas do Mundo in loco, 1990 na It\u00e1lia, 1994 nos EUA, 1998 na Fran\u00e7a, 2002 na Coreia do Sul e Jap\u00e3o, 2006 na Alemanha, 2010 na \u00c1frica do Sul, 2014 no Brasil, 2018 na R\u00fassia e 2022 no Qatar. Eurocopas, 1992 na Su\u00e9cia e 1996 na Inglaterra. Copa das Confedera\u00e7\u00f5es de 2005 na Alemanha e 2009 na \u00c1frica do Sul. Rep\u00f3rter e Editor, trabalhou no Jornal da Tarde e Estad\u00e3o, de 1984 a fevereiro de 2016. Colunista, blogueiro. E comentarista de futebol na R\u00e1dio Estad\u00e3o, de 2013 a fevereiro de 2016. Jornalista respons\u00e1vel do \\\"Pr\u00f3speri News\\\" (blogdoprosperi.com).\",\"sameAs\":[\"http:\\\/\\\/blogdoprosperi.com\",\"Luiz Pr\u00f3speri\",\"@luiz_prosperi\",\"https:\\\/\\\/x.com\\\/Luizprosperi\",\"@prosperinacopa\",\"luiz.prosperi@icloud.com\"],\"url\":\"https:\\\/\\\/blogdoprosperi.com\\\/?author=102107496\"}]}<\/script>\n<!-- \/ Yoast SEO plugin. -->","yoast_head_json":{"title":"Futebol Brasileiro Tem Pressa, Nem Neymar Escapa - PR\u00d3SPERI NEWS","robots":{"index":"index","follow":"follow","max-snippet":"max-snippet:-1","max-image-preview":"max-image-preview:large","max-video-preview":"max-video-preview:-1"},"canonical":"https:\/\/blogdoprosperi.com\/?p=47972","og_locale":"pt_BR","og_type":"article","og_title":"Futebol Brasileiro Tem Pressa, Nem Neymar Escapa - PR\u00d3SPERI NEWS","og_description":"Luiz Ant\u00f4nio Pr\u00f3speri \u2013 10 fevereiro (16h25) \u2013 Neymar precisa apertar o passo. N\u00e3o joga nada no empate [&hellip;]","og_url":"https:\/\/blogdoprosperi.com\/?p=47972","og_site_name":"PR\u00d3SPERI NEWS","article_publisher":"Luiz Pr\u00f3speri","article_author":"Luiz Pr\u00f3speri","article_published_time":"2025-02-10T19:29:53+00:00","article_modified_time":"2025-02-11T16:21:58+00:00","og_image":[{"width":1454,"height":854,"url":"https:\/\/i0.wp.com\/blogdoprosperi.com\/wp-content\/uploads\/2025\/02\/captura-de-tela-2025-02-10-as-15.59.51.png?fit=1454%2C854&ssl=1","type":"image\/png"}],"author":"Luiz Ant\u00f4nio Pr\u00f3speri","twitter_card":"summary_large_image","twitter_creator":"@Luizprosperi","twitter_site":"@Luizprosperi","twitter_misc":{"Escrito por":"Luiz Ant\u00f4nio Pr\u00f3speri","Est. tempo de leitura":"3 minutos"},"schema":{"@context":"https:\/\/schema.org","@graph":[{"@type":"Article","@id":"https:\/\/blogdoprosperi.com\/?p=47972#article","isPartOf":{"@id":"https:\/\/blogdoprosperi.com\/?p=47972"},"author":{"name":"Luiz Ant\u00f4nio Pr\u00f3speri","@id":"https:\/\/blogdoprosperi.com\/#\/schema\/person\/38100755ce3601861ee4fab9b5aa78e9"},"headline":"Futebol Brasileiro Tem Pressa, Nem Neymar Escapa","datePublished":"2025-02-10T19:29:53+00:00","dateModified":"2025-02-11T16:21:58+00:00","mainEntityOfPage":{"@id":"https:\/\/blogdoprosperi.com\/?p=47972"},"wordCount":661,"commentCount":1,"publisher":{"@id":"https:\/\/blogdoprosperi.com\/#\/schema\/person\/38100755ce3601861ee4fab9b5aa78e9"},"image":{"@id":"https:\/\/blogdoprosperi.com\/?p=47972#primaryimage"},"thumbnailUrl":"https:\/\/i0.wp.com\/blogdoprosperi.com\/wp-content\/uploads\/2025\/02\/captura-de-tela-2025-02-10-as-15.59.51.png?fit=1454%2C854&ssl=1","keywords":["abel ferreira","CBF","Corinthians","futebol","garro","Luiz Ant\u00f4nio Pr\u00f3speri","Memphis depay","Neymar","Palmeiras","paulist\u00e3o 2025","ryan francisco","Santos FC","zubeldia"],"articleSection":["futebol","opini\u00e3o"],"inLanguage":"pt-BR","potentialAction":[{"@type":"CommentAction","name":"Comment","target":["https:\/\/blogdoprosperi.com\/?p=47972#respond"]}]},{"@type":"WebPage","@id":"https:\/\/blogdoprosperi.com\/?p=47972","url":"https:\/\/blogdoprosperi.com\/?p=47972","name":"Futebol Brasileiro Tem Pressa, Nem Neymar Escapa - PR\u00d3SPERI NEWS","isPartOf":{"@id":"https:\/\/blogdoprosperi.com\/#website"},"primaryImageOfPage":{"@id":"https:\/\/blogdoprosperi.com\/?p=47972#primaryimage"},"image":{"@id":"https:\/\/blogdoprosperi.com\/?p=47972#primaryimage"},"thumbnailUrl":"https:\/\/i0.wp.com\/blogdoprosperi.com\/wp-content\/uploads\/2025\/02\/captura-de-tela-2025-02-10-as-15.59.51.png?fit=1454%2C854&ssl=1","datePublished":"2025-02-10T19:29:53+00:00","dateModified":"2025-02-11T16:21:58+00:00","breadcrumb":{"@id":"https:\/\/blogdoprosperi.com\/?p=47972#breadcrumb"},"inLanguage":"pt-BR","potentialAction":[{"@type":"ReadAction","target":["https:\/\/blogdoprosperi.com\/?p=47972"]}]},{"@type":"ImageObject","inLanguage":"pt-BR","@id":"https:\/\/blogdoprosperi.com\/?p=47972#primaryimage","url":"https:\/\/i0.wp.com\/blogdoprosperi.com\/wp-content\/uploads\/2025\/02\/captura-de-tela-2025-02-10-as-15.59.51.png?fit=1454%2C854&ssl=1","contentUrl":"https:\/\/i0.wp.com\/blogdoprosperi.com\/wp-content\/uploads\/2025\/02\/captura-de-tela-2025-02-10-as-15.59.51.png?fit=1454%2C854&ssl=1","width":1454,"height":854,"caption":"Memphis est\u00e1 fora do Corinthians - foto: Corinthians oficial"},{"@type":"BreadcrumbList","@id":"https:\/\/blogdoprosperi.com\/?p=47972#breadcrumb","itemListElement":[{"@type":"ListItem","position":1,"name":"In\u00edcio","item":"https:\/\/blogdoprosperi.com\/"},{"@type":"ListItem","position":2,"name":"Futebol Brasileiro Tem Pressa, Nem Neymar Escapa"}]},{"@type":"WebSite","@id":"https:\/\/blogdoprosperi.com\/#website","url":"https:\/\/blogdoprosperi.com\/","name":"PR\u00d3SPERI NEWS","description":"TUDO \u00c9  FUTEBOL","publisher":{"@id":"https:\/\/blogdoprosperi.com\/#\/schema\/person\/38100755ce3601861ee4fab9b5aa78e9"},"alternateName":"blogdoprosperi.com","potentialAction":[{"@type":"SearchAction","target":{"@type":"EntryPoint","urlTemplate":"https:\/\/blogdoprosperi.com\/?s={search_term_string}"},"query-input":{"@type":"PropertyValueSpecification","valueRequired":true,"valueName":"search_term_string"}}],"inLanguage":"pt-BR"},{"@type":["Person","Organization"],"@id":"https:\/\/blogdoprosperi.com\/#\/schema\/person\/38100755ce3601861ee4fab9b5aa78e9","name":"Luiz Ant\u00f4nio Pr\u00f3speri","pronouns":"ele","image":{"@type":"ImageObject","inLanguage":"pt-BR","@id":"https:\/\/i0.wp.com\/blogdoprosperi.com\/wp-content\/uploads\/2026\/05\/cropped-8059e613-6002-42fa-961e-8e275f575d71-2-5.jpg?fit=1360%2C931&ssl=1","url":"https:\/\/i0.wp.com\/blogdoprosperi.com\/wp-content\/uploads\/2026\/05\/cropped-8059e613-6002-42fa-961e-8e275f575d71-2-5.jpg?fit=1360%2C931&ssl=1","contentUrl":"https:\/\/i0.wp.com\/blogdoprosperi.com\/wp-content\/uploads\/2026\/05\/cropped-8059e613-6002-42fa-961e-8e275f575d71-2-5.jpg?fit=1360%2C931&ssl=1","width":1360,"height":931,"caption":"Luiz Ant\u00f4nio Pr\u00f3speri"},"logo":{"@id":"https:\/\/i0.wp.com\/blogdoprosperi.com\/wp-content\/uploads\/2026\/05\/cropped-8059e613-6002-42fa-961e-8e275f575d71-2-5.jpg?fit=1360%2C931&ssl=1"},"description":"Jornalista com carreira dedicada ao esporte. Cobriu 9 Copas do Mundo in loco, 1990 na It\u00e1lia, 1994 nos EUA, 1998 na Fran\u00e7a, 2002 na Coreia do Sul e Jap\u00e3o, 2006 na Alemanha, 2010 na \u00c1frica do Sul, 2014 no Brasil, 2018 na R\u00fassia e 2022 no Qatar. Eurocopas, 1992 na Su\u00e9cia e 1996 na Inglaterra. Copa das Confedera\u00e7\u00f5es de 2005 na Alemanha e 2009 na \u00c1frica do Sul. Rep\u00f3rter e Editor, trabalhou no Jornal da Tarde e Estad\u00e3o, de 1984 a fevereiro de 2016. Colunista, blogueiro. E comentarista de futebol na R\u00e1dio Estad\u00e3o, de 2013 a fevereiro de 2016. Jornalista respons\u00e1vel do \"Pr\u00f3speri News\" (blogdoprosperi.com).","sameAs":["http:\/\/blogdoprosperi.com","Luiz Pr\u00f3speri","@luiz_prosperi","https:\/\/x.com\/Luizprosperi","@prosperinacopa","luiz.prosperi@icloud.com"],"url":"https:\/\/blogdoprosperi.com\/?author=102107496"}]}},"jetpack_publicize_connections":[],"jetpack_likes_enabled":false,"jetpack_sharing_enabled":true,"jetpack_shortlink":"https:\/\/wp.me\/p7jvdk-ctK","jetpack-related-posts":[{"id":53898,"url":"https:\/\/blogdoprosperi.com\/?p=53898","url_meta":{"origin":47972,"position":0},"title":"Neymar, o Cavaleiro Solit\u00e1rio Perdido na Multid\u00e3o Santista","author":"Luiz Ant\u00f4nio Pr\u00f3speri","date":"24 de julho de 2025","format":false,"excerpt":"Luiz Ant\u00f4nio Pr\u00f3speri \u2013 24 julho 2025 (19h01) \u2013\u00a0 Santos est\u00e1 na zona de rebaixamento do Brasileir\u00e3o 2025. Neymar tamb\u00e9m. Neymar e Santos se confundem em um s\u00f3. Os dois est\u00e3o na vitrine e a torcida joga pedras a estilha\u00e7ar os vidros. O craque perde a paci\u00eancia. Nos dois \u00faltimos\u2026","rel":"","context":"Em &quot;brasileir\u00e3o 2025&quot;","block_context":{"text":"brasileir\u00e3o 2025","link":"https:\/\/blogdoprosperi.com\/?cat=775970846"},"img":{"alt_text":"Neymar, o cavaleiro solit\u00e1rio do Santos","src":"https:\/\/i0.wp.com\/blogdoprosperi.com\/wp-content\/uploads\/2025\/07\/captura-de-tela-2025-07-24-as-18.57.12.png?fit=1200%2C780&ssl=1&resize=350%2C200","width":350,"height":200,"srcset":"https:\/\/i0.wp.com\/blogdoprosperi.com\/wp-content\/uploads\/2025\/07\/captura-de-tela-2025-07-24-as-18.57.12.png?fit=1200%2C780&ssl=1&resize=350%2C200 1x, https:\/\/i0.wp.com\/blogdoprosperi.com\/wp-content\/uploads\/2025\/07\/captura-de-tela-2025-07-24-as-18.57.12.png?fit=1200%2C780&ssl=1&resize=525%2C300 1.5x, https:\/\/i0.wp.com\/blogdoprosperi.com\/wp-content\/uploads\/2025\/07\/captura-de-tela-2025-07-24-as-18.57.12.png?fit=1200%2C780&ssl=1&resize=700%2C400 2x, https:\/\/i0.wp.com\/blogdoprosperi.com\/wp-content\/uploads\/2025\/07\/captura-de-tela-2025-07-24-as-18.57.12.png?fit=1200%2C780&ssl=1&resize=1050%2C600 3x"},"classes":[]},{"id":46394,"url":"https:\/\/blogdoprosperi.com\/?p=46394","url_meta":{"origin":47972,"position":1},"title":"Santos campe\u00e3o com vaias e Campinas chora por Guarani e Ponte Preta","author":"Luiz Ant\u00f4nio Pr\u00f3speri","date":"17 de novembro de 2024","format":false,"excerpt":"Luiz Ant\u00f4nio Pr\u00f3speri \u2013 17 novembro (19h25) \u2013 Santos perde do CRB na festa da ta\u00e7a de campe\u00e3o da S\u00e9rie B do Brasileiro. Derrota santista afunda Ponte Preta \u00e0 S\u00e9rie C, conhecida Terceira Divis\u00e3o, agora de m\u00e3os dadas ao j\u00e1 rebaixado Guarani. \u00c9 a decad\u00eancia do futebol de Campinas, antes\u2026","rel":"","context":"Em &quot;futebol&quot;","block_context":{"text":"futebol","link":"https:\/\/blogdoprosperi.com\/?cat=53870"},"img":{"alt_text":"Santos campe\u00e3o da S\u00e9rie B, camisa 10 voltou","src":"https:\/\/i0.wp.com\/blogdoprosperi.com\/wp-content\/uploads\/2024\/11\/54146882298_67ab0348f2_c.jpg?fit=640%2C800&ssl=1&resize=350%2C200","width":350,"height":200,"srcset":"https:\/\/i0.wp.com\/blogdoprosperi.com\/wp-content\/uploads\/2024\/11\/54146882298_67ab0348f2_c.jpg?fit=640%2C800&ssl=1&resize=350%2C200 1x, https:\/\/i0.wp.com\/blogdoprosperi.com\/wp-content\/uploads\/2024\/11\/54146882298_67ab0348f2_c.jpg?fit=640%2C800&ssl=1&resize=525%2C300 1.5x"},"classes":[]},{"id":46267,"url":"https:\/\/blogdoprosperi.com\/?p=46267","url_meta":{"origin":47972,"position":2},"title":"Santos \u00c9 S\u00e9rie A | Futuro tem Neymar, Novo Est\u00e1dio e SAF","author":"Luiz Ant\u00f4nio Pr\u00f3speri","date":"12 de novembro de 2024","format":false,"excerpt":"Luiz Ant\u00f4nio Pr\u00f3speri \u2013 12 novembro (10h15) \u2013 Otero faz um gol extraordin\u00e1rio em cobran\u00e7a de falta e decreta vit\u00f3ria do Santos por 2 a 0 contra o Coritiba. Gol de S\u00e9rie A. Gol a devolver o Alvinegro ao seleto grupo de clubes da Primeira Divis\u00e3o do futebol brasileiro. Enfim,\u2026","rel":"","context":"Em &quot;futebol&quot;","block_context":{"text":"futebol","link":"https:\/\/blogdoprosperi.com\/?cat=53870"},"img":{"alt_text":"Santos volta \u00e0 S\u00e9rie A","src":"https:\/\/i0.wp.com\/blogdoprosperi.com\/wp-content\/uploads\/2024\/11\/gckcsztwaaa9o5s.jpeg?fit=852%2C682&ssl=1&resize=350%2C200","width":350,"height":200,"srcset":"https:\/\/i0.wp.com\/blogdoprosperi.com\/wp-content\/uploads\/2024\/11\/gckcsztwaaa9o5s.jpeg?fit=852%2C682&ssl=1&resize=350%2C200 1x, https:\/\/i0.wp.com\/blogdoprosperi.com\/wp-content\/uploads\/2024\/11\/gckcsztwaaa9o5s.jpeg?fit=852%2C682&ssl=1&resize=525%2C300 1.5x, https:\/\/i0.wp.com\/blogdoprosperi.com\/wp-content\/uploads\/2024\/11\/gckcsztwaaa9o5s.jpeg?fit=852%2C682&ssl=1&resize=700%2C400 2x"},"classes":[]},{"id":47518,"url":"https:\/\/blogdoprosperi.com\/?p=47518","url_meta":{"origin":47972,"position":3},"title":"Nem Jesus Quer Neymar, Santos Sim","author":"Luiz Ant\u00f4nio Pr\u00f3speri","date":"17 de janeiro de 2025","format":false,"excerpt":"Neymar procura um time para voltar ao futebol. Farra da Ar\u00e1bia Saudita chega ao fim com o decreto de Jesus, o Jorge, t\u00e9cnico do Al-Hilal. Aos 33 anos, craque brasileiro procura outra freguesia. Santos aposta no lado emocional e trabalha com os \u00e1rabes por empr\u00e9stimo de seis meses. \u201cO Neymar\u2026","rel":"","context":"Em &quot;futebol&quot;","block_context":{"text":"futebol","link":"https:\/\/blogdoprosperi.com\/?cat=53870"},"img":{"alt_text":"","src":"https:\/\/i0.wp.com\/blogdoprosperi.com\/wp-content\/uploads\/2023\/08\/fywhikqxsaiayz0.jpg?fit=720%2C720&ssl=1&resize=350%2C200","width":350,"height":200,"srcset":"https:\/\/i0.wp.com\/blogdoprosperi.com\/wp-content\/uploads\/2023\/08\/fywhikqxsaiayz0.jpg?fit=720%2C720&ssl=1&resize=350%2C200 1x, https:\/\/i0.wp.com\/blogdoprosperi.com\/wp-content\/uploads\/2023\/08\/fywhikqxsaiayz0.jpg?fit=720%2C720&ssl=1&resize=525%2C300 1.5x, https:\/\/i0.wp.com\/blogdoprosperi.com\/wp-content\/uploads\/2023\/08\/fywhikqxsaiayz0.jpg?fit=720%2C720&ssl=1&resize=700%2C400 2x"},"classes":[]},{"id":54274,"url":"https:\/\/blogdoprosperi.com\/?p=54274","url_meta":{"origin":47972,"position":4},"title":"Neymar Levanta Bandeira de Sua Volta ao Santos","author":"Luiz Ant\u00f4nio Pr\u00f3speri","date":"4 de agosto de 2025","format":false,"excerpt":"Santos vence Juventude com dois gols de Neymar e sai da zona de rebaixamento Auxiliares de Ancelotti na Sele\u00e7\u00e3o Brasileira observam o craque no Morumbis Luiz Ant\u00f4nio Pr\u00f3speri - 4 agosto 2025 (22h31) - Neymar precisa do Santos para renascer. O Santos precisa de Neymar para sobreviver. Comunh\u00e3o perfeita. Craque\u2026","rel":"","context":"Em &quot;futebol&quot;","block_context":{"text":"futebol","link":"https:\/\/blogdoprosperi.com\/?cat=53870"},"img":{"alt_text":"Neymar faz dois gols na vit\u00f3ria do Santos contra Juventude","src":"https:\/\/i0.wp.com\/blogdoprosperi.com\/wp-content\/uploads\/2025\/08\/captura-de-tela-2025-08-04-as-22.24.21.png?fit=1200%2C805&ssl=1&resize=350%2C200","width":350,"height":200,"srcset":"https:\/\/i0.wp.com\/blogdoprosperi.com\/wp-content\/uploads\/2025\/08\/captura-de-tela-2025-08-04-as-22.24.21.png?fit=1200%2C805&ssl=1&resize=350%2C200 1x, https:\/\/i0.wp.com\/blogdoprosperi.com\/wp-content\/uploads\/2025\/08\/captura-de-tela-2025-08-04-as-22.24.21.png?fit=1200%2C805&ssl=1&resize=525%2C300 1.5x, https:\/\/i0.wp.com\/blogdoprosperi.com\/wp-content\/uploads\/2025\/08\/captura-de-tela-2025-08-04-as-22.24.21.png?fit=1200%2C805&ssl=1&resize=700%2C400 2x, https:\/\/i0.wp.com\/blogdoprosperi.com\/wp-content\/uploads\/2025\/08\/captura-de-tela-2025-08-04-as-22.24.21.png?fit=1200%2C805&ssl=1&resize=1050%2C600 3x"},"classes":[]},{"id":47659,"url":"https:\/\/blogdoprosperi.com\/?p=47659","url_meta":{"origin":47972,"position":5},"title":"Pel\u00e9 Pede a Volta de Neymar ao Santos em V\u00eddeo","author":"Luiz Ant\u00f4nio Pr\u00f3speri","date":"28 de janeiro de 2025","format":false,"excerpt":"Veja v\u00eddeo de Pel\u00e9 pedindo volta de Neymar ao Santos. Produzido com ajuda da IA (Intelig\u00eancia Artificial)","rel":"","context":"Em &quot;futebol&quot;","block_context":{"text":"futebol","link":"https:\/\/blogdoprosperi.com\/?cat=53870"},"img":{"alt_text":"","src":"https:\/\/i0.wp.com\/blogdoprosperi.com\/wp-content\/uploads\/2025\/01\/image.png?fit=1024%2C768&ssl=1&resize=350%2C200","width":350,"height":200,"srcset":"https:\/\/i0.wp.com\/blogdoprosperi.com\/wp-content\/uploads\/2025\/01\/image.png?fit=1024%2C768&ssl=1&resize=350%2C200 1x, https:\/\/i0.wp.com\/blogdoprosperi.com\/wp-content\/uploads\/2025\/01\/image.png?fit=1024%2C768&ssl=1&resize=525%2C300 1.5x, https:\/\/i0.wp.com\/blogdoprosperi.com\/wp-content\/uploads\/2025\/01\/image.png?fit=1024%2C768&ssl=1&resize=700%2C400 2x"},"classes":[]}],"jetpack_featured_media_url":"https:\/\/i0.wp.com\/blogdoprosperi.com\/wp-content\/uploads\/2025\/02\/captura-de-tela-2025-02-10-as-15.59.51.png?fit=1454%2C854&ssl=1","_links":{"self":[{"href":"https:\/\/blogdoprosperi.com\/index.php?rest_route=\/wp\/v2\/posts\/47972","targetHints":{"allow":["GET"]}}],"collection":[{"href":"https:\/\/blogdoprosperi.com\/index.php?rest_route=\/wp\/v2\/posts"}],"about":[{"href":"https:\/\/blogdoprosperi.com\/index.php?rest_route=\/wp\/v2\/types\/post"}],"author":[{"embeddable":true,"href":"https:\/\/blogdoprosperi.com\/index.php?rest_route=\/wp\/v2\/users\/102107496"}],"replies":[{"embeddable":true,"href":"https:\/\/blogdoprosperi.com\/index.php?rest_route=%2Fwp%2Fv2%2Fcomments&post=47972"}],"version-history":[{"count":16,"href":"https:\/\/blogdoprosperi.com\/index.php?rest_route=\/wp\/v2\/posts\/47972\/revisions"}],"predecessor-version":[{"id":48009,"href":"https:\/\/blogdoprosperi.com\/index.php?rest_route=\/wp\/v2\/posts\/47972\/revisions\/48009"}],"wp:featuredmedia":[{"embeddable":true,"href":"https:\/\/blogdoprosperi.com\/index.php?rest_route=\/wp\/v2\/media\/47981"}],"wp:attachment":[{"href":"https:\/\/blogdoprosperi.com\/index.php?rest_route=%2Fwp%2Fv2%2Fmedia&parent=47972"}],"wp:term":[{"taxonomy":"category","embeddable":true,"href":"https:\/\/blogdoprosperi.com\/index.php?rest_route=%2Fwp%2Fv2%2Fcategories&post=47972"},{"taxonomy":"post_tag","embeddable":true,"href":"https:\/\/blogdoprosperi.com\/index.php?rest_route=%2Fwp%2Fv2%2Ftags&post=47972"}],"curies":[{"name":"wp","href":"https:\/\/api.w.org\/{rel}","templated":true}]}}