{"id":48064,"date":"2025-02-14T17:12:27","date_gmt":"2025-02-14T20:12:27","guid":{"rendered":"https:\/\/blogdoprosperi.com\/?p=48064"},"modified":"2025-02-14T21:36:55","modified_gmt":"2025-02-15T00:36:55","slug":"analise-do-futebol-rude-da-selecao-brasileira-sub-20","status":"publish","type":"post","link":"https:\/\/blogdoprosperi.com\/?p=48064","title":{"rendered":"An\u00e1lise do Futebol Rude da Sele\u00e7\u00e3o Brasileira Sub-20"},"content":{"rendered":"<em>Luiz Ant\u00f4nio Pr\u00f3speri \u2013 14 fevereiro (17h05) \u2013<\/em>\n\nSele\u00e7\u00e3o Brasileira Sub-20 pode levantar a ta\u00e7a de campe\u00e3 do Sul-Americano, domingo, na Venezuela. T\u00edtulo a ser comemorado por Ramon Menezes, presidente da CBF e os garotos desse time do Brasil. E paramos por a\u00ed. CBF e o t\u00e9cnico Ramon, mesmo com as honras de campe\u00e3o, tiveram a capacidade de fazer da sele\u00e7\u00e3o de garotos um amontoado de trogloditas. <span style=\"font-size: revert\">A ordem \u00e9 do anti-jogo, da for\u00e7a f\u00edsica \u00e0 intimida\u00e7\u00e3o, de fazer um gol e recuar, conceitos ultrapassados mas em vig\u00eancia nesse selecionado no Sul-Americano. Um desatino.<\/span>\n\nEmpate por 1 a 1 com Argentina quinta-feira (13\/2) escancara o futebol rude dos meninos do Brasil. Sem falar da saraivada de pontap\u00e9s de garotos em puro estado de f\u00faria, como, por exemplo, de Igor Serrote, lateral-direito do Gr\u00eamio. Jogador de 1m80 por pouco n\u00e3o parte ao meio os argentinos Julio Soler e Alex Woiski, tamanha viol\u00eancia de suas entradas.\n\n<span><strong><a style=\"color: #0000ff\" href=\"https:\/\/x.com\/BolavipAr\/status\/1890238550894920140\">https:\/\/x.com\/BolavipAr\/status\/1890238550894920140<\/a><\/strong><\/span>\n\nNem s\u00f3 de botinadas, por\u00e9m, vive essa sele\u00e7\u00e3o. Por ordem clara de Ramon Menezes, o time tem de se impor na for\u00e7a f\u00edsica. Zagueiros Iago (Flamengo) e Jair (ex-Santos e vendido ao Botafogo) tem 1m88 e 1m98 de altura, respectivamente.\n\nSomos um time de adolescentes fortes e de muita energia, atributos que Ramon Menezes soube explorar ap\u00f3s levar a esfrega de 6 a 0 da Argentina logo na estreia do Sul-Americano.\n\nCampanha da primeira fase, com duas vit\u00f3rias e duas derrotas, favorece a Ramon a mudar de comportamento no hexagonal final. Sele\u00e7\u00e3o vira pragm\u00e1tica, intimidadora por seu porte f\u00edsico, acumulando vit\u00f3rias magras, sem brilho e requinte.\n\nE se candidata ao t\u00edtulo ao empatar por 1 a 1 com a Argentina depois de sair em desvantagem no placar.\n\nO jogo, um cl\u00e1ssico da Am\u00e9rica do Sul, vira quase uma batalha. Nosso Serrote no comando da infantaria. De tapar o rosto de vergonha.\n\nA culpa n\u00e3o \u00e9 s\u00f3 do Serrote. Ramon Menezes, que teve sua demiss\u00e3o anunciada pelo presidente da CBF Ednaldo Rodrigues ano passado mas n\u00e3o decretada, n\u00e3o \u00e9 treinador de escrete. E a CBF sabia muito bem disso.\n\nRamon n\u00e3o classifica o Brasil aos Jogos Ol\u00edmpicos de 2024. Sele\u00e7\u00e3o tinha Endrick, John Kennedy, Maur\u00edcio (hoje no Palmeiras), Andrey Santos (Chelsea) entre outros badalados garotos. Mesmo assim, n\u00e3o chegou a Paris.\n\nSob comando do mesmo Ramon, Brasil cai nas quartas de final do Mundial Sub-20 2023 eliminado por Israel. Veja bem, Israel.\n\nEdnaldo ainda deu a Ramon o privil\u00e9gio de comandar a Sele\u00e7\u00e3o principal em tr\u00eas amistosos Data-Fifa em junho de 2023. Brasil perde por 2 a 1 para Marrocos e 4 a 2 para Senegal, vence Guin\u00e9 por 4 a 1. No futebol, leia-se vexame.\n\nA Ramon cabe uma desculpa de que nem sempre pode contar com todos expoentes da gera\u00e7\u00e3o Sub-20. Maioria dos clubes brasileiros e l\u00e1 de fora n\u00e3o libera seus meninos ilustres para servir o escrete nacional.\n\nAinda bem. Seria triste, para n\u00e3o dizer lament\u00e1vel, ver a gera\u00e7\u00e3o de Endrick ref\u00e9m de um futebol de resultados e imposi\u00e7\u00e3o f\u00edsica.\n\nSeria bom cantar Ainda Somos os Mesmos e jogamos como Neymar, Ronaldinho Ga\u00facho, Rom\u00e1rio, Ronaldo Fen\u00f4meno, Zico, S\u00f3crates &#8230; Tost\u00e3o&#8230; Garrincha &#8230; Pel\u00e9. Imposs\u00edvel. Formamos gladiadores, artistas n\u00e3o cabem na moldura da CBF e Ramon.\n\n<!-- \/wp:post-content -->","protected":false},"excerpt":{"rendered":"<p>Luiz Ant\u00f4nio Pr\u00f3speri \u2013 14 fevereiro (17h05) \u2013 Sele\u00e7\u00e3o Brasileira Sub-20 pode levantar a ta\u00e7a de campe\u00e3 do [&hellip;]<\/p>\n","protected":false},"author":102107496,"featured_media":48071,"comment_status":"open","ping_status":"open","sticky":false,"template":"","format":"standard","meta":{"_coblocks_attr":"","_coblocks_dimensions":"","_coblocks_responsive_height":"","_coblocks_accordion_ie_support":"","_jetpack_newsletter_access":"","_jetpack_dont_email_post_to_subs":false,"_jetpack_newsletter_tier_id":0,"_jetpack_memberships_contains_paywalled_content":false,"_wpcom_ai_launchpad_first_post":false,"_jetpack_feature_clip_id":0,"_jetpack_memberships_contains_paid_content":false,"footnotes":"","jetpack_publicize_message":"","jetpack_publicize_feature_enabled":true,"jetpack_social_post_already_shared":false,"jetpack_social_options":{"image_generator_settings":{"template":"highway","default_image_id":0,"font":"","enabled":false},"version":2},"jetpack_post_was_ever_published":false},"categories":[53870,3919],"tags":[419288061,25607665,789560560,778188841,789560573,4112146,16157355,778188842],"class_list":["post-48064","post","type-post","status-publish","format-standard","has-post-thumbnail","hentry","category-futebol","category-opiniao","tag-brasil-1-x-1-argentina","tag-endrick","tag-futebol","tag-igor-serrote","tag-luiz-antonio-prosperi","tag-neymar","tag-selecao-brasileira-sub-20","tag-sul-americano-sub-20-2025"],"yoast_head":"<!-- This site is optimized with the Yoast SEO plugin v28.4 - https:\/\/yoast.com\/product\/yoast-seo-wordpress\/ -->\n<title>An\u00e1lise do Futebol Rude da Sele\u00e7\u00e3o Brasileira Sub-20 - PR\u00d3SPERI NEWS<\/title>\n<meta name=\"robots\" content=\"index, follow, max-snippet:-1, max-image-preview:large, max-video-preview:-1\" \/>\n<link rel=\"canonical\" href=\"https:\/\/blogdoprosperi.com\/?p=48064\" \/>\n<meta property=\"og:locale\" content=\"pt_BR\" \/>\n<meta property=\"og:type\" content=\"article\" \/>\n<meta property=\"og:title\" content=\"An\u00e1lise do Futebol Rude da Sele\u00e7\u00e3o Brasileira Sub-20 - PR\u00d3SPERI NEWS\" \/>\n<meta property=\"og:description\" content=\"Luiz Ant\u00f4nio Pr\u00f3speri \u2013 14 fevereiro (17h05) \u2013 Sele\u00e7\u00e3o Brasileira Sub-20 pode levantar a ta\u00e7a de campe\u00e3 do [&hellip;]\" \/>\n<meta property=\"og:url\" content=\"https:\/\/blogdoprosperi.com\/?p=48064\" \/>\n<meta property=\"og:site_name\" content=\"PR\u00d3SPERI NEWS\" \/>\n<meta property=\"article:publisher\" content=\"Luiz Pr\u00f3speri\" \/>\n<meta property=\"article:author\" content=\"Luiz Pr\u00f3speri\" \/>\n<meta property=\"article:published_time\" content=\"2025-02-14T20:12:27+00:00\" \/>\n<meta property=\"article:modified_time\" content=\"2025-02-15T00:36:55+00:00\" \/>\n<meta property=\"og:image\" content=\"https:\/\/i0.wp.com\/blogdoprosperi.com\/wp-content\/uploads\/2025\/02\/54326845381_f9c91923e4_c.jpg?fit=799%2C554&ssl=1\" \/>\n\t<meta property=\"og:image:width\" content=\"799\" \/>\n\t<meta property=\"og:image:height\" content=\"554\" \/>\n\t<meta property=\"og:image:type\" content=\"image\/jpeg\" \/>\n<meta name=\"author\" content=\"Luiz Ant\u00f4nio Pr\u00f3speri\" \/>\n<meta name=\"twitter:card\" content=\"summary_large_image\" \/>\n<meta name=\"twitter:creator\" content=\"@Luizprosperi\" \/>\n<meta name=\"twitter:site\" content=\"@Luizprosperi\" \/>\n<meta name=\"twitter:label1\" content=\"Escrito por\" \/>\n\t<meta name=\"twitter:data1\" content=\"Luiz Ant\u00f4nio Pr\u00f3speri\" \/>\n\t<meta name=\"twitter:label2\" content=\"Est. tempo de leitura\" \/>\n\t<meta name=\"twitter:data2\" content=\"3 minutos\" \/>\n<script type=\"application\/ld+json\" class=\"yoast-schema-graph\">{\"@context\":\"https:\\\/\\\/schema.org\",\"@graph\":[{\"@type\":\"Article\",\"@id\":\"https:\\\/\\\/blogdoprosperi.com\\\/?p=48064#article\",\"isPartOf\":{\"@id\":\"https:\\\/\\\/blogdoprosperi.com\\\/?p=48064\"},\"author\":{\"name\":\"Luiz Ant\u00f4nio Pr\u00f3speri\",\"@id\":\"https:\\\/\\\/blogdoprosperi.com\\\/#\\\/schema\\\/person\\\/38100755ce3601861ee4fab9b5aa78e9\"},\"headline\":\"An\u00e1lise do Futebol Rude da Sele\u00e7\u00e3o Brasileira Sub-20\",\"datePublished\":\"2025-02-14T20:12:27+00:00\",\"dateModified\":\"2025-02-15T00:36:55+00:00\",\"mainEntityOfPage\":{\"@id\":\"https:\\\/\\\/blogdoprosperi.com\\\/?p=48064\"},\"wordCount\":578,\"commentCount\":0,\"publisher\":{\"@id\":\"https:\\\/\\\/blogdoprosperi.com\\\/#\\\/schema\\\/person\\\/38100755ce3601861ee4fab9b5aa78e9\"},\"image\":{\"@id\":\"https:\\\/\\\/blogdoprosperi.com\\\/?p=48064#primaryimage\"},\"thumbnailUrl\":\"https:\\\/\\\/i0.wp.com\\\/blogdoprosperi.com\\\/wp-content\\\/uploads\\\/2025\\\/02\\\/54326845381_f9c91923e4_c.jpg?fit=799%2C554&ssl=1\",\"keywords\":[\"brasil 1 x 1 argentina\",\"endrick\",\"futebol\",\"Igor serrote\",\"Luiz Ant\u00f4nio Pr\u00f3speri\",\"Neymar\",\"sele\u00e7\u00e3o brasileira sub-20\",\"sul-americano sub-20 2025\"],\"articleSection\":[\"futebol\",\"opini\u00e3o\"],\"inLanguage\":\"pt-BR\",\"potentialAction\":[{\"@type\":\"CommentAction\",\"name\":\"Comment\",\"target\":[\"https:\\\/\\\/blogdoprosperi.com\\\/?p=48064#respond\"]}]},{\"@type\":\"WebPage\",\"@id\":\"https:\\\/\\\/blogdoprosperi.com\\\/?p=48064\",\"url\":\"https:\\\/\\\/blogdoprosperi.com\\\/?p=48064\",\"name\":\"An\u00e1lise do Futebol Rude da Sele\u00e7\u00e3o Brasileira Sub-20 - PR\u00d3SPERI NEWS\",\"isPartOf\":{\"@id\":\"https:\\\/\\\/blogdoprosperi.com\\\/#website\"},\"primaryImageOfPage\":{\"@id\":\"https:\\\/\\\/blogdoprosperi.com\\\/?p=48064#primaryimage\"},\"image\":{\"@id\":\"https:\\\/\\\/blogdoprosperi.com\\\/?p=48064#primaryimage\"},\"thumbnailUrl\":\"https:\\\/\\\/i0.wp.com\\\/blogdoprosperi.com\\\/wp-content\\\/uploads\\\/2025\\\/02\\\/54326845381_f9c91923e4_c.jpg?fit=799%2C554&ssl=1\",\"datePublished\":\"2025-02-14T20:12:27+00:00\",\"dateModified\":\"2025-02-15T00:36:55+00:00\",\"breadcrumb\":{\"@id\":\"https:\\\/\\\/blogdoprosperi.com\\\/?p=48064#breadcrumb\"},\"inLanguage\":\"pt-BR\",\"potentialAction\":[{\"@type\":\"ReadAction\",\"target\":[\"https:\\\/\\\/blogdoprosperi.com\\\/?p=48064\"]}]},{\"@type\":\"ImageObject\",\"inLanguage\":\"pt-BR\",\"@id\":\"https:\\\/\\\/blogdoprosperi.com\\\/?p=48064#primaryimage\",\"url\":\"https:\\\/\\\/i0.wp.com\\\/blogdoprosperi.com\\\/wp-content\\\/uploads\\\/2025\\\/02\\\/54326845381_f9c91923e4_c.jpg?fit=799%2C554&ssl=1\",\"contentUrl\":\"https:\\\/\\\/i0.wp.com\\\/blogdoprosperi.com\\\/wp-content\\\/uploads\\\/2025\\\/02\\\/54326845381_f9c91923e4_c.jpg?fit=799%2C554&ssl=1\",\"width\":799,\"height\":554,\"caption\":\"Brasil contra Argentina no Sul-Americano Sub-20 \u2013 foto: CBF oficial\"},{\"@type\":\"BreadcrumbList\",\"@id\":\"https:\\\/\\\/blogdoprosperi.com\\\/?p=48064#breadcrumb\",\"itemListElement\":[{\"@type\":\"ListItem\",\"position\":1,\"name\":\"In\u00edcio\",\"item\":\"https:\\\/\\\/blogdoprosperi.com\\\/\"},{\"@type\":\"ListItem\",\"position\":2,\"name\":\"An\u00e1lise do Futebol Rude da Sele\u00e7\u00e3o Brasileira Sub-20\"}]},{\"@type\":\"WebSite\",\"@id\":\"https:\\\/\\\/blogdoprosperi.com\\\/#website\",\"url\":\"https:\\\/\\\/blogdoprosperi.com\\\/\",\"name\":\"PR\u00d3SPERI NEWS\",\"description\":\"TUDO \u00c9  FUTEBOL\",\"publisher\":{\"@id\":\"https:\\\/\\\/blogdoprosperi.com\\\/#\\\/schema\\\/person\\\/38100755ce3601861ee4fab9b5aa78e9\"},\"alternateName\":\"blogdoprosperi.com\",\"potentialAction\":[{\"@type\":\"SearchAction\",\"target\":{\"@type\":\"EntryPoint\",\"urlTemplate\":\"https:\\\/\\\/blogdoprosperi.com\\\/?s={search_term_string}\"},\"query-input\":{\"@type\":\"PropertyValueSpecification\",\"valueRequired\":true,\"valueName\":\"search_term_string\"}}],\"inLanguage\":\"pt-BR\"},{\"@type\":[\"Person\",\"Organization\"],\"@id\":\"https:\\\/\\\/blogdoprosperi.com\\\/#\\\/schema\\\/person\\\/38100755ce3601861ee4fab9b5aa78e9\",\"name\":\"Luiz Ant\u00f4nio Pr\u00f3speri\",\"pronouns\":\"ele\",\"image\":{\"@type\":\"ImageObject\",\"inLanguage\":\"pt-BR\",\"@id\":\"https:\\\/\\\/i0.wp.com\\\/blogdoprosperi.com\\\/wp-content\\\/uploads\\\/2026\\\/05\\\/cropped-8059e613-6002-42fa-961e-8e275f575d71-2-5.jpg?fit=1360%2C931&ssl=1\",\"url\":\"https:\\\/\\\/i0.wp.com\\\/blogdoprosperi.com\\\/wp-content\\\/uploads\\\/2026\\\/05\\\/cropped-8059e613-6002-42fa-961e-8e275f575d71-2-5.jpg?fit=1360%2C931&ssl=1\",\"contentUrl\":\"https:\\\/\\\/i0.wp.com\\\/blogdoprosperi.com\\\/wp-content\\\/uploads\\\/2026\\\/05\\\/cropped-8059e613-6002-42fa-961e-8e275f575d71-2-5.jpg?fit=1360%2C931&ssl=1\",\"width\":1360,\"height\":931,\"caption\":\"Luiz Ant\u00f4nio Pr\u00f3speri\"},\"logo\":{\"@id\":\"https:\\\/\\\/i0.wp.com\\\/blogdoprosperi.com\\\/wp-content\\\/uploads\\\/2026\\\/05\\\/cropped-8059e613-6002-42fa-961e-8e275f575d71-2-5.jpg?fit=1360%2C931&ssl=1\"},\"description\":\"Jornalista com carreira dedicada ao esporte. Cobriu 9 Copas do Mundo in loco, 1990 na It\u00e1lia, 1994 nos EUA, 1998 na Fran\u00e7a, 2002 na Coreia do Sul e Jap\u00e3o, 2006 na Alemanha, 2010 na \u00c1frica do Sul, 2014 no Brasil, 2018 na R\u00fassia e 2022 no Qatar. Eurocopas, 1992 na Su\u00e9cia e 1996 na Inglaterra. Copa das Confedera\u00e7\u00f5es de 2005 na Alemanha e 2009 na \u00c1frica do Sul. Rep\u00f3rter e Editor, trabalhou no Jornal da Tarde e Estad\u00e3o, de 1984 a fevereiro de 2016. Colunista, blogueiro. E comentarista de futebol na R\u00e1dio Estad\u00e3o, de 2013 a fevereiro de 2016. Jornalista respons\u00e1vel do \\\"Pr\u00f3speri News\\\" (blogdoprosperi.com).\",\"sameAs\":[\"http:\\\/\\\/blogdoprosperi.com\",\"Luiz Pr\u00f3speri\",\"@luiz_prosperi\",\"https:\\\/\\\/x.com\\\/Luizprosperi\",\"@prosperinacopa\",\"luiz.prosperi@icloud.com\"],\"url\":\"https:\\\/\\\/blogdoprosperi.com\\\/?author=102107496\"}]}<\/script>\n<!-- \/ Yoast SEO plugin. -->","yoast_head_json":{"title":"An\u00e1lise do Futebol Rude da Sele\u00e7\u00e3o Brasileira Sub-20 - PR\u00d3SPERI NEWS","robots":{"index":"index","follow":"follow","max-snippet":"max-snippet:-1","max-image-preview":"max-image-preview:large","max-video-preview":"max-video-preview:-1"},"canonical":"https:\/\/blogdoprosperi.com\/?p=48064","og_locale":"pt_BR","og_type":"article","og_title":"An\u00e1lise do Futebol Rude da Sele\u00e7\u00e3o Brasileira Sub-20 - PR\u00d3SPERI NEWS","og_description":"Luiz Ant\u00f4nio Pr\u00f3speri \u2013 14 fevereiro (17h05) \u2013 Sele\u00e7\u00e3o Brasileira Sub-20 pode levantar a ta\u00e7a de campe\u00e3 do [&hellip;]","og_url":"https:\/\/blogdoprosperi.com\/?p=48064","og_site_name":"PR\u00d3SPERI NEWS","article_publisher":"Luiz Pr\u00f3speri","article_author":"Luiz Pr\u00f3speri","article_published_time":"2025-02-14T20:12:27+00:00","article_modified_time":"2025-02-15T00:36:55+00:00","og_image":[{"width":799,"height":554,"url":"https:\/\/i0.wp.com\/blogdoprosperi.com\/wp-content\/uploads\/2025\/02\/54326845381_f9c91923e4_c.jpg?fit=799%2C554&ssl=1","type":"image\/jpeg"}],"author":"Luiz Ant\u00f4nio Pr\u00f3speri","twitter_card":"summary_large_image","twitter_creator":"@Luizprosperi","twitter_site":"@Luizprosperi","twitter_misc":{"Escrito por":"Luiz Ant\u00f4nio Pr\u00f3speri","Est. tempo de leitura":"3 minutos"},"schema":{"@context":"https:\/\/schema.org","@graph":[{"@type":"Article","@id":"https:\/\/blogdoprosperi.com\/?p=48064#article","isPartOf":{"@id":"https:\/\/blogdoprosperi.com\/?p=48064"},"author":{"name":"Luiz Ant\u00f4nio Pr\u00f3speri","@id":"https:\/\/blogdoprosperi.com\/#\/schema\/person\/38100755ce3601861ee4fab9b5aa78e9"},"headline":"An\u00e1lise do Futebol Rude da Sele\u00e7\u00e3o Brasileira Sub-20","datePublished":"2025-02-14T20:12:27+00:00","dateModified":"2025-02-15T00:36:55+00:00","mainEntityOfPage":{"@id":"https:\/\/blogdoprosperi.com\/?p=48064"},"wordCount":578,"commentCount":0,"publisher":{"@id":"https:\/\/blogdoprosperi.com\/#\/schema\/person\/38100755ce3601861ee4fab9b5aa78e9"},"image":{"@id":"https:\/\/blogdoprosperi.com\/?p=48064#primaryimage"},"thumbnailUrl":"https:\/\/i0.wp.com\/blogdoprosperi.com\/wp-content\/uploads\/2025\/02\/54326845381_f9c91923e4_c.jpg?fit=799%2C554&ssl=1","keywords":["brasil 1 x 1 argentina","endrick","futebol","Igor serrote","Luiz Ant\u00f4nio Pr\u00f3speri","Neymar","sele\u00e7\u00e3o brasileira sub-20","sul-americano sub-20 2025"],"articleSection":["futebol","opini\u00e3o"],"inLanguage":"pt-BR","potentialAction":[{"@type":"CommentAction","name":"Comment","target":["https:\/\/blogdoprosperi.com\/?p=48064#respond"]}]},{"@type":"WebPage","@id":"https:\/\/blogdoprosperi.com\/?p=48064","url":"https:\/\/blogdoprosperi.com\/?p=48064","name":"An\u00e1lise do Futebol Rude da Sele\u00e7\u00e3o Brasileira Sub-20 - PR\u00d3SPERI NEWS","isPartOf":{"@id":"https:\/\/blogdoprosperi.com\/#website"},"primaryImageOfPage":{"@id":"https:\/\/blogdoprosperi.com\/?p=48064#primaryimage"},"image":{"@id":"https:\/\/blogdoprosperi.com\/?p=48064#primaryimage"},"thumbnailUrl":"https:\/\/i0.wp.com\/blogdoprosperi.com\/wp-content\/uploads\/2025\/02\/54326845381_f9c91923e4_c.jpg?fit=799%2C554&ssl=1","datePublished":"2025-02-14T20:12:27+00:00","dateModified":"2025-02-15T00:36:55+00:00","breadcrumb":{"@id":"https:\/\/blogdoprosperi.com\/?p=48064#breadcrumb"},"inLanguage":"pt-BR","potentialAction":[{"@type":"ReadAction","target":["https:\/\/blogdoprosperi.com\/?p=48064"]}]},{"@type":"ImageObject","inLanguage":"pt-BR","@id":"https:\/\/blogdoprosperi.com\/?p=48064#primaryimage","url":"https:\/\/i0.wp.com\/blogdoprosperi.com\/wp-content\/uploads\/2025\/02\/54326845381_f9c91923e4_c.jpg?fit=799%2C554&ssl=1","contentUrl":"https:\/\/i0.wp.com\/blogdoprosperi.com\/wp-content\/uploads\/2025\/02\/54326845381_f9c91923e4_c.jpg?fit=799%2C554&ssl=1","width":799,"height":554,"caption":"Brasil contra Argentina no Sul-Americano Sub-20 \u2013 foto: CBF oficial"},{"@type":"BreadcrumbList","@id":"https:\/\/blogdoprosperi.com\/?p=48064#breadcrumb","itemListElement":[{"@type":"ListItem","position":1,"name":"In\u00edcio","item":"https:\/\/blogdoprosperi.com\/"},{"@type":"ListItem","position":2,"name":"An\u00e1lise do Futebol Rude da Sele\u00e7\u00e3o Brasileira Sub-20"}]},{"@type":"WebSite","@id":"https:\/\/blogdoprosperi.com\/#website","url":"https:\/\/blogdoprosperi.com\/","name":"PR\u00d3SPERI NEWS","description":"TUDO \u00c9  FUTEBOL","publisher":{"@id":"https:\/\/blogdoprosperi.com\/#\/schema\/person\/38100755ce3601861ee4fab9b5aa78e9"},"alternateName":"blogdoprosperi.com","potentialAction":[{"@type":"SearchAction","target":{"@type":"EntryPoint","urlTemplate":"https:\/\/blogdoprosperi.com\/?s={search_term_string}"},"query-input":{"@type":"PropertyValueSpecification","valueRequired":true,"valueName":"search_term_string"}}],"inLanguage":"pt-BR"},{"@type":["Person","Organization"],"@id":"https:\/\/blogdoprosperi.com\/#\/schema\/person\/38100755ce3601861ee4fab9b5aa78e9","name":"Luiz Ant\u00f4nio Pr\u00f3speri","pronouns":"ele","image":{"@type":"ImageObject","inLanguage":"pt-BR","@id":"https:\/\/i0.wp.com\/blogdoprosperi.com\/wp-content\/uploads\/2026\/05\/cropped-8059e613-6002-42fa-961e-8e275f575d71-2-5.jpg?fit=1360%2C931&ssl=1","url":"https:\/\/i0.wp.com\/blogdoprosperi.com\/wp-content\/uploads\/2026\/05\/cropped-8059e613-6002-42fa-961e-8e275f575d71-2-5.jpg?fit=1360%2C931&ssl=1","contentUrl":"https:\/\/i0.wp.com\/blogdoprosperi.com\/wp-content\/uploads\/2026\/05\/cropped-8059e613-6002-42fa-961e-8e275f575d71-2-5.jpg?fit=1360%2C931&ssl=1","width":1360,"height":931,"caption":"Luiz Ant\u00f4nio Pr\u00f3speri"},"logo":{"@id":"https:\/\/i0.wp.com\/blogdoprosperi.com\/wp-content\/uploads\/2026\/05\/cropped-8059e613-6002-42fa-961e-8e275f575d71-2-5.jpg?fit=1360%2C931&ssl=1"},"description":"Jornalista com carreira dedicada ao esporte. Cobriu 9 Copas do Mundo in loco, 1990 na It\u00e1lia, 1994 nos EUA, 1998 na Fran\u00e7a, 2002 na Coreia do Sul e Jap\u00e3o, 2006 na Alemanha, 2010 na \u00c1frica do Sul, 2014 no Brasil, 2018 na R\u00fassia e 2022 no Qatar. Eurocopas, 1992 na Su\u00e9cia e 1996 na Inglaterra. Copa das Confedera\u00e7\u00f5es de 2005 na Alemanha e 2009 na \u00c1frica do Sul. Rep\u00f3rter e Editor, trabalhou no Jornal da Tarde e Estad\u00e3o, de 1984 a fevereiro de 2016. Colunista, blogueiro. E comentarista de futebol na R\u00e1dio Estad\u00e3o, de 2013 a fevereiro de 2016. Jornalista respons\u00e1vel do \"Pr\u00f3speri News\" (blogdoprosperi.com).","sameAs":["http:\/\/blogdoprosperi.com","Luiz Pr\u00f3speri","@luiz_prosperi","https:\/\/x.com\/Luizprosperi","@prosperinacopa","luiz.prosperi@icloud.com"],"url":"https:\/\/blogdoprosperi.com\/?author=102107496"}]}},"jetpack_publicize_connections":[],"jetpack_likes_enabled":false,"jetpack_sharing_enabled":true,"jetpack_shortlink":"https:\/\/wp.me\/p7jvdk-cve","jetpack-related-posts":[{"id":41480,"url":"https:\/\/blogdoprosperi.com\/?p=41480","url_meta":{"origin":48064,"position":0},"title":"Sele\u00e7\u00e3o Brasileira: Ramon acerta na convoca\u00e7\u00e3o e surpreende com Rony","author":"Luiz Ant\u00f4nio Pr\u00f3speri","date":"3 de mar\u00e7o de 2023","format":false,"excerpt":"Sele\u00e7\u00e3o Brasileira tem uma nova cara. Ramon Menezes, t\u00e9cnico interino, acerta na lista ao rejuvenescer o grupo e abrir espa\u00e7o a jogadores que atuam no Brasil. Rony, a surpresa.","rel":"","context":"Em &quot;CBF&quot;","block_context":{"text":"CBF","link":"https:\/\/blogdoprosperi.com\/?cat=570700"},"img":{"alt_text":"Rony R\u00fastico do Palmeiras","src":"https:\/\/i0.wp.com\/blogdoprosperi.com\/wp-content\/uploads\/2023\/03\/rony-1.jpg?fit=1200%2C675&ssl=1&resize=350%2C200","width":350,"height":200,"srcset":"https:\/\/i0.wp.com\/blogdoprosperi.com\/wp-content\/uploads\/2023\/03\/rony-1.jpg?fit=1200%2C675&ssl=1&resize=350%2C200 1x, https:\/\/i0.wp.com\/blogdoprosperi.com\/wp-content\/uploads\/2023\/03\/rony-1.jpg?fit=1200%2C675&ssl=1&resize=525%2C300 1.5x, https:\/\/i0.wp.com\/blogdoprosperi.com\/wp-content\/uploads\/2023\/03\/rony-1.jpg?fit=1200%2C675&ssl=1&resize=700%2C400 2x, https:\/\/i0.wp.com\/blogdoprosperi.com\/wp-content\/uploads\/2023\/03\/rony-1.jpg?fit=1200%2C675&ssl=1&resize=1050%2C600 3x"},"classes":[]},{"id":44457,"url":"https:\/\/blogdoprosperi.com\/?p=44457","url_meta":{"origin":48064,"position":1},"title":"Olimp\u00edada Paris 2024: aus\u00eancia do futebol masculino do Brasil prejudica gera\u00e7\u00e3o de Endrick","author":"Luiz Ant\u00f4nio Pr\u00f3speri","date":"24 de julho de 2024","format":false,"excerpt":"Bicampe\u00e3o ol\u00edmpico nas duas \u00faltimas Olimp\u00edadas, 2016 no Brasil e 2021 no Jap\u00e3o, futebol brasileiro masculino est\u00e1 fora da Olimp\u00edada Paris 2024. Argentina e Espanha, atuais detentoras da Copa Am\u00e9rica e da Euro, entraram em campo com suas sele\u00e7\u00f5es Sub-23 na abertura do futebol nos Jogos da Fran\u00e7a, nessa quarta-feira\u2026","rel":"","context":"Em &quot;futebol&quot;","block_context":{"text":"futebol","link":"https:\/\/blogdoprosperi.com\/?cat=53870"},"img":{"alt_text":"Endrick e Rodrygo na Disney","src":"https:\/\/i0.wp.com\/blogdoprosperi.com\/wp-content\/uploads\/2024\/07\/endrick-rodrygo-disney-e1718374528292.webp?fit=1200%2C663&ssl=1&resize=350%2C200","width":350,"height":200,"srcset":"https:\/\/i0.wp.com\/blogdoprosperi.com\/wp-content\/uploads\/2024\/07\/endrick-rodrygo-disney-e1718374528292.webp?fit=1200%2C663&ssl=1&resize=350%2C200 1x, https:\/\/i0.wp.com\/blogdoprosperi.com\/wp-content\/uploads\/2024\/07\/endrick-rodrygo-disney-e1718374528292.webp?fit=1200%2C663&ssl=1&resize=525%2C300 1.5x, https:\/\/i0.wp.com\/blogdoprosperi.com\/wp-content\/uploads\/2024\/07\/endrick-rodrygo-disney-e1718374528292.webp?fit=1200%2C663&ssl=1&resize=700%2C400 2x, https:\/\/i0.wp.com\/blogdoprosperi.com\/wp-content\/uploads\/2024\/07\/endrick-rodrygo-disney-e1718374528292.webp?fit=1200%2C663&ssl=1&resize=1050%2C600 3x"},"classes":[]},{"id":44164,"url":"https:\/\/blogdoprosperi.com\/?p=44164","url_meta":{"origin":48064,"position":2},"title":"CBF Procura Sucessor de Dorival Junior | Que Tal Andr\u00e9 Jardine at\u00e9 2030?","author":"Luiz Ant\u00f4nio Pr\u00f3speri","date":"26 de mar\u00e7o de 2025","format":false,"excerpt":"Luiz Ant\u00f4nio Pr\u00f3speri \u2013 26 mar\u00e7o (00h51) \u2013 Sele\u00e7\u00e3o Brasileira procura um treinador com a queda anunciada de Dorival Junior, ainda sem confirma\u00e7\u00e3o oficial at\u00e9 a manh\u00e3 dessa quarta-feira (26\/03). Futuro de Dorival ser\u00e1 conhecido na sexta-feira (28\/3) em reuni\u00e3o na CBF. Em julho de 2024, esse blog Pr\u00f3speri News\u2026","rel":"","context":"Em &quot;futebol&quot;","block_context":{"text":"futebol","link":"https:\/\/blogdoprosperi.com\/?cat=53870"},"img":{"alt_text":"","src":"https:\/\/i0.wp.com\/blogdoprosperi.com\/wp-content\/uploads\/2024\/03\/cbf_futebol_copa_brasil.jpg?fit=800%2C503&ssl=1&resize=350%2C200","width":350,"height":200,"srcset":"https:\/\/i0.wp.com\/blogdoprosperi.com\/wp-content\/uploads\/2024\/03\/cbf_futebol_copa_brasil.jpg?fit=800%2C503&ssl=1&resize=350%2C200 1x, https:\/\/i0.wp.com\/blogdoprosperi.com\/wp-content\/uploads\/2024\/03\/cbf_futebol_copa_brasil.jpg?fit=800%2C503&ssl=1&resize=525%2C300 1.5x, https:\/\/i0.wp.com\/blogdoprosperi.com\/wp-content\/uploads\/2024\/03\/cbf_futebol_copa_brasil.jpg?fit=800%2C503&ssl=1&resize=700%2C400 2x"},"classes":[]},{"id":61855,"url":"https:\/\/blogdoprosperi.com\/?p=61855","url_meta":{"origin":48064,"position":3},"title":"Ao Vivo no YouTube | Amistoso Sub-20:  Brasil x Bol\u00edvia \u2013 domingo (09\/8)","author":"Luiz Ant\u00f4nio Pr\u00f3speri","date":"9 de agosto de 2026","format":false,"excerpt":"Acompanhe no YouTube amistoso da Sele\u00e7\u00e3o Brasileira Sub-20 contra a Bol\u00edvia. Gera\u00e7\u00e3o da Copa do Mundo 2030 em campo. No canal CBF TV oficial: https:\/\/www.youtube.com\/live\/HJMnLBv_pwQ?si=MByRoftoWuVt7x_2","rel":"","context":"Em &quot;CBF&quot;","block_context":{"text":"CBF","link":"https:\/\/blogdoprosperi.com\/?cat=570700"},"img":{"alt_text":"","src":"https:\/\/i0.wp.com\/img.youtube.com\/vi\/\/0.jpg?resize=350%2C200","width":350,"height":200},"classes":[]},{"id":46425,"url":"https:\/\/blogdoprosperi.com\/?p=46425","url_meta":{"origin":48064,"position":4},"title":"Sele\u00e7\u00e3o Brasileira | \u00daltima Cartada de Dorival e Ronaldo Fen\u00f4meno Vem A\u00ed","author":"Luiz Ant\u00f4nio Pr\u00f3speri","date":"19 de novembro de 2024","format":false,"excerpt":"Luiz Ant\u00f4nio Pr\u00f3speri \u2013 19 novembro (13h45) \u2013 Sele\u00e7\u00e3o Brasileira enfrenta Uruguai, \u00e0s 21h45, hoje (19\/11), em Salvador. Trata-se da \u00faltima rodada das Eliminat\u00f3rias da Copa 2026 na temporada. Est\u00e1 em jogo tamb\u00e9m o futuro de Dorival J\u00fanior no comando do escrete, trabalho mal avaliado por analistas e torcedores. O\u2026","rel":"","context":"Em &quot;futebol&quot;","block_context":{"text":"futebol","link":"https:\/\/blogdoprosperi.com\/?cat=53870"},"img":{"alt_text":"Futuro de Dorival J\u00fanior no jogo Brasil x Uruguai","src":"https:\/\/i0.wp.com\/blogdoprosperi.com\/wp-content\/uploads\/2024\/11\/54146546787_180e3c16b9_c.jpg?fit=800%2C532&ssl=1&resize=350%2C200","width":350,"height":200,"srcset":"https:\/\/i0.wp.com\/blogdoprosperi.com\/wp-content\/uploads\/2024\/11\/54146546787_180e3c16b9_c.jpg?fit=800%2C532&ssl=1&resize=350%2C200 1x, https:\/\/i0.wp.com\/blogdoprosperi.com\/wp-content\/uploads\/2024\/11\/54146546787_180e3c16b9_c.jpg?fit=800%2C532&ssl=1&resize=525%2C300 1.5x, https:\/\/i0.wp.com\/blogdoprosperi.com\/wp-content\/uploads\/2024\/11\/54146546787_180e3c16b9_c.jpg?fit=800%2C532&ssl=1&resize=700%2C400 2x"},"classes":[]},{"id":41366,"url":"https:\/\/blogdoprosperi.com\/?p=41366","url_meta":{"origin":48064,"position":5},"title":"Sele\u00e7\u00e3o Brasileira: Palmeiras pode ajudar CBF na escolha do sucessor de Tite","author":"Luiz Ant\u00f4nio Pr\u00f3speri","date":"2 de fevereiro de 2023","format":false,"excerpt":"CBF vive drama na escolha do novo t\u00e9cnico da Sele\u00e7\u00e3o Brasileira. Se Abel Ferreira n\u00e3o pode, por que n\u00e3o Paulo Victor, do Sub-20 do Palmeiras, campe\u00e3o de tudo? Mira exemplo da Argentina, campe\u00e3 da Copa 2022.","rel":"","context":"Em &quot;Campeonato Brasileiro&quot;","block_context":{"text":"Campeonato Brasileiro","link":"https:\/\/blogdoprosperi.com\/?cat=355071"},"img":{"alt_text":"","src":"https:\/\/i0.wp.com\/blogdoprosperi.com\/wp-content\/uploads\/2023\/02\/pv-trabalhou-na-selecao-de-2017-a-2021.jpg?fit=1200%2C800&ssl=1&resize=350%2C200","width":350,"height":200,"srcset":"https:\/\/i0.wp.com\/blogdoprosperi.com\/wp-content\/uploads\/2023\/02\/pv-trabalhou-na-selecao-de-2017-a-2021.jpg?fit=1200%2C800&ssl=1&resize=350%2C200 1x, https:\/\/i0.wp.com\/blogdoprosperi.com\/wp-content\/uploads\/2023\/02\/pv-trabalhou-na-selecao-de-2017-a-2021.jpg?fit=1200%2C800&ssl=1&resize=525%2C300 1.5x, https:\/\/i0.wp.com\/blogdoprosperi.com\/wp-content\/uploads\/2023\/02\/pv-trabalhou-na-selecao-de-2017-a-2021.jpg?fit=1200%2C800&ssl=1&resize=700%2C400 2x, https:\/\/i0.wp.com\/blogdoprosperi.com\/wp-content\/uploads\/2023\/02\/pv-trabalhou-na-selecao-de-2017-a-2021.jpg?fit=1200%2C800&ssl=1&resize=1050%2C600 3x"},"classes":[]}],"jetpack_featured_media_url":"https:\/\/i0.wp.com\/blogdoprosperi.com\/wp-content\/uploads\/2025\/02\/54326845381_f9c91923e4_c.jpg?fit=799%2C554&ssl=1","_links":{"self":[{"href":"https:\/\/blogdoprosperi.com\/index.php?rest_route=\/wp\/v2\/posts\/48064","targetHints":{"allow":["GET"]}}],"collection":[{"href":"https:\/\/blogdoprosperi.com\/index.php?rest_route=\/wp\/v2\/posts"}],"about":[{"href":"https:\/\/blogdoprosperi.com\/index.php?rest_route=\/wp\/v2\/types\/post"}],"author":[{"embeddable":true,"href":"https:\/\/blogdoprosperi.com\/index.php?rest_route=\/wp\/v2\/users\/102107496"}],"replies":[{"embeddable":true,"href":"https:\/\/blogdoprosperi.com\/index.php?rest_route=%2Fwp%2Fv2%2Fcomments&post=48064"}],"version-history":[{"count":14,"href":"https:\/\/blogdoprosperi.com\/index.php?rest_route=\/wp\/v2\/posts\/48064\/revisions"}],"predecessor-version":[{"id":48083,"href":"https:\/\/blogdoprosperi.com\/index.php?rest_route=\/wp\/v2\/posts\/48064\/revisions\/48083"}],"wp:featuredmedia":[{"embeddable":true,"href":"https:\/\/blogdoprosperi.com\/index.php?rest_route=\/wp\/v2\/media\/48071"}],"wp:attachment":[{"href":"https:\/\/blogdoprosperi.com\/index.php?rest_route=%2Fwp%2Fv2%2Fmedia&parent=48064"}],"wp:term":[{"taxonomy":"category","embeddable":true,"href":"https:\/\/blogdoprosperi.com\/index.php?rest_route=%2Fwp%2Fv2%2Fcategories&post=48064"},{"taxonomy":"post_tag","embeddable":true,"href":"https:\/\/blogdoprosperi.com\/index.php?rest_route=%2Fwp%2Fv2%2Ftags&post=48064"}],"curies":[{"name":"wp","href":"https:\/\/api.w.org\/{rel}","templated":true}]}}