{"id":48173,"date":"2025-02-20T11:20:45","date_gmt":"2025-02-20T14:20:45","guid":{"rendered":"https:\/\/blogdoprosperi.com\/?p=48173"},"modified":"2025-02-20T11:42:21","modified_gmt":"2025-02-20T14:42:21","slug":"guardiola-admite-fim-de-ciclo-do-city-alo-cbf","status":"publish","type":"post","link":"https:\/\/blogdoprosperi.com\/?p=48173","title":{"rendered":"Guardiola Admite Fim de Ciclo no City | Al\u00f4, CBF!"},"content":{"rendered":"<p>Pep Guardiola aceita o colapso do Manchester \u00a0City ap\u00f3s a queda prematura na Champions League. Evid\u00eancias claras na derrota (3 a 1) para o Real Madrid, quarta-feira (19\/2), jogo de humanos (Real) contra zumbis (City). Ao encerramento da partida, Guardiola \u00e9 questionado a respeito do futuro no clube. Vai ficar?\u00a0 \u201cSim, sim, sim. Sim, sim. Quero continuar.\u201d<\/p>\n<p>Continuar sim, mas em outra plataforma. Dar in\u00edcio a outro ciclo. Guardiola esclarece seu diagn\u00f3stico:<\/p>\n<p>&#8220;Quando voc\u00ea termina em 22.\u00ba (na fase de grupos da Champions League) \u00e9 porque voc\u00ea n\u00e3o foi bom. \u00c9 o ano em que fomos os piores. N\u00e3o temos o ritmo que o Madrid tem agora. N\u00e3o h\u00e1 nada a acrescentar, eles foram o melhor time. Voc\u00ea tem que aceitar a realidade.<\/p>\n<p>\u201cNo passado talvez tenha do\u00eddo mais. (N\u00e3o \u00e9) impot\u00eancia, n\u00e3o. Temos sido um grande time e este ano, por muitas raz\u00f5es, n\u00e3o somos.<\/p>\n<p>\u201cN\u00f3s alcan\u00e7amos algo \u00fanico em nosso pa\u00eds e na Europa, n\u00f3s vencemos uma vez e estivemos l\u00e1 muitas vezes. As decis\u00f5es (devem) ser tomadas em n\u00edvel de equipe e por todos e agora nos qualificar entre os quatro ou cinco primeiros (na Premier League) para retornar.\u201d<\/p>\n<p>\u201c&#8230; \u00a0J<strong>\u00e1 come\u00e7amos a fazer isso (a reconstru\u00e7\u00e3o) agora. \u00c9 normal; as coisas nunca s\u00e3o eternas, \u00e9 um grupo de jogadores onde alguns j\u00e1 s\u00e3o velhos<\/strong>. Eles nos deram muito e continuar\u00e3o a dar&#8230; nada dura para sempre. N\u00e3o podemos negar que o que esse grupo de jogadores fez, vencendo seis das sete Premier Leagues, na Europa sempre estando nas quartas de final, semifinais&#8230;\u00a0<strong>diz muito sobre o qu\u00e3o bem nos sa\u00edmos.<\/strong>\u00a0Nesta competi\u00e7\u00e3o voc\u00ea joga tudo em dois jogos, fomos sorteados contra um rival muito forte que chegou em um melhor momento da temporada e\u00a0<strong>simplesmente foi melhor<\/strong> .&#8221;<\/p>\n<p>Ednaldo Rodrigues, presidente da CBF, sentado em cima de um or\u00e7amento de pouco mais de R$ 1 bilh\u00e3o poderia ajudar Guardiola a iniciar um novo ciclo. De prefer\u00eancia na Sele\u00e7\u00e3o Brasileira.<\/p>\n","protected":false},"excerpt":{"rendered":"<p>Pep Guardiola aceita o colapso do Manchester \u00a0City ap\u00f3s a queda prematura na Champions League. Evid\u00eancias claras na [&hellip;]<\/p>\n","protected":false},"author":102107496,"featured_media":47163,"comment_status":"open","ping_status":"open","sticky":false,"template":"","format":"standard","meta":{"_coblocks_attr":"","_coblocks_dimensions":"","_coblocks_responsive_height":"","_coblocks_accordion_ie_support":"","_jetpack_newsletter_access":"","_jetpack_dont_email_post_to_subs":false,"_jetpack_newsletter_tier_id":0,"_jetpack_memberships_contains_paywalled_content":false,"_wpcom_ai_launchpad_first_post":false,"_jetpack_feature_clip_id":0,"_jetpack_memberships_contains_paid_content":false,"footnotes":"","jetpack_publicize_message":"","jetpack_publicize_feature_enabled":true,"jetpack_social_post_already_shared":false,"jetpack_social_options":{"image_generator_settings":{"template":"highway","default_image_id":0,"font":"","enabled":false},"version":2},"jetpack_post_was_ever_published":false},"categories":[53870,3919],"tags":[789560569,789560557,789560560,2313775,789560573,409523,78820],"class_list":["post-48173","post","type-post","status-publish","format-standard","has-post-thumbnail","hentry","category-futebol","category-opiniao","tag-cbf","tag-champions-league","tag-futebol","tag-guardiola","tag-luiz-antonio-prosperi","tag-manchester-city","tag-real-madrid"],"yoast_head":"<!-- This site is optimized with the Yoast SEO plugin v28.3 - https:\/\/yoast.com\/product\/yoast-seo-wordpress\/ -->\n<title>Guardiola Admite Fim de Ciclo no City | Al\u00f4, CBF! - PR\u00d3SPERI NEWS<\/title>\n<meta name=\"robots\" content=\"index, follow, max-snippet:-1, max-image-preview:large, max-video-preview:-1\" \/>\n<link rel=\"canonical\" href=\"https:\/\/blogdoprosperi.com\/?p=48173\" \/>\n<meta property=\"og:locale\" content=\"pt_BR\" \/>\n<meta property=\"og:type\" content=\"article\" \/>\n<meta property=\"og:title\" content=\"Guardiola Admite Fim de Ciclo no City | Al\u00f4, CBF! - PR\u00d3SPERI NEWS\" \/>\n<meta property=\"og:description\" content=\"Pep Guardiola aceita o colapso do Manchester \u00a0City ap\u00f3s a queda prematura na Champions League. Evid\u00eancias claras na [&hellip;]\" \/>\n<meta property=\"og:url\" content=\"https:\/\/blogdoprosperi.com\/?p=48173\" \/>\n<meta property=\"og:site_name\" content=\"PR\u00d3SPERI NEWS\" \/>\n<meta property=\"article:publisher\" content=\"Luiz Pr\u00f3speri\" \/>\n<meta property=\"article:author\" content=\"Luiz Pr\u00f3speri\" \/>\n<meta property=\"article:published_time\" content=\"2025-02-20T14:20:45+00:00\" \/>\n<meta property=\"article:modified_time\" content=\"2025-02-20T14:42:21+00:00\" \/>\n<meta property=\"og:image\" content=\"https:\/\/i0.wp.com\/blogdoprosperi.com\/wp-content\/uploads\/2024\/12\/pep-guardiola.webp?fit=1620%2C912&ssl=1\" \/>\n\t<meta property=\"og:image:width\" content=\"1620\" \/>\n\t<meta property=\"og:image:height\" content=\"912\" \/>\n\t<meta property=\"og:image:type\" content=\"image\/webp\" \/>\n<meta name=\"author\" content=\"Luiz Ant\u00f4nio Pr\u00f3speri\" \/>\n<meta name=\"twitter:card\" content=\"summary_large_image\" \/>\n<meta name=\"twitter:creator\" content=\"@Luizprosperi\" \/>\n<meta name=\"twitter:site\" content=\"@Luizprosperi\" \/>\n<meta name=\"twitter:label1\" content=\"Escrito por\" \/>\n\t<meta name=\"twitter:data1\" content=\"Luiz Ant\u00f4nio Pr\u00f3speri\" \/>\n\t<meta name=\"twitter:label2\" content=\"Est. tempo de leitura\" \/>\n\t<meta name=\"twitter:data2\" content=\"2 minutos\" \/>\n<script type=\"application\/ld+json\" class=\"yoast-schema-graph\">{\"@context\":\"https:\\\/\\\/schema.org\",\"@graph\":[{\"@type\":\"Article\",\"@id\":\"https:\\\/\\\/blogdoprosperi.com\\\/?p=48173#article\",\"isPartOf\":{\"@id\":\"https:\\\/\\\/blogdoprosperi.com\\\/?p=48173\"},\"author\":{\"name\":\"Luiz Ant\u00f4nio Pr\u00f3speri\",\"@id\":\"https:\\\/\\\/blogdoprosperi.com\\\/#\\\/schema\\\/person\\\/38100755ce3601861ee4fab9b5aa78e9\"},\"headline\":\"Guardiola Admite Fim de Ciclo no City | Al\u00f4, CBF!\",\"datePublished\":\"2025-02-20T14:20:45+00:00\",\"dateModified\":\"2025-02-20T14:42:21+00:00\",\"mainEntityOfPage\":{\"@id\":\"https:\\\/\\\/blogdoprosperi.com\\\/?p=48173\"},\"wordCount\":351,\"commentCount\":0,\"publisher\":{\"@id\":\"https:\\\/\\\/blogdoprosperi.com\\\/#\\\/schema\\\/person\\\/38100755ce3601861ee4fab9b5aa78e9\"},\"image\":{\"@id\":\"https:\\\/\\\/blogdoprosperi.com\\\/?p=48173#primaryimage\"},\"thumbnailUrl\":\"https:\\\/\\\/i0.wp.com\\\/blogdoprosperi.com\\\/wp-content\\\/uploads\\\/2024\\\/12\\\/pep-guardiola.webp?fit=1620%2C912&ssl=1\",\"keywords\":[\"CBF\",\"Champions League\",\"futebol\",\"Guardiola\",\"Luiz Ant\u00f4nio Pr\u00f3speri\",\"Manchester City\",\"Real Madrid\"],\"articleSection\":[\"futebol\",\"opini\u00e3o\"],\"inLanguage\":\"pt-BR\",\"potentialAction\":[{\"@type\":\"CommentAction\",\"name\":\"Comment\",\"target\":[\"https:\\\/\\\/blogdoprosperi.com\\\/?p=48173#respond\"]}]},{\"@type\":\"WebPage\",\"@id\":\"https:\\\/\\\/blogdoprosperi.com\\\/?p=48173\",\"url\":\"https:\\\/\\\/blogdoprosperi.com\\\/?p=48173\",\"name\":\"Guardiola Admite Fim de Ciclo no City | Al\u00f4, CBF! - PR\u00d3SPERI NEWS\",\"isPartOf\":{\"@id\":\"https:\\\/\\\/blogdoprosperi.com\\\/#website\"},\"primaryImageOfPage\":{\"@id\":\"https:\\\/\\\/blogdoprosperi.com\\\/?p=48173#primaryimage\"},\"image\":{\"@id\":\"https:\\\/\\\/blogdoprosperi.com\\\/?p=48173#primaryimage\"},\"thumbnailUrl\":\"https:\\\/\\\/i0.wp.com\\\/blogdoprosperi.com\\\/wp-content\\\/uploads\\\/2024\\\/12\\\/pep-guardiola.webp?fit=1620%2C912&ssl=1\",\"datePublished\":\"2025-02-20T14:20:45+00:00\",\"dateModified\":\"2025-02-20T14:42:21+00:00\",\"breadcrumb\":{\"@id\":\"https:\\\/\\\/blogdoprosperi.com\\\/?p=48173#breadcrumb\"},\"inLanguage\":\"pt-BR\",\"potentialAction\":[{\"@type\":\"ReadAction\",\"target\":[\"https:\\\/\\\/blogdoprosperi.com\\\/?p=48173\"]}]},{\"@type\":\"ImageObject\",\"inLanguage\":\"pt-BR\",\"@id\":\"https:\\\/\\\/blogdoprosperi.com\\\/?p=48173#primaryimage\",\"url\":\"https:\\\/\\\/i0.wp.com\\\/blogdoprosperi.com\\\/wp-content\\\/uploads\\\/2024\\\/12\\\/pep-guardiola.webp?fit=1620%2C912&ssl=1\",\"contentUrl\":\"https:\\\/\\\/i0.wp.com\\\/blogdoprosperi.com\\\/wp-content\\\/uploads\\\/2024\\\/12\\\/pep-guardiola.webp?fit=1620%2C912&ssl=1\",\"width\":1620,\"height\":912,\"caption\":\"Guardiola admite fim de ciclo do City \u2013 foto: Manchester City oficial\"},{\"@type\":\"BreadcrumbList\",\"@id\":\"https:\\\/\\\/blogdoprosperi.com\\\/?p=48173#breadcrumb\",\"itemListElement\":[{\"@type\":\"ListItem\",\"position\":1,\"name\":\"In\u00edcio\",\"item\":\"https:\\\/\\\/blogdoprosperi.com\\\/\"},{\"@type\":\"ListItem\",\"position\":2,\"name\":\"Guardiola Admite Fim de Ciclo no City | Al\u00f4, CBF!\"}]},{\"@type\":\"WebSite\",\"@id\":\"https:\\\/\\\/blogdoprosperi.com\\\/#website\",\"url\":\"https:\\\/\\\/blogdoprosperi.com\\\/\",\"name\":\"PR\u00d3SPERI NEWS\",\"description\":\"TUDO \u00c9  FUTEBOL\",\"publisher\":{\"@id\":\"https:\\\/\\\/blogdoprosperi.com\\\/#\\\/schema\\\/person\\\/38100755ce3601861ee4fab9b5aa78e9\"},\"alternateName\":\"blogdoprosperi.com\",\"potentialAction\":[{\"@type\":\"SearchAction\",\"target\":{\"@type\":\"EntryPoint\",\"urlTemplate\":\"https:\\\/\\\/blogdoprosperi.com\\\/?s={search_term_string}\"},\"query-input\":{\"@type\":\"PropertyValueSpecification\",\"valueRequired\":true,\"valueName\":\"search_term_string\"}}],\"inLanguage\":\"pt-BR\"},{\"@type\":[\"Person\",\"Organization\"],\"@id\":\"https:\\\/\\\/blogdoprosperi.com\\\/#\\\/schema\\\/person\\\/38100755ce3601861ee4fab9b5aa78e9\",\"name\":\"Luiz Ant\u00f4nio Pr\u00f3speri\",\"pronouns\":\"ele\",\"image\":{\"@type\":\"ImageObject\",\"inLanguage\":\"pt-BR\",\"@id\":\"https:\\\/\\\/i0.wp.com\\\/blogdoprosperi.com\\\/wp-content\\\/uploads\\\/2026\\\/05\\\/cropped-8059e613-6002-42fa-961e-8e275f575d71-2-5.jpg?fit=1360%2C931&ssl=1\",\"url\":\"https:\\\/\\\/i0.wp.com\\\/blogdoprosperi.com\\\/wp-content\\\/uploads\\\/2026\\\/05\\\/cropped-8059e613-6002-42fa-961e-8e275f575d71-2-5.jpg?fit=1360%2C931&ssl=1\",\"contentUrl\":\"https:\\\/\\\/i0.wp.com\\\/blogdoprosperi.com\\\/wp-content\\\/uploads\\\/2026\\\/05\\\/cropped-8059e613-6002-42fa-961e-8e275f575d71-2-5.jpg?fit=1360%2C931&ssl=1\",\"width\":1360,\"height\":931,\"caption\":\"Luiz Ant\u00f4nio Pr\u00f3speri\"},\"logo\":{\"@id\":\"https:\\\/\\\/i0.wp.com\\\/blogdoprosperi.com\\\/wp-content\\\/uploads\\\/2026\\\/05\\\/cropped-8059e613-6002-42fa-961e-8e275f575d71-2-5.jpg?fit=1360%2C931&ssl=1\"},\"description\":\"Jornalista com carreira dedicada ao esporte. Cobriu 9 Copas do Mundo in loco, 1990 na It\u00e1lia, 1994 nos EUA, 1998 na Fran\u00e7a, 2002 na Coreia do Sul e Jap\u00e3o, 2006 na Alemanha, 2010 na \u00c1frica do Sul, 2014 no Brasil, 2018 na R\u00fassia e 2022 no Qatar. Eurocopas, 1992 na Su\u00e9cia e 1996 na Inglaterra. Copa das Confedera\u00e7\u00f5es de 2005 na Alemanha e 2009 na \u00c1frica do Sul. Rep\u00f3rter e Editor, trabalhou no Jornal da Tarde e Estad\u00e3o, de 1984 a fevereiro de 2016. Colunista, blogueiro. E comentarista de futebol na R\u00e1dio Estad\u00e3o, de 2013 a fevereiro de 2016. Jornalista respons\u00e1vel do \\\"Pr\u00f3speri News\\\" (blogdoprosperi.com).\",\"sameAs\":[\"http:\\\/\\\/blogdoprosperi.com\",\"Luiz Pr\u00f3speri\",\"@luiz_prosperi\",\"https:\\\/\\\/x.com\\\/Luizprosperi\",\"@prosperinacopa\",\"luiz.prosperi@icloud.com\"],\"url\":\"https:\\\/\\\/blogdoprosperi.com\\\/?author=102107496\"}]}<\/script>\n<!-- \/ Yoast SEO plugin. -->","yoast_head_json":{"title":"Guardiola Admite Fim de Ciclo no City | Al\u00f4, CBF! - PR\u00d3SPERI NEWS","robots":{"index":"index","follow":"follow","max-snippet":"max-snippet:-1","max-image-preview":"max-image-preview:large","max-video-preview":"max-video-preview:-1"},"canonical":"https:\/\/blogdoprosperi.com\/?p=48173","og_locale":"pt_BR","og_type":"article","og_title":"Guardiola Admite Fim de Ciclo no City | Al\u00f4, CBF! - PR\u00d3SPERI NEWS","og_description":"Pep Guardiola aceita o colapso do Manchester \u00a0City ap\u00f3s a queda prematura na Champions League. Evid\u00eancias claras na [&hellip;]","og_url":"https:\/\/blogdoprosperi.com\/?p=48173","og_site_name":"PR\u00d3SPERI NEWS","article_publisher":"Luiz Pr\u00f3speri","article_author":"Luiz Pr\u00f3speri","article_published_time":"2025-02-20T14:20:45+00:00","article_modified_time":"2025-02-20T14:42:21+00:00","og_image":[{"width":1620,"height":912,"url":"https:\/\/i0.wp.com\/blogdoprosperi.com\/wp-content\/uploads\/2024\/12\/pep-guardiola.webp?fit=1620%2C912&ssl=1","type":"image\/webp"}],"author":"Luiz Ant\u00f4nio Pr\u00f3speri","twitter_card":"summary_large_image","twitter_creator":"@Luizprosperi","twitter_site":"@Luizprosperi","twitter_misc":{"Escrito por":"Luiz Ant\u00f4nio Pr\u00f3speri","Est. tempo de leitura":"2 minutos"},"schema":{"@context":"https:\/\/schema.org","@graph":[{"@type":"Article","@id":"https:\/\/blogdoprosperi.com\/?p=48173#article","isPartOf":{"@id":"https:\/\/blogdoprosperi.com\/?p=48173"},"author":{"name":"Luiz Ant\u00f4nio Pr\u00f3speri","@id":"https:\/\/blogdoprosperi.com\/#\/schema\/person\/38100755ce3601861ee4fab9b5aa78e9"},"headline":"Guardiola Admite Fim de Ciclo no City | Al\u00f4, CBF!","datePublished":"2025-02-20T14:20:45+00:00","dateModified":"2025-02-20T14:42:21+00:00","mainEntityOfPage":{"@id":"https:\/\/blogdoprosperi.com\/?p=48173"},"wordCount":351,"commentCount":0,"publisher":{"@id":"https:\/\/blogdoprosperi.com\/#\/schema\/person\/38100755ce3601861ee4fab9b5aa78e9"},"image":{"@id":"https:\/\/blogdoprosperi.com\/?p=48173#primaryimage"},"thumbnailUrl":"https:\/\/i0.wp.com\/blogdoprosperi.com\/wp-content\/uploads\/2024\/12\/pep-guardiola.webp?fit=1620%2C912&ssl=1","keywords":["CBF","Champions League","futebol","Guardiola","Luiz Ant\u00f4nio Pr\u00f3speri","Manchester City","Real Madrid"],"articleSection":["futebol","opini\u00e3o"],"inLanguage":"pt-BR","potentialAction":[{"@type":"CommentAction","name":"Comment","target":["https:\/\/blogdoprosperi.com\/?p=48173#respond"]}]},{"@type":"WebPage","@id":"https:\/\/blogdoprosperi.com\/?p=48173","url":"https:\/\/blogdoprosperi.com\/?p=48173","name":"Guardiola Admite Fim de Ciclo no City | Al\u00f4, CBF! - PR\u00d3SPERI NEWS","isPartOf":{"@id":"https:\/\/blogdoprosperi.com\/#website"},"primaryImageOfPage":{"@id":"https:\/\/blogdoprosperi.com\/?p=48173#primaryimage"},"image":{"@id":"https:\/\/blogdoprosperi.com\/?p=48173#primaryimage"},"thumbnailUrl":"https:\/\/i0.wp.com\/blogdoprosperi.com\/wp-content\/uploads\/2024\/12\/pep-guardiola.webp?fit=1620%2C912&ssl=1","datePublished":"2025-02-20T14:20:45+00:00","dateModified":"2025-02-20T14:42:21+00:00","breadcrumb":{"@id":"https:\/\/blogdoprosperi.com\/?p=48173#breadcrumb"},"inLanguage":"pt-BR","potentialAction":[{"@type":"ReadAction","target":["https:\/\/blogdoprosperi.com\/?p=48173"]}]},{"@type":"ImageObject","inLanguage":"pt-BR","@id":"https:\/\/blogdoprosperi.com\/?p=48173#primaryimage","url":"https:\/\/i0.wp.com\/blogdoprosperi.com\/wp-content\/uploads\/2024\/12\/pep-guardiola.webp?fit=1620%2C912&ssl=1","contentUrl":"https:\/\/i0.wp.com\/blogdoprosperi.com\/wp-content\/uploads\/2024\/12\/pep-guardiola.webp?fit=1620%2C912&ssl=1","width":1620,"height":912,"caption":"Guardiola admite fim de ciclo do City \u2013 foto: Manchester City oficial"},{"@type":"BreadcrumbList","@id":"https:\/\/blogdoprosperi.com\/?p=48173#breadcrumb","itemListElement":[{"@type":"ListItem","position":1,"name":"In\u00edcio","item":"https:\/\/blogdoprosperi.com\/"},{"@type":"ListItem","position":2,"name":"Guardiola Admite Fim de Ciclo no City | Al\u00f4, CBF!"}]},{"@type":"WebSite","@id":"https:\/\/blogdoprosperi.com\/#website","url":"https:\/\/blogdoprosperi.com\/","name":"PR\u00d3SPERI NEWS","description":"TUDO \u00c9  FUTEBOL","publisher":{"@id":"https:\/\/blogdoprosperi.com\/#\/schema\/person\/38100755ce3601861ee4fab9b5aa78e9"},"alternateName":"blogdoprosperi.com","potentialAction":[{"@type":"SearchAction","target":{"@type":"EntryPoint","urlTemplate":"https:\/\/blogdoprosperi.com\/?s={search_term_string}"},"query-input":{"@type":"PropertyValueSpecification","valueRequired":true,"valueName":"search_term_string"}}],"inLanguage":"pt-BR"},{"@type":["Person","Organization"],"@id":"https:\/\/blogdoprosperi.com\/#\/schema\/person\/38100755ce3601861ee4fab9b5aa78e9","name":"Luiz Ant\u00f4nio Pr\u00f3speri","pronouns":"ele","image":{"@type":"ImageObject","inLanguage":"pt-BR","@id":"https:\/\/i0.wp.com\/blogdoprosperi.com\/wp-content\/uploads\/2026\/05\/cropped-8059e613-6002-42fa-961e-8e275f575d71-2-5.jpg?fit=1360%2C931&ssl=1","url":"https:\/\/i0.wp.com\/blogdoprosperi.com\/wp-content\/uploads\/2026\/05\/cropped-8059e613-6002-42fa-961e-8e275f575d71-2-5.jpg?fit=1360%2C931&ssl=1","contentUrl":"https:\/\/i0.wp.com\/blogdoprosperi.com\/wp-content\/uploads\/2026\/05\/cropped-8059e613-6002-42fa-961e-8e275f575d71-2-5.jpg?fit=1360%2C931&ssl=1","width":1360,"height":931,"caption":"Luiz Ant\u00f4nio Pr\u00f3speri"},"logo":{"@id":"https:\/\/i0.wp.com\/blogdoprosperi.com\/wp-content\/uploads\/2026\/05\/cropped-8059e613-6002-42fa-961e-8e275f575d71-2-5.jpg?fit=1360%2C931&ssl=1"},"description":"Jornalista com carreira dedicada ao esporte. Cobriu 9 Copas do Mundo in loco, 1990 na It\u00e1lia, 1994 nos EUA, 1998 na Fran\u00e7a, 2002 na Coreia do Sul e Jap\u00e3o, 2006 na Alemanha, 2010 na \u00c1frica do Sul, 2014 no Brasil, 2018 na R\u00fassia e 2022 no Qatar. Eurocopas, 1992 na Su\u00e9cia e 1996 na Inglaterra. Copa das Confedera\u00e7\u00f5es de 2005 na Alemanha e 2009 na \u00c1frica do Sul. Rep\u00f3rter e Editor, trabalhou no Jornal da Tarde e Estad\u00e3o, de 1984 a fevereiro de 2016. Colunista, blogueiro. E comentarista de futebol na R\u00e1dio Estad\u00e3o, de 2013 a fevereiro de 2016. Jornalista respons\u00e1vel do \"Pr\u00f3speri News\" (blogdoprosperi.com).","sameAs":["http:\/\/blogdoprosperi.com","Luiz Pr\u00f3speri","@luiz_prosperi","https:\/\/x.com\/Luizprosperi","@prosperinacopa","luiz.prosperi@icloud.com"],"url":"https:\/\/blogdoprosperi.com\/?author=102107496"}]}},"jetpack_publicize_connections":[],"jetpack_likes_enabled":false,"jetpack_sharing_enabled":true,"jetpack_shortlink":"https:\/\/wp.me\/p7jvdk-cwZ","jetpack-related-posts":[{"id":41741,"url":"https:\/\/blogdoprosperi.com\/?p=41741","url_meta":{"origin":48173,"position":0},"title":"A Guardiola o que \u00e9 de Guardiola","author":"Luiz Ant\u00f4nio Pr\u00f3speri","date":"10 de junho de 2023","format":false,"excerpt":"A coroa\u00e7\u00e3o do Manchester City, campe\u00e3o da Champions League em junho de 2023, legitima, apaga e reescreve essa verdade. Guardiola \u00e9 o futebol","rel":"","context":"Em &quot;Champions League&quot;","block_context":{"text":"Champions League","link":"https:\/\/blogdoprosperi.com\/?cat=9107"},"img":{"alt_text":"","src":"https:\/\/i0.wp.com\/blogdoprosperi.com\/wp-content\/uploads\/2023\/06\/fbl-eur-c1-man_city-inter.jpeg.webp?fit=988%2C659&ssl=1&resize=350%2C200","width":350,"height":200,"srcset":"https:\/\/i0.wp.com\/blogdoprosperi.com\/wp-content\/uploads\/2023\/06\/fbl-eur-c1-man_city-inter.jpeg.webp?fit=988%2C659&ssl=1&resize=350%2C200 1x, https:\/\/i0.wp.com\/blogdoprosperi.com\/wp-content\/uploads\/2023\/06\/fbl-eur-c1-man_city-inter.jpeg.webp?fit=988%2C659&ssl=1&resize=525%2C300 1.5x, https:\/\/i0.wp.com\/blogdoprosperi.com\/wp-content\/uploads\/2023\/06\/fbl-eur-c1-man_city-inter.jpeg.webp?fit=988%2C659&ssl=1&resize=700%2C400 2x"},"classes":[]},{"id":3839,"url":"https:\/\/blogdoprosperi.com\/?p=3839","url_meta":{"origin":48173,"position":1},"title":"Cinco an\u00e1lises de futebol para voc\u00ea ler neste s\u00e1bado (07\/5) ao despertar","author":"Luiz Ant\u00f4nio Pr\u00f3speri","date":"7 de maio de 2016","format":false,"excerpt":"O s\u00e1bado promete emo\u00e7\u00f5es no futebol internacional. Na \u00a0Alemanha, o Bayern de Munique, depois de cair nas semifinais da Champions League e Guardiola ser contestado, pode conquistar o t\u00edtulo alem\u00e3o. Na Inglaterra tem a entrega da ta\u00e7a e festa ao surpreendente Leicester, campe\u00e3o da temporada 2015\/2016. Na Espanha, a contus\u00e3o\u2026","rel":"","context":"Em &quot;futebol&quot;","block_context":{"text":"futebol","link":"https:\/\/blogdoprosperi.com\/?cat=53870"},"img":{"alt_text":"2352897_w2","src":"https:\/\/i0.wp.com\/blogdoprosperi.com\/wp-content\/uploads\/2016\/04\/2352897_w2.jpg?resize=350%2C200&ssl=1","width":350,"height":200},"classes":[]},{"id":62348,"url":"https:\/\/blogdoprosperi.com\/?p=62348","url_meta":{"origin":48173,"position":2},"title":"Futebol da Espanha tipo exporta\u00e7\u00e3o avan\u00e7a nas ligas europeias, menos no Real Madrid e Barcelona","author":"Luiz Ant\u00f4nio Pr\u00f3speri","date":"21 de agosto de 2026","format":false,"excerpt":"Premier League da Inglaterra come\u00e7a falando idioma espanhol e as principais for\u00e7as da Espanha, atual campe\u00e3 da Copa do Mundo, ser\u00e3o comandadas por estrangeiros.","rel":"","context":"Em &quot;\u00daltimas&quot;","block_context":{"text":"\u00daltimas","link":"https:\/\/blogdoprosperi.com\/?cat=283656"},"img":{"alt_text":"","src":"https:\/\/i0.wp.com\/blogdoprosperi.com\/wp-content\/uploads\/2026\/08\/Captura-de-Tela-2026-08-21-as-15.20.56.png?fit=1130%2C840&ssl=1&resize=350%2C200","width":350,"height":200,"srcset":"https:\/\/i0.wp.com\/blogdoprosperi.com\/wp-content\/uploads\/2026\/08\/Captura-de-Tela-2026-08-21-as-15.20.56.png?fit=1130%2C840&ssl=1&resize=350%2C200 1x, https:\/\/i0.wp.com\/blogdoprosperi.com\/wp-content\/uploads\/2026\/08\/Captura-de-Tela-2026-08-21-as-15.20.56.png?fit=1130%2C840&ssl=1&resize=525%2C300 1.5x, https:\/\/i0.wp.com\/blogdoprosperi.com\/wp-content\/uploads\/2026\/08\/Captura-de-Tela-2026-08-21-as-15.20.56.png?fit=1130%2C840&ssl=1&resize=700%2C400 2x, https:\/\/i0.wp.com\/blogdoprosperi.com\/wp-content\/uploads\/2026\/08\/Captura-de-Tela-2026-08-21-as-15.20.56.png?fit=1130%2C840&ssl=1&resize=1050%2C600 3x"},"classes":[]},{"id":62178,"url":"https:\/\/blogdoprosperi.com\/?p=62178","url_meta":{"origin":48173,"position":3},"title":"Guardiola como voc\u00ea nunca viu antes: Document\u00e1rio revela brigas, l\u00e1grimas, impacto do div\u00f3rcio e a poss\u00edvel aposentadoria","author":"Luiz Ant\u00f4nio Pr\u00f3speri","date":"18 de agosto de 2026","format":false,"excerpt":"Pep Guardiola vira document\u00e1rio na Amazon Prime Video. Em quatro epis\u00f3dios voc\u00ea vai conhecer Guardiola como nunca viu. Choro, brigas, vida pessoal e o jeito de ser no comando do Manchester City por dez anos.","rel":"","context":"Em &quot;\u00daltimas&quot;","block_context":{"text":"\u00daltimas","link":"https:\/\/blogdoprosperi.com\/?cat=283656"},"img":{"alt_text":"Guardiola \u00e9 tema de document\u00e1rio na Amazon Prime Video","src":"https:\/\/i0.wp.com\/blogdoprosperi.com\/wp-content\/uploads\/2022\/12\/gettyimages-1413449937.webp?fit=1200%2C675&ssl=1&resize=350%2C200","width":350,"height":200,"srcset":"https:\/\/i0.wp.com\/blogdoprosperi.com\/wp-content\/uploads\/2022\/12\/gettyimages-1413449937.webp?fit=1200%2C675&ssl=1&resize=350%2C200 1x, https:\/\/i0.wp.com\/blogdoprosperi.com\/wp-content\/uploads\/2022\/12\/gettyimages-1413449937.webp?fit=1200%2C675&ssl=1&resize=525%2C300 1.5x, https:\/\/i0.wp.com\/blogdoprosperi.com\/wp-content\/uploads\/2022\/12\/gettyimages-1413449937.webp?fit=1200%2C675&ssl=1&resize=700%2C400 2x, https:\/\/i0.wp.com\/blogdoprosperi.com\/wp-content\/uploads\/2022\/12\/gettyimages-1413449937.webp?fit=1200%2C675&ssl=1&resize=1050%2C600 3x"},"classes":[]},{"id":2550,"url":"https:\/\/blogdoprosperi.com\/?p=2550","url_meta":{"origin":48173,"position":4},"title":"Guardiola encara Simeone e sobrevive na Champions","author":"Luiz Ant\u00f4nio Pr\u00f3speri","date":"27 de abril de 2016","format":false,"excerpt":"\u00a0 \u00a0 Pep Guardiola est\u00e1 no meio de uma tormenta. Precisa conquistar a Champions League com o Bayern de Munique para que se valorizem ainda mais o futebol bem jogado, sem belicismo dos que gostam de times como o Atl\u00e9tico de Madrid. N\u00e3o vai ser f\u00e1cil. No jogo de ida,\u2026","rel":"","context":"Em &quot;Champions League&quot;","block_context":{"text":"Champions League","link":"https:\/\/blogdoprosperi.com\/?cat=9107"},"img":{"alt_text":"Unknown-2","src":"https:\/\/i0.wp.com\/blogdoprosperi.com\/wp-content\/uploads\/2016\/04\/unknown-22.jpeg?resize=350%2C200&ssl=1","width":350,"height":200},"classes":[]},{"id":49564,"url":"https:\/\/blogdoprosperi.com\/?p=49564","url_meta":{"origin":48173,"position":5},"title":"Despedida | &#8220;Um dos maiores&#8221;: De Bruyne \u00e9 Aclamado por Guardiola Ap\u00f3s Confirmar Sa\u00edda do City","author":"Luiz Ant\u00f4nio Pr\u00f3speri","date":"4 de abril de 2025","format":false,"excerpt":"Jogador Belga deixar\u00e1 o Manchester City no ver\u00e3o ap\u00f3s 10 anos de clube e de muitas conquistas. Guardiola tem certeza de que De Bruyne ganhar\u00e1 est\u00e1tua do Etihad Stadium. The Guardian \u2013 4 abril (15h25) \u2013 Pep Guardiola elogiou Kevin De Bruyne como \u201cum dos maiores\u201d jogadores da hist\u00f3ria da\u2026","rel":"","context":"Em &quot;futebol&quot;","block_context":{"text":"futebol","link":"https:\/\/blogdoprosperi.com\/?cat=53870"},"img":{"alt_text":"Guardiola: \"De Bruyne, um dos grandes\"","src":"https:\/\/i0.wp.com\/blogdoprosperi.com\/wp-content\/uploads\/2016\/09\/kevin-de-bruyne.jpg?fit=738%2C415&ssl=1&resize=350%2C200","width":350,"height":200,"srcset":"https:\/\/i0.wp.com\/blogdoprosperi.com\/wp-content\/uploads\/2016\/09\/kevin-de-bruyne.jpg?fit=738%2C415&ssl=1&resize=350%2C200 1x, https:\/\/i0.wp.com\/blogdoprosperi.com\/wp-content\/uploads\/2016\/09\/kevin-de-bruyne.jpg?fit=738%2C415&ssl=1&resize=525%2C300 1.5x, https:\/\/i0.wp.com\/blogdoprosperi.com\/wp-content\/uploads\/2016\/09\/kevin-de-bruyne.jpg?fit=738%2C415&ssl=1&resize=700%2C400 2x"},"classes":[]}],"jetpack_featured_media_url":"https:\/\/i0.wp.com\/blogdoprosperi.com\/wp-content\/uploads\/2024\/12\/pep-guardiola.webp?fit=1620%2C912&ssl=1","_links":{"self":[{"href":"https:\/\/blogdoprosperi.com\/index.php?rest_route=\/wp\/v2\/posts\/48173","targetHints":{"allow":["GET"]}}],"collection":[{"href":"https:\/\/blogdoprosperi.com\/index.php?rest_route=\/wp\/v2\/posts"}],"about":[{"href":"https:\/\/blogdoprosperi.com\/index.php?rest_route=\/wp\/v2\/types\/post"}],"author":[{"embeddable":true,"href":"https:\/\/blogdoprosperi.com\/index.php?rest_route=\/wp\/v2\/users\/102107496"}],"replies":[{"embeddable":true,"href":"https:\/\/blogdoprosperi.com\/index.php?rest_route=%2Fwp%2Fv2%2Fcomments&post=48173"}],"version-history":[{"count":8,"href":"https:\/\/blogdoprosperi.com\/index.php?rest_route=\/wp\/v2\/posts\/48173\/revisions"}],"predecessor-version":[{"id":48183,"href":"https:\/\/blogdoprosperi.com\/index.php?rest_route=\/wp\/v2\/posts\/48173\/revisions\/48183"}],"wp:featuredmedia":[{"embeddable":true,"href":"https:\/\/blogdoprosperi.com\/index.php?rest_route=\/wp\/v2\/media\/47163"}],"wp:attachment":[{"href":"https:\/\/blogdoprosperi.com\/index.php?rest_route=%2Fwp%2Fv2%2Fmedia&parent=48173"}],"wp:term":[{"taxonomy":"category","embeddable":true,"href":"https:\/\/blogdoprosperi.com\/index.php?rest_route=%2Fwp%2Fv2%2Fcategories&post=48173"},{"taxonomy":"post_tag","embeddable":true,"href":"https:\/\/blogdoprosperi.com\/index.php?rest_route=%2Fwp%2Fv2%2Ftags&post=48173"}],"curies":[{"name":"wp","href":"https:\/\/api.w.org\/{rel}","templated":true}]}}