{"id":48184,"date":"2025-02-20T12:44:45","date_gmt":"2025-02-20T15:44:45","guid":{"rendered":"https:\/\/blogdoprosperi.com\/?p=48184"},"modified":"2025-02-20T12:44:45","modified_gmt":"2025-02-20T15:44:45","slug":"sao-paulo-um-time-invertebrado","status":"publish","type":"post","link":"https:\/\/blogdoprosperi.com\/?p=48184","title":{"rendered":"S\u00e3o Paulo, Um Time Invertebrado"},"content":{"rendered":"<p><em>Luiz Ant\u00f4nio Pr\u00f3speri \u2013 20 fevereiro (12h31) \u2013<\/em><\/p>\n<p>S\u00e3o Paulo chega \u00e0 fase de mata-mata do Paulist\u00e3o em situa\u00e7\u00e3o cr\u00edtica. No campo, tem tudo de um time invertebrado. Fora do gramado, vive crise de gest\u00e3o com sal\u00e1rios atrasados \u2013 alguns jogadores n\u00e3o recebem em dia, outros sim. Dirigentes do clube admitem as pend\u00eancias e a justificativa \u00e9 o baixo fluxo de caixa. Seja qual for o problema, a encrenca \u00e9 o rendimento do time. Apenas uma vit\u00f3ria nos \u00faltimos sete jogos \u2013 emenda a quinta partida sem vencer.<\/p>\n<blockquote><p>&#8220;\u00c9 claro que n\u00e3o estamos bem. Nos \u00faltimos sete jogos o S\u00e3o Paulo s\u00f3 ganhou um. Obviamente que temos uma queda de rendimento&#8230; Pior do que jogamos hoje (derrota 2 a 1 para Ponte Preta) n\u00e3o podemos jogar. Todos que v\u00eam jogando nos \u00faltimos jogos t\u00eam que olhar para dentro e ver o que podem melhorar&#8221; \u2013 <strong>Calleri<\/strong>.<\/p><\/blockquote>\n<p>Diagn\u00f3stico de Calleri \u00e9 superficial. Atua\u00e7\u00e3o do time contra Ponte Preta constrange at\u00e9 mesmo o mais fan\u00e1tico torcedor s\u00e3o-paulino. Sai na frente, leva virada e n\u00e3o reage. Se arrasta como um ser sem v\u00e9rtebras.<\/p>\n<p>Oscar, Lucas, Luciano e Calleri, principais art\u00edfices da equipe, jogam desinteressados. N\u00e3o se conectam. Cada um cuida de si e mesmo assim sem vigor. Como se estivessem em outro lugar e n\u00e3o no Morumbi.<\/p>\n<p>Luis Zubeld\u00eda, respons\u00e1vel pela condu\u00e7\u00e3o do time, n\u00e3o consegue nem mesmo injetar sangue nos invertebrados. Nas quest\u00f5es t\u00e1ticas, s\u00f3 pode receber elogios quando se prop\u00f5e a se defender como no empate (0 a 0) contra o Palmeiras no Allianz Parque.<\/p>\n<p>Tradu\u00e7\u00e3o: Quando joga e se comporta como um time pequeno, se d\u00e1 bem. Quando precisa ser grande, desaparece.<\/p>\n<p>H\u00e1 problemas na arruma\u00e7\u00e3o da equipe, no perfil do grupo de jogadores. Receita do caos que se avizinha.<\/p>\n<p>Fora de campo, gest\u00e3o padece de ideias e planos claros de recupera\u00e7\u00e3o financeira. <strong>Toda arrecada\u00e7\u00e3o de bilheteria est\u00e1 comprometida com credores.<\/strong> Famoso fluxo de caixa n\u00e3o existe.<\/p>\n<p>O irretoc\u00e1vel gramado do Morumbi tem parte destro\u00e7ada por causa do show da Shakira.<\/p>\n<p>Torcida d\u00e1 sinais de paci\u00eancia esgotada. P\u00fablico no jogo com a Ponte Preta: 22.138 torcedores \u2013 o pior da temporada e dos \u00faltimos anos. O recorde de 2025 foi de 54.855 pagantes no cl\u00e1ssico contra o Corinthians.<\/p>\n<p>Quando a torcida come\u00e7a a pular do barco, o naufr\u00e1gio \u00e9 logo ali.<\/p>\n<p>E pode sobrar para o menos culpado de tudo isso: Luis Zubeld\u00eda, pobre coitado.<\/p>\n<p>Bom lembrar que a pr\u00e9-temporada come\u00e7a com passeio \u00e0 Disney e alguns amistosos sem nexo.<\/p>\n<p>Ent\u00e3o, n\u00e3o leve a s\u00e9rio essa hist\u00f3ria de que o S\u00e3o Paulo entregou o jogo contra a Ponte Preta para prejudicar o Palmeiras, em risco de n\u00e3o se classificar ao mata-mata do Paulist\u00e3o.<\/p>\n<p>S\u00e3o Paulo leva a virada porque n\u00e3o anda ereto, se arrasta. Comportamento dos invertebrados.<\/p>\n","protected":false},"excerpt":{"rendered":"<p>Luiz Ant\u00f4nio Pr\u00f3speri \u2013 20 fevereiro (12h31) \u2013 S\u00e3o Paulo chega \u00e0 fase de mata-mata do Paulist\u00e3o em [&hellip;]<\/p>\n","protected":false},"author":102107496,"featured_media":48195,"comment_status":"open","ping_status":"open","sticky":false,"template":"","format":"standard","meta":{"_coblocks_attr":"","_coblocks_dimensions":"","_coblocks_responsive_height":"","_coblocks_accordion_ie_support":"","_jetpack_newsletter_access":"","_jetpack_dont_email_post_to_subs":false,"_jetpack_newsletter_tier_id":0,"_jetpack_memberships_contains_paywalled_content":false,"_wpcom_ai_launchpad_first_post":false,"_jetpack_feature_clip_id":0,"_jetpack_memberships_contains_paid_content":false,"footnotes":"","jetpack_publicize_message":"","jetpack_publicize_feature_enabled":true,"jetpack_social_post_already_shared":false,"jetpack_social_options":{"image_generator_settings":{"template":"highway","default_image_id":0,"font":"","enabled":false},"version":2},"jetpack_post_was_ever_published":false},"categories":[53870,3919],"tags":[1308366,789560560,789560573,287104,777179972,778333605,972018,9124083],"class_list":["post-48184","post","type-post","status-publish","format-standard","has-post-thumbnail","hentry","category-futebol","category-opiniao","tag-calleri","tag-futebol","tag-luiz-antonio-prosperi","tag-palmeiras","tag-paulistao-2025","tag-sala-paulo-1-x-2-ponte-preta","tag-sao-paulo-fc","tag-zubeldia"],"yoast_head":"<!-- This site is optimized with the Yoast SEO plugin v28.4 - https:\/\/yoast.com\/product\/yoast-seo-wordpress\/ -->\n<title>S\u00e3o Paulo, Um Time Invertebrado - PR\u00d3SPERI NEWS<\/title>\n<meta name=\"robots\" content=\"index, follow, max-snippet:-1, max-image-preview:large, max-video-preview:-1\" \/>\n<link rel=\"canonical\" href=\"https:\/\/blogdoprosperi.com\/?p=48184\" \/>\n<meta property=\"og:locale\" content=\"pt_BR\" \/>\n<meta property=\"og:type\" content=\"article\" \/>\n<meta property=\"og:title\" content=\"S\u00e3o Paulo, Um Time Invertebrado - PR\u00d3SPERI NEWS\" \/>\n<meta property=\"og:description\" content=\"Luiz Ant\u00f4nio Pr\u00f3speri \u2013 20 fevereiro (12h31) \u2013 S\u00e3o Paulo chega \u00e0 fase de mata-mata do Paulist\u00e3o em [&hellip;]\" \/>\n<meta property=\"og:url\" content=\"https:\/\/blogdoprosperi.com\/?p=48184\" \/>\n<meta property=\"og:site_name\" content=\"PR\u00d3SPERI NEWS\" \/>\n<meta property=\"article:publisher\" content=\"Luiz Pr\u00f3speri\" \/>\n<meta property=\"article:author\" content=\"Luiz Pr\u00f3speri\" \/>\n<meta property=\"article:published_time\" content=\"2025-02-20T15:44:45+00:00\" \/>\n<meta property=\"og:image\" content=\"https:\/\/i0.wp.com\/blogdoprosperi.com\/wp-content\/uploads\/2025\/02\/captura-de-tela-2025-02-20-as-12.31.58.png?fit=1688%2C1130&ssl=1\" \/>\n\t<meta property=\"og:image:width\" content=\"1688\" \/>\n\t<meta property=\"og:image:height\" content=\"1130\" \/>\n\t<meta property=\"og:image:type\" content=\"image\/png\" \/>\n<meta name=\"author\" content=\"Luiz Ant\u00f4nio Pr\u00f3speri\" \/>\n<meta name=\"twitter:card\" content=\"summary_large_image\" \/>\n<meta name=\"twitter:creator\" content=\"@Luizprosperi\" \/>\n<meta name=\"twitter:site\" content=\"@Luizprosperi\" \/>\n<meta name=\"twitter:label1\" content=\"Escrito por\" \/>\n\t<meta name=\"twitter:data1\" content=\"Luiz Ant\u00f4nio Pr\u00f3speri\" \/>\n\t<meta name=\"twitter:label2\" content=\"Est. tempo de leitura\" \/>\n\t<meta name=\"twitter:data2\" content=\"2 minutos\" \/>\n<script type=\"application\/ld+json\" class=\"yoast-schema-graph\">{\"@context\":\"https:\\\/\\\/schema.org\",\"@graph\":[{\"@type\":\"Article\",\"@id\":\"https:\\\/\\\/blogdoprosperi.com\\\/?p=48184#article\",\"isPartOf\":{\"@id\":\"https:\\\/\\\/blogdoprosperi.com\\\/?p=48184\"},\"author\":{\"name\":\"Luiz Ant\u00f4nio Pr\u00f3speri\",\"@id\":\"https:\\\/\\\/blogdoprosperi.com\\\/#\\\/schema\\\/person\\\/38100755ce3601861ee4fab9b5aa78e9\"},\"headline\":\"S\u00e3o Paulo, Um Time Invertebrado\",\"datePublished\":\"2025-02-20T15:44:45+00:00\",\"mainEntityOfPage\":{\"@id\":\"https:\\\/\\\/blogdoprosperi.com\\\/?p=48184\"},\"wordCount\":499,\"commentCount\":0,\"publisher\":{\"@id\":\"https:\\\/\\\/blogdoprosperi.com\\\/#\\\/schema\\\/person\\\/38100755ce3601861ee4fab9b5aa78e9\"},\"image\":{\"@id\":\"https:\\\/\\\/blogdoprosperi.com\\\/?p=48184#primaryimage\"},\"thumbnailUrl\":\"https:\\\/\\\/i0.wp.com\\\/blogdoprosperi.com\\\/wp-content\\\/uploads\\\/2025\\\/02\\\/captura-de-tela-2025-02-20-as-12.31.58.png?fit=1688%2C1130&ssl=1\",\"keywords\":[\"Calleri\",\"futebol\",\"Luiz Ant\u00f4nio Pr\u00f3speri\",\"Palmeiras\",\"paulist\u00e3o 2025\",\"sala Paulo 1 x 2 ponte preta\",\"S\u00e3o Paulo FC\",\"zubeldia\"],\"articleSection\":[\"futebol\",\"opini\u00e3o\"],\"inLanguage\":\"pt-BR\",\"potentialAction\":[{\"@type\":\"CommentAction\",\"name\":\"Comment\",\"target\":[\"https:\\\/\\\/blogdoprosperi.com\\\/?p=48184#respond\"]}]},{\"@type\":\"WebPage\",\"@id\":\"https:\\\/\\\/blogdoprosperi.com\\\/?p=48184\",\"url\":\"https:\\\/\\\/blogdoprosperi.com\\\/?p=48184\",\"name\":\"S\u00e3o Paulo, Um Time Invertebrado - PR\u00d3SPERI NEWS\",\"isPartOf\":{\"@id\":\"https:\\\/\\\/blogdoprosperi.com\\\/#website\"},\"primaryImageOfPage\":{\"@id\":\"https:\\\/\\\/blogdoprosperi.com\\\/?p=48184#primaryimage\"},\"image\":{\"@id\":\"https:\\\/\\\/blogdoprosperi.com\\\/?p=48184#primaryimage\"},\"thumbnailUrl\":\"https:\\\/\\\/i0.wp.com\\\/blogdoprosperi.com\\\/wp-content\\\/uploads\\\/2025\\\/02\\\/captura-de-tela-2025-02-20-as-12.31.58.png?fit=1688%2C1130&ssl=1\",\"datePublished\":\"2025-02-20T15:44:45+00:00\",\"breadcrumb\":{\"@id\":\"https:\\\/\\\/blogdoprosperi.com\\\/?p=48184#breadcrumb\"},\"inLanguage\":\"pt-BR\",\"potentialAction\":[{\"@type\":\"ReadAction\",\"target\":[\"https:\\\/\\\/blogdoprosperi.com\\\/?p=48184\"]}]},{\"@type\":\"ImageObject\",\"inLanguage\":\"pt-BR\",\"@id\":\"https:\\\/\\\/blogdoprosperi.com\\\/?p=48184#primaryimage\",\"url\":\"https:\\\/\\\/i0.wp.com\\\/blogdoprosperi.com\\\/wp-content\\\/uploads\\\/2025\\\/02\\\/captura-de-tela-2025-02-20-as-12.31.58.png?fit=1688%2C1130&ssl=1\",\"contentUrl\":\"https:\\\/\\\/i0.wp.com\\\/blogdoprosperi.com\\\/wp-content\\\/uploads\\\/2025\\\/02\\\/captura-de-tela-2025-02-20-as-12.31.58.png?fit=1688%2C1130&ssl=1\",\"width\":1688,\"height\":1130,\"caption\":\"Calleri, decepcionado \u2013 foto: S\u00e3o Paulo fc\"},{\"@type\":\"BreadcrumbList\",\"@id\":\"https:\\\/\\\/blogdoprosperi.com\\\/?p=48184#breadcrumb\",\"itemListElement\":[{\"@type\":\"ListItem\",\"position\":1,\"name\":\"In\u00edcio\",\"item\":\"https:\\\/\\\/blogdoprosperi.com\\\/\"},{\"@type\":\"ListItem\",\"position\":2,\"name\":\"S\u00e3o Paulo, Um Time Invertebrado\"}]},{\"@type\":\"WebSite\",\"@id\":\"https:\\\/\\\/blogdoprosperi.com\\\/#website\",\"url\":\"https:\\\/\\\/blogdoprosperi.com\\\/\",\"name\":\"PR\u00d3SPERI NEWS\",\"description\":\"TUDO \u00c9  FUTEBOL\",\"publisher\":{\"@id\":\"https:\\\/\\\/blogdoprosperi.com\\\/#\\\/schema\\\/person\\\/38100755ce3601861ee4fab9b5aa78e9\"},\"alternateName\":\"blogdoprosperi.com\",\"potentialAction\":[{\"@type\":\"SearchAction\",\"target\":{\"@type\":\"EntryPoint\",\"urlTemplate\":\"https:\\\/\\\/blogdoprosperi.com\\\/?s={search_term_string}\"},\"query-input\":{\"@type\":\"PropertyValueSpecification\",\"valueRequired\":true,\"valueName\":\"search_term_string\"}}],\"inLanguage\":\"pt-BR\"},{\"@type\":[\"Person\",\"Organization\"],\"@id\":\"https:\\\/\\\/blogdoprosperi.com\\\/#\\\/schema\\\/person\\\/38100755ce3601861ee4fab9b5aa78e9\",\"name\":\"Luiz Ant\u00f4nio Pr\u00f3speri\",\"pronouns\":\"ele\",\"image\":{\"@type\":\"ImageObject\",\"inLanguage\":\"pt-BR\",\"@id\":\"https:\\\/\\\/i0.wp.com\\\/blogdoprosperi.com\\\/wp-content\\\/uploads\\\/2026\\\/05\\\/cropped-8059e613-6002-42fa-961e-8e275f575d71-2-5.jpg?fit=1360%2C931&ssl=1\",\"url\":\"https:\\\/\\\/i0.wp.com\\\/blogdoprosperi.com\\\/wp-content\\\/uploads\\\/2026\\\/05\\\/cropped-8059e613-6002-42fa-961e-8e275f575d71-2-5.jpg?fit=1360%2C931&ssl=1\",\"contentUrl\":\"https:\\\/\\\/i0.wp.com\\\/blogdoprosperi.com\\\/wp-content\\\/uploads\\\/2026\\\/05\\\/cropped-8059e613-6002-42fa-961e-8e275f575d71-2-5.jpg?fit=1360%2C931&ssl=1\",\"width\":1360,\"height\":931,\"caption\":\"Luiz Ant\u00f4nio Pr\u00f3speri\"},\"logo\":{\"@id\":\"https:\\\/\\\/i0.wp.com\\\/blogdoprosperi.com\\\/wp-content\\\/uploads\\\/2026\\\/05\\\/cropped-8059e613-6002-42fa-961e-8e275f575d71-2-5.jpg?fit=1360%2C931&ssl=1\"},\"description\":\"Jornalista com carreira dedicada ao esporte. Cobriu 9 Copas do Mundo in loco, 1990 na It\u00e1lia, 1994 nos EUA, 1998 na Fran\u00e7a, 2002 na Coreia do Sul e Jap\u00e3o, 2006 na Alemanha, 2010 na \u00c1frica do Sul, 2014 no Brasil, 2018 na R\u00fassia e 2022 no Qatar. Eurocopas, 1992 na Su\u00e9cia e 1996 na Inglaterra. Copa das Confedera\u00e7\u00f5es de 2005 na Alemanha e 2009 na \u00c1frica do Sul. Rep\u00f3rter e Editor, trabalhou no Jornal da Tarde e Estad\u00e3o, de 1984 a fevereiro de 2016. Colunista, blogueiro. E comentarista de futebol na R\u00e1dio Estad\u00e3o, de 2013 a fevereiro de 2016. Jornalista respons\u00e1vel do \\\"Pr\u00f3speri News\\\" (blogdoprosperi.com).\",\"sameAs\":[\"http:\\\/\\\/blogdoprosperi.com\",\"Luiz Pr\u00f3speri\",\"@luiz_prosperi\",\"https:\\\/\\\/x.com\\\/Luizprosperi\",\"@prosperinacopa\",\"luiz.prosperi@icloud.com\"],\"url\":\"https:\\\/\\\/blogdoprosperi.com\\\/?author=102107496\"}]}<\/script>\n<!-- \/ Yoast SEO plugin. -->","yoast_head_json":{"title":"S\u00e3o Paulo, Um Time Invertebrado - PR\u00d3SPERI NEWS","robots":{"index":"index","follow":"follow","max-snippet":"max-snippet:-1","max-image-preview":"max-image-preview:large","max-video-preview":"max-video-preview:-1"},"canonical":"https:\/\/blogdoprosperi.com\/?p=48184","og_locale":"pt_BR","og_type":"article","og_title":"S\u00e3o Paulo, Um Time Invertebrado - PR\u00d3SPERI NEWS","og_description":"Luiz Ant\u00f4nio Pr\u00f3speri \u2013 20 fevereiro (12h31) \u2013 S\u00e3o Paulo chega \u00e0 fase de mata-mata do Paulist\u00e3o em [&hellip;]","og_url":"https:\/\/blogdoprosperi.com\/?p=48184","og_site_name":"PR\u00d3SPERI NEWS","article_publisher":"Luiz Pr\u00f3speri","article_author":"Luiz Pr\u00f3speri","article_published_time":"2025-02-20T15:44:45+00:00","og_image":[{"width":1688,"height":1130,"url":"https:\/\/i0.wp.com\/blogdoprosperi.com\/wp-content\/uploads\/2025\/02\/captura-de-tela-2025-02-20-as-12.31.58.png?fit=1688%2C1130&ssl=1","type":"image\/png"}],"author":"Luiz Ant\u00f4nio Pr\u00f3speri","twitter_card":"summary_large_image","twitter_creator":"@Luizprosperi","twitter_site":"@Luizprosperi","twitter_misc":{"Escrito por":"Luiz Ant\u00f4nio Pr\u00f3speri","Est. tempo de leitura":"2 minutos"},"schema":{"@context":"https:\/\/schema.org","@graph":[{"@type":"Article","@id":"https:\/\/blogdoprosperi.com\/?p=48184#article","isPartOf":{"@id":"https:\/\/blogdoprosperi.com\/?p=48184"},"author":{"name":"Luiz Ant\u00f4nio Pr\u00f3speri","@id":"https:\/\/blogdoprosperi.com\/#\/schema\/person\/38100755ce3601861ee4fab9b5aa78e9"},"headline":"S\u00e3o Paulo, Um Time Invertebrado","datePublished":"2025-02-20T15:44:45+00:00","mainEntityOfPage":{"@id":"https:\/\/blogdoprosperi.com\/?p=48184"},"wordCount":499,"commentCount":0,"publisher":{"@id":"https:\/\/blogdoprosperi.com\/#\/schema\/person\/38100755ce3601861ee4fab9b5aa78e9"},"image":{"@id":"https:\/\/blogdoprosperi.com\/?p=48184#primaryimage"},"thumbnailUrl":"https:\/\/i0.wp.com\/blogdoprosperi.com\/wp-content\/uploads\/2025\/02\/captura-de-tela-2025-02-20-as-12.31.58.png?fit=1688%2C1130&ssl=1","keywords":["Calleri","futebol","Luiz Ant\u00f4nio Pr\u00f3speri","Palmeiras","paulist\u00e3o 2025","sala Paulo 1 x 2 ponte preta","S\u00e3o Paulo FC","zubeldia"],"articleSection":["futebol","opini\u00e3o"],"inLanguage":"pt-BR","potentialAction":[{"@type":"CommentAction","name":"Comment","target":["https:\/\/blogdoprosperi.com\/?p=48184#respond"]}]},{"@type":"WebPage","@id":"https:\/\/blogdoprosperi.com\/?p=48184","url":"https:\/\/blogdoprosperi.com\/?p=48184","name":"S\u00e3o Paulo, Um Time Invertebrado - PR\u00d3SPERI NEWS","isPartOf":{"@id":"https:\/\/blogdoprosperi.com\/#website"},"primaryImageOfPage":{"@id":"https:\/\/blogdoprosperi.com\/?p=48184#primaryimage"},"image":{"@id":"https:\/\/blogdoprosperi.com\/?p=48184#primaryimage"},"thumbnailUrl":"https:\/\/i0.wp.com\/blogdoprosperi.com\/wp-content\/uploads\/2025\/02\/captura-de-tela-2025-02-20-as-12.31.58.png?fit=1688%2C1130&ssl=1","datePublished":"2025-02-20T15:44:45+00:00","breadcrumb":{"@id":"https:\/\/blogdoprosperi.com\/?p=48184#breadcrumb"},"inLanguage":"pt-BR","potentialAction":[{"@type":"ReadAction","target":["https:\/\/blogdoprosperi.com\/?p=48184"]}]},{"@type":"ImageObject","inLanguage":"pt-BR","@id":"https:\/\/blogdoprosperi.com\/?p=48184#primaryimage","url":"https:\/\/i0.wp.com\/blogdoprosperi.com\/wp-content\/uploads\/2025\/02\/captura-de-tela-2025-02-20-as-12.31.58.png?fit=1688%2C1130&ssl=1","contentUrl":"https:\/\/i0.wp.com\/blogdoprosperi.com\/wp-content\/uploads\/2025\/02\/captura-de-tela-2025-02-20-as-12.31.58.png?fit=1688%2C1130&ssl=1","width":1688,"height":1130,"caption":"Calleri, decepcionado \u2013 foto: S\u00e3o Paulo fc"},{"@type":"BreadcrumbList","@id":"https:\/\/blogdoprosperi.com\/?p=48184#breadcrumb","itemListElement":[{"@type":"ListItem","position":1,"name":"In\u00edcio","item":"https:\/\/blogdoprosperi.com\/"},{"@type":"ListItem","position":2,"name":"S\u00e3o Paulo, Um Time Invertebrado"}]},{"@type":"WebSite","@id":"https:\/\/blogdoprosperi.com\/#website","url":"https:\/\/blogdoprosperi.com\/","name":"PR\u00d3SPERI NEWS","description":"TUDO \u00c9  FUTEBOL","publisher":{"@id":"https:\/\/blogdoprosperi.com\/#\/schema\/person\/38100755ce3601861ee4fab9b5aa78e9"},"alternateName":"blogdoprosperi.com","potentialAction":[{"@type":"SearchAction","target":{"@type":"EntryPoint","urlTemplate":"https:\/\/blogdoprosperi.com\/?s={search_term_string}"},"query-input":{"@type":"PropertyValueSpecification","valueRequired":true,"valueName":"search_term_string"}}],"inLanguage":"pt-BR"},{"@type":["Person","Organization"],"@id":"https:\/\/blogdoprosperi.com\/#\/schema\/person\/38100755ce3601861ee4fab9b5aa78e9","name":"Luiz Ant\u00f4nio Pr\u00f3speri","pronouns":"ele","image":{"@type":"ImageObject","inLanguage":"pt-BR","@id":"https:\/\/i0.wp.com\/blogdoprosperi.com\/wp-content\/uploads\/2026\/05\/cropped-8059e613-6002-42fa-961e-8e275f575d71-2-5.jpg?fit=1360%2C931&ssl=1","url":"https:\/\/i0.wp.com\/blogdoprosperi.com\/wp-content\/uploads\/2026\/05\/cropped-8059e613-6002-42fa-961e-8e275f575d71-2-5.jpg?fit=1360%2C931&ssl=1","contentUrl":"https:\/\/i0.wp.com\/blogdoprosperi.com\/wp-content\/uploads\/2026\/05\/cropped-8059e613-6002-42fa-961e-8e275f575d71-2-5.jpg?fit=1360%2C931&ssl=1","width":1360,"height":931,"caption":"Luiz Ant\u00f4nio Pr\u00f3speri"},"logo":{"@id":"https:\/\/i0.wp.com\/blogdoprosperi.com\/wp-content\/uploads\/2026\/05\/cropped-8059e613-6002-42fa-961e-8e275f575d71-2-5.jpg?fit=1360%2C931&ssl=1"},"description":"Jornalista com carreira dedicada ao esporte. Cobriu 9 Copas do Mundo in loco, 1990 na It\u00e1lia, 1994 nos EUA, 1998 na Fran\u00e7a, 2002 na Coreia do Sul e Jap\u00e3o, 2006 na Alemanha, 2010 na \u00c1frica do Sul, 2014 no Brasil, 2018 na R\u00fassia e 2022 no Qatar. Eurocopas, 1992 na Su\u00e9cia e 1996 na Inglaterra. Copa das Confedera\u00e7\u00f5es de 2005 na Alemanha e 2009 na \u00c1frica do Sul. Rep\u00f3rter e Editor, trabalhou no Jornal da Tarde e Estad\u00e3o, de 1984 a fevereiro de 2016. Colunista, blogueiro. E comentarista de futebol na R\u00e1dio Estad\u00e3o, de 2013 a fevereiro de 2016. Jornalista respons\u00e1vel do \"Pr\u00f3speri News\" (blogdoprosperi.com).","sameAs":["http:\/\/blogdoprosperi.com","Luiz Pr\u00f3speri","@luiz_prosperi","https:\/\/x.com\/Luizprosperi","@prosperinacopa","luiz.prosperi@icloud.com"],"url":"https:\/\/blogdoprosperi.com\/?author=102107496"}]}},"jetpack_publicize_connections":[],"jetpack_likes_enabled":false,"jetpack_sharing_enabled":true,"jetpack_shortlink":"https:\/\/wp.me\/p7jvdk-cxa","jetpack-related-posts":[{"id":35503,"url":"https:\/\/blogdoprosperi.com\/?p=35503","url_meta":{"origin":48184,"position":0},"title":"Clubes querem fim da torcida \u00fanica nos cl\u00e1ssicos das semifinais do Paulist\u00e3o","author":"Luiz Ant\u00f4nio Pr\u00f3speri","date":"11 de abril de 2017","format":false,"excerpt":"Campeonato Paulista 2017 chega \u00e0s semifinais com a Federa\u00e7\u00e3o Paulista de Futebol faturando e alto e a maioria dos clubes do interior com baixa arrecada\u00e7\u00e3o. A not\u00edcia mais relevante \u00e9 que os presidentes dos clubes semifinalistas v\u00e3o pedir \u00e0s autoridades ainda nesta ter\u00e7a-feira o fim da torcida \u00fanica nessa fase\u2026","rel":"","context":"Em &quot;futebol&quot;","block_context":{"text":"futebol","link":"https:\/\/blogdoprosperi.com\/?cat=53870"},"img":{"alt_text":"","src":"https:\/\/i0.wp.com\/blogdoprosperi.com\/wp-content\/uploads\/2017\/04\/alex1605.jpg?resize=350%2C200","width":350,"height":200,"srcset":"https:\/\/i0.wp.com\/blogdoprosperi.com\/wp-content\/uploads\/2017\/04\/alex1605.jpg?resize=350%2C200 1x, https:\/\/i0.wp.com\/blogdoprosperi.com\/wp-content\/uploads\/2017\/04\/alex1605.jpg?resize=525%2C300 1.5x, https:\/\/i0.wp.com\/blogdoprosperi.com\/wp-content\/uploads\/2017\/04\/alex1605.jpg?resize=700%2C400 2x, https:\/\/i0.wp.com\/blogdoprosperi.com\/wp-content\/uploads\/2017\/04\/alex1605.jpg?resize=1050%2C600 3x, https:\/\/i0.wp.com\/blogdoprosperi.com\/wp-content\/uploads\/2017\/04\/alex1605.jpg?resize=1400%2C800 4x"},"classes":[]},{"id":48114,"url":"https:\/\/blogdoprosperi.com\/?p=48114","url_meta":{"origin":48184,"position":1},"title":"Sete Toques do Fim de Semana | Flamengo Voa, Neymar Aparece, Palmeiras Vaiado e S\u00e3o Paulo Medroso","author":"Luiz Ant\u00f4nio Pr\u00f3speri","date":"17 de fevereiro de 2025","format":false,"excerpt":"Luiz Ant\u00f4nio Pr\u00f3speri \u2013 17 fevereiro (13h45) \u2013 Flamengo voa nas asas de Filipe Lu\u00eds inspirado em Jorge Jesus. Neymar n\u00e3o perdoa, faz primeiro gol na volta ao Santos e seu pai assume parte da gest\u00e3o do clube. Palmeiras curto e grosso leva vaias no Allianz. S\u00e3o Paulo engata quatro\u2026","rel":"","context":"Em &quot;futebol&quot;","block_context":{"text":"futebol","link":"https:\/\/blogdoprosperi.com\/?cat=53870"},"img":{"alt_text":"Flamengo voa","src":"https:\/\/i0.wp.com\/blogdoprosperi.com\/wp-content\/uploads\/2025\/02\/54329315982_77fe863e74_c.jpg?fit=799%2C534&ssl=1&resize=350%2C200","width":350,"height":200,"srcset":"https:\/\/i0.wp.com\/blogdoprosperi.com\/wp-content\/uploads\/2025\/02\/54329315982_77fe863e74_c.jpg?fit=799%2C534&ssl=1&resize=350%2C200 1x, https:\/\/i0.wp.com\/blogdoprosperi.com\/wp-content\/uploads\/2025\/02\/54329315982_77fe863e74_c.jpg?fit=799%2C534&ssl=1&resize=525%2C300 1.5x, https:\/\/i0.wp.com\/blogdoprosperi.com\/wp-content\/uploads\/2025\/02\/54329315982_77fe863e74_c.jpg?fit=799%2C534&ssl=1&resize=700%2C400 2x"},"classes":[]},{"id":35661,"url":"https:\/\/blogdoprosperi.com\/?p=35661","url_meta":{"origin":48184,"position":2},"title":"J\u00f4 aparece de novo e leva Corinthians a reviver uma hist\u00f3ria de 40 anos","author":"Luiz Ant\u00f4nio Pr\u00f3speri","date":"23 de abril de 2017","format":false,"excerpt":"Futebol \u00e9 carregado de enigmas como nenhum outro esporte. N\u00e3o fosse assim, n\u00e3o ter\u00edamos como contar a hist\u00f3ria dos confrontos entre Corinthians e S\u00e3o Paulo nas semifinais do Paulist\u00e3o 2017. No primeiro jogo, a honestidade de\u00a0Rodrigo Caio permitiu a J\u00f4 disputar o segundo cl\u00e1ssico. O S\u00e3o Paulo perdeu por 2\u2026","rel":"","context":"Em &quot;futebol&quot;","block_context":{"text":"futebol","link":"https:\/\/blogdoprosperi.com\/?cat=53870"},"img":{"alt_text":"","src":"https:\/\/i0.wp.com\/blogdoprosperi.com\/wp-content\/uploads\/2017\/04\/jc3b4-png.jpg?resize=350%2C200&ssl=1","width":350,"height":200},"classes":[]},{"id":29624,"url":"https:\/\/blogdoprosperi.com\/?p=29624","url_meta":{"origin":48184,"position":3},"title":"S\u00e3o Paulo segue cartilha dos que lutam contra rebaixamento e vence a Ponte Preta","author":"Luiz Ant\u00f4nio Pr\u00f3speri","date":"22 de outubro de 2016","format":false,"excerpt":"S\u00e3o Paulo seguiu muito bem o roteiro de um time que luta contra o rebaixamento. Reduziu pre\u00e7o do ingresso, chamou sua torcida ao Morumbi a embalar o time contra a Ponte Preta e n\u00e3o se entregou do come\u00e7o ao fim em busca dos preciosos tr\u00eas pontos. Ao final da partida,\u2026","rel":"","context":"Em &quot;Campeonato Brasileiro&quot;","block_context":{"text":"Campeonato Brasileiro","link":"https:\/\/blogdoprosperi.com\/?cat=355071"},"img":{"alt_text":"","src":"https:\/\/i0.wp.com\/blogdoprosperi.com\/wp-content\/uploads\/2016\/10\/pro9-9.jpg?resize=350%2C200","width":350,"height":200,"srcset":"https:\/\/i0.wp.com\/blogdoprosperi.com\/wp-content\/uploads\/2016\/10\/pro9-9.jpg?resize=350%2C200 1x, https:\/\/i0.wp.com\/blogdoprosperi.com\/wp-content\/uploads\/2016\/10\/pro9-9.jpg?resize=525%2C300 1.5x, https:\/\/i0.wp.com\/blogdoprosperi.com\/wp-content\/uploads\/2016\/10\/pro9-9.jpg?resize=700%2C400 2x, https:\/\/i0.wp.com\/blogdoprosperi.com\/wp-content\/uploads\/2016\/10\/pro9-9.jpg?resize=1050%2C600 3x, https:\/\/i0.wp.com\/blogdoprosperi.com\/wp-content\/uploads\/2016\/10\/pro9-9.jpg?resize=1400%2C800 4x"},"classes":[]},{"id":14588,"url":"https:\/\/blogdoprosperi.com\/?p=14588","url_meta":{"origin":48184,"position":4},"title":"S\u00e3o Paulo sofre derrota com erro de juiz e promete cobrar a CBF","author":"Luiz Ant\u00f4nio Pr\u00f3speri","date":"3 de julho de 2016","format":false,"excerpt":"S\u00e3o Paulo promete ir \u00e0 CBF nesta segunda-feira para protestar contra arbitragem, em especial de Vinicius Furlan, apitador na derrota por 1 a 0 diante da Ponte Preta neste domingo (03\/7) em Campinas. A reclama\u00e7\u00e3o tem sentido. O \u00e1rbitro foi o nome do jogo com seus equ\u00edvocos e decis\u00f5es sem\u2026","rel":"","context":"Em &quot;futebol&quot;","block_context":{"text":"futebol","link":"https:\/\/blogdoprosperi.com\/?cat=53870"},"img":{"alt_text":"","src":"https:\/\/i0.wp.com\/blogdoprosperi.com\/wp-content\/uploads\/2016\/07\/cdg20160703041.jpg?resize=350%2C200&ssl=1","width":350,"height":200,"srcset":"https:\/\/i0.wp.com\/blogdoprosperi.com\/wp-content\/uploads\/2016\/07\/cdg20160703041.jpg?resize=350%2C200&ssl=1 1x, https:\/\/i0.wp.com\/blogdoprosperi.com\/wp-content\/uploads\/2016\/07\/cdg20160703041.jpg?resize=525%2C300&ssl=1 1.5x"},"classes":[]},{"id":35361,"url":"https:\/\/blogdoprosperi.com\/?p=35361","url_meta":{"origin":48184,"position":5},"title":"Corinthians e Santos, horror e melancolia","author":"Luiz Ant\u00f4nio Pr\u00f3speri","date":"1 de abril de 2017","format":false,"excerpt":"Dif\u00edcil acreditar que o Corinthians deu apenas um chute ao gol do Botafogo de Ribeir\u00e3o Preto. Triste ainda pensar no futebol apagado do derrotado Santos diante da Ponte Preta. Dois grandes com futebol de pequenos na abertura das quartas de final do Paulist\u00e3o neste s\u00e1bado, dia da mentira. No jogo\u2026","rel":"","context":"Em &quot;futebol&quot;","block_context":{"text":"futebol","link":"https:\/\/blogdoprosperi.com\/?cat=53870"},"img":{"alt_text":"","src":"https:\/\/i0.wp.com\/blogdoprosperi.com\/wp-content\/uploads\/2017\/04\/botafogoecorinthians-1024x689.jpg?resize=350%2C200&ssl=1","width":350,"height":200,"srcset":"https:\/\/i0.wp.com\/blogdoprosperi.com\/wp-content\/uploads\/2017\/04\/botafogoecorinthians-1024x689.jpg?resize=350%2C200&ssl=1 1x, https:\/\/i0.wp.com\/blogdoprosperi.com\/wp-content\/uploads\/2017\/04\/botafogoecorinthians-1024x689.jpg?resize=525%2C300&ssl=1 1.5x, https:\/\/i0.wp.com\/blogdoprosperi.com\/wp-content\/uploads\/2017\/04\/botafogoecorinthians-1024x689.jpg?resize=700%2C400&ssl=1 2x"},"classes":[]}],"jetpack_featured_media_url":"https:\/\/i0.wp.com\/blogdoprosperi.com\/wp-content\/uploads\/2025\/02\/captura-de-tela-2025-02-20-as-12.31.58.png?fit=1688%2C1130&ssl=1","_links":{"self":[{"href":"https:\/\/blogdoprosperi.com\/index.php?rest_route=\/wp\/v2\/posts\/48184","targetHints":{"allow":["GET"]}}],"collection":[{"href":"https:\/\/blogdoprosperi.com\/index.php?rest_route=\/wp\/v2\/posts"}],"about":[{"href":"https:\/\/blogdoprosperi.com\/index.php?rest_route=\/wp\/v2\/types\/post"}],"author":[{"embeddable":true,"href":"https:\/\/blogdoprosperi.com\/index.php?rest_route=\/wp\/v2\/users\/102107496"}],"replies":[{"embeddable":true,"href":"https:\/\/blogdoprosperi.com\/index.php?rest_route=%2Fwp%2Fv2%2Fcomments&post=48184"}],"version-history":[{"count":13,"href":"https:\/\/blogdoprosperi.com\/index.php?rest_route=\/wp\/v2\/posts\/48184\/revisions"}],"predecessor-version":[{"id":48198,"href":"https:\/\/blogdoprosperi.com\/index.php?rest_route=\/wp\/v2\/posts\/48184\/revisions\/48198"}],"wp:featuredmedia":[{"embeddable":true,"href":"https:\/\/blogdoprosperi.com\/index.php?rest_route=\/wp\/v2\/media\/48195"}],"wp:attachment":[{"href":"https:\/\/blogdoprosperi.com\/index.php?rest_route=%2Fwp%2Fv2%2Fmedia&parent=48184"}],"wp:term":[{"taxonomy":"category","embeddable":true,"href":"https:\/\/blogdoprosperi.com\/index.php?rest_route=%2Fwp%2Fv2%2Fcategories&post=48184"},{"taxonomy":"post_tag","embeddable":true,"href":"https:\/\/blogdoprosperi.com\/index.php?rest_route=%2Fwp%2Fv2%2Ftags&post=48184"}],"curies":[{"name":"wp","href":"https:\/\/api.w.org\/{rel}","templated":true}]}}