{"id":48227,"date":"2025-02-21T13:17:29","date_gmt":"2025-02-21T16:17:29","guid":{"rendered":"https:\/\/blogdoprosperi.com\/?p=48227"},"modified":"2025-02-21T13:17:29","modified_gmt":"2025-02-21T16:17:29","slug":"vitor-roque-chegada-no-palmeiras-envolve-emprestimo-do-betis-com-obrigacao-de-compra","status":"publish","type":"post","link":"https:\/\/blogdoprosperi.com\/?p=48227","title":{"rendered":"Vitor Roque | Chegada no Palmeiras Envolve Empr\u00e9stimo do Betis com Obriga\u00e7\u00e3o de Compra"},"content":{"rendered":"<p><em>Sergi Sol\u00e9, do Mundo Deportivo \u2013 21 fevereiro (13h11) \u2013<\/em><\/p>\n<p>A poss\u00edvel sa\u00edda de\u00a0<strong>Vitor Roque<\/strong>\u00a0para\u00a0<strong>o Palmeiras<\/strong>\u00a0n\u00e3o \u00e9 t\u00e3o simples quanto parece.\u00a0Conforme relatado pelo jornal <em>Mundo Deportivo<\/em>, o <strong>Barcelona<\/strong>\u00a0acertou uma transfer\u00eancia de 25 milh\u00f5es de euros por 80% dos direitos, mas al\u00e9m do sinal verde do\u00a0<strong>Betis<\/strong>\u00a0, onde est\u00e1 emprestado at\u00e9 junho, ainda falta o OK da\u00a0<strong>LaLiga<\/strong>.<\/p>\n<p>O Bar\u00e7a teria que registrar Vitor Roque novamente antes disso, mas com o mercado europeu fechado, eles precisam que o Betis formalize o empr\u00e9stimo do jogador ao Palmeiras antes de fechar a janela de transfer\u00eancias no Brasil em 28 de fevereiro.<\/p>\n<p>Segundo o jornal, o clube catal\u00e3o n\u00e3o pode transferir um jogador quando o mercado de transfer\u00eancias estiver fechado, pois primeiro dever\u00e1 registr\u00e1-lo novamente, mesmo que por apenas algumas horas, antes de efetivar a venda.<\/p>\n<p>\u00c9 por isso que a \u00fanica f\u00f3rmula no momento \u00e9 o <strong>Betis<\/strong> emprestar Vitor Roque diretamente ao <strong>Palmeiras<\/strong> com a obriga\u00e7\u00e3o de compra no futuro que satisfa\u00e7a os interesses do <strong>Bar\u00e7a<\/strong>\u00a0e do pr\u00f3prio clube andaluz.<\/p>\n<p>No entanto,\u00a0<strong>o Heli\u00f3polis<\/strong>\u00a0n\u00e3o est\u00e1 disposto a dar sua ben\u00e7\u00e3o \u00e0 opera\u00e7\u00e3o e\u00a0<strong>o Bar\u00e7a<\/strong>\u00a0n\u00e3o est\u00e1 disposto a pagar nada da sua parte, j\u00e1 que ainda tem tr\u00eas meses de empr\u00e9stimo de\u00a0<strong>Vitor Roque<\/strong>\u00a0no\u00a0<strong>Betis<\/strong>.<\/p>\n<p>A pr\u00f3xima semana ser\u00e1 crucial para a resolu\u00e7\u00e3o do caso, j\u00e1 que o mercado de transfer\u00eancias no\u00a0<strong>Brasil<\/strong>\u00a0fecha no dia 28 de fevereiro, dia em que\u00a0<strong>Vitor Roque<\/strong> completar\u00e1 20 anos. O Palmeiras quer o atacante antes do\u00a0\u00a0<strong>Mundial de Clubes do\u00a0<\/strong><strong>pr\u00f3ximo<\/strong>\u00a0ver\u00e3o nos Estados Unidos.<\/p>\n<p><span style=\"color: #0000ff\"><strong><a style=\"color: #0000ff\" href=\"https:\/\/www.mundodeportivo.com\/futbol\/fc-barcelona\/20250221\/1002412074\/salida-vitor-roque-palmeiras-pasa-cesion-obligacion-compra.html\">(mat\u00e9ria publicada \u00a0sexta-feira, 21\/2 \u2013 di\u00e1rio Mundo Deportivo, de Barcelona)<\/a><\/strong><\/span><\/p>\n","protected":false},"excerpt":{"rendered":"<p>Sergi Sol\u00e9, do Mundo Deportivo \u2013 21 fevereiro (13h11) \u2013 A poss\u00edvel sa\u00edda de\u00a0Vitor Roque\u00a0para\u00a0o Palmeiras\u00a0n\u00e3o \u00e9 t\u00e3o [&hellip;]<\/p>\n","protected":false},"author":102107496,"featured_media":48235,"comment_status":"open","ping_status":"open","sticky":false,"template":"","format":"standard","meta":{"_coblocks_attr":"","_coblocks_dimensions":"","_coblocks_responsive_height":"","_coblocks_accordion_ie_support":"","_jetpack_newsletter_access":"","_jetpack_dont_email_post_to_subs":false,"_jetpack_newsletter_tier_id":0,"_jetpack_memberships_contains_paywalled_content":false,"_wpcom_ai_launchpad_first_post":false,"_jetpack_feature_clip_id":0,"_jetpack_memberships_contains_paid_content":false,"footnotes":"","jetpack_publicize_message":"","jetpack_publicize_feature_enabled":true,"jetpack_social_post_already_shared":false,"jetpack_social_options":{"image_generator_settings":{"template":"highway","default_image_id":0,"font":"","enabled":false},"version":2},"jetpack_post_was_ever_published":false},"categories":[53870,85628],"tags":[13949,178974,789560560,789560573,287104,735373335],"class_list":["post-48227","post","type-post","status-publish","format-standard","has-post-thumbnail","hentry","category-futebol","category-mercado","tag-barcelona","tag-betis","tag-futebol","tag-luiz-antonio-prosperi","tag-palmeiras","tag-vitor-roque"],"yoast_head":"<!-- This site is optimized with the Yoast SEO plugin v28.3 - https:\/\/yoast.com\/product\/yoast-seo-wordpress\/ -->\n<title>Vitor Roque | Chegada no Palmeiras Envolve Empr\u00e9stimo do Betis com Obriga\u00e7\u00e3o de Compra - PR\u00d3SPERI NEWS<\/title>\n<meta name=\"robots\" content=\"index, follow, max-snippet:-1, max-image-preview:large, max-video-preview:-1\" \/>\n<link rel=\"canonical\" href=\"https:\/\/blogdoprosperi.com\/?p=48227\" \/>\n<meta property=\"og:locale\" content=\"pt_BR\" \/>\n<meta property=\"og:type\" content=\"article\" \/>\n<meta property=\"og:title\" content=\"Vitor Roque | Chegada no Palmeiras Envolve Empr\u00e9stimo do Betis com Obriga\u00e7\u00e3o de Compra - PR\u00d3SPERI NEWS\" \/>\n<meta property=\"og:description\" content=\"Sergi Sol\u00e9, do Mundo Deportivo \u2013 21 fevereiro (13h11) \u2013 A poss\u00edvel sa\u00edda de\u00a0Vitor Roque\u00a0para\u00a0o Palmeiras\u00a0n\u00e3o \u00e9 t\u00e3o [&hellip;]\" \/>\n<meta property=\"og:url\" content=\"https:\/\/blogdoprosperi.com\/?p=48227\" \/>\n<meta property=\"og:site_name\" content=\"PR\u00d3SPERI NEWS\" \/>\n<meta property=\"article:publisher\" content=\"Luiz Pr\u00f3speri\" \/>\n<meta property=\"article:author\" content=\"Luiz Pr\u00f3speri\" \/>\n<meta property=\"article:published_time\" content=\"2025-02-21T16:17:29+00:00\" \/>\n<meta property=\"og:image\" content=\"https:\/\/i0.wp.com\/blogdoprosperi.com\/wp-content\/uploads\/2025\/02\/vitor-roque-betis-aspect-ratio-512-320-2.webp?fit=1920%2C1201&ssl=1\" \/>\n\t<meta property=\"og:image:width\" content=\"1920\" \/>\n\t<meta property=\"og:image:height\" content=\"1201\" \/>\n\t<meta property=\"og:image:type\" content=\"image\/webp\" \/>\n<meta name=\"author\" content=\"Luiz Ant\u00f4nio Pr\u00f3speri\" \/>\n<meta name=\"twitter:card\" content=\"summary_large_image\" \/>\n<meta name=\"twitter:creator\" content=\"@Luizprosperi\" \/>\n<meta name=\"twitter:site\" content=\"@Luizprosperi\" \/>\n<meta name=\"twitter:label1\" content=\"Escrito por\" \/>\n\t<meta name=\"twitter:data1\" content=\"Luiz Ant\u00f4nio Pr\u00f3speri\" \/>\n\t<meta name=\"twitter:label2\" content=\"Est. tempo de leitura\" \/>\n\t<meta name=\"twitter:data2\" content=\"1 minuto\" \/>\n<script type=\"application\/ld+json\" class=\"yoast-schema-graph\">{\"@context\":\"https:\\\/\\\/schema.org\",\"@graph\":[{\"@type\":\"Article\",\"@id\":\"https:\\\/\\\/blogdoprosperi.com\\\/?p=48227#article\",\"isPartOf\":{\"@id\":\"https:\\\/\\\/blogdoprosperi.com\\\/?p=48227\"},\"author\":{\"name\":\"Luiz Ant\u00f4nio Pr\u00f3speri\",\"@id\":\"https:\\\/\\\/blogdoprosperi.com\\\/#\\\/schema\\\/person\\\/38100755ce3601861ee4fab9b5aa78e9\"},\"headline\":\"Vitor Roque | Chegada no Palmeiras Envolve Empr\u00e9stimo do Betis com Obriga\u00e7\u00e3o de Compra\",\"datePublished\":\"2025-02-21T16:17:29+00:00\",\"mainEntityOfPage\":{\"@id\":\"https:\\\/\\\/blogdoprosperi.com\\\/?p=48227\"},\"wordCount\":305,\"commentCount\":0,\"publisher\":{\"@id\":\"https:\\\/\\\/blogdoprosperi.com\\\/#\\\/schema\\\/person\\\/38100755ce3601861ee4fab9b5aa78e9\"},\"image\":{\"@id\":\"https:\\\/\\\/blogdoprosperi.com\\\/?p=48227#primaryimage\"},\"thumbnailUrl\":\"https:\\\/\\\/i0.wp.com\\\/blogdoprosperi.com\\\/wp-content\\\/uploads\\\/2025\\\/02\\\/vitor-roque-betis-aspect-ratio-512-320-2.webp?fit=1920%2C1201&ssl=1\",\"keywords\":[\"Barcelona\",\"betis\",\"futebol\",\"Luiz Ant\u00f4nio Pr\u00f3speri\",\"Palmeiras\",\"vitor roque\"],\"articleSection\":[\"futebol\",\"mercado\"],\"inLanguage\":\"pt-BR\",\"potentialAction\":[{\"@type\":\"CommentAction\",\"name\":\"Comment\",\"target\":[\"https:\\\/\\\/blogdoprosperi.com\\\/?p=48227#respond\"]}]},{\"@type\":\"WebPage\",\"@id\":\"https:\\\/\\\/blogdoprosperi.com\\\/?p=48227\",\"url\":\"https:\\\/\\\/blogdoprosperi.com\\\/?p=48227\",\"name\":\"Vitor Roque | Chegada no Palmeiras Envolve Empr\u00e9stimo do Betis com Obriga\u00e7\u00e3o de Compra - PR\u00d3SPERI NEWS\",\"isPartOf\":{\"@id\":\"https:\\\/\\\/blogdoprosperi.com\\\/#website\"},\"primaryImageOfPage\":{\"@id\":\"https:\\\/\\\/blogdoprosperi.com\\\/?p=48227#primaryimage\"},\"image\":{\"@id\":\"https:\\\/\\\/blogdoprosperi.com\\\/?p=48227#primaryimage\"},\"thumbnailUrl\":\"https:\\\/\\\/i0.wp.com\\\/blogdoprosperi.com\\\/wp-content\\\/uploads\\\/2025\\\/02\\\/vitor-roque-betis-aspect-ratio-512-320-2.webp?fit=1920%2C1201&ssl=1\",\"datePublished\":\"2025-02-21T16:17:29+00:00\",\"breadcrumb\":{\"@id\":\"https:\\\/\\\/blogdoprosperi.com\\\/?p=48227#breadcrumb\"},\"inLanguage\":\"pt-BR\",\"potentialAction\":[{\"@type\":\"ReadAction\",\"target\":[\"https:\\\/\\\/blogdoprosperi.com\\\/?p=48227\"]}]},{\"@type\":\"ImageObject\",\"inLanguage\":\"pt-BR\",\"@id\":\"https:\\\/\\\/blogdoprosperi.com\\\/?p=48227#primaryimage\",\"url\":\"https:\\\/\\\/i0.wp.com\\\/blogdoprosperi.com\\\/wp-content\\\/uploads\\\/2025\\\/02\\\/vitor-roque-betis-aspect-ratio-512-320-2.webp?fit=1920%2C1201&ssl=1\",\"contentUrl\":\"https:\\\/\\\/i0.wp.com\\\/blogdoprosperi.com\\\/wp-content\\\/uploads\\\/2025\\\/02\\\/vitor-roque-betis-aspect-ratio-512-320-2.webp?fit=1920%2C1201&ssl=1\",\"width\":1920,\"height\":1201,\"caption\":\"Vitor Roque no Betis \u2013 foto: reprodu\u00e7\u00e3o Instagram\"},{\"@type\":\"BreadcrumbList\",\"@id\":\"https:\\\/\\\/blogdoprosperi.com\\\/?p=48227#breadcrumb\",\"itemListElement\":[{\"@type\":\"ListItem\",\"position\":1,\"name\":\"In\u00edcio\",\"item\":\"https:\\\/\\\/blogdoprosperi.com\\\/\"},{\"@type\":\"ListItem\",\"position\":2,\"name\":\"Vitor Roque | Chegada no Palmeiras Envolve Empr\u00e9stimo do Betis com Obriga\u00e7\u00e3o de Compra\"}]},{\"@type\":\"WebSite\",\"@id\":\"https:\\\/\\\/blogdoprosperi.com\\\/#website\",\"url\":\"https:\\\/\\\/blogdoprosperi.com\\\/\",\"name\":\"PR\u00d3SPERI NEWS\",\"description\":\"TUDO \u00c9  FUTEBOL\",\"publisher\":{\"@id\":\"https:\\\/\\\/blogdoprosperi.com\\\/#\\\/schema\\\/person\\\/38100755ce3601861ee4fab9b5aa78e9\"},\"alternateName\":\"blogdoprosperi.com\",\"potentialAction\":[{\"@type\":\"SearchAction\",\"target\":{\"@type\":\"EntryPoint\",\"urlTemplate\":\"https:\\\/\\\/blogdoprosperi.com\\\/?s={search_term_string}\"},\"query-input\":{\"@type\":\"PropertyValueSpecification\",\"valueRequired\":true,\"valueName\":\"search_term_string\"}}],\"inLanguage\":\"pt-BR\"},{\"@type\":[\"Person\",\"Organization\"],\"@id\":\"https:\\\/\\\/blogdoprosperi.com\\\/#\\\/schema\\\/person\\\/38100755ce3601861ee4fab9b5aa78e9\",\"name\":\"Luiz Ant\u00f4nio Pr\u00f3speri\",\"pronouns\":\"ele\",\"image\":{\"@type\":\"ImageObject\",\"inLanguage\":\"pt-BR\",\"@id\":\"https:\\\/\\\/i0.wp.com\\\/blogdoprosperi.com\\\/wp-content\\\/uploads\\\/2026\\\/05\\\/cropped-8059e613-6002-42fa-961e-8e275f575d71-2-5.jpg?fit=1360%2C931&ssl=1\",\"url\":\"https:\\\/\\\/i0.wp.com\\\/blogdoprosperi.com\\\/wp-content\\\/uploads\\\/2026\\\/05\\\/cropped-8059e613-6002-42fa-961e-8e275f575d71-2-5.jpg?fit=1360%2C931&ssl=1\",\"contentUrl\":\"https:\\\/\\\/i0.wp.com\\\/blogdoprosperi.com\\\/wp-content\\\/uploads\\\/2026\\\/05\\\/cropped-8059e613-6002-42fa-961e-8e275f575d71-2-5.jpg?fit=1360%2C931&ssl=1\",\"width\":1360,\"height\":931,\"caption\":\"Luiz Ant\u00f4nio Pr\u00f3speri\"},\"logo\":{\"@id\":\"https:\\\/\\\/i0.wp.com\\\/blogdoprosperi.com\\\/wp-content\\\/uploads\\\/2026\\\/05\\\/cropped-8059e613-6002-42fa-961e-8e275f575d71-2-5.jpg?fit=1360%2C931&ssl=1\"},\"description\":\"Jornalista com carreira dedicada ao esporte. Cobriu 9 Copas do Mundo in loco, 1990 na It\u00e1lia, 1994 nos EUA, 1998 na Fran\u00e7a, 2002 na Coreia do Sul e Jap\u00e3o, 2006 na Alemanha, 2010 na \u00c1frica do Sul, 2014 no Brasil, 2018 na R\u00fassia e 2022 no Qatar. Eurocopas, 1992 na Su\u00e9cia e 1996 na Inglaterra. Copa das Confedera\u00e7\u00f5es de 2005 na Alemanha e 2009 na \u00c1frica do Sul. Rep\u00f3rter e Editor, trabalhou no Jornal da Tarde e Estad\u00e3o, de 1984 a fevereiro de 2016. Colunista, blogueiro. E comentarista de futebol na R\u00e1dio Estad\u00e3o, de 2013 a fevereiro de 2016. Jornalista respons\u00e1vel do \\\"Pr\u00f3speri News\\\" (blogdoprosperi.com).\",\"sameAs\":[\"http:\\\/\\\/blogdoprosperi.com\",\"Luiz Pr\u00f3speri\",\"@luiz_prosperi\",\"https:\\\/\\\/x.com\\\/Luizprosperi\",\"@prosperinacopa\",\"luiz.prosperi@icloud.com\"],\"url\":\"https:\\\/\\\/blogdoprosperi.com\\\/?author=102107496\"}]}<\/script>\n<!-- \/ Yoast SEO plugin. -->","yoast_head_json":{"title":"Vitor Roque | Chegada no Palmeiras Envolve Empr\u00e9stimo do Betis com Obriga\u00e7\u00e3o de Compra - PR\u00d3SPERI NEWS","robots":{"index":"index","follow":"follow","max-snippet":"max-snippet:-1","max-image-preview":"max-image-preview:large","max-video-preview":"max-video-preview:-1"},"canonical":"https:\/\/blogdoprosperi.com\/?p=48227","og_locale":"pt_BR","og_type":"article","og_title":"Vitor Roque | Chegada no Palmeiras Envolve Empr\u00e9stimo do Betis com Obriga\u00e7\u00e3o de Compra - PR\u00d3SPERI NEWS","og_description":"Sergi Sol\u00e9, do Mundo Deportivo \u2013 21 fevereiro (13h11) \u2013 A poss\u00edvel sa\u00edda de\u00a0Vitor Roque\u00a0para\u00a0o Palmeiras\u00a0n\u00e3o \u00e9 t\u00e3o [&hellip;]","og_url":"https:\/\/blogdoprosperi.com\/?p=48227","og_site_name":"PR\u00d3SPERI NEWS","article_publisher":"Luiz Pr\u00f3speri","article_author":"Luiz Pr\u00f3speri","article_published_time":"2025-02-21T16:17:29+00:00","og_image":[{"width":1920,"height":1201,"url":"https:\/\/i0.wp.com\/blogdoprosperi.com\/wp-content\/uploads\/2025\/02\/vitor-roque-betis-aspect-ratio-512-320-2.webp?fit=1920%2C1201&ssl=1","type":"image\/webp"}],"author":"Luiz Ant\u00f4nio Pr\u00f3speri","twitter_card":"summary_large_image","twitter_creator":"@Luizprosperi","twitter_site":"@Luizprosperi","twitter_misc":{"Escrito por":"Luiz Ant\u00f4nio Pr\u00f3speri","Est. tempo de leitura":"1 minuto"},"schema":{"@context":"https:\/\/schema.org","@graph":[{"@type":"Article","@id":"https:\/\/blogdoprosperi.com\/?p=48227#article","isPartOf":{"@id":"https:\/\/blogdoprosperi.com\/?p=48227"},"author":{"name":"Luiz Ant\u00f4nio Pr\u00f3speri","@id":"https:\/\/blogdoprosperi.com\/#\/schema\/person\/38100755ce3601861ee4fab9b5aa78e9"},"headline":"Vitor Roque | Chegada no Palmeiras Envolve Empr\u00e9stimo do Betis com Obriga\u00e7\u00e3o de Compra","datePublished":"2025-02-21T16:17:29+00:00","mainEntityOfPage":{"@id":"https:\/\/blogdoprosperi.com\/?p=48227"},"wordCount":305,"commentCount":0,"publisher":{"@id":"https:\/\/blogdoprosperi.com\/#\/schema\/person\/38100755ce3601861ee4fab9b5aa78e9"},"image":{"@id":"https:\/\/blogdoprosperi.com\/?p=48227#primaryimage"},"thumbnailUrl":"https:\/\/i0.wp.com\/blogdoprosperi.com\/wp-content\/uploads\/2025\/02\/vitor-roque-betis-aspect-ratio-512-320-2.webp?fit=1920%2C1201&ssl=1","keywords":["Barcelona","betis","futebol","Luiz Ant\u00f4nio Pr\u00f3speri","Palmeiras","vitor roque"],"articleSection":["futebol","mercado"],"inLanguage":"pt-BR","potentialAction":[{"@type":"CommentAction","name":"Comment","target":["https:\/\/blogdoprosperi.com\/?p=48227#respond"]}]},{"@type":"WebPage","@id":"https:\/\/blogdoprosperi.com\/?p=48227","url":"https:\/\/blogdoprosperi.com\/?p=48227","name":"Vitor Roque | Chegada no Palmeiras Envolve Empr\u00e9stimo do Betis com Obriga\u00e7\u00e3o de Compra - PR\u00d3SPERI NEWS","isPartOf":{"@id":"https:\/\/blogdoprosperi.com\/#website"},"primaryImageOfPage":{"@id":"https:\/\/blogdoprosperi.com\/?p=48227#primaryimage"},"image":{"@id":"https:\/\/blogdoprosperi.com\/?p=48227#primaryimage"},"thumbnailUrl":"https:\/\/i0.wp.com\/blogdoprosperi.com\/wp-content\/uploads\/2025\/02\/vitor-roque-betis-aspect-ratio-512-320-2.webp?fit=1920%2C1201&ssl=1","datePublished":"2025-02-21T16:17:29+00:00","breadcrumb":{"@id":"https:\/\/blogdoprosperi.com\/?p=48227#breadcrumb"},"inLanguage":"pt-BR","potentialAction":[{"@type":"ReadAction","target":["https:\/\/blogdoprosperi.com\/?p=48227"]}]},{"@type":"ImageObject","inLanguage":"pt-BR","@id":"https:\/\/blogdoprosperi.com\/?p=48227#primaryimage","url":"https:\/\/i0.wp.com\/blogdoprosperi.com\/wp-content\/uploads\/2025\/02\/vitor-roque-betis-aspect-ratio-512-320-2.webp?fit=1920%2C1201&ssl=1","contentUrl":"https:\/\/i0.wp.com\/blogdoprosperi.com\/wp-content\/uploads\/2025\/02\/vitor-roque-betis-aspect-ratio-512-320-2.webp?fit=1920%2C1201&ssl=1","width":1920,"height":1201,"caption":"Vitor Roque no Betis \u2013 foto: reprodu\u00e7\u00e3o Instagram"},{"@type":"BreadcrumbList","@id":"https:\/\/blogdoprosperi.com\/?p=48227#breadcrumb","itemListElement":[{"@type":"ListItem","position":1,"name":"In\u00edcio","item":"https:\/\/blogdoprosperi.com\/"},{"@type":"ListItem","position":2,"name":"Vitor Roque | Chegada no Palmeiras Envolve Empr\u00e9stimo do Betis com Obriga\u00e7\u00e3o de Compra"}]},{"@type":"WebSite","@id":"https:\/\/blogdoprosperi.com\/#website","url":"https:\/\/blogdoprosperi.com\/","name":"PR\u00d3SPERI NEWS","description":"TUDO \u00c9  FUTEBOL","publisher":{"@id":"https:\/\/blogdoprosperi.com\/#\/schema\/person\/38100755ce3601861ee4fab9b5aa78e9"},"alternateName":"blogdoprosperi.com","potentialAction":[{"@type":"SearchAction","target":{"@type":"EntryPoint","urlTemplate":"https:\/\/blogdoprosperi.com\/?s={search_term_string}"},"query-input":{"@type":"PropertyValueSpecification","valueRequired":true,"valueName":"search_term_string"}}],"inLanguage":"pt-BR"},{"@type":["Person","Organization"],"@id":"https:\/\/blogdoprosperi.com\/#\/schema\/person\/38100755ce3601861ee4fab9b5aa78e9","name":"Luiz Ant\u00f4nio Pr\u00f3speri","pronouns":"ele","image":{"@type":"ImageObject","inLanguage":"pt-BR","@id":"https:\/\/i0.wp.com\/blogdoprosperi.com\/wp-content\/uploads\/2026\/05\/cropped-8059e613-6002-42fa-961e-8e275f575d71-2-5.jpg?fit=1360%2C931&ssl=1","url":"https:\/\/i0.wp.com\/blogdoprosperi.com\/wp-content\/uploads\/2026\/05\/cropped-8059e613-6002-42fa-961e-8e275f575d71-2-5.jpg?fit=1360%2C931&ssl=1","contentUrl":"https:\/\/i0.wp.com\/blogdoprosperi.com\/wp-content\/uploads\/2026\/05\/cropped-8059e613-6002-42fa-961e-8e275f575d71-2-5.jpg?fit=1360%2C931&ssl=1","width":1360,"height":931,"caption":"Luiz Ant\u00f4nio Pr\u00f3speri"},"logo":{"@id":"https:\/\/i0.wp.com\/blogdoprosperi.com\/wp-content\/uploads\/2026\/05\/cropped-8059e613-6002-42fa-961e-8e275f575d71-2-5.jpg?fit=1360%2C931&ssl=1"},"description":"Jornalista com carreira dedicada ao esporte. Cobriu 9 Copas do Mundo in loco, 1990 na It\u00e1lia, 1994 nos EUA, 1998 na Fran\u00e7a, 2002 na Coreia do Sul e Jap\u00e3o, 2006 na Alemanha, 2010 na \u00c1frica do Sul, 2014 no Brasil, 2018 na R\u00fassia e 2022 no Qatar. Eurocopas, 1992 na Su\u00e9cia e 1996 na Inglaterra. Copa das Confedera\u00e7\u00f5es de 2005 na Alemanha e 2009 na \u00c1frica do Sul. Rep\u00f3rter e Editor, trabalhou no Jornal da Tarde e Estad\u00e3o, de 1984 a fevereiro de 2016. Colunista, blogueiro. E comentarista de futebol na R\u00e1dio Estad\u00e3o, de 2013 a fevereiro de 2016. Jornalista respons\u00e1vel do \"Pr\u00f3speri News\" (blogdoprosperi.com).","sameAs":["http:\/\/blogdoprosperi.com","Luiz Pr\u00f3speri","@luiz_prosperi","https:\/\/x.com\/Luizprosperi","@prosperinacopa","luiz.prosperi@icloud.com"],"url":"https:\/\/blogdoprosperi.com\/?author=102107496"}]}},"jetpack_publicize_connections":[],"jetpack_likes_enabled":false,"jetpack_sharing_enabled":true,"jetpack_shortlink":"https:\/\/wp.me\/p7jvdk-cxR","jetpack-related-posts":[{"id":48392,"url":"https:\/\/blogdoprosperi.com\/?p=48392","url_meta":{"origin":48227,"position":0},"title":"Vitor Roque \u00e9 do Palmeiras | Contrata\u00e7\u00e3o Mais Cara do Futebol Brasileiro","author":"Luiz Ant\u00f4nio Pr\u00f3speri","date":"26 de fevereiro de 2025","format":false,"excerpt":"Palmeiras paga R$ 154,5 milh\u00f5es por VR e supera a transfer\u00eancia do argentino Almada ao Botafogo por R$ 137,4 milh\u00f5es, em julho de 2024 Vitor Roque pode ser inscrito ainda no Paulist\u00e3o 2025, caso o Palmeiras avance \u00e0s semifinais eliminando o S\u00e3o Bernardo, s\u00e1bado, no ABC paulista. Luiz Antonio Pr\u00f3speri\u2026","rel":"","context":"Em &quot;futebol&quot;","block_context":{"text":"futebol","link":"https:\/\/blogdoprosperi.com\/?cat=53870"},"img":{"alt_text":"Vitor Roque \u00e9 do Palmeiras","src":"https:\/\/i0.wp.com\/blogdoprosperi.com\/wp-content\/uploads\/2025\/02\/captura-de-tela-2025-02-28-as-16.13.48.png?fit=1200%2C656&ssl=1&resize=350%2C200","width":350,"height":200,"srcset":"https:\/\/i0.wp.com\/blogdoprosperi.com\/wp-content\/uploads\/2025\/02\/captura-de-tela-2025-02-28-as-16.13.48.png?fit=1200%2C656&ssl=1&resize=350%2C200 1x, https:\/\/i0.wp.com\/blogdoprosperi.com\/wp-content\/uploads\/2025\/02\/captura-de-tela-2025-02-28-as-16.13.48.png?fit=1200%2C656&ssl=1&resize=525%2C300 1.5x, https:\/\/i0.wp.com\/blogdoprosperi.com\/wp-content\/uploads\/2025\/02\/captura-de-tela-2025-02-28-as-16.13.48.png?fit=1200%2C656&ssl=1&resize=700%2C400 2x, https:\/\/i0.wp.com\/blogdoprosperi.com\/wp-content\/uploads\/2025\/02\/captura-de-tela-2025-02-28-as-16.13.48.png?fit=1200%2C656&ssl=1&resize=1050%2C600 3x"},"classes":[]},{"id":48241,"url":"https:\/\/blogdoprosperi.com\/?p=48241","url_meta":{"origin":48227,"position":1},"title":"#Cr\u00f4nicaSab\u00e1tica #14 | Endrick &amp; Vitor, Dois Meninos Sem Rumo na Europa","author":"Luiz Ant\u00f4nio Pr\u00f3speri","date":"22 de fevereiro de 2025","format":false,"excerpt":"Luiz Ant\u00f4nio Pr\u00f3speri \u2013 22 fevereiro (09h45) \u2013 Endrick e Vitor Roque viviam a certeza de jogar na Europa ao completarem a maioridade. Vitor, um ano mais velho, chega em 2023 no Barcelona. Endrick, um ano depois, desembarca no Real Madrid. Seriam astros precoces nos lend\u00e1rios clubes espanh\u00f3is. Um desafiando\u2026","rel":"","context":"Em &quot;futebol&quot;","block_context":{"text":"futebol","link":"https:\/\/blogdoprosperi.com\/?cat=53870"},"img":{"alt_text":"Endrick e Vitor Roque, sem rumo na Europa","src":"https:\/\/i0.wp.com\/blogdoprosperi.com\/wp-content\/uploads\/2025\/02\/captura-de-tela-2025-02-21-as-16.54.45.png?fit=1174%2C642&ssl=1&resize=350%2C200","width":350,"height":200,"srcset":"https:\/\/i0.wp.com\/blogdoprosperi.com\/wp-content\/uploads\/2025\/02\/captura-de-tela-2025-02-21-as-16.54.45.png?fit=1174%2C642&ssl=1&resize=350%2C200 1x, https:\/\/i0.wp.com\/blogdoprosperi.com\/wp-content\/uploads\/2025\/02\/captura-de-tela-2025-02-21-as-16.54.45.png?fit=1174%2C642&ssl=1&resize=525%2C300 1.5x, https:\/\/i0.wp.com\/blogdoprosperi.com\/wp-content\/uploads\/2025\/02\/captura-de-tela-2025-02-21-as-16.54.45.png?fit=1174%2C642&ssl=1&resize=700%2C400 2x, https:\/\/i0.wp.com\/blogdoprosperi.com\/wp-content\/uploads\/2025\/02\/captura-de-tela-2025-02-21-as-16.54.45.png?fit=1174%2C642&ssl=1&resize=1050%2C600 3x"},"classes":[]},{"id":48114,"url":"https:\/\/blogdoprosperi.com\/?p=48114","url_meta":{"origin":48227,"position":2},"title":"Sete Toques do Fim de Semana | Flamengo Voa, Neymar Aparece, Palmeiras Vaiado e S\u00e3o Paulo Medroso","author":"Luiz Ant\u00f4nio Pr\u00f3speri","date":"17 de fevereiro de 2025","format":false,"excerpt":"Luiz Ant\u00f4nio Pr\u00f3speri \u2013 17 fevereiro (13h45) \u2013 Flamengo voa nas asas de Filipe Lu\u00eds inspirado em Jorge Jesus. Neymar n\u00e3o perdoa, faz primeiro gol na volta ao Santos e seu pai assume parte da gest\u00e3o do clube. Palmeiras curto e grosso leva vaias no Allianz. S\u00e3o Paulo engata quatro\u2026","rel":"","context":"Em &quot;futebol&quot;","block_context":{"text":"futebol","link":"https:\/\/blogdoprosperi.com\/?cat=53870"},"img":{"alt_text":"Flamengo voa","src":"https:\/\/i0.wp.com\/blogdoprosperi.com\/wp-content\/uploads\/2025\/02\/54329315982_77fe863e74_c.jpg?fit=799%2C534&ssl=1&resize=350%2C200","width":350,"height":200,"srcset":"https:\/\/i0.wp.com\/blogdoprosperi.com\/wp-content\/uploads\/2025\/02\/54329315982_77fe863e74_c.jpg?fit=799%2C534&ssl=1&resize=350%2C200 1x, https:\/\/i0.wp.com\/blogdoprosperi.com\/wp-content\/uploads\/2025\/02\/54329315982_77fe863e74_c.jpg?fit=799%2C534&ssl=1&resize=525%2C300 1.5x, https:\/\/i0.wp.com\/blogdoprosperi.com\/wp-content\/uploads\/2025\/02\/54329315982_77fe863e74_c.jpg?fit=799%2C534&ssl=1&resize=700%2C400 2x"},"classes":[]},{"id":57823,"url":"https:\/\/blogdoprosperi.com\/?p=57823","url_meta":{"origin":48227,"position":3},"title":"Palmeiras | Dupla Vitor Roque e Paulinho fica para depois da Copa","author":"Luiz Ant\u00f4nio Pr\u00f3speri","date":"24 de abril de 2026","format":false,"excerpt":"Luiz Ant\u00f4nio Pr\u00f3speri \u2013 24 abril 2026 (18h41) \u2013 Vitor Roque vai passar por cirurgia no tornozelo esquerdo, avariado ap\u00f3s levar duro golpe no jogo do Palmeiras contra o Jacuipense, quinta-feira (23\/4). Se constatou uma les\u00e3o da sindesmose (ligamentos que sustentam t\u00edbia e f\u00edbula no tornozelo) do jogador. Especialistas argumentam\u2026","rel":"","context":"Em &quot;copa 2026&quot;","block_context":{"text":"copa 2026","link":"https:\/\/blogdoprosperi.com\/?cat=36820279"},"img":{"alt_text":"Dupla Paulino-Vitor Roque no Palmeiras","src":"https:\/\/i0.wp.com\/blogdoprosperi.com\/wp-content\/uploads\/2026\/04\/captura-de-tela-2026-04-24-as-19.02.09.png?fit=1200%2C857&ssl=1&resize=350%2C200","width":350,"height":200,"srcset":"https:\/\/i0.wp.com\/blogdoprosperi.com\/wp-content\/uploads\/2026\/04\/captura-de-tela-2026-04-24-as-19.02.09.png?fit=1200%2C857&ssl=1&resize=350%2C200 1x, https:\/\/i0.wp.com\/blogdoprosperi.com\/wp-content\/uploads\/2026\/04\/captura-de-tela-2026-04-24-as-19.02.09.png?fit=1200%2C857&ssl=1&resize=525%2C300 1.5x, https:\/\/i0.wp.com\/blogdoprosperi.com\/wp-content\/uploads\/2026\/04\/captura-de-tela-2026-04-24-as-19.02.09.png?fit=1200%2C857&ssl=1&resize=700%2C400 2x, https:\/\/i0.wp.com\/blogdoprosperi.com\/wp-content\/uploads\/2026\/04\/captura-de-tela-2026-04-24-as-19.02.09.png?fit=1200%2C857&ssl=1&resize=1050%2C600 3x"},"classes":[]},{"id":48455,"url":"https:\/\/blogdoprosperi.com\/?p=48455","url_meta":{"origin":48227,"position":4},"title":"V\u00eddeo | Gols de Vitor Roque, Refor\u00e7o do Palmeiras","author":"Luiz Ant\u00f4nio Pr\u00f3speri","date":"28 de fevereiro de 2025","format":false,"excerpt":"","rel":"","context":"Em &quot;futebol&quot;","block_context":{"text":"futebol","link":"https:\/\/blogdoprosperi.com\/?cat=53870"},"img":{"alt_text":"","src":"https:\/\/i0.wp.com\/img.youtube.com\/vi\/M3UM9cI8jAo\/0.jpg?resize=350%2C200","width":350,"height":200},"classes":[]},{"id":55720,"url":"https:\/\/blogdoprosperi.com\/?p=55720","url_meta":{"origin":48227,"position":5},"title":"Palmeiras x Flamengo | Olhar Estrangeiro na Final da Libertadores 2025","author":"Luiz Ant\u00f4nio Pr\u00f3speri","date":"29 de novembro de 2025","format":false,"excerpt":"Como Palmeiras e Flamengo se tornaram as superpot\u00eancias do futebol sul-americano A final da Libertadores marca o mais recente cap\u00edtulo de uma rivalidade que domina o continente gra\u00e7as aos n\u00edveis europeus de financiamento e recrutamento de jogadores Caio Carrieri, do jornal The Guardian (Inglaterra) \u2013 28 novembro 2025\u00a0 Para surpresa\u2026","rel":"","context":"Em &quot;futebol&quot;","block_context":{"text":"futebol","link":"https:\/\/blogdoprosperi.com\/?cat=53870"},"img":{"alt_text":"","src":"https:\/\/i0.wp.com\/blogdoprosperi.com\/wp-content\/uploads\/2025\/11\/captura-de-tela-2025-11-29-as-11.40.46.png?fit=1200%2C846&ssl=1&resize=350%2C200","width":350,"height":200,"srcset":"https:\/\/i0.wp.com\/blogdoprosperi.com\/wp-content\/uploads\/2025\/11\/captura-de-tela-2025-11-29-as-11.40.46.png?fit=1200%2C846&ssl=1&resize=350%2C200 1x, https:\/\/i0.wp.com\/blogdoprosperi.com\/wp-content\/uploads\/2025\/11\/captura-de-tela-2025-11-29-as-11.40.46.png?fit=1200%2C846&ssl=1&resize=525%2C300 1.5x, https:\/\/i0.wp.com\/blogdoprosperi.com\/wp-content\/uploads\/2025\/11\/captura-de-tela-2025-11-29-as-11.40.46.png?fit=1200%2C846&ssl=1&resize=700%2C400 2x, https:\/\/i0.wp.com\/blogdoprosperi.com\/wp-content\/uploads\/2025\/11\/captura-de-tela-2025-11-29-as-11.40.46.png?fit=1200%2C846&ssl=1&resize=1050%2C600 3x"},"classes":[]}],"jetpack_featured_media_url":"https:\/\/i0.wp.com\/blogdoprosperi.com\/wp-content\/uploads\/2025\/02\/vitor-roque-betis-aspect-ratio-512-320-2.webp?fit=1920%2C1201&ssl=1","_links":{"self":[{"href":"https:\/\/blogdoprosperi.com\/index.php?rest_route=\/wp\/v2\/posts\/48227","targetHints":{"allow":["GET"]}}],"collection":[{"href":"https:\/\/blogdoprosperi.com\/index.php?rest_route=\/wp\/v2\/posts"}],"about":[{"href":"https:\/\/blogdoprosperi.com\/index.php?rest_route=\/wp\/v2\/types\/post"}],"author":[{"embeddable":true,"href":"https:\/\/blogdoprosperi.com\/index.php?rest_route=\/wp\/v2\/users\/102107496"}],"replies":[{"embeddable":true,"href":"https:\/\/blogdoprosperi.com\/index.php?rest_route=%2Fwp%2Fv2%2Fcomments&post=48227"}],"version-history":[{"count":9,"href":"https:\/\/blogdoprosperi.com\/index.php?rest_route=\/wp\/v2\/posts\/48227\/revisions"}],"predecessor-version":[{"id":48237,"href":"https:\/\/blogdoprosperi.com\/index.php?rest_route=\/wp\/v2\/posts\/48227\/revisions\/48237"}],"wp:featuredmedia":[{"embeddable":true,"href":"https:\/\/blogdoprosperi.com\/index.php?rest_route=\/wp\/v2\/media\/48235"}],"wp:attachment":[{"href":"https:\/\/blogdoprosperi.com\/index.php?rest_route=%2Fwp%2Fv2%2Fmedia&parent=48227"}],"wp:term":[{"taxonomy":"category","embeddable":true,"href":"https:\/\/blogdoprosperi.com\/index.php?rest_route=%2Fwp%2Fv2%2Fcategories&post=48227"},{"taxonomy":"post_tag","embeddable":true,"href":"https:\/\/blogdoprosperi.com\/index.php?rest_route=%2Fwp%2Fv2%2Ftags&post=48227"}],"curies":[{"name":"wp","href":"https:\/\/api.w.org\/{rel}","templated":true}]}}