{"id":48344,"date":"2025-02-24T14:48:01","date_gmt":"2025-02-24T17:48:01","guid":{"rendered":"https:\/\/blogdoprosperi.com\/?p=48344"},"modified":"2025-02-24T14:50:22","modified_gmt":"2025-02-24T17:50:22","slug":"cinco-toques-do-fim-de-semana-gol-olimpico-de-neymar-palmeiras-calmo-e-botafogo-espera-o-cauboi","status":"publish","type":"post","link":"https:\/\/blogdoprosperi.com\/?p=48344","title":{"rendered":"Cinco Toques do Fim de Semana | Gol Ol\u00edmpico de Neymar, Palmeiras Calmo e Botafogo Espera o Caub\u00f3i"},"content":{"rendered":"<p><em>Luiz Ant\u00f4nio Pr\u00f3speri \u2013 24 fevereiro (14h15) \u2013<\/em><\/p>\n<h4>1<\/h4>\n<p><em>NEYMAR, QUEM VAIA TAMB\u00c9M APLAUDE<\/em><\/p>\n<p>Neymar aparece no est\u00e1dio Major Levy Sobrinho em Limeira \u2013 capacidade para 18 mil torcedores \u2013, gramado razo\u00e1vel e ilumina\u00e7\u00e3o fraca. Joga como se estivesse no Camp Nou do Barcelona ou em Paris no Parque dos Pr\u00edncipes do PSG. Muito \u00e0 vontade, provocado por torcedores locais da Inter de Limeira, bate um escanteio e gol de Tiquinho. Mais provoca\u00e7\u00f5es. Bate outro escanteio e gol ol\u00edmpico. Senta na placa de publicidade \u00e0 espera de vaias. E ouve aplausos. Onde havia hostilidade, agora \u00e9 rever\u00eancia. Assim, Neymar vai se enturmando novamente ao futebol brasileiro. Santos cresce. Est\u00e1 nas quartas de final do Paulist\u00e3o 2025.<\/p>\n<div class=\"jetpack-video-wrapper\"><span class=\"embed-youtube\" style=\"text-align:center; display: block;\"><iframe loading=\"lazy\" class=\"youtube-player\" width=\"560\" height=\"315\" src=\"https:\/\/www.youtube.com\/embed\/1_-u6PB5HdI?version=3&#038;rel=1&#038;showsearch=0&#038;showinfo=1&#038;iv_load_policy=1&#038;fs=1&#038;hl=pt-BR&#038;autohide=2&#038;wmode=transparent\" allowfullscreen=\"true\" style=\"border:0;\" sandbox=\"allow-scripts allow-same-origin allow-popups allow-presentation allow-popups-to-escape-sandbox\"><\/iframe><\/span><\/div>\n<hr \/>\n<p><strong>Quartas de final Paulist\u00e3o<\/strong><\/p>\n<p><em>Corinthians x Mirassol<\/em><\/p>\n<p><em>Santos x Bragantino<\/em><\/p>\n<p><em>S\u00e3o Paulo x Novorizontino<\/em><\/p>\n<p><em>S\u00e3o Bernardo x Palmeiras<\/em><\/p>\n<hr \/>\n<h4>2<\/h4>\n<p><em>PALMEIRAS EST\u00c1 MAIS CALMO<\/em><\/p>\n<p>Dono da terceira melhor campanha geral do Paulist\u00e3o 2025, Palmeiras estava fora das quartas de final at\u00e9 os 41 minutos do segundo tempo contra o Mirassol. A\u00ed os Crias (meninos da base) resolvem a parada. Luighi para Vanderlan e cruzamento para Allan marcar, de cabe\u00e7a, o gol da classifica\u00e7\u00e3o ao mata-mata. No jogo que interessava ao Palmeiras, o Bragantino vence a Ponte Preta por 2 a 0 \u2013 primeiro gol quem fez? John John, cria do Alviverde. Time de Abel Pereira fecha com 23 pontos (quatro a menos que o Corinthians, l\u00edder geral), tem melhor ataque (21 gols), a segunda melhor defesa (10 gols sofridos) e uma derrota. Entre vendas e sa\u00eddas, perde 8 jogadores. Abel pede paz \u00e0 torcida enfurecida. Mas a presidente Leila Pereira provoca no Instagram com o post ir\u00f4nico aos torcedores: &#8220;Est\u00e3o mais calmos?&#8221; Rid\u00edculo.<\/p>\n<figure id=\"attachment_48363\" aria-describedby=\"caption-attachment-48363\" style=\"width: 720px\" class=\"wp-caption alignnone\"><img data-recalc-dims=\"1\" loading=\"lazy\" decoding=\"async\" data-attachment-id=\"48363\" data-permalink=\"https:\/\/blogdoprosperi.com\/?attachment_id=48363\" data-orig-file=\"https:\/\/i0.wp.com\/blogdoprosperi.com\/wp-content\/uploads\/2025\/02\/captura-de-tela-2025-02-24-as-14.32.00.png?fit=1364%2C1160&amp;ssl=1\" data-orig-size=\"1364,1160\" data-comments-opened=\"1\" data-image-meta=\"{&quot;aperture&quot;:&quot;0&quot;,&quot;credit&quot;:&quot;&quot;,&quot;camera&quot;:&quot;&quot;,&quot;caption&quot;:&quot;&quot;,&quot;created_timestamp&quot;:&quot;0&quot;,&quot;copyright&quot;:&quot;&quot;,&quot;focal_length&quot;:&quot;0&quot;,&quot;iso&quot;:&quot;0&quot;,&quot;shutter_speed&quot;:&quot;0&quot;,&quot;title&quot;:&quot;&quot;,&quot;orientation&quot;:&quot;0&quot;}\" data-image-title=\"Thaly e Allan, crias do Palmeiras\" data-image-description=\"\" data-image-caption=\"&lt;p&gt;Thalys e Allan celebram gol da classifica\u00e7\u00e3o \u2013 foto: Palmeiras oficial&lt;\/p&gt;\n\" data-large-file=\"https:\/\/i0.wp.com\/blogdoprosperi.com\/wp-content\/uploads\/2025\/02\/captura-de-tela-2025-02-24-as-14.32.00.png?fit=940%2C799&amp;ssl=1\" class=\"size-large wp-image-48363\" src=\"https:\/\/i0.wp.com\/blogdoprosperi.com\/wp-content\/uploads\/2025\/02\/captura-de-tela-2025-02-24-as-14.32.00.png?resize=720%2C612&#038;ssl=1\" alt=\"Palmeiras mais calmo\" width=\"720\" height=\"612\" \/><figcaption id=\"caption-attachment-48363\" class=\"wp-caption-text\"><em>Thalys e Allan celebram gol da classifica\u00e7\u00e3o \u2013 foto: Palmeiras oficial<\/em><\/figcaption><\/figure>\n<p><strong>3<\/strong><\/p>\n<p><em>BOTAFOGO ESPERA SEU CAUB\u00d3I<\/em><\/p>\n<p>Botafogo est\u00e1 fora das semifinais do Campeonato Carioca 2025, assim como em 2023 e 2022. Dessa vez, uma decep\u00e7\u00e3o absurda em fun\u00e7\u00e3o da campanha do time em 2024 quando fecha campe\u00e3o da Libertadores e do Brasileir\u00e3o. Enquanto o clube sofre no estadual, John Textor, o dono, se veste de caub\u00f3i l\u00e1 na Fran\u00e7a e aparece no jogo Lyon x PSG. Textor tamb\u00e9m \u00e9 dono do Lyon e na semana foi provocado pelos catarianos, propriet\u00e1rios do PSG, que o acusam de ser um caub\u00f3i americano prejudicando futebol franc\u00eas. Botafogo continua sem t\u00e9cnico, gastando os tufos em refor\u00e7os sem lastro e \u00e0 espera de seu caub\u00f3i. Ainda no Rio, Flamengo nada de bra\u00e7ada e ter\u00e1 o Vasco pela frente na semifinal. Fluminense, mais aos trancos do que barrancos, enfrenta o Volta Redonda.<\/p>\n<figure id=\"attachment_48367\" aria-describedby=\"caption-attachment-48367\" style=\"width: 720px\" class=\"wp-caption alignnone\"><img data-recalc-dims=\"1\" loading=\"lazy\" decoding=\"async\" data-attachment-id=\"48367\" data-permalink=\"https:\/\/blogdoprosperi.com\/?attachment_id=48367\" data-orig-file=\"https:\/\/i0.wp.com\/blogdoprosperi.com\/wp-content\/uploads\/2025\/02\/captura-de-tela-2025-02-24-as-14.37.44.png?fit=1162%2C668&amp;ssl=1\" data-orig-size=\"1162,668\" data-comments-opened=\"1\" data-image-meta=\"{&quot;aperture&quot;:&quot;0&quot;,&quot;credit&quot;:&quot;&quot;,&quot;camera&quot;:&quot;&quot;,&quot;caption&quot;:&quot;&quot;,&quot;created_timestamp&quot;:&quot;0&quot;,&quot;copyright&quot;:&quot;&quot;,&quot;focal_length&quot;:&quot;0&quot;,&quot;iso&quot;:&quot;0&quot;,&quot;shutter_speed&quot;:&quot;0&quot;,&quot;title&quot;:&quot;&quot;,&quot;orientation&quot;:&quot;0&quot;}\" data-image-title=\"John Textor, caub\u00f3i em Paris\" data-image-description=\"\" data-image-caption=\"&lt;p&gt;Textor se veste de caub\u00f3i na Fran\u00e7a \u2013 foto: reprodu\u00e7\u00e3o Lyon&lt;\/p&gt;\n\" data-large-file=\"https:\/\/i0.wp.com\/blogdoprosperi.com\/wp-content\/uploads\/2025\/02\/captura-de-tela-2025-02-24-as-14.37.44.png?fit=940%2C540&amp;ssl=1\" class=\"size-large wp-image-48367\" src=\"https:\/\/i0.wp.com\/blogdoprosperi.com\/wp-content\/uploads\/2025\/02\/captura-de-tela-2025-02-24-as-14.37.44.png?resize=720%2C414&#038;ssl=1\" alt=\"Botafogo espera seu caub\u00f3i\" width=\"720\" height=\"414\" \/><figcaption id=\"caption-attachment-48367\" class=\"wp-caption-text\"><em>Textor se veste de caub\u00f3i na Fran\u00e7a \u2013 foto: reprodu\u00e7\u00e3o Lyon<\/em><\/figcaption><\/figure>\n<p><strong>4<\/strong><\/p>\n<p><em>TORCIDA PENDURA BONECOS DE JOGADORES ESQUARTEJADOS E CRUZEIRO ACIONA FOR\u00c7AS DE SEGURAN\u00c7A<\/em><\/p>\n<p>Cruzeiro est\u00e1 fora da final do Campeonato Mineiro, eliminado pelo Am\u00e9rica. Bonecos \u2013 sem cabe\u00e7a, pernas cortadas e tinta simulando sangue \u2013 \u00a0vestidos com camisas de Mateus Pereira, William e Marlon aparecem pendurados em uma ponte na Avenida Ant\u00f4nio Carlos, uma das principais de BH. Clube se manifesta: &#8220;O Cruzeiro repudia veementemente e lamenta epis\u00f3dios de ataque \u00e0s vidas de alguns de seus atletas, ocorridos na \u00faltima noite. <strong>O clube acionou as for\u00e7as de seguran\u00e7a para que todas as provid\u00eancias sejam tomadas<\/strong> a respeito desse assunto.&#8221;<\/p>\n<figure id=\"attachment_48362\" aria-describedby=\"caption-attachment-48362\" style=\"width: 720px\" class=\"wp-caption alignnone\"><img data-recalc-dims=\"1\" loading=\"lazy\" decoding=\"async\" data-attachment-id=\"48362\" data-permalink=\"https:\/\/blogdoprosperi.com\/?attachment_id=48362\" data-orig-file=\"https:\/\/i0.wp.com\/blogdoprosperi.com\/wp-content\/uploads\/2025\/02\/captura-de-tela-2025-02-24-as-14.30.21.png?fit=1278%2C1188&amp;ssl=1\" data-orig-size=\"1278,1188\" data-comments-opened=\"1\" data-image-meta=\"{&quot;aperture&quot;:&quot;0&quot;,&quot;credit&quot;:&quot;&quot;,&quot;camera&quot;:&quot;&quot;,&quot;caption&quot;:&quot;&quot;,&quot;created_timestamp&quot;:&quot;0&quot;,&quot;copyright&quot;:&quot;&quot;,&quot;focal_length&quot;:&quot;0&quot;,&quot;iso&quot;:&quot;0&quot;,&quot;shutter_speed&quot;:&quot;0&quot;,&quot;title&quot;:&quot;&quot;,&quot;orientation&quot;:&quot;0&quot;}\" data-image-title=\"Cruzeiro aciona seguran\u00e7a\" data-image-description=\"\" data-image-caption=\"&lt;p&gt;Bonecos de jogadores do Cruzeiro esquartejados \u2013 foto: reprodu\u00e7\u00e3o redes sociais&lt;\/p&gt;\n\" data-large-file=\"https:\/\/i0.wp.com\/blogdoprosperi.com\/wp-content\/uploads\/2025\/02\/captura-de-tela-2025-02-24-as-14.30.21.png?fit=940%2C874&amp;ssl=1\" class=\"size-large wp-image-48362\" src=\"https:\/\/i0.wp.com\/blogdoprosperi.com\/wp-content\/uploads\/2025\/02\/captura-de-tela-2025-02-24-as-14.30.21.png?resize=720%2C669&#038;ssl=1\" alt=\"Bonecos de jogadores do Cruzeiro esquartejados\" width=\"720\" height=\"669\" \/><figcaption id=\"caption-attachment-48362\" class=\"wp-caption-text\"><em>Bonecos de jogadores do Cruzeiro esquartejados \u2013<\/em> foto: reprodu\u00e7\u00e3o redes sociais<\/figcaption><\/figure>\n<p>A bronca sobra em cima de Pedro Alc\u00e2ntara, dono do Cruzeiro e de uma grande rede de supermercados. Pedro parece o menos culpado na queda do time estrelado. Investir ele investiu. Dudu, Gabigol, Fabr\u00edcio Bruno, Mateus Pereira, Cassio, entre outros contratados, pouco produzem nesse in\u00edcio de temporada. N\u00e3o custa lembrar que dirigentes est\u00e3o no terceiro t\u00e9cnico em dois meses: Fernando Diniz demitido, Wesley Carvalho, interino, e Leo Jardim, que ainda nem desfez das malas no hotel. Final do Mineiro ter\u00e1 Atl\u00e9tico x Am\u00e9rica em dois jogos.<\/p>\n<p><strong>5<\/strong><\/p>\n<p><em>MANCHESTER UNITED CORTA ALMO\u00c7O DE GRA\u00c7A DOS FUNCION\u00c1RIOS DO CLUBE. AGORA \u00c9 SOPA E P\u00c3O<\/em><\/p>\n<p class=\"dcr-s3ycb2\">Sir Jim Ratcliffe fechar\u00e1 o refeit\u00f3rio dos funcion\u00e1rios no Old Trafford, est\u00e1dio do Manchester United, e substituir\u00e1 os almo\u00e7os gratuitos atualmente oferecidos por frutas. Ratcliffe, maior acionista minorit\u00e1rio individual do Manchester United \u2013 um dos clubes mais poderosos do mundo \u2013, tamb\u00e9m est\u00e1 pronto para implementar um movimento semelhante na base de treinamento do United em Carrington, com apenas os jogadores recebendo almo\u00e7o de gra\u00e7a. <strong>O restante da equipe de l\u00e1 receber\u00e1 sopa e p\u00e3o.<\/strong><\/p>\n<p><span class=\"alignnone\"><img data-recalc-dims=\"1\" loading=\"lazy\" decoding=\"async\" data-attachment-id=\"48369\" data-permalink=\"https:\/\/blogdoprosperi.com\/?attachment_id=48369\" data-orig-file=\"https:\/\/i0.wp.com\/blogdoprosperi.com\/wp-content\/uploads\/2025\/02\/imgs620i11754t20190514184938-1.png?fit=620%2C413&amp;ssl=1\" data-orig-size=\"620,413\" data-comments-opened=\"1\" data-image-meta=\"{&quot;aperture&quot;:&quot;0&quot;,&quot;credit&quot;:&quot;&quot;,&quot;camera&quot;:&quot;&quot;,&quot;caption&quot;:&quot;&quot;,&quot;created_timestamp&quot;:&quot;0&quot;,&quot;copyright&quot;:&quot;&quot;,&quot;focal_length&quot;:&quot;0&quot;,&quot;iso&quot;:&quot;0&quot;,&quot;shutter_speed&quot;:&quot;0&quot;,&quot;title&quot;:&quot;&quot;,&quot;orientation&quot;:&quot;0&quot;}\" data-image-title=\"escudo do Manchester United\" data-image-description=\"\" data-image-caption=\"\" data-large-file=\"https:\/\/i0.wp.com\/blogdoprosperi.com\/wp-content\/uploads\/2025\/02\/imgs620i11754t20190514184938-1.png?fit=620%2C413&amp;ssl=1\" class=\"alignnone size-full wp-image-48369\" src=\"https:\/\/i0.wp.com\/blogdoprosperi.com\/wp-content\/uploads\/2025\/02\/imgs620i11754t20190514184938-1.png?resize=620%2C413&#038;ssl=1\" alt=\"\" width=\"620\" height=\"413\" \/><\/span><\/p>\n<p class=\"dcr-s3ycb2\">A not\u00edcia surgiu antes de uma reuni\u00e3o de todos os funcion\u00e1rios \u00e0s 14h30 realizada no Manchester Suite do Old Trafford, na qual, segundo o <em>Guardian<\/em>, o presidente-executivo do clube, Omar Berrada, confirmou o fechamento do refeit\u00f3rio dos funcion\u00e1rios e outras decis\u00f5es importantes, incluindo a confirma\u00e7\u00e3o de que haver\u00e1 mais demiss\u00f5es. Nenhuma pergunta foi respondida no briefing.<\/p>\n<figure id=\"bc0ea576-5ef4-4965-a7bd-0357d8eea903\" class=\" dcr-1your1i\"><\/figure>\n<p class=\"dcr-s3ycb2\">Embora ele n\u00e3o tenha informado \u00e0s centenas de funcion\u00e1rios na reuni\u00e3o quantos perderiam seus empregos, Berrada ofereceu um pedido de desculpas por dizer em setembro que n\u00e3o haveria mais cortes ap\u00f3s a rodada inicial de Ratcliffe de cerca de 250. Depois, os funcion\u00e1rios receberam um e-mail logo ap\u00f3s as 15h, no qual foram informados de que o n\u00famero de cortes seria de &#8220;150-200&#8221;. H\u00e1 900 membros da equipe. (<strong><em>publicado no The Guardian, de Londres<\/em><\/strong>).<\/p>\n","protected":false},"excerpt":{"rendered":"<p>Luiz Ant\u00f4nio Pr\u00f3speri \u2013 24 fevereiro (14h15) \u2013 1 NEYMAR, QUEM VAIA TAMB\u00c9M APLAUDE Neymar aparece no est\u00e1dio [&hellip;]<\/p>\n","protected":false},"author":102107496,"featured_media":48364,"comment_status":"open","ping_status":"open","sticky":false,"template":"","format":"standard","meta":{"_coblocks_attr":"","_coblocks_dimensions":"","_coblocks_responsive_height":"","_coblocks_accordion_ie_support":"","_jetpack_newsletter_access":"","_jetpack_dont_email_post_to_subs":false,"_jetpack_newsletter_tier_id":0,"_jetpack_memberships_contains_paywalled_content":false,"_wpcom_ai_launchpad_first_post":false,"_jetpack_feature_clip_id":0,"_jetpack_memberships_contains_paid_content":false,"footnotes":"","jetpack_publicize_message":"","jetpack_publicize_feature_enabled":true,"jetpack_social_post_already_shared":false,"jetpack_social_options":{"image_generator_settings":{"template":"highway","default_image_id":0,"font":"","enabled":false},"version":2},"jetpack_post_was_ever_published":false},"categories":[53870,3919],"tags":[4200771,521771,789560560,52406516,2164777,57784134,789560573,12766,125387151,4112146,287104,2588859],"class_list":["post-48344","post","type-post","status-publish","format-standard","has-post-thumbnail","hentry","category-futebol","category-opiniao","tag-abel-ferreira","tag-cruzeiro","tag-futebol","tag-gabigol","tag-gol-olimpico","tag-leila-pereira","tag-luiz-antonio-prosperi","tag-manchester-united","tag-mateus-pereira","tag-neymar","tag-palmeiras","tag-santos-fc"],"yoast_head":"<!-- This site is optimized with the Yoast SEO plugin v28.3 - https:\/\/yoast.com\/product\/yoast-seo-wordpress\/ -->\n<title>Cinco Toques do Fim de Semana | Gol Ol\u00edmpico de Neymar, Palmeiras Calmo e Botafogo Espera o Caub\u00f3i - PR\u00d3SPERI NEWS<\/title>\n<meta name=\"robots\" content=\"index, follow, max-snippet:-1, max-image-preview:large, max-video-preview:-1\" \/>\n<link rel=\"canonical\" href=\"https:\/\/blogdoprosperi.com\/?p=48344\" \/>\n<meta property=\"og:locale\" content=\"pt_BR\" \/>\n<meta property=\"og:type\" content=\"article\" \/>\n<meta property=\"og:title\" content=\"Cinco Toques do Fim de Semana | Gol Ol\u00edmpico de Neymar, Palmeiras Calmo e Botafogo Espera o Caub\u00f3i - PR\u00d3SPERI NEWS\" \/>\n<meta property=\"og:description\" content=\"Luiz Ant\u00f4nio Pr\u00f3speri \u2013 24 fevereiro (14h15) \u2013 1 NEYMAR, QUEM VAIA TAMB\u00c9M APLAUDE Neymar aparece no est\u00e1dio [&hellip;]\" \/>\n<meta property=\"og:url\" content=\"https:\/\/blogdoprosperi.com\/?p=48344\" \/>\n<meta property=\"og:site_name\" content=\"PR\u00d3SPERI NEWS\" \/>\n<meta property=\"article:publisher\" content=\"Luiz Pr\u00f3speri\" \/>\n<meta property=\"article:author\" content=\"Luiz Pr\u00f3speri\" \/>\n<meta property=\"article:published_time\" content=\"2025-02-24T17:48:01+00:00\" \/>\n<meta property=\"article:modified_time\" content=\"2025-02-24T17:50:22+00:00\" \/>\n<meta property=\"og:image\" content=\"https:\/\/i0.wp.com\/blogdoprosperi.com\/wp-content\/uploads\/2025\/02\/neymar-santos-4-scaled-aspect-ratio-512-320.webp?fit=1920%2C1200&ssl=1\" \/>\n\t<meta property=\"og:image:width\" content=\"1920\" \/>\n\t<meta property=\"og:image:height\" content=\"1200\" \/>\n\t<meta property=\"og:image:type\" content=\"image\/webp\" \/>\n<meta name=\"author\" content=\"Luiz Ant\u00f4nio Pr\u00f3speri\" \/>\n<meta name=\"twitter:card\" content=\"summary_large_image\" \/>\n<meta name=\"twitter:creator\" content=\"@Luizprosperi\" \/>\n<meta name=\"twitter:site\" content=\"@Luizprosperi\" \/>\n<meta name=\"twitter:label1\" content=\"Escrito por\" \/>\n\t<meta name=\"twitter:data1\" content=\"Luiz Ant\u00f4nio Pr\u00f3speri\" \/>\n\t<meta name=\"twitter:label2\" content=\"Est. tempo de leitura\" \/>\n\t<meta name=\"twitter:data2\" content=\"5 minutos\" \/>\n<script type=\"application\/ld+json\" class=\"yoast-schema-graph\">{\"@context\":\"https:\\\/\\\/schema.org\",\"@graph\":[{\"@type\":\"Article\",\"@id\":\"https:\\\/\\\/blogdoprosperi.com\\\/?p=48344#article\",\"isPartOf\":{\"@id\":\"https:\\\/\\\/blogdoprosperi.com\\\/?p=48344\"},\"author\":{\"name\":\"Luiz Ant\u00f4nio Pr\u00f3speri\",\"@id\":\"https:\\\/\\\/blogdoprosperi.com\\\/#\\\/schema\\\/person\\\/38100755ce3601861ee4fab9b5aa78e9\"},\"headline\":\"Cinco Toques do Fim de Semana | Gol Ol\u00edmpico de Neymar, Palmeiras Calmo e Botafogo Espera o Caub\u00f3i\",\"datePublished\":\"2025-02-24T17:48:01+00:00\",\"dateModified\":\"2025-02-24T17:50:22+00:00\",\"mainEntityOfPage\":{\"@id\":\"https:\\\/\\\/blogdoprosperi.com\\\/?p=48344\"},\"wordCount\":957,\"commentCount\":0,\"publisher\":{\"@id\":\"https:\\\/\\\/blogdoprosperi.com\\\/#\\\/schema\\\/person\\\/38100755ce3601861ee4fab9b5aa78e9\"},\"image\":{\"@id\":\"https:\\\/\\\/blogdoprosperi.com\\\/?p=48344#primaryimage\"},\"thumbnailUrl\":\"https:\\\/\\\/i0.wp.com\\\/blogdoprosperi.com\\\/wp-content\\\/uploads\\\/2025\\\/02\\\/neymar-santos-4-scaled-aspect-ratio-512-320.webp?fit=1920%2C1200&ssl=1\",\"keywords\":[\"abel ferreira\",\"Cruzeiro\",\"futebol\",\"Gabigol\",\"gol ol\u00edmpico\",\"Leila Pereira\",\"Luiz Ant\u00f4nio Pr\u00f3speri\",\"Manchester United\",\"Mateus pereira\",\"Neymar\",\"Palmeiras\",\"Santos FC\"],\"articleSection\":[\"futebol\",\"opini\u00e3o\"],\"inLanguage\":\"pt-BR\",\"potentialAction\":[{\"@type\":\"CommentAction\",\"name\":\"Comment\",\"target\":[\"https:\\\/\\\/blogdoprosperi.com\\\/?p=48344#respond\"]}]},{\"@type\":\"WebPage\",\"@id\":\"https:\\\/\\\/blogdoprosperi.com\\\/?p=48344\",\"url\":\"https:\\\/\\\/blogdoprosperi.com\\\/?p=48344\",\"name\":\"Cinco Toques do Fim de Semana | Gol Ol\u00edmpico de Neymar, Palmeiras Calmo e Botafogo Espera o Caub\u00f3i - PR\u00d3SPERI NEWS\",\"isPartOf\":{\"@id\":\"https:\\\/\\\/blogdoprosperi.com\\\/#website\"},\"primaryImageOfPage\":{\"@id\":\"https:\\\/\\\/blogdoprosperi.com\\\/?p=48344#primaryimage\"},\"image\":{\"@id\":\"https:\\\/\\\/blogdoprosperi.com\\\/?p=48344#primaryimage\"},\"thumbnailUrl\":\"https:\\\/\\\/i0.wp.com\\\/blogdoprosperi.com\\\/wp-content\\\/uploads\\\/2025\\\/02\\\/neymar-santos-4-scaled-aspect-ratio-512-320.webp?fit=1920%2C1200&ssl=1\",\"datePublished\":\"2025-02-24T17:48:01+00:00\",\"dateModified\":\"2025-02-24T17:50:22+00:00\",\"breadcrumb\":{\"@id\":\"https:\\\/\\\/blogdoprosperi.com\\\/?p=48344#breadcrumb\"},\"inLanguage\":\"pt-BR\",\"potentialAction\":[{\"@type\":\"ReadAction\",\"target\":[\"https:\\\/\\\/blogdoprosperi.com\\\/?p=48344\"]}]},{\"@type\":\"ImageObject\",\"inLanguage\":\"pt-BR\",\"@id\":\"https:\\\/\\\/blogdoprosperi.com\\\/?p=48344#primaryimage\",\"url\":\"https:\\\/\\\/i0.wp.com\\\/blogdoprosperi.com\\\/wp-content\\\/uploads\\\/2025\\\/02\\\/neymar-santos-4-scaled-aspect-ratio-512-320.webp?fit=1920%2C1200&ssl=1\",\"contentUrl\":\"https:\\\/\\\/i0.wp.com\\\/blogdoprosperi.com\\\/wp-content\\\/uploads\\\/2025\\\/02\\\/neymar-santos-4-scaled-aspect-ratio-512-320.webp?fit=1920%2C1200&ssl=1\",\"width\":1920,\"height\":1200,\"caption\":\"Neymar desdenha torcedores \u2013 foto: Santos FC oficial\"},{\"@type\":\"BreadcrumbList\",\"@id\":\"https:\\\/\\\/blogdoprosperi.com\\\/?p=48344#breadcrumb\",\"itemListElement\":[{\"@type\":\"ListItem\",\"position\":1,\"name\":\"In\u00edcio\",\"item\":\"https:\\\/\\\/blogdoprosperi.com\\\/\"},{\"@type\":\"ListItem\",\"position\":2,\"name\":\"Cinco Toques do Fim de Semana | Gol Ol\u00edmpico de Neymar, Palmeiras Calmo e Botafogo Espera o Caub\u00f3i\"}]},{\"@type\":\"WebSite\",\"@id\":\"https:\\\/\\\/blogdoprosperi.com\\\/#website\",\"url\":\"https:\\\/\\\/blogdoprosperi.com\\\/\",\"name\":\"PR\u00d3SPERI NEWS\",\"description\":\"TUDO \u00c9  FUTEBOL\",\"publisher\":{\"@id\":\"https:\\\/\\\/blogdoprosperi.com\\\/#\\\/schema\\\/person\\\/38100755ce3601861ee4fab9b5aa78e9\"},\"alternateName\":\"blogdoprosperi.com\",\"potentialAction\":[{\"@type\":\"SearchAction\",\"target\":{\"@type\":\"EntryPoint\",\"urlTemplate\":\"https:\\\/\\\/blogdoprosperi.com\\\/?s={search_term_string}\"},\"query-input\":{\"@type\":\"PropertyValueSpecification\",\"valueRequired\":true,\"valueName\":\"search_term_string\"}}],\"inLanguage\":\"pt-BR\"},{\"@type\":[\"Person\",\"Organization\"],\"@id\":\"https:\\\/\\\/blogdoprosperi.com\\\/#\\\/schema\\\/person\\\/38100755ce3601861ee4fab9b5aa78e9\",\"name\":\"Luiz Ant\u00f4nio Pr\u00f3speri\",\"pronouns\":\"ele\",\"image\":{\"@type\":\"ImageObject\",\"inLanguage\":\"pt-BR\",\"@id\":\"https:\\\/\\\/i0.wp.com\\\/blogdoprosperi.com\\\/wp-content\\\/uploads\\\/2026\\\/05\\\/cropped-8059e613-6002-42fa-961e-8e275f575d71-2-5.jpg?fit=1360%2C931&ssl=1\",\"url\":\"https:\\\/\\\/i0.wp.com\\\/blogdoprosperi.com\\\/wp-content\\\/uploads\\\/2026\\\/05\\\/cropped-8059e613-6002-42fa-961e-8e275f575d71-2-5.jpg?fit=1360%2C931&ssl=1\",\"contentUrl\":\"https:\\\/\\\/i0.wp.com\\\/blogdoprosperi.com\\\/wp-content\\\/uploads\\\/2026\\\/05\\\/cropped-8059e613-6002-42fa-961e-8e275f575d71-2-5.jpg?fit=1360%2C931&ssl=1\",\"width\":1360,\"height\":931,\"caption\":\"Luiz Ant\u00f4nio Pr\u00f3speri\"},\"logo\":{\"@id\":\"https:\\\/\\\/i0.wp.com\\\/blogdoprosperi.com\\\/wp-content\\\/uploads\\\/2026\\\/05\\\/cropped-8059e613-6002-42fa-961e-8e275f575d71-2-5.jpg?fit=1360%2C931&ssl=1\"},\"description\":\"Jornalista com carreira dedicada ao esporte. Cobriu 9 Copas do Mundo in loco, 1990 na It\u00e1lia, 1994 nos EUA, 1998 na Fran\u00e7a, 2002 na Coreia do Sul e Jap\u00e3o, 2006 na Alemanha, 2010 na \u00c1frica do Sul, 2014 no Brasil, 2018 na R\u00fassia e 2022 no Qatar. Eurocopas, 1992 na Su\u00e9cia e 1996 na Inglaterra. Copa das Confedera\u00e7\u00f5es de 2005 na Alemanha e 2009 na \u00c1frica do Sul. Rep\u00f3rter e Editor, trabalhou no Jornal da Tarde e Estad\u00e3o, de 1984 a fevereiro de 2016. Colunista, blogueiro. E comentarista de futebol na R\u00e1dio Estad\u00e3o, de 2013 a fevereiro de 2016. Jornalista respons\u00e1vel do \\\"Pr\u00f3speri News\\\" (blogdoprosperi.com).\",\"sameAs\":[\"http:\\\/\\\/blogdoprosperi.com\",\"Luiz Pr\u00f3speri\",\"@luiz_prosperi\",\"https:\\\/\\\/x.com\\\/Luizprosperi\",\"@prosperinacopa\",\"luiz.prosperi@icloud.com\"],\"url\":\"https:\\\/\\\/blogdoprosperi.com\\\/?author=102107496\"}]}<\/script>\n<!-- \/ Yoast SEO plugin. -->","yoast_head_json":{"title":"Cinco Toques do Fim de Semana | Gol Ol\u00edmpico de Neymar, Palmeiras Calmo e Botafogo Espera o Caub\u00f3i - PR\u00d3SPERI NEWS","robots":{"index":"index","follow":"follow","max-snippet":"max-snippet:-1","max-image-preview":"max-image-preview:large","max-video-preview":"max-video-preview:-1"},"canonical":"https:\/\/blogdoprosperi.com\/?p=48344","og_locale":"pt_BR","og_type":"article","og_title":"Cinco Toques do Fim de Semana | Gol Ol\u00edmpico de Neymar, Palmeiras Calmo e Botafogo Espera o Caub\u00f3i - PR\u00d3SPERI NEWS","og_description":"Luiz Ant\u00f4nio Pr\u00f3speri \u2013 24 fevereiro (14h15) \u2013 1 NEYMAR, QUEM VAIA TAMB\u00c9M APLAUDE Neymar aparece no est\u00e1dio [&hellip;]","og_url":"https:\/\/blogdoprosperi.com\/?p=48344","og_site_name":"PR\u00d3SPERI NEWS","article_publisher":"Luiz Pr\u00f3speri","article_author":"Luiz Pr\u00f3speri","article_published_time":"2025-02-24T17:48:01+00:00","article_modified_time":"2025-02-24T17:50:22+00:00","og_image":[{"width":1920,"height":1200,"url":"https:\/\/i0.wp.com\/blogdoprosperi.com\/wp-content\/uploads\/2025\/02\/neymar-santos-4-scaled-aspect-ratio-512-320.webp?fit=1920%2C1200&ssl=1","type":"image\/webp"}],"author":"Luiz Ant\u00f4nio Pr\u00f3speri","twitter_card":"summary_large_image","twitter_creator":"@Luizprosperi","twitter_site":"@Luizprosperi","twitter_misc":{"Escrito por":"Luiz Ant\u00f4nio Pr\u00f3speri","Est. tempo de leitura":"5 minutos"},"schema":{"@context":"https:\/\/schema.org","@graph":[{"@type":"Article","@id":"https:\/\/blogdoprosperi.com\/?p=48344#article","isPartOf":{"@id":"https:\/\/blogdoprosperi.com\/?p=48344"},"author":{"name":"Luiz Ant\u00f4nio Pr\u00f3speri","@id":"https:\/\/blogdoprosperi.com\/#\/schema\/person\/38100755ce3601861ee4fab9b5aa78e9"},"headline":"Cinco Toques do Fim de Semana | Gol Ol\u00edmpico de Neymar, Palmeiras Calmo e Botafogo Espera o Caub\u00f3i","datePublished":"2025-02-24T17:48:01+00:00","dateModified":"2025-02-24T17:50:22+00:00","mainEntityOfPage":{"@id":"https:\/\/blogdoprosperi.com\/?p=48344"},"wordCount":957,"commentCount":0,"publisher":{"@id":"https:\/\/blogdoprosperi.com\/#\/schema\/person\/38100755ce3601861ee4fab9b5aa78e9"},"image":{"@id":"https:\/\/blogdoprosperi.com\/?p=48344#primaryimage"},"thumbnailUrl":"https:\/\/i0.wp.com\/blogdoprosperi.com\/wp-content\/uploads\/2025\/02\/neymar-santos-4-scaled-aspect-ratio-512-320.webp?fit=1920%2C1200&ssl=1","keywords":["abel ferreira","Cruzeiro","futebol","Gabigol","gol ol\u00edmpico","Leila Pereira","Luiz Ant\u00f4nio Pr\u00f3speri","Manchester United","Mateus pereira","Neymar","Palmeiras","Santos FC"],"articleSection":["futebol","opini\u00e3o"],"inLanguage":"pt-BR","potentialAction":[{"@type":"CommentAction","name":"Comment","target":["https:\/\/blogdoprosperi.com\/?p=48344#respond"]}]},{"@type":"WebPage","@id":"https:\/\/blogdoprosperi.com\/?p=48344","url":"https:\/\/blogdoprosperi.com\/?p=48344","name":"Cinco Toques do Fim de Semana | Gol Ol\u00edmpico de Neymar, Palmeiras Calmo e Botafogo Espera o Caub\u00f3i - PR\u00d3SPERI NEWS","isPartOf":{"@id":"https:\/\/blogdoprosperi.com\/#website"},"primaryImageOfPage":{"@id":"https:\/\/blogdoprosperi.com\/?p=48344#primaryimage"},"image":{"@id":"https:\/\/blogdoprosperi.com\/?p=48344#primaryimage"},"thumbnailUrl":"https:\/\/i0.wp.com\/blogdoprosperi.com\/wp-content\/uploads\/2025\/02\/neymar-santos-4-scaled-aspect-ratio-512-320.webp?fit=1920%2C1200&ssl=1","datePublished":"2025-02-24T17:48:01+00:00","dateModified":"2025-02-24T17:50:22+00:00","breadcrumb":{"@id":"https:\/\/blogdoprosperi.com\/?p=48344#breadcrumb"},"inLanguage":"pt-BR","potentialAction":[{"@type":"ReadAction","target":["https:\/\/blogdoprosperi.com\/?p=48344"]}]},{"@type":"ImageObject","inLanguage":"pt-BR","@id":"https:\/\/blogdoprosperi.com\/?p=48344#primaryimage","url":"https:\/\/i0.wp.com\/blogdoprosperi.com\/wp-content\/uploads\/2025\/02\/neymar-santos-4-scaled-aspect-ratio-512-320.webp?fit=1920%2C1200&ssl=1","contentUrl":"https:\/\/i0.wp.com\/blogdoprosperi.com\/wp-content\/uploads\/2025\/02\/neymar-santos-4-scaled-aspect-ratio-512-320.webp?fit=1920%2C1200&ssl=1","width":1920,"height":1200,"caption":"Neymar desdenha torcedores \u2013 foto: Santos FC oficial"},{"@type":"BreadcrumbList","@id":"https:\/\/blogdoprosperi.com\/?p=48344#breadcrumb","itemListElement":[{"@type":"ListItem","position":1,"name":"In\u00edcio","item":"https:\/\/blogdoprosperi.com\/"},{"@type":"ListItem","position":2,"name":"Cinco Toques do Fim de Semana | Gol Ol\u00edmpico de Neymar, Palmeiras Calmo e Botafogo Espera o Caub\u00f3i"}]},{"@type":"WebSite","@id":"https:\/\/blogdoprosperi.com\/#website","url":"https:\/\/blogdoprosperi.com\/","name":"PR\u00d3SPERI NEWS","description":"TUDO \u00c9  FUTEBOL","publisher":{"@id":"https:\/\/blogdoprosperi.com\/#\/schema\/person\/38100755ce3601861ee4fab9b5aa78e9"},"alternateName":"blogdoprosperi.com","potentialAction":[{"@type":"SearchAction","target":{"@type":"EntryPoint","urlTemplate":"https:\/\/blogdoprosperi.com\/?s={search_term_string}"},"query-input":{"@type":"PropertyValueSpecification","valueRequired":true,"valueName":"search_term_string"}}],"inLanguage":"pt-BR"},{"@type":["Person","Organization"],"@id":"https:\/\/blogdoprosperi.com\/#\/schema\/person\/38100755ce3601861ee4fab9b5aa78e9","name":"Luiz Ant\u00f4nio Pr\u00f3speri","pronouns":"ele","image":{"@type":"ImageObject","inLanguage":"pt-BR","@id":"https:\/\/i0.wp.com\/blogdoprosperi.com\/wp-content\/uploads\/2026\/05\/cropped-8059e613-6002-42fa-961e-8e275f575d71-2-5.jpg?fit=1360%2C931&ssl=1","url":"https:\/\/i0.wp.com\/blogdoprosperi.com\/wp-content\/uploads\/2026\/05\/cropped-8059e613-6002-42fa-961e-8e275f575d71-2-5.jpg?fit=1360%2C931&ssl=1","contentUrl":"https:\/\/i0.wp.com\/blogdoprosperi.com\/wp-content\/uploads\/2026\/05\/cropped-8059e613-6002-42fa-961e-8e275f575d71-2-5.jpg?fit=1360%2C931&ssl=1","width":1360,"height":931,"caption":"Luiz Ant\u00f4nio Pr\u00f3speri"},"logo":{"@id":"https:\/\/i0.wp.com\/blogdoprosperi.com\/wp-content\/uploads\/2026\/05\/cropped-8059e613-6002-42fa-961e-8e275f575d71-2-5.jpg?fit=1360%2C931&ssl=1"},"description":"Jornalista com carreira dedicada ao esporte. Cobriu 9 Copas do Mundo in loco, 1990 na It\u00e1lia, 1994 nos EUA, 1998 na Fran\u00e7a, 2002 na Coreia do Sul e Jap\u00e3o, 2006 na Alemanha, 2010 na \u00c1frica do Sul, 2014 no Brasil, 2018 na R\u00fassia e 2022 no Qatar. Eurocopas, 1992 na Su\u00e9cia e 1996 na Inglaterra. Copa das Confedera\u00e7\u00f5es de 2005 na Alemanha e 2009 na \u00c1frica do Sul. Rep\u00f3rter e Editor, trabalhou no Jornal da Tarde e Estad\u00e3o, de 1984 a fevereiro de 2016. Colunista, blogueiro. E comentarista de futebol na R\u00e1dio Estad\u00e3o, de 2013 a fevereiro de 2016. Jornalista respons\u00e1vel do \"Pr\u00f3speri News\" (blogdoprosperi.com).","sameAs":["http:\/\/blogdoprosperi.com","Luiz Pr\u00f3speri","@luiz_prosperi","https:\/\/x.com\/Luizprosperi","@prosperinacopa","luiz.prosperi@icloud.com"],"url":"https:\/\/blogdoprosperi.com\/?author=102107496"}]}},"jetpack_publicize_connections":[],"jetpack_likes_enabled":false,"jetpack_sharing_enabled":true,"jetpack_shortlink":"https:\/\/wp.me\/p7jvdk-czK","jetpack-related-posts":[{"id":45481,"url":"https:\/\/blogdoprosperi.com\/?p=45481","url_meta":{"origin":48344,"position":0},"title":"Leila Pereira anuncia (I): Palmeiras Descarta Neymar e Supercraques no Mundial de Clubes 2025","author":"Luiz Ant\u00f4nio Pr\u00f3speri","date":"23 de setembro de 2024","format":false,"excerpt":"Luiz Ant\u00f4nio Pr\u00f3speri \u2013 23 setembro (23h55) Leila Pereira avisa aos torcedores do Palmeiras que n\u00e3o tem a m\u00ednima inten\u00e7\u00e3o de contratar supercraques para o Mundial de Clubes de 2025. Nem Neymar nem outro nome forte no mercado especulados nas m\u00eddias sociais. No lan\u00e7amento de sua candidatura \u00e0 reelei\u00e7\u00e3o no\u2026","rel":"","context":"Em &quot;futebol&quot;","block_context":{"text":"futebol","link":"https:\/\/blogdoprosperi.com\/?cat=53870"},"img":{"alt_text":"Neymar no Palmeiras?","src":"https:\/\/i0.wp.com\/blogdoprosperi.com\/wp-content\/uploads\/2024\/09\/20180525185228582294a.webp?fit=750%2C500&ssl=1&resize=350%2C200","width":350,"height":200,"srcset":"https:\/\/i0.wp.com\/blogdoprosperi.com\/wp-content\/uploads\/2024\/09\/20180525185228582294a.webp?fit=750%2C500&ssl=1&resize=350%2C200 1x, https:\/\/i0.wp.com\/blogdoprosperi.com\/wp-content\/uploads\/2024\/09\/20180525185228582294a.webp?fit=750%2C500&ssl=1&resize=525%2C300 1.5x, https:\/\/i0.wp.com\/blogdoprosperi.com\/wp-content\/uploads\/2024\/09\/20180525185228582294a.webp?fit=750%2C500&ssl=1&resize=700%2C400 2x"},"classes":[]},{"id":47875,"url":"https:\/\/blogdoprosperi.com\/?p=47875","url_meta":{"origin":48344,"position":1},"title":"Neymar Volta Fora de Forma e Pede Paci\u00eancia aos Torcedores","author":"Luiz Ant\u00f4nio Pr\u00f3speri","date":"5 de fevereiro de 2025","format":false,"excerpt":"Luiz Ant\u00f4nio Pr\u00f3speri \u2013 5 fevereiro (23h30) \u2013 Neymar precisa de tempo, de minutos a mais de jogos de verdade. Precisa entrar em forma. Primeira exibi\u00e7\u00e3o deixa claro que n\u00e3o vai ser assim, da noite para o dia. Mesmo ainda distante do que ele j\u00e1 mostrou no futebol, foi capaz\u2026","rel":"","context":"Em &quot;opini\u00e3o&quot;","block_context":{"text":"opini\u00e3o","link":"https:\/\/blogdoprosperi.com\/?cat=3919"},"img":{"alt_text":"Neymar volta fora de forma e pode paci\u00eancia","src":"https:\/\/i0.wp.com\/blogdoprosperi.com\/wp-content\/uploads\/2025\/02\/neymar-santos-02052025_0.jpg?fit=760%2C428&ssl=1&resize=350%2C200","width":350,"height":200,"srcset":"https:\/\/i0.wp.com\/blogdoprosperi.com\/wp-content\/uploads\/2025\/02\/neymar-santos-02052025_0.jpg?fit=760%2C428&ssl=1&resize=350%2C200 1x, https:\/\/i0.wp.com\/blogdoprosperi.com\/wp-content\/uploads\/2025\/02\/neymar-santos-02052025_0.jpg?fit=760%2C428&ssl=1&resize=525%2C300 1.5x, https:\/\/i0.wp.com\/blogdoprosperi.com\/wp-content\/uploads\/2025\/02\/neymar-santos-02052025_0.jpg?fit=760%2C428&ssl=1&resize=700%2C400 2x"},"classes":[]},{"id":21517,"url":"https:\/\/blogdoprosperi.com\/?p=21517","url_meta":{"origin":48344,"position":2},"title":"Sele\u00e7\u00e3o Ol\u00edmpica consagra Neymar e Gabriel Jesus e vai encarar Alemanha na disputa do ouro","author":"Luiz Ant\u00f4nio Pr\u00f3speri","date":"17 de agosto de 2016","format":false,"excerpt":"Duro \u00e9 convencer a torcida brasileira de que os alem\u00e3es n\u00e3o merecem levar uma sova na final dos Jogos do Rio 2016 Brasil se reconciliou com seu futebol, t\u00e3o maltratado nos \u00faltimos tempos, ao despachar Honduras por 6 a 0 na semifinal dos Jogos do Rio. H\u00e1 quem possa argumentar\u2026","rel":"","context":"Em &quot;futebol&quot;","block_context":{"text":"futebol","link":"https:\/\/blogdoprosperi.com\/?cat=53870"},"img":{"alt_text":"","src":"https:\/\/i0.wp.com\/blogdoprosperi.com\/wp-content\/uploads\/2016\/08\/u9kmit0v.jpg?resize=350%2C200&ssl=1","width":350,"height":200,"srcset":"https:\/\/i0.wp.com\/blogdoprosperi.com\/wp-content\/uploads\/2016\/08\/u9kmit0v.jpg?resize=350%2C200&ssl=1 1x, https:\/\/i0.wp.com\/blogdoprosperi.com\/wp-content\/uploads\/2016\/08\/u9kmit0v.jpg?resize=525%2C300&ssl=1 1.5x"},"classes":[]},{"id":50533,"url":"https:\/\/blogdoprosperi.com\/?p=50533","url_meta":{"origin":48344,"position":3},"title":"Neymar Deixa Santos na M\u00e3o","author":"Luiz Ant\u00f4nio Pr\u00f3speri","date":"1 de junho de 2025","format":false,"excerpt":"Luiz Ant\u00f4nio Pr\u00f3speri \u2013 1 junho (18h35) \u2013 Neymar tem tanta sede por um gol que n\u00e3o pensa duas vezes e manda a bola \u00e0 rede com a m\u00e3o direita. Gol de m\u00e3o n\u00e3o vale, a n\u00e3o ser que voc\u00ea seja Diego Maradona. \u00c1rbitro percebe a maracutaia do craque, n\u00e3o\u2026","rel":"","context":"Em &quot;futebol&quot;","block_context":{"text":"futebol","link":"https:\/\/blogdoprosperi.com\/?cat=53870"},"img":{"alt_text":"Neymar deixa Santos na m\u00e3o","src":"https:\/\/i0.wp.com\/blogdoprosperi.com\/wp-content\/uploads\/2025\/06\/captura-de-tela-2025-06-01-as-18.38.58.png?fit=1060%2C788&ssl=1&resize=350%2C200","width":350,"height":200,"srcset":"https:\/\/i0.wp.com\/blogdoprosperi.com\/wp-content\/uploads\/2025\/06\/captura-de-tela-2025-06-01-as-18.38.58.png?fit=1060%2C788&ssl=1&resize=350%2C200 1x, https:\/\/i0.wp.com\/blogdoprosperi.com\/wp-content\/uploads\/2025\/06\/captura-de-tela-2025-06-01-as-18.38.58.png?fit=1060%2C788&ssl=1&resize=525%2C300 1.5x, https:\/\/i0.wp.com\/blogdoprosperi.com\/wp-content\/uploads\/2025\/06\/captura-de-tela-2025-06-01-as-18.38.58.png?fit=1060%2C788&ssl=1&resize=700%2C400 2x, https:\/\/i0.wp.com\/blogdoprosperi.com\/wp-content\/uploads\/2025\/06\/captura-de-tela-2025-06-01-as-18.38.58.png?fit=1060%2C788&ssl=1&resize=1050%2C600 3x"},"classes":[]},{"id":48114,"url":"https:\/\/blogdoprosperi.com\/?p=48114","url_meta":{"origin":48344,"position":4},"title":"Sete Toques do Fim de Semana | Flamengo Voa, Neymar Aparece, Palmeiras Vaiado e S\u00e3o Paulo Medroso","author":"Luiz Ant\u00f4nio Pr\u00f3speri","date":"17 de fevereiro de 2025","format":false,"excerpt":"Luiz Ant\u00f4nio Pr\u00f3speri \u2013 17 fevereiro (13h45) \u2013 Flamengo voa nas asas de Filipe Lu\u00eds inspirado em Jorge Jesus. Neymar n\u00e3o perdoa, faz primeiro gol na volta ao Santos e seu pai assume parte da gest\u00e3o do clube. Palmeiras curto e grosso leva vaias no Allianz. S\u00e3o Paulo engata quatro\u2026","rel":"","context":"Em &quot;futebol&quot;","block_context":{"text":"futebol","link":"https:\/\/blogdoprosperi.com\/?cat=53870"},"img":{"alt_text":"Flamengo voa","src":"https:\/\/i0.wp.com\/blogdoprosperi.com\/wp-content\/uploads\/2025\/02\/54329315982_77fe863e74_c.jpg?fit=799%2C534&ssl=1&resize=350%2C200","width":350,"height":200,"srcset":"https:\/\/i0.wp.com\/blogdoprosperi.com\/wp-content\/uploads\/2025\/02\/54329315982_77fe863e74_c.jpg?fit=799%2C534&ssl=1&resize=350%2C200 1x, https:\/\/i0.wp.com\/blogdoprosperi.com\/wp-content\/uploads\/2025\/02\/54329315982_77fe863e74_c.jpg?fit=799%2C534&ssl=1&resize=525%2C300 1.5x, https:\/\/i0.wp.com\/blogdoprosperi.com\/wp-content\/uploads\/2025\/02\/54329315982_77fe863e74_c.jpg?fit=799%2C534&ssl=1&resize=700%2C400 2x"},"classes":[]},{"id":27890,"url":"https:\/\/blogdoprosperi.com\/?p=27890","url_meta":{"origin":48344,"position":5},"title":"Sele\u00e7\u00e3o Brasileira encanta e restabelece sua pr\u00f3pria hierarquia","author":"Luiz Ant\u00f4nio Pr\u00f3speri","date":"6 de outubro de 2016","format":false,"excerpt":"\u00a0 Sele\u00e7\u00e3o Brasileira restabelece sua pr\u00f3pria hierarquia. Depois de muito tempo de ang\u00fastia, t\u00e9dio, tens\u00e3o e futebol crispado dos tempos de Dunga, voltou \u00e0 temperatura normal sob o comando de Tite. Trocou o jogo pesado por um mais leve, afeito \u00e0 troca de passes, dribles, jogo coletivo e, o melhor\u2026","rel":"","context":"Em &quot;futebol&quot;","block_context":{"text":"futebol","link":"https:\/\/blogdoprosperi.com\/?cat=53870"},"img":{"alt_text":"","src":"https:\/\/i0.wp.com\/blogdoprosperi.com\/wp-content\/uploads\/2016\/10\/b_560_292_16777215_00_images_stories_2016_jogos_brasil_bolivia_cbf.jpg?resize=350%2C200","width":350,"height":200},"classes":[]}],"jetpack_featured_media_url":"https:\/\/i0.wp.com\/blogdoprosperi.com\/wp-content\/uploads\/2025\/02\/neymar-santos-4-scaled-aspect-ratio-512-320.webp?fit=1920%2C1200&ssl=1","_links":{"self":[{"href":"https:\/\/blogdoprosperi.com\/index.php?rest_route=\/wp\/v2\/posts\/48344","targetHints":{"allow":["GET"]}}],"collection":[{"href":"https:\/\/blogdoprosperi.com\/index.php?rest_route=\/wp\/v2\/posts"}],"about":[{"href":"https:\/\/blogdoprosperi.com\/index.php?rest_route=\/wp\/v2\/types\/post"}],"author":[{"embeddable":true,"href":"https:\/\/blogdoprosperi.com\/index.php?rest_route=\/wp\/v2\/users\/102107496"}],"replies":[{"embeddable":true,"href":"https:\/\/blogdoprosperi.com\/index.php?rest_route=%2Fwp%2Fv2%2Fcomments&post=48344"}],"version-history":[{"count":21,"href":"https:\/\/blogdoprosperi.com\/index.php?rest_route=\/wp\/v2\/posts\/48344\/revisions"}],"predecessor-version":[{"id":48375,"href":"https:\/\/blogdoprosperi.com\/index.php?rest_route=\/wp\/v2\/posts\/48344\/revisions\/48375"}],"wp:featuredmedia":[{"embeddable":true,"href":"https:\/\/blogdoprosperi.com\/index.php?rest_route=\/wp\/v2\/media\/48364"}],"wp:attachment":[{"href":"https:\/\/blogdoprosperi.com\/index.php?rest_route=%2Fwp%2Fv2%2Fmedia&parent=48344"}],"wp:term":[{"taxonomy":"category","embeddable":true,"href":"https:\/\/blogdoprosperi.com\/index.php?rest_route=%2Fwp%2Fv2%2Fcategories&post=48344"},{"taxonomy":"post_tag","embeddable":true,"href":"https:\/\/blogdoprosperi.com\/index.php?rest_route=%2Fwp%2Fv2%2Ftags&post=48344"}],"curies":[{"name":"wp","href":"https:\/\/api.w.org\/{rel}","templated":true}]}}