{"id":48392,"date":"2025-02-26T20:15:59","date_gmt":"2025-02-26T23:15:59","guid":{"rendered":"https:\/\/blogdoprosperi.com\/?p=48392"},"modified":"2025-02-28T16:16:06","modified_gmt":"2025-02-28T19:16:06","slug":"vitor-roque-e-do-palmeiras-contratacao-mais-cara-do-futebol-brasileiro","status":"publish","type":"post","link":"https:\/\/blogdoprosperi.com\/?p=48392","title":{"rendered":"Vitor Roque \u00e9 do Palmeiras | Contrata\u00e7\u00e3o Mais Cara do Futebol Brasileiro"},"content":{"rendered":"<hr \/>\n<h5>Palmeiras paga R$ 154,5 milh\u00f5es por VR e supera a transfer\u00eancia do argentino Almada ao Botafogo por R$ 137,4 milh\u00f5es, em julho de 2024<\/h5>\n<h5>Vitor Roque pode ser inscrito ainda no Paulist\u00e3o 2025, caso o Palmeiras avance \u00e0s semifinais eliminando o S\u00e3o Bernardo, s\u00e1bado, no ABC paulista.<\/h5>\n<hr \/>\n<p><em>Luiz Antonio Pr\u00f3speri \u2013 26 fevereiro (16h35) \u2013<\/em><\/p>\n<p>Palmeiras contrata Vitor Roque por 25,5 milh\u00f5es de euros (R$ 154,5 milh\u00f5es na cota\u00e7\u00e3o de hoje) e mais 5 milh\u00f5es de euros por metas alcan\u00e7adas.Trata-se da negocia\u00e7\u00e3o mais cara da hist\u00f3ria do futebol brasileiro, superando a transfer\u00eancia do argentino Almada ao Botafogo por R$ 137,4 milh\u00f5es, em julho de 2024. Quest\u00e3o de honra da presidenta Leila Pereira, provocadora aos torcedores do clube e na berlinda a refor\u00e7ar o Palmeiras a todo custo.<\/p>\n<p><strong>O acordo entre Palmeiras e Barcelona foi fechado na manh\u00e3 de ter\u00e7a-feira (25\/2) t\u00e3o logo o clube espanhol recebeu aval jur\u00eddico da Fifa para concluir a transfer\u00eancia. Documento da Fifa chegou ao Bar\u00e7a nessa quarta-feira (26\/2). Por detalhes burocr\u00e1ticos e exig\u00eancias da LaLiga, Palmeiras protelava o an\u00fancio oficial da contrata\u00e7\u00e3o.<\/strong><\/p>\n<p>Contrato de Vitor Roque com Palmeiras ser\u00e1 de cinco anos. Jogador vai recebe<strong>r 2,5 milh\u00f5es de euros (R$ 15,5 milh\u00f5es) por temporada, informa jornal Sport, de Barcelona.<\/strong><\/p>\n<p>Vitor Roque deve desembarcar em S\u00e3o Paulo s\u00e1bado (01\/3), um dia ap\u00f3s fechamento da janela de transfer\u00eancias de jogadores no Brasil.<\/p>\n<p>Vitor Roque pode ser inscrito ainda no Paulist\u00e3o 2025, caso o Palmeiras avance \u00e0s semifinais eliminando o S\u00e3o Bernardo, s\u00e1bado, no ABC paulista.<\/p>\n<p>Palmeiras paga R$ 151,1 milh\u00f5es por 80% dos direitos econ\u00f4micos \u2013 Barcelona det\u00e9m os outros 20%.<\/p>\n<p>A milion\u00e1ria opera\u00e7\u00e3o Vitor Roque torna-se vi\u00e1vel a partir do momento em que o Palmeiras vende zagueiro Vitor Reis ao Manchester City por R$ 232 milh\u00f5es em janeiro 2025. Valor a ser agregado ao or\u00e7amento de pouco mais de R$ 1,2 bilh\u00e3o indicado no balan\u00e7o financeiro do clube paulista publicado nesta quarta-feira (26\/2).<\/p>\n<p>Na atual janela de transfer\u00eancias o Alviverde j\u00e1 investiu:<\/p>\n<p>R$ 115 milh\u00f5es no atacante Paulinho (ex-Atl\u00e9tico-MG).<\/p>\n<p>R$ 73 milh\u00f5es no uruguaio Facundo Torres (ex-Orlando City).<\/p>\n<p>R$ 24 milh\u00f5es no volante Lucas Evangelista (Bragantino).<\/p>\n<p>R$ 28,5 milh\u00f5es no zagueiro Micael (ex-Atl\u00e9tico-MG e Houston Dynamo, dos EUA).<\/p>\n<p>R$ 27,2 milh\u00f5es no volante uruguaio Emiliano Mart\u00ednez (Midtjylland, da Dinamarca).<\/p>\n<p>Mais o zagueiro Bruno Fuchs (empr\u00e9stimo do Atl\u00e9tico-MG).<\/p>\n<p>Vitor Roque, 19 anos (completa 20 na sexta-feira, dia 28\/2), volta ao futebol brasileiro menos de dois anos depois de sua venda do Athl\u00e9tico-PR ao Barcelona por cerca de 30 milh\u00f5es de euros (a adicionar mais 31 milh\u00f5es de euros com metas esportivas nunca alcan\u00e7adas), em 2023.<\/p>\n<p>&#8220;Tigrinho&#8221;, como Vitor \u00e9 chamado na m\u00eddia espanhola, tem <strong><a style=\"color: #0000ff\" href=\"https:\/\/blogdoprosperi.com\/2025\/02\/22\/cronicasabatica-endrick-vitor-dois-meninos-sem-rumo-na-europa\/\">in\u00edcio dif\u00edcil no Bar\u00e7a, ent\u00e3o dirigido por Xavi Hernandez, e perde espa\u00e7o com o t\u00e9cnico alem\u00e3o Hansi Flick.<\/a><\/strong><\/p>\n<p>Emprestado ao Real Betis, com validade at\u00e9 junho de 2025, VR come\u00e7a bem sua aventura no time andaluz, mas n\u00e3o convence o t\u00e9cnico chileno Manuel Pellegrini.<\/p>\n<p>Chegam Antony e Cucho Hernandez, refor\u00e7os do ataque do Betis, e Tigrinho passa a habitar o banco de reservas.<\/p>\n<p>\u00c0 procura de um camisa 9 h\u00e1 pelo menos tr\u00eas temporadas, Palmeiras resolve investir pesado em Vitor Roque. Leila bate o p\u00e9.<\/p>\n<p>Oferece os 25 milh\u00f5es de euros ao Bar\u00e7a. Clube espanhol aceita e passa a negociar com o Betis a libera\u00e7\u00e3o do jogador.<\/p>\n<p>Quando o Betis, enfim, aceita devolver VR ao Barcelona antes do encerramento do empr\u00e9stimo, a LaLiga, que rege o Campeonato Espanhol, veta a sa\u00edda do atacante alegando que a janela de transfer\u00eancias na Europa est\u00e1 fechada. LaLiga usa lei de prote\u00e7\u00e3o ao seu campeonato.<\/p>\n<p>Barcelona recorre \u00e0 Fifa e Uefa, entidades acima de LaLiga, e recebe das duas associa\u00e7\u00f5es o aval jur\u00eddico para concluir a negocia\u00e7\u00e3o com o Palmeiras passando por cima de LaLiga, <strong><a style=\"color: #0000ff\" href=\"https:\/\/www.sport.es\/es\/noticias\/barca\/fifa-da-razon-barca-venderia-114670423\">informa di\u00e1rio esportivo Sport.<\/a><\/strong><\/p>\n<p>Neg\u00f3cio fechado. Enfim, Palmeiras tem um camisa 9 para chamar de seu.<\/p>\n<p>Agora a conversa \u00e9 com Abel Ferreira.<\/p>\n<p>A expectativa do treinador \u00e9 de iniciar o Brasileir\u00e3o 2025, dia 29 de mar\u00e7o, com o ataque Estev\u00e3o, Vitor Roque e Paulinho. A conferir.<\/p>\n<p>Tem mais um detalhe: Leila Pereira. Ser\u00e1 que a presidenta est\u00e1 mais calma agora?<\/p>\n<p><img data-recalc-dims=\"1\" loading=\"lazy\" decoding=\"async\" data-attachment-id=\"48469\" data-permalink=\"https:\/\/blogdoprosperi.com\/?attachment_id=48469\" data-orig-file=\"https:\/\/i0.wp.com\/blogdoprosperi.com\/wp-content\/uploads\/2025\/02\/image.jpg?fit=615%2C770&amp;ssl=1\" data-orig-size=\"615,770\" data-comments-opened=\"1\" data-image-meta=\"{&quot;aperture&quot;:&quot;0&quot;,&quot;credit&quot;:&quot;&quot;,&quot;camera&quot;:&quot;&quot;,&quot;caption&quot;:&quot;&quot;,&quot;created_timestamp&quot;:&quot;0&quot;,&quot;copyright&quot;:&quot;&quot;,&quot;focal_length&quot;:&quot;0&quot;,&quot;iso&quot;:&quot;0&quot;,&quot;shutter_speed&quot;:&quot;0&quot;,&quot;title&quot;:&quot;&quot;,&quot;orientation&quot;:&quot;1&quot;}\" data-image-title=\"image\" data-image-description=\"\" data-image-caption=\"\" data-large-file=\"https:\/\/i0.wp.com\/blogdoprosperi.com\/wp-content\/uploads\/2025\/02\/image.jpg?fit=615%2C770&amp;ssl=1\" class=\"size-full wp-image-48469\" src=\"https:\/\/i0.wp.com\/blogdoprosperi.com\/wp-content\/uploads\/2025\/02\/image.jpg?resize=615%2C770&#038;ssl=1\" width=\"615\" height=\"770\" \/><\/p>\n","protected":false},"excerpt":{"rendered":"<p>Palmeiras paga R$ 154,5 milh\u00f5es por VR e supera a transfer\u00eancia do argentino Almada ao Botafogo por R$ [&hellip;]<\/p>\n","protected":false},"author":102107496,"featured_media":48481,"comment_status":"open","ping_status":"open","sticky":false,"template":"","format":"standard","meta":{"_coblocks_attr":"","_coblocks_dimensions":"","_coblocks_responsive_height":"","_coblocks_accordion_ie_support":"","_jetpack_newsletter_access":"","_jetpack_dont_email_post_to_subs":false,"_jetpack_newsletter_tier_id":0,"_jetpack_memberships_contains_paywalled_content":false,"_wpcom_ai_launchpad_first_post":false,"_jetpack_feature_clip_id":0,"_jetpack_memberships_contains_paid_content":false,"footnotes":"","jetpack_publicize_message":"","jetpack_publicize_feature_enabled":true,"jetpack_social_post_already_shared":false,"jetpack_social_options":{"image_generator_settings":{"template":"highway","default_image_id":0,"font":"","enabled":false},"version":2},"jetpack_post_was_ever_published":false},"categories":[53870,85628],"tags":[4200771,2001118,13949,342801,3151783,789560560,57784134,789560573,287104,4799649,583351,79943966,735373335],"class_list":["post-48392","post","type-post","status-publish","format-standard","has-post-thumbnail","hentry","category-futebol","category-mercado","tag-abel-ferreira","tag-almada","tag-barcelona","tag-botafogo","tag-estevao","tag-futebol","tag-leila-pereira","tag-luiz-antonio-prosperi","tag-palmeiras","tag-paulinho","tag-real-betis","tag-vitor-reis","tag-vitor-roque"],"yoast_head":"<!-- This site is optimized with the Yoast SEO plugin v28.3 - https:\/\/yoast.com\/product\/yoast-seo-wordpress\/ -->\n<title>Vitor Roque \u00e9 do Palmeiras | Contrata\u00e7\u00e3o Mais Cara do Futebol Brasileiro - PR\u00d3SPERI NEWS<\/title>\n<meta name=\"robots\" content=\"index, follow, max-snippet:-1, max-image-preview:large, max-video-preview:-1\" \/>\n<link rel=\"canonical\" href=\"https:\/\/blogdoprosperi.com\/?p=48392\" \/>\n<meta property=\"og:locale\" content=\"pt_BR\" \/>\n<meta property=\"og:type\" content=\"article\" \/>\n<meta property=\"og:title\" content=\"Vitor Roque \u00e9 do Palmeiras | Contrata\u00e7\u00e3o Mais Cara do Futebol Brasileiro - PR\u00d3SPERI NEWS\" \/>\n<meta property=\"og:description\" content=\"Palmeiras paga R$ 154,5 milh\u00f5es por VR e supera a transfer\u00eancia do argentino Almada ao Botafogo por R$ [&hellip;]\" \/>\n<meta property=\"og:url\" content=\"https:\/\/blogdoprosperi.com\/?p=48392\" \/>\n<meta property=\"og:site_name\" content=\"PR\u00d3SPERI NEWS\" \/>\n<meta property=\"article:publisher\" content=\"Luiz Pr\u00f3speri\" \/>\n<meta property=\"article:author\" content=\"Luiz Pr\u00f3speri\" \/>\n<meta property=\"article:published_time\" content=\"2025-02-26T23:15:59+00:00\" \/>\n<meta property=\"article:modified_time\" content=\"2025-02-28T19:16:06+00:00\" \/>\n<meta property=\"og:image\" content=\"https:\/\/i0.wp.com\/blogdoprosperi.com\/wp-content\/uploads\/2025\/02\/captura-de-tela-2025-02-28-as-16.13.48.png?fit=940%2C514&ssl=1\" \/>\n\t<meta property=\"og:image:width\" content=\"940\" \/>\n\t<meta property=\"og:image:height\" content=\"514\" \/>\n\t<meta property=\"og:image:type\" content=\"image\/png\" \/>\n<meta name=\"author\" content=\"Luiz Ant\u00f4nio Pr\u00f3speri\" \/>\n<meta name=\"twitter:card\" content=\"summary_large_image\" \/>\n<meta name=\"twitter:creator\" content=\"@Luizprosperi\" \/>\n<meta name=\"twitter:site\" content=\"@Luizprosperi\" \/>\n<meta name=\"twitter:label1\" content=\"Escrito por\" \/>\n\t<meta name=\"twitter:data1\" content=\"Luiz Ant\u00f4nio Pr\u00f3speri\" \/>\n\t<meta name=\"twitter:label2\" content=\"Est. tempo de leitura\" \/>\n\t<meta name=\"twitter:data2\" content=\"4 minutos\" \/>\n<script type=\"application\/ld+json\" class=\"yoast-schema-graph\">{\"@context\":\"https:\\\/\\\/schema.org\",\"@graph\":[{\"@type\":\"Article\",\"@id\":\"https:\\\/\\\/blogdoprosperi.com\\\/?p=48392#article\",\"isPartOf\":{\"@id\":\"https:\\\/\\\/blogdoprosperi.com\\\/?p=48392\"},\"author\":{\"name\":\"Luiz Ant\u00f4nio Pr\u00f3speri\",\"@id\":\"https:\\\/\\\/blogdoprosperi.com\\\/#\\\/schema\\\/person\\\/38100755ce3601861ee4fab9b5aa78e9\"},\"headline\":\"Vitor Roque \u00e9 do Palmeiras | Contrata\u00e7\u00e3o Mais Cara do Futebol Brasileiro\",\"datePublished\":\"2025-02-26T23:15:59+00:00\",\"dateModified\":\"2025-02-28T19:16:06+00:00\",\"mainEntityOfPage\":{\"@id\":\"https:\\\/\\\/blogdoprosperi.com\\\/?p=48392\"},\"wordCount\":732,\"commentCount\":0,\"publisher\":{\"@id\":\"https:\\\/\\\/blogdoprosperi.com\\\/#\\\/schema\\\/person\\\/38100755ce3601861ee4fab9b5aa78e9\"},\"image\":{\"@id\":\"https:\\\/\\\/blogdoprosperi.com\\\/?p=48392#primaryimage\"},\"thumbnailUrl\":\"https:\\\/\\\/i0.wp.com\\\/blogdoprosperi.com\\\/wp-content\\\/uploads\\\/2025\\\/02\\\/captura-de-tela-2025-02-28-as-16.13.48.png?fit=1746%2C954&ssl=1\",\"keywords\":[\"abel ferreira\",\"almada\",\"Barcelona\",\"Botafogo\",\"Estev\u00e3o\",\"futebol\",\"Leila Pereira\",\"Luiz Ant\u00f4nio Pr\u00f3speri\",\"Palmeiras\",\"Paulinho\",\"real betis\",\"vitor reis\",\"vitor roque\"],\"articleSection\":[\"futebol\",\"mercado\"],\"inLanguage\":\"pt-BR\",\"potentialAction\":[{\"@type\":\"CommentAction\",\"name\":\"Comment\",\"target\":[\"https:\\\/\\\/blogdoprosperi.com\\\/?p=48392#respond\"]}]},{\"@type\":\"WebPage\",\"@id\":\"https:\\\/\\\/blogdoprosperi.com\\\/?p=48392\",\"url\":\"https:\\\/\\\/blogdoprosperi.com\\\/?p=48392\",\"name\":\"Vitor Roque \u00e9 do Palmeiras | Contrata\u00e7\u00e3o Mais Cara do Futebol Brasileiro - PR\u00d3SPERI NEWS\",\"isPartOf\":{\"@id\":\"https:\\\/\\\/blogdoprosperi.com\\\/#website\"},\"primaryImageOfPage\":{\"@id\":\"https:\\\/\\\/blogdoprosperi.com\\\/?p=48392#primaryimage\"},\"image\":{\"@id\":\"https:\\\/\\\/blogdoprosperi.com\\\/?p=48392#primaryimage\"},\"thumbnailUrl\":\"https:\\\/\\\/i0.wp.com\\\/blogdoprosperi.com\\\/wp-content\\\/uploads\\\/2025\\\/02\\\/captura-de-tela-2025-02-28-as-16.13.48.png?fit=1746%2C954&ssl=1\",\"datePublished\":\"2025-02-26T23:15:59+00:00\",\"dateModified\":\"2025-02-28T19:16:06+00:00\",\"breadcrumb\":{\"@id\":\"https:\\\/\\\/blogdoprosperi.com\\\/?p=48392#breadcrumb\"},\"inLanguage\":\"pt-BR\",\"potentialAction\":[{\"@type\":\"ReadAction\",\"target\":[\"https:\\\/\\\/blogdoprosperi.com\\\/?p=48392\"]}]},{\"@type\":\"ImageObject\",\"inLanguage\":\"pt-BR\",\"@id\":\"https:\\\/\\\/blogdoprosperi.com\\\/?p=48392#primaryimage\",\"url\":\"https:\\\/\\\/i0.wp.com\\\/blogdoprosperi.com\\\/wp-content\\\/uploads\\\/2025\\\/02\\\/captura-de-tela-2025-02-28-as-16.13.48.png?fit=1746%2C954&ssl=1\",\"contentUrl\":\"https:\\\/\\\/i0.wp.com\\\/blogdoprosperi.com\\\/wp-content\\\/uploads\\\/2025\\\/02\\\/captura-de-tela-2025-02-28-as-16.13.48.png?fit=1746%2C954&ssl=1\",\"width\":1746,\"height\":954,\"caption\":\"Vitor Roque no Palmeiras \u2013 foto: Palmeiras oficial\"},{\"@type\":\"BreadcrumbList\",\"@id\":\"https:\\\/\\\/blogdoprosperi.com\\\/?p=48392#breadcrumb\",\"itemListElement\":[{\"@type\":\"ListItem\",\"position\":1,\"name\":\"In\u00edcio\",\"item\":\"https:\\\/\\\/blogdoprosperi.com\\\/\"},{\"@type\":\"ListItem\",\"position\":2,\"name\":\"Vitor Roque \u00e9 do Palmeiras | Contrata\u00e7\u00e3o Mais Cara do Futebol Brasileiro\"}]},{\"@type\":\"WebSite\",\"@id\":\"https:\\\/\\\/blogdoprosperi.com\\\/#website\",\"url\":\"https:\\\/\\\/blogdoprosperi.com\\\/\",\"name\":\"PR\u00d3SPERI NEWS\",\"description\":\"TUDO \u00c9  FUTEBOL\",\"publisher\":{\"@id\":\"https:\\\/\\\/blogdoprosperi.com\\\/#\\\/schema\\\/person\\\/38100755ce3601861ee4fab9b5aa78e9\"},\"alternateName\":\"blogdoprosperi.com\",\"potentialAction\":[{\"@type\":\"SearchAction\",\"target\":{\"@type\":\"EntryPoint\",\"urlTemplate\":\"https:\\\/\\\/blogdoprosperi.com\\\/?s={search_term_string}\"},\"query-input\":{\"@type\":\"PropertyValueSpecification\",\"valueRequired\":true,\"valueName\":\"search_term_string\"}}],\"inLanguage\":\"pt-BR\"},{\"@type\":[\"Person\",\"Organization\"],\"@id\":\"https:\\\/\\\/blogdoprosperi.com\\\/#\\\/schema\\\/person\\\/38100755ce3601861ee4fab9b5aa78e9\",\"name\":\"Luiz Ant\u00f4nio Pr\u00f3speri\",\"pronouns\":\"ele\",\"image\":{\"@type\":\"ImageObject\",\"inLanguage\":\"pt-BR\",\"@id\":\"https:\\\/\\\/i0.wp.com\\\/blogdoprosperi.com\\\/wp-content\\\/uploads\\\/2026\\\/05\\\/cropped-8059e613-6002-42fa-961e-8e275f575d71-2-5.jpg?fit=1360%2C931&ssl=1\",\"url\":\"https:\\\/\\\/i0.wp.com\\\/blogdoprosperi.com\\\/wp-content\\\/uploads\\\/2026\\\/05\\\/cropped-8059e613-6002-42fa-961e-8e275f575d71-2-5.jpg?fit=1360%2C931&ssl=1\",\"contentUrl\":\"https:\\\/\\\/i0.wp.com\\\/blogdoprosperi.com\\\/wp-content\\\/uploads\\\/2026\\\/05\\\/cropped-8059e613-6002-42fa-961e-8e275f575d71-2-5.jpg?fit=1360%2C931&ssl=1\",\"width\":1360,\"height\":931,\"caption\":\"Luiz Ant\u00f4nio Pr\u00f3speri\"},\"logo\":{\"@id\":\"https:\\\/\\\/i0.wp.com\\\/blogdoprosperi.com\\\/wp-content\\\/uploads\\\/2026\\\/05\\\/cropped-8059e613-6002-42fa-961e-8e275f575d71-2-5.jpg?fit=1360%2C931&ssl=1\"},\"description\":\"Jornalista com carreira dedicada ao esporte. Cobriu 9 Copas do Mundo in loco, 1990 na It\u00e1lia, 1994 nos EUA, 1998 na Fran\u00e7a, 2002 na Coreia do Sul e Jap\u00e3o, 2006 na Alemanha, 2010 na \u00c1frica do Sul, 2014 no Brasil, 2018 na R\u00fassia e 2022 no Qatar. Eurocopas, 1992 na Su\u00e9cia e 1996 na Inglaterra. Copa das Confedera\u00e7\u00f5es de 2005 na Alemanha e 2009 na \u00c1frica do Sul. Rep\u00f3rter e Editor, trabalhou no Jornal da Tarde e Estad\u00e3o, de 1984 a fevereiro de 2016. Colunista, blogueiro. E comentarista de futebol na R\u00e1dio Estad\u00e3o, de 2013 a fevereiro de 2016. Jornalista respons\u00e1vel do \\\"Pr\u00f3speri News\\\" (blogdoprosperi.com).\",\"sameAs\":[\"http:\\\/\\\/blogdoprosperi.com\",\"Luiz Pr\u00f3speri\",\"@luiz_prosperi\",\"https:\\\/\\\/x.com\\\/Luizprosperi\",\"@prosperinacopa\",\"luiz.prosperi@icloud.com\"],\"url\":\"https:\\\/\\\/blogdoprosperi.com\\\/?author=102107496\"}]}<\/script>\n<!-- \/ Yoast SEO plugin. -->","yoast_head_json":{"title":"Vitor Roque \u00e9 do Palmeiras | Contrata\u00e7\u00e3o Mais Cara do Futebol Brasileiro - PR\u00d3SPERI NEWS","robots":{"index":"index","follow":"follow","max-snippet":"max-snippet:-1","max-image-preview":"max-image-preview:large","max-video-preview":"max-video-preview:-1"},"canonical":"https:\/\/blogdoprosperi.com\/?p=48392","og_locale":"pt_BR","og_type":"article","og_title":"Vitor Roque \u00e9 do Palmeiras | Contrata\u00e7\u00e3o Mais Cara do Futebol Brasileiro - PR\u00d3SPERI NEWS","og_description":"Palmeiras paga R$ 154,5 milh\u00f5es por VR e supera a transfer\u00eancia do argentino Almada ao Botafogo por R$ [&hellip;]","og_url":"https:\/\/blogdoprosperi.com\/?p=48392","og_site_name":"PR\u00d3SPERI NEWS","article_publisher":"Luiz Pr\u00f3speri","article_author":"Luiz Pr\u00f3speri","article_published_time":"2025-02-26T23:15:59+00:00","article_modified_time":"2025-02-28T19:16:06+00:00","og_image":[{"url":"https:\/\/i0.wp.com\/blogdoprosperi.com\/wp-content\/uploads\/2025\/02\/captura-de-tela-2025-02-28-as-16.13.48.png?fit=940%2C514&ssl=1","width":940,"height":514,"type":"image\/png"}],"author":"Luiz Ant\u00f4nio Pr\u00f3speri","twitter_card":"summary_large_image","twitter_creator":"@Luizprosperi","twitter_site":"@Luizprosperi","twitter_misc":{"Escrito por":"Luiz Ant\u00f4nio Pr\u00f3speri","Est. tempo de leitura":"4 minutos"},"schema":{"@context":"https:\/\/schema.org","@graph":[{"@type":"Article","@id":"https:\/\/blogdoprosperi.com\/?p=48392#article","isPartOf":{"@id":"https:\/\/blogdoprosperi.com\/?p=48392"},"author":{"name":"Luiz Ant\u00f4nio Pr\u00f3speri","@id":"https:\/\/blogdoprosperi.com\/#\/schema\/person\/38100755ce3601861ee4fab9b5aa78e9"},"headline":"Vitor Roque \u00e9 do Palmeiras | Contrata\u00e7\u00e3o Mais Cara do Futebol Brasileiro","datePublished":"2025-02-26T23:15:59+00:00","dateModified":"2025-02-28T19:16:06+00:00","mainEntityOfPage":{"@id":"https:\/\/blogdoprosperi.com\/?p=48392"},"wordCount":732,"commentCount":0,"publisher":{"@id":"https:\/\/blogdoprosperi.com\/#\/schema\/person\/38100755ce3601861ee4fab9b5aa78e9"},"image":{"@id":"https:\/\/blogdoprosperi.com\/?p=48392#primaryimage"},"thumbnailUrl":"https:\/\/i0.wp.com\/blogdoprosperi.com\/wp-content\/uploads\/2025\/02\/captura-de-tela-2025-02-28-as-16.13.48.png?fit=1746%2C954&ssl=1","keywords":["abel ferreira","almada","Barcelona","Botafogo","Estev\u00e3o","futebol","Leila Pereira","Luiz Ant\u00f4nio Pr\u00f3speri","Palmeiras","Paulinho","real betis","vitor reis","vitor roque"],"articleSection":["futebol","mercado"],"inLanguage":"pt-BR","potentialAction":[{"@type":"CommentAction","name":"Comment","target":["https:\/\/blogdoprosperi.com\/?p=48392#respond"]}]},{"@type":"WebPage","@id":"https:\/\/blogdoprosperi.com\/?p=48392","url":"https:\/\/blogdoprosperi.com\/?p=48392","name":"Vitor Roque \u00e9 do Palmeiras | Contrata\u00e7\u00e3o Mais Cara do Futebol Brasileiro - PR\u00d3SPERI NEWS","isPartOf":{"@id":"https:\/\/blogdoprosperi.com\/#website"},"primaryImageOfPage":{"@id":"https:\/\/blogdoprosperi.com\/?p=48392#primaryimage"},"image":{"@id":"https:\/\/blogdoprosperi.com\/?p=48392#primaryimage"},"thumbnailUrl":"https:\/\/i0.wp.com\/blogdoprosperi.com\/wp-content\/uploads\/2025\/02\/captura-de-tela-2025-02-28-as-16.13.48.png?fit=1746%2C954&ssl=1","datePublished":"2025-02-26T23:15:59+00:00","dateModified":"2025-02-28T19:16:06+00:00","breadcrumb":{"@id":"https:\/\/blogdoprosperi.com\/?p=48392#breadcrumb"},"inLanguage":"pt-BR","potentialAction":[{"@type":"ReadAction","target":["https:\/\/blogdoprosperi.com\/?p=48392"]}]},{"@type":"ImageObject","inLanguage":"pt-BR","@id":"https:\/\/blogdoprosperi.com\/?p=48392#primaryimage","url":"https:\/\/i0.wp.com\/blogdoprosperi.com\/wp-content\/uploads\/2025\/02\/captura-de-tela-2025-02-28-as-16.13.48.png?fit=1746%2C954&ssl=1","contentUrl":"https:\/\/i0.wp.com\/blogdoprosperi.com\/wp-content\/uploads\/2025\/02\/captura-de-tela-2025-02-28-as-16.13.48.png?fit=1746%2C954&ssl=1","width":1746,"height":954,"caption":"Vitor Roque no Palmeiras \u2013 foto: Palmeiras oficial"},{"@type":"BreadcrumbList","@id":"https:\/\/blogdoprosperi.com\/?p=48392#breadcrumb","itemListElement":[{"@type":"ListItem","position":1,"name":"In\u00edcio","item":"https:\/\/blogdoprosperi.com\/"},{"@type":"ListItem","position":2,"name":"Vitor Roque \u00e9 do Palmeiras | Contrata\u00e7\u00e3o Mais Cara do Futebol Brasileiro"}]},{"@type":"WebSite","@id":"https:\/\/blogdoprosperi.com\/#website","url":"https:\/\/blogdoprosperi.com\/","name":"PR\u00d3SPERI NEWS","description":"TUDO \u00c9  FUTEBOL","publisher":{"@id":"https:\/\/blogdoprosperi.com\/#\/schema\/person\/38100755ce3601861ee4fab9b5aa78e9"},"alternateName":"blogdoprosperi.com","potentialAction":[{"@type":"SearchAction","target":{"@type":"EntryPoint","urlTemplate":"https:\/\/blogdoprosperi.com\/?s={search_term_string}"},"query-input":{"@type":"PropertyValueSpecification","valueRequired":true,"valueName":"search_term_string"}}],"inLanguage":"pt-BR"},{"@type":["Person","Organization"],"@id":"https:\/\/blogdoprosperi.com\/#\/schema\/person\/38100755ce3601861ee4fab9b5aa78e9","name":"Luiz Ant\u00f4nio Pr\u00f3speri","pronouns":"ele","image":{"@type":"ImageObject","inLanguage":"pt-BR","@id":"https:\/\/i0.wp.com\/blogdoprosperi.com\/wp-content\/uploads\/2026\/05\/cropped-8059e613-6002-42fa-961e-8e275f575d71-2-5.jpg?fit=1360%2C931&ssl=1","url":"https:\/\/i0.wp.com\/blogdoprosperi.com\/wp-content\/uploads\/2026\/05\/cropped-8059e613-6002-42fa-961e-8e275f575d71-2-5.jpg?fit=1360%2C931&ssl=1","contentUrl":"https:\/\/i0.wp.com\/blogdoprosperi.com\/wp-content\/uploads\/2026\/05\/cropped-8059e613-6002-42fa-961e-8e275f575d71-2-5.jpg?fit=1360%2C931&ssl=1","width":1360,"height":931,"caption":"Luiz Ant\u00f4nio Pr\u00f3speri"},"logo":{"@id":"https:\/\/i0.wp.com\/blogdoprosperi.com\/wp-content\/uploads\/2026\/05\/cropped-8059e613-6002-42fa-961e-8e275f575d71-2-5.jpg?fit=1360%2C931&ssl=1"},"description":"Jornalista com carreira dedicada ao esporte. Cobriu 9 Copas do Mundo in loco, 1990 na It\u00e1lia, 1994 nos EUA, 1998 na Fran\u00e7a, 2002 na Coreia do Sul e Jap\u00e3o, 2006 na Alemanha, 2010 na \u00c1frica do Sul, 2014 no Brasil, 2018 na R\u00fassia e 2022 no Qatar. Eurocopas, 1992 na Su\u00e9cia e 1996 na Inglaterra. Copa das Confedera\u00e7\u00f5es de 2005 na Alemanha e 2009 na \u00c1frica do Sul. Rep\u00f3rter e Editor, trabalhou no Jornal da Tarde e Estad\u00e3o, de 1984 a fevereiro de 2016. Colunista, blogueiro. E comentarista de futebol na R\u00e1dio Estad\u00e3o, de 2013 a fevereiro de 2016. Jornalista respons\u00e1vel do \"Pr\u00f3speri News\" (blogdoprosperi.com).","sameAs":["http:\/\/blogdoprosperi.com","Luiz Pr\u00f3speri","@luiz_prosperi","https:\/\/x.com\/Luizprosperi","@prosperinacopa","luiz.prosperi@icloud.com"],"url":"https:\/\/blogdoprosperi.com\/?author=102107496"}]}},"jetpack_publicize_connections":[],"jetpack_likes_enabled":false,"jetpack_sharing_enabled":true,"jetpack_shortlink":"https:\/\/wp.me\/p7jvdk-cAw","jetpack-related-posts":[{"id":48241,"url":"https:\/\/blogdoprosperi.com\/?p=48241","url_meta":{"origin":48392,"position":0},"title":"#Cr\u00f4nicaSab\u00e1tica #14 | Endrick &amp; Vitor, Dois Meninos Sem Rumo na Europa","author":"Luiz Ant\u00f4nio Pr\u00f3speri","date":"22 de fevereiro de 2025","format":false,"excerpt":"Luiz Ant\u00f4nio Pr\u00f3speri \u2013 22 fevereiro (09h45) \u2013 Endrick e Vitor Roque viviam a certeza de jogar na Europa ao completarem a maioridade. Vitor, um ano mais velho, chega em 2023 no Barcelona. Endrick, um ano depois, desembarca no Real Madrid. Seriam astros precoces nos lend\u00e1rios clubes espanh\u00f3is. Um desafiando\u2026","rel":"","context":"Em &quot;futebol&quot;","block_context":{"text":"futebol","link":"https:\/\/blogdoprosperi.com\/?cat=53870"},"img":{"alt_text":"Endrick e Vitor Roque, sem rumo na Europa","src":"https:\/\/i0.wp.com\/blogdoprosperi.com\/wp-content\/uploads\/2025\/02\/captura-de-tela-2025-02-21-as-16.54.45.png?fit=1174%2C642&ssl=1&resize=350%2C200","width":350,"height":200,"srcset":"https:\/\/i0.wp.com\/blogdoprosperi.com\/wp-content\/uploads\/2025\/02\/captura-de-tela-2025-02-21-as-16.54.45.png?fit=1174%2C642&ssl=1&resize=350%2C200 1x, https:\/\/i0.wp.com\/blogdoprosperi.com\/wp-content\/uploads\/2025\/02\/captura-de-tela-2025-02-21-as-16.54.45.png?fit=1174%2C642&ssl=1&resize=525%2C300 1.5x, https:\/\/i0.wp.com\/blogdoprosperi.com\/wp-content\/uploads\/2025\/02\/captura-de-tela-2025-02-21-as-16.54.45.png?fit=1174%2C642&ssl=1&resize=700%2C400 2x, https:\/\/i0.wp.com\/blogdoprosperi.com\/wp-content\/uploads\/2025\/02\/captura-de-tela-2025-02-21-as-16.54.45.png?fit=1174%2C642&ssl=1&resize=1050%2C600 3x"},"classes":[]},{"id":53422,"url":"https:\/\/blogdoprosperi.com\/?p=53422","url_meta":{"origin":48392,"position":1},"title":"Palmeiras | Entenda a Quarta Remontada de Abel Ferreira em 2025","author":"Luiz Ant\u00f4nio Pr\u00f3speri","date":"15 de julho de 2025","format":false,"excerpt":"Luiz Ant\u00f4nio Pr\u00f3speri \u2013 15 julho (12h21) \u2013 Ram\u00f3n Sosa, 25 anos, contratado a R$ 80 milh\u00f5es do Nottingham Forest, chega para preencher uma vaga no ataque do Palmeiras. Apresentado segunda-feira (14\/7), o paraguaio seria o substituto de Estev\u00e3o, hoje no Chelsea. N\u00e3o \u00e9 bem assim. Sosa vai entrar no\u2026","rel":"","context":"Em &quot;brasileir\u00e3o 2025&quot;","block_context":{"text":"brasileir\u00e3o 2025","link":"https:\/\/blogdoprosperi.com\/?cat=775970846"},"img":{"alt_text":"Ram\u00f3n Sosa, novo refor\u00e7o do Palmeiras","src":"https:\/\/i0.wp.com\/blogdoprosperi.com\/wp-content\/uploads\/2025\/07\/54653699472_b35428751b_c.jpg?fit=800%2C450&ssl=1&resize=350%2C200","width":350,"height":200,"srcset":"https:\/\/i0.wp.com\/blogdoprosperi.com\/wp-content\/uploads\/2025\/07\/54653699472_b35428751b_c.jpg?fit=800%2C450&ssl=1&resize=350%2C200 1x, https:\/\/i0.wp.com\/blogdoprosperi.com\/wp-content\/uploads\/2025\/07\/54653699472_b35428751b_c.jpg?fit=800%2C450&ssl=1&resize=525%2C300 1.5x, https:\/\/i0.wp.com\/blogdoprosperi.com\/wp-content\/uploads\/2025\/07\/54653699472_b35428751b_c.jpg?fit=800%2C450&ssl=1&resize=700%2C400 2x"},"classes":[]},{"id":44904,"url":"https:\/\/blogdoprosperi.com\/?p=44904","url_meta":{"origin":48392,"position":2},"title":"Janela de Transfer\u00eancias: Brasil Movimenta R$ 1 bilh\u00e3o na Contrata\u00e7\u00e3o de Jogadores, Botafogo \u00e9 o Maior Gastador","author":"Luiz Ant\u00f4nio Pr\u00f3speri","date":"3 de setembro de 2024","format":false,"excerpt":"Luiz Ant\u00f4nio Pr\u00f3speri \u2013 3 setembro (atualizado 19h40) Janela de transfer\u00eancias de jogadores no Brasil fechou \u00e0 meia-noite de segunda-feira (02\/9). Os 20 clubes da S\u00e9rie A do Brasileir\u00e3o-2024 movimentaram pouco mais de R$ 1,02 bilh\u00e3o na contrata\u00e7\u00e3o de 102 refor\u00e7os. As cinco principais ligas (Inglaterra, Alemanha, Espanha, It\u00e1lia e\u2026","rel":"","context":"Em &quot;futebol&quot;","block_context":{"text":"futebol","link":"https:\/\/blogdoprosperi.com\/?cat=53870"},"img":{"alt_text":"Botafogo lidera janela de transfer\u00eancia Brasileir\u00e3o","src":"https:\/\/i0.wp.com\/blogdoprosperi.com\/wp-content\/uploads\/2024\/08\/53939474383_d4131fa0d5_k.jpg?fit=1200%2C800&ssl=1&resize=350%2C200","width":350,"height":200,"srcset":"https:\/\/i0.wp.com\/blogdoprosperi.com\/wp-content\/uploads\/2024\/08\/53939474383_d4131fa0d5_k.jpg?fit=1200%2C800&ssl=1&resize=350%2C200 1x, https:\/\/i0.wp.com\/blogdoprosperi.com\/wp-content\/uploads\/2024\/08\/53939474383_d4131fa0d5_k.jpg?fit=1200%2C800&ssl=1&resize=525%2C300 1.5x, https:\/\/i0.wp.com\/blogdoprosperi.com\/wp-content\/uploads\/2024\/08\/53939474383_d4131fa0d5_k.jpg?fit=1200%2C800&ssl=1&resize=700%2C400 2x, https:\/\/i0.wp.com\/blogdoprosperi.com\/wp-content\/uploads\/2024\/08\/53939474383_d4131fa0d5_k.jpg?fit=1200%2C800&ssl=1&resize=1050%2C600 3x"},"classes":[]},{"id":57823,"url":"https:\/\/blogdoprosperi.com\/?p=57823","url_meta":{"origin":48392,"position":3},"title":"Palmeiras | Dupla Vitor Roque e Paulinho fica para depois da Copa","author":"Luiz Ant\u00f4nio Pr\u00f3speri","date":"24 de abril de 2026","format":false,"excerpt":"Luiz Ant\u00f4nio Pr\u00f3speri \u2013 24 abril 2026 (18h41) \u2013 Vitor Roque vai passar por cirurgia no tornozelo esquerdo, avariado ap\u00f3s levar duro golpe no jogo do Palmeiras contra o Jacuipense, quinta-feira (23\/4). Se constatou uma les\u00e3o da sindesmose (ligamentos que sustentam t\u00edbia e f\u00edbula no tornozelo) do jogador. Especialistas argumentam\u2026","rel":"","context":"Em &quot;copa 2026&quot;","block_context":{"text":"copa 2026","link":"https:\/\/blogdoprosperi.com\/?cat=36820279"},"img":{"alt_text":"Dupla Paulino-Vitor Roque no Palmeiras","src":"https:\/\/i0.wp.com\/blogdoprosperi.com\/wp-content\/uploads\/2026\/04\/captura-de-tela-2026-04-24-as-19.02.09.png?fit=1200%2C857&ssl=1&resize=350%2C200","width":350,"height":200,"srcset":"https:\/\/i0.wp.com\/blogdoprosperi.com\/wp-content\/uploads\/2026\/04\/captura-de-tela-2026-04-24-as-19.02.09.png?fit=1200%2C857&ssl=1&resize=350%2C200 1x, https:\/\/i0.wp.com\/blogdoprosperi.com\/wp-content\/uploads\/2026\/04\/captura-de-tela-2026-04-24-as-19.02.09.png?fit=1200%2C857&ssl=1&resize=525%2C300 1.5x, https:\/\/i0.wp.com\/blogdoprosperi.com\/wp-content\/uploads\/2026\/04\/captura-de-tela-2026-04-24-as-19.02.09.png?fit=1200%2C857&ssl=1&resize=700%2C400 2x, https:\/\/i0.wp.com\/blogdoprosperi.com\/wp-content\/uploads\/2026\/04\/captura-de-tela-2026-04-24-as-19.02.09.png?fit=1200%2C857&ssl=1&resize=1050%2C600 3x"},"classes":[]},{"id":56124,"url":"https:\/\/blogdoprosperi.com\/?p=56124","url_meta":{"origin":48392,"position":4},"title":"Palmeiras N\u00e3o Est\u00e1 Quebrado | Arias Vem A\u00ed","author":"Luiz Ant\u00f4nio Pr\u00f3speri","date":"4 de fevereiro de 2026","format":false,"excerpt":"Luiz Ant\u00f4nio Pr\u00f3speri \u2013 4 fevereiro 2026 (17h30) \u2013 Palmeiras n\u00e3o est\u00e1 quebrado. Tem equil\u00edbrio financeiro e receita estimada em R$ 1,6 bilh\u00e3o, no exerc\u00edcio de 2025, segundo balan\u00e7o oficial do clube publicado ter\u00e7a-feira (03\/2). Tanto \u00e9 que, sem delongas, vai investir cerca de R$ 154 milh\u00f5es (25 milh\u00f5es de\u2026","rel":"","context":"Em &quot;futebol&quot;","block_context":{"text":"futebol","link":"https:\/\/blogdoprosperi.com\/?cat=53870"},"img":{"alt_text":"Fluminense 2 a 0 Inter Mil\u00e3o Mundial de Clubes","src":"https:\/\/i0.wp.com\/blogdoprosperi.com\/wp-content\/uploads\/2025\/06\/54625024979_4f3b994951_c.jpg?fit=799%2C533&ssl=1&resize=350%2C200","width":350,"height":200,"srcset":"https:\/\/i0.wp.com\/blogdoprosperi.com\/wp-content\/uploads\/2025\/06\/54625024979_4f3b994951_c.jpg?fit=799%2C533&ssl=1&resize=350%2C200 1x, https:\/\/i0.wp.com\/blogdoprosperi.com\/wp-content\/uploads\/2025\/06\/54625024979_4f3b994951_c.jpg?fit=799%2C533&ssl=1&resize=525%2C300 1.5x, https:\/\/i0.wp.com\/blogdoprosperi.com\/wp-content\/uploads\/2025\/06\/54625024979_4f3b994951_c.jpg?fit=799%2C533&ssl=1&resize=700%2C400 2x"},"classes":[]},{"id":53802,"url":"https:\/\/blogdoprosperi.com\/?p=53802","url_meta":{"origin":48392,"position":5},"title":"Vitor Roque | Ningu\u00e9m Se Importa Quando Ele Coloca a M\u00e1scara","author":"Luiz Ant\u00f4nio Pr\u00f3speri","date":"23 de julho de 2025","format":false,"excerpt":"Luiz Ant\u00f4nio Pr\u00f3speri \u2013 23 julho 2025 (13h41) \u2013 Estou sentado na cadeira 26, fila V, setor leste 123, do Allianz Parque. Domingo (20\/7), 17h. Dali a 30 minutos, ter\u00edamos Palmeiras x Atl\u00e9tico-MG, 15.\u00aa rodada do Brasileir\u00e3o 2025. Nas cadeiras ao meu lado, muitos senhores de cabelos brancos, poucos pais\u2026","rel":"","context":"Em &quot;brasileir\u00e3o 2025&quot;","block_context":{"text":"brasileir\u00e3o 2025","link":"https:\/\/blogdoprosperi.com\/?cat=775970846"},"img":{"alt_text":"Vitor Roque avassalador no Palmeiras","src":"https:\/\/i0.wp.com\/blogdoprosperi.com\/wp-content\/uploads\/2025\/07\/captura-de-tela-2025-07-23-as-12.06.43.png?fit=916%2C804&ssl=1&resize=350%2C200","width":350,"height":200,"srcset":"https:\/\/i0.wp.com\/blogdoprosperi.com\/wp-content\/uploads\/2025\/07\/captura-de-tela-2025-07-23-as-12.06.43.png?fit=916%2C804&ssl=1&resize=350%2C200 1x, https:\/\/i0.wp.com\/blogdoprosperi.com\/wp-content\/uploads\/2025\/07\/captura-de-tela-2025-07-23-as-12.06.43.png?fit=916%2C804&ssl=1&resize=525%2C300 1.5x, https:\/\/i0.wp.com\/blogdoprosperi.com\/wp-content\/uploads\/2025\/07\/captura-de-tela-2025-07-23-as-12.06.43.png?fit=916%2C804&ssl=1&resize=700%2C400 2x"},"classes":[]}],"jetpack_featured_media_url":"https:\/\/i0.wp.com\/blogdoprosperi.com\/wp-content\/uploads\/2025\/02\/captura-de-tela-2025-02-28-as-16.13.48.png?fit=1746%2C954&ssl=1","_links":{"self":[{"href":"https:\/\/blogdoprosperi.com\/index.php?rest_route=\/wp\/v2\/posts\/48392","targetHints":{"allow":["GET"]}}],"collection":[{"href":"https:\/\/blogdoprosperi.com\/index.php?rest_route=\/wp\/v2\/posts"}],"about":[{"href":"https:\/\/blogdoprosperi.com\/index.php?rest_route=\/wp\/v2\/types\/post"}],"author":[{"embeddable":true,"href":"https:\/\/blogdoprosperi.com\/index.php?rest_route=\/wp\/v2\/users\/102107496"}],"replies":[{"embeddable":true,"href":"https:\/\/blogdoprosperi.com\/index.php?rest_route=%2Fwp%2Fv2%2Fcomments&post=48392"}],"version-history":[{"count":25,"href":"https:\/\/blogdoprosperi.com\/index.php?rest_route=\/wp\/v2\/posts\/48392\/revisions"}],"predecessor-version":[{"id":48483,"href":"https:\/\/blogdoprosperi.com\/index.php?rest_route=\/wp\/v2\/posts\/48392\/revisions\/48483"}],"wp:featuredmedia":[{"embeddable":true,"href":"https:\/\/blogdoprosperi.com\/index.php?rest_route=\/wp\/v2\/media\/48481"}],"wp:attachment":[{"href":"https:\/\/blogdoprosperi.com\/index.php?rest_route=%2Fwp%2Fv2%2Fmedia&parent=48392"}],"wp:term":[{"taxonomy":"category","embeddable":true,"href":"https:\/\/blogdoprosperi.com\/index.php?rest_route=%2Fwp%2Fv2%2Fcategories&post=48392"},{"taxonomy":"post_tag","embeddable":true,"href":"https:\/\/blogdoprosperi.com\/index.php?rest_route=%2Fwp%2Fv2%2Ftags&post=48392"}],"curies":[{"name":"wp","href":"https:\/\/api.w.org\/{rel}","templated":true}]}}