{"id":48496,"date":"2025-03-01T00:01:10","date_gmt":"2025-03-01T03:01:10","guid":{"rendered":"https:\/\/blogdoprosperi.com\/?p=48496"},"modified":"2025-03-01T13:06:11","modified_gmt":"2025-03-01T16:06:11","slug":"cronicasabatica-15-futebol-desafia-futebol-e-cade-os-boleiros","status":"publish","type":"post","link":"https:\/\/blogdoprosperi.com\/?p=48496","title":{"rendered":"#Cr\u00f4nicaSab\u00e1tica #15 | Futebol Desafia Carnaval e Cad\u00ea os Boleiros?"},"content":{"rendered":"<p><em>Luiz Ant\u00f4nio Pr\u00f3speri \u2013 1 fevereiro (00h05) \u2013<\/em><\/p>\n<p>Brasil \u00e9 carnaval. Pessoas pulam, cantam, bebem e se amam, por paix\u00e3o ou prazer. O futebol deveria parar nos quatro dias sob o reino de Momo. Que nada. \u00c9 preciso girar a roda da grana. Ent\u00e3o teremos jogos no s\u00e1bado, domingo e segunda-feira de Carnaval nos famigerados campeonatos estaduais. E voltamos passar na testa as Cinzas da Quarta-Feira com a bola rolando. \u00c9 de doer na alma do foli\u00e3o, \u00e9 de exasperar os torcedores.<\/p>\n<p>Engra\u00e7ado nessa hist\u00f3ria \u00e9 que tempos atr\u00e1s boleiros reclamavam, desobedeciam as ordens e curtiam os samb\u00f3dromos, avenidas, passarelas e inferninhos. Um nem a\u00ed com o time, clube e torcida.<\/p>\n<p>Nossos craques l\u00e1 fora, importantes no Barcelona, Real Madrid e outras pot\u00eancias da Europa, faziam de tudo para deixar o frio e esquentar a alma nos carnavais do Brasil.<\/p>\n<p>Engatavam verdadeiras ponte-a\u00e9reas entre o velho continente e os tr\u00f3picos. Tudo para fazer correr o sangue do batuque nas veias.<\/p>\n<p>Quantas hist\u00f3rias Rom\u00e1rio, Edmundo, Ronaldinho Ga\u00facho, Neymar e outros menos avisados t\u00eam para contar do malabarismo que praticavam para escapar da bola e curtir o carnaval, seja na rua, passarela ou na festan\u00e7a particular.<\/p>\n<p>Era um tempo em que samba e futebol caminhavam juntos, se n\u00e3o na harmonia, pelo menos no sentimento.<\/p>\n<p>Comum ver craques, treinadores, cartolas pulando o miudinho com samba nos p\u00e9s.<\/p>\n<p>N\u00e3o muito tempo atr\u00e1s, a cervejaria Brahma, uma das maiores patrocinadoras do futebol, montava um megacamarote no samb\u00f3dromo do Rio, a Marqu\u00eas de Sapuca\u00ed, para abrigar a comunidade do futebol.<\/p>\n<p>Pajelan\u00e7a regada a muito \u00e1lcool, comes, beldades, celebridades, patrocinadores, puxa-sacos, m\u00eddia e tais quais. Maradona, Zico, Ronaldo Fen\u00f4meno&#8230; centenas de boleiros vestindo o abad\u00e1 da marca de cerveja.<\/p>\n<p>Havia maior cumplicidade do futebol com o carnaval. Nada de jogo. E muito samba.<\/p>\n<p>H\u00e1 quem diga e prova que um \u00e9 extens\u00e3o do outro.<\/p>\n<p>Hoje, parece, n\u00e3o tem nada disso. Jovens jogadores encantadores de plateias europeias e muitos dos nossos candidatos a craque por aqui preferem o recato.<\/p>\n<p>Trocam as avenidas do samba por milh\u00f5es de seguidores nas redes sociais. Sambam \u00e0 vontade nos v\u00eddeos e vivem \u00e0 escravid\u00e3o dos clics no Instagram.<\/p>\n<p>Talvez esteja a\u00ed a raz\u00e3o da pouca criatividade e raro talento de nossos craques nos campos de futebol.<\/p>\n<p>Driblar no Insta \u00e9 mais f\u00e1cil. Carnaval \u00e9 para boleiro aposentado.<\/p>\n<div class=\"tiled-gallery type-rectangular tiled-gallery-unresized\" data-original-width=\"940\" data-carousel-extra='{&quot;blog_id&quot;:1,&quot;permalink&quot;:&quot;https:\\\/\\\/blogdoprosperi.com\\\/?p=48496&quot;,&quot;likes_blog_id&quot;:108082574}' itemscope itemtype=\"http:\/\/schema.org\/ImageGallery\" > <div class=\"gallery-row\" style=\"width: 940px; height: 419px;\" data-original-width=\"940\" data-original-height=\"419\" > <div class=\"gallery-group images-1\" style=\"width: 617px; height: 419px;\" data-original-width=\"617\" data-original-height=\"419\" > <div class=\"tiled-gallery-item tiled-gallery-item-large\" itemprop=\"associatedMedia\" itemscope itemtype=\"http:\/\/schema.org\/ImageObject\"> <a href=\"https:\/\/blogdoprosperi.com\/?attachment_id=48507\" border=\"0\" itemprop=\"url\"> <meta itemprop=\"width\" content=\"613\"> <meta itemprop=\"height\" content=\"415\"> <img decoding=\"async\" class=\"\" data-attachment-id=\"48507\" data-orig-file=\"https:\/\/blogdoprosperi.com\/wp-content\/uploads\/2025\/02\/captura-de-tela-2025-02-28-as-23.51.42.png\" data-orig-size=\"1202,814\" data-comments-opened=\"1\" data-image-meta=\"{&quot;aperture&quot;:&quot;0&quot;,&quot;credit&quot;:&quot;&quot;,&quot;camera&quot;:&quot;&quot;,&quot;caption&quot;:&quot;&quot;,&quot;created_timestamp&quot;:&quot;0&quot;,&quot;copyright&quot;:&quot;&quot;,&quot;focal_length&quot;:&quot;0&quot;,&quot;iso&quot;:&quot;0&quot;,&quot;shutter_speed&quot;:&quot;0&quot;,&quot;title&quot;:&quot;&quot;,&quot;orientation&quot;:&quot;0&quot;}\" data-image-title=\"\" data-image-description=\"\" data-medium-file=\"https:\/\/i0.wp.com\/blogdoprosperi.com\/wp-content\/uploads\/2025\/02\/captura-de-tela-2025-02-28-as-23.51.42.png?fit=558%2C378&#038;ssl=1\" data-large-file=\"https:\/\/i0.wp.com\/blogdoprosperi.com\/wp-content\/uploads\/2025\/02\/captura-de-tela-2025-02-28-as-23.51.42.png?fit=940%2C637&#038;ssl=1\" src=\"https:\/\/i0.wp.com\/blogdoprosperi.com\/wp-content\/uploads\/2025\/02\/captura-de-tela-2025-02-28-as-23.51.42.png?w=613&#038;h=415&#038;ssl=1\" width=\"613\" height=\"415\" loading=\"lazy\" data-original-width=\"613\" data-original-height=\"415\" itemprop=\"http:\/\/schema.org\/image\" title=\"\" alt=\"Neymar e Fen\u00f4meno\" style=\"width: 613px; height: 415px;\" \/> <\/a> <div class=\"tiled-gallery-caption\" itemprop=\"caption description\"> Neymar e Fen\u00f4meno <\/div> <\/div> <\/div> <!-- close group --> <div class=\"gallery-group images-2\" style=\"width: 323px; height: 419px;\" data-original-width=\"323\" data-original-height=\"419\" > <div class=\"tiled-gallery-item tiled-gallery-item-large\" itemprop=\"associatedMedia\" itemscope itemtype=\"http:\/\/schema.org\/ImageObject\"> <a href=\"https:\/\/blogdoprosperi.com\/?attachment_id=48505\" border=\"0\" itemprop=\"url\"> <meta itemprop=\"width\" content=\"319\"> <meta itemprop=\"height\" content=\"182\"> <img decoding=\"async\" class=\"\" data-attachment-id=\"48505\" data-orig-file=\"https:\/\/blogdoprosperi.com\/wp-content\/uploads\/2025\/02\/20140302-2208-9-2006-romario-faz-uma-pausa-na-busca-pelo-milesimo-gol-para-fumar-um-charuto-no-camarote-da-cerveja-nova-schin_mini.jpg\" data-orig-size=\"600,343\" data-comments-opened=\"1\" data-image-meta=\"{&quot;aperture&quot;:&quot;0&quot;,&quot;credit&quot;:&quot;&quot;,&quot;camera&quot;:&quot;&quot;,&quot;caption&quot;:&quot;&quot;,&quot;created_timestamp&quot;:&quot;0&quot;,&quot;copyright&quot;:&quot;&quot;,&quot;focal_length&quot;:&quot;0&quot;,&quot;iso&quot;:&quot;0&quot;,&quot;shutter_speed&quot;:&quot;0&quot;,&quot;title&quot;:&quot;&quot;,&quot;orientation&quot;:&quot;0&quot;}\" data-image-title=\"\" data-image-description=\"\" data-medium-file=\"https:\/\/i0.wp.com\/blogdoprosperi.com\/wp-content\/uploads\/2025\/02\/20140302-2208-9-2006-romario-faz-uma-pausa-na-busca-pelo-milesimo-gol-para-fumar-um-charuto-no-camarote-da-cerveja-nova-schin_mini.jpg?fit=600%2C343&#038;ssl=1\" data-large-file=\"https:\/\/i0.wp.com\/blogdoprosperi.com\/wp-content\/uploads\/2025\/02\/20140302-2208-9-2006-romario-faz-uma-pausa-na-busca-pelo-milesimo-gol-para-fumar-um-charuto-no-camarote-da-cerveja-nova-schin_mini.jpg?fit=600%2C343&#038;ssl=1\" src=\"https:\/\/i0.wp.com\/blogdoprosperi.com\/wp-content\/uploads\/2025\/02\/20140302-2208-9-2006-romario-faz-uma-pausa-na-busca-pelo-milesimo-gol-para-fumar-um-charuto-no-camarote-da-cerveja-nova-schin_mini.jpg?w=319&#038;h=182&#038;ssl=1\" width=\"319\" height=\"182\" loading=\"lazy\" data-original-width=\"319\" data-original-height=\"182\" itemprop=\"http:\/\/schema.org\/image\" title=\"\" alt=\"Rom\u00e1rio\" style=\"width: 319px; height: 182px;\" \/> <\/a> <div class=\"tiled-gallery-caption\" itemprop=\"caption description\"> Rom\u00e1rio <\/div> <\/div> <div class=\"tiled-gallery-item tiled-gallery-item-large\" itemprop=\"associatedMedia\" itemscope itemtype=\"http:\/\/schema.org\/ImageObject\"> <a href=\"https:\/\/blogdoprosperi.com\/?attachment_id=48504\" border=\"0\" itemprop=\"url\"> <meta itemprop=\"width\" content=\"319\"> <meta itemprop=\"height\" content=\"229\"> <img decoding=\"async\" class=\"\" data-attachment-id=\"48504\" data-orig-file=\"https:\/\/blogdoprosperi.com\/wp-content\/uploads\/2025\/02\/maradona-e-edmundo-se-encontraram-o-carnaval-do-rio-em-1998-1423771943900_v2_1920x1374-1024x733-1.webp\" data-orig-size=\"1024,733\" data-comments-opened=\"1\" data-image-meta=\"{&quot;aperture&quot;:&quot;0&quot;,&quot;credit&quot;:&quot;&quot;,&quot;camera&quot;:&quot;&quot;,&quot;caption&quot;:&quot;&quot;,&quot;created_timestamp&quot;:&quot;0&quot;,&quot;copyright&quot;:&quot;&quot;,&quot;focal_length&quot;:&quot;0&quot;,&quot;iso&quot;:&quot;0&quot;,&quot;shutter_speed&quot;:&quot;0&quot;,&quot;title&quot;:&quot;&quot;,&quot;orientation&quot;:&quot;0&quot;}\" data-image-title=\"Maradona e Edmundo\" data-image-description=\"\" data-medium-file=\"https:\/\/i0.wp.com\/blogdoprosperi.com\/wp-content\/uploads\/2025\/02\/maradona-e-edmundo-se-encontraram-o-carnaval-do-rio-em-1998-1423771943900_v2_1920x1374-1024x733-1.webp?fit=528%2C378&#038;ssl=1\" data-large-file=\"https:\/\/i0.wp.com\/blogdoprosperi.com\/wp-content\/uploads\/2025\/02\/maradona-e-edmundo-se-encontraram-o-carnaval-do-rio-em-1998-1423771943900_v2_1920x1374-1024x733-1.webp?fit=940%2C673&#038;ssl=1\" src=\"https:\/\/i0.wp.com\/blogdoprosperi.com\/wp-content\/uploads\/2025\/02\/maradona-e-edmundo-se-encontraram-o-carnaval-do-rio-em-1998-1423771943900_v2_1920x1374-1024x733-1.webp?w=319&#038;h=229&#038;ssl=1\" width=\"319\" height=\"229\" loading=\"lazy\" data-original-width=\"319\" data-original-height=\"229\" itemprop=\"http:\/\/schema.org\/image\" title=\"Maradona e Edmundo\" alt=\"Maradona e Edmundo\" style=\"width: 319px; height: 229px;\" \/> <\/a> <div class=\"tiled-gallery-caption\" itemprop=\"caption description\"> Maradona e Edmundo <\/div> <\/div> <\/div> <!-- close group --> <\/div> <!-- close row --> <div class=\"gallery-row\" style=\"width: 940px; height: 320px;\" data-original-width=\"940\" data-original-height=\"320\" > <div class=\"gallery-group images-1\" style=\"width: 463px; height: 320px;\" data-original-width=\"463\" data-original-height=\"320\" > <div class=\"tiled-gallery-item tiled-gallery-item-large\" itemprop=\"associatedMedia\" itemscope itemtype=\"http:\/\/schema.org\/ImageObject\"> <a href=\"https:\/\/blogdoprosperi.com\/?attachment_id=48503\" border=\"0\" itemprop=\"url\"> <meta itemprop=\"width\" content=\"459\"> <meta itemprop=\"height\" content=\"316\"> <img decoding=\"async\" class=\"\" data-attachment-id=\"48503\" data-orig-file=\"https:\/\/blogdoprosperi.com\/wp-content\/uploads\/2025\/02\/20160208-2149-2-1999-ainda-jogador-da-fiorentina-edmundo-marca-presenca-no-desfile-do-salgueiro_mini.jpg\" data-orig-size=\"600,413\" data-comments-opened=\"1\" data-image-meta=\"{&quot;aperture&quot;:&quot;0&quot;,&quot;credit&quot;:&quot;&quot;,&quot;camera&quot;:&quot;&quot;,&quot;caption&quot;:&quot;&quot;,&quot;created_timestamp&quot;:&quot;0&quot;,&quot;copyright&quot;:&quot;&quot;,&quot;focal_length&quot;:&quot;0&quot;,&quot;iso&quot;:&quot;0&quot;,&quot;shutter_speed&quot;:&quot;0&quot;,&quot;title&quot;:&quot;&quot;,&quot;orientation&quot;:&quot;0&quot;}\" data-image-title=\"Edmundo no Salgueiro\" data-image-description=\"\" data-medium-file=\"https:\/\/i0.wp.com\/blogdoprosperi.com\/wp-content\/uploads\/2025\/02\/20160208-2149-2-1999-ainda-jogador-da-fiorentina-edmundo-marca-presenca-no-desfile-do-salgueiro_mini.jpg?fit=549%2C378&#038;ssl=1\" data-large-file=\"https:\/\/i0.wp.com\/blogdoprosperi.com\/wp-content\/uploads\/2025\/02\/20160208-2149-2-1999-ainda-jogador-da-fiorentina-edmundo-marca-presenca-no-desfile-do-salgueiro_mini.jpg?fit=600%2C413&#038;ssl=1\" src=\"https:\/\/i0.wp.com\/blogdoprosperi.com\/wp-content\/uploads\/2025\/02\/20160208-2149-2-1999-ainda-jogador-da-fiorentina-edmundo-marca-presenca-no-desfile-do-salgueiro_mini.jpg?w=459&#038;h=316&#038;ssl=1\" width=\"459\" height=\"316\" loading=\"lazy\" data-original-width=\"459\" data-original-height=\"316\" itemprop=\"http:\/\/schema.org\/image\" title=\"Edmundo no Salgueiro\" alt=\"Edmundo no carnaval\" style=\"width: 459px; height: 316px;\" \/> <\/a> <div class=\"tiled-gallery-caption\" itemprop=\"caption description\"> Edmundo <\/div> <\/div> <\/div> <!-- close group --> <div class=\"gallery-group images-1\" style=\"width: 477px; height: 320px;\" data-original-width=\"477\" data-original-height=\"320\" > <div class=\"tiled-gallery-item tiled-gallery-item-large\" itemprop=\"associatedMedia\" itemscope itemtype=\"http:\/\/schema.org\/ImageObject\"> <a href=\"https:\/\/blogdoprosperi.com\/?attachment_id=48502\" border=\"0\" itemprop=\"url\"> <meta itemprop=\"width\" content=\"473\"> <meta itemprop=\"height\" content=\"316\"> <img decoding=\"async\" class=\"\" data-attachment-id=\"48502\" data-orig-file=\"https:\/\/blogdoprosperi.com\/wp-content\/uploads\/2025\/02\/15.jpg\" data-orig-size=\"448,299\" data-comments-opened=\"1\" data-image-meta=\"{&quot;aperture&quot;:&quot;0&quot;,&quot;credit&quot;:&quot;&quot;,&quot;camera&quot;:&quot;&quot;,&quot;caption&quot;:&quot;&quot;,&quot;created_timestamp&quot;:&quot;0&quot;,&quot;copyright&quot;:&quot;&quot;,&quot;focal_length&quot;:&quot;0&quot;,&quot;iso&quot;:&quot;0&quot;,&quot;shutter_speed&quot;:&quot;0&quot;,&quot;title&quot;:&quot;&quot;,&quot;orientation&quot;:&quot;0&quot;}\" data-image-title=\"\" data-image-description=\"\" data-medium-file=\"https:\/\/i0.wp.com\/blogdoprosperi.com\/wp-content\/uploads\/2025\/02\/15.jpg?fit=448%2C299&#038;ssl=1\" data-large-file=\"https:\/\/i0.wp.com\/blogdoprosperi.com\/wp-content\/uploads\/2025\/02\/15.jpg?fit=448%2C299&#038;ssl=1\" src=\"https:\/\/i0.wp.com\/blogdoprosperi.com\/wp-content\/uploads\/2025\/02\/15.jpg?w=473&#038;h=316&#038;ssl=1\" width=\"473\" height=\"316\" loading=\"lazy\" data-original-width=\"473\" data-original-height=\"316\" itemprop=\"http:\/\/schema.org\/image\" title=\"\" alt=\"Ronaldo e Rom\u00e1rio\" style=\"width: 473px; height: 316px;\" \/> <\/a> <div class=\"tiled-gallery-caption\" itemprop=\"caption description\"> Ronaldo e Rom\u00e1rio <\/div> <\/div> <\/div> <!-- close group --> <\/div> <!-- close row --> <\/div>\n","protected":false},"excerpt":{"rendered":"<p>Luiz Ant\u00f4nio Pr\u00f3speri \u2013 1 fevereiro (00h05) \u2013 Brasil \u00e9 carnaval. Pessoas pulam, cantam, bebem e se amam, [&hellip;]<\/p>\n","protected":false},"author":102107496,"featured_media":48503,"comment_status":"open","ping_status":"open","sticky":false,"template":"","format":"standard","meta":{"_coblocks_attr":"","_coblocks_dimensions":"","_coblocks_responsive_height":"","_coblocks_accordion_ie_support":"","_jetpack_newsletter_access":"","_jetpack_dont_email_post_to_subs":false,"_jetpack_newsletter_tier_id":0,"_jetpack_memberships_contains_paywalled_content":false,"_wpcom_ai_launchpad_first_post":false,"_jetpack_feature_clip_id":0,"_jetpack_memberships_contains_paid_content":false,"footnotes":"","jetpack_publicize_message":"","jetpack_publicize_feature_enabled":true,"jetpack_social_post_already_shared":false,"jetpack_social_options":{"image_generator_settings":{"template":"highway","default_image_id":0,"font":"","enabled":false},"version":2},"jetpack_post_was_ever_published":false},"categories":[3919],"tags":[6995069,17016388,79491,419076,789560560,789560573,4112146,621258,597764],"class_list":["post-48496","post","type-post","status-publish","format-standard","has-post-thumbnail","hentry","category-opiniao","tag-boleiros","tag-camarote-brahma","tag-carnaval","tag-edmundo","tag-futebol","tag-luiz-antonio-prosperi","tag-neymar","tag-romario","tag-zico"],"yoast_head":"<!-- This site is optimized with the Yoast SEO plugin v28.3 - https:\/\/yoast.com\/product\/yoast-seo-wordpress\/ -->\n<title>#Cr\u00f4nicaSab\u00e1tica #15 | Futebol Desafia Carnaval e Cad\u00ea os Boleiros? - PR\u00d3SPERI NEWS<\/title>\n<meta name=\"robots\" content=\"index, follow, max-snippet:-1, max-image-preview:large, max-video-preview:-1\" \/>\n<link rel=\"canonical\" href=\"https:\/\/blogdoprosperi.com\/?p=48496\" \/>\n<meta property=\"og:locale\" content=\"pt_BR\" \/>\n<meta property=\"og:type\" content=\"article\" \/>\n<meta property=\"og:title\" content=\"#Cr\u00f4nicaSab\u00e1tica #15 | Futebol Desafia Carnaval e Cad\u00ea os Boleiros? - PR\u00d3SPERI NEWS\" \/>\n<meta property=\"og:description\" content=\"Luiz Ant\u00f4nio Pr\u00f3speri \u2013 1 fevereiro (00h05) \u2013 Brasil \u00e9 carnaval. Pessoas pulam, cantam, bebem e se amam, [&hellip;]\" \/>\n<meta property=\"og:url\" content=\"https:\/\/blogdoprosperi.com\/?p=48496\" \/>\n<meta property=\"og:site_name\" content=\"PR\u00d3SPERI NEWS\" \/>\n<meta property=\"article:publisher\" content=\"Luiz Pr\u00f3speri\" \/>\n<meta property=\"article:author\" content=\"Luiz Pr\u00f3speri\" \/>\n<meta property=\"article:published_time\" content=\"2025-03-01T03:01:10+00:00\" \/>\n<meta property=\"article:modified_time\" content=\"2025-03-01T16:06:11+00:00\" \/>\n<meta property=\"og:image\" content=\"https:\/\/i0.wp.com\/blogdoprosperi.com\/wp-content\/uploads\/2025\/02\/20160208-2149-2-1999-ainda-jogador-da-fiorentina-edmundo-marca-presenca-no-desfile-do-salgueiro_mini.jpg?fit=600%2C413&ssl=1\" \/>\n\t<meta property=\"og:image:width\" content=\"600\" \/>\n\t<meta property=\"og:image:height\" content=\"413\" \/>\n\t<meta property=\"og:image:type\" content=\"image\/jpeg\" \/>\n<meta name=\"author\" content=\"Luiz Ant\u00f4nio Pr\u00f3speri\" \/>\n<meta name=\"twitter:card\" content=\"summary_large_image\" \/>\n<meta name=\"twitter:creator\" content=\"@Luizprosperi\" \/>\n<meta name=\"twitter:site\" content=\"@Luizprosperi\" \/>\n<meta name=\"twitter:label1\" content=\"Escrito por\" \/>\n\t<meta name=\"twitter:data1\" content=\"Luiz Ant\u00f4nio Pr\u00f3speri\" \/>\n\t<meta name=\"twitter:label2\" content=\"Est. tempo de leitura\" \/>\n\t<meta name=\"twitter:data2\" content=\"2 minutos\" \/>\n<script type=\"application\/ld+json\" class=\"yoast-schema-graph\">{\"@context\":\"https:\\\/\\\/schema.org\",\"@graph\":[{\"@type\":\"Article\",\"@id\":\"https:\\\/\\\/blogdoprosperi.com\\\/?p=48496#article\",\"isPartOf\":{\"@id\":\"https:\\\/\\\/blogdoprosperi.com\\\/?p=48496\"},\"author\":{\"name\":\"Luiz Ant\u00f4nio Pr\u00f3speri\",\"@id\":\"https:\\\/\\\/blogdoprosperi.com\\\/#\\\/schema\\\/person\\\/38100755ce3601861ee4fab9b5aa78e9\"},\"headline\":\"#Cr\u00f4nicaSab\u00e1tica #15 | Futebol Desafia Carnaval e Cad\u00ea os Boleiros?\",\"datePublished\":\"2025-03-01T03:01:10+00:00\",\"dateModified\":\"2025-03-01T16:06:11+00:00\",\"mainEntityOfPage\":{\"@id\":\"https:\\\/\\\/blogdoprosperi.com\\\/?p=48496\"},\"wordCount\":421,\"commentCount\":0,\"publisher\":{\"@id\":\"https:\\\/\\\/blogdoprosperi.com\\\/#\\\/schema\\\/person\\\/38100755ce3601861ee4fab9b5aa78e9\"},\"image\":{\"@id\":\"https:\\\/\\\/blogdoprosperi.com\\\/?p=48496#primaryimage\"},\"thumbnailUrl\":\"https:\\\/\\\/i0.wp.com\\\/blogdoprosperi.com\\\/wp-content\\\/uploads\\\/2025\\\/02\\\/20160208-2149-2-1999-ainda-jogador-da-fiorentina-edmundo-marca-presenca-no-desfile-do-salgueiro_mini.jpg?fit=600%2C413&ssl=1\",\"keywords\":[\"boleiros\",\"camarote brahma\",\"carnaval\",\"edmundo\",\"futebol\",\"Luiz Ant\u00f4nio Pr\u00f3speri\",\"Neymar\",\"Rom\u00e1rio\",\"Zico\"],\"articleSection\":[\"opini\u00e3o\"],\"inLanguage\":\"pt-BR\",\"potentialAction\":[{\"@type\":\"CommentAction\",\"name\":\"Comment\",\"target\":[\"https:\\\/\\\/blogdoprosperi.com\\\/?p=48496#respond\"]}]},{\"@type\":\"WebPage\",\"@id\":\"https:\\\/\\\/blogdoprosperi.com\\\/?p=48496\",\"url\":\"https:\\\/\\\/blogdoprosperi.com\\\/?p=48496\",\"name\":\"#Cr\u00f4nicaSab\u00e1tica #15 | Futebol Desafia Carnaval e Cad\u00ea os Boleiros? - PR\u00d3SPERI NEWS\",\"isPartOf\":{\"@id\":\"https:\\\/\\\/blogdoprosperi.com\\\/#website\"},\"primaryImageOfPage\":{\"@id\":\"https:\\\/\\\/blogdoprosperi.com\\\/?p=48496#primaryimage\"},\"image\":{\"@id\":\"https:\\\/\\\/blogdoprosperi.com\\\/?p=48496#primaryimage\"},\"thumbnailUrl\":\"https:\\\/\\\/i0.wp.com\\\/blogdoprosperi.com\\\/wp-content\\\/uploads\\\/2025\\\/02\\\/20160208-2149-2-1999-ainda-jogador-da-fiorentina-edmundo-marca-presenca-no-desfile-do-salgueiro_mini.jpg?fit=600%2C413&ssl=1\",\"datePublished\":\"2025-03-01T03:01:10+00:00\",\"dateModified\":\"2025-03-01T16:06:11+00:00\",\"breadcrumb\":{\"@id\":\"https:\\\/\\\/blogdoprosperi.com\\\/?p=48496#breadcrumb\"},\"inLanguage\":\"pt-BR\",\"potentialAction\":[{\"@type\":\"ReadAction\",\"target\":[\"https:\\\/\\\/blogdoprosperi.com\\\/?p=48496\"]}]},{\"@type\":\"ImageObject\",\"inLanguage\":\"pt-BR\",\"@id\":\"https:\\\/\\\/blogdoprosperi.com\\\/?p=48496#primaryimage\",\"url\":\"https:\\\/\\\/i0.wp.com\\\/blogdoprosperi.com\\\/wp-content\\\/uploads\\\/2025\\\/02\\\/20160208-2149-2-1999-ainda-jogador-da-fiorentina-edmundo-marca-presenca-no-desfile-do-salgueiro_mini.jpg?fit=600%2C413&ssl=1\",\"contentUrl\":\"https:\\\/\\\/i0.wp.com\\\/blogdoprosperi.com\\\/wp-content\\\/uploads\\\/2025\\\/02\\\/20160208-2149-2-1999-ainda-jogador-da-fiorentina-edmundo-marca-presenca-no-desfile-do-salgueiro_mini.jpg?fit=600%2C413&ssl=1\",\"width\":600,\"height\":413,\"caption\":\"Edmundo\"},{\"@type\":\"BreadcrumbList\",\"@id\":\"https:\\\/\\\/blogdoprosperi.com\\\/?p=48496#breadcrumb\",\"itemListElement\":[{\"@type\":\"ListItem\",\"position\":1,\"name\":\"In\u00edcio\",\"item\":\"https:\\\/\\\/blogdoprosperi.com\\\/\"},{\"@type\":\"ListItem\",\"position\":2,\"name\":\"#Cr\u00f4nicaSab\u00e1tica #15 | Futebol Desafia Carnaval e Cad\u00ea os Boleiros?\"}]},{\"@type\":\"WebSite\",\"@id\":\"https:\\\/\\\/blogdoprosperi.com\\\/#website\",\"url\":\"https:\\\/\\\/blogdoprosperi.com\\\/\",\"name\":\"PR\u00d3SPERI NEWS\",\"description\":\"TUDO \u00c9  FUTEBOL\",\"publisher\":{\"@id\":\"https:\\\/\\\/blogdoprosperi.com\\\/#\\\/schema\\\/person\\\/38100755ce3601861ee4fab9b5aa78e9\"},\"alternateName\":\"blogdoprosperi.com\",\"potentialAction\":[{\"@type\":\"SearchAction\",\"target\":{\"@type\":\"EntryPoint\",\"urlTemplate\":\"https:\\\/\\\/blogdoprosperi.com\\\/?s={search_term_string}\"},\"query-input\":{\"@type\":\"PropertyValueSpecification\",\"valueRequired\":true,\"valueName\":\"search_term_string\"}}],\"inLanguage\":\"pt-BR\"},{\"@type\":[\"Person\",\"Organization\"],\"@id\":\"https:\\\/\\\/blogdoprosperi.com\\\/#\\\/schema\\\/person\\\/38100755ce3601861ee4fab9b5aa78e9\",\"name\":\"Luiz Ant\u00f4nio Pr\u00f3speri\",\"pronouns\":\"ele\",\"image\":{\"@type\":\"ImageObject\",\"inLanguage\":\"pt-BR\",\"@id\":\"https:\\\/\\\/i0.wp.com\\\/blogdoprosperi.com\\\/wp-content\\\/uploads\\\/2026\\\/05\\\/cropped-8059e613-6002-42fa-961e-8e275f575d71-2-5.jpg?fit=1360%2C931&ssl=1\",\"url\":\"https:\\\/\\\/i0.wp.com\\\/blogdoprosperi.com\\\/wp-content\\\/uploads\\\/2026\\\/05\\\/cropped-8059e613-6002-42fa-961e-8e275f575d71-2-5.jpg?fit=1360%2C931&ssl=1\",\"contentUrl\":\"https:\\\/\\\/i0.wp.com\\\/blogdoprosperi.com\\\/wp-content\\\/uploads\\\/2026\\\/05\\\/cropped-8059e613-6002-42fa-961e-8e275f575d71-2-5.jpg?fit=1360%2C931&ssl=1\",\"width\":1360,\"height\":931,\"caption\":\"Luiz Ant\u00f4nio Pr\u00f3speri\"},\"logo\":{\"@id\":\"https:\\\/\\\/i0.wp.com\\\/blogdoprosperi.com\\\/wp-content\\\/uploads\\\/2026\\\/05\\\/cropped-8059e613-6002-42fa-961e-8e275f575d71-2-5.jpg?fit=1360%2C931&ssl=1\"},\"description\":\"Jornalista com carreira dedicada ao esporte. Cobriu 9 Copas do Mundo in loco, 1990 na It\u00e1lia, 1994 nos EUA, 1998 na Fran\u00e7a, 2002 na Coreia do Sul e Jap\u00e3o, 2006 na Alemanha, 2010 na \u00c1frica do Sul, 2014 no Brasil, 2018 na R\u00fassia e 2022 no Qatar. Eurocopas, 1992 na Su\u00e9cia e 1996 na Inglaterra. Copa das Confedera\u00e7\u00f5es de 2005 na Alemanha e 2009 na \u00c1frica do Sul. Rep\u00f3rter e Editor, trabalhou no Jornal da Tarde e Estad\u00e3o, de 1984 a fevereiro de 2016. Colunista, blogueiro. E comentarista de futebol na R\u00e1dio Estad\u00e3o, de 2013 a fevereiro de 2016. Jornalista respons\u00e1vel do \\\"Pr\u00f3speri News\\\" (blogdoprosperi.com).\",\"sameAs\":[\"http:\\\/\\\/blogdoprosperi.com\",\"Luiz Pr\u00f3speri\",\"@luiz_prosperi\",\"https:\\\/\\\/x.com\\\/Luizprosperi\",\"@prosperinacopa\",\"luiz.prosperi@icloud.com\"],\"url\":\"https:\\\/\\\/blogdoprosperi.com\\\/?author=102107496\"}]}<\/script>\n<!-- \/ Yoast SEO plugin. -->","yoast_head_json":{"title":"#Cr\u00f4nicaSab\u00e1tica #15 | Futebol Desafia Carnaval e Cad\u00ea os Boleiros? - PR\u00d3SPERI NEWS","robots":{"index":"index","follow":"follow","max-snippet":"max-snippet:-1","max-image-preview":"max-image-preview:large","max-video-preview":"max-video-preview:-1"},"canonical":"https:\/\/blogdoprosperi.com\/?p=48496","og_locale":"pt_BR","og_type":"article","og_title":"#Cr\u00f4nicaSab\u00e1tica #15 | Futebol Desafia Carnaval e Cad\u00ea os Boleiros? - PR\u00d3SPERI NEWS","og_description":"Luiz Ant\u00f4nio Pr\u00f3speri \u2013 1 fevereiro (00h05) \u2013 Brasil \u00e9 carnaval. Pessoas pulam, cantam, bebem e se amam, [&hellip;]","og_url":"https:\/\/blogdoprosperi.com\/?p=48496","og_site_name":"PR\u00d3SPERI NEWS","article_publisher":"Luiz Pr\u00f3speri","article_author":"Luiz Pr\u00f3speri","article_published_time":"2025-03-01T03:01:10+00:00","article_modified_time":"2025-03-01T16:06:11+00:00","og_image":[{"width":600,"height":413,"url":"https:\/\/i0.wp.com\/blogdoprosperi.com\/wp-content\/uploads\/2025\/02\/20160208-2149-2-1999-ainda-jogador-da-fiorentina-edmundo-marca-presenca-no-desfile-do-salgueiro_mini.jpg?fit=600%2C413&ssl=1","type":"image\/jpeg"}],"author":"Luiz Ant\u00f4nio Pr\u00f3speri","twitter_card":"summary_large_image","twitter_creator":"@Luizprosperi","twitter_site":"@Luizprosperi","twitter_misc":{"Escrito por":"Luiz Ant\u00f4nio Pr\u00f3speri","Est. tempo de leitura":"2 minutos"},"schema":{"@context":"https:\/\/schema.org","@graph":[{"@type":"Article","@id":"https:\/\/blogdoprosperi.com\/?p=48496#article","isPartOf":{"@id":"https:\/\/blogdoprosperi.com\/?p=48496"},"author":{"name":"Luiz Ant\u00f4nio Pr\u00f3speri","@id":"https:\/\/blogdoprosperi.com\/#\/schema\/person\/38100755ce3601861ee4fab9b5aa78e9"},"headline":"#Cr\u00f4nicaSab\u00e1tica #15 | Futebol Desafia Carnaval e Cad\u00ea os Boleiros?","datePublished":"2025-03-01T03:01:10+00:00","dateModified":"2025-03-01T16:06:11+00:00","mainEntityOfPage":{"@id":"https:\/\/blogdoprosperi.com\/?p=48496"},"wordCount":421,"commentCount":0,"publisher":{"@id":"https:\/\/blogdoprosperi.com\/#\/schema\/person\/38100755ce3601861ee4fab9b5aa78e9"},"image":{"@id":"https:\/\/blogdoprosperi.com\/?p=48496#primaryimage"},"thumbnailUrl":"https:\/\/i0.wp.com\/blogdoprosperi.com\/wp-content\/uploads\/2025\/02\/20160208-2149-2-1999-ainda-jogador-da-fiorentina-edmundo-marca-presenca-no-desfile-do-salgueiro_mini.jpg?fit=600%2C413&ssl=1","keywords":["boleiros","camarote brahma","carnaval","edmundo","futebol","Luiz Ant\u00f4nio Pr\u00f3speri","Neymar","Rom\u00e1rio","Zico"],"articleSection":["opini\u00e3o"],"inLanguage":"pt-BR","potentialAction":[{"@type":"CommentAction","name":"Comment","target":["https:\/\/blogdoprosperi.com\/?p=48496#respond"]}]},{"@type":"WebPage","@id":"https:\/\/blogdoprosperi.com\/?p=48496","url":"https:\/\/blogdoprosperi.com\/?p=48496","name":"#Cr\u00f4nicaSab\u00e1tica #15 | Futebol Desafia Carnaval e Cad\u00ea os Boleiros? - PR\u00d3SPERI NEWS","isPartOf":{"@id":"https:\/\/blogdoprosperi.com\/#website"},"primaryImageOfPage":{"@id":"https:\/\/blogdoprosperi.com\/?p=48496#primaryimage"},"image":{"@id":"https:\/\/blogdoprosperi.com\/?p=48496#primaryimage"},"thumbnailUrl":"https:\/\/i0.wp.com\/blogdoprosperi.com\/wp-content\/uploads\/2025\/02\/20160208-2149-2-1999-ainda-jogador-da-fiorentina-edmundo-marca-presenca-no-desfile-do-salgueiro_mini.jpg?fit=600%2C413&ssl=1","datePublished":"2025-03-01T03:01:10+00:00","dateModified":"2025-03-01T16:06:11+00:00","breadcrumb":{"@id":"https:\/\/blogdoprosperi.com\/?p=48496#breadcrumb"},"inLanguage":"pt-BR","potentialAction":[{"@type":"ReadAction","target":["https:\/\/blogdoprosperi.com\/?p=48496"]}]},{"@type":"ImageObject","inLanguage":"pt-BR","@id":"https:\/\/blogdoprosperi.com\/?p=48496#primaryimage","url":"https:\/\/i0.wp.com\/blogdoprosperi.com\/wp-content\/uploads\/2025\/02\/20160208-2149-2-1999-ainda-jogador-da-fiorentina-edmundo-marca-presenca-no-desfile-do-salgueiro_mini.jpg?fit=600%2C413&ssl=1","contentUrl":"https:\/\/i0.wp.com\/blogdoprosperi.com\/wp-content\/uploads\/2025\/02\/20160208-2149-2-1999-ainda-jogador-da-fiorentina-edmundo-marca-presenca-no-desfile-do-salgueiro_mini.jpg?fit=600%2C413&ssl=1","width":600,"height":413,"caption":"Edmundo"},{"@type":"BreadcrumbList","@id":"https:\/\/blogdoprosperi.com\/?p=48496#breadcrumb","itemListElement":[{"@type":"ListItem","position":1,"name":"In\u00edcio","item":"https:\/\/blogdoprosperi.com\/"},{"@type":"ListItem","position":2,"name":"#Cr\u00f4nicaSab\u00e1tica #15 | Futebol Desafia Carnaval e Cad\u00ea os Boleiros?"}]},{"@type":"WebSite","@id":"https:\/\/blogdoprosperi.com\/#website","url":"https:\/\/blogdoprosperi.com\/","name":"PR\u00d3SPERI NEWS","description":"TUDO \u00c9  FUTEBOL","publisher":{"@id":"https:\/\/blogdoprosperi.com\/#\/schema\/person\/38100755ce3601861ee4fab9b5aa78e9"},"alternateName":"blogdoprosperi.com","potentialAction":[{"@type":"SearchAction","target":{"@type":"EntryPoint","urlTemplate":"https:\/\/blogdoprosperi.com\/?s={search_term_string}"},"query-input":{"@type":"PropertyValueSpecification","valueRequired":true,"valueName":"search_term_string"}}],"inLanguage":"pt-BR"},{"@type":["Person","Organization"],"@id":"https:\/\/blogdoprosperi.com\/#\/schema\/person\/38100755ce3601861ee4fab9b5aa78e9","name":"Luiz Ant\u00f4nio Pr\u00f3speri","pronouns":"ele","image":{"@type":"ImageObject","inLanguage":"pt-BR","@id":"https:\/\/i0.wp.com\/blogdoprosperi.com\/wp-content\/uploads\/2026\/05\/cropped-8059e613-6002-42fa-961e-8e275f575d71-2-5.jpg?fit=1360%2C931&ssl=1","url":"https:\/\/i0.wp.com\/blogdoprosperi.com\/wp-content\/uploads\/2026\/05\/cropped-8059e613-6002-42fa-961e-8e275f575d71-2-5.jpg?fit=1360%2C931&ssl=1","contentUrl":"https:\/\/i0.wp.com\/blogdoprosperi.com\/wp-content\/uploads\/2026\/05\/cropped-8059e613-6002-42fa-961e-8e275f575d71-2-5.jpg?fit=1360%2C931&ssl=1","width":1360,"height":931,"caption":"Luiz Ant\u00f4nio Pr\u00f3speri"},"logo":{"@id":"https:\/\/i0.wp.com\/blogdoprosperi.com\/wp-content\/uploads\/2026\/05\/cropped-8059e613-6002-42fa-961e-8e275f575d71-2-5.jpg?fit=1360%2C931&ssl=1"},"description":"Jornalista com carreira dedicada ao esporte. Cobriu 9 Copas do Mundo in loco, 1990 na It\u00e1lia, 1994 nos EUA, 1998 na Fran\u00e7a, 2002 na Coreia do Sul e Jap\u00e3o, 2006 na Alemanha, 2010 na \u00c1frica do Sul, 2014 no Brasil, 2018 na R\u00fassia e 2022 no Qatar. Eurocopas, 1992 na Su\u00e9cia e 1996 na Inglaterra. Copa das Confedera\u00e7\u00f5es de 2005 na Alemanha e 2009 na \u00c1frica do Sul. Rep\u00f3rter e Editor, trabalhou no Jornal da Tarde e Estad\u00e3o, de 1984 a fevereiro de 2016. Colunista, blogueiro. E comentarista de futebol na R\u00e1dio Estad\u00e3o, de 2013 a fevereiro de 2016. Jornalista respons\u00e1vel do \"Pr\u00f3speri News\" (blogdoprosperi.com).","sameAs":["http:\/\/blogdoprosperi.com","Luiz Pr\u00f3speri","@luiz_prosperi","https:\/\/x.com\/Luizprosperi","@prosperinacopa","luiz.prosperi@icloud.com"],"url":"https:\/\/blogdoprosperi.com\/?author=102107496"}]}},"jetpack_publicize_connections":[],"jetpack_likes_enabled":false,"jetpack_sharing_enabled":true,"jetpack_shortlink":"https:\/\/wp.me\/p7jvdk-cCc","jetpack-related-posts":[{"id":48752,"url":"https:\/\/blogdoprosperi.com\/?p=48752","url_meta":{"origin":48496,"position":0},"title":"Neymar | Cabra Marcado para Morrer no Futebol","author":"Luiz Ant\u00f4nio Pr\u00f3speri","date":"10 de mar\u00e7o de 2025","format":false,"excerpt":"Luiz Ant\u00f4nio Pr\u00f3speri \u2013 10 mar\u00e7o (11h45) \u2013 Neymar n\u00e3o tem direito \u00e0 d\u00favida. Nada do que faz pode ser na incerteza. Ou vive ou morre. Aus\u00eancia no jogo decisivo contra o Corinthians nas semifinais do Paulist\u00e3o cabe no seu calv\u00e1rio. Se estava bem domingo de carnaval na Sapuca\u00ed no\u2026","rel":"","context":"Em &quot;futebol&quot;","block_context":{"text":"futebol","link":"https:\/\/blogdoprosperi.com\/?cat=53870"},"img":{"alt_text":"Neymar fora do Paulist\u00e3o","src":"https:\/\/i0.wp.com\/blogdoprosperi.com\/wp-content\/uploads\/2025\/03\/captura-de-tela-2025-03-10-as-11.40.38.png?fit=1104%2C1024&ssl=1&resize=350%2C200","width":350,"height":200,"srcset":"https:\/\/i0.wp.com\/blogdoprosperi.com\/wp-content\/uploads\/2025\/03\/captura-de-tela-2025-03-10-as-11.40.38.png?fit=1104%2C1024&ssl=1&resize=350%2C200 1x, https:\/\/i0.wp.com\/blogdoprosperi.com\/wp-content\/uploads\/2025\/03\/captura-de-tela-2025-03-10-as-11.40.38.png?fit=1104%2C1024&ssl=1&resize=525%2C300 1.5x, https:\/\/i0.wp.com\/blogdoprosperi.com\/wp-content\/uploads\/2025\/03\/captura-de-tela-2025-03-10-as-11.40.38.png?fit=1104%2C1024&ssl=1&resize=700%2C400 2x, https:\/\/i0.wp.com\/blogdoprosperi.com\/wp-content\/uploads\/2025\/03\/captura-de-tela-2025-03-10-as-11.40.38.png?fit=1104%2C1024&ssl=1&resize=1050%2C600 3x"},"classes":[]},{"id":56958,"url":"https:\/\/blogdoprosperi.com\/?p=56958","url_meta":{"origin":48496,"position":1},"title":"Entenda o Carnaval de Ancelotti na Sele\u00e7\u00e3o Brasileira","author":"Luiz Ant\u00f4nio Pr\u00f3speri","date":"24 de mar\u00e7o de 2026","format":false,"excerpt":"Luiz Ant\u00f4nio Pr\u00f3speri \u2013 24 mar\u00e7o 2026 (11h43) \u2013 Carlo Ancelotti encontra um novo velho caminho para recolocar a Sele\u00e7\u00e3o Brasileira rumo ao Hexa. A descoberta do italiano: o Carnaval. Sim, o Reinado de Momo. Enquanto faturava uns caramingu\u00e1s de patrocinadores acompanhando o carnaval em Salvador, S\u00e3o Paulo e Rio\u2026","rel":"","context":"Em &quot;copa 2026&quot;","block_context":{"text":"copa 2026","link":"https:\/\/blogdoprosperi.com\/?cat=36820279"},"img":{"alt_text":"","src":"https:\/\/i0.wp.com\/blogdoprosperi.com\/wp-content\/uploads\/2026\/03\/ancelotti-promete-o-hexa-durante-o-carnaval-de-salvador-3141901-article.webp?fit=1200%2C803&ssl=1&resize=350%2C200","width":350,"height":200,"srcset":"https:\/\/i0.wp.com\/blogdoprosperi.com\/wp-content\/uploads\/2026\/03\/ancelotti-promete-o-hexa-durante-o-carnaval-de-salvador-3141901-article.webp?fit=1200%2C803&ssl=1&resize=350%2C200 1x, https:\/\/i0.wp.com\/blogdoprosperi.com\/wp-content\/uploads\/2026\/03\/ancelotti-promete-o-hexa-durante-o-carnaval-de-salvador-3141901-article.webp?fit=1200%2C803&ssl=1&resize=525%2C300 1.5x, https:\/\/i0.wp.com\/blogdoprosperi.com\/wp-content\/uploads\/2026\/03\/ancelotti-promete-o-hexa-durante-o-carnaval-de-salvador-3141901-article.webp?fit=1200%2C803&ssl=1&resize=700%2C400 2x, https:\/\/i0.wp.com\/blogdoprosperi.com\/wp-content\/uploads\/2026\/03\/ancelotti-promete-o-hexa-durante-o-carnaval-de-salvador-3141901-article.webp?fit=1200%2C803&ssl=1&resize=1050%2C600 3x"},"classes":[]},{"id":59182,"url":"https:\/\/blogdoprosperi.com\/?p=59182","url_meta":{"origin":48496,"position":2},"title":"Al\u00f4, Ancelotti, Endrick Pede Passagem","author":"Luiz Ant\u00f4nio Pr\u00f3speri","date":"3 de junho de 2026","format":false,"excerpt":"Luiz Ant\u00f4nio Pr\u00f3speri \u2013 3 junho 2026 \u00a0(23h16) Al\u00f4, Ancelotti. Endrick est\u00e1 a\u00ed. Entre os 26 eleitos pelo senhor naquela convoca\u00e7\u00e3o espalhafatosa no Museu do Amanh\u00e3 no Rio, dia 18, muito se falou de Neymar. Quase ningu\u00e9m prestou aten\u00e7\u00e3o em Endrick. Garoto tem 19 anos. Na linguagem dos boleiros, \u00e9\u2026","rel":"","context":"Em &quot;copa 2026&quot;","block_context":{"text":"copa 2026","link":"https:\/\/blogdoprosperi.com\/?cat=36820279"},"img":{"alt_text":"","src":"https:\/\/i0.wp.com\/blogdoprosperi.com\/wp-content\/uploads\/2026\/06\/treino-selecao-masculino-03062026.jpg?fit=1200%2C818&ssl=1&resize=350%2C200","width":350,"height":200,"srcset":"https:\/\/i0.wp.com\/blogdoprosperi.com\/wp-content\/uploads\/2026\/06\/treino-selecao-masculino-03062026.jpg?fit=1200%2C818&ssl=1&resize=350%2C200 1x, https:\/\/i0.wp.com\/blogdoprosperi.com\/wp-content\/uploads\/2026\/06\/treino-selecao-masculino-03062026.jpg?fit=1200%2C818&ssl=1&resize=525%2C300 1.5x, https:\/\/i0.wp.com\/blogdoprosperi.com\/wp-content\/uploads\/2026\/06\/treino-selecao-masculino-03062026.jpg?fit=1200%2C818&ssl=1&resize=700%2C400 2x, https:\/\/i0.wp.com\/blogdoprosperi.com\/wp-content\/uploads\/2026\/06\/treino-selecao-masculino-03062026.jpg?fit=1200%2C818&ssl=1&resize=1050%2C600 3x"},"classes":[]},{"id":54288,"url":"https:\/\/blogdoprosperi.com\/?p=54288","url_meta":{"origin":48496,"position":3},"title":"Voc\u00ea Sabe O Que \u00c9 um Palmeiras x Corinthians?","author":"Luiz Ant\u00f4nio Pr\u00f3speri","date":"6 de agosto de 2025","format":false,"excerpt":"Luiz Ant\u00f4nio Pr\u00f3speri \u2013 6 agosto 2025 (13h05) \u2013 Palmeiras e Corinthians \u00e9 mais que um jogo de futebol. A frase do personagem de Lima Duarte, no filme \"Boleiros\" de Ugo Giorgetti de 1998, explica bem o que significa o cl\u00e1ssico paulista. \"Minha Senhora, a senhora sabe o que \u00e9\u2026","rel":"","context":"Em &quot;Copa do Brasil&quot;","block_context":{"text":"Copa do Brasil","link":"https:\/\/blogdoprosperi.com\/?cat=821950"},"img":{"alt_text":"Voc\u00ea sabe o que \u00e9 um Palmeiras x Corinthians","src":"https:\/\/i0.wp.com\/blogdoprosperi.com\/wp-content\/uploads\/2025\/08\/palmeiras-x-corinthians-1920x1080-1.jpg?fit=1200%2C675&ssl=1&resize=350%2C200","width":350,"height":200,"srcset":"https:\/\/i0.wp.com\/blogdoprosperi.com\/wp-content\/uploads\/2025\/08\/palmeiras-x-corinthians-1920x1080-1.jpg?fit=1200%2C675&ssl=1&resize=350%2C200 1x, https:\/\/i0.wp.com\/blogdoprosperi.com\/wp-content\/uploads\/2025\/08\/palmeiras-x-corinthians-1920x1080-1.jpg?fit=1200%2C675&ssl=1&resize=525%2C300 1.5x, https:\/\/i0.wp.com\/blogdoprosperi.com\/wp-content\/uploads\/2025\/08\/palmeiras-x-corinthians-1920x1080-1.jpg?fit=1200%2C675&ssl=1&resize=700%2C400 2x, https:\/\/i0.wp.com\/blogdoprosperi.com\/wp-content\/uploads\/2025\/08\/palmeiras-x-corinthians-1920x1080-1.jpg?fit=1200%2C675&ssl=1&resize=1050%2C600 3x"},"classes":[]},{"id":45140,"url":"https:\/\/blogdoprosperi.com\/?p=45140","url_meta":{"origin":48496,"position":4},"title":"Sele\u00e7\u00e3o Brasileira Perde do Paraguai: Culpa do Presidente da CBF. Camisas Amarelas ao Vento","author":"Luiz Ant\u00f4nio Pr\u00f3speri","date":"11 de setembro de 2024","format":false,"excerpt":"Luiz Antonio Pr\u00f3speri \u2013 11 setembro (atualizado 10h30) CBF est\u00e1 sem sa\u00edda diante de mais um fracasso rotundo da Sele\u00e7\u00e3o Brasileira - derrota constrangedora para o Paraguai nas Eliminat\u00f3rias da Copa 2026. Presidente Ednaldo Rodrigues, centralizador como ele s\u00f3, n\u00e3o tem um colegiado a ouvir ou ajud\u00e1-lo a tomar decis\u00f5es\u2026","rel":"","context":"Em &quot;futebol&quot;","block_context":{"text":"futebol","link":"https:\/\/blogdoprosperi.com\/?cat=53870"},"img":{"alt_text":"Sele\u00e7\u00e3o Brasileira \u00e0 espera de um time","src":"https:\/\/i0.wp.com\/blogdoprosperi.com\/wp-content\/uploads\/2024\/09\/53987038463_1c33dba7d8_k.jpg?fit=1200%2C800&ssl=1&resize=350%2C200","width":350,"height":200,"srcset":"https:\/\/i0.wp.com\/blogdoprosperi.com\/wp-content\/uploads\/2024\/09\/53987038463_1c33dba7d8_k.jpg?fit=1200%2C800&ssl=1&resize=350%2C200 1x, https:\/\/i0.wp.com\/blogdoprosperi.com\/wp-content\/uploads\/2024\/09\/53987038463_1c33dba7d8_k.jpg?fit=1200%2C800&ssl=1&resize=525%2C300 1.5x, https:\/\/i0.wp.com\/blogdoprosperi.com\/wp-content\/uploads\/2024\/09\/53987038463_1c33dba7d8_k.jpg?fit=1200%2C800&ssl=1&resize=700%2C400 2x, https:\/\/i0.wp.com\/blogdoprosperi.com\/wp-content\/uploads\/2024\/09\/53987038463_1c33dba7d8_k.jpg?fit=1200%2C800&ssl=1&resize=1050%2C600 3x"},"classes":[]},{"id":56164,"url":"https:\/\/blogdoprosperi.com\/?p=56164","url_meta":{"origin":48496,"position":5},"title":"Carnaval Antecipado no Futebol | Na Avenida: Gastos Exorbitantes, Treinadores na Forca, Arbitragem Profissional e Outros Adere\u00e7os","author":"Luiz Ant\u00f4nio Pr\u00f3speri","date":"6 de fevereiro de 2026","format":false,"excerpt":"Luiz Ant\u00f4nio Pr\u00f3speri \u2013 6 fevereiro 2026 (17h55) \u2013 Futebol brasileiro n\u00e3o tem tempo a perder. Nem entra naquela hist\u00f3ria de que o ano come\u00e7a s\u00f3 depois do carnaval. Ali\u00e1s, o nosso mundo da bola vive o seu pr\u00f3prio carnaval de emo\u00e7\u00f5es, destemperos, gastos exorbitantes, cabe\u00e7as de treinadores servidas na\u2026","rel":"","context":"Em &quot;futebol&quot;","block_context":{"text":"futebol","link":"https:\/\/blogdoprosperi.com\/?cat=53870"},"img":{"alt_text":"Tite sofre vaias na derrota do Cruzeiro contra Coritiba","src":"https:\/\/i0.wp.com\/blogdoprosperi.com\/wp-content\/uploads\/2026\/02\/captura-de-tela-2026-02-06-as-17.57.36.png?fit=1200%2C703&ssl=1&resize=350%2C200","width":350,"height":200,"srcset":"https:\/\/i0.wp.com\/blogdoprosperi.com\/wp-content\/uploads\/2026\/02\/captura-de-tela-2026-02-06-as-17.57.36.png?fit=1200%2C703&ssl=1&resize=350%2C200 1x, https:\/\/i0.wp.com\/blogdoprosperi.com\/wp-content\/uploads\/2026\/02\/captura-de-tela-2026-02-06-as-17.57.36.png?fit=1200%2C703&ssl=1&resize=525%2C300 1.5x, https:\/\/i0.wp.com\/blogdoprosperi.com\/wp-content\/uploads\/2026\/02\/captura-de-tela-2026-02-06-as-17.57.36.png?fit=1200%2C703&ssl=1&resize=700%2C400 2x, https:\/\/i0.wp.com\/blogdoprosperi.com\/wp-content\/uploads\/2026\/02\/captura-de-tela-2026-02-06-as-17.57.36.png?fit=1200%2C703&ssl=1&resize=1050%2C600 3x"},"classes":[]}],"jetpack_featured_media_url":"https:\/\/i0.wp.com\/blogdoprosperi.com\/wp-content\/uploads\/2025\/02\/20160208-2149-2-1999-ainda-jogador-da-fiorentina-edmundo-marca-presenca-no-desfile-do-salgueiro_mini.jpg?fit=600%2C413&ssl=1","_links":{"self":[{"href":"https:\/\/blogdoprosperi.com\/index.php?rest_route=\/wp\/v2\/posts\/48496","targetHints":{"allow":["GET"]}}],"collection":[{"href":"https:\/\/blogdoprosperi.com\/index.php?rest_route=\/wp\/v2\/posts"}],"about":[{"href":"https:\/\/blogdoprosperi.com\/index.php?rest_route=\/wp\/v2\/types\/post"}],"author":[{"embeddable":true,"href":"https:\/\/blogdoprosperi.com\/index.php?rest_route=\/wp\/v2\/users\/102107496"}],"replies":[{"embeddable":true,"href":"https:\/\/blogdoprosperi.com\/index.php?rest_route=%2Fwp%2Fv2%2Fcomments&post=48496"}],"version-history":[{"count":9,"href":"https:\/\/blogdoprosperi.com\/index.php?rest_route=\/wp\/v2\/posts\/48496\/revisions"}],"predecessor-version":[{"id":48515,"href":"https:\/\/blogdoprosperi.com\/index.php?rest_route=\/wp\/v2\/posts\/48496\/revisions\/48515"}],"wp:featuredmedia":[{"embeddable":true,"href":"https:\/\/blogdoprosperi.com\/index.php?rest_route=\/wp\/v2\/media\/48503"}],"wp:attachment":[{"href":"https:\/\/blogdoprosperi.com\/index.php?rest_route=%2Fwp%2Fv2%2Fmedia&parent=48496"}],"wp:term":[{"taxonomy":"category","embeddable":true,"href":"https:\/\/blogdoprosperi.com\/index.php?rest_route=%2Fwp%2Fv2%2Fcategories&post=48496"},{"taxonomy":"post_tag","embeddable":true,"href":"https:\/\/blogdoprosperi.com\/index.php?rest_route=%2Fwp%2Fv2%2Ftags&post=48496"}],"curies":[{"name":"wp","href":"https:\/\/api.w.org\/{rel}","templated":true}]}}