{"id":48620,"date":"2025-03-07T14:30:00","date_gmt":"2025-03-07T17:30:00","guid":{"rendered":"https:\/\/blogdoprosperi.com\/?p=48620"},"modified":"2025-03-07T18:52:57","modified_gmt":"2025-03-07T21:52:57","slug":"luighi-presidenta-do-palmeiras-pede-exclusao-do-cerro-por-racismo-e-promete-recorrer-a-fifa","status":"publish","type":"post","link":"https:\/\/blogdoprosperi.com\/?p=48620","title":{"rendered":"Luighi | CBF e Palmeiras Pedem Exclus\u00e3o do Cerro por Racismo e Apelam \u00e0 Fifa"},"content":{"rendered":"<p><strong>CBF envia den\u00fancia \u00e0 Conmebol pedindo puni\u00e7\u00e3o aos torcedores e exclus\u00e3o do Cerro Porte\u00f1o da Libertadores Sub-20<\/strong><\/p>\n<p><strong>Presidenta Leila Pereira diz que vai recorrer at\u00e9 a Fifa se a Conmebol n\u00e3o reagir. E quer autor do crime racista na cadeia<\/strong><\/p>\n<hr \/>\n<p><em>Luiz Antonio Pr\u00f3speri \u2013 7 mar\u00e7o (14h05) \u2013<\/em><\/p>\n<p>Leila Pereira, presidenta do Palmeiras, vai at\u00e9 \u00faltima inst\u00e2ncia para que se puna os criminosos dos atos racistas contra o atacante Luighi, 18 anos. E ainda pedir a exclus\u00e3o do Cerro Porte\u00f1o, do Paraguai, das competi\u00e7\u00f5es sul-americanas. Pelo menos foi o que ela afirmou em entrevista coletiva nessa sexta-feira (07\/3).<\/p>\n<p><em>&#8220;A puni\u00e7\u00e3o que estamos pensando \u00e9 para o clube Cerro Porte\u00f1o. Est\u00e1 nas m\u00e3os dos nossos advogados, que est\u00e3o trabalhando. Tentei falar com o presidente da Conmebol e n\u00e3o consegui. N\u00e3o ia comentar isso, mas achei desagrad\u00e1vel. A Conmebol est\u00e1 sendo muito displicente. N\u00e3o consegui falar com o presidente Alejandro Dominguez &#8230; Se n\u00e3o resolvermos na Conmebol, resolvemos na Fifa. Se eu n\u00e3o consigo falar, nosso departamento vai tomar as medidas&#8221; \u2013 Leila Pereira<\/em><\/p>\n<hr \/>\n<p><strong>CBF PEDE EXCLUS\u00c3O DO CERRO PORTE\u00d1O<\/strong><\/p>\n<p><strong>Confira nota oficial:<\/strong><\/p>\n<p>A CBF enviou nesta sexta-feira (7\/2) den\u00fancia \u00e0 Conmebol pedindo a puni\u00e7\u00e3o dos torcedores e a exclus\u00e3o do Cerro Porte\u00f1o, do Paraguai, da Libertadores Sub-20.<\/p>\n<p>O documento de 29 p\u00e1ginas elaborado pelas Diretorias Jur\u00eddica e de Governan\u00e7a e Conformidade da CBF cobra toler\u00e2ncia zero contra atos discriminat\u00f3rios e exige severa puni\u00e7\u00e3o esportiva aos torcedores e ao clube paraguaio. A entidade ainda alega que o protocolo global da FIFA contra racismo n\u00e3o foi cumprido pela arbitragem. Para a CBF, o racismo \u00e9 um crime que fere a dignidade, a integridade e os princ\u00edpios fundamentais do esporte e deve ser punido com penas que impactem fortemente os respons\u00e1veis.<\/p>\n<p>\u201cO que a gente espera da Conmebol \u00e9 rigor. Basta de racismo e de multas que n\u00e3o levam a nada. Queremos puni\u00e7\u00f5es esportivas\u201d, declarou o presidente da CBF, Ednaldo Rodrigues.<\/p>\n<p><img data-recalc-dims=\"1\" decoding=\"async\" src=\"https:\/\/i0.wp.com\/objectstorage.sa-saopaulo-1.oraclecloud.com\/n\/grsa9ybqykir\/b\/portalcbf\/o\/54370267773_a4267b35c2_o.jpg?w=940&#038;ssl=1\" \/><em>Figueiredo durante o jogo entre Palmeiras e Cerro Porte\u00f1o, Libertadores Sub-20 \u2013 foto: Fabio Menotti \/ Palmeiras oficial<\/em><\/p>\n<p>&#8220;O futebol deve ser espa\u00e7o de igualdade e respeito. Por isso, a puni\u00e7\u00e3o do Cerro Porte\u00f1o e dos envolvidos n\u00e3o \u00e9 apenas uma necessidade jur\u00eddica, mas uma obriga\u00e7\u00e3o moral e institucional, para que o combate ao racismo deixe de ser um discurso vazio e passe a ser uma realidade concreta&#8221;, escreveram os diretores da CBF no documento.<\/p>\n<p>Na den\u00fancia, a CBF argumenta, ainda, que o futebol sul-americano carrega um hist\u00f3rico de impunidade em rela\u00e7\u00e3o a atos racistas e que as san\u00e7\u00f5es aplicadas s\u00e3o, na maioria das vezes, insignificantes para coibir novas ocorr\u00eancias. &#8220;Frise-se que a esmagadora maioria das v\u00edtimas adv\u00e9m do solo brasileiro&#8221;, refor\u00e7a a den\u00fancia.<\/p>\n<p>C\u00f3pias dos documentos foram enviadas para os presidentes da FIFA, Gianni Infantino, e da Conmebol, Alejandro Dom\u00ednguez.<\/p>\n<p>O combate ao racismo \u00e9 uma das prioridades da CBF, a primeira confedera\u00e7\u00e3o a implementar puni\u00e7\u00e3o desportiva em seu Regulamento Geral de Competi\u00e7\u00f5es para casos de racismo.<\/p>\n<p>Na quinta-feira (6), o presidente da CBF, Ednaldo Rodrigues, j\u00e1 havia manifestado sua solidariedade:<\/p>\n<p>&#8220;\u00c9 chocante assistir cenas como essas. Racismo \u00e9 crime e deve ser combatido por todos. Sei do tamanho da dor sofrida pelo Luighi. Basta de racistas no futebol. A CBF vai representar na Conmebol pedindo puni\u00e7\u00f5es en\u00e9rgicas&#8221;, afirmou Rodrigues, ap\u00f3s a partida entre Palmeiras e Cerro Porte\u00f1o. Ele \u00e9 o primeiro presidente negro e nordestino a comandar a entidade.<\/p>\n<figure id=\"attachment_48595\" aria-describedby=\"caption-attachment-48595\" style=\"width: 720px\" class=\"wp-caption alignnone\"><img data-recalc-dims=\"1\" loading=\"lazy\" decoding=\"async\" data-attachment-id=\"48595\" data-permalink=\"https:\/\/blogdoprosperi.com\/?attachment_id=48595\" data-orig-file=\"https:\/\/i0.wp.com\/blogdoprosperi.com\/wp-content\/uploads\/2025\/03\/captura-de-tela-2025-03-06-as-22.52.40.png?fit=1154%2C642&amp;ssl=1\" data-orig-size=\"1154,642\" data-comments-opened=\"1\" data-image-meta=\"{&quot;aperture&quot;:&quot;0&quot;,&quot;credit&quot;:&quot;&quot;,&quot;camera&quot;:&quot;&quot;,&quot;caption&quot;:&quot;&quot;,&quot;created_timestamp&quot;:&quot;0&quot;,&quot;copyright&quot;:&quot;&quot;,&quot;focal_length&quot;:&quot;0&quot;,&quot;iso&quot;:&quot;0&quot;,&quot;shutter_speed&quot;:&quot;0&quot;,&quot;title&quot;:&quot;&quot;,&quot;orientation&quot;:&quot;0&quot;}\" data-image-title=\"Luighi contra o Racismo\" data-image-description=\"\" data-image-caption=\"&lt;p&gt;Luighi chora e cobra atitude contra racismo \u2013 foto: reprodu\u00e7\u00e3o TV&lt;\/p&gt;\n\" data-large-file=\"https:\/\/i0.wp.com\/blogdoprosperi.com\/wp-content\/uploads\/2025\/03\/captura-de-tela-2025-03-06-as-22.52.40.png?fit=940%2C523&amp;ssl=1\" class=\"size-large wp-image-48595\" src=\"https:\/\/i0.wp.com\/blogdoprosperi.com\/wp-content\/uploads\/2025\/03\/captura-de-tela-2025-03-06-as-22.52.40.png?resize=720%2C401&#038;ssl=1\" alt=\"\" width=\"720\" height=\"401\" \/><figcaption id=\"caption-attachment-48595\" class=\"wp-caption-text\"><em>Luighi chora e cobra atitude contra racismo \u2013 foto: reprodu\u00e7\u00e3o TV<\/em><\/figcaption><\/figure>\n<hr \/>\n<p><strong>BASTIDORES DO ATAQUE RACISTA A \u00a0LUIGHI<\/strong><\/p>\n<p><strong><em>Acompanhe depoimento de Jo\u00e3o Paulo Sampaio, diretor das Categorias de Base do Palmeiras:<\/em><\/strong><\/p>\n<p><em>\u201cPrimeiro a gente acolheu para que ele se acalmasse. Claro, a gente come\u00e7ou a reivindicar tamb\u00e9m com a pr\u00f3pria pol\u00edcia e com o terceiro \u00e1rbitro, mas o pr\u00f3prio banco do Cerro estava indo contra, querendo que mirasse para o jogo e tentando entender que aquilo era normal. E que \u00e9 normal no pa\u00eds, eles acham que \u00e9 uma provoca\u00e7\u00e3o. Na lei de 27\/11 do ano passado, de 2024, o presidente Santiago Penha (do Paraguai) ele fala s\u00f3 em prevenir, aqui (no Paraguai) n\u00e3o \u00e9 crime, n\u00e3o tem san\u00e7\u00e3o dura, principalmente em ser um crime como \u00e9 no Brasil.<\/em><\/p>\n<p><img data-recalc-dims=\"1\" loading=\"lazy\" decoding=\"async\" data-attachment-id=\"48595\" data-permalink=\"https:\/\/blogdoprosperi.com\/?attachment_id=48595\" data-orig-file=\"https:\/\/i0.wp.com\/blogdoprosperi.com\/wp-content\/uploads\/2025\/03\/captura-de-tela-2025-03-06-as-22.52.40.png?fit=1154%2C642&amp;ssl=1\" data-orig-size=\"1154,642\" data-comments-opened=\"1\" data-image-meta=\"{&quot;aperture&quot;:&quot;0&quot;,&quot;credit&quot;:&quot;&quot;,&quot;camera&quot;:&quot;&quot;,&quot;caption&quot;:&quot;&quot;,&quot;created_timestamp&quot;:&quot;0&quot;,&quot;copyright&quot;:&quot;&quot;,&quot;focal_length&quot;:&quot;0&quot;,&quot;iso&quot;:&quot;0&quot;,&quot;shutter_speed&quot;:&quot;0&quot;,&quot;title&quot;:&quot;&quot;,&quot;orientation&quot;:&quot;0&quot;}\" data-image-title=\"Luighi contra o Racismo\" data-image-description=\"\" data-image-caption=\"&lt;p&gt;Luighi chora e cobra atitude contra racismo \u2013 foto: reprodu\u00e7\u00e3o TV&lt;\/p&gt;\n\" data-large-file=\"https:\/\/i0.wp.com\/blogdoprosperi.com\/wp-content\/uploads\/2025\/03\/captura-de-tela-2025-03-06-as-22.52.40.png?fit=940%2C523&amp;ssl=1\" class=\"size-large wp-image-48595\" src=\"https:\/\/i0.wp.com\/blogdoprosperi.com\/wp-content\/uploads\/2025\/03\/captura-de-tela-2025-03-06-as-22.52.40.png?resize=720%2C401&#038;ssl=1\" alt=\"\" width=\"720\" height=\"401\" \/><\/p>\n<blockquote><p><strong>Parab\u00e9ns pelo posicionamento, mano. \u00c9 triste, mas fique forte. Vamos juntos nessa luta. At\u00e9 quando, Conmebol? Voc\u00eas nunca fazem nada. Nunca!\u201d \u2013 Vini Jr<\/strong><\/p><\/blockquote>\n<p><strong>Abandonar a Libertadores Sub-20<\/strong><\/p>\n<p><em>Se a gente abandona o campo ou se a gente retira a equipe, podia acontecer a mesma coisa que aconteceu com o Bruno Tabata (ex-jogador do Palmeiras), contra a mesma equipe (San Lorenzo), no mesmo pa\u00eds, e o Tabata que foi punido. E o mais importante, eles n\u00e3o v\u00e3o vencer. Eles n\u00e3o ser\u00e3o mais fortes que n\u00f3s. A gente ia perder a oportunidade, porque com certeza se acontece isso a transmiss\u00e3o, que \u00e9 da Conmebol, n\u00e3o ia ter a oportunidade de ouvir Luighi e foi devido a essa fala, a essa emo\u00e7\u00e3o que isso reverberou no mundo todo. N\u00e3o pode ser comum. Essa pessoa j\u00e1 foi identificada, vamos ver, mas no pa\u00eds n\u00e3o \u00e9 crime, ent\u00e3o a gente tem que esperar.<\/em><\/p>\n<p><strong>Indiferen\u00e7a no Paraguai<\/strong><\/p>\n<p><em>A gente n\u00e3o viu ainda nenhum ve\u00edculo, nem coment\u00e1rios no hotel ou no pa\u00eds sobre o assunto. Como eu disse, procurei me informar se era uma lei ou um crime. Eu sei que tem uma fala do presidente falando em prevenir, em tentar inserir, principalmente a pessoa de cor diferente, de ra\u00e7a, na sociedade paraguaia, mas s\u00f3 em prevenir. N\u00e3o se fala em nenhuma san\u00e7\u00e3o forte ou em crime, como \u00e9 no Brasil, ent\u00e3o aqui hoje n\u00e3o teve nenhuma repercuss\u00e3o pelos meios, a n\u00e3o ser a carta da Conmebol respondendo no pr\u00f3prio site.<\/em><\/p>\n<figure id=\"attachment_48595-2\" aria-describedby=\"caption-attachment-48595-2\" style=\"width: 720px\" class=\"wp-caption alignnone\"><img data-recalc-dims=\"1\" loading=\"lazy\" decoding=\"async\" data-attachment-id=\"48595\" data-permalink=\"https:\/\/blogdoprosperi.com\/?attachment_id=48595\" data-orig-file=\"https:\/\/i0.wp.com\/blogdoprosperi.com\/wp-content\/uploads\/2025\/03\/captura-de-tela-2025-03-06-as-22.52.40.png?fit=1154%2C642&amp;ssl=1\" data-orig-size=\"1154,642\" data-comments-opened=\"1\" data-image-meta=\"{&quot;aperture&quot;:&quot;0&quot;,&quot;credit&quot;:&quot;&quot;,&quot;camera&quot;:&quot;&quot;,&quot;caption&quot;:&quot;&quot;,&quot;created_timestamp&quot;:&quot;0&quot;,&quot;copyright&quot;:&quot;&quot;,&quot;focal_length&quot;:&quot;0&quot;,&quot;iso&quot;:&quot;0&quot;,&quot;shutter_speed&quot;:&quot;0&quot;,&quot;title&quot;:&quot;&quot;,&quot;orientation&quot;:&quot;0&quot;}\" data-image-title=\"Luighi contra o Racismo\" data-image-description=\"\" data-image-caption=\"&lt;p&gt;Luighi chora e cobra atitude contra racismo \u2013 foto: reprodu\u00e7\u00e3o TV&lt;\/p&gt;\n\" data-large-file=\"https:\/\/i0.wp.com\/blogdoprosperi.com\/wp-content\/uploads\/2025\/03\/captura-de-tela-2025-03-06-as-22.52.40.png?fit=940%2C523&amp;ssl=1\" class=\"size-large wp-image-48595\" src=\"https:\/\/i0.wp.com\/blogdoprosperi.com\/wp-content\/uploads\/2025\/03\/captura-de-tela-2025-03-06-as-22.52.40.png?resize=720%2C401&#038;ssl=1\" alt=\"\" width=\"720\" height=\"401\" \/><figcaption id=\"caption-attachment-48595-2\" class=\"wp-caption-text\"><em>Luighi chora e cobra atitude contra racismo \u2013 foto: reprodu\u00e7\u00e3o TV<\/em><\/figcaption><\/figure>\n<p><strong>Palmeiras Cobra CBF e Conmebol<\/strong><\/p>\n<p><em>Nossa presidente, Leila Pereira, ontem ligou para o presidente da CBF, ligou para o presidente da Conmebol, ela ficou muito revoltada ontem. Qualquer tipo de discrimina\u00e7\u00e3o, independente do racismo, ela \u00e9 muito ruim. A presidente, por ser mulher, ela j\u00e1 passa por isso tamb\u00e9m em algumas situa\u00e7\u00f5es, eu j\u00e1 passei por isso. Quando eu cheguei em S\u00e3o Paulo, sou nordestino e tive aquele primeiro olhar de diferen\u00e7a. \u201cSer\u00e1 que ele vai conseguir aqui?\u201d O que aconteceu com o Vini quando ele chegou tamb\u00e9m l\u00e1. S\u00f3 que voc\u00ea vai ganhando prest\u00edgio na \u00e1rea profissional e sua voz vai tendo mais for\u00e7a para voc\u00ea conseguir combater qualquer tipo de discrimina\u00e7\u00e3o.<\/em><\/p>\n<p><strong>A\u00e7\u00e3o da Fam\u00edlia de Luighi<\/strong><\/p>\n<p><em>Ligaram para os pais de Luighi, para o pai e para a m\u00e3e. A m\u00e3e estava bem chocada, chorando, mas falaram com os pais de Luighi, mas est\u00e3o cobrando tanto da Conmebol como da CBF a puni\u00e7\u00e3o ou a atitude mais firme. Mas isso ontem \u00e0 noite, a diretoria toda do Palmeiras foi bem presente para que a gente primeiro acolhesse o atleta e a fam\u00edlia dele, mas depois cobrasse as autoridades respons\u00e1veis.<\/em><\/p>\n<figure id=\"attachment_48595-3\" aria-describedby=\"caption-attachment-48595-3\" style=\"width: 720px\" class=\"wp-caption alignnone\"><img data-recalc-dims=\"1\" loading=\"lazy\" decoding=\"async\" data-attachment-id=\"48595\" data-permalink=\"https:\/\/blogdoprosperi.com\/?attachment_id=48595\" data-orig-file=\"https:\/\/i0.wp.com\/blogdoprosperi.com\/wp-content\/uploads\/2025\/03\/captura-de-tela-2025-03-06-as-22.52.40.png?fit=1154%2C642&amp;ssl=1\" data-orig-size=\"1154,642\" data-comments-opened=\"1\" data-image-meta=\"{&quot;aperture&quot;:&quot;0&quot;,&quot;credit&quot;:&quot;&quot;,&quot;camera&quot;:&quot;&quot;,&quot;caption&quot;:&quot;&quot;,&quot;created_timestamp&quot;:&quot;0&quot;,&quot;copyright&quot;:&quot;&quot;,&quot;focal_length&quot;:&quot;0&quot;,&quot;iso&quot;:&quot;0&quot;,&quot;shutter_speed&quot;:&quot;0&quot;,&quot;title&quot;:&quot;&quot;,&quot;orientation&quot;:&quot;0&quot;}\" data-image-title=\"Luighi contra o Racismo\" data-image-description=\"\" data-image-caption=\"&lt;p&gt;Luighi chora e cobra atitude contra racismo \u2013 foto: reprodu\u00e7\u00e3o TV&lt;\/p&gt;\n\" data-large-file=\"https:\/\/i0.wp.com\/blogdoprosperi.com\/wp-content\/uploads\/2025\/03\/captura-de-tela-2025-03-06-as-22.52.40.png?fit=940%2C523&amp;ssl=1\" class=\"size-large wp-image-48595\" src=\"https:\/\/i0.wp.com\/blogdoprosperi.com\/wp-content\/uploads\/2025\/03\/captura-de-tela-2025-03-06-as-22.52.40.png?resize=720%2C401&#038;ssl=1\" alt=\"\" width=\"720\" height=\"401\" \/><figcaption id=\"caption-attachment-48595-3\" class=\"wp-caption-text\"><em>Luighi chora e cobra atitude contra racismo \u2013 foto: reprodu\u00e7\u00e3o TV<\/em><\/figcaption><\/figure>\n<p><strong>Meninos mais Fortes<\/strong><\/p>\n<p><em>Fiquem com a certeza de que isso nos deu mais for\u00e7a na ora\u00e7\u00e3o deles ontem. Isso \u00e9 o que eu falei, eles n\u00e3o vencer\u00e3o, os racistas n\u00e3o vencer\u00e3o, porque do outro lado tem pessoas que ir\u00e3o ser resistentes e mais fortes do que eles. E os meninos ontem, foi de emocionar a ora\u00e7\u00e3o, a gente agora vai com tudo. J\u00e1 estamos classificados para semifinal e com mais for\u00e7a para ir em busca desse t\u00edtulo para o Palmeiras e para o Brasil. Mas, acima de tudo, esperando que tenha uma puni\u00e7\u00e3o severa aos culpados\u201d.<\/em><\/p>\n<figure id=\"attachment_48595-4\" aria-describedby=\"caption-attachment-48595-4\" style=\"width: 720px\" class=\"wp-caption alignnone\"><img data-recalc-dims=\"1\" loading=\"lazy\" decoding=\"async\" data-attachment-id=\"48595\" data-permalink=\"https:\/\/blogdoprosperi.com\/?attachment_id=48595\" data-orig-file=\"https:\/\/i0.wp.com\/blogdoprosperi.com\/wp-content\/uploads\/2025\/03\/captura-de-tela-2025-03-06-as-22.52.40.png?fit=1154%2C642&amp;ssl=1\" data-orig-size=\"1154,642\" data-comments-opened=\"1\" data-image-meta=\"{&quot;aperture&quot;:&quot;0&quot;,&quot;credit&quot;:&quot;&quot;,&quot;camera&quot;:&quot;&quot;,&quot;caption&quot;:&quot;&quot;,&quot;created_timestamp&quot;:&quot;0&quot;,&quot;copyright&quot;:&quot;&quot;,&quot;focal_length&quot;:&quot;0&quot;,&quot;iso&quot;:&quot;0&quot;,&quot;shutter_speed&quot;:&quot;0&quot;,&quot;title&quot;:&quot;&quot;,&quot;orientation&quot;:&quot;0&quot;}\" data-image-title=\"Luighi contra o Racismo\" data-image-description=\"\" data-image-caption=\"&lt;p&gt;Luighi chora e cobra atitude contra racismo \u2013 foto: reprodu\u00e7\u00e3o TV&lt;\/p&gt;\n\" data-large-file=\"https:\/\/i0.wp.com\/blogdoprosperi.com\/wp-content\/uploads\/2025\/03\/captura-de-tela-2025-03-06-as-22.52.40.png?fit=940%2C523&amp;ssl=1\" class=\"size-large wp-image-48595\" src=\"https:\/\/i0.wp.com\/blogdoprosperi.com\/wp-content\/uploads\/2025\/03\/captura-de-tela-2025-03-06-as-22.52.40.png?resize=720%2C401&#038;ssl=1\" alt=\"\" width=\"720\" height=\"401\" \/><figcaption id=\"caption-attachment-48595-4\" class=\"wp-caption-text\"><em>Luighi chora e cobra atitude contra racismo \u2013 foto: reprodu\u00e7\u00e3o TV<\/em><\/figcaption><\/figure>\n","protected":false},"excerpt":{"rendered":"<p>CBF envia den\u00fancia \u00e0 Conmebol pedindo puni\u00e7\u00e3o aos torcedores e exclus\u00e3o do Cerro Porte\u00f1o da Libertadores Sub-20 Presidenta [&hellip;]<\/p>\n","protected":false},"author":102107496,"featured_media":48633,"comment_status":"open","ping_status":"open","sticky":false,"template":"","format":"standard","meta":{"_coblocks_attr":"","_coblocks_dimensions":"","_coblocks_responsive_height":"","_coblocks_accordion_ie_support":"","_jetpack_newsletter_access":"","_jetpack_dont_email_post_to_subs":false,"_jetpack_newsletter_tier_id":0,"_jetpack_memberships_contains_paywalled_content":false,"_wpcom_ai_launchpad_first_post":false,"_jetpack_feature_clip_id":0,"_jetpack_memberships_contains_paid_content":false,"footnotes":"","jetpack_publicize_message":"","jetpack_publicize_feature_enabled":true,"jetpack_social_post_already_shared":false,"jetpack_social_options":{"image_generator_settings":{"template":"highway","default_image_id":0,"font":"","enabled":false},"version":2},"jetpack_post_was_ever_published":false},"categories":[53870,20384],"tags":[789560569,535722,789560563,789560560,57784134,19333291,789560573,287104,789560561],"class_list":["post-48620","post","type-post","status-publish","format-standard","has-post-thumbnail","hentry","category-futebol","category-informacao","tag-cbf","tag-conmebol","tag-fifa","tag-futebol","tag-leila-pereira","tag-luighi","tag-luiz-antonio-prosperi","tag-palmeiras","tag-racismo"],"yoast_head":"<!-- This site is optimized with the Yoast SEO plugin v28.3 - https:\/\/yoast.com\/product\/yoast-seo-wordpress\/ -->\n<title>Luighi | CBF e Palmeiras Pedem Exclus\u00e3o do Cerro por Racismo e Apelam \u00e0 Fifa - PR\u00d3SPERI NEWS<\/title>\n<meta name=\"robots\" content=\"index, follow, max-snippet:-1, max-image-preview:large, max-video-preview:-1\" \/>\n<link rel=\"canonical\" href=\"https:\/\/blogdoprosperi.com\/?p=48620\" \/>\n<meta property=\"og:locale\" content=\"pt_BR\" \/>\n<meta property=\"og:type\" content=\"article\" \/>\n<meta property=\"og:title\" content=\"Luighi | CBF e Palmeiras Pedem Exclus\u00e3o do Cerro por Racismo e Apelam \u00e0 Fifa - PR\u00d3SPERI NEWS\" \/>\n<meta property=\"og:description\" content=\"CBF envia den\u00fancia \u00e0 Conmebol pedindo puni\u00e7\u00e3o aos torcedores e exclus\u00e3o do Cerro Porte\u00f1o da Libertadores Sub-20 Presidenta [&hellip;]\" \/>\n<meta property=\"og:url\" content=\"https:\/\/blogdoprosperi.com\/?p=48620\" \/>\n<meta property=\"og:site_name\" content=\"PR\u00d3SPERI NEWS\" \/>\n<meta property=\"article:publisher\" content=\"Luiz Pr\u00f3speri\" \/>\n<meta property=\"article:author\" content=\"Luiz Pr\u00f3speri\" \/>\n<meta property=\"article:published_time\" content=\"2025-03-07T17:30:00+00:00\" \/>\n<meta property=\"article:modified_time\" content=\"2025-03-07T21:52:57+00:00\" \/>\n<meta property=\"og:image\" content=\"https:\/\/i0.wp.com\/blogdoprosperi.com\/wp-content\/uploads\/2025\/03\/captura-de-tela-2025-03-07-as-14.21.16.png?fit=1492%2C922&ssl=1\" \/>\n\t<meta property=\"og:image:width\" content=\"1492\" \/>\n\t<meta property=\"og:image:height\" content=\"922\" \/>\n\t<meta property=\"og:image:type\" content=\"image\/png\" \/>\n<meta name=\"author\" content=\"Luiz Ant\u00f4nio Pr\u00f3speri\" \/>\n<meta name=\"twitter:card\" content=\"summary_large_image\" \/>\n<meta name=\"twitter:creator\" content=\"@Luizprosperi\" \/>\n<meta name=\"twitter:site\" content=\"@Luizprosperi\" \/>\n<meta name=\"twitter:label1\" content=\"Escrito por\" \/>\n\t<meta name=\"twitter:data1\" content=\"Luiz Ant\u00f4nio Pr\u00f3speri\" \/>\n\t<meta name=\"twitter:label2\" content=\"Est. tempo de leitura\" \/>\n\t<meta name=\"twitter:data2\" content=\"7 minutos\" \/>\n<script type=\"application\/ld+json\" class=\"yoast-schema-graph\">{\"@context\":\"https:\\\/\\\/schema.org\",\"@graph\":[{\"@type\":\"Article\",\"@id\":\"https:\\\/\\\/blogdoprosperi.com\\\/?p=48620#article\",\"isPartOf\":{\"@id\":\"https:\\\/\\\/blogdoprosperi.com\\\/?p=48620\"},\"author\":{\"name\":\"Luiz Ant\u00f4nio Pr\u00f3speri\",\"@id\":\"https:\\\/\\\/blogdoprosperi.com\\\/#\\\/schema\\\/person\\\/38100755ce3601861ee4fab9b5aa78e9\"},\"headline\":\"Luighi | CBF e Palmeiras Pedem Exclus\u00e3o do Cerro por Racismo e Apelam \u00e0 Fifa\",\"datePublished\":\"2025-03-07T17:30:00+00:00\",\"dateModified\":\"2025-03-07T21:52:57+00:00\",\"mainEntityOfPage\":{\"@id\":\"https:\\\/\\\/blogdoprosperi.com\\\/?p=48620\"},\"wordCount\":1388,\"commentCount\":2,\"publisher\":{\"@id\":\"https:\\\/\\\/blogdoprosperi.com\\\/#\\\/schema\\\/person\\\/38100755ce3601861ee4fab9b5aa78e9\"},\"image\":{\"@id\":\"https:\\\/\\\/blogdoprosperi.com\\\/?p=48620#primaryimage\"},\"thumbnailUrl\":\"https:\\\/\\\/i0.wp.com\\\/blogdoprosperi.com\\\/wp-content\\\/uploads\\\/2025\\\/03\\\/captura-de-tela-2025-03-07-as-14.21.16.png?fit=1492%2C922&ssl=1\",\"keywords\":[\"CBF\",\"Conmebol\",\"Fifa\",\"futebol\",\"Leila Pereira\",\"luighi\",\"Luiz Ant\u00f4nio Pr\u00f3speri\",\"Palmeiras\",\"racismo\"],\"articleSection\":[\"futebol\",\"informa\u00e7\u00e3o\"],\"inLanguage\":\"pt-BR\",\"potentialAction\":[{\"@type\":\"CommentAction\",\"name\":\"Comment\",\"target\":[\"https:\\\/\\\/blogdoprosperi.com\\\/?p=48620#respond\"]}]},{\"@type\":\"WebPage\",\"@id\":\"https:\\\/\\\/blogdoprosperi.com\\\/?p=48620\",\"url\":\"https:\\\/\\\/blogdoprosperi.com\\\/?p=48620\",\"name\":\"Luighi | CBF e Palmeiras Pedem Exclus\u00e3o do Cerro por Racismo e Apelam \u00e0 Fifa - PR\u00d3SPERI NEWS\",\"isPartOf\":{\"@id\":\"https:\\\/\\\/blogdoprosperi.com\\\/#website\"},\"primaryImageOfPage\":{\"@id\":\"https:\\\/\\\/blogdoprosperi.com\\\/?p=48620#primaryimage\"},\"image\":{\"@id\":\"https:\\\/\\\/blogdoprosperi.com\\\/?p=48620#primaryimage\"},\"thumbnailUrl\":\"https:\\\/\\\/i0.wp.com\\\/blogdoprosperi.com\\\/wp-content\\\/uploads\\\/2025\\\/03\\\/captura-de-tela-2025-03-07-as-14.21.16.png?fit=1492%2C922&ssl=1\",\"datePublished\":\"2025-03-07T17:30:00+00:00\",\"dateModified\":\"2025-03-07T21:52:57+00:00\",\"breadcrumb\":{\"@id\":\"https:\\\/\\\/blogdoprosperi.com\\\/?p=48620#breadcrumb\"},\"inLanguage\":\"pt-BR\",\"potentialAction\":[{\"@type\":\"ReadAction\",\"target\":[\"https:\\\/\\\/blogdoprosperi.com\\\/?p=48620\"]}]},{\"@type\":\"ImageObject\",\"inLanguage\":\"pt-BR\",\"@id\":\"https:\\\/\\\/blogdoprosperi.com\\\/?p=48620#primaryimage\",\"url\":\"https:\\\/\\\/i0.wp.com\\\/blogdoprosperi.com\\\/wp-content\\\/uploads\\\/2025\\\/03\\\/captura-de-tela-2025-03-07-as-14.21.16.png?fit=1492%2C922&ssl=1\",\"contentUrl\":\"https:\\\/\\\/i0.wp.com\\\/blogdoprosperi.com\\\/wp-content\\\/uploads\\\/2025\\\/03\\\/captura-de-tela-2025-03-07-as-14.21.16.png?fit=1492%2C922&ssl=1\",\"width\":1492,\"height\":922},{\"@type\":\"BreadcrumbList\",\"@id\":\"https:\\\/\\\/blogdoprosperi.com\\\/?p=48620#breadcrumb\",\"itemListElement\":[{\"@type\":\"ListItem\",\"position\":1,\"name\":\"In\u00edcio\",\"item\":\"https:\\\/\\\/blogdoprosperi.com\\\/\"},{\"@type\":\"ListItem\",\"position\":2,\"name\":\"Luighi | CBF e Palmeiras Pedem Exclus\u00e3o do Cerro por Racismo e Apelam \u00e0 Fifa\"}]},{\"@type\":\"WebSite\",\"@id\":\"https:\\\/\\\/blogdoprosperi.com\\\/#website\",\"url\":\"https:\\\/\\\/blogdoprosperi.com\\\/\",\"name\":\"PR\u00d3SPERI NEWS\",\"description\":\"TUDO \u00c9  FUTEBOL\",\"publisher\":{\"@id\":\"https:\\\/\\\/blogdoprosperi.com\\\/#\\\/schema\\\/person\\\/38100755ce3601861ee4fab9b5aa78e9\"},\"alternateName\":\"blogdoprosperi.com\",\"potentialAction\":[{\"@type\":\"SearchAction\",\"target\":{\"@type\":\"EntryPoint\",\"urlTemplate\":\"https:\\\/\\\/blogdoprosperi.com\\\/?s={search_term_string}\"},\"query-input\":{\"@type\":\"PropertyValueSpecification\",\"valueRequired\":true,\"valueName\":\"search_term_string\"}}],\"inLanguage\":\"pt-BR\"},{\"@type\":[\"Person\",\"Organization\"],\"@id\":\"https:\\\/\\\/blogdoprosperi.com\\\/#\\\/schema\\\/person\\\/38100755ce3601861ee4fab9b5aa78e9\",\"name\":\"Luiz Ant\u00f4nio Pr\u00f3speri\",\"pronouns\":\"ele\",\"image\":{\"@type\":\"ImageObject\",\"inLanguage\":\"pt-BR\",\"@id\":\"https:\\\/\\\/i0.wp.com\\\/blogdoprosperi.com\\\/wp-content\\\/uploads\\\/2026\\\/05\\\/cropped-8059e613-6002-42fa-961e-8e275f575d71-2-5.jpg?fit=1360%2C931&ssl=1\",\"url\":\"https:\\\/\\\/i0.wp.com\\\/blogdoprosperi.com\\\/wp-content\\\/uploads\\\/2026\\\/05\\\/cropped-8059e613-6002-42fa-961e-8e275f575d71-2-5.jpg?fit=1360%2C931&ssl=1\",\"contentUrl\":\"https:\\\/\\\/i0.wp.com\\\/blogdoprosperi.com\\\/wp-content\\\/uploads\\\/2026\\\/05\\\/cropped-8059e613-6002-42fa-961e-8e275f575d71-2-5.jpg?fit=1360%2C931&ssl=1\",\"width\":1360,\"height\":931,\"caption\":\"Luiz Ant\u00f4nio Pr\u00f3speri\"},\"logo\":{\"@id\":\"https:\\\/\\\/i0.wp.com\\\/blogdoprosperi.com\\\/wp-content\\\/uploads\\\/2026\\\/05\\\/cropped-8059e613-6002-42fa-961e-8e275f575d71-2-5.jpg?fit=1360%2C931&ssl=1\"},\"description\":\"Jornalista com carreira dedicada ao esporte. Cobriu 9 Copas do Mundo in loco, 1990 na It\u00e1lia, 1994 nos EUA, 1998 na Fran\u00e7a, 2002 na Coreia do Sul e Jap\u00e3o, 2006 na Alemanha, 2010 na \u00c1frica do Sul, 2014 no Brasil, 2018 na R\u00fassia e 2022 no Qatar. Eurocopas, 1992 na Su\u00e9cia e 1996 na Inglaterra. Copa das Confedera\u00e7\u00f5es de 2005 na Alemanha e 2009 na \u00c1frica do Sul. Rep\u00f3rter e Editor, trabalhou no Jornal da Tarde e Estad\u00e3o, de 1984 a fevereiro de 2016. Colunista, blogueiro. E comentarista de futebol na R\u00e1dio Estad\u00e3o, de 2013 a fevereiro de 2016. Jornalista respons\u00e1vel do \\\"Pr\u00f3speri News\\\" (blogdoprosperi.com).\",\"sameAs\":[\"http:\\\/\\\/blogdoprosperi.com\",\"Luiz Pr\u00f3speri\",\"@luiz_prosperi\",\"https:\\\/\\\/x.com\\\/Luizprosperi\",\"@prosperinacopa\",\"luiz.prosperi@icloud.com\"],\"url\":\"https:\\\/\\\/blogdoprosperi.com\\\/?author=102107496\"}]}<\/script>\n<!-- \/ Yoast SEO plugin. -->","yoast_head_json":{"title":"Luighi | CBF e Palmeiras Pedem Exclus\u00e3o do Cerro por Racismo e Apelam \u00e0 Fifa - PR\u00d3SPERI NEWS","robots":{"index":"index","follow":"follow","max-snippet":"max-snippet:-1","max-image-preview":"max-image-preview:large","max-video-preview":"max-video-preview:-1"},"canonical":"https:\/\/blogdoprosperi.com\/?p=48620","og_locale":"pt_BR","og_type":"article","og_title":"Luighi | CBF e Palmeiras Pedem Exclus\u00e3o do Cerro por Racismo e Apelam \u00e0 Fifa - PR\u00d3SPERI NEWS","og_description":"CBF envia den\u00fancia \u00e0 Conmebol pedindo puni\u00e7\u00e3o aos torcedores e exclus\u00e3o do Cerro Porte\u00f1o da Libertadores Sub-20 Presidenta [&hellip;]","og_url":"https:\/\/blogdoprosperi.com\/?p=48620","og_site_name":"PR\u00d3SPERI NEWS","article_publisher":"Luiz Pr\u00f3speri","article_author":"Luiz Pr\u00f3speri","article_published_time":"2025-03-07T17:30:00+00:00","article_modified_time":"2025-03-07T21:52:57+00:00","og_image":[{"width":1492,"height":922,"url":"https:\/\/i0.wp.com\/blogdoprosperi.com\/wp-content\/uploads\/2025\/03\/captura-de-tela-2025-03-07-as-14.21.16.png?fit=1492%2C922&ssl=1","type":"image\/png"}],"author":"Luiz Ant\u00f4nio Pr\u00f3speri","twitter_card":"summary_large_image","twitter_creator":"@Luizprosperi","twitter_site":"@Luizprosperi","twitter_misc":{"Escrito por":"Luiz Ant\u00f4nio Pr\u00f3speri","Est. tempo de leitura":"7 minutos"},"schema":{"@context":"https:\/\/schema.org","@graph":[{"@type":"Article","@id":"https:\/\/blogdoprosperi.com\/?p=48620#article","isPartOf":{"@id":"https:\/\/blogdoprosperi.com\/?p=48620"},"author":{"name":"Luiz Ant\u00f4nio Pr\u00f3speri","@id":"https:\/\/blogdoprosperi.com\/#\/schema\/person\/38100755ce3601861ee4fab9b5aa78e9"},"headline":"Luighi | CBF e Palmeiras Pedem Exclus\u00e3o do Cerro por Racismo e Apelam \u00e0 Fifa","datePublished":"2025-03-07T17:30:00+00:00","dateModified":"2025-03-07T21:52:57+00:00","mainEntityOfPage":{"@id":"https:\/\/blogdoprosperi.com\/?p=48620"},"wordCount":1388,"commentCount":2,"publisher":{"@id":"https:\/\/blogdoprosperi.com\/#\/schema\/person\/38100755ce3601861ee4fab9b5aa78e9"},"image":{"@id":"https:\/\/blogdoprosperi.com\/?p=48620#primaryimage"},"thumbnailUrl":"https:\/\/i0.wp.com\/blogdoprosperi.com\/wp-content\/uploads\/2025\/03\/captura-de-tela-2025-03-07-as-14.21.16.png?fit=1492%2C922&ssl=1","keywords":["CBF","Conmebol","Fifa","futebol","Leila Pereira","luighi","Luiz Ant\u00f4nio Pr\u00f3speri","Palmeiras","racismo"],"articleSection":["futebol","informa\u00e7\u00e3o"],"inLanguage":"pt-BR","potentialAction":[{"@type":"CommentAction","name":"Comment","target":["https:\/\/blogdoprosperi.com\/?p=48620#respond"]}]},{"@type":"WebPage","@id":"https:\/\/blogdoprosperi.com\/?p=48620","url":"https:\/\/blogdoprosperi.com\/?p=48620","name":"Luighi | CBF e Palmeiras Pedem Exclus\u00e3o do Cerro por Racismo e Apelam \u00e0 Fifa - PR\u00d3SPERI NEWS","isPartOf":{"@id":"https:\/\/blogdoprosperi.com\/#website"},"primaryImageOfPage":{"@id":"https:\/\/blogdoprosperi.com\/?p=48620#primaryimage"},"image":{"@id":"https:\/\/blogdoprosperi.com\/?p=48620#primaryimage"},"thumbnailUrl":"https:\/\/i0.wp.com\/blogdoprosperi.com\/wp-content\/uploads\/2025\/03\/captura-de-tela-2025-03-07-as-14.21.16.png?fit=1492%2C922&ssl=1","datePublished":"2025-03-07T17:30:00+00:00","dateModified":"2025-03-07T21:52:57+00:00","breadcrumb":{"@id":"https:\/\/blogdoprosperi.com\/?p=48620#breadcrumb"},"inLanguage":"pt-BR","potentialAction":[{"@type":"ReadAction","target":["https:\/\/blogdoprosperi.com\/?p=48620"]}]},{"@type":"ImageObject","inLanguage":"pt-BR","@id":"https:\/\/blogdoprosperi.com\/?p=48620#primaryimage","url":"https:\/\/i0.wp.com\/blogdoprosperi.com\/wp-content\/uploads\/2025\/03\/captura-de-tela-2025-03-07-as-14.21.16.png?fit=1492%2C922&ssl=1","contentUrl":"https:\/\/i0.wp.com\/blogdoprosperi.com\/wp-content\/uploads\/2025\/03\/captura-de-tela-2025-03-07-as-14.21.16.png?fit=1492%2C922&ssl=1","width":1492,"height":922},{"@type":"BreadcrumbList","@id":"https:\/\/blogdoprosperi.com\/?p=48620#breadcrumb","itemListElement":[{"@type":"ListItem","position":1,"name":"In\u00edcio","item":"https:\/\/blogdoprosperi.com\/"},{"@type":"ListItem","position":2,"name":"Luighi | CBF e Palmeiras Pedem Exclus\u00e3o do Cerro por Racismo e Apelam \u00e0 Fifa"}]},{"@type":"WebSite","@id":"https:\/\/blogdoprosperi.com\/#website","url":"https:\/\/blogdoprosperi.com\/","name":"PR\u00d3SPERI NEWS","description":"TUDO \u00c9  FUTEBOL","publisher":{"@id":"https:\/\/blogdoprosperi.com\/#\/schema\/person\/38100755ce3601861ee4fab9b5aa78e9"},"alternateName":"blogdoprosperi.com","potentialAction":[{"@type":"SearchAction","target":{"@type":"EntryPoint","urlTemplate":"https:\/\/blogdoprosperi.com\/?s={search_term_string}"},"query-input":{"@type":"PropertyValueSpecification","valueRequired":true,"valueName":"search_term_string"}}],"inLanguage":"pt-BR"},{"@type":["Person","Organization"],"@id":"https:\/\/blogdoprosperi.com\/#\/schema\/person\/38100755ce3601861ee4fab9b5aa78e9","name":"Luiz Ant\u00f4nio Pr\u00f3speri","pronouns":"ele","image":{"@type":"ImageObject","inLanguage":"pt-BR","@id":"https:\/\/i0.wp.com\/blogdoprosperi.com\/wp-content\/uploads\/2026\/05\/cropped-8059e613-6002-42fa-961e-8e275f575d71-2-5.jpg?fit=1360%2C931&ssl=1","url":"https:\/\/i0.wp.com\/blogdoprosperi.com\/wp-content\/uploads\/2026\/05\/cropped-8059e613-6002-42fa-961e-8e275f575d71-2-5.jpg?fit=1360%2C931&ssl=1","contentUrl":"https:\/\/i0.wp.com\/blogdoprosperi.com\/wp-content\/uploads\/2026\/05\/cropped-8059e613-6002-42fa-961e-8e275f575d71-2-5.jpg?fit=1360%2C931&ssl=1","width":1360,"height":931,"caption":"Luiz Ant\u00f4nio Pr\u00f3speri"},"logo":{"@id":"https:\/\/i0.wp.com\/blogdoprosperi.com\/wp-content\/uploads\/2026\/05\/cropped-8059e613-6002-42fa-961e-8e275f575d71-2-5.jpg?fit=1360%2C931&ssl=1"},"description":"Jornalista com carreira dedicada ao esporte. Cobriu 9 Copas do Mundo in loco, 1990 na It\u00e1lia, 1994 nos EUA, 1998 na Fran\u00e7a, 2002 na Coreia do Sul e Jap\u00e3o, 2006 na Alemanha, 2010 na \u00c1frica do Sul, 2014 no Brasil, 2018 na R\u00fassia e 2022 no Qatar. Eurocopas, 1992 na Su\u00e9cia e 1996 na Inglaterra. Copa das Confedera\u00e7\u00f5es de 2005 na Alemanha e 2009 na \u00c1frica do Sul. Rep\u00f3rter e Editor, trabalhou no Jornal da Tarde e Estad\u00e3o, de 1984 a fevereiro de 2016. Colunista, blogueiro. E comentarista de futebol na R\u00e1dio Estad\u00e3o, de 2013 a fevereiro de 2016. Jornalista respons\u00e1vel do \"Pr\u00f3speri News\" (blogdoprosperi.com).","sameAs":["http:\/\/blogdoprosperi.com","Luiz Pr\u00f3speri","@luiz_prosperi","https:\/\/x.com\/Luizprosperi","@prosperinacopa","luiz.prosperi@icloud.com"],"url":"https:\/\/blogdoprosperi.com\/?author=102107496"}]}},"jetpack_publicize_connections":[],"jetpack_likes_enabled":false,"jetpack_sharing_enabled":true,"jetpack_shortlink":"https:\/\/wp.me\/p7jvdk-cEc","jetpack-related-posts":[{"id":48733,"url":"https:\/\/blogdoprosperi.com\/?p=48733","url_meta":{"origin":48620,"position":0},"title":"Luighi Corre Risco de Sofrer Novo Crime Racista Ap\u00f3s Puni\u00e7\u00e3o Branda da Conmebol ao Cerro Porte\u00f1o","author":"Luiz Ant\u00f4nio Pr\u00f3speri","date":"9 de mar\u00e7o de 2025","format":false,"excerpt":"Conmebol, com rid\u00edcula puni\u00e7\u00e3o ao Cerro Porte\u00f1o, antecipa salvo-conduto a criminosos racistas no Paraguai Palmeiras anuncia que vai recorrer \u00e0 Fifa pedindo san\u00e7\u00e3o mais severa ao Cerro Porte\u00f1o Luiz Ant\u00f4nio Pr\u00f3speri \u2013 9 de mar\u00e7o (16h48) \u2013 Cerro Porte\u00f1o \u00e9 multado em 50 mil d\u00f3lares (R$ 288 mil) \u2013 a\u2026","rel":"","context":"Em &quot;futebol&quot;","block_context":{"text":"futebol","link":"https:\/\/blogdoprosperi.com\/?cat=53870"},"img":{"alt_text":"Luighi corre risco de sofrer novo ataque racista","src":"https:\/\/i0.wp.com\/blogdoprosperi.com\/wp-content\/uploads\/2025\/03\/54373123004_8e077ded43_c.jpg?fit=800%2C617&ssl=1&resize=350%2C200","width":350,"height":200,"srcset":"https:\/\/i0.wp.com\/blogdoprosperi.com\/wp-content\/uploads\/2025\/03\/54373123004_8e077ded43_c.jpg?fit=800%2C617&ssl=1&resize=350%2C200 1x, https:\/\/i0.wp.com\/blogdoprosperi.com\/wp-content\/uploads\/2025\/03\/54373123004_8e077ded43_c.jpg?fit=800%2C617&ssl=1&resize=525%2C300 1.5x, https:\/\/i0.wp.com\/blogdoprosperi.com\/wp-content\/uploads\/2025\/03\/54373123004_8e077ded43_c.jpg?fit=800%2C617&ssl=1&resize=700%2C400 2x"},"classes":[]},{"id":48695,"url":"https:\/\/blogdoprosperi.com\/?p=48695","url_meta":{"origin":48620,"position":1},"title":"#Cr\u00f4nicaSab\u00e1tica #16 | L\u00e1grimas de Luighi Paralisam o Futebol","author":"Luiz Ant\u00f4nio Pr\u00f3speri","date":"8 de mar\u00e7o de 2025","format":false,"excerpt":"Luiz Ant\u00f4nio Pr\u00f3speri \u2013 8 mar\u00e7o (09h15) \u2013 Luighi Hanri Sousa Santos tem 18 anos. Nascido em 30 de abril de 2006 em S\u00e3o Paulo, est\u00e1 no Palmeiras desde os dez anos de idade. Atacante forte, 1,82 m, vive de balan\u00e7ar as redes. Multa contratual imposta pelo clube paulista encosta\u2026","rel":"","context":"Em &quot;futebol&quot;","block_context":{"text":"futebol","link":"https:\/\/blogdoprosperi.com\/?cat=53870"},"img":{"alt_text":"As l\u00e1grimas de Luighi","src":"https:\/\/i0.wp.com\/blogdoprosperi.com\/wp-content\/uploads\/2025\/03\/captura-de-tela-2025-03-07-as-23.20.24.png?fit=1200%2C945&ssl=1&resize=350%2C200","width":350,"height":200,"srcset":"https:\/\/i0.wp.com\/blogdoprosperi.com\/wp-content\/uploads\/2025\/03\/captura-de-tela-2025-03-07-as-23.20.24.png?fit=1200%2C945&ssl=1&resize=350%2C200 1x, https:\/\/i0.wp.com\/blogdoprosperi.com\/wp-content\/uploads\/2025\/03\/captura-de-tela-2025-03-07-as-23.20.24.png?fit=1200%2C945&ssl=1&resize=525%2C300 1.5x, https:\/\/i0.wp.com\/blogdoprosperi.com\/wp-content\/uploads\/2025\/03\/captura-de-tela-2025-03-07-as-23.20.24.png?fit=1200%2C945&ssl=1&resize=700%2C400 2x, https:\/\/i0.wp.com\/blogdoprosperi.com\/wp-content\/uploads\/2025\/03\/captura-de-tela-2025-03-07-as-23.20.24.png?fit=1200%2C945&ssl=1&resize=1050%2C600 3x"},"classes":[]},{"id":48991,"url":"https:\/\/blogdoprosperi.com\/?p=48991","url_meta":{"origin":48620,"position":2},"title":"Racismo | Conmebol: &#8220;Libertadores Sem Brasileiros \u00e9 Tarzan Sem a Chita&#8221;","author":"Luiz Ant\u00f4nio Pr\u00f3speri","date":"18 de mar\u00e7o de 2025","format":false,"excerpt":"Presidente da Conmebol diz que a entidade faz tudo o que est\u00e1 a seu alcance para estancar o racismo em jogos de torneios de sua responsabilidade Libertadores sem clubes brasileiros \u00e9 como \"Tarzan sem a Chita\" Luiz Ant\u00f4nio Pr\u00f3speri \u2013 18 mar\u00e7o (11h05) \u2013 Conmebol aponta com toda transpar\u00eancia e\u2026","rel":"","context":"Em &quot;futebol&quot;","block_context":{"text":"futebol","link":"https:\/\/blogdoprosperi.com\/?cat=53870"},"img":{"alt_text":"Conmebol diz que faz tudo que est\u00e1 a seu alcance contra racismo","src":"https:\/\/i0.wp.com\/blogdoprosperi.com\/wp-content\/uploads\/2025\/03\/captura-de-tela-2025-03-18-as-11.22.36.png?fit=1200%2C731&ssl=1&resize=350%2C200","width":350,"height":200,"srcset":"https:\/\/i0.wp.com\/blogdoprosperi.com\/wp-content\/uploads\/2025\/03\/captura-de-tela-2025-03-18-as-11.22.36.png?fit=1200%2C731&ssl=1&resize=350%2C200 1x, https:\/\/i0.wp.com\/blogdoprosperi.com\/wp-content\/uploads\/2025\/03\/captura-de-tela-2025-03-18-as-11.22.36.png?fit=1200%2C731&ssl=1&resize=525%2C300 1.5x, https:\/\/i0.wp.com\/blogdoprosperi.com\/wp-content\/uploads\/2025\/03\/captura-de-tela-2025-03-18-as-11.22.36.png?fit=1200%2C731&ssl=1&resize=700%2C400 2x, https:\/\/i0.wp.com\/blogdoprosperi.com\/wp-content\/uploads\/2025\/03\/captura-de-tela-2025-03-18-as-11.22.36.png?fit=1200%2C731&ssl=1&resize=1050%2C600 3x"},"classes":[]},{"id":48977,"url":"https:\/\/blogdoprosperi.com\/?p=48977","url_meta":{"origin":48620,"position":3},"title":"Libertadores Sorteio |Grupos Acess\u00edveis e Perspectivas dos Times Brasileiros","author":"Luiz Ant\u00f4nio Pr\u00f3speri","date":"17 de mar\u00e7o de 2025","format":false,"excerpt":"Luiz Antonio Pr\u00f3speri \u2013 17 mar\u00e7o (22h05) \u2013 Libertadores 2025 conhece os oito grupos no sorteio nesta noite de segunda-feira (17\/3) em Assun\u00e7\u00e3o. Divididos em quatro potes, o giro das bolinhas definiu o destino dos clubes. Brasil tem sete representantes. Botafogo, Palmeiras, S\u00e3o Paulo, Fortaleza e Flamengo caem em grupos\u2026","rel":"","context":"Em &quot;futebol&quot;","block_context":{"text":"futebol","link":"https:\/\/blogdoprosperi.com\/?cat=53870"},"img":{"alt_text":"Libertadores 2026","src":"https:\/\/i0.wp.com\/blogdoprosperi.com\/wp-content\/uploads\/2023\/03\/fsrk8i2waaabn_f.jpeg?fit=678%2C452&ssl=1&resize=350%2C200","width":350,"height":200,"srcset":"https:\/\/i0.wp.com\/blogdoprosperi.com\/wp-content\/uploads\/2023\/03\/fsrk8i2waaabn_f.jpeg?fit=678%2C452&ssl=1&resize=350%2C200 1x, https:\/\/i0.wp.com\/blogdoprosperi.com\/wp-content\/uploads\/2023\/03\/fsrk8i2waaabn_f.jpeg?fit=678%2C452&ssl=1&resize=525%2C300 1.5x"},"classes":[]},{"id":50257,"url":"https:\/\/blogdoprosperi.com\/?p=50257","url_meta":{"origin":48620,"position":4},"title":"Leila Pereira Isola Palmeiras do Movimento dos Clubes | Candidata a Presidente da CBF em 2029?","author":"Luiz Ant\u00f4nio Pr\u00f3speri","date":"20 de maio de 2025","format":false,"excerpt":"Luiz Ant\u00f4nio Pr\u00f3speri \u2013 20 maio (13h45) \u2013 Leila Pereira continua fiel ao novo comando da CBF. No primeiro ato, a presidenta do Palmeiras apoia em car\u00e1ter oficial a candidatura de Samir Xaud contrariando posi\u00e7\u00e3o da maioria dos clubes da S\u00e9rie A. No segundo ato, n\u00e3o assina manifesto dos clubes\u2026","rel":"","context":"Em &quot;CBF&quot;","block_context":{"text":"CBF","link":"https:\/\/blogdoprosperi.com\/?cat=570700"},"img":{"alt_text":"","src":"https:\/\/i0.wp.com\/blogdoprosperi.com\/wp-content\/uploads\/2025\/05\/captura-de-tela-2025-05-20-as-13.56.19.png?fit=1200%2C650&ssl=1&resize=350%2C200","width":350,"height":200,"srcset":"https:\/\/i0.wp.com\/blogdoprosperi.com\/wp-content\/uploads\/2025\/05\/captura-de-tela-2025-05-20-as-13.56.19.png?fit=1200%2C650&ssl=1&resize=350%2C200 1x, https:\/\/i0.wp.com\/blogdoprosperi.com\/wp-content\/uploads\/2025\/05\/captura-de-tela-2025-05-20-as-13.56.19.png?fit=1200%2C650&ssl=1&resize=525%2C300 1.5x, https:\/\/i0.wp.com\/blogdoprosperi.com\/wp-content\/uploads\/2025\/05\/captura-de-tela-2025-05-20-as-13.56.19.png?fit=1200%2C650&ssl=1&resize=700%2C400 2x, https:\/\/i0.wp.com\/blogdoprosperi.com\/wp-content\/uploads\/2025\/05\/captura-de-tela-2025-05-20-as-13.56.19.png?fit=1200%2C650&ssl=1&resize=1050%2C600 3x"},"classes":[]},{"id":44288,"url":"https:\/\/blogdoprosperi.com\/?p=44288","url_meta":{"origin":48620,"position":5},"title":"Torcedores do Botafogo Enforcam Bonecos de Leila Pereira e Presidente da CBF","author":"Luiz Ant\u00f4nio Pr\u00f3speri","date":"17 de julho de 2024","format":false,"excerpt":"Luiz Ant\u00f4nio Pr\u00f3speri \u2013 17 julho 2024 \u2013 (20h30) Leila Pereira e John Textor ganham destaque em dois grandes portais da internet brasileira nessa quarta-feira (17\/7). Leila entrevistada no UOL e Textor no ge (globo esporte). As mat\u00e9rias foram ao ar a pelo menos nove horas antes do jogo Botafogo\u2026","rel":"","context":"Em &quot;futebol&quot;","block_context":{"text":"futebol","link":"https:\/\/blogdoprosperi.com\/?cat=53870"},"img":{"alt_text":"","src":"https:\/\/i0.wp.com\/blogdoprosperi.com\/wp-content\/uploads\/2024\/07\/leila-pereira-ednaldo-rodrigues-botafogo-645x362-1.jpg?fit=645%2C362&ssl=1&resize=350%2C200","width":350,"height":200,"srcset":"https:\/\/i0.wp.com\/blogdoprosperi.com\/wp-content\/uploads\/2024\/07\/leila-pereira-ednaldo-rodrigues-botafogo-645x362-1.jpg?fit=645%2C362&ssl=1&resize=350%2C200 1x, https:\/\/i0.wp.com\/blogdoprosperi.com\/wp-content\/uploads\/2024\/07\/leila-pereira-ednaldo-rodrigues-botafogo-645x362-1.jpg?fit=645%2C362&ssl=1&resize=525%2C300 1.5x"},"classes":[]}],"jetpack_featured_media_url":"https:\/\/i0.wp.com\/blogdoprosperi.com\/wp-content\/uploads\/2025\/03\/captura-de-tela-2025-03-07-as-14.21.16.png?fit=1492%2C922&ssl=1","_links":{"self":[{"href":"https:\/\/blogdoprosperi.com\/index.php?rest_route=\/wp\/v2\/posts\/48620","targetHints":{"allow":["GET"]}}],"collection":[{"href":"https:\/\/blogdoprosperi.com\/index.php?rest_route=\/wp\/v2\/posts"}],"about":[{"href":"https:\/\/blogdoprosperi.com\/index.php?rest_route=\/wp\/v2\/types\/post"}],"author":[{"embeddable":true,"href":"https:\/\/blogdoprosperi.com\/index.php?rest_route=\/wp\/v2\/users\/102107496"}],"replies":[{"embeddable":true,"href":"https:\/\/blogdoprosperi.com\/index.php?rest_route=%2Fwp%2Fv2%2Fcomments&post=48620"}],"version-history":[{"count":22,"href":"https:\/\/blogdoprosperi.com\/index.php?rest_route=\/wp\/v2\/posts\/48620\/revisions"}],"predecessor-version":[{"id":48686,"href":"https:\/\/blogdoprosperi.com\/index.php?rest_route=\/wp\/v2\/posts\/48620\/revisions\/48686"}],"wp:featuredmedia":[{"embeddable":true,"href":"https:\/\/blogdoprosperi.com\/index.php?rest_route=\/wp\/v2\/media\/48633"}],"wp:attachment":[{"href":"https:\/\/blogdoprosperi.com\/index.php?rest_route=%2Fwp%2Fv2%2Fmedia&parent=48620"}],"wp:term":[{"taxonomy":"category","embeddable":true,"href":"https:\/\/blogdoprosperi.com\/index.php?rest_route=%2Fwp%2Fv2%2Fcategories&post=48620"},{"taxonomy":"post_tag","embeddable":true,"href":"https:\/\/blogdoprosperi.com\/index.php?rest_route=%2Fwp%2Fv2%2Ftags&post=48620"}],"curies":[{"name":"wp","href":"https:\/\/api.w.org\/{rel}","templated":true}]}}