{"id":48695,"date":"2025-03-08T09:15:06","date_gmt":"2025-03-08T12:15:06","guid":{"rendered":"https:\/\/blogdoprosperi.com\/?p=48695"},"modified":"2025-03-30T15:04:09","modified_gmt":"2025-03-30T18:04:09","slug":"cronicasabatica-lagrimas-de-luighi-futebol","status":"publish","type":"post","link":"https:\/\/blogdoprosperi.com\/?p=48695","title":{"rendered":"#Cr\u00f4nicaSab\u00e1tica #16 | L\u00e1grimas de Luighi Paralisam o Futebol"},"content":{"rendered":"<p><em>Luiz Ant\u00f4nio Pr\u00f3speri \u2013 8 mar\u00e7o (09h15) \u2013<\/em><\/p>\n<p>Luighi Hanri Sousa Santos tem 18 anos. Nascido em 30 de abril de 2006 em S\u00e3o Paulo, est\u00e1 no Palmeiras desde os dez anos de idade. Atacante forte, 1,82 m, vive de balan\u00e7ar as redes. Multa contratual imposta pelo clube paulista encosta nos R$ 500 milh\u00f5es \u2013 cota\u00e7\u00e3o alta no mercado europeu. Garoto ensaia primeiros passos na carreira promissora. Tudo normal como milhares de meninos sonham at\u00e9 chegar a noite de 6 de mar\u00e7o, em Assun\u00e7\u00e3o, quando Luighi solta um choro sentido escancarando a dor profunda de ser v\u00edtima de ato racista no Paraguai. Suas l\u00e1grimas comovem e paralisam o futebol mundial.<\/p>\n<p>Antes de ser chamado de macaco e levar cusparadas de torcedores do Cerro Porte\u00f1o, um dos grandes clubes paraguaios, Luighi vivia a ilus\u00e3o da vit\u00f3ria (3 a 0) do Palmeiras na Libertadores Sub-20.<\/p>\n<p>Os racistas torcedores do Cerro n\u00e3o engoliam a derrota no campo e, protegidos pela impunidade das arquibancadas, atacam Luighi e Figueiredo, seu companheiro de time, com o que h\u00e1 de mais asqueroso e s\u00f3rdido que se possa imaginar. Racismo.<\/p>\n<p>Ao ver a rea\u00e7\u00e3o indignada de Luighi implorando ao \u00e1rbitro atitude contra os criminosos, um deles encobre seu rosto com o corpinho de uma menina sentada ao seu colo. No pouco que as imagens das c\u00e2meras da TV flagraram, se percebe um riso ir\u00f4nico do racista diante do desespero de Luighi. Aquela pessoa (?) estava feliz por ter cometido o crime.<\/p>\n<p>Ao fim do jogo, Luighi \u00e9 chamado a dar entrevista \u00e0 Conmebol, organizadora do torneio no Paraguai. Diante do microfone vai ao desespero quando percebe que o &#8220;rep\u00f3rter&#8221; n\u00e3o lhe perguntaria sobre o ato criminoso do racista paraguaio.<\/p>\n<p>Imposs\u00edvel conter o choro. Engolir as l\u00e1grimas. E a dor sai quase num gemido. &#8220;Voc\u00ea n\u00e3o vai falar do crime que eu sofri&#8230;S\u00e9rio isso? N\u00e3o vai falar? At\u00e9 quando vamos viver isso?&#8221; Luighi desabafa destemido e sentido.<\/p>\n<p>Dali para frente, o futebol, escorado em centenas de manifesta\u00e7\u00f5es nas redes sociais, viveria uma catarse de indigna\u00e7\u00e3o e estupor.<\/p>\n<p>Altas patentes do futebol, da Fifa \u00e0 CBF, maioria dos clubes brasileiros, celebridades, alguns jogadores renomados e boa parte da comunidade da bola, se colocam ao lado de Luighi.<\/p>\n<p>Presidente Lula disse assim:<\/p>\n<p>&#8220;Todo apoio ao nosso jovem Luighi, do Palmeiras, v\u00edtima de ato racista no Paraguai. O futebol significa trabalho coletivo, supera\u00e7\u00e3o e respeito. Racismo significa o fracasso da humanidade. Basta de \u00f3dio disfar\u00e7ado de rivalidade. O mundo n\u00e3o pode mais tolerar esse tipo de viol\u00eancia que fere a dignidade e a esperan\u00e7a da nossa juventude. <strong>A FIFA, a Conmebol e a CBF precisam agir e que os culpados sejam exemplarmente responsabilizados&#8221;<\/strong>, disse Lula, em postagem na rede social X.<\/p>\n<p>N\u00e3o se sabia at\u00e9 neste s\u00e1bado (08\/3) o que aconteceria com o Cerro Porte\u00f1o. Muito menos se os racistas das arquibancadas sofreriam algum tipo de puni\u00e7\u00e3o.<\/p>\n<p>Nenhum branco pode entender e sentir a dor de Luighi.<\/p>\n<p>O futebol n\u00e3o pode nem tem como recolher as l\u00e1grimas do menino.<\/p>\n<p>O Futebol precisa sim de uma resposta real aos milhares de Luighis espalhados por a\u00ed correndo atr\u00e1s da bola.<\/p>\n<blockquote><p>D\u00f3i na alma. E \u00e9 a mesma dor que todos os pretos sentiram ao longo da hist\u00f3ria, porque as coisas evoluem, mas nunca s\u00e3o 100% resolvidas. O epis\u00f3dio de hoje deixa cicatrizes e precisa ser encarado como \u00e9 de fato: crime. At\u00e9 quando? \u00c9 a pergunta que espero n\u00e3o ser necess\u00e1ria ser feita em algum momento. Por enquanto, seguimos lutando&#8221; \u2013 <strong>Luighi, um dia depois do crime racista que sofreu no Paraguai.<\/strong><\/p><\/blockquote>\n","protected":false},"excerpt":{"rendered":"<p>Luiz Ant\u00f4nio Pr\u00f3speri \u2013 8 mar\u00e7o (09h15) \u2013 Luighi Hanri Sousa Santos tem 18 anos. Nascido em 30 [&hellip;]<\/p>\n","protected":false},"author":102107496,"featured_media":48713,"comment_status":"open","ping_status":"open","sticky":false,"template":"","format":"standard","meta":{"_coblocks_attr":"","_coblocks_dimensions":"","_coblocks_responsive_height":"","_coblocks_accordion_ie_support":"","_jetpack_newsletter_access":"","_jetpack_dont_email_post_to_subs":false,"_jetpack_newsletter_tier_id":0,"_jetpack_memberships_contains_paywalled_content":false,"_wpcom_ai_launchpad_first_post":false,"_jetpack_feature_clip_id":0,"_jetpack_memberships_contains_paid_content":false,"footnotes":"","jetpack_publicize_message":"","jetpack_publicize_feature_enabled":true,"jetpack_social_post_already_shared":false,"jetpack_social_options":{"image_generator_settings":{"template":"highway","default_image_id":0,"font":"","enabled":false},"version":2},"jetpack_post_was_ever_published":false},"categories":[53870,3919],"tags":[789560569,3374253,789560563,789560560,19333291,789560573,1739728,789560561],"class_list":["post-48695","post","type-post","status-publish","format-standard","has-post-thumbnail","hentry","category-futebol","category-opiniao","tag-cbf","tag-cerro-porteno","tag-fifa","tag-futebol","tag-luighi","tag-luiz-antonio-prosperi","tag-presidente-lula","tag-racismo"],"yoast_head":"<!-- This site is optimized with the Yoast SEO plugin v28.3 - https:\/\/yoast.com\/product\/yoast-seo-wordpress\/ -->\n<title>#Cr\u00f4nicaSab\u00e1tica #16 | L\u00e1grimas de Luighi Paralisam o Futebol - PR\u00d3SPERI NEWS<\/title>\n<meta name=\"robots\" content=\"index, follow, max-snippet:-1, max-image-preview:large, max-video-preview:-1\" \/>\n<link rel=\"canonical\" href=\"https:\/\/blogdoprosperi.com\/?p=48695\" \/>\n<meta property=\"og:locale\" content=\"pt_BR\" \/>\n<meta property=\"og:type\" content=\"article\" \/>\n<meta property=\"og:title\" content=\"#Cr\u00f4nicaSab\u00e1tica #16 | L\u00e1grimas de Luighi Paralisam o Futebol - PR\u00d3SPERI NEWS\" \/>\n<meta property=\"og:description\" content=\"Luiz Ant\u00f4nio Pr\u00f3speri \u2013 8 mar\u00e7o (09h15) \u2013 Luighi Hanri Sousa Santos tem 18 anos. Nascido em 30 [&hellip;]\" \/>\n<meta property=\"og:url\" content=\"https:\/\/blogdoprosperi.com\/?p=48695\" \/>\n<meta property=\"og:site_name\" content=\"PR\u00d3SPERI NEWS\" \/>\n<meta property=\"article:publisher\" content=\"Luiz Pr\u00f3speri\" \/>\n<meta property=\"article:author\" content=\"Luiz Pr\u00f3speri\" \/>\n<meta property=\"article:published_time\" content=\"2025-03-08T12:15:06+00:00\" \/>\n<meta property=\"article:modified_time\" content=\"2025-03-30T18:04:09+00:00\" \/>\n<meta property=\"og:image\" content=\"https:\/\/i0.wp.com\/blogdoprosperi.com\/wp-content\/uploads\/2025\/03\/captura-de-tela-2025-03-07-as-23.20.24.png?fit=1714%2C1350&ssl=1\" \/>\n\t<meta property=\"og:image:width\" content=\"1714\" \/>\n\t<meta property=\"og:image:height\" content=\"1350\" \/>\n\t<meta property=\"og:image:type\" content=\"image\/png\" \/>\n<meta name=\"author\" content=\"Luiz Ant\u00f4nio Pr\u00f3speri\" \/>\n<meta name=\"twitter:card\" content=\"summary_large_image\" \/>\n<meta name=\"twitter:creator\" content=\"@Luizprosperi\" \/>\n<meta name=\"twitter:site\" content=\"@Luizprosperi\" \/>\n<meta name=\"twitter:label1\" content=\"Escrito por\" \/>\n\t<meta name=\"twitter:data1\" content=\"Luiz Ant\u00f4nio Pr\u00f3speri\" \/>\n\t<meta name=\"twitter:label2\" content=\"Est. tempo de leitura\" \/>\n\t<meta name=\"twitter:data2\" content=\"3 minutos\" \/>\n<script type=\"application\/ld+json\" class=\"yoast-schema-graph\">{\"@context\":\"https:\\\/\\\/schema.org\",\"@graph\":[{\"@type\":\"Article\",\"@id\":\"https:\\\/\\\/blogdoprosperi.com\\\/?p=48695#article\",\"isPartOf\":{\"@id\":\"https:\\\/\\\/blogdoprosperi.com\\\/?p=48695\"},\"author\":{\"name\":\"Luiz Ant\u00f4nio Pr\u00f3speri\",\"@id\":\"https:\\\/\\\/blogdoprosperi.com\\\/#\\\/schema\\\/person\\\/38100755ce3601861ee4fab9b5aa78e9\"},\"headline\":\"#Cr\u00f4nicaSab\u00e1tica #16 | L\u00e1grimas de Luighi Paralisam o Futebol\",\"datePublished\":\"2025-03-08T12:15:06+00:00\",\"dateModified\":\"2025-03-30T18:04:09+00:00\",\"mainEntityOfPage\":{\"@id\":\"https:\\\/\\\/blogdoprosperi.com\\\/?p=48695\"},\"wordCount\":624,\"commentCount\":1,\"publisher\":{\"@id\":\"https:\\\/\\\/blogdoprosperi.com\\\/#\\\/schema\\\/person\\\/38100755ce3601861ee4fab9b5aa78e9\"},\"image\":{\"@id\":\"https:\\\/\\\/blogdoprosperi.com\\\/?p=48695#primaryimage\"},\"thumbnailUrl\":\"https:\\\/\\\/i0.wp.com\\\/blogdoprosperi.com\\\/wp-content\\\/uploads\\\/2025\\\/03\\\/captura-de-tela-2025-03-07-as-23.20.24.png?fit=1714%2C1350&ssl=1\",\"keywords\":[\"CBF\",\"cerro porte\u00f1o\",\"Fifa\",\"futebol\",\"luighi\",\"Luiz Ant\u00f4nio Pr\u00f3speri\",\"presidente Lula\",\"racismo\"],\"articleSection\":[\"futebol\",\"opini\u00e3o\"],\"inLanguage\":\"pt-BR\",\"potentialAction\":[{\"@type\":\"CommentAction\",\"name\":\"Comment\",\"target\":[\"https:\\\/\\\/blogdoprosperi.com\\\/?p=48695#respond\"]}]},{\"@type\":\"WebPage\",\"@id\":\"https:\\\/\\\/blogdoprosperi.com\\\/?p=48695\",\"url\":\"https:\\\/\\\/blogdoprosperi.com\\\/?p=48695\",\"name\":\"#Cr\u00f4nicaSab\u00e1tica #16 | L\u00e1grimas de Luighi Paralisam o Futebol - PR\u00d3SPERI NEWS\",\"isPartOf\":{\"@id\":\"https:\\\/\\\/blogdoprosperi.com\\\/#website\"},\"primaryImageOfPage\":{\"@id\":\"https:\\\/\\\/blogdoprosperi.com\\\/?p=48695#primaryimage\"},\"image\":{\"@id\":\"https:\\\/\\\/blogdoprosperi.com\\\/?p=48695#primaryimage\"},\"thumbnailUrl\":\"https:\\\/\\\/i0.wp.com\\\/blogdoprosperi.com\\\/wp-content\\\/uploads\\\/2025\\\/03\\\/captura-de-tela-2025-03-07-as-23.20.24.png?fit=1714%2C1350&ssl=1\",\"datePublished\":\"2025-03-08T12:15:06+00:00\",\"dateModified\":\"2025-03-30T18:04:09+00:00\",\"breadcrumb\":{\"@id\":\"https:\\\/\\\/blogdoprosperi.com\\\/?p=48695#breadcrumb\"},\"inLanguage\":\"pt-BR\",\"potentialAction\":[{\"@type\":\"ReadAction\",\"target\":[\"https:\\\/\\\/blogdoprosperi.com\\\/?p=48695\"]}]},{\"@type\":\"ImageObject\",\"inLanguage\":\"pt-BR\",\"@id\":\"https:\\\/\\\/blogdoprosperi.com\\\/?p=48695#primaryimage\",\"url\":\"https:\\\/\\\/i0.wp.com\\\/blogdoprosperi.com\\\/wp-content\\\/uploads\\\/2025\\\/03\\\/captura-de-tela-2025-03-07-as-23.20.24.png?fit=1714%2C1350&ssl=1\",\"contentUrl\":\"https:\\\/\\\/i0.wp.com\\\/blogdoprosperi.com\\\/wp-content\\\/uploads\\\/2025\\\/03\\\/captura-de-tela-2025-03-07-as-23.20.24.png?fit=1714%2C1350&ssl=1\",\"width\":1714,\"height\":1350,\"caption\":\"Luighi chora \u2013 foto: reprodu\u00e7\u00e3o TV\"},{\"@type\":\"BreadcrumbList\",\"@id\":\"https:\\\/\\\/blogdoprosperi.com\\\/?p=48695#breadcrumb\",\"itemListElement\":[{\"@type\":\"ListItem\",\"position\":1,\"name\":\"In\u00edcio\",\"item\":\"https:\\\/\\\/blogdoprosperi.com\\\/\"},{\"@type\":\"ListItem\",\"position\":2,\"name\":\"#Cr\u00f4nicaSab\u00e1tica #16 | L\u00e1grimas de Luighi Paralisam o Futebol\"}]},{\"@type\":\"WebSite\",\"@id\":\"https:\\\/\\\/blogdoprosperi.com\\\/#website\",\"url\":\"https:\\\/\\\/blogdoprosperi.com\\\/\",\"name\":\"PR\u00d3SPERI NEWS\",\"description\":\"TUDO \u00c9  FUTEBOL\",\"publisher\":{\"@id\":\"https:\\\/\\\/blogdoprosperi.com\\\/#\\\/schema\\\/person\\\/38100755ce3601861ee4fab9b5aa78e9\"},\"alternateName\":\"blogdoprosperi.com\",\"potentialAction\":[{\"@type\":\"SearchAction\",\"target\":{\"@type\":\"EntryPoint\",\"urlTemplate\":\"https:\\\/\\\/blogdoprosperi.com\\\/?s={search_term_string}\"},\"query-input\":{\"@type\":\"PropertyValueSpecification\",\"valueRequired\":true,\"valueName\":\"search_term_string\"}}],\"inLanguage\":\"pt-BR\"},{\"@type\":[\"Person\",\"Organization\"],\"@id\":\"https:\\\/\\\/blogdoprosperi.com\\\/#\\\/schema\\\/person\\\/38100755ce3601861ee4fab9b5aa78e9\",\"name\":\"Luiz Ant\u00f4nio Pr\u00f3speri\",\"pronouns\":\"ele\",\"image\":{\"@type\":\"ImageObject\",\"inLanguage\":\"pt-BR\",\"@id\":\"https:\\\/\\\/i0.wp.com\\\/blogdoprosperi.com\\\/wp-content\\\/uploads\\\/2026\\\/05\\\/cropped-8059e613-6002-42fa-961e-8e275f575d71-2-5.jpg?fit=1360%2C931&ssl=1\",\"url\":\"https:\\\/\\\/i0.wp.com\\\/blogdoprosperi.com\\\/wp-content\\\/uploads\\\/2026\\\/05\\\/cropped-8059e613-6002-42fa-961e-8e275f575d71-2-5.jpg?fit=1360%2C931&ssl=1\",\"contentUrl\":\"https:\\\/\\\/i0.wp.com\\\/blogdoprosperi.com\\\/wp-content\\\/uploads\\\/2026\\\/05\\\/cropped-8059e613-6002-42fa-961e-8e275f575d71-2-5.jpg?fit=1360%2C931&ssl=1\",\"width\":1360,\"height\":931,\"caption\":\"Luiz Ant\u00f4nio Pr\u00f3speri\"},\"logo\":{\"@id\":\"https:\\\/\\\/i0.wp.com\\\/blogdoprosperi.com\\\/wp-content\\\/uploads\\\/2026\\\/05\\\/cropped-8059e613-6002-42fa-961e-8e275f575d71-2-5.jpg?fit=1360%2C931&ssl=1\"},\"description\":\"Jornalista com carreira dedicada ao esporte. Cobriu 9 Copas do Mundo in loco, 1990 na It\u00e1lia, 1994 nos EUA, 1998 na Fran\u00e7a, 2002 na Coreia do Sul e Jap\u00e3o, 2006 na Alemanha, 2010 na \u00c1frica do Sul, 2014 no Brasil, 2018 na R\u00fassia e 2022 no Qatar. Eurocopas, 1992 na Su\u00e9cia e 1996 na Inglaterra. Copa das Confedera\u00e7\u00f5es de 2005 na Alemanha e 2009 na \u00c1frica do Sul. Rep\u00f3rter e Editor, trabalhou no Jornal da Tarde e Estad\u00e3o, de 1984 a fevereiro de 2016. Colunista, blogueiro. E comentarista de futebol na R\u00e1dio Estad\u00e3o, de 2013 a fevereiro de 2016. Jornalista respons\u00e1vel do \\\"Pr\u00f3speri News\\\" (blogdoprosperi.com).\",\"sameAs\":[\"http:\\\/\\\/blogdoprosperi.com\",\"Luiz Pr\u00f3speri\",\"@luiz_prosperi\",\"https:\\\/\\\/x.com\\\/Luizprosperi\",\"@prosperinacopa\",\"luiz.prosperi@icloud.com\"],\"url\":\"https:\\\/\\\/blogdoprosperi.com\\\/?author=102107496\"}]}<\/script>\n<!-- \/ Yoast SEO plugin. -->","yoast_head_json":{"title":"#Cr\u00f4nicaSab\u00e1tica #16 | L\u00e1grimas de Luighi Paralisam o Futebol - PR\u00d3SPERI NEWS","robots":{"index":"index","follow":"follow","max-snippet":"max-snippet:-1","max-image-preview":"max-image-preview:large","max-video-preview":"max-video-preview:-1"},"canonical":"https:\/\/blogdoprosperi.com\/?p=48695","og_locale":"pt_BR","og_type":"article","og_title":"#Cr\u00f4nicaSab\u00e1tica #16 | L\u00e1grimas de Luighi Paralisam o Futebol - PR\u00d3SPERI NEWS","og_description":"Luiz Ant\u00f4nio Pr\u00f3speri \u2013 8 mar\u00e7o (09h15) \u2013 Luighi Hanri Sousa Santos tem 18 anos. Nascido em 30 [&hellip;]","og_url":"https:\/\/blogdoprosperi.com\/?p=48695","og_site_name":"PR\u00d3SPERI NEWS","article_publisher":"Luiz Pr\u00f3speri","article_author":"Luiz Pr\u00f3speri","article_published_time":"2025-03-08T12:15:06+00:00","article_modified_time":"2025-03-30T18:04:09+00:00","og_image":[{"width":1714,"height":1350,"url":"https:\/\/i0.wp.com\/blogdoprosperi.com\/wp-content\/uploads\/2025\/03\/captura-de-tela-2025-03-07-as-23.20.24.png?fit=1714%2C1350&ssl=1","type":"image\/png"}],"author":"Luiz Ant\u00f4nio Pr\u00f3speri","twitter_card":"summary_large_image","twitter_creator":"@Luizprosperi","twitter_site":"@Luizprosperi","twitter_misc":{"Escrito por":"Luiz Ant\u00f4nio Pr\u00f3speri","Est. tempo de leitura":"3 minutos"},"schema":{"@context":"https:\/\/schema.org","@graph":[{"@type":"Article","@id":"https:\/\/blogdoprosperi.com\/?p=48695#article","isPartOf":{"@id":"https:\/\/blogdoprosperi.com\/?p=48695"},"author":{"name":"Luiz Ant\u00f4nio Pr\u00f3speri","@id":"https:\/\/blogdoprosperi.com\/#\/schema\/person\/38100755ce3601861ee4fab9b5aa78e9"},"headline":"#Cr\u00f4nicaSab\u00e1tica #16 | L\u00e1grimas de Luighi Paralisam o Futebol","datePublished":"2025-03-08T12:15:06+00:00","dateModified":"2025-03-30T18:04:09+00:00","mainEntityOfPage":{"@id":"https:\/\/blogdoprosperi.com\/?p=48695"},"wordCount":624,"commentCount":1,"publisher":{"@id":"https:\/\/blogdoprosperi.com\/#\/schema\/person\/38100755ce3601861ee4fab9b5aa78e9"},"image":{"@id":"https:\/\/blogdoprosperi.com\/?p=48695#primaryimage"},"thumbnailUrl":"https:\/\/i0.wp.com\/blogdoprosperi.com\/wp-content\/uploads\/2025\/03\/captura-de-tela-2025-03-07-as-23.20.24.png?fit=1714%2C1350&ssl=1","keywords":["CBF","cerro porte\u00f1o","Fifa","futebol","luighi","Luiz Ant\u00f4nio Pr\u00f3speri","presidente Lula","racismo"],"articleSection":["futebol","opini\u00e3o"],"inLanguage":"pt-BR","potentialAction":[{"@type":"CommentAction","name":"Comment","target":["https:\/\/blogdoprosperi.com\/?p=48695#respond"]}]},{"@type":"WebPage","@id":"https:\/\/blogdoprosperi.com\/?p=48695","url":"https:\/\/blogdoprosperi.com\/?p=48695","name":"#Cr\u00f4nicaSab\u00e1tica #16 | L\u00e1grimas de Luighi Paralisam o Futebol - PR\u00d3SPERI NEWS","isPartOf":{"@id":"https:\/\/blogdoprosperi.com\/#website"},"primaryImageOfPage":{"@id":"https:\/\/blogdoprosperi.com\/?p=48695#primaryimage"},"image":{"@id":"https:\/\/blogdoprosperi.com\/?p=48695#primaryimage"},"thumbnailUrl":"https:\/\/i0.wp.com\/blogdoprosperi.com\/wp-content\/uploads\/2025\/03\/captura-de-tela-2025-03-07-as-23.20.24.png?fit=1714%2C1350&ssl=1","datePublished":"2025-03-08T12:15:06+00:00","dateModified":"2025-03-30T18:04:09+00:00","breadcrumb":{"@id":"https:\/\/blogdoprosperi.com\/?p=48695#breadcrumb"},"inLanguage":"pt-BR","potentialAction":[{"@type":"ReadAction","target":["https:\/\/blogdoprosperi.com\/?p=48695"]}]},{"@type":"ImageObject","inLanguage":"pt-BR","@id":"https:\/\/blogdoprosperi.com\/?p=48695#primaryimage","url":"https:\/\/i0.wp.com\/blogdoprosperi.com\/wp-content\/uploads\/2025\/03\/captura-de-tela-2025-03-07-as-23.20.24.png?fit=1714%2C1350&ssl=1","contentUrl":"https:\/\/i0.wp.com\/blogdoprosperi.com\/wp-content\/uploads\/2025\/03\/captura-de-tela-2025-03-07-as-23.20.24.png?fit=1714%2C1350&ssl=1","width":1714,"height":1350,"caption":"Luighi chora \u2013 foto: reprodu\u00e7\u00e3o TV"},{"@type":"BreadcrumbList","@id":"https:\/\/blogdoprosperi.com\/?p=48695#breadcrumb","itemListElement":[{"@type":"ListItem","position":1,"name":"In\u00edcio","item":"https:\/\/blogdoprosperi.com\/"},{"@type":"ListItem","position":2,"name":"#Cr\u00f4nicaSab\u00e1tica #16 | L\u00e1grimas de Luighi Paralisam o Futebol"}]},{"@type":"WebSite","@id":"https:\/\/blogdoprosperi.com\/#website","url":"https:\/\/blogdoprosperi.com\/","name":"PR\u00d3SPERI NEWS","description":"TUDO \u00c9  FUTEBOL","publisher":{"@id":"https:\/\/blogdoprosperi.com\/#\/schema\/person\/38100755ce3601861ee4fab9b5aa78e9"},"alternateName":"blogdoprosperi.com","potentialAction":[{"@type":"SearchAction","target":{"@type":"EntryPoint","urlTemplate":"https:\/\/blogdoprosperi.com\/?s={search_term_string}"},"query-input":{"@type":"PropertyValueSpecification","valueRequired":true,"valueName":"search_term_string"}}],"inLanguage":"pt-BR"},{"@type":["Person","Organization"],"@id":"https:\/\/blogdoprosperi.com\/#\/schema\/person\/38100755ce3601861ee4fab9b5aa78e9","name":"Luiz Ant\u00f4nio Pr\u00f3speri","pronouns":"ele","image":{"@type":"ImageObject","inLanguage":"pt-BR","@id":"https:\/\/i0.wp.com\/blogdoprosperi.com\/wp-content\/uploads\/2026\/05\/cropped-8059e613-6002-42fa-961e-8e275f575d71-2-5.jpg?fit=1360%2C931&ssl=1","url":"https:\/\/i0.wp.com\/blogdoprosperi.com\/wp-content\/uploads\/2026\/05\/cropped-8059e613-6002-42fa-961e-8e275f575d71-2-5.jpg?fit=1360%2C931&ssl=1","contentUrl":"https:\/\/i0.wp.com\/blogdoprosperi.com\/wp-content\/uploads\/2026\/05\/cropped-8059e613-6002-42fa-961e-8e275f575d71-2-5.jpg?fit=1360%2C931&ssl=1","width":1360,"height":931,"caption":"Luiz Ant\u00f4nio Pr\u00f3speri"},"logo":{"@id":"https:\/\/i0.wp.com\/blogdoprosperi.com\/wp-content\/uploads\/2026\/05\/cropped-8059e613-6002-42fa-961e-8e275f575d71-2-5.jpg?fit=1360%2C931&ssl=1"},"description":"Jornalista com carreira dedicada ao esporte. Cobriu 9 Copas do Mundo in loco, 1990 na It\u00e1lia, 1994 nos EUA, 1998 na Fran\u00e7a, 2002 na Coreia do Sul e Jap\u00e3o, 2006 na Alemanha, 2010 na \u00c1frica do Sul, 2014 no Brasil, 2018 na R\u00fassia e 2022 no Qatar. Eurocopas, 1992 na Su\u00e9cia e 1996 na Inglaterra. Copa das Confedera\u00e7\u00f5es de 2005 na Alemanha e 2009 na \u00c1frica do Sul. Rep\u00f3rter e Editor, trabalhou no Jornal da Tarde e Estad\u00e3o, de 1984 a fevereiro de 2016. Colunista, blogueiro. E comentarista de futebol na R\u00e1dio Estad\u00e3o, de 2013 a fevereiro de 2016. Jornalista respons\u00e1vel do \"Pr\u00f3speri News\" (blogdoprosperi.com).","sameAs":["http:\/\/blogdoprosperi.com","Luiz Pr\u00f3speri","@luiz_prosperi","https:\/\/x.com\/Luizprosperi","@prosperinacopa","luiz.prosperi@icloud.com"],"url":"https:\/\/blogdoprosperi.com\/?author=102107496"}]}},"jetpack_publicize_connections":[],"jetpack_likes_enabled":false,"jetpack_sharing_enabled":true,"jetpack_shortlink":"https:\/\/wp.me\/p7jvdk-cFp","jetpack-related-posts":[{"id":48733,"url":"https:\/\/blogdoprosperi.com\/?p=48733","url_meta":{"origin":48695,"position":0},"title":"Luighi Corre Risco de Sofrer Novo Crime Racista Ap\u00f3s Puni\u00e7\u00e3o Branda da Conmebol ao Cerro Porte\u00f1o","author":"Luiz Ant\u00f4nio Pr\u00f3speri","date":"9 de mar\u00e7o de 2025","format":false,"excerpt":"Conmebol, com rid\u00edcula puni\u00e7\u00e3o ao Cerro Porte\u00f1o, antecipa salvo-conduto a criminosos racistas no Paraguai Palmeiras anuncia que vai recorrer \u00e0 Fifa pedindo san\u00e7\u00e3o mais severa ao Cerro Porte\u00f1o Luiz Ant\u00f4nio Pr\u00f3speri \u2013 9 de mar\u00e7o (16h48) \u2013 Cerro Porte\u00f1o \u00e9 multado em 50 mil d\u00f3lares (R$ 288 mil) \u2013 a\u2026","rel":"","context":"Em &quot;futebol&quot;","block_context":{"text":"futebol","link":"https:\/\/blogdoprosperi.com\/?cat=53870"},"img":{"alt_text":"Luighi corre risco de sofrer novo ataque racista","src":"https:\/\/i0.wp.com\/blogdoprosperi.com\/wp-content\/uploads\/2025\/03\/54373123004_8e077ded43_c.jpg?fit=800%2C617&ssl=1&resize=350%2C200","width":350,"height":200,"srcset":"https:\/\/i0.wp.com\/blogdoprosperi.com\/wp-content\/uploads\/2025\/03\/54373123004_8e077ded43_c.jpg?fit=800%2C617&ssl=1&resize=350%2C200 1x, https:\/\/i0.wp.com\/blogdoprosperi.com\/wp-content\/uploads\/2025\/03\/54373123004_8e077ded43_c.jpg?fit=800%2C617&ssl=1&resize=525%2C300 1.5x, https:\/\/i0.wp.com\/blogdoprosperi.com\/wp-content\/uploads\/2025\/03\/54373123004_8e077ded43_c.jpg?fit=800%2C617&ssl=1&resize=700%2C400 2x"},"classes":[]},{"id":48991,"url":"https:\/\/blogdoprosperi.com\/?p=48991","url_meta":{"origin":48695,"position":1},"title":"Racismo | Conmebol: &#8220;Libertadores Sem Brasileiros \u00e9 Tarzan Sem a Chita&#8221;","author":"Luiz Ant\u00f4nio Pr\u00f3speri","date":"18 de mar\u00e7o de 2025","format":false,"excerpt":"Presidente da Conmebol diz que a entidade faz tudo o que est\u00e1 a seu alcance para estancar o racismo em jogos de torneios de sua responsabilidade Libertadores sem clubes brasileiros \u00e9 como \"Tarzan sem a Chita\" Luiz Ant\u00f4nio Pr\u00f3speri \u2013 18 mar\u00e7o (11h05) \u2013 Conmebol aponta com toda transpar\u00eancia e\u2026","rel":"","context":"Em &quot;futebol&quot;","block_context":{"text":"futebol","link":"https:\/\/blogdoprosperi.com\/?cat=53870"},"img":{"alt_text":"Conmebol diz que faz tudo que est\u00e1 a seu alcance contra racismo","src":"https:\/\/i0.wp.com\/blogdoprosperi.com\/wp-content\/uploads\/2025\/03\/captura-de-tela-2025-03-18-as-11.22.36.png?fit=1200%2C731&ssl=1&resize=350%2C200","width":350,"height":200,"srcset":"https:\/\/i0.wp.com\/blogdoprosperi.com\/wp-content\/uploads\/2025\/03\/captura-de-tela-2025-03-18-as-11.22.36.png?fit=1200%2C731&ssl=1&resize=350%2C200 1x, https:\/\/i0.wp.com\/blogdoprosperi.com\/wp-content\/uploads\/2025\/03\/captura-de-tela-2025-03-18-as-11.22.36.png?fit=1200%2C731&ssl=1&resize=525%2C300 1.5x, https:\/\/i0.wp.com\/blogdoprosperi.com\/wp-content\/uploads\/2025\/03\/captura-de-tela-2025-03-18-as-11.22.36.png?fit=1200%2C731&ssl=1&resize=700%2C400 2x, https:\/\/i0.wp.com\/blogdoprosperi.com\/wp-content\/uploads\/2025\/03\/captura-de-tela-2025-03-18-as-11.22.36.png?fit=1200%2C731&ssl=1&resize=1050%2C600 3x"},"classes":[]},{"id":48620,"url":"https:\/\/blogdoprosperi.com\/?p=48620","url_meta":{"origin":48695,"position":2},"title":"Luighi | CBF e Palmeiras Pedem Exclus\u00e3o do Cerro por Racismo e Apelam \u00e0 Fifa","author":"Luiz Ant\u00f4nio Pr\u00f3speri","date":"7 de mar\u00e7o de 2025","format":false,"excerpt":"CBF envia den\u00fancia \u00e0 Conmebol pedindo puni\u00e7\u00e3o aos torcedores e exclus\u00e3o do Cerro Porte\u00f1o da Libertadores Sub-20 Presidenta Leila Pereira diz que vai recorrer at\u00e9 a Fifa se a Conmebol n\u00e3o reagir. E quer autor do crime racista na cadeia Luiz Antonio Pr\u00f3speri \u2013 7 mar\u00e7o (14h05) \u2013 Leila Pereira,\u2026","rel":"","context":"Em &quot;futebol&quot;","block_context":{"text":"futebol","link":"https:\/\/blogdoprosperi.com\/?cat=53870"},"img":{"alt_text":"","src":"https:\/\/i0.wp.com\/blogdoprosperi.com\/wp-content\/uploads\/2025\/03\/captura-de-tela-2025-03-07-as-14.21.16.png?fit=1200%2C742&ssl=1&resize=350%2C200","width":350,"height":200,"srcset":"https:\/\/i0.wp.com\/blogdoprosperi.com\/wp-content\/uploads\/2025\/03\/captura-de-tela-2025-03-07-as-14.21.16.png?fit=1200%2C742&ssl=1&resize=350%2C200 1x, https:\/\/i0.wp.com\/blogdoprosperi.com\/wp-content\/uploads\/2025\/03\/captura-de-tela-2025-03-07-as-14.21.16.png?fit=1200%2C742&ssl=1&resize=525%2C300 1.5x, https:\/\/i0.wp.com\/blogdoprosperi.com\/wp-content\/uploads\/2025\/03\/captura-de-tela-2025-03-07-as-14.21.16.png?fit=1200%2C742&ssl=1&resize=700%2C400 2x, https:\/\/i0.wp.com\/blogdoprosperi.com\/wp-content\/uploads\/2025\/03\/captura-de-tela-2025-03-07-as-14.21.16.png?fit=1200%2C742&ssl=1&resize=1050%2C600 3x"},"classes":[]},{"id":48697,"url":"https:\/\/blogdoprosperi.com\/?p=48697","url_meta":{"origin":48695,"position":3},"title":"Presidente da Fifa | &#8220;Estou Profundamente Indignado Ver um Jovem Levado \u00e0s L\u00e1grimas&#8221;","author":"Luiz Ant\u00f4nio Pr\u00f3speri","date":"7 de mar\u00e7o de 2025","format":false,"excerpt":"\"Estou profundamente indignado com o abuso racista sofrido pelo jogador Luighi, do time Sub-20 do Palmeiras, no Paraguai. \u00c9 de partir o cora\u00e7\u00e3o ver um jovem jogador ser levado \u00e0s l\u00e1grimas por um comportamento t\u00e3o vergonhoso. O futebol deve ser um espa\u00e7o de respeito, inclus\u00e3o e uni\u00e3o \u2013 e tudo\u2026","rel":"","context":"Em &quot;futebol&quot;","block_context":{"text":"futebol","link":"https:\/\/blogdoprosperi.com\/?cat=53870"},"img":{"alt_text":"Infantino: \"estou indignado\"","src":"https:\/\/i0.wp.com\/blogdoprosperi.com\/wp-content\/uploads\/2025\/03\/captura-de-tela-2025-03-07-as-19.40.27.png?fit=1200%2C619&ssl=1&resize=350%2C200","width":350,"height":200,"srcset":"https:\/\/i0.wp.com\/blogdoprosperi.com\/wp-content\/uploads\/2025\/03\/captura-de-tela-2025-03-07-as-19.40.27.png?fit=1200%2C619&ssl=1&resize=350%2C200 1x, https:\/\/i0.wp.com\/blogdoprosperi.com\/wp-content\/uploads\/2025\/03\/captura-de-tela-2025-03-07-as-19.40.27.png?fit=1200%2C619&ssl=1&resize=525%2C300 1.5x, https:\/\/i0.wp.com\/blogdoprosperi.com\/wp-content\/uploads\/2025\/03\/captura-de-tela-2025-03-07-as-19.40.27.png?fit=1200%2C619&ssl=1&resize=700%2C400 2x, https:\/\/i0.wp.com\/blogdoprosperi.com\/wp-content\/uploads\/2025\/03\/captura-de-tela-2025-03-07-as-19.40.27.png?fit=1200%2C619&ssl=1&resize=1050%2C600 3x"},"classes":[]},{"id":48977,"url":"https:\/\/blogdoprosperi.com\/?p=48977","url_meta":{"origin":48695,"position":4},"title":"Libertadores Sorteio |Grupos Acess\u00edveis e Perspectivas dos Times Brasileiros","author":"Luiz Ant\u00f4nio Pr\u00f3speri","date":"17 de mar\u00e7o de 2025","format":false,"excerpt":"Luiz Antonio Pr\u00f3speri \u2013 17 mar\u00e7o (22h05) \u2013 Libertadores 2025 conhece os oito grupos no sorteio nesta noite de segunda-feira (17\/3) em Assun\u00e7\u00e3o. Divididos em quatro potes, o giro das bolinhas definiu o destino dos clubes. Brasil tem sete representantes. Botafogo, Palmeiras, S\u00e3o Paulo, Fortaleza e Flamengo caem em grupos\u2026","rel":"","context":"Em &quot;futebol&quot;","block_context":{"text":"futebol","link":"https:\/\/blogdoprosperi.com\/?cat=53870"},"img":{"alt_text":"Libertadores 2026","src":"https:\/\/i0.wp.com\/blogdoprosperi.com\/wp-content\/uploads\/2023\/03\/fsrk8i2waaabn_f.jpeg?fit=678%2C452&ssl=1&resize=350%2C200","width":350,"height":200,"srcset":"https:\/\/i0.wp.com\/blogdoprosperi.com\/wp-content\/uploads\/2023\/03\/fsrk8i2waaabn_f.jpeg?fit=678%2C452&ssl=1&resize=350%2C200 1x, https:\/\/i0.wp.com\/blogdoprosperi.com\/wp-content\/uploads\/2023\/03\/fsrk8i2waaabn_f.jpeg?fit=678%2C452&ssl=1&resize=525%2C300 1.5x"},"classes":[]},{"id":45161,"url":"https:\/\/blogdoprosperi.com\/?p=45161","url_meta":{"origin":48695,"position":5},"title":"Palmeiras 2025: Abel Ferreira J\u00e1 Tem Substituto de Estev\u00e3o","author":"Luiz Ant\u00f4nio Pr\u00f3speri","date":"13 de setembro de 2024","format":false,"excerpt":"Palmeiras tem substituto de Estev\u00e3o dentro do grupo de jogadores comandados por Abel Ferreira. \u00c9 s\u00f3 ter boa vontade.","rel":"","context":"Em &quot;futebol&quot;","block_context":{"text":"futebol","link":"https:\/\/blogdoprosperi.com\/?cat=53870"},"img":{"alt_text":"Dudu deixa Palmeiras","src":"https:\/\/i0.wp.com\/blogdoprosperi.com\/wp-content\/uploads\/2024\/06\/5d47ecc1372d74729185b8a054e958a5-1.jpg?fit=563%2C648&ssl=1&resize=350%2C200","width":350,"height":200,"srcset":"https:\/\/i0.wp.com\/blogdoprosperi.com\/wp-content\/uploads\/2024\/06\/5d47ecc1372d74729185b8a054e958a5-1.jpg?fit=563%2C648&ssl=1&resize=350%2C200 1x, https:\/\/i0.wp.com\/blogdoprosperi.com\/wp-content\/uploads\/2024\/06\/5d47ecc1372d74729185b8a054e958a5-1.jpg?fit=563%2C648&ssl=1&resize=525%2C300 1.5x"},"classes":[]}],"jetpack_featured_media_url":"https:\/\/i0.wp.com\/blogdoprosperi.com\/wp-content\/uploads\/2025\/03\/captura-de-tela-2025-03-07-as-23.20.24.png?fit=1714%2C1350&ssl=1","_links":{"self":[{"href":"https:\/\/blogdoprosperi.com\/index.php?rest_route=\/wp\/v2\/posts\/48695","targetHints":{"allow":["GET"]}}],"collection":[{"href":"https:\/\/blogdoprosperi.com\/index.php?rest_route=\/wp\/v2\/posts"}],"about":[{"href":"https:\/\/blogdoprosperi.com\/index.php?rest_route=\/wp\/v2\/types\/post"}],"author":[{"embeddable":true,"href":"https:\/\/blogdoprosperi.com\/index.php?rest_route=\/wp\/v2\/users\/102107496"}],"replies":[{"embeddable":true,"href":"https:\/\/blogdoprosperi.com\/index.php?rest_route=%2Fwp%2Fv2%2Fcomments&post=48695"}],"version-history":[{"count":16,"href":"https:\/\/blogdoprosperi.com\/index.php?rest_route=\/wp\/v2\/posts\/48695\/revisions"}],"predecessor-version":[{"id":49398,"href":"https:\/\/blogdoprosperi.com\/index.php?rest_route=\/wp\/v2\/posts\/48695\/revisions\/49398"}],"wp:featuredmedia":[{"embeddable":true,"href":"https:\/\/blogdoprosperi.com\/index.php?rest_route=\/wp\/v2\/media\/48713"}],"wp:attachment":[{"href":"https:\/\/blogdoprosperi.com\/index.php?rest_route=%2Fwp%2Fv2%2Fmedia&parent=48695"}],"wp:term":[{"taxonomy":"category","embeddable":true,"href":"https:\/\/blogdoprosperi.com\/index.php?rest_route=%2Fwp%2Fv2%2Fcategories&post=48695"},{"taxonomy":"post_tag","embeddable":true,"href":"https:\/\/blogdoprosperi.com\/index.php?rest_route=%2Fwp%2Fv2%2Ftags&post=48695"}],"curies":[{"name":"wp","href":"https:\/\/api.w.org\/{rel}","templated":true}]}}