{"id":48733,"date":"2025-03-09T17:04:54","date_gmt":"2025-03-09T20:04:54","guid":{"rendered":"https:\/\/blogdoprosperi.com\/?p=48733"},"modified":"2025-03-09T17:04:54","modified_gmt":"2025-03-09T20:04:54","slug":"luighi-corre-risco-de-sofrer-novo-crime-racista-apos-punicao-branda-da-conmebol-ao-cerro-porteno","status":"publish","type":"post","link":"https:\/\/blogdoprosperi.com\/?p=48733","title":{"rendered":"Luighi Corre Risco de Sofrer Novo Crime Racista Ap\u00f3s Puni\u00e7\u00e3o Branda da Conmebol ao Cerro Porte\u00f1o"},"content":{"rendered":"<hr \/>\n<h5><strong>Conmebol, com rid\u00edcula puni\u00e7\u00e3o ao Cerro Porte\u00f1o, antecipa salvo-conduto a criminosos racistas no Paraguai<\/strong><\/h5>\n<h5><strong>Palmeiras anuncia que vai recorrer \u00e0 Fifa pedindo san\u00e7\u00e3o mais severa ao Cerro Porte\u00f1o<\/strong><\/h5>\n<hr \/>\n<p><em>Luiz Ant\u00f4nio Pr\u00f3speri \u2013 9 de mar\u00e7o (16h48) \u2013<\/em><\/p>\n<p>Cerro Porte\u00f1o \u00e9 multado em 50 mil d\u00f3lares (R$ 288 mil) \u2013 a ser pago em 30 dias \u2013, ter\u00e1 port\u00f5es fechados em jogos da Libertadores Sub-20 e ser\u00e1 obrigado a cumprir campanha educativa contra racismo em suas redes sociais. Esta \u00e9 a puni\u00e7\u00e3o da Conmebol (Confedera\u00e7\u00e3o Sul-Americana de Futebol) ao clube paraguaio no crime de racismo sofrido por Luighi, do Palmeiras. <strong>Rid\u00edculo, para n\u00e3o dizer uma provoca\u00e7\u00e3o<\/strong> ao garoto, Palmeiras, CBF, Fifa e at\u00e9 o governo brasileiro.<\/p>\n<p>Conmebol, com essa puni\u00e7\u00e3o, manda um recado claro \u00e0s institui\u00e7\u00f5es do futebol brasileiro: <strong>que se lixem com os ataques de racismo, n\u00e3o temos a menor boa vontade em resolver esse problema<\/strong>.<\/p>\n<p>Indignado diante da covardia da Conmebol, Palmeiras anuncia que vai recorrer \u00e0 Fifa pedindo san\u00e7\u00e3o mais severa ao Cerro Porte\u00f1o.<\/p>\n<p>A Fifa ainda n\u00e3o se pronunciou, ap\u00f3s presidente Gianni Infantino prestar solidariedade a Luighi na sexta-feira (07\/3).<\/p>\n<p>CBF, at\u00e9 domingo (09\/3), tamb\u00e9m nada disse a respeito da <span style=\"color: #0000ff\"><strong><a style=\"color: #0000ff\" href=\"https:\/\/blogdoprosperi.com\/2025\/03\/07\/luighi-presidenta-do-palmeiras-pede-exclusao-do-cerro-por-racismo-e-promete-recorrer-a-fifa\/\">puni\u00e7\u00e3o da Conmebol imposta ao Cerro Porte\u00f1o.<\/a><\/strong><\/span><\/p>\n<p>Cerro Porte\u00f1o, no centro do crime racista cometido por seus torcedores, se limita a pedir desculpas ao Palmeiras enviando uma carta ao clube paulista.<\/p>\n<p>E Luighi volta a jogar neste domingo (09\/3), 19h, contra o Independiente Del Valle, do Equador, na \u00faltima partida do Palmeiras na fase de grupos da Libertadores Sub-20. Time paulista est\u00e1 clasificado ao mata-mata.<\/p>\n<p>O garoto vai entrar em campo com a certeza de que<strong> pode sofrer novo ataque racista<\/strong> no Est\u00e1dio Gunther Vogel, em Assun\u00e7\u00e3o, Paraguai.<\/p>\n<p>A Conmebol, com rid\u00edcula puni\u00e7\u00e3o ao Cerro Porte\u00f1o, antecipa salvo-conduto a criminosos racistas paraguaios.<\/p>\n<hr \/>\n<p><em><strong>Confira nota oficial do Palmeiras:<\/strong><\/em><\/p>\n<div id=\"chunk-49abe\">\n<div class=\"mc-column content-text active-extra-styles \">\n<p class=\" content-text__container \"><em>&#8220;A Sociedade Esportiva Palmeiras discorda com veem\u00eancia das puni\u00e7\u00f5es extremamente brandas aplicadas pela Conmebol ao Cerro Porte\u00f1o-PAR em raz\u00e3o dos ataques racistas sofridos por nossos atletas em jogo disputado pela Libertadores Sub-20, na quinta-feira (6), em Assun\u00e7\u00e3o, no Paraguai \u2013 diz parte da nota.<\/em><\/p>\n<\/div>\n<\/div>\n<div id=\"chunk-6hsl7\">\n<div class=\"mc-column content-text active-extra-styles \">\n<p class=\" content-text__container \"><em>Com exce\u00e7\u00e3o da medida educativa adotada (campanha antirracista nas redes sociais do clube infrator), <strong>tratam-se de penas in\u00f3cuas diante da gravidade dos fatos ocorridos e, portanto, insuficientes para combater os reiterados casos de discrimina\u00e7\u00e3o racial no futebol sul-americano.&#8221;<\/strong><\/em><\/p>\n<div id=\"chunk-7go61\">\n<div class=\"mc-column content-text active-extra-styles \">\n<p class=\" content-text__container \"><em>As san\u00e7\u00f5es ao Cerro Porte\u00f1o, em vez de servirem ao prop\u00f3sito de coibir um problema ser\u00edssimo, na pr\u00e1tica demonstram a coniv\u00eancia das entidades com um crime que vem se repetindo incessantemente, bem como a fal\u00eancia de um sistema penal incapaz de punir com o rigor necess\u00e1rio os crimes de racismo cometidos dentro de campo e nas arquibancadas.<\/em><\/p>\n<\/div>\n<\/div>\n<div id=\"chunk-do1fd\">\n<div class=\"mc-column content-text active-extra-styles \">\n<p class=\" content-text__container \"><em>O <\/em><em>Palmeiras<\/em><em> reitera que acionar\u00e1 as entidades m\u00e1ximas do futebol mundial e levar\u00e1 o epis\u00f3dio \u00e0s \u00faltimas inst\u00e2ncias para que o futebol sul-americano possa, enfim, tornar-se um ambiente de toler\u00e2ncia zero ao racismo.<\/em><\/p>\n<\/div>\n<\/div>\n<\/div>\n<\/div>\n","protected":false},"excerpt":{"rendered":"<p>Conmebol, com rid\u00edcula puni\u00e7\u00e3o ao Cerro Porte\u00f1o, antecipa salvo-conduto a criminosos racistas no Paraguai Palmeiras anuncia que vai [&hellip;]<\/p>\n","protected":false},"author":102107496,"featured_media":48742,"comment_status":"open","ping_status":"open","sticky":false,"template":"","format":"standard","meta":{"_coblocks_attr":"","_coblocks_dimensions":"","_coblocks_responsive_height":"","_coblocks_accordion_ie_support":"","_jetpack_newsletter_access":"","_jetpack_dont_email_post_to_subs":false,"_jetpack_newsletter_tier_id":0,"_jetpack_memberships_contains_paywalled_content":false,"_wpcom_ai_launchpad_first_post":false,"_jetpack_feature_clip_id":0,"_jetpack_memberships_contains_paid_content":false,"footnotes":"","jetpack_publicize_message":"","jetpack_publicize_feature_enabled":true,"jetpack_social_post_already_shared":false,"jetpack_social_options":{"image_generator_settings":{"template":"highway","default_image_id":0,"font":"","enabled":false},"version":2},"jetpack_post_was_ever_published":false},"categories":[53870,3919],"tags":[789560569,3374253,535722,789560563,789560560,19333291,789560573,287104,789560561],"class_list":["post-48733","post","type-post","status-publish","format-standard","has-post-thumbnail","hentry","category-futebol","category-opiniao","tag-cbf","tag-cerro-porteno","tag-conmebol","tag-fifa","tag-futebol","tag-luighi","tag-luiz-antonio-prosperi","tag-palmeiras","tag-racismo"],"yoast_head":"<!-- This site is optimized with the Yoast SEO plugin v28.3 - https:\/\/yoast.com\/product\/yoast-seo-wordpress\/ -->\n<title>Luighi Corre Risco de Sofrer Novo Crime Racista Ap\u00f3s Puni\u00e7\u00e3o Branda da Conmebol ao Cerro Porte\u00f1o - PR\u00d3SPERI NEWS<\/title>\n<meta name=\"robots\" content=\"index, follow, max-snippet:-1, max-image-preview:large, max-video-preview:-1\" \/>\n<link rel=\"canonical\" href=\"https:\/\/blogdoprosperi.com\/?p=48733\" \/>\n<meta property=\"og:locale\" content=\"pt_BR\" \/>\n<meta property=\"og:type\" content=\"article\" \/>\n<meta property=\"og:title\" content=\"Luighi Corre Risco de Sofrer Novo Crime Racista Ap\u00f3s Puni\u00e7\u00e3o Branda da Conmebol ao Cerro Porte\u00f1o - PR\u00d3SPERI NEWS\" \/>\n<meta property=\"og:description\" content=\"Conmebol, com rid\u00edcula puni\u00e7\u00e3o ao Cerro Porte\u00f1o, antecipa salvo-conduto a criminosos racistas no Paraguai Palmeiras anuncia que vai [&hellip;]\" \/>\n<meta property=\"og:url\" content=\"https:\/\/blogdoprosperi.com\/?p=48733\" \/>\n<meta property=\"og:site_name\" content=\"PR\u00d3SPERI NEWS\" \/>\n<meta property=\"article:publisher\" content=\"Luiz Pr\u00f3speri\" \/>\n<meta property=\"article:author\" content=\"Luiz Pr\u00f3speri\" \/>\n<meta property=\"article:published_time\" content=\"2025-03-09T20:04:54+00:00\" \/>\n<meta property=\"og:image\" content=\"https:\/\/i0.wp.com\/blogdoprosperi.com\/wp-content\/uploads\/2025\/03\/54373123004_8e077ded43_c.jpg?fit=800%2C617&ssl=1\" \/>\n\t<meta property=\"og:image:width\" content=\"800\" \/>\n\t<meta property=\"og:image:height\" content=\"617\" \/>\n\t<meta property=\"og:image:type\" content=\"image\/jpeg\" \/>\n<meta name=\"author\" content=\"Luiz Ant\u00f4nio Pr\u00f3speri\" \/>\n<meta name=\"twitter:card\" content=\"summary_large_image\" \/>\n<meta name=\"twitter:creator\" content=\"@Luizprosperi\" \/>\n<meta name=\"twitter:site\" content=\"@Luizprosperi\" \/>\n<meta name=\"twitter:label1\" content=\"Escrito por\" \/>\n\t<meta name=\"twitter:data1\" content=\"Luiz Ant\u00f4nio Pr\u00f3speri\" \/>\n\t<meta name=\"twitter:label2\" content=\"Est. tempo de leitura\" \/>\n\t<meta name=\"twitter:data2\" content=\"3 minutos\" \/>\n<script type=\"application\/ld+json\" class=\"yoast-schema-graph\">{\"@context\":\"https:\\\/\\\/schema.org\",\"@graph\":[{\"@type\":\"Article\",\"@id\":\"https:\\\/\\\/blogdoprosperi.com\\\/?p=48733#article\",\"isPartOf\":{\"@id\":\"https:\\\/\\\/blogdoprosperi.com\\\/?p=48733\"},\"author\":{\"name\":\"Luiz Ant\u00f4nio Pr\u00f3speri\",\"@id\":\"https:\\\/\\\/blogdoprosperi.com\\\/#\\\/schema\\\/person\\\/38100755ce3601861ee4fab9b5aa78e9\"},\"headline\":\"Luighi Corre Risco de Sofrer Novo Crime Racista Ap\u00f3s Puni\u00e7\u00e3o Branda da Conmebol ao Cerro Porte\u00f1o\",\"datePublished\":\"2025-03-09T20:04:54+00:00\",\"mainEntityOfPage\":{\"@id\":\"https:\\\/\\\/blogdoprosperi.com\\\/?p=48733\"},\"wordCount\":526,\"commentCount\":1,\"publisher\":{\"@id\":\"https:\\\/\\\/blogdoprosperi.com\\\/#\\\/schema\\\/person\\\/38100755ce3601861ee4fab9b5aa78e9\"},\"image\":{\"@id\":\"https:\\\/\\\/blogdoprosperi.com\\\/?p=48733#primaryimage\"},\"thumbnailUrl\":\"https:\\\/\\\/i0.wp.com\\\/blogdoprosperi.com\\\/wp-content\\\/uploads\\\/2025\\\/03\\\/54373123004_8e077ded43_c.jpg?fit=800%2C617&ssl=1\",\"keywords\":[\"CBF\",\"cerro porte\u00f1o\",\"Conmebol\",\"Fifa\",\"futebol\",\"luighi\",\"Luiz Ant\u00f4nio Pr\u00f3speri\",\"Palmeiras\",\"racismo\"],\"articleSection\":[\"futebol\",\"opini\u00e3o\"],\"inLanguage\":\"pt-BR\",\"potentialAction\":[{\"@type\":\"CommentAction\",\"name\":\"Comment\",\"target\":[\"https:\\\/\\\/blogdoprosperi.com\\\/?p=48733#respond\"]}]},{\"@type\":\"WebPage\",\"@id\":\"https:\\\/\\\/blogdoprosperi.com\\\/?p=48733\",\"url\":\"https:\\\/\\\/blogdoprosperi.com\\\/?p=48733\",\"name\":\"Luighi Corre Risco de Sofrer Novo Crime Racista Ap\u00f3s Puni\u00e7\u00e3o Branda da Conmebol ao Cerro Porte\u00f1o - PR\u00d3SPERI NEWS\",\"isPartOf\":{\"@id\":\"https:\\\/\\\/blogdoprosperi.com\\\/#website\"},\"primaryImageOfPage\":{\"@id\":\"https:\\\/\\\/blogdoprosperi.com\\\/?p=48733#primaryimage\"},\"image\":{\"@id\":\"https:\\\/\\\/blogdoprosperi.com\\\/?p=48733#primaryimage\"},\"thumbnailUrl\":\"https:\\\/\\\/i0.wp.com\\\/blogdoprosperi.com\\\/wp-content\\\/uploads\\\/2025\\\/03\\\/54373123004_8e077ded43_c.jpg?fit=800%2C617&ssl=1\",\"datePublished\":\"2025-03-09T20:04:54+00:00\",\"breadcrumb\":{\"@id\":\"https:\\\/\\\/blogdoprosperi.com\\\/?p=48733#breadcrumb\"},\"inLanguage\":\"pt-BR\",\"potentialAction\":[{\"@type\":\"ReadAction\",\"target\":[\"https:\\\/\\\/blogdoprosperi.com\\\/?p=48733\"]}]},{\"@type\":\"ImageObject\",\"inLanguage\":\"pt-BR\",\"@id\":\"https:\\\/\\\/blogdoprosperi.com\\\/?p=48733#primaryimage\",\"url\":\"https:\\\/\\\/i0.wp.com\\\/blogdoprosperi.com\\\/wp-content\\\/uploads\\\/2025\\\/03\\\/54373123004_8e077ded43_c.jpg?fit=800%2C617&ssl=1\",\"contentUrl\":\"https:\\\/\\\/i0.wp.com\\\/blogdoprosperi.com\\\/wp-content\\\/uploads\\\/2025\\\/03\\\/54373123004_8e077ded43_c.jpg?fit=800%2C617&ssl=1\",\"width\":800,\"height\":617,\"caption\":\"Luighi treina ap\u00f3s ato racista \u2013 foto: Palmeiras oficial\"},{\"@type\":\"BreadcrumbList\",\"@id\":\"https:\\\/\\\/blogdoprosperi.com\\\/?p=48733#breadcrumb\",\"itemListElement\":[{\"@type\":\"ListItem\",\"position\":1,\"name\":\"In\u00edcio\",\"item\":\"https:\\\/\\\/blogdoprosperi.com\\\/\"},{\"@type\":\"ListItem\",\"position\":2,\"name\":\"Luighi Corre Risco de Sofrer Novo Crime Racista Ap\u00f3s Puni\u00e7\u00e3o Branda da Conmebol ao Cerro Porte\u00f1o\"}]},{\"@type\":\"WebSite\",\"@id\":\"https:\\\/\\\/blogdoprosperi.com\\\/#website\",\"url\":\"https:\\\/\\\/blogdoprosperi.com\\\/\",\"name\":\"PR\u00d3SPERI NEWS\",\"description\":\"TUDO \u00c9  FUTEBOL\",\"publisher\":{\"@id\":\"https:\\\/\\\/blogdoprosperi.com\\\/#\\\/schema\\\/person\\\/38100755ce3601861ee4fab9b5aa78e9\"},\"alternateName\":\"blogdoprosperi.com\",\"potentialAction\":[{\"@type\":\"SearchAction\",\"target\":{\"@type\":\"EntryPoint\",\"urlTemplate\":\"https:\\\/\\\/blogdoprosperi.com\\\/?s={search_term_string}\"},\"query-input\":{\"@type\":\"PropertyValueSpecification\",\"valueRequired\":true,\"valueName\":\"search_term_string\"}}],\"inLanguage\":\"pt-BR\"},{\"@type\":[\"Person\",\"Organization\"],\"@id\":\"https:\\\/\\\/blogdoprosperi.com\\\/#\\\/schema\\\/person\\\/38100755ce3601861ee4fab9b5aa78e9\",\"name\":\"Luiz Ant\u00f4nio Pr\u00f3speri\",\"pronouns\":\"ele\",\"image\":{\"@type\":\"ImageObject\",\"inLanguage\":\"pt-BR\",\"@id\":\"https:\\\/\\\/i0.wp.com\\\/blogdoprosperi.com\\\/wp-content\\\/uploads\\\/2026\\\/05\\\/cropped-8059e613-6002-42fa-961e-8e275f575d71-2-5.jpg?fit=1360%2C931&ssl=1\",\"url\":\"https:\\\/\\\/i0.wp.com\\\/blogdoprosperi.com\\\/wp-content\\\/uploads\\\/2026\\\/05\\\/cropped-8059e613-6002-42fa-961e-8e275f575d71-2-5.jpg?fit=1360%2C931&ssl=1\",\"contentUrl\":\"https:\\\/\\\/i0.wp.com\\\/blogdoprosperi.com\\\/wp-content\\\/uploads\\\/2026\\\/05\\\/cropped-8059e613-6002-42fa-961e-8e275f575d71-2-5.jpg?fit=1360%2C931&ssl=1\",\"width\":1360,\"height\":931,\"caption\":\"Luiz Ant\u00f4nio Pr\u00f3speri\"},\"logo\":{\"@id\":\"https:\\\/\\\/i0.wp.com\\\/blogdoprosperi.com\\\/wp-content\\\/uploads\\\/2026\\\/05\\\/cropped-8059e613-6002-42fa-961e-8e275f575d71-2-5.jpg?fit=1360%2C931&ssl=1\"},\"description\":\"Jornalista com carreira dedicada ao esporte. Cobriu 9 Copas do Mundo in loco, 1990 na It\u00e1lia, 1994 nos EUA, 1998 na Fran\u00e7a, 2002 na Coreia do Sul e Jap\u00e3o, 2006 na Alemanha, 2010 na \u00c1frica do Sul, 2014 no Brasil, 2018 na R\u00fassia e 2022 no Qatar. Eurocopas, 1992 na Su\u00e9cia e 1996 na Inglaterra. Copa das Confedera\u00e7\u00f5es de 2005 na Alemanha e 2009 na \u00c1frica do Sul. Rep\u00f3rter e Editor, trabalhou no Jornal da Tarde e Estad\u00e3o, de 1984 a fevereiro de 2016. Colunista, blogueiro. E comentarista de futebol na R\u00e1dio Estad\u00e3o, de 2013 a fevereiro de 2016. Jornalista respons\u00e1vel do \\\"Pr\u00f3speri News\\\" (blogdoprosperi.com).\",\"sameAs\":[\"http:\\\/\\\/blogdoprosperi.com\",\"Luiz Pr\u00f3speri\",\"@luiz_prosperi\",\"https:\\\/\\\/x.com\\\/Luizprosperi\",\"@prosperinacopa\",\"luiz.prosperi@icloud.com\"],\"url\":\"https:\\\/\\\/blogdoprosperi.com\\\/?author=102107496\"}]}<\/script>\n<!-- \/ Yoast SEO plugin. -->","yoast_head_json":{"title":"Luighi Corre Risco de Sofrer Novo Crime Racista Ap\u00f3s Puni\u00e7\u00e3o Branda da Conmebol ao Cerro Porte\u00f1o - PR\u00d3SPERI NEWS","robots":{"index":"index","follow":"follow","max-snippet":"max-snippet:-1","max-image-preview":"max-image-preview:large","max-video-preview":"max-video-preview:-1"},"canonical":"https:\/\/blogdoprosperi.com\/?p=48733","og_locale":"pt_BR","og_type":"article","og_title":"Luighi Corre Risco de Sofrer Novo Crime Racista Ap\u00f3s Puni\u00e7\u00e3o Branda da Conmebol ao Cerro Porte\u00f1o - PR\u00d3SPERI NEWS","og_description":"Conmebol, com rid\u00edcula puni\u00e7\u00e3o ao Cerro Porte\u00f1o, antecipa salvo-conduto a criminosos racistas no Paraguai Palmeiras anuncia que vai [&hellip;]","og_url":"https:\/\/blogdoprosperi.com\/?p=48733","og_site_name":"PR\u00d3SPERI NEWS","article_publisher":"Luiz Pr\u00f3speri","article_author":"Luiz Pr\u00f3speri","article_published_time":"2025-03-09T20:04:54+00:00","og_image":[{"width":800,"height":617,"url":"https:\/\/i0.wp.com\/blogdoprosperi.com\/wp-content\/uploads\/2025\/03\/54373123004_8e077ded43_c.jpg?fit=800%2C617&ssl=1","type":"image\/jpeg"}],"author":"Luiz Ant\u00f4nio Pr\u00f3speri","twitter_card":"summary_large_image","twitter_creator":"@Luizprosperi","twitter_site":"@Luizprosperi","twitter_misc":{"Escrito por":"Luiz Ant\u00f4nio Pr\u00f3speri","Est. tempo de leitura":"3 minutos"},"schema":{"@context":"https:\/\/schema.org","@graph":[{"@type":"Article","@id":"https:\/\/blogdoprosperi.com\/?p=48733#article","isPartOf":{"@id":"https:\/\/blogdoprosperi.com\/?p=48733"},"author":{"name":"Luiz Ant\u00f4nio Pr\u00f3speri","@id":"https:\/\/blogdoprosperi.com\/#\/schema\/person\/38100755ce3601861ee4fab9b5aa78e9"},"headline":"Luighi Corre Risco de Sofrer Novo Crime Racista Ap\u00f3s Puni\u00e7\u00e3o Branda da Conmebol ao Cerro Porte\u00f1o","datePublished":"2025-03-09T20:04:54+00:00","mainEntityOfPage":{"@id":"https:\/\/blogdoprosperi.com\/?p=48733"},"wordCount":526,"commentCount":1,"publisher":{"@id":"https:\/\/blogdoprosperi.com\/#\/schema\/person\/38100755ce3601861ee4fab9b5aa78e9"},"image":{"@id":"https:\/\/blogdoprosperi.com\/?p=48733#primaryimage"},"thumbnailUrl":"https:\/\/i0.wp.com\/blogdoprosperi.com\/wp-content\/uploads\/2025\/03\/54373123004_8e077ded43_c.jpg?fit=800%2C617&ssl=1","keywords":["CBF","cerro porte\u00f1o","Conmebol","Fifa","futebol","luighi","Luiz Ant\u00f4nio Pr\u00f3speri","Palmeiras","racismo"],"articleSection":["futebol","opini\u00e3o"],"inLanguage":"pt-BR","potentialAction":[{"@type":"CommentAction","name":"Comment","target":["https:\/\/blogdoprosperi.com\/?p=48733#respond"]}]},{"@type":"WebPage","@id":"https:\/\/blogdoprosperi.com\/?p=48733","url":"https:\/\/blogdoprosperi.com\/?p=48733","name":"Luighi Corre Risco de Sofrer Novo Crime Racista Ap\u00f3s Puni\u00e7\u00e3o Branda da Conmebol ao Cerro Porte\u00f1o - PR\u00d3SPERI NEWS","isPartOf":{"@id":"https:\/\/blogdoprosperi.com\/#website"},"primaryImageOfPage":{"@id":"https:\/\/blogdoprosperi.com\/?p=48733#primaryimage"},"image":{"@id":"https:\/\/blogdoprosperi.com\/?p=48733#primaryimage"},"thumbnailUrl":"https:\/\/i0.wp.com\/blogdoprosperi.com\/wp-content\/uploads\/2025\/03\/54373123004_8e077ded43_c.jpg?fit=800%2C617&ssl=1","datePublished":"2025-03-09T20:04:54+00:00","breadcrumb":{"@id":"https:\/\/blogdoprosperi.com\/?p=48733#breadcrumb"},"inLanguage":"pt-BR","potentialAction":[{"@type":"ReadAction","target":["https:\/\/blogdoprosperi.com\/?p=48733"]}]},{"@type":"ImageObject","inLanguage":"pt-BR","@id":"https:\/\/blogdoprosperi.com\/?p=48733#primaryimage","url":"https:\/\/i0.wp.com\/blogdoprosperi.com\/wp-content\/uploads\/2025\/03\/54373123004_8e077ded43_c.jpg?fit=800%2C617&ssl=1","contentUrl":"https:\/\/i0.wp.com\/blogdoprosperi.com\/wp-content\/uploads\/2025\/03\/54373123004_8e077ded43_c.jpg?fit=800%2C617&ssl=1","width":800,"height":617,"caption":"Luighi treina ap\u00f3s ato racista \u2013 foto: Palmeiras oficial"},{"@type":"BreadcrumbList","@id":"https:\/\/blogdoprosperi.com\/?p=48733#breadcrumb","itemListElement":[{"@type":"ListItem","position":1,"name":"In\u00edcio","item":"https:\/\/blogdoprosperi.com\/"},{"@type":"ListItem","position":2,"name":"Luighi Corre Risco de Sofrer Novo Crime Racista Ap\u00f3s Puni\u00e7\u00e3o Branda da Conmebol ao Cerro Porte\u00f1o"}]},{"@type":"WebSite","@id":"https:\/\/blogdoprosperi.com\/#website","url":"https:\/\/blogdoprosperi.com\/","name":"PR\u00d3SPERI NEWS","description":"TUDO \u00c9  FUTEBOL","publisher":{"@id":"https:\/\/blogdoprosperi.com\/#\/schema\/person\/38100755ce3601861ee4fab9b5aa78e9"},"alternateName":"blogdoprosperi.com","potentialAction":[{"@type":"SearchAction","target":{"@type":"EntryPoint","urlTemplate":"https:\/\/blogdoprosperi.com\/?s={search_term_string}"},"query-input":{"@type":"PropertyValueSpecification","valueRequired":true,"valueName":"search_term_string"}}],"inLanguage":"pt-BR"},{"@type":["Person","Organization"],"@id":"https:\/\/blogdoprosperi.com\/#\/schema\/person\/38100755ce3601861ee4fab9b5aa78e9","name":"Luiz Ant\u00f4nio Pr\u00f3speri","pronouns":"ele","image":{"@type":"ImageObject","inLanguage":"pt-BR","@id":"https:\/\/i0.wp.com\/blogdoprosperi.com\/wp-content\/uploads\/2026\/05\/cropped-8059e613-6002-42fa-961e-8e275f575d71-2-5.jpg?fit=1360%2C931&ssl=1","url":"https:\/\/i0.wp.com\/blogdoprosperi.com\/wp-content\/uploads\/2026\/05\/cropped-8059e613-6002-42fa-961e-8e275f575d71-2-5.jpg?fit=1360%2C931&ssl=1","contentUrl":"https:\/\/i0.wp.com\/blogdoprosperi.com\/wp-content\/uploads\/2026\/05\/cropped-8059e613-6002-42fa-961e-8e275f575d71-2-5.jpg?fit=1360%2C931&ssl=1","width":1360,"height":931,"caption":"Luiz Ant\u00f4nio Pr\u00f3speri"},"logo":{"@id":"https:\/\/i0.wp.com\/blogdoprosperi.com\/wp-content\/uploads\/2026\/05\/cropped-8059e613-6002-42fa-961e-8e275f575d71-2-5.jpg?fit=1360%2C931&ssl=1"},"description":"Jornalista com carreira dedicada ao esporte. Cobriu 9 Copas do Mundo in loco, 1990 na It\u00e1lia, 1994 nos EUA, 1998 na Fran\u00e7a, 2002 na Coreia do Sul e Jap\u00e3o, 2006 na Alemanha, 2010 na \u00c1frica do Sul, 2014 no Brasil, 2018 na R\u00fassia e 2022 no Qatar. Eurocopas, 1992 na Su\u00e9cia e 1996 na Inglaterra. Copa das Confedera\u00e7\u00f5es de 2005 na Alemanha e 2009 na \u00c1frica do Sul. Rep\u00f3rter e Editor, trabalhou no Jornal da Tarde e Estad\u00e3o, de 1984 a fevereiro de 2016. Colunista, blogueiro. E comentarista de futebol na R\u00e1dio Estad\u00e3o, de 2013 a fevereiro de 2016. Jornalista respons\u00e1vel do \"Pr\u00f3speri News\" (blogdoprosperi.com).","sameAs":["http:\/\/blogdoprosperi.com","Luiz Pr\u00f3speri","@luiz_prosperi","https:\/\/x.com\/Luizprosperi","@prosperinacopa","luiz.prosperi@icloud.com"],"url":"https:\/\/blogdoprosperi.com\/?author=102107496"}]}},"jetpack_publicize_connections":[],"jetpack_likes_enabled":false,"jetpack_sharing_enabled":true,"jetpack_shortlink":"https:\/\/wp.me\/p7jvdk-cG1","jetpack-related-posts":[{"id":48620,"url":"https:\/\/blogdoprosperi.com\/?p=48620","url_meta":{"origin":48733,"position":0},"title":"Luighi | CBF e Palmeiras Pedem Exclus\u00e3o do Cerro por Racismo e Apelam \u00e0 Fifa","author":"Luiz Ant\u00f4nio Pr\u00f3speri","date":"7 de mar\u00e7o de 2025","format":false,"excerpt":"CBF envia den\u00fancia \u00e0 Conmebol pedindo puni\u00e7\u00e3o aos torcedores e exclus\u00e3o do Cerro Porte\u00f1o da Libertadores Sub-20 Presidenta Leila Pereira diz que vai recorrer at\u00e9 a Fifa se a Conmebol n\u00e3o reagir. E quer autor do crime racista na cadeia Luiz Antonio Pr\u00f3speri \u2013 7 mar\u00e7o (14h05) \u2013 Leila Pereira,\u2026","rel":"","context":"Em &quot;futebol&quot;","block_context":{"text":"futebol","link":"https:\/\/blogdoprosperi.com\/?cat=53870"},"img":{"alt_text":"","src":"https:\/\/i0.wp.com\/blogdoprosperi.com\/wp-content\/uploads\/2025\/03\/captura-de-tela-2025-03-07-as-14.21.16.png?fit=1200%2C742&ssl=1&resize=350%2C200","width":350,"height":200,"srcset":"https:\/\/i0.wp.com\/blogdoprosperi.com\/wp-content\/uploads\/2025\/03\/captura-de-tela-2025-03-07-as-14.21.16.png?fit=1200%2C742&ssl=1&resize=350%2C200 1x, https:\/\/i0.wp.com\/blogdoprosperi.com\/wp-content\/uploads\/2025\/03\/captura-de-tela-2025-03-07-as-14.21.16.png?fit=1200%2C742&ssl=1&resize=525%2C300 1.5x, https:\/\/i0.wp.com\/blogdoprosperi.com\/wp-content\/uploads\/2025\/03\/captura-de-tela-2025-03-07-as-14.21.16.png?fit=1200%2C742&ssl=1&resize=700%2C400 2x, https:\/\/i0.wp.com\/blogdoprosperi.com\/wp-content\/uploads\/2025\/03\/captura-de-tela-2025-03-07-as-14.21.16.png?fit=1200%2C742&ssl=1&resize=1050%2C600 3x"},"classes":[]},{"id":48695,"url":"https:\/\/blogdoprosperi.com\/?p=48695","url_meta":{"origin":48733,"position":1},"title":"#Cr\u00f4nicaSab\u00e1tica #16 | L\u00e1grimas de Luighi Paralisam o Futebol","author":"Luiz Ant\u00f4nio Pr\u00f3speri","date":"8 de mar\u00e7o de 2025","format":false,"excerpt":"Luiz Ant\u00f4nio Pr\u00f3speri \u2013 8 mar\u00e7o (09h15) \u2013 Luighi Hanri Sousa Santos tem 18 anos. Nascido em 30 de abril de 2006 em S\u00e3o Paulo, est\u00e1 no Palmeiras desde os dez anos de idade. Atacante forte, 1,82 m, vive de balan\u00e7ar as redes. Multa contratual imposta pelo clube paulista encosta\u2026","rel":"","context":"Em &quot;futebol&quot;","block_context":{"text":"futebol","link":"https:\/\/blogdoprosperi.com\/?cat=53870"},"img":{"alt_text":"As l\u00e1grimas de Luighi","src":"https:\/\/i0.wp.com\/blogdoprosperi.com\/wp-content\/uploads\/2025\/03\/captura-de-tela-2025-03-07-as-23.20.24.png?fit=1200%2C945&ssl=1&resize=350%2C200","width":350,"height":200,"srcset":"https:\/\/i0.wp.com\/blogdoprosperi.com\/wp-content\/uploads\/2025\/03\/captura-de-tela-2025-03-07-as-23.20.24.png?fit=1200%2C945&ssl=1&resize=350%2C200 1x, https:\/\/i0.wp.com\/blogdoprosperi.com\/wp-content\/uploads\/2025\/03\/captura-de-tela-2025-03-07-as-23.20.24.png?fit=1200%2C945&ssl=1&resize=525%2C300 1.5x, https:\/\/i0.wp.com\/blogdoprosperi.com\/wp-content\/uploads\/2025\/03\/captura-de-tela-2025-03-07-as-23.20.24.png?fit=1200%2C945&ssl=1&resize=700%2C400 2x, https:\/\/i0.wp.com\/blogdoprosperi.com\/wp-content\/uploads\/2025\/03\/captura-de-tela-2025-03-07-as-23.20.24.png?fit=1200%2C945&ssl=1&resize=1050%2C600 3x"},"classes":[]},{"id":48991,"url":"https:\/\/blogdoprosperi.com\/?p=48991","url_meta":{"origin":48733,"position":2},"title":"Racismo | Conmebol: &#8220;Libertadores Sem Brasileiros \u00e9 Tarzan Sem a Chita&#8221;","author":"Luiz Ant\u00f4nio Pr\u00f3speri","date":"18 de mar\u00e7o de 2025","format":false,"excerpt":"Presidente da Conmebol diz que a entidade faz tudo o que est\u00e1 a seu alcance para estancar o racismo em jogos de torneios de sua responsabilidade Libertadores sem clubes brasileiros \u00e9 como \"Tarzan sem a Chita\" Luiz Ant\u00f4nio Pr\u00f3speri \u2013 18 mar\u00e7o (11h05) \u2013 Conmebol aponta com toda transpar\u00eancia e\u2026","rel":"","context":"Em &quot;futebol&quot;","block_context":{"text":"futebol","link":"https:\/\/blogdoprosperi.com\/?cat=53870"},"img":{"alt_text":"Conmebol diz que faz tudo que est\u00e1 a seu alcance contra racismo","src":"https:\/\/i0.wp.com\/blogdoprosperi.com\/wp-content\/uploads\/2025\/03\/captura-de-tela-2025-03-18-as-11.22.36.png?fit=1200%2C731&ssl=1&resize=350%2C200","width":350,"height":200,"srcset":"https:\/\/i0.wp.com\/blogdoprosperi.com\/wp-content\/uploads\/2025\/03\/captura-de-tela-2025-03-18-as-11.22.36.png?fit=1200%2C731&ssl=1&resize=350%2C200 1x, https:\/\/i0.wp.com\/blogdoprosperi.com\/wp-content\/uploads\/2025\/03\/captura-de-tela-2025-03-18-as-11.22.36.png?fit=1200%2C731&ssl=1&resize=525%2C300 1.5x, https:\/\/i0.wp.com\/blogdoprosperi.com\/wp-content\/uploads\/2025\/03\/captura-de-tela-2025-03-18-as-11.22.36.png?fit=1200%2C731&ssl=1&resize=700%2C400 2x, https:\/\/i0.wp.com\/blogdoprosperi.com\/wp-content\/uploads\/2025\/03\/captura-de-tela-2025-03-18-as-11.22.36.png?fit=1200%2C731&ssl=1&resize=1050%2C600 3x"},"classes":[]},{"id":48977,"url":"https:\/\/blogdoprosperi.com\/?p=48977","url_meta":{"origin":48733,"position":3},"title":"Libertadores Sorteio |Grupos Acess\u00edveis e Perspectivas dos Times Brasileiros","author":"Luiz Ant\u00f4nio Pr\u00f3speri","date":"17 de mar\u00e7o de 2025","format":false,"excerpt":"Luiz Antonio Pr\u00f3speri \u2013 17 mar\u00e7o (22h05) \u2013 Libertadores 2025 conhece os oito grupos no sorteio nesta noite de segunda-feira (17\/3) em Assun\u00e7\u00e3o. Divididos em quatro potes, o giro das bolinhas definiu o destino dos clubes. Brasil tem sete representantes. Botafogo, Palmeiras, S\u00e3o Paulo, Fortaleza e Flamengo caem em grupos\u2026","rel":"","context":"Em &quot;futebol&quot;","block_context":{"text":"futebol","link":"https:\/\/blogdoprosperi.com\/?cat=53870"},"img":{"alt_text":"Libertadores 2026","src":"https:\/\/i0.wp.com\/blogdoprosperi.com\/wp-content\/uploads\/2023\/03\/fsrk8i2waaabn_f.jpeg?fit=678%2C452&ssl=1&resize=350%2C200","width":350,"height":200,"srcset":"https:\/\/i0.wp.com\/blogdoprosperi.com\/wp-content\/uploads\/2023\/03\/fsrk8i2waaabn_f.jpeg?fit=678%2C452&ssl=1&resize=350%2C200 1x, https:\/\/i0.wp.com\/blogdoprosperi.com\/wp-content\/uploads\/2023\/03\/fsrk8i2waaabn_f.jpeg?fit=678%2C452&ssl=1&resize=525%2C300 1.5x"},"classes":[]},{"id":48565,"url":"https:\/\/blogdoprosperi.com\/?p=48565","url_meta":{"origin":48733,"position":4},"title":"Luighi, do Palmeiras, Arrebenta Conmebol ao Sofrer Racismo na Libertadores Sub-20","author":"Luiz Ant\u00f4nio Pr\u00f3speri","date":"6 de mar\u00e7o de 2025","format":false,"excerpt":"https:\/\/youtube.com\/shorts\/qPHXWn2cLlQ?si=HlyCKzBCKZmpWkNT https:\/\/www.youtube.com\/embed\/F5RTCSHfN6c?si=AH0F1pd0Uf9zurwY PALMEIRAS REAGE https:\/\/www.instagram.com\/reel\/DG4N3W7ulbP\/?utm_source=ig_web_copy_link&igsh=MzRlODBiNWFlZA== Confedera\u00e7\u00e3o Sul-Americana de Futebol (Conmebol) divulga nota oficial. Era o que faltava. Mais uma nota de protesto. A\u00e7\u00e3o zero. reprodu\u00e7\u00e3o Twitter (X) Mais uma derrota do futebol, sociedade. Racistas livres, leves e soltos continuam ocupando coliseus, digo est\u00e1dios, a praticar seus crimes.","rel":"","context":"Em &quot;futebol&quot;","block_context":{"text":"futebol","link":"https:\/\/blogdoprosperi.com\/?cat=53870"},"img":{"alt_text":"","src":"https:\/\/i0.wp.com\/blogdoprosperi.com\/wp-content\/uploads\/2025\/03\/captura-de-tela-2025-03-06-as-22.52.40.png?fit=1154%2C642&ssl=1&resize=350%2C200","width":350,"height":200,"srcset":"https:\/\/i0.wp.com\/blogdoprosperi.com\/wp-content\/uploads\/2025\/03\/captura-de-tela-2025-03-06-as-22.52.40.png?fit=1154%2C642&ssl=1&resize=350%2C200 1x, https:\/\/i0.wp.com\/blogdoprosperi.com\/wp-content\/uploads\/2025\/03\/captura-de-tela-2025-03-06-as-22.52.40.png?fit=1154%2C642&ssl=1&resize=525%2C300 1.5x, https:\/\/i0.wp.com\/blogdoprosperi.com\/wp-content\/uploads\/2025\/03\/captura-de-tela-2025-03-06-as-22.52.40.png?fit=1154%2C642&ssl=1&resize=700%2C400 2x, https:\/\/i0.wp.com\/blogdoprosperi.com\/wp-content\/uploads\/2025\/03\/captura-de-tela-2025-03-06-as-22.52.40.png?fit=1154%2C642&ssl=1&resize=1050%2C600 3x"},"classes":[]},{"id":35890,"url":"https:\/\/blogdoprosperi.com\/?p=35890","url_meta":{"origin":48733,"position":5},"title":"CBF se omite e Palmeiras \u00e9 castigado pela Conmebol na Copa Libertadores","author":"Luiz Ant\u00f4nio Pr\u00f3speri","date":"20 de maio de 2017","format":false,"excerpt":"CBF n\u00e3o defendeu o Palmeiras no Comit\u00ea Disciplinar da Confedera\u00e7\u00e3o Sul-Americana de Futebol (Conmebol) e o clube paulista sofreu uma puni\u00e7\u00e3o mais pesada que o Pe\u00f1arol nos incidentes da batalha campal em Montevid\u00e9u. A senten\u00e7a determina que o Palmeiras n\u00e3o poder\u00e1 contar com seus torcedores em tr\u00eas jogos como visitante\u2026","rel":"","context":"Em &quot;Copa Libertadores&quot;","block_context":{"text":"Copa Libertadores","link":"https:\/\/blogdoprosperi.com\/?cat=270704"},"img":{"alt_text":"","src":"https:\/\/i0.wp.com\/blogdoprosperi.com\/wp-content\/uploads\/2017\/05\/pelea-penarol-palmeiras-copa-libertadores-sf-reuters-3-copia.jpg?fit=1200%2C851&ssl=1&resize=350%2C200","width":350,"height":200,"srcset":"https:\/\/i0.wp.com\/blogdoprosperi.com\/wp-content\/uploads\/2017\/05\/pelea-penarol-palmeiras-copa-libertadores-sf-reuters-3-copia.jpg?fit=1200%2C851&ssl=1&resize=350%2C200 1x, https:\/\/i0.wp.com\/blogdoprosperi.com\/wp-content\/uploads\/2017\/05\/pelea-penarol-palmeiras-copa-libertadores-sf-reuters-3-copia.jpg?fit=1200%2C851&ssl=1&resize=525%2C300 1.5x, https:\/\/i0.wp.com\/blogdoprosperi.com\/wp-content\/uploads\/2017\/05\/pelea-penarol-palmeiras-copa-libertadores-sf-reuters-3-copia.jpg?fit=1200%2C851&ssl=1&resize=700%2C400 2x, https:\/\/i0.wp.com\/blogdoprosperi.com\/wp-content\/uploads\/2017\/05\/pelea-penarol-palmeiras-copa-libertadores-sf-reuters-3-copia.jpg?fit=1200%2C851&ssl=1&resize=1050%2C600 3x"},"classes":[]}],"jetpack_featured_media_url":"https:\/\/i0.wp.com\/blogdoprosperi.com\/wp-content\/uploads\/2025\/03\/54373123004_8e077ded43_c.jpg?fit=800%2C617&ssl=1","_links":{"self":[{"href":"https:\/\/blogdoprosperi.com\/index.php?rest_route=\/wp\/v2\/posts\/48733","targetHints":{"allow":["GET"]}}],"collection":[{"href":"https:\/\/blogdoprosperi.com\/index.php?rest_route=\/wp\/v2\/posts"}],"about":[{"href":"https:\/\/blogdoprosperi.com\/index.php?rest_route=\/wp\/v2\/types\/post"}],"author":[{"embeddable":true,"href":"https:\/\/blogdoprosperi.com\/index.php?rest_route=\/wp\/v2\/users\/102107496"}],"replies":[{"embeddable":true,"href":"https:\/\/blogdoprosperi.com\/index.php?rest_route=%2Fwp%2Fv2%2Fcomments&post=48733"}],"version-history":[{"count":12,"href":"https:\/\/blogdoprosperi.com\/index.php?rest_route=\/wp\/v2\/posts\/48733\/revisions"}],"predecessor-version":[{"id":48747,"href":"https:\/\/blogdoprosperi.com\/index.php?rest_route=\/wp\/v2\/posts\/48733\/revisions\/48747"}],"wp:featuredmedia":[{"embeddable":true,"href":"https:\/\/blogdoprosperi.com\/index.php?rest_route=\/wp\/v2\/media\/48742"}],"wp:attachment":[{"href":"https:\/\/blogdoprosperi.com\/index.php?rest_route=%2Fwp%2Fv2%2Fmedia&parent=48733"}],"wp:term":[{"taxonomy":"category","embeddable":true,"href":"https:\/\/blogdoprosperi.com\/index.php?rest_route=%2Fwp%2Fv2%2Fcategories&post=48733"},{"taxonomy":"post_tag","embeddable":true,"href":"https:\/\/blogdoprosperi.com\/index.php?rest_route=%2Fwp%2Fv2%2Ftags&post=48733"}],"curies":[{"name":"wp","href":"https:\/\/api.w.org\/{rel}","templated":true}]}}