{"id":48780,"date":"2025-03-11T14:02:36","date_gmt":"2025-03-11T17:02:36","guid":{"rendered":"https:\/\/blogdoprosperi.com\/?p=48780"},"modified":"2025-03-11T14:40:43","modified_gmt":"2025-03-11T17:40:43","slug":"palmeiras-vs-sao-paulo-o-penalti-que-decide-o-classico","status":"publish","type":"post","link":"https:\/\/blogdoprosperi.com\/?p=48780","title":{"rendered":"Palmeiras vs S\u00e3o Paulo: O P\u00eanalti que Decide o Cl\u00e1ssico"},"content":{"rendered":"\n<div class=\"wp-block-columns is-layout-flex wp-container-core-columns-is-layout-8f761849 wp-block-columns-is-layout-flex\">\n<div class=\"wp-block-column is-layout-flow wp-block-column-is-layout-flow\" style=\"flex-basis:100%\">\n<p><em>Luiz Ant\u00f4nio Pr\u00f3speri \u2013 11 mar\u00e7o (13h35) \u2013<\/em><\/p>\n<p>P\u00eanalti de Arboleda em Vitor Roque a favor do Palmeiras ou n\u00e3o p\u00eanalti de Arboleda em Vitor Roque a favor do S\u00e3o Paulo. Cl\u00e1ssico valendo vaga na final do Paulist\u00e3o se resume a esse lance capital. E n\u00e3o se fala mais do jogo em si em que o Alviverde se mostra superior ao Tricolor. \u00c1rbitro Flavio Rodrigues, referendado no VAR, interpreta como p\u00eanalti. Raphael Veiga converte e garante vit\u00f3ria do Palmeiras, carimbando a credencial \u00e0 decis\u00e3o do campeonato contra o Corinthians.<\/p>\n<p><em>Ou\u00e7a \u00e1udio do VAR divulgado pela Federa\u00e7\u00e3o Paulista e tire suas conclus\u00f5es:<\/em><\/p>\n<div class=\"jetpack-video-wrapper\"><span class=\"embed-youtube\" style=\"text-align:center; display: block;\"><iframe loading=\"lazy\" class=\"youtube-player\" width=\"560\" height=\"315\" src=\"https:\/\/www.youtube.com\/embed\/AEGozXldZlo?version=3&#038;rel=1&#038;showsearch=0&#038;showinfo=1&#038;iv_load_policy=1&#038;fs=1&#038;hl=pt-BR&#038;autohide=2&#038;wmode=transparent\" allowfullscreen=\"true\" style=\"border:0;\" sandbox=\"allow-scripts allow-same-origin allow-popups allow-presentation allow-popups-to-escape-sandbox\"><\/iframe><\/span><\/div>\n<p>S\u00e3o Paulo anda enfraquecido nos bastidores do futebol paulista. Sem receitas, recorre, por exemplo, a adiantamentos de cotas de direitos de imagem junto da Federa\u00e7\u00e3o Paulista de Futebol. Cobrar erros de arbitragem \u00e9 mais dif\u00edcil.<\/p>\n<p>Palmeiras \u00e9 o oposto. Tem caixa e n\u00e3o tem medo de partir para o confronto com as institui\u00e7\u00f5es, como no recente caso de racismo contra o garoto Luighi quando bateu de frente com a poderosa Conmebol.<\/p>\n<p>Agora esque\u00e7a o p\u00eanalti que decide o cl\u00e1ssico e vamos ver como o jogo se desenvolveu.<\/p>\n<p>Palmeiras promove estreia de Vitor Roque, 20 anos, contrata\u00e7\u00e3o mais cara do futebol brasileiro. Joga em casa com torcidas organizadas unidas, fato raro, empurrando o time.<\/p>\n<p>Abel opta por fortalecer a marca\u00e7\u00e3o com jogadores parrudos (Mart\u00ednez, Murilo, Micael) e uma m\u00e1quina de correr (Richard Rios). Exige de Veiga e Facundo Torres na linha de aux\u00edlio defensivo.<\/p>\n<p>E deixa as quest\u00f5es de ataque para os meninos Estev\u00e3o e Vitor Roque resolverem. Sempre com ajuda dos laterais Marcos Rocha e Vanderlan. Lembrando que Veiga estava ali para alimentar os garotos.<\/p>\n<p>S\u00e3o Paulo surpreende com a tacada de Zubeld\u00eda puxando Oscar da meia para segundo volante, setor do campo onde o craque do time teria ampla vis\u00e3o para passes a Luciano e, especial, Lucas iniciarem o ataque.<\/p>\n<p>Sistema funciona bem. S\u00e3o Paulo fica mais com a bola. Mas chega pouco na \u00e1rea de Weverton. Cria quase nada de chance de gol.<\/p>\n<p>Palmeiras segura o Tricolor, ataca mais e chuta mais ao gol. E poderia vencer, mesmo se n\u00e3o favorecido por um p\u00eanalti mal marcado.<\/p>\n<p>Quem gosta de futebol e n\u00e3o se deixa levar por teorias da conspira\u00e7\u00e3o e pol\u00eamicas das p\u00e9ssimas arbitragens, com absoluta certeza apreciou o cl\u00e1ssico.<\/p>\n<p>Mais: aponta um futuro promissor ao Palmeiras com as novas op\u00e7\u00f5es que Abel tem nas m\u00e3os e um bocado de preocupa\u00e7\u00e3o ao S\u00e3o Paulo por escassez de meias de excel\u00eancia.<\/p>\n<p>Detalhe importante nessa altura da temporada: Palmeiras tem dinheiro, S\u00e3o Paulo coleciona d\u00edvidas.<\/p>\n<p><\/p>\n<p><\/p>\n<p class=\"wp-block-paragraph\"><\/p>\n<p><\/p>\n<p class=\"wp-block-paragraph\"><\/p>\n<\/div>\n<\/div>\n<!-- \/wp:post-content -->\n\n<!-- wp:paragraph -->\n<p><\/p>\n<!-- \/wp:paragraph -->","protected":false},"excerpt":{"rendered":"<p>Luiz Ant\u00f4nio Pr\u00f3speri \u2013 11 mar\u00e7o (13h35) \u2013 P\u00eanalti de Arboleda em Vitor Roque a favor do Palmeiras [&hellip;]<\/p>\n","protected":false},"author":102107496,"featured_media":48800,"comment_status":"open","ping_status":"open","sticky":false,"template":"","format":"standard","meta":{"_coblocks_attr":"","_coblocks_dimensions":"","_coblocks_responsive_height":"","_coblocks_accordion_ie_support":"","_jetpack_newsletter_access":"","_jetpack_dont_email_post_to_subs":false,"_jetpack_newsletter_tier_id":0,"_jetpack_memberships_contains_paywalled_content":false,"_wpcom_ai_launchpad_first_post":false,"_jetpack_feature_clip_id":0,"_jetpack_memberships_contains_paid_content":false,"footnotes":"","jetpack_publicize_message":"","jetpack_publicize_feature_enabled":true,"jetpack_social_post_already_shared":false,"jetpack_social_options":{"image_generator_settings":{"template":"highway","default_image_id":0,"font":"","enabled":false},"version":2},"jetpack_post_was_ever_published":false},"categories":[53870,3919],"tags":[4200771,3119758,778851209,789560560,789560573,778851206,778851208,19311423,778851207,9124083],"class_list":["post-48780","post","type-post","status-publish","format-standard","has-post-thumbnail","hentry","category-futebol","category-opiniao","tag-abel-ferreira","tag-arboleda","tag-arbitro-flavio-rodrigues","tag-futebol","tag-luiz-antonio-prosperi","tag-palmeiras-1-x-0-sao-paulo","tag-palmeiras-x-corinthians-final","tag-semifinais-paulistao","tag-vigor-roque","tag-zubeldia"],"yoast_head":"<!-- This site is optimized with the Yoast SEO plugin v28.3 - https:\/\/yoast.com\/product\/yoast-seo-wordpress\/ -->\n<title>Palmeiras vs S\u00e3o Paulo: O P\u00eanalti que Decide o Cl\u00e1ssico - PR\u00d3SPERI NEWS<\/title>\n<meta name=\"robots\" content=\"index, follow, max-snippet:-1, max-image-preview:large, max-video-preview:-1\" \/>\n<link rel=\"canonical\" href=\"https:\/\/blogdoprosperi.com\/?p=48780\" \/>\n<meta property=\"og:locale\" content=\"pt_BR\" \/>\n<meta property=\"og:type\" content=\"article\" \/>\n<meta property=\"og:title\" content=\"Palmeiras vs S\u00e3o Paulo: O P\u00eanalti que Decide o Cl\u00e1ssico - PR\u00d3SPERI NEWS\" \/>\n<meta property=\"og:description\" content=\"Luiz Ant\u00f4nio Pr\u00f3speri \u2013 11 mar\u00e7o (13h35) \u2013 P\u00eanalti de Arboleda em Vitor Roque a favor do Palmeiras [&hellip;]\" \/>\n<meta property=\"og:url\" content=\"https:\/\/blogdoprosperi.com\/?p=48780\" \/>\n<meta property=\"og:site_name\" content=\"PR\u00d3SPERI NEWS\" \/>\n<meta property=\"article:publisher\" content=\"Luiz Pr\u00f3speri\" \/>\n<meta property=\"article:author\" content=\"Luiz Pr\u00f3speri\" \/>\n<meta property=\"article:published_time\" content=\"2025-03-11T17:02:36+00:00\" \/>\n<meta property=\"article:modified_time\" content=\"2025-03-11T17:40:43+00:00\" \/>\n<meta property=\"og:image\" content=\"https:\/\/i0.wp.com\/blogdoprosperi.com\/wp-content\/uploads\/2025\/03\/54379104646_65fbf1747d_c.jpg?fit=800%2C450&ssl=1\" \/>\n\t<meta property=\"og:image:width\" content=\"800\" \/>\n\t<meta property=\"og:image:height\" content=\"450\" \/>\n\t<meta property=\"og:image:type\" content=\"image\/jpeg\" \/>\n<meta name=\"author\" content=\"Luiz Ant\u00f4nio Pr\u00f3speri\" \/>\n<meta name=\"twitter:card\" content=\"summary_large_image\" \/>\n<meta name=\"twitter:creator\" content=\"@Luizprosperi\" \/>\n<meta name=\"twitter:site\" content=\"@Luizprosperi\" \/>\n<meta name=\"twitter:label1\" content=\"Escrito por\" \/>\n\t<meta name=\"twitter:data1\" content=\"Luiz Ant\u00f4nio Pr\u00f3speri\" \/>\n\t<meta name=\"twitter:label2\" content=\"Est. tempo de leitura\" \/>\n\t<meta name=\"twitter:data2\" content=\"2 minutos\" \/>\n<script type=\"application\/ld+json\" class=\"yoast-schema-graph\">{\"@context\":\"https:\\\/\\\/schema.org\",\"@graph\":[{\"@type\":\"Article\",\"@id\":\"https:\\\/\\\/blogdoprosperi.com\\\/?p=48780#article\",\"isPartOf\":{\"@id\":\"https:\\\/\\\/blogdoprosperi.com\\\/?p=48780\"},\"author\":{\"name\":\"Luiz Ant\u00f4nio Pr\u00f3speri\",\"@id\":\"https:\\\/\\\/blogdoprosperi.com\\\/#\\\/schema\\\/person\\\/38100755ce3601861ee4fab9b5aa78e9\"},\"headline\":\"Palmeiras vs S\u00e3o Paulo: O P\u00eanalti que Decide o Cl\u00e1ssico\",\"datePublished\":\"2025-03-11T17:02:36+00:00\",\"dateModified\":\"2025-03-11T17:40:43+00:00\",\"mainEntityOfPage\":{\"@id\":\"https:\\\/\\\/blogdoprosperi.com\\\/?p=48780\"},\"wordCount\":499,\"commentCount\":0,\"publisher\":{\"@id\":\"https:\\\/\\\/blogdoprosperi.com\\\/#\\\/schema\\\/person\\\/38100755ce3601861ee4fab9b5aa78e9\"},\"image\":{\"@id\":\"https:\\\/\\\/blogdoprosperi.com\\\/?p=48780#primaryimage\"},\"thumbnailUrl\":\"https:\\\/\\\/i0.wp.com\\\/blogdoprosperi.com\\\/wp-content\\\/uploads\\\/2025\\\/03\\\/54379104646_65fbf1747d_c.jpg?fit=800%2C450&ssl=1\",\"keywords\":[\"abel ferreira\",\"arboleda\",\"\u00e1rbitro Flavio rodrigues\",\"futebol\",\"Luiz Ant\u00f4nio Pr\u00f3speri\",\"palmeiras 1 x 0 s\u00e3o paulo\",\"palmeiras x corinthians final\",\"semifinais paulist\u00e3o\",\"vigor roque\",\"zubeldia\"],\"articleSection\":[\"futebol\",\"opini\u00e3o\"],\"inLanguage\":\"pt-BR\",\"potentialAction\":[{\"@type\":\"CommentAction\",\"name\":\"Comment\",\"target\":[\"https:\\\/\\\/blogdoprosperi.com\\\/?p=48780#respond\"]}]},{\"@type\":\"WebPage\",\"@id\":\"https:\\\/\\\/blogdoprosperi.com\\\/?p=48780\",\"url\":\"https:\\\/\\\/blogdoprosperi.com\\\/?p=48780\",\"name\":\"Palmeiras vs S\u00e3o Paulo: O P\u00eanalti que Decide o Cl\u00e1ssico - PR\u00d3SPERI NEWS\",\"isPartOf\":{\"@id\":\"https:\\\/\\\/blogdoprosperi.com\\\/#website\"},\"primaryImageOfPage\":{\"@id\":\"https:\\\/\\\/blogdoprosperi.com\\\/?p=48780#primaryimage\"},\"image\":{\"@id\":\"https:\\\/\\\/blogdoprosperi.com\\\/?p=48780#primaryimage\"},\"thumbnailUrl\":\"https:\\\/\\\/i0.wp.com\\\/blogdoprosperi.com\\\/wp-content\\\/uploads\\\/2025\\\/03\\\/54379104646_65fbf1747d_c.jpg?fit=800%2C450&ssl=1\",\"datePublished\":\"2025-03-11T17:02:36+00:00\",\"dateModified\":\"2025-03-11T17:40:43+00:00\",\"breadcrumb\":{\"@id\":\"https:\\\/\\\/blogdoprosperi.com\\\/?p=48780#breadcrumb\"},\"inLanguage\":\"pt-BR\",\"potentialAction\":[{\"@type\":\"ReadAction\",\"target\":[\"https:\\\/\\\/blogdoprosperi.com\\\/?p=48780\"]}]},{\"@type\":\"ImageObject\",\"inLanguage\":\"pt-BR\",\"@id\":\"https:\\\/\\\/blogdoprosperi.com\\\/?p=48780#primaryimage\",\"url\":\"https:\\\/\\\/i0.wp.com\\\/blogdoprosperi.com\\\/wp-content\\\/uploads\\\/2025\\\/03\\\/54379104646_65fbf1747d_c.jpg?fit=800%2C450&ssl=1\",\"contentUrl\":\"https:\\\/\\\/i0.wp.com\\\/blogdoprosperi.com\\\/wp-content\\\/uploads\\\/2025\\\/03\\\/54379104646_65fbf1747d_c.jpg?fit=800%2C450&ssl=1\",\"width\":800,\"height\":450,\"caption\":\"\u00c1rbitro Flavio Rodrigues apita p\u00eanalti a favor do Palmeiras \u2013 foto: Palmeiras oficial\"},{\"@type\":\"BreadcrumbList\",\"@id\":\"https:\\\/\\\/blogdoprosperi.com\\\/?p=48780#breadcrumb\",\"itemListElement\":[{\"@type\":\"ListItem\",\"position\":1,\"name\":\"In\u00edcio\",\"item\":\"https:\\\/\\\/blogdoprosperi.com\\\/\"},{\"@type\":\"ListItem\",\"position\":2,\"name\":\"Palmeiras vs S\u00e3o Paulo: O P\u00eanalti que Decide o Cl\u00e1ssico\"}]},{\"@type\":\"WebSite\",\"@id\":\"https:\\\/\\\/blogdoprosperi.com\\\/#website\",\"url\":\"https:\\\/\\\/blogdoprosperi.com\\\/\",\"name\":\"PR\u00d3SPERI NEWS\",\"description\":\"TUDO \u00c9  FUTEBOL\",\"publisher\":{\"@id\":\"https:\\\/\\\/blogdoprosperi.com\\\/#\\\/schema\\\/person\\\/38100755ce3601861ee4fab9b5aa78e9\"},\"alternateName\":\"blogdoprosperi.com\",\"potentialAction\":[{\"@type\":\"SearchAction\",\"target\":{\"@type\":\"EntryPoint\",\"urlTemplate\":\"https:\\\/\\\/blogdoprosperi.com\\\/?s={search_term_string}\"},\"query-input\":{\"@type\":\"PropertyValueSpecification\",\"valueRequired\":true,\"valueName\":\"search_term_string\"}}],\"inLanguage\":\"pt-BR\"},{\"@type\":[\"Person\",\"Organization\"],\"@id\":\"https:\\\/\\\/blogdoprosperi.com\\\/#\\\/schema\\\/person\\\/38100755ce3601861ee4fab9b5aa78e9\",\"name\":\"Luiz Ant\u00f4nio Pr\u00f3speri\",\"pronouns\":\"ele\",\"image\":{\"@type\":\"ImageObject\",\"inLanguage\":\"pt-BR\",\"@id\":\"https:\\\/\\\/i0.wp.com\\\/blogdoprosperi.com\\\/wp-content\\\/uploads\\\/2026\\\/05\\\/cropped-8059e613-6002-42fa-961e-8e275f575d71-2-5.jpg?fit=1360%2C931&ssl=1\",\"url\":\"https:\\\/\\\/i0.wp.com\\\/blogdoprosperi.com\\\/wp-content\\\/uploads\\\/2026\\\/05\\\/cropped-8059e613-6002-42fa-961e-8e275f575d71-2-5.jpg?fit=1360%2C931&ssl=1\",\"contentUrl\":\"https:\\\/\\\/i0.wp.com\\\/blogdoprosperi.com\\\/wp-content\\\/uploads\\\/2026\\\/05\\\/cropped-8059e613-6002-42fa-961e-8e275f575d71-2-5.jpg?fit=1360%2C931&ssl=1\",\"width\":1360,\"height\":931,\"caption\":\"Luiz Ant\u00f4nio Pr\u00f3speri\"},\"logo\":{\"@id\":\"https:\\\/\\\/i0.wp.com\\\/blogdoprosperi.com\\\/wp-content\\\/uploads\\\/2026\\\/05\\\/cropped-8059e613-6002-42fa-961e-8e275f575d71-2-5.jpg?fit=1360%2C931&ssl=1\"},\"description\":\"Jornalista com carreira dedicada ao esporte. Cobriu 9 Copas do Mundo in loco, 1990 na It\u00e1lia, 1994 nos EUA, 1998 na Fran\u00e7a, 2002 na Coreia do Sul e Jap\u00e3o, 2006 na Alemanha, 2010 na \u00c1frica do Sul, 2014 no Brasil, 2018 na R\u00fassia e 2022 no Qatar. Eurocopas, 1992 na Su\u00e9cia e 1996 na Inglaterra. Copa das Confedera\u00e7\u00f5es de 2005 na Alemanha e 2009 na \u00c1frica do Sul. Rep\u00f3rter e Editor, trabalhou no Jornal da Tarde e Estad\u00e3o, de 1984 a fevereiro de 2016. Colunista, blogueiro. E comentarista de futebol na R\u00e1dio Estad\u00e3o, de 2013 a fevereiro de 2016. Jornalista respons\u00e1vel do \\\"Pr\u00f3speri News\\\" (blogdoprosperi.com).\",\"sameAs\":[\"http:\\\/\\\/blogdoprosperi.com\",\"Luiz Pr\u00f3speri\",\"@luiz_prosperi\",\"https:\\\/\\\/x.com\\\/Luizprosperi\",\"@prosperinacopa\",\"luiz.prosperi@icloud.com\"],\"url\":\"https:\\\/\\\/blogdoprosperi.com\\\/?author=102107496\"}]}<\/script>\n<!-- \/ Yoast SEO plugin. -->","yoast_head_json":{"title":"Palmeiras vs S\u00e3o Paulo: O P\u00eanalti que Decide o Cl\u00e1ssico - PR\u00d3SPERI NEWS","robots":{"index":"index","follow":"follow","max-snippet":"max-snippet:-1","max-image-preview":"max-image-preview:large","max-video-preview":"max-video-preview:-1"},"canonical":"https:\/\/blogdoprosperi.com\/?p=48780","og_locale":"pt_BR","og_type":"article","og_title":"Palmeiras vs S\u00e3o Paulo: O P\u00eanalti que Decide o Cl\u00e1ssico - PR\u00d3SPERI NEWS","og_description":"Luiz Ant\u00f4nio Pr\u00f3speri \u2013 11 mar\u00e7o (13h35) \u2013 P\u00eanalti de Arboleda em Vitor Roque a favor do Palmeiras [&hellip;]","og_url":"https:\/\/blogdoprosperi.com\/?p=48780","og_site_name":"PR\u00d3SPERI NEWS","article_publisher":"Luiz Pr\u00f3speri","article_author":"Luiz Pr\u00f3speri","article_published_time":"2025-03-11T17:02:36+00:00","article_modified_time":"2025-03-11T17:40:43+00:00","og_image":[{"width":800,"height":450,"url":"https:\/\/i0.wp.com\/blogdoprosperi.com\/wp-content\/uploads\/2025\/03\/54379104646_65fbf1747d_c.jpg?fit=800%2C450&ssl=1","type":"image\/jpeg"}],"author":"Luiz Ant\u00f4nio Pr\u00f3speri","twitter_card":"summary_large_image","twitter_creator":"@Luizprosperi","twitter_site":"@Luizprosperi","twitter_misc":{"Escrito por":"Luiz Ant\u00f4nio Pr\u00f3speri","Est. tempo de leitura":"2 minutos"},"schema":{"@context":"https:\/\/schema.org","@graph":[{"@type":"Article","@id":"https:\/\/blogdoprosperi.com\/?p=48780#article","isPartOf":{"@id":"https:\/\/blogdoprosperi.com\/?p=48780"},"author":{"name":"Luiz Ant\u00f4nio Pr\u00f3speri","@id":"https:\/\/blogdoprosperi.com\/#\/schema\/person\/38100755ce3601861ee4fab9b5aa78e9"},"headline":"Palmeiras vs S\u00e3o Paulo: O P\u00eanalti que Decide o Cl\u00e1ssico","datePublished":"2025-03-11T17:02:36+00:00","dateModified":"2025-03-11T17:40:43+00:00","mainEntityOfPage":{"@id":"https:\/\/blogdoprosperi.com\/?p=48780"},"wordCount":499,"commentCount":0,"publisher":{"@id":"https:\/\/blogdoprosperi.com\/#\/schema\/person\/38100755ce3601861ee4fab9b5aa78e9"},"image":{"@id":"https:\/\/blogdoprosperi.com\/?p=48780#primaryimage"},"thumbnailUrl":"https:\/\/i0.wp.com\/blogdoprosperi.com\/wp-content\/uploads\/2025\/03\/54379104646_65fbf1747d_c.jpg?fit=800%2C450&ssl=1","keywords":["abel ferreira","arboleda","\u00e1rbitro Flavio rodrigues","futebol","Luiz Ant\u00f4nio Pr\u00f3speri","palmeiras 1 x 0 s\u00e3o paulo","palmeiras x corinthians final","semifinais paulist\u00e3o","vigor roque","zubeldia"],"articleSection":["futebol","opini\u00e3o"],"inLanguage":"pt-BR","potentialAction":[{"@type":"CommentAction","name":"Comment","target":["https:\/\/blogdoprosperi.com\/?p=48780#respond"]}]},{"@type":"WebPage","@id":"https:\/\/blogdoprosperi.com\/?p=48780","url":"https:\/\/blogdoprosperi.com\/?p=48780","name":"Palmeiras vs S\u00e3o Paulo: O P\u00eanalti que Decide o Cl\u00e1ssico - PR\u00d3SPERI NEWS","isPartOf":{"@id":"https:\/\/blogdoprosperi.com\/#website"},"primaryImageOfPage":{"@id":"https:\/\/blogdoprosperi.com\/?p=48780#primaryimage"},"image":{"@id":"https:\/\/blogdoprosperi.com\/?p=48780#primaryimage"},"thumbnailUrl":"https:\/\/i0.wp.com\/blogdoprosperi.com\/wp-content\/uploads\/2025\/03\/54379104646_65fbf1747d_c.jpg?fit=800%2C450&ssl=1","datePublished":"2025-03-11T17:02:36+00:00","dateModified":"2025-03-11T17:40:43+00:00","breadcrumb":{"@id":"https:\/\/blogdoprosperi.com\/?p=48780#breadcrumb"},"inLanguage":"pt-BR","potentialAction":[{"@type":"ReadAction","target":["https:\/\/blogdoprosperi.com\/?p=48780"]}]},{"@type":"ImageObject","inLanguage":"pt-BR","@id":"https:\/\/blogdoprosperi.com\/?p=48780#primaryimage","url":"https:\/\/i0.wp.com\/blogdoprosperi.com\/wp-content\/uploads\/2025\/03\/54379104646_65fbf1747d_c.jpg?fit=800%2C450&ssl=1","contentUrl":"https:\/\/i0.wp.com\/blogdoprosperi.com\/wp-content\/uploads\/2025\/03\/54379104646_65fbf1747d_c.jpg?fit=800%2C450&ssl=1","width":800,"height":450,"caption":"\u00c1rbitro Flavio Rodrigues apita p\u00eanalti a favor do Palmeiras \u2013 foto: Palmeiras oficial"},{"@type":"BreadcrumbList","@id":"https:\/\/blogdoprosperi.com\/?p=48780#breadcrumb","itemListElement":[{"@type":"ListItem","position":1,"name":"In\u00edcio","item":"https:\/\/blogdoprosperi.com\/"},{"@type":"ListItem","position":2,"name":"Palmeiras vs S\u00e3o Paulo: O P\u00eanalti que Decide o Cl\u00e1ssico"}]},{"@type":"WebSite","@id":"https:\/\/blogdoprosperi.com\/#website","url":"https:\/\/blogdoprosperi.com\/","name":"PR\u00d3SPERI NEWS","description":"TUDO \u00c9  FUTEBOL","publisher":{"@id":"https:\/\/blogdoprosperi.com\/#\/schema\/person\/38100755ce3601861ee4fab9b5aa78e9"},"alternateName":"blogdoprosperi.com","potentialAction":[{"@type":"SearchAction","target":{"@type":"EntryPoint","urlTemplate":"https:\/\/blogdoprosperi.com\/?s={search_term_string}"},"query-input":{"@type":"PropertyValueSpecification","valueRequired":true,"valueName":"search_term_string"}}],"inLanguage":"pt-BR"},{"@type":["Person","Organization"],"@id":"https:\/\/blogdoprosperi.com\/#\/schema\/person\/38100755ce3601861ee4fab9b5aa78e9","name":"Luiz Ant\u00f4nio Pr\u00f3speri","pronouns":"ele","image":{"@type":"ImageObject","inLanguage":"pt-BR","@id":"https:\/\/i0.wp.com\/blogdoprosperi.com\/wp-content\/uploads\/2026\/05\/cropped-8059e613-6002-42fa-961e-8e275f575d71-2-5.jpg?fit=1360%2C931&ssl=1","url":"https:\/\/i0.wp.com\/blogdoprosperi.com\/wp-content\/uploads\/2026\/05\/cropped-8059e613-6002-42fa-961e-8e275f575d71-2-5.jpg?fit=1360%2C931&ssl=1","contentUrl":"https:\/\/i0.wp.com\/blogdoprosperi.com\/wp-content\/uploads\/2026\/05\/cropped-8059e613-6002-42fa-961e-8e275f575d71-2-5.jpg?fit=1360%2C931&ssl=1","width":1360,"height":931,"caption":"Luiz Ant\u00f4nio Pr\u00f3speri"},"logo":{"@id":"https:\/\/i0.wp.com\/blogdoprosperi.com\/wp-content\/uploads\/2026\/05\/cropped-8059e613-6002-42fa-961e-8e275f575d71-2-5.jpg?fit=1360%2C931&ssl=1"},"description":"Jornalista com carreira dedicada ao esporte. Cobriu 9 Copas do Mundo in loco, 1990 na It\u00e1lia, 1994 nos EUA, 1998 na Fran\u00e7a, 2002 na Coreia do Sul e Jap\u00e3o, 2006 na Alemanha, 2010 na \u00c1frica do Sul, 2014 no Brasil, 2018 na R\u00fassia e 2022 no Qatar. Eurocopas, 1992 na Su\u00e9cia e 1996 na Inglaterra. Copa das Confedera\u00e7\u00f5es de 2005 na Alemanha e 2009 na \u00c1frica do Sul. Rep\u00f3rter e Editor, trabalhou no Jornal da Tarde e Estad\u00e3o, de 1984 a fevereiro de 2016. Colunista, blogueiro. E comentarista de futebol na R\u00e1dio Estad\u00e3o, de 2013 a fevereiro de 2016. Jornalista respons\u00e1vel do \"Pr\u00f3speri News\" (blogdoprosperi.com).","sameAs":["http:\/\/blogdoprosperi.com","Luiz Pr\u00f3speri","@luiz_prosperi","https:\/\/x.com\/Luizprosperi","@prosperinacopa","luiz.prosperi@icloud.com"],"url":"https:\/\/blogdoprosperi.com\/?author=102107496"}]}},"jetpack_publicize_connections":[],"jetpack_likes_enabled":false,"jetpack_sharing_enabled":true,"jetpack_shortlink":"https:\/\/wp.me\/p7jvdk-cGM","jetpack-related-posts":[{"id":48898,"url":"https:\/\/blogdoprosperi.com\/?p=48898","url_meta":{"origin":48780,"position":0},"title":"#Cr\u00f4nicaSab\u00e1tica #17 | Neymar Sim, Neymar N\u00e3o e o &#8216;Juiz Ladr\u00e3o&#8217;","author":"Luiz Ant\u00f4nio Pr\u00f3speri","date":"15 de mar\u00e7o de 2025","format":false,"excerpt":"Luiz Ant\u00f4nio Pr\u00f3speri \u2013 15 mar\u00e7o (09h45) \u2013 Neymar abre a semana no domingo passado, dia 9, chorando nos vesti\u00e1rios da Neo Qu\u00edmica Arena, pouco antes de Corinthians vs Santos, valendo vaga na final do Paulist\u00e3o. L\u00e1grimas por um \"desconforto\" no m\u00fasculo da coxa esquerda. Estava impedido de entrar em\u2026","rel":"","context":"Em &quot;futebol&quot;","block_context":{"text":"futebol","link":"https:\/\/blogdoprosperi.com\/?cat=53870"},"img":{"alt_text":"neymar sim, neymar n\u00e3o","src":"https:\/\/i0.wp.com\/blogdoprosperi.com\/wp-content\/uploads\/2022\/11\/52534316743_e5ca84d055_c-1.jpg?fit=799%2C533&ssl=1&resize=350%2C200","width":350,"height":200,"srcset":"https:\/\/i0.wp.com\/blogdoprosperi.com\/wp-content\/uploads\/2022\/11\/52534316743_e5ca84d055_c-1.jpg?fit=799%2C533&ssl=1&resize=350%2C200 1x, https:\/\/i0.wp.com\/blogdoprosperi.com\/wp-content\/uploads\/2022\/11\/52534316743_e5ca84d055_c-1.jpg?fit=799%2C533&ssl=1&resize=525%2C300 1.5x, https:\/\/i0.wp.com\/blogdoprosperi.com\/wp-content\/uploads\/2022\/11\/52534316743_e5ca84d055_c-1.jpg?fit=799%2C533&ssl=1&resize=700%2C400 2x"},"classes":[]},{"id":48114,"url":"https:\/\/blogdoprosperi.com\/?p=48114","url_meta":{"origin":48780,"position":1},"title":"Sete Toques do Fim de Semana | Flamengo Voa, Neymar Aparece, Palmeiras Vaiado e S\u00e3o Paulo Medroso","author":"Luiz Ant\u00f4nio Pr\u00f3speri","date":"17 de fevereiro de 2025","format":false,"excerpt":"Luiz Ant\u00f4nio Pr\u00f3speri \u2013 17 fevereiro (13h45) \u2013 Flamengo voa nas asas de Filipe Lu\u00eds inspirado em Jorge Jesus. Neymar n\u00e3o perdoa, faz primeiro gol na volta ao Santos e seu pai assume parte da gest\u00e3o do clube. Palmeiras curto e grosso leva vaias no Allianz. S\u00e3o Paulo engata quatro\u2026","rel":"","context":"Em &quot;futebol&quot;","block_context":{"text":"futebol","link":"https:\/\/blogdoprosperi.com\/?cat=53870"},"img":{"alt_text":"Flamengo voa","src":"https:\/\/i0.wp.com\/blogdoprosperi.com\/wp-content\/uploads\/2025\/02\/54329315982_77fe863e74_c.jpg?fit=799%2C534&ssl=1&resize=350%2C200","width":350,"height":200,"srcset":"https:\/\/i0.wp.com\/blogdoprosperi.com\/wp-content\/uploads\/2025\/02\/54329315982_77fe863e74_c.jpg?fit=799%2C534&ssl=1&resize=350%2C200 1x, https:\/\/i0.wp.com\/blogdoprosperi.com\/wp-content\/uploads\/2025\/02\/54329315982_77fe863e74_c.jpg?fit=799%2C534&ssl=1&resize=525%2C300 1.5x, https:\/\/i0.wp.com\/blogdoprosperi.com\/wp-content\/uploads\/2025\/02\/54329315982_77fe863e74_c.jpg?fit=799%2C534&ssl=1&resize=700%2C400 2x"},"classes":[]},{"id":48936,"url":"https:\/\/blogdoprosperi.com\/?p=48936","url_meta":{"origin":48780,"position":2},"title":"Paulist\u00e3o | Corinthians Responde com Patente de sua Hist\u00f3ria, Palmeiras Precisa Acelerar as Obras","author":"Luiz Ant\u00f4nio Pr\u00f3speri","date":"17 de mar\u00e7o de 2025","format":false,"excerpt":"A ta\u00e7a na m\u00e3o do Corinthians. Em casa, com mais de 45 mil torcedores \u00e1vidos por um t\u00edtulo que n\u00e3o vem desde 2019, a hora \u00e9 de gritar campe\u00e3o Do lado do Palmeiras, a derrota mostra problemas pontuais de um time em reconstru\u00e7\u00e3o Luiz Ant\u00f4nio Pr\u00f3speri \u2013 17 mar\u00e7o (14h15)\u2026","rel":"","context":"Em &quot;futebol&quot;","block_context":{"text":"futebol","link":"https:\/\/blogdoprosperi.com\/?cat=53870"},"img":{"alt_text":"Yuri Alberto e Memphis, Arco e Flecha do Corinthians","src":"https:\/\/i0.wp.com\/blogdoprosperi.com\/wp-content\/uploads\/2025\/03\/484088853_1228045492018146_9134755333483632067_n-1.jpg?fit=1080%2C1181&ssl=1&resize=350%2C200","width":350,"height":200,"srcset":"https:\/\/i0.wp.com\/blogdoprosperi.com\/wp-content\/uploads\/2025\/03\/484088853_1228045492018146_9134755333483632067_n-1.jpg?fit=1080%2C1181&ssl=1&resize=350%2C200 1x, https:\/\/i0.wp.com\/blogdoprosperi.com\/wp-content\/uploads\/2025\/03\/484088853_1228045492018146_9134755333483632067_n-1.jpg?fit=1080%2C1181&ssl=1&resize=525%2C300 1.5x, https:\/\/i0.wp.com\/blogdoprosperi.com\/wp-content\/uploads\/2025\/03\/484088853_1228045492018146_9134755333483632067_n-1.jpg?fit=1080%2C1181&ssl=1&resize=700%2C400 2x, https:\/\/i0.wp.com\/blogdoprosperi.com\/wp-content\/uploads\/2025\/03\/484088853_1228045492018146_9134755333483632067_n-1.jpg?fit=1080%2C1181&ssl=1&resize=1050%2C600 3x"},"classes":[]},{"id":48392,"url":"https:\/\/blogdoprosperi.com\/?p=48392","url_meta":{"origin":48780,"position":3},"title":"Vitor Roque \u00e9 do Palmeiras | Contrata\u00e7\u00e3o Mais Cara do Futebol Brasileiro","author":"Luiz Ant\u00f4nio Pr\u00f3speri","date":"26 de fevereiro de 2025","format":false,"excerpt":"Palmeiras paga R$ 154,5 milh\u00f5es por VR e supera a transfer\u00eancia do argentino Almada ao Botafogo por R$ 137,4 milh\u00f5es, em julho de 2024 Vitor Roque pode ser inscrito ainda no Paulist\u00e3o 2025, caso o Palmeiras avance \u00e0s semifinais eliminando o S\u00e3o Bernardo, s\u00e1bado, no ABC paulista. Luiz Antonio Pr\u00f3speri\u2026","rel":"","context":"Em &quot;futebol&quot;","block_context":{"text":"futebol","link":"https:\/\/blogdoprosperi.com\/?cat=53870"},"img":{"alt_text":"Vitor Roque \u00e9 do Palmeiras","src":"https:\/\/i0.wp.com\/blogdoprosperi.com\/wp-content\/uploads\/2025\/02\/captura-de-tela-2025-02-28-as-16.13.48.png?fit=1200%2C656&ssl=1&resize=350%2C200","width":350,"height":200,"srcset":"https:\/\/i0.wp.com\/blogdoprosperi.com\/wp-content\/uploads\/2025\/02\/captura-de-tela-2025-02-28-as-16.13.48.png?fit=1200%2C656&ssl=1&resize=350%2C200 1x, https:\/\/i0.wp.com\/blogdoprosperi.com\/wp-content\/uploads\/2025\/02\/captura-de-tela-2025-02-28-as-16.13.48.png?fit=1200%2C656&ssl=1&resize=525%2C300 1.5x, https:\/\/i0.wp.com\/blogdoprosperi.com\/wp-content\/uploads\/2025\/02\/captura-de-tela-2025-02-28-as-16.13.48.png?fit=1200%2C656&ssl=1&resize=700%2C400 2x, https:\/\/i0.wp.com\/blogdoprosperi.com\/wp-content\/uploads\/2025\/02\/captura-de-tela-2025-02-28-as-16.13.48.png?fit=1200%2C656&ssl=1&resize=1050%2C600 3x"},"classes":[]},{"id":53422,"url":"https:\/\/blogdoprosperi.com\/?p=53422","url_meta":{"origin":48780,"position":4},"title":"Palmeiras | Entenda a Quarta Remontada de Abel Ferreira em 2025","author":"Luiz Ant\u00f4nio Pr\u00f3speri","date":"15 de julho de 2025","format":false,"excerpt":"Luiz Ant\u00f4nio Pr\u00f3speri \u2013 15 julho (12h21) \u2013 Ram\u00f3n Sosa, 25 anos, contratado a R$ 80 milh\u00f5es do Nottingham Forest, chega para preencher uma vaga no ataque do Palmeiras. Apresentado segunda-feira (14\/7), o paraguaio seria o substituto de Estev\u00e3o, hoje no Chelsea. N\u00e3o \u00e9 bem assim. Sosa vai entrar no\u2026","rel":"","context":"Em &quot;brasileir\u00e3o 2025&quot;","block_context":{"text":"brasileir\u00e3o 2025","link":"https:\/\/blogdoprosperi.com\/?cat=775970846"},"img":{"alt_text":"Ram\u00f3n Sosa, novo refor\u00e7o do Palmeiras","src":"https:\/\/i0.wp.com\/blogdoprosperi.com\/wp-content\/uploads\/2025\/07\/54653699472_b35428751b_c.jpg?fit=800%2C450&ssl=1&resize=350%2C200","width":350,"height":200,"srcset":"https:\/\/i0.wp.com\/blogdoprosperi.com\/wp-content\/uploads\/2025\/07\/54653699472_b35428751b_c.jpg?fit=800%2C450&ssl=1&resize=350%2C200 1x, https:\/\/i0.wp.com\/blogdoprosperi.com\/wp-content\/uploads\/2025\/07\/54653699472_b35428751b_c.jpg?fit=800%2C450&ssl=1&resize=525%2C300 1.5x, https:\/\/i0.wp.com\/blogdoprosperi.com\/wp-content\/uploads\/2025\/07\/54653699472_b35428751b_c.jpg?fit=800%2C450&ssl=1&resize=700%2C400 2x"},"classes":[]},{"id":49281,"url":"https:\/\/blogdoprosperi.com\/?p=49281","url_meta":{"origin":48780,"position":5},"title":"Corinthians Campe\u00e3o, Palmeiras um Passo Atr\u00e1s","author":"Luiz Ant\u00f4nio Pr\u00f3speri","date":"28 de mar\u00e7o de 2025","format":false,"excerpt":"F\u00f3rmula multicultural da bola entrega \u00e0 Fiel o que ela mais espera do Corinthians: for\u00e7a, disposi\u00e7\u00e3o e refinamento t\u00e9cnico quando necess\u00e1rio Abel Ferreira ainda n\u00e3o d\u00e1 mostras de que a m\u00e1quina vai luzir. J\u00e1 come\u00e7a a perder for\u00e7a na pr\u00f3pria torcida do Palmeiras Luiz Ant\u00f4nio Pr\u00f3speri \u2013 28 mar\u00e7o (09h31)\u2026","rel":"","context":"Em &quot;futebol&quot;","block_context":{"text":"futebol","link":"https:\/\/blogdoprosperi.com\/?cat=53870"},"img":{"alt_text":"Corinthians campe\u00e3o paulista 2025","src":"https:\/\/i0.wp.com\/blogdoprosperi.com\/wp-content\/uploads\/2025\/03\/captura-de-tela-2025-03-28-as-09.42.15.png?fit=1200%2C683&ssl=1&resize=350%2C200","width":350,"height":200,"srcset":"https:\/\/i0.wp.com\/blogdoprosperi.com\/wp-content\/uploads\/2025\/03\/captura-de-tela-2025-03-28-as-09.42.15.png?fit=1200%2C683&ssl=1&resize=350%2C200 1x, https:\/\/i0.wp.com\/blogdoprosperi.com\/wp-content\/uploads\/2025\/03\/captura-de-tela-2025-03-28-as-09.42.15.png?fit=1200%2C683&ssl=1&resize=525%2C300 1.5x, https:\/\/i0.wp.com\/blogdoprosperi.com\/wp-content\/uploads\/2025\/03\/captura-de-tela-2025-03-28-as-09.42.15.png?fit=1200%2C683&ssl=1&resize=700%2C400 2x, https:\/\/i0.wp.com\/blogdoprosperi.com\/wp-content\/uploads\/2025\/03\/captura-de-tela-2025-03-28-as-09.42.15.png?fit=1200%2C683&ssl=1&resize=1050%2C600 3x"},"classes":[]}],"jetpack_featured_media_url":"https:\/\/i0.wp.com\/blogdoprosperi.com\/wp-content\/uploads\/2025\/03\/54379104646_65fbf1747d_c.jpg?fit=800%2C450&ssl=1","_links":{"self":[{"href":"https:\/\/blogdoprosperi.com\/index.php?rest_route=\/wp\/v2\/posts\/48780","targetHints":{"allow":["GET"]}}],"collection":[{"href":"https:\/\/blogdoprosperi.com\/index.php?rest_route=\/wp\/v2\/posts"}],"about":[{"href":"https:\/\/blogdoprosperi.com\/index.php?rest_route=\/wp\/v2\/types\/post"}],"author":[{"embeddable":true,"href":"https:\/\/blogdoprosperi.com\/index.php?rest_route=\/wp\/v2\/users\/102107496"}],"replies":[{"embeddable":true,"href":"https:\/\/blogdoprosperi.com\/index.php?rest_route=%2Fwp%2Fv2%2Fcomments&post=48780"}],"version-history":[{"count":15,"href":"https:\/\/blogdoprosperi.com\/index.php?rest_route=\/wp\/v2\/posts\/48780\/revisions"}],"predecessor-version":[{"id":48824,"href":"https:\/\/blogdoprosperi.com\/index.php?rest_route=\/wp\/v2\/posts\/48780\/revisions\/48824"}],"wp:featuredmedia":[{"embeddable":true,"href":"https:\/\/blogdoprosperi.com\/index.php?rest_route=\/wp\/v2\/media\/48800"}],"wp:attachment":[{"href":"https:\/\/blogdoprosperi.com\/index.php?rest_route=%2Fwp%2Fv2%2Fmedia&parent=48780"}],"wp:term":[{"taxonomy":"category","embeddable":true,"href":"https:\/\/blogdoprosperi.com\/index.php?rest_route=%2Fwp%2Fv2%2Fcategories&post=48780"},{"taxonomy":"post_tag","embeddable":true,"href":"https:\/\/blogdoprosperi.com\/index.php?rest_route=%2Fwp%2Fv2%2Ftags&post=48780"}],"curies":[{"name":"wp","href":"https:\/\/api.w.org\/{rel}","templated":true}]}}