{"id":48857,"date":"2025-03-13T12:46:20","date_gmt":"2025-03-13T15:46:20","guid":{"rendered":"https:\/\/blogdoprosperi.com\/?p=48857"},"modified":"2025-03-13T13:12:05","modified_gmt":"2025-03-13T16:12:05","slug":"futuro-do-corinthians-sobrevivencia-depende-do-palmeiras","status":"publish","type":"post","link":"https:\/\/blogdoprosperi.com\/?p=48857","title":{"rendered":"Futuro do Corinthians: Sobreviv\u00eancia Depende do Palmeiras"},"content":{"rendered":"<hr>\n<p><strong>Se Ramon Diaz cair, Tite pode vir a\u00ed. Memphis vira interroga\u00e7\u00e3o e at\u00e9 o impeachment do presidente Augusto Melo pode voltar<\/strong><\/p>\n<p><strong>Agora a encrenca \u00e9 superar o Palmeiras em dois jogos das finais do Paulist\u00e3o<\/strong><\/p>\n<hr>\n<p><em>Luiz Ant\u00f4nio Pr\u00f3speri \u2013 13 mar\u00e7o (12h35) \u2013<\/em><\/p>\n<p>Corinthians sai aplaudido por sua gente ao vencer (2 a 0) o Barcelona de Guayaquil, quarta-feira (12\/3), na Neo Qu\u00edmica Arena. O resultado elimina o time na Libertadores 2025, antes mesmo de avan\u00e7ar \u00e0 fase de grupos. Uma queda diante de mais de 40 mil torcedores. Um enorme preju\u00edzo financeiro sem futuras receitas do torneio sul-americano. E muita press\u00e3o a derrotar o Palmeiras e levantar a ta\u00e7a do Paulist\u00e3o, a partir de domingo (16\/3).<\/p>\n<p>A Fiel aplaude. Qual sentido dos aplausos?<\/p>\n<p>Entrega do time, atitude, a tal intensidade t\u00e3o aclamada por analistas esportivos. Essas seriam as respostas ao j\u00fabilo dos torcedores.<\/p>\n<p>Pobre torcedor obrigado a se contentar com as migalhas de um time que se comportou de forma inadmiss\u00edvel nos jogos da pr\u00e9-Libertadores.<\/p>\n<p>Por pouco na cai diante dos semi-amadores da Universidade Venezuela na primeira fase. Leva uma lambada de 3 a 0 no jogo de ida contra o Barcelona e no confronto da volta em casa, com um jogador a mais em boa parte do segundo tempo, vence por 2 a 0 \u2013 teria de fazer tr\u00eas gols de diferen\u00e7a para chegar \u00e0 decis\u00e3o nos p\u00eanaltis. E contar com goleiro Hugo para se classificar e a\u00ed sim entrar de fato na Libertadores.<\/p>\n<p>Nada feito.<\/p>\n<p>Agora a encrenca \u00e9 <strong>superar o Palmeiras<\/strong> em dois jogos das finais do Paulist\u00e3o.<\/p>\n<p>Joga a primeira no Allianz Parque. Manda a cartilha de jogos decisivos que o time tem de sair vivo fora de casa para ser campe\u00e3o na sua arena em Itaquera.<\/p>\n<p>N\u00e3o \u00e9 uma tarefa tranquila.<\/p>\n<p>Bastidores do Corinthians d\u00e3o conta de que at\u00e9 domingo, jogadores, comiss\u00e3o t\u00e9cnica e dirigentes do clube se fechar\u00e3o em copas. A ordem \u00e9 respirar a final do Paulist\u00e3o como se fosse o \u00faltimo litro de oxig\u00eanio.<\/p>\n<p>Uma eventual derrota pesada no primeiro jogo com o Palmeiras vai provocar fa\u00edscas de um inc\u00eandio de grandes propor\u00e7\u00f5es. Queda do t\u00e9cnico Ramon Diaz. <strong>Cobran\u00e7as acima do tom em Memphis Depay, dono de sal\u00e1rios de R$ 3 milh\u00f5es mensais, e, at\u00e9 aqui, pouca bola.<\/strong> E inc\u00f3gnita a respeito do destino de seus dirigentes.<\/p>\n<p>Futuro do Corinthians na temporada passa por essa final do Paulist\u00e3o. Se Ramon cair, Tite pode vir a\u00ed. Memphis vira interroga\u00e7\u00e3o e at\u00e9 o impeachment do presidente Augusto Melo pode voltar com for\u00e7a nos subterr\u00e2neos do Parque S\u00e3o Jorge. A conferir.<\/p>\n","protected":false},"excerpt":{"rendered":"<p>Se Ramon Diaz cair, Tite pode vir a\u00ed. Memphis vira interroga\u00e7\u00e3o e at\u00e9 o impeachment do presidente Augusto [&hellip;]<\/p>\n","protected":false},"author":102107496,"featured_media":48863,"comment_status":"open","ping_status":"open","sticky":false,"template":"","format":"standard","meta":{"_coblocks_attr":"","_coblocks_dimensions":"","_coblocks_responsive_height":"","_coblocks_accordion_ie_support":"","_jetpack_newsletter_access":"","_jetpack_dont_email_post_to_subs":false,"_jetpack_newsletter_tier_id":0,"_jetpack_memberships_contains_paywalled_content":false,"_wpcom_ai_launchpad_first_post":false,"_jetpack_feature_clip_id":0,"_jetpack_memberships_contains_paid_content":false,"footnotes":"","jetpack_publicize_message":"","jetpack_publicize_feature_enabled":true,"jetpack_social_post_already_shared":false,"jetpack_social_options":{"image_generator_settings":{"template":"highway","default_image_id":0,"font":"","enabled":false},"version":2},"jetpack_post_was_ever_published":false},"categories":[53870,3919],"tags":[34054646,10206164,789560560,789560573,44781124,777179972,8809847,1789227,1814220],"class_list":["post-48857","post","type-post","status-publish","format-standard","has-post-thumbnail","hentry","category-futebol","category-opiniao","tag-corinthians-eliminado","tag-corinthians-x-palmeiras","tag-futebol","tag-luiz-antonio-prosperi","tag-memphis-depay","tag-paulistao-2025","tag-pre-libertadores","tag-ramon-diaz","tag-tite"],"yoast_head":"<!-- This site is optimized with the Yoast SEO plugin v28.3 - https:\/\/yoast.com\/product\/yoast-seo-wordpress\/ -->\n<title>Futuro do Corinthians: Sobreviv\u00eancia Depende do Palmeiras - PR\u00d3SPERI NEWS<\/title>\n<meta name=\"robots\" content=\"index, follow, max-snippet:-1, max-image-preview:large, max-video-preview:-1\" \/>\n<link rel=\"canonical\" href=\"https:\/\/blogdoprosperi.com\/?p=48857\" \/>\n<meta property=\"og:locale\" content=\"pt_BR\" \/>\n<meta property=\"og:type\" content=\"article\" \/>\n<meta property=\"og:title\" content=\"Futuro do Corinthians: Sobreviv\u00eancia Depende do Palmeiras - PR\u00d3SPERI NEWS\" \/>\n<meta property=\"og:description\" content=\"Se Ramon Diaz cair, Tite pode vir a\u00ed. Memphis vira interroga\u00e7\u00e3o e at\u00e9 o impeachment do presidente Augusto [&hellip;]\" \/>\n<meta property=\"og:url\" content=\"https:\/\/blogdoprosperi.com\/?p=48857\" \/>\n<meta property=\"og:site_name\" content=\"PR\u00d3SPERI NEWS\" \/>\n<meta property=\"article:publisher\" content=\"Luiz Pr\u00f3speri\" \/>\n<meta property=\"article:author\" content=\"Luiz Pr\u00f3speri\" \/>\n<meta property=\"article:published_time\" content=\"2025-03-13T15:46:20+00:00\" \/>\n<meta property=\"article:modified_time\" content=\"2025-03-13T16:12:05+00:00\" \/>\n<meta property=\"og:image\" content=\"https:\/\/i0.wp.com\/blogdoprosperi.com\/wp-content\/uploads\/2025\/03\/captura-de-tela-2025-03-13-as-12.35.26.png?fit=1516%2C974&ssl=1\" \/>\n\t<meta property=\"og:image:width\" content=\"1516\" \/>\n\t<meta property=\"og:image:height\" content=\"974\" \/>\n\t<meta property=\"og:image:type\" content=\"image\/png\" \/>\n<meta name=\"author\" content=\"Luiz Ant\u00f4nio Pr\u00f3speri\" \/>\n<meta name=\"twitter:card\" content=\"summary_large_image\" \/>\n<meta name=\"twitter:creator\" content=\"@Luizprosperi\" \/>\n<meta name=\"twitter:site\" content=\"@Luizprosperi\" \/>\n<meta name=\"twitter:label1\" content=\"Escrito por\" \/>\n\t<meta name=\"twitter:data1\" content=\"Luiz Ant\u00f4nio Pr\u00f3speri\" \/>\n\t<meta name=\"twitter:label2\" content=\"Est. tempo de leitura\" \/>\n\t<meta name=\"twitter:data2\" content=\"2 minutos\" \/>\n<script type=\"application\/ld+json\" class=\"yoast-schema-graph\">{\"@context\":\"https:\\\/\\\/schema.org\",\"@graph\":[{\"@type\":\"Article\",\"@id\":\"https:\\\/\\\/blogdoprosperi.com\\\/?p=48857#article\",\"isPartOf\":{\"@id\":\"https:\\\/\\\/blogdoprosperi.com\\\/?p=48857\"},\"author\":{\"name\":\"Luiz Ant\u00f4nio Pr\u00f3speri\",\"@id\":\"https:\\\/\\\/blogdoprosperi.com\\\/#\\\/schema\\\/person\\\/38100755ce3601861ee4fab9b5aa78e9\"},\"headline\":\"Futuro do Corinthians: Sobreviv\u00eancia Depende do Palmeiras\",\"datePublished\":\"2025-03-13T15:46:20+00:00\",\"dateModified\":\"2025-03-13T16:12:05+00:00\",\"mainEntityOfPage\":{\"@id\":\"https:\\\/\\\/blogdoprosperi.com\\\/?p=48857\"},\"wordCount\":455,\"commentCount\":0,\"publisher\":{\"@id\":\"https:\\\/\\\/blogdoprosperi.com\\\/#\\\/schema\\\/person\\\/38100755ce3601861ee4fab9b5aa78e9\"},\"image\":{\"@id\":\"https:\\\/\\\/blogdoprosperi.com\\\/?p=48857#primaryimage\"},\"thumbnailUrl\":\"https:\\\/\\\/i0.wp.com\\\/blogdoprosperi.com\\\/wp-content\\\/uploads\\\/2025\\\/03\\\/captura-de-tela-2025-03-13-as-12.35.26.png?fit=1516%2C974&ssl=1\",\"keywords\":[\"corinthians eliminado\",\"Corinthians x Palmeiras\",\"futebol\",\"Luiz Ant\u00f4nio Pr\u00f3speri\",\"Memphis depay\",\"paulist\u00e3o 2025\",\"pr\u00e9-libertadores\",\"Ramon d\u00edaz\",\"Tite\"],\"articleSection\":[\"futebol\",\"opini\u00e3o\"],\"inLanguage\":\"pt-BR\",\"potentialAction\":[{\"@type\":\"CommentAction\",\"name\":\"Comment\",\"target\":[\"https:\\\/\\\/blogdoprosperi.com\\\/?p=48857#respond\"]}]},{\"@type\":\"WebPage\",\"@id\":\"https:\\\/\\\/blogdoprosperi.com\\\/?p=48857\",\"url\":\"https:\\\/\\\/blogdoprosperi.com\\\/?p=48857\",\"name\":\"Futuro do Corinthians: Sobreviv\u00eancia Depende do Palmeiras - PR\u00d3SPERI NEWS\",\"isPartOf\":{\"@id\":\"https:\\\/\\\/blogdoprosperi.com\\\/#website\"},\"primaryImageOfPage\":{\"@id\":\"https:\\\/\\\/blogdoprosperi.com\\\/?p=48857#primaryimage\"},\"image\":{\"@id\":\"https:\\\/\\\/blogdoprosperi.com\\\/?p=48857#primaryimage\"},\"thumbnailUrl\":\"https:\\\/\\\/i0.wp.com\\\/blogdoprosperi.com\\\/wp-content\\\/uploads\\\/2025\\\/03\\\/captura-de-tela-2025-03-13-as-12.35.26.png?fit=1516%2C974&ssl=1\",\"datePublished\":\"2025-03-13T15:46:20+00:00\",\"dateModified\":\"2025-03-13T16:12:05+00:00\",\"breadcrumb\":{\"@id\":\"https:\\\/\\\/blogdoprosperi.com\\\/?p=48857#breadcrumb\"},\"inLanguage\":\"pt-BR\",\"potentialAction\":[{\"@type\":\"ReadAction\",\"target\":[\"https:\\\/\\\/blogdoprosperi.com\\\/?p=48857\"]}]},{\"@type\":\"ImageObject\",\"inLanguage\":\"pt-BR\",\"@id\":\"https:\\\/\\\/blogdoprosperi.com\\\/?p=48857#primaryimage\",\"url\":\"https:\\\/\\\/i0.wp.com\\\/blogdoprosperi.com\\\/wp-content\\\/uploads\\\/2025\\\/03\\\/captura-de-tela-2025-03-13-as-12.35.26.png?fit=1516%2C974&ssl=1\",\"contentUrl\":\"https:\\\/\\\/i0.wp.com\\\/blogdoprosperi.com\\\/wp-content\\\/uploads\\\/2025\\\/03\\\/captura-de-tela-2025-03-13-as-12.35.26.png?fit=1516%2C974&ssl=1\",\"width\":1516,\"height\":974,\"caption\":\"Fiel aplaude Corinthians ap\u00f3s queda na Libertadores \u2013 foto: Facebook Corinthians\"},{\"@type\":\"BreadcrumbList\",\"@id\":\"https:\\\/\\\/blogdoprosperi.com\\\/?p=48857#breadcrumb\",\"itemListElement\":[{\"@type\":\"ListItem\",\"position\":1,\"name\":\"In\u00edcio\",\"item\":\"https:\\\/\\\/blogdoprosperi.com\\\/\"},{\"@type\":\"ListItem\",\"position\":2,\"name\":\"Futuro do Corinthians: Sobreviv\u00eancia Depende do Palmeiras\"}]},{\"@type\":\"WebSite\",\"@id\":\"https:\\\/\\\/blogdoprosperi.com\\\/#website\",\"url\":\"https:\\\/\\\/blogdoprosperi.com\\\/\",\"name\":\"PR\u00d3SPERI NEWS\",\"description\":\"TUDO \u00c9  FUTEBOL\",\"publisher\":{\"@id\":\"https:\\\/\\\/blogdoprosperi.com\\\/#\\\/schema\\\/person\\\/38100755ce3601861ee4fab9b5aa78e9\"},\"alternateName\":\"blogdoprosperi.com\",\"potentialAction\":[{\"@type\":\"SearchAction\",\"target\":{\"@type\":\"EntryPoint\",\"urlTemplate\":\"https:\\\/\\\/blogdoprosperi.com\\\/?s={search_term_string}\"},\"query-input\":{\"@type\":\"PropertyValueSpecification\",\"valueRequired\":true,\"valueName\":\"search_term_string\"}}],\"inLanguage\":\"pt-BR\"},{\"@type\":[\"Person\",\"Organization\"],\"@id\":\"https:\\\/\\\/blogdoprosperi.com\\\/#\\\/schema\\\/person\\\/38100755ce3601861ee4fab9b5aa78e9\",\"name\":\"Luiz Ant\u00f4nio Pr\u00f3speri\",\"pronouns\":\"ele\",\"image\":{\"@type\":\"ImageObject\",\"inLanguage\":\"pt-BR\",\"@id\":\"https:\\\/\\\/i0.wp.com\\\/blogdoprosperi.com\\\/wp-content\\\/uploads\\\/2026\\\/05\\\/cropped-8059e613-6002-42fa-961e-8e275f575d71-2-5.jpg?fit=1360%2C931&ssl=1\",\"url\":\"https:\\\/\\\/i0.wp.com\\\/blogdoprosperi.com\\\/wp-content\\\/uploads\\\/2026\\\/05\\\/cropped-8059e613-6002-42fa-961e-8e275f575d71-2-5.jpg?fit=1360%2C931&ssl=1\",\"contentUrl\":\"https:\\\/\\\/i0.wp.com\\\/blogdoprosperi.com\\\/wp-content\\\/uploads\\\/2026\\\/05\\\/cropped-8059e613-6002-42fa-961e-8e275f575d71-2-5.jpg?fit=1360%2C931&ssl=1\",\"width\":1360,\"height\":931,\"caption\":\"Luiz Ant\u00f4nio Pr\u00f3speri\"},\"logo\":{\"@id\":\"https:\\\/\\\/i0.wp.com\\\/blogdoprosperi.com\\\/wp-content\\\/uploads\\\/2026\\\/05\\\/cropped-8059e613-6002-42fa-961e-8e275f575d71-2-5.jpg?fit=1360%2C931&ssl=1\"},\"description\":\"Jornalista com carreira dedicada ao esporte. Cobriu 9 Copas do Mundo in loco, 1990 na It\u00e1lia, 1994 nos EUA, 1998 na Fran\u00e7a, 2002 na Coreia do Sul e Jap\u00e3o, 2006 na Alemanha, 2010 na \u00c1frica do Sul, 2014 no Brasil, 2018 na R\u00fassia e 2022 no Qatar. Eurocopas, 1992 na Su\u00e9cia e 1996 na Inglaterra. Copa das Confedera\u00e7\u00f5es de 2005 na Alemanha e 2009 na \u00c1frica do Sul. Rep\u00f3rter e Editor, trabalhou no Jornal da Tarde e Estad\u00e3o, de 1984 a fevereiro de 2016. Colunista, blogueiro. E comentarista de futebol na R\u00e1dio Estad\u00e3o, de 2013 a fevereiro de 2016. Jornalista respons\u00e1vel do \\\"Pr\u00f3speri News\\\" (blogdoprosperi.com).\",\"sameAs\":[\"http:\\\/\\\/blogdoprosperi.com\",\"Luiz Pr\u00f3speri\",\"@luiz_prosperi\",\"https:\\\/\\\/x.com\\\/Luizprosperi\",\"@prosperinacopa\",\"luiz.prosperi@icloud.com\"],\"url\":\"https:\\\/\\\/blogdoprosperi.com\\\/?author=102107496\"}]}<\/script>\n<!-- \/ Yoast SEO plugin. -->","yoast_head_json":{"title":"Futuro do Corinthians: Sobreviv\u00eancia Depende do Palmeiras - PR\u00d3SPERI NEWS","robots":{"index":"index","follow":"follow","max-snippet":"max-snippet:-1","max-image-preview":"max-image-preview:large","max-video-preview":"max-video-preview:-1"},"canonical":"https:\/\/blogdoprosperi.com\/?p=48857","og_locale":"pt_BR","og_type":"article","og_title":"Futuro do Corinthians: Sobreviv\u00eancia Depende do Palmeiras - PR\u00d3SPERI NEWS","og_description":"Se Ramon Diaz cair, Tite pode vir a\u00ed. Memphis vira interroga\u00e7\u00e3o e at\u00e9 o impeachment do presidente Augusto [&hellip;]","og_url":"https:\/\/blogdoprosperi.com\/?p=48857","og_site_name":"PR\u00d3SPERI NEWS","article_publisher":"Luiz Pr\u00f3speri","article_author":"Luiz Pr\u00f3speri","article_published_time":"2025-03-13T15:46:20+00:00","article_modified_time":"2025-03-13T16:12:05+00:00","og_image":[{"width":1516,"height":974,"url":"https:\/\/i0.wp.com\/blogdoprosperi.com\/wp-content\/uploads\/2025\/03\/captura-de-tela-2025-03-13-as-12.35.26.png?fit=1516%2C974&ssl=1","type":"image\/png"}],"author":"Luiz Ant\u00f4nio Pr\u00f3speri","twitter_card":"summary_large_image","twitter_creator":"@Luizprosperi","twitter_site":"@Luizprosperi","twitter_misc":{"Escrito por":"Luiz Ant\u00f4nio Pr\u00f3speri","Est. tempo de leitura":"2 minutos"},"schema":{"@context":"https:\/\/schema.org","@graph":[{"@type":"Article","@id":"https:\/\/blogdoprosperi.com\/?p=48857#article","isPartOf":{"@id":"https:\/\/blogdoprosperi.com\/?p=48857"},"author":{"name":"Luiz Ant\u00f4nio Pr\u00f3speri","@id":"https:\/\/blogdoprosperi.com\/#\/schema\/person\/38100755ce3601861ee4fab9b5aa78e9"},"headline":"Futuro do Corinthians: Sobreviv\u00eancia Depende do Palmeiras","datePublished":"2025-03-13T15:46:20+00:00","dateModified":"2025-03-13T16:12:05+00:00","mainEntityOfPage":{"@id":"https:\/\/blogdoprosperi.com\/?p=48857"},"wordCount":455,"commentCount":0,"publisher":{"@id":"https:\/\/blogdoprosperi.com\/#\/schema\/person\/38100755ce3601861ee4fab9b5aa78e9"},"image":{"@id":"https:\/\/blogdoprosperi.com\/?p=48857#primaryimage"},"thumbnailUrl":"https:\/\/i0.wp.com\/blogdoprosperi.com\/wp-content\/uploads\/2025\/03\/captura-de-tela-2025-03-13-as-12.35.26.png?fit=1516%2C974&ssl=1","keywords":["corinthians eliminado","Corinthians x Palmeiras","futebol","Luiz Ant\u00f4nio Pr\u00f3speri","Memphis depay","paulist\u00e3o 2025","pr\u00e9-libertadores","Ramon d\u00edaz","Tite"],"articleSection":["futebol","opini\u00e3o"],"inLanguage":"pt-BR","potentialAction":[{"@type":"CommentAction","name":"Comment","target":["https:\/\/blogdoprosperi.com\/?p=48857#respond"]}]},{"@type":"WebPage","@id":"https:\/\/blogdoprosperi.com\/?p=48857","url":"https:\/\/blogdoprosperi.com\/?p=48857","name":"Futuro do Corinthians: Sobreviv\u00eancia Depende do Palmeiras - PR\u00d3SPERI NEWS","isPartOf":{"@id":"https:\/\/blogdoprosperi.com\/#website"},"primaryImageOfPage":{"@id":"https:\/\/blogdoprosperi.com\/?p=48857#primaryimage"},"image":{"@id":"https:\/\/blogdoprosperi.com\/?p=48857#primaryimage"},"thumbnailUrl":"https:\/\/i0.wp.com\/blogdoprosperi.com\/wp-content\/uploads\/2025\/03\/captura-de-tela-2025-03-13-as-12.35.26.png?fit=1516%2C974&ssl=1","datePublished":"2025-03-13T15:46:20+00:00","dateModified":"2025-03-13T16:12:05+00:00","breadcrumb":{"@id":"https:\/\/blogdoprosperi.com\/?p=48857#breadcrumb"},"inLanguage":"pt-BR","potentialAction":[{"@type":"ReadAction","target":["https:\/\/blogdoprosperi.com\/?p=48857"]}]},{"@type":"ImageObject","inLanguage":"pt-BR","@id":"https:\/\/blogdoprosperi.com\/?p=48857#primaryimage","url":"https:\/\/i0.wp.com\/blogdoprosperi.com\/wp-content\/uploads\/2025\/03\/captura-de-tela-2025-03-13-as-12.35.26.png?fit=1516%2C974&ssl=1","contentUrl":"https:\/\/i0.wp.com\/blogdoprosperi.com\/wp-content\/uploads\/2025\/03\/captura-de-tela-2025-03-13-as-12.35.26.png?fit=1516%2C974&ssl=1","width":1516,"height":974,"caption":"Fiel aplaude Corinthians ap\u00f3s queda na Libertadores \u2013 foto: Facebook Corinthians"},{"@type":"BreadcrumbList","@id":"https:\/\/blogdoprosperi.com\/?p=48857#breadcrumb","itemListElement":[{"@type":"ListItem","position":1,"name":"In\u00edcio","item":"https:\/\/blogdoprosperi.com\/"},{"@type":"ListItem","position":2,"name":"Futuro do Corinthians: Sobreviv\u00eancia Depende do Palmeiras"}]},{"@type":"WebSite","@id":"https:\/\/blogdoprosperi.com\/#website","url":"https:\/\/blogdoprosperi.com\/","name":"PR\u00d3SPERI NEWS","description":"TUDO \u00c9  FUTEBOL","publisher":{"@id":"https:\/\/blogdoprosperi.com\/#\/schema\/person\/38100755ce3601861ee4fab9b5aa78e9"},"alternateName":"blogdoprosperi.com","potentialAction":[{"@type":"SearchAction","target":{"@type":"EntryPoint","urlTemplate":"https:\/\/blogdoprosperi.com\/?s={search_term_string}"},"query-input":{"@type":"PropertyValueSpecification","valueRequired":true,"valueName":"search_term_string"}}],"inLanguage":"pt-BR"},{"@type":["Person","Organization"],"@id":"https:\/\/blogdoprosperi.com\/#\/schema\/person\/38100755ce3601861ee4fab9b5aa78e9","name":"Luiz Ant\u00f4nio Pr\u00f3speri","pronouns":"ele","image":{"@type":"ImageObject","inLanguage":"pt-BR","@id":"https:\/\/i0.wp.com\/blogdoprosperi.com\/wp-content\/uploads\/2026\/05\/cropped-8059e613-6002-42fa-961e-8e275f575d71-2-5.jpg?fit=1360%2C931&ssl=1","url":"https:\/\/i0.wp.com\/blogdoprosperi.com\/wp-content\/uploads\/2026\/05\/cropped-8059e613-6002-42fa-961e-8e275f575d71-2-5.jpg?fit=1360%2C931&ssl=1","contentUrl":"https:\/\/i0.wp.com\/blogdoprosperi.com\/wp-content\/uploads\/2026\/05\/cropped-8059e613-6002-42fa-961e-8e275f575d71-2-5.jpg?fit=1360%2C931&ssl=1","width":1360,"height":931,"caption":"Luiz Ant\u00f4nio Pr\u00f3speri"},"logo":{"@id":"https:\/\/i0.wp.com\/blogdoprosperi.com\/wp-content\/uploads\/2026\/05\/cropped-8059e613-6002-42fa-961e-8e275f575d71-2-5.jpg?fit=1360%2C931&ssl=1"},"description":"Jornalista com carreira dedicada ao esporte. Cobriu 9 Copas do Mundo in loco, 1990 na It\u00e1lia, 1994 nos EUA, 1998 na Fran\u00e7a, 2002 na Coreia do Sul e Jap\u00e3o, 2006 na Alemanha, 2010 na \u00c1frica do Sul, 2014 no Brasil, 2018 na R\u00fassia e 2022 no Qatar. Eurocopas, 1992 na Su\u00e9cia e 1996 na Inglaterra. Copa das Confedera\u00e7\u00f5es de 2005 na Alemanha e 2009 na \u00c1frica do Sul. Rep\u00f3rter e Editor, trabalhou no Jornal da Tarde e Estad\u00e3o, de 1984 a fevereiro de 2016. Colunista, blogueiro. E comentarista de futebol na R\u00e1dio Estad\u00e3o, de 2013 a fevereiro de 2016. Jornalista respons\u00e1vel do \"Pr\u00f3speri News\" (blogdoprosperi.com).","sameAs":["http:\/\/blogdoprosperi.com","Luiz Pr\u00f3speri","@luiz_prosperi","https:\/\/x.com\/Luizprosperi","@prosperinacopa","luiz.prosperi@icloud.com"],"url":"https:\/\/blogdoprosperi.com\/?author=102107496"}]}},"jetpack_publicize_connections":[],"jetpack_likes_enabled":false,"jetpack_sharing_enabled":true,"jetpack_shortlink":"https:\/\/wp.me\/p7jvdk-cI1","jetpack-related-posts":[{"id":48936,"url":"https:\/\/blogdoprosperi.com\/?p=48936","url_meta":{"origin":48857,"position":0},"title":"Paulist\u00e3o | Corinthians Responde com Patente de sua Hist\u00f3ria, Palmeiras Precisa Acelerar as Obras","author":"Luiz Ant\u00f4nio Pr\u00f3speri","date":"17 de mar\u00e7o de 2025","format":false,"excerpt":"A ta\u00e7a na m\u00e3o do Corinthians. Em casa, com mais de 45 mil torcedores \u00e1vidos por um t\u00edtulo que n\u00e3o vem desde 2019, a hora \u00e9 de gritar campe\u00e3o Do lado do Palmeiras, a derrota mostra problemas pontuais de um time em reconstru\u00e7\u00e3o Luiz Ant\u00f4nio Pr\u00f3speri \u2013 17 mar\u00e7o (14h15)\u2026","rel":"","context":"Em &quot;futebol&quot;","block_context":{"text":"futebol","link":"https:\/\/blogdoprosperi.com\/?cat=53870"},"img":{"alt_text":"Yuri Alberto e Memphis, Arco e Flecha do Corinthians","src":"https:\/\/i0.wp.com\/blogdoprosperi.com\/wp-content\/uploads\/2025\/03\/484088853_1228045492018146_9134755333483632067_n-1.jpg?fit=1080%2C1181&ssl=1&resize=350%2C200","width":350,"height":200,"srcset":"https:\/\/i0.wp.com\/blogdoprosperi.com\/wp-content\/uploads\/2025\/03\/484088853_1228045492018146_9134755333483632067_n-1.jpg?fit=1080%2C1181&ssl=1&resize=350%2C200 1x, https:\/\/i0.wp.com\/blogdoprosperi.com\/wp-content\/uploads\/2025\/03\/484088853_1228045492018146_9134755333483632067_n-1.jpg?fit=1080%2C1181&ssl=1&resize=525%2C300 1.5x, https:\/\/i0.wp.com\/blogdoprosperi.com\/wp-content\/uploads\/2025\/03\/484088853_1228045492018146_9134755333483632067_n-1.jpg?fit=1080%2C1181&ssl=1&resize=700%2C400 2x, https:\/\/i0.wp.com\/blogdoprosperi.com\/wp-content\/uploads\/2025\/03\/484088853_1228045492018146_9134755333483632067_n-1.jpg?fit=1080%2C1181&ssl=1&resize=1050%2C600 3x"},"classes":[]},{"id":49281,"url":"https:\/\/blogdoprosperi.com\/?p=49281","url_meta":{"origin":48857,"position":1},"title":"Corinthians Campe\u00e3o, Palmeiras um Passo Atr\u00e1s","author":"Luiz Ant\u00f4nio Pr\u00f3speri","date":"28 de mar\u00e7o de 2025","format":false,"excerpt":"F\u00f3rmula multicultural da bola entrega \u00e0 Fiel o que ela mais espera do Corinthians: for\u00e7a, disposi\u00e7\u00e3o e refinamento t\u00e9cnico quando necess\u00e1rio Abel Ferreira ainda n\u00e3o d\u00e1 mostras de que a m\u00e1quina vai luzir. J\u00e1 come\u00e7a a perder for\u00e7a na pr\u00f3pria torcida do Palmeiras Luiz Ant\u00f4nio Pr\u00f3speri \u2013 28 mar\u00e7o (09h31)\u2026","rel":"","context":"Em &quot;futebol&quot;","block_context":{"text":"futebol","link":"https:\/\/blogdoprosperi.com\/?cat=53870"},"img":{"alt_text":"Corinthians campe\u00e3o paulista 2025","src":"https:\/\/i0.wp.com\/blogdoprosperi.com\/wp-content\/uploads\/2025\/03\/captura-de-tela-2025-03-28-as-09.42.15.png?fit=1200%2C683&ssl=1&resize=350%2C200","width":350,"height":200,"srcset":"https:\/\/i0.wp.com\/blogdoprosperi.com\/wp-content\/uploads\/2025\/03\/captura-de-tela-2025-03-28-as-09.42.15.png?fit=1200%2C683&ssl=1&resize=350%2C200 1x, https:\/\/i0.wp.com\/blogdoprosperi.com\/wp-content\/uploads\/2025\/03\/captura-de-tela-2025-03-28-as-09.42.15.png?fit=1200%2C683&ssl=1&resize=525%2C300 1.5x, https:\/\/i0.wp.com\/blogdoprosperi.com\/wp-content\/uploads\/2025\/03\/captura-de-tela-2025-03-28-as-09.42.15.png?fit=1200%2C683&ssl=1&resize=700%2C400 2x, https:\/\/i0.wp.com\/blogdoprosperi.com\/wp-content\/uploads\/2025\/03\/captura-de-tela-2025-03-28-as-09.42.15.png?fit=1200%2C683&ssl=1&resize=1050%2C600 3x"},"classes":[]},{"id":49500,"url":"https:\/\/blogdoprosperi.com\/?p=49500","url_meta":{"origin":48857,"position":2},"title":"Corinthians Cai na Vala Comum","author":"Luiz Ant\u00f4nio Pr\u00f3speri","date":"3 de abril de 2025","format":false,"excerpt":"Luiz Ant\u00f4nio Pr\u00f3speri \u2013 3 abril (11h41) \u2013 Corinthians n\u00e3o tem tempo para respirar. Uma semana ap\u00f3s celebrar conquista do Paulist\u00e3o, cai na vala comum dos que n\u00e3o sobrevivem em torneios internacionais \u2013 h\u00e1 menos de um m\u00eas era eliminado em casa na fase pr\u00e9 da Libertadores. A derrota (2\u2026","rel":"","context":"Em &quot;futebol&quot;","block_context":{"text":"futebol","link":"https:\/\/blogdoprosperi.com\/?cat=53870"},"img":{"alt_text":"Hurac\u00e1n derrota Corinthians","src":"https:\/\/i0.wp.com\/blogdoprosperi.com\/wp-content\/uploads\/2025\/04\/gnkchl1wqaaxchi.jpeg?fit=1024%2C683&ssl=1&resize=350%2C200","width":350,"height":200,"srcset":"https:\/\/i0.wp.com\/blogdoprosperi.com\/wp-content\/uploads\/2025\/04\/gnkchl1wqaaxchi.jpeg?fit=1024%2C683&ssl=1&resize=350%2C200 1x, https:\/\/i0.wp.com\/blogdoprosperi.com\/wp-content\/uploads\/2025\/04\/gnkchl1wqaaxchi.jpeg?fit=1024%2C683&ssl=1&resize=525%2C300 1.5x, https:\/\/i0.wp.com\/blogdoprosperi.com\/wp-content\/uploads\/2025\/04\/gnkchl1wqaaxchi.jpeg?fit=1024%2C683&ssl=1&resize=700%2C400 2x"},"classes":[]},{"id":49434,"url":"https:\/\/blogdoprosperi.com\/?p=49434","url_meta":{"origin":48857,"position":3},"title":"Brasileir\u00e3o 2025 | Treinadores no Altar dos Sacrif\u00edcios","author":"Luiz Ant\u00f4nio Pr\u00f3speri","date":"10 de maio de 2025","format":false,"excerpt":"Luiz Ant\u00f4nio Pr\u00f3speri \u2013 10 maio (13h21) \u2013 Brasileir\u00e3o 2025 entra na oitava rodada neste fim de semana (10 e 11\/5) vivendo flagelo de treinadores. Vasco, Gr\u00eamio, Corinthians, Fluminense, Sport e Santos trocaram de t\u00e9cnicos. Rid\u00edcula atitude dos clubes. E cabe\u00e7as podem ser cortadas em breve. Torcedores e m\u00eddia de\u2026","rel":"","context":"Em &quot;futebol&quot;","block_context":{"text":"futebol","link":"https:\/\/blogdoprosperi.com\/?cat=53870"},"img":{"alt_text":"","src":"https:\/\/i0.wp.com\/blogdoprosperi.com\/wp-content\/uploads\/2025\/05\/captura-de-tela-2025-05-10-as-13.10.40.png?fit=1200%2C788&ssl=1&resize=350%2C200","width":350,"height":200,"srcset":"https:\/\/i0.wp.com\/blogdoprosperi.com\/wp-content\/uploads\/2025\/05\/captura-de-tela-2025-05-10-as-13.10.40.png?fit=1200%2C788&ssl=1&resize=350%2C200 1x, https:\/\/i0.wp.com\/blogdoprosperi.com\/wp-content\/uploads\/2025\/05\/captura-de-tela-2025-05-10-as-13.10.40.png?fit=1200%2C788&ssl=1&resize=525%2C300 1.5x, https:\/\/i0.wp.com\/blogdoprosperi.com\/wp-content\/uploads\/2025\/05\/captura-de-tela-2025-05-10-as-13.10.40.png?fit=1200%2C788&ssl=1&resize=700%2C400 2x, https:\/\/i0.wp.com\/blogdoprosperi.com\/wp-content\/uploads\/2025\/05\/captura-de-tela-2025-05-10-as-13.10.40.png?fit=1200%2C788&ssl=1&resize=1050%2C600 3x"},"classes":[]},{"id":2450,"url":"https:\/\/blogdoprosperi.com\/?p=2450","url_meta":{"origin":48857,"position":4},"title":"Estaduais mais atrapalham do que ajudam o futebol","author":"Luiz Ant\u00f4nio Pr\u00f3speri","date":"26 de abril de 2016","format":false,"excerpt":"Clubes brasileiros se matam nos campeonatos regionais em busca da grana da televis\u00e3o Marca registrada do futebol brasileiro, os Estaduais ocupam pelo menos tr\u00eas meses do calend\u00e1rio nacional sem levar a lugar nenhum.Valem mais pelo dinheiro das cotas de transmiss\u00e3o dos jogos do que o aspecto t\u00e9cnico na forma\u00e7\u00e3o dos\u2026","rel":"","context":"Em &quot;futebol&quot;","block_context":{"text":"futebol","link":"https:\/\/blogdoprosperi.com\/?cat=53870"},"img":{"alt_text":"","src":"https:\/\/i0.wp.com\/blogdoprosperi.com\/wp-content\/uploads\/2016\/04\/19182044-1.jpg?resize=350%2C200&ssl=1","width":350,"height":200,"srcset":"https:\/\/i0.wp.com\/blogdoprosperi.com\/wp-content\/uploads\/2016\/04\/19182044-1.jpg?resize=350%2C200&ssl=1 1x, https:\/\/i0.wp.com\/blogdoprosperi.com\/wp-content\/uploads\/2016\/04\/19182044-1.jpg?resize=525%2C300&ssl=1 1.5x"},"classes":[]},{"id":46187,"url":"https:\/\/blogdoprosperi.com\/?p=46187","url_meta":{"origin":48857,"position":5},"title":"Corinthians Eliminado nas Copas Depende do Palmeiras para Sobreviver","author":"Luiz Ant\u00f4nio Pr\u00f3speri","date":"1 de novembro de 2024","format":false,"excerpt":"Luiz Ant\u00f4nio Pr\u00f3speri \u2013 1 novembro (14h09) Corinthians paga conta de uma gest\u00e3o mal-conduzida desde o in\u00edcio da temporada. Presidente Augusto Melo, eleito contra um grupo no poder desde 2007, ainda n\u00e3o entendeu a dimens\u00e3o do clube e seu alcance. E pode entrar em 2025 pelas porta dos fundos do\u2026","rel":"","context":"Em &quot;futebol&quot;","block_context":{"text":"futebol","link":"https:\/\/blogdoprosperi.com\/?cat=53870"},"img":{"alt_text":"Corinthians x Palmeiras, cl\u00e1ssico decisivo","src":"https:\/\/i0.wp.com\/blogdoprosperi.com\/wp-content\/uploads\/2024\/11\/gbqwpsdwcaac3s-1.jpeg?fit=1200%2C800&ssl=1&resize=350%2C200","width":350,"height":200,"srcset":"https:\/\/i0.wp.com\/blogdoprosperi.com\/wp-content\/uploads\/2024\/11\/gbqwpsdwcaac3s-1.jpeg?fit=1200%2C800&ssl=1&resize=350%2C200 1x, https:\/\/i0.wp.com\/blogdoprosperi.com\/wp-content\/uploads\/2024\/11\/gbqwpsdwcaac3s-1.jpeg?fit=1200%2C800&ssl=1&resize=525%2C300 1.5x, https:\/\/i0.wp.com\/blogdoprosperi.com\/wp-content\/uploads\/2024\/11\/gbqwpsdwcaac3s-1.jpeg?fit=1200%2C800&ssl=1&resize=700%2C400 2x, https:\/\/i0.wp.com\/blogdoprosperi.com\/wp-content\/uploads\/2024\/11\/gbqwpsdwcaac3s-1.jpeg?fit=1200%2C800&ssl=1&resize=1050%2C600 3x"},"classes":[]}],"jetpack_featured_media_url":"https:\/\/i0.wp.com\/blogdoprosperi.com\/wp-content\/uploads\/2025\/03\/captura-de-tela-2025-03-13-as-12.35.26.png?fit=1516%2C974&ssl=1","_links":{"self":[{"href":"https:\/\/blogdoprosperi.com\/index.php?rest_route=\/wp\/v2\/posts\/48857","targetHints":{"allow":["GET"]}}],"collection":[{"href":"https:\/\/blogdoprosperi.com\/index.php?rest_route=\/wp\/v2\/posts"}],"about":[{"href":"https:\/\/blogdoprosperi.com\/index.php?rest_route=\/wp\/v2\/types\/post"}],"author":[{"embeddable":true,"href":"https:\/\/blogdoprosperi.com\/index.php?rest_route=\/wp\/v2\/users\/102107496"}],"replies":[{"embeddable":true,"href":"https:\/\/blogdoprosperi.com\/index.php?rest_route=%2Fwp%2Fv2%2Fcomments&post=48857"}],"version-history":[{"count":12,"href":"https:\/\/blogdoprosperi.com\/index.php?rest_route=\/wp\/v2\/posts\/48857\/revisions"}],"predecessor-version":[{"id":48875,"href":"https:\/\/blogdoprosperi.com\/index.php?rest_route=\/wp\/v2\/posts\/48857\/revisions\/48875"}],"wp:featuredmedia":[{"embeddable":true,"href":"https:\/\/blogdoprosperi.com\/index.php?rest_route=\/wp\/v2\/media\/48863"}],"wp:attachment":[{"href":"https:\/\/blogdoprosperi.com\/index.php?rest_route=%2Fwp%2Fv2%2Fmedia&parent=48857"}],"wp:term":[{"taxonomy":"category","embeddable":true,"href":"https:\/\/blogdoprosperi.com\/index.php?rest_route=%2Fwp%2Fv2%2Fcategories&post=48857"},{"taxonomy":"post_tag","embeddable":true,"href":"https:\/\/blogdoprosperi.com\/index.php?rest_route=%2Fwp%2Fv2%2Ftags&post=48857"}],"curies":[{"name":"wp","href":"https:\/\/api.w.org\/{rel}","templated":true}]}}