{"id":48936,"date":"2025-03-17T14:54:01","date_gmt":"2025-03-17T17:54:01","guid":{"rendered":"https:\/\/blogdoprosperi.com\/?p=48936"},"modified":"2025-03-17T14:54:01","modified_gmt":"2025-03-17T17:54:01","slug":"paulistao-corinthians-responde-com-patente-de-sua-historia-palmeiras-precisa-acelerar-as-obras","status":"publish","type":"post","link":"https:\/\/blogdoprosperi.com\/?p=48936","title":{"rendered":"Paulist\u00e3o | Corinthians Responde com Patente de sua Hist\u00f3ria, Palmeiras Precisa Acelerar as Obras"},"content":{"rendered":"<p><strong>A ta\u00e7a na m\u00e3o do Corinthians. Em casa, com mais de 45 mil torcedores \u00e1vidos por um t\u00edtulo que n\u00e3o vem desde 2019, a hora \u00e9 de gritar campe\u00e3o<\/strong><\/p>\n<p><strong>Do lado do Palmeiras, a derrota mostra problemas pontuais de um time em reconstru\u00e7\u00e3o<\/strong><\/p>\n<hr \/>\n<p><em>Luiz Ant\u00f4nio Pr\u00f3speri \u2013 17 mar\u00e7o (14h15) \u2013<\/em><\/p>\n<p>Corinthians responde ao desastre na pr\u00e9-Libertadores vencendo o Palmeiras no jogo de ida da final do Paulist\u00e3o. O que parecia moribundo ressuscita com o que tem de mais valia: a entrega total at\u00e9 a ultima gota de suor. Dedica\u00e7\u00e3o extrema em favor de uma causa quase perdida. E leva vantagem de jogar por um empate no jogo de volta para levantar a ta\u00e7a.<\/p>\n<p>A quest\u00e3o agora \u00e9 como se preparar at\u00e9 a partida decisiva com o prov\u00e1vel retorno do meia Ramon Garro. O argentino se recupera de dores no joelho direito.<\/p>\n<p>Se Garro jogar, Corinthians perde for\u00e7a na marca\u00e7\u00e3o, mas compensa com mais talento na arma\u00e7\u00e3o do ataque e na bola parada. Nesse caso, precisa se entender melhor com o astro Memphis Depay. Os dois ainda n\u00e3o se alinharam desde o dia que o clube obrigou Garro a ceder a camisa 10 a Memphis por ordem contratual.<\/p>\n<p>Min\u00facias e vaidades que interferiram na queda do Corinthians na pr\u00e9-Libertadores. Nada que n\u00e3o se resolve dentro dos vesti\u00e1rios.<\/p>\n<p>Se repetir a estrat\u00e9gia adotada no Allianz, Corinthians tem tudo para se impor na for\u00e7a e estrangular o time de Abel Ferreira. Raniele, Carillo e Martinez, fundamentais na hora da decis\u00e3o.<\/p>\n<p><strong>PALMEIRAS EM OBRAS<\/strong><\/p>\n<p>Do lado do Palmeiras, a derrota mostra problemas pontuais de um time em reconstru\u00e7\u00e3o. Na reta final do Paulist\u00e3o e no mata-mata com a semifinal contra o S\u00e3o Paulo e o primeiro jogo diante do Corinthians, quatro novos jogadores rec\u00e9m-chegados entram no time: zagueiro Micael, volante Mart\u00ednez, atacantes Vitor Roque e Facundo Torres. E Paulinho ainda nem estreou.<\/p>\n<p>Times em processo de reorganiza\u00e7\u00e3o com encaixe de novas pe\u00e7as se exigem um bocadinho mais de tempo.<\/p>\n<p>Bom lembrar que ao longo do Paulist\u00e3o, Abel Ferreira pouco usa a forma\u00e7\u00e3o apontada como titular. Testa muitos garotos, perde jogadores importantes por les\u00e3o (meia Maur\u00edcio e o capit\u00e3o Gustavo Gomes). Autoriza sa\u00edda de meio time: Gabriel Menino, Rony, Dudu, Z\u00e9 Rafael, Caio Paulista, Fabinho, zagueiro Vitor Reis. E recebe Piquerez e Felipe Anderson, recuperados, apenas no mata-mata.<\/p>\n<p>\u00c9 claro que an\u00e1lises mais apressadas apontam a cruz para Abel. Levam em conta o investimento de mais de R$ 300 milh\u00f5es em contrata\u00e7\u00f5es de refor\u00e7os.<\/p>\n<p>Na opini\u00e3o dos paladinos das arquibancadas e inquisidores das redes sociais, o efeito do que se gasta em refor\u00e7os e desempenho imediato do time \u00e9 uma obriga\u00e7\u00e3o do treinador. N\u00e3o \u00e9 assim que funciona. Nem \u00e9 culpa de Estev\u00e3o nem o Fora Abel.<\/p>\n<figure id=\"attachment_48951\" aria-describedby=\"caption-attachment-48951\" style=\"width: 627px\" class=\"wp-caption alignnone\"><img data-recalc-dims=\"1\" loading=\"lazy\" decoding=\"async\" data-attachment-id=\"48951\" data-permalink=\"https:\/\/blogdoprosperi.com\/?attachment_id=48951\" data-orig-file=\"https:\/\/i0.wp.com\/blogdoprosperi.com\/wp-content\/uploads\/2025\/03\/54391513086_e00feb825e_c.jpg?fit=800%2C450&amp;ssl=1\" data-orig-size=\"800,450\" data-comments-opened=\"1\" data-image-meta=\"{&quot;aperture&quot;:&quot;0&quot;,&quot;credit&quot;:&quot;CESAR GRECO&quot;,&quot;camera&quot;:&quot;&quot;,&quot;caption&quot;:&quot;&quot;,&quot;created_timestamp&quot;:&quot;0&quot;,&quot;copyright&quot;:&quot;CESAR GRECO&quot;,&quot;focal_length&quot;:&quot;0&quot;,&quot;iso&quot;:&quot;0&quot;,&quot;shutter_speed&quot;:&quot;0&quot;,&quot;title&quot;:&quot;&quot;,&quot;orientation&quot;:&quot;0&quot;}\" data-image-title=\"Veiga sofre com Carrillo\" data-image-description=\"\" data-image-caption=\"&lt;p&gt;Veiga criticado por Abel \u2013 foto: Palmeiras oficial &lt;\/p&gt;\n\" data-large-file=\"https:\/\/i0.wp.com\/blogdoprosperi.com\/wp-content\/uploads\/2025\/03\/54391513086_e00feb825e_c.jpg?fit=800%2C450&amp;ssl=1\" class=\" wp-image-48951\" src=\"https:\/\/i0.wp.com\/blogdoprosperi.com\/wp-content\/uploads\/2025\/03\/54391513086_e00feb825e_c.jpg?resize=627%2C353&#038;ssl=1\" alt=\"Veiga criticado\" width=\"627\" height=\"353\" \/><figcaption id=\"caption-attachment-48951\" class=\"wp-caption-text\"><em>Veiga criticado por Abel \u2013 foto: Palmeiras oficial<\/em><\/figcaption><\/figure>\n<p>Por isso, a ta\u00e7a est\u00e1 nas m\u00e3os do Corinthians. Em casa, com mais de 45 mil torcedores \u00e1vidos por um t\u00edtulo que n\u00e3o vem desde 2019, a hora \u00e9 de gritar campe\u00e3o.<\/p>\n<p>Ao Palmeiras cabe subir a montanha. Nas \u00faltimas tr\u00eas edi\u00e7\u00f5es do Paulist\u00e3o, perde o primeiro jogo (S\u00e3o Paulo, \u00c1gua Santa e Santos) e reverte no segundo. A diferen\u00e7a \u00e9 que as remontadas aconteceram no Allianz Parque. A conversa agora \u00e9 na Neo Qu\u00edmica Arena.<\/p>\n<p><strong>A ENCRENCA<\/strong><\/p>\n<p>Jogo final do Paulist\u00e3o est\u00e1 previsto para dia 27, quinta-feira \u00e0 noite, dois dias depois das partidas de sele\u00e7\u00f5es na Data-Fifa. Federa\u00e7\u00e3o Paulista trava com a CBF a mudan\u00e7a da final para dia 30, domingo. Nesse caso, jogos Palmeiras x Botafogo e Corinthians x Bahia, s\u00e1bado (29\/3), na estreia do Brasileir\u00e3o, teriam de ser adiados.<\/p>\n<p>Corinthians cede Memphis \u00e0 sele\u00e7\u00e3o da Holanda \u2013 joga dia 23 (domingo) em casa. Memphis deve voltar ao Brasil na segunda-feira (24\/3).<\/p>\n<p>E mais: zagueiro Felix Torres (Equador), volantes Carrillo (Peru) e Martinez (Venezuela) e atacante Romero (Paraguai), todos na Data-Fifa.<\/p>\n<p>Palmeiras tamb\u00e9m tem cinco convocados: Estev\u00e3o (Brasil), Rios (Col\u00f4mbia), Mart\u00ednez, Piquerez e Facundo (os tr\u00eas no Uruguai).<\/p>\n","protected":false},"excerpt":{"rendered":"<p>A ta\u00e7a na m\u00e3o do Corinthians. Em casa, com mais de 45 mil torcedores \u00e1vidos por um t\u00edtulo [&hellip;]<\/p>\n","protected":false},"author":102107496,"featured_media":48944,"comment_status":"open","ping_status":"open","sticky":false,"template":"","format":"standard","meta":{"_coblocks_attr":"","_coblocks_dimensions":"","_coblocks_responsive_height":"","_coblocks_accordion_ie_support":"","_jetpack_newsletter_access":"","_jetpack_dont_email_post_to_subs":false,"_jetpack_newsletter_tier_id":0,"_jetpack_memberships_contains_paywalled_content":false,"_wpcom_ai_launchpad_first_post":false,"_jetpack_feature_clip_id":0,"_jetpack_memberships_contains_paid_content":false,"footnotes":"","jetpack_publicize_message":"","jetpack_publicize_feature_enabled":true,"jetpack_social_post_already_shared":false,"jetpack_social_options":{"image_generator_settings":{"template":"highway","default_image_id":0,"font":"","enabled":false},"version":2},"jetpack_post_was_ever_published":false},"categories":[53870,3919],"tags":[4200771,177066,789560560,789560573,44781124,287104,777179972,1789227,735373335,556905218],"class_list":["post-48936","post","type-post","status-publish","format-standard","has-post-thumbnail","hentry","category-futebol","category-opiniao","tag-abel-ferreira","tag-corinthians","tag-futebol","tag-luiz-antonio-prosperi","tag-memphis-depay","tag-palmeiras","tag-paulistao-2025","tag-ramon-diaz","tag-vitor-roque","tag-yuri-alberto"],"yoast_head":"<!-- This site is optimized with the Yoast SEO plugin v28.3 - https:\/\/yoast.com\/product\/yoast-seo-wordpress\/ -->\n<title>Paulist\u00e3o | Corinthians Responde com Patente de sua Hist\u00f3ria, Palmeiras Precisa Acelerar as Obras - PR\u00d3SPERI NEWS<\/title>\n<meta name=\"robots\" content=\"index, follow, max-snippet:-1, max-image-preview:large, max-video-preview:-1\" \/>\n<link rel=\"canonical\" href=\"https:\/\/blogdoprosperi.com\/?p=48936\" \/>\n<meta property=\"og:locale\" content=\"pt_BR\" \/>\n<meta property=\"og:type\" content=\"article\" \/>\n<meta property=\"og:title\" content=\"Paulist\u00e3o | Corinthians Responde com Patente de sua Hist\u00f3ria, Palmeiras Precisa Acelerar as Obras - PR\u00d3SPERI NEWS\" \/>\n<meta property=\"og:description\" content=\"A ta\u00e7a na m\u00e3o do Corinthians. Em casa, com mais de 45 mil torcedores \u00e1vidos por um t\u00edtulo [&hellip;]\" \/>\n<meta property=\"og:url\" content=\"https:\/\/blogdoprosperi.com\/?p=48936\" \/>\n<meta property=\"og:site_name\" content=\"PR\u00d3SPERI NEWS\" \/>\n<meta property=\"article:publisher\" content=\"Luiz Pr\u00f3speri\" \/>\n<meta property=\"article:author\" content=\"Luiz Pr\u00f3speri\" \/>\n<meta property=\"article:published_time\" content=\"2025-03-17T17:54:01+00:00\" \/>\n<meta property=\"og:image\" content=\"https:\/\/i0.wp.com\/blogdoprosperi.com\/wp-content\/uploads\/2025\/03\/484088853_1228045492018146_9134755333483632067_n-1.jpg?fit=1080%2C1181&ssl=1\" \/>\n\t<meta property=\"og:image:width\" content=\"1080\" \/>\n\t<meta property=\"og:image:height\" content=\"1181\" \/>\n\t<meta property=\"og:image:type\" content=\"image\/jpeg\" \/>\n<meta name=\"author\" content=\"Luiz Ant\u00f4nio Pr\u00f3speri\" \/>\n<meta name=\"twitter:card\" content=\"summary_large_image\" \/>\n<meta name=\"twitter:creator\" content=\"@Luizprosperi\" \/>\n<meta name=\"twitter:site\" content=\"@Luizprosperi\" \/>\n<meta name=\"twitter:label1\" content=\"Escrito por\" \/>\n\t<meta name=\"twitter:data1\" content=\"Luiz Ant\u00f4nio Pr\u00f3speri\" \/>\n\t<meta name=\"twitter:label2\" content=\"Est. tempo de leitura\" \/>\n\t<meta name=\"twitter:data2\" content=\"4 minutos\" \/>\n<script type=\"application\/ld+json\" class=\"yoast-schema-graph\">{\"@context\":\"https:\\\/\\\/schema.org\",\"@graph\":[{\"@type\":\"Article\",\"@id\":\"https:\\\/\\\/blogdoprosperi.com\\\/?p=48936#article\",\"isPartOf\":{\"@id\":\"https:\\\/\\\/blogdoprosperi.com\\\/?p=48936\"},\"author\":{\"name\":\"Luiz Ant\u00f4nio Pr\u00f3speri\",\"@id\":\"https:\\\/\\\/blogdoprosperi.com\\\/#\\\/schema\\\/person\\\/38100755ce3601861ee4fab9b5aa78e9\"},\"headline\":\"Paulist\u00e3o | Corinthians Responde com Patente de sua Hist\u00f3ria, Palmeiras Precisa Acelerar as Obras\",\"datePublished\":\"2025-03-17T17:54:01+00:00\",\"mainEntityOfPage\":{\"@id\":\"https:\\\/\\\/blogdoprosperi.com\\\/?p=48936\"},\"wordCount\":718,\"commentCount\":0,\"publisher\":{\"@id\":\"https:\\\/\\\/blogdoprosperi.com\\\/#\\\/schema\\\/person\\\/38100755ce3601861ee4fab9b5aa78e9\"},\"image\":{\"@id\":\"https:\\\/\\\/blogdoprosperi.com\\\/?p=48936#primaryimage\"},\"thumbnailUrl\":\"https:\\\/\\\/i0.wp.com\\\/blogdoprosperi.com\\\/wp-content\\\/uploads\\\/2025\\\/03\\\/484088853_1228045492018146_9134755333483632067_n-1.jpg?fit=1080%2C1181&ssl=1\",\"keywords\":[\"abel ferreira\",\"Corinthians\",\"futebol\",\"Luiz Ant\u00f4nio Pr\u00f3speri\",\"Memphis depay\",\"Palmeiras\",\"paulist\u00e3o 2025\",\"Ramon d\u00edaz\",\"vitor roque\",\"Yuri alberto\"],\"articleSection\":[\"futebol\",\"opini\u00e3o\"],\"inLanguage\":\"pt-BR\",\"potentialAction\":[{\"@type\":\"CommentAction\",\"name\":\"Comment\",\"target\":[\"https:\\\/\\\/blogdoprosperi.com\\\/?p=48936#respond\"]}]},{\"@type\":\"WebPage\",\"@id\":\"https:\\\/\\\/blogdoprosperi.com\\\/?p=48936\",\"url\":\"https:\\\/\\\/blogdoprosperi.com\\\/?p=48936\",\"name\":\"Paulist\u00e3o | Corinthians Responde com Patente de sua Hist\u00f3ria, Palmeiras Precisa Acelerar as Obras - PR\u00d3SPERI NEWS\",\"isPartOf\":{\"@id\":\"https:\\\/\\\/blogdoprosperi.com\\\/#website\"},\"primaryImageOfPage\":{\"@id\":\"https:\\\/\\\/blogdoprosperi.com\\\/?p=48936#primaryimage\"},\"image\":{\"@id\":\"https:\\\/\\\/blogdoprosperi.com\\\/?p=48936#primaryimage\"},\"thumbnailUrl\":\"https:\\\/\\\/i0.wp.com\\\/blogdoprosperi.com\\\/wp-content\\\/uploads\\\/2025\\\/03\\\/484088853_1228045492018146_9134755333483632067_n-1.jpg?fit=1080%2C1181&ssl=1\",\"datePublished\":\"2025-03-17T17:54:01+00:00\",\"breadcrumb\":{\"@id\":\"https:\\\/\\\/blogdoprosperi.com\\\/?p=48936#breadcrumb\"},\"inLanguage\":\"pt-BR\",\"potentialAction\":[{\"@type\":\"ReadAction\",\"target\":[\"https:\\\/\\\/blogdoprosperi.com\\\/?p=48936\"]}]},{\"@type\":\"ImageObject\",\"inLanguage\":\"pt-BR\",\"@id\":\"https:\\\/\\\/blogdoprosperi.com\\\/?p=48936#primaryimage\",\"url\":\"https:\\\/\\\/i0.wp.com\\\/blogdoprosperi.com\\\/wp-content\\\/uploads\\\/2025\\\/03\\\/484088853_1228045492018146_9134755333483632067_n-1.jpg?fit=1080%2C1181&ssl=1\",\"contentUrl\":\"https:\\\/\\\/i0.wp.com\\\/blogdoprosperi.com\\\/wp-content\\\/uploads\\\/2025\\\/03\\\/484088853_1228045492018146_9134755333483632067_n-1.jpg?fit=1080%2C1181&ssl=1\",\"width\":1080,\"height\":1181,\"caption\":\"Yuri e Memphis celebram gol no Palmeiras \u2013 foto: Facebook Corinthians\"},{\"@type\":\"BreadcrumbList\",\"@id\":\"https:\\\/\\\/blogdoprosperi.com\\\/?p=48936#breadcrumb\",\"itemListElement\":[{\"@type\":\"ListItem\",\"position\":1,\"name\":\"In\u00edcio\",\"item\":\"https:\\\/\\\/blogdoprosperi.com\\\/\"},{\"@type\":\"ListItem\",\"position\":2,\"name\":\"Paulist\u00e3o | Corinthians Responde com Patente de sua Hist\u00f3ria, Palmeiras Precisa Acelerar as Obras\"}]},{\"@type\":\"WebSite\",\"@id\":\"https:\\\/\\\/blogdoprosperi.com\\\/#website\",\"url\":\"https:\\\/\\\/blogdoprosperi.com\\\/\",\"name\":\"PR\u00d3SPERI NEWS\",\"description\":\"TUDO \u00c9  FUTEBOL\",\"publisher\":{\"@id\":\"https:\\\/\\\/blogdoprosperi.com\\\/#\\\/schema\\\/person\\\/38100755ce3601861ee4fab9b5aa78e9\"},\"alternateName\":\"blogdoprosperi.com\",\"potentialAction\":[{\"@type\":\"SearchAction\",\"target\":{\"@type\":\"EntryPoint\",\"urlTemplate\":\"https:\\\/\\\/blogdoprosperi.com\\\/?s={search_term_string}\"},\"query-input\":{\"@type\":\"PropertyValueSpecification\",\"valueRequired\":true,\"valueName\":\"search_term_string\"}}],\"inLanguage\":\"pt-BR\"},{\"@type\":[\"Person\",\"Organization\"],\"@id\":\"https:\\\/\\\/blogdoprosperi.com\\\/#\\\/schema\\\/person\\\/38100755ce3601861ee4fab9b5aa78e9\",\"name\":\"Luiz Ant\u00f4nio Pr\u00f3speri\",\"pronouns\":\"ele\",\"image\":{\"@type\":\"ImageObject\",\"inLanguage\":\"pt-BR\",\"@id\":\"https:\\\/\\\/i0.wp.com\\\/blogdoprosperi.com\\\/wp-content\\\/uploads\\\/2026\\\/05\\\/cropped-8059e613-6002-42fa-961e-8e275f575d71-2-5.jpg?fit=1360%2C931&ssl=1\",\"url\":\"https:\\\/\\\/i0.wp.com\\\/blogdoprosperi.com\\\/wp-content\\\/uploads\\\/2026\\\/05\\\/cropped-8059e613-6002-42fa-961e-8e275f575d71-2-5.jpg?fit=1360%2C931&ssl=1\",\"contentUrl\":\"https:\\\/\\\/i0.wp.com\\\/blogdoprosperi.com\\\/wp-content\\\/uploads\\\/2026\\\/05\\\/cropped-8059e613-6002-42fa-961e-8e275f575d71-2-5.jpg?fit=1360%2C931&ssl=1\",\"width\":1360,\"height\":931,\"caption\":\"Luiz Ant\u00f4nio Pr\u00f3speri\"},\"logo\":{\"@id\":\"https:\\\/\\\/i0.wp.com\\\/blogdoprosperi.com\\\/wp-content\\\/uploads\\\/2026\\\/05\\\/cropped-8059e613-6002-42fa-961e-8e275f575d71-2-5.jpg?fit=1360%2C931&ssl=1\"},\"description\":\"Jornalista com carreira dedicada ao esporte. Cobriu 9 Copas do Mundo in loco, 1990 na It\u00e1lia, 1994 nos EUA, 1998 na Fran\u00e7a, 2002 na Coreia do Sul e Jap\u00e3o, 2006 na Alemanha, 2010 na \u00c1frica do Sul, 2014 no Brasil, 2018 na R\u00fassia e 2022 no Qatar. Eurocopas, 1992 na Su\u00e9cia e 1996 na Inglaterra. Copa das Confedera\u00e7\u00f5es de 2005 na Alemanha e 2009 na \u00c1frica do Sul. Rep\u00f3rter e Editor, trabalhou no Jornal da Tarde e Estad\u00e3o, de 1984 a fevereiro de 2016. Colunista, blogueiro. E comentarista de futebol na R\u00e1dio Estad\u00e3o, de 2013 a fevereiro de 2016. Jornalista respons\u00e1vel do \\\"Pr\u00f3speri News\\\" (blogdoprosperi.com).\",\"sameAs\":[\"http:\\\/\\\/blogdoprosperi.com\",\"Luiz Pr\u00f3speri\",\"@luiz_prosperi\",\"https:\\\/\\\/x.com\\\/Luizprosperi\",\"@prosperinacopa\",\"luiz.prosperi@icloud.com\"],\"url\":\"https:\\\/\\\/blogdoprosperi.com\\\/?author=102107496\"}]}<\/script>\n<!-- \/ Yoast SEO plugin. -->","yoast_head_json":{"title":"Paulist\u00e3o | Corinthians Responde com Patente de sua Hist\u00f3ria, Palmeiras Precisa Acelerar as Obras - PR\u00d3SPERI NEWS","robots":{"index":"index","follow":"follow","max-snippet":"max-snippet:-1","max-image-preview":"max-image-preview:large","max-video-preview":"max-video-preview:-1"},"canonical":"https:\/\/blogdoprosperi.com\/?p=48936","og_locale":"pt_BR","og_type":"article","og_title":"Paulist\u00e3o | Corinthians Responde com Patente de sua Hist\u00f3ria, Palmeiras Precisa Acelerar as Obras - PR\u00d3SPERI NEWS","og_description":"A ta\u00e7a na m\u00e3o do Corinthians. Em casa, com mais de 45 mil torcedores \u00e1vidos por um t\u00edtulo [&hellip;]","og_url":"https:\/\/blogdoprosperi.com\/?p=48936","og_site_name":"PR\u00d3SPERI NEWS","article_publisher":"Luiz Pr\u00f3speri","article_author":"Luiz Pr\u00f3speri","article_published_time":"2025-03-17T17:54:01+00:00","og_image":[{"width":1080,"height":1181,"url":"https:\/\/i0.wp.com\/blogdoprosperi.com\/wp-content\/uploads\/2025\/03\/484088853_1228045492018146_9134755333483632067_n-1.jpg?fit=1080%2C1181&ssl=1","type":"image\/jpeg"}],"author":"Luiz Ant\u00f4nio Pr\u00f3speri","twitter_card":"summary_large_image","twitter_creator":"@Luizprosperi","twitter_site":"@Luizprosperi","twitter_misc":{"Escrito por":"Luiz Ant\u00f4nio Pr\u00f3speri","Est. tempo de leitura":"4 minutos"},"schema":{"@context":"https:\/\/schema.org","@graph":[{"@type":"Article","@id":"https:\/\/blogdoprosperi.com\/?p=48936#article","isPartOf":{"@id":"https:\/\/blogdoprosperi.com\/?p=48936"},"author":{"name":"Luiz Ant\u00f4nio Pr\u00f3speri","@id":"https:\/\/blogdoprosperi.com\/#\/schema\/person\/38100755ce3601861ee4fab9b5aa78e9"},"headline":"Paulist\u00e3o | Corinthians Responde com Patente de sua Hist\u00f3ria, Palmeiras Precisa Acelerar as Obras","datePublished":"2025-03-17T17:54:01+00:00","mainEntityOfPage":{"@id":"https:\/\/blogdoprosperi.com\/?p=48936"},"wordCount":718,"commentCount":0,"publisher":{"@id":"https:\/\/blogdoprosperi.com\/#\/schema\/person\/38100755ce3601861ee4fab9b5aa78e9"},"image":{"@id":"https:\/\/blogdoprosperi.com\/?p=48936#primaryimage"},"thumbnailUrl":"https:\/\/i0.wp.com\/blogdoprosperi.com\/wp-content\/uploads\/2025\/03\/484088853_1228045492018146_9134755333483632067_n-1.jpg?fit=1080%2C1181&ssl=1","keywords":["abel ferreira","Corinthians","futebol","Luiz Ant\u00f4nio Pr\u00f3speri","Memphis depay","Palmeiras","paulist\u00e3o 2025","Ramon d\u00edaz","vitor roque","Yuri alberto"],"articleSection":["futebol","opini\u00e3o"],"inLanguage":"pt-BR","potentialAction":[{"@type":"CommentAction","name":"Comment","target":["https:\/\/blogdoprosperi.com\/?p=48936#respond"]}]},{"@type":"WebPage","@id":"https:\/\/blogdoprosperi.com\/?p=48936","url":"https:\/\/blogdoprosperi.com\/?p=48936","name":"Paulist\u00e3o | Corinthians Responde com Patente de sua Hist\u00f3ria, Palmeiras Precisa Acelerar as Obras - PR\u00d3SPERI NEWS","isPartOf":{"@id":"https:\/\/blogdoprosperi.com\/#website"},"primaryImageOfPage":{"@id":"https:\/\/blogdoprosperi.com\/?p=48936#primaryimage"},"image":{"@id":"https:\/\/blogdoprosperi.com\/?p=48936#primaryimage"},"thumbnailUrl":"https:\/\/i0.wp.com\/blogdoprosperi.com\/wp-content\/uploads\/2025\/03\/484088853_1228045492018146_9134755333483632067_n-1.jpg?fit=1080%2C1181&ssl=1","datePublished":"2025-03-17T17:54:01+00:00","breadcrumb":{"@id":"https:\/\/blogdoprosperi.com\/?p=48936#breadcrumb"},"inLanguage":"pt-BR","potentialAction":[{"@type":"ReadAction","target":["https:\/\/blogdoprosperi.com\/?p=48936"]}]},{"@type":"ImageObject","inLanguage":"pt-BR","@id":"https:\/\/blogdoprosperi.com\/?p=48936#primaryimage","url":"https:\/\/i0.wp.com\/blogdoprosperi.com\/wp-content\/uploads\/2025\/03\/484088853_1228045492018146_9134755333483632067_n-1.jpg?fit=1080%2C1181&ssl=1","contentUrl":"https:\/\/i0.wp.com\/blogdoprosperi.com\/wp-content\/uploads\/2025\/03\/484088853_1228045492018146_9134755333483632067_n-1.jpg?fit=1080%2C1181&ssl=1","width":1080,"height":1181,"caption":"Yuri e Memphis celebram gol no Palmeiras \u2013 foto: Facebook Corinthians"},{"@type":"BreadcrumbList","@id":"https:\/\/blogdoprosperi.com\/?p=48936#breadcrumb","itemListElement":[{"@type":"ListItem","position":1,"name":"In\u00edcio","item":"https:\/\/blogdoprosperi.com\/"},{"@type":"ListItem","position":2,"name":"Paulist\u00e3o | Corinthians Responde com Patente de sua Hist\u00f3ria, Palmeiras Precisa Acelerar as Obras"}]},{"@type":"WebSite","@id":"https:\/\/blogdoprosperi.com\/#website","url":"https:\/\/blogdoprosperi.com\/","name":"PR\u00d3SPERI NEWS","description":"TUDO \u00c9  FUTEBOL","publisher":{"@id":"https:\/\/blogdoprosperi.com\/#\/schema\/person\/38100755ce3601861ee4fab9b5aa78e9"},"alternateName":"blogdoprosperi.com","potentialAction":[{"@type":"SearchAction","target":{"@type":"EntryPoint","urlTemplate":"https:\/\/blogdoprosperi.com\/?s={search_term_string}"},"query-input":{"@type":"PropertyValueSpecification","valueRequired":true,"valueName":"search_term_string"}}],"inLanguage":"pt-BR"},{"@type":["Person","Organization"],"@id":"https:\/\/blogdoprosperi.com\/#\/schema\/person\/38100755ce3601861ee4fab9b5aa78e9","name":"Luiz Ant\u00f4nio Pr\u00f3speri","pronouns":"ele","image":{"@type":"ImageObject","inLanguage":"pt-BR","@id":"https:\/\/i0.wp.com\/blogdoprosperi.com\/wp-content\/uploads\/2026\/05\/cropped-8059e613-6002-42fa-961e-8e275f575d71-2-5.jpg?fit=1360%2C931&ssl=1","url":"https:\/\/i0.wp.com\/blogdoprosperi.com\/wp-content\/uploads\/2026\/05\/cropped-8059e613-6002-42fa-961e-8e275f575d71-2-5.jpg?fit=1360%2C931&ssl=1","contentUrl":"https:\/\/i0.wp.com\/blogdoprosperi.com\/wp-content\/uploads\/2026\/05\/cropped-8059e613-6002-42fa-961e-8e275f575d71-2-5.jpg?fit=1360%2C931&ssl=1","width":1360,"height":931,"caption":"Luiz Ant\u00f4nio Pr\u00f3speri"},"logo":{"@id":"https:\/\/i0.wp.com\/blogdoprosperi.com\/wp-content\/uploads\/2026\/05\/cropped-8059e613-6002-42fa-961e-8e275f575d71-2-5.jpg?fit=1360%2C931&ssl=1"},"description":"Jornalista com carreira dedicada ao esporte. Cobriu 9 Copas do Mundo in loco, 1990 na It\u00e1lia, 1994 nos EUA, 1998 na Fran\u00e7a, 2002 na Coreia do Sul e Jap\u00e3o, 2006 na Alemanha, 2010 na \u00c1frica do Sul, 2014 no Brasil, 2018 na R\u00fassia e 2022 no Qatar. Eurocopas, 1992 na Su\u00e9cia e 1996 na Inglaterra. Copa das Confedera\u00e7\u00f5es de 2005 na Alemanha e 2009 na \u00c1frica do Sul. Rep\u00f3rter e Editor, trabalhou no Jornal da Tarde e Estad\u00e3o, de 1984 a fevereiro de 2016. Colunista, blogueiro. E comentarista de futebol na R\u00e1dio Estad\u00e3o, de 2013 a fevereiro de 2016. Jornalista respons\u00e1vel do \"Pr\u00f3speri News\" (blogdoprosperi.com).","sameAs":["http:\/\/blogdoprosperi.com","Luiz Pr\u00f3speri","@luiz_prosperi","https:\/\/x.com\/Luizprosperi","@prosperinacopa","luiz.prosperi@icloud.com"],"url":"https:\/\/blogdoprosperi.com\/?author=102107496"}]}},"jetpack_publicize_connections":[],"jetpack_likes_enabled":false,"jetpack_sharing_enabled":true,"jetpack_shortlink":"https:\/\/wp.me\/p7jvdk-cJi","jetpack-related-posts":[{"id":48857,"url":"https:\/\/blogdoprosperi.com\/?p=48857","url_meta":{"origin":48936,"position":0},"title":"Futuro do Corinthians: Sobreviv\u00eancia Depende do Palmeiras","author":"Luiz Ant\u00f4nio Pr\u00f3speri","date":"13 de mar\u00e7o de 2025","format":false,"excerpt":"Se Ramon Diaz cair, Tite pode vir a\u00ed. Memphis vira interroga\u00e7\u00e3o e at\u00e9 o impeachment do presidente Augusto Melo pode voltar Agora a encrenca \u00e9 superar o Palmeiras em dois jogos das finais do Paulist\u00e3o Luiz Ant\u00f4nio Pr\u00f3speri \u2013 13 mar\u00e7o (12h35) \u2013 Corinthians sai aplaudido por sua gente ao\u2026","rel":"","context":"Em &quot;futebol&quot;","block_context":{"text":"futebol","link":"https:\/\/blogdoprosperi.com\/?cat=53870"},"img":{"alt_text":"Fiel aplaude time eliminado na Libertadores","src":"https:\/\/i0.wp.com\/blogdoprosperi.com\/wp-content\/uploads\/2025\/03\/captura-de-tela-2025-03-13-as-12.35.26.png?fit=1200%2C771&ssl=1&resize=350%2C200","width":350,"height":200,"srcset":"https:\/\/i0.wp.com\/blogdoprosperi.com\/wp-content\/uploads\/2025\/03\/captura-de-tela-2025-03-13-as-12.35.26.png?fit=1200%2C771&ssl=1&resize=350%2C200 1x, https:\/\/i0.wp.com\/blogdoprosperi.com\/wp-content\/uploads\/2025\/03\/captura-de-tela-2025-03-13-as-12.35.26.png?fit=1200%2C771&ssl=1&resize=525%2C300 1.5x, https:\/\/i0.wp.com\/blogdoprosperi.com\/wp-content\/uploads\/2025\/03\/captura-de-tela-2025-03-13-as-12.35.26.png?fit=1200%2C771&ssl=1&resize=700%2C400 2x, https:\/\/i0.wp.com\/blogdoprosperi.com\/wp-content\/uploads\/2025\/03\/captura-de-tela-2025-03-13-as-12.35.26.png?fit=1200%2C771&ssl=1&resize=1050%2C600 3x"},"classes":[]},{"id":49281,"url":"https:\/\/blogdoprosperi.com\/?p=49281","url_meta":{"origin":48936,"position":1},"title":"Corinthians Campe\u00e3o, Palmeiras um Passo Atr\u00e1s","author":"Luiz Ant\u00f4nio Pr\u00f3speri","date":"28 de mar\u00e7o de 2025","format":false,"excerpt":"F\u00f3rmula multicultural da bola entrega \u00e0 Fiel o que ela mais espera do Corinthians: for\u00e7a, disposi\u00e7\u00e3o e refinamento t\u00e9cnico quando necess\u00e1rio Abel Ferreira ainda n\u00e3o d\u00e1 mostras de que a m\u00e1quina vai luzir. J\u00e1 come\u00e7a a perder for\u00e7a na pr\u00f3pria torcida do Palmeiras Luiz Ant\u00f4nio Pr\u00f3speri \u2013 28 mar\u00e7o (09h31)\u2026","rel":"","context":"Em &quot;futebol&quot;","block_context":{"text":"futebol","link":"https:\/\/blogdoprosperi.com\/?cat=53870"},"img":{"alt_text":"Corinthians campe\u00e3o paulista 2025","src":"https:\/\/i0.wp.com\/blogdoprosperi.com\/wp-content\/uploads\/2025\/03\/captura-de-tela-2025-03-28-as-09.42.15.png?fit=1200%2C683&ssl=1&resize=350%2C200","width":350,"height":200,"srcset":"https:\/\/i0.wp.com\/blogdoprosperi.com\/wp-content\/uploads\/2025\/03\/captura-de-tela-2025-03-28-as-09.42.15.png?fit=1200%2C683&ssl=1&resize=350%2C200 1x, https:\/\/i0.wp.com\/blogdoprosperi.com\/wp-content\/uploads\/2025\/03\/captura-de-tela-2025-03-28-as-09.42.15.png?fit=1200%2C683&ssl=1&resize=525%2C300 1.5x, https:\/\/i0.wp.com\/blogdoprosperi.com\/wp-content\/uploads\/2025\/03\/captura-de-tela-2025-03-28-as-09.42.15.png?fit=1200%2C683&ssl=1&resize=700%2C400 2x, https:\/\/i0.wp.com\/blogdoprosperi.com\/wp-content\/uploads\/2025\/03\/captura-de-tela-2025-03-28-as-09.42.15.png?fit=1200%2C683&ssl=1&resize=1050%2C600 3x"},"classes":[]},{"id":49500,"url":"https:\/\/blogdoprosperi.com\/?p=49500","url_meta":{"origin":48936,"position":2},"title":"Corinthians Cai na Vala Comum","author":"Luiz Ant\u00f4nio Pr\u00f3speri","date":"3 de abril de 2025","format":false,"excerpt":"Luiz Ant\u00f4nio Pr\u00f3speri \u2013 3 abril (11h41) \u2013 Corinthians n\u00e3o tem tempo para respirar. Uma semana ap\u00f3s celebrar conquista do Paulist\u00e3o, cai na vala comum dos que n\u00e3o sobrevivem em torneios internacionais \u2013 h\u00e1 menos de um m\u00eas era eliminado em casa na fase pr\u00e9 da Libertadores. A derrota (2\u2026","rel":"","context":"Em &quot;futebol&quot;","block_context":{"text":"futebol","link":"https:\/\/blogdoprosperi.com\/?cat=53870"},"img":{"alt_text":"Hurac\u00e1n derrota Corinthians","src":"https:\/\/i0.wp.com\/blogdoprosperi.com\/wp-content\/uploads\/2025\/04\/gnkchl1wqaaxchi.jpeg?fit=1024%2C683&ssl=1&resize=350%2C200","width":350,"height":200,"srcset":"https:\/\/i0.wp.com\/blogdoprosperi.com\/wp-content\/uploads\/2025\/04\/gnkchl1wqaaxchi.jpeg?fit=1024%2C683&ssl=1&resize=350%2C200 1x, https:\/\/i0.wp.com\/blogdoprosperi.com\/wp-content\/uploads\/2025\/04\/gnkchl1wqaaxchi.jpeg?fit=1024%2C683&ssl=1&resize=525%2C300 1.5x, https:\/\/i0.wp.com\/blogdoprosperi.com\/wp-content\/uploads\/2025\/04\/gnkchl1wqaaxchi.jpeg?fit=1024%2C683&ssl=1&resize=700%2C400 2x"},"classes":[]},{"id":48780,"url":"https:\/\/blogdoprosperi.com\/?p=48780","url_meta":{"origin":48936,"position":3},"title":"Palmeiras vs S\u00e3o Paulo: O P\u00eanalti que Decide o Cl\u00e1ssico","author":"Luiz Ant\u00f4nio Pr\u00f3speri","date":"11 de mar\u00e7o de 2025","format":false,"excerpt":"Luiz Ant\u00f4nio Pr\u00f3speri \u2013 11 mar\u00e7o (13h35) \u2013 P\u00eanalti de Arboleda em Vitor Roque a favor do Palmeiras ou n\u00e3o p\u00eanalti de Arboleda em Vitor Roque a favor do S\u00e3o Paulo. Cl\u00e1ssico valendo vaga na final do Paulist\u00e3o se resume a esse lance capital. E n\u00e3o se fala mais do\u2026","rel":"","context":"Em &quot;futebol&quot;","block_context":{"text":"futebol","link":"https:\/\/blogdoprosperi.com\/?cat=53870"},"img":{"alt_text":"\u00c1rbitro Flavio Rodrigues, o pol\u00eamico","src":"https:\/\/i0.wp.com\/blogdoprosperi.com\/wp-content\/uploads\/2025\/03\/54379104646_65fbf1747d_c.jpg?fit=800%2C450&ssl=1&resize=350%2C200","width":350,"height":200,"srcset":"https:\/\/i0.wp.com\/blogdoprosperi.com\/wp-content\/uploads\/2025\/03\/54379104646_65fbf1747d_c.jpg?fit=800%2C450&ssl=1&resize=350%2C200 1x, https:\/\/i0.wp.com\/blogdoprosperi.com\/wp-content\/uploads\/2025\/03\/54379104646_65fbf1747d_c.jpg?fit=800%2C450&ssl=1&resize=525%2C300 1.5x, https:\/\/i0.wp.com\/blogdoprosperi.com\/wp-content\/uploads\/2025\/03\/54379104646_65fbf1747d_c.jpg?fit=800%2C450&ssl=1&resize=700%2C400 2x"},"classes":[]},{"id":37593,"url":"https:\/\/blogdoprosperi.com\/?p=37593","url_meta":{"origin":48936,"position":4},"title":"Corinthians e Palmeiras perto da vaga na final do Paulist\u00e3o","author":"Luiz Ant\u00f4nio Pr\u00f3speri","date":"4 de abril de 2019","format":false,"excerpt":"Corinthians abre vantagem nas semifinais do Paulist\u00e3o ao vencer o confronto diante do Santos por 2 a 1 em casa neste domingo (31\/3). N\u00e3o pela vit\u00f3ria em si, muito econ\u00f4mica por sinal, mas como ela se deu em Itaquera. Time de Carille controlou boa parte do cl\u00e1ssico ao seu estilo\u2026","rel":"","context":"Em &quot;futebol&quot;","block_context":{"text":"futebol","link":"https:\/\/blogdoprosperi.com\/?cat=53870"},"img":{"alt_text":"","src":"https:\/\/i0.wp.com\/blogdoprosperi.com\/wp-content\/uploads\/2019\/04\/pro7-18-1024x755.jpg?fit=1024%2C755&ssl=1&resize=350%2C200","width":350,"height":200,"srcset":"https:\/\/i0.wp.com\/blogdoprosperi.com\/wp-content\/uploads\/2019\/04\/pro7-18-1024x755.jpg?fit=1024%2C755&ssl=1&resize=350%2C200 1x, https:\/\/i0.wp.com\/blogdoprosperi.com\/wp-content\/uploads\/2019\/04\/pro7-18-1024x755.jpg?fit=1024%2C755&ssl=1&resize=525%2C300 1.5x, https:\/\/i0.wp.com\/blogdoprosperi.com\/wp-content\/uploads\/2019\/04\/pro7-18-1024x755.jpg?fit=1024%2C755&ssl=1&resize=700%2C400 2x"},"classes":[]},{"id":37603,"url":"https:\/\/blogdoprosperi.com\/?p=37603","url_meta":{"origin":48936,"position":5},"title":"S\u00e3o Paulo e Corinthians decidem Paulist\u00e3o 2019 e o futebol perde sem Santos na final","author":"Luiz Ant\u00f4nio Pr\u00f3speri","date":"9 de abril de 2019","format":false,"excerpt":"Corinthians e S\u00e3o Paulo se credenciaram \u00e0 final do Paulist\u00e3o 2019 eliminando Santos e Palmeiras, os dois times de melhor campanha do campeonato at\u00e9 as semifinais. Decis\u00e3o ser\u00e1 em dois jogos, dia 14, no Morumbi, e dia 21, na Arena em Itaquera. Mas o futebol perdeu sem o Santos na\u2026","rel":"","context":"Em &quot;futebol&quot;","block_context":{"text":"futebol","link":"https:\/\/blogdoprosperi.com\/?cat=53870"},"img":{"alt_text":"","src":"https:\/\/i0.wp.com\/blogdoprosperi.com\/wp-content\/uploads\/2019\/04\/pro2-16.jpg?fit=1200%2C800&ssl=1&resize=350%2C200","width":350,"height":200,"srcset":"https:\/\/i0.wp.com\/blogdoprosperi.com\/wp-content\/uploads\/2019\/04\/pro2-16.jpg?fit=1200%2C800&ssl=1&resize=350%2C200 1x, https:\/\/i0.wp.com\/blogdoprosperi.com\/wp-content\/uploads\/2019\/04\/pro2-16.jpg?fit=1200%2C800&ssl=1&resize=525%2C300 1.5x, https:\/\/i0.wp.com\/blogdoprosperi.com\/wp-content\/uploads\/2019\/04\/pro2-16.jpg?fit=1200%2C800&ssl=1&resize=700%2C400 2x, https:\/\/i0.wp.com\/blogdoprosperi.com\/wp-content\/uploads\/2019\/04\/pro2-16.jpg?fit=1200%2C800&ssl=1&resize=1050%2C600 3x"},"classes":[]}],"jetpack_featured_media_url":"https:\/\/i0.wp.com\/blogdoprosperi.com\/wp-content\/uploads\/2025\/03\/484088853_1228045492018146_9134755333483632067_n-1.jpg?fit=1080%2C1181&ssl=1","_links":{"self":[{"href":"https:\/\/blogdoprosperi.com\/index.php?rest_route=\/wp\/v2\/posts\/48936","targetHints":{"allow":["GET"]}}],"collection":[{"href":"https:\/\/blogdoprosperi.com\/index.php?rest_route=\/wp\/v2\/posts"}],"about":[{"href":"https:\/\/blogdoprosperi.com\/index.php?rest_route=\/wp\/v2\/types\/post"}],"author":[{"embeddable":true,"href":"https:\/\/blogdoprosperi.com\/index.php?rest_route=\/wp\/v2\/users\/102107496"}],"replies":[{"embeddable":true,"href":"https:\/\/blogdoprosperi.com\/index.php?rest_route=%2Fwp%2Fv2%2Fcomments&post=48936"}],"version-history":[{"count":15,"href":"https:\/\/blogdoprosperi.com\/index.php?rest_route=\/wp\/v2\/posts\/48936\/revisions"}],"predecessor-version":[{"id":48953,"href":"https:\/\/blogdoprosperi.com\/index.php?rest_route=\/wp\/v2\/posts\/48936\/revisions\/48953"}],"wp:featuredmedia":[{"embeddable":true,"href":"https:\/\/blogdoprosperi.com\/index.php?rest_route=\/wp\/v2\/media\/48944"}],"wp:attachment":[{"href":"https:\/\/blogdoprosperi.com\/index.php?rest_route=%2Fwp%2Fv2%2Fmedia&parent=48936"}],"wp:term":[{"taxonomy":"category","embeddable":true,"href":"https:\/\/blogdoprosperi.com\/index.php?rest_route=%2Fwp%2Fv2%2Fcategories&post=48936"},{"taxonomy":"post_tag","embeddable":true,"href":"https:\/\/blogdoprosperi.com\/index.php?rest_route=%2Fwp%2Fv2%2Ftags&post=48936"}],"curies":[{"name":"wp","href":"https:\/\/api.w.org\/{rel}","templated":true}]}}