{"id":48956,"date":"2025-03-17T18:23:18","date_gmt":"2025-03-17T21:23:18","guid":{"rendered":"https:\/\/blogdoprosperi.com\/?p=48956"},"modified":"2025-03-17T23:25:10","modified_gmt":"2025-03-18T02:25:10","slug":"lucas-paqueta-enfrenta-o-maior-jogo-da-vida-com-o-inicio-do-julgamento-de-manipulacao-de-resultados","status":"publish","type":"post","link":"https:\/\/blogdoprosperi.com\/?p=48956","title":{"rendered":"Lucas Paquet\u00e1 Enfrenta o &#8216;Maior Jogo da Vida&#8217; com o In\u00edcio do Julgamento de Manipula\u00e7\u00e3o de Resultados"},"content":{"rendered":"<hr>\n<p><strong>Jogador do West Ham nega irregularidades e pode enfrentar suspens\u00e3o perp\u00e9tua se for considerado culpado no maior caso de corrup\u00e7\u00e3o do futebol ingl\u00eas em d\u00e9cadas<\/strong><\/p>\n<p><strong>Cerca de 60 apostas foram feitas sobre Paquet\u00e1 receber cart\u00e3o amarelo em quatro jogos da Premier League em 2022 e 2023<\/strong><\/p>\n<hr>\n<p><em>Matt Hughes, The Guardian \u2013 17 mar\u00e7o (13h05 de Londres) \u2013<\/em><\/p>\n<p>Numa temporada dominada pelas batalhas legais da Premier League, a Football Association &nbsp;(FA) est\u00e1 prestes a entrar em a\u00e7\u00e3o. Hoje, ela come\u00e7ar\u00e1 a processar o caso de corrup\u00e7\u00e3o de maior destaque da Inglaterra desde que Bruce Grobbelaar foi absolvido de conspirar para manipular cinco jogos da Premier League em dois julgamentos no tribunal da coroa de Winchester h\u00e1 27 anos. Lucas Paquet\u00e1 n\u00e3o est\u00e1 enfrentando processos criminais, mas em termos profissionais os riscos s\u00e3o quase t\u00e3o altos.<\/p>\n<p>A&nbsp;folha de acusa\u00e7\u00e3o da FA enviada ao West Ham em 23 de maio do ano passado, na qual <strong>Paquet\u00e1 foi acusado de quatro acusa\u00e7\u00f5es de manipula\u00e7\u00e3o de resultados e duas de obstru\u00e7\u00e3o de uma investiga\u00e7\u00e3o da FA,<\/strong> supostamente incluiu a recomenda\u00e7\u00e3o de uma proibi\u00e7\u00e3o vital\u00edcia se ele for considerado culpado pelo painel independente.<\/p>\n<p>A FA alega que Paquet\u00e1 \u201cprocurou influenciar diretamente [\u2026] essas partidas ao tentar intencionalmente receber um cart\u00e3o do \u00e1rbitro, com o prop\u00f3sito impr\u00f3prio de afetar o mercado de apostas para que uma ou mais pessoas lucrassem com as apostas\u201d.<\/p>\n<figure id=\"attachment_48968\" aria-describedby=\"caption-attachment-48968\" style=\"width: 720px\" class=\"wp-caption alignnone\"><img data-recalc-dims=\"1\" loading=\"lazy\" decoding=\"async\" data-attachment-id=\"48968\" data-permalink=\"https:\/\/blogdoprosperi.com\/?attachment_id=48968\" data-orig-file=\"https:\/\/i0.wp.com\/blogdoprosperi.com\/wp-content\/uploads\/2025\/03\/post_19179-scaled-1.jpg?fit=2560%2C1479&amp;ssl=1\" data-orig-size=\"2560,1479\" data-comments-opened=\"1\" data-image-meta=\"{&quot;aperture&quot;:&quot;0&quot;,&quot;credit&quot;:&quot;&quot;,&quot;camera&quot;:&quot;&quot;,&quot;caption&quot;:&quot;&quot;,&quot;created_timestamp&quot;:&quot;0&quot;,&quot;copyright&quot;:&quot;&quot;,&quot;focal_length&quot;:&quot;0&quot;,&quot;iso&quot;:&quot;0&quot;,&quot;shutter_speed&quot;:&quot;0&quot;,&quot;title&quot;:&quot;&quot;,&quot;orientation&quot;:&quot;0&quot;}\" data-image-title=\"Paquet\u00e1 inocentado\" data-image-description=\"\" data-image-caption=\"&lt;p&gt;Paquet\u00e1 inocentado \u2013 foto: West Ham oficial&lt;\/p&gt;\n\" data-large-file=\"https:\/\/i0.wp.com\/blogdoprosperi.com\/wp-content\/uploads\/2025\/03\/post_19179-scaled-1.jpg?fit=940%2C543&amp;ssl=1\" src=\"https:\/\/i0.wp.com\/blogdoprosperi.com\/wp-content\/uploads\/2025\/03\/post_19179-scaled-1.jpg?resize=720%2C416&#038;ssl=1\" class=\"size-large wp-image-48968\" width=\"720\" height=\"416\" alt=\"Paquet\u00e1 corre risco de ser banido do futebol\"><figcaption id=\"caption-attachment-48968\" class=\"wp-caption-text\"><em>Paquet\u00e1 pode ser banido do futebol \u2013 foto: West Ham oficial<\/em><\/figcaption><\/figure>\n<p><strong>CARREIRA DE PAQUET\u00c1 EM JOGO<\/strong><\/p>\n<p>Paquet\u00e1 nega irregularidades e se retirou da Sele\u00e7\u00e3o Brasileira para as Eliminat\u00f3rias da Copa do Mundo nos pr\u00f3ximos 10 dias contra Col\u00f4mbia e Argentina para estar dispon\u00edvel para prestar depoimento. A carreira do jogador de 27 anos est\u00e1 em jogo.<\/p>\n<p class=\"dcr-s3ycb2\"><strong>\u201cLucas est\u00e1 lidando bem, pois \u00e9 inocente e acredita que ser\u00e1 inocentado, mas este julgamento \u00e9 o maior jogo da vida dele\u201d, disse uma fonte do West Ham<\/strong>. \u201cE o caso j\u00e1 est\u00e1 em andamento h\u00e1 dois anos. Os melhores jogadores t\u00eam essa habilidade de se desligar do mundo real, e Lucas \u00e9 definitivamente assim. Ele s\u00f3 quer jogar futebol e passar tempo com sua fam\u00edlia.<\/p>\n<p>\u201cAs pessoas disseram que as alega\u00e7\u00f5es afetaram sua forma, mas eu n\u00e3o acredito nisso. Ele sempre foi inconsistente no West Ham \u2013 injog\u00e1vel em um jogo, an\u00f4nimo no outro \u2013 e isso continuou durante todo o caso. Estar perto dele na maioria dos dias realmente n\u00e3o daria para saber que seu futuro \u00e9 t\u00e3o incerto.\u201d<\/p>\n<p>Cerca de 60 apostas foram feitas sobre Paquet\u00e1 receber cart\u00e3o amarelo em quatro jogos da Premier League em 2022 e 2023, o que, segundo a FA, levou a que ele fosse advertido deliberadamente para ganhar dinheiro para familiares e amigos.<\/p>\n<figure id=\"attachment_48968-2\" aria-describedby=\"caption-attachment-48968-2\" style=\"width: 720px\" class=\"wp-caption alignnone\"><img data-recalc-dims=\"1\" loading=\"lazy\" decoding=\"async\" data-attachment-id=\"48968\" data-permalink=\"https:\/\/blogdoprosperi.com\/?attachment_id=48968\" data-orig-file=\"https:\/\/i0.wp.com\/blogdoprosperi.com\/wp-content\/uploads\/2025\/03\/post_19179-scaled-1.jpg?fit=2560%2C1479&amp;ssl=1\" data-orig-size=\"2560,1479\" data-comments-opened=\"1\" data-image-meta=\"{&quot;aperture&quot;:&quot;0&quot;,&quot;credit&quot;:&quot;&quot;,&quot;camera&quot;:&quot;&quot;,&quot;caption&quot;:&quot;&quot;,&quot;created_timestamp&quot;:&quot;0&quot;,&quot;copyright&quot;:&quot;&quot;,&quot;focal_length&quot;:&quot;0&quot;,&quot;iso&quot;:&quot;0&quot;,&quot;shutter_speed&quot;:&quot;0&quot;,&quot;title&quot;:&quot;&quot;,&quot;orientation&quot;:&quot;0&quot;}\" data-image-title=\"Paquet\u00e1 inocentado\" data-image-description=\"\" data-image-caption=\"&lt;p&gt;Paquet\u00e1 inocentado \u2013 foto: West Ham oficial&lt;\/p&gt;\n\" data-large-file=\"https:\/\/i0.wp.com\/blogdoprosperi.com\/wp-content\/uploads\/2025\/03\/post_19179-scaled-1.jpg?fit=940%2C543&amp;ssl=1\" src=\"https:\/\/i0.wp.com\/blogdoprosperi.com\/wp-content\/uploads\/2025\/03\/post_19179-scaled-1.jpg?resize=720%2C416&#038;ssl=1\" class=\"size-large wp-image-48968\" width=\"720\" height=\"416\" alt=\"Paquet\u00e1 corre risco de ser banido do futebol\"><figcaption id=\"caption-attachment-48968-2\" class=\"wp-caption-text\"><em>Paquet\u00e1 pode ser banido do futebol \u2013 foto: West Ham oficial<\/em><\/figcaption><\/figure>\n<p><strong>VALOR DAS APOSTAS<\/strong><\/p>\n<p class=\"dcr-s3ycb2\">As&nbsp;<a href=\"https:\/\/www.theguardian.com\/football\/article\/2024\/may\/23\/lucas-paqueta-charged-fa-betting-rules-west-ham-yellow-cards\">altas apostas para Paquet\u00e1<\/a>&nbsp;contrastam fortemente com as modestas somas envolvidas. Uma fonte com conhecimento da investiga\u00e7\u00e3o da FA disse que uma das apostas era de \u00a3 7, com a mais alta de \u00a3 400.<\/p>\n<p>O West Ham sofreu um grande golpe financeiro por causa do caso. Uma transfer\u00eancia de \u00a3 80 milh\u00f5es para o Manchester City por Paquet\u00e1 foi acertada antes que a FA enviasse um e-mail ao West Ham em 16 de agosto de 2023 para inform\u00e1-los de que havia aberto uma investiga\u00e7\u00e3o sobre padr\u00f5es suspeitos de apostas em torno de reservas que o jogador havia recebido nos nove meses anteriores. <strong>O West Ham passou a informa\u00e7\u00e3o ao City, que desistiu da transfer\u00eancia sem dar uma explica\u00e7\u00e3o p\u00fablica<\/strong>, o verdadeiro motivo surgindo dois dias depois.<\/p>\n<p>A fa\u00edsca para a investiga\u00e7\u00e3o da FA&nbsp;foi uma <strong>advert\u00eancia que Paquet\u00e1 recebeu no minuto 93 em Bournemouth em 12 de agosto por tocar a bola com as m\u00e3os em um desafio a\u00e9reo com o zagueiro James Hill, a quarta falta que ele cometeu.<\/strong> O relat\u00f3rio do \u00e1rbitro Peter Bankes observou que ele havia advertido Paquet\u00e1 por &#8220;infra\u00e7\u00e3o persistente&#8221;, o que, junto com o n\u00famero de apostas feitas sobre ele para ser advertido, foi o suficiente para desencadear uma investiga\u00e7\u00e3o formal.<\/p>\n<p><strong>A FA abriu uma investiga\u00e7\u00e3o em 14 de agosto. Paquet\u00e1 imediatamente e veementemente negou irregularidades,<\/strong> e qualquer conhecimento de apostas feitas nele foi reservado.<\/p>\n<figure id=\"attachment_48968-3\" aria-describedby=\"caption-attachment-48968-3\" style=\"width: 720px\" class=\"wp-caption alignnone\"><img data-recalc-dims=\"1\" loading=\"lazy\" decoding=\"async\" data-attachment-id=\"48968\" data-permalink=\"https:\/\/blogdoprosperi.com\/?attachment_id=48968\" data-orig-file=\"https:\/\/i0.wp.com\/blogdoprosperi.com\/wp-content\/uploads\/2025\/03\/post_19179-scaled-1.jpg?fit=2560%2C1479&amp;ssl=1\" data-orig-size=\"2560,1479\" data-comments-opened=\"1\" data-image-meta=\"{&quot;aperture&quot;:&quot;0&quot;,&quot;credit&quot;:&quot;&quot;,&quot;camera&quot;:&quot;&quot;,&quot;caption&quot;:&quot;&quot;,&quot;created_timestamp&quot;:&quot;0&quot;,&quot;copyright&quot;:&quot;&quot;,&quot;focal_length&quot;:&quot;0&quot;,&quot;iso&quot;:&quot;0&quot;,&quot;shutter_speed&quot;:&quot;0&quot;,&quot;title&quot;:&quot;&quot;,&quot;orientation&quot;:&quot;0&quot;}\" data-image-title=\"Paquet\u00e1 inocentado\" data-image-description=\"\" data-image-caption=\"&lt;p&gt;Paquet\u00e1 inocentado \u2013 foto: West Ham oficial&lt;\/p&gt;\n\" data-large-file=\"https:\/\/i0.wp.com\/blogdoprosperi.com\/wp-content\/uploads\/2025\/03\/post_19179-scaled-1.jpg?fit=940%2C543&amp;ssl=1\" src=\"https:\/\/i0.wp.com\/blogdoprosperi.com\/wp-content\/uploads\/2025\/03\/post_19179-scaled-1.jpg?resize=720%2C416&#038;ssl=1\" class=\"size-large wp-image-48968\" width=\"720\" height=\"416\" alt=\"Paquet\u00e1 corre risco de ser banido do futebol\"><figcaption id=\"caption-attachment-48968-3\" class=\"wp-caption-text\"><em>Paquet\u00e1 pode ser banido do futebol \u2013 foto: West Ham oficial<\/em><\/figcaption><\/figure>\n<p><strong>CONSPIRA\u00c7\u00c3O<\/strong><\/p>\n<p>Acredita-se que um elemento da defesa de Paquet\u00e1 gire em torno de sua alega\u00e7\u00e3o de que ele pediu ao ent\u00e3o t\u00e9cnico do West Ham, David Moyes, para n\u00e3o coloc\u00e1-lo em campo no Bournemouth por medo de prejudicar a transfer\u00eancia para o City, o que sua equipe jur\u00eddica usar\u00e1 para lan\u00e7ar d\u00favidas sobre a alega\u00e7\u00e3o da FA de que ele fazia parte de uma conspira\u00e7\u00e3o para ser advertido.<\/p>\n<p>\u201cLucas deixou claro que n\u00e3o queria jogar contra o Bournemouth\u201d, disse uma fonte pr\u00f3xima ao jogador. \u201cEle n\u00e3o recusou, mas falou com Moyes, que indicou que o substituiria o mais cedo poss\u00edvel se o jogo fosse seguro. Se voc\u00ea assistir ao jogo novamente, Lucas est\u00e1 olhando para a linha lateral do 70.\u00ba minuto em diante, <strong>sinalizando que quer sair, mas foi mantido e eventualmente recebeu um cart\u00e3o amarelo nos acr\u00e9scimos. Mas por que ele deixaria para t\u00e3o tarde se fazia parte do plano o tempo todo?\u201d<\/strong><\/p>\n<figure id=\"3ea198d9-aed6-4850-89af-5bffc8732fd2\" class=\" dcr-173mewl\">\n<div id=\"img-2\" class=\"dcr-1t8m8f2\"><img data-recalc-dims=\"1\" loading=\"lazy\" decoding=\"async\" src=\"https:\/\/i0.wp.com\/i.guim.co.uk\/img\/media\/373151e0d383db8f3b8aaa9241bab355ab60ea0a\/0_89_3414_2048\/master\/3414.jpg?resize=629%2C377&#038;ssl=1\" class=\"dcr-evn1e9\" alt=\"Lucas Paquet\u00e1 do West Ham United apela ao \u00e1rbitro Darren Bond ap\u00f3s p\u00eanalti n\u00e3o ser marcado contra o Everton\" width=\"629\" height=\"377\"><\/div><figcaption class=\"dcr-1tx6u99\"><span class=\"dcr-1qvd3m6\">P<\/span><span class=\"dcr-1qvd3m6\"><em>aquet\u00e1 nega veementemente qualquer irregularidade e qualquer conhecimento de apostas feitas nele para ser reservado \u2013 foto<\/em><\/span><em>: Jake Kirkman\/Shutterstock<\/em><\/figcaption><\/figure>\n<p>Oficiais de integridade esportiva fora da FA vinham silenciosamente construindo um caso contra Paquet\u00e1 por meses. A investiga\u00e7\u00e3o inicial foi conduzida pela International Betting Integrity Association (IBIA), que recebeu um alerta de integridade depois que v\u00e1rias casas de apostas no Brasil relataram um n\u00famero incomum de apostas em Paquet\u00e1 a serem reservadas durante o jogo da Premier League do West Ham contra o Aston Villa na temporada anterior, em 12 de mar\u00e7o. Ele recebeu um cart\u00e3o amarelo faltando 20 minutos para uma entrada tardia em John McGinn, o \u00fanico cart\u00e3o do jogo.<\/p>\n<p><strong>APOSTAS NA ILHA DE PAQUET\u00c1 NO RIO<\/strong><\/p>\n<p>A maioria das apostas suspeitas foi rastreada at\u00e9 a Ilha de Paquet\u00e1, um para\u00edso de praia id\u00edlico de 0,5 milhas quadradas na costa do Rio de Janeiro, onde o brasileiro nasceu e de onde ele tira seu nome. Desde muito jovem, Paquet\u00e1 empreendeu uma jornada \u00e9pica para treinar no continente envolvendo uma bicicleta, barco e v\u00e1rios \u00f4nibus, porque h\u00e1 apenas um campo de grama na ilha, onde carros s\u00e3o proibidos.<\/p>\n<p>A maior parte do <strong>dinheiro apostado em Paquet\u00e1 para ser registrado usou contas com a Betway, que \u00e9 patrocinadora da camisa do West Ham<\/strong> e foi a primeira casa de apostas a alertar a IBIA. A preocupa\u00e7\u00e3o dos oficiais de integridade foi aumentada pelo fato de que a maior parte do dinheiro veio de novas contas.<\/p>\n<p>As casas de apostas empregam especialistas em integridade que monitoram os padr\u00f5es globais de apostas para garantir que haja um mercado justo. <strong>Algumas preocupa\u00e7\u00f5es sobre o mercado de cart\u00e3o amarelo de Paquet\u00e1 foram at\u00e9 sinalizadas internamente na Betway<\/strong> antes do jogo do Villa por causa de uma grande queda no pre\u00e7o, que caiu para 8-11 antes do pontap\u00e9 inicial de cerca de 5-1 no in\u00edcio da semana.<\/p>\n<figure id=\"attachment_48968-4\" aria-describedby=\"caption-attachment-48968-4\" style=\"width: 720px\" class=\"wp-caption alignnone\"><img data-recalc-dims=\"1\" loading=\"lazy\" decoding=\"async\" data-attachment-id=\"48968\" data-permalink=\"https:\/\/blogdoprosperi.com\/?attachment_id=48968\" data-orig-file=\"https:\/\/i0.wp.com\/blogdoprosperi.com\/wp-content\/uploads\/2025\/03\/post_19179-scaled-1.jpg?fit=2560%2C1479&amp;ssl=1\" data-orig-size=\"2560,1479\" data-comments-opened=\"1\" data-image-meta=\"{&quot;aperture&quot;:&quot;0&quot;,&quot;credit&quot;:&quot;&quot;,&quot;camera&quot;:&quot;&quot;,&quot;caption&quot;:&quot;&quot;,&quot;created_timestamp&quot;:&quot;0&quot;,&quot;copyright&quot;:&quot;&quot;,&quot;focal_length&quot;:&quot;0&quot;,&quot;iso&quot;:&quot;0&quot;,&quot;shutter_speed&quot;:&quot;0&quot;,&quot;title&quot;:&quot;&quot;,&quot;orientation&quot;:&quot;0&quot;}\" data-image-title=\"Paquet\u00e1 inocentado\" data-image-description=\"\" data-image-caption=\"&lt;p&gt;Paquet\u00e1 inocentado \u2013 foto: West Ham oficial&lt;\/p&gt;\n\" data-large-file=\"https:\/\/i0.wp.com\/blogdoprosperi.com\/wp-content\/uploads\/2025\/03\/post_19179-scaled-1.jpg?fit=940%2C543&amp;ssl=1\" src=\"https:\/\/i0.wp.com\/blogdoprosperi.com\/wp-content\/uploads\/2025\/03\/post_19179-scaled-1.jpg?resize=720%2C416&#038;ssl=1\" class=\"size-large wp-image-48968\" width=\"720\" height=\"416\" alt=\"Paquet\u00e1 corre risco de ser banido do futebol\"><figcaption id=\"caption-attachment-48968-4\" class=\"wp-caption-text\">Paquet\u00e1 pode ser banido do futebol \u2013 foto: West Ham oficial<\/figcaption><\/figure>\n<p><strong>PADR\u00d5ES SUSPEITOS DE APOSTAS<\/strong><\/p>\n<p>Com uma bandeira vermelha levantada sobre Paquet\u00e1, os oficiais da IBIA come\u00e7aram uma varredura retrospectiva da atividade de apostas em torno de suas reservas e relataram pelo menos um caso de padr\u00f5es de apostas supostamente suspeitos. O<strong>s investigadores da IBIA descobriram que um cart\u00e3o amarelo mostrado a Paquet\u00e1 por uma falta em Boubakary Soumar\u00e9 do Leicester em novembro de 2022 atraiu um volume anormalmente grande de apostas<\/strong> e continuaram a monitorar de perto os mercados futuros de Paquet\u00e1.<\/p>\n<p>Uma advert\u00eancia que Paquet\u00e1 recebeu por retirar o ponta holand\u00eas do Leeds Crysencio Summerville, agora companheiro de equipe do West Ham, em maio de 2023 tamb\u00e9m foi considerada suspeita. A an\u00e1lise da atividade de apostas no Brasil pela IBIA mostrou que <strong>muitas das apostas foram feitas usando contas vinculadas a membros da fam\u00edlia Paquet\u00e1, incluindo seu tio, Bruno Tolentino.<\/strong><\/p>\n<p><strong>COOPERA\u00c7\u00c3O DE PAQUET\u00c1<\/strong><\/p>\n<p>Paquet\u00e1 cooperou totalmente com a FA durante toda a investiga\u00e7\u00e3o, entregando registros telef\u00f4nicos, extratos banc\u00e1rios e seu telefone celular. Ele foi entrevistado formalmente em outubro de 2023 antes de ser acusado de quatro viola\u00e7\u00f5es da Regra E5 da FA e duas da Regra E3. Uma das supostas viola\u00e7\u00f5es da Regra E3 em rela\u00e7\u00e3o \u00e0 falta de coopera\u00e7\u00e3o \u00e9 entendida como baseada no fato de que Paquet\u00e1 jogou fora seu celular antigo depois que ele foi devolvido a ele pela FA, porque ele havia comprado um novo aparelho nesse \u00ednterim.<\/p>\n<p>\u201c<strong>Estou extremamente surpreso e chateado que a FA tenha decidido me acusar\u201d, disse Paquet\u00e1 em um comunicado ap\u00f3s ser acusado<\/strong>, seus \u00fanicos coment\u00e1rios p\u00fablicos sobre o caso. \u201cPor nove meses, cooperei com cada passo da investiga\u00e7\u00e3o e forneci todas as informa\u00e7\u00f5es que pude. Nego as acusa\u00e7\u00f5es em sua totalidade e lutarei com todas as for\u00e7as para limpar meu nome. Devido ao processo em andamento, n\u00e3o farei mais nenhum coment\u00e1rio.\u201d A FA e o West Ham se recusaram a comentar o caso.<\/p>\n<figure id=\"attachment_48968-5\" aria-describedby=\"caption-attachment-48968-5\" style=\"width: 720px\" class=\"wp-caption alignnone\"><img data-recalc-dims=\"1\" loading=\"lazy\" decoding=\"async\" data-attachment-id=\"48968\" data-permalink=\"https:\/\/blogdoprosperi.com\/?attachment_id=48968\" data-orig-file=\"https:\/\/i0.wp.com\/blogdoprosperi.com\/wp-content\/uploads\/2025\/03\/post_19179-scaled-1.jpg?fit=2560%2C1479&amp;ssl=1\" data-orig-size=\"2560,1479\" data-comments-opened=\"1\" data-image-meta=\"{&quot;aperture&quot;:&quot;0&quot;,&quot;credit&quot;:&quot;&quot;,&quot;camera&quot;:&quot;&quot;,&quot;caption&quot;:&quot;&quot;,&quot;created_timestamp&quot;:&quot;0&quot;,&quot;copyright&quot;:&quot;&quot;,&quot;focal_length&quot;:&quot;0&quot;,&quot;iso&quot;:&quot;0&quot;,&quot;shutter_speed&quot;:&quot;0&quot;,&quot;title&quot;:&quot;&quot;,&quot;orientation&quot;:&quot;0&quot;}\" data-image-title=\"Paquet\u00e1 inocentado\" data-image-description=\"\" data-image-caption=\"&lt;p&gt;Paquet\u00e1 inocentado \u2013 foto: West Ham oficial&lt;\/p&gt;\n\" data-large-file=\"https:\/\/i0.wp.com\/blogdoprosperi.com\/wp-content\/uploads\/2025\/03\/post_19179-scaled-1.jpg?fit=940%2C543&amp;ssl=1\" src=\"https:\/\/i0.wp.com\/blogdoprosperi.com\/wp-content\/uploads\/2025\/03\/post_19179-scaled-1.jpg?resize=720%2C416&#038;ssl=1\" class=\"size-large wp-image-48968\" width=\"720\" height=\"416\" alt=\"Paquet\u00e1 corre risco de ser banido do futebol\"><figcaption id=\"caption-attachment-48968-5\" class=\"wp-caption-text\">Paquet\u00e1 pode ser banido do futebol \u2013 foto: West Ham oficial<\/figcaption><\/figure>\n<p><strong>DEFESA DE JOGADOR BRASILEIRO<\/strong><\/p>\n<p>A defesa de Paquet\u00e1&nbsp;est\u00e1 sendo liderada por Nick De Marco KC, um importante advogado esportivo que obteve uma vit\u00f3ria not\u00e1vel na temporada passada ao&nbsp;ajudar o Leicester&nbsp;a desafiar o direito da Premier League de acus\u00e1-los de violar as regras de lucratividade e sustentabilidade. Ele tamb\u00e9m <strong>representou Ivan Toney quando o atacante enfrentou 262 acusa\u00e7\u00f5es de regras de apostas da FA, o que levou Toney a receber uma proibi\u00e7\u00e3o de oito meses do futebol.<\/strong><\/p>\n<p>A senten\u00e7a de Toney pode ser usada como precedente para uma puni\u00e7\u00e3o mais leve do que a exigida pela FA se Paquet\u00e1 for considerado culpado, mas ele insiste em provar sua inoc\u00eancia. <strong>O ex-jogador do Flamengo, Milan e Lyon est\u00e1 convencido de que n\u00e3o sabe nada sobre nenhuma das apostas feitas nele, e que as evid\u00eancias da FA s\u00e3o circunstanciais.<\/strong><\/p>\n<p>Grande parte do caso contra Paquet\u00e1 \u00e9 baseado em n\u00fameros de apostas e, portanto, faz parte de sua defesa. Acredita-se que o West Ham tenha produzido dados de apostas mostrando que Paquet\u00e1 frequentemente atrai um volume estatisticamente incomum de apostas para serem reservadas, o que eles atribuem ao seu hist\u00f3rico disciplinar ruim. <strong>A equipe de defesa de Paquet\u00e1 tamb\u00e9m tem acesso a todo o seu hist\u00f3rico disciplinar<\/strong>, o que se acredita mostrar que ele consistentemente concedeu mais faltas do que seus companheiros de equipe ao longo de sua carreira, aumentando as chances de ele ser reservado.<\/p>\n<figure id=\"attachment_48968-6\" aria-describedby=\"caption-attachment-48968-6\" style=\"width: 720px\" class=\"wp-caption alignnone\"><img data-recalc-dims=\"1\" loading=\"lazy\" decoding=\"async\" data-attachment-id=\"48968\" data-permalink=\"https:\/\/blogdoprosperi.com\/?attachment_id=48968\" data-orig-file=\"https:\/\/i0.wp.com\/blogdoprosperi.com\/wp-content\/uploads\/2025\/03\/post_19179-scaled-1.jpg?fit=2560%2C1479&amp;ssl=1\" data-orig-size=\"2560,1479\" data-comments-opened=\"1\" data-image-meta=\"{&quot;aperture&quot;:&quot;0&quot;,&quot;credit&quot;:&quot;&quot;,&quot;camera&quot;:&quot;&quot;,&quot;caption&quot;:&quot;&quot;,&quot;created_timestamp&quot;:&quot;0&quot;,&quot;copyright&quot;:&quot;&quot;,&quot;focal_length&quot;:&quot;0&quot;,&quot;iso&quot;:&quot;0&quot;,&quot;shutter_speed&quot;:&quot;0&quot;,&quot;title&quot;:&quot;&quot;,&quot;orientation&quot;:&quot;0&quot;}\" data-image-title=\"Paquet\u00e1 inocentado\" data-image-description=\"\" data-image-caption=\"&lt;p&gt;Paquet\u00e1 inocentado \u2013 foto: West Ham oficial&lt;\/p&gt;\n\" data-large-file=\"https:\/\/i0.wp.com\/blogdoprosperi.com\/wp-content\/uploads\/2025\/03\/post_19179-scaled-1.jpg?fit=940%2C543&amp;ssl=1\" src=\"https:\/\/i0.wp.com\/blogdoprosperi.com\/wp-content\/uploads\/2025\/03\/post_19179-scaled-1.jpg?resize=720%2C416&#038;ssl=1\" class=\"size-large wp-image-48968\" width=\"720\" height=\"416\" alt=\"Paquet\u00e1 corre risco de ser banido do futebol\"><figcaption id=\"caption-attachment-48968-6\" class=\"wp-caption-text\"><em>Paquet\u00e1 pode ser banido do futebol \u2013 foto: West Ham oficial<\/em><\/figcaption><\/figure>\n<p><strong>PAQUET\u00c1 CONFIANTE<\/strong><\/p>\n<p>O West Ham apoiou Paquet\u00e1 o tempo todo e est\u00e1 confiante de que ele ser\u00e1 inocentado, mas tem preocupa\u00e7\u00f5es sobre o limite inferior de prova exigido em casos disciplinares da FA. Enquanto julgamentos criminais como o de Grobbelaar exigem que os jurados sejam convencidos da culpa do r\u00e9u &#8220;al\u00e9m de qualquer d\u00favida razo\u00e1vel&#8221;, o painel independente ser\u00e1 solicitado a chegar a um veredito com base no &#8220;equil\u00edbrio de probabilidades&#8221;.<\/p>\n<p>Apesar de sua inconsist\u00eancia em campo, Paquet\u00e1 \u00e9 considerado um dos melhores jogadores do West Ham e seus \u00fanicos interesses reais s\u00e3o futebol e fam\u00edlia, com v\u00e1rias fontes mencionando sua devo\u00e7\u00e3o aos seus dois filhos pequenos, Benicio e Filipo. Apesar de toda a frustra\u00e7\u00e3o de seus empregadores com o caso e da potencial eros\u00e3o de um ativo de \u00a3 80 milh\u00f5es em seu balan\u00e7o, Paquet\u00e1 continua sendo uma figura extremamente popular no West Ham, onde haver\u00e1 surpresa e devasta\u00e7\u00e3o se ele for considerado culpado.<\/p>\n<p><span><strong><a style=\"color: #0000ff\" href=\"https:\/\/www.theguardian.com\/football\/2025\/mar\/17\/lucas-paqueta-faces-biggest-game-of-life-as-spot-fixing-trial-gets-under-way\">(reportagem publicada no The Guardian \u2013 17\/mar\u00e7o)<\/a><\/strong><\/span><\/p>\n<figure id=\"attachment_42399\" aria-describedby=\"caption-attachment-42399\" style=\"width: 720px\" class=\"wp-caption alignnone\"><img data-recalc-dims=\"1\" loading=\"lazy\" decoding=\"async\" data-attachment-id=\"42399\" data-permalink=\"https:\/\/blogdoprosperi.com\/?attachment_id=42399\" data-orig-file=\"https:\/\/i0.wp.com\/blogdoprosperi.com\/wp-content\/uploads\/2024\/05\/i.jpg?fit=1140%2C641&amp;ssl=1\" data-orig-size=\"1140,641\" data-comments-opened=\"1\" data-image-meta=\"{&quot;aperture&quot;:&quot;0&quot;,&quot;credit&quot;:&quot;&quot;,&quot;camera&quot;:&quot;&quot;,&quot;caption&quot;:&quot;&quot;,&quot;created_timestamp&quot;:&quot;0&quot;,&quot;copyright&quot;:&quot;&quot;,&quot;focal_length&quot;:&quot;0&quot;,&quot;iso&quot;:&quot;0&quot;,&quot;shutter_speed&quot;:&quot;0&quot;,&quot;title&quot;:&quot;&quot;,&quot;orientation&quot;:&quot;0&quot;}\" data-image-title=\"Paquet\u00e1 em Orlando\" data-image-description=\"\" data-image-caption=\"&lt;p&gt;CBF banca Paquet\u00e1 na Copa Am\u00e9rica \u2013 foto: Lucas Figueiredo\/CBF&lt;\/p&gt;\n\" data-large-file=\"https:\/\/i0.wp.com\/blogdoprosperi.com\/wp-content\/uploads\/2024\/05\/i.jpg?fit=940%2C529&amp;ssl=1\" src=\"https:\/\/i0.wp.com\/blogdoprosperi.com\/wp-content\/uploads\/2024\/05\/i.jpg?resize=720%2C405&#038;ssl=1\" class=\"size-large wp-image-42399\" width=\"720\" height=\"405\" alt=\"Lucas Paquet\u00e1 se apresenta \u00e0 Sele\u00e7\u00e3o em Orlando \u2013 foto: Lucas Figueiredo\/CBF\"><figcaption id=\"caption-attachment-42399\" class=\"wp-caption-text\"><em>CBF bancou Paquet\u00e1 na Copa Am\u00e9rica 2024 \u2013 foto: Lucas Figueiredo\/CBF<\/em><\/figcaption><\/figure>\n","protected":false},"excerpt":{"rendered":"<p>Jogador do West Ham nega irregularidades e pode enfrentar suspens\u00e3o perp\u00e9tua se for considerado culpado no maior caso [&hellip;]<\/p>\n","protected":false},"author":102107496,"featured_media":48969,"comment_status":"open","ping_status":"open","sticky":false,"template":"","format":"standard","meta":{"_coblocks_attr":"","_coblocks_dimensions":"","_coblocks_responsive_height":"","_coblocks_accordion_ie_support":"","_jetpack_newsletter_access":"","_jetpack_dont_email_post_to_subs":false,"_jetpack_newsletter_tier_id":0,"_jetpack_memberships_contains_paywalled_content":false,"_wpcom_ai_launchpad_first_post":false,"_jetpack_feature_clip_id":0,"_jetpack_memberships_contains_paid_content":false,"footnotes":"","jetpack_publicize_message":"","jetpack_publicize_feature_enabled":true,"jetpack_social_post_already_shared":false,"jetpack_social_options":{"image_generator_settings":{"template":"highway","default_image_id":0,"font":"","enabled":false},"version":2},"jetpack_post_was_ever_published":false},"categories":[53870,20384],"tags":[779006643,595518,789560560,381935937,789560573,11947539,789560562,143349],"class_list":["post-48956","post","type-post","status-publish","format-standard","has-post-thumbnail","hentry","category-futebol","category-informacao","tag-apostas-esprotivas","tag-football-association","tag-futebol","tag-lucas-paqueta","tag-luiz-antonio-prosperi","tag-manipulacao-de-resultados","tag-selecao-brasileira","tag-west-ham"],"yoast_head":"<!-- This site is optimized with the Yoast SEO plugin v28.3 - https:\/\/yoast.com\/product\/yoast-seo-wordpress\/ -->\n<title>Lucas Paquet\u00e1 Enfrenta o &#039;Maior Jogo da Vida&#039; com o In\u00edcio do Julgamento de Manipula\u00e7\u00e3o de Resultados - PR\u00d3SPERI NEWS<\/title>\n<meta name=\"robots\" content=\"index, follow, max-snippet:-1, max-image-preview:large, max-video-preview:-1\" \/>\n<link rel=\"canonical\" href=\"https:\/\/blogdoprosperi.com\/?p=48956\" \/>\n<meta property=\"og:locale\" content=\"pt_BR\" \/>\n<meta property=\"og:type\" content=\"article\" \/>\n<meta property=\"og:title\" content=\"Lucas Paquet\u00e1 Enfrenta o &#039;Maior Jogo da Vida&#039; com o In\u00edcio do Julgamento de Manipula\u00e7\u00e3o de Resultados - PR\u00d3SPERI NEWS\" \/>\n<meta property=\"og:description\" content=\"Jogador do West Ham nega irregularidades e pode enfrentar suspens\u00e3o perp\u00e9tua se for considerado culpado no maior caso [&hellip;]\" \/>\n<meta property=\"og:url\" content=\"https:\/\/blogdoprosperi.com\/?p=48956\" \/>\n<meta property=\"og:site_name\" content=\"PR\u00d3SPERI NEWS\" \/>\n<meta property=\"article:publisher\" content=\"Luiz Pr\u00f3speri\" \/>\n<meta property=\"article:author\" content=\"Luiz Pr\u00f3speri\" \/>\n<meta property=\"article:published_time\" content=\"2025-03-17T21:23:18+00:00\" \/>\n<meta property=\"article:modified_time\" content=\"2025-03-18T02:25:10+00:00\" \/>\n<meta property=\"og:image\" content=\"https:\/\/i0.wp.com\/blogdoprosperi.com\/wp-content\/uploads\/2025\/03\/cbf-mantem-lucas-paqueta-entre-convocados-da-selec0014536000202405310756-scaledownproportional.webp?fit=1170%2C700&ssl=1\" \/>\n\t<meta property=\"og:image:width\" content=\"1170\" \/>\n\t<meta property=\"og:image:height\" content=\"700\" \/>\n\t<meta property=\"og:image:type\" content=\"image\/webp\" \/>\n<meta name=\"author\" content=\"Luiz Ant\u00f4nio Pr\u00f3speri\" \/>\n<meta name=\"twitter:card\" content=\"summary_large_image\" \/>\n<meta name=\"twitter:creator\" content=\"@Luizprosperi\" \/>\n<meta name=\"twitter:site\" content=\"@Luizprosperi\" \/>\n<meta name=\"twitter:label1\" content=\"Escrito por\" \/>\n\t<meta name=\"twitter:data1\" content=\"Luiz Ant\u00f4nio Pr\u00f3speri\" \/>\n\t<meta name=\"twitter:label2\" content=\"Est. tempo de leitura\" \/>\n\t<meta name=\"twitter:data2\" content=\"11 minutos\" \/>\n<script type=\"application\/ld+json\" class=\"yoast-schema-graph\">{\"@context\":\"https:\\\/\\\/schema.org\",\"@graph\":[{\"@type\":\"Article\",\"@id\":\"https:\\\/\\\/blogdoprosperi.com\\\/?p=48956#article\",\"isPartOf\":{\"@id\":\"https:\\\/\\\/blogdoprosperi.com\\\/?p=48956\"},\"author\":{\"name\":\"Luiz Ant\u00f4nio Pr\u00f3speri\",\"@id\":\"https:\\\/\\\/blogdoprosperi.com\\\/#\\\/schema\\\/person\\\/38100755ce3601861ee4fab9b5aa78e9\"},\"headline\":\"Lucas Paquet\u00e1 Enfrenta o &#8216;Maior Jogo da Vida&#8217; com o In\u00edcio do Julgamento de Manipula\u00e7\u00e3o de Resultados\",\"datePublished\":\"2025-03-17T21:23:18+00:00\",\"dateModified\":\"2025-03-18T02:25:10+00:00\",\"mainEntityOfPage\":{\"@id\":\"https:\\\/\\\/blogdoprosperi.com\\\/?p=48956\"},\"wordCount\":2172,\"commentCount\":0,\"publisher\":{\"@id\":\"https:\\\/\\\/blogdoprosperi.com\\\/#\\\/schema\\\/person\\\/38100755ce3601861ee4fab9b5aa78e9\"},\"image\":{\"@id\":\"https:\\\/\\\/blogdoprosperi.com\\\/?p=48956#primaryimage\"},\"thumbnailUrl\":\"https:\\\/\\\/i0.wp.com\\\/blogdoprosperi.com\\\/wp-content\\\/uploads\\\/2025\\\/03\\\/cbf-mantem-lucas-paqueta-entre-convocados-da-selec0014536000202405310756-scaledownproportional.webp?fit=1170%2C700&ssl=1\",\"keywords\":[\"apostas esprotivas\",\"football association\",\"futebol\",\"Lucas Paquet\u00e1\",\"Luiz Ant\u00f4nio Pr\u00f3speri\",\"manipula\u00e7\u00e3o de resultados\",\"Sele\u00e7\u00e3o Brasileira\",\"West Ham\"],\"articleSection\":[\"futebol\",\"informa\u00e7\u00e3o\"],\"inLanguage\":\"pt-BR\",\"potentialAction\":[{\"@type\":\"CommentAction\",\"name\":\"Comment\",\"target\":[\"https:\\\/\\\/blogdoprosperi.com\\\/?p=48956#respond\"]}]},{\"@type\":\"WebPage\",\"@id\":\"https:\\\/\\\/blogdoprosperi.com\\\/?p=48956\",\"url\":\"https:\\\/\\\/blogdoprosperi.com\\\/?p=48956\",\"name\":\"Lucas Paquet\u00e1 Enfrenta o 'Maior Jogo da Vida' com o In\u00edcio do Julgamento de Manipula\u00e7\u00e3o de Resultados - PR\u00d3SPERI NEWS\",\"isPartOf\":{\"@id\":\"https:\\\/\\\/blogdoprosperi.com\\\/#website\"},\"primaryImageOfPage\":{\"@id\":\"https:\\\/\\\/blogdoprosperi.com\\\/?p=48956#primaryimage\"},\"image\":{\"@id\":\"https:\\\/\\\/blogdoprosperi.com\\\/?p=48956#primaryimage\"},\"thumbnailUrl\":\"https:\\\/\\\/i0.wp.com\\\/blogdoprosperi.com\\\/wp-content\\\/uploads\\\/2025\\\/03\\\/cbf-mantem-lucas-paqueta-entre-convocados-da-selec0014536000202405310756-scaledownproportional.webp?fit=1170%2C700&ssl=1\",\"datePublished\":\"2025-03-17T21:23:18+00:00\",\"dateModified\":\"2025-03-18T02:25:10+00:00\",\"breadcrumb\":{\"@id\":\"https:\\\/\\\/blogdoprosperi.com\\\/?p=48956#breadcrumb\"},\"inLanguage\":\"pt-BR\",\"potentialAction\":[{\"@type\":\"ReadAction\",\"target\":[\"https:\\\/\\\/blogdoprosperi.com\\\/?p=48956\"]}]},{\"@type\":\"ImageObject\",\"inLanguage\":\"pt-BR\",\"@id\":\"https:\\\/\\\/blogdoprosperi.com\\\/?p=48956#primaryimage\",\"url\":\"https:\\\/\\\/i0.wp.com\\\/blogdoprosperi.com\\\/wp-content\\\/uploads\\\/2025\\\/03\\\/cbf-mantem-lucas-paqueta-entre-convocados-da-selec0014536000202405310756-scaledownproportional.webp?fit=1170%2C700&ssl=1\",\"contentUrl\":\"https:\\\/\\\/i0.wp.com\\\/blogdoprosperi.com\\\/wp-content\\\/uploads\\\/2025\\\/03\\\/cbf-mantem-lucas-paqueta-entre-convocados-da-selec0014536000202405310756-scaledownproportional.webp?fit=1170%2C700&ssl=1\",\"width\":1170,\"height\":700,\"caption\":\"Paquet\u00e1 fora da Sele\u00e7\u00e3o e no julgamento em Londres \u2013 foto: CBF oficial\"},{\"@type\":\"BreadcrumbList\",\"@id\":\"https:\\\/\\\/blogdoprosperi.com\\\/?p=48956#breadcrumb\",\"itemListElement\":[{\"@type\":\"ListItem\",\"position\":1,\"name\":\"In\u00edcio\",\"item\":\"https:\\\/\\\/blogdoprosperi.com\\\/\"},{\"@type\":\"ListItem\",\"position\":2,\"name\":\"Lucas Paquet\u00e1 Enfrenta o &#8216;Maior Jogo da Vida&#8217; com o In\u00edcio do Julgamento de Manipula\u00e7\u00e3o de Resultados\"}]},{\"@type\":\"WebSite\",\"@id\":\"https:\\\/\\\/blogdoprosperi.com\\\/#website\",\"url\":\"https:\\\/\\\/blogdoprosperi.com\\\/\",\"name\":\"PR\u00d3SPERI NEWS\",\"description\":\"TUDO \u00c9  FUTEBOL\",\"publisher\":{\"@id\":\"https:\\\/\\\/blogdoprosperi.com\\\/#\\\/schema\\\/person\\\/38100755ce3601861ee4fab9b5aa78e9\"},\"alternateName\":\"blogdoprosperi.com\",\"potentialAction\":[{\"@type\":\"SearchAction\",\"target\":{\"@type\":\"EntryPoint\",\"urlTemplate\":\"https:\\\/\\\/blogdoprosperi.com\\\/?s={search_term_string}\"},\"query-input\":{\"@type\":\"PropertyValueSpecification\",\"valueRequired\":true,\"valueName\":\"search_term_string\"}}],\"inLanguage\":\"pt-BR\"},{\"@type\":[\"Person\",\"Organization\"],\"@id\":\"https:\\\/\\\/blogdoprosperi.com\\\/#\\\/schema\\\/person\\\/38100755ce3601861ee4fab9b5aa78e9\",\"name\":\"Luiz Ant\u00f4nio Pr\u00f3speri\",\"pronouns\":\"ele\",\"image\":{\"@type\":\"ImageObject\",\"inLanguage\":\"pt-BR\",\"@id\":\"https:\\\/\\\/i0.wp.com\\\/blogdoprosperi.com\\\/wp-content\\\/uploads\\\/2026\\\/05\\\/cropped-8059e613-6002-42fa-961e-8e275f575d71-2-5.jpg?fit=1360%2C931&ssl=1\",\"url\":\"https:\\\/\\\/i0.wp.com\\\/blogdoprosperi.com\\\/wp-content\\\/uploads\\\/2026\\\/05\\\/cropped-8059e613-6002-42fa-961e-8e275f575d71-2-5.jpg?fit=1360%2C931&ssl=1\",\"contentUrl\":\"https:\\\/\\\/i0.wp.com\\\/blogdoprosperi.com\\\/wp-content\\\/uploads\\\/2026\\\/05\\\/cropped-8059e613-6002-42fa-961e-8e275f575d71-2-5.jpg?fit=1360%2C931&ssl=1\",\"width\":1360,\"height\":931,\"caption\":\"Luiz Ant\u00f4nio Pr\u00f3speri\"},\"logo\":{\"@id\":\"https:\\\/\\\/i0.wp.com\\\/blogdoprosperi.com\\\/wp-content\\\/uploads\\\/2026\\\/05\\\/cropped-8059e613-6002-42fa-961e-8e275f575d71-2-5.jpg?fit=1360%2C931&ssl=1\"},\"description\":\"Jornalista com carreira dedicada ao esporte. Cobriu 9 Copas do Mundo in loco, 1990 na It\u00e1lia, 1994 nos EUA, 1998 na Fran\u00e7a, 2002 na Coreia do Sul e Jap\u00e3o, 2006 na Alemanha, 2010 na \u00c1frica do Sul, 2014 no Brasil, 2018 na R\u00fassia e 2022 no Qatar. Eurocopas, 1992 na Su\u00e9cia e 1996 na Inglaterra. Copa das Confedera\u00e7\u00f5es de 2005 na Alemanha e 2009 na \u00c1frica do Sul. Rep\u00f3rter e Editor, trabalhou no Jornal da Tarde e Estad\u00e3o, de 1984 a fevereiro de 2016. Colunista, blogueiro. E comentarista de futebol na R\u00e1dio Estad\u00e3o, de 2013 a fevereiro de 2016. Jornalista respons\u00e1vel do \\\"Pr\u00f3speri News\\\" (blogdoprosperi.com).\",\"sameAs\":[\"http:\\\/\\\/blogdoprosperi.com\",\"Luiz Pr\u00f3speri\",\"@luiz_prosperi\",\"https:\\\/\\\/x.com\\\/Luizprosperi\",\"@prosperinacopa\",\"luiz.prosperi@icloud.com\"],\"url\":\"https:\\\/\\\/blogdoprosperi.com\\\/?author=102107496\"}]}<\/script>\n<!-- \/ Yoast SEO plugin. -->","yoast_head_json":{"title":"Lucas Paquet\u00e1 Enfrenta o 'Maior Jogo da Vida' com o In\u00edcio do Julgamento de Manipula\u00e7\u00e3o de Resultados - PR\u00d3SPERI NEWS","robots":{"index":"index","follow":"follow","max-snippet":"max-snippet:-1","max-image-preview":"max-image-preview:large","max-video-preview":"max-video-preview:-1"},"canonical":"https:\/\/blogdoprosperi.com\/?p=48956","og_locale":"pt_BR","og_type":"article","og_title":"Lucas Paquet\u00e1 Enfrenta o 'Maior Jogo da Vida' com o In\u00edcio do Julgamento de Manipula\u00e7\u00e3o de Resultados - PR\u00d3SPERI NEWS","og_description":"Jogador do West Ham nega irregularidades e pode enfrentar suspens\u00e3o perp\u00e9tua se for considerado culpado no maior caso [&hellip;]","og_url":"https:\/\/blogdoprosperi.com\/?p=48956","og_site_name":"PR\u00d3SPERI NEWS","article_publisher":"Luiz Pr\u00f3speri","article_author":"Luiz Pr\u00f3speri","article_published_time":"2025-03-17T21:23:18+00:00","article_modified_time":"2025-03-18T02:25:10+00:00","og_image":[{"width":1170,"height":700,"url":"https:\/\/i0.wp.com\/blogdoprosperi.com\/wp-content\/uploads\/2025\/03\/cbf-mantem-lucas-paqueta-entre-convocados-da-selec0014536000202405310756-scaledownproportional.webp?fit=1170%2C700&ssl=1","type":"image\/webp"}],"author":"Luiz Ant\u00f4nio Pr\u00f3speri","twitter_card":"summary_large_image","twitter_creator":"@Luizprosperi","twitter_site":"@Luizprosperi","twitter_misc":{"Escrito por":"Luiz Ant\u00f4nio Pr\u00f3speri","Est. tempo de leitura":"11 minutos"},"schema":{"@context":"https:\/\/schema.org","@graph":[{"@type":"Article","@id":"https:\/\/blogdoprosperi.com\/?p=48956#article","isPartOf":{"@id":"https:\/\/blogdoprosperi.com\/?p=48956"},"author":{"name":"Luiz Ant\u00f4nio Pr\u00f3speri","@id":"https:\/\/blogdoprosperi.com\/#\/schema\/person\/38100755ce3601861ee4fab9b5aa78e9"},"headline":"Lucas Paquet\u00e1 Enfrenta o &#8216;Maior Jogo da Vida&#8217; com o In\u00edcio do Julgamento de Manipula\u00e7\u00e3o de Resultados","datePublished":"2025-03-17T21:23:18+00:00","dateModified":"2025-03-18T02:25:10+00:00","mainEntityOfPage":{"@id":"https:\/\/blogdoprosperi.com\/?p=48956"},"wordCount":2172,"commentCount":0,"publisher":{"@id":"https:\/\/blogdoprosperi.com\/#\/schema\/person\/38100755ce3601861ee4fab9b5aa78e9"},"image":{"@id":"https:\/\/blogdoprosperi.com\/?p=48956#primaryimage"},"thumbnailUrl":"https:\/\/i0.wp.com\/blogdoprosperi.com\/wp-content\/uploads\/2025\/03\/cbf-mantem-lucas-paqueta-entre-convocados-da-selec0014536000202405310756-scaledownproportional.webp?fit=1170%2C700&ssl=1","keywords":["apostas esprotivas","football association","futebol","Lucas Paquet\u00e1","Luiz Ant\u00f4nio Pr\u00f3speri","manipula\u00e7\u00e3o de resultados","Sele\u00e7\u00e3o Brasileira","West Ham"],"articleSection":["futebol","informa\u00e7\u00e3o"],"inLanguage":"pt-BR","potentialAction":[{"@type":"CommentAction","name":"Comment","target":["https:\/\/blogdoprosperi.com\/?p=48956#respond"]}]},{"@type":"WebPage","@id":"https:\/\/blogdoprosperi.com\/?p=48956","url":"https:\/\/blogdoprosperi.com\/?p=48956","name":"Lucas Paquet\u00e1 Enfrenta o 'Maior Jogo da Vida' com o In\u00edcio do Julgamento de Manipula\u00e7\u00e3o de Resultados - PR\u00d3SPERI NEWS","isPartOf":{"@id":"https:\/\/blogdoprosperi.com\/#website"},"primaryImageOfPage":{"@id":"https:\/\/blogdoprosperi.com\/?p=48956#primaryimage"},"image":{"@id":"https:\/\/blogdoprosperi.com\/?p=48956#primaryimage"},"thumbnailUrl":"https:\/\/i0.wp.com\/blogdoprosperi.com\/wp-content\/uploads\/2025\/03\/cbf-mantem-lucas-paqueta-entre-convocados-da-selec0014536000202405310756-scaledownproportional.webp?fit=1170%2C700&ssl=1","datePublished":"2025-03-17T21:23:18+00:00","dateModified":"2025-03-18T02:25:10+00:00","breadcrumb":{"@id":"https:\/\/blogdoprosperi.com\/?p=48956#breadcrumb"},"inLanguage":"pt-BR","potentialAction":[{"@type":"ReadAction","target":["https:\/\/blogdoprosperi.com\/?p=48956"]}]},{"@type":"ImageObject","inLanguage":"pt-BR","@id":"https:\/\/blogdoprosperi.com\/?p=48956#primaryimage","url":"https:\/\/i0.wp.com\/blogdoprosperi.com\/wp-content\/uploads\/2025\/03\/cbf-mantem-lucas-paqueta-entre-convocados-da-selec0014536000202405310756-scaledownproportional.webp?fit=1170%2C700&ssl=1","contentUrl":"https:\/\/i0.wp.com\/blogdoprosperi.com\/wp-content\/uploads\/2025\/03\/cbf-mantem-lucas-paqueta-entre-convocados-da-selec0014536000202405310756-scaledownproportional.webp?fit=1170%2C700&ssl=1","width":1170,"height":700,"caption":"Paquet\u00e1 fora da Sele\u00e7\u00e3o e no julgamento em Londres \u2013 foto: CBF oficial"},{"@type":"BreadcrumbList","@id":"https:\/\/blogdoprosperi.com\/?p=48956#breadcrumb","itemListElement":[{"@type":"ListItem","position":1,"name":"In\u00edcio","item":"https:\/\/blogdoprosperi.com\/"},{"@type":"ListItem","position":2,"name":"Lucas Paquet\u00e1 Enfrenta o &#8216;Maior Jogo da Vida&#8217; com o In\u00edcio do Julgamento de Manipula\u00e7\u00e3o de Resultados"}]},{"@type":"WebSite","@id":"https:\/\/blogdoprosperi.com\/#website","url":"https:\/\/blogdoprosperi.com\/","name":"PR\u00d3SPERI NEWS","description":"TUDO \u00c9  FUTEBOL","publisher":{"@id":"https:\/\/blogdoprosperi.com\/#\/schema\/person\/38100755ce3601861ee4fab9b5aa78e9"},"alternateName":"blogdoprosperi.com","potentialAction":[{"@type":"SearchAction","target":{"@type":"EntryPoint","urlTemplate":"https:\/\/blogdoprosperi.com\/?s={search_term_string}"},"query-input":{"@type":"PropertyValueSpecification","valueRequired":true,"valueName":"search_term_string"}}],"inLanguage":"pt-BR"},{"@type":["Person","Organization"],"@id":"https:\/\/blogdoprosperi.com\/#\/schema\/person\/38100755ce3601861ee4fab9b5aa78e9","name":"Luiz Ant\u00f4nio Pr\u00f3speri","pronouns":"ele","image":{"@type":"ImageObject","inLanguage":"pt-BR","@id":"https:\/\/i0.wp.com\/blogdoprosperi.com\/wp-content\/uploads\/2026\/05\/cropped-8059e613-6002-42fa-961e-8e275f575d71-2-5.jpg?fit=1360%2C931&ssl=1","url":"https:\/\/i0.wp.com\/blogdoprosperi.com\/wp-content\/uploads\/2026\/05\/cropped-8059e613-6002-42fa-961e-8e275f575d71-2-5.jpg?fit=1360%2C931&ssl=1","contentUrl":"https:\/\/i0.wp.com\/blogdoprosperi.com\/wp-content\/uploads\/2026\/05\/cropped-8059e613-6002-42fa-961e-8e275f575d71-2-5.jpg?fit=1360%2C931&ssl=1","width":1360,"height":931,"caption":"Luiz Ant\u00f4nio Pr\u00f3speri"},"logo":{"@id":"https:\/\/i0.wp.com\/blogdoprosperi.com\/wp-content\/uploads\/2026\/05\/cropped-8059e613-6002-42fa-961e-8e275f575d71-2-5.jpg?fit=1360%2C931&ssl=1"},"description":"Jornalista com carreira dedicada ao esporte. Cobriu 9 Copas do Mundo in loco, 1990 na It\u00e1lia, 1994 nos EUA, 1998 na Fran\u00e7a, 2002 na Coreia do Sul e Jap\u00e3o, 2006 na Alemanha, 2010 na \u00c1frica do Sul, 2014 no Brasil, 2018 na R\u00fassia e 2022 no Qatar. Eurocopas, 1992 na Su\u00e9cia e 1996 na Inglaterra. Copa das Confedera\u00e7\u00f5es de 2005 na Alemanha e 2009 na \u00c1frica do Sul. Rep\u00f3rter e Editor, trabalhou no Jornal da Tarde e Estad\u00e3o, de 1984 a fevereiro de 2016. Colunista, blogueiro. E comentarista de futebol na R\u00e1dio Estad\u00e3o, de 2013 a fevereiro de 2016. Jornalista respons\u00e1vel do \"Pr\u00f3speri News\" (blogdoprosperi.com).","sameAs":["http:\/\/blogdoprosperi.com","Luiz Pr\u00f3speri","@luiz_prosperi","https:\/\/x.com\/Luizprosperi","@prosperinacopa","luiz.prosperi@icloud.com"],"url":"https:\/\/blogdoprosperi.com\/?author=102107496"}]}},"jetpack_publicize_connections":[],"jetpack_likes_enabled":false,"jetpack_sharing_enabled":true,"jetpack_shortlink":"https:\/\/wp.me\/p7jvdk-cJC","jetpack-related-posts":[{"id":54186,"url":"https:\/\/blogdoprosperi.com\/?p=54186","url_meta":{"origin":48956,"position":0},"title":"Lucas Paquet\u00e1 \u00c9 Inocentado de Acusa\u00e7\u00f5es de Manipula\u00e7\u00e3o de Resultados","author":"Luiz Ant\u00f4nio Pr\u00f3speri","date":"31 de julho de 2025","format":false,"excerpt":"Estrela do West Ham expressa al\u00edvio com descobertas \"n\u00e3o comprovadas\" Federa\u00e7\u00e3o Inglesa de Futebol condena Paquet\u00e1 por n\u00e3o ter ajudado na investiga\u00e7\u00e3o Matt Hughes, The Guardian \u2013 31 julho 2025 (15h17) \u2013 Lucas Paquet\u00e1 foi inocentado da acusa\u00e7\u00e3o de manipula\u00e7\u00e3o de resultados ap\u00f3s uma\u00a0investiga\u00e7\u00e3o de dois anos\u00a0pela Associa\u00e7\u00e3o de Futebol\u2026","rel":"","context":"Em &quot;futebol&quot;","block_context":{"text":"futebol","link":"https:\/\/blogdoprosperi.com\/?cat=53870"},"img":{"alt_text":"Paquet\u00e1 corria risco de ser banido do futebol","src":"https:\/\/i0.wp.com\/blogdoprosperi.com\/wp-content\/uploads\/2025\/03\/post_19179-scaled-1.jpg?fit=1200%2C693&ssl=1&resize=350%2C200","width":350,"height":200,"srcset":"https:\/\/i0.wp.com\/blogdoprosperi.com\/wp-content\/uploads\/2025\/03\/post_19179-scaled-1.jpg?fit=1200%2C693&ssl=1&resize=350%2C200 1x, https:\/\/i0.wp.com\/blogdoprosperi.com\/wp-content\/uploads\/2025\/03\/post_19179-scaled-1.jpg?fit=1200%2C693&ssl=1&resize=525%2C300 1.5x, https:\/\/i0.wp.com\/blogdoprosperi.com\/wp-content\/uploads\/2025\/03\/post_19179-scaled-1.jpg?fit=1200%2C693&ssl=1&resize=700%2C400 2x, https:\/\/i0.wp.com\/blogdoprosperi.com\/wp-content\/uploads\/2025\/03\/post_19179-scaled-1.jpg?fit=1200%2C693&ssl=1&resize=1050%2C600 3x"},"classes":[]},{"id":53981,"url":"https:\/\/blogdoprosperi.com\/?p=53981","url_meta":{"origin":48956,"position":1},"title":"Lucas Paquet\u00e1 Deve Ser Inocentado de Manipula\u00e7\u00e3o de Resultados em Raz\u00e3o de Cart\u00f5es Amarelos","author":"Luiz Ant\u00f4nio Pr\u00f3speri","date":"26 de julho de 2025","format":false,"excerpt":"Brasileiro \u00e9 acusado de receber cart\u00f5es amarelos de prop\u00f3sito Paquet\u00e1 enfrentaria uma suspens\u00e3o que poderia arruinar sua carreira se fosse considerado culpado David Hytner \u2013 The Guardian \u2013 25 julho 2025 (22h45) Lucas Paquet\u00e1 deve saber nos pr\u00f3ximos dias que foi inocentado da acusa\u00e7\u00e3o de manipula\u00e7\u00e3o de resultados, removendo uma\u2026","rel":"","context":"Em &quot;futebol&quot;","block_context":{"text":"futebol","link":"https:\/\/blogdoprosperi.com\/?cat=53870"},"img":{"alt_text":"Lucas Paquet\u00e1 inocente","src":"https:\/\/i0.wp.com\/blogdoprosperi.com\/wp-content\/uploads\/2025\/07\/6884d96d71db6.webp?fit=1200%2C800&ssl=1&resize=350%2C200","width":350,"height":200,"srcset":"https:\/\/i0.wp.com\/blogdoprosperi.com\/wp-content\/uploads\/2025\/07\/6884d96d71db6.webp?fit=1200%2C800&ssl=1&resize=350%2C200 1x, https:\/\/i0.wp.com\/blogdoprosperi.com\/wp-content\/uploads\/2025\/07\/6884d96d71db6.webp?fit=1200%2C800&ssl=1&resize=525%2C300 1.5x, https:\/\/i0.wp.com\/blogdoprosperi.com\/wp-content\/uploads\/2025\/07\/6884d96d71db6.webp?fit=1200%2C800&ssl=1&resize=700%2C400 2x, https:\/\/i0.wp.com\/blogdoprosperi.com\/wp-content\/uploads\/2025\/07\/6884d96d71db6.webp?fit=1200%2C800&ssl=1&resize=1050%2C600 3x"},"classes":[]},{"id":42374,"url":"https:\/\/blogdoprosperi.com\/?p=42374","url_meta":{"origin":48956,"position":2},"title":"Caso Paquet\u00e1: uma bomba no colo de Dorival Junior","author":"Luiz Ant\u00f4nio Pr\u00f3speri","date":"25 de maio de 2024","format":false,"excerpt":"Deu no The Guardian: West Ham teme que a carreira de Lucas Paquet\u00e1 possa acabar se for culpado de viola\u00e7\u00f5es de apostas \"O West Ham teme que a carreira de Lucas Paquet\u00e1 possa acabar se ele for considerado culpado de receber um cart\u00e3o amarelo deliberadamente depois que o meio-campista foi\u2026","rel":"","context":"Em &quot;futebol&quot;","block_context":{"text":"futebol","link":"https:\/\/blogdoprosperi.com\/?cat=53870"},"img":{"alt_text":"","src":"","width":0,"height":0},"classes":[]},{"id":45559,"url":"https:\/\/blogdoprosperi.com\/?p=45559","url_meta":{"origin":48956,"position":3},"title":"Apostas Esportivas Arrebentam Bolsos dos Brasileiros e Jorram Dinheiro no Futebol","author":"Luiz Ant\u00f4nio Pr\u00f3speri","date":"27 de setembro de 2024","format":false,"excerpt":"Luiz Ant\u00f4nio Pr\u00f3speri \u2013 27 setembro (13h00) Apostas esportivas se alastram e arrebentam os bolsos dos brasileiros, a ponto de benefici\u00e1rios do Bolsa Fam\u00edlia gastarem R$ 3 bilh\u00f5es nas bets apenas em agosto. Gasto total dos brasileiros nessa modalidade de apostas alcan\u00e7a R$ 21,1 bilh\u00f5es no mesmo m\u00eas, estima o\u2026","rel":"","context":"Em &quot;futebol&quot;","block_context":{"text":"futebol","link":"https:\/\/blogdoprosperi.com\/?cat=53870"},"img":{"alt_text":"Casas de apostas esportivas dominam futebol brasileiro","src":"https:\/\/i0.wp.com\/blogdoprosperi.com\/wp-content\/uploads\/2024\/09\/betano.webp?fit=1079%2C621&ssl=1&resize=350%2C200","width":350,"height":200,"srcset":"https:\/\/i0.wp.com\/blogdoprosperi.com\/wp-content\/uploads\/2024\/09\/betano.webp?fit=1079%2C621&ssl=1&resize=350%2C200 1x, https:\/\/i0.wp.com\/blogdoprosperi.com\/wp-content\/uploads\/2024\/09\/betano.webp?fit=1079%2C621&ssl=1&resize=525%2C300 1.5x, https:\/\/i0.wp.com\/blogdoprosperi.com\/wp-content\/uploads\/2024\/09\/betano.webp?fit=1079%2C621&ssl=1&resize=700%2C400 2x, https:\/\/i0.wp.com\/blogdoprosperi.com\/wp-content\/uploads\/2024\/09\/betano.webp?fit=1079%2C621&ssl=1&resize=1050%2C600 3x"},"classes":[]},{"id":46212,"url":"https:\/\/blogdoprosperi.com\/?p=46212","url_meta":{"origin":48956,"position":4},"title":"Bruno Henrique Suspeito nas Apostas e Cabe\u00e7a de Porco no Cl\u00e1ssico | Futebol em Transe","author":"Luiz Ant\u00f4nio Pr\u00f3speri","date":"5 de novembro de 2024","format":false,"excerpt":"Luiz Ant\u00f4nio Pr\u00f3speri \u2013 5 novembro (11h08) \u2013 Bruno Henrique, atacante do Flamengo, suspeito de manipula\u00e7\u00e3o d0 mercado de cart\u00f5es em jogo do Brasileir\u00e3o 2023. Benefici\u00e1rios da a\u00e7\u00e3o investigada pela Pol\u00edcia Federal seriam parentes do jogador. Caso muito parecido ao de Lucas Paquet\u00e1, titular da Sele\u00e7\u00e3o Brasileira, sob suspeita na\u2026","rel":"","context":"Em &quot;futebol&quot;","block_context":{"text":"futebol","link":"https:\/\/blogdoprosperi.com\/?cat=53870"},"img":{"alt_text":"Bruno Henrique suspeito no caso de apostas esportivas","src":"https:\/\/i0.wp.com\/blogdoprosperi.com\/wp-content\/uploads\/2019\/04\/20190427222732_406.jpeg?fit=974%2C546&ssl=1&resize=350%2C200","width":350,"height":200,"srcset":"https:\/\/i0.wp.com\/blogdoprosperi.com\/wp-content\/uploads\/2019\/04\/20190427222732_406.jpeg?fit=974%2C546&ssl=1&resize=350%2C200 1x, https:\/\/i0.wp.com\/blogdoprosperi.com\/wp-content\/uploads\/2019\/04\/20190427222732_406.jpeg?fit=974%2C546&ssl=1&resize=525%2C300 1.5x, https:\/\/i0.wp.com\/blogdoprosperi.com\/wp-content\/uploads\/2019\/04\/20190427222732_406.jpeg?fit=974%2C546&ssl=1&resize=700%2C400 2x"},"classes":[]},{"id":49125,"url":"https:\/\/blogdoprosperi.com\/?p=49125","url_meta":{"origin":48956,"position":5},"title":"Entenda a Enorme Influ\u00eancia Financeira das Casas de Apostas no Futebol Europeu","author":"Luiz Ant\u00f4nio Pr\u00f3speri","date":"21 de mar\u00e7o de 2025","format":false,"excerpt":"66% dos clubes em 31 divis\u00f5es t\u00eam pelo menos um acordo de apostas Clubes est\u00e3o 'contornando' proibi\u00e7\u00f5es de patrocinadores na frente da camisa Quase 300 clubes de primeira linha t\u00eam acordos com empresas de apostas nesta temporada, expondo a depend\u00eancia financeira do jogo no setor. V\u00e1rios times contornam restri\u00e7\u00f5es com\u2026","rel":"","context":"Em &quot;futebol&quot;","block_context":{"text":"futebol","link":"https:\/\/blogdoprosperi.com\/?cat=53870"},"img":{"alt_text":"","src":"https:\/\/i0.wp.com\/blogdoprosperi.com\/wp-content\/uploads\/2025\/03\/football_cover201.webp?fit=1200%2C676&ssl=1&resize=350%2C200","width":350,"height":200,"srcset":"https:\/\/i0.wp.com\/blogdoprosperi.com\/wp-content\/uploads\/2025\/03\/football_cover201.webp?fit=1200%2C676&ssl=1&resize=350%2C200 1x, https:\/\/i0.wp.com\/blogdoprosperi.com\/wp-content\/uploads\/2025\/03\/football_cover201.webp?fit=1200%2C676&ssl=1&resize=525%2C300 1.5x, https:\/\/i0.wp.com\/blogdoprosperi.com\/wp-content\/uploads\/2025\/03\/football_cover201.webp?fit=1200%2C676&ssl=1&resize=700%2C400 2x, https:\/\/i0.wp.com\/blogdoprosperi.com\/wp-content\/uploads\/2025\/03\/football_cover201.webp?fit=1200%2C676&ssl=1&resize=1050%2C600 3x"},"classes":[]}],"jetpack_featured_media_url":"https:\/\/i0.wp.com\/blogdoprosperi.com\/wp-content\/uploads\/2025\/03\/cbf-mantem-lucas-paqueta-entre-convocados-da-selec0014536000202405310756-scaledownproportional.webp?fit=1170%2C700&ssl=1","_links":{"self":[{"href":"https:\/\/blogdoprosperi.com\/index.php?rest_route=\/wp\/v2\/posts\/48956","targetHints":{"allow":["GET"]}}],"collection":[{"href":"https:\/\/blogdoprosperi.com\/index.php?rest_route=\/wp\/v2\/posts"}],"about":[{"href":"https:\/\/blogdoprosperi.com\/index.php?rest_route=\/wp\/v2\/types\/post"}],"author":[{"embeddable":true,"href":"https:\/\/blogdoprosperi.com\/index.php?rest_route=\/wp\/v2\/users\/102107496"}],"replies":[{"embeddable":true,"href":"https:\/\/blogdoprosperi.com\/index.php?rest_route=%2Fwp%2Fv2%2Fcomments&post=48956"}],"version-history":[{"count":18,"href":"https:\/\/blogdoprosperi.com\/index.php?rest_route=\/wp\/v2\/posts\/48956\/revisions"}],"predecessor-version":[{"id":49023,"href":"https:\/\/blogdoprosperi.com\/index.php?rest_route=\/wp\/v2\/posts\/48956\/revisions\/49023"}],"wp:featuredmedia":[{"embeddable":true,"href":"https:\/\/blogdoprosperi.com\/index.php?rest_route=\/wp\/v2\/media\/48969"}],"wp:attachment":[{"href":"https:\/\/blogdoprosperi.com\/index.php?rest_route=%2Fwp%2Fv2%2Fmedia&parent=48956"}],"wp:term":[{"taxonomy":"category","embeddable":true,"href":"https:\/\/blogdoprosperi.com\/index.php?rest_route=%2Fwp%2Fv2%2Fcategories&post=48956"},{"taxonomy":"post_tag","embeddable":true,"href":"https:\/\/blogdoprosperi.com\/index.php?rest_route=%2Fwp%2Fv2%2Ftags&post=48956"}],"curies":[{"name":"wp","href":"https:\/\/api.w.org\/{rel}","templated":true}]}}