{"id":49211,"date":"2025-03-25T23:04:20","date_gmt":"2025-03-26T02:04:20","guid":{"rendered":"https:\/\/blogdoprosperi.com\/?p=49211"},"modified":"2025-03-26T12:23:59","modified_gmt":"2025-03-26T15:23:59","slug":"argentina-4-x-1-brasil-selecao-assina-atestado-de-obito-em-buenos-aires","status":"publish","type":"post","link":"https:\/\/blogdoprosperi.com\/?p=49211","title":{"rendered":"Buenos Aires, 25 de Mar\u00e7o de 2025 | Data do Atestado de \u00d3bito da Sele\u00e7\u00e3o Brasileira"},"content":{"rendered":"<p><em>Luiz Ant\u00f4nio Pr\u00f3speri \u2013 25 mar\u00e7o (23h01) \u2013&nbsp;<\/em><\/p>\n<p>Sele\u00e7\u00e3o Brasileira acabou. \u00c9 preciso renascer. A derrota (4 a 1), diria goleada, para Argentina \u00e9 o atestado de \u00f3bito de um futebol pentacampe\u00e3o do mundo. Por in\u00e9rcia, Dorival Junior ser\u00e1 demitido de imediato. Ainda nessa semana. Se \u00e9 que o presidente da CBF, Ednaldo Rodrigues, esteja disposto a levar a s\u00e9rio o futuro do escrete.<\/p>\n<p>&#8220;Um minuto de sil\u00eancio&#8230; Que o Brasil est\u00e1 morto&#8221;, cantou a torcida argentina &#8211; uma voz de mais de 80 mil pessoas no Monumental de Nu\u00f1ez.<\/p>\n<p>Os argentinos, at\u00e9 d\u00e9cadas passadas, eram muitos cavalos. Nem deram pontap\u00e9s nem responderam ao &#8220;porrada neles&#8221; do Raphinha nesta noite de 25 de mar\u00e7o de 2025 em Buenos Aires.<\/p>\n<p>Jogaram bola por excel\u00eancia. Engoliram nossos expoentes Vini Jr, Raphinha&#8230; todos muito med\u00edocres. E cavaram ainda mais o abismo verde e amarelo.<\/p>\n<p>Desde que a CBF virou um covil de ladr\u00f5es, escancarado em 2012 com a queda de Ricardo Teixeira, a pris\u00e3o de Jos\u00e9 Maria Marin em 2015, mais o banimento do futebol de Marco Polo Del Nero, Teixeira e Marin em 2016, s\u00f3 colecionamos vexames.<\/p>\n<p>Ednaldo Rodrigues, atual dono do trono, tem culpa nesse processo. N\u00e3o soube trabalhar sucess\u00e3o de Tite. Todas suas atitudes foram rid\u00edculas, egoc\u00eantricas.<\/p>\n<p>Cuidou apenas de se garantir no poder com a vergonhosa cumplicidade de todos os clubes e federa\u00e7\u00f5es. Reeleito na segunda-feira (24\/3), lavou as m\u00e3os a respeito dos destinos da Sele\u00e7\u00e3o ao afirmar que deu \u00e0 comiss\u00e3o t\u00e9cnica e jogadores tudo o que pediram.<\/p>\n<p>\u00c9 de uma sem-vergonhice absurda.<\/p>\n<p>A op\u00e7\u00e3o por Dorival Junior, depois de pulverizar Fernando Diniz e acreditar na vinda do messias Carlo Ancelotti, se mostrou equivocada.<\/p>\n<p>Bom treinador, salvador de clubes, mas de uma pobreza infinita em pensar o futebol com ousadia e novidades, Dorival gosta de um time feij\u00e3o com arroz. Argh!<\/p>\n<p>E assim, apostando em Dorival, acreditando na gest\u00e3o do presidente da CBF, que usa o racismo para falar que \u00e9 discriminado, cavamos nossa sepultura.<\/p>\n<p>Jogamos a p\u00e1 de cal nessa noite de ter\u00e7a-feira, dia 25 de mar\u00e7o, no colosso do Monumental de Nu\u00f1ez em Buenos Aires. A facilidade com que os argentinos chegaram aos gols foi assustadora. Parecia um brincadeira. Nada ali era real. E, o pior, era verdade.<\/p>\n<p>&#8220;Um minuto de sil\u00eancio&#8230; Que o Brasil est\u00e1 morto&#8221;.<\/p>\n<p>Argentina 4 a 1 Brasil. E eles nem tinham Messi. Precisa mais?<\/p>\n","protected":false},"excerpt":{"rendered":"<p>Luiz Ant\u00f4nio Pr\u00f3speri \u2013 25 mar\u00e7o (23h01) \u2013&nbsp; Sele\u00e7\u00e3o Brasileira acabou. \u00c9 preciso renascer. A derrota (4 a [&hellip;]<\/p>\n","protected":false},"author":102107496,"featured_media":49218,"comment_status":"open","ping_status":"open","sticky":false,"template":"","format":"standard","meta":{"_coblocks_attr":"","_coblocks_dimensions":"","_coblocks_responsive_height":"","_coblocks_accordion_ie_support":"","_jetpack_newsletter_access":"","_jetpack_dont_email_post_to_subs":false,"_jetpack_newsletter_tier_id":0,"_jetpack_memberships_contains_paywalled_content":false,"_wpcom_ai_launchpad_first_post":false,"_jetpack_feature_clip_id":0,"_jetpack_memberships_contains_paid_content":false,"footnotes":"","jetpack_publicize_message":"","jetpack_publicize_feature_enabled":true,"jetpack_social_post_already_shared":false,"jetpack_social_options":{"image_generator_settings":{"template":"highway","default_image_id":0,"font":"","enabled":false},"version":2},"jetpack_post_was_ever_published":false},"categories":[53870,3919],"tags":[779246926,789560569,63558320,779246927,789560560,789560573,81750,4221008],"class_list":["post-49211","post","type-post","status-publish","format-standard","has-post-thumbnail","hentry","category-futebol","category-opiniao","tag-argentina-4-a-1-brasil","tag-cbf","tag-dorival-junior-2","tag-eliminatoria-copa-2026","tag-futebol","tag-luiz-antonio-prosperi","tag-messi","tag-raphinha"],"yoast_head":"<!-- This site is optimized with the Yoast SEO plugin v28.3 - https:\/\/yoast.com\/product\/yoast-seo-wordpress\/ -->\n<title>Buenos Aires, 25 de Mar\u00e7o de 2025 | Data do Atestado de \u00d3bito da Sele\u00e7\u00e3o Brasileira - PR\u00d3SPERI NEWS<\/title>\n<meta name=\"robots\" content=\"index, follow, max-snippet:-1, max-image-preview:large, max-video-preview:-1\" \/>\n<link rel=\"canonical\" href=\"https:\/\/blogdoprosperi.com\/?p=49211\" \/>\n<meta property=\"og:locale\" content=\"pt_BR\" \/>\n<meta property=\"og:type\" content=\"article\" \/>\n<meta property=\"og:title\" content=\"Buenos Aires, 25 de Mar\u00e7o de 2025 | Data do Atestado de \u00d3bito da Sele\u00e7\u00e3o Brasileira - PR\u00d3SPERI NEWS\" \/>\n<meta property=\"og:description\" content=\"Luiz Ant\u00f4nio Pr\u00f3speri \u2013 25 mar\u00e7o (23h01) \u2013&nbsp; Sele\u00e7\u00e3o Brasileira acabou. \u00c9 preciso renascer. A derrota (4 a [&hellip;]\" \/>\n<meta property=\"og:url\" content=\"https:\/\/blogdoprosperi.com\/?p=49211\" \/>\n<meta property=\"og:site_name\" content=\"PR\u00d3SPERI NEWS\" \/>\n<meta property=\"article:publisher\" content=\"Luiz Pr\u00f3speri\" \/>\n<meta property=\"article:author\" content=\"Luiz Pr\u00f3speri\" \/>\n<meta property=\"article:published_time\" content=\"2025-03-26T02:04:20+00:00\" \/>\n<meta property=\"article:modified_time\" content=\"2025-03-26T15:23:59+00:00\" \/>\n<meta property=\"og:image\" content=\"https:\/\/i0.wp.com\/blogdoprosperi.com\/wp-content\/uploads\/2025\/03\/captura-de-tela-2025-03-25-as-22.52.25.png?fit=1224%2C648&ssl=1\" \/>\n\t<meta property=\"og:image:width\" content=\"1224\" \/>\n\t<meta property=\"og:image:height\" content=\"648\" \/>\n\t<meta property=\"og:image:type\" content=\"image\/png\" \/>\n<meta name=\"author\" content=\"Luiz Ant\u00f4nio Pr\u00f3speri\" \/>\n<meta name=\"twitter:card\" content=\"summary_large_image\" \/>\n<meta name=\"twitter:creator\" content=\"@Luizprosperi\" \/>\n<meta name=\"twitter:site\" content=\"@Luizprosperi\" \/>\n<meta name=\"twitter:label1\" content=\"Escrito por\" \/>\n\t<meta name=\"twitter:data1\" content=\"Luiz Ant\u00f4nio Pr\u00f3speri\" \/>\n\t<meta name=\"twitter:label2\" content=\"Est. tempo de leitura\" \/>\n\t<meta name=\"twitter:data2\" content=\"2 minutos\" \/>\n<script type=\"application\/ld+json\" class=\"yoast-schema-graph\">{\"@context\":\"https:\\\/\\\/schema.org\",\"@graph\":[{\"@type\":\"Article\",\"@id\":\"https:\\\/\\\/blogdoprosperi.com\\\/?p=49211#article\",\"isPartOf\":{\"@id\":\"https:\\\/\\\/blogdoprosperi.com\\\/?p=49211\"},\"author\":{\"name\":\"Luiz Ant\u00f4nio Pr\u00f3speri\",\"@id\":\"https:\\\/\\\/blogdoprosperi.com\\\/#\\\/schema\\\/person\\\/38100755ce3601861ee4fab9b5aa78e9\"},\"headline\":\"Buenos Aires, 25 de Mar\u00e7o de 2025 | Data do Atestado de \u00d3bito da Sele\u00e7\u00e3o Brasileira\",\"datePublished\":\"2025-03-26T02:04:20+00:00\",\"dateModified\":\"2025-03-26T15:23:59+00:00\",\"mainEntityOfPage\":{\"@id\":\"https:\\\/\\\/blogdoprosperi.com\\\/?p=49211\"},\"wordCount\":420,\"commentCount\":0,\"publisher\":{\"@id\":\"https:\\\/\\\/blogdoprosperi.com\\\/#\\\/schema\\\/person\\\/38100755ce3601861ee4fab9b5aa78e9\"},\"image\":{\"@id\":\"https:\\\/\\\/blogdoprosperi.com\\\/?p=49211#primaryimage\"},\"thumbnailUrl\":\"https:\\\/\\\/i0.wp.com\\\/blogdoprosperi.com\\\/wp-content\\\/uploads\\\/2025\\\/03\\\/captura-de-tela-2025-03-25-as-22.52.25.png?fit=1224%2C648&ssl=1\",\"keywords\":[\"argentina 4 a 1 brasil\",\"CBF\",\"Dorival Junior\",\"eliminat\u00f3ria copa 2026\",\"futebol\",\"Luiz Ant\u00f4nio Pr\u00f3speri\",\"Messi\",\"raphinha\"],\"articleSection\":[\"futebol\",\"opini\u00e3o\"],\"inLanguage\":\"pt-BR\",\"potentialAction\":[{\"@type\":\"CommentAction\",\"name\":\"Comment\",\"target\":[\"https:\\\/\\\/blogdoprosperi.com\\\/?p=49211#respond\"]}]},{\"@type\":\"WebPage\",\"@id\":\"https:\\\/\\\/blogdoprosperi.com\\\/?p=49211\",\"url\":\"https:\\\/\\\/blogdoprosperi.com\\\/?p=49211\",\"name\":\"Buenos Aires, 25 de Mar\u00e7o de 2025 | Data do Atestado de \u00d3bito da Sele\u00e7\u00e3o Brasileira - PR\u00d3SPERI NEWS\",\"isPartOf\":{\"@id\":\"https:\\\/\\\/blogdoprosperi.com\\\/#website\"},\"primaryImageOfPage\":{\"@id\":\"https:\\\/\\\/blogdoprosperi.com\\\/?p=49211#primaryimage\"},\"image\":{\"@id\":\"https:\\\/\\\/blogdoprosperi.com\\\/?p=49211#primaryimage\"},\"thumbnailUrl\":\"https:\\\/\\\/i0.wp.com\\\/blogdoprosperi.com\\\/wp-content\\\/uploads\\\/2025\\\/03\\\/captura-de-tela-2025-03-25-as-22.52.25.png?fit=1224%2C648&ssl=1\",\"datePublished\":\"2025-03-26T02:04:20+00:00\",\"dateModified\":\"2025-03-26T15:23:59+00:00\",\"breadcrumb\":{\"@id\":\"https:\\\/\\\/blogdoprosperi.com\\\/?p=49211#breadcrumb\"},\"inLanguage\":\"pt-BR\",\"potentialAction\":[{\"@type\":\"ReadAction\",\"target\":[\"https:\\\/\\\/blogdoprosperi.com\\\/?p=49211\"]}]},{\"@type\":\"ImageObject\",\"inLanguage\":\"pt-BR\",\"@id\":\"https:\\\/\\\/blogdoprosperi.com\\\/?p=49211#primaryimage\",\"url\":\"https:\\\/\\\/i0.wp.com\\\/blogdoprosperi.com\\\/wp-content\\\/uploads\\\/2025\\\/03\\\/captura-de-tela-2025-03-25-as-22.52.25.png?fit=1224%2C648&ssl=1\",\"contentUrl\":\"https:\\\/\\\/i0.wp.com\\\/blogdoprosperi.com\\\/wp-content\\\/uploads\\\/2025\\\/03\\\/captura-de-tela-2025-03-25-as-22.52.25.png?fit=1224%2C648&ssl=1\",\"width\":1224,\"height\":648,\"caption\":\"Raphinha do \\\"porrada neles\\\" toma de 4 a 1 \u2013 foto: reprodu\u00e7\u00e3o TV\"},{\"@type\":\"BreadcrumbList\",\"@id\":\"https:\\\/\\\/blogdoprosperi.com\\\/?p=49211#breadcrumb\",\"itemListElement\":[{\"@type\":\"ListItem\",\"position\":1,\"name\":\"In\u00edcio\",\"item\":\"https:\\\/\\\/blogdoprosperi.com\\\/\"},{\"@type\":\"ListItem\",\"position\":2,\"name\":\"Buenos Aires, 25 de Mar\u00e7o de 2025 | Data do Atestado de \u00d3bito da Sele\u00e7\u00e3o Brasileira\"}]},{\"@type\":\"WebSite\",\"@id\":\"https:\\\/\\\/blogdoprosperi.com\\\/#website\",\"url\":\"https:\\\/\\\/blogdoprosperi.com\\\/\",\"name\":\"PR\u00d3SPERI NEWS\",\"description\":\"TUDO \u00c9  FUTEBOL\",\"publisher\":{\"@id\":\"https:\\\/\\\/blogdoprosperi.com\\\/#\\\/schema\\\/person\\\/38100755ce3601861ee4fab9b5aa78e9\"},\"alternateName\":\"blogdoprosperi.com\",\"potentialAction\":[{\"@type\":\"SearchAction\",\"target\":{\"@type\":\"EntryPoint\",\"urlTemplate\":\"https:\\\/\\\/blogdoprosperi.com\\\/?s={search_term_string}\"},\"query-input\":{\"@type\":\"PropertyValueSpecification\",\"valueRequired\":true,\"valueName\":\"search_term_string\"}}],\"inLanguage\":\"pt-BR\"},{\"@type\":[\"Person\",\"Organization\"],\"@id\":\"https:\\\/\\\/blogdoprosperi.com\\\/#\\\/schema\\\/person\\\/38100755ce3601861ee4fab9b5aa78e9\",\"name\":\"Luiz Ant\u00f4nio Pr\u00f3speri\",\"pronouns\":\"ele\",\"image\":{\"@type\":\"ImageObject\",\"inLanguage\":\"pt-BR\",\"@id\":\"https:\\\/\\\/i0.wp.com\\\/blogdoprosperi.com\\\/wp-content\\\/uploads\\\/2026\\\/05\\\/cropped-8059e613-6002-42fa-961e-8e275f575d71-2-5.jpg?fit=1360%2C931&ssl=1\",\"url\":\"https:\\\/\\\/i0.wp.com\\\/blogdoprosperi.com\\\/wp-content\\\/uploads\\\/2026\\\/05\\\/cropped-8059e613-6002-42fa-961e-8e275f575d71-2-5.jpg?fit=1360%2C931&ssl=1\",\"contentUrl\":\"https:\\\/\\\/i0.wp.com\\\/blogdoprosperi.com\\\/wp-content\\\/uploads\\\/2026\\\/05\\\/cropped-8059e613-6002-42fa-961e-8e275f575d71-2-5.jpg?fit=1360%2C931&ssl=1\",\"width\":1360,\"height\":931,\"caption\":\"Luiz Ant\u00f4nio Pr\u00f3speri\"},\"logo\":{\"@id\":\"https:\\\/\\\/i0.wp.com\\\/blogdoprosperi.com\\\/wp-content\\\/uploads\\\/2026\\\/05\\\/cropped-8059e613-6002-42fa-961e-8e275f575d71-2-5.jpg?fit=1360%2C931&ssl=1\"},\"description\":\"Jornalista com carreira dedicada ao esporte. Cobriu 9 Copas do Mundo in loco, 1990 na It\u00e1lia, 1994 nos EUA, 1998 na Fran\u00e7a, 2002 na Coreia do Sul e Jap\u00e3o, 2006 na Alemanha, 2010 na \u00c1frica do Sul, 2014 no Brasil, 2018 na R\u00fassia e 2022 no Qatar. Eurocopas, 1992 na Su\u00e9cia e 1996 na Inglaterra. Copa das Confedera\u00e7\u00f5es de 2005 na Alemanha e 2009 na \u00c1frica do Sul. Rep\u00f3rter e Editor, trabalhou no Jornal da Tarde e Estad\u00e3o, de 1984 a fevereiro de 2016. Colunista, blogueiro. E comentarista de futebol na R\u00e1dio Estad\u00e3o, de 2013 a fevereiro de 2016. Jornalista respons\u00e1vel do \\\"Pr\u00f3speri News\\\" (blogdoprosperi.com).\",\"sameAs\":[\"http:\\\/\\\/blogdoprosperi.com\",\"Luiz Pr\u00f3speri\",\"@luiz_prosperi\",\"https:\\\/\\\/x.com\\\/Luizprosperi\",\"@prosperinacopa\",\"luiz.prosperi@icloud.com\"],\"url\":\"https:\\\/\\\/blogdoprosperi.com\\\/?author=102107496\"}]}<\/script>\n<!-- \/ Yoast SEO plugin. -->","yoast_head_json":{"title":"Buenos Aires, 25 de Mar\u00e7o de 2025 | Data do Atestado de \u00d3bito da Sele\u00e7\u00e3o Brasileira - PR\u00d3SPERI NEWS","robots":{"index":"index","follow":"follow","max-snippet":"max-snippet:-1","max-image-preview":"max-image-preview:large","max-video-preview":"max-video-preview:-1"},"canonical":"https:\/\/blogdoprosperi.com\/?p=49211","og_locale":"pt_BR","og_type":"article","og_title":"Buenos Aires, 25 de Mar\u00e7o de 2025 | Data do Atestado de \u00d3bito da Sele\u00e7\u00e3o Brasileira - PR\u00d3SPERI NEWS","og_description":"Luiz Ant\u00f4nio Pr\u00f3speri \u2013 25 mar\u00e7o (23h01) \u2013&nbsp; Sele\u00e7\u00e3o Brasileira acabou. \u00c9 preciso renascer. A derrota (4 a [&hellip;]","og_url":"https:\/\/blogdoprosperi.com\/?p=49211","og_site_name":"PR\u00d3SPERI NEWS","article_publisher":"Luiz Pr\u00f3speri","article_author":"Luiz Pr\u00f3speri","article_published_time":"2025-03-26T02:04:20+00:00","article_modified_time":"2025-03-26T15:23:59+00:00","og_image":[{"width":1224,"height":648,"url":"https:\/\/i0.wp.com\/blogdoprosperi.com\/wp-content\/uploads\/2025\/03\/captura-de-tela-2025-03-25-as-22.52.25.png?fit=1224%2C648&ssl=1","type":"image\/png"}],"author":"Luiz Ant\u00f4nio Pr\u00f3speri","twitter_card":"summary_large_image","twitter_creator":"@Luizprosperi","twitter_site":"@Luizprosperi","twitter_misc":{"Escrito por":"Luiz Ant\u00f4nio Pr\u00f3speri","Est. tempo de leitura":"2 minutos"},"schema":{"@context":"https:\/\/schema.org","@graph":[{"@type":"Article","@id":"https:\/\/blogdoprosperi.com\/?p=49211#article","isPartOf":{"@id":"https:\/\/blogdoprosperi.com\/?p=49211"},"author":{"name":"Luiz Ant\u00f4nio Pr\u00f3speri","@id":"https:\/\/blogdoprosperi.com\/#\/schema\/person\/38100755ce3601861ee4fab9b5aa78e9"},"headline":"Buenos Aires, 25 de Mar\u00e7o de 2025 | Data do Atestado de \u00d3bito da Sele\u00e7\u00e3o Brasileira","datePublished":"2025-03-26T02:04:20+00:00","dateModified":"2025-03-26T15:23:59+00:00","mainEntityOfPage":{"@id":"https:\/\/blogdoprosperi.com\/?p=49211"},"wordCount":420,"commentCount":0,"publisher":{"@id":"https:\/\/blogdoprosperi.com\/#\/schema\/person\/38100755ce3601861ee4fab9b5aa78e9"},"image":{"@id":"https:\/\/blogdoprosperi.com\/?p=49211#primaryimage"},"thumbnailUrl":"https:\/\/i0.wp.com\/blogdoprosperi.com\/wp-content\/uploads\/2025\/03\/captura-de-tela-2025-03-25-as-22.52.25.png?fit=1224%2C648&ssl=1","keywords":["argentina 4 a 1 brasil","CBF","Dorival Junior","eliminat\u00f3ria copa 2026","futebol","Luiz Ant\u00f4nio Pr\u00f3speri","Messi","raphinha"],"articleSection":["futebol","opini\u00e3o"],"inLanguage":"pt-BR","potentialAction":[{"@type":"CommentAction","name":"Comment","target":["https:\/\/blogdoprosperi.com\/?p=49211#respond"]}]},{"@type":"WebPage","@id":"https:\/\/blogdoprosperi.com\/?p=49211","url":"https:\/\/blogdoprosperi.com\/?p=49211","name":"Buenos Aires, 25 de Mar\u00e7o de 2025 | Data do Atestado de \u00d3bito da Sele\u00e7\u00e3o Brasileira - PR\u00d3SPERI NEWS","isPartOf":{"@id":"https:\/\/blogdoprosperi.com\/#website"},"primaryImageOfPage":{"@id":"https:\/\/blogdoprosperi.com\/?p=49211#primaryimage"},"image":{"@id":"https:\/\/blogdoprosperi.com\/?p=49211#primaryimage"},"thumbnailUrl":"https:\/\/i0.wp.com\/blogdoprosperi.com\/wp-content\/uploads\/2025\/03\/captura-de-tela-2025-03-25-as-22.52.25.png?fit=1224%2C648&ssl=1","datePublished":"2025-03-26T02:04:20+00:00","dateModified":"2025-03-26T15:23:59+00:00","breadcrumb":{"@id":"https:\/\/blogdoprosperi.com\/?p=49211#breadcrumb"},"inLanguage":"pt-BR","potentialAction":[{"@type":"ReadAction","target":["https:\/\/blogdoprosperi.com\/?p=49211"]}]},{"@type":"ImageObject","inLanguage":"pt-BR","@id":"https:\/\/blogdoprosperi.com\/?p=49211#primaryimage","url":"https:\/\/i0.wp.com\/blogdoprosperi.com\/wp-content\/uploads\/2025\/03\/captura-de-tela-2025-03-25-as-22.52.25.png?fit=1224%2C648&ssl=1","contentUrl":"https:\/\/i0.wp.com\/blogdoprosperi.com\/wp-content\/uploads\/2025\/03\/captura-de-tela-2025-03-25-as-22.52.25.png?fit=1224%2C648&ssl=1","width":1224,"height":648,"caption":"Raphinha do \"porrada neles\" toma de 4 a 1 \u2013 foto: reprodu\u00e7\u00e3o TV"},{"@type":"BreadcrumbList","@id":"https:\/\/blogdoprosperi.com\/?p=49211#breadcrumb","itemListElement":[{"@type":"ListItem","position":1,"name":"In\u00edcio","item":"https:\/\/blogdoprosperi.com\/"},{"@type":"ListItem","position":2,"name":"Buenos Aires, 25 de Mar\u00e7o de 2025 | Data do Atestado de \u00d3bito da Sele\u00e7\u00e3o Brasileira"}]},{"@type":"WebSite","@id":"https:\/\/blogdoprosperi.com\/#website","url":"https:\/\/blogdoprosperi.com\/","name":"PR\u00d3SPERI NEWS","description":"TUDO \u00c9  FUTEBOL","publisher":{"@id":"https:\/\/blogdoprosperi.com\/#\/schema\/person\/38100755ce3601861ee4fab9b5aa78e9"},"alternateName":"blogdoprosperi.com","potentialAction":[{"@type":"SearchAction","target":{"@type":"EntryPoint","urlTemplate":"https:\/\/blogdoprosperi.com\/?s={search_term_string}"},"query-input":{"@type":"PropertyValueSpecification","valueRequired":true,"valueName":"search_term_string"}}],"inLanguage":"pt-BR"},{"@type":["Person","Organization"],"@id":"https:\/\/blogdoprosperi.com\/#\/schema\/person\/38100755ce3601861ee4fab9b5aa78e9","name":"Luiz Ant\u00f4nio Pr\u00f3speri","pronouns":"ele","image":{"@type":"ImageObject","inLanguage":"pt-BR","@id":"https:\/\/i0.wp.com\/blogdoprosperi.com\/wp-content\/uploads\/2026\/05\/cropped-8059e613-6002-42fa-961e-8e275f575d71-2-5.jpg?fit=1360%2C931&ssl=1","url":"https:\/\/i0.wp.com\/blogdoprosperi.com\/wp-content\/uploads\/2026\/05\/cropped-8059e613-6002-42fa-961e-8e275f575d71-2-5.jpg?fit=1360%2C931&ssl=1","contentUrl":"https:\/\/i0.wp.com\/blogdoprosperi.com\/wp-content\/uploads\/2026\/05\/cropped-8059e613-6002-42fa-961e-8e275f575d71-2-5.jpg?fit=1360%2C931&ssl=1","width":1360,"height":931,"caption":"Luiz Ant\u00f4nio Pr\u00f3speri"},"logo":{"@id":"https:\/\/i0.wp.com\/blogdoprosperi.com\/wp-content\/uploads\/2026\/05\/cropped-8059e613-6002-42fa-961e-8e275f575d71-2-5.jpg?fit=1360%2C931&ssl=1"},"description":"Jornalista com carreira dedicada ao esporte. Cobriu 9 Copas do Mundo in loco, 1990 na It\u00e1lia, 1994 nos EUA, 1998 na Fran\u00e7a, 2002 na Coreia do Sul e Jap\u00e3o, 2006 na Alemanha, 2010 na \u00c1frica do Sul, 2014 no Brasil, 2018 na R\u00fassia e 2022 no Qatar. Eurocopas, 1992 na Su\u00e9cia e 1996 na Inglaterra. Copa das Confedera\u00e7\u00f5es de 2005 na Alemanha e 2009 na \u00c1frica do Sul. Rep\u00f3rter e Editor, trabalhou no Jornal da Tarde e Estad\u00e3o, de 1984 a fevereiro de 2016. Colunista, blogueiro. E comentarista de futebol na R\u00e1dio Estad\u00e3o, de 2013 a fevereiro de 2016. Jornalista respons\u00e1vel do \"Pr\u00f3speri News\" (blogdoprosperi.com).","sameAs":["http:\/\/blogdoprosperi.com","Luiz Pr\u00f3speri","@luiz_prosperi","https:\/\/x.com\/Luizprosperi","@prosperinacopa","luiz.prosperi@icloud.com"],"url":"https:\/\/blogdoprosperi.com\/?author=102107496"}]}},"jetpack_publicize_connections":[],"jetpack_likes_enabled":false,"jetpack_sharing_enabled":true,"jetpack_shortlink":"https:\/\/wp.me\/p7jvdk-cNJ","jetpack-related-posts":[{"id":49186,"url":"https:\/\/blogdoprosperi.com\/?p=49186","url_meta":{"origin":49211,"position":0},"title":"Argentina x Brasil | \u00daltima Chance de a Sele\u00e7\u00e3o Brasileira Mostrar que Est\u00e1 Viva","author":"Luiz Ant\u00f4nio Pr\u00f3speri","date":"25 de mar\u00e7o de 2025","format":false,"excerpt":"Futuro de Dorival Junior na Sele\u00e7\u00e3o em jogo no cl\u00e1ssico dos cl\u00e1ssicos Argentina em busca de consolidar hegemonia dos \u00faltimos seis anos em cima do Brasil Luiz Ant\u00f4nio Pr\u00f3speri \u2013 25 mar\u00e7o (12h15) \u2013 Brasil tem medo da Argentina. Argentina tem medo do Brasil. Sele\u00e7\u00e3o Brasileira n\u00e3o vence em Buenos\u2026","rel":"","context":"Em &quot;futebol&quot;","block_context":{"text":"futebol","link":"https:\/\/blogdoprosperi.com\/?cat=53870"},"img":{"alt_text":"","src":"https:\/\/i0.wp.com\/blogdoprosperi.com\/wp-content\/uploads\/2025\/03\/54406351662_d5fe40a91b_c.jpg?fit=799%2C536&ssl=1&resize=350%2C200","width":350,"height":200,"srcset":"https:\/\/i0.wp.com\/blogdoprosperi.com\/wp-content\/uploads\/2025\/03\/54406351662_d5fe40a91b_c.jpg?fit=799%2C536&ssl=1&resize=350%2C200 1x, https:\/\/i0.wp.com\/blogdoprosperi.com\/wp-content\/uploads\/2025\/03\/54406351662_d5fe40a91b_c.jpg?fit=799%2C536&ssl=1&resize=525%2C300 1.5x, https:\/\/i0.wp.com\/blogdoprosperi.com\/wp-content\/uploads\/2025\/03\/54406351662_d5fe40a91b_c.jpg?fit=799%2C536&ssl=1&resize=700%2C400 2x"},"classes":[]},{"id":49086,"url":"https:\/\/blogdoprosperi.com\/?p=49086","url_meta":{"origin":49211,"position":1},"title":"Sele\u00e7\u00e3o Brasileira | Vamos ao Div\u00e3 Acompanhar os \u00daltimos Dias de Dorival no Comando do Escrete","author":"Luiz Ant\u00f4nio Pr\u00f3speri","date":"20 de mar\u00e7o de 2025","format":false,"excerpt":"Cabe\u00e7a de Dorival est\u00e1 servida na bandeja do presidente da CBF. Resultados ruins diante da Col\u00f4mbia e Argentina, adeus Dorival. Sele\u00e7\u00e3o Brasileira n\u00e3o pode ser montada com base no que os jogadores jogam em seus clubes. N\u00e3o combina. \u00c9 preciso de identidade pr\u00f3pria Luiz Ant\u00f4nio Pr\u00f3speri \u2013 20 mar\u00e7o (12h31)\u2026","rel":"","context":"Em &quot;futebol&quot;","block_context":{"text":"futebol","link":"https:\/\/blogdoprosperi.com\/?cat=53870"},"img":{"alt_text":"Brasil x Col\u00f4mbia, vamos ao div\u00e3","src":"https:\/\/i0.wp.com\/blogdoprosperi.com\/wp-content\/uploads\/2025\/03\/54398963323_d4964b845b_c.jpg?fit=799%2C559&ssl=1&resize=350%2C200","width":350,"height":200,"srcset":"https:\/\/i0.wp.com\/blogdoprosperi.com\/wp-content\/uploads\/2025\/03\/54398963323_d4964b845b_c.jpg?fit=799%2C559&ssl=1&resize=350%2C200 1x, https:\/\/i0.wp.com\/blogdoprosperi.com\/wp-content\/uploads\/2025\/03\/54398963323_d4964b845b_c.jpg?fit=799%2C559&ssl=1&resize=525%2C300 1.5x, https:\/\/i0.wp.com\/blogdoprosperi.com\/wp-content\/uploads\/2025\/03\/54398963323_d4964b845b_c.jpg?fit=799%2C559&ssl=1&resize=700%2C400 2x"},"classes":[]},{"id":46440,"url":"https:\/\/blogdoprosperi.com\/?p=46440","url_meta":{"origin":49211,"position":2},"title":"Brasil 1 x 1 Uruguai | Dorival J\u00e1 Pode Pegar o Bon\u00e9 e a CBF Assumir a Culpa","author":"Luiz Ant\u00f4nio Pr\u00f3speri","date":"19 de novembro de 2024","format":false,"excerpt":"Luiz Ant\u00f4nio Pr\u00f3speri \u2013 19 novembro (23h50) \u2013 Voc\u00ea ficou acordado at\u00e9 o fim do jogo do Brasil contra o Uruguai nessa v\u00e9spera de feriado? Se sim, gostou do que viu? Penso que n\u00e3o. Sele\u00e7\u00e3o Brasileira n\u00e3o agrada a mais ningu\u00e9m. CBF tem culpa nesse processo negativo. Aposta em Dorival\u2026","rel":"","context":"Em &quot;futebol&quot;","block_context":{"text":"futebol","link":"https:\/\/blogdoprosperi.com\/?cat=53870"},"img":{"alt_text":"Dorival j\u00e1 pode pegar o bon\u00e9, Brasil 1 x 1 Uruguai","src":"https:\/\/i0.wp.com\/blogdoprosperi.com\/wp-content\/uploads\/2024\/11\/54152431679_b12f641edf_c.jpg?fit=800%2C516&ssl=1&resize=350%2C200","width":350,"height":200,"srcset":"https:\/\/i0.wp.com\/blogdoprosperi.com\/wp-content\/uploads\/2024\/11\/54152431679_b12f641edf_c.jpg?fit=800%2C516&ssl=1&resize=350%2C200 1x, https:\/\/i0.wp.com\/blogdoprosperi.com\/wp-content\/uploads\/2024\/11\/54152431679_b12f641edf_c.jpg?fit=800%2C516&ssl=1&resize=525%2C300 1.5x, https:\/\/i0.wp.com\/blogdoprosperi.com\/wp-content\/uploads\/2024\/11\/54152431679_b12f641edf_c.jpg?fit=800%2C516&ssl=1&resize=700%2C400 2x"},"classes":[]},{"id":45900,"url":"https:\/\/blogdoprosperi.com\/?p=45900","url_meta":{"origin":49211,"position":3},"title":"Brasil vence Peru | Dorival Junior Respira e CBF Faz a Festa","author":"Luiz Ant\u00f4nio Pr\u00f3speri","date":"16 de outubro de 2024","format":false,"excerpt":"Luiz Ant\u00f4nio Pr\u00f3speri - 16 outubro (10h09) Sele\u00e7\u00e3o Brasileira vence Peru por 4 a 0 e se acalma. Diminui a tens\u00e3o. A vit\u00f3ria contra um dos mais fracos times das Eliminat\u00f3rias da Copa 2026 cabe bem no discurso do t\u00e9cnico Dorival Junior e, ao mesmo tempo, atende ao projeto pol\u00edtico\u2026","rel":"","context":"Em &quot;futebol&quot;","block_context":{"text":"futebol","link":"https:\/\/blogdoprosperi.com\/?cat=53870"},"img":{"alt_text":"","src":"https:\/\/i0.wp.com\/blogdoprosperi.com\/wp-content\/uploads\/2024\/10\/54070811890_98fe48c973_c.jpg?fit=800%2C516&ssl=1&resize=350%2C200","width":350,"height":200,"srcset":"https:\/\/i0.wp.com\/blogdoprosperi.com\/wp-content\/uploads\/2024\/10\/54070811890_98fe48c973_c.jpg?fit=800%2C516&ssl=1&resize=350%2C200 1x, https:\/\/i0.wp.com\/blogdoprosperi.com\/wp-content\/uploads\/2024\/10\/54070811890_98fe48c973_c.jpg?fit=800%2C516&ssl=1&resize=525%2C300 1.5x, https:\/\/i0.wp.com\/blogdoprosperi.com\/wp-content\/uploads\/2024\/10\/54070811890_98fe48c973_c.jpg?fit=800%2C516&ssl=1&resize=700%2C400 2x"},"classes":[]},{"id":48525,"url":"https:\/\/blogdoprosperi.com\/?p=48525","url_meta":{"origin":49211,"position":4},"title":"Sele\u00e7\u00e3o Brasileira | Dorival Junior Aposta em Neymar Salvador da P\u00e1tria","author":"Luiz Ant\u00f4nio Pr\u00f3speri","date":"6 de mar\u00e7o de 2025","format":false,"excerpt":"Dorival joga todas fichas na volta de Neymar no momento mais cr\u00edtico da Sele\u00e7\u00e3o Brasileira nas Eliminat\u00f3rias da Copa do Mundo 2026. Treinador aposta no meio campo com jogadores esfor\u00e7ados de times coadjuvantes da Premier League, a principal Liga do futebol internacional. Luiz Ant\u00f4nio Pr\u00f3speri \u2013 6 mar\u00e7o (13h05) \u2013\u2026","rel":"","context":"Em &quot;futebol&quot;","block_context":{"text":"futebol","link":"https:\/\/blogdoprosperi.com\/?cat=53870"},"img":{"alt_text":"Dorival Junior espera Neymar salvar a p\u00e1tria","src":"https:\/\/i0.wp.com\/blogdoprosperi.com\/wp-content\/uploads\/2025\/03\/54369216068_619c5f2bc6_c.jpg?fit=800%2C534&ssl=1&resize=350%2C200","width":350,"height":200,"srcset":"https:\/\/i0.wp.com\/blogdoprosperi.com\/wp-content\/uploads\/2025\/03\/54369216068_619c5f2bc6_c.jpg?fit=800%2C534&ssl=1&resize=350%2C200 1x, https:\/\/i0.wp.com\/blogdoprosperi.com\/wp-content\/uploads\/2025\/03\/54369216068_619c5f2bc6_c.jpg?fit=800%2C534&ssl=1&resize=525%2C300 1.5x, https:\/\/i0.wp.com\/blogdoprosperi.com\/wp-content\/uploads\/2025\/03\/54369216068_619c5f2bc6_c.jpg?fit=800%2C534&ssl=1&resize=700%2C400 2x"},"classes":[]},{"id":42093,"url":"https:\/\/blogdoprosperi.com\/?p=42093","url_meta":{"origin":49211,"position":5},"title":"Sele\u00e7\u00e3o Brasileira vira para\u00edso dos volantes na estreia de Dorival Junior","author":"Luiz Ant\u00f4nio Pr\u00f3speri","date":"1 de mar\u00e7o de 2024","format":false,"excerpt":"Dorival Junior anuncia sua primeira lista da Sele\u00e7\u00e3o Brasileira com uma penca de volantes \u2013 jogadores mais marcadores a criativos \u2013 e apenas um meia-armador de of\u00edcio, Lucas Paquet\u00e1. A convoca\u00e7\u00e3o se destina aos amistosos contra Espanha e Inglaterra na segunda quinzena de mar\u00e7o. Anotem a\u00ed os volantes de Dorival:\u2026","rel":"","context":"Em &quot;CBF&quot;","block_context":{"text":"CBF","link":"https:\/\/blogdoprosperi.com\/?cat=570700"},"img":{"alt_text":"","src":"https:\/\/i0.wp.com\/blogdoprosperi.com\/wp-content\/uploads\/2024\/03\/53561902865_171a6c8da2_c.jpg?fit=799%2C533&ssl=1&resize=350%2C200","width":350,"height":200,"srcset":"https:\/\/i0.wp.com\/blogdoprosperi.com\/wp-content\/uploads\/2024\/03\/53561902865_171a6c8da2_c.jpg?fit=799%2C533&ssl=1&resize=350%2C200 1x, https:\/\/i0.wp.com\/blogdoprosperi.com\/wp-content\/uploads\/2024\/03\/53561902865_171a6c8da2_c.jpg?fit=799%2C533&ssl=1&resize=525%2C300 1.5x, https:\/\/i0.wp.com\/blogdoprosperi.com\/wp-content\/uploads\/2024\/03\/53561902865_171a6c8da2_c.jpg?fit=799%2C533&ssl=1&resize=700%2C400 2x"},"classes":[]}],"jetpack_featured_media_url":"https:\/\/i0.wp.com\/blogdoprosperi.com\/wp-content\/uploads\/2025\/03\/captura-de-tela-2025-03-25-as-22.52.25.png?fit=1224%2C648&ssl=1","_links":{"self":[{"href":"https:\/\/blogdoprosperi.com\/index.php?rest_route=\/wp\/v2\/posts\/49211","targetHints":{"allow":["GET"]}}],"collection":[{"href":"https:\/\/blogdoprosperi.com\/index.php?rest_route=\/wp\/v2\/posts"}],"about":[{"href":"https:\/\/blogdoprosperi.com\/index.php?rest_route=\/wp\/v2\/types\/post"}],"author":[{"embeddable":true,"href":"https:\/\/blogdoprosperi.com\/index.php?rest_route=\/wp\/v2\/users\/102107496"}],"replies":[{"embeddable":true,"href":"https:\/\/blogdoprosperi.com\/index.php?rest_route=%2Fwp%2Fv2%2Fcomments&post=49211"}],"version-history":[{"count":18,"href":"https:\/\/blogdoprosperi.com\/index.php?rest_route=\/wp\/v2\/posts\/49211\/revisions"}],"predecessor-version":[{"id":49255,"href":"https:\/\/blogdoprosperi.com\/index.php?rest_route=\/wp\/v2\/posts\/49211\/revisions\/49255"}],"wp:featuredmedia":[{"embeddable":true,"href":"https:\/\/blogdoprosperi.com\/index.php?rest_route=\/wp\/v2\/media\/49218"}],"wp:attachment":[{"href":"https:\/\/blogdoprosperi.com\/index.php?rest_route=%2Fwp%2Fv2%2Fmedia&parent=49211"}],"wp:term":[{"taxonomy":"category","embeddable":true,"href":"https:\/\/blogdoprosperi.com\/index.php?rest_route=%2Fwp%2Fv2%2Fcategories&post=49211"},{"taxonomy":"post_tag","embeddable":true,"href":"https:\/\/blogdoprosperi.com\/index.php?rest_route=%2Fwp%2Fv2%2Ftags&post=49211"}],"curies":[{"name":"wp","href":"https:\/\/api.w.org\/{rel}","templated":true}]}}