{"id":49457,"date":"2025-04-02T00:57:36","date_gmt":"2025-04-02T03:57:36","guid":{"rendered":"https:\/\/blogdoprosperi.com\/?p=49457"},"modified":"2025-04-02T17:04:00","modified_gmt":"2025-04-02T20:04:00","slug":"argentina-assume-poder-no-futebol-sul-americano","status":"publish","type":"post","link":"https:\/\/blogdoprosperi.com\/?p=49457","title":{"rendered":"Argentina Assume Poder no Futebol Sul-Americano"},"content":{"rendered":"<p><strong>Vit\u00f3ria na Libertadores do Racing diante do Fortaleza \u00e9 a s\u00edntese de uma decad\u00eancia do futebol brasileiro e nova ascens\u00e3o da Argentina<\/strong><\/p>\n<p><strong>Clubes brasileiros, cheios de dinheiro e economia mais forte do pa\u00eds, conseguem se impor na Libertadores. E refor\u00e7am nossa arrog\u00e2ncia<\/strong><\/p>\n<hr>\n<p><em>Luiz Ant\u00f4nio Pr\u00f3speri \u2013 2 abril (00h49) \u2013<\/em><\/p>\n<p>Racing da Argentina vence Fortaleza por 3 a 0 na abertura da Libertadores 2025, ter\u00e7a-feira (01\/4). Poderia ter sido mais, tamanho dom\u00ednio do time argentino no Castel\u00e3o lotado \u2013 pouco mais de 40 mil torcedores no est\u00e1dio.<\/p>\n<p>A vit\u00f3ria do Racing \u00e9 a s\u00edntese de uma decad\u00eancia do futebol brasileiro e nova ascens\u00e3o da Argentina.<\/p>\n<p>Veja, o jogador do Fortaleza mais esculachado pela torcida na derrota para o Racing responde pelo nome de <strong>Pol Fern\u00e1ndez, natural da Argentina<\/strong>. At\u00e9 temporada passada, Pol era um dos expoentes do poderoso Boca Junior e chega ao Fortaleza para fazer a diferen\u00e7a.<\/p>\n<p>Que n\u00e3o se perca na an\u00e1lise. Decep\u00e7\u00e3o dos cearenses ganha peso pelo passado recente de bons desempenhos do Fortaleza sob a batuta do <strong>t\u00e9cnico argentino<\/strong> Pablo Vojvoda \u2013 o treinador <strong>mais longevo do atual futebol brasileiro,<\/strong> h\u00e1 mais de quatro temporadas no Le\u00e3o do Pici.<\/p>\n<p>Argentino Vojvoda n\u00e3o foi p\u00e1reo ao Racing. No fim do ano passado, esse mesmo <strong>Racing conquista a Copa Sul-Americana esfregando na cara dos brasileiros a sua superioridade<\/strong> passando na final contra o Cruzeiro, semifinal diante do Corinthians e quartas de final em cima do Atl\u00e9tico-PR.<\/p>\n<p><strong>Racing tamb\u00e9m trucida o Botafogo<\/strong> (campe\u00e3o da Libertadores) na disputa Recopa Sul-Americana 2025. Vence os dois jogos por 2 a 0, dentro e fora de casa.<\/p>\n<p>Deixa o Racing de lado. Confira esse detalhe:<\/p>\n<p><strong>Dos 32 clubes participantes da Libertadores 2025, 17 t\u00eam t\u00e9cnicos argentinos no comando<\/strong> \u2013 em seis times da Argentina e em dez clubes de outros pa\u00edses (incluindo Vojvoda no Fortaleza e Zubeld\u00eda no S\u00e3o Paulo).<\/p>\n<p>No cen\u00e1rio das sele\u00e7\u00f5es nacionais no continente,<strong> apenas Brasil e Bol\u00edvia n\u00e3o s\u00e3o comandados por treinadores argentinos<\/strong>. Eles chefiam as outras oito sele\u00e7\u00f5es nas Eliminat\u00f3rias da Copa do Mundo 2026.<\/p>\n<p>Nem vamos entrar aqui no m\u00e9rito da vit\u00f3ria, o 4 a 1, h\u00e1 uma semana em Buenos Aires, quando a sele\u00e7\u00e3o deles destruiu a nossa. <strong>Derrota que custou a cabe\u00e7a de Dorival J\u00fanior no escrete.<\/strong><\/p>\n<p>Sim, o <strong>pobre rico futebol da Argentina parece bem superior ao do Brasil.<\/strong> Se no momento temos clubes dominantes na for\u00e7a da grana, eles t\u00eam t\u00e9cnica e t\u00e9cnicos de sobra.<\/p>\n<p>Com dinheiro e economia mais forte, clubes brasileiros ainda se imp\u00f5em na Libertadores.<strong> E refor\u00e7am nossa arrog\u00e2ncia na hegemonia que se estende desde 2019<\/strong>. At\u00e9 quando?<\/p>\n<p>Na bola, bola mesmo, os hermanos nos humilham enquanto a gente nem sabe como salgar nossas feridas.<\/p>\n","protected":false},"excerpt":{"rendered":"<p>Vit\u00f3ria na Libertadores do Racing diante do Fortaleza \u00e9 a s\u00edntese de uma decad\u00eancia do futebol brasileiro e [&hellip;]<\/p>\n","protected":false},"author":102107496,"featured_media":49464,"comment_status":"open","ping_status":"open","sticky":false,"template":"","format":"standard","meta":{"_coblocks_attr":"","_coblocks_dimensions":"","_coblocks_responsive_height":"","_coblocks_accordion_ie_support":"","_jetpack_newsletter_access":"","_jetpack_dont_email_post_to_subs":false,"_jetpack_newsletter_tier_id":0,"_jetpack_memberships_contains_paywalled_content":false,"_wpcom_ai_launchpad_first_post":false,"_jetpack_feature_clip_id":0,"_jetpack_memberships_contains_paid_content":false,"footnotes":"","jetpack_publicize_message":"","jetpack_publicize_feature_enabled":true,"jetpack_social_post_already_shared":false,"jetpack_social_options":{"image_generator_settings":{"template":"highway","default_image_id":0,"font":"","enabled":false},"version":2},"jetpack_post_was_ever_published":false},"categories":[53870,3919],"tags":[18939,38185,358890,789560560,776378861,789560573,583,779413194,789560562,463306464,779413195],"class_list":["post-49457","post","type-post","status-publish","format-standard","has-post-thumbnail","hentry","category-futebol","category-opiniao","tag-argentina","tag-brasil","tag-fortaleza","tag-futebol","tag-libertadores-2025","tag-luiz-antonio-prosperi","tag-racing","tag-recorra-2025","tag-selecao-brasileira","tag-tecnicos-argentinos","tag-vovojda"],"yoast_head":"<!-- This site is optimized with the Yoast SEO plugin v28.3 - https:\/\/yoast.com\/product\/yoast-seo-wordpress\/ -->\n<title>Argentina Assume Poder no Futebol Sul-Americano - PR\u00d3SPERI NEWS<\/title>\n<meta name=\"robots\" content=\"index, follow, max-snippet:-1, max-image-preview:large, max-video-preview:-1\" \/>\n<link rel=\"canonical\" href=\"https:\/\/blogdoprosperi.com\/?p=49457\" \/>\n<meta property=\"og:locale\" content=\"pt_BR\" \/>\n<meta property=\"og:type\" content=\"article\" \/>\n<meta property=\"og:title\" content=\"Argentina Assume Poder no Futebol Sul-Americano - PR\u00d3SPERI NEWS\" \/>\n<meta property=\"og:description\" content=\"Vit\u00f3ria na Libertadores do Racing diante do Fortaleza \u00e9 a s\u00edntese de uma decad\u00eancia do futebol brasileiro e [&hellip;]\" \/>\n<meta property=\"og:url\" content=\"https:\/\/blogdoprosperi.com\/?p=49457\" \/>\n<meta property=\"og:site_name\" content=\"PR\u00d3SPERI NEWS\" \/>\n<meta property=\"article:publisher\" content=\"Luiz Pr\u00f3speri\" \/>\n<meta property=\"article:author\" content=\"Luiz Pr\u00f3speri\" \/>\n<meta property=\"article:published_time\" content=\"2025-04-02T03:57:36+00:00\" \/>\n<meta property=\"article:modified_time\" content=\"2025-04-02T20:04:00+00:00\" \/>\n<meta property=\"og:image\" content=\"https:\/\/i0.wp.com\/blogdoprosperi.com\/wp-content\/uploads\/2025\/04\/screenshot_472.jpg?fit=598%2C448&ssl=1\" \/>\n\t<meta property=\"og:image:width\" content=\"598\" \/>\n\t<meta property=\"og:image:height\" content=\"448\" \/>\n\t<meta property=\"og:image:type\" content=\"image\/jpeg\" \/>\n<meta name=\"author\" content=\"Luiz Ant\u00f4nio Pr\u00f3speri\" \/>\n<meta name=\"twitter:card\" content=\"summary_large_image\" \/>\n<meta name=\"twitter:creator\" content=\"@Luizprosperi\" \/>\n<meta name=\"twitter:site\" content=\"@Luizprosperi\" \/>\n<meta name=\"twitter:label1\" content=\"Escrito por\" \/>\n\t<meta name=\"twitter:data1\" content=\"Luiz Ant\u00f4nio Pr\u00f3speri\" \/>\n\t<meta name=\"twitter:label2\" content=\"Est. tempo de leitura\" \/>\n\t<meta name=\"twitter:data2\" content=\"2 minutos\" \/>\n<script type=\"application\/ld+json\" class=\"yoast-schema-graph\">{\"@context\":\"https:\\\/\\\/schema.org\",\"@graph\":[{\"@type\":\"Article\",\"@id\":\"https:\\\/\\\/blogdoprosperi.com\\\/?p=49457#article\",\"isPartOf\":{\"@id\":\"https:\\\/\\\/blogdoprosperi.com\\\/?p=49457\"},\"author\":{\"name\":\"Luiz Ant\u00f4nio Pr\u00f3speri\",\"@id\":\"https:\\\/\\\/blogdoprosperi.com\\\/#\\\/schema\\\/person\\\/38100755ce3601861ee4fab9b5aa78e9\"},\"headline\":\"Argentina Assume Poder no Futebol Sul-Americano\",\"datePublished\":\"2025-04-02T03:57:36+00:00\",\"dateModified\":\"2025-04-02T20:04:00+00:00\",\"mainEntityOfPage\":{\"@id\":\"https:\\\/\\\/blogdoprosperi.com\\\/?p=49457\"},\"wordCount\":481,\"commentCount\":1,\"publisher\":{\"@id\":\"https:\\\/\\\/blogdoprosperi.com\\\/#\\\/schema\\\/person\\\/38100755ce3601861ee4fab9b5aa78e9\"},\"image\":{\"@id\":\"https:\\\/\\\/blogdoprosperi.com\\\/?p=49457#primaryimage\"},\"thumbnailUrl\":\"https:\\\/\\\/i0.wp.com\\\/blogdoprosperi.com\\\/wp-content\\\/uploads\\\/2025\\\/04\\\/screenshot_472.jpg?fit=598%2C448&ssl=1\",\"keywords\":[\"Argentina\",\"Brasil\",\"fortaleza\",\"futebol\",\"Libertadores 2025\",\"Luiz Ant\u00f4nio Pr\u00f3speri\",\"racing\",\"recorra 2025\",\"Sele\u00e7\u00e3o Brasileira\",\"t\u00e9cnicos argentinos\",\"vovojda\"],\"articleSection\":[\"futebol\",\"opini\u00e3o\"],\"inLanguage\":\"pt-BR\",\"potentialAction\":[{\"@type\":\"CommentAction\",\"name\":\"Comment\",\"target\":[\"https:\\\/\\\/blogdoprosperi.com\\\/?p=49457#respond\"]}]},{\"@type\":\"WebPage\",\"@id\":\"https:\\\/\\\/blogdoprosperi.com\\\/?p=49457\",\"url\":\"https:\\\/\\\/blogdoprosperi.com\\\/?p=49457\",\"name\":\"Argentina Assume Poder no Futebol Sul-Americano - PR\u00d3SPERI NEWS\",\"isPartOf\":{\"@id\":\"https:\\\/\\\/blogdoprosperi.com\\\/#website\"},\"primaryImageOfPage\":{\"@id\":\"https:\\\/\\\/blogdoprosperi.com\\\/?p=49457#primaryimage\"},\"image\":{\"@id\":\"https:\\\/\\\/blogdoprosperi.com\\\/?p=49457#primaryimage\"},\"thumbnailUrl\":\"https:\\\/\\\/i0.wp.com\\\/blogdoprosperi.com\\\/wp-content\\\/uploads\\\/2025\\\/04\\\/screenshot_472.jpg?fit=598%2C448&ssl=1\",\"datePublished\":\"2025-04-02T03:57:36+00:00\",\"dateModified\":\"2025-04-02T20:04:00+00:00\",\"breadcrumb\":{\"@id\":\"https:\\\/\\\/blogdoprosperi.com\\\/?p=49457#breadcrumb\"},\"inLanguage\":\"pt-BR\",\"potentialAction\":[{\"@type\":\"ReadAction\",\"target\":[\"https:\\\/\\\/blogdoprosperi.com\\\/?p=49457\"]}]},{\"@type\":\"ImageObject\",\"inLanguage\":\"pt-BR\",\"@id\":\"https:\\\/\\\/blogdoprosperi.com\\\/?p=49457#primaryimage\",\"url\":\"https:\\\/\\\/i0.wp.com\\\/blogdoprosperi.com\\\/wp-content\\\/uploads\\\/2025\\\/04\\\/screenshot_472.jpg?fit=598%2C448&ssl=1\",\"contentUrl\":\"https:\\\/\\\/i0.wp.com\\\/blogdoprosperi.com\\\/wp-content\\\/uploads\\\/2025\\\/04\\\/screenshot_472.jpg?fit=598%2C448&ssl=1\",\"width\":598,\"height\":448,\"caption\":\"Racing vence Fortaleza na Libertadores - foto: Conmebol oficial\"},{\"@type\":\"BreadcrumbList\",\"@id\":\"https:\\\/\\\/blogdoprosperi.com\\\/?p=49457#breadcrumb\",\"itemListElement\":[{\"@type\":\"ListItem\",\"position\":1,\"name\":\"In\u00edcio\",\"item\":\"https:\\\/\\\/blogdoprosperi.com\\\/\"},{\"@type\":\"ListItem\",\"position\":2,\"name\":\"Argentina Assume Poder no Futebol Sul-Americano\"}]},{\"@type\":\"WebSite\",\"@id\":\"https:\\\/\\\/blogdoprosperi.com\\\/#website\",\"url\":\"https:\\\/\\\/blogdoprosperi.com\\\/\",\"name\":\"PR\u00d3SPERI NEWS\",\"description\":\"TUDO \u00c9  FUTEBOL\",\"publisher\":{\"@id\":\"https:\\\/\\\/blogdoprosperi.com\\\/#\\\/schema\\\/person\\\/38100755ce3601861ee4fab9b5aa78e9\"},\"alternateName\":\"blogdoprosperi.com\",\"potentialAction\":[{\"@type\":\"SearchAction\",\"target\":{\"@type\":\"EntryPoint\",\"urlTemplate\":\"https:\\\/\\\/blogdoprosperi.com\\\/?s={search_term_string}\"},\"query-input\":{\"@type\":\"PropertyValueSpecification\",\"valueRequired\":true,\"valueName\":\"search_term_string\"}}],\"inLanguage\":\"pt-BR\"},{\"@type\":[\"Person\",\"Organization\"],\"@id\":\"https:\\\/\\\/blogdoprosperi.com\\\/#\\\/schema\\\/person\\\/38100755ce3601861ee4fab9b5aa78e9\",\"name\":\"Luiz Ant\u00f4nio Pr\u00f3speri\",\"pronouns\":\"ele\",\"image\":{\"@type\":\"ImageObject\",\"inLanguage\":\"pt-BR\",\"@id\":\"https:\\\/\\\/i0.wp.com\\\/blogdoprosperi.com\\\/wp-content\\\/uploads\\\/2026\\\/05\\\/cropped-8059e613-6002-42fa-961e-8e275f575d71-2-5.jpg?fit=1360%2C931&ssl=1\",\"url\":\"https:\\\/\\\/i0.wp.com\\\/blogdoprosperi.com\\\/wp-content\\\/uploads\\\/2026\\\/05\\\/cropped-8059e613-6002-42fa-961e-8e275f575d71-2-5.jpg?fit=1360%2C931&ssl=1\",\"contentUrl\":\"https:\\\/\\\/i0.wp.com\\\/blogdoprosperi.com\\\/wp-content\\\/uploads\\\/2026\\\/05\\\/cropped-8059e613-6002-42fa-961e-8e275f575d71-2-5.jpg?fit=1360%2C931&ssl=1\",\"width\":1360,\"height\":931,\"caption\":\"Luiz Ant\u00f4nio Pr\u00f3speri\"},\"logo\":{\"@id\":\"https:\\\/\\\/i0.wp.com\\\/blogdoprosperi.com\\\/wp-content\\\/uploads\\\/2026\\\/05\\\/cropped-8059e613-6002-42fa-961e-8e275f575d71-2-5.jpg?fit=1360%2C931&ssl=1\"},\"description\":\"Jornalista com carreira dedicada ao esporte. Cobriu 9 Copas do Mundo in loco, 1990 na It\u00e1lia, 1994 nos EUA, 1998 na Fran\u00e7a, 2002 na Coreia do Sul e Jap\u00e3o, 2006 na Alemanha, 2010 na \u00c1frica do Sul, 2014 no Brasil, 2018 na R\u00fassia e 2022 no Qatar. Eurocopas, 1992 na Su\u00e9cia e 1996 na Inglaterra. Copa das Confedera\u00e7\u00f5es de 2005 na Alemanha e 2009 na \u00c1frica do Sul. Rep\u00f3rter e Editor, trabalhou no Jornal da Tarde e Estad\u00e3o, de 1984 a fevereiro de 2016. Colunista, blogueiro. E comentarista de futebol na R\u00e1dio Estad\u00e3o, de 2013 a fevereiro de 2016. Jornalista respons\u00e1vel do \\\"Pr\u00f3speri News\\\" (blogdoprosperi.com).\",\"sameAs\":[\"http:\\\/\\\/blogdoprosperi.com\",\"Luiz Pr\u00f3speri\",\"@luiz_prosperi\",\"https:\\\/\\\/x.com\\\/Luizprosperi\",\"@prosperinacopa\",\"luiz.prosperi@icloud.com\"],\"url\":\"https:\\\/\\\/blogdoprosperi.com\\\/?author=102107496\"}]}<\/script>\n<!-- \/ Yoast SEO plugin. -->","yoast_head_json":{"title":"Argentina Assume Poder no Futebol Sul-Americano - PR\u00d3SPERI NEWS","robots":{"index":"index","follow":"follow","max-snippet":"max-snippet:-1","max-image-preview":"max-image-preview:large","max-video-preview":"max-video-preview:-1"},"canonical":"https:\/\/blogdoprosperi.com\/?p=49457","og_locale":"pt_BR","og_type":"article","og_title":"Argentina Assume Poder no Futebol Sul-Americano - PR\u00d3SPERI NEWS","og_description":"Vit\u00f3ria na Libertadores do Racing diante do Fortaleza \u00e9 a s\u00edntese de uma decad\u00eancia do futebol brasileiro e [&hellip;]","og_url":"https:\/\/blogdoprosperi.com\/?p=49457","og_site_name":"PR\u00d3SPERI NEWS","article_publisher":"Luiz Pr\u00f3speri","article_author":"Luiz Pr\u00f3speri","article_published_time":"2025-04-02T03:57:36+00:00","article_modified_time":"2025-04-02T20:04:00+00:00","og_image":[{"width":598,"height":448,"url":"https:\/\/i0.wp.com\/blogdoprosperi.com\/wp-content\/uploads\/2025\/04\/screenshot_472.jpg?fit=598%2C448&ssl=1","type":"image\/jpeg"}],"author":"Luiz Ant\u00f4nio Pr\u00f3speri","twitter_card":"summary_large_image","twitter_creator":"@Luizprosperi","twitter_site":"@Luizprosperi","twitter_misc":{"Escrito por":"Luiz Ant\u00f4nio Pr\u00f3speri","Est. tempo de leitura":"2 minutos"},"schema":{"@context":"https:\/\/schema.org","@graph":[{"@type":"Article","@id":"https:\/\/blogdoprosperi.com\/?p=49457#article","isPartOf":{"@id":"https:\/\/blogdoprosperi.com\/?p=49457"},"author":{"name":"Luiz Ant\u00f4nio Pr\u00f3speri","@id":"https:\/\/blogdoprosperi.com\/#\/schema\/person\/38100755ce3601861ee4fab9b5aa78e9"},"headline":"Argentina Assume Poder no Futebol Sul-Americano","datePublished":"2025-04-02T03:57:36+00:00","dateModified":"2025-04-02T20:04:00+00:00","mainEntityOfPage":{"@id":"https:\/\/blogdoprosperi.com\/?p=49457"},"wordCount":481,"commentCount":1,"publisher":{"@id":"https:\/\/blogdoprosperi.com\/#\/schema\/person\/38100755ce3601861ee4fab9b5aa78e9"},"image":{"@id":"https:\/\/blogdoprosperi.com\/?p=49457#primaryimage"},"thumbnailUrl":"https:\/\/i0.wp.com\/blogdoprosperi.com\/wp-content\/uploads\/2025\/04\/screenshot_472.jpg?fit=598%2C448&ssl=1","keywords":["Argentina","Brasil","fortaleza","futebol","Libertadores 2025","Luiz Ant\u00f4nio Pr\u00f3speri","racing","recorra 2025","Sele\u00e7\u00e3o Brasileira","t\u00e9cnicos argentinos","vovojda"],"articleSection":["futebol","opini\u00e3o"],"inLanguage":"pt-BR","potentialAction":[{"@type":"CommentAction","name":"Comment","target":["https:\/\/blogdoprosperi.com\/?p=49457#respond"]}]},{"@type":"WebPage","@id":"https:\/\/blogdoprosperi.com\/?p=49457","url":"https:\/\/blogdoprosperi.com\/?p=49457","name":"Argentina Assume Poder no Futebol Sul-Americano - PR\u00d3SPERI NEWS","isPartOf":{"@id":"https:\/\/blogdoprosperi.com\/#website"},"primaryImageOfPage":{"@id":"https:\/\/blogdoprosperi.com\/?p=49457#primaryimage"},"image":{"@id":"https:\/\/blogdoprosperi.com\/?p=49457#primaryimage"},"thumbnailUrl":"https:\/\/i0.wp.com\/blogdoprosperi.com\/wp-content\/uploads\/2025\/04\/screenshot_472.jpg?fit=598%2C448&ssl=1","datePublished":"2025-04-02T03:57:36+00:00","dateModified":"2025-04-02T20:04:00+00:00","breadcrumb":{"@id":"https:\/\/blogdoprosperi.com\/?p=49457#breadcrumb"},"inLanguage":"pt-BR","potentialAction":[{"@type":"ReadAction","target":["https:\/\/blogdoprosperi.com\/?p=49457"]}]},{"@type":"ImageObject","inLanguage":"pt-BR","@id":"https:\/\/blogdoprosperi.com\/?p=49457#primaryimage","url":"https:\/\/i0.wp.com\/blogdoprosperi.com\/wp-content\/uploads\/2025\/04\/screenshot_472.jpg?fit=598%2C448&ssl=1","contentUrl":"https:\/\/i0.wp.com\/blogdoprosperi.com\/wp-content\/uploads\/2025\/04\/screenshot_472.jpg?fit=598%2C448&ssl=1","width":598,"height":448,"caption":"Racing vence Fortaleza na Libertadores - foto: Conmebol oficial"},{"@type":"BreadcrumbList","@id":"https:\/\/blogdoprosperi.com\/?p=49457#breadcrumb","itemListElement":[{"@type":"ListItem","position":1,"name":"In\u00edcio","item":"https:\/\/blogdoprosperi.com\/"},{"@type":"ListItem","position":2,"name":"Argentina Assume Poder no Futebol Sul-Americano"}]},{"@type":"WebSite","@id":"https:\/\/blogdoprosperi.com\/#website","url":"https:\/\/blogdoprosperi.com\/","name":"PR\u00d3SPERI NEWS","description":"TUDO \u00c9  FUTEBOL","publisher":{"@id":"https:\/\/blogdoprosperi.com\/#\/schema\/person\/38100755ce3601861ee4fab9b5aa78e9"},"alternateName":"blogdoprosperi.com","potentialAction":[{"@type":"SearchAction","target":{"@type":"EntryPoint","urlTemplate":"https:\/\/blogdoprosperi.com\/?s={search_term_string}"},"query-input":{"@type":"PropertyValueSpecification","valueRequired":true,"valueName":"search_term_string"}}],"inLanguage":"pt-BR"},{"@type":["Person","Organization"],"@id":"https:\/\/blogdoprosperi.com\/#\/schema\/person\/38100755ce3601861ee4fab9b5aa78e9","name":"Luiz Ant\u00f4nio Pr\u00f3speri","pronouns":"ele","image":{"@type":"ImageObject","inLanguage":"pt-BR","@id":"https:\/\/i0.wp.com\/blogdoprosperi.com\/wp-content\/uploads\/2026\/05\/cropped-8059e613-6002-42fa-961e-8e275f575d71-2-5.jpg?fit=1360%2C931&ssl=1","url":"https:\/\/i0.wp.com\/blogdoprosperi.com\/wp-content\/uploads\/2026\/05\/cropped-8059e613-6002-42fa-961e-8e275f575d71-2-5.jpg?fit=1360%2C931&ssl=1","contentUrl":"https:\/\/i0.wp.com\/blogdoprosperi.com\/wp-content\/uploads\/2026\/05\/cropped-8059e613-6002-42fa-961e-8e275f575d71-2-5.jpg?fit=1360%2C931&ssl=1","width":1360,"height":931,"caption":"Luiz Ant\u00f4nio Pr\u00f3speri"},"logo":{"@id":"https:\/\/i0.wp.com\/blogdoprosperi.com\/wp-content\/uploads\/2026\/05\/cropped-8059e613-6002-42fa-961e-8e275f575d71-2-5.jpg?fit=1360%2C931&ssl=1"},"description":"Jornalista com carreira dedicada ao esporte. Cobriu 9 Copas do Mundo in loco, 1990 na It\u00e1lia, 1994 nos EUA, 1998 na Fran\u00e7a, 2002 na Coreia do Sul e Jap\u00e3o, 2006 na Alemanha, 2010 na \u00c1frica do Sul, 2014 no Brasil, 2018 na R\u00fassia e 2022 no Qatar. Eurocopas, 1992 na Su\u00e9cia e 1996 na Inglaterra. Copa das Confedera\u00e7\u00f5es de 2005 na Alemanha e 2009 na \u00c1frica do Sul. Rep\u00f3rter e Editor, trabalhou no Jornal da Tarde e Estad\u00e3o, de 1984 a fevereiro de 2016. Colunista, blogueiro. E comentarista de futebol na R\u00e1dio Estad\u00e3o, de 2013 a fevereiro de 2016. Jornalista respons\u00e1vel do \"Pr\u00f3speri News\" (blogdoprosperi.com).","sameAs":["http:\/\/blogdoprosperi.com","Luiz Pr\u00f3speri","@luiz_prosperi","https:\/\/x.com\/Luizprosperi","@prosperinacopa","luiz.prosperi@icloud.com"],"url":"https:\/\/blogdoprosperi.com\/?author=102107496"}]}},"jetpack_publicize_connections":[],"jetpack_likes_enabled":false,"jetpack_sharing_enabled":true,"jetpack_shortlink":"https:\/\/wp.me\/p7jvdk-cRH","jetpack-related-posts":[{"id":48977,"url":"https:\/\/blogdoprosperi.com\/?p=48977","url_meta":{"origin":49457,"position":0},"title":"Libertadores Sorteio |Grupos Acess\u00edveis e Perspectivas dos Times Brasileiros","author":"Luiz Ant\u00f4nio Pr\u00f3speri","date":"17 de mar\u00e7o de 2025","format":false,"excerpt":"Luiz Antonio Pr\u00f3speri \u2013 17 mar\u00e7o (22h05) \u2013 Libertadores 2025 conhece os oito grupos no sorteio nesta noite de segunda-feira (17\/3) em Assun\u00e7\u00e3o. Divididos em quatro potes, o giro das bolinhas definiu o destino dos clubes. Brasil tem sete representantes. Botafogo, Palmeiras, S\u00e3o Paulo, Fortaleza e Flamengo caem em grupos\u2026","rel":"","context":"Em &quot;futebol&quot;","block_context":{"text":"futebol","link":"https:\/\/blogdoprosperi.com\/?cat=53870"},"img":{"alt_text":"Libertadores 2026","src":"https:\/\/i0.wp.com\/blogdoprosperi.com\/wp-content\/uploads\/2023\/03\/fsrk8i2waaabn_f.jpeg?fit=678%2C452&ssl=1&resize=350%2C200","width":350,"height":200,"srcset":"https:\/\/i0.wp.com\/blogdoprosperi.com\/wp-content\/uploads\/2023\/03\/fsrk8i2waaabn_f.jpeg?fit=678%2C452&ssl=1&resize=350%2C200 1x, https:\/\/i0.wp.com\/blogdoprosperi.com\/wp-content\/uploads\/2023\/03\/fsrk8i2waaabn_f.jpeg?fit=678%2C452&ssl=1&resize=525%2C300 1.5x"},"classes":[]},{"id":44770,"url":"https:\/\/blogdoprosperi.com\/?p=44770","url_meta":{"origin":49457,"position":1},"title":"Libertadores 2024: Futebol Carioca Mostra For\u00e7a com Flamengo, Botafogo e Fluminense Classificados","author":"Luiz Ant\u00f4nio Pr\u00f3speri","date":"23 de agosto de 2024","format":false,"excerpt":"Luiz Ant\u00f4nio Pr\u00f3speri \u2013 23 agosto (00h42) Libertadores 2024 conhece os oito classificados \u00e0s quartas de final. Dos cinco brasileiros que avan\u00e7am, futebol carioca ter\u00e1 tr\u00eas representantes (Flamengo, Botafogo e Fluminense). Primeira vez na hist\u00f3ria da Libertadores que uma cidade, no caso Rio de Janeiro, tem tr\u00eas clubes na fase\u2026","rel":"","context":"Em &quot;futebol&quot;","block_context":{"text":"futebol","link":"https:\/\/blogdoprosperi.com\/?cat=53870"},"img":{"alt_text":"Botafogo lidera janela de transfer\u00eancia Brasileir\u00e3o","src":"https:\/\/i0.wp.com\/blogdoprosperi.com\/wp-content\/uploads\/2024\/08\/53939474383_d4131fa0d5_k.jpg?fit=1200%2C800&ssl=1&resize=350%2C200","width":350,"height":200,"srcset":"https:\/\/i0.wp.com\/blogdoprosperi.com\/wp-content\/uploads\/2024\/08\/53939474383_d4131fa0d5_k.jpg?fit=1200%2C800&ssl=1&resize=350%2C200 1x, https:\/\/i0.wp.com\/blogdoprosperi.com\/wp-content\/uploads\/2024\/08\/53939474383_d4131fa0d5_k.jpg?fit=1200%2C800&ssl=1&resize=525%2C300 1.5x, https:\/\/i0.wp.com\/blogdoprosperi.com\/wp-content\/uploads\/2024\/08\/53939474383_d4131fa0d5_k.jpg?fit=1200%2C800&ssl=1&resize=700%2C400 2x, https:\/\/i0.wp.com\/blogdoprosperi.com\/wp-content\/uploads\/2024\/08\/53939474383_d4131fa0d5_k.jpg?fit=1200%2C800&ssl=1&resize=1050%2C600 3x"},"classes":[]},{"id":50568,"url":"https:\/\/blogdoprosperi.com\/?p=50568","url_meta":{"origin":49457,"position":2},"title":"Libertadores Sorteio | An\u00e1lise: Palmeiras e S\u00e3o Paulo T\u00eam Caminho Mais Complicado at\u00e9 a Final","author":"Luiz Ant\u00f4nio Pr\u00f3speri","date":"2 de junho de 2025","format":false,"excerpt":"Luiz Ant\u00f4nio Pr\u00f3speri \u2013 2 junho (13h11) \u2013 Palmeiras e S\u00e3o Paulo entram no lado mais complicado das oitavas de final da Libertadores 2025. No caso de avan\u00e7arem \u00e0s quartas, poder\u00e3o enfrentar River Plate e Botafogo, respectivamente. Do outro lado da chave, Internacional e Flamengo t\u00eam confronto direto e, bem\u2026","rel":"","context":"Em &quot;futebol&quot;","block_context":{"text":"futebol","link":"https:\/\/blogdoprosperi.com\/?cat=53870"},"img":{"alt_text":"Libertadores 2026","src":"https:\/\/i0.wp.com\/blogdoprosperi.com\/wp-content\/uploads\/2023\/03\/fsrk8i2waaabn_f.jpeg?fit=678%2C452&ssl=1&resize=350%2C200","width":350,"height":200,"srcset":"https:\/\/i0.wp.com\/blogdoprosperi.com\/wp-content\/uploads\/2023\/03\/fsrk8i2waaabn_f.jpeg?fit=678%2C452&ssl=1&resize=350%2C200 1x, https:\/\/i0.wp.com\/blogdoprosperi.com\/wp-content\/uploads\/2023\/03\/fsrk8i2waaabn_f.jpeg?fit=678%2C452&ssl=1&resize=525%2C300 1.5x"},"classes":[]},{"id":55143,"url":"https:\/\/blogdoprosperi.com\/?p=55143","url_meta":{"origin":49457,"position":3},"title":"Libertadores Semifinais | Casares Culpado na Queda do S\u00e3o Paulo, Sol Brilha no Palmeiras e Filipe Luis Ado\u00e7a o Flamengo","author":"Luiz Ant\u00f4nio Pr\u00f3speri","date":"26 de setembro de 2025","format":false,"excerpt":"Luiz Ant\u00f4nio Pr\u00f3speri \u2013 26 setembro 2025 (14h55) \u2013 \"Ei, Casares, vai ...\" S\u00e3o Paulo eliminado na Libertadores 2025. A torcida, pouco mais de 54 mil pagantes nas arquibancadas do Morumbi, aponta o dedo ao presidente Julio Casares: culpado. Acabava de arruinar a temporada do Tricolor, o ex-Soberano, ao cair\u2026","rel":"","context":"Em &quot;futebol&quot;","block_context":{"text":"futebol","link":"https:\/\/blogdoprosperi.com\/?cat=53870"},"img":{"alt_text":"Flamengo est\u00e1 nas semifinais da Libertadores","src":"https:\/\/i0.wp.com\/blogdoprosperi.com\/wp-content\/uploads\/2025\/09\/54812576803_d2ea8bb1ac_c.jpg?fit=799%2C533&ssl=1&resize=350%2C200","width":350,"height":200,"srcset":"https:\/\/i0.wp.com\/blogdoprosperi.com\/wp-content\/uploads\/2025\/09\/54812576803_d2ea8bb1ac_c.jpg?fit=799%2C533&ssl=1&resize=350%2C200 1x, https:\/\/i0.wp.com\/blogdoprosperi.com\/wp-content\/uploads\/2025\/09\/54812576803_d2ea8bb1ac_c.jpg?fit=799%2C533&ssl=1&resize=525%2C300 1.5x, https:\/\/i0.wp.com\/blogdoprosperi.com\/wp-content\/uploads\/2025\/09\/54812576803_d2ea8bb1ac_c.jpg?fit=799%2C533&ssl=1&resize=700%2C400 2x"},"classes":[]},{"id":49530,"url":"https:\/\/blogdoprosperi.com\/?p=49530","url_meta":{"origin":49457,"position":4},"title":"Libertadores | Favoritos Palmeiras e Flamengo, Sem Brilho, Vencem na Estreia","author":"Luiz Ant\u00f4nio Pr\u00f3speri","date":"3 de abril de 2025","format":false,"excerpt":"Luiz Ant\u00f4nio Pr\u00f3speri \u2013 3 abril (23h25) \u2013 Corrida em busca da gl\u00f3ria eterna da Libertadores n\u00e3o come\u00e7a t\u00e3o firme aos clubes brasileiros. Derrotas surpreendentes e vit\u00f3rias sem folga no placar. Ainda estamos aqui vivendo a ressaca e estragos dos campeonatos estaduais encerrados h\u00e1 pouco e do in\u00edcio do Brasileir\u00e3o.\u2026","rel":"","context":"Em &quot;futebol&quot;","block_context":{"text":"futebol","link":"https:\/\/blogdoprosperi.com\/?cat=53870"},"img":{"alt_text":"Palmeiras vence Sporting Cristal na Libertadores","src":"https:\/\/i0.wp.com\/blogdoprosperi.com\/wp-content\/uploads\/2025\/04\/54429348774_3a4fb37de1_c.jpg?fit=800%2C481&ssl=1&resize=350%2C200","width":350,"height":200,"srcset":"https:\/\/i0.wp.com\/blogdoprosperi.com\/wp-content\/uploads\/2025\/04\/54429348774_3a4fb37de1_c.jpg?fit=800%2C481&ssl=1&resize=350%2C200 1x, https:\/\/i0.wp.com\/blogdoprosperi.com\/wp-content\/uploads\/2025\/04\/54429348774_3a4fb37de1_c.jpg?fit=800%2C481&ssl=1&resize=525%2C300 1.5x, https:\/\/i0.wp.com\/blogdoprosperi.com\/wp-content\/uploads\/2025\/04\/54429348774_3a4fb37de1_c.jpg?fit=800%2C481&ssl=1&resize=700%2C400 2x"},"classes":[]},{"id":6094,"url":"https:\/\/blogdoprosperi.com\/?p=6094","url_meta":{"origin":49457,"position":5},"title":"Futebol brasileiro aos p\u00e9s de argentinos na Libertadores","author":"Luiz Ant\u00f4nio Pr\u00f3speri","date":"18 de maio de 2016","format":false,"excerpt":"Lucas Pratto e Calleri, argentinos, s\u00e3o apontados como refer\u00eancia de Atl\u00e9tico-MG e S\u00e3o Paulo na decis\u00e3o desta quarta-feira, valendo vaga na semifinal da Copa Libertadores. No banco, comandando os dois times, est\u00e3o o uruguaio Diego Aguirre e Edgardo Bauza, da Argentina. O \u00e1rbitro \u00e9 Andres Cunha, do Uruguai. \u00c9 um\u2026","rel":"","context":"Em &quot;futebol&quot;","block_context":{"text":"futebol","link":"https:\/\/blogdoprosperi.com\/?cat=53870"},"img":{"alt_text":"","src":"https:\/\/i0.wp.com\/blogdoprosperi.com\/wp-content\/uploads\/2016\/05\/20160513133634194582o.jpg?resize=350%2C200&ssl=1","width":350,"height":200,"srcset":"https:\/\/i0.wp.com\/blogdoprosperi.com\/wp-content\/uploads\/2016\/05\/20160513133634194582o.jpg?resize=350%2C200&ssl=1 1x, https:\/\/i0.wp.com\/blogdoprosperi.com\/wp-content\/uploads\/2016\/05\/20160513133634194582o.jpg?resize=525%2C300&ssl=1 1.5x, https:\/\/i0.wp.com\/blogdoprosperi.com\/wp-content\/uploads\/2016\/05\/20160513133634194582o.jpg?resize=700%2C400&ssl=1 2x"},"classes":[]}],"jetpack_featured_media_url":"https:\/\/i0.wp.com\/blogdoprosperi.com\/wp-content\/uploads\/2025\/04\/screenshot_472.jpg?fit=598%2C448&ssl=1","_links":{"self":[{"href":"https:\/\/blogdoprosperi.com\/index.php?rest_route=\/wp\/v2\/posts\/49457","targetHints":{"allow":["GET"]}}],"collection":[{"href":"https:\/\/blogdoprosperi.com\/index.php?rest_route=\/wp\/v2\/posts"}],"about":[{"href":"https:\/\/blogdoprosperi.com\/index.php?rest_route=\/wp\/v2\/types\/post"}],"author":[{"embeddable":true,"href":"https:\/\/blogdoprosperi.com\/index.php?rest_route=\/wp\/v2\/users\/102107496"}],"replies":[{"embeddable":true,"href":"https:\/\/blogdoprosperi.com\/index.php?rest_route=%2Fwp%2Fv2%2Fcomments&post=49457"}],"version-history":[{"count":13,"href":"https:\/\/blogdoprosperi.com\/index.php?rest_route=\/wp\/v2\/posts\/49457\/revisions"}],"predecessor-version":[{"id":49480,"href":"https:\/\/blogdoprosperi.com\/index.php?rest_route=\/wp\/v2\/posts\/49457\/revisions\/49480"}],"wp:featuredmedia":[{"embeddable":true,"href":"https:\/\/blogdoprosperi.com\/index.php?rest_route=\/wp\/v2\/media\/49464"}],"wp:attachment":[{"href":"https:\/\/blogdoprosperi.com\/index.php?rest_route=%2Fwp%2Fv2%2Fmedia&parent=49457"}],"wp:term":[{"taxonomy":"category","embeddable":true,"href":"https:\/\/blogdoprosperi.com\/index.php?rest_route=%2Fwp%2Fv2%2Fcategories&post=49457"},{"taxonomy":"post_tag","embeddable":true,"href":"https:\/\/blogdoprosperi.com\/index.php?rest_route=%2Fwp%2Fv2%2Ftags&post=49457"}],"curies":[{"name":"wp","href":"https:\/\/api.w.org\/{rel}","templated":true}]}}