{"id":49500,"date":"2025-04-03T11:48:19","date_gmt":"2025-04-03T14:48:19","guid":{"rendered":"https:\/\/blogdoprosperi.com\/?p=49500"},"modified":"2025-04-03T11:57:52","modified_gmt":"2025-04-03T14:57:52","slug":"corinthians-cai-na-vala-comum","status":"publish","type":"post","link":"https:\/\/blogdoprosperi.com\/?p=49500","title":{"rendered":"Corinthians Cai na Vala Comum"},"content":{"rendered":"<p><em>Luiz Ant\u00f4nio Pr\u00f3speri \u2013 3 abril (11h41) \u2013<\/em><\/p>\n<p>Corinthians n\u00e3o tem tempo para respirar. Uma semana ap\u00f3s celebrar conquista do Paulist\u00e3o, cai na vala comum dos que n\u00e3o sobrevivem em torneios internacionais \u2013 h\u00e1 menos de um m\u00eas era eliminado em casa na fase pr\u00e9 da Libertadores. A derrota (2 a 1) diante do modesto Hurac\u00e1n, da Argentina, quarta-feira (02\/4), na estreia na Copa Sul-Americana, diz tudo.<\/p>\n<p>Ao se ver privado de contar com sua Fiel na plenitude e sem meios de praticar o anti-jogo adotado contra o Palmeiras na final do Paulist\u00e3o, sucumbe na pobreza de seu futebol e decis\u00f5es equivocadas de sua comiss\u00e3o t\u00e9cnica.<\/p>\n<p>O enredo dessa derrota come\u00e7a com a puni\u00e7\u00e3o \u00e0s torcidas organizadas do Corinthians. Por recomenda\u00e7\u00e3o do Minist\u00e9rio P\u00fablico de S\u00e3o Paulo, a Federa\u00e7\u00e3o Paulista veta a presen\u00e7a das fac\u00e7\u00f5es corintianas em est\u00e1dios de S\u00e3o Paulo at\u00e9 dezembro 2025.<\/p>\n<p>Puni\u00e7\u00e3o tem como base o uso de sinalizadores nas arquibancadas, roj\u00f5es atirados no campo de jogo na final do Paulist\u00e3o. E uma s\u00e9rie de movimentos que paralisaram aquela partida.<\/p>\n<p>Enfim, um basta ao que se convenciona bradar que na Neo Qu\u00edmica Arena tudo pode. Desde fogos de artif\u00edcio em dire\u00e7\u00e3o aos jogadores, cabe\u00e7a de porco atirada no gramado e outras manifesta\u00e7\u00f5es fora da conduta normal no futebol.<\/p>\n<p>Sem o poder de press\u00e3o da Fiel, Corinthians amolece. Bom alertar que os torcedores organizados \u00a0estavam no est\u00e1dio, mas sem bandeiras, signos de identifica\u00e7\u00e3o e sem a\u00e7\u00e3o.<\/p>\n<p><strong>INDIGNIDADE<\/strong><\/p>\n<p>Outro aspecto a ser levar em considera\u00e7\u00e3o na derrota diante do Hurac\u00e1n \u00e9 o constrangimento dos jogadores em praticar o anti-jogo, no modelo adotado contra o Palmeiras.<\/p>\n<p>Acompanhe a declara\u00e7\u00e3o do volante Raniele:<\/p>\n<div class=\"jetpack-video-wrapper\"><span class=\"embed-youtube\" style=\"text-align:center; display: block;\"><iframe loading=\"lazy\" class=\"youtube-player\" width=\"560\" height=\"315\" src=\"https:\/\/www.youtube.com\/embed\/nua7cc4cT8g?version=3&#038;rel=1&#038;showsearch=0&#038;showinfo=1&#038;iv_load_policy=1&#038;fs=1&#038;hl=pt-BR&#038;autohide=2&#038;wmode=transparent\" allowfullscreen=\"true\" style=\"border:0;\" sandbox=\"allow-scripts allow-same-origin allow-popups allow-presentation allow-popups-to-escape-sandbox\"><\/iframe><\/span><\/div>\n<p>Contra o Palmeiras, em 112 minutos de jogo concedido pelo \u00e1rbitro, a bola rolou em apenas 48 minutos. Uma indignidade pouco alardeada por boa parte da m\u00eddia esportiva e influencers nas redes sociais. A normaliza\u00e7\u00e3o do anti-jogo.<\/p>\n<p>Se esse \u00e9 o futebol que o Corinthians pretende adotar para ser campe\u00e3o, parab\u00e9ns.<\/p>\n","protected":false},"excerpt":{"rendered":"<p>Luiz Ant\u00f4nio Pr\u00f3speri \u2013 3 abril (11h41) \u2013 Corinthians n\u00e3o tem tempo para respirar. Uma semana ap\u00f3s celebrar [&hellip;]<\/p>\n","protected":false},"author":102107496,"featured_media":49507,"comment_status":"open","ping_status":"open","sticky":false,"template":"","format":"standard","meta":{"_coblocks_attr":"","_coblocks_dimensions":"","_coblocks_responsive_height":"","_coblocks_accordion_ie_support":"","_jetpack_newsletter_access":"","_jetpack_dont_email_post_to_subs":false,"_jetpack_newsletter_tier_id":0,"_jetpack_memberships_contains_paywalled_content":false,"_wpcom_ai_launchpad_first_post":false,"_jetpack_feature_clip_id":0,"_jetpack_memberships_contains_paid_content":false,"footnotes":"","jetpack_publicize_message":"","jetpack_publicize_feature_enabled":true,"jetpack_social_post_already_shared":false,"jetpack_social_options":{"image_generator_settings":{"template":"highway","default_image_id":0,"font":"","enabled":false},"version":2},"jetpack_post_was_ever_published":false},"categories":[53870,3919],"tags":[177066,779453785,558082095,789560560,789560573,704492982,78666267,524506],"class_list":["post-49500","post","type-post","status-publish","format-standard","has-post-thumbnail","hentry","category-futebol","category-opiniao","tag-corinthians","tag-corinthians-1-x-2-huracan","tag-corinthians-copa-sul-americana","tag-futebol","tag-luiz-antonio-prosperi","tag-neo-quimica-arena","tag-raniele","tag-torcidas-organizadas"],"yoast_head":"<!-- This site is optimized with the Yoast SEO plugin v28.4 - https:\/\/yoast.com\/product\/yoast-seo-wordpress\/ -->\n<title>Corinthians Cai na Vala Comum - PR\u00d3SPERI NEWS<\/title>\n<meta name=\"robots\" content=\"index, follow, max-snippet:-1, max-image-preview:large, max-video-preview:-1\" \/>\n<link rel=\"canonical\" href=\"https:\/\/blogdoprosperi.com\/?p=49500\" \/>\n<meta property=\"og:locale\" content=\"pt_BR\" \/>\n<meta property=\"og:type\" content=\"article\" \/>\n<meta property=\"og:title\" content=\"Corinthians Cai na Vala Comum - PR\u00d3SPERI NEWS\" \/>\n<meta property=\"og:description\" content=\"Luiz Ant\u00f4nio Pr\u00f3speri \u2013 3 abril (11h41) \u2013 Corinthians n\u00e3o tem tempo para respirar. Uma semana ap\u00f3s celebrar [&hellip;]\" \/>\n<meta property=\"og:url\" content=\"https:\/\/blogdoprosperi.com\/?p=49500\" \/>\n<meta property=\"og:site_name\" content=\"PR\u00d3SPERI NEWS\" \/>\n<meta property=\"article:publisher\" content=\"Luiz Pr\u00f3speri\" \/>\n<meta property=\"article:author\" content=\"Luiz Pr\u00f3speri\" \/>\n<meta property=\"article:published_time\" content=\"2025-04-03T14:48:19+00:00\" \/>\n<meta property=\"article:modified_time\" content=\"2025-04-03T14:57:52+00:00\" \/>\n<meta property=\"og:image\" content=\"https:\/\/i0.wp.com\/blogdoprosperi.com\/wp-content\/uploads\/2025\/04\/gnkchl1wqaaxchi.jpeg?fit=1024%2C683&ssl=1\" \/>\n\t<meta property=\"og:image:width\" content=\"1024\" \/>\n\t<meta property=\"og:image:height\" content=\"683\" \/>\n\t<meta property=\"og:image:type\" content=\"image\/jpeg\" \/>\n<meta name=\"author\" content=\"Luiz Ant\u00f4nio Pr\u00f3speri\" \/>\n<meta name=\"twitter:card\" content=\"summary_large_image\" \/>\n<meta name=\"twitter:creator\" content=\"@Luizprosperi\" \/>\n<meta name=\"twitter:site\" content=\"@Luizprosperi\" \/>\n<meta name=\"twitter:label1\" content=\"Escrito por\" \/>\n\t<meta name=\"twitter:data1\" content=\"Luiz Ant\u00f4nio Pr\u00f3speri\" \/>\n\t<meta name=\"twitter:label2\" content=\"Est. tempo de leitura\" \/>\n\t<meta name=\"twitter:data2\" content=\"2 minutos\" \/>\n<script type=\"application\/ld+json\" class=\"yoast-schema-graph\">{\"@context\":\"https:\\\/\\\/schema.org\",\"@graph\":[{\"@type\":\"Article\",\"@id\":\"https:\\\/\\\/blogdoprosperi.com\\\/?p=49500#article\",\"isPartOf\":{\"@id\":\"https:\\\/\\\/blogdoprosperi.com\\\/?p=49500\"},\"author\":{\"name\":\"Luiz Ant\u00f4nio Pr\u00f3speri\",\"@id\":\"https:\\\/\\\/blogdoprosperi.com\\\/#\\\/schema\\\/person\\\/38100755ce3601861ee4fab9b5aa78e9\"},\"headline\":\"Corinthians Cai na Vala Comum\",\"datePublished\":\"2025-04-03T14:48:19+00:00\",\"dateModified\":\"2025-04-03T14:57:52+00:00\",\"mainEntityOfPage\":{\"@id\":\"https:\\\/\\\/blogdoprosperi.com\\\/?p=49500\"},\"wordCount\":376,\"commentCount\":0,\"publisher\":{\"@id\":\"https:\\\/\\\/blogdoprosperi.com\\\/#\\\/schema\\\/person\\\/38100755ce3601861ee4fab9b5aa78e9\"},\"image\":{\"@id\":\"https:\\\/\\\/blogdoprosperi.com\\\/?p=49500#primaryimage\"},\"thumbnailUrl\":\"https:\\\/\\\/i0.wp.com\\\/blogdoprosperi.com\\\/wp-content\\\/uploads\\\/2025\\\/04\\\/gnkchl1wqaaxchi.jpeg?fit=1024%2C683&ssl=1\",\"keywords\":[\"Corinthians\",\"corinthians 1 x 2 huracan\",\"Corinthians copa sul-americana\",\"futebol\",\"Luiz Ant\u00f4nio Pr\u00f3speri\",\"neo qu\u00edmica arena\",\"raniele\",\"torcidas organizadas\"],\"articleSection\":[\"futebol\",\"opini\u00e3o\"],\"inLanguage\":\"pt-BR\",\"potentialAction\":[{\"@type\":\"CommentAction\",\"name\":\"Comment\",\"target\":[\"https:\\\/\\\/blogdoprosperi.com\\\/?p=49500#respond\"]}]},{\"@type\":\"WebPage\",\"@id\":\"https:\\\/\\\/blogdoprosperi.com\\\/?p=49500\",\"url\":\"https:\\\/\\\/blogdoprosperi.com\\\/?p=49500\",\"name\":\"Corinthians Cai na Vala Comum - PR\u00d3SPERI NEWS\",\"isPartOf\":{\"@id\":\"https:\\\/\\\/blogdoprosperi.com\\\/#website\"},\"primaryImageOfPage\":{\"@id\":\"https:\\\/\\\/blogdoprosperi.com\\\/?p=49500#primaryimage\"},\"image\":{\"@id\":\"https:\\\/\\\/blogdoprosperi.com\\\/?p=49500#primaryimage\"},\"thumbnailUrl\":\"https:\\\/\\\/i0.wp.com\\\/blogdoprosperi.com\\\/wp-content\\\/uploads\\\/2025\\\/04\\\/gnkchl1wqaaxchi.jpeg?fit=1024%2C683&ssl=1\",\"datePublished\":\"2025-04-03T14:48:19+00:00\",\"dateModified\":\"2025-04-03T14:57:52+00:00\",\"breadcrumb\":{\"@id\":\"https:\\\/\\\/blogdoprosperi.com\\\/?p=49500#breadcrumb\"},\"inLanguage\":\"pt-BR\",\"potentialAction\":[{\"@type\":\"ReadAction\",\"target\":[\"https:\\\/\\\/blogdoprosperi.com\\\/?p=49500\"]}]},{\"@type\":\"ImageObject\",\"inLanguage\":\"pt-BR\",\"@id\":\"https:\\\/\\\/blogdoprosperi.com\\\/?p=49500#primaryimage\",\"url\":\"https:\\\/\\\/i0.wp.com\\\/blogdoprosperi.com\\\/wp-content\\\/uploads\\\/2025\\\/04\\\/gnkchl1wqaaxchi.jpeg?fit=1024%2C683&ssl=1\",\"contentUrl\":\"https:\\\/\\\/i0.wp.com\\\/blogdoprosperi.com\\\/wp-content\\\/uploads\\\/2025\\\/04\\\/gnkchl1wqaaxchi.jpeg?fit=1024%2C683&ssl=1\",\"width\":1024,\"height\":683,\"caption\":\"Serquera celebra gol do Hurac\u00e1n no Corinthians \u2013 foto: Twitter Conmebol\"},{\"@type\":\"BreadcrumbList\",\"@id\":\"https:\\\/\\\/blogdoprosperi.com\\\/?p=49500#breadcrumb\",\"itemListElement\":[{\"@type\":\"ListItem\",\"position\":1,\"name\":\"In\u00edcio\",\"item\":\"https:\\\/\\\/blogdoprosperi.com\\\/\"},{\"@type\":\"ListItem\",\"position\":2,\"name\":\"Corinthians Cai na Vala Comum\"}]},{\"@type\":\"WebSite\",\"@id\":\"https:\\\/\\\/blogdoprosperi.com\\\/#website\",\"url\":\"https:\\\/\\\/blogdoprosperi.com\\\/\",\"name\":\"PR\u00d3SPERI NEWS\",\"description\":\"TUDO \u00c9  FUTEBOL\",\"publisher\":{\"@id\":\"https:\\\/\\\/blogdoprosperi.com\\\/#\\\/schema\\\/person\\\/38100755ce3601861ee4fab9b5aa78e9\"},\"alternateName\":\"blogdoprosperi.com\",\"potentialAction\":[{\"@type\":\"SearchAction\",\"target\":{\"@type\":\"EntryPoint\",\"urlTemplate\":\"https:\\\/\\\/blogdoprosperi.com\\\/?s={search_term_string}\"},\"query-input\":{\"@type\":\"PropertyValueSpecification\",\"valueRequired\":true,\"valueName\":\"search_term_string\"}}],\"inLanguage\":\"pt-BR\"},{\"@type\":[\"Person\",\"Organization\"],\"@id\":\"https:\\\/\\\/blogdoprosperi.com\\\/#\\\/schema\\\/person\\\/38100755ce3601861ee4fab9b5aa78e9\",\"name\":\"Luiz Ant\u00f4nio Pr\u00f3speri\",\"pronouns\":\"ele\",\"image\":{\"@type\":\"ImageObject\",\"inLanguage\":\"pt-BR\",\"@id\":\"https:\\\/\\\/i0.wp.com\\\/blogdoprosperi.com\\\/wp-content\\\/uploads\\\/2026\\\/05\\\/cropped-8059e613-6002-42fa-961e-8e275f575d71-2-5.jpg?fit=1360%2C931&ssl=1\",\"url\":\"https:\\\/\\\/i0.wp.com\\\/blogdoprosperi.com\\\/wp-content\\\/uploads\\\/2026\\\/05\\\/cropped-8059e613-6002-42fa-961e-8e275f575d71-2-5.jpg?fit=1360%2C931&ssl=1\",\"contentUrl\":\"https:\\\/\\\/i0.wp.com\\\/blogdoprosperi.com\\\/wp-content\\\/uploads\\\/2026\\\/05\\\/cropped-8059e613-6002-42fa-961e-8e275f575d71-2-5.jpg?fit=1360%2C931&ssl=1\",\"width\":1360,\"height\":931,\"caption\":\"Luiz Ant\u00f4nio Pr\u00f3speri\"},\"logo\":{\"@id\":\"https:\\\/\\\/i0.wp.com\\\/blogdoprosperi.com\\\/wp-content\\\/uploads\\\/2026\\\/05\\\/cropped-8059e613-6002-42fa-961e-8e275f575d71-2-5.jpg?fit=1360%2C931&ssl=1\"},\"description\":\"Jornalista com carreira dedicada ao esporte. Cobriu 9 Copas do Mundo in loco, 1990 na It\u00e1lia, 1994 nos EUA, 1998 na Fran\u00e7a, 2002 na Coreia do Sul e Jap\u00e3o, 2006 na Alemanha, 2010 na \u00c1frica do Sul, 2014 no Brasil, 2018 na R\u00fassia e 2022 no Qatar. Eurocopas, 1992 na Su\u00e9cia e 1996 na Inglaterra. Copa das Confedera\u00e7\u00f5es de 2005 na Alemanha e 2009 na \u00c1frica do Sul. Rep\u00f3rter e Editor, trabalhou no Jornal da Tarde e Estad\u00e3o, de 1984 a fevereiro de 2016. Colunista, blogueiro. E comentarista de futebol na R\u00e1dio Estad\u00e3o, de 2013 a fevereiro de 2016. Jornalista respons\u00e1vel do \\\"Pr\u00f3speri News\\\" (blogdoprosperi.com).\",\"sameAs\":[\"http:\\\/\\\/blogdoprosperi.com\",\"Luiz Pr\u00f3speri\",\"@luiz_prosperi\",\"https:\\\/\\\/x.com\\\/Luizprosperi\",\"@prosperinacopa\",\"luiz.prosperi@icloud.com\"],\"url\":\"https:\\\/\\\/blogdoprosperi.com\\\/?author=102107496\"}]}<\/script>\n<!-- \/ Yoast SEO plugin. -->","yoast_head_json":{"title":"Corinthians Cai na Vala Comum - PR\u00d3SPERI NEWS","robots":{"index":"index","follow":"follow","max-snippet":"max-snippet:-1","max-image-preview":"max-image-preview:large","max-video-preview":"max-video-preview:-1"},"canonical":"https:\/\/blogdoprosperi.com\/?p=49500","og_locale":"pt_BR","og_type":"article","og_title":"Corinthians Cai na Vala Comum - PR\u00d3SPERI NEWS","og_description":"Luiz Ant\u00f4nio Pr\u00f3speri \u2013 3 abril (11h41) \u2013 Corinthians n\u00e3o tem tempo para respirar. Uma semana ap\u00f3s celebrar [&hellip;]","og_url":"https:\/\/blogdoprosperi.com\/?p=49500","og_site_name":"PR\u00d3SPERI NEWS","article_publisher":"Luiz Pr\u00f3speri","article_author":"Luiz Pr\u00f3speri","article_published_time":"2025-04-03T14:48:19+00:00","article_modified_time":"2025-04-03T14:57:52+00:00","og_image":[{"width":1024,"height":683,"url":"https:\/\/i0.wp.com\/blogdoprosperi.com\/wp-content\/uploads\/2025\/04\/gnkchl1wqaaxchi.jpeg?fit=1024%2C683&ssl=1","type":"image\/jpeg"}],"author":"Luiz Ant\u00f4nio Pr\u00f3speri","twitter_card":"summary_large_image","twitter_creator":"@Luizprosperi","twitter_site":"@Luizprosperi","twitter_misc":{"Escrito por":"Luiz Ant\u00f4nio Pr\u00f3speri","Est. tempo de leitura":"2 minutos"},"schema":{"@context":"https:\/\/schema.org","@graph":[{"@type":"Article","@id":"https:\/\/blogdoprosperi.com\/?p=49500#article","isPartOf":{"@id":"https:\/\/blogdoprosperi.com\/?p=49500"},"author":{"name":"Luiz Ant\u00f4nio Pr\u00f3speri","@id":"https:\/\/blogdoprosperi.com\/#\/schema\/person\/38100755ce3601861ee4fab9b5aa78e9"},"headline":"Corinthians Cai na Vala Comum","datePublished":"2025-04-03T14:48:19+00:00","dateModified":"2025-04-03T14:57:52+00:00","mainEntityOfPage":{"@id":"https:\/\/blogdoprosperi.com\/?p=49500"},"wordCount":376,"commentCount":0,"publisher":{"@id":"https:\/\/blogdoprosperi.com\/#\/schema\/person\/38100755ce3601861ee4fab9b5aa78e9"},"image":{"@id":"https:\/\/blogdoprosperi.com\/?p=49500#primaryimage"},"thumbnailUrl":"https:\/\/i0.wp.com\/blogdoprosperi.com\/wp-content\/uploads\/2025\/04\/gnkchl1wqaaxchi.jpeg?fit=1024%2C683&ssl=1","keywords":["Corinthians","corinthians 1 x 2 huracan","Corinthians copa sul-americana","futebol","Luiz Ant\u00f4nio Pr\u00f3speri","neo qu\u00edmica arena","raniele","torcidas organizadas"],"articleSection":["futebol","opini\u00e3o"],"inLanguage":"pt-BR","potentialAction":[{"@type":"CommentAction","name":"Comment","target":["https:\/\/blogdoprosperi.com\/?p=49500#respond"]}]},{"@type":"WebPage","@id":"https:\/\/blogdoprosperi.com\/?p=49500","url":"https:\/\/blogdoprosperi.com\/?p=49500","name":"Corinthians Cai na Vala Comum - PR\u00d3SPERI NEWS","isPartOf":{"@id":"https:\/\/blogdoprosperi.com\/#website"},"primaryImageOfPage":{"@id":"https:\/\/blogdoprosperi.com\/?p=49500#primaryimage"},"image":{"@id":"https:\/\/blogdoprosperi.com\/?p=49500#primaryimage"},"thumbnailUrl":"https:\/\/i0.wp.com\/blogdoprosperi.com\/wp-content\/uploads\/2025\/04\/gnkchl1wqaaxchi.jpeg?fit=1024%2C683&ssl=1","datePublished":"2025-04-03T14:48:19+00:00","dateModified":"2025-04-03T14:57:52+00:00","breadcrumb":{"@id":"https:\/\/blogdoprosperi.com\/?p=49500#breadcrumb"},"inLanguage":"pt-BR","potentialAction":[{"@type":"ReadAction","target":["https:\/\/blogdoprosperi.com\/?p=49500"]}]},{"@type":"ImageObject","inLanguage":"pt-BR","@id":"https:\/\/blogdoprosperi.com\/?p=49500#primaryimage","url":"https:\/\/i0.wp.com\/blogdoprosperi.com\/wp-content\/uploads\/2025\/04\/gnkchl1wqaaxchi.jpeg?fit=1024%2C683&ssl=1","contentUrl":"https:\/\/i0.wp.com\/blogdoprosperi.com\/wp-content\/uploads\/2025\/04\/gnkchl1wqaaxchi.jpeg?fit=1024%2C683&ssl=1","width":1024,"height":683,"caption":"Serquera celebra gol do Hurac\u00e1n no Corinthians \u2013 foto: Twitter Conmebol"},{"@type":"BreadcrumbList","@id":"https:\/\/blogdoprosperi.com\/?p=49500#breadcrumb","itemListElement":[{"@type":"ListItem","position":1,"name":"In\u00edcio","item":"https:\/\/blogdoprosperi.com\/"},{"@type":"ListItem","position":2,"name":"Corinthians Cai na Vala Comum"}]},{"@type":"WebSite","@id":"https:\/\/blogdoprosperi.com\/#website","url":"https:\/\/blogdoprosperi.com\/","name":"PR\u00d3SPERI NEWS","description":"TUDO \u00c9  FUTEBOL","publisher":{"@id":"https:\/\/blogdoprosperi.com\/#\/schema\/person\/38100755ce3601861ee4fab9b5aa78e9"},"alternateName":"blogdoprosperi.com","potentialAction":[{"@type":"SearchAction","target":{"@type":"EntryPoint","urlTemplate":"https:\/\/blogdoprosperi.com\/?s={search_term_string}"},"query-input":{"@type":"PropertyValueSpecification","valueRequired":true,"valueName":"search_term_string"}}],"inLanguage":"pt-BR"},{"@type":["Person","Organization"],"@id":"https:\/\/blogdoprosperi.com\/#\/schema\/person\/38100755ce3601861ee4fab9b5aa78e9","name":"Luiz Ant\u00f4nio Pr\u00f3speri","pronouns":"ele","image":{"@type":"ImageObject","inLanguage":"pt-BR","@id":"https:\/\/i0.wp.com\/blogdoprosperi.com\/wp-content\/uploads\/2026\/05\/cropped-8059e613-6002-42fa-961e-8e275f575d71-2-5.jpg?fit=1360%2C931&ssl=1","url":"https:\/\/i0.wp.com\/blogdoprosperi.com\/wp-content\/uploads\/2026\/05\/cropped-8059e613-6002-42fa-961e-8e275f575d71-2-5.jpg?fit=1360%2C931&ssl=1","contentUrl":"https:\/\/i0.wp.com\/blogdoprosperi.com\/wp-content\/uploads\/2026\/05\/cropped-8059e613-6002-42fa-961e-8e275f575d71-2-5.jpg?fit=1360%2C931&ssl=1","width":1360,"height":931,"caption":"Luiz Ant\u00f4nio Pr\u00f3speri"},"logo":{"@id":"https:\/\/i0.wp.com\/blogdoprosperi.com\/wp-content\/uploads\/2026\/05\/cropped-8059e613-6002-42fa-961e-8e275f575d71-2-5.jpg?fit=1360%2C931&ssl=1"},"description":"Jornalista com carreira dedicada ao esporte. Cobriu 9 Copas do Mundo in loco, 1990 na It\u00e1lia, 1994 nos EUA, 1998 na Fran\u00e7a, 2002 na Coreia do Sul e Jap\u00e3o, 2006 na Alemanha, 2010 na \u00c1frica do Sul, 2014 no Brasil, 2018 na R\u00fassia e 2022 no Qatar. Eurocopas, 1992 na Su\u00e9cia e 1996 na Inglaterra. Copa das Confedera\u00e7\u00f5es de 2005 na Alemanha e 2009 na \u00c1frica do Sul. Rep\u00f3rter e Editor, trabalhou no Jornal da Tarde e Estad\u00e3o, de 1984 a fevereiro de 2016. Colunista, blogueiro. E comentarista de futebol na R\u00e1dio Estad\u00e3o, de 2013 a fevereiro de 2016. Jornalista respons\u00e1vel do \"Pr\u00f3speri News\" (blogdoprosperi.com).","sameAs":["http:\/\/blogdoprosperi.com","Luiz Pr\u00f3speri","@luiz_prosperi","https:\/\/x.com\/Luizprosperi","@prosperinacopa","luiz.prosperi@icloud.com"],"url":"https:\/\/blogdoprosperi.com\/?author=102107496"}]}},"jetpack_publicize_connections":[],"jetpack_likes_enabled":false,"jetpack_sharing_enabled":true,"jetpack_shortlink":"https:\/\/wp.me\/p7jvdk-cSo","jetpack-related-posts":[{"id":50430,"url":"https:\/\/blogdoprosperi.com\/?p=50430","url_meta":{"origin":49500,"position":0},"title":"Corinthians Falido e Fora da Sul-Americana| &#8216;N\u00e3o Temos Varinha de Cond\u00e3o&#8217; \u2013 Antecipa Presidente Interino","author":"Luiz Ant\u00f4nio Pr\u00f3speri","date":"27 de maio de 2025","format":false,"excerpt":"Terra arrasada. Nossa situa\u00e7\u00e3o financeira \u00e9 delicada. Cad\u00ea o dinheiro? Questiona o presidente interino Time \u00e9 eliminado da Copa Sul-Americana na fase de grupos. Mais uma vergonha Luiz Ant\u00f4nio Pr\u00f3speri \u2013 27 maio (19h05) \u2013 Presidente interino do Corinthians, Osmar St\u00e1bile, assume comando do clube. Vai ao caixa na sede\u2026","rel":"","context":"Em &quot;futebol&quot;","block_context":{"text":"futebol","link":"https:\/\/blogdoprosperi.com\/?cat=53870"},"img":{"alt_text":"Corinthians em crise financeira","src":"https:\/\/i0.wp.com\/blogdoprosperi.com\/wp-content\/uploads\/2025\/05\/captura-de-tela-2025-05-27-as-19.21.06.png?fit=1168%2C662&ssl=1&resize=350%2C200","width":350,"height":200,"srcset":"https:\/\/i0.wp.com\/blogdoprosperi.com\/wp-content\/uploads\/2025\/05\/captura-de-tela-2025-05-27-as-19.21.06.png?fit=1168%2C662&ssl=1&resize=350%2C200 1x, https:\/\/i0.wp.com\/blogdoprosperi.com\/wp-content\/uploads\/2025\/05\/captura-de-tela-2025-05-27-as-19.21.06.png?fit=1168%2C662&ssl=1&resize=525%2C300 1.5x, https:\/\/i0.wp.com\/blogdoprosperi.com\/wp-content\/uploads\/2025\/05\/captura-de-tela-2025-05-27-as-19.21.06.png?fit=1168%2C662&ssl=1&resize=700%2C400 2x, https:\/\/i0.wp.com\/blogdoprosperi.com\/wp-content\/uploads\/2025\/05\/captura-de-tela-2025-05-27-as-19.21.06.png?fit=1168%2C662&ssl=1&resize=1050%2C600 3x"},"classes":[]},{"id":49281,"url":"https:\/\/blogdoprosperi.com\/?p=49281","url_meta":{"origin":49500,"position":1},"title":"Corinthians Campe\u00e3o, Palmeiras um Passo Atr\u00e1s","author":"Luiz Ant\u00f4nio Pr\u00f3speri","date":"28 de mar\u00e7o de 2025","format":false,"excerpt":"F\u00f3rmula multicultural da bola entrega \u00e0 Fiel o que ela mais espera do Corinthians: for\u00e7a, disposi\u00e7\u00e3o e refinamento t\u00e9cnico quando necess\u00e1rio Abel Ferreira ainda n\u00e3o d\u00e1 mostras de que a m\u00e1quina vai luzir. J\u00e1 come\u00e7a a perder for\u00e7a na pr\u00f3pria torcida do Palmeiras Luiz Ant\u00f4nio Pr\u00f3speri \u2013 28 mar\u00e7o (09h31)\u2026","rel":"","context":"Em &quot;futebol&quot;","block_context":{"text":"futebol","link":"https:\/\/blogdoprosperi.com\/?cat=53870"},"img":{"alt_text":"Corinthians campe\u00e3o paulista 2025","src":"https:\/\/i0.wp.com\/blogdoprosperi.com\/wp-content\/uploads\/2025\/03\/captura-de-tela-2025-03-28-as-09.42.15.png?fit=1200%2C683&ssl=1&resize=350%2C200","width":350,"height":200,"srcset":"https:\/\/i0.wp.com\/blogdoprosperi.com\/wp-content\/uploads\/2025\/03\/captura-de-tela-2025-03-28-as-09.42.15.png?fit=1200%2C683&ssl=1&resize=350%2C200 1x, https:\/\/i0.wp.com\/blogdoprosperi.com\/wp-content\/uploads\/2025\/03\/captura-de-tela-2025-03-28-as-09.42.15.png?fit=1200%2C683&ssl=1&resize=525%2C300 1.5x, https:\/\/i0.wp.com\/blogdoprosperi.com\/wp-content\/uploads\/2025\/03\/captura-de-tela-2025-03-28-as-09.42.15.png?fit=1200%2C683&ssl=1&resize=700%2C400 2x, https:\/\/i0.wp.com\/blogdoprosperi.com\/wp-content\/uploads\/2025\/03\/captura-de-tela-2025-03-28-as-09.42.15.png?fit=1200%2C683&ssl=1&resize=1050%2C600 3x"},"classes":[]},{"id":50630,"url":"https:\/\/blogdoprosperi.com\/?p=50630","url_meta":{"origin":49500,"position":2},"title":"Corinthians em Transe | Torcida Invade e Lacra Sede do Clube por M\u00e1 Administra\u00e7\u00e3o","author":"Luiz Ant\u00f4nio Pr\u00f3speri","date":"3 de junho de 2025","format":false,"excerpt":"Luiz Ant\u00f4nio Pr\u00f3speri \u2013 3 junho (18h18) \u2013 Corinthians falido, presidente interino no lugar de presidente sofrendo processo de impeachment, d\u00edvida acima da casa dos R$ 2,8 bilh\u00f5es, amea\u00e7a de golpe e time sem bons resultados no campo. Tamanha desfa\u00e7atez leva torcidas organizadas a tomar uma provid\u00eancia radical: invadir o\u2026","rel":"","context":"Em &quot;futebol&quot;","block_context":{"text":"futebol","link":"https:\/\/blogdoprosperi.com\/?cat=53870"},"img":{"alt_text":"Torcida invade sede do Corinthians","src":"https:\/\/i0.wp.com\/blogdoprosperi.com\/wp-content\/uploads\/2025\/06\/whatsapp-image-2025-06-03-at-17.01.45-edited-1.jpg?fit=900%2C600&ssl=1&resize=350%2C200","width":350,"height":200,"srcset":"https:\/\/i0.wp.com\/blogdoprosperi.com\/wp-content\/uploads\/2025\/06\/whatsapp-image-2025-06-03-at-17.01.45-edited-1.jpg?fit=900%2C600&ssl=1&resize=350%2C200 1x, https:\/\/i0.wp.com\/blogdoprosperi.com\/wp-content\/uploads\/2025\/06\/whatsapp-image-2025-06-03-at-17.01.45-edited-1.jpg?fit=900%2C600&ssl=1&resize=525%2C300 1.5x, https:\/\/i0.wp.com\/blogdoprosperi.com\/wp-content\/uploads\/2025\/06\/whatsapp-image-2025-06-03-at-17.01.45-edited-1.jpg?fit=900%2C600&ssl=1&resize=700%2C400 2x"},"classes":[]},{"id":48857,"url":"https:\/\/blogdoprosperi.com\/?p=48857","url_meta":{"origin":49500,"position":3},"title":"Futuro do Corinthians: Sobreviv\u00eancia Depende do Palmeiras","author":"Luiz Ant\u00f4nio Pr\u00f3speri","date":"13 de mar\u00e7o de 2025","format":false,"excerpt":"Se Ramon Diaz cair, Tite pode vir a\u00ed. Memphis vira interroga\u00e7\u00e3o e at\u00e9 o impeachment do presidente Augusto Melo pode voltar Agora a encrenca \u00e9 superar o Palmeiras em dois jogos das finais do Paulist\u00e3o Luiz Ant\u00f4nio Pr\u00f3speri \u2013 13 mar\u00e7o (12h35) \u2013 Corinthians sai aplaudido por sua gente ao\u2026","rel":"","context":"Em &quot;futebol&quot;","block_context":{"text":"futebol","link":"https:\/\/blogdoprosperi.com\/?cat=53870"},"img":{"alt_text":"Fiel aplaude time eliminado na Libertadores","src":"https:\/\/i0.wp.com\/blogdoprosperi.com\/wp-content\/uploads\/2025\/03\/captura-de-tela-2025-03-13-as-12.35.26.png?fit=1200%2C771&ssl=1&resize=350%2C200","width":350,"height":200,"srcset":"https:\/\/i0.wp.com\/blogdoprosperi.com\/wp-content\/uploads\/2025\/03\/captura-de-tela-2025-03-13-as-12.35.26.png?fit=1200%2C771&ssl=1&resize=350%2C200 1x, https:\/\/i0.wp.com\/blogdoprosperi.com\/wp-content\/uploads\/2025\/03\/captura-de-tela-2025-03-13-as-12.35.26.png?fit=1200%2C771&ssl=1&resize=525%2C300 1.5x, https:\/\/i0.wp.com\/blogdoprosperi.com\/wp-content\/uploads\/2025\/03\/captura-de-tela-2025-03-13-as-12.35.26.png?fit=1200%2C771&ssl=1&resize=700%2C400 2x, https:\/\/i0.wp.com\/blogdoprosperi.com\/wp-content\/uploads\/2025\/03\/captura-de-tela-2025-03-13-as-12.35.26.png?fit=1200%2C771&ssl=1&resize=1050%2C600 3x"},"classes":[]},{"id":46187,"url":"https:\/\/blogdoprosperi.com\/?p=46187","url_meta":{"origin":49500,"position":4},"title":"Corinthians Eliminado nas Copas Depende do Palmeiras para Sobreviver","author":"Luiz Ant\u00f4nio Pr\u00f3speri","date":"1 de novembro de 2024","format":false,"excerpt":"Luiz Ant\u00f4nio Pr\u00f3speri \u2013 1 novembro (14h09) Corinthians paga conta de uma gest\u00e3o mal-conduzida desde o in\u00edcio da temporada. Presidente Augusto Melo, eleito contra um grupo no poder desde 2007, ainda n\u00e3o entendeu a dimens\u00e3o do clube e seu alcance. E pode entrar em 2025 pelas porta dos fundos do\u2026","rel":"","context":"Em &quot;futebol&quot;","block_context":{"text":"futebol","link":"https:\/\/blogdoprosperi.com\/?cat=53870"},"img":{"alt_text":"Corinthians x Palmeiras, cl\u00e1ssico decisivo","src":"https:\/\/i0.wp.com\/blogdoprosperi.com\/wp-content\/uploads\/2024\/11\/gbqwpsdwcaac3s-1.jpeg?fit=1200%2C800&ssl=1&resize=350%2C200","width":350,"height":200,"srcset":"https:\/\/i0.wp.com\/blogdoprosperi.com\/wp-content\/uploads\/2024\/11\/gbqwpsdwcaac3s-1.jpeg?fit=1200%2C800&ssl=1&resize=350%2C200 1x, https:\/\/i0.wp.com\/blogdoprosperi.com\/wp-content\/uploads\/2024\/11\/gbqwpsdwcaac3s-1.jpeg?fit=1200%2C800&ssl=1&resize=525%2C300 1.5x, https:\/\/i0.wp.com\/blogdoprosperi.com\/wp-content\/uploads\/2024\/11\/gbqwpsdwcaac3s-1.jpeg?fit=1200%2C800&ssl=1&resize=700%2C400 2x, https:\/\/i0.wp.com\/blogdoprosperi.com\/wp-content\/uploads\/2024\/11\/gbqwpsdwcaac3s-1.jpeg?fit=1200%2C800&ssl=1&resize=1050%2C600 3x"},"classes":[]},{"id":2450,"url":"https:\/\/blogdoprosperi.com\/?p=2450","url_meta":{"origin":49500,"position":5},"title":"Estaduais mais atrapalham do que ajudam o futebol","author":"Luiz Ant\u00f4nio Pr\u00f3speri","date":"26 de abril de 2016","format":false,"excerpt":"Clubes brasileiros se matam nos campeonatos regionais em busca da grana da televis\u00e3o Marca registrada do futebol brasileiro, os Estaduais ocupam pelo menos tr\u00eas meses do calend\u00e1rio nacional sem levar a lugar nenhum.Valem mais pelo dinheiro das cotas de transmiss\u00e3o dos jogos do que o aspecto t\u00e9cnico na forma\u00e7\u00e3o dos\u2026","rel":"","context":"Em &quot;futebol&quot;","block_context":{"text":"futebol","link":"https:\/\/blogdoprosperi.com\/?cat=53870"},"img":{"alt_text":"","src":"https:\/\/i0.wp.com\/blogdoprosperi.com\/wp-content\/uploads\/2016\/04\/19182044-1.jpg?resize=350%2C200&ssl=1","width":350,"height":200,"srcset":"https:\/\/i0.wp.com\/blogdoprosperi.com\/wp-content\/uploads\/2016\/04\/19182044-1.jpg?resize=350%2C200&ssl=1 1x, https:\/\/i0.wp.com\/blogdoprosperi.com\/wp-content\/uploads\/2016\/04\/19182044-1.jpg?resize=525%2C300&ssl=1 1.5x"},"classes":[]}],"jetpack_featured_media_url":"https:\/\/i0.wp.com\/blogdoprosperi.com\/wp-content\/uploads\/2025\/04\/gnkchl1wqaaxchi.jpeg?fit=1024%2C683&ssl=1","_links":{"self":[{"href":"https:\/\/blogdoprosperi.com\/index.php?rest_route=\/wp\/v2\/posts\/49500","targetHints":{"allow":["GET"]}}],"collection":[{"href":"https:\/\/blogdoprosperi.com\/index.php?rest_route=\/wp\/v2\/posts"}],"about":[{"href":"https:\/\/blogdoprosperi.com\/index.php?rest_route=\/wp\/v2\/types\/post"}],"author":[{"embeddable":true,"href":"https:\/\/blogdoprosperi.com\/index.php?rest_route=\/wp\/v2\/users\/102107496"}],"replies":[{"embeddable":true,"href":"https:\/\/blogdoprosperi.com\/index.php?rest_route=%2Fwp%2Fv2%2Fcomments&post=49500"}],"version-history":[{"count":10,"href":"https:\/\/blogdoprosperi.com\/index.php?rest_route=\/wp\/v2\/posts\/49500\/revisions"}],"predecessor-version":[{"id":49514,"href":"https:\/\/blogdoprosperi.com\/index.php?rest_route=\/wp\/v2\/posts\/49500\/revisions\/49514"}],"wp:featuredmedia":[{"embeddable":true,"href":"https:\/\/blogdoprosperi.com\/index.php?rest_route=\/wp\/v2\/media\/49507"}],"wp:attachment":[{"href":"https:\/\/blogdoprosperi.com\/index.php?rest_route=%2Fwp%2Fv2%2Fmedia&parent=49500"}],"wp:term":[{"taxonomy":"category","embeddable":true,"href":"https:\/\/blogdoprosperi.com\/index.php?rest_route=%2Fwp%2Fv2%2Fcategories&post=49500"},{"taxonomy":"post_tag","embeddable":true,"href":"https:\/\/blogdoprosperi.com\/index.php?rest_route=%2Fwp%2Fv2%2Ftags&post=49500"}],"curies":[{"name":"wp","href":"https:\/\/api.w.org\/{rel}","templated":true}]}}