{"id":49585,"date":"2025-04-07T12:58:25","date_gmt":"2025-04-07T15:58:25","guid":{"rendered":"https:\/\/blogdoprosperi.com\/?p=49585"},"modified":"2025-04-07T13:18:48","modified_gmt":"2025-04-07T16:18:48","slug":"arbitragem-e-var-tragedia-anunciada-no-brasileirao-2025","status":"publish","type":"post","link":"https:\/\/blogdoprosperi.com\/?p=49585","title":{"rendered":"Arbitragem e VAR, Trag\u00e9dia Anunciada no Brasileir\u00e3o 2025"},"content":{"rendered":"<hr>\n<p><strong>\u2666 CBF n\u00e3o revela os custos para bancar novo comit\u00ea de arbitragem composto por dez ex-\u00e1rbitros<\/strong><\/p>\n<p><strong>\u2666 Segunda rodada do Brasileir\u00e3o \u00e9 dominada por pol\u00eamicas e erros grosseiros de arbitragem e VAR<\/strong><\/p>\n<hr>\n<p><em>Luiz Ant\u00f4nio Pr\u00f3speri \u2013 7 abril (12h33) \u2013<\/em><\/p>\n<p>Revista<em> piau\u00ed, <\/em>edi\u00e7\u00e3o de abril, escancara os podres da CBF em extensa reportagem do jornalista Allan de Abreu. Uma informa\u00e7\u00e3o, das muitas que a mat\u00e9ria mostra, conta que o ex-\u00e1rbitro Wilson Luiz Seneme, ao assumir a comiss\u00e3o de arbitragem da CBF em 2022, apresenta projeto de um centro de treinamentos exclusivo para \u00e1rbitros e a cria\u00e7\u00e3o de uma escola de arbitragem para uniformizar a forma\u00e7\u00e3o t\u00e9cnica de ju\u00edzes. Custo estimado de R$ 60 milh\u00f5es. Presidente Ednaldo Rodrigues aprova o projeto. Mas recua mais tarde cortando verbas do setor de arbitragem. Seneme foi demitido em fevereiro de 2025. CT e melhorias da arbitragem est\u00e3o engavetados.<\/p>\n<p>T\u00e3o logo \u00e0 demiss\u00e3o de Seneme, presidente da CBF nomeia uma nova Comiss\u00e3o de Arbitragem com dez \u00e1rbitros. Confira:<\/p>\n<p>Ex-\u00e1rbitro argentino N\u00e9stor Pitana (atual chefe da Arbitragem da Federa\u00e7\u00e3o Equatoriana de Futebol).<\/p>\n<p>Ex-\u00e1rbitro italiano Nicola Rizzoli (ex-\u00e1rbitro e atuando hoje na Concacaf).<\/p>\n<p>Ex-\u00e1rbitro brasileiro Sandro Meira Ricci Concacaf (atual Gerente de \u00c1rbitros S\u00eanior na Organiza\u00e7\u00e3o Profissional de \u00c1rbitros da liga MSL dos EUA).<\/p>\n<p>E os ex-\u00e1rbitros Luiz Fl\u00e1vio de Oliveira, Marcelo Van Gasse, Fabricio Vilarinho, Luiz Carlos C\u00e2mara Bezerra, Eveliny Almeida, Rodrigo Martins Cintra e Emerson Filipino Coelho.<\/p>\n<p>O chefe \u00e9 o carioca Rodrigo Martins Cintra, 48 anos.<\/p>\n<p>Ednaldo alegava revis\u00e3o or\u00e7ament\u00e1ria, quer dizer falta de grana na CBF, para ceifar o projeto de Seneme.<\/p>\n<p>Em contrapartida, incha a nova Comiss\u00e3o de Arbitragem at\u00e9 com nomes internacionais. Argentino Pitana avalia arbitragem brasileira por video-confer\u00eancia direto do Equador. O italiano Rizzoli direto da Am\u00e9rica Central e o brasileiro Ricci nos EUA.<\/p>\n<p>CBF n\u00e3o revela os custos elevados para bancar esse comit\u00ea composto por dez ex-\u00e1rbitros.<\/p>\n<figure id=\"attachment_49593\" aria-describedby=\"caption-attachment-49593\" style=\"width: 720px\" class=\"wp-caption alignnone\"><img data-recalc-dims=\"1\" loading=\"lazy\" decoding=\"async\" data-attachment-id=\"49593\" data-permalink=\"https:\/\/blogdoprosperi.com\/?attachment_id=49593\" data-orig-file=\"https:\/\/i0.wp.com\/blogdoprosperi.com\/wp-content\/uploads\/2025\/04\/ednaldo-cbf-scaled-aspect-ratio-512-320.webp?fit=950%2C594&amp;ssl=1\" data-orig-size=\"950,594\" data-comments-opened=\"1\" data-image-meta=\"{&quot;aperture&quot;:&quot;0&quot;,&quot;credit&quot;:&quot;&quot;,&quot;camera&quot;:&quot;&quot;,&quot;caption&quot;:&quot;&quot;,&quot;created_timestamp&quot;:&quot;0&quot;,&quot;copyright&quot;:&quot;&quot;,&quot;focal_length&quot;:&quot;0&quot;,&quot;iso&quot;:&quot;0&quot;,&quot;shutter_speed&quot;:&quot;0&quot;,&quot;title&quot;:&quot;&quot;,&quot;orientation&quot;:&quot;0&quot;}\" data-image-title=\"Ednaldo Rodrigues, Presidente da CBF\" data-image-description=\"\" data-image-caption=\"&lt;p&gt;Ednaldo Rodrigues, presidente da CBF \u2013 foto: CBF oficial&lt;\/p&gt;\n\" data-large-file=\"https:\/\/i0.wp.com\/blogdoprosperi.com\/wp-content\/uploads\/2025\/04\/ednaldo-cbf-scaled-aspect-ratio-512-320.webp?fit=940%2C588&amp;ssl=1\" src=\"https:\/\/i0.wp.com\/blogdoprosperi.com\/wp-content\/uploads\/2025\/04\/ednaldo-cbf-scaled-aspect-ratio-512-320.webp?resize=720%2C450&#038;ssl=1\" class=\"size-large wp-image-49593\" width=\"720\" height=\"450\" alt=\"\"><figcaption id=\"caption-attachment-49593\" class=\"wp-caption-text\"><em>Ednaldo Rodrigues, presidente da CBF \u2013 foto: CBF oficial<\/em><\/figcaption><\/figure>\n<p>A promessa do presidente da CBF \u00e9 de profissionaliza\u00e7\u00e3o dos \u00e1rbitros brasileiros at\u00e9 2026. Ednaldo Rodrigues n\u00e3o \u00e9 de cumprir promessas. Veja a troca desenfreada de t\u00e9cnicos da Sele\u00e7\u00e3o Brasileira.<\/p>\n<p>Chegamos ent\u00e3o \u00e0 segunda rodada do Brasileir\u00e3o 2025 sob comando da nova comiss\u00e3o de arbitragem da CBF.<\/p>\n<p>Anote a\u00ed as &#8220;pol\u00eamicas&#8221; dos \u00e1rbitros e seus assessores do VAR escancarados na segunda rodada:<\/p>\n<ol>\n<li>Expuls\u00e3o de Jonathan Jesus, zagueiro do Cruzeiro \u2013 Inter 3 x 0 Cruzeiro.<\/li>\n<li>P\u00eanalti em Raphael Veiga \u2013 Sport 1 x 2 Palmeiras.<\/li>\n<li>Expuls\u00f5es do t\u00e9cnico Zubeld\u00eda, Lyanco e Carelli \u2013 Atl\u00e9tico-MG 0 x 0 S\u00e3o Paulo.<\/li>\n<li>Gols anulados e expuls\u00e3o de Ramon Di\u00e1z \u2013 Corinthians 3 x 0 Vasco.<\/li>\n<li>Expuls\u00e3o do t\u00e9cnico Carpini do Vit\u00f3ria \u2013 Vit\u00f3ria 1 x 2 Flamengo.<\/li>\n<\/ol>\n<p>Pol\u00eamicas e erros claros dos \u00e1rbitros contaram com o referendo dos colegiados de VAR em cada uma das partidas do campeonato.<\/p>\n<p>Sport e Cruzeiro divulgam notas de rep\u00fadio e cobram provid\u00eancias da CBF contra os \u00e1rbitros. A queixa \u00e9 geral. Estamos ainda na segunda rodada do Brasileir\u00e3o.<\/p>\n<p>Detalhe: todos os presidentes dos 40 clubes (S\u00e9ries A e B) e os 27 presidentes das Federa\u00e7\u00f5es Estaduais reelegeram o presidente Ednaldo Rodrigues, com 100% dos votos, para mais um mandato na CBF \u2013 at\u00e9 2030.<\/p>\n<p>A reelei\u00e7\u00e3o de Ednaldo se deu na segunda-feira (24\/3). Na noite seguinte, ter\u00e7a-feira (25\/3), Argentina enfia 4 a 1 no Brasil. Tr\u00eas dias depois, t\u00e9cnico Dorival J\u00fanior \u00e9 demitido por Ednaldo.<\/p>\n<p>E La Nave Va.<\/p>\n<p><span><strong>(leia reportagem da piau\u00ed \u2013 <\/strong><\/span><span><strong><a style=\"color: #0000ff\" href=\"https:\/\/piaui.folha.uol.com.br\/as-extravagancias-sem-fim-da-cbf\/\">https:\/\/piaui.folha.uol.com.br\/as-extravagancias-sem-fim-da-cbf\/<\/a><\/strong><\/span><span><strong>)<\/strong><\/span><\/p>\n","protected":false},"excerpt":{"rendered":"<p>\u2666 CBF n\u00e3o revela os custos para bancar novo comit\u00ea de arbitragem composto por dez ex-\u00e1rbitros \u2666 Segunda [&hellip;]<\/p>\n","protected":false},"author":102107496,"featured_media":49592,"comment_status":"open","ping_status":"open","sticky":false,"template":"","format":"standard","meta":{"_coblocks_attr":"","_coblocks_dimensions":"","_coblocks_responsive_height":"","_coblocks_accordion_ie_support":"","_jetpack_newsletter_access":"","_jetpack_dont_email_post_to_subs":false,"_jetpack_newsletter_tier_id":0,"_jetpack_memberships_contains_paywalled_content":false,"_wpcom_ai_launchpad_first_post":false,"_jetpack_feature_clip_id":0,"_jetpack_memberships_contains_paid_content":false,"footnotes":"","jetpack_publicize_message":"","jetpack_publicize_feature_enabled":true,"jetpack_social_post_already_shared":false,"jetpack_social_options":{"image_generator_settings":{"template":"highway","default_image_id":0,"font":"","enabled":false},"version":2},"jetpack_post_was_ever_published":false},"categories":[53870,20384],"tags":[789560584,789560569,517289620,779549986,789560560,779549988,789560573,779549987,764604],"class_list":["post-49585","post","type-post","status-publish","format-standard","has-post-thumbnail","hentry","category-futebol","category-informacao","tag-brasileirao-2025","tag-cbf","tag-comissao-de-arbitragem-cbf","tag-ednaldo-rodruiges","tag-futebol","tag-jonathan-jesus-cruzeiro","tag-luiz-antonio-prosperi","tag-penalti-veiga","tag-revista-piaui"],"yoast_head":"<!-- This site is optimized with the Yoast SEO plugin v28.3 - https:\/\/yoast.com\/product\/yoast-seo-wordpress\/ -->\n<title>Arbitragem e VAR, Trag\u00e9dia Anunciada no Brasileir\u00e3o 2025 - PR\u00d3SPERI NEWS<\/title>\n<meta name=\"robots\" content=\"index, follow, max-snippet:-1, max-image-preview:large, max-video-preview:-1\" \/>\n<link rel=\"canonical\" href=\"https:\/\/blogdoprosperi.com\/?p=49585\" \/>\n<meta property=\"og:locale\" content=\"pt_BR\" \/>\n<meta property=\"og:type\" content=\"article\" \/>\n<meta property=\"og:title\" content=\"Arbitragem e VAR, Trag\u00e9dia Anunciada no Brasileir\u00e3o 2025 - PR\u00d3SPERI NEWS\" \/>\n<meta property=\"og:description\" content=\"\u2666 CBF n\u00e3o revela os custos para bancar novo comit\u00ea de arbitragem composto por dez ex-\u00e1rbitros \u2666 Segunda [&hellip;]\" \/>\n<meta property=\"og:url\" content=\"https:\/\/blogdoprosperi.com\/?p=49585\" \/>\n<meta property=\"og:site_name\" content=\"PR\u00d3SPERI NEWS\" \/>\n<meta property=\"article:publisher\" content=\"Luiz Pr\u00f3speri\" \/>\n<meta property=\"article:author\" content=\"Luiz Pr\u00f3speri\" \/>\n<meta property=\"article:published_time\" content=\"2025-04-07T15:58:25+00:00\" \/>\n<meta property=\"article:modified_time\" content=\"2025-04-07T16:18:48+00:00\" \/>\n<meta property=\"og:image\" content=\"https:\/\/i0.wp.com\/blogdoprosperi.com\/wp-content\/uploads\/2025\/04\/capture_2020-09-06-10-47-421.png?fit=720%2C470&ssl=1\" \/>\n\t<meta property=\"og:image:width\" content=\"720\" \/>\n\t<meta property=\"og:image:height\" content=\"470\" \/>\n\t<meta property=\"og:image:type\" content=\"image\/png\" \/>\n<meta name=\"author\" content=\"Luiz Ant\u00f4nio Pr\u00f3speri\" \/>\n<meta name=\"twitter:card\" content=\"summary_large_image\" \/>\n<meta name=\"twitter:creator\" content=\"@Luizprosperi\" \/>\n<meta name=\"twitter:site\" content=\"@Luizprosperi\" \/>\n<meta name=\"twitter:label1\" content=\"Escrito por\" \/>\n\t<meta name=\"twitter:data1\" content=\"Luiz Ant\u00f4nio Pr\u00f3speri\" \/>\n\t<meta name=\"twitter:label2\" content=\"Est. tempo de leitura\" \/>\n\t<meta name=\"twitter:data2\" content=\"3 minutos\" \/>\n<script type=\"application\/ld+json\" class=\"yoast-schema-graph\">{\"@context\":\"https:\\\/\\\/schema.org\",\"@graph\":[{\"@type\":\"Article\",\"@id\":\"https:\\\/\\\/blogdoprosperi.com\\\/?p=49585#article\",\"isPartOf\":{\"@id\":\"https:\\\/\\\/blogdoprosperi.com\\\/?p=49585\"},\"author\":{\"name\":\"Luiz Ant\u00f4nio Pr\u00f3speri\",\"@id\":\"https:\\\/\\\/blogdoprosperi.com\\\/#\\\/schema\\\/person\\\/38100755ce3601861ee4fab9b5aa78e9\"},\"headline\":\"Arbitragem e VAR, Trag\u00e9dia Anunciada no Brasileir\u00e3o 2025\",\"datePublished\":\"2025-04-07T15:58:25+00:00\",\"dateModified\":\"2025-04-07T16:18:48+00:00\",\"mainEntityOfPage\":{\"@id\":\"https:\\\/\\\/blogdoprosperi.com\\\/?p=49585\"},\"wordCount\":615,\"commentCount\":0,\"publisher\":{\"@id\":\"https:\\\/\\\/blogdoprosperi.com\\\/#\\\/schema\\\/person\\\/38100755ce3601861ee4fab9b5aa78e9\"},\"image\":{\"@id\":\"https:\\\/\\\/blogdoprosperi.com\\\/?p=49585#primaryimage\"},\"thumbnailUrl\":\"https:\\\/\\\/i0.wp.com\\\/blogdoprosperi.com\\\/wp-content\\\/uploads\\\/2025\\\/04\\\/capture_2020-09-06-10-47-421.png?fit=720%2C470&ssl=1\",\"keywords\":[\"brasileir\u00e3o 2025\",\"CBF\",\"Comiss\u00e3o de Arbitragem CBF\",\"Ednaldo rodruiges\",\"futebol\",\"jonathan jesus cruzeiro\",\"Luiz Ant\u00f4nio Pr\u00f3speri\",\"p\u00eanalti veiga\",\"revista piau\u00ed\"],\"articleSection\":[\"futebol\",\"informa\u00e7\u00e3o\"],\"inLanguage\":\"pt-BR\",\"potentialAction\":[{\"@type\":\"CommentAction\",\"name\":\"Comment\",\"target\":[\"https:\\\/\\\/blogdoprosperi.com\\\/?p=49585#respond\"]}]},{\"@type\":\"WebPage\",\"@id\":\"https:\\\/\\\/blogdoprosperi.com\\\/?p=49585\",\"url\":\"https:\\\/\\\/blogdoprosperi.com\\\/?p=49585\",\"name\":\"Arbitragem e VAR, Trag\u00e9dia Anunciada no Brasileir\u00e3o 2025 - PR\u00d3SPERI NEWS\",\"isPartOf\":{\"@id\":\"https:\\\/\\\/blogdoprosperi.com\\\/#website\"},\"primaryImageOfPage\":{\"@id\":\"https:\\\/\\\/blogdoprosperi.com\\\/?p=49585#primaryimage\"},\"image\":{\"@id\":\"https:\\\/\\\/blogdoprosperi.com\\\/?p=49585#primaryimage\"},\"thumbnailUrl\":\"https:\\\/\\\/i0.wp.com\\\/blogdoprosperi.com\\\/wp-content\\\/uploads\\\/2025\\\/04\\\/capture_2020-09-06-10-47-421.png?fit=720%2C470&ssl=1\",\"datePublished\":\"2025-04-07T15:58:25+00:00\",\"dateModified\":\"2025-04-07T16:18:48+00:00\",\"breadcrumb\":{\"@id\":\"https:\\\/\\\/blogdoprosperi.com\\\/?p=49585#breadcrumb\"},\"inLanguage\":\"pt-BR\",\"potentialAction\":[{\"@type\":\"ReadAction\",\"target\":[\"https:\\\/\\\/blogdoprosperi.com\\\/?p=49585\"]}]},{\"@type\":\"ImageObject\",\"inLanguage\":\"pt-BR\",\"@id\":\"https:\\\/\\\/blogdoprosperi.com\\\/?p=49585#primaryimage\",\"url\":\"https:\\\/\\\/i0.wp.com\\\/blogdoprosperi.com\\\/wp-content\\\/uploads\\\/2025\\\/04\\\/capture_2020-09-06-10-47-421.png?fit=720%2C470&ssl=1\",\"contentUrl\":\"https:\\\/\\\/i0.wp.com\\\/blogdoprosperi.com\\\/wp-content\\\/uploads\\\/2025\\\/04\\\/capture_2020-09-06-10-47-421.png?fit=720%2C470&ssl=1\",\"width\":720,\"height\":470,\"caption\":\"Escudo \u00c1rbitros CBF \u2013 foto: CBF oficial\"},{\"@type\":\"BreadcrumbList\",\"@id\":\"https:\\\/\\\/blogdoprosperi.com\\\/?p=49585#breadcrumb\",\"itemListElement\":[{\"@type\":\"ListItem\",\"position\":1,\"name\":\"In\u00edcio\",\"item\":\"https:\\\/\\\/blogdoprosperi.com\\\/\"},{\"@type\":\"ListItem\",\"position\":2,\"name\":\"Arbitragem e VAR, Trag\u00e9dia Anunciada no Brasileir\u00e3o 2025\"}]},{\"@type\":\"WebSite\",\"@id\":\"https:\\\/\\\/blogdoprosperi.com\\\/#website\",\"url\":\"https:\\\/\\\/blogdoprosperi.com\\\/\",\"name\":\"PR\u00d3SPERI NEWS\",\"description\":\"TUDO \u00c9  FUTEBOL\",\"publisher\":{\"@id\":\"https:\\\/\\\/blogdoprosperi.com\\\/#\\\/schema\\\/person\\\/38100755ce3601861ee4fab9b5aa78e9\"},\"alternateName\":\"blogdoprosperi.com\",\"potentialAction\":[{\"@type\":\"SearchAction\",\"target\":{\"@type\":\"EntryPoint\",\"urlTemplate\":\"https:\\\/\\\/blogdoprosperi.com\\\/?s={search_term_string}\"},\"query-input\":{\"@type\":\"PropertyValueSpecification\",\"valueRequired\":true,\"valueName\":\"search_term_string\"}}],\"inLanguage\":\"pt-BR\"},{\"@type\":[\"Person\",\"Organization\"],\"@id\":\"https:\\\/\\\/blogdoprosperi.com\\\/#\\\/schema\\\/person\\\/38100755ce3601861ee4fab9b5aa78e9\",\"name\":\"Luiz Ant\u00f4nio Pr\u00f3speri\",\"pronouns\":\"ele\",\"image\":{\"@type\":\"ImageObject\",\"inLanguage\":\"pt-BR\",\"@id\":\"https:\\\/\\\/i0.wp.com\\\/blogdoprosperi.com\\\/wp-content\\\/uploads\\\/2026\\\/05\\\/cropped-8059e613-6002-42fa-961e-8e275f575d71-2-5.jpg?fit=1360%2C931&ssl=1\",\"url\":\"https:\\\/\\\/i0.wp.com\\\/blogdoprosperi.com\\\/wp-content\\\/uploads\\\/2026\\\/05\\\/cropped-8059e613-6002-42fa-961e-8e275f575d71-2-5.jpg?fit=1360%2C931&ssl=1\",\"contentUrl\":\"https:\\\/\\\/i0.wp.com\\\/blogdoprosperi.com\\\/wp-content\\\/uploads\\\/2026\\\/05\\\/cropped-8059e613-6002-42fa-961e-8e275f575d71-2-5.jpg?fit=1360%2C931&ssl=1\",\"width\":1360,\"height\":931,\"caption\":\"Luiz Ant\u00f4nio Pr\u00f3speri\"},\"logo\":{\"@id\":\"https:\\\/\\\/i0.wp.com\\\/blogdoprosperi.com\\\/wp-content\\\/uploads\\\/2026\\\/05\\\/cropped-8059e613-6002-42fa-961e-8e275f575d71-2-5.jpg?fit=1360%2C931&ssl=1\"},\"description\":\"Jornalista com carreira dedicada ao esporte. Cobriu 9 Copas do Mundo in loco, 1990 na It\u00e1lia, 1994 nos EUA, 1998 na Fran\u00e7a, 2002 na Coreia do Sul e Jap\u00e3o, 2006 na Alemanha, 2010 na \u00c1frica do Sul, 2014 no Brasil, 2018 na R\u00fassia e 2022 no Qatar. Eurocopas, 1992 na Su\u00e9cia e 1996 na Inglaterra. Copa das Confedera\u00e7\u00f5es de 2005 na Alemanha e 2009 na \u00c1frica do Sul. Rep\u00f3rter e Editor, trabalhou no Jornal da Tarde e Estad\u00e3o, de 1984 a fevereiro de 2016. Colunista, blogueiro. E comentarista de futebol na R\u00e1dio Estad\u00e3o, de 2013 a fevereiro de 2016. Jornalista respons\u00e1vel do \\\"Pr\u00f3speri News\\\" (blogdoprosperi.com).\",\"sameAs\":[\"http:\\\/\\\/blogdoprosperi.com\",\"Luiz Pr\u00f3speri\",\"@luiz_prosperi\",\"https:\\\/\\\/x.com\\\/Luizprosperi\",\"@prosperinacopa\",\"luiz.prosperi@icloud.com\"],\"url\":\"https:\\\/\\\/blogdoprosperi.com\\\/?author=102107496\"}]}<\/script>\n<!-- \/ Yoast SEO plugin. -->","yoast_head_json":{"title":"Arbitragem e VAR, Trag\u00e9dia Anunciada no Brasileir\u00e3o 2025 - PR\u00d3SPERI NEWS","robots":{"index":"index","follow":"follow","max-snippet":"max-snippet:-1","max-image-preview":"max-image-preview:large","max-video-preview":"max-video-preview:-1"},"canonical":"https:\/\/blogdoprosperi.com\/?p=49585","og_locale":"pt_BR","og_type":"article","og_title":"Arbitragem e VAR, Trag\u00e9dia Anunciada no Brasileir\u00e3o 2025 - PR\u00d3SPERI NEWS","og_description":"\u2666 CBF n\u00e3o revela os custos para bancar novo comit\u00ea de arbitragem composto por dez ex-\u00e1rbitros \u2666 Segunda [&hellip;]","og_url":"https:\/\/blogdoprosperi.com\/?p=49585","og_site_name":"PR\u00d3SPERI NEWS","article_publisher":"Luiz Pr\u00f3speri","article_author":"Luiz Pr\u00f3speri","article_published_time":"2025-04-07T15:58:25+00:00","article_modified_time":"2025-04-07T16:18:48+00:00","og_image":[{"width":720,"height":470,"url":"https:\/\/i0.wp.com\/blogdoprosperi.com\/wp-content\/uploads\/2025\/04\/capture_2020-09-06-10-47-421.png?fit=720%2C470&ssl=1","type":"image\/png"}],"author":"Luiz Ant\u00f4nio Pr\u00f3speri","twitter_card":"summary_large_image","twitter_creator":"@Luizprosperi","twitter_site":"@Luizprosperi","twitter_misc":{"Escrito por":"Luiz Ant\u00f4nio Pr\u00f3speri","Est. tempo de leitura":"3 minutos"},"schema":{"@context":"https:\/\/schema.org","@graph":[{"@type":"Article","@id":"https:\/\/blogdoprosperi.com\/?p=49585#article","isPartOf":{"@id":"https:\/\/blogdoprosperi.com\/?p=49585"},"author":{"name":"Luiz Ant\u00f4nio Pr\u00f3speri","@id":"https:\/\/blogdoprosperi.com\/#\/schema\/person\/38100755ce3601861ee4fab9b5aa78e9"},"headline":"Arbitragem e VAR, Trag\u00e9dia Anunciada no Brasileir\u00e3o 2025","datePublished":"2025-04-07T15:58:25+00:00","dateModified":"2025-04-07T16:18:48+00:00","mainEntityOfPage":{"@id":"https:\/\/blogdoprosperi.com\/?p=49585"},"wordCount":615,"commentCount":0,"publisher":{"@id":"https:\/\/blogdoprosperi.com\/#\/schema\/person\/38100755ce3601861ee4fab9b5aa78e9"},"image":{"@id":"https:\/\/blogdoprosperi.com\/?p=49585#primaryimage"},"thumbnailUrl":"https:\/\/i0.wp.com\/blogdoprosperi.com\/wp-content\/uploads\/2025\/04\/capture_2020-09-06-10-47-421.png?fit=720%2C470&ssl=1","keywords":["brasileir\u00e3o 2025","CBF","Comiss\u00e3o de Arbitragem CBF","Ednaldo rodruiges","futebol","jonathan jesus cruzeiro","Luiz Ant\u00f4nio Pr\u00f3speri","p\u00eanalti veiga","revista piau\u00ed"],"articleSection":["futebol","informa\u00e7\u00e3o"],"inLanguage":"pt-BR","potentialAction":[{"@type":"CommentAction","name":"Comment","target":["https:\/\/blogdoprosperi.com\/?p=49585#respond"]}]},{"@type":"WebPage","@id":"https:\/\/blogdoprosperi.com\/?p=49585","url":"https:\/\/blogdoprosperi.com\/?p=49585","name":"Arbitragem e VAR, Trag\u00e9dia Anunciada no Brasileir\u00e3o 2025 - PR\u00d3SPERI NEWS","isPartOf":{"@id":"https:\/\/blogdoprosperi.com\/#website"},"primaryImageOfPage":{"@id":"https:\/\/blogdoprosperi.com\/?p=49585#primaryimage"},"image":{"@id":"https:\/\/blogdoprosperi.com\/?p=49585#primaryimage"},"thumbnailUrl":"https:\/\/i0.wp.com\/blogdoprosperi.com\/wp-content\/uploads\/2025\/04\/capture_2020-09-06-10-47-421.png?fit=720%2C470&ssl=1","datePublished":"2025-04-07T15:58:25+00:00","dateModified":"2025-04-07T16:18:48+00:00","breadcrumb":{"@id":"https:\/\/blogdoprosperi.com\/?p=49585#breadcrumb"},"inLanguage":"pt-BR","potentialAction":[{"@type":"ReadAction","target":["https:\/\/blogdoprosperi.com\/?p=49585"]}]},{"@type":"ImageObject","inLanguage":"pt-BR","@id":"https:\/\/blogdoprosperi.com\/?p=49585#primaryimage","url":"https:\/\/i0.wp.com\/blogdoprosperi.com\/wp-content\/uploads\/2025\/04\/capture_2020-09-06-10-47-421.png?fit=720%2C470&ssl=1","contentUrl":"https:\/\/i0.wp.com\/blogdoprosperi.com\/wp-content\/uploads\/2025\/04\/capture_2020-09-06-10-47-421.png?fit=720%2C470&ssl=1","width":720,"height":470,"caption":"Escudo \u00c1rbitros CBF \u2013 foto: CBF oficial"},{"@type":"BreadcrumbList","@id":"https:\/\/blogdoprosperi.com\/?p=49585#breadcrumb","itemListElement":[{"@type":"ListItem","position":1,"name":"In\u00edcio","item":"https:\/\/blogdoprosperi.com\/"},{"@type":"ListItem","position":2,"name":"Arbitragem e VAR, Trag\u00e9dia Anunciada no Brasileir\u00e3o 2025"}]},{"@type":"WebSite","@id":"https:\/\/blogdoprosperi.com\/#website","url":"https:\/\/blogdoprosperi.com\/","name":"PR\u00d3SPERI NEWS","description":"TUDO \u00c9  FUTEBOL","publisher":{"@id":"https:\/\/blogdoprosperi.com\/#\/schema\/person\/38100755ce3601861ee4fab9b5aa78e9"},"alternateName":"blogdoprosperi.com","potentialAction":[{"@type":"SearchAction","target":{"@type":"EntryPoint","urlTemplate":"https:\/\/blogdoprosperi.com\/?s={search_term_string}"},"query-input":{"@type":"PropertyValueSpecification","valueRequired":true,"valueName":"search_term_string"}}],"inLanguage":"pt-BR"},{"@type":["Person","Organization"],"@id":"https:\/\/blogdoprosperi.com\/#\/schema\/person\/38100755ce3601861ee4fab9b5aa78e9","name":"Luiz Ant\u00f4nio Pr\u00f3speri","pronouns":"ele","image":{"@type":"ImageObject","inLanguage":"pt-BR","@id":"https:\/\/i0.wp.com\/blogdoprosperi.com\/wp-content\/uploads\/2026\/05\/cropped-8059e613-6002-42fa-961e-8e275f575d71-2-5.jpg?fit=1360%2C931&ssl=1","url":"https:\/\/i0.wp.com\/blogdoprosperi.com\/wp-content\/uploads\/2026\/05\/cropped-8059e613-6002-42fa-961e-8e275f575d71-2-5.jpg?fit=1360%2C931&ssl=1","contentUrl":"https:\/\/i0.wp.com\/blogdoprosperi.com\/wp-content\/uploads\/2026\/05\/cropped-8059e613-6002-42fa-961e-8e275f575d71-2-5.jpg?fit=1360%2C931&ssl=1","width":1360,"height":931,"caption":"Luiz Ant\u00f4nio Pr\u00f3speri"},"logo":{"@id":"https:\/\/i0.wp.com\/blogdoprosperi.com\/wp-content\/uploads\/2026\/05\/cropped-8059e613-6002-42fa-961e-8e275f575d71-2-5.jpg?fit=1360%2C931&ssl=1"},"description":"Jornalista com carreira dedicada ao esporte. Cobriu 9 Copas do Mundo in loco, 1990 na It\u00e1lia, 1994 nos EUA, 1998 na Fran\u00e7a, 2002 na Coreia do Sul e Jap\u00e3o, 2006 na Alemanha, 2010 na \u00c1frica do Sul, 2014 no Brasil, 2018 na R\u00fassia e 2022 no Qatar. Eurocopas, 1992 na Su\u00e9cia e 1996 na Inglaterra. Copa das Confedera\u00e7\u00f5es de 2005 na Alemanha e 2009 na \u00c1frica do Sul. Rep\u00f3rter e Editor, trabalhou no Jornal da Tarde e Estad\u00e3o, de 1984 a fevereiro de 2016. Colunista, blogueiro. E comentarista de futebol na R\u00e1dio Estad\u00e3o, de 2013 a fevereiro de 2016. Jornalista respons\u00e1vel do \"Pr\u00f3speri News\" (blogdoprosperi.com).","sameAs":["http:\/\/blogdoprosperi.com","Luiz Pr\u00f3speri","@luiz_prosperi","https:\/\/x.com\/Luizprosperi","@prosperinacopa","luiz.prosperi@icloud.com"],"url":"https:\/\/blogdoprosperi.com\/?author=102107496"}]}},"jetpack_publicize_connections":[],"jetpack_likes_enabled":false,"jetpack_sharing_enabled":true,"jetpack_shortlink":"https:\/\/wp.me\/p7jvdk-cTL","jetpack-related-posts":[{"id":44546,"url":"https:\/\/blogdoprosperi.com\/?p=44546","url_meta":{"origin":49585,"position":0},"title":"Palmeiras, Flamengo e Botafogo cobram CBF por \u00c1rbitro gordo, Arbitragem na UTI e VAR assustador","author":"Luiz Ant\u00f4nio Pr\u00f3speri","date":"8 de agosto de 2024","format":false,"excerpt":"Luiz Antonio Pr\u00f3speri \u2013 8 agosto (16h30) Palmeiras, Flamengo e Botafogo esquecem futebol e batem pesado na arbitragem da CBF ap\u00f3s rodada da Copa do Brasil. CBF n\u00e3o responde. Aguarda protesto oficial dos clubes. Nada de novo futebol brasileiro. \"Arbitragem na UTI\" (Botafogo). \"Obscena foi a arbitragem\" \u00a0(Palmeiras). \"N\u00e3o sabemos\u2026","rel":"","context":"Em &quot;informa\u00e7\u00e3o&quot;","block_context":{"text":"informa\u00e7\u00e3o","link":"https:\/\/blogdoprosperi.com\/?cat=20384"},"img":{"alt_text":"Arbitragem questionada na Copa do Brasil","src":"https:\/\/i0.wp.com\/blogdoprosperi.com\/wp-content\/uploads\/2024\/08\/53909469583_17d2461935_h.jpg?fit=1200%2C675&ssl=1&resize=350%2C200","width":350,"height":200,"srcset":"https:\/\/i0.wp.com\/blogdoprosperi.com\/wp-content\/uploads\/2024\/08\/53909469583_17d2461935_h.jpg?fit=1200%2C675&ssl=1&resize=350%2C200 1x, https:\/\/i0.wp.com\/blogdoprosperi.com\/wp-content\/uploads\/2024\/08\/53909469583_17d2461935_h.jpg?fit=1200%2C675&ssl=1&resize=525%2C300 1.5x, https:\/\/i0.wp.com\/blogdoprosperi.com\/wp-content\/uploads\/2024\/08\/53909469583_17d2461935_h.jpg?fit=1200%2C675&ssl=1&resize=700%2C400 2x, https:\/\/i0.wp.com\/blogdoprosperi.com\/wp-content\/uploads\/2024\/08\/53909469583_17d2461935_h.jpg?fit=1200%2C675&ssl=1&resize=1050%2C600 3x"},"classes":[]},{"id":44486,"url":"https:\/\/blogdoprosperi.com\/?p=44486","url_meta":{"origin":49585,"position":1},"title":"Paralisar o Brasileir\u00e3o 2024, \u00fanica sa\u00edda aos clubes contra suspeitas de ladr\u00f5es do apito e VAR","author":"Luiz Ant\u00f4nio Pr\u00f3speri","date":"26 de julho de 2024","format":false,"excerpt":"Luiz Ant\u00f4nio Pr\u00f3speri - 26 julho (10h58) Clubes da S\u00e9rie A do Brasileir\u00e3o 2024 est\u00e3o em uma enrascada por culpa pr\u00f3pria nesse in\u00edcio de segundo turno do campeonato. V\u00edtimas de erros do VAR e da arbitragem de campo, clubes se revoltam e notificam a CBF a cada derrota ou derrapada\u2026","rel":"","context":"Em &quot;futebol&quot;","block_context":{"text":"futebol","link":"https:\/\/blogdoprosperi.com\/?cat=53870"},"img":{"alt_text":"","src":"https:\/\/i0.wp.com\/blogdoprosperi.com\/wp-content\/uploads\/2024\/07\/img_6228-1.jpg?fit=795%2C448&ssl=1&resize=350%2C200","width":350,"height":200,"srcset":"https:\/\/i0.wp.com\/blogdoprosperi.com\/wp-content\/uploads\/2024\/07\/img_6228-1.jpg?fit=795%2C448&ssl=1&resize=350%2C200 1x, https:\/\/i0.wp.com\/blogdoprosperi.com\/wp-content\/uploads\/2024\/07\/img_6228-1.jpg?fit=795%2C448&ssl=1&resize=525%2C300 1.5x, https:\/\/i0.wp.com\/blogdoprosperi.com\/wp-content\/uploads\/2024\/07\/img_6228-1.jpg?fit=795%2C448&ssl=1&resize=700%2C400 2x"},"classes":[]},{"id":26535,"url":"https:\/\/blogdoprosperi.com\/?p=26535","url_meta":{"origin":49585,"position":2},"title":"Arbitragem do Brasileir\u00e3o sob suspeita, admitem dirigentes de clubes","author":"Luiz Ant\u00f4nio Pr\u00f3speri","date":"24 de setembro de 2016","format":false,"excerpt":"CBF n\u00e3o reage \u00e0 a\u00e7\u00e3o de dirigentes de clubes que pedem a cabe\u00e7a de S\u00e9rgio Correia, presidente da Comiss\u00e3o Nacional de Arbitragem. Cartolas est\u00e3o indignados com as atua\u00e7\u00f5es dos \u00e1rbitros no Campeonato Brasileiro e Copa do Brasil. E prometem olhar com uma lupa as atitudes dos ju\u00edzes na 27.\u00aa rodada\u2026","rel":"","context":"Em &quot;Campeonato Brasileiro&quot;","block_context":{"text":"Campeonato Brasileiro","link":"https:\/\/blogdoprosperi.com\/?cat=355071"},"img":{"alt_text":"","src":"https:\/\/i0.wp.com\/blogdoprosperi.com\/wp-content\/uploads\/2016\/09\/2015052906003-gu227kjcd-1.jpg?resize=350%2C200&ssl=1","width":350,"height":200,"srcset":"https:\/\/i0.wp.com\/blogdoprosperi.com\/wp-content\/uploads\/2016\/09\/2015052906003-gu227kjcd-1.jpg?resize=350%2C200&ssl=1 1x, https:\/\/i0.wp.com\/blogdoprosperi.com\/wp-content\/uploads\/2016\/09\/2015052906003-gu227kjcd-1.jpg?resize=525%2C300&ssl=1 1.5x"},"classes":[]},{"id":55286,"url":"https:\/\/blogdoprosperi.com\/?p=55286","url_meta":{"origin":49585,"position":3},"title":"ARBITRAGEM SUSPEITA | O RETROCESSO DO RETROCESSO","author":"Luiz Ant\u00f4nio Pr\u00f3speri","date":"6 de outubro de 2025","format":false,"excerpt":"Luiz Ant\u00f4nio Pr\u00f3speri \u2013 6 outubro 2025 (18h05) \u2013 Futebol brasileiro volta ao esgoto depois da rodada do Brasileir\u00e3o nesse fim de semana (04 e 05\/10). Arbitragens ruins, uma patente do campeonato nacional n\u00e3o \u00e9 de hoje, inflamam debates na m\u00eddia esportiva, botecos e at\u00e9 na granfinagem de dirigentes de\u2026","rel":"","context":"Em &quot;brasileir\u00e3o 2025&quot;","block_context":{"text":"brasileir\u00e3o 2025","link":"https:\/\/blogdoprosperi.com\/?cat=775970846"},"img":{"alt_text":"Arbitragem no Brasil, o retrocesso do retrocesso","src":"https:\/\/i0.wp.com\/blogdoprosperi.com\/wp-content\/uploads\/2025\/10\/g2hs3qzwiaa982f.jpeg?fit=438%2C547&ssl=1&resize=350%2C200","width":350,"height":200},"classes":[]},{"id":49603,"url":"https:\/\/blogdoprosperi.com\/?p=49603","url_meta":{"origin":49585,"position":4},"title":"Futebol Brasileiro Entra no Labirinto da CBF e N\u00e3o Encontra Rota de Sa\u00edda","author":"Luiz Ant\u00f4nio Pr\u00f3speri","date":"7 de abril de 2025","format":false,"excerpt":"Luiz Ant\u00f4nio Pr\u00f3speri \u2013 7 abril (22h31) \u2013 Futebol brasileiro entra no seu labirinto e n\u00e3o tem a m\u00ednima ideia de como sair dessa enrascada. Estamos em abril, na teoria seria o terceiro m\u00eas da temporada 2025 n\u00e3o fosse entupir m\u00eas de janeiro com jogos e mais jogos. Portanto, quatro\u2026","rel":"","context":"Em &quot;CBF&quot;","block_context":{"text":"CBF","link":"https:\/\/blogdoprosperi.com\/?cat=570700"},"img":{"alt_text":"","src":"https:\/\/i0.wp.com\/blogdoprosperi.com\/wp-content\/uploads\/2025\/04\/image-4.png?fit=1024%2C768&ssl=1&resize=350%2C200","width":350,"height":200,"srcset":"https:\/\/i0.wp.com\/blogdoprosperi.com\/wp-content\/uploads\/2025\/04\/image-4.png?fit=1024%2C768&ssl=1&resize=350%2C200 1x, https:\/\/i0.wp.com\/blogdoprosperi.com\/wp-content\/uploads\/2025\/04\/image-4.png?fit=1024%2C768&ssl=1&resize=525%2C300 1.5x, https:\/\/i0.wp.com\/blogdoprosperi.com\/wp-content\/uploads\/2025\/04\/image-4.png?fit=1024%2C768&ssl=1&resize=700%2C400 2x"},"classes":[]},{"id":50119,"url":"https:\/\/blogdoprosperi.com\/?p=50119","url_meta":{"origin":49585,"position":5},"title":"Clubes Exigem Cria\u00e7\u00e3o da Liga e Participa\u00e7\u00e3o Efetiva na CBF | &#8220;Futebol Brasileiro \u00e9 Inegoci\u00e1vel para N\u00f3s&#8221;","author":"Luiz Ant\u00f4nio Pr\u00f3speri","date":"19 de maio de 2025","format":false,"excerpt":"\u2666 \"Queremos a cria\u00e7\u00e3o da Liga e reconhecimento de que as propriedades comerciais das S\u00e9ries A e B pertencem aos Clubes\" \u2666 \"Altera\u00e7\u00e3o das regras de governan\u00e7a, dando efetivamente poder executivo \u00e0 Comiss\u00e3o Nacional de Clubes\" Luiz Ant\u00f4nio Pr\u00f3speri \u2013 19 maio (21h15) \u2013 CBF enfrenta primeira rebeli\u00e3o desde o\u2026","rel":"","context":"Em &quot;CBF&quot;","block_context":{"text":"CBF","link":"https:\/\/blogdoprosperi.com\/?cat=570700"},"img":{"alt_text":"Clubes exigem cria\u00e7\u00e3o da Liga e voz ativa na CBF","src":"https:\/\/i0.wp.com\/blogdoprosperi.com\/wp-content\/uploads\/2025\/05\/image_placeholder-1-aspect-ratio-512-320-364.webp?fit=950%2C593&ssl=1&resize=350%2C200","width":350,"height":200,"srcset":"https:\/\/i0.wp.com\/blogdoprosperi.com\/wp-content\/uploads\/2025\/05\/image_placeholder-1-aspect-ratio-512-320-364.webp?fit=950%2C593&ssl=1&resize=350%2C200 1x, https:\/\/i0.wp.com\/blogdoprosperi.com\/wp-content\/uploads\/2025\/05\/image_placeholder-1-aspect-ratio-512-320-364.webp?fit=950%2C593&ssl=1&resize=525%2C300 1.5x, https:\/\/i0.wp.com\/blogdoprosperi.com\/wp-content\/uploads\/2025\/05\/image_placeholder-1-aspect-ratio-512-320-364.webp?fit=950%2C593&ssl=1&resize=700%2C400 2x"},"classes":[]}],"jetpack_featured_media_url":"https:\/\/i0.wp.com\/blogdoprosperi.com\/wp-content\/uploads\/2025\/04\/capture_2020-09-06-10-47-421.png?fit=720%2C470&ssl=1","_links":{"self":[{"href":"https:\/\/blogdoprosperi.com\/index.php?rest_route=\/wp\/v2\/posts\/49585","targetHints":{"allow":["GET"]}}],"collection":[{"href":"https:\/\/blogdoprosperi.com\/index.php?rest_route=\/wp\/v2\/posts"}],"about":[{"href":"https:\/\/blogdoprosperi.com\/index.php?rest_route=\/wp\/v2\/types\/post"}],"author":[{"embeddable":true,"href":"https:\/\/blogdoprosperi.com\/index.php?rest_route=\/wp\/v2\/users\/102107496"}],"replies":[{"embeddable":true,"href":"https:\/\/blogdoprosperi.com\/index.php?rest_route=%2Fwp%2Fv2%2Fcomments&post=49585"}],"version-history":[{"count":12,"href":"https:\/\/blogdoprosperi.com\/index.php?rest_route=\/wp\/v2\/posts\/49585\/revisions"}],"predecessor-version":[{"id":49601,"href":"https:\/\/blogdoprosperi.com\/index.php?rest_route=\/wp\/v2\/posts\/49585\/revisions\/49601"}],"wp:featuredmedia":[{"embeddable":true,"href":"https:\/\/blogdoprosperi.com\/index.php?rest_route=\/wp\/v2\/media\/49592"}],"wp:attachment":[{"href":"https:\/\/blogdoprosperi.com\/index.php?rest_route=%2Fwp%2Fv2%2Fmedia&parent=49585"}],"wp:term":[{"taxonomy":"category","embeddable":true,"href":"https:\/\/blogdoprosperi.com\/index.php?rest_route=%2Fwp%2Fv2%2Fcategories&post=49585"},{"taxonomy":"post_tag","embeddable":true,"href":"https:\/\/blogdoprosperi.com\/index.php?rest_route=%2Fwp%2Fv2%2Ftags&post=49585"}],"curies":[{"name":"wp","href":"https:\/\/api.w.org\/{rel}","templated":true}]}}