{"id":49703,"date":"2025-04-10T23:49:51","date_gmt":"2025-04-11T02:49:51","guid":{"rendered":"https:\/\/blogdoprosperi.com\/?p=49703"},"modified":"2025-04-11T06:22:51","modified_gmt":"2025-04-11T09:22:51","slug":"libertadores-sao-paulo-vaiado-e-flamengada-palmeiras-inter-botafogo-e-bahia-cumprem-com-suas-obrigacoes","status":"publish","type":"post","link":"https:\/\/blogdoprosperi.com\/?p=49703","title":{"rendered":"Libertadores: S\u00e3o Paulo Vaiado e Flamengada | Palmeiras, Inter, Botafogo e Bahia Cumprem com Suas Obriga\u00e7\u00f5es"},"content":{"rendered":"<hr>\n<p><strong>\u2666 Quando se v\u00ea obrigado a recorrer aos reservas, tudo se complica. Zubeld\u00eda usa um punhado de meninos da base, evidente sem lastro, e nada acontece<\/strong><\/p>\n<p><strong>\u2666 Quem diria, tivemos uma Flamengada e vaias ao S\u00e3o Paulo. Libertadores n\u00e3o \u00e9 para fracos.<\/strong><\/p>\n<hr>\n<p><em>Luiz Ant\u00f4nio Pr\u00f3speri \u2013 10 abril (23h31) \u2013<\/em><\/p>\n<p>Libertadores n\u00e3o \u00e9 para os fracos. S\u00e3o Paulo abre 2 a 0 em cima do Alianza Lima, do Peru, no Morumbi com quase 50 mil torcedores. Cede empate antes dos 30 minutos do segundo tempo e sai vaiado por sua gente. Por pouco n\u00e3o repete a flamengada de quarta-feira quando o poderoso Rubro-Negro passa vergonha diante do modesto Central C\u00f3rdoba no Maracan\u00e3.<\/p>\n<p>A pixotada do S\u00e3o Paulo se atribui \u00e0 falta de refino da maioria de seus jogadores. Sem Oscar e Lucas, veteranos extraclasse, o time entra na categoria dos comuns. E sobra tudo nas costas do t\u00e9cnico Luis Zubeld\u00eda, obrigado a resolver todas as quest\u00f5es com poucas alternativas.<\/p>\n<p>Vale a ressalva de um erro de Zubeld\u00eda ao sacar Ferreirinha, autor dos dois gols, quando o S\u00e3o Paulo vencia por 2 a 0 com certa folga. Equ\u00edvoco que pode ajudar a abreviar a passagem do argentino pelos lados do Morumbi.<\/p>\n<p>Zubeld\u00eda, quando se v\u00ea obrigado a recorrer aos reservas, tudo se complica. Treinador usa um punhado de meninos da base, evidente sem lastro, e nada acontece. Time se entusiasma. Tem sangue novo nas veias, mas n\u00e3o encontra os caminhos da vit\u00f3ria.<\/p>\n<p>Bom para o Alianza dos quarent\u00f5es Barcos e Guerrero, figurinhas carimbadas em muitos \u00e1lbuns de clubes brasileiros nas \u00faltimas duas d\u00e9cadas. De candidato a ser massacrado, arranca o empate com futebol pelo menos honesto.<\/p>\n<p>Fechamos assim a segunda rodada da fase de grupos da Libertadores. Palmeiras vence (1 a 0) o Cerro, Botafogo derrota (2 a 0) o Carabobo, Bahia passa pelo Nacional do Uruguai e Internacional, com show do meia Alan Patrick, faz 3 a 0 no Atl\u00e9tico Nacional da Col\u00f4mbia. Quatro times brasileiros cumprindo, e bem, com suas obriga\u00e7\u00f5es.<\/p>\n<p>E, quem diria, com uma Flamengada e vaias ao S\u00e3o Paulo. Libertadores n\u00e3o \u00e9 para fracos. N\u00e3o se joga, se vence.<\/p>\n<p><strong>VIOL\u00caNCIA <\/strong><\/p>\n<p>Fortaleza, o s\u00e9timo brasileiro dessa hist\u00f3ria, teve jogo interrompido contra o Colo Colo, no Chile, por atos de viol\u00eancia. Torcedores chilenos invadiram o campo, aos 25 minutos do segundo do tempo. Dois torcedores foram mortos fora do est\u00e1dio. Conmebol analisa se remarca ou cancela o jogo.<\/p>\n","protected":false},"excerpt":{"rendered":"<p>\u2666 Quando se v\u00ea obrigado a recorrer aos reservas, tudo se complica. Zubeld\u00eda usa um punhado de meninos [&hellip;]<\/p>\n","protected":false},"author":102107496,"featured_media":49708,"comment_status":"open","ping_status":"open","sticky":false,"template":"","format":"standard","meta":{"_coblocks_attr":"","_coblocks_dimensions":"","_coblocks_responsive_height":"","_coblocks_accordion_ie_support":"","_jetpack_newsletter_access":"","_jetpack_dont_email_post_to_subs":false,"_jetpack_newsletter_tier_id":0,"_jetpack_memberships_contains_paywalled_content":false,"_wpcom_ai_launchpad_first_post":false,"_jetpack_feature_clip_id":0,"_jetpack_memberships_contains_paid_content":false,"footnotes":"","jetpack_publicize_message":"","jetpack_publicize_feature_enabled":true,"jetpack_social_post_already_shared":false,"jetpack_social_options":{"image_generator_settings":{"template":"highway","default_image_id":0,"font":"","enabled":false},"version":2},"jetpack_post_was_ever_published":false},"categories":[3919],"tags":[311606,45332027,780048297,117496,776378861,789560573,287104,780048296],"class_list":["post-49703","post","type-post","status-publish","format-standard","has-post-thumbnail","hentry","category-opiniao","tag-bahia","tag-flamengada","tag-inter-3-a-0-atletico-nacional","tag-libertadores","tag-libertadores-2025","tag-luiz-antonio-prosperi","tag-palmeiras","tag-sao-paul-2-x-2-alianza-lima"],"yoast_head":"<!-- This site is optimized with the Yoast SEO plugin v28.3 - https:\/\/yoast.com\/product\/yoast-seo-wordpress\/ -->\n<title>Libertadores: S\u00e3o Paulo Vaiado e Flamengada | Palmeiras, Inter, Botafogo e Bahia Cumprem com Suas Obriga\u00e7\u00f5es - PR\u00d3SPERI NEWS<\/title>\n<meta name=\"robots\" content=\"index, follow, max-snippet:-1, max-image-preview:large, max-video-preview:-1\" \/>\n<link rel=\"canonical\" href=\"https:\/\/blogdoprosperi.com\/?p=49703\" \/>\n<meta property=\"og:locale\" content=\"pt_BR\" \/>\n<meta property=\"og:type\" content=\"article\" \/>\n<meta property=\"og:title\" content=\"Libertadores: S\u00e3o Paulo Vaiado e Flamengada | Palmeiras, Inter, Botafogo e Bahia Cumprem com Suas Obriga\u00e7\u00f5es - PR\u00d3SPERI NEWS\" \/>\n<meta property=\"og:description\" content=\"\u2666 Quando se v\u00ea obrigado a recorrer aos reservas, tudo se complica. Zubeld\u00eda usa um punhado de meninos [&hellip;]\" \/>\n<meta property=\"og:url\" content=\"https:\/\/blogdoprosperi.com\/?p=49703\" \/>\n<meta property=\"og:site_name\" content=\"PR\u00d3SPERI NEWS\" \/>\n<meta property=\"article:publisher\" content=\"Luiz Pr\u00f3speri\" \/>\n<meta property=\"article:author\" content=\"Luiz Pr\u00f3speri\" \/>\n<meta property=\"article:published_time\" content=\"2025-04-11T02:49:51+00:00\" \/>\n<meta property=\"article:modified_time\" content=\"2025-04-11T09:22:51+00:00\" \/>\n<meta property=\"og:image\" content=\"https:\/\/i0.wp.com\/blogdoprosperi.com\/wp-content\/uploads\/2025\/04\/54444296119_bea01a6047_c.jpg?fit=800%2C549&ssl=1\" \/>\n\t<meta property=\"og:image:width\" content=\"800\" \/>\n\t<meta property=\"og:image:height\" content=\"549\" \/>\n\t<meta property=\"og:image:type\" content=\"image\/jpeg\" \/>\n<meta name=\"author\" content=\"Luiz Ant\u00f4nio Pr\u00f3speri\" \/>\n<meta name=\"twitter:card\" content=\"summary_large_image\" \/>\n<meta name=\"twitter:creator\" content=\"@Luizprosperi\" \/>\n<meta name=\"twitter:site\" content=\"@Luizprosperi\" \/>\n<meta name=\"twitter:label1\" content=\"Escrito por\" \/>\n\t<meta name=\"twitter:data1\" content=\"Luiz Ant\u00f4nio Pr\u00f3speri\" \/>\n\t<meta name=\"twitter:label2\" content=\"Est. tempo de leitura\" \/>\n\t<meta name=\"twitter:data2\" content=\"2 minutos\" \/>\n<script type=\"application\/ld+json\" class=\"yoast-schema-graph\">{\"@context\":\"https:\\\/\\\/schema.org\",\"@graph\":[{\"@type\":\"Article\",\"@id\":\"https:\\\/\\\/blogdoprosperi.com\\\/?p=49703#article\",\"isPartOf\":{\"@id\":\"https:\\\/\\\/blogdoprosperi.com\\\/?p=49703\"},\"author\":{\"name\":\"Luiz Ant\u00f4nio Pr\u00f3speri\",\"@id\":\"https:\\\/\\\/blogdoprosperi.com\\\/#\\\/schema\\\/person\\\/38100755ce3601861ee4fab9b5aa78e9\"},\"headline\":\"Libertadores: S\u00e3o Paulo Vaiado e Flamengada | Palmeiras, Inter, Botafogo e Bahia Cumprem com Suas Obriga\u00e7\u00f5es\",\"datePublished\":\"2025-04-11T02:49:51+00:00\",\"dateModified\":\"2025-04-11T09:22:51+00:00\",\"mainEntityOfPage\":{\"@id\":\"https:\\\/\\\/blogdoprosperi.com\\\/?p=49703\"},\"wordCount\":427,\"commentCount\":0,\"publisher\":{\"@id\":\"https:\\\/\\\/blogdoprosperi.com\\\/#\\\/schema\\\/person\\\/38100755ce3601861ee4fab9b5aa78e9\"},\"image\":{\"@id\":\"https:\\\/\\\/blogdoprosperi.com\\\/?p=49703#primaryimage\"},\"thumbnailUrl\":\"https:\\\/\\\/i0.wp.com\\\/blogdoprosperi.com\\\/wp-content\\\/uploads\\\/2025\\\/04\\\/54444296119_bea01a6047_c.jpg?fit=800%2C549&ssl=1\",\"keywords\":[\"bahia\",\"flamengada\",\"inter 3 a 0 atl\u00e9tico nacional\",\"Libertadores\",\"Libertadores 2025\",\"Luiz Ant\u00f4nio Pr\u00f3speri\",\"Palmeiras\",\"s\u00e3o paul 2 x 2 alianza lima\"],\"articleSection\":[\"opini\u00e3o\"],\"inLanguage\":\"pt-BR\",\"potentialAction\":[{\"@type\":\"CommentAction\",\"name\":\"Comment\",\"target\":[\"https:\\\/\\\/blogdoprosperi.com\\\/?p=49703#respond\"]}]},{\"@type\":\"WebPage\",\"@id\":\"https:\\\/\\\/blogdoprosperi.com\\\/?p=49703\",\"url\":\"https:\\\/\\\/blogdoprosperi.com\\\/?p=49703\",\"name\":\"Libertadores: S\u00e3o Paulo Vaiado e Flamengada | Palmeiras, Inter, Botafogo e Bahia Cumprem com Suas Obriga\u00e7\u00f5es - PR\u00d3SPERI NEWS\",\"isPartOf\":{\"@id\":\"https:\\\/\\\/blogdoprosperi.com\\\/#website\"},\"primaryImageOfPage\":{\"@id\":\"https:\\\/\\\/blogdoprosperi.com\\\/?p=49703#primaryimage\"},\"image\":{\"@id\":\"https:\\\/\\\/blogdoprosperi.com\\\/?p=49703#primaryimage\"},\"thumbnailUrl\":\"https:\\\/\\\/i0.wp.com\\\/blogdoprosperi.com\\\/wp-content\\\/uploads\\\/2025\\\/04\\\/54444296119_bea01a6047_c.jpg?fit=800%2C549&ssl=1\",\"datePublished\":\"2025-04-11T02:49:51+00:00\",\"dateModified\":\"2025-04-11T09:22:51+00:00\",\"breadcrumb\":{\"@id\":\"https:\\\/\\\/blogdoprosperi.com\\\/?p=49703#breadcrumb\"},\"inLanguage\":\"pt-BR\",\"potentialAction\":[{\"@type\":\"ReadAction\",\"target\":[\"https:\\\/\\\/blogdoprosperi.com\\\/?p=49703\"]}]},{\"@type\":\"ImageObject\",\"inLanguage\":\"pt-BR\",\"@id\":\"https:\\\/\\\/blogdoprosperi.com\\\/?p=49703#primaryimage\",\"url\":\"https:\\\/\\\/i0.wp.com\\\/blogdoprosperi.com\\\/wp-content\\\/uploads\\\/2025\\\/04\\\/54444296119_bea01a6047_c.jpg?fit=800%2C549&ssl=1\",\"contentUrl\":\"https:\\\/\\\/i0.wp.com\\\/blogdoprosperi.com\\\/wp-content\\\/uploads\\\/2025\\\/04\\\/54444296119_bea01a6047_c.jpg?fit=800%2C549&ssl=1\",\"width\":800,\"height\":549,\"caption\":\"Zubeld\u00eda paga conta no S\u00e3o Paulo \u2013 foto: S\u00e3o Paulo flickr\"},{\"@type\":\"BreadcrumbList\",\"@id\":\"https:\\\/\\\/blogdoprosperi.com\\\/?p=49703#breadcrumb\",\"itemListElement\":[{\"@type\":\"ListItem\",\"position\":1,\"name\":\"In\u00edcio\",\"item\":\"https:\\\/\\\/blogdoprosperi.com\\\/\"},{\"@type\":\"ListItem\",\"position\":2,\"name\":\"Libertadores: S\u00e3o Paulo Vaiado e Flamengada | Palmeiras, Inter, Botafogo e Bahia Cumprem com Suas Obriga\u00e7\u00f5es\"}]},{\"@type\":\"WebSite\",\"@id\":\"https:\\\/\\\/blogdoprosperi.com\\\/#website\",\"url\":\"https:\\\/\\\/blogdoprosperi.com\\\/\",\"name\":\"PR\u00d3SPERI NEWS\",\"description\":\"TUDO \u00c9  FUTEBOL\",\"publisher\":{\"@id\":\"https:\\\/\\\/blogdoprosperi.com\\\/#\\\/schema\\\/person\\\/38100755ce3601861ee4fab9b5aa78e9\"},\"alternateName\":\"blogdoprosperi.com\",\"potentialAction\":[{\"@type\":\"SearchAction\",\"target\":{\"@type\":\"EntryPoint\",\"urlTemplate\":\"https:\\\/\\\/blogdoprosperi.com\\\/?s={search_term_string}\"},\"query-input\":{\"@type\":\"PropertyValueSpecification\",\"valueRequired\":true,\"valueName\":\"search_term_string\"}}],\"inLanguage\":\"pt-BR\"},{\"@type\":[\"Person\",\"Organization\"],\"@id\":\"https:\\\/\\\/blogdoprosperi.com\\\/#\\\/schema\\\/person\\\/38100755ce3601861ee4fab9b5aa78e9\",\"name\":\"Luiz Ant\u00f4nio Pr\u00f3speri\",\"pronouns\":\"ele\",\"image\":{\"@type\":\"ImageObject\",\"inLanguage\":\"pt-BR\",\"@id\":\"https:\\\/\\\/i0.wp.com\\\/blogdoprosperi.com\\\/wp-content\\\/uploads\\\/2026\\\/05\\\/cropped-8059e613-6002-42fa-961e-8e275f575d71-2-5.jpg?fit=1360%2C931&ssl=1\",\"url\":\"https:\\\/\\\/i0.wp.com\\\/blogdoprosperi.com\\\/wp-content\\\/uploads\\\/2026\\\/05\\\/cropped-8059e613-6002-42fa-961e-8e275f575d71-2-5.jpg?fit=1360%2C931&ssl=1\",\"contentUrl\":\"https:\\\/\\\/i0.wp.com\\\/blogdoprosperi.com\\\/wp-content\\\/uploads\\\/2026\\\/05\\\/cropped-8059e613-6002-42fa-961e-8e275f575d71-2-5.jpg?fit=1360%2C931&ssl=1\",\"width\":1360,\"height\":931,\"caption\":\"Luiz Ant\u00f4nio Pr\u00f3speri\"},\"logo\":{\"@id\":\"https:\\\/\\\/i0.wp.com\\\/blogdoprosperi.com\\\/wp-content\\\/uploads\\\/2026\\\/05\\\/cropped-8059e613-6002-42fa-961e-8e275f575d71-2-5.jpg?fit=1360%2C931&ssl=1\"},\"description\":\"Jornalista com carreira dedicada ao esporte. Cobriu 9 Copas do Mundo in loco, 1990 na It\u00e1lia, 1994 nos EUA, 1998 na Fran\u00e7a, 2002 na Coreia do Sul e Jap\u00e3o, 2006 na Alemanha, 2010 na \u00c1frica do Sul, 2014 no Brasil, 2018 na R\u00fassia e 2022 no Qatar. Eurocopas, 1992 na Su\u00e9cia e 1996 na Inglaterra. Copa das Confedera\u00e7\u00f5es de 2005 na Alemanha e 2009 na \u00c1frica do Sul. Rep\u00f3rter e Editor, trabalhou no Jornal da Tarde e Estad\u00e3o, de 1984 a fevereiro de 2016. Colunista, blogueiro. E comentarista de futebol na R\u00e1dio Estad\u00e3o, de 2013 a fevereiro de 2016. Jornalista respons\u00e1vel do \\\"Pr\u00f3speri News\\\" (blogdoprosperi.com).\",\"sameAs\":[\"http:\\\/\\\/blogdoprosperi.com\",\"Luiz Pr\u00f3speri\",\"@luiz_prosperi\",\"https:\\\/\\\/x.com\\\/Luizprosperi\",\"@prosperinacopa\",\"luiz.prosperi@icloud.com\"],\"url\":\"https:\\\/\\\/blogdoprosperi.com\\\/?author=102107496\"}]}<\/script>\n<!-- \/ Yoast SEO plugin. -->","yoast_head_json":{"title":"Libertadores: S\u00e3o Paulo Vaiado e Flamengada | Palmeiras, Inter, Botafogo e Bahia Cumprem com Suas Obriga\u00e7\u00f5es - PR\u00d3SPERI NEWS","robots":{"index":"index","follow":"follow","max-snippet":"max-snippet:-1","max-image-preview":"max-image-preview:large","max-video-preview":"max-video-preview:-1"},"canonical":"https:\/\/blogdoprosperi.com\/?p=49703","og_locale":"pt_BR","og_type":"article","og_title":"Libertadores: S\u00e3o Paulo Vaiado e Flamengada | Palmeiras, Inter, Botafogo e Bahia Cumprem com Suas Obriga\u00e7\u00f5es - PR\u00d3SPERI NEWS","og_description":"\u2666 Quando se v\u00ea obrigado a recorrer aos reservas, tudo se complica. Zubeld\u00eda usa um punhado de meninos [&hellip;]","og_url":"https:\/\/blogdoprosperi.com\/?p=49703","og_site_name":"PR\u00d3SPERI NEWS","article_publisher":"Luiz Pr\u00f3speri","article_author":"Luiz Pr\u00f3speri","article_published_time":"2025-04-11T02:49:51+00:00","article_modified_time":"2025-04-11T09:22:51+00:00","og_image":[{"width":800,"height":549,"url":"https:\/\/i0.wp.com\/blogdoprosperi.com\/wp-content\/uploads\/2025\/04\/54444296119_bea01a6047_c.jpg?fit=800%2C549&ssl=1","type":"image\/jpeg"}],"author":"Luiz Ant\u00f4nio Pr\u00f3speri","twitter_card":"summary_large_image","twitter_creator":"@Luizprosperi","twitter_site":"@Luizprosperi","twitter_misc":{"Escrito por":"Luiz Ant\u00f4nio Pr\u00f3speri","Est. tempo de leitura":"2 minutos"},"schema":{"@context":"https:\/\/schema.org","@graph":[{"@type":"Article","@id":"https:\/\/blogdoprosperi.com\/?p=49703#article","isPartOf":{"@id":"https:\/\/blogdoprosperi.com\/?p=49703"},"author":{"name":"Luiz Ant\u00f4nio Pr\u00f3speri","@id":"https:\/\/blogdoprosperi.com\/#\/schema\/person\/38100755ce3601861ee4fab9b5aa78e9"},"headline":"Libertadores: S\u00e3o Paulo Vaiado e Flamengada | Palmeiras, Inter, Botafogo e Bahia Cumprem com Suas Obriga\u00e7\u00f5es","datePublished":"2025-04-11T02:49:51+00:00","dateModified":"2025-04-11T09:22:51+00:00","mainEntityOfPage":{"@id":"https:\/\/blogdoprosperi.com\/?p=49703"},"wordCount":427,"commentCount":0,"publisher":{"@id":"https:\/\/blogdoprosperi.com\/#\/schema\/person\/38100755ce3601861ee4fab9b5aa78e9"},"image":{"@id":"https:\/\/blogdoprosperi.com\/?p=49703#primaryimage"},"thumbnailUrl":"https:\/\/i0.wp.com\/blogdoprosperi.com\/wp-content\/uploads\/2025\/04\/54444296119_bea01a6047_c.jpg?fit=800%2C549&ssl=1","keywords":["bahia","flamengada","inter 3 a 0 atl\u00e9tico nacional","Libertadores","Libertadores 2025","Luiz Ant\u00f4nio Pr\u00f3speri","Palmeiras","s\u00e3o paul 2 x 2 alianza lima"],"articleSection":["opini\u00e3o"],"inLanguage":"pt-BR","potentialAction":[{"@type":"CommentAction","name":"Comment","target":["https:\/\/blogdoprosperi.com\/?p=49703#respond"]}]},{"@type":"WebPage","@id":"https:\/\/blogdoprosperi.com\/?p=49703","url":"https:\/\/blogdoprosperi.com\/?p=49703","name":"Libertadores: S\u00e3o Paulo Vaiado e Flamengada | Palmeiras, Inter, Botafogo e Bahia Cumprem com Suas Obriga\u00e7\u00f5es - PR\u00d3SPERI NEWS","isPartOf":{"@id":"https:\/\/blogdoprosperi.com\/#website"},"primaryImageOfPage":{"@id":"https:\/\/blogdoprosperi.com\/?p=49703#primaryimage"},"image":{"@id":"https:\/\/blogdoprosperi.com\/?p=49703#primaryimage"},"thumbnailUrl":"https:\/\/i0.wp.com\/blogdoprosperi.com\/wp-content\/uploads\/2025\/04\/54444296119_bea01a6047_c.jpg?fit=800%2C549&ssl=1","datePublished":"2025-04-11T02:49:51+00:00","dateModified":"2025-04-11T09:22:51+00:00","breadcrumb":{"@id":"https:\/\/blogdoprosperi.com\/?p=49703#breadcrumb"},"inLanguage":"pt-BR","potentialAction":[{"@type":"ReadAction","target":["https:\/\/blogdoprosperi.com\/?p=49703"]}]},{"@type":"ImageObject","inLanguage":"pt-BR","@id":"https:\/\/blogdoprosperi.com\/?p=49703#primaryimage","url":"https:\/\/i0.wp.com\/blogdoprosperi.com\/wp-content\/uploads\/2025\/04\/54444296119_bea01a6047_c.jpg?fit=800%2C549&ssl=1","contentUrl":"https:\/\/i0.wp.com\/blogdoprosperi.com\/wp-content\/uploads\/2025\/04\/54444296119_bea01a6047_c.jpg?fit=800%2C549&ssl=1","width":800,"height":549,"caption":"Zubeld\u00eda paga conta no S\u00e3o Paulo \u2013 foto: S\u00e3o Paulo flickr"},{"@type":"BreadcrumbList","@id":"https:\/\/blogdoprosperi.com\/?p=49703#breadcrumb","itemListElement":[{"@type":"ListItem","position":1,"name":"In\u00edcio","item":"https:\/\/blogdoprosperi.com\/"},{"@type":"ListItem","position":2,"name":"Libertadores: S\u00e3o Paulo Vaiado e Flamengada | Palmeiras, Inter, Botafogo e Bahia Cumprem com Suas Obriga\u00e7\u00f5es"}]},{"@type":"WebSite","@id":"https:\/\/blogdoprosperi.com\/#website","url":"https:\/\/blogdoprosperi.com\/","name":"PR\u00d3SPERI NEWS","description":"TUDO \u00c9  FUTEBOL","publisher":{"@id":"https:\/\/blogdoprosperi.com\/#\/schema\/person\/38100755ce3601861ee4fab9b5aa78e9"},"alternateName":"blogdoprosperi.com","potentialAction":[{"@type":"SearchAction","target":{"@type":"EntryPoint","urlTemplate":"https:\/\/blogdoprosperi.com\/?s={search_term_string}"},"query-input":{"@type":"PropertyValueSpecification","valueRequired":true,"valueName":"search_term_string"}}],"inLanguage":"pt-BR"},{"@type":["Person","Organization"],"@id":"https:\/\/blogdoprosperi.com\/#\/schema\/person\/38100755ce3601861ee4fab9b5aa78e9","name":"Luiz Ant\u00f4nio Pr\u00f3speri","pronouns":"ele","image":{"@type":"ImageObject","inLanguage":"pt-BR","@id":"https:\/\/i0.wp.com\/blogdoprosperi.com\/wp-content\/uploads\/2026\/05\/cropped-8059e613-6002-42fa-961e-8e275f575d71-2-5.jpg?fit=1360%2C931&ssl=1","url":"https:\/\/i0.wp.com\/blogdoprosperi.com\/wp-content\/uploads\/2026\/05\/cropped-8059e613-6002-42fa-961e-8e275f575d71-2-5.jpg?fit=1360%2C931&ssl=1","contentUrl":"https:\/\/i0.wp.com\/blogdoprosperi.com\/wp-content\/uploads\/2026\/05\/cropped-8059e613-6002-42fa-961e-8e275f575d71-2-5.jpg?fit=1360%2C931&ssl=1","width":1360,"height":931,"caption":"Luiz Ant\u00f4nio Pr\u00f3speri"},"logo":{"@id":"https:\/\/i0.wp.com\/blogdoprosperi.com\/wp-content\/uploads\/2026\/05\/cropped-8059e613-6002-42fa-961e-8e275f575d71-2-5.jpg?fit=1360%2C931&ssl=1"},"description":"Jornalista com carreira dedicada ao esporte. Cobriu 9 Copas do Mundo in loco, 1990 na It\u00e1lia, 1994 nos EUA, 1998 na Fran\u00e7a, 2002 na Coreia do Sul e Jap\u00e3o, 2006 na Alemanha, 2010 na \u00c1frica do Sul, 2014 no Brasil, 2018 na R\u00fassia e 2022 no Qatar. Eurocopas, 1992 na Su\u00e9cia e 1996 na Inglaterra. Copa das Confedera\u00e7\u00f5es de 2005 na Alemanha e 2009 na \u00c1frica do Sul. Rep\u00f3rter e Editor, trabalhou no Jornal da Tarde e Estad\u00e3o, de 1984 a fevereiro de 2016. Colunista, blogueiro. E comentarista de futebol na R\u00e1dio Estad\u00e3o, de 2013 a fevereiro de 2016. Jornalista respons\u00e1vel do \"Pr\u00f3speri News\" (blogdoprosperi.com).","sameAs":["http:\/\/blogdoprosperi.com","Luiz Pr\u00f3speri","@luiz_prosperi","https:\/\/x.com\/Luizprosperi","@prosperinacopa","luiz.prosperi@icloud.com"],"url":"https:\/\/blogdoprosperi.com\/?author=102107496"}]}},"jetpack_publicize_connections":[],"jetpack_likes_enabled":false,"jetpack_sharing_enabled":true,"jetpack_shortlink":"https:\/\/wp.me\/p7jvdk-cVF","jetpack-related-posts":[{"id":48977,"url":"https:\/\/blogdoprosperi.com\/?p=48977","url_meta":{"origin":49703,"position":0},"title":"Libertadores Sorteio |Grupos Acess\u00edveis e Perspectivas dos Times Brasileiros","author":"Luiz Ant\u00f4nio Pr\u00f3speri","date":"17 de mar\u00e7o de 2025","format":false,"excerpt":"Luiz Antonio Pr\u00f3speri \u2013 17 mar\u00e7o (22h05) \u2013 Libertadores 2025 conhece os oito grupos no sorteio nesta noite de segunda-feira (17\/3) em Assun\u00e7\u00e3o. Divididos em quatro potes, o giro das bolinhas definiu o destino dos clubes. Brasil tem sete representantes. Botafogo, Palmeiras, S\u00e3o Paulo, Fortaleza e Flamengo caem em grupos\u2026","rel":"","context":"Em &quot;futebol&quot;","block_context":{"text":"futebol","link":"https:\/\/blogdoprosperi.com\/?cat=53870"},"img":{"alt_text":"Libertadores 2026","src":"https:\/\/i0.wp.com\/blogdoprosperi.com\/wp-content\/uploads\/2023\/03\/fsrk8i2waaabn_f.jpeg?fit=678%2C452&ssl=1&resize=350%2C200","width":350,"height":200,"srcset":"https:\/\/i0.wp.com\/blogdoprosperi.com\/wp-content\/uploads\/2023\/03\/fsrk8i2waaabn_f.jpeg?fit=678%2C452&ssl=1&resize=350%2C200 1x, https:\/\/i0.wp.com\/blogdoprosperi.com\/wp-content\/uploads\/2023\/03\/fsrk8i2waaabn_f.jpeg?fit=678%2C452&ssl=1&resize=525%2C300 1.5x"},"classes":[]},{"id":49439,"url":"https:\/\/blogdoprosperi.com\/?p=49439","url_meta":{"origin":49703,"position":1},"title":"Libertadores 2025 | Campe\u00e3o Leva R$ 136 milh\u00f5es de Premia\u00e7\u00e3o \u2013 Confira Transmiss\u00e3o da Primeira Rodada na TV","author":"Luiz Ant\u00f4nio Pr\u00f3speri","date":"1 de abril de 2025","format":false,"excerpt":"Luiz Ant\u00f4nio Pr\u00f3speri \u2013 1 abril (19h15) \u2013 Libertadores 2025 come\u00e7a nesta ter\u00e7a-feira (01\/4) prometendo pagar ao campe\u00e3o US$ 24 milh\u00f5es (R$ 136 milh\u00f5es). Trata-se de uma luta de clubes de nove pa\u00edses sul-americanos contra hegemonia dos times do Brasil. A ta\u00e7a est\u00e1 em posse de clubes brasileiros de 2019\u2026","rel":"","context":"Em &quot;futebol&quot;","block_context":{"text":"futebol","link":"https:\/\/blogdoprosperi.com\/?cat=53870"},"img":{"alt_text":"Libertadores 2026","src":"https:\/\/i0.wp.com\/blogdoprosperi.com\/wp-content\/uploads\/2023\/03\/fsrk8i2waaabn_f.jpeg?fit=678%2C452&ssl=1&resize=350%2C200","width":350,"height":200,"srcset":"https:\/\/i0.wp.com\/blogdoprosperi.com\/wp-content\/uploads\/2023\/03\/fsrk8i2waaabn_f.jpeg?fit=678%2C452&ssl=1&resize=350%2C200 1x, https:\/\/i0.wp.com\/blogdoprosperi.com\/wp-content\/uploads\/2023\/03\/fsrk8i2waaabn_f.jpeg?fit=678%2C452&ssl=1&resize=525%2C300 1.5x"},"classes":[]},{"id":48779,"url":"https:\/\/blogdoprosperi.com\/?p=48779","url_meta":{"origin":49703,"position":2},"title":"Libertadores e Copa do Brasil | Confira Potes dos Sorteios dos Grupos","author":"Luiz Ant\u00f4nio Pr\u00f3speri","date":"14 de mar\u00e7o de 2025","format":false,"excerpt":"Luiz Ant\u00f4nio Pr\u00f3speri \u2013 14 mar\u00e7o (13h50) \u2013 Conmebol faz sorteio da fase de grupos da Libertadores na segunda-feira (17\/3). Brasil ter\u00e1 sete clubes: Palmeiras, Flamengo, Botafogo, S\u00e3o Paulo, Internacional, Fortaleza e Bahia. Corinthians estaria nos potes, mas caiu eliminado nas seletivas contra o Barcelona do Equador. De acordo com\u2026","rel":"","context":"Em &quot;futebol&quot;","block_context":{"text":"futebol","link":"https:\/\/blogdoprosperi.com\/?cat=53870"},"img":{"alt_text":"Libertadores 2026","src":"https:\/\/i0.wp.com\/blogdoprosperi.com\/wp-content\/uploads\/2023\/03\/fsrk8i2waaabn_f.jpeg?fit=678%2C452&ssl=1&resize=350%2C200","width":350,"height":200,"srcset":"https:\/\/i0.wp.com\/blogdoprosperi.com\/wp-content\/uploads\/2023\/03\/fsrk8i2waaabn_f.jpeg?fit=678%2C452&ssl=1&resize=350%2C200 1x, https:\/\/i0.wp.com\/blogdoprosperi.com\/wp-content\/uploads\/2023\/03\/fsrk8i2waaabn_f.jpeg?fit=678%2C452&ssl=1&resize=525%2C300 1.5x"},"classes":[]},{"id":49530,"url":"https:\/\/blogdoprosperi.com\/?p=49530","url_meta":{"origin":49703,"position":3},"title":"Libertadores | Favoritos Palmeiras e Flamengo, Sem Brilho, Vencem na Estreia","author":"Luiz Ant\u00f4nio Pr\u00f3speri","date":"3 de abril de 2025","format":false,"excerpt":"Luiz Ant\u00f4nio Pr\u00f3speri \u2013 3 abril (23h25) \u2013 Corrida em busca da gl\u00f3ria eterna da Libertadores n\u00e3o come\u00e7a t\u00e3o firme aos clubes brasileiros. Derrotas surpreendentes e vit\u00f3rias sem folga no placar. Ainda estamos aqui vivendo a ressaca e estragos dos campeonatos estaduais encerrados h\u00e1 pouco e do in\u00edcio do Brasileir\u00e3o.\u2026","rel":"","context":"Em &quot;futebol&quot;","block_context":{"text":"futebol","link":"https:\/\/blogdoprosperi.com\/?cat=53870"},"img":{"alt_text":"Palmeiras vence Sporting Cristal na Libertadores","src":"https:\/\/i0.wp.com\/blogdoprosperi.com\/wp-content\/uploads\/2025\/04\/54429348774_3a4fb37de1_c.jpg?fit=800%2C481&ssl=1&resize=350%2C200","width":350,"height":200,"srcset":"https:\/\/i0.wp.com\/blogdoprosperi.com\/wp-content\/uploads\/2025\/04\/54429348774_3a4fb37de1_c.jpg?fit=800%2C481&ssl=1&resize=350%2C200 1x, https:\/\/i0.wp.com\/blogdoprosperi.com\/wp-content\/uploads\/2025\/04\/54429348774_3a4fb37de1_c.jpg?fit=800%2C481&ssl=1&resize=525%2C300 1.5x, https:\/\/i0.wp.com\/blogdoprosperi.com\/wp-content\/uploads\/2025\/04\/54429348774_3a4fb37de1_c.jpg?fit=800%2C481&ssl=1&resize=700%2C400 2x"},"classes":[]},{"id":50568,"url":"https:\/\/blogdoprosperi.com\/?p=50568","url_meta":{"origin":49703,"position":4},"title":"Libertadores Sorteio | An\u00e1lise: Palmeiras e S\u00e3o Paulo T\u00eam Caminho Mais Complicado at\u00e9 a Final","author":"Luiz Ant\u00f4nio Pr\u00f3speri","date":"2 de junho de 2025","format":false,"excerpt":"Luiz Ant\u00f4nio Pr\u00f3speri \u2013 2 junho (13h11) \u2013 Palmeiras e S\u00e3o Paulo entram no lado mais complicado das oitavas de final da Libertadores 2025. No caso de avan\u00e7arem \u00e0s quartas, poder\u00e3o enfrentar River Plate e Botafogo, respectivamente. Do outro lado da chave, Internacional e Flamengo t\u00eam confronto direto e, bem\u2026","rel":"","context":"Em &quot;futebol&quot;","block_context":{"text":"futebol","link":"https:\/\/blogdoprosperi.com\/?cat=53870"},"img":{"alt_text":"Libertadores 2026","src":"https:\/\/i0.wp.com\/blogdoprosperi.com\/wp-content\/uploads\/2023\/03\/fsrk8i2waaabn_f.jpeg?fit=678%2C452&ssl=1&resize=350%2C200","width":350,"height":200,"srcset":"https:\/\/i0.wp.com\/blogdoprosperi.com\/wp-content\/uploads\/2023\/03\/fsrk8i2waaabn_f.jpeg?fit=678%2C452&ssl=1&resize=350%2C200 1x, https:\/\/i0.wp.com\/blogdoprosperi.com\/wp-content\/uploads\/2023\/03\/fsrk8i2waaabn_f.jpeg?fit=678%2C452&ssl=1&resize=525%2C300 1.5x"},"classes":[]},{"id":46700,"url":"https:\/\/blogdoprosperi.com\/?p=46700","url_meta":{"origin":49703,"position":5},"title":"John Textor | I Love Flamengo","author":"Luiz Ant\u00f4nio Pr\u00f3speri","date":"2 de dezembro de 2024","format":false,"excerpt":"Luiz Ant\u00f4nio Pr\u00f3speri \u2013 2 dezembro (10h35) \u2013 Praia de Botafogo abarrotada de torcedores, domingo (01\/12), \u00e0 noite. Tr\u00eas trios el\u00e9tricos embalando a massa. Do alto de um deles, o americano John Textor se esbalda na comemora\u00e7\u00e3o da conquista da Libertadores da Am\u00e9rica. Ao ser entrevistado por uma rep\u00f3rter do\u2026","rel":"","context":"Em &quot;futebol&quot;","block_context":{"text":"futebol","link":"https:\/\/blogdoprosperi.com\/?cat=53870"},"img":{"alt_text":"Textor repete gesto de Tulio Maravilha em 1995","src":"https:\/\/i0.wp.com\/blogdoprosperi.com\/wp-content\/uploads\/2024\/12\/john-textor-replica-tulio-maravilha-em-chegada-epica-do-botafogo-ao-rio2c-apos-titulo-da-libertadores.jpg.webp?fit=984%2C656&ssl=1&resize=350%2C200","width":350,"height":200,"srcset":"https:\/\/i0.wp.com\/blogdoprosperi.com\/wp-content\/uploads\/2024\/12\/john-textor-replica-tulio-maravilha-em-chegada-epica-do-botafogo-ao-rio2c-apos-titulo-da-libertadores.jpg.webp?fit=984%2C656&ssl=1&resize=350%2C200 1x, https:\/\/i0.wp.com\/blogdoprosperi.com\/wp-content\/uploads\/2024\/12\/john-textor-replica-tulio-maravilha-em-chegada-epica-do-botafogo-ao-rio2c-apos-titulo-da-libertadores.jpg.webp?fit=984%2C656&ssl=1&resize=525%2C300 1.5x, https:\/\/i0.wp.com\/blogdoprosperi.com\/wp-content\/uploads\/2024\/12\/john-textor-replica-tulio-maravilha-em-chegada-epica-do-botafogo-ao-rio2c-apos-titulo-da-libertadores.jpg.webp?fit=984%2C656&ssl=1&resize=700%2C400 2x"},"classes":[]}],"jetpack_featured_media_url":"https:\/\/i0.wp.com\/blogdoprosperi.com\/wp-content\/uploads\/2025\/04\/54444296119_bea01a6047_c.jpg?fit=800%2C549&ssl=1","_links":{"self":[{"href":"https:\/\/blogdoprosperi.com\/index.php?rest_route=\/wp\/v2\/posts\/49703","targetHints":{"allow":["GET"]}}],"collection":[{"href":"https:\/\/blogdoprosperi.com\/index.php?rest_route=\/wp\/v2\/posts"}],"about":[{"href":"https:\/\/blogdoprosperi.com\/index.php?rest_route=\/wp\/v2\/types\/post"}],"author":[{"embeddable":true,"href":"https:\/\/blogdoprosperi.com\/index.php?rest_route=\/wp\/v2\/users\/102107496"}],"replies":[{"embeddable":true,"href":"https:\/\/blogdoprosperi.com\/index.php?rest_route=%2Fwp%2Fv2%2Fcomments&post=49703"}],"version-history":[{"count":9,"href":"https:\/\/blogdoprosperi.com\/index.php?rest_route=\/wp\/v2\/posts\/49703\/revisions"}],"predecessor-version":[{"id":49725,"href":"https:\/\/blogdoprosperi.com\/index.php?rest_route=\/wp\/v2\/posts\/49703\/revisions\/49725"}],"wp:featuredmedia":[{"embeddable":true,"href":"https:\/\/blogdoprosperi.com\/index.php?rest_route=\/wp\/v2\/media\/49708"}],"wp:attachment":[{"href":"https:\/\/blogdoprosperi.com\/index.php?rest_route=%2Fwp%2Fv2%2Fmedia&parent=49703"}],"wp:term":[{"taxonomy":"category","embeddable":true,"href":"https:\/\/blogdoprosperi.com\/index.php?rest_route=%2Fwp%2Fv2%2Fcategories&post=49703"},{"taxonomy":"post_tag","embeddable":true,"href":"https:\/\/blogdoprosperi.com\/index.php?rest_route=%2Fwp%2Fv2%2Ftags&post=49703"}],"curies":[{"name":"wp","href":"https:\/\/api.w.org\/{rel}","templated":true}]}}