{"id":49733,"date":"2025-04-12T11:44:57","date_gmt":"2025-04-12T14:44:57","guid":{"rendered":"https:\/\/blogdoprosperi.com\/?p=49733"},"modified":"2025-04-12T15:32:05","modified_gmt":"2025-04-12T18:32:05","slug":"cronicasabatica-21-os-mortos-da-libertadores","status":"publish","type":"post","link":"https:\/\/blogdoprosperi.com\/?p=49733","title":{"rendered":"#Cr\u00f4nicaSab\u00e1tica #21 | Os Mortos da Libertadores"},"content":{"rendered":"<p><em>Luiz Ant\u00f4nio Pr\u00f3speri \u2013 12 abril (11h33) \u2013<\/em><\/p>\n<p>Tr\u00eas mortos ainda insepultos traduzem a noite de horrores na segunda rodada da Libertadores, quinta-feira (10\/4). No Chile e Brasil. Viol\u00eancia em estado puro no futebol. Dois adolescentes chilenos morreram atropelados por uma viatura da pol\u00edcia nos arredores do est\u00e1dio Monumental David Arellano, em Santiago, minutos antes do jogo Colo-Colo x Fortaleza. Na madrugada, um colombiano foi morto a facadas em Porto Alegre ap\u00f3s o Internacional vencer (3 a 0) o Atl\u00e9tico Nacional de Medell\u00edn, Col\u00f4mbia. Mortes tr\u00e1gicas, previs\u00edveis. Amanh\u00e3 ser\u00e3o apenas l\u00e1pides de sepulturas frias enquanto o futebol discute o que fazer diante de tanta viol\u00eancia.<\/p>\n<p>N\u00e3o est\u00e1 em discuss\u00e3o nem mesmo a busca por culpados. In\u00fatil sair por a\u00ed a ca\u00e7ar os respons\u00e1veis e os crucificar na semana da Paix\u00e3o de Cristo.<\/p>\n<p>Trag\u00e9dias com a marca registrada dos v\u00e2ndalos dos est\u00e1dios se repetir\u00e3o enquanto n\u00e3o se resolver o embate entre fac\u00e7\u00f5es de torcedores, for\u00e7as policiais e organiza\u00e7\u00e3o de um m\u00edsero jogo de futebol. Claro, com a enorme cumplicidade dos dirigentes m\u00e1ximos do futebol e governos.<\/p>\n<p>Fac\u00e7\u00e3o organizada do Colo-Colo se manifesta ap\u00f3s a morte de dois torcedores do clube: &#8220;Odeia os assassinos do Estado, que matam sem lei e sem arrependimento.&#8221;<\/p>\n<p>O estado de viol\u00eancia no Chile \u00e9 o foco do momento. Jogos entre Colo-Colo e Universidad Chile, o Supercl\u00e1ssico de Santiago, adiados por falta de seguran\u00e7a e gente capaz de organizar uma grande partida de futebol. Autoridades se demitem de seus cargos criados para gerir a paz nos campos de futebol. Pol\u00edcia local se diz impotente para garantir um est\u00e1dio seguro. Dirigentes de clubes e Federa\u00e7\u00e3o Chilena de Futebol est\u00e3o rendidas e sem a\u00e7\u00e3o.<\/p>\n<p>N\u00e3o por acaso, o Chile ocupa o \u00faltimo lugar na tabela de classifica\u00e7\u00e3o das Eliminat\u00f3rias da Copa do Mundo 2026.<\/p>\n<p>E n\u00e3o \u00e9 s\u00f3 l\u00e1 que as mazelas do futebol atormentam Am\u00e9rica do Sul. No Brasil a situa\u00e7\u00e3o n\u00e3o \u00e9 muito diferente. Mancha Verde, fac\u00e7\u00e3o organizada do Palmeiras, est\u00e1 proibida de frequentar est\u00e1dios no Estado de S\u00e3o Paulo ao ser condenada pela emboscada, com um morto, a torcedores do Cruzeiro na rodovia que liga S\u00e3o Paulo a Minas Gerais.<\/p>\n<p>Fac\u00e7\u00f5es organizadas do Corinthians tamb\u00e9m vetadas nos est\u00e1dios paulistas por vandalismo na Neo Qu\u00edmica Arena em Itaquera.<\/p>\n<p>Todas medidas preventivas como essas n\u00e3o se mostraram ainda capazes de conter viol\u00eancia e destrui\u00e7\u00e3o de jogos de futebol.<\/p>\n<p>O cont\u00e1gio por sangue derramado \u00e9 latente. Como um v\u00edrus a destruir vidas.<\/p>\n<p>Veja o caso do colombiano morto nas cercanias do Est\u00e1dio Beira-Rio do Inter, em Porto Alegre. Alejandro Lopera Zuluaga, 27 anos, foi a v\u00edtima de uma briga entre os pr\u00f3prios torcedores do Atl\u00e9tico Nacional Medell\u00edn. Um dos envolvidos na briga foi levado ao hospital em estado grave. Medell\u00edn j\u00e1 foi a cidade campe\u00e3 da viol\u00eancia na Am\u00e9rica do Sul.<\/p>\n<p>E o que dizem dirigentes de futebol?<\/p>\n<p>Fifa &#8220;condena veemente os atos de viol\u00eancia ocorrido&#8230;&#8221;. A Conmebol, respons\u00e1vel pela organiza\u00e7\u00e3o da Libertadores, saca regulamentos da competi\u00e7\u00e3o para punir clubes respons\u00e1veis pelas mortes e invas\u00e3o ao campo.<\/p>\n<p>Fortaleza, que teve seus jogadores amea\u00e7ados por torcedores chilenos na invas\u00e3o do gramado aos 25 minutos do segundo tempo no jogo contra o Colo-Colo, espera ser declarado vencedor da partida. Conta com apoio irrestrito da CBF. Clube e confedera\u00e7\u00e3o alegam motivos de sobra munidos com os devidos papeis dos regulamentos da Libertadores.<\/p>\n<p>Fortaleza j\u00e1 sofreu atos de vandalismo, com pedras atiradas no \u00f3nibus do clube e jogadores feridos em noite de terror no Recife ap\u00f3s jogo contra o Sport em 2024.<\/p>\n<p>Os cad\u00e1veres dos adolescentes no Chile ainda nem estavam frios quando Fortaleza e CBF reivindicavam a vit\u00f3ria no jogo contra o Colo-Colo. Que vit\u00f3ria?<\/p>\n","protected":false},"excerpt":{"rendered":"<p>Luiz Ant\u00f4nio Pr\u00f3speri \u2013 12 abril (11h33) \u2013 Tr\u00eas mortos ainda insepultos traduzem a noite de horrores na [&hellip;]<\/p>\n","protected":false},"author":102107496,"featured_media":49740,"comment_status":"open","ping_status":"open","sticky":false,"template":"","format":"standard","meta":{"_coblocks_attr":"","_coblocks_dimensions":"","_coblocks_responsive_height":"","_coblocks_accordion_ie_support":"","_jetpack_newsletter_access":"","_jetpack_dont_email_post_to_subs":false,"_jetpack_newsletter_tier_id":0,"_jetpack_memberships_contains_paywalled_content":false,"_wpcom_ai_launchpad_first_post":false,"_jetpack_feature_clip_id":0,"_jetpack_memberships_contains_paid_content":false,"footnotes":"","jetpack_publicize_message":"","jetpack_publicize_feature_enabled":true,"jetpack_social_post_already_shared":false,"jetpack_social_options":{"image_generator_settings":{"template":"highway","default_image_id":0,"font":"","enabled":false},"version":2},"jetpack_post_was_ever_published":false},"categories":[53870,3919],"tags":[789560569,772158403,535722,789560563,789560560,780115103,789560573,180564,450904,102230,604837],"class_list":["post-49733","post","type-post","status-publish","format-standard","has-post-thumbnail","hentry","category-futebol","category-opiniao","tag-cbf","tag-colo-colo-x-fortaleza","tag-conmebol","tag-fifa","tag-futebol","tag-internacional-3-x-atletico-nacional","tag-luiz-antonio-prosperi","tag-medellin","tag-porto-alegre","tag-santiago","tag-violencia-futebol"],"yoast_head":"<!-- This site is optimized with the Yoast SEO plugin v28.4 - https:\/\/yoast.com\/product\/yoast-seo-wordpress\/ -->\n<title>#Cr\u00f4nicaSab\u00e1tica #21 | Os Mortos da Libertadores - PR\u00d3SPERI NEWS<\/title>\n<meta name=\"robots\" content=\"index, follow, max-snippet:-1, max-image-preview:large, max-video-preview:-1\" \/>\n<link rel=\"canonical\" href=\"https:\/\/blogdoprosperi.com\/?p=49733\" \/>\n<meta property=\"og:locale\" content=\"pt_BR\" \/>\n<meta property=\"og:type\" content=\"article\" \/>\n<meta property=\"og:title\" content=\"#Cr\u00f4nicaSab\u00e1tica #21 | Os Mortos da Libertadores - PR\u00d3SPERI NEWS\" \/>\n<meta property=\"og:description\" content=\"Luiz Ant\u00f4nio Pr\u00f3speri \u2013 12 abril (11h33) \u2013 Tr\u00eas mortos ainda insepultos traduzem a noite de horrores na [&hellip;]\" \/>\n<meta property=\"og:url\" content=\"https:\/\/blogdoprosperi.com\/?p=49733\" \/>\n<meta property=\"og:site_name\" content=\"PR\u00d3SPERI NEWS\" \/>\n<meta property=\"article:publisher\" content=\"Luiz Pr\u00f3speri\" \/>\n<meta property=\"article:author\" content=\"Luiz Pr\u00f3speri\" \/>\n<meta property=\"article:published_time\" content=\"2025-04-12T14:44:57+00:00\" \/>\n<meta property=\"article:modified_time\" content=\"2025-04-12T18:32:05+00:00\" \/>\n<meta property=\"og:image\" content=\"https:\/\/i0.wp.com\/blogdoprosperi.com\/wp-content\/uploads\/2025\/04\/captura-de-tela-2025-04-12-as-11.30.01.png?fit=1654%2C968&ssl=1\" \/>\n\t<meta property=\"og:image:width\" content=\"1654\" \/>\n\t<meta property=\"og:image:height\" content=\"968\" \/>\n\t<meta property=\"og:image:type\" content=\"image\/png\" \/>\n<meta name=\"author\" content=\"Luiz Ant\u00f4nio Pr\u00f3speri\" \/>\n<meta name=\"twitter:card\" content=\"summary_large_image\" \/>\n<meta name=\"twitter:creator\" content=\"@Luizprosperi\" \/>\n<meta name=\"twitter:site\" content=\"@Luizprosperi\" \/>\n<meta name=\"twitter:label1\" content=\"Escrito por\" \/>\n\t<meta name=\"twitter:data1\" content=\"Luiz Ant\u00f4nio Pr\u00f3speri\" \/>\n\t<meta name=\"twitter:label2\" content=\"Est. tempo de leitura\" \/>\n\t<meta name=\"twitter:data2\" content=\"3 minutos\" \/>\n<script type=\"application\/ld+json\" class=\"yoast-schema-graph\">{\"@context\":\"https:\\\/\\\/schema.org\",\"@graph\":[{\"@type\":\"Article\",\"@id\":\"https:\\\/\\\/blogdoprosperi.com\\\/?p=49733#article\",\"isPartOf\":{\"@id\":\"https:\\\/\\\/blogdoprosperi.com\\\/?p=49733\"},\"author\":{\"name\":\"Luiz Ant\u00f4nio Pr\u00f3speri\",\"@id\":\"https:\\\/\\\/blogdoprosperi.com\\\/#\\\/schema\\\/person\\\/38100755ce3601861ee4fab9b5aa78e9\"},\"headline\":\"#Cr\u00f4nicaSab\u00e1tica #21 | Os Mortos da Libertadores\",\"datePublished\":\"2025-04-12T14:44:57+00:00\",\"dateModified\":\"2025-04-12T18:32:05+00:00\",\"mainEntityOfPage\":{\"@id\":\"https:\\\/\\\/blogdoprosperi.com\\\/?p=49733\"},\"wordCount\":678,\"commentCount\":0,\"publisher\":{\"@id\":\"https:\\\/\\\/blogdoprosperi.com\\\/#\\\/schema\\\/person\\\/38100755ce3601861ee4fab9b5aa78e9\"},\"image\":{\"@id\":\"https:\\\/\\\/blogdoprosperi.com\\\/?p=49733#primaryimage\"},\"thumbnailUrl\":\"https:\\\/\\\/i0.wp.com\\\/blogdoprosperi.com\\\/wp-content\\\/uploads\\\/2025\\\/04\\\/captura-de-tela-2025-04-12-as-11.30.01.png?fit=1654%2C968&ssl=1\",\"keywords\":[\"CBF\",\"colo-colo x fortaleza\",\"Conmebol\",\"Fifa\",\"futebol\",\"Internacional 3 x Atl\u00e9tico Nacional\",\"Luiz Ant\u00f4nio Pr\u00f3speri\",\"Medell\u00edn\",\"porto alegre\",\"santiago\",\"Viol\u00eancia futebol\"],\"articleSection\":[\"futebol\",\"opini\u00e3o\"],\"inLanguage\":\"pt-BR\",\"potentialAction\":[{\"@type\":\"CommentAction\",\"name\":\"Comment\",\"target\":[\"https:\\\/\\\/blogdoprosperi.com\\\/?p=49733#respond\"]}]},{\"@type\":\"WebPage\",\"@id\":\"https:\\\/\\\/blogdoprosperi.com\\\/?p=49733\",\"url\":\"https:\\\/\\\/blogdoprosperi.com\\\/?p=49733\",\"name\":\"#Cr\u00f4nicaSab\u00e1tica #21 | Os Mortos da Libertadores - PR\u00d3SPERI NEWS\",\"isPartOf\":{\"@id\":\"https:\\\/\\\/blogdoprosperi.com\\\/#website\"},\"primaryImageOfPage\":{\"@id\":\"https:\\\/\\\/blogdoprosperi.com\\\/?p=49733#primaryimage\"},\"image\":{\"@id\":\"https:\\\/\\\/blogdoprosperi.com\\\/?p=49733#primaryimage\"},\"thumbnailUrl\":\"https:\\\/\\\/i0.wp.com\\\/blogdoprosperi.com\\\/wp-content\\\/uploads\\\/2025\\\/04\\\/captura-de-tela-2025-04-12-as-11.30.01.png?fit=1654%2C968&ssl=1\",\"datePublished\":\"2025-04-12T14:44:57+00:00\",\"dateModified\":\"2025-04-12T18:32:05+00:00\",\"breadcrumb\":{\"@id\":\"https:\\\/\\\/blogdoprosperi.com\\\/?p=49733#breadcrumb\"},\"inLanguage\":\"pt-BR\",\"potentialAction\":[{\"@type\":\"ReadAction\",\"target\":[\"https:\\\/\\\/blogdoprosperi.com\\\/?p=49733\"]}]},{\"@type\":\"ImageObject\",\"inLanguage\":\"pt-BR\",\"@id\":\"https:\\\/\\\/blogdoprosperi.com\\\/?p=49733#primaryimage\",\"url\":\"https:\\\/\\\/i0.wp.com\\\/blogdoprosperi.com\\\/wp-content\\\/uploads\\\/2025\\\/04\\\/captura-de-tela-2025-04-12-as-11.30.01.png?fit=1654%2C968&ssl=1\",\"contentUrl\":\"https:\\\/\\\/i0.wp.com\\\/blogdoprosperi.com\\\/wp-content\\\/uploads\\\/2025\\\/04\\\/captura-de-tela-2025-04-12-as-11.30.01.png?fit=1654%2C968&ssl=1\",\"width\":1654,\"height\":968,\"caption\":\"Invas\u00e3o de torcedores no est\u00e1dio Monumental \u2013 ONNATHAN OYARZUN\\\/PHOTOSPORT\"},{\"@type\":\"BreadcrumbList\",\"@id\":\"https:\\\/\\\/blogdoprosperi.com\\\/?p=49733#breadcrumb\",\"itemListElement\":[{\"@type\":\"ListItem\",\"position\":1,\"name\":\"In\u00edcio\",\"item\":\"https:\\\/\\\/blogdoprosperi.com\\\/\"},{\"@type\":\"ListItem\",\"position\":2,\"name\":\"#Cr\u00f4nicaSab\u00e1tica #21 | Os Mortos da Libertadores\"}]},{\"@type\":\"WebSite\",\"@id\":\"https:\\\/\\\/blogdoprosperi.com\\\/#website\",\"url\":\"https:\\\/\\\/blogdoprosperi.com\\\/\",\"name\":\"PR\u00d3SPERI NEWS\",\"description\":\"TUDO \u00c9  FUTEBOL\",\"publisher\":{\"@id\":\"https:\\\/\\\/blogdoprosperi.com\\\/#\\\/schema\\\/person\\\/38100755ce3601861ee4fab9b5aa78e9\"},\"alternateName\":\"blogdoprosperi.com\",\"potentialAction\":[{\"@type\":\"SearchAction\",\"target\":{\"@type\":\"EntryPoint\",\"urlTemplate\":\"https:\\\/\\\/blogdoprosperi.com\\\/?s={search_term_string}\"},\"query-input\":{\"@type\":\"PropertyValueSpecification\",\"valueRequired\":true,\"valueName\":\"search_term_string\"}}],\"inLanguage\":\"pt-BR\"},{\"@type\":[\"Person\",\"Organization\"],\"@id\":\"https:\\\/\\\/blogdoprosperi.com\\\/#\\\/schema\\\/person\\\/38100755ce3601861ee4fab9b5aa78e9\",\"name\":\"Luiz Ant\u00f4nio Pr\u00f3speri\",\"pronouns\":\"ele\",\"image\":{\"@type\":\"ImageObject\",\"inLanguage\":\"pt-BR\",\"@id\":\"https:\\\/\\\/i0.wp.com\\\/blogdoprosperi.com\\\/wp-content\\\/uploads\\\/2026\\\/05\\\/cropped-8059e613-6002-42fa-961e-8e275f575d71-2-5.jpg?fit=1360%2C931&ssl=1\",\"url\":\"https:\\\/\\\/i0.wp.com\\\/blogdoprosperi.com\\\/wp-content\\\/uploads\\\/2026\\\/05\\\/cropped-8059e613-6002-42fa-961e-8e275f575d71-2-5.jpg?fit=1360%2C931&ssl=1\",\"contentUrl\":\"https:\\\/\\\/i0.wp.com\\\/blogdoprosperi.com\\\/wp-content\\\/uploads\\\/2026\\\/05\\\/cropped-8059e613-6002-42fa-961e-8e275f575d71-2-5.jpg?fit=1360%2C931&ssl=1\",\"width\":1360,\"height\":931,\"caption\":\"Luiz Ant\u00f4nio Pr\u00f3speri\"},\"logo\":{\"@id\":\"https:\\\/\\\/i0.wp.com\\\/blogdoprosperi.com\\\/wp-content\\\/uploads\\\/2026\\\/05\\\/cropped-8059e613-6002-42fa-961e-8e275f575d71-2-5.jpg?fit=1360%2C931&ssl=1\"},\"description\":\"Jornalista com carreira dedicada ao esporte. Cobriu 9 Copas do Mundo in loco, 1990 na It\u00e1lia, 1994 nos EUA, 1998 na Fran\u00e7a, 2002 na Coreia do Sul e Jap\u00e3o, 2006 na Alemanha, 2010 na \u00c1frica do Sul, 2014 no Brasil, 2018 na R\u00fassia e 2022 no Qatar. Eurocopas, 1992 na Su\u00e9cia e 1996 na Inglaterra. Copa das Confedera\u00e7\u00f5es de 2005 na Alemanha e 2009 na \u00c1frica do Sul. Rep\u00f3rter e Editor, trabalhou no Jornal da Tarde e Estad\u00e3o, de 1984 a fevereiro de 2016. Colunista, blogueiro. E comentarista de futebol na R\u00e1dio Estad\u00e3o, de 2013 a fevereiro de 2016. Jornalista respons\u00e1vel do \\\"Pr\u00f3speri News\\\" (blogdoprosperi.com).\",\"sameAs\":[\"http:\\\/\\\/blogdoprosperi.com\",\"Luiz Pr\u00f3speri\",\"@luiz_prosperi\",\"https:\\\/\\\/x.com\\\/Luizprosperi\",\"@prosperinacopa\",\"luiz.prosperi@icloud.com\"],\"url\":\"https:\\\/\\\/blogdoprosperi.com\\\/?author=102107496\"}]}<\/script>\n<!-- \/ Yoast SEO plugin. -->","yoast_head_json":{"title":"#Cr\u00f4nicaSab\u00e1tica #21 | Os Mortos da Libertadores - PR\u00d3SPERI NEWS","robots":{"index":"index","follow":"follow","max-snippet":"max-snippet:-1","max-image-preview":"max-image-preview:large","max-video-preview":"max-video-preview:-1"},"canonical":"https:\/\/blogdoprosperi.com\/?p=49733","og_locale":"pt_BR","og_type":"article","og_title":"#Cr\u00f4nicaSab\u00e1tica #21 | Os Mortos da Libertadores - PR\u00d3SPERI NEWS","og_description":"Luiz Ant\u00f4nio Pr\u00f3speri \u2013 12 abril (11h33) \u2013 Tr\u00eas mortos ainda insepultos traduzem a noite de horrores na [&hellip;]","og_url":"https:\/\/blogdoprosperi.com\/?p=49733","og_site_name":"PR\u00d3SPERI NEWS","article_publisher":"Luiz Pr\u00f3speri","article_author":"Luiz Pr\u00f3speri","article_published_time":"2025-04-12T14:44:57+00:00","article_modified_time":"2025-04-12T18:32:05+00:00","og_image":[{"width":1654,"height":968,"url":"https:\/\/i0.wp.com\/blogdoprosperi.com\/wp-content\/uploads\/2025\/04\/captura-de-tela-2025-04-12-as-11.30.01.png?fit=1654%2C968&ssl=1","type":"image\/png"}],"author":"Luiz Ant\u00f4nio Pr\u00f3speri","twitter_card":"summary_large_image","twitter_creator":"@Luizprosperi","twitter_site":"@Luizprosperi","twitter_misc":{"Escrito por":"Luiz Ant\u00f4nio Pr\u00f3speri","Est. tempo de leitura":"3 minutos"},"schema":{"@context":"https:\/\/schema.org","@graph":[{"@type":"Article","@id":"https:\/\/blogdoprosperi.com\/?p=49733#article","isPartOf":{"@id":"https:\/\/blogdoprosperi.com\/?p=49733"},"author":{"name":"Luiz Ant\u00f4nio Pr\u00f3speri","@id":"https:\/\/blogdoprosperi.com\/#\/schema\/person\/38100755ce3601861ee4fab9b5aa78e9"},"headline":"#Cr\u00f4nicaSab\u00e1tica #21 | Os Mortos da Libertadores","datePublished":"2025-04-12T14:44:57+00:00","dateModified":"2025-04-12T18:32:05+00:00","mainEntityOfPage":{"@id":"https:\/\/blogdoprosperi.com\/?p=49733"},"wordCount":678,"commentCount":0,"publisher":{"@id":"https:\/\/blogdoprosperi.com\/#\/schema\/person\/38100755ce3601861ee4fab9b5aa78e9"},"image":{"@id":"https:\/\/blogdoprosperi.com\/?p=49733#primaryimage"},"thumbnailUrl":"https:\/\/i0.wp.com\/blogdoprosperi.com\/wp-content\/uploads\/2025\/04\/captura-de-tela-2025-04-12-as-11.30.01.png?fit=1654%2C968&ssl=1","keywords":["CBF","colo-colo x fortaleza","Conmebol","Fifa","futebol","Internacional 3 x Atl\u00e9tico Nacional","Luiz Ant\u00f4nio Pr\u00f3speri","Medell\u00edn","porto alegre","santiago","Viol\u00eancia futebol"],"articleSection":["futebol","opini\u00e3o"],"inLanguage":"pt-BR","potentialAction":[{"@type":"CommentAction","name":"Comment","target":["https:\/\/blogdoprosperi.com\/?p=49733#respond"]}]},{"@type":"WebPage","@id":"https:\/\/blogdoprosperi.com\/?p=49733","url":"https:\/\/blogdoprosperi.com\/?p=49733","name":"#Cr\u00f4nicaSab\u00e1tica #21 | Os Mortos da Libertadores - PR\u00d3SPERI NEWS","isPartOf":{"@id":"https:\/\/blogdoprosperi.com\/#website"},"primaryImageOfPage":{"@id":"https:\/\/blogdoprosperi.com\/?p=49733#primaryimage"},"image":{"@id":"https:\/\/blogdoprosperi.com\/?p=49733#primaryimage"},"thumbnailUrl":"https:\/\/i0.wp.com\/blogdoprosperi.com\/wp-content\/uploads\/2025\/04\/captura-de-tela-2025-04-12-as-11.30.01.png?fit=1654%2C968&ssl=1","datePublished":"2025-04-12T14:44:57+00:00","dateModified":"2025-04-12T18:32:05+00:00","breadcrumb":{"@id":"https:\/\/blogdoprosperi.com\/?p=49733#breadcrumb"},"inLanguage":"pt-BR","potentialAction":[{"@type":"ReadAction","target":["https:\/\/blogdoprosperi.com\/?p=49733"]}]},{"@type":"ImageObject","inLanguage":"pt-BR","@id":"https:\/\/blogdoprosperi.com\/?p=49733#primaryimage","url":"https:\/\/i0.wp.com\/blogdoprosperi.com\/wp-content\/uploads\/2025\/04\/captura-de-tela-2025-04-12-as-11.30.01.png?fit=1654%2C968&ssl=1","contentUrl":"https:\/\/i0.wp.com\/blogdoprosperi.com\/wp-content\/uploads\/2025\/04\/captura-de-tela-2025-04-12-as-11.30.01.png?fit=1654%2C968&ssl=1","width":1654,"height":968,"caption":"Invas\u00e3o de torcedores no est\u00e1dio Monumental \u2013 ONNATHAN OYARZUN\/PHOTOSPORT"},{"@type":"BreadcrumbList","@id":"https:\/\/blogdoprosperi.com\/?p=49733#breadcrumb","itemListElement":[{"@type":"ListItem","position":1,"name":"In\u00edcio","item":"https:\/\/blogdoprosperi.com\/"},{"@type":"ListItem","position":2,"name":"#Cr\u00f4nicaSab\u00e1tica #21 | Os Mortos da Libertadores"}]},{"@type":"WebSite","@id":"https:\/\/blogdoprosperi.com\/#website","url":"https:\/\/blogdoprosperi.com\/","name":"PR\u00d3SPERI NEWS","description":"TUDO \u00c9  FUTEBOL","publisher":{"@id":"https:\/\/blogdoprosperi.com\/#\/schema\/person\/38100755ce3601861ee4fab9b5aa78e9"},"alternateName":"blogdoprosperi.com","potentialAction":[{"@type":"SearchAction","target":{"@type":"EntryPoint","urlTemplate":"https:\/\/blogdoprosperi.com\/?s={search_term_string}"},"query-input":{"@type":"PropertyValueSpecification","valueRequired":true,"valueName":"search_term_string"}}],"inLanguage":"pt-BR"},{"@type":["Person","Organization"],"@id":"https:\/\/blogdoprosperi.com\/#\/schema\/person\/38100755ce3601861ee4fab9b5aa78e9","name":"Luiz Ant\u00f4nio Pr\u00f3speri","pronouns":"ele","image":{"@type":"ImageObject","inLanguage":"pt-BR","@id":"https:\/\/i0.wp.com\/blogdoprosperi.com\/wp-content\/uploads\/2026\/05\/cropped-8059e613-6002-42fa-961e-8e275f575d71-2-5.jpg?fit=1360%2C931&ssl=1","url":"https:\/\/i0.wp.com\/blogdoprosperi.com\/wp-content\/uploads\/2026\/05\/cropped-8059e613-6002-42fa-961e-8e275f575d71-2-5.jpg?fit=1360%2C931&ssl=1","contentUrl":"https:\/\/i0.wp.com\/blogdoprosperi.com\/wp-content\/uploads\/2026\/05\/cropped-8059e613-6002-42fa-961e-8e275f575d71-2-5.jpg?fit=1360%2C931&ssl=1","width":1360,"height":931,"caption":"Luiz Ant\u00f4nio Pr\u00f3speri"},"logo":{"@id":"https:\/\/i0.wp.com\/blogdoprosperi.com\/wp-content\/uploads\/2026\/05\/cropped-8059e613-6002-42fa-961e-8e275f575d71-2-5.jpg?fit=1360%2C931&ssl=1"},"description":"Jornalista com carreira dedicada ao esporte. Cobriu 9 Copas do Mundo in loco, 1990 na It\u00e1lia, 1994 nos EUA, 1998 na Fran\u00e7a, 2002 na Coreia do Sul e Jap\u00e3o, 2006 na Alemanha, 2010 na \u00c1frica do Sul, 2014 no Brasil, 2018 na R\u00fassia e 2022 no Qatar. Eurocopas, 1992 na Su\u00e9cia e 1996 na Inglaterra. Copa das Confedera\u00e7\u00f5es de 2005 na Alemanha e 2009 na \u00c1frica do Sul. Rep\u00f3rter e Editor, trabalhou no Jornal da Tarde e Estad\u00e3o, de 1984 a fevereiro de 2016. Colunista, blogueiro. E comentarista de futebol na R\u00e1dio Estad\u00e3o, de 2013 a fevereiro de 2016. Jornalista respons\u00e1vel do \"Pr\u00f3speri News\" (blogdoprosperi.com).","sameAs":["http:\/\/blogdoprosperi.com","Luiz Pr\u00f3speri","@luiz_prosperi","https:\/\/x.com\/Luizprosperi","@prosperinacopa","luiz.prosperi@icloud.com"],"url":"https:\/\/blogdoprosperi.com\/?author=102107496"}]}},"jetpack_publicize_connections":[],"jetpack_likes_enabled":false,"jetpack_sharing_enabled":true,"jetpack_shortlink":"https:\/\/wp.me\/p7jvdk-cW9","jetpack-related-posts":[{"id":44770,"url":"https:\/\/blogdoprosperi.com\/?p=44770","url_meta":{"origin":49733,"position":0},"title":"Libertadores 2024: Futebol Carioca Mostra For\u00e7a com Flamengo, Botafogo e Fluminense Classificados","author":"Luiz Ant\u00f4nio Pr\u00f3speri","date":"23 de agosto de 2024","format":false,"excerpt":"Luiz Ant\u00f4nio Pr\u00f3speri \u2013 23 agosto (00h42) Libertadores 2024 conhece os oito classificados \u00e0s quartas de final. Dos cinco brasileiros que avan\u00e7am, futebol carioca ter\u00e1 tr\u00eas representantes (Flamengo, Botafogo e Fluminense). Primeira vez na hist\u00f3ria da Libertadores que uma cidade, no caso Rio de Janeiro, tem tr\u00eas clubes na fase\u2026","rel":"","context":"Em &quot;futebol&quot;","block_context":{"text":"futebol","link":"https:\/\/blogdoprosperi.com\/?cat=53870"},"img":{"alt_text":"Botafogo lidera janela de transfer\u00eancia Brasileir\u00e3o","src":"https:\/\/i0.wp.com\/blogdoprosperi.com\/wp-content\/uploads\/2024\/08\/53939474383_d4131fa0d5_k.jpg?fit=1200%2C800&ssl=1&resize=350%2C200","width":350,"height":200,"srcset":"https:\/\/i0.wp.com\/blogdoprosperi.com\/wp-content\/uploads\/2024\/08\/53939474383_d4131fa0d5_k.jpg?fit=1200%2C800&ssl=1&resize=350%2C200 1x, https:\/\/i0.wp.com\/blogdoprosperi.com\/wp-content\/uploads\/2024\/08\/53939474383_d4131fa0d5_k.jpg?fit=1200%2C800&ssl=1&resize=525%2C300 1.5x, https:\/\/i0.wp.com\/blogdoprosperi.com\/wp-content\/uploads\/2024\/08\/53939474383_d4131fa0d5_k.jpg?fit=1200%2C800&ssl=1&resize=700%2C400 2x, https:\/\/i0.wp.com\/blogdoprosperi.com\/wp-content\/uploads\/2024\/08\/53939474383_d4131fa0d5_k.jpg?fit=1200%2C800&ssl=1&resize=1050%2C600 3x"},"classes":[]},{"id":48977,"url":"https:\/\/blogdoprosperi.com\/?p=48977","url_meta":{"origin":49733,"position":1},"title":"Libertadores Sorteio |Grupos Acess\u00edveis e Perspectivas dos Times Brasileiros","author":"Luiz Ant\u00f4nio Pr\u00f3speri","date":"17 de mar\u00e7o de 2025","format":false,"excerpt":"Luiz Antonio Pr\u00f3speri \u2013 17 mar\u00e7o (22h05) \u2013 Libertadores 2025 conhece os oito grupos no sorteio nesta noite de segunda-feira (17\/3) em Assun\u00e7\u00e3o. Divididos em quatro potes, o giro das bolinhas definiu o destino dos clubes. Brasil tem sete representantes. Botafogo, Palmeiras, S\u00e3o Paulo, Fortaleza e Flamengo caem em grupos\u2026","rel":"","context":"Em &quot;futebol&quot;","block_context":{"text":"futebol","link":"https:\/\/blogdoprosperi.com\/?cat=53870"},"img":{"alt_text":"Libertadores 2026","src":"https:\/\/i0.wp.com\/blogdoprosperi.com\/wp-content\/uploads\/2023\/03\/fsrk8i2waaabn_f.jpeg?fit=678%2C452&ssl=1&resize=350%2C200","width":350,"height":200,"srcset":"https:\/\/i0.wp.com\/blogdoprosperi.com\/wp-content\/uploads\/2023\/03\/fsrk8i2waaabn_f.jpeg?fit=678%2C452&ssl=1&resize=350%2C200 1x, https:\/\/i0.wp.com\/blogdoprosperi.com\/wp-content\/uploads\/2023\/03\/fsrk8i2waaabn_f.jpeg?fit=678%2C452&ssl=1&resize=525%2C300 1.5x"},"classes":[]},{"id":49703,"url":"https:\/\/blogdoprosperi.com\/?p=49703","url_meta":{"origin":49733,"position":2},"title":"Libertadores: S\u00e3o Paulo Vaiado e Flamengada | Palmeiras, Inter, Botafogo e Bahia Cumprem com Suas Obriga\u00e7\u00f5es","author":"Luiz Ant\u00f4nio Pr\u00f3speri","date":"10 de abril de 2025","format":false,"excerpt":"\u2666 Quando se v\u00ea obrigado a recorrer aos reservas, tudo se complica. Zubeld\u00eda usa um punhado de meninos da base, evidente sem lastro, e nada acontece \u2666 Quem diria, tivemos uma Flamengada e vaias ao S\u00e3o Paulo. Libertadores n\u00e3o \u00e9 para fracos. Luiz Ant\u00f4nio Pr\u00f3speri \u2013 10 abril (23h31) \u2013\u2026","rel":"","context":"Em &quot;opini\u00e3o&quot;","block_context":{"text":"opini\u00e3o","link":"https:\/\/blogdoprosperi.com\/?cat=3919"},"img":{"alt_text":"","src":"https:\/\/i0.wp.com\/blogdoprosperi.com\/wp-content\/uploads\/2025\/04\/54444296119_bea01a6047_c.jpg?fit=800%2C549&ssl=1&resize=350%2C200","width":350,"height":200,"srcset":"https:\/\/i0.wp.com\/blogdoprosperi.com\/wp-content\/uploads\/2025\/04\/54444296119_bea01a6047_c.jpg?fit=800%2C549&ssl=1&resize=350%2C200 1x, https:\/\/i0.wp.com\/blogdoprosperi.com\/wp-content\/uploads\/2025\/04\/54444296119_bea01a6047_c.jpg?fit=800%2C549&ssl=1&resize=525%2C300 1.5x, https:\/\/i0.wp.com\/blogdoprosperi.com\/wp-content\/uploads\/2025\/04\/54444296119_bea01a6047_c.jpg?fit=800%2C549&ssl=1&resize=700%2C400 2x"},"classes":[]},{"id":49439,"url":"https:\/\/blogdoprosperi.com\/?p=49439","url_meta":{"origin":49733,"position":3},"title":"Libertadores 2025 | Campe\u00e3o Leva R$ 136 milh\u00f5es de Premia\u00e7\u00e3o \u2013 Confira Transmiss\u00e3o da Primeira Rodada na TV","author":"Luiz Ant\u00f4nio Pr\u00f3speri","date":"1 de abril de 2025","format":false,"excerpt":"Luiz Ant\u00f4nio Pr\u00f3speri \u2013 1 abril (19h15) \u2013 Libertadores 2025 come\u00e7a nesta ter\u00e7a-feira (01\/4) prometendo pagar ao campe\u00e3o US$ 24 milh\u00f5es (R$ 136 milh\u00f5es). Trata-se de uma luta de clubes de nove pa\u00edses sul-americanos contra hegemonia dos times do Brasil. A ta\u00e7a est\u00e1 em posse de clubes brasileiros de 2019\u2026","rel":"","context":"Em &quot;futebol&quot;","block_context":{"text":"futebol","link":"https:\/\/blogdoprosperi.com\/?cat=53870"},"img":{"alt_text":"Libertadores 2026","src":"https:\/\/i0.wp.com\/blogdoprosperi.com\/wp-content\/uploads\/2023\/03\/fsrk8i2waaabn_f.jpeg?fit=678%2C452&ssl=1&resize=350%2C200","width":350,"height":200,"srcset":"https:\/\/i0.wp.com\/blogdoprosperi.com\/wp-content\/uploads\/2023\/03\/fsrk8i2waaabn_f.jpeg?fit=678%2C452&ssl=1&resize=350%2C200 1x, https:\/\/i0.wp.com\/blogdoprosperi.com\/wp-content\/uploads\/2023\/03\/fsrk8i2waaabn_f.jpeg?fit=678%2C452&ssl=1&resize=525%2C300 1.5x"},"classes":[]},{"id":3260,"url":"https:\/\/blogdoprosperi.com\/?p=3260","url_meta":{"origin":49733,"position":4},"title":"Argentinos n\u00e3o t\u00eam medo de puni\u00e7\u00e3o na Libertadores","author":"Luiz Ant\u00f4nio Pr\u00f3speri","date":"4 de maio de 2016","format":false,"excerpt":"Clubes argentinos podem quase tudo na Copa Libertadores. Quando vencem seus jogos s\u00e3o exaltados como deuses do continente. Quando perdem, \u00e9 confus\u00e3o na certa. Veja o que aconteceu ap\u00f3s a derrota por 4 a 2 do Hurac\u00e1n diante do Atl\u00e9tico Nacional, da Col\u00f4mbia, nesta ter\u00e7a-feira, em Medell\u00edn, valendo vaga nas\u2026","rel":"","context":"Em &quot;futebol&quot;","block_context":{"text":"futebol","link":"https:\/\/blogdoprosperi.com\/?cat=53870"},"img":{"alt_text":"","src":"https:\/\/i0.wp.com\/blogdoprosperi.com\/wp-content\/uploads\/2016\/05\/bbedd5a5196cc4725e1e30b0b2e44781.jpg?resize=350%2C200&ssl=1","width":350,"height":200,"srcset":"https:\/\/i0.wp.com\/blogdoprosperi.com\/wp-content\/uploads\/2016\/05\/bbedd5a5196cc4725e1e30b0b2e44781.jpg?resize=350%2C200&ssl=1 1x, https:\/\/i0.wp.com\/blogdoprosperi.com\/wp-content\/uploads\/2016\/05\/bbedd5a5196cc4725e1e30b0b2e44781.jpg?resize=525%2C300&ssl=1 1.5x, https:\/\/i0.wp.com\/blogdoprosperi.com\/wp-content\/uploads\/2016\/05\/bbedd5a5196cc4725e1e30b0b2e44781.jpg?resize=700%2C400&ssl=1 2x"},"classes":[]},{"id":50568,"url":"https:\/\/blogdoprosperi.com\/?p=50568","url_meta":{"origin":49733,"position":5},"title":"Libertadores Sorteio | An\u00e1lise: Palmeiras e S\u00e3o Paulo T\u00eam Caminho Mais Complicado at\u00e9 a Final","author":"Luiz Ant\u00f4nio Pr\u00f3speri","date":"2 de junho de 2025","format":false,"excerpt":"Luiz Ant\u00f4nio Pr\u00f3speri \u2013 2 junho (13h11) \u2013 Palmeiras e S\u00e3o Paulo entram no lado mais complicado das oitavas de final da Libertadores 2025. No caso de avan\u00e7arem \u00e0s quartas, poder\u00e3o enfrentar River Plate e Botafogo, respectivamente. Do outro lado da chave, Internacional e Flamengo t\u00eam confronto direto e, bem\u2026","rel":"","context":"Em &quot;futebol&quot;","block_context":{"text":"futebol","link":"https:\/\/blogdoprosperi.com\/?cat=53870"},"img":{"alt_text":"Libertadores 2026","src":"https:\/\/i0.wp.com\/blogdoprosperi.com\/wp-content\/uploads\/2023\/03\/fsrk8i2waaabn_f.jpeg?fit=678%2C452&ssl=1&resize=350%2C200","width":350,"height":200,"srcset":"https:\/\/i0.wp.com\/blogdoprosperi.com\/wp-content\/uploads\/2023\/03\/fsrk8i2waaabn_f.jpeg?fit=678%2C452&ssl=1&resize=350%2C200 1x, https:\/\/i0.wp.com\/blogdoprosperi.com\/wp-content\/uploads\/2023\/03\/fsrk8i2waaabn_f.jpeg?fit=678%2C452&ssl=1&resize=525%2C300 1.5x"},"classes":[]}],"jetpack_featured_media_url":"https:\/\/i0.wp.com\/blogdoprosperi.com\/wp-content\/uploads\/2025\/04\/captura-de-tela-2025-04-12-as-11.30.01.png?fit=1654%2C968&ssl=1","_links":{"self":[{"href":"https:\/\/blogdoprosperi.com\/index.php?rest_route=\/wp\/v2\/posts\/49733","targetHints":{"allow":["GET"]}}],"collection":[{"href":"https:\/\/blogdoprosperi.com\/index.php?rest_route=\/wp\/v2\/posts"}],"about":[{"href":"https:\/\/blogdoprosperi.com\/index.php?rest_route=\/wp\/v2\/types\/post"}],"author":[{"embeddable":true,"href":"https:\/\/blogdoprosperi.com\/index.php?rest_route=\/wp\/v2\/users\/102107496"}],"replies":[{"embeddable":true,"href":"https:\/\/blogdoprosperi.com\/index.php?rest_route=%2Fwp%2Fv2%2Fcomments&post=49733"}],"version-history":[{"count":14,"href":"https:\/\/blogdoprosperi.com\/index.php?rest_route=\/wp\/v2\/posts\/49733\/revisions"}],"predecessor-version":[{"id":49761,"href":"https:\/\/blogdoprosperi.com\/index.php?rest_route=\/wp\/v2\/posts\/49733\/revisions\/49761"}],"wp:featuredmedia":[{"embeddable":true,"href":"https:\/\/blogdoprosperi.com\/index.php?rest_route=\/wp\/v2\/media\/49740"}],"wp:attachment":[{"href":"https:\/\/blogdoprosperi.com\/index.php?rest_route=%2Fwp%2Fv2%2Fmedia&parent=49733"}],"wp:term":[{"taxonomy":"category","embeddable":true,"href":"https:\/\/blogdoprosperi.com\/index.php?rest_route=%2Fwp%2Fv2%2Fcategories&post=49733"},{"taxonomy":"post_tag","embeddable":true,"href":"https:\/\/blogdoprosperi.com\/index.php?rest_route=%2Fwp%2Fv2%2Ftags&post=49733"}],"curies":[{"name":"wp","href":"https:\/\/api.w.org\/{rel}","templated":true}]}}