{"id":49766,"date":"2025-04-14T12:16:28","date_gmt":"2025-04-14T15:16:28","guid":{"rendered":"https:\/\/blogdoprosperi.com\/?p=49766"},"modified":"2025-04-15T00:22:36","modified_gmt":"2025-04-15T03:22:36","slug":"cabecas-cortadas-aberta-temporada-jornalistica-de-caca-a-treinadores-no-brasileirao","status":"publish","type":"post","link":"https:\/\/blogdoprosperi.com\/?p=49766","title":{"rendered":"Cabe\u00e7as Cortadas | Aberta Temporada de Ca\u00e7a a Treinadores no Brasileir\u00e3o"},"content":{"rendered":"<p><em>Luiz Ant\u00f4nio Pr\u00f3speri \u2013 14 abril (11h49) \u2013<\/em><\/p>\n<p>Brasileir\u00e3o 2025 fecha sua terceira rodada com sede a ceifar cabe\u00e7as. Na segunda, os \u00e1rbitros saem escorra\u00e7ados. Dois deles afastados por maus servi\u00e7os prestados. Se instalou o caos. Na terceira, a onda des\u00e1gua na praia oferecendo a demiss\u00e3o de treinadores. Vivemos a sanha por corpos estendidos no ch\u00e3o expostos \u00e0 contempla\u00e7\u00e3o de torcedores e mentes saciadas da m\u00eddia real, da pseudo m\u00eddia esportiva alimentada nas redes sociais e de ex-boleiros vestidos de imprensa. E Pedro Caixinha cai abatido no Santos.<\/p>\n<p>Rep\u00f3rter \u00e9 feito para perguntar.<\/p>\n<p>Ao fim de Fluminense 1 x 0 Santos, domingo, no Maracan\u00e3, Neymar, de volta ao time ap\u00f3s 42 dias sem jogar, \u00e9 questionado: &#8220;Resultado do jogo pode aumentar a press\u00e3o ao t\u00e9cnico Pedro Caixinha?&#8221;<\/p>\n<p>Menos de 24 horas depois, Caixinha \u00e9 demitido.<\/p>\n<p>T\u00e9cnico portugu\u00eas estava no Santos h\u00e1 menos de tr\u00eas meses, tempo em que o Santos contratou pelo menos dez jogadores, entre eles o astro maior Neymar, gastando muito dinheiro. Caixinha estava \u00e0 deriva desde a chegada do craque na Vila Belmiro.<\/p>\n<p>E, por interfer\u00eancia de Neymar, Tite \u00e9 o candidato mais forte a assumir o comando do Santos.<\/p>\n<p>Acompanhe outras quest\u00f5es na temporada de ca\u00e7a aos treinadores.<\/p>\n<p>T\u00e3o logo acaba jogo Gr\u00eamio 0 x 2 Flamengo, domingo (13\/4), em Porto Alegre, a primeira pergunta dirigida ao t\u00e9cnico argentino Gustavo Quinteros: &#8220;A derrota pode custar sua sa\u00edda do Gr\u00eamio?&#8221;<\/p>\n<p>Campe\u00e3o argentino em 2024 no comando do V\u00e9lez Sarsfield, Quinteros assume o Gr\u00eamio em janeiro de 2025. Menos de quatro meses, sua cabe\u00e7a est\u00e1 na guilhotina.<\/p>\n<p>Minutos antes de S\u00e3o Paulo 1 x 1 Cruzeiro, domingo, no Morumbi, Jo\u00e3o Belmonte, homem forte do futebol do Tricolor, \u00e9 perguntado a respeito do futuro do t\u00e9cnico argentino Lu\u00eds Zubeld\u00eda. Belmonte responde que Zubeld\u00eda entra com o time no jogo do pr\u00f3ximo domingo (20\/4) S\u00e3o Paulo x Santos.<\/p>\n<p>H\u00e1 um ano no comando do S\u00e3o Paulo, Zubeld\u00eda se equilibra no fio da navalha. Em tr\u00eas jogos no atual Brasileir\u00e3o 2025, S\u00e3o Paulo acumula tr\u00eas empates. Universo m\u00eddia e torcida diz que o treinador argentino j\u00e1 tem prazo de validade mais do que vencido.<\/p>\n<p>Fabio Carille, a cada fim de jogo do Vasco, tem de sair correndo aos vesti\u00e1rios para n\u00e3o ouvir as vaias da multid\u00e3o cruzmaltina. Mesmo nas duas \u00faltimas vit\u00f3rias de seu time. Carille est\u00e1 h\u00e1 quatro meses no comando do Vasco. Sobrevive mesmo com a cabe\u00e7a servida na bandeja.<\/p>\n<p>Abel Ferreira, veja bem, um dos maiores colecionadores de ta\u00e7as no Palmeiras, recebe uma saraivada de cr\u00edticas e at\u00e9 o &#8220;Fora Abel&#8221; ap\u00f3s perder o t\u00edtulo do Paulist\u00e3o 2025 para o rival Corinthians.<\/p>\n<p>Duas semanas depois da explos\u00e3o at\u00f4mica da pseudo m\u00eddia esportiva nas redes sociais pedindo a queda de Abel, o sil\u00eancio se alastra. Palmeiras \u00e9 o \u00fanico time dos sete brasileiros na Libertadores &nbsp;2025 com duas vit\u00f3rias nas duas primeiras rodadas e divide a lideran\u00e7a do Brasileir\u00e3o com o Flamengo.<\/p>\n<p>Cabe\u00e7as devem rolar no desfiladeiro sem fim do nosso futebol ao encerramento da quarta rodada do Brasileir\u00e3o, entre ter\u00e7a-feira (15\/4) a quinta-feira (17\/4). Triste. Retrocesso do retrocesso. E a lista de candidatos \u00e0 degola tende a aumentar. Aguardem.<\/p>\n<p>Em nome de torcedores, mesmo sem procura\u00e7\u00e3o assinada, m\u00eddia esportiva, com raras exce\u00e7\u00f5es, entra na temporada da ca\u00e7a ilegal a treinadores de futebol.<\/p>\n<p><strong><em>Acompanhe trecho de abertura do livro &#8220;O Jornalista e o Assassino&#8221; , da jornalista e escritora Janet Malcolm:<\/em><\/strong><\/p>\n<hr>\n<figure id=\"attachment_49771\" aria-describedby=\"caption-attachment-49771\" style=\"width: 720px\" class=\"wp-caption alignnone\"><img data-recalc-dims=\"1\" loading=\"lazy\" decoding=\"async\" data-attachment-id=\"49771\" data-permalink=\"https:\/\/blogdoprosperi.com\/?attachment_id=49771\" data-orig-file=\"https:\/\/i0.wp.com\/blogdoprosperi.com\/wp-content\/uploads\/2025\/04\/captura-de-tela-2025-04-14-as-11.38.34.png?fit=1134%2C428&amp;ssl=1\" data-orig-size=\"1134,428\" data-comments-opened=\"1\" data-image-meta=\"{&quot;aperture&quot;:&quot;0&quot;,&quot;credit&quot;:&quot;&quot;,&quot;camera&quot;:&quot;&quot;,&quot;caption&quot;:&quot;&quot;,&quot;created_timestamp&quot;:&quot;0&quot;,&quot;copyright&quot;:&quot;&quot;,&quot;focal_length&quot;:&quot;0&quot;,&quot;iso&quot;:&quot;0&quot;,&quot;shutter_speed&quot;:&quot;0&quot;,&quot;title&quot;:&quot;&quot;,&quot;orientation&quot;:&quot;0&quot;}\" data-image-title=\"o Jornalista e o Assassino\" data-image-description=\"\" data-image-caption=\"&lt;p&gt;Trecho de abertura do livro de Janet Malcolm \u2013 reprodu\u00e7\u00e3o&lt;\/p&gt;\n\" data-large-file=\"https:\/\/i0.wp.com\/blogdoprosperi.com\/wp-content\/uploads\/2025\/04\/captura-de-tela-2025-04-14-as-11.38.34.png?fit=940%2C355&amp;ssl=1\" src=\"https:\/\/i0.wp.com\/blogdoprosperi.com\/wp-content\/uploads\/2025\/04\/captura-de-tela-2025-04-14-as-11.38.34.png?resize=720%2C272&#038;ssl=1\" class=\"size-large wp-image-49771\" width=\"720\" height=\"272\" alt=\"\"><figcaption id=\"caption-attachment-49771\" class=\"wp-caption-text\"><em>Trecho de abertura do livro de Janet Malcolm \u2013 reprodu\u00e7\u00e3o <\/em><\/figcaption><\/figure>\n<hr>\n<figure id=\"attachment_49773\" aria-describedby=\"caption-attachment-49773\" style=\"width: 413px\" class=\"wp-caption alignnone\"><img data-recalc-dims=\"1\" loading=\"lazy\" decoding=\"async\" data-attachment-id=\"49773\" data-permalink=\"https:\/\/blogdoprosperi.com\/?attachment_id=49773\" data-orig-file=\"https:\/\/i0.wp.com\/blogdoprosperi.com\/wp-content\/uploads\/2025\/04\/81h4dcvpudl._ac_uf10001000_ql80_.jpg?fit=693%2C1000&amp;ssl=1\" data-orig-size=\"693,1000\" data-comments-opened=\"1\" data-image-meta=\"{&quot;aperture&quot;:&quot;0&quot;,&quot;credit&quot;:&quot;&quot;,&quot;camera&quot;:&quot;&quot;,&quot;caption&quot;:&quot;&quot;,&quot;created_timestamp&quot;:&quot;0&quot;,&quot;copyright&quot;:&quot;&quot;,&quot;focal_length&quot;:&quot;0&quot;,&quot;iso&quot;:&quot;0&quot;,&quot;shutter_speed&quot;:&quot;0&quot;,&quot;title&quot;:&quot;&quot;,&quot;orientation&quot;:&quot;0&quot;}\" data-image-title=\"\" data-image-description=\"\" data-image-caption=\"&lt;p&gt;Capa do livro \u2013 editora Companhia das Letras&lt;\/p&gt;\n\" data-large-file=\"https:\/\/i0.wp.com\/blogdoprosperi.com\/wp-content\/uploads\/2025\/04\/81h4dcvpudl._ac_uf10001000_ql80_.jpg?fit=693%2C1000&amp;ssl=1\" src=\"https:\/\/i0.wp.com\/blogdoprosperi.com\/wp-content\/uploads\/2025\/04\/81h4dcvpudl._ac_uf10001000_ql80_.jpg?resize=413%2C596&#038;ssl=1\" class=\"wp-image-49773\" alt=\"\" width=\"413\" height=\"596\"><figcaption id=\"caption-attachment-49773\" class=\"wp-caption-text\"><em>Capa do livro \u2013 editora Companhia das Letras<\/em><\/figcaption><\/figure>\n","protected":false},"excerpt":{"rendered":"<p>Luiz Ant\u00f4nio Pr\u00f3speri \u2013 14 abril (11h49) \u2013 Brasileir\u00e3o 2025 fecha sua terceira rodada com sede a ceifar [&hellip;]<\/p>\n","protected":false},"author":102107496,"featured_media":49778,"comment_status":"open","ping_status":"open","sticky":false,"template":"","format":"standard","meta":{"_coblocks_attr":"","_coblocks_dimensions":"","_coblocks_responsive_height":"","_coblocks_accordion_ie_support":"","_jetpack_newsletter_access":"","_jetpack_dont_email_post_to_subs":false,"_jetpack_newsletter_tier_id":0,"_jetpack_memberships_contains_paywalled_content":false,"_wpcom_ai_launchpad_first_post":false,"_jetpack_feature_clip_id":0,"_jetpack_memberships_contains_paid_content":false,"footnotes":"","jetpack_publicize_message":"","jetpack_publicize_feature_enabled":true,"jetpack_social_post_already_shared":false,"jetpack_social_options":{"image_generator_settings":{"template":"highway","default_image_id":0,"font":"","enabled":false},"version":2},"jetpack_post_was_ever_published":false},"categories":[53870,3919],"tags":[4200771,789560584,780174277,789560560,789560573,4112146,287104,65261064,780174275,780174276],"class_list":["post-49766","post","type-post","status-publish","format-standard","has-post-thumbnail","hentry","category-futebol","category-opiniao","tag-abel-ferreira","tag-brasileirao-2025","tag-fabio-carille-vasco","tag-futebol","tag-luiz-antonio-prosperi","tag-neymar","tag-palmeiras","tag-pedro-caixinha","tag-quinteros-gremio","tag-zubeldia-sao-paulo"],"yoast_head":"<!-- This site is optimized with the Yoast SEO plugin v28.3 - https:\/\/yoast.com\/product\/yoast-seo-wordpress\/ -->\n<title>Cabe\u00e7as Cortadas | Aberta Temporada de Ca\u00e7a a Treinadores no Brasileir\u00e3o - PR\u00d3SPERI NEWS<\/title>\n<meta name=\"robots\" content=\"index, follow, max-snippet:-1, max-image-preview:large, max-video-preview:-1\" \/>\n<link rel=\"canonical\" href=\"https:\/\/blogdoprosperi.com\/?p=49766\" \/>\n<meta property=\"og:locale\" content=\"pt_BR\" \/>\n<meta property=\"og:type\" content=\"article\" \/>\n<meta property=\"og:title\" content=\"Cabe\u00e7as Cortadas | Aberta Temporada de Ca\u00e7a a Treinadores no Brasileir\u00e3o - PR\u00d3SPERI NEWS\" \/>\n<meta property=\"og:description\" content=\"Luiz Ant\u00f4nio Pr\u00f3speri \u2013 14 abril (11h49) \u2013 Brasileir\u00e3o 2025 fecha sua terceira rodada com sede a ceifar [&hellip;]\" \/>\n<meta property=\"og:url\" content=\"https:\/\/blogdoprosperi.com\/?p=49766\" \/>\n<meta property=\"og:site_name\" content=\"PR\u00d3SPERI NEWS\" \/>\n<meta property=\"article:publisher\" content=\"Luiz Pr\u00f3speri\" \/>\n<meta property=\"article:author\" content=\"Luiz Pr\u00f3speri\" \/>\n<meta property=\"article:published_time\" content=\"2025-04-14T15:16:28+00:00\" \/>\n<meta property=\"article:modified_time\" content=\"2025-04-15T03:22:36+00:00\" \/>\n<meta property=\"og:image\" content=\"https:\/\/i0.wp.com\/blogdoprosperi.com\/wp-content\/uploads\/2025\/04\/image.webp?fit=800%2C640&ssl=1\" \/>\n\t<meta property=\"og:image:width\" content=\"800\" \/>\n\t<meta property=\"og:image:height\" content=\"640\" \/>\n\t<meta property=\"og:image:type\" content=\"image\/webp\" \/>\n<meta name=\"author\" content=\"Luiz Ant\u00f4nio Pr\u00f3speri\" \/>\n<meta name=\"twitter:card\" content=\"summary_large_image\" \/>\n<meta name=\"twitter:creator\" content=\"@Luizprosperi\" \/>\n<meta name=\"twitter:site\" content=\"@Luizprosperi\" \/>\n<meta name=\"twitter:label1\" content=\"Escrito por\" \/>\n\t<meta name=\"twitter:data1\" content=\"Luiz Ant\u00f4nio Pr\u00f3speri\" \/>\n\t<meta name=\"twitter:label2\" content=\"Est. tempo de leitura\" \/>\n\t<meta name=\"twitter:data2\" content=\"3 minutos\" \/>\n<script type=\"application\/ld+json\" class=\"yoast-schema-graph\">{\"@context\":\"https:\\\/\\\/schema.org\",\"@graph\":[{\"@type\":\"Article\",\"@id\":\"https:\\\/\\\/blogdoprosperi.com\\\/?p=49766#article\",\"isPartOf\":{\"@id\":\"https:\\\/\\\/blogdoprosperi.com\\\/?p=49766\"},\"author\":{\"name\":\"Luiz Ant\u00f4nio Pr\u00f3speri\",\"@id\":\"https:\\\/\\\/blogdoprosperi.com\\\/#\\\/schema\\\/person\\\/38100755ce3601861ee4fab9b5aa78e9\"},\"headline\":\"Cabe\u00e7as Cortadas | Aberta Temporada de Ca\u00e7a a Treinadores no Brasileir\u00e3o\",\"datePublished\":\"2025-04-14T15:16:28+00:00\",\"dateModified\":\"2025-04-15T03:22:36+00:00\",\"mainEntityOfPage\":{\"@id\":\"https:\\\/\\\/blogdoprosperi.com\\\/?p=49766\"},\"wordCount\":650,\"commentCount\":0,\"publisher\":{\"@id\":\"https:\\\/\\\/blogdoprosperi.com\\\/#\\\/schema\\\/person\\\/38100755ce3601861ee4fab9b5aa78e9\"},\"image\":{\"@id\":\"https:\\\/\\\/blogdoprosperi.com\\\/?p=49766#primaryimage\"},\"thumbnailUrl\":\"https:\\\/\\\/i0.wp.com\\\/blogdoprosperi.com\\\/wp-content\\\/uploads\\\/2025\\\/04\\\/image.webp?fit=800%2C640&ssl=1\",\"keywords\":[\"abel ferreira\",\"brasileir\u00e3o 2025\",\"Fabio carille vasco\",\"futebol\",\"Luiz Ant\u00f4nio Pr\u00f3speri\",\"Neymar\",\"Palmeiras\",\"Pedro caixinha\",\"quinteros gr\u00eamio\",\"zubeld\u00eda s\u00e3o paulo\"],\"articleSection\":[\"futebol\",\"opini\u00e3o\"],\"inLanguage\":\"pt-BR\",\"potentialAction\":[{\"@type\":\"CommentAction\",\"name\":\"Comment\",\"target\":[\"https:\\\/\\\/blogdoprosperi.com\\\/?p=49766#respond\"]}]},{\"@type\":\"WebPage\",\"@id\":\"https:\\\/\\\/blogdoprosperi.com\\\/?p=49766\",\"url\":\"https:\\\/\\\/blogdoprosperi.com\\\/?p=49766\",\"name\":\"Cabe\u00e7as Cortadas | Aberta Temporada de Ca\u00e7a a Treinadores no Brasileir\u00e3o - PR\u00d3SPERI NEWS\",\"isPartOf\":{\"@id\":\"https:\\\/\\\/blogdoprosperi.com\\\/#website\"},\"primaryImageOfPage\":{\"@id\":\"https:\\\/\\\/blogdoprosperi.com\\\/?p=49766#primaryimage\"},\"image\":{\"@id\":\"https:\\\/\\\/blogdoprosperi.com\\\/?p=49766#primaryimage\"},\"thumbnailUrl\":\"https:\\\/\\\/i0.wp.com\\\/blogdoprosperi.com\\\/wp-content\\\/uploads\\\/2025\\\/04\\\/image.webp?fit=800%2C640&ssl=1\",\"datePublished\":\"2025-04-14T15:16:28+00:00\",\"dateModified\":\"2025-04-15T03:22:36+00:00\",\"breadcrumb\":{\"@id\":\"https:\\\/\\\/blogdoprosperi.com\\\/?p=49766#breadcrumb\"},\"inLanguage\":\"pt-BR\",\"potentialAction\":[{\"@type\":\"ReadAction\",\"target\":[\"https:\\\/\\\/blogdoprosperi.com\\\/?p=49766\"]}]},{\"@type\":\"ImageObject\",\"inLanguage\":\"pt-BR\",\"@id\":\"https:\\\/\\\/blogdoprosperi.com\\\/?p=49766#primaryimage\",\"url\":\"https:\\\/\\\/i0.wp.com\\\/blogdoprosperi.com\\\/wp-content\\\/uploads\\\/2025\\\/04\\\/image.webp?fit=800%2C640&ssl=1\",\"contentUrl\":\"https:\\\/\\\/i0.wp.com\\\/blogdoprosperi.com\\\/wp-content\\\/uploads\\\/2025\\\/04\\\/image.webp?fit=800%2C640&ssl=1\",\"width\":800,\"height\":640,\"caption\":\"Caixinha cai ap\u00f3s o jogo Fluminense 1 x. 0 Santos \u2013 foto: Santos oficial\"},{\"@type\":\"BreadcrumbList\",\"@id\":\"https:\\\/\\\/blogdoprosperi.com\\\/?p=49766#breadcrumb\",\"itemListElement\":[{\"@type\":\"ListItem\",\"position\":1,\"name\":\"In\u00edcio\",\"item\":\"https:\\\/\\\/blogdoprosperi.com\\\/\"},{\"@type\":\"ListItem\",\"position\":2,\"name\":\"Cabe\u00e7as Cortadas | Aberta Temporada de Ca\u00e7a a Treinadores no Brasileir\u00e3o\"}]},{\"@type\":\"WebSite\",\"@id\":\"https:\\\/\\\/blogdoprosperi.com\\\/#website\",\"url\":\"https:\\\/\\\/blogdoprosperi.com\\\/\",\"name\":\"PR\u00d3SPERI NEWS\",\"description\":\"TUDO \u00c9  FUTEBOL\",\"publisher\":{\"@id\":\"https:\\\/\\\/blogdoprosperi.com\\\/#\\\/schema\\\/person\\\/38100755ce3601861ee4fab9b5aa78e9\"},\"alternateName\":\"blogdoprosperi.com\",\"potentialAction\":[{\"@type\":\"SearchAction\",\"target\":{\"@type\":\"EntryPoint\",\"urlTemplate\":\"https:\\\/\\\/blogdoprosperi.com\\\/?s={search_term_string}\"},\"query-input\":{\"@type\":\"PropertyValueSpecification\",\"valueRequired\":true,\"valueName\":\"search_term_string\"}}],\"inLanguage\":\"pt-BR\"},{\"@type\":[\"Person\",\"Organization\"],\"@id\":\"https:\\\/\\\/blogdoprosperi.com\\\/#\\\/schema\\\/person\\\/38100755ce3601861ee4fab9b5aa78e9\",\"name\":\"Luiz Ant\u00f4nio Pr\u00f3speri\",\"pronouns\":\"ele\",\"image\":{\"@type\":\"ImageObject\",\"inLanguage\":\"pt-BR\",\"@id\":\"https:\\\/\\\/i0.wp.com\\\/blogdoprosperi.com\\\/wp-content\\\/uploads\\\/2026\\\/05\\\/cropped-8059e613-6002-42fa-961e-8e275f575d71-2-5.jpg?fit=1360%2C931&ssl=1\",\"url\":\"https:\\\/\\\/i0.wp.com\\\/blogdoprosperi.com\\\/wp-content\\\/uploads\\\/2026\\\/05\\\/cropped-8059e613-6002-42fa-961e-8e275f575d71-2-5.jpg?fit=1360%2C931&ssl=1\",\"contentUrl\":\"https:\\\/\\\/i0.wp.com\\\/blogdoprosperi.com\\\/wp-content\\\/uploads\\\/2026\\\/05\\\/cropped-8059e613-6002-42fa-961e-8e275f575d71-2-5.jpg?fit=1360%2C931&ssl=1\",\"width\":1360,\"height\":931,\"caption\":\"Luiz Ant\u00f4nio Pr\u00f3speri\"},\"logo\":{\"@id\":\"https:\\\/\\\/i0.wp.com\\\/blogdoprosperi.com\\\/wp-content\\\/uploads\\\/2026\\\/05\\\/cropped-8059e613-6002-42fa-961e-8e275f575d71-2-5.jpg?fit=1360%2C931&ssl=1\"},\"description\":\"Jornalista com carreira dedicada ao esporte. Cobriu 9 Copas do Mundo in loco, 1990 na It\u00e1lia, 1994 nos EUA, 1998 na Fran\u00e7a, 2002 na Coreia do Sul e Jap\u00e3o, 2006 na Alemanha, 2010 na \u00c1frica do Sul, 2014 no Brasil, 2018 na R\u00fassia e 2022 no Qatar. Eurocopas, 1992 na Su\u00e9cia e 1996 na Inglaterra. Copa das Confedera\u00e7\u00f5es de 2005 na Alemanha e 2009 na \u00c1frica do Sul. Rep\u00f3rter e Editor, trabalhou no Jornal da Tarde e Estad\u00e3o, de 1984 a fevereiro de 2016. Colunista, blogueiro. E comentarista de futebol na R\u00e1dio Estad\u00e3o, de 2013 a fevereiro de 2016. Jornalista respons\u00e1vel do \\\"Pr\u00f3speri News\\\" (blogdoprosperi.com).\",\"sameAs\":[\"http:\\\/\\\/blogdoprosperi.com\",\"Luiz Pr\u00f3speri\",\"@luiz_prosperi\",\"https:\\\/\\\/x.com\\\/Luizprosperi\",\"@prosperinacopa\",\"luiz.prosperi@icloud.com\"],\"url\":\"https:\\\/\\\/blogdoprosperi.com\\\/?author=102107496\"}]}<\/script>\n<!-- \/ Yoast SEO plugin. -->","yoast_head_json":{"title":"Cabe\u00e7as Cortadas | Aberta Temporada de Ca\u00e7a a Treinadores no Brasileir\u00e3o - PR\u00d3SPERI NEWS","robots":{"index":"index","follow":"follow","max-snippet":"max-snippet:-1","max-image-preview":"max-image-preview:large","max-video-preview":"max-video-preview:-1"},"canonical":"https:\/\/blogdoprosperi.com\/?p=49766","og_locale":"pt_BR","og_type":"article","og_title":"Cabe\u00e7as Cortadas | Aberta Temporada de Ca\u00e7a a Treinadores no Brasileir\u00e3o - PR\u00d3SPERI NEWS","og_description":"Luiz Ant\u00f4nio Pr\u00f3speri \u2013 14 abril (11h49) \u2013 Brasileir\u00e3o 2025 fecha sua terceira rodada com sede a ceifar [&hellip;]","og_url":"https:\/\/blogdoprosperi.com\/?p=49766","og_site_name":"PR\u00d3SPERI NEWS","article_publisher":"Luiz Pr\u00f3speri","article_author":"Luiz Pr\u00f3speri","article_published_time":"2025-04-14T15:16:28+00:00","article_modified_time":"2025-04-15T03:22:36+00:00","og_image":[{"width":800,"height":640,"url":"https:\/\/i0.wp.com\/blogdoprosperi.com\/wp-content\/uploads\/2025\/04\/image.webp?fit=800%2C640&ssl=1","type":"image\/webp"}],"author":"Luiz Ant\u00f4nio Pr\u00f3speri","twitter_card":"summary_large_image","twitter_creator":"@Luizprosperi","twitter_site":"@Luizprosperi","twitter_misc":{"Escrito por":"Luiz Ant\u00f4nio Pr\u00f3speri","Est. tempo de leitura":"3 minutos"},"schema":{"@context":"https:\/\/schema.org","@graph":[{"@type":"Article","@id":"https:\/\/blogdoprosperi.com\/?p=49766#article","isPartOf":{"@id":"https:\/\/blogdoprosperi.com\/?p=49766"},"author":{"name":"Luiz Ant\u00f4nio Pr\u00f3speri","@id":"https:\/\/blogdoprosperi.com\/#\/schema\/person\/38100755ce3601861ee4fab9b5aa78e9"},"headline":"Cabe\u00e7as Cortadas | Aberta Temporada de Ca\u00e7a a Treinadores no Brasileir\u00e3o","datePublished":"2025-04-14T15:16:28+00:00","dateModified":"2025-04-15T03:22:36+00:00","mainEntityOfPage":{"@id":"https:\/\/blogdoprosperi.com\/?p=49766"},"wordCount":650,"commentCount":0,"publisher":{"@id":"https:\/\/blogdoprosperi.com\/#\/schema\/person\/38100755ce3601861ee4fab9b5aa78e9"},"image":{"@id":"https:\/\/blogdoprosperi.com\/?p=49766#primaryimage"},"thumbnailUrl":"https:\/\/i0.wp.com\/blogdoprosperi.com\/wp-content\/uploads\/2025\/04\/image.webp?fit=800%2C640&ssl=1","keywords":["abel ferreira","brasileir\u00e3o 2025","Fabio carille vasco","futebol","Luiz Ant\u00f4nio Pr\u00f3speri","Neymar","Palmeiras","Pedro caixinha","quinteros gr\u00eamio","zubeld\u00eda s\u00e3o paulo"],"articleSection":["futebol","opini\u00e3o"],"inLanguage":"pt-BR","potentialAction":[{"@type":"CommentAction","name":"Comment","target":["https:\/\/blogdoprosperi.com\/?p=49766#respond"]}]},{"@type":"WebPage","@id":"https:\/\/blogdoprosperi.com\/?p=49766","url":"https:\/\/blogdoprosperi.com\/?p=49766","name":"Cabe\u00e7as Cortadas | Aberta Temporada de Ca\u00e7a a Treinadores no Brasileir\u00e3o - PR\u00d3SPERI NEWS","isPartOf":{"@id":"https:\/\/blogdoprosperi.com\/#website"},"primaryImageOfPage":{"@id":"https:\/\/blogdoprosperi.com\/?p=49766#primaryimage"},"image":{"@id":"https:\/\/blogdoprosperi.com\/?p=49766#primaryimage"},"thumbnailUrl":"https:\/\/i0.wp.com\/blogdoprosperi.com\/wp-content\/uploads\/2025\/04\/image.webp?fit=800%2C640&ssl=1","datePublished":"2025-04-14T15:16:28+00:00","dateModified":"2025-04-15T03:22:36+00:00","breadcrumb":{"@id":"https:\/\/blogdoprosperi.com\/?p=49766#breadcrumb"},"inLanguage":"pt-BR","potentialAction":[{"@type":"ReadAction","target":["https:\/\/blogdoprosperi.com\/?p=49766"]}]},{"@type":"ImageObject","inLanguage":"pt-BR","@id":"https:\/\/blogdoprosperi.com\/?p=49766#primaryimage","url":"https:\/\/i0.wp.com\/blogdoprosperi.com\/wp-content\/uploads\/2025\/04\/image.webp?fit=800%2C640&ssl=1","contentUrl":"https:\/\/i0.wp.com\/blogdoprosperi.com\/wp-content\/uploads\/2025\/04\/image.webp?fit=800%2C640&ssl=1","width":800,"height":640,"caption":"Caixinha cai ap\u00f3s o jogo Fluminense 1 x. 0 Santos \u2013 foto: Santos oficial"},{"@type":"BreadcrumbList","@id":"https:\/\/blogdoprosperi.com\/?p=49766#breadcrumb","itemListElement":[{"@type":"ListItem","position":1,"name":"In\u00edcio","item":"https:\/\/blogdoprosperi.com\/"},{"@type":"ListItem","position":2,"name":"Cabe\u00e7as Cortadas | Aberta Temporada de Ca\u00e7a a Treinadores no Brasileir\u00e3o"}]},{"@type":"WebSite","@id":"https:\/\/blogdoprosperi.com\/#website","url":"https:\/\/blogdoprosperi.com\/","name":"PR\u00d3SPERI NEWS","description":"TUDO \u00c9  FUTEBOL","publisher":{"@id":"https:\/\/blogdoprosperi.com\/#\/schema\/person\/38100755ce3601861ee4fab9b5aa78e9"},"alternateName":"blogdoprosperi.com","potentialAction":[{"@type":"SearchAction","target":{"@type":"EntryPoint","urlTemplate":"https:\/\/blogdoprosperi.com\/?s={search_term_string}"},"query-input":{"@type":"PropertyValueSpecification","valueRequired":true,"valueName":"search_term_string"}}],"inLanguage":"pt-BR"},{"@type":["Person","Organization"],"@id":"https:\/\/blogdoprosperi.com\/#\/schema\/person\/38100755ce3601861ee4fab9b5aa78e9","name":"Luiz Ant\u00f4nio Pr\u00f3speri","pronouns":"ele","image":{"@type":"ImageObject","inLanguage":"pt-BR","@id":"https:\/\/i0.wp.com\/blogdoprosperi.com\/wp-content\/uploads\/2026\/05\/cropped-8059e613-6002-42fa-961e-8e275f575d71-2-5.jpg?fit=1360%2C931&ssl=1","url":"https:\/\/i0.wp.com\/blogdoprosperi.com\/wp-content\/uploads\/2026\/05\/cropped-8059e613-6002-42fa-961e-8e275f575d71-2-5.jpg?fit=1360%2C931&ssl=1","contentUrl":"https:\/\/i0.wp.com\/blogdoprosperi.com\/wp-content\/uploads\/2026\/05\/cropped-8059e613-6002-42fa-961e-8e275f575d71-2-5.jpg?fit=1360%2C931&ssl=1","width":1360,"height":931,"caption":"Luiz Ant\u00f4nio Pr\u00f3speri"},"logo":{"@id":"https:\/\/i0.wp.com\/blogdoprosperi.com\/wp-content\/uploads\/2026\/05\/cropped-8059e613-6002-42fa-961e-8e275f575d71-2-5.jpg?fit=1360%2C931&ssl=1"},"description":"Jornalista com carreira dedicada ao esporte. Cobriu 9 Copas do Mundo in loco, 1990 na It\u00e1lia, 1994 nos EUA, 1998 na Fran\u00e7a, 2002 na Coreia do Sul e Jap\u00e3o, 2006 na Alemanha, 2010 na \u00c1frica do Sul, 2014 no Brasil, 2018 na R\u00fassia e 2022 no Qatar. Eurocopas, 1992 na Su\u00e9cia e 1996 na Inglaterra. Copa das Confedera\u00e7\u00f5es de 2005 na Alemanha e 2009 na \u00c1frica do Sul. Rep\u00f3rter e Editor, trabalhou no Jornal da Tarde e Estad\u00e3o, de 1984 a fevereiro de 2016. Colunista, blogueiro. E comentarista de futebol na R\u00e1dio Estad\u00e3o, de 2013 a fevereiro de 2016. Jornalista respons\u00e1vel do \"Pr\u00f3speri News\" (blogdoprosperi.com).","sameAs":["http:\/\/blogdoprosperi.com","Luiz Pr\u00f3speri","@luiz_prosperi","https:\/\/x.com\/Luizprosperi","@prosperinacopa","luiz.prosperi@icloud.com"],"url":"https:\/\/blogdoprosperi.com\/?author=102107496"}]}},"jetpack_publicize_connections":[],"jetpack_likes_enabled":false,"jetpack_sharing_enabled":true,"jetpack_shortlink":"https:\/\/wp.me\/p7jvdk-cWG","jetpack-related-posts":[{"id":49434,"url":"https:\/\/blogdoprosperi.com\/?p=49434","url_meta":{"origin":49766,"position":0},"title":"Brasileir\u00e3o 2025 | Treinadores no Altar dos Sacrif\u00edcios","author":"Luiz Ant\u00f4nio Pr\u00f3speri","date":"10 de maio de 2025","format":false,"excerpt":"Luiz Ant\u00f4nio Pr\u00f3speri \u2013 10 maio (13h21) \u2013 Brasileir\u00e3o 2025 entra na oitava rodada neste fim de semana (10 e 11\/5) vivendo flagelo de treinadores. Vasco, Gr\u00eamio, Corinthians, Fluminense, Sport e Santos trocaram de t\u00e9cnicos. Rid\u00edcula atitude dos clubes. E cabe\u00e7as podem ser cortadas em breve. Torcedores e m\u00eddia de\u2026","rel":"","context":"Em &quot;futebol&quot;","block_context":{"text":"futebol","link":"https:\/\/blogdoprosperi.com\/?cat=53870"},"img":{"alt_text":"","src":"https:\/\/i0.wp.com\/blogdoprosperi.com\/wp-content\/uploads\/2025\/05\/captura-de-tela-2025-05-10-as-13.10.40.png?fit=1200%2C788&ssl=1&resize=350%2C200","width":350,"height":200,"srcset":"https:\/\/i0.wp.com\/blogdoprosperi.com\/wp-content\/uploads\/2025\/05\/captura-de-tela-2025-05-10-as-13.10.40.png?fit=1200%2C788&ssl=1&resize=350%2C200 1x, https:\/\/i0.wp.com\/blogdoprosperi.com\/wp-content\/uploads\/2025\/05\/captura-de-tela-2025-05-10-as-13.10.40.png?fit=1200%2C788&ssl=1&resize=525%2C300 1.5x, https:\/\/i0.wp.com\/blogdoprosperi.com\/wp-content\/uploads\/2025\/05\/captura-de-tela-2025-05-10-as-13.10.40.png?fit=1200%2C788&ssl=1&resize=700%2C400 2x, https:\/\/i0.wp.com\/blogdoprosperi.com\/wp-content\/uploads\/2025\/05\/captura-de-tela-2025-05-10-as-13.10.40.png?fit=1200%2C788&ssl=1&resize=1050%2C600 3x"},"classes":[]},{"id":49407,"url":"https:\/\/blogdoprosperi.com\/?p=49407","url_meta":{"origin":49766,"position":1},"title":"Vaias, Cobran\u00e7as, Abel, Zubeld\u00eda, Queda de T\u00e9cnico e Favoritos| Cinco Temas de Discuss\u00e3o da Primeira Rodada do Brasileir\u00e3o","author":"Luiz Ant\u00f4nio Pr\u00f3speri","date":"31 de mar\u00e7o de 2025","format":false,"excerpt":"Palmeiras e S\u00e3o Paulo, vaias na estreia. Presidente do Santos: \"Inadmiss\u00edvel deixar tr\u00eas pontos aqui, com todo respeito ao Vasco\". Demiss\u00e3o de Mano Menezes no Fluminense. Favoritos \u00a0mornos. Acompanhe 5 pontos de discuss\u00e3o da primeira rodada do Brasileir\u00e3o 2025: Luiz Ant\u00f4nio Pr\u00f3speri \u2013 31 mar\u00e7o (11h35) \u2013 1 VAIAS, CRESCE\u2026","rel":"","context":"Em &quot;futebol&quot;","block_context":{"text":"futebol","link":"https:\/\/blogdoprosperi.com\/?cat=53870"},"img":{"alt_text":"","src":"https:\/\/i0.wp.com\/blogdoprosperi.com\/wp-content\/uploads\/2025\/03\/54420450616_4d050c002a_c.jpg?fit=800%2C450&ssl=1&resize=350%2C200","width":350,"height":200,"srcset":"https:\/\/i0.wp.com\/blogdoprosperi.com\/wp-content\/uploads\/2025\/03\/54420450616_4d050c002a_c.jpg?fit=800%2C450&ssl=1&resize=350%2C200 1x, https:\/\/i0.wp.com\/blogdoprosperi.com\/wp-content\/uploads\/2025\/03\/54420450616_4d050c002a_c.jpg?fit=800%2C450&ssl=1&resize=525%2C300 1.5x, https:\/\/i0.wp.com\/blogdoprosperi.com\/wp-content\/uploads\/2025\/03\/54420450616_4d050c002a_c.jpg?fit=800%2C450&ssl=1&resize=700%2C400 2x"},"classes":[]},{"id":41504,"url":"https:\/\/blogdoprosperi.com\/?p=41504","url_meta":{"origin":49766,"position":2},"title":"Piada de portugu\u00eas: Vamos ensinar futebol aos brasileiros","author":"Luiz Ant\u00f4nio Pr\u00f3speri","date":"10 de mar\u00e7o de 2023","format":false,"excerpt":"Da revoada de t\u00e9cnicos portugueses em alta no Brasil desde 2019, apenas Jorge Jesus e Abel Ferreira podem estufar o peito: Sim, ensinamos futebol aos brasileiros","rel":"","context":"Em &quot;Campeonato Brasileiro&quot;","block_context":{"text":"Campeonato Brasileiro","link":"https:\/\/blogdoprosperi.com\/?cat=355071"},"img":{"alt_text":"","src":"https:\/\/i0.wp.com\/blogdoprosperi.com\/wp-content\/uploads\/2023\/03\/1024.jpg?fit=1024%2C576&ssl=1&resize=350%2C200","width":350,"height":200,"srcset":"https:\/\/i0.wp.com\/blogdoprosperi.com\/wp-content\/uploads\/2023\/03\/1024.jpg?fit=1024%2C576&ssl=1&resize=350%2C200 1x, https:\/\/i0.wp.com\/blogdoprosperi.com\/wp-content\/uploads\/2023\/03\/1024.jpg?fit=1024%2C576&ssl=1&resize=525%2C300 1.5x, https:\/\/i0.wp.com\/blogdoprosperi.com\/wp-content\/uploads\/2023\/03\/1024.jpg?fit=1024%2C576&ssl=1&resize=700%2C400 2x"},"classes":[]},{"id":48752,"url":"https:\/\/blogdoprosperi.com\/?p=48752","url_meta":{"origin":49766,"position":3},"title":"Neymar | Cabra Marcado para Morrer no Futebol","author":"Luiz Ant\u00f4nio Pr\u00f3speri","date":"10 de mar\u00e7o de 2025","format":false,"excerpt":"Luiz Ant\u00f4nio Pr\u00f3speri \u2013 10 mar\u00e7o (11h45) \u2013 Neymar n\u00e3o tem direito \u00e0 d\u00favida. Nada do que faz pode ser na incerteza. Ou vive ou morre. Aus\u00eancia no jogo decisivo contra o Corinthians nas semifinais do Paulist\u00e3o cabe no seu calv\u00e1rio. Se estava bem domingo de carnaval na Sapuca\u00ed no\u2026","rel":"","context":"Em &quot;futebol&quot;","block_context":{"text":"futebol","link":"https:\/\/blogdoprosperi.com\/?cat=53870"},"img":{"alt_text":"Neymar fora do Paulist\u00e3o","src":"https:\/\/i0.wp.com\/blogdoprosperi.com\/wp-content\/uploads\/2025\/03\/captura-de-tela-2025-03-10-as-11.40.38.png?fit=1104%2C1024&ssl=1&resize=350%2C200","width":350,"height":200,"srcset":"https:\/\/i0.wp.com\/blogdoprosperi.com\/wp-content\/uploads\/2025\/03\/captura-de-tela-2025-03-10-as-11.40.38.png?fit=1104%2C1024&ssl=1&resize=350%2C200 1x, https:\/\/i0.wp.com\/blogdoprosperi.com\/wp-content\/uploads\/2025\/03\/captura-de-tela-2025-03-10-as-11.40.38.png?fit=1104%2C1024&ssl=1&resize=525%2C300 1.5x, https:\/\/i0.wp.com\/blogdoprosperi.com\/wp-content\/uploads\/2025\/03\/captura-de-tela-2025-03-10-as-11.40.38.png?fit=1104%2C1024&ssl=1&resize=700%2C400 2x, https:\/\/i0.wp.com\/blogdoprosperi.com\/wp-content\/uploads\/2025\/03\/captura-de-tela-2025-03-10-as-11.40.38.png?fit=1104%2C1024&ssl=1&resize=1050%2C600 3x"},"classes":[]},{"id":53084,"url":"https:\/\/blogdoprosperi.com\/?p=53084","url_meta":{"origin":49766,"position":4},"title":"Entenda Como Brasileir\u00e3o Volta Depois do Mundial de Clubes","author":"Luiz Ant\u00f4nio Pr\u00f3speri","date":"11 de julho de 2025","format":false,"excerpt":"\u2295 Campeonato nacional volta com quatro novos treinadores, entrada e sa\u00edda de jogadores e as mazelas de sempre \u2295 Expectativa \u00e9 por um efeito positivo do Mundial de Clubes ap\u00f3s elogios \u00e0 participa\u00e7\u00e3o dos clubes brasileiros na Copa Luiz Ant\u00f4nio Pr\u00f3speri \u2013 11 julho (13h25) \u2013 Brasileir\u00e3o volta aos jogos\u2026","rel":"","context":"Em &quot;futebol&quot;","block_context":{"text":"futebol","link":"https:\/\/blogdoprosperi.com\/?cat=53870"},"img":{"alt_text":"Entenda como Brasileir\u00e3o volta ap\u00f3s Mundial de Clubes","src":"https:\/\/i0.wp.com\/blogdoprosperi.com\/wp-content\/uploads\/2025\/07\/post.webp?fit=1200%2C751&ssl=1&resize=350%2C200","width":350,"height":200,"srcset":"https:\/\/i0.wp.com\/blogdoprosperi.com\/wp-content\/uploads\/2025\/07\/post.webp?fit=1200%2C751&ssl=1&resize=350%2C200 1x, https:\/\/i0.wp.com\/blogdoprosperi.com\/wp-content\/uploads\/2025\/07\/post.webp?fit=1200%2C751&ssl=1&resize=525%2C300 1.5x, https:\/\/i0.wp.com\/blogdoprosperi.com\/wp-content\/uploads\/2025\/07\/post.webp?fit=1200%2C751&ssl=1&resize=700%2C400 2x, https:\/\/i0.wp.com\/blogdoprosperi.com\/wp-content\/uploads\/2025\/07\/post.webp?fit=1200%2C751&ssl=1&resize=1050%2C600 3x"},"classes":[]},{"id":53494,"url":"https:\/\/blogdoprosperi.com\/?p=53494","url_meta":{"origin":49766,"position":5},"title":"Neymar, Simples Assim: Santos 1 a 0 Flamengo","author":"Luiz Ant\u00f4nio Pr\u00f3speri","date":"16 de julho de 2025","format":false,"excerpt":"Luiz Ant\u00f4nio Pr\u00f3speri \u2013 16 julho (22h35) \u2013 Neymar restabelece a hierarquia no futebol brasileiro. Aos 38 minutos do segundo tempo, em lance a seu estilo, vence goleiro Rossi e faz o gol da vit\u00f3ria do Santos por 1 a 0 contra o Flamengo. Na Vila Belmiro, um dos templos\u2026","rel":"","context":"Em &quot;brasileir\u00e3o 2025&quot;","block_context":{"text":"brasileir\u00e3o 2025","link":"https:\/\/blogdoprosperi.com\/?cat=775970846"},"img":{"alt_text":"Neymar garante vit\u00f3ria do Santos contra Flamengo","src":"https:\/\/i0.wp.com\/blogdoprosperi.com\/wp-content\/uploads\/2025\/07\/neymar-1.jpg?fit=1200%2C800&ssl=1&resize=350%2C200","width":350,"height":200,"srcset":"https:\/\/i0.wp.com\/blogdoprosperi.com\/wp-content\/uploads\/2025\/07\/neymar-1.jpg?fit=1200%2C800&ssl=1&resize=350%2C200 1x, https:\/\/i0.wp.com\/blogdoprosperi.com\/wp-content\/uploads\/2025\/07\/neymar-1.jpg?fit=1200%2C800&ssl=1&resize=525%2C300 1.5x, https:\/\/i0.wp.com\/blogdoprosperi.com\/wp-content\/uploads\/2025\/07\/neymar-1.jpg?fit=1200%2C800&ssl=1&resize=700%2C400 2x, https:\/\/i0.wp.com\/blogdoprosperi.com\/wp-content\/uploads\/2025\/07\/neymar-1.jpg?fit=1200%2C800&ssl=1&resize=1050%2C600 3x"},"classes":[]}],"jetpack_featured_media_url":"https:\/\/i0.wp.com\/blogdoprosperi.com\/wp-content\/uploads\/2025\/04\/image.webp?fit=800%2C640&ssl=1","_links":{"self":[{"href":"https:\/\/blogdoprosperi.com\/index.php?rest_route=\/wp\/v2\/posts\/49766","targetHints":{"allow":["GET"]}}],"collection":[{"href":"https:\/\/blogdoprosperi.com\/index.php?rest_route=\/wp\/v2\/posts"}],"about":[{"href":"https:\/\/blogdoprosperi.com\/index.php?rest_route=\/wp\/v2\/types\/post"}],"author":[{"embeddable":true,"href":"https:\/\/blogdoprosperi.com\/index.php?rest_route=\/wp\/v2\/users\/102107496"}],"replies":[{"embeddable":true,"href":"https:\/\/blogdoprosperi.com\/index.php?rest_route=%2Fwp%2Fv2%2Fcomments&post=49766"}],"version-history":[{"count":19,"href":"https:\/\/blogdoprosperi.com\/index.php?rest_route=\/wp\/v2\/posts\/49766\/revisions"}],"predecessor-version":[{"id":49793,"href":"https:\/\/blogdoprosperi.com\/index.php?rest_route=\/wp\/v2\/posts\/49766\/revisions\/49793"}],"wp:featuredmedia":[{"embeddable":true,"href":"https:\/\/blogdoprosperi.com\/index.php?rest_route=\/wp\/v2\/media\/49778"}],"wp:attachment":[{"href":"https:\/\/blogdoprosperi.com\/index.php?rest_route=%2Fwp%2Fv2%2Fmedia&parent=49766"}],"wp:term":[{"taxonomy":"category","embeddable":true,"href":"https:\/\/blogdoprosperi.com\/index.php?rest_route=%2Fwp%2Fv2%2Fcategories&post=49766"},{"taxonomy":"post_tag","embeddable":true,"href":"https:\/\/blogdoprosperi.com\/index.php?rest_route=%2Fwp%2Fv2%2Ftags&post=49766"}],"curies":[{"name":"wp","href":"https:\/\/api.w.org\/{rel}","templated":true}]}}